




{"id":31223,"date":"2012-05-18T19:58:00","date_gmt":"2012-05-18T16:58:00","guid":{"rendered":"http:\/\/qtmm.org\/?p=31223"},"modified":"2022-01-21T19:59:21","modified_gmt":"2022-01-21T16:59:21","slug":"kommunist-rejiminin-sabiq-mahbusleri-qirimtatar-halqi-uquqlarini-qorcaladilar","status":"publish","type":"post","link":"https:\/\/qtmm.org\/qt\/kommunist-rejiminin-sabiq-mahbusleri-qirimtatar-halqi-uquqlarini-qorcaladilar\/","title":{"rendered":"Kommunist rejimini\u00f1 sab\u0131q mahb\u00fcsleri q\u0131r\u0131mtatar halq\u0131 uquqlar\u0131n\u0131 qor\u00e7alad\u0131lar"},"content":{"rendered":"\n<p><strong>Q\u0131r\u0131mtatar halq\u0131n\u0131\u00f1 aqlar\u0131 qor\u00e7alans\u0131n<\/strong><\/p>\n\n\n\n<p>Sab\u0131q SSSRde s\u00fcrg\u00fcn etilgen halqlar d\u00fcnya mahkemesinde nevbet bekleyler ve olarn\u0131\u00f1 er birini\u00f1 \u00f6z esab\u0131 bar. Kommunist rejimi taraf\u0131ndan ayaq ast\u0131 etilgen aqiqatn\u0131 tiklemek o\u011frunda ces\u00fcrane k\u00fcre\u015fkenini tan\u0131maq kerek. Stalin cell\u00e2tlar\u0131n\u0131\u00f1 Q\u0131r\u0131m\u011fa nisbeten \u00f6z niyetleri bar edi. Topraqn\u0131\u00f1 as\u0131l saibi olar i\u00e7\u00fcn daima du\u015fman ol\u011fan. Olar bu du\u015fmann\u0131 cinaiy \u00fcsl\u00fcpte yani apans\u0131zdan bas\u0131p \u00f6ld\u00fcrgen ve so\u00f1ra izlerini silgenler.<\/p>\n\n\n\n<p>90-nc\u0131 y\u0131llarn\u0131\u00f1 ba\u015f\u0131nda imperiya da\u011f\u0131ld\u0131 ve d\u00fcnya de\u00f1i\u015fti. Amma cinayette ortaq ol\u011fan kommunistlerni\u00f1 psihologiyas\u0131 i\u00e7 te de\u00f1i\u015fmedi. Em bu, nazizim ve kommunizm usullar\u0131 qaralan\u011fan bir vaq\u0131tta qanun\u00e2rat\u0131c\u0131l\u0131q organn\u0131\u00f1 meclisler zal\u0131nda yap\u0131la. 2012 senesi may\u0131s 16-da Ukraina Yuqar\u0131 \u015euras\u0131nda &#8220;Milliy men\u00fcspligine k\u00f6re s\u00fcrg\u00fcn etilgen q\u0131r\u0131mtatar halq\u0131 ve diger milliy toplumlarn\u0131\u00f1 aqlar\u0131n\u0131 \u011fayr\u0131dan tiklev aqq\u0131nda&#8221; qanun leyhas\u0131 baq\u0131ld\u0131.<\/p>\n\n\n\n<p>\u0130\u015fni\u00f1 nas\u0131l ol\u011fan\u0131 er keske belli. Stalinni\u00f1 cinayeti on\u0131\u00f1 \u015fegirtleri ve kommunist partiyas\u0131n\u0131\u00f1 HH11 syezdi taraf\u0131ndan keskin qaralan\u011fan edi. Em de 50-nci senelerni\u00f1 kommunistlerinde ba\u015fqa t\u00fcrl\u00fc fikir yoq edi. B\u00f6yle baqqanda bug\u00fcnki, k\u00f6zlerini ya\u011f basqan ve \u011fayesiz-hayas\u0131z, kommunistler iftira qurban\u0131 ol\u011fan halq aqq\u0131nda aqiqatn\u0131 gizlegenleri alda p\u0131s\u0131p oturmaq kerek ediler.<\/p>\n\n\n\n<p>Amma kommunistlerni\u00f1 yetek\u00e7isi deputat Petro Simonenko atta stalinci kommunistlerden de al\u00e7aq ol\u011fan\u0131n\u0131 ve yetek\u00e7i vazifesini qorqqan\u0131ndan eda etkenini k\u00f6sterdi. Deputat Simonenko b\u00fct\u00fcn bir halq \u00fcst\u00fcne iftira atma\u011fa, on\u0131 s\u00fcrg\u00fcn etken cell\u00e2tlarn\u0131\u00f1 delillerini tekrarlama\u011fa az\u0131r. Kommunist deputat adaletsizlik qurbanlar\u0131na adaletke qar\u015f\u0131 eken. Em de o, \u00f6z qabaatlavlar\u0131n\u0131 arqada\u015flar\u0131nen \u00f6zara \u00e7ay i\u00e7kende degil de, parlament minberinden y\u00fczs\u00fczlerce seslendire. Mes\u00fclietli \u015fah\u0131slar \u2013 Prezident ve \u00dck\u00fcmet ba\u015f\u0131 bu\u00f1a indemeyler. Biz siyasiy munaf\u0131qn\u0131\u00f1 namuss\u0131z yalan\u0131na \u015fa\u015ft\u0131q.<\/p>\n\n\n\n<p>Ya b\u00fct\u00fcn medeniyetli d\u00fcnya belki ayn\u0131 \u015fu sebepten \u00f6tr\u00fc t\u0131pq\u0131 USSR Yuqar\u0131 Radas\u0131n\u0131 \u00fcrmet etmegeni kibi Ukraina Yuqar\u0131 \u015euras\u0131n\u0131 da saymayd\u0131r? Ya, eger de minberden bankrot, ya\u011fmac\u0131lar ve ru\u015fvet\u00e7iler \u00e7\u0131q\u0131\u015fta buluna bilgende daa kimni \u00fcrmet etmek m\u00fcmk\u00fcnki? B\u00fct\u00fcn bular kommunizm nazizimnen beraberlikte insanl\u0131qqa qar\u015f\u0131 cinayeti i\u00e7\u00fcn mahkeme etilmegeni i\u00e7\u00fcn m\u00fcmk\u00fcn old\u0131.<\/p>\n\n\n\n<p>Daa ne zaman\u011face ukrain halq\u0131 on\u0131 alem \u00f6g\u00fcnde mashara etken &#8220;vekillerini&#8221; baqacaq eken?<\/p>\n\n\n\n<p class=\"has-text-align-right\"><strong>Komumnist rejimini\u00f1 sab\u0131q siyasiy mahb\u00fc\u00e7sleri:<\/strong><\/p>\n\n\n\n<p class=\"has-text-align-right\"><em><strong>\u0130osif Zisels<\/strong><\/em><\/p>\n\n\n\n<p class=\"has-text-align-right\"><em><strong>Miroslav Marinovi\u00e7<\/strong><\/em><\/p>\n\n\n\n<p class=\"has-text-align-right\"><em><strong>Vasil \u00d6vsiyenko<\/strong><\/em><\/p>\n\n\n\n<p class=\"has-text-align-right\"><em><strong>Zor\u00e2n Popad\u00fck<\/strong><\/em><\/p>\n\n\n\n<p class=\"has-text-align-right\"><em><strong>Yevgen Sverst\u00fck<\/strong><\/em><\/p>\n\n\n\n<p class=\"has-text-align-right\"><em><strong>\u00d6les \u015eev\u00e7enko<\/strong><\/em><\/p>\n","protected":false},"excerpt":{"rendered":"<p>Q\u0131r\u0131mtatar halq\u0131n\u0131\u00f1 aqlar\u0131 qor\u00e7alans\u0131n Sab\u0131q SSSRde s\u00fcrg\u00fcn etilgen halqlar d\u00fcnya mahkemesinde nevbet bekleyler ve olarn\u0131\u00f1 er birini\u00f1 \u00f6z esab\u0131 bar. Kommunist rejimi taraf\u0131ndan ayaq ast\u0131 etilgen aqiqatn\u0131 tiklemek o\u011frunda ces\u00fcrane k\u00fcre\u015fkenini tan\u0131maq kerek. Stalin cell\u00e2tlar\u0131n\u0131\u00f1 Q\u0131r\u0131m\u011fa nisbeten \u00f6z niyetleri bar edi. Topraqn\u0131\u00f1 as\u0131l saibi olar i\u00e7\u00fcn daima du\u015fman ol\u011fan. Olar bu du\u015fmann\u0131 cinaiy \u00fcsl\u00fcpte yani [&hellip;]<\/p>\n","protected":false},"author":1,"featured_media":0,"comment_status":"open","ping_status":"open","sticky":false,"template":"","format":"standard","meta":{"inline_featured_image":false,"footnotes":""},"categories":[265],"tags":[],"class_list":["post-31223","post","type-post","status-publish","format-standard","hentry","category-haberler"],"acf":[],"yoast_head":"<!-- This site is optimized with the Yoast SEO plugin v27.4 - https:\/\/yoast.com\/product\/yoast-seo-wordpress\/ -->\n<title>Kommunist rejimini\u00f1 sab\u0131q mahb\u00fcsleri q\u0131r\u0131mtatar halq\u0131 uquqlar\u0131n\u0131 qor\u00e7alad\u0131lar - \u041c\u0435\u0434\u0436\u043b\u0456\u0441<\/title>\n<meta name=\"robots\" content=\"index, follow, max-snippet:-1, max-image-preview:large, max-video-preview:-1\" \/>\n<link rel=\"canonical\" href=\"https:\/\/qtmm.org\/qt\/kommunist-rejiminin-sabiq-mahbusleri-qirimtatar-halqi-uquqlarini-qorcaladilar\/\" \/>\n<meta property=\"og:locale\" content=\"en_US\" \/>\n<meta property=\"og:type\" content=\"article\" \/>\n<meta property=\"og:title\" content=\"Kommunist rejimini\u00f1 sab\u0131q mahb\u00fcsleri q\u0131r\u0131mtatar halq\u0131 uquqlar\u0131n\u0131 qor\u00e7alad\u0131lar - \u041c\u0435\u0434\u0436\u043b\u0456\u0441\" \/>\n<meta property=\"og:description\" content=\"Q\u0131r\u0131mtatar halq\u0131n\u0131\u00f1 aqlar\u0131 qor\u00e7alans\u0131n Sab\u0131q SSSRde s\u00fcrg\u00fcn etilgen halqlar d\u00fcnya mahkemesinde nevbet bekleyler ve olarn\u0131\u00f1 er birini\u00f1 \u00f6z esab\u0131 bar. Kommunist rejimi taraf\u0131ndan ayaq ast\u0131 etilgen aqiqatn\u0131 tiklemek o\u011frunda ces\u00fcrane k\u00fcre\u015fkenini tan\u0131maq kerek. Stalin cell\u00e2tlar\u0131n\u0131\u00f1 Q\u0131r\u0131m\u011fa nisbeten \u00f6z niyetleri bar edi. Topraqn\u0131\u00f1 as\u0131l saibi olar i\u00e7\u00fcn daima du\u015fman ol\u011fan. Olar bu du\u015fmann\u0131 cinaiy \u00fcsl\u00fcpte yani [&hellip;]\" \/>\n<meta property=\"og:url\" content=\"https:\/\/qtmm.org\/qt\/kommunist-rejiminin-sabiq-mahbusleri-qirimtatar-halqi-uquqlarini-qorcaladilar\/\" \/>\n<meta property=\"og:site_name\" content=\"\u041c\u0435\u0434\u0436\u043b\u0456\u0441\" \/>\n<meta property=\"article:publisher\" content=\"https:\/\/www.facebook.com\/qtmm.info\/\" \/>\n<meta property=\"article:published_time\" content=\"2012-05-18T16:58:00+00:00\" \/>\n<meta property=\"article:modified_time\" content=\"2022-01-21T16:59:21+00:00\" \/>\n<meta name=\"author\" content=\"Developer\" \/>\n<meta name=\"twitter:card\" content=\"summary_large_image\" \/>\n<meta name=\"twitter:label1\" content=\"Written by\" \/>\n\t<meta name=\"twitter:data1\" content=\"Developer\" \/>\n\t<meta name=\"twitter:label2\" content=\"Est. reading time\" \/>\n\t<meta name=\"twitter:data2\" content=\"2 minutes\" \/>\n<script type=\"application\/ld+json\" class=\"yoast-schema-graph\">{\"@context\":\"https:\\\/\\\/schema.org\",\"@graph\":[{\"@type\":\"Article\",\"@id\":\"https:\\\/\\\/qtmm.org\\\/qt\\\/kommunist-rejiminin-sabiq-mahbusleri-qirimtatar-halqi-uquqlarini-qorcaladilar\\\/#article\",\"isPartOf\":{\"@id\":\"https:\\\/\\\/qtmm.org\\\/qt\\\/kommunist-rejiminin-sabiq-mahbusleri-qirimtatar-halqi-uquqlarini-qorcaladilar\\\/\"},\"author\":{\"name\":\"Developer\",\"@id\":\"https:\\\/\\\/qtmm.org\\\/qt\\\/#\\\/schema\\\/person\\\/de562469f971dec226ac06e60bbf74a7\"},\"headline\":\"Kommunist rejimini\u00f1 sab\u0131q mahb\u00fcsleri q\u0131r\u0131mtatar halq\u0131 uquqlar\u0131n\u0131 qor\u00e7alad\u0131lar\",\"datePublished\":\"2012-05-18T16:58:00+00:00\",\"dateModified\":\"2022-01-21T16:59:21+00:00\",\"mainEntityOfPage\":{\"@id\":\"https:\\\/\\\/qtmm.org\\\/qt\\\/kommunist-rejiminin-sabiq-mahbusleri-qirimtatar-halqi-uquqlarini-qorcaladilar\\\/\"},\"wordCount\":468,\"commentCount\":0,\"publisher\":{\"@id\":\"https:\\\/\\\/qtmm.org\\\/qt\\\/#organization\"},\"articleSection\":[\"Haberler\"],\"inLanguage\":\"qt\",\"potentialAction\":[{\"@type\":\"CommentAction\",\"name\":\"Comment\",\"target\":[\"https:\\\/\\\/qtmm.org\\\/qt\\\/kommunist-rejiminin-sabiq-mahbusleri-qirimtatar-halqi-uquqlarini-qorcaladilar\\\/#respond\"]}]},{\"@type\":\"WebPage\",\"@id\":\"https:\\\/\\\/qtmm.org\\\/qt\\\/kommunist-rejiminin-sabiq-mahbusleri-qirimtatar-halqi-uquqlarini-qorcaladilar\\\/\",\"url\":\"https:\\\/\\\/qtmm.org\\\/qt\\\/kommunist-rejiminin-sabiq-mahbusleri-qirimtatar-halqi-uquqlarini-qorcaladilar\\\/\",\"name\":\"Kommunist rejimini\u00f1 sab\u0131q mahb\u00fcsleri q\u0131r\u0131mtatar halq\u0131 uquqlar\u0131n\u0131 qor\u00e7alad\u0131lar - \u041c\u0435\u0434\u0436\u043b\u0456\u0441\",\"isPartOf\":{\"@id\":\"https:\\\/\\\/qtmm.org\\\/qt\\\/#website\"},\"datePublished\":\"2012-05-18T16:58:00+00:00\",\"dateModified\":\"2022-01-21T16:59:21+00:00\",\"breadcrumb\":{\"@id\":\"https:\\\/\\\/qtmm.org\\\/qt\\\/kommunist-rejiminin-sabiq-mahbusleri-qirimtatar-halqi-uquqlarini-qorcaladilar\\\/#breadcrumb\"},\"inLanguage\":\"qt\",\"potentialAction\":[{\"@type\":\"ReadAction\",\"target\":[\"https:\\\/\\\/qtmm.org\\\/qt\\\/kommunist-rejiminin-sabiq-mahbusleri-qirimtatar-halqi-uquqlarini-qorcaladilar\\\/\"]}]},{\"@type\":\"BreadcrumbList\",\"@id\":\"https:\\\/\\\/qtmm.org\\\/qt\\\/kommunist-rejiminin-sabiq-mahbusleri-qirimtatar-halqi-uquqlarini-qorcaladilar\\\/#breadcrumb\",\"itemListElement\":[{\"@type\":\"ListItem\",\"position\":1,\"name\":\"\u0413\u043e\u043b\u043e\u0432\u043d\u0430\",\"item\":\"https:\\\/\\\/qtmm.org\\\/qt\\\/\"},{\"@type\":\"ListItem\",\"position\":2,\"name\":\"Kommunist rejimini\u00f1 sab\u0131q mahb\u00fcsleri q\u0131r\u0131mtatar halq\u0131 uquqlar\u0131n\u0131 qor\u00e7alad\u0131lar\"}]},{\"@type\":\"WebSite\",\"@id\":\"https:\\\/\\\/qtmm.org\\\/qt\\\/#website\",\"url\":\"https:\\\/\\\/qtmm.org\\\/qt\\\/\",\"name\":\"\u041c\u0435\u0434\u0436\u043b\u0456\u0441\",\"description\":\"\",\"publisher\":{\"@id\":\"https:\\\/\\\/qtmm.org\\\/qt\\\/#organization\"},\"potentialAction\":[{\"@type\":\"SearchAction\",\"target\":{\"@type\":\"EntryPoint\",\"urlTemplate\":\"https:\\\/\\\/qtmm.org\\\/qt\\\/?s={search_term_string}\"},\"query-input\":{\"@type\":\"PropertyValueSpecification\",\"valueRequired\":true,\"valueName\":\"search_term_string\"}}],\"inLanguage\":\"qt\"},{\"@type\":\"Organization\",\"@id\":\"https:\\\/\\\/qtmm.org\\\/qt\\\/#organization\",\"name\":\"\u041c\u0435\u0434\u0436\u043b\u0456\u0441\",\"url\":\"https:\\\/\\\/qtmm.org\\\/qt\\\/\",\"logo\":{\"@type\":\"ImageObject\",\"inLanguage\":\"qt\",\"@id\":\"https:\\\/\\\/qtmm.org\\\/qt\\\/#\\\/schema\\\/logo\\\/image\\\/\",\"url\":\"https:\\\/\\\/qtmm.org\\\/wp-content\\\/uploads\\\/2024\\\/12\\\/ua-mejlis-logo-rgb.svg\",\"contentUrl\":\"https:\\\/\\\/qtmm.org\\\/wp-content\\\/uploads\\\/2024\\\/12\\\/ua-mejlis-logo-rgb.svg\",\"caption\":\"\u041c\u0435\u0434\u0436\u043b\u0456\u0441\"},\"image\":{\"@id\":\"https:\\\/\\\/qtmm.org\\\/qt\\\/#\\\/schema\\\/logo\\\/image\\\/\"},\"sameAs\":[\"https:\\\/\\\/www.facebook.com\\\/qtmm.info\\\/\"]},{\"@type\":\"Person\",\"@id\":\"https:\\\/\\\/qtmm.org\\\/qt\\\/#\\\/schema\\\/person\\\/de562469f971dec226ac06e60bbf74a7\",\"name\":\"Developer\",\"image\":{\"@type\":\"ImageObject\",\"inLanguage\":\"qt\",\"@id\":\"https:\\\/\\\/secure.gravatar.com\\\/avatar\\\/392b4cc8fbfeb00b39dfeeab4ee6edded39ffd48e25858637e4765810300227e?s=96&d=mm&r=g\",\"url\":\"https:\\\/\\\/secure.gravatar.com\\\/avatar\\\/392b4cc8fbfeb00b39dfeeab4ee6edded39ffd48e25858637e4765810300227e?s=96&d=mm&r=g\",\"contentUrl\":\"https:\\\/\\\/secure.gravatar.com\\\/avatar\\\/392b4cc8fbfeb00b39dfeeab4ee6edded39ffd48e25858637e4765810300227e?s=96&d=mm&r=g\",\"caption\":\"Developer\"},\"url\":\"https:\\\/\\\/qtmm.org\\\/qt\\\/author\\\/Developer\\\/\"}]}<\/script>\n<!-- \/ Yoast SEO plugin. -->","yoast_head_json":{"title":"Kommunist rejimini\u00f1 sab\u0131q mahb\u00fcsleri q\u0131r\u0131mtatar halq\u0131 uquqlar\u0131n\u0131 qor\u00e7alad\u0131lar - \u041c\u0435\u0434\u0436\u043b\u0456\u0441","robots":{"index":"index","follow":"follow","max-snippet":"max-snippet:-1","max-image-preview":"max-image-preview:large","max-video-preview":"max-video-preview:-1"},"canonical":"https:\/\/qtmm.org\/qt\/kommunist-rejiminin-sabiq-mahbusleri-qirimtatar-halqi-uquqlarini-qorcaladilar\/","og_locale":"en_US","og_type":"article","og_title":"Kommunist rejimini\u00f1 sab\u0131q mahb\u00fcsleri q\u0131r\u0131mtatar halq\u0131 uquqlar\u0131n\u0131 qor\u00e7alad\u0131lar - \u041c\u0435\u0434\u0436\u043b\u0456\u0441","og_description":"Q\u0131r\u0131mtatar halq\u0131n\u0131\u00f1 aqlar\u0131 qor\u00e7alans\u0131n Sab\u0131q SSSRde s\u00fcrg\u00fcn etilgen halqlar d\u00fcnya mahkemesinde nevbet bekleyler ve olarn\u0131\u00f1 er birini\u00f1 \u00f6z esab\u0131 bar. Kommunist rejimi taraf\u0131ndan ayaq ast\u0131 etilgen aqiqatn\u0131 tiklemek o\u011frunda ces\u00fcrane k\u00fcre\u015fkenini tan\u0131maq kerek. Stalin cell\u00e2tlar\u0131n\u0131\u00f1 Q\u0131r\u0131m\u011fa nisbeten \u00f6z niyetleri bar edi. Topraqn\u0131\u00f1 as\u0131l saibi olar i\u00e7\u00fcn daima du\u015fman ol\u011fan. Olar bu du\u015fmann\u0131 cinaiy \u00fcsl\u00fcpte yani [&hellip;]","og_url":"https:\/\/qtmm.org\/qt\/kommunist-rejiminin-sabiq-mahbusleri-qirimtatar-halqi-uquqlarini-qorcaladilar\/","og_site_name":"\u041c\u0435\u0434\u0436\u043b\u0456\u0441","article_publisher":"https:\/\/www.facebook.com\/qtmm.info\/","article_published_time":"2012-05-18T16:58:00+00:00","article_modified_time":"2022-01-21T16:59:21+00:00","author":"Developer","twitter_card":"summary_large_image","twitter_misc":{"Written by":"Developer","Est. reading time":"2 minutes"},"schema":{"@context":"https:\/\/schema.org","@graph":[{"@type":"Article","@id":"https:\/\/qtmm.org\/qt\/kommunist-rejiminin-sabiq-mahbusleri-qirimtatar-halqi-uquqlarini-qorcaladilar\/#article","isPartOf":{"@id":"https:\/\/qtmm.org\/qt\/kommunist-rejiminin-sabiq-mahbusleri-qirimtatar-halqi-uquqlarini-qorcaladilar\/"},"author":{"name":"Developer","@id":"https:\/\/qtmm.org\/qt\/#\/schema\/person\/de562469f971dec226ac06e60bbf74a7"},"headline":"Kommunist rejimini\u00f1 sab\u0131q mahb\u00fcsleri q\u0131r\u0131mtatar halq\u0131 uquqlar\u0131n\u0131 qor\u00e7alad\u0131lar","datePublished":"2012-05-18T16:58:00+00:00","dateModified":"2022-01-21T16:59:21+00:00","mainEntityOfPage":{"@id":"https:\/\/qtmm.org\/qt\/kommunist-rejiminin-sabiq-mahbusleri-qirimtatar-halqi-uquqlarini-qorcaladilar\/"},"wordCount":468,"commentCount":0,"publisher":{"@id":"https:\/\/qtmm.org\/qt\/#organization"},"articleSection":["Haberler"],"inLanguage":"qt","potentialAction":[{"@type":"CommentAction","name":"Comment","target":["https:\/\/qtmm.org\/qt\/kommunist-rejiminin-sabiq-mahbusleri-qirimtatar-halqi-uquqlarini-qorcaladilar\/#respond"]}]},{"@type":"WebPage","@id":"https:\/\/qtmm.org\/qt\/kommunist-rejiminin-sabiq-mahbusleri-qirimtatar-halqi-uquqlarini-qorcaladilar\/","url":"https:\/\/qtmm.org\/qt\/kommunist-rejiminin-sabiq-mahbusleri-qirimtatar-halqi-uquqlarini-qorcaladilar\/","name":"Kommunist rejimini\u00f1 sab\u0131q mahb\u00fcsleri q\u0131r\u0131mtatar halq\u0131 uquqlar\u0131n\u0131 qor\u00e7alad\u0131lar - \u041c\u0435\u0434\u0436\u043b\u0456\u0441","isPartOf":{"@id":"https:\/\/qtmm.org\/qt\/#website"},"datePublished":"2012-05-18T16:58:00+00:00","dateModified":"2022-01-21T16:59:21+00:00","breadcrumb":{"@id":"https:\/\/qtmm.org\/qt\/kommunist-rejiminin-sabiq-mahbusleri-qirimtatar-halqi-uquqlarini-qorcaladilar\/#breadcrumb"},"inLanguage":"qt","potentialAction":[{"@type":"ReadAction","target":["https:\/\/qtmm.org\/qt\/kommunist-rejiminin-sabiq-mahbusleri-qirimtatar-halqi-uquqlarini-qorcaladilar\/"]}]},{"@type":"BreadcrumbList","@id":"https:\/\/qtmm.org\/qt\/kommunist-rejiminin-sabiq-mahbusleri-qirimtatar-halqi-uquqlarini-qorcaladilar\/#breadcrumb","itemListElement":[{"@type":"ListItem","position":1,"name":"\u0413\u043e\u043b\u043e\u0432\u043d\u0430","item":"https:\/\/qtmm.org\/qt\/"},{"@type":"ListItem","position":2,"name":"Kommunist rejimini\u00f1 sab\u0131q mahb\u00fcsleri q\u0131r\u0131mtatar halq\u0131 uquqlar\u0131n\u0131 qor\u00e7alad\u0131lar"}]},{"@type":"WebSite","@id":"https:\/\/qtmm.org\/qt\/#website","url":"https:\/\/qtmm.org\/qt\/","name":"\u041c\u0435\u0434\u0436\u043b\u0456\u0441","description":"","publisher":{"@id":"https:\/\/qtmm.org\/qt\/#organization"},"potentialAction":[{"@type":"SearchAction","target":{"@type":"EntryPoint","urlTemplate":"https:\/\/qtmm.org\/qt\/?s={search_term_string}"},"query-input":{"@type":"PropertyValueSpecification","valueRequired":true,"valueName":"search_term_string"}}],"inLanguage":"qt"},{"@type":"Organization","@id":"https:\/\/qtmm.org\/qt\/#organization","name":"\u041c\u0435\u0434\u0436\u043b\u0456\u0441","url":"https:\/\/qtmm.org\/qt\/","logo":{"@type":"ImageObject","inLanguage":"qt","@id":"https:\/\/qtmm.org\/qt\/#\/schema\/logo\/image\/","url":"https:\/\/qtmm.org\/wp-content\/uploads\/2024\/12\/ua-mejlis-logo-rgb.svg","contentUrl":"https:\/\/qtmm.org\/wp-content\/uploads\/2024\/12\/ua-mejlis-logo-rgb.svg","caption":"\u041c\u0435\u0434\u0436\u043b\u0456\u0441"},"image":{"@id":"https:\/\/qtmm.org\/qt\/#\/schema\/logo\/image\/"},"sameAs":["https:\/\/www.facebook.com\/qtmm.info\/"]},{"@type":"Person","@id":"https:\/\/qtmm.org\/qt\/#\/schema\/person\/de562469f971dec226ac06e60bbf74a7","name":"Developer","image":{"@type":"ImageObject","inLanguage":"qt","@id":"https:\/\/secure.gravatar.com\/avatar\/392b4cc8fbfeb00b39dfeeab4ee6edded39ffd48e25858637e4765810300227e?s=96&d=mm&r=g","url":"https:\/\/secure.gravatar.com\/avatar\/392b4cc8fbfeb00b39dfeeab4ee6edded39ffd48e25858637e4765810300227e?s=96&d=mm&r=g","contentUrl":"https:\/\/secure.gravatar.com\/avatar\/392b4cc8fbfeb00b39dfeeab4ee6edded39ffd48e25858637e4765810300227e?s=96&d=mm&r=g","caption":"Developer"},"url":"https:\/\/qtmm.org\/qt\/author\/Developer\/"}]}},"_links":{"self":[{"href":"https:\/\/qtmm.org\/qt\/wp-json\/wp\/v2\/posts\/31223","targetHints":{"allow":["GET"]}}],"collection":[{"href":"https:\/\/qtmm.org\/qt\/wp-json\/wp\/v2\/posts"}],"about":[{"href":"https:\/\/qtmm.org\/qt\/wp-json\/wp\/v2\/types\/post"}],"author":[{"embeddable":true,"href":"https:\/\/qtmm.org\/qt\/wp-json\/wp\/v2\/users\/1"}],"replies":[{"embeddable":true,"href":"https:\/\/qtmm.org\/qt\/wp-json\/wp\/v2\/comments?post=31223"}],"version-history":[{"count":1,"href":"https:\/\/qtmm.org\/qt\/wp-json\/wp\/v2\/posts\/31223\/revisions"}],"predecessor-version":[{"id":31224,"href":"https:\/\/qtmm.org\/qt\/wp-json\/wp\/v2\/posts\/31223\/revisions\/31224"}],"wp:attachment":[{"href":"https:\/\/qtmm.org\/qt\/wp-json\/wp\/v2\/media?parent=31223"}],"wp:term":[{"taxonomy":"category","embeddable":true,"href":"https:\/\/qtmm.org\/qt\/wp-json\/wp\/v2\/categories?post=31223"},{"taxonomy":"post_tag","embeddable":true,"href":"https:\/\/qtmm.org\/qt\/wp-json\/wp\/v2\/tags?post=31223"}],"curies":[{"name":"wp","href":"https:\/\/api.w.org\/{rel}","templated":true}]}}