




{"id":31215,"date":"2012-05-18T19:57:00","date_gmt":"2012-05-18T16:57:00","guid":{"rendered":"http:\/\/qtmm.org\/?p=31215"},"modified":"2022-01-21T19:58:39","modified_gmt":"2022-01-21T16:58:39","slug":"ukraina-qanunlarinda-qirimtatarlarnin-avdeti-ve-yerlesmesine-manialarni-yoq-etuv-aqqinda","status":"publish","type":"post","link":"https:\/\/qtmm.org\/qt\/ukraina-qanunlarinda-qirimtatarlarnin-avdeti-ve-yerlesmesine-manialarni-yoq-etuv-aqqinda\/","title":{"rendered":"Ukraina qanunlar\u0131nda q\u0131r\u0131mtatarlarn\u0131\u00f1 avdeti ve yerle\u015fmesine manialarn\u0131 yoq et\u00fcv aqq\u0131nda"},"content":{"rendered":"\n<p class=\"has-text-align-right\"><strong>Ukraina Prezidentine<\/strong><\/p>\n\n\n\n<p class=\"has-text-align-right\"><strong>Ukraina halq deputatlar\u0131na<\/strong><\/p>\n\n\n\n<p class=\"has-text-align-right\"><strong>Ukraina Nazirler Kabinetine<\/strong><\/p>\n\n\n\n<p class=\"has-text-align-center\"><strong>1944 senesi may\u0131s 18-de s\u00fcrg\u00fcn etilgen q\u0131r\u0131mtatar halq\u0131 qurbanlar\u0131n\u0131\u00f1 hat\u0131ras\u0131na ba\u011f\u0131\u015flan\u011fan B\u00fct\u00fcnq\u0131r\u0131m matem mitingini\u00f1 qarar\u0131<\/strong><\/p>\n\n\n\n<p class=\"has-text-align-center\"><strong>Ukraina qanunlar\u0131nda q\u0131r\u0131mtatarlarn\u0131\u00f1 avdeti ve yerle\u015fmesine manialarn\u0131 yoq et\u00fcv aqq\u0131nda<\/strong><\/p>\n\n\n\n<p>Ukraina Yuqar\u0131 \u015euras\u0131 taraf\u0131ndan 2011 senesi dekabr 22 \u2013de qabul etilgen ve k\u00fc\u00e7ke kirgen Ukraina \u21164220-VI &#8220;Ukrainan\u0131\u00f1 \u015feer quruc\u0131l\u0131\u011f\u0131 faaliyetinde devlet regul\u00e2tsiyas\u0131n\u0131 m\u00fckemmelle\u015ftir\u00fcv ve mes\u00fclietni y\u00fckselt\u00fcvge nisbeten baz\u0131 qanun aktlar\u0131na de\u00f1i\u015fmeler kirset\u00fcv aqq\u0131nda&#8221; qanun\u0131na binaen q\u0131r\u0131mtatarlarn\u0131\u00f1 qaytmas\u0131 ve yerle\u015fmesi yolunda ya\u00f1\u0131, ke\u00e7ilmez manialar tiklendi.<\/p>\n\n\n\n<p>Bug\u00fcnde-bug\u00fcn q\u0131r\u0131mtatarlar toplu ya\u015fa\u011fan 300-den ziyade qasabalarda on bi\u00f1lernen q\u0131r\u0131mtatar aileleri devlet taraf\u0131ndan i\u00e7 bir t\u00fcrl\u00fc yard\u0131m k\u00f6rmeden 10-15 y\u0131ldan berli evlerini so\u00f1ki imk\u00e2nlar\u0131n\u0131 orta\u011fa qoy\u0131p qurmaqtalar. Quruc\u0131l\u0131\u011f\u0131 daa bitmegen evde ya\u015fama\u011fa mecbur ol\u011fanlar\u0131nda olar qabaatl\u0131 degil.<\/p>\n\n\n\n<p>Ayn\u0131 zamanda mezk\u00fcr qanunn\u0131\u00f1 normalar\u0131na k\u00f6re 2013 senesi yanvar 1-den evleri faydalanuva\u011fa teslim etilmegen ev saipleri pek b\u00fcy\u00fck c\u00f6reme t\u00f6lemege mecbur olacaqlar.<\/p>\n\n\n\n<p>B\u00f6yleliknen, Q\u0131r\u0131m\u011fa qayt\u0131p kelgen on bi\u00f1lernen q\u0131r\u0131mtatarlar devletni\u00f1 qoltutuv\u0131 yerine ya\u00f1\u0131, qanunla\u015ft\u0131r\u0131l\u011fan ya\u011fma ve \u015fantaj\u011fa o\u011frat\u0131la bileler.<\/p>\n\n\n\n<p>Biz, q\u0131r\u0131mtatar halq\u0131n\u0131\u00f1 1944 senesi may\u0131s 14 s\u00fcrg\u00fcnligi qurbanlar\u0131n\u0131\u00f1 hat\u0131ras\u0131na ba\u011f\u0131\u015flan\u011fan b\u00fct\u00fcnq\u0131r\u0131m matem mitingini\u00f1 i\u015ftirak\u00e7ileri Ukraina Prezidenti, Ukraina halq deputatlar\u0131, Nazirler Kabineti Ukrainan\u0131\u00f1 &#8220;Ukrainan\u0131\u00f1 \u015feer quruc\u0131l\u0131\u011f\u0131 faaliyetinde devlet regul\u00e2tsiyas\u0131n\u0131 m\u00fckemmelle\u015ftir\u00fcv ve mes\u00fclietni y\u00fckselt\u00fcvge nisbeten baz\u0131 qanun aktlar\u0131na de\u00f1i\u015fmeler kirset\u00fcv aqq\u0131nda&#8221; qanun\u0131na qayt\u0131p kelmekte ve yerle\u015fmekte ol\u011fan q\u0131r\u0131mtatarlar i\u00e7\u00fcn olarn\u0131 k\u00f6teralmaycaq masraf ve \u00f6demelerden azat etip, \u015fahsiy evlerni qurmaq ve faydalanuv\u011fa teslim etmekni\u00f1 hususiy tertibini k\u00f6zde tutqan de\u00f1i\u015fmeler kirsetmekni\u00f1 \u00e7aresini acele k\u00f6rmege \u00e7a\u011f\u0131ram\u0131z.<br>&nbsp;<\/p>\n\n\n\n<p class=\"has-text-align-right\"><em>Q\u0131r\u0131mtatar halq\u0131 genotsidi qurbanlar\u0131n\u0131\u00f1 hat\u0131ras\u0131na ba\u011f\u0131\u015flan\u011fan B\u00fct\u00fcnq\u0131r\u0131m matem mitinginde qabul etildi<\/em><\/p>\n\n\n\n<p class=\"has-text-align-right\"><em>Aqmescit \u015f., 2012 senesi may\u0131s 18.<\/em><\/p>\n","protected":false},"excerpt":{"rendered":"<p>Ukraina Prezidentine Ukraina halq deputatlar\u0131na Ukraina Nazirler Kabinetine 1944 senesi may\u0131s 18-de s\u00fcrg\u00fcn etilgen q\u0131r\u0131mtatar halq\u0131 qurbanlar\u0131n\u0131\u00f1 hat\u0131ras\u0131na ba\u011f\u0131\u015flan\u011fan B\u00fct\u00fcnq\u0131r\u0131m matem mitingini\u00f1 qarar\u0131 Ukraina qanunlar\u0131nda q\u0131r\u0131mtatarlarn\u0131\u00f1 avdeti ve yerle\u015fmesine manialarn\u0131 yoq et\u00fcv aqq\u0131nda Ukraina Yuqar\u0131 \u015euras\u0131 taraf\u0131ndan 2011 senesi dekabr 22 \u2013de qabul etilgen ve k\u00fc\u00e7ke kirgen Ukraina \u21164220-VI &#8220;Ukrainan\u0131\u00f1 \u015feer quruc\u0131l\u0131\u011f\u0131 faaliyetinde devlet regul\u00e2tsiyas\u0131n\u0131 [&hellip;]<\/p>\n","protected":false},"author":1,"featured_media":0,"comment_status":"open","ping_status":"open","sticky":false,"template":"","format":"standard","meta":{"inline_featured_image":false,"footnotes":""},"categories":[265],"tags":[],"class_list":["post-31215","post","type-post","status-publish","format-standard","hentry","category-haberler"],"acf":[],"yoast_head":"<!-- This site is optimized with the Yoast SEO plugin v27.4 - https:\/\/yoast.com\/product\/yoast-seo-wordpress\/ -->\n<title>Ukraina qanunlar\u0131nda q\u0131r\u0131mtatarlarn\u0131\u00f1 avdeti ve yerle\u015fmesine manialarn\u0131 yoq et\u00fcv aqq\u0131nda - \u041c\u0435\u0434\u0436\u043b\u0456\u0441<\/title>\n<meta name=\"robots\" content=\"index, follow, max-snippet:-1, max-image-preview:large, max-video-preview:-1\" \/>\n<link rel=\"canonical\" href=\"https:\/\/qtmm.org\/qt\/ukraina-qanunlarinda-qirimtatarlarnin-avdeti-ve-yerlesmesine-manialarni-yoq-etuv-aqqinda\/\" \/>\n<meta property=\"og:locale\" content=\"en_US\" \/>\n<meta property=\"og:type\" content=\"article\" \/>\n<meta property=\"og:title\" content=\"Ukraina qanunlar\u0131nda q\u0131r\u0131mtatarlarn\u0131\u00f1 avdeti ve yerle\u015fmesine manialarn\u0131 yoq et\u00fcv aqq\u0131nda - \u041c\u0435\u0434\u0436\u043b\u0456\u0441\" \/>\n<meta property=\"og:description\" content=\"Ukraina Prezidentine Ukraina halq deputatlar\u0131na Ukraina Nazirler Kabinetine 1944 senesi may\u0131s 18-de s\u00fcrg\u00fcn etilgen q\u0131r\u0131mtatar halq\u0131 qurbanlar\u0131n\u0131\u00f1 hat\u0131ras\u0131na ba\u011f\u0131\u015flan\u011fan B\u00fct\u00fcnq\u0131r\u0131m matem mitingini\u00f1 qarar\u0131 Ukraina qanunlar\u0131nda q\u0131r\u0131mtatarlarn\u0131\u00f1 avdeti ve yerle\u015fmesine manialarn\u0131 yoq et\u00fcv aqq\u0131nda Ukraina Yuqar\u0131 \u015euras\u0131 taraf\u0131ndan 2011 senesi dekabr 22 \u2013de qabul etilgen ve k\u00fc\u00e7ke kirgen Ukraina \u21164220-VI &#8220;Ukrainan\u0131\u00f1 \u015feer quruc\u0131l\u0131\u011f\u0131 faaliyetinde devlet regul\u00e2tsiyas\u0131n\u0131 [&hellip;]\" \/>\n<meta property=\"og:url\" content=\"https:\/\/qtmm.org\/qt\/ukraina-qanunlarinda-qirimtatarlarnin-avdeti-ve-yerlesmesine-manialarni-yoq-etuv-aqqinda\/\" \/>\n<meta property=\"og:site_name\" content=\"\u041c\u0435\u0434\u0436\u043b\u0456\u0441\" \/>\n<meta property=\"article:publisher\" content=\"https:\/\/www.facebook.com\/qtmm.info\/\" \/>\n<meta property=\"article:published_time\" content=\"2012-05-18T16:57:00+00:00\" \/>\n<meta property=\"article:modified_time\" content=\"2022-01-21T16:58:39+00:00\" \/>\n<meta name=\"author\" content=\"Developer\" \/>\n<meta name=\"twitter:card\" content=\"summary_large_image\" \/>\n<meta name=\"twitter:label1\" content=\"Written by\" \/>\n\t<meta name=\"twitter:data1\" content=\"Developer\" \/>\n\t<meta name=\"twitter:label2\" content=\"Est. reading time\" \/>\n\t<meta name=\"twitter:data2\" content=\"2 minutes\" \/>\n<script type=\"application\/ld+json\" class=\"yoast-schema-graph\">{\"@context\":\"https:\\\/\\\/schema.org\",\"@graph\":[{\"@type\":\"Article\",\"@id\":\"https:\\\/\\\/qtmm.org\\\/qt\\\/ukraina-qanunlarinda-qirimtatarlarnin-avdeti-ve-yerlesmesine-manialarni-yoq-etuv-aqqinda\\\/#article\",\"isPartOf\":{\"@id\":\"https:\\\/\\\/qtmm.org\\\/qt\\\/ukraina-qanunlarinda-qirimtatarlarnin-avdeti-ve-yerlesmesine-manialarni-yoq-etuv-aqqinda\\\/\"},\"author\":{\"name\":\"Developer\",\"@id\":\"https:\\\/\\\/qtmm.org\\\/qt\\\/#\\\/schema\\\/person\\\/de562469f971dec226ac06e60bbf74a7\"},\"headline\":\"Ukraina qanunlar\u0131nda q\u0131r\u0131mtatarlarn\u0131\u00f1 avdeti ve yerle\u015fmesine manialarn\u0131 yoq et\u00fcv aqq\u0131nda\",\"datePublished\":\"2012-05-18T16:57:00+00:00\",\"dateModified\":\"2022-01-21T16:58:39+00:00\",\"mainEntityOfPage\":{\"@id\":\"https:\\\/\\\/qtmm.org\\\/qt\\\/ukraina-qanunlarinda-qirimtatarlarnin-avdeti-ve-yerlesmesine-manialarni-yoq-etuv-aqqinda\\\/\"},\"wordCount\":398,\"commentCount\":0,\"publisher\":{\"@id\":\"https:\\\/\\\/qtmm.org\\\/qt\\\/#organization\"},\"articleSection\":[\"Haberler\"],\"inLanguage\":\"qt\",\"potentialAction\":[{\"@type\":\"CommentAction\",\"name\":\"Comment\",\"target\":[\"https:\\\/\\\/qtmm.org\\\/qt\\\/ukraina-qanunlarinda-qirimtatarlarnin-avdeti-ve-yerlesmesine-manialarni-yoq-etuv-aqqinda\\\/#respond\"]}]},{\"@type\":\"WebPage\",\"@id\":\"https:\\\/\\\/qtmm.org\\\/qt\\\/ukraina-qanunlarinda-qirimtatarlarnin-avdeti-ve-yerlesmesine-manialarni-yoq-etuv-aqqinda\\\/\",\"url\":\"https:\\\/\\\/qtmm.org\\\/qt\\\/ukraina-qanunlarinda-qirimtatarlarnin-avdeti-ve-yerlesmesine-manialarni-yoq-etuv-aqqinda\\\/\",\"name\":\"Ukraina qanunlar\u0131nda q\u0131r\u0131mtatarlarn\u0131\u00f1 avdeti ve yerle\u015fmesine manialarn\u0131 yoq et\u00fcv aqq\u0131nda - \u041c\u0435\u0434\u0436\u043b\u0456\u0441\",\"isPartOf\":{\"@id\":\"https:\\\/\\\/qtmm.org\\\/qt\\\/#website\"},\"datePublished\":\"2012-05-18T16:57:00+00:00\",\"dateModified\":\"2022-01-21T16:58:39+00:00\",\"breadcrumb\":{\"@id\":\"https:\\\/\\\/qtmm.org\\\/qt\\\/ukraina-qanunlarinda-qirimtatarlarnin-avdeti-ve-yerlesmesine-manialarni-yoq-etuv-aqqinda\\\/#breadcrumb\"},\"inLanguage\":\"qt\",\"potentialAction\":[{\"@type\":\"ReadAction\",\"target\":[\"https:\\\/\\\/qtmm.org\\\/qt\\\/ukraina-qanunlarinda-qirimtatarlarnin-avdeti-ve-yerlesmesine-manialarni-yoq-etuv-aqqinda\\\/\"]}]},{\"@type\":\"BreadcrumbList\",\"@id\":\"https:\\\/\\\/qtmm.org\\\/qt\\\/ukraina-qanunlarinda-qirimtatarlarnin-avdeti-ve-yerlesmesine-manialarni-yoq-etuv-aqqinda\\\/#breadcrumb\",\"itemListElement\":[{\"@type\":\"ListItem\",\"position\":1,\"name\":\"\u0413\u043e\u043b\u043e\u0432\u043d\u0430\",\"item\":\"https:\\\/\\\/qtmm.org\\\/qt\\\/\"},{\"@type\":\"ListItem\",\"position\":2,\"name\":\"Ukraina qanunlar\u0131nda q\u0131r\u0131mtatarlarn\u0131\u00f1 avdeti ve yerle\u015fmesine manialarn\u0131 yoq et\u00fcv aqq\u0131nda\"}]},{\"@type\":\"WebSite\",\"@id\":\"https:\\\/\\\/qtmm.org\\\/qt\\\/#website\",\"url\":\"https:\\\/\\\/qtmm.org\\\/qt\\\/\",\"name\":\"\u041c\u0435\u0434\u0436\u043b\u0456\u0441\",\"description\":\"\",\"publisher\":{\"@id\":\"https:\\\/\\\/qtmm.org\\\/qt\\\/#organization\"},\"potentialAction\":[{\"@type\":\"SearchAction\",\"target\":{\"@type\":\"EntryPoint\",\"urlTemplate\":\"https:\\\/\\\/qtmm.org\\\/qt\\\/?s={search_term_string}\"},\"query-input\":{\"@type\":\"PropertyValueSpecification\",\"valueRequired\":true,\"valueName\":\"search_term_string\"}}],\"inLanguage\":\"qt\"},{\"@type\":\"Organization\",\"@id\":\"https:\\\/\\\/qtmm.org\\\/qt\\\/#organization\",\"name\":\"\u041c\u0435\u0434\u0436\u043b\u0456\u0441\",\"url\":\"https:\\\/\\\/qtmm.org\\\/qt\\\/\",\"logo\":{\"@type\":\"ImageObject\",\"inLanguage\":\"qt\",\"@id\":\"https:\\\/\\\/qtmm.org\\\/qt\\\/#\\\/schema\\\/logo\\\/image\\\/\",\"url\":\"https:\\\/\\\/qtmm.org\\\/wp-content\\\/uploads\\\/2024\\\/12\\\/ua-mejlis-logo-rgb.svg\",\"contentUrl\":\"https:\\\/\\\/qtmm.org\\\/wp-content\\\/uploads\\\/2024\\\/12\\\/ua-mejlis-logo-rgb.svg\",\"caption\":\"\u041c\u0435\u0434\u0436\u043b\u0456\u0441\"},\"image\":{\"@id\":\"https:\\\/\\\/qtmm.org\\\/qt\\\/#\\\/schema\\\/logo\\\/image\\\/\"},\"sameAs\":[\"https:\\\/\\\/www.facebook.com\\\/qtmm.info\\\/\"]},{\"@type\":\"Person\",\"@id\":\"https:\\\/\\\/qtmm.org\\\/qt\\\/#\\\/schema\\\/person\\\/de562469f971dec226ac06e60bbf74a7\",\"name\":\"Developer\",\"image\":{\"@type\":\"ImageObject\",\"inLanguage\":\"qt\",\"@id\":\"https:\\\/\\\/secure.gravatar.com\\\/avatar\\\/392b4cc8fbfeb00b39dfeeab4ee6edded39ffd48e25858637e4765810300227e?s=96&d=mm&r=g\",\"url\":\"https:\\\/\\\/secure.gravatar.com\\\/avatar\\\/392b4cc8fbfeb00b39dfeeab4ee6edded39ffd48e25858637e4765810300227e?s=96&d=mm&r=g\",\"contentUrl\":\"https:\\\/\\\/secure.gravatar.com\\\/avatar\\\/392b4cc8fbfeb00b39dfeeab4ee6edded39ffd48e25858637e4765810300227e?s=96&d=mm&r=g\",\"caption\":\"Developer\"},\"url\":\"https:\\\/\\\/qtmm.org\\\/qt\\\/author\\\/Developer\\\/\"}]}<\/script>\n<!-- \/ Yoast SEO plugin. -->","yoast_head_json":{"title":"Ukraina qanunlar\u0131nda q\u0131r\u0131mtatarlarn\u0131\u00f1 avdeti ve yerle\u015fmesine manialarn\u0131 yoq et\u00fcv aqq\u0131nda - \u041c\u0435\u0434\u0436\u043b\u0456\u0441","robots":{"index":"index","follow":"follow","max-snippet":"max-snippet:-1","max-image-preview":"max-image-preview:large","max-video-preview":"max-video-preview:-1"},"canonical":"https:\/\/qtmm.org\/qt\/ukraina-qanunlarinda-qirimtatarlarnin-avdeti-ve-yerlesmesine-manialarni-yoq-etuv-aqqinda\/","og_locale":"en_US","og_type":"article","og_title":"Ukraina qanunlar\u0131nda q\u0131r\u0131mtatarlarn\u0131\u00f1 avdeti ve yerle\u015fmesine manialarn\u0131 yoq et\u00fcv aqq\u0131nda - \u041c\u0435\u0434\u0436\u043b\u0456\u0441","og_description":"Ukraina Prezidentine Ukraina halq deputatlar\u0131na Ukraina Nazirler Kabinetine 1944 senesi may\u0131s 18-de s\u00fcrg\u00fcn etilgen q\u0131r\u0131mtatar halq\u0131 qurbanlar\u0131n\u0131\u00f1 hat\u0131ras\u0131na ba\u011f\u0131\u015flan\u011fan B\u00fct\u00fcnq\u0131r\u0131m matem mitingini\u00f1 qarar\u0131 Ukraina qanunlar\u0131nda q\u0131r\u0131mtatarlarn\u0131\u00f1 avdeti ve yerle\u015fmesine manialarn\u0131 yoq et\u00fcv aqq\u0131nda Ukraina Yuqar\u0131 \u015euras\u0131 taraf\u0131ndan 2011 senesi dekabr 22 \u2013de qabul etilgen ve k\u00fc\u00e7ke kirgen Ukraina \u21164220-VI &#8220;Ukrainan\u0131\u00f1 \u015feer quruc\u0131l\u0131\u011f\u0131 faaliyetinde devlet regul\u00e2tsiyas\u0131n\u0131 [&hellip;]","og_url":"https:\/\/qtmm.org\/qt\/ukraina-qanunlarinda-qirimtatarlarnin-avdeti-ve-yerlesmesine-manialarni-yoq-etuv-aqqinda\/","og_site_name":"\u041c\u0435\u0434\u0436\u043b\u0456\u0441","article_publisher":"https:\/\/www.facebook.com\/qtmm.info\/","article_published_time":"2012-05-18T16:57:00+00:00","article_modified_time":"2022-01-21T16:58:39+00:00","author":"Developer","twitter_card":"summary_large_image","twitter_misc":{"Written by":"Developer","Est. reading time":"2 minutes"},"schema":{"@context":"https:\/\/schema.org","@graph":[{"@type":"Article","@id":"https:\/\/qtmm.org\/qt\/ukraina-qanunlarinda-qirimtatarlarnin-avdeti-ve-yerlesmesine-manialarni-yoq-etuv-aqqinda\/#article","isPartOf":{"@id":"https:\/\/qtmm.org\/qt\/ukraina-qanunlarinda-qirimtatarlarnin-avdeti-ve-yerlesmesine-manialarni-yoq-etuv-aqqinda\/"},"author":{"name":"Developer","@id":"https:\/\/qtmm.org\/qt\/#\/schema\/person\/de562469f971dec226ac06e60bbf74a7"},"headline":"Ukraina qanunlar\u0131nda q\u0131r\u0131mtatarlarn\u0131\u00f1 avdeti ve yerle\u015fmesine manialarn\u0131 yoq et\u00fcv aqq\u0131nda","datePublished":"2012-05-18T16:57:00+00:00","dateModified":"2022-01-21T16:58:39+00:00","mainEntityOfPage":{"@id":"https:\/\/qtmm.org\/qt\/ukraina-qanunlarinda-qirimtatarlarnin-avdeti-ve-yerlesmesine-manialarni-yoq-etuv-aqqinda\/"},"wordCount":398,"commentCount":0,"publisher":{"@id":"https:\/\/qtmm.org\/qt\/#organization"},"articleSection":["Haberler"],"inLanguage":"qt","potentialAction":[{"@type":"CommentAction","name":"Comment","target":["https:\/\/qtmm.org\/qt\/ukraina-qanunlarinda-qirimtatarlarnin-avdeti-ve-yerlesmesine-manialarni-yoq-etuv-aqqinda\/#respond"]}]},{"@type":"WebPage","@id":"https:\/\/qtmm.org\/qt\/ukraina-qanunlarinda-qirimtatarlarnin-avdeti-ve-yerlesmesine-manialarni-yoq-etuv-aqqinda\/","url":"https:\/\/qtmm.org\/qt\/ukraina-qanunlarinda-qirimtatarlarnin-avdeti-ve-yerlesmesine-manialarni-yoq-etuv-aqqinda\/","name":"Ukraina qanunlar\u0131nda q\u0131r\u0131mtatarlarn\u0131\u00f1 avdeti ve yerle\u015fmesine manialarn\u0131 yoq et\u00fcv aqq\u0131nda - \u041c\u0435\u0434\u0436\u043b\u0456\u0441","isPartOf":{"@id":"https:\/\/qtmm.org\/qt\/#website"},"datePublished":"2012-05-18T16:57:00+00:00","dateModified":"2022-01-21T16:58:39+00:00","breadcrumb":{"@id":"https:\/\/qtmm.org\/qt\/ukraina-qanunlarinda-qirimtatarlarnin-avdeti-ve-yerlesmesine-manialarni-yoq-etuv-aqqinda\/#breadcrumb"},"inLanguage":"qt","potentialAction":[{"@type":"ReadAction","target":["https:\/\/qtmm.org\/qt\/ukraina-qanunlarinda-qirimtatarlarnin-avdeti-ve-yerlesmesine-manialarni-yoq-etuv-aqqinda\/"]}]},{"@type":"BreadcrumbList","@id":"https:\/\/qtmm.org\/qt\/ukraina-qanunlarinda-qirimtatarlarnin-avdeti-ve-yerlesmesine-manialarni-yoq-etuv-aqqinda\/#breadcrumb","itemListElement":[{"@type":"ListItem","position":1,"name":"\u0413\u043e\u043b\u043e\u0432\u043d\u0430","item":"https:\/\/qtmm.org\/qt\/"},{"@type":"ListItem","position":2,"name":"Ukraina qanunlar\u0131nda q\u0131r\u0131mtatarlarn\u0131\u00f1 avdeti ve yerle\u015fmesine manialarn\u0131 yoq et\u00fcv aqq\u0131nda"}]},{"@type":"WebSite","@id":"https:\/\/qtmm.org\/qt\/#website","url":"https:\/\/qtmm.org\/qt\/","name":"\u041c\u0435\u0434\u0436\u043b\u0456\u0441","description":"","publisher":{"@id":"https:\/\/qtmm.org\/qt\/#organization"},"potentialAction":[{"@type":"SearchAction","target":{"@type":"EntryPoint","urlTemplate":"https:\/\/qtmm.org\/qt\/?s={search_term_string}"},"query-input":{"@type":"PropertyValueSpecification","valueRequired":true,"valueName":"search_term_string"}}],"inLanguage":"qt"},{"@type":"Organization","@id":"https:\/\/qtmm.org\/qt\/#organization","name":"\u041c\u0435\u0434\u0436\u043b\u0456\u0441","url":"https:\/\/qtmm.org\/qt\/","logo":{"@type":"ImageObject","inLanguage":"qt","@id":"https:\/\/qtmm.org\/qt\/#\/schema\/logo\/image\/","url":"https:\/\/qtmm.org\/wp-content\/uploads\/2024\/12\/ua-mejlis-logo-rgb.svg","contentUrl":"https:\/\/qtmm.org\/wp-content\/uploads\/2024\/12\/ua-mejlis-logo-rgb.svg","caption":"\u041c\u0435\u0434\u0436\u043b\u0456\u0441"},"image":{"@id":"https:\/\/qtmm.org\/qt\/#\/schema\/logo\/image\/"},"sameAs":["https:\/\/www.facebook.com\/qtmm.info\/"]},{"@type":"Person","@id":"https:\/\/qtmm.org\/qt\/#\/schema\/person\/de562469f971dec226ac06e60bbf74a7","name":"Developer","image":{"@type":"ImageObject","inLanguage":"qt","@id":"https:\/\/secure.gravatar.com\/avatar\/392b4cc8fbfeb00b39dfeeab4ee6edded39ffd48e25858637e4765810300227e?s=96&d=mm&r=g","url":"https:\/\/secure.gravatar.com\/avatar\/392b4cc8fbfeb00b39dfeeab4ee6edded39ffd48e25858637e4765810300227e?s=96&d=mm&r=g","contentUrl":"https:\/\/secure.gravatar.com\/avatar\/392b4cc8fbfeb00b39dfeeab4ee6edded39ffd48e25858637e4765810300227e?s=96&d=mm&r=g","caption":"Developer"},"url":"https:\/\/qtmm.org\/qt\/author\/Developer\/"}]}},"_links":{"self":[{"href":"https:\/\/qtmm.org\/qt\/wp-json\/wp\/v2\/posts\/31215","targetHints":{"allow":["GET"]}}],"collection":[{"href":"https:\/\/qtmm.org\/qt\/wp-json\/wp\/v2\/posts"}],"about":[{"href":"https:\/\/qtmm.org\/qt\/wp-json\/wp\/v2\/types\/post"}],"author":[{"embeddable":true,"href":"https:\/\/qtmm.org\/qt\/wp-json\/wp\/v2\/users\/1"}],"replies":[{"embeddable":true,"href":"https:\/\/qtmm.org\/qt\/wp-json\/wp\/v2\/comments?post=31215"}],"version-history":[{"count":1,"href":"https:\/\/qtmm.org\/qt\/wp-json\/wp\/v2\/posts\/31215\/revisions"}],"predecessor-version":[{"id":31222,"href":"https:\/\/qtmm.org\/qt\/wp-json\/wp\/v2\/posts\/31215\/revisions\/31222"}],"wp:attachment":[{"href":"https:\/\/qtmm.org\/qt\/wp-json\/wp\/v2\/media?parent=31215"}],"wp:term":[{"taxonomy":"category","embeddable":true,"href":"https:\/\/qtmm.org\/qt\/wp-json\/wp\/v2\/categories?post=31215"},{"taxonomy":"post_tag","embeddable":true,"href":"https:\/\/qtmm.org\/qt\/wp-json\/wp\/v2\/tags?post=31215"}],"curies":[{"name":"wp","href":"https:\/\/api.w.org\/{rel}","templated":true}]}}