




{"id":31204,"date":"2012-05-18T19:56:00","date_gmt":"2012-05-18T16:56:00","guid":{"rendered":"http:\/\/qtmm.org\/?p=31204"},"modified":"2022-01-21T19:57:33","modified_gmt":"2022-01-21T16:57:33","slug":"qirimtatar-halqi-genotsidi-qurbanlarinin-hatirasina-butunqirim-matem-mitinginin-qarari","status":"publish","type":"post","link":"https:\/\/qtmm.org\/qt\/qirimtatar-halqi-genotsidi-qurbanlarinin-hatirasina-butunqirim-matem-mitinginin-qarari\/","title":{"rendered":"Q\u0131r\u0131mtatar halq\u0131 genotsidi qurbanlar\u0131n\u0131\u00f1 hat\u0131ras\u0131na B\u00fct\u00fcnq\u0131r\u0131m matem mitingini\u00f1 qarar\u0131"},"content":{"rendered":"\n<p class=\"has-text-align-center\"><strong>Q\u0131r\u0131mtatar halq\u0131 genotsidi \u2013 1944 senesi may\u0131s 18 s\u00fcrg\u00fcnligi ve on y\u0131llarnen \u011furbette zorluqnen tutuluv qurbanlar\u0131n\u0131\u00f1 hat\u0131ras\u0131na ba\u011f\u0131\u015flan\u011fan B\u00fct\u00fcnq\u0131r\u0131m matem mitingini\u00f1 qarar\u0131<\/strong><\/p>\n\n\n\n<p>68 y\u0131l evelsi 1944 senesi may\u0131s 18 k\u00fcn\u00fc Q\u0131r\u0131m topra\u011f\u0131nda insanl\u0131qqa qar\u015f\u0131, Q\u0131r\u0131mn\u0131\u00f1 as\u0131l halq\u0131 ve insaniyetni\u00f1 \u00f6zg\u00fcn halqlar\u0131ndan biri ol\u011fan q\u0131r\u0131mtatar halq\u0131n\u0131 yoq etmek maqsad\u0131n\u0131 k\u00f6zde tutqan cinayet yap\u0131ld\u0131.<\/p>\n\n\n\n<p>68 y\u0131l evelsi 1944 senesi may\u0131s 17-den-18-ge ke\u00e7er gecesi Q\u0131r\u0131mn\u0131\u00f1 b\u00fct\u00fcn eali noqtalar\u0131nda NKVDn\u0131\u00f1 32 bi\u00f1den ziyade sil\u00e2l\u0131 askerleri ve subaylar\u0131 bir kereden q\u0131r\u0131mtatarlarn\u0131 s\u00fcrg\u00fcn et\u00fcv i\u015fini ba\u015flad\u0131lar. Yar\u0131madan\u0131\u00f1 er taraflar\u0131ndan demir\u00f6l stantsiyalar\u0131na taba qad\u0131nlar, bala ve qartlarnen tolu y\u00fck ma\u015finalar\u0131 kelip, halqn\u0131 mal ta\u015f\u0131\u011fan vagonlar\u011fa toldurd\u0131lar.Sil\u00e2l\u0131 askerlerni\u00f1 bek\u00e7iliginde e\u015felonlar q\u0131r\u0131mtatarlarn\u0131 belgisizlik, Vatandan uzaqta \u00f6l\u00fcmge al\u0131p ketti.<\/p>\n\n\n\n<p>Q\u0131r\u0131mtatarlar s\u00fcrg\u00fcnligi ve yabanc\u0131 illerde ta 80-nci y\u0131llar\u011fa qadar zorluqnen tutuluv\u0131n\u0131\u00f1 de\u015fetli aqibetleri bug\u00fcnge qadar devam ete ve al\u00e2 daa yoq etilmedi. Halqn\u0131\u00f1 Vatan\u011fa qaytar\u0131luv ceryan\u0131 daa so\u00f1una \u00e7\u0131qmad\u0131, bi\u00f1lernen q\u0131r\u0131mtatarlar al\u00e2 daa s\u00fcrg\u00fcnlik yerlerinde ya\u015famaq zorundalar.<\/p>\n\n\n\n<p>\u011eay\u0131p ve misilsiz me\u015faqatlar esab\u0131na qayt\u0131p kelgenlerni\u00f1 260 bi\u00f1inden \u00e7oqlu\u011f\u0131 ise \u00f6z ailelerini yerle\u015ftirmekni\u00f1 e\u00f1 sade \u015fartlar\u0131ndan bile mahrumlar.<\/p>\n\n\n\n<p>Ukraina mustaqilligi il\u00e2n etilgen so\u00f1ra 20 y\u0131ll\u0131q devir i\u00e7inde q\u0131r\u0131mtatar halq\u0131 aq-uquqlar\u0131n\u0131 \u011fayr\u0131dan tiklev, \u00f6z tuv\u011fan topra\u011f\u0131nda yerle\u015fmek ve saqlan\u0131p qalmas\u0131n\u0131 teminlegen i\u00e7 bir qanun qabul etilmedi. Aksine Ukrainada q\u0131r\u0131mtatarlarn\u0131\u00f1 qaytmas\u0131 ve yerle\u015fmesini daa da beterle\u015ftirgen manialar qoyul\u0131p, olarn\u0131\u00f1 adaletke i\u015fan\u00e7\u0131 ve aqlar\u0131 tan\u0131lmas\u0131na so\u00f1ki \u00fcm\u00fctlerini \u00e7ekip ala.<\/p>\n\n\n\n<p>B\u00f6yle devam etmez!<\/p>\n\n\n\n<p>Devlette q\u0131r\u0131mtatar halq\u0131na nisbeten maqsadl\u0131, a\u00e7\u0131q ve namusl\u0131 siyaset yoqlu\u011f\u0131 i\u00e7 bir sebepnen aqlan\u0131lmaz. Q\u0131r\u0131mtatar halq\u0131n\u0131\u00f1 kelecegi, on\u0131\u00f1 millet olaraq Vatan\u0131nda \u00f6z-\u00f6z\u00fcni belgilemek imk\u00e2n\u0131 akimiyet ba\u015f\u0131na ke\u00e7ip. Ukraina ve on\u0131\u00f1 topraqlar\u0131nda ya\u015fa\u011fan halqlarn\u0131 qay\u011f\u0131rma\u011fan siyaset\u00e7ilerni\u00f1 keyf ive isteklerine ba\u011fl\u0131 olamaz!<\/p>\n\n\n\n<p>2010 senesi may\u0131sta ol\u0131p ke\u00e7ken B\u00fct\u00fcn q\u0131r\u0131m matem mitingi i\u015ftirak\u00e7ilerini\u00f1 iradesini yerine ketirgeni alda Q\u0131r\u0131mtatar halq\u0131n\u0131\u00f1 Meclisi so\u00f1ki eki y\u0131l devam\u0131nda \u00f6z faaliyetini q\u0131r\u0131mtatar halq\u0131na ve Ukraina devletine \u015fu halqn\u0131\u00f1 qaytar\u0131lmas\u0131, yerle\u015ftirmesi ve aqlar\u0131n\u0131 tiklemesine yard\u0131m et\u00fcvge halqara cemaat\u00e7\u0131l\u0131qn\u0131 celp et\u00fcvge do\u011frultmaqta.<\/p>\n\n\n\n<p>Bunda biz, Q\u0131r\u0131mtatar halq\u0131 genotsidi \u2013 1944 senesi may\u0131s 18 s\u00fcrg\u00fcnligi ve on y\u0131llarnen \u011furbette zorluqnen tutuluv qurbanlar\u0131n\u0131\u00f1 hat\u0131ras\u0131na ba\u011f\u0131\u015flan\u011fan B\u00fct\u00fcnq\u0131r\u0131m matem mitingini\u00f1 i\u015ftirak\u00e7ileri, bug\u00fcn de \u015fundan kelip \u00e7\u0131qam\u0131z ki, stalin rejimi al\u0131p kelgen genotsid, insan aqlar\u0131 taptalmas\u0131, insanl\u0131qqa qar\u015f\u0131 cinayetlerni ba\u015f\u0131ndan ke\u00e7irgen avropa devletleri birle\u015fip, Ukraina\u011fa \u015fu cinayetlerni\u00f1 qurban\u0131 ol\u011fan q\u0131r\u0131mtatar halq\u0131n\u0131 qaytarmaq, \u00f6z topra\u011f\u0131nda serbest inki\u015faf etmesini teminlevde yard\u0131m ete bilirler.<\/p>\n\n\n\n<p>Q\u0131r\u0131mtatar halq\u0131n\u0131\u00f1 Meclisi bu vazifeni becerirken, 2011 senesi okt\u00e2br ay\u0131nda Birle\u015fken Milletler Te\u015fkil\u00e2t\u0131, Avropa \u015euras\u0131, Avropada tel\u00fckesizlik ve i\u015fbirlik te\u015fkil\u00e2t\u0131, Avropa, Kanada, AQ\u015e ve T\u00fcrkiye kibi yetek\u00e7i devletlerni\u00f1 vekillerini Kiyevde toplad\u0131. Topla\u015fuv i\u015ftirak\u00e7ileri Meclisni\u00f1 q\u0131r\u0131mtatar halq\u0131 aqlar\u0131n\u0131\u00f1 \u00f6z Vatan\u0131nda \u011fayr\u0131dan tiklenmesi, Ukrainada havfs\u0131zl\u0131\u011f\u0131 ve inki\u015faf\u0131n\u0131\u00f1 kefilligini teminlev meselesi boyunca halqara Forumn\u0131 ke\u00e7ir\u00fcv te\u015febb\u00fcsine qoltutt\u0131lar.<\/p>\n\n\n\n<p>\u00d6z nevbetinde Avropada tel\u00fckesizlik ve i\u015fbirlik te\u015fkil\u00e2t\u0131n\u0131\u00f1 milliy azl\u0131qlarn\u0131\u00f1 i\u015fleri boyunca Aliy komissar\u0131 Ukraina Prezidenti. Ukraina Yuqar\u0131 \u015euras\u0131 ve Nazirler Kabineti ad\u0131na q\u0131r\u0131mtatar halq\u0131n\u0131\u00f1 qaytuv\u0131, yerle\u015fmesi ve aqlar\u0131n\u0131\u00f1 \u011fayr\u0131dan tiklemesine yard\u0131m etmek maqsad\u0131n\u0131 k\u00f6zde tutqan mahsus halqara programman\u0131 i\u015flemek boyunca ait tekliflerini yollad\u0131.<\/p>\n\n\n\n<p>Ukraina ve q\u0131r\u0131mtatar halq\u0131na genotsid aqibetlerini yoq et\u00fcvde yard\u0131m etmege az\u0131rl\u0131\u011f\u0131n\u0131 bildirgen halqara te\u015fkil\u00e2tlar, devletlerni\u00f1 \u00fck\u00fcmetlerine minnetdarl\u0131\u011f\u0131m\u0131zn\u0131 bildirip, Ukraina Prezidenti, Ukraina Yuqar\u0131 \u015euras\u0131 ve Nazirler Kabinetini birle\u015fip, halqara cemaat\u00e7\u0131l\u0131qn\u0131\u00f1 i\u015ftirakinde 2012 senesi q\u0131r\u0131mtatar halq\u0131 aqlar\u0131n\u0131\u00f1 \u00f6z Vatan\u0131nda \u011fayr\u0131dan tiklenmesi, Ukrainada havfs\u0131zl\u0131\u011f\u0131 ve inki\u015faf\u0131n\u0131\u00f1 kefilligini teminlev meselesi boyunca halqara Forum ke\u00e7irilmesini teminlemege \u00e7a\u011f\u0131ram\u0131z.<\/p>\n\n\n\n<p>Biz, B\u00fct\u00fcnq\u0131r\u0131m matem mitingini\u00f1 i\u015ftirak\u00e7ileri, s\u00fcrg\u00fcnlik yerlerinde el\u00e2k ol\u011fan bi\u00f1lernen q\u0131r\u0131mtatarlarn\u0131\u00f1, Vatan\u011fa qaytmaq aqq\u0131 i\u00e7\u00fcn k\u00fcre\u015fken milliy areket faalerini\u00f1 hat\u0131ras\u0131n\u0131 saqlayaraq, \u00f6z halq\u0131m\u0131z ve Q\u0131r\u0131mn\u0131\u00f1 kelecegi i\u00e7\u00fcn mes\u00fclietimizni a\u00f1la\u011fan\u0131m\u0131z, halqara cemaat\u00e7l\u0131l\u0131qn\u0131\u00f1 yarld\u0131m\u0131 ve qoltutuv\u0131na tayan\u011fan\u0131m\u0131z alda Q\u0131r\u0131m tam\u0131r halq\u0131n\u0131\u00f1 aqlar\u0131n\u0131 tolus\u0131nen tikleycek Ukrainan\u0131\u00f1 demokratik, serbest inki\u015faf\u0131na iri\u015fmek qarar\u0131ndam\u0131z.<\/p>\n\n\n\n<p class=\"has-text-align-right\"><br><em>Q\u0131r\u0131mtatar halq\u0131 genotsidi \u2013 1944 senesi may\u0131s 18 s\u00fcrg\u00fcnligi ve on y\u0131llarnen \u011furbette zorluqnen tutuluv qurbanlar\u0131n\u0131\u00f1 hat\u0131ras\u0131na ba\u011f\u0131\u015flan\u011fan B\u00fct\u00fcnq\u0131r\u0131m matem mitinginde qabul etildi.<\/em><\/p>\n","protected":false},"excerpt":{"rendered":"<p>Q\u0131r\u0131mtatar halq\u0131 genotsidi \u2013 1944 senesi may\u0131s 18 s\u00fcrg\u00fcnligi ve on y\u0131llarnen \u011furbette zorluqnen tutuluv qurbanlar\u0131n\u0131\u00f1 hat\u0131ras\u0131na ba\u011f\u0131\u015flan\u011fan B\u00fct\u00fcnq\u0131r\u0131m matem mitingini\u00f1 qarar\u0131 68 y\u0131l evelsi 1944 senesi may\u0131s 18 k\u00fcn\u00fc Q\u0131r\u0131m topra\u011f\u0131nda insanl\u0131qqa qar\u015f\u0131, Q\u0131r\u0131mn\u0131\u00f1 as\u0131l halq\u0131 ve insaniyetni\u00f1 \u00f6zg\u00fcn halqlar\u0131ndan biri ol\u011fan q\u0131r\u0131mtatar halq\u0131n\u0131 yoq etmek maqsad\u0131n\u0131 k\u00f6zde tutqan cinayet yap\u0131ld\u0131. 68 y\u0131l evelsi [&hellip;]<\/p>\n","protected":false},"author":1,"featured_media":31206,"comment_status":"open","ping_status":"open","sticky":false,"template":"","format":"standard","meta":{"inline_featured_image":false,"footnotes":""},"categories":[265],"tags":[],"class_list":["post-31204","post","type-post","status-publish","format-standard","has-post-thumbnail","hentry","category-haberler"],"acf":[],"yoast_head":"<!-- This site is optimized with the Yoast SEO plugin v27.4 - https:\/\/yoast.com\/product\/yoast-seo-wordpress\/ -->\n<title>Q\u0131r\u0131mtatar halq\u0131 genotsidi qurbanlar\u0131n\u0131\u00f1 hat\u0131ras\u0131na B\u00fct\u00fcnq\u0131r\u0131m matem mitingini\u00f1 qarar\u0131 - \u041c\u0435\u0434\u0436\u043b\u0456\u0441<\/title>\n<meta name=\"robots\" content=\"index, follow, max-snippet:-1, max-image-preview:large, max-video-preview:-1\" \/>\n<link rel=\"canonical\" href=\"https:\/\/qtmm.org\/qt\/qirimtatar-halqi-genotsidi-qurbanlarinin-hatirasina-butunqirim-matem-mitinginin-qarari\/\" \/>\n<meta property=\"og:locale\" content=\"en_US\" \/>\n<meta property=\"og:type\" content=\"article\" \/>\n<meta property=\"og:title\" content=\"Q\u0131r\u0131mtatar halq\u0131 genotsidi qurbanlar\u0131n\u0131\u00f1 hat\u0131ras\u0131na B\u00fct\u00fcnq\u0131r\u0131m matem mitingini\u00f1 qarar\u0131 - \u041c\u0435\u0434\u0436\u043b\u0456\u0441\" \/>\n<meta property=\"og:description\" content=\"Q\u0131r\u0131mtatar halq\u0131 genotsidi \u2013 1944 senesi may\u0131s 18 s\u00fcrg\u00fcnligi ve on y\u0131llarnen \u011furbette zorluqnen tutuluv qurbanlar\u0131n\u0131\u00f1 hat\u0131ras\u0131na ba\u011f\u0131\u015flan\u011fan B\u00fct\u00fcnq\u0131r\u0131m matem mitingini\u00f1 qarar\u0131 68 y\u0131l evelsi 1944 senesi may\u0131s 18 k\u00fcn\u00fc Q\u0131r\u0131m topra\u011f\u0131nda insanl\u0131qqa qar\u015f\u0131, Q\u0131r\u0131mn\u0131\u00f1 as\u0131l halq\u0131 ve insaniyetni\u00f1 \u00f6zg\u00fcn halqlar\u0131ndan biri ol\u011fan q\u0131r\u0131mtatar halq\u0131n\u0131 yoq etmek maqsad\u0131n\u0131 k\u00f6zde tutqan cinayet yap\u0131ld\u0131. 68 y\u0131l evelsi [&hellip;]\" \/>\n<meta property=\"og:url\" content=\"https:\/\/qtmm.org\/qt\/qirimtatar-halqi-genotsidi-qurbanlarinin-hatirasina-butunqirim-matem-mitinginin-qarari\/\" \/>\n<meta property=\"og:site_name\" content=\"\u041c\u0435\u0434\u0436\u043b\u0456\u0441\" \/>\n<meta property=\"article:publisher\" content=\"https:\/\/www.facebook.com\/qtmm.info\/\" \/>\n<meta property=\"article:published_time\" content=\"2012-05-18T16:56:00+00:00\" \/>\n<meta property=\"article:modified_time\" content=\"2022-01-21T16:57:33+00:00\" \/>\n<meta property=\"og:image\" content=\"https:\/\/qtmm.org\/wp-content\/uploads\/2022\/01\/rezolyuciya_2.jpeg\" \/>\n\t<meta property=\"og:image:width\" content=\"670\" \/>\n\t<meta property=\"og:image:height\" content=\"310\" \/>\n\t<meta property=\"og:image:type\" content=\"image\/jpeg\" \/>\n<meta name=\"author\" content=\"Developer\" \/>\n<meta name=\"twitter:card\" content=\"summary_large_image\" \/>\n<meta name=\"twitter:label1\" content=\"Written by\" \/>\n\t<meta name=\"twitter:data1\" content=\"Developer\" \/>\n\t<meta name=\"twitter:label2\" content=\"Est. reading time\" \/>\n\t<meta name=\"twitter:data2\" content=\"5 minutes\" \/>\n<script type=\"application\/ld+json\" class=\"yoast-schema-graph\">{\"@context\":\"https:\\\/\\\/schema.org\",\"@graph\":[{\"@type\":\"Article\",\"@id\":\"https:\\\/\\\/qtmm.org\\\/qt\\\/qirimtatar-halqi-genotsidi-qurbanlarinin-hatirasina-butunqirim-matem-mitinginin-qarari\\\/#article\",\"isPartOf\":{\"@id\":\"https:\\\/\\\/qtmm.org\\\/qt\\\/qirimtatar-halqi-genotsidi-qurbanlarinin-hatirasina-butunqirim-matem-mitinginin-qarari\\\/\"},\"author\":{\"name\":\"Developer\",\"@id\":\"https:\\\/\\\/qtmm.org\\\/qt\\\/#\\\/schema\\\/person\\\/de562469f971dec226ac06e60bbf74a7\"},\"headline\":\"Q\u0131r\u0131mtatar halq\u0131 genotsidi qurbanlar\u0131n\u0131\u00f1 hat\u0131ras\u0131na B\u00fct\u00fcnq\u0131r\u0131m matem mitingini\u00f1 qarar\u0131\",\"datePublished\":\"2012-05-18T16:56:00+00:00\",\"dateModified\":\"2022-01-21T16:57:33+00:00\",\"mainEntityOfPage\":{\"@id\":\"https:\\\/\\\/qtmm.org\\\/qt\\\/qirimtatar-halqi-genotsidi-qurbanlarinin-hatirasina-butunqirim-matem-mitinginin-qarari\\\/\"},\"wordCount\":918,\"commentCount\":0,\"publisher\":{\"@id\":\"https:\\\/\\\/qtmm.org\\\/qt\\\/#organization\"},\"image\":{\"@id\":\"https:\\\/\\\/qtmm.org\\\/qt\\\/qirimtatar-halqi-genotsidi-qurbanlarinin-hatirasina-butunqirim-matem-mitinginin-qarari\\\/#primaryimage\"},\"thumbnailUrl\":\"https:\\\/\\\/qtmm.org\\\/wp-content\\\/uploads\\\/2022\\\/01\\\/rezolyuciya_2.jpeg\",\"articleSection\":[\"Haberler\"],\"inLanguage\":\"qt\",\"potentialAction\":[{\"@type\":\"CommentAction\",\"name\":\"Comment\",\"target\":[\"https:\\\/\\\/qtmm.org\\\/qt\\\/qirimtatar-halqi-genotsidi-qurbanlarinin-hatirasina-butunqirim-matem-mitinginin-qarari\\\/#respond\"]}]},{\"@type\":\"WebPage\",\"@id\":\"https:\\\/\\\/qtmm.org\\\/qt\\\/qirimtatar-halqi-genotsidi-qurbanlarinin-hatirasina-butunqirim-matem-mitinginin-qarari\\\/\",\"url\":\"https:\\\/\\\/qtmm.org\\\/qt\\\/qirimtatar-halqi-genotsidi-qurbanlarinin-hatirasina-butunqirim-matem-mitinginin-qarari\\\/\",\"name\":\"Q\u0131r\u0131mtatar halq\u0131 genotsidi qurbanlar\u0131n\u0131\u00f1 hat\u0131ras\u0131na B\u00fct\u00fcnq\u0131r\u0131m matem mitingini\u00f1 qarar\u0131 - \u041c\u0435\u0434\u0436\u043b\u0456\u0441\",\"isPartOf\":{\"@id\":\"https:\\\/\\\/qtmm.org\\\/qt\\\/#website\"},\"primaryImageOfPage\":{\"@id\":\"https:\\\/\\\/qtmm.org\\\/qt\\\/qirimtatar-halqi-genotsidi-qurbanlarinin-hatirasina-butunqirim-matem-mitinginin-qarari\\\/#primaryimage\"},\"image\":{\"@id\":\"https:\\\/\\\/qtmm.org\\\/qt\\\/qirimtatar-halqi-genotsidi-qurbanlarinin-hatirasina-butunqirim-matem-mitinginin-qarari\\\/#primaryimage\"},\"thumbnailUrl\":\"https:\\\/\\\/qtmm.org\\\/wp-content\\\/uploads\\\/2022\\\/01\\\/rezolyuciya_2.jpeg\",\"datePublished\":\"2012-05-18T16:56:00+00:00\",\"dateModified\":\"2022-01-21T16:57:33+00:00\",\"breadcrumb\":{\"@id\":\"https:\\\/\\\/qtmm.org\\\/qt\\\/qirimtatar-halqi-genotsidi-qurbanlarinin-hatirasina-butunqirim-matem-mitinginin-qarari\\\/#breadcrumb\"},\"inLanguage\":\"qt\",\"potentialAction\":[{\"@type\":\"ReadAction\",\"target\":[\"https:\\\/\\\/qtmm.org\\\/qt\\\/qirimtatar-halqi-genotsidi-qurbanlarinin-hatirasina-butunqirim-matem-mitinginin-qarari\\\/\"]}]},{\"@type\":\"ImageObject\",\"inLanguage\":\"qt\",\"@id\":\"https:\\\/\\\/qtmm.org\\\/qt\\\/qirimtatar-halqi-genotsidi-qurbanlarinin-hatirasina-butunqirim-matem-mitinginin-qarari\\\/#primaryimage\",\"url\":\"https:\\\/\\\/qtmm.org\\\/wp-content\\\/uploads\\\/2022\\\/01\\\/rezolyuciya_2.jpeg\",\"contentUrl\":\"https:\\\/\\\/qtmm.org\\\/wp-content\\\/uploads\\\/2022\\\/01\\\/rezolyuciya_2.jpeg\",\"width\":670,\"height\":310},{\"@type\":\"BreadcrumbList\",\"@id\":\"https:\\\/\\\/qtmm.org\\\/qt\\\/qirimtatar-halqi-genotsidi-qurbanlarinin-hatirasina-butunqirim-matem-mitinginin-qarari\\\/#breadcrumb\",\"itemListElement\":[{\"@type\":\"ListItem\",\"position\":1,\"name\":\"\u0413\u043e\u043b\u043e\u0432\u043d\u0430\",\"item\":\"https:\\\/\\\/qtmm.org\\\/qt\\\/\"},{\"@type\":\"ListItem\",\"position\":2,\"name\":\"Q\u0131r\u0131mtatar halq\u0131 genotsidi qurbanlar\u0131n\u0131\u00f1 hat\u0131ras\u0131na B\u00fct\u00fcnq\u0131r\u0131m matem mitingini\u00f1 qarar\u0131\"}]},{\"@type\":\"WebSite\",\"@id\":\"https:\\\/\\\/qtmm.org\\\/qt\\\/#website\",\"url\":\"https:\\\/\\\/qtmm.org\\\/qt\\\/\",\"name\":\"\u041c\u0435\u0434\u0436\u043b\u0456\u0441\",\"description\":\"\",\"publisher\":{\"@id\":\"https:\\\/\\\/qtmm.org\\\/qt\\\/#organization\"},\"potentialAction\":[{\"@type\":\"SearchAction\",\"target\":{\"@type\":\"EntryPoint\",\"urlTemplate\":\"https:\\\/\\\/qtmm.org\\\/qt\\\/?s={search_term_string}\"},\"query-input\":{\"@type\":\"PropertyValueSpecification\",\"valueRequired\":true,\"valueName\":\"search_term_string\"}}],\"inLanguage\":\"qt\"},{\"@type\":\"Organization\",\"@id\":\"https:\\\/\\\/qtmm.org\\\/qt\\\/#organization\",\"name\":\"\u041c\u0435\u0434\u0436\u043b\u0456\u0441\",\"url\":\"https:\\\/\\\/qtmm.org\\\/qt\\\/\",\"logo\":{\"@type\":\"ImageObject\",\"inLanguage\":\"qt\",\"@id\":\"https:\\\/\\\/qtmm.org\\\/qt\\\/#\\\/schema\\\/logo\\\/image\\\/\",\"url\":\"https:\\\/\\\/qtmm.org\\\/wp-content\\\/uploads\\\/2024\\\/12\\\/ua-mejlis-logo-rgb.svg\",\"contentUrl\":\"https:\\\/\\\/qtmm.org\\\/wp-content\\\/uploads\\\/2024\\\/12\\\/ua-mejlis-logo-rgb.svg\",\"caption\":\"\u041c\u0435\u0434\u0436\u043b\u0456\u0441\"},\"image\":{\"@id\":\"https:\\\/\\\/qtmm.org\\\/qt\\\/#\\\/schema\\\/logo\\\/image\\\/\"},\"sameAs\":[\"https:\\\/\\\/www.facebook.com\\\/qtmm.info\\\/\"]},{\"@type\":\"Person\",\"@id\":\"https:\\\/\\\/qtmm.org\\\/qt\\\/#\\\/schema\\\/person\\\/de562469f971dec226ac06e60bbf74a7\",\"name\":\"Developer\",\"image\":{\"@type\":\"ImageObject\",\"inLanguage\":\"qt\",\"@id\":\"https:\\\/\\\/secure.gravatar.com\\\/avatar\\\/392b4cc8fbfeb00b39dfeeab4ee6edded39ffd48e25858637e4765810300227e?s=96&d=mm&r=g\",\"url\":\"https:\\\/\\\/secure.gravatar.com\\\/avatar\\\/392b4cc8fbfeb00b39dfeeab4ee6edded39ffd48e25858637e4765810300227e?s=96&d=mm&r=g\",\"contentUrl\":\"https:\\\/\\\/secure.gravatar.com\\\/avatar\\\/392b4cc8fbfeb00b39dfeeab4ee6edded39ffd48e25858637e4765810300227e?s=96&d=mm&r=g\",\"caption\":\"Developer\"},\"url\":\"https:\\\/\\\/qtmm.org\\\/qt\\\/author\\\/Developer\\\/\"}]}<\/script>\n<!-- \/ Yoast SEO plugin. -->","yoast_head_json":{"title":"Q\u0131r\u0131mtatar halq\u0131 genotsidi qurbanlar\u0131n\u0131\u00f1 hat\u0131ras\u0131na B\u00fct\u00fcnq\u0131r\u0131m matem mitingini\u00f1 qarar\u0131 - \u041c\u0435\u0434\u0436\u043b\u0456\u0441","robots":{"index":"index","follow":"follow","max-snippet":"max-snippet:-1","max-image-preview":"max-image-preview:large","max-video-preview":"max-video-preview:-1"},"canonical":"https:\/\/qtmm.org\/qt\/qirimtatar-halqi-genotsidi-qurbanlarinin-hatirasina-butunqirim-matem-mitinginin-qarari\/","og_locale":"en_US","og_type":"article","og_title":"Q\u0131r\u0131mtatar halq\u0131 genotsidi qurbanlar\u0131n\u0131\u00f1 hat\u0131ras\u0131na B\u00fct\u00fcnq\u0131r\u0131m matem mitingini\u00f1 qarar\u0131 - \u041c\u0435\u0434\u0436\u043b\u0456\u0441","og_description":"Q\u0131r\u0131mtatar halq\u0131 genotsidi \u2013 1944 senesi may\u0131s 18 s\u00fcrg\u00fcnligi ve on y\u0131llarnen \u011furbette zorluqnen tutuluv qurbanlar\u0131n\u0131\u00f1 hat\u0131ras\u0131na ba\u011f\u0131\u015flan\u011fan B\u00fct\u00fcnq\u0131r\u0131m matem mitingini\u00f1 qarar\u0131 68 y\u0131l evelsi 1944 senesi may\u0131s 18 k\u00fcn\u00fc Q\u0131r\u0131m topra\u011f\u0131nda insanl\u0131qqa qar\u015f\u0131, Q\u0131r\u0131mn\u0131\u00f1 as\u0131l halq\u0131 ve insaniyetni\u00f1 \u00f6zg\u00fcn halqlar\u0131ndan biri ol\u011fan q\u0131r\u0131mtatar halq\u0131n\u0131 yoq etmek maqsad\u0131n\u0131 k\u00f6zde tutqan cinayet yap\u0131ld\u0131. 68 y\u0131l evelsi [&hellip;]","og_url":"https:\/\/qtmm.org\/qt\/qirimtatar-halqi-genotsidi-qurbanlarinin-hatirasina-butunqirim-matem-mitinginin-qarari\/","og_site_name":"\u041c\u0435\u0434\u0436\u043b\u0456\u0441","article_publisher":"https:\/\/www.facebook.com\/qtmm.info\/","article_published_time":"2012-05-18T16:56:00+00:00","article_modified_time":"2022-01-21T16:57:33+00:00","og_image":[{"width":670,"height":310,"url":"https:\/\/qtmm.org\/wp-content\/uploads\/2022\/01\/rezolyuciya_2.jpeg","type":"image\/jpeg"}],"author":"Developer","twitter_card":"summary_large_image","twitter_misc":{"Written by":"Developer","Est. reading time":"5 minutes"},"schema":{"@context":"https:\/\/schema.org","@graph":[{"@type":"Article","@id":"https:\/\/qtmm.org\/qt\/qirimtatar-halqi-genotsidi-qurbanlarinin-hatirasina-butunqirim-matem-mitinginin-qarari\/#article","isPartOf":{"@id":"https:\/\/qtmm.org\/qt\/qirimtatar-halqi-genotsidi-qurbanlarinin-hatirasina-butunqirim-matem-mitinginin-qarari\/"},"author":{"name":"Developer","@id":"https:\/\/qtmm.org\/qt\/#\/schema\/person\/de562469f971dec226ac06e60bbf74a7"},"headline":"Q\u0131r\u0131mtatar halq\u0131 genotsidi qurbanlar\u0131n\u0131\u00f1 hat\u0131ras\u0131na B\u00fct\u00fcnq\u0131r\u0131m matem mitingini\u00f1 qarar\u0131","datePublished":"2012-05-18T16:56:00+00:00","dateModified":"2022-01-21T16:57:33+00:00","mainEntityOfPage":{"@id":"https:\/\/qtmm.org\/qt\/qirimtatar-halqi-genotsidi-qurbanlarinin-hatirasina-butunqirim-matem-mitinginin-qarari\/"},"wordCount":918,"commentCount":0,"publisher":{"@id":"https:\/\/qtmm.org\/qt\/#organization"},"image":{"@id":"https:\/\/qtmm.org\/qt\/qirimtatar-halqi-genotsidi-qurbanlarinin-hatirasina-butunqirim-matem-mitinginin-qarari\/#primaryimage"},"thumbnailUrl":"https:\/\/qtmm.org\/wp-content\/uploads\/2022\/01\/rezolyuciya_2.jpeg","articleSection":["Haberler"],"inLanguage":"qt","potentialAction":[{"@type":"CommentAction","name":"Comment","target":["https:\/\/qtmm.org\/qt\/qirimtatar-halqi-genotsidi-qurbanlarinin-hatirasina-butunqirim-matem-mitinginin-qarari\/#respond"]}]},{"@type":"WebPage","@id":"https:\/\/qtmm.org\/qt\/qirimtatar-halqi-genotsidi-qurbanlarinin-hatirasina-butunqirim-matem-mitinginin-qarari\/","url":"https:\/\/qtmm.org\/qt\/qirimtatar-halqi-genotsidi-qurbanlarinin-hatirasina-butunqirim-matem-mitinginin-qarari\/","name":"Q\u0131r\u0131mtatar halq\u0131 genotsidi qurbanlar\u0131n\u0131\u00f1 hat\u0131ras\u0131na B\u00fct\u00fcnq\u0131r\u0131m matem mitingini\u00f1 qarar\u0131 - \u041c\u0435\u0434\u0436\u043b\u0456\u0441","isPartOf":{"@id":"https:\/\/qtmm.org\/qt\/#website"},"primaryImageOfPage":{"@id":"https:\/\/qtmm.org\/qt\/qirimtatar-halqi-genotsidi-qurbanlarinin-hatirasina-butunqirim-matem-mitinginin-qarari\/#primaryimage"},"image":{"@id":"https:\/\/qtmm.org\/qt\/qirimtatar-halqi-genotsidi-qurbanlarinin-hatirasina-butunqirim-matem-mitinginin-qarari\/#primaryimage"},"thumbnailUrl":"https:\/\/qtmm.org\/wp-content\/uploads\/2022\/01\/rezolyuciya_2.jpeg","datePublished":"2012-05-18T16:56:00+00:00","dateModified":"2022-01-21T16:57:33+00:00","breadcrumb":{"@id":"https:\/\/qtmm.org\/qt\/qirimtatar-halqi-genotsidi-qurbanlarinin-hatirasina-butunqirim-matem-mitinginin-qarari\/#breadcrumb"},"inLanguage":"qt","potentialAction":[{"@type":"ReadAction","target":["https:\/\/qtmm.org\/qt\/qirimtatar-halqi-genotsidi-qurbanlarinin-hatirasina-butunqirim-matem-mitinginin-qarari\/"]}]},{"@type":"ImageObject","inLanguage":"qt","@id":"https:\/\/qtmm.org\/qt\/qirimtatar-halqi-genotsidi-qurbanlarinin-hatirasina-butunqirim-matem-mitinginin-qarari\/#primaryimage","url":"https:\/\/qtmm.org\/wp-content\/uploads\/2022\/01\/rezolyuciya_2.jpeg","contentUrl":"https:\/\/qtmm.org\/wp-content\/uploads\/2022\/01\/rezolyuciya_2.jpeg","width":670,"height":310},{"@type":"BreadcrumbList","@id":"https:\/\/qtmm.org\/qt\/qirimtatar-halqi-genotsidi-qurbanlarinin-hatirasina-butunqirim-matem-mitinginin-qarari\/#breadcrumb","itemListElement":[{"@type":"ListItem","position":1,"name":"\u0413\u043e\u043b\u043e\u0432\u043d\u0430","item":"https:\/\/qtmm.org\/qt\/"},{"@type":"ListItem","position":2,"name":"Q\u0131r\u0131mtatar halq\u0131 genotsidi qurbanlar\u0131n\u0131\u00f1 hat\u0131ras\u0131na B\u00fct\u00fcnq\u0131r\u0131m matem mitingini\u00f1 qarar\u0131"}]},{"@type":"WebSite","@id":"https:\/\/qtmm.org\/qt\/#website","url":"https:\/\/qtmm.org\/qt\/","name":"\u041c\u0435\u0434\u0436\u043b\u0456\u0441","description":"","publisher":{"@id":"https:\/\/qtmm.org\/qt\/#organization"},"potentialAction":[{"@type":"SearchAction","target":{"@type":"EntryPoint","urlTemplate":"https:\/\/qtmm.org\/qt\/?s={search_term_string}"},"query-input":{"@type":"PropertyValueSpecification","valueRequired":true,"valueName":"search_term_string"}}],"inLanguage":"qt"},{"@type":"Organization","@id":"https:\/\/qtmm.org\/qt\/#organization","name":"\u041c\u0435\u0434\u0436\u043b\u0456\u0441","url":"https:\/\/qtmm.org\/qt\/","logo":{"@type":"ImageObject","inLanguage":"qt","@id":"https:\/\/qtmm.org\/qt\/#\/schema\/logo\/image\/","url":"https:\/\/qtmm.org\/wp-content\/uploads\/2024\/12\/ua-mejlis-logo-rgb.svg","contentUrl":"https:\/\/qtmm.org\/wp-content\/uploads\/2024\/12\/ua-mejlis-logo-rgb.svg","caption":"\u041c\u0435\u0434\u0436\u043b\u0456\u0441"},"image":{"@id":"https:\/\/qtmm.org\/qt\/#\/schema\/logo\/image\/"},"sameAs":["https:\/\/www.facebook.com\/qtmm.info\/"]},{"@type":"Person","@id":"https:\/\/qtmm.org\/qt\/#\/schema\/person\/de562469f971dec226ac06e60bbf74a7","name":"Developer","image":{"@type":"ImageObject","inLanguage":"qt","@id":"https:\/\/secure.gravatar.com\/avatar\/392b4cc8fbfeb00b39dfeeab4ee6edded39ffd48e25858637e4765810300227e?s=96&d=mm&r=g","url":"https:\/\/secure.gravatar.com\/avatar\/392b4cc8fbfeb00b39dfeeab4ee6edded39ffd48e25858637e4765810300227e?s=96&d=mm&r=g","contentUrl":"https:\/\/secure.gravatar.com\/avatar\/392b4cc8fbfeb00b39dfeeab4ee6edded39ffd48e25858637e4765810300227e?s=96&d=mm&r=g","caption":"Developer"},"url":"https:\/\/qtmm.org\/qt\/author\/Developer\/"}]}},"_links":{"self":[{"href":"https:\/\/qtmm.org\/qt\/wp-json\/wp\/v2\/posts\/31204","targetHints":{"allow":["GET"]}}],"collection":[{"href":"https:\/\/qtmm.org\/qt\/wp-json\/wp\/v2\/posts"}],"about":[{"href":"https:\/\/qtmm.org\/qt\/wp-json\/wp\/v2\/types\/post"}],"author":[{"embeddable":true,"href":"https:\/\/qtmm.org\/qt\/wp-json\/wp\/v2\/users\/1"}],"replies":[{"embeddable":true,"href":"https:\/\/qtmm.org\/qt\/wp-json\/wp\/v2\/comments?post=31204"}],"version-history":[{"count":1,"href":"https:\/\/qtmm.org\/qt\/wp-json\/wp\/v2\/posts\/31204\/revisions"}],"predecessor-version":[{"id":31210,"href":"https:\/\/qtmm.org\/qt\/wp-json\/wp\/v2\/posts\/31204\/revisions\/31210"}],"wp:featuredmedia":[{"embeddable":true,"href":"https:\/\/qtmm.org\/qt\/wp-json\/wp\/v2\/media\/31206"}],"wp:attachment":[{"href":"https:\/\/qtmm.org\/qt\/wp-json\/wp\/v2\/media?parent=31204"}],"wp:term":[{"taxonomy":"category","embeddable":true,"href":"https:\/\/qtmm.org\/qt\/wp-json\/wp\/v2\/categories?post=31204"},{"taxonomy":"post_tag","embeddable":true,"href":"https:\/\/qtmm.org\/qt\/wp-json\/wp\/v2\/tags?post=31204"}],"curies":[{"name":"wp","href":"https:\/\/api.w.org\/{rel}","templated":true}]}}