




{"id":31202,"date":"2012-05-18T19:55:00","date_gmt":"2012-05-18T16:55:00","guid":{"rendered":"http:\/\/qtmm.org\/?p=31202"},"modified":"2022-01-21T19:56:02","modified_gmt":"2022-01-21T16:56:02","slug":"ukrainada-stalinizmnin-gayridan-doguv-telukesi-ve-ukrainada-em-de-dunyada-demokratiya-esaslarini-qorcalav-aqqinda","status":"publish","type":"post","link":"https:\/\/qtmm.org\/qt\/ukrainada-stalinizmnin-gayridan-doguv-telukesi-ve-ukrainada-em-de-dunyada-demokratiya-esaslarini-qorcalav-aqqinda\/","title":{"rendered":"Ukrainada stalinizmni\u00f1 \u011fayr\u0131dan do\u011fuv tel\u00fckesi ve Ukrainada em de d\u00fcnyada demokratiya esaslar\u0131n\u0131 qor\u00e7alav aqq\u0131nda"},"content":{"rendered":"\n<p>2012 senesi may\u0131s 16 k\u00fcn\u00fc Ukraina Yuqar\u0131 \u015euras\u0131 &#8220;Milliy mens\u00fcpligi boyunca s\u00fcrg\u00fcn etilgen halqlarn\u0131\u00f1 aqlar\u0131n\u0131 \u011fayr\u0131dan tiklev aqq\u0131nda&#8221; qanunn\u0131 muzakere etken vaq\u0131tta Ukraina Kommunist partiyas\u0131n\u0131\u00f1 yetek\u00e7isi P\u00f6tr Simonenko SSSR stalin rejimini\u00f1 q\u0131r\u0131mtatarlar\u011fa qar\u015f\u0131 yapqan cinayetni \u2013 1944 senesi may\u0131s 18 s\u00fcrg\u00fcn etil\u00fcvi ve onlarnen y\u0131llar \u011furbet illerde zornen tutul\u011fan\u0131n\u0131 a\u00e7\u0131qtan-a\u00e7\u0131q aqlad\u0131.<\/p>\n\n\n\n<p>Birinci kere Ukraina Kommunist partiyas\u0131n\u0131\u00f1 lideri b\u00f6yle edepsiz ve hayas\u0131z \u015fekilde Ukraina parlamentini\u00f1 minberinden nazizizmnen bir cinaiy dep tan\u0131l\u011fan stalinizm mevkuresine a\u00e7\u0131q\u00e7as\u0131na qoltutqan\u0131n\u0131 numay\u0131\u015f etti.<\/p>\n\n\n\n<p>Evelden Q\u0131r\u0131mtatar halq\u0131n\u0131\u00f1 meclisi, q\u0131r\u0131mtatar cemaat te\u015fkil\u00e2tlar\u0131 stalinizm \u011fayelerini, milliy z\u0131tl\u0131qn\u0131 te\u015fviq etken siyaset\u00e7i ve vazifedar \u015fah\u0131slarn\u0131 cevapk\u00e2rl\u0131qqa \u00e7ekmek aqq\u0131nda defalarca aytt\u0131. L\u00e2kin Ukraina uquqqoruv organlar\u0131na b\u00fct\u00fcn bizim muracaatlar\u0131m\u0131z cevaps\u0131z qald\u0131. Bundan da \u011fayr\u0131 qanl\u0131 cell\u00e2t ve totalitar rejimni\u00f1 esas\u00e7\u0131s\u0131 Stalinge eykel qoymaq, cumhuriyetimiz soqaqlar\u0131nda insanlar ve umumen milletler aras\u0131nda dava qoz\u011faycaq \u00e7e\u015fit-t\u00fcrl\u00fc ne\u015firlerni ve laflarn\u0131 tarqatmaq endi Ukrainan\u0131\u00f1 aliy uquqiy organ\u0131na avu\u015fqan. \u0130\u015fni\u00f1 b\u00f6yle keti\u015fat\u0131 Ukrainan\u0131\u00f1 demokratik esaslar\u0131na balta urmaq areketleri ve devletni\u00f1 milliy havfs\u0131zl\u0131\u011f\u0131na tel\u00fcke eteceginden del\u00e2let bermekte.<\/p>\n\n\n\n<p>Amma, Ukraina halq deputatlar\u0131 parlament minberinden tur\u0131p q\u0131r\u0131mtatar halq\u0131 ve diger milliy azl\u0131qlarn\u0131\u00f1 s\u00fcrg\u00fcnligini aqlamas\u0131 b\u00fct\u00fcn q\u0131r\u0131mtatar halq\u0131n\u0131, ayr\u0131 insanlar ve olarn\u0131\u00f1 nesillerini do\u011frudan-do\u011fru aqaret ete.<\/p>\n\n\n\n<p>Biz, 1944 senesi may\u0131s 18 s\u00fcrg\u00fcnligi qurbanlar\u0131n\u0131\u00f1 hat\u0131ras\u0131na ba\u011f\u0131\u015flan\u011fan B\u00fct\u00fcnq\u0131r\u0131m mitingini\u00f1 i\u015ftirak\u00e7ileri Ukraina Kommunist partiyas\u0131n\u0131\u00f1 lideri P\u00f6tr Simonenko \u00f6z \u00e7\u0131q\u0131\u015f\u0131n\u0131 \u015fahsiy fikir olaraq k\u00f6stermek areketlerini keskin qaralaym\u0131z ve bu \u00e7\u0131q\u0131\u015fn\u0131 Ukraina Yuqar\u0131 \u015euras\u0131nda Ukraina Kommunist partiyas\u0131 fraktsiyas\u0131 cemi azalar\u0131n\u0131\u00f1 pozitsiyas\u0131, dep bilemiz. Bundan kelip \u00e7\u0131qqan\u0131m\u0131z, em de stalinizmni\u00f1 \u011fayelerini nas\u0131l \u015fekilde olsa-olsun tarqat\u0131lmas\u0131 demokratik devletler birligine zarar ketirecegini a\u00f1la\u011fan\u0131m\u0131z alda biz, B\u00fct\u00fcnq\u0131r\u0131m matem mitingini\u00f1 i\u015ftirak\u00e7ileri b\u00fct\u00fcn demokratik devletler, Avropa \u015euras\u0131 Parlament Assambleyas\u0131 ve \u00d6BSE, Avropa Birligi parlamentini P\u00f6tr Simonenkon\u0131\u00f1 serbest d\u00fcnya devletlerine kirmesini em de on\u0131\u00f1 Ukraina parlamentini\u00f1 azas\u0131 s\u0131fat\u0131nda halqara te\u015fkil\u00e2tlarn\u0131\u00f1 i\u015finde i\u015ftirak etmesini yasaqlama\u011fa \u00e7a\u011f\u0131ram\u0131z.<br><br>Biz, d\u00fcnyan\u0131\u00f1 nazizim ve stalinizm \u011fayelerini tarqatmaq qanunlar\u0131 ile yasaq etilgen devlet ve \u00fck\u00fcmetlerni\u00f1 yolba\u015f\u00e7\u0131lar\u0131na olarn\u0131\u00f1 hududlar\u0131na Ukraina Yuqar\u0131 \u015euras\u0131ndaki Ukraina Kommunist partiyas\u0131 fraktsiyas\u0131 azalar\u0131n\u0131\u00f1 kirmesini yasaq etmek ricas\u0131nda bulunam\u0131z.<\/p>\n\n\n\n<p>Biz, Ukraina Prezidenti Viktor Yanukovi\u00e7, Ukraina Yuqar\u0131 \u015euras\u0131n\u0131\u00f1 reisi Vladimir Litvin, Ukraina Ba\u015f naziri Nikolay Azarovdan, \u0130\u00e7ki i\u015fler nazirligi ve Devlet tel\u00fckesizligi h\u0131zmetini\u00f1, Ba\u015f prokuraturas\u0131n\u0131\u00f1 yolba\u015f\u00e7\u0131lar\u0131na Ukraina parlamentinde yap\u0131l\u011fan bu beyanat munasebetinen Ukraina qanunlar\u0131na muvaf\u0131q olsun siyasiy beyanat, olsun ameliy areketler ile \u00f6z resmiy pozitsiyas\u0131n\u0131 bildirmekni talap etemiz.<\/p>\n\n\n\n<p>Eger de devletni\u00f1 yolba\u015f\u00e7\u0131lar\u0131 fa\u015fist stalincilerini\u00f1 bu pis areketlerine i\u00e7 bir t\u00fcrl\u00fc cevaplanmasa biz, Ukraina Anayasas\u0131 talap etkeni kibi, q\u0131r\u0131mtatar halq\u0131n\u0131\u00f1, umumen Ukrainan\u0131\u00f1 \u00e7oqmilletli halq\u0131n\u0131\u00f1 namus\u0131 ve \u015ferefini qor\u00e7alamaq i\u00e7\u00fcn qudretli bir k\u00fc\u00e7 olma\u011fa az\u0131rm\u0131z.<\/p>\n\n\n\n<p><em>Q\u0131r\u0131mtatar halq\u0131 1944 senesi may\u0131s 18 s\u00fcrg\u00fcnligi ve onlarnen y\u0131llar \u011furbet illerde zorluqnen tutul\u011fan\u0131 aqibetinde el\u00e2k ol\u011fanlarn\u0131\u00f1 hat\u0131ras\u0131na ba\u011f\u0131\u015flan\u011fan B\u00fct\u00fcnq\u0131r\u0131m matem mitinginde qabul etildi.<\/em><\/p>\n","protected":false},"excerpt":{"rendered":"<p>2012 senesi may\u0131s 16 k\u00fcn\u00fc Ukraina Yuqar\u0131 \u015euras\u0131 &#8220;Milliy mens\u00fcpligi boyunca s\u00fcrg\u00fcn etilgen halqlarn\u0131\u00f1 aqlar\u0131n\u0131 \u011fayr\u0131dan tiklev aqq\u0131nda&#8221; qanunn\u0131 muzakere etken vaq\u0131tta Ukraina Kommunist partiyas\u0131n\u0131\u00f1 yetek\u00e7isi P\u00f6tr Simonenko SSSR stalin rejimini\u00f1 q\u0131r\u0131mtatarlar\u011fa qar\u015f\u0131 yapqan cinayetni \u2013 1944 senesi may\u0131s 18 s\u00fcrg\u00fcn etil\u00fcvi ve onlarnen y\u0131llar \u011furbet illerde zornen tutul\u011fan\u0131n\u0131 a\u00e7\u0131qtan-a\u00e7\u0131q aqlad\u0131. Birinci kere Ukraina Kommunist [&hellip;]<\/p>\n","protected":false},"author":1,"featured_media":0,"comment_status":"open","ping_status":"open","sticky":false,"template":"","format":"standard","meta":{"inline_featured_image":false,"footnotes":""},"categories":[265],"tags":[],"class_list":["post-31202","post","type-post","status-publish","format-standard","hentry","category-haberler"],"acf":[],"yoast_head":"<!-- This site is optimized with the Yoast SEO plugin v27.4 - https:\/\/yoast.com\/product\/yoast-seo-wordpress\/ -->\n<title>Ukrainada stalinizmni\u00f1 \u011fayr\u0131dan do\u011fuv tel\u00fckesi ve Ukrainada em de d\u00fcnyada demokratiya esaslar\u0131n\u0131 qor\u00e7alav aqq\u0131nda - \u041c\u0435\u0434\u0436\u043b\u0456\u0441<\/title>\n<meta name=\"robots\" content=\"index, follow, max-snippet:-1, max-image-preview:large, max-video-preview:-1\" \/>\n<link rel=\"canonical\" href=\"https:\/\/qtmm.org\/qt\/ukrainada-stalinizmnin-gayridan-doguv-telukesi-ve-ukrainada-em-de-dunyada-demokratiya-esaslarini-qorcalav-aqqinda\/\" \/>\n<meta property=\"og:locale\" content=\"en_US\" \/>\n<meta property=\"og:type\" content=\"article\" \/>\n<meta property=\"og:title\" content=\"Ukrainada stalinizmni\u00f1 \u011fayr\u0131dan do\u011fuv tel\u00fckesi ve Ukrainada em de d\u00fcnyada demokratiya esaslar\u0131n\u0131 qor\u00e7alav aqq\u0131nda - \u041c\u0435\u0434\u0436\u043b\u0456\u0441\" \/>\n<meta property=\"og:description\" content=\"2012 senesi may\u0131s 16 k\u00fcn\u00fc Ukraina Yuqar\u0131 \u015euras\u0131 &#8220;Milliy mens\u00fcpligi boyunca s\u00fcrg\u00fcn etilgen halqlarn\u0131\u00f1 aqlar\u0131n\u0131 \u011fayr\u0131dan tiklev aqq\u0131nda&#8221; qanunn\u0131 muzakere etken vaq\u0131tta Ukraina Kommunist partiyas\u0131n\u0131\u00f1 yetek\u00e7isi P\u00f6tr Simonenko SSSR stalin rejimini\u00f1 q\u0131r\u0131mtatarlar\u011fa qar\u015f\u0131 yapqan cinayetni \u2013 1944 senesi may\u0131s 18 s\u00fcrg\u00fcn etil\u00fcvi ve onlarnen y\u0131llar \u011furbet illerde zornen tutul\u011fan\u0131n\u0131 a\u00e7\u0131qtan-a\u00e7\u0131q aqlad\u0131. Birinci kere Ukraina Kommunist [&hellip;]\" \/>\n<meta property=\"og:url\" content=\"https:\/\/qtmm.org\/qt\/ukrainada-stalinizmnin-gayridan-doguv-telukesi-ve-ukrainada-em-de-dunyada-demokratiya-esaslarini-qorcalav-aqqinda\/\" \/>\n<meta property=\"og:site_name\" content=\"\u041c\u0435\u0434\u0436\u043b\u0456\u0441\" \/>\n<meta property=\"article:publisher\" content=\"https:\/\/www.facebook.com\/qtmm.info\/\" \/>\n<meta property=\"article:published_time\" content=\"2012-05-18T16:55:00+00:00\" \/>\n<meta property=\"article:modified_time\" content=\"2022-01-21T16:56:02+00:00\" \/>\n<meta name=\"author\" content=\"Developer\" \/>\n<meta name=\"twitter:card\" content=\"summary_large_image\" \/>\n<meta name=\"twitter:label1\" content=\"Written by\" \/>\n\t<meta name=\"twitter:data1\" content=\"Developer\" \/>\n\t<meta name=\"twitter:label2\" content=\"Est. reading time\" \/>\n\t<meta name=\"twitter:data2\" content=\"3 minutes\" \/>\n<script type=\"application\/ld+json\" class=\"yoast-schema-graph\">{\"@context\":\"https:\\\/\\\/schema.org\",\"@graph\":[{\"@type\":\"Article\",\"@id\":\"https:\\\/\\\/qtmm.org\\\/qt\\\/ukrainada-stalinizmnin-gayridan-doguv-telukesi-ve-ukrainada-em-de-dunyada-demokratiya-esaslarini-qorcalav-aqqinda\\\/#article\",\"isPartOf\":{\"@id\":\"https:\\\/\\\/qtmm.org\\\/qt\\\/ukrainada-stalinizmnin-gayridan-doguv-telukesi-ve-ukrainada-em-de-dunyada-demokratiya-esaslarini-qorcalav-aqqinda\\\/\"},\"author\":{\"name\":\"Developer\",\"@id\":\"https:\\\/\\\/qtmm.org\\\/qt\\\/#\\\/schema\\\/person\\\/de562469f971dec226ac06e60bbf74a7\"},\"headline\":\"Ukrainada stalinizmni\u00f1 \u011fayr\u0131dan do\u011fuv tel\u00fckesi ve Ukrainada em de d\u00fcnyada demokratiya esaslar\u0131n\u0131 qor\u00e7alav aqq\u0131nda\",\"datePublished\":\"2012-05-18T16:55:00+00:00\",\"dateModified\":\"2022-01-21T16:56:02+00:00\",\"mainEntityOfPage\":{\"@id\":\"https:\\\/\\\/qtmm.org\\\/qt\\\/ukrainada-stalinizmnin-gayridan-doguv-telukesi-ve-ukrainada-em-de-dunyada-demokratiya-esaslarini-qorcalav-aqqinda\\\/\"},\"wordCount\":612,\"commentCount\":0,\"publisher\":{\"@id\":\"https:\\\/\\\/qtmm.org\\\/qt\\\/#organization\"},\"articleSection\":[\"Haberler\"],\"inLanguage\":\"qt\",\"potentialAction\":[{\"@type\":\"CommentAction\",\"name\":\"Comment\",\"target\":[\"https:\\\/\\\/qtmm.org\\\/qt\\\/ukrainada-stalinizmnin-gayridan-doguv-telukesi-ve-ukrainada-em-de-dunyada-demokratiya-esaslarini-qorcalav-aqqinda\\\/#respond\"]}]},{\"@type\":\"WebPage\",\"@id\":\"https:\\\/\\\/qtmm.org\\\/qt\\\/ukrainada-stalinizmnin-gayridan-doguv-telukesi-ve-ukrainada-em-de-dunyada-demokratiya-esaslarini-qorcalav-aqqinda\\\/\",\"url\":\"https:\\\/\\\/qtmm.org\\\/qt\\\/ukrainada-stalinizmnin-gayridan-doguv-telukesi-ve-ukrainada-em-de-dunyada-demokratiya-esaslarini-qorcalav-aqqinda\\\/\",\"name\":\"Ukrainada stalinizmni\u00f1 \u011fayr\u0131dan do\u011fuv tel\u00fckesi ve Ukrainada em de d\u00fcnyada demokratiya esaslar\u0131n\u0131 qor\u00e7alav aqq\u0131nda - \u041c\u0435\u0434\u0436\u043b\u0456\u0441\",\"isPartOf\":{\"@id\":\"https:\\\/\\\/qtmm.org\\\/qt\\\/#website\"},\"datePublished\":\"2012-05-18T16:55:00+00:00\",\"dateModified\":\"2022-01-21T16:56:02+00:00\",\"breadcrumb\":{\"@id\":\"https:\\\/\\\/qtmm.org\\\/qt\\\/ukrainada-stalinizmnin-gayridan-doguv-telukesi-ve-ukrainada-em-de-dunyada-demokratiya-esaslarini-qorcalav-aqqinda\\\/#breadcrumb\"},\"inLanguage\":\"qt\",\"potentialAction\":[{\"@type\":\"ReadAction\",\"target\":[\"https:\\\/\\\/qtmm.org\\\/qt\\\/ukrainada-stalinizmnin-gayridan-doguv-telukesi-ve-ukrainada-em-de-dunyada-demokratiya-esaslarini-qorcalav-aqqinda\\\/\"]}]},{\"@type\":\"BreadcrumbList\",\"@id\":\"https:\\\/\\\/qtmm.org\\\/qt\\\/ukrainada-stalinizmnin-gayridan-doguv-telukesi-ve-ukrainada-em-de-dunyada-demokratiya-esaslarini-qorcalav-aqqinda\\\/#breadcrumb\",\"itemListElement\":[{\"@type\":\"ListItem\",\"position\":1,\"name\":\"\u0413\u043e\u043b\u043e\u0432\u043d\u0430\",\"item\":\"https:\\\/\\\/qtmm.org\\\/qt\\\/\"},{\"@type\":\"ListItem\",\"position\":2,\"name\":\"Ukrainada stalinizmni\u00f1 \u011fayr\u0131dan do\u011fuv tel\u00fckesi ve Ukrainada em de d\u00fcnyada demokratiya esaslar\u0131n\u0131 qor\u00e7alav aqq\u0131nda\"}]},{\"@type\":\"WebSite\",\"@id\":\"https:\\\/\\\/qtmm.org\\\/qt\\\/#website\",\"url\":\"https:\\\/\\\/qtmm.org\\\/qt\\\/\",\"name\":\"\u041c\u0435\u0434\u0436\u043b\u0456\u0441\",\"description\":\"\",\"publisher\":{\"@id\":\"https:\\\/\\\/qtmm.org\\\/qt\\\/#organization\"},\"potentialAction\":[{\"@type\":\"SearchAction\",\"target\":{\"@type\":\"EntryPoint\",\"urlTemplate\":\"https:\\\/\\\/qtmm.org\\\/qt\\\/?s={search_term_string}\"},\"query-input\":{\"@type\":\"PropertyValueSpecification\",\"valueRequired\":true,\"valueName\":\"search_term_string\"}}],\"inLanguage\":\"qt\"},{\"@type\":\"Organization\",\"@id\":\"https:\\\/\\\/qtmm.org\\\/qt\\\/#organization\",\"name\":\"\u041c\u0435\u0434\u0436\u043b\u0456\u0441\",\"url\":\"https:\\\/\\\/qtmm.org\\\/qt\\\/\",\"logo\":{\"@type\":\"ImageObject\",\"inLanguage\":\"qt\",\"@id\":\"https:\\\/\\\/qtmm.org\\\/qt\\\/#\\\/schema\\\/logo\\\/image\\\/\",\"url\":\"https:\\\/\\\/qtmm.org\\\/wp-content\\\/uploads\\\/2024\\\/12\\\/ua-mejlis-logo-rgb.svg\",\"contentUrl\":\"https:\\\/\\\/qtmm.org\\\/wp-content\\\/uploads\\\/2024\\\/12\\\/ua-mejlis-logo-rgb.svg\",\"caption\":\"\u041c\u0435\u0434\u0436\u043b\u0456\u0441\"},\"image\":{\"@id\":\"https:\\\/\\\/qtmm.org\\\/qt\\\/#\\\/schema\\\/logo\\\/image\\\/\"},\"sameAs\":[\"https:\\\/\\\/www.facebook.com\\\/qtmm.info\\\/\"]},{\"@type\":\"Person\",\"@id\":\"https:\\\/\\\/qtmm.org\\\/qt\\\/#\\\/schema\\\/person\\\/de562469f971dec226ac06e60bbf74a7\",\"name\":\"Developer\",\"image\":{\"@type\":\"ImageObject\",\"inLanguage\":\"qt\",\"@id\":\"https:\\\/\\\/secure.gravatar.com\\\/avatar\\\/392b4cc8fbfeb00b39dfeeab4ee6edded39ffd48e25858637e4765810300227e?s=96&d=mm&r=g\",\"url\":\"https:\\\/\\\/secure.gravatar.com\\\/avatar\\\/392b4cc8fbfeb00b39dfeeab4ee6edded39ffd48e25858637e4765810300227e?s=96&d=mm&r=g\",\"contentUrl\":\"https:\\\/\\\/secure.gravatar.com\\\/avatar\\\/392b4cc8fbfeb00b39dfeeab4ee6edded39ffd48e25858637e4765810300227e?s=96&d=mm&r=g\",\"caption\":\"Developer\"},\"url\":\"https:\\\/\\\/qtmm.org\\\/qt\\\/author\\\/Developer\\\/\"}]}<\/script>\n<!-- \/ Yoast SEO plugin. -->","yoast_head_json":{"title":"Ukrainada stalinizmni\u00f1 \u011fayr\u0131dan do\u011fuv tel\u00fckesi ve Ukrainada em de d\u00fcnyada demokratiya esaslar\u0131n\u0131 qor\u00e7alav aqq\u0131nda - \u041c\u0435\u0434\u0436\u043b\u0456\u0441","robots":{"index":"index","follow":"follow","max-snippet":"max-snippet:-1","max-image-preview":"max-image-preview:large","max-video-preview":"max-video-preview:-1"},"canonical":"https:\/\/qtmm.org\/qt\/ukrainada-stalinizmnin-gayridan-doguv-telukesi-ve-ukrainada-em-de-dunyada-demokratiya-esaslarini-qorcalav-aqqinda\/","og_locale":"en_US","og_type":"article","og_title":"Ukrainada stalinizmni\u00f1 \u011fayr\u0131dan do\u011fuv tel\u00fckesi ve Ukrainada em de d\u00fcnyada demokratiya esaslar\u0131n\u0131 qor\u00e7alav aqq\u0131nda - \u041c\u0435\u0434\u0436\u043b\u0456\u0441","og_description":"2012 senesi may\u0131s 16 k\u00fcn\u00fc Ukraina Yuqar\u0131 \u015euras\u0131 &#8220;Milliy mens\u00fcpligi boyunca s\u00fcrg\u00fcn etilgen halqlarn\u0131\u00f1 aqlar\u0131n\u0131 \u011fayr\u0131dan tiklev aqq\u0131nda&#8221; qanunn\u0131 muzakere etken vaq\u0131tta Ukraina Kommunist partiyas\u0131n\u0131\u00f1 yetek\u00e7isi P\u00f6tr Simonenko SSSR stalin rejimini\u00f1 q\u0131r\u0131mtatarlar\u011fa qar\u015f\u0131 yapqan cinayetni \u2013 1944 senesi may\u0131s 18 s\u00fcrg\u00fcn etil\u00fcvi ve onlarnen y\u0131llar \u011furbet illerde zornen tutul\u011fan\u0131n\u0131 a\u00e7\u0131qtan-a\u00e7\u0131q aqlad\u0131. Birinci kere Ukraina Kommunist [&hellip;]","og_url":"https:\/\/qtmm.org\/qt\/ukrainada-stalinizmnin-gayridan-doguv-telukesi-ve-ukrainada-em-de-dunyada-demokratiya-esaslarini-qorcalav-aqqinda\/","og_site_name":"\u041c\u0435\u0434\u0436\u043b\u0456\u0441","article_publisher":"https:\/\/www.facebook.com\/qtmm.info\/","article_published_time":"2012-05-18T16:55:00+00:00","article_modified_time":"2022-01-21T16:56:02+00:00","author":"Developer","twitter_card":"summary_large_image","twitter_misc":{"Written by":"Developer","Est. reading time":"3 minutes"},"schema":{"@context":"https:\/\/schema.org","@graph":[{"@type":"Article","@id":"https:\/\/qtmm.org\/qt\/ukrainada-stalinizmnin-gayridan-doguv-telukesi-ve-ukrainada-em-de-dunyada-demokratiya-esaslarini-qorcalav-aqqinda\/#article","isPartOf":{"@id":"https:\/\/qtmm.org\/qt\/ukrainada-stalinizmnin-gayridan-doguv-telukesi-ve-ukrainada-em-de-dunyada-demokratiya-esaslarini-qorcalav-aqqinda\/"},"author":{"name":"Developer","@id":"https:\/\/qtmm.org\/qt\/#\/schema\/person\/de562469f971dec226ac06e60bbf74a7"},"headline":"Ukrainada stalinizmni\u00f1 \u011fayr\u0131dan do\u011fuv tel\u00fckesi ve Ukrainada em de d\u00fcnyada demokratiya esaslar\u0131n\u0131 qor\u00e7alav aqq\u0131nda","datePublished":"2012-05-18T16:55:00+00:00","dateModified":"2022-01-21T16:56:02+00:00","mainEntityOfPage":{"@id":"https:\/\/qtmm.org\/qt\/ukrainada-stalinizmnin-gayridan-doguv-telukesi-ve-ukrainada-em-de-dunyada-demokratiya-esaslarini-qorcalav-aqqinda\/"},"wordCount":612,"commentCount":0,"publisher":{"@id":"https:\/\/qtmm.org\/qt\/#organization"},"articleSection":["Haberler"],"inLanguage":"qt","potentialAction":[{"@type":"CommentAction","name":"Comment","target":["https:\/\/qtmm.org\/qt\/ukrainada-stalinizmnin-gayridan-doguv-telukesi-ve-ukrainada-em-de-dunyada-demokratiya-esaslarini-qorcalav-aqqinda\/#respond"]}]},{"@type":"WebPage","@id":"https:\/\/qtmm.org\/qt\/ukrainada-stalinizmnin-gayridan-doguv-telukesi-ve-ukrainada-em-de-dunyada-demokratiya-esaslarini-qorcalav-aqqinda\/","url":"https:\/\/qtmm.org\/qt\/ukrainada-stalinizmnin-gayridan-doguv-telukesi-ve-ukrainada-em-de-dunyada-demokratiya-esaslarini-qorcalav-aqqinda\/","name":"Ukrainada stalinizmni\u00f1 \u011fayr\u0131dan do\u011fuv tel\u00fckesi ve Ukrainada em de d\u00fcnyada demokratiya esaslar\u0131n\u0131 qor\u00e7alav aqq\u0131nda - \u041c\u0435\u0434\u0436\u043b\u0456\u0441","isPartOf":{"@id":"https:\/\/qtmm.org\/qt\/#website"},"datePublished":"2012-05-18T16:55:00+00:00","dateModified":"2022-01-21T16:56:02+00:00","breadcrumb":{"@id":"https:\/\/qtmm.org\/qt\/ukrainada-stalinizmnin-gayridan-doguv-telukesi-ve-ukrainada-em-de-dunyada-demokratiya-esaslarini-qorcalav-aqqinda\/#breadcrumb"},"inLanguage":"qt","potentialAction":[{"@type":"ReadAction","target":["https:\/\/qtmm.org\/qt\/ukrainada-stalinizmnin-gayridan-doguv-telukesi-ve-ukrainada-em-de-dunyada-demokratiya-esaslarini-qorcalav-aqqinda\/"]}]},{"@type":"BreadcrumbList","@id":"https:\/\/qtmm.org\/qt\/ukrainada-stalinizmnin-gayridan-doguv-telukesi-ve-ukrainada-em-de-dunyada-demokratiya-esaslarini-qorcalav-aqqinda\/#breadcrumb","itemListElement":[{"@type":"ListItem","position":1,"name":"\u0413\u043e\u043b\u043e\u0432\u043d\u0430","item":"https:\/\/qtmm.org\/qt\/"},{"@type":"ListItem","position":2,"name":"Ukrainada stalinizmni\u00f1 \u011fayr\u0131dan do\u011fuv tel\u00fckesi ve Ukrainada em de d\u00fcnyada demokratiya esaslar\u0131n\u0131 qor\u00e7alav aqq\u0131nda"}]},{"@type":"WebSite","@id":"https:\/\/qtmm.org\/qt\/#website","url":"https:\/\/qtmm.org\/qt\/","name":"\u041c\u0435\u0434\u0436\u043b\u0456\u0441","description":"","publisher":{"@id":"https:\/\/qtmm.org\/qt\/#organization"},"potentialAction":[{"@type":"SearchAction","target":{"@type":"EntryPoint","urlTemplate":"https:\/\/qtmm.org\/qt\/?s={search_term_string}"},"query-input":{"@type":"PropertyValueSpecification","valueRequired":true,"valueName":"search_term_string"}}],"inLanguage":"qt"},{"@type":"Organization","@id":"https:\/\/qtmm.org\/qt\/#organization","name":"\u041c\u0435\u0434\u0436\u043b\u0456\u0441","url":"https:\/\/qtmm.org\/qt\/","logo":{"@type":"ImageObject","inLanguage":"qt","@id":"https:\/\/qtmm.org\/qt\/#\/schema\/logo\/image\/","url":"https:\/\/qtmm.org\/wp-content\/uploads\/2024\/12\/ua-mejlis-logo-rgb.svg","contentUrl":"https:\/\/qtmm.org\/wp-content\/uploads\/2024\/12\/ua-mejlis-logo-rgb.svg","caption":"\u041c\u0435\u0434\u0436\u043b\u0456\u0441"},"image":{"@id":"https:\/\/qtmm.org\/qt\/#\/schema\/logo\/image\/"},"sameAs":["https:\/\/www.facebook.com\/qtmm.info\/"]},{"@type":"Person","@id":"https:\/\/qtmm.org\/qt\/#\/schema\/person\/de562469f971dec226ac06e60bbf74a7","name":"Developer","image":{"@type":"ImageObject","inLanguage":"qt","@id":"https:\/\/secure.gravatar.com\/avatar\/392b4cc8fbfeb00b39dfeeab4ee6edded39ffd48e25858637e4765810300227e?s=96&d=mm&r=g","url":"https:\/\/secure.gravatar.com\/avatar\/392b4cc8fbfeb00b39dfeeab4ee6edded39ffd48e25858637e4765810300227e?s=96&d=mm&r=g","contentUrl":"https:\/\/secure.gravatar.com\/avatar\/392b4cc8fbfeb00b39dfeeab4ee6edded39ffd48e25858637e4765810300227e?s=96&d=mm&r=g","caption":"Developer"},"url":"https:\/\/qtmm.org\/qt\/author\/Developer\/"}]}},"_links":{"self":[{"href":"https:\/\/qtmm.org\/qt\/wp-json\/wp\/v2\/posts\/31202","targetHints":{"allow":["GET"]}}],"collection":[{"href":"https:\/\/qtmm.org\/qt\/wp-json\/wp\/v2\/posts"}],"about":[{"href":"https:\/\/qtmm.org\/qt\/wp-json\/wp\/v2\/types\/post"}],"author":[{"embeddable":true,"href":"https:\/\/qtmm.org\/qt\/wp-json\/wp\/v2\/users\/1"}],"replies":[{"embeddable":true,"href":"https:\/\/qtmm.org\/qt\/wp-json\/wp\/v2\/comments?post=31202"}],"version-history":[{"count":1,"href":"https:\/\/qtmm.org\/qt\/wp-json\/wp\/v2\/posts\/31202\/revisions"}],"predecessor-version":[{"id":31203,"href":"https:\/\/qtmm.org\/qt\/wp-json\/wp\/v2\/posts\/31202\/revisions\/31203"}],"wp:attachment":[{"href":"https:\/\/qtmm.org\/qt\/wp-json\/wp\/v2\/media?parent=31202"}],"wp:term":[{"taxonomy":"category","embeddable":true,"href":"https:\/\/qtmm.org\/qt\/wp-json\/wp\/v2\/categories?post=31202"},{"taxonomy":"post_tag","embeddable":true,"href":"https:\/\/qtmm.org\/qt\/wp-json\/wp\/v2\/tags?post=31202"}],"curies":[{"name":"wp","href":"https:\/\/api.w.org\/{rel}","templated":true}]}}