




{"id":31200,"date":"2012-05-18T19:54:00","date_gmt":"2012-05-18T16:54:00","guid":{"rendered":"http:\/\/qtmm.org\/?p=31200"},"modified":"2022-01-21T19:55:21","modified_gmt":"2022-01-21T16:55:21","slug":"milli-meclis-reisinin-18-mayis-2012-konushmasi","status":"publish","type":"post","link":"https:\/\/qtmm.org\/qt\/milli-meclis-reisinin-18-mayis-2012-konushmasi\/","title":{"rendered":"Milli Meclis reisinin 18 Mayis 2012 konushmasi"},"content":{"rendered":"\n<p>Sayg\u0131l\u0131 vatanda\u015flar\u0131m\u0131z ve bizimle beraber matem k\u00fcn\u00fc\u011fm\u00fczn\u00fc qaydetmek i\u00e7in Ukrayna&#8217;n\u0131n \u00e7e\u015fit b\u00f6lgelerinden, kom\u015fu ve uzaq \u00fclkelerden kelgen q\u0131ymetli misafirlerimiz!<\/p>\n\n\n\n<p>Mal\u00fcm oldu\u011fu kibi, halq\u0131m\u0131z i\u00e7in bu en manal\u0131 k\u00fcnde bizler adeta 1944 y\u0131l\u0131n s\u00fcrg\u00fcn\u00fc esnas\u0131nda ve gurbet topraqlar\u0131na \u00f6lgen ve \u00f6ld\u00fcr\u00fclgen insanlar\u0131m\u0131z\u0131n ruhlar\u0131na dua etmekle beraber, bu facian\u0131n neticelerini ne derecede d\u00fczeltip oldu\u011fumuz ve ileride bu yolda neler yap\u0131lmas\u0131 kerek oldu\u011fu hususta da fikirle\u015femiz.<\/p>\n\n\n\n<p>\u0130\u015fte ben de, ke\u00e7ken senenin neticeleri ve ileride bizleri bekleyen baz\u0131 \u00f6nemli vakialar hususta b\u0131rqa\u00e7 s\u00f6z s\u00f6ylemek isteyim.<\/p>\n\n\n\n<p>E\u011fer ke\u00e7ken y\u0131l\u0131n 18 May\u0131s\u0131ndan bu k\u00fcnge qadar sayacaq olsaq, birqa\u00e7 hem olumlu, milli haq-huquqlar\u0131m\u0131z\u0131 iade edilmesi yolunda ol\u011fan, ve ayni zaman olumsuz, yani geriye ad\u0131m kibi de\u011ferlendirmek m\u00fcmk\u00fcn ol\u011fan vakialar da olup ke\u00e7ti.<\/p>\n\n\n\n<p>Olumlu olaylar s\u0131ras\u0131na esas olaraq bu sene 11 Ocaqta (Yanvarda) Ukrayna Yuqar\u0131 \u015euras\u0131nda devletin etnik politikas\u0131na ba\u011f\u0131\u015flanan mahsus oturumu ve bu oturumda kabul etilgen baz\u0131 tavsiyelerni hesaba almaq m\u00fcmk\u00fcnd\u00fcr. Bu tavsiyelerin s\u0131ras\u0131nda bizim i\u00e7in en \u00f6nemli ol\u011fan maddeler \u015fu ki, burada Ukrayna devletinin etnik politikas\u0131n\u0131n konsepsiyas\u0131n\u0131n kabul etilmesi kerek oldu\u011fu ve Q\u0131r\u0131m Tatarlar\u0131n vaziyetini m\u00fczakere etmek, olarn\u0131n sorunlar\u0131n\u0131 \u00e7\u00f6zmek i\u00e7in bir uluslararas\u0131 forum ke\u00e7irilmesi hususta da s\u00f6z y\u00fcr\u00fct\u00fclmektedir.<\/p>\n\n\n\n<p>Bu tavsiyelerge esaslanaraq Ukrayna Yukar\u0131 \u015euras\u0131na milli-etnik konsepsiyas\u0131 hususta ikki kanun projesi teslim etildi &#8211; birisi Q\u0131r\u0131m Tatar Milli Meclisi taraf\u0131ndan haz\u0131rlan\u011fan proje, ikkincisi ise Ukrayna ba\u015fbakanl\u0131\u011f\u0131 taraf\u0131ndan. Projelerin ikkisinde de &#8216;tam\u0131r halqlar&#8217; kelimesine a\u00e7\u0131klamalar verile ve bu projelerin birdebiri parlamento taraf\u0131ndan qab\u00fcl etildi\u011fi taqdirde Q\u0131r\u0131m Tatar halk\u0131 Ukrayna devletinde &#8216;tam\u0131r halk\u0131&#8217; olaraq tan\u0131lacaq ve buna k\u00f6re halq\u0131m\u0131z\u0131n haq-huquqlar\u0131n\u0131 qor\u00e7alayacaq kerekli qanunlar\u0131m qab\u00fcl etilmesine yol a\u00e7\u0131lacaqt\u0131r. Bundan da gayr\u0131, Ukrayna devletine Birle\u015fik Devletler taraf\u0131ndan birqa\u00e7 y\u0131l \u00f6nce qab\u00fcl etti\u011fi tam\u0131r haqlar\u0131n\u0131n haq-huquqlar\u0131 hususta deklaras\u0131n\u0131 imzalama\u011fa nihayet imkan yarat\u0131lavaqt\u0131r.<\/p>\n\n\n\n<p>\u00c7oq y\u0131llar devam\u0131nda qab\u00fcl etilmesinin talap etti\u011fimiz Q\u0131r\u0131m Tatar halq\u0131n\u0131n ve di\u011fer s\u00fcrg\u00fcnl\u00fckke u\u011frat\u0131l\u011fan milli az\u0131nl\u0131qlar\u0131n\u0131n haklar\u0131 iade edilmesi hususta qanun daha qab\u00fcl etilmedi. Mal\u00fcm oldu\u011fu kibi, 2010 senesi Ukrayna cumhurba\u015fkan\u0131 V.Yanukovi\u00e7&nbsp;&nbsp; K\u0131r\u0131m&#8217;\u0131&nbsp;&nbsp; ziyaret&nbsp;&nbsp; etti\u011finden&nbsp;&nbsp; sonra&nbsp;&nbsp; onun&nbsp;&nbsp; taraf\u0131ndan&nbsp;&nbsp; bizim&nbsp;&nbsp; birka\u00e7 meselelerimizni \u00e7\u00f6zmek i\u00e7in niyetlendirilgen \u00e7e\u015fit devlet maqamlar\u0131na talimatlar\u0131 ol\u011fan edi.&nbsp; Bu talimatlar aras\u0131nda&nbsp; Ukrayna ba\u015fbaqanl\u0131\u011f\u0131na Q\u0131r\u0131m Tatarlar\u0131n ve di\u011fer s\u00fcrg\u00fcnl\u00fckke u\u011frat\u0131l\u011fan toplumlar\u0131n haqlar\u0131 iade etilmesi qonuda qanunu tesce qabul etilmesi i\u00e7in kerekli \u00e7al\u0131\u015fmalar yap\u0131lmas\u0131 haqq\u0131nda da vazife verilgen edi. Ama bu talimat yerine ketirilmedi.<\/p>\n\n\n\n<p>Bu qanun qab\u00fcl etilmesi \u00e7oq zarur oldu\u011fu hususta uluslararas\u0131 te\u015fkilatlar da ve bu s\u0131rada birqa\u00e7 kere AGIT&#8217;in milli az\u0131nl\u0131qlar komisarl\u0131\u011f\u0131 da hat\u0131rlatqan edi. Nihayet, birqa\u00e7 hafta evvel Ukrayna parlamentosunun \u00e7o\u011funlu\u011fu te\u015fkil etken koalisyon bu qanun i\u00e7in oy vermeye haz\u0131r oldu\u011funu haber ettiler. Qanun baq\u0131lmas\u0131 18 May\u0131s k\u00fcn\u00fcne tayin etilgen edi, ama men, halk\u0131m\u0131z\u0131n s\u00fcrg\u00fcn\u00fcn y\u0131ld\u00f6n\u00fcm\u00fcnde, yani bug\u00fcnsizlere ilan etmek i\u00e7in hi\u00e7 olmad\u0131qta bir hay\u0131rl\u0131 haber olsun diye, parlamento spikerine rica ettim ve mesele 16 May\u0131ska ke\u00e7irildi.<\/p>\n\n\n\n<p>\u0130\u015fte \u00f6b\u00fcrs\u00fc (t\u00fcnevinden \u00f6nceki g\u00fcn) bu qanun parlamentoda baq\u0131ld\u0131. B\u00fcy\u00fck \u00e7o\u011funuz bu qanun etraf\u0131nda parlamentoda olup ke\u00e7ken tart\u0131\u015fman\u0131 televizyonda izlegensizdir. Orada bu qanunu destekleyen, bu qanun Q\u0131r\u0131m Tatar halq\u0131na qar\u015f\u0131 adalet olmas\u0131 i\u00e7in, devlette milletleraras\u0131 bar\u0131\u015f ve qarde\u015flik m\u00fcnasebetler olmas\u0131 i\u00e7in, devletin istiqrar\u0131 i\u00e7in, onun d\u00fcnyadaki prestiji i\u00e7in mutlaqa qab\u00fcl etilmesi lazim oldu\u011funu anlatmaya \u00e7al\u0131\u015fan namuslu deputatlarnen beraber, a\u011f\u0131zlar\u0131 zeher dolu, halq\u0131m\u0131z\u011fa qar\u015f\u0131 haqaretler p\u00fcsk\u00fcren ve kesinlikle bu qanun qabul edilmesine qar\u015f\u0131 ol\u011fan iktidar koalisyonun z\u0131nc\u0131rl\u0131 k\u00f6pe\u011fi &#8211; Kom\u00fcnist partisinin ba\u015fqan\u0131n ve onun yard\u0131mc\u0131s\u0131n s\u00f6zlerini de i\u015fitkensizdir. Neticede qanun qab\u00fcl etilmesi i\u00e7in, 440 qadar qay\u0131ttan ke\u00e7ken deputatlardan yaln\u0131z 177 deputat oy verdi. B\u00f6ylelikle, hem halq\u0131m\u0131z i\u00e7in qanun da qab\u00fcl etilmedi, hem de Stalin zaman\u0131nda oldu\u011fu kibi milletimize qar\u015f\u0131 haqaretler ve pis s\u00f6zler i\u015fittik.<\/p>\n\n\n\n<p>\u0130\u015fte Q\u0131r\u0131m Tatar halq\u0131n\u0131n haq-huquqlar\u0131 iade etilmesi meselesinde Ukrayana parlamentosunda siyasi g\u00fc\u00e7lerin oran\u0131 \u015fudur.<\/p>\n\n\n\n<p>Ama elbette, Q\u0131r\u0131m Tatar halq\u0131n\u0131n do\u011fal haqlar\u0131 iade etimesi i\u00e7in k\u00fcre\u015f, hem parlamentoda ve hem de di\u011fer alanlarda, devam etecektir, d\u00fc\u015fmanlar\u0131m\u0131z\u0131n bu kibi \u015f\u00fcpheli zaferleri \u00e7oq s\u00fcrmeyecektir. \u00c7\u00fcnki Ukrayana&#8217;n\u0131n ve hem de d\u00fcnyan\u0131n demokratik g\u00fc\u00e7leri bizim taraftad\u0131r.<\/p>\n\n\n\n<p>Ke\u00e7ken y\u0131l\u0131n olumsuz vaqialar\u0131 s\u0131ras\u0131nda, elbette, devlet b\u00fccesinden halkq\u0131m\u0131z\u0131n sosyal problemlerine ayr\u0131lan maaliyetin miqtar\u0131 keskin k\u0131salt\u0131lmas\u0131, Q\u0131r\u0131m Tatarlar\u0131n devlet i\u015flerine qab\u00fcl etme meselesinde diskriminasyon devam etmesi, devlet strukturlar\u0131nda \u00f6yle de az say\u0131da \u00e7al\u0131\u015fqan Q\u0131r\u0131m Tatarlar\u0131n say\u0131s\u0131 daha ziyade azalmas\u0131, cumhurba\u015fkan\u0131nen Q\u0131r\u0131m Tatar halq\u0131n\u0131n temsilcileri kor\u00fc\u015fmesi tamamile durduruldu\u011fu ve daha birqa\u00e7 meseleleri qaydetmek m\u00fcmk\u00fcn.<\/p>\n\n\n\n<p>Sonki 8 y\u0131l devam\u0131nda oldu\u011fu kibi ke\u00e7ken senede de Q\u0131r\u0131m Tatar tilinde oqutan hi\u00e7bir yeni mektep qurulmad\u0131 ve bu meselede vaziyet son derece kritik.<\/p>\n\n\n\n<p>Topraq meselesinde de \u00f6nemli ad\u0131mlar at\u0131lmad\u0131.<\/p>\n\n\n\n<p>S\u00fcrg\u00fcnl\u00fckte, gurbet topraqlar\u0131nda ya\u015fa\u011fan soyda\u015flar\u0131m\u0131z\u0131n, bunlar\u0131n aras\u0131nda b\u00fcy\u00fck zorluqlarnen olsada, art\u0131q Ukrayna vatanda\u015fl\u0131\u011f\u0131na ke\u00e7kenlerin bile \u00f6z vatanlar\u0131na qayt\u0131p kelmesi i\u00e7in devlet taraf\u0131ndan hi\u00e7bir ad\u0131m yap\u0131lmad\u0131.<\/p>\n\n\n\n<p>Ke\u00e7ken y\u0131l\u0131n sonunda qab\u00fcl etilgen Ukrayna \u0130mar kanununda da halq\u0131m\u0131z\u0131n menfaatlar\u0131na b\u00fcy\u00fck zarar ketirecek maddeler var. Elbette bu kanun mahsus Q\u0131r\u0131m Tatarlar\u0131na zarar ketirmek i\u00e7in kabul etilmedi, ama muhaqqaq bu qanun iqtidarda olanlar\u0131n Q\u0131r\u0131m Tatarlar\u0131n problemlerine diqqats\u0131zl\u0131\u011f\u0131n ve qay\u0131ts\u0131zl\u0131\u011f\u0131n bir ifadesidir.<\/p>\n\n\n\n<p>Rus dilinde yay\u0131nlarda ve ayr\u0131ca \u0131nternet saytlarda Q\u0131r\u0131m Tatar halq\u0131na qar\u015f\u0131 ve birinci s\u0131rada bu milleti temsil etken qurulu\u015fqa &#8211; Milli Meclisimizge qar\u015f\u0131 zeher dolu propaganda devam ete.<\/p>\n\n\n\n<p>Halq\u0131m\u0131zn\u0131 b\u00f6lmek ve aram\u0131zda kavga \u00e7\u0131qarmaq i\u00e7in y\u00f6netilgen \u00e7al\u0131\u015fmalar bu sene daha ziyade aktivle\u015fti.<\/p>\n\n\n\n<p>Mal\u00fcm oldu\u011fu kibi, Q\u0131r\u0131m Tatarlar\u0131na ve birinci s\u0131rada olarn\u0131n milli organ\u0131 Meclis&#8217;ke d\u00fc\u015fmanca baqan siyasi quvvetler hem Ukrayna i\u00e7erisinde ve qom\u015fu memlekette gayet \u00e7oq. Qom\u015fu memleketi bizlerge \u00e7oq z\u0131t, \u00e7\u00fcnki bizim siyasiy pozisyonumuz, davran\u0131\u015flar\u0131m\u0131z ve asl\u0131nda bu topraqta var oldu\u011fumyz olar\u0131n Q\u0131r\u0131m&#8217;da stratejik menfaatlar\u0131n\u0131 ger\u00e7ekle\u015ftirilmesine problemler yarata ekenmi\u015f. \u00d6z devletimizde de bizleri savmeyenlerin say\u0131s\u0131 quvvetler epeyce \u00e7ok, \u00e7\u00fcnki devlet organlar\u0131 bizleri Q\u0131r\u0131m yar\u0131madas\u0131nda esas muhalefet bir siyasi g\u00fc\u00e7 olaraq koreler. Onun i\u00e7in ikki taraf da Meclisimizn\u0131 zaiflatmaq, ona qar\u015f\u0131l\u0131q Q\u0131r\u0131m Tatar halq\u0131n i\u00e7inden bir siyasi g\u00fc\u00e7 yaratmaq, aram\u0131z\u0131 bozmaq, insanlar\u0131m\u0131z aras\u0131nda qav\u011fa \u00e7\u0131qarmak istekleri var. Bu niyetleri ger\u00e7ekle\u015ftirmek i\u00e7in ikki taraftan da b\u00fcy\u00fck paralar ayr\u0131la, daha Sovyet zaman\u0131nda organlar taraf\u0131ndan Milli hareketimizge soqul\u011fan hainler harekeiendirile ve yeni pislikler kiralanmaqtad\u0131r. Ama eminim ki, \u00e7oq y\u0131llardan beri \u00f6z haqlar\u0131 i\u00e7in k\u00fcre\u015fken ve bu k\u00fcre\u015fte b\u00fcy\u00fck tecr\u00fcbesi ol\u011fan Q\u0131r\u0131m Tatar halq\u0131n\u0131 h\u00fc\u00e7 bir kimse par\u00e7alap olamaz.<\/p>\n\n\n\n<p>Ke\u00e7ken sene 18 May\u0131s maten mitinginde qab\u00fcl etti\u011fimiz rezol\u00fctsiyada, bildi\u011finiz kibi, Q\u0131r\u0131m Tatar halq\u0131n\u0131n sosyal ve siyasi durumunu m\u00fczakere etmek ve kerekli qararlar almaq i\u00e7in Q\u0131r\u0131m Tatar Milli Meclisine mahsus bir uluslararas\u0131 forum toplamas\u0131 i\u00e7in uygun \u00e7al\u0131\u015fmalar yap\u0131lmas\u0131 hususta vazife verilgen edi. Bu rezol\u00fctsiyan\u0131n taleplerini yerine ketirmek i\u00e7in Milli Meclis taraf\u0131ndan hep kerekli hareketler yap\u0131ld\u0131. Avropa&#8217;n\u0131n \u00f6nde gelen devletlerin, Amerika, Kanada ve daha birka\u00e7 \u00fclkelerin diplomatik misyonlar\u0131nen, Avropa Birli\u011fi&nbsp;&nbsp;&nbsp; ve di\u011fer uluslararas\u0131 te\u015fkilatlar\u0131n temsilcilerinen k\u00f6r\u00fc\u015fmeler yap\u0131ld\u0131 ve hepsinin b\u00f6yle forum Avrupa G\u00fcvensizlik ve \u0130\u015fbirlik te\u015fkilat\u0131 himayesinde ge\u00e7irilmesi hususta tam deste\u011fi al\u0131nd\u0131.<\/p>\n\n\n\n<p>Ukrayna&#8217;n\u0131n \u00e7e\u015fit y\u00fcksek maqamlar\u0131na da bu hususta mekt\u00fcpler yollan\u0131ld\u0131 ve cevaplar al\u0131nd\u0131. Cevaplar\u0131na k\u00f6re, onlar b\u00f6yle forum ke\u00e7irilmesine prensip olaraq qar\u015f\u0131 de\u011filler, ama, d\u00fc\u015f\u00fcncelerine k\u00f6re, ba\u015fta s\u00fcrg\u00fcnl\u00fckke u\u011frat\u0131lan toplumlar\u0131n haq-huquklar\u0131 iade edilmesi qonuda qanun qab\u00fcl edilmesi ve olar\u0131n sosyal problemleri \u00e7\u00f6z\u00fclmesine ait program tasd\u0131qlanmas\u0131 kerekmi\u015f. Elbette, biz buna qar\u015f\u0131 de\u011filiz, ama neden bu k\u00fcnge qadar hep bizim \u00e7oqtan \u00e7oq m\u00fcracaatlar\u0131m\u0131z\u011fa k\u00f6re ne qanun ve ne de program qab\u00fcl etilmey &#8211; buna olar\u0131n cevaplar\u0131 yoq. Nas\u0131l da olsa, \u00fcmit etemiz ki, b\u00f6yle forum mutlaqa olacaqt\u0131r, \u00e7\u00fcnki bizim sosyal ve huquq\u0131 problerimiz m\u00fcmk\u00fcn oidu\u011fu qadar tezce \u00e7\u00f6z\u00fclmesi hem halq\u0131m\u0131z\u0131n ve hem de Ukrayna devletinin menfaat\u0131nad\u0131r.<\/p>\n\n\n\n<p>Bu y\u0131l\u0131n yaz\u0131nda biz Be\u015finci Kurultay\u0131n sonk\u0131 sessiyas\u0131n\u0131 ke\u00e7irecekmiz. Qurultayda bu sene Ekim ay\u0131nda olup ge\u00e7ecek parlamento se\u00e7imlerinde i\u015ftira\u011f\u0131m\u0131z hususta qarar al\u0131nacak, yeni Milli Meclis reisi se\u00e7ilecek ve s\u0131radaki Alt\u0131nc\u0131 Milli Qurultay\u0131n vekillerini se\u00e7im sistemine deni\u015fmeler kirsetecekmiz. Endiden sonra Qurultay vekilleri gizli oynen b\u00fclletenlerle se\u00e7ilecek. Bu yeni ve daha demokratik sisteme k\u00f6re Aqyardan gayr\u0131 t\u00fcm Q\u0131r\u0131m b\u00f6lgelerinde yerli meclisler se\u00e7ildi. Ve bu k\u00fcnge k\u00f6re art\u0131k 294 yerli meclisler -2095 meclis azalar\u0131 se\u00e7ildi. Burada \u015funu hat\u0131rlatmaq isteyim, sayg\u0131l\u0131 vatanda\u015flar. Yerli ve b\u00f6lge meclisleri bizim milli y\u00f6netim sistemimizin temelidir. Ve milli meselemizin ne qadar tez \u00e7\u00f6z\u00fclebilece\u011fi, soyda\u015flar\u0131m\u0131z\u0131 g\u00fcnl\u00fck sorunlar\u0131 ne \u00f6l\u00e7\u00fcde \u00e7\u00f6z\u00fclebilece\u011fi b\u00fcy\u00fck derecede \u015fu yerli meclislerin efektif \u00e7al\u0131\u015faca\u011f\u0131na ve ne derecede insanlar\u0131m\u0131z o meclislere destek ve yard\u0131m verece\u011fine ba\u011fl\u0131d\u0131r.<\/p>\n\n\n\n<p>Bu y\u0131l\u0131n Eyl\u00fcl ay\u0131nda biz yine de Ukrayna&#8217;da akredite etilgen \u00f6nde gelen Avropa \u00fclkelerin ve uluslararas\u0131 te\u015fkilatlar\u0131n temsilcilerini toplayaca\u011f\u0131z ve ke\u00e7irelecek forum konsepsiyas\u0131n\u0131 ve teknik detaylar\u0131n\u0131 m\u00fczakere etece\u011fiz.<\/p>\n\n\n\n<p>Sayg\u0131l\u0131 vatanda\u015flar\u0131m\u0131z!<\/p>\n\n\n\n<p>Q\u0131r\u0131m Yar\u0131madas\u0131 bu \u00fclkenin tam\u0131r halq\u0131 i\u00e7in yasaq b\u00f6lge olmaqtan vazge\u00e7ildi\u011finden ve insanlar\u0131m\u0131z b\u00fcy\u00fck zorluqlarla s\u00fcrg\u00fcnl\u00fckten vatanlar\u0131na qaytma\u011fa ba\u015flad\u0131qlar\u0131ndan art\u0131q \u00e7eyrek y\u00fczy\u0131l qadar bir zaman ge\u00e7ti. Art\u0131q halq\u0131m\u0131z\u0131n b\u00fcy\u00fck q\u0131sm\u0131 qayt\u0131p keldi. \u0130nsaniyetin tarihinde \u00f6z topraqlar\u0131ndan binlerce kilometre uzaql\u0131qqa s\u00fcrg\u00fcn etilgen ve yar\u0131s\u0131na qadar\u0131 yoq etilgen bir milletin yar\u0131m y\u00fczy\u0131ldan sonra yeniden \u00f6z vatan\u0131na qayt\u0131p kelmes\u0131 \u00e7oq seyrek bir \u00f6rnektir. Ama bizim milletimiz bunu ba\u015fard\u0131. Ba\u015fard\u0131, \u00e7\u00fcnki bizim Milli hareketimizde binlerce bizim soyda\u015flar\u0131m\u0131z aktif i\u015ftiraq etti. \u00c7\u00fcnki bizler hi\u00e7 zaman zor qullanmamak ve sadece demokratik us\u00fclleri qullanmaqprensiplerine sad\u0131q qald\u0131q, \u00e7\u00fcnki o zaman bizler hep Sovyet rejimi alt\u0131nda ol\u011fan halqlar\u0131n milli-qurtulu\u015f ve demokratik hareketlerinen beraber ve qarde\u015flik m\u00fcnasebetler i\u00e7erisinde olduq.<\/p>\n\n\n\n<p>Halq\u0131m\u0131z\u0131n vatan\u0131na qayt\u0131p kelmesi i\u00e7in, insan haqlar\u0131 ve halqlar\u0131n serbestli\u011fi i\u00e7in deh\u015fetli rejimnen kure\u015fken \u00e7oq arqada\u015flar\u0131m\u0131z art\u0131q hayatta de\u011fil. Ama bu d\u00fcnyada olar\u0131n alicanap hareketlerin neticeleri qald\u0131. Ve bug\u00fcn s\u00fcrg\u00fcnl\u00fck neticesinde \u015fehit ol\u011fan insanlar\u0131m\u0131z\u0131n ruhlar\u0131na yapt\u0131\u011f\u0131m\u0131z dua ayn\u0131 zaman \u00e7oq y\u0131llar devam\u0131na bizim haql\u0131 davam\u0131zda, milletin vatalar\u0131na qayt\u0131p kelmesi i\u00e7in k\u00fcre\u015fken, ama vatan\u0131n \u00f6yle de k\u00f6rmeyip gurbet topraqlar\u0131na k\u00f6m\u00fclgen, serbestlik i\u00e7in k\u00fcre\u015fip hapishane ve lagerlerde \u00f6lgen arqada\u015flar\u0131m\u0131z aziz huhlar\u0131nad\u0131r.<\/p>\n\n\n\n<p>Bug\u00fcn burada bizimle beraber eski Sovyetler Birli\u011fi zaman\u0131n insan haqlan ve demkratik hareketi sava\u015flar\u0131n veteranlar\u0131. Bu efsanevi, isimleri b\u00fct\u00fcn d\u00fcnyaya belli ol\u011fan insanlard\u0131r. B\u00fcy\u00fck derecede bunlar\u0131n sayesinde, bunlar\u0131n kure\u015fleri neticesinde d\u00fcnya har\u0131tas\u0131ndan zaman\u0131m\u0131z\u0131n en acimas\u0131z totaliter rejimi yoq olup gitti ve insanlar, milletler \u00f6z serbestliklerini qazand\u0131. Olar bizi k\u00fcre\u015fimize de destek vere ediler ve bizim haqlar\u0131m\u0131z i\u00e7in de hapishanele qapat\u0131la ediler. Biz o zamanlarda aram\u0131zda do\u011fan qarde\u015fli\u011fi saqlamaq ve quvvetlendirmek niyetindeyiz. Bu mitingten sonra biz toplan\u0131p hep totaliter rejimden miras qal\u011fan problemleri \u00e7\u00f6z\u00fcm\u00fcne yard\u0131m verecek bir eski siyasi mahpuslar\u0131n birli\u011fini qurmaq niyetindeyiz.<\/p>\n\n\n\n<p>Bug\u00fcn buraya daha birka\u00e7 Rusya topraqlar\u0131nda s\u00fcrg\u00fcn etilgen ve biz kibi soyq\u0131r\u0131ma u\u011frat\u0131lan milletlerin &#8211; Kara\u00e7aylar\u0131n, \u0130ngu\u015flar\u0131n, Balkarlar\u0131n, Kalmuklar\u0131n -temsilcileri var. Olar\u0131n da \u00e7ok haqlar\u0131 geri verilmedi, baz\u0131lar\u0131n durumlar\u0131 bizimkisinden bile daha zor. Hep s\u00fcrg\u00fcnl\u00fcklere u\u011frat\u0131lan milletlerin haq-huquqlar\u0131n\u0131 kor\u00e7alamaq yolunda ortaq bir strateji qab\u00fcl etmek i\u00e7in biz olarnen de ayr\u0131 bir konferans ge\u00e7irmek planla\u015ft\u0131ram\u0131z.<\/p>\n\n\n\n<p>S\u00fcrg\u00fcnl\u00fckke u\u011frat\u0131lan milletlerin ve toplumlar\u0131n haq-huquqlar\u0131 iade edilmesi meselesi yaln\u0131z o milletlerin ve toplumlar\u0131n meselesi de\u011fildir. Bu ayni zaman o milletler ve toplumlar ya\u015fa\u011fan memleketlerde istiqrar meselesidir, ne derecede o memleketlerde adalet ve demokrasi var veya yoq oldu\u011fu g\u00f6stergesidir. Onun i\u00e7in biz kendi m\u00fccadelemizde hem \u00f6z \u00fclkemizin ve hem de b\u00fct\u00fcn d\u00fcnya demokratik quvvetlerinin deste\u011fini beklemeye haqq\u0131m\u0131z vard\u0131r. Ve eminim ki, bu deste\u011fi biz mutlaqa alacaqm\u0131z. Yeter ki, halq\u0131m\u0131z\u0131n aras\u0131nda bir birimiznen qav\u011falar ve tart\u0131\u015fmalar olmas\u0131n, bir birimize qar\u015f\u0131 daima qarde\u015f\u00e7esine, aqrabacas\u0131na davranay\u0131q.<\/p>\n\n\n\n<p class=\"has-text-align-center\"><strong>Allah hepinizden raz\u0131 olsun!<\/strong><\/p>\n","protected":false},"excerpt":{"rendered":"<p>Sayg\u0131l\u0131 vatanda\u015flar\u0131m\u0131z ve bizimle beraber matem k\u00fcn\u00fc\u011fm\u00fczn\u00fc qaydetmek i\u00e7in Ukrayna&#8217;n\u0131n \u00e7e\u015fit b\u00f6lgelerinden, kom\u015fu ve uzaq \u00fclkelerden kelgen q\u0131ymetli misafirlerimiz! Mal\u00fcm oldu\u011fu kibi, halq\u0131m\u0131z i\u00e7in bu en manal\u0131 k\u00fcnde bizler adeta 1944 y\u0131l\u0131n s\u00fcrg\u00fcn\u00fc esnas\u0131nda ve gurbet topraqlar\u0131na \u00f6lgen ve \u00f6ld\u00fcr\u00fclgen insanlar\u0131m\u0131z\u0131n ruhlar\u0131na dua etmekle beraber, bu facian\u0131n neticelerini ne derecede d\u00fczeltip oldu\u011fumuz ve ileride bu [&hellip;]<\/p>\n","protected":false},"author":1,"featured_media":0,"comment_status":"open","ping_status":"open","sticky":false,"template":"","format":"standard","meta":{"inline_featured_image":false,"footnotes":""},"categories":[265],"tags":[],"class_list":["post-31200","post","type-post","status-publish","format-standard","hentry","category-haberler"],"acf":[],"yoast_head":"<!-- This site is optimized with the Yoast SEO plugin v27.4 - https:\/\/yoast.com\/product\/yoast-seo-wordpress\/ -->\n<title>Milli Meclis reisinin 18 Mayis 2012 konushmasi - \u041c\u0435\u0434\u0436\u043b\u0456\u0441<\/title>\n<meta name=\"robots\" content=\"index, follow, max-snippet:-1, max-image-preview:large, max-video-preview:-1\" \/>\n<link rel=\"canonical\" href=\"https:\/\/qtmm.org\/qt\/milli-meclis-reisinin-18-mayis-2012-konushmasi\/\" \/>\n<meta property=\"og:locale\" content=\"en_US\" \/>\n<meta property=\"og:type\" content=\"article\" \/>\n<meta property=\"og:title\" content=\"Milli Meclis reisinin 18 Mayis 2012 konushmasi - \u041c\u0435\u0434\u0436\u043b\u0456\u0441\" \/>\n<meta property=\"og:description\" content=\"Sayg\u0131l\u0131 vatanda\u015flar\u0131m\u0131z ve bizimle beraber matem k\u00fcn\u00fc\u011fm\u00fczn\u00fc qaydetmek i\u00e7in Ukrayna&#8217;n\u0131n \u00e7e\u015fit b\u00f6lgelerinden, kom\u015fu ve uzaq \u00fclkelerden kelgen q\u0131ymetli misafirlerimiz! Mal\u00fcm oldu\u011fu kibi, halq\u0131m\u0131z i\u00e7in bu en manal\u0131 k\u00fcnde bizler adeta 1944 y\u0131l\u0131n s\u00fcrg\u00fcn\u00fc esnas\u0131nda ve gurbet topraqlar\u0131na \u00f6lgen ve \u00f6ld\u00fcr\u00fclgen insanlar\u0131m\u0131z\u0131n ruhlar\u0131na dua etmekle beraber, bu facian\u0131n neticelerini ne derecede d\u00fczeltip oldu\u011fumuz ve ileride bu [&hellip;]\" \/>\n<meta property=\"og:url\" content=\"https:\/\/qtmm.org\/qt\/milli-meclis-reisinin-18-mayis-2012-konushmasi\/\" \/>\n<meta property=\"og:site_name\" content=\"\u041c\u0435\u0434\u0436\u043b\u0456\u0441\" \/>\n<meta property=\"article:publisher\" content=\"https:\/\/www.facebook.com\/qtmm.info\/\" \/>\n<meta property=\"article:published_time\" content=\"2012-05-18T16:54:00+00:00\" \/>\n<meta property=\"article:modified_time\" content=\"2022-01-21T16:55:21+00:00\" \/>\n<meta name=\"author\" content=\"Developer\" \/>\n<meta name=\"twitter:card\" content=\"summary_large_image\" \/>\n<meta name=\"twitter:label1\" content=\"Written by\" \/>\n\t<meta name=\"twitter:data1\" content=\"Developer\" \/>\n\t<meta name=\"twitter:label2\" content=\"Est. reading time\" \/>\n\t<meta name=\"twitter:data2\" content=\"13 minutes\" \/>\n<script type=\"application\/ld+json\" class=\"yoast-schema-graph\">{\"@context\":\"https:\\\/\\\/schema.org\",\"@graph\":[{\"@type\":\"Article\",\"@id\":\"https:\\\/\\\/qtmm.org\\\/qt\\\/milli-meclis-reisinin-18-mayis-2012-konushmasi\\\/#article\",\"isPartOf\":{\"@id\":\"https:\\\/\\\/qtmm.org\\\/qt\\\/milli-meclis-reisinin-18-mayis-2012-konushmasi\\\/\"},\"author\":{\"name\":\"Developer\",\"@id\":\"https:\\\/\\\/qtmm.org\\\/qt\\\/#\\\/schema\\\/person\\\/de562469f971dec226ac06e60bbf74a7\"},\"headline\":\"Milli Meclis reisinin 18 Mayis 2012 konushmasi\",\"datePublished\":\"2012-05-18T16:54:00+00:00\",\"dateModified\":\"2022-01-21T16:55:21+00:00\",\"mainEntityOfPage\":{\"@id\":\"https:\\\/\\\/qtmm.org\\\/qt\\\/milli-meclis-reisinin-18-mayis-2012-konushmasi\\\/\"},\"wordCount\":2540,\"commentCount\":0,\"publisher\":{\"@id\":\"https:\\\/\\\/qtmm.org\\\/qt\\\/#organization\"},\"articleSection\":[\"Haberler\"],\"inLanguage\":\"qt\",\"potentialAction\":[{\"@type\":\"CommentAction\",\"name\":\"Comment\",\"target\":[\"https:\\\/\\\/qtmm.org\\\/qt\\\/milli-meclis-reisinin-18-mayis-2012-konushmasi\\\/#respond\"]}]},{\"@type\":\"WebPage\",\"@id\":\"https:\\\/\\\/qtmm.org\\\/qt\\\/milli-meclis-reisinin-18-mayis-2012-konushmasi\\\/\",\"url\":\"https:\\\/\\\/qtmm.org\\\/qt\\\/milli-meclis-reisinin-18-mayis-2012-konushmasi\\\/\",\"name\":\"Milli Meclis reisinin 18 Mayis 2012 konushmasi - \u041c\u0435\u0434\u0436\u043b\u0456\u0441\",\"isPartOf\":{\"@id\":\"https:\\\/\\\/qtmm.org\\\/qt\\\/#website\"},\"datePublished\":\"2012-05-18T16:54:00+00:00\",\"dateModified\":\"2022-01-21T16:55:21+00:00\",\"breadcrumb\":{\"@id\":\"https:\\\/\\\/qtmm.org\\\/qt\\\/milli-meclis-reisinin-18-mayis-2012-konushmasi\\\/#breadcrumb\"},\"inLanguage\":\"qt\",\"potentialAction\":[{\"@type\":\"ReadAction\",\"target\":[\"https:\\\/\\\/qtmm.org\\\/qt\\\/milli-meclis-reisinin-18-mayis-2012-konushmasi\\\/\"]}]},{\"@type\":\"BreadcrumbList\",\"@id\":\"https:\\\/\\\/qtmm.org\\\/qt\\\/milli-meclis-reisinin-18-mayis-2012-konushmasi\\\/#breadcrumb\",\"itemListElement\":[{\"@type\":\"ListItem\",\"position\":1,\"name\":\"\u0413\u043e\u043b\u043e\u0432\u043d\u0430\",\"item\":\"https:\\\/\\\/qtmm.org\\\/qt\\\/\"},{\"@type\":\"ListItem\",\"position\":2,\"name\":\"Milli Meclis reisinin 18 Mayis 2012 konushmasi\"}]},{\"@type\":\"WebSite\",\"@id\":\"https:\\\/\\\/qtmm.org\\\/qt\\\/#website\",\"url\":\"https:\\\/\\\/qtmm.org\\\/qt\\\/\",\"name\":\"\u041c\u0435\u0434\u0436\u043b\u0456\u0441\",\"description\":\"\",\"publisher\":{\"@id\":\"https:\\\/\\\/qtmm.org\\\/qt\\\/#organization\"},\"potentialAction\":[{\"@type\":\"SearchAction\",\"target\":{\"@type\":\"EntryPoint\",\"urlTemplate\":\"https:\\\/\\\/qtmm.org\\\/qt\\\/?s={search_term_string}\"},\"query-input\":{\"@type\":\"PropertyValueSpecification\",\"valueRequired\":true,\"valueName\":\"search_term_string\"}}],\"inLanguage\":\"qt\"},{\"@type\":\"Organization\",\"@id\":\"https:\\\/\\\/qtmm.org\\\/qt\\\/#organization\",\"name\":\"\u041c\u0435\u0434\u0436\u043b\u0456\u0441\",\"url\":\"https:\\\/\\\/qtmm.org\\\/qt\\\/\",\"logo\":{\"@type\":\"ImageObject\",\"inLanguage\":\"qt\",\"@id\":\"https:\\\/\\\/qtmm.org\\\/qt\\\/#\\\/schema\\\/logo\\\/image\\\/\",\"url\":\"https:\\\/\\\/qtmm.org\\\/wp-content\\\/uploads\\\/2024\\\/12\\\/ua-mejlis-logo-rgb.svg\",\"contentUrl\":\"https:\\\/\\\/qtmm.org\\\/wp-content\\\/uploads\\\/2024\\\/12\\\/ua-mejlis-logo-rgb.svg\",\"caption\":\"\u041c\u0435\u0434\u0436\u043b\u0456\u0441\"},\"image\":{\"@id\":\"https:\\\/\\\/qtmm.org\\\/qt\\\/#\\\/schema\\\/logo\\\/image\\\/\"},\"sameAs\":[\"https:\\\/\\\/www.facebook.com\\\/qtmm.info\\\/\"]},{\"@type\":\"Person\",\"@id\":\"https:\\\/\\\/qtmm.org\\\/qt\\\/#\\\/schema\\\/person\\\/de562469f971dec226ac06e60bbf74a7\",\"name\":\"Developer\",\"image\":{\"@type\":\"ImageObject\",\"inLanguage\":\"qt\",\"@id\":\"https:\\\/\\\/secure.gravatar.com\\\/avatar\\\/392b4cc8fbfeb00b39dfeeab4ee6edded39ffd48e25858637e4765810300227e?s=96&d=mm&r=g\",\"url\":\"https:\\\/\\\/secure.gravatar.com\\\/avatar\\\/392b4cc8fbfeb00b39dfeeab4ee6edded39ffd48e25858637e4765810300227e?s=96&d=mm&r=g\",\"contentUrl\":\"https:\\\/\\\/secure.gravatar.com\\\/avatar\\\/392b4cc8fbfeb00b39dfeeab4ee6edded39ffd48e25858637e4765810300227e?s=96&d=mm&r=g\",\"caption\":\"Developer\"},\"url\":\"https:\\\/\\\/qtmm.org\\\/qt\\\/author\\\/Developer\\\/\"}]}<\/script>\n<!-- \/ Yoast SEO plugin. -->","yoast_head_json":{"title":"Milli Meclis reisinin 18 Mayis 2012 konushmasi - \u041c\u0435\u0434\u0436\u043b\u0456\u0441","robots":{"index":"index","follow":"follow","max-snippet":"max-snippet:-1","max-image-preview":"max-image-preview:large","max-video-preview":"max-video-preview:-1"},"canonical":"https:\/\/qtmm.org\/qt\/milli-meclis-reisinin-18-mayis-2012-konushmasi\/","og_locale":"en_US","og_type":"article","og_title":"Milli Meclis reisinin 18 Mayis 2012 konushmasi - \u041c\u0435\u0434\u0436\u043b\u0456\u0441","og_description":"Sayg\u0131l\u0131 vatanda\u015flar\u0131m\u0131z ve bizimle beraber matem k\u00fcn\u00fc\u011fm\u00fczn\u00fc qaydetmek i\u00e7in Ukrayna&#8217;n\u0131n \u00e7e\u015fit b\u00f6lgelerinden, kom\u015fu ve uzaq \u00fclkelerden kelgen q\u0131ymetli misafirlerimiz! Mal\u00fcm oldu\u011fu kibi, halq\u0131m\u0131z i\u00e7in bu en manal\u0131 k\u00fcnde bizler adeta 1944 y\u0131l\u0131n s\u00fcrg\u00fcn\u00fc esnas\u0131nda ve gurbet topraqlar\u0131na \u00f6lgen ve \u00f6ld\u00fcr\u00fclgen insanlar\u0131m\u0131z\u0131n ruhlar\u0131na dua etmekle beraber, bu facian\u0131n neticelerini ne derecede d\u00fczeltip oldu\u011fumuz ve ileride bu [&hellip;]","og_url":"https:\/\/qtmm.org\/qt\/milli-meclis-reisinin-18-mayis-2012-konushmasi\/","og_site_name":"\u041c\u0435\u0434\u0436\u043b\u0456\u0441","article_publisher":"https:\/\/www.facebook.com\/qtmm.info\/","article_published_time":"2012-05-18T16:54:00+00:00","article_modified_time":"2022-01-21T16:55:21+00:00","author":"Developer","twitter_card":"summary_large_image","twitter_misc":{"Written by":"Developer","Est. reading time":"13 minutes"},"schema":{"@context":"https:\/\/schema.org","@graph":[{"@type":"Article","@id":"https:\/\/qtmm.org\/qt\/milli-meclis-reisinin-18-mayis-2012-konushmasi\/#article","isPartOf":{"@id":"https:\/\/qtmm.org\/qt\/milli-meclis-reisinin-18-mayis-2012-konushmasi\/"},"author":{"name":"Developer","@id":"https:\/\/qtmm.org\/qt\/#\/schema\/person\/de562469f971dec226ac06e60bbf74a7"},"headline":"Milli Meclis reisinin 18 Mayis 2012 konushmasi","datePublished":"2012-05-18T16:54:00+00:00","dateModified":"2022-01-21T16:55:21+00:00","mainEntityOfPage":{"@id":"https:\/\/qtmm.org\/qt\/milli-meclis-reisinin-18-mayis-2012-konushmasi\/"},"wordCount":2540,"commentCount":0,"publisher":{"@id":"https:\/\/qtmm.org\/qt\/#organization"},"articleSection":["Haberler"],"inLanguage":"qt","potentialAction":[{"@type":"CommentAction","name":"Comment","target":["https:\/\/qtmm.org\/qt\/milli-meclis-reisinin-18-mayis-2012-konushmasi\/#respond"]}]},{"@type":"WebPage","@id":"https:\/\/qtmm.org\/qt\/milli-meclis-reisinin-18-mayis-2012-konushmasi\/","url":"https:\/\/qtmm.org\/qt\/milli-meclis-reisinin-18-mayis-2012-konushmasi\/","name":"Milli Meclis reisinin 18 Mayis 2012 konushmasi - \u041c\u0435\u0434\u0436\u043b\u0456\u0441","isPartOf":{"@id":"https:\/\/qtmm.org\/qt\/#website"},"datePublished":"2012-05-18T16:54:00+00:00","dateModified":"2022-01-21T16:55:21+00:00","breadcrumb":{"@id":"https:\/\/qtmm.org\/qt\/milli-meclis-reisinin-18-mayis-2012-konushmasi\/#breadcrumb"},"inLanguage":"qt","potentialAction":[{"@type":"ReadAction","target":["https:\/\/qtmm.org\/qt\/milli-meclis-reisinin-18-mayis-2012-konushmasi\/"]}]},{"@type":"BreadcrumbList","@id":"https:\/\/qtmm.org\/qt\/milli-meclis-reisinin-18-mayis-2012-konushmasi\/#breadcrumb","itemListElement":[{"@type":"ListItem","position":1,"name":"\u0413\u043e\u043b\u043e\u0432\u043d\u0430","item":"https:\/\/qtmm.org\/qt\/"},{"@type":"ListItem","position":2,"name":"Milli Meclis reisinin 18 Mayis 2012 konushmasi"}]},{"@type":"WebSite","@id":"https:\/\/qtmm.org\/qt\/#website","url":"https:\/\/qtmm.org\/qt\/","name":"\u041c\u0435\u0434\u0436\u043b\u0456\u0441","description":"","publisher":{"@id":"https:\/\/qtmm.org\/qt\/#organization"},"potentialAction":[{"@type":"SearchAction","target":{"@type":"EntryPoint","urlTemplate":"https:\/\/qtmm.org\/qt\/?s={search_term_string}"},"query-input":{"@type":"PropertyValueSpecification","valueRequired":true,"valueName":"search_term_string"}}],"inLanguage":"qt"},{"@type":"Organization","@id":"https:\/\/qtmm.org\/qt\/#organization","name":"\u041c\u0435\u0434\u0436\u043b\u0456\u0441","url":"https:\/\/qtmm.org\/qt\/","logo":{"@type":"ImageObject","inLanguage":"qt","@id":"https:\/\/qtmm.org\/qt\/#\/schema\/logo\/image\/","url":"https:\/\/qtmm.org\/wp-content\/uploads\/2024\/12\/ua-mejlis-logo-rgb.svg","contentUrl":"https:\/\/qtmm.org\/wp-content\/uploads\/2024\/12\/ua-mejlis-logo-rgb.svg","caption":"\u041c\u0435\u0434\u0436\u043b\u0456\u0441"},"image":{"@id":"https:\/\/qtmm.org\/qt\/#\/schema\/logo\/image\/"},"sameAs":["https:\/\/www.facebook.com\/qtmm.info\/"]},{"@type":"Person","@id":"https:\/\/qtmm.org\/qt\/#\/schema\/person\/de562469f971dec226ac06e60bbf74a7","name":"Developer","image":{"@type":"ImageObject","inLanguage":"qt","@id":"https:\/\/secure.gravatar.com\/avatar\/392b4cc8fbfeb00b39dfeeab4ee6edded39ffd48e25858637e4765810300227e?s=96&d=mm&r=g","url":"https:\/\/secure.gravatar.com\/avatar\/392b4cc8fbfeb00b39dfeeab4ee6edded39ffd48e25858637e4765810300227e?s=96&d=mm&r=g","contentUrl":"https:\/\/secure.gravatar.com\/avatar\/392b4cc8fbfeb00b39dfeeab4ee6edded39ffd48e25858637e4765810300227e?s=96&d=mm&r=g","caption":"Developer"},"url":"https:\/\/qtmm.org\/qt\/author\/Developer\/"}]}},"_links":{"self":[{"href":"https:\/\/qtmm.org\/qt\/wp-json\/wp\/v2\/posts\/31200","targetHints":{"allow":["GET"]}}],"collection":[{"href":"https:\/\/qtmm.org\/qt\/wp-json\/wp\/v2\/posts"}],"about":[{"href":"https:\/\/qtmm.org\/qt\/wp-json\/wp\/v2\/types\/post"}],"author":[{"embeddable":true,"href":"https:\/\/qtmm.org\/qt\/wp-json\/wp\/v2\/users\/1"}],"replies":[{"embeddable":true,"href":"https:\/\/qtmm.org\/qt\/wp-json\/wp\/v2\/comments?post=31200"}],"version-history":[{"count":1,"href":"https:\/\/qtmm.org\/qt\/wp-json\/wp\/v2\/posts\/31200\/revisions"}],"predecessor-version":[{"id":31201,"href":"https:\/\/qtmm.org\/qt\/wp-json\/wp\/v2\/posts\/31200\/revisions\/31201"}],"wp:attachment":[{"href":"https:\/\/qtmm.org\/qt\/wp-json\/wp\/v2\/media?parent=31200"}],"wp:term":[{"taxonomy":"category","embeddable":true,"href":"https:\/\/qtmm.org\/qt\/wp-json\/wp\/v2\/categories?post=31200"},{"taxonomy":"post_tag","embeddable":true,"href":"https:\/\/qtmm.org\/qt\/wp-json\/wp\/v2\/tags?post=31200"}],"curies":[{"name":"wp","href":"https:\/\/api.w.org\/{rel}","templated":true}]}}