




{"id":30994,"date":"2012-05-16T19:48:00","date_gmt":"2012-05-16T16:48:00","guid":{"rendered":"http:\/\/qtmm.org\/?p=30994"},"modified":"2022-01-21T19:49:29","modified_gmt":"2022-01-21T16:49:29","slug":"valentin-nalivaycenko-simonenko-stalinizm-cinayetini-aqlagani-icun-cinaiy-cevapkarliqqa-cekilmeli","status":"publish","type":"post","link":"https:\/\/qtmm.org\/qt\/valentin-nalivaycenko-simonenko-stalinizm-cinayetini-aqlagani-icun-cinaiy-cevapkarliqqa-cekilmeli\/","title":{"rendered":"Valentin Nalivay\u00e7enko: Simonenko stalinizm cinayetini aqla\u011fan\u0131 i\u00e7\u00fcn cinaiy cevapk\u00e2rl\u0131qqa \u00e7ekilmeli"},"content":{"rendered":"\n<p>&#8220;Stalin rejimi taraf\u0131ndan 1944 senesi q\u0131r\u0131mtatarlarn\u0131\u00f1 s\u00fcrg\u00fcn etilmesi em de-y\u00fcre, em de-fakto insanl\u0131qqa qar\u015f\u0131 cinayet ve b\u00fct\u00fcn bir halqqa qar\u015f\u0131 genotsid akt\u0131d\u0131r&#8221;, &#8211;\u00a0dedi &#8220;Na\u015fa Ukraina&#8221; (Bizim Ukraina) partiyas\u0131 siyasiy ke\u00f1e\u015fini\u00f1 reisi Valentin Nalivay\u00e7enko.<\/p>\n\n\n\n<p>O, hat\u0131rlatt\u0131 ki, stalinizm cinayeti Avropa \u015euras\u0131 Parlament assambleyas\u0131 ve Avropada tel\u00fckesizlik ve emekda\u015fl\u0131q boyunca te\u015fkil\u00e2tn\u0131\u00f1 qararlar\u0131 ile defalarca qaralan\u0131p, \u015fu eki halqara te\u015fkil\u00e2tn\u0131\u00f1 azas\u0131 ol\u011fan Ukrainan\u0131 da bu\u00f1a mecbur ete..<\/p>\n\n\n\n<p>&#8220;Ayn\u0131 \u015fu sebepke k\u00f6re men Ba\u015f prokurordan Kommunist partiyas\u0131n\u0131\u00f1 reberi P\u00f6tr Simonenkon\u0131 parlament minberinden s\u00fcrg\u00fcnlikte 46,2 fay\u0131z\u0131 el\u00e2k ol\u011fan q\u0131r\u0131mtatarlarn\u0131\u00f1 s\u00fcrg\u00fcn etilmesini aqlamaq kibi ay\u0131p areketleri i\u00e7\u00fcn cinaiy cevapk\u00e2rl\u0131qqa \u00e7ekmesini talap etem, dedi Nalivay\u00e7enko.<\/p>\n\n\n\n<p>&#8220;Kommunist partiyas\u0131n\u0131\u00f1 faaliyeti ve Ukrainada totalitar kommunist mevkuresini\u00f1 te\u015fviqat\u0131 yasaqlanmas\u0131 kerek. Kommunist partiyas\u0131 azalar\u0131n\u0131\u00f1 onlarnen millionlap semetde\u015flerimizni\u00f1 el\u00e2k olmas\u0131na sebep\u00e7i ol\u011fan kommunist rejimini\u00f1 vah\u015fiyane cinayetini aqlap yapqan beyanatlar\u0131 bun\u0131\u00f1 i\u00e7\u00fcn yeterli esas ola bilir&#8221;, &#8211; dep qayd etti siyaset\u00e7i.<\/p>\n\n\n\n<p>Nalivay\u00e7enko Simonenko kibi siyaset\u00e7ilerni\u00f1 yeri Ukraina parlamentinde degil de, Gaaga halqara mahkemesindedir, dey. Bug\u00fcn anda b\u00f6sniyal\u0131 musulmanlar\u011fa qar\u015f\u0131 areketleri i\u00e7\u00fcn qabaatlan\u011fan Ratko Mladi\u00e7ni\u00f1 mahkemesi ba\u015fland\u0131.<\/p>\n\n\n\n<p>\u015eun\u0131 hat\u0131rlatmal\u0131 ki,\u00a02012 senesi may\u0131s 16-da Ukraina Yuqar\u0131 \u015euras\u0131 &#8220;Milliy mens\u00fcpligi boyunca s\u00fcrg\u00fcn etilgen \u015fah\u0131slarn\u0131\u00f1 aqlar\u0131n\u0131 \u011fayr\u0131dan tiklev aqq\u0131nda&#8221; qanunn\u0131\u00f1 leyhas\u0131 i\u00e7\u00fcn rey berilgende m\u00fcsbet qarar al\u0131p olamad\u0131.<\/p>\n\n\n\n<p><em>Ukraina Kommunist partiyas\u0131 fraktsiyas\u0131n\u0131\u00f1 deputatlar\u0131 rey ber\u00fcvde i\u015ftirak etmediler, amma bundan evel fraktsiyan\u0131\u00f1 ba\u015f\u0131 P\u00f6tr Simonenko \u00f6z \u00e7\u0131q\u0131\u015f\u0131nda q\u0131r\u0131mtatar halq\u0131 s\u00fcrg\u00fcnligini\u00f1 aql\u0131 ol\u011fan\u0131n\u0131 a\u00e7\u0131qtan-a\u00e7\u0131q s\u00f6yledi.<\/em><\/p>\n","protected":false},"excerpt":{"rendered":"<p>&#8220;Stalin rejimi taraf\u0131ndan 1944 senesi q\u0131r\u0131mtatarlarn\u0131\u00f1 s\u00fcrg\u00fcn etilmesi em de-y\u00fcre, em de-fakto insanl\u0131qqa qar\u015f\u0131 cinayet ve b\u00fct\u00fcn bir halqqa qar\u015f\u0131 genotsid akt\u0131d\u0131r&#8221;, &#8211;\u00a0dedi &#8220;Na\u015fa Ukraina&#8221; (Bizim Ukraina) partiyas\u0131 siyasiy ke\u00f1e\u015fini\u00f1 reisi Valentin Nalivay\u00e7enko. O, hat\u0131rlatt\u0131 ki, stalinizm cinayeti Avropa \u015euras\u0131 Parlament assambleyas\u0131 ve Avropada tel\u00fckesizlik ve emekda\u015fl\u0131q boyunca te\u015fkil\u00e2tn\u0131\u00f1 qararlar\u0131 ile defalarca qaralan\u0131p, \u015fu eki [&hellip;]<\/p>\n","protected":false},"author":1,"featured_media":0,"comment_status":"open","ping_status":"open","sticky":false,"template":"","format":"standard","meta":{"inline_featured_image":false,"footnotes":""},"categories":[265],"tags":[],"class_list":["post-30994","post","type-post","status-publish","format-standard","hentry","category-haberler"],"acf":[],"yoast_head":"<!-- This site is optimized with the Yoast SEO plugin v27.4 - https:\/\/yoast.com\/product\/yoast-seo-wordpress\/ -->\n<title>Valentin Nalivay\u00e7enko: Simonenko stalinizm cinayetini aqla\u011fan\u0131 i\u00e7\u00fcn cinaiy cevapk\u00e2rl\u0131qqa \u00e7ekilmeli - \u041c\u0435\u0434\u0436\u043b\u0456\u0441<\/title>\n<meta name=\"robots\" content=\"index, follow, max-snippet:-1, max-image-preview:large, max-video-preview:-1\" \/>\n<link rel=\"canonical\" href=\"https:\/\/qtmm.org\/qt\/valentin-nalivaycenko-simonenko-stalinizm-cinayetini-aqlagani-icun-cinaiy-cevapkarliqqa-cekilmeli\/\" \/>\n<meta property=\"og:locale\" content=\"en_US\" \/>\n<meta property=\"og:type\" content=\"article\" \/>\n<meta property=\"og:title\" content=\"Valentin Nalivay\u00e7enko: Simonenko stalinizm cinayetini aqla\u011fan\u0131 i\u00e7\u00fcn cinaiy cevapk\u00e2rl\u0131qqa \u00e7ekilmeli - \u041c\u0435\u0434\u0436\u043b\u0456\u0441\" \/>\n<meta property=\"og:description\" content=\"&#8220;Stalin rejimi taraf\u0131ndan 1944 senesi q\u0131r\u0131mtatarlarn\u0131\u00f1 s\u00fcrg\u00fcn etilmesi em de-y\u00fcre, em de-fakto insanl\u0131qqa qar\u015f\u0131 cinayet ve b\u00fct\u00fcn bir halqqa qar\u015f\u0131 genotsid akt\u0131d\u0131r&#8221;, &#8211;\u00a0dedi &#8220;Na\u015fa Ukraina&#8221; (Bizim Ukraina) partiyas\u0131 siyasiy ke\u00f1e\u015fini\u00f1 reisi Valentin Nalivay\u00e7enko. O, hat\u0131rlatt\u0131 ki, stalinizm cinayeti Avropa \u015euras\u0131 Parlament assambleyas\u0131 ve Avropada tel\u00fckesizlik ve emekda\u015fl\u0131q boyunca te\u015fkil\u00e2tn\u0131\u00f1 qararlar\u0131 ile defalarca qaralan\u0131p, \u015fu eki [&hellip;]\" \/>\n<meta property=\"og:url\" content=\"https:\/\/qtmm.org\/qt\/valentin-nalivaycenko-simonenko-stalinizm-cinayetini-aqlagani-icun-cinaiy-cevapkarliqqa-cekilmeli\/\" \/>\n<meta property=\"og:site_name\" content=\"\u041c\u0435\u0434\u0436\u043b\u0456\u0441\" \/>\n<meta property=\"article:publisher\" content=\"https:\/\/www.facebook.com\/qtmm.info\/\" \/>\n<meta property=\"article:published_time\" content=\"2012-05-16T16:48:00+00:00\" \/>\n<meta property=\"article:modified_time\" content=\"2022-01-21T16:49:29+00:00\" \/>\n<meta name=\"author\" content=\"Developer\" \/>\n<meta name=\"twitter:card\" content=\"summary_large_image\" \/>\n<meta name=\"twitter:label1\" content=\"Written by\" \/>\n\t<meta name=\"twitter:data1\" content=\"Developer\" \/>\n\t<meta name=\"twitter:label2\" content=\"Est. reading time\" \/>\n\t<meta name=\"twitter:data2\" content=\"2 minutes\" \/>\n<script type=\"application\/ld+json\" class=\"yoast-schema-graph\">{\"@context\":\"https:\\\/\\\/schema.org\",\"@graph\":[{\"@type\":\"Article\",\"@id\":\"https:\\\/\\\/qtmm.org\\\/qt\\\/valentin-nalivaycenko-simonenko-stalinizm-cinayetini-aqlagani-icun-cinaiy-cevapkarliqqa-cekilmeli\\\/#article\",\"isPartOf\":{\"@id\":\"https:\\\/\\\/qtmm.org\\\/qt\\\/valentin-nalivaycenko-simonenko-stalinizm-cinayetini-aqlagani-icun-cinaiy-cevapkarliqqa-cekilmeli\\\/\"},\"author\":{\"name\":\"Developer\",\"@id\":\"https:\\\/\\\/qtmm.org\\\/qt\\\/#\\\/schema\\\/person\\\/de562469f971dec226ac06e60bbf74a7\"},\"headline\":\"Valentin Nalivay\u00e7enko: Simonenko stalinizm cinayetini aqla\u011fan\u0131 i\u00e7\u00fcn cinaiy cevapk\u00e2rl\u0131qqa \u00e7ekilmeli\",\"datePublished\":\"2012-05-16T16:48:00+00:00\",\"dateModified\":\"2022-01-21T16:49:29+00:00\",\"mainEntityOfPage\":{\"@id\":\"https:\\\/\\\/qtmm.org\\\/qt\\\/valentin-nalivaycenko-simonenko-stalinizm-cinayetini-aqlagani-icun-cinaiy-cevapkarliqqa-cekilmeli\\\/\"},\"wordCount\":318,\"commentCount\":0,\"publisher\":{\"@id\":\"https:\\\/\\\/qtmm.org\\\/qt\\\/#organization\"},\"articleSection\":[\"Haberler\"],\"inLanguage\":\"qt\",\"potentialAction\":[{\"@type\":\"CommentAction\",\"name\":\"Comment\",\"target\":[\"https:\\\/\\\/qtmm.org\\\/qt\\\/valentin-nalivaycenko-simonenko-stalinizm-cinayetini-aqlagani-icun-cinaiy-cevapkarliqqa-cekilmeli\\\/#respond\"]}]},{\"@type\":\"WebPage\",\"@id\":\"https:\\\/\\\/qtmm.org\\\/qt\\\/valentin-nalivaycenko-simonenko-stalinizm-cinayetini-aqlagani-icun-cinaiy-cevapkarliqqa-cekilmeli\\\/\",\"url\":\"https:\\\/\\\/qtmm.org\\\/qt\\\/valentin-nalivaycenko-simonenko-stalinizm-cinayetini-aqlagani-icun-cinaiy-cevapkarliqqa-cekilmeli\\\/\",\"name\":\"Valentin Nalivay\u00e7enko: Simonenko stalinizm cinayetini aqla\u011fan\u0131 i\u00e7\u00fcn cinaiy cevapk\u00e2rl\u0131qqa \u00e7ekilmeli - \u041c\u0435\u0434\u0436\u043b\u0456\u0441\",\"isPartOf\":{\"@id\":\"https:\\\/\\\/qtmm.org\\\/qt\\\/#website\"},\"datePublished\":\"2012-05-16T16:48:00+00:00\",\"dateModified\":\"2022-01-21T16:49:29+00:00\",\"breadcrumb\":{\"@id\":\"https:\\\/\\\/qtmm.org\\\/qt\\\/valentin-nalivaycenko-simonenko-stalinizm-cinayetini-aqlagani-icun-cinaiy-cevapkarliqqa-cekilmeli\\\/#breadcrumb\"},\"inLanguage\":\"qt\",\"potentialAction\":[{\"@type\":\"ReadAction\",\"target\":[\"https:\\\/\\\/qtmm.org\\\/qt\\\/valentin-nalivaycenko-simonenko-stalinizm-cinayetini-aqlagani-icun-cinaiy-cevapkarliqqa-cekilmeli\\\/\"]}]},{\"@type\":\"BreadcrumbList\",\"@id\":\"https:\\\/\\\/qtmm.org\\\/qt\\\/valentin-nalivaycenko-simonenko-stalinizm-cinayetini-aqlagani-icun-cinaiy-cevapkarliqqa-cekilmeli\\\/#breadcrumb\",\"itemListElement\":[{\"@type\":\"ListItem\",\"position\":1,\"name\":\"\u0413\u043e\u043b\u043e\u0432\u043d\u0430\",\"item\":\"https:\\\/\\\/qtmm.org\\\/qt\\\/\"},{\"@type\":\"ListItem\",\"position\":2,\"name\":\"Valentin Nalivay\u00e7enko: Simonenko stalinizm cinayetini aqla\u011fan\u0131 i\u00e7\u00fcn cinaiy cevapk\u00e2rl\u0131qqa \u00e7ekilmeli\"}]},{\"@type\":\"WebSite\",\"@id\":\"https:\\\/\\\/qtmm.org\\\/qt\\\/#website\",\"url\":\"https:\\\/\\\/qtmm.org\\\/qt\\\/\",\"name\":\"\u041c\u0435\u0434\u0436\u043b\u0456\u0441\",\"description\":\"\",\"publisher\":{\"@id\":\"https:\\\/\\\/qtmm.org\\\/qt\\\/#organization\"},\"potentialAction\":[{\"@type\":\"SearchAction\",\"target\":{\"@type\":\"EntryPoint\",\"urlTemplate\":\"https:\\\/\\\/qtmm.org\\\/qt\\\/?s={search_term_string}\"},\"query-input\":{\"@type\":\"PropertyValueSpecification\",\"valueRequired\":true,\"valueName\":\"search_term_string\"}}],\"inLanguage\":\"qt\"},{\"@type\":\"Organization\",\"@id\":\"https:\\\/\\\/qtmm.org\\\/qt\\\/#organization\",\"name\":\"\u041c\u0435\u0434\u0436\u043b\u0456\u0441\",\"url\":\"https:\\\/\\\/qtmm.org\\\/qt\\\/\",\"logo\":{\"@type\":\"ImageObject\",\"inLanguage\":\"qt\",\"@id\":\"https:\\\/\\\/qtmm.org\\\/qt\\\/#\\\/schema\\\/logo\\\/image\\\/\",\"url\":\"https:\\\/\\\/qtmm.org\\\/wp-content\\\/uploads\\\/2024\\\/12\\\/ua-mejlis-logo-rgb.svg\",\"contentUrl\":\"https:\\\/\\\/qtmm.org\\\/wp-content\\\/uploads\\\/2024\\\/12\\\/ua-mejlis-logo-rgb.svg\",\"caption\":\"\u041c\u0435\u0434\u0436\u043b\u0456\u0441\"},\"image\":{\"@id\":\"https:\\\/\\\/qtmm.org\\\/qt\\\/#\\\/schema\\\/logo\\\/image\\\/\"},\"sameAs\":[\"https:\\\/\\\/www.facebook.com\\\/qtmm.info\\\/\"]},{\"@type\":\"Person\",\"@id\":\"https:\\\/\\\/qtmm.org\\\/qt\\\/#\\\/schema\\\/person\\\/de562469f971dec226ac06e60bbf74a7\",\"name\":\"Developer\",\"image\":{\"@type\":\"ImageObject\",\"inLanguage\":\"qt\",\"@id\":\"https:\\\/\\\/secure.gravatar.com\\\/avatar\\\/392b4cc8fbfeb00b39dfeeab4ee6edded39ffd48e25858637e4765810300227e?s=96&d=mm&r=g\",\"url\":\"https:\\\/\\\/secure.gravatar.com\\\/avatar\\\/392b4cc8fbfeb00b39dfeeab4ee6edded39ffd48e25858637e4765810300227e?s=96&d=mm&r=g\",\"contentUrl\":\"https:\\\/\\\/secure.gravatar.com\\\/avatar\\\/392b4cc8fbfeb00b39dfeeab4ee6edded39ffd48e25858637e4765810300227e?s=96&d=mm&r=g\",\"caption\":\"Developer\"},\"url\":\"https:\\\/\\\/qtmm.org\\\/qt\\\/author\\\/Developer\\\/\"}]}<\/script>\n<!-- \/ Yoast SEO plugin. -->","yoast_head_json":{"title":"Valentin Nalivay\u00e7enko: Simonenko stalinizm cinayetini aqla\u011fan\u0131 i\u00e7\u00fcn cinaiy cevapk\u00e2rl\u0131qqa \u00e7ekilmeli - \u041c\u0435\u0434\u0436\u043b\u0456\u0441","robots":{"index":"index","follow":"follow","max-snippet":"max-snippet:-1","max-image-preview":"max-image-preview:large","max-video-preview":"max-video-preview:-1"},"canonical":"https:\/\/qtmm.org\/qt\/valentin-nalivaycenko-simonenko-stalinizm-cinayetini-aqlagani-icun-cinaiy-cevapkarliqqa-cekilmeli\/","og_locale":"en_US","og_type":"article","og_title":"Valentin Nalivay\u00e7enko: Simonenko stalinizm cinayetini aqla\u011fan\u0131 i\u00e7\u00fcn cinaiy cevapk\u00e2rl\u0131qqa \u00e7ekilmeli - \u041c\u0435\u0434\u0436\u043b\u0456\u0441","og_description":"&#8220;Stalin rejimi taraf\u0131ndan 1944 senesi q\u0131r\u0131mtatarlarn\u0131\u00f1 s\u00fcrg\u00fcn etilmesi em de-y\u00fcre, em de-fakto insanl\u0131qqa qar\u015f\u0131 cinayet ve b\u00fct\u00fcn bir halqqa qar\u015f\u0131 genotsid akt\u0131d\u0131r&#8221;, &#8211;\u00a0dedi &#8220;Na\u015fa Ukraina&#8221; (Bizim Ukraina) partiyas\u0131 siyasiy ke\u00f1e\u015fini\u00f1 reisi Valentin Nalivay\u00e7enko. O, hat\u0131rlatt\u0131 ki, stalinizm cinayeti Avropa \u015euras\u0131 Parlament assambleyas\u0131 ve Avropada tel\u00fckesizlik ve emekda\u015fl\u0131q boyunca te\u015fkil\u00e2tn\u0131\u00f1 qararlar\u0131 ile defalarca qaralan\u0131p, \u015fu eki [&hellip;]","og_url":"https:\/\/qtmm.org\/qt\/valentin-nalivaycenko-simonenko-stalinizm-cinayetini-aqlagani-icun-cinaiy-cevapkarliqqa-cekilmeli\/","og_site_name":"\u041c\u0435\u0434\u0436\u043b\u0456\u0441","article_publisher":"https:\/\/www.facebook.com\/qtmm.info\/","article_published_time":"2012-05-16T16:48:00+00:00","article_modified_time":"2022-01-21T16:49:29+00:00","author":"Developer","twitter_card":"summary_large_image","twitter_misc":{"Written by":"Developer","Est. reading time":"2 minutes"},"schema":{"@context":"https:\/\/schema.org","@graph":[{"@type":"Article","@id":"https:\/\/qtmm.org\/qt\/valentin-nalivaycenko-simonenko-stalinizm-cinayetini-aqlagani-icun-cinaiy-cevapkarliqqa-cekilmeli\/#article","isPartOf":{"@id":"https:\/\/qtmm.org\/qt\/valentin-nalivaycenko-simonenko-stalinizm-cinayetini-aqlagani-icun-cinaiy-cevapkarliqqa-cekilmeli\/"},"author":{"name":"Developer","@id":"https:\/\/qtmm.org\/qt\/#\/schema\/person\/de562469f971dec226ac06e60bbf74a7"},"headline":"Valentin Nalivay\u00e7enko: Simonenko stalinizm cinayetini aqla\u011fan\u0131 i\u00e7\u00fcn cinaiy cevapk\u00e2rl\u0131qqa \u00e7ekilmeli","datePublished":"2012-05-16T16:48:00+00:00","dateModified":"2022-01-21T16:49:29+00:00","mainEntityOfPage":{"@id":"https:\/\/qtmm.org\/qt\/valentin-nalivaycenko-simonenko-stalinizm-cinayetini-aqlagani-icun-cinaiy-cevapkarliqqa-cekilmeli\/"},"wordCount":318,"commentCount":0,"publisher":{"@id":"https:\/\/qtmm.org\/qt\/#organization"},"articleSection":["Haberler"],"inLanguage":"qt","potentialAction":[{"@type":"CommentAction","name":"Comment","target":["https:\/\/qtmm.org\/qt\/valentin-nalivaycenko-simonenko-stalinizm-cinayetini-aqlagani-icun-cinaiy-cevapkarliqqa-cekilmeli\/#respond"]}]},{"@type":"WebPage","@id":"https:\/\/qtmm.org\/qt\/valentin-nalivaycenko-simonenko-stalinizm-cinayetini-aqlagani-icun-cinaiy-cevapkarliqqa-cekilmeli\/","url":"https:\/\/qtmm.org\/qt\/valentin-nalivaycenko-simonenko-stalinizm-cinayetini-aqlagani-icun-cinaiy-cevapkarliqqa-cekilmeli\/","name":"Valentin Nalivay\u00e7enko: Simonenko stalinizm cinayetini aqla\u011fan\u0131 i\u00e7\u00fcn cinaiy cevapk\u00e2rl\u0131qqa \u00e7ekilmeli - \u041c\u0435\u0434\u0436\u043b\u0456\u0441","isPartOf":{"@id":"https:\/\/qtmm.org\/qt\/#website"},"datePublished":"2012-05-16T16:48:00+00:00","dateModified":"2022-01-21T16:49:29+00:00","breadcrumb":{"@id":"https:\/\/qtmm.org\/qt\/valentin-nalivaycenko-simonenko-stalinizm-cinayetini-aqlagani-icun-cinaiy-cevapkarliqqa-cekilmeli\/#breadcrumb"},"inLanguage":"qt","potentialAction":[{"@type":"ReadAction","target":["https:\/\/qtmm.org\/qt\/valentin-nalivaycenko-simonenko-stalinizm-cinayetini-aqlagani-icun-cinaiy-cevapkarliqqa-cekilmeli\/"]}]},{"@type":"BreadcrumbList","@id":"https:\/\/qtmm.org\/qt\/valentin-nalivaycenko-simonenko-stalinizm-cinayetini-aqlagani-icun-cinaiy-cevapkarliqqa-cekilmeli\/#breadcrumb","itemListElement":[{"@type":"ListItem","position":1,"name":"\u0413\u043e\u043b\u043e\u0432\u043d\u0430","item":"https:\/\/qtmm.org\/qt\/"},{"@type":"ListItem","position":2,"name":"Valentin Nalivay\u00e7enko: Simonenko stalinizm cinayetini aqla\u011fan\u0131 i\u00e7\u00fcn cinaiy cevapk\u00e2rl\u0131qqa \u00e7ekilmeli"}]},{"@type":"WebSite","@id":"https:\/\/qtmm.org\/qt\/#website","url":"https:\/\/qtmm.org\/qt\/","name":"\u041c\u0435\u0434\u0436\u043b\u0456\u0441","description":"","publisher":{"@id":"https:\/\/qtmm.org\/qt\/#organization"},"potentialAction":[{"@type":"SearchAction","target":{"@type":"EntryPoint","urlTemplate":"https:\/\/qtmm.org\/qt\/?s={search_term_string}"},"query-input":{"@type":"PropertyValueSpecification","valueRequired":true,"valueName":"search_term_string"}}],"inLanguage":"qt"},{"@type":"Organization","@id":"https:\/\/qtmm.org\/qt\/#organization","name":"\u041c\u0435\u0434\u0436\u043b\u0456\u0441","url":"https:\/\/qtmm.org\/qt\/","logo":{"@type":"ImageObject","inLanguage":"qt","@id":"https:\/\/qtmm.org\/qt\/#\/schema\/logo\/image\/","url":"https:\/\/qtmm.org\/wp-content\/uploads\/2024\/12\/ua-mejlis-logo-rgb.svg","contentUrl":"https:\/\/qtmm.org\/wp-content\/uploads\/2024\/12\/ua-mejlis-logo-rgb.svg","caption":"\u041c\u0435\u0434\u0436\u043b\u0456\u0441"},"image":{"@id":"https:\/\/qtmm.org\/qt\/#\/schema\/logo\/image\/"},"sameAs":["https:\/\/www.facebook.com\/qtmm.info\/"]},{"@type":"Person","@id":"https:\/\/qtmm.org\/qt\/#\/schema\/person\/de562469f971dec226ac06e60bbf74a7","name":"Developer","image":{"@type":"ImageObject","inLanguage":"qt","@id":"https:\/\/secure.gravatar.com\/avatar\/392b4cc8fbfeb00b39dfeeab4ee6edded39ffd48e25858637e4765810300227e?s=96&d=mm&r=g","url":"https:\/\/secure.gravatar.com\/avatar\/392b4cc8fbfeb00b39dfeeab4ee6edded39ffd48e25858637e4765810300227e?s=96&d=mm&r=g","contentUrl":"https:\/\/secure.gravatar.com\/avatar\/392b4cc8fbfeb00b39dfeeab4ee6edded39ffd48e25858637e4765810300227e?s=96&d=mm&r=g","caption":"Developer"},"url":"https:\/\/qtmm.org\/qt\/author\/Developer\/"}]}},"_links":{"self":[{"href":"https:\/\/qtmm.org\/qt\/wp-json\/wp\/v2\/posts\/30994","targetHints":{"allow":["GET"]}}],"collection":[{"href":"https:\/\/qtmm.org\/qt\/wp-json\/wp\/v2\/posts"}],"about":[{"href":"https:\/\/qtmm.org\/qt\/wp-json\/wp\/v2\/types\/post"}],"author":[{"embeddable":true,"href":"https:\/\/qtmm.org\/qt\/wp-json\/wp\/v2\/users\/1"}],"replies":[{"embeddable":true,"href":"https:\/\/qtmm.org\/qt\/wp-json\/wp\/v2\/comments?post=30994"}],"version-history":[{"count":1,"href":"https:\/\/qtmm.org\/qt\/wp-json\/wp\/v2\/posts\/30994\/revisions"}],"predecessor-version":[{"id":30995,"href":"https:\/\/qtmm.org\/qt\/wp-json\/wp\/v2\/posts\/30994\/revisions\/30995"}],"wp:attachment":[{"href":"https:\/\/qtmm.org\/qt\/wp-json\/wp\/v2\/media?parent=30994"}],"wp:term":[{"taxonomy":"category","embeddable":true,"href":"https:\/\/qtmm.org\/qt\/wp-json\/wp\/v2\/categories?post=30994"},{"taxonomy":"post_tag","embeddable":true,"href":"https:\/\/qtmm.org\/qt\/wp-json\/wp\/v2\/tags?post=30994"}],"curies":[{"name":"wp","href":"https:\/\/api.w.org\/{rel}","templated":true}]}}