




{"id":30992,"date":"2012-05-16T19:48:00","date_gmt":"2012-05-16T16:48:00","guid":{"rendered":"http:\/\/qtmm.org\/?p=30992"},"modified":"2022-01-21T19:48:45","modified_gmt":"2022-01-21T16:48:45","slug":"ukraina-yuqari-surasi-milliy-mensupligi-boyunca-surgun-etilgen-sahislarnin-aqlarini-gayridan-tiklev-aqqinda-qanun-leyhasinin-muzakeresini-kene-artqa-tasladi","status":"publish","type":"post","link":"https:\/\/qtmm.org\/qt\/ukraina-yuqari-surasi-milliy-mensupligi-boyunca-surgun-etilgen-sahislarnin-aqlarini-gayridan-tiklev-aqqinda-qanun-leyhasinin-muzakeresini-kene-artqa-tasladi\/","title":{"rendered":"Ukraina Yuqar\u0131 \u015euras\u0131 \u00abMilliy mens\u00fcpligi boyunca s\u00fcrg\u00fcn etilgen \u015fah\u0131slarn\u0131\u00f1 aqlar\u0131n\u0131 \u011fayr\u0131dan tiklev aqq\u0131nda\u00bb qanun leyhas\u0131n\u0131\u00f1 muzakeresini kene artqa ta\u015flad\u0131"},"content":{"rendered":"\n<p>2012 senesi may\u0131s 16 k\u00fcn\u00fc Ukraina Yuqar\u0131 \u015euras\u0131 &#8220;Milliy mens\u00fcpligi boyunca s\u00fcrg\u00fcn etilgen \u015fah\u0131slarn\u0131\u00f1 aqlar\u0131n\u0131 \u011fayr\u0131dan tiklev aqq\u0131nda&#8221; qanun leyhas\u0131n\u0131 muzakere etmek i\u00e7\u00fcn yeterli rey toplap olamad\u0131.<\/p>\n\n\n\n<p>Qanun leyhas\u0131n\u0131\u00f1 m\u00fcellifi, Q\u0131r\u0131mtatar halq\u0131 Meclisini\u00f1 reisi, Ukraina halq deputat\u0131 Mustafa Cemilevni\u00f1 haber etkenine k\u00f6re, qanun leyhas\u0131n\u0131\u00f1 birinci oquv\u0131 i\u00e7\u00fcn zarur 226 rey yerine ancaq 177 deputat rey berdi. 366 deputatn\u0131\u00f1 reyleri boyunca mezk\u00fcr qanun leyhas\u0131 \u011fayr\u0131dan i\u015flenmesi i\u00e7\u00fcn \u0130nsan aqlar\u0131, milletlerara munasebet ve milliy azl\u0131qlarn\u0131\u00f1 meseleleri boyunca komitetke yollan\u0131ld\u0131. Qanun leyhas\u0131n\u0131\u00f1 tekrar muzakeresini kelecek afta may\u0131s 22-den may\u0131s 25-ke qadar ke\u00e7irmek qarar\u0131 al\u0131nd\u0131. Bu vaq\u0131tqa qadar Ukraina Nazirler kabineti ait iqtisadiy esap-kitapn\u0131 taqdim etmesi kerek.<\/p>\n\n\n\n<p>\u015eun\u0131 qayd etmeli ki, &#8220;Milliy mens\u00fcpligi boyunca s\u00fcrg\u00fcn etilgen \u015fah\u0131slarn\u0131\u00f1 aqlar\u0131n\u0131 \u011fayr\u0131dan tiklev aqq\u0131nda&#8221; qanun leyhas\u0131n\u0131\u00f1 birinci oquvda qabul etilmesi i\u00e7\u00fcn Regionlar partiyas\u0131 fraktsiyas\u0131ndan yal\u0131\u00f1\u0131z 7 deputat, &#8220;Batkiv\u015f\u00e7ina-B\u00dcT&#8221; fraktsiyas\u0131ndan \u2013 97, &#8220;NU-NS&#8221; fraktsiyas\u0131ndan 47, Halq partiyas\u0131 fraktsiyas\u0131ndan \u2013 20, &#8220;Reformi zaradi maybutnogo&#8221; gruppas\u0131ndan \u2013 2 ve fraktsiyadan t\u0131\u015f 4 deputat rey berdi. Ukraina Kommunist partiyas\u0131 fraktsiyas\u0131n\u0131\u00f1 deputatlar\u0131 rey ber\u00fcvde i\u015ftirak etmediler, amma bundan evel fraktsiyan\u0131\u00f1 ba\u015f\u0131 P\u00f6tr Simonenko \u00f6z \u00e7\u0131q\u0131\u015f\u0131nda q\u0131r\u0131mtatar halq\u0131 s\u00fcrg\u00fcnligini\u00f1 aql\u0131 ol\u011fan\u0131n\u0131 a\u00e7\u0131qtan-a\u00e7\u0131q s\u00f6yledi.<\/p>\n\n\n\n<p>Mustafa Cemilevni\u00f1 fikrince, q\u0131r\u0131mtatar halq\u0131 s\u00fcrg\u00fcn etilgenini\u00f1 58 y\u0131ll\u0131\u011f\u0131 arfesinde qanun leyhas\u0131n\u0131\u00f1 muzakeresi i\u00e7\u00fcn rey ber\u00fcv neticeleri Ukraina parlamentini\u00f1 q\u0131r\u0131mtatar halq\u0131 soyq\u0131r\u0131m\u0131 qurbanlar\u0131na say\u011f\u0131s\u0131zl\u0131q k\u00f6stergenini ve q\u0131r\u0131mtatar halq\u0131n\u0131\u00f1 aqlar\u0131n\u0131 \u011fayr\u0131dan tiklemege istemegenini numay\u0131\u015f etti.<\/p>\n\n\n\n<p>&#8220;Zan\u0131mca, yetek\u00e7i partiyas\u0131 deputatlar\u0131 da Ukraina Yuqar\u0131 \u015euras\u0131 &#8220;Milliy mens\u00fcpligi boyunca s\u00fcrg\u00fcn etilgen \u015fah\u0131slarn\u0131\u00f1 aqlar\u0131n\u0131 \u011fayr\u0131dan tiklev aqq\u0131nda&#8221; qanun leyhas\u0131na qoltutqan Ukraina Prezidenti Viktor Yanukovi\u00e7ke nisbeten de \u00fcrmetsizlik k\u00f6sterdiler.<\/p>\n","protected":false},"excerpt":{"rendered":"<p>2012 senesi may\u0131s 16 k\u00fcn\u00fc Ukraina Yuqar\u0131 \u015euras\u0131 &#8220;Milliy mens\u00fcpligi boyunca s\u00fcrg\u00fcn etilgen \u015fah\u0131slarn\u0131\u00f1 aqlar\u0131n\u0131 \u011fayr\u0131dan tiklev aqq\u0131nda&#8221; qanun leyhas\u0131n\u0131 muzakere etmek i\u00e7\u00fcn yeterli rey toplap olamad\u0131. Qanun leyhas\u0131n\u0131\u00f1 m\u00fcellifi, Q\u0131r\u0131mtatar halq\u0131 Meclisini\u00f1 reisi, Ukraina halq deputat\u0131 Mustafa Cemilevni\u00f1 haber etkenine k\u00f6re, qanun leyhas\u0131n\u0131\u00f1 birinci oquv\u0131 i\u00e7\u00fcn zarur 226 rey yerine ancaq 177 deputat rey [&hellip;]<\/p>\n","protected":false},"author":1,"featured_media":0,"comment_status":"open","ping_status":"open","sticky":false,"template":"","format":"standard","meta":{"inline_featured_image":false,"footnotes":""},"categories":[265],"tags":[],"class_list":["post-30992","post","type-post","status-publish","format-standard","hentry","category-haberler"],"acf":[],"yoast_head":"<!-- This site is optimized with the Yoast SEO plugin v27.4 - https:\/\/yoast.com\/product\/yoast-seo-wordpress\/ -->\n<title>Ukraina Yuqar\u0131 \u015euras\u0131 \u00abMilliy mens\u00fcpligi boyunca s\u00fcrg\u00fcn etilgen \u015fah\u0131slarn\u0131\u00f1 aqlar\u0131n\u0131 \u011fayr\u0131dan tiklev aqq\u0131nda\u00bb qanun leyhas\u0131n\u0131\u00f1 muzakeresini kene artqa ta\u015flad\u0131 - \u041c\u0435\u0434\u0436\u043b\u0456\u0441<\/title>\n<meta name=\"robots\" content=\"index, follow, max-snippet:-1, max-image-preview:large, max-video-preview:-1\" \/>\n<link rel=\"canonical\" href=\"https:\/\/qtmm.org\/qt\/ukraina-yuqari-surasi-milliy-mensupligi-boyunca-surgun-etilgen-sahislarnin-aqlarini-gayridan-tiklev-aqqinda-qanun-leyhasinin-muzakeresini-kene-artqa-tasladi\/\" \/>\n<meta property=\"og:locale\" content=\"en_US\" \/>\n<meta property=\"og:type\" content=\"article\" \/>\n<meta property=\"og:title\" content=\"Ukraina Yuqar\u0131 \u015euras\u0131 \u00abMilliy mens\u00fcpligi boyunca s\u00fcrg\u00fcn etilgen \u015fah\u0131slarn\u0131\u00f1 aqlar\u0131n\u0131 \u011fayr\u0131dan tiklev aqq\u0131nda\u00bb qanun leyhas\u0131n\u0131\u00f1 muzakeresini kene artqa ta\u015flad\u0131 - \u041c\u0435\u0434\u0436\u043b\u0456\u0441\" \/>\n<meta property=\"og:description\" content=\"2012 senesi may\u0131s 16 k\u00fcn\u00fc Ukraina Yuqar\u0131 \u015euras\u0131 &#8220;Milliy mens\u00fcpligi boyunca s\u00fcrg\u00fcn etilgen \u015fah\u0131slarn\u0131\u00f1 aqlar\u0131n\u0131 \u011fayr\u0131dan tiklev aqq\u0131nda&#8221; qanun leyhas\u0131n\u0131 muzakere etmek i\u00e7\u00fcn yeterli rey toplap olamad\u0131. Qanun leyhas\u0131n\u0131\u00f1 m\u00fcellifi, Q\u0131r\u0131mtatar halq\u0131 Meclisini\u00f1 reisi, Ukraina halq deputat\u0131 Mustafa Cemilevni\u00f1 haber etkenine k\u00f6re, qanun leyhas\u0131n\u0131\u00f1 birinci oquv\u0131 i\u00e7\u00fcn zarur 226 rey yerine ancaq 177 deputat rey [&hellip;]\" \/>\n<meta property=\"og:url\" content=\"https:\/\/qtmm.org\/qt\/ukraina-yuqari-surasi-milliy-mensupligi-boyunca-surgun-etilgen-sahislarnin-aqlarini-gayridan-tiklev-aqqinda-qanun-leyhasinin-muzakeresini-kene-artqa-tasladi\/\" \/>\n<meta property=\"og:site_name\" content=\"\u041c\u0435\u0434\u0436\u043b\u0456\u0441\" \/>\n<meta property=\"article:publisher\" content=\"https:\/\/www.facebook.com\/qtmm.info\/\" \/>\n<meta property=\"article:published_time\" content=\"2012-05-16T16:48:00+00:00\" \/>\n<meta property=\"article:modified_time\" content=\"2022-01-21T16:48:45+00:00\" \/>\n<meta name=\"author\" content=\"Developer\" \/>\n<meta name=\"twitter:card\" content=\"summary_large_image\" \/>\n<meta name=\"twitter:label1\" content=\"Written by\" \/>\n\t<meta name=\"twitter:data1\" content=\"Developer\" \/>\n\t<meta name=\"twitter:label2\" content=\"Est. reading time\" \/>\n\t<meta name=\"twitter:data2\" content=\"2 minutes\" \/>\n<script type=\"application\/ld+json\" class=\"yoast-schema-graph\">{\"@context\":\"https:\\\/\\\/schema.org\",\"@graph\":[{\"@type\":\"Article\",\"@id\":\"https:\\\/\\\/qtmm.org\\\/qt\\\/ukraina-yuqari-surasi-milliy-mensupligi-boyunca-surgun-etilgen-sahislarnin-aqlarini-gayridan-tiklev-aqqinda-qanun-leyhasinin-muzakeresini-kene-artqa-tasladi\\\/#article\",\"isPartOf\":{\"@id\":\"https:\\\/\\\/qtmm.org\\\/qt\\\/ukraina-yuqari-surasi-milliy-mensupligi-boyunca-surgun-etilgen-sahislarnin-aqlarini-gayridan-tiklev-aqqinda-qanun-leyhasinin-muzakeresini-kene-artqa-tasladi\\\/\"},\"author\":{\"name\":\"Developer\",\"@id\":\"https:\\\/\\\/qtmm.org\\\/qt\\\/#\\\/schema\\\/person\\\/de562469f971dec226ac06e60bbf74a7\"},\"headline\":\"Ukraina Yuqar\u0131 \u015euras\u0131 \u00abMilliy mens\u00fcpligi boyunca s\u00fcrg\u00fcn etilgen \u015fah\u0131slarn\u0131\u00f1 aqlar\u0131n\u0131 \u011fayr\u0131dan tiklev aqq\u0131nda\u00bb qanun leyhas\u0131n\u0131\u00f1 muzakeresini kene artqa ta\u015flad\u0131\",\"datePublished\":\"2012-05-16T16:48:00+00:00\",\"dateModified\":\"2022-01-21T16:48:45+00:00\",\"mainEntityOfPage\":{\"@id\":\"https:\\\/\\\/qtmm.org\\\/qt\\\/ukraina-yuqari-surasi-milliy-mensupligi-boyunca-surgun-etilgen-sahislarnin-aqlarini-gayridan-tiklev-aqqinda-qanun-leyhasinin-muzakeresini-kene-artqa-tasladi\\\/\"},\"wordCount\":351,\"commentCount\":0,\"publisher\":{\"@id\":\"https:\\\/\\\/qtmm.org\\\/qt\\\/#organization\"},\"articleSection\":[\"Haberler\"],\"inLanguage\":\"qt\",\"potentialAction\":[{\"@type\":\"CommentAction\",\"name\":\"Comment\",\"target\":[\"https:\\\/\\\/qtmm.org\\\/qt\\\/ukraina-yuqari-surasi-milliy-mensupligi-boyunca-surgun-etilgen-sahislarnin-aqlarini-gayridan-tiklev-aqqinda-qanun-leyhasinin-muzakeresini-kene-artqa-tasladi\\\/#respond\"]}]},{\"@type\":\"WebPage\",\"@id\":\"https:\\\/\\\/qtmm.org\\\/qt\\\/ukraina-yuqari-surasi-milliy-mensupligi-boyunca-surgun-etilgen-sahislarnin-aqlarini-gayridan-tiklev-aqqinda-qanun-leyhasinin-muzakeresini-kene-artqa-tasladi\\\/\",\"url\":\"https:\\\/\\\/qtmm.org\\\/qt\\\/ukraina-yuqari-surasi-milliy-mensupligi-boyunca-surgun-etilgen-sahislarnin-aqlarini-gayridan-tiklev-aqqinda-qanun-leyhasinin-muzakeresini-kene-artqa-tasladi\\\/\",\"name\":\"Ukraina Yuqar\u0131 \u015euras\u0131 \u00abMilliy mens\u00fcpligi boyunca s\u00fcrg\u00fcn etilgen \u015fah\u0131slarn\u0131\u00f1 aqlar\u0131n\u0131 \u011fayr\u0131dan tiklev aqq\u0131nda\u00bb qanun leyhas\u0131n\u0131\u00f1 muzakeresini kene artqa ta\u015flad\u0131 - \u041c\u0435\u0434\u0436\u043b\u0456\u0441\",\"isPartOf\":{\"@id\":\"https:\\\/\\\/qtmm.org\\\/qt\\\/#website\"},\"datePublished\":\"2012-05-16T16:48:00+00:00\",\"dateModified\":\"2022-01-21T16:48:45+00:00\",\"breadcrumb\":{\"@id\":\"https:\\\/\\\/qtmm.org\\\/qt\\\/ukraina-yuqari-surasi-milliy-mensupligi-boyunca-surgun-etilgen-sahislarnin-aqlarini-gayridan-tiklev-aqqinda-qanun-leyhasinin-muzakeresini-kene-artqa-tasladi\\\/#breadcrumb\"},\"inLanguage\":\"qt\",\"potentialAction\":[{\"@type\":\"ReadAction\",\"target\":[\"https:\\\/\\\/qtmm.org\\\/qt\\\/ukraina-yuqari-surasi-milliy-mensupligi-boyunca-surgun-etilgen-sahislarnin-aqlarini-gayridan-tiklev-aqqinda-qanun-leyhasinin-muzakeresini-kene-artqa-tasladi\\\/\"]}]},{\"@type\":\"BreadcrumbList\",\"@id\":\"https:\\\/\\\/qtmm.org\\\/qt\\\/ukraina-yuqari-surasi-milliy-mensupligi-boyunca-surgun-etilgen-sahislarnin-aqlarini-gayridan-tiklev-aqqinda-qanun-leyhasinin-muzakeresini-kene-artqa-tasladi\\\/#breadcrumb\",\"itemListElement\":[{\"@type\":\"ListItem\",\"position\":1,\"name\":\"\u0413\u043e\u043b\u043e\u0432\u043d\u0430\",\"item\":\"https:\\\/\\\/qtmm.org\\\/qt\\\/\"},{\"@type\":\"ListItem\",\"position\":2,\"name\":\"Ukraina Yuqar\u0131 \u015euras\u0131 \u00abMilliy mens\u00fcpligi boyunca s\u00fcrg\u00fcn etilgen \u015fah\u0131slarn\u0131\u00f1 aqlar\u0131n\u0131 \u011fayr\u0131dan tiklev aqq\u0131nda\u00bb qanun leyhas\u0131n\u0131\u00f1 muzakeresini kene artqa ta\u015flad\u0131\"}]},{\"@type\":\"WebSite\",\"@id\":\"https:\\\/\\\/qtmm.org\\\/qt\\\/#website\",\"url\":\"https:\\\/\\\/qtmm.org\\\/qt\\\/\",\"name\":\"\u041c\u0435\u0434\u0436\u043b\u0456\u0441\",\"description\":\"\",\"publisher\":{\"@id\":\"https:\\\/\\\/qtmm.org\\\/qt\\\/#organization\"},\"potentialAction\":[{\"@type\":\"SearchAction\",\"target\":{\"@type\":\"EntryPoint\",\"urlTemplate\":\"https:\\\/\\\/qtmm.org\\\/qt\\\/?s={search_term_string}\"},\"query-input\":{\"@type\":\"PropertyValueSpecification\",\"valueRequired\":true,\"valueName\":\"search_term_string\"}}],\"inLanguage\":\"qt\"},{\"@type\":\"Organization\",\"@id\":\"https:\\\/\\\/qtmm.org\\\/qt\\\/#organization\",\"name\":\"\u041c\u0435\u0434\u0436\u043b\u0456\u0441\",\"url\":\"https:\\\/\\\/qtmm.org\\\/qt\\\/\",\"logo\":{\"@type\":\"ImageObject\",\"inLanguage\":\"qt\",\"@id\":\"https:\\\/\\\/qtmm.org\\\/qt\\\/#\\\/schema\\\/logo\\\/image\\\/\",\"url\":\"https:\\\/\\\/qtmm.org\\\/wp-content\\\/uploads\\\/2024\\\/12\\\/ua-mejlis-logo-rgb.svg\",\"contentUrl\":\"https:\\\/\\\/qtmm.org\\\/wp-content\\\/uploads\\\/2024\\\/12\\\/ua-mejlis-logo-rgb.svg\",\"caption\":\"\u041c\u0435\u0434\u0436\u043b\u0456\u0441\"},\"image\":{\"@id\":\"https:\\\/\\\/qtmm.org\\\/qt\\\/#\\\/schema\\\/logo\\\/image\\\/\"},\"sameAs\":[\"https:\\\/\\\/www.facebook.com\\\/qtmm.info\\\/\"]},{\"@type\":\"Person\",\"@id\":\"https:\\\/\\\/qtmm.org\\\/qt\\\/#\\\/schema\\\/person\\\/de562469f971dec226ac06e60bbf74a7\",\"name\":\"Developer\",\"image\":{\"@type\":\"ImageObject\",\"inLanguage\":\"qt\",\"@id\":\"https:\\\/\\\/secure.gravatar.com\\\/avatar\\\/392b4cc8fbfeb00b39dfeeab4ee6edded39ffd48e25858637e4765810300227e?s=96&d=mm&r=g\",\"url\":\"https:\\\/\\\/secure.gravatar.com\\\/avatar\\\/392b4cc8fbfeb00b39dfeeab4ee6edded39ffd48e25858637e4765810300227e?s=96&d=mm&r=g\",\"contentUrl\":\"https:\\\/\\\/secure.gravatar.com\\\/avatar\\\/392b4cc8fbfeb00b39dfeeab4ee6edded39ffd48e25858637e4765810300227e?s=96&d=mm&r=g\",\"caption\":\"Developer\"},\"url\":\"https:\\\/\\\/qtmm.org\\\/qt\\\/author\\\/Developer\\\/\"}]}<\/script>\n<!-- \/ Yoast SEO plugin. -->","yoast_head_json":{"title":"Ukraina Yuqar\u0131 \u015euras\u0131 \u00abMilliy mens\u00fcpligi boyunca s\u00fcrg\u00fcn etilgen \u015fah\u0131slarn\u0131\u00f1 aqlar\u0131n\u0131 \u011fayr\u0131dan tiklev aqq\u0131nda\u00bb qanun leyhas\u0131n\u0131\u00f1 muzakeresini kene artqa ta\u015flad\u0131 - \u041c\u0435\u0434\u0436\u043b\u0456\u0441","robots":{"index":"index","follow":"follow","max-snippet":"max-snippet:-1","max-image-preview":"max-image-preview:large","max-video-preview":"max-video-preview:-1"},"canonical":"https:\/\/qtmm.org\/qt\/ukraina-yuqari-surasi-milliy-mensupligi-boyunca-surgun-etilgen-sahislarnin-aqlarini-gayridan-tiklev-aqqinda-qanun-leyhasinin-muzakeresini-kene-artqa-tasladi\/","og_locale":"en_US","og_type":"article","og_title":"Ukraina Yuqar\u0131 \u015euras\u0131 \u00abMilliy mens\u00fcpligi boyunca s\u00fcrg\u00fcn etilgen \u015fah\u0131slarn\u0131\u00f1 aqlar\u0131n\u0131 \u011fayr\u0131dan tiklev aqq\u0131nda\u00bb qanun leyhas\u0131n\u0131\u00f1 muzakeresini kene artqa ta\u015flad\u0131 - \u041c\u0435\u0434\u0436\u043b\u0456\u0441","og_description":"2012 senesi may\u0131s 16 k\u00fcn\u00fc Ukraina Yuqar\u0131 \u015euras\u0131 &#8220;Milliy mens\u00fcpligi boyunca s\u00fcrg\u00fcn etilgen \u015fah\u0131slarn\u0131\u00f1 aqlar\u0131n\u0131 \u011fayr\u0131dan tiklev aqq\u0131nda&#8221; qanun leyhas\u0131n\u0131 muzakere etmek i\u00e7\u00fcn yeterli rey toplap olamad\u0131. Qanun leyhas\u0131n\u0131\u00f1 m\u00fcellifi, Q\u0131r\u0131mtatar halq\u0131 Meclisini\u00f1 reisi, Ukraina halq deputat\u0131 Mustafa Cemilevni\u00f1 haber etkenine k\u00f6re, qanun leyhas\u0131n\u0131\u00f1 birinci oquv\u0131 i\u00e7\u00fcn zarur 226 rey yerine ancaq 177 deputat rey [&hellip;]","og_url":"https:\/\/qtmm.org\/qt\/ukraina-yuqari-surasi-milliy-mensupligi-boyunca-surgun-etilgen-sahislarnin-aqlarini-gayridan-tiklev-aqqinda-qanun-leyhasinin-muzakeresini-kene-artqa-tasladi\/","og_site_name":"\u041c\u0435\u0434\u0436\u043b\u0456\u0441","article_publisher":"https:\/\/www.facebook.com\/qtmm.info\/","article_published_time":"2012-05-16T16:48:00+00:00","article_modified_time":"2022-01-21T16:48:45+00:00","author":"Developer","twitter_card":"summary_large_image","twitter_misc":{"Written by":"Developer","Est. reading time":"2 minutes"},"schema":{"@context":"https:\/\/schema.org","@graph":[{"@type":"Article","@id":"https:\/\/qtmm.org\/qt\/ukraina-yuqari-surasi-milliy-mensupligi-boyunca-surgun-etilgen-sahislarnin-aqlarini-gayridan-tiklev-aqqinda-qanun-leyhasinin-muzakeresini-kene-artqa-tasladi\/#article","isPartOf":{"@id":"https:\/\/qtmm.org\/qt\/ukraina-yuqari-surasi-milliy-mensupligi-boyunca-surgun-etilgen-sahislarnin-aqlarini-gayridan-tiklev-aqqinda-qanun-leyhasinin-muzakeresini-kene-artqa-tasladi\/"},"author":{"name":"Developer","@id":"https:\/\/qtmm.org\/qt\/#\/schema\/person\/de562469f971dec226ac06e60bbf74a7"},"headline":"Ukraina Yuqar\u0131 \u015euras\u0131 \u00abMilliy mens\u00fcpligi boyunca s\u00fcrg\u00fcn etilgen \u015fah\u0131slarn\u0131\u00f1 aqlar\u0131n\u0131 \u011fayr\u0131dan tiklev aqq\u0131nda\u00bb qanun leyhas\u0131n\u0131\u00f1 muzakeresini kene artqa ta\u015flad\u0131","datePublished":"2012-05-16T16:48:00+00:00","dateModified":"2022-01-21T16:48:45+00:00","mainEntityOfPage":{"@id":"https:\/\/qtmm.org\/qt\/ukraina-yuqari-surasi-milliy-mensupligi-boyunca-surgun-etilgen-sahislarnin-aqlarini-gayridan-tiklev-aqqinda-qanun-leyhasinin-muzakeresini-kene-artqa-tasladi\/"},"wordCount":351,"commentCount":0,"publisher":{"@id":"https:\/\/qtmm.org\/qt\/#organization"},"articleSection":["Haberler"],"inLanguage":"qt","potentialAction":[{"@type":"CommentAction","name":"Comment","target":["https:\/\/qtmm.org\/qt\/ukraina-yuqari-surasi-milliy-mensupligi-boyunca-surgun-etilgen-sahislarnin-aqlarini-gayridan-tiklev-aqqinda-qanun-leyhasinin-muzakeresini-kene-artqa-tasladi\/#respond"]}]},{"@type":"WebPage","@id":"https:\/\/qtmm.org\/qt\/ukraina-yuqari-surasi-milliy-mensupligi-boyunca-surgun-etilgen-sahislarnin-aqlarini-gayridan-tiklev-aqqinda-qanun-leyhasinin-muzakeresini-kene-artqa-tasladi\/","url":"https:\/\/qtmm.org\/qt\/ukraina-yuqari-surasi-milliy-mensupligi-boyunca-surgun-etilgen-sahislarnin-aqlarini-gayridan-tiklev-aqqinda-qanun-leyhasinin-muzakeresini-kene-artqa-tasladi\/","name":"Ukraina Yuqar\u0131 \u015euras\u0131 \u00abMilliy mens\u00fcpligi boyunca s\u00fcrg\u00fcn etilgen \u015fah\u0131slarn\u0131\u00f1 aqlar\u0131n\u0131 \u011fayr\u0131dan tiklev aqq\u0131nda\u00bb qanun leyhas\u0131n\u0131\u00f1 muzakeresini kene artqa ta\u015flad\u0131 - \u041c\u0435\u0434\u0436\u043b\u0456\u0441","isPartOf":{"@id":"https:\/\/qtmm.org\/qt\/#website"},"datePublished":"2012-05-16T16:48:00+00:00","dateModified":"2022-01-21T16:48:45+00:00","breadcrumb":{"@id":"https:\/\/qtmm.org\/qt\/ukraina-yuqari-surasi-milliy-mensupligi-boyunca-surgun-etilgen-sahislarnin-aqlarini-gayridan-tiklev-aqqinda-qanun-leyhasinin-muzakeresini-kene-artqa-tasladi\/#breadcrumb"},"inLanguage":"qt","potentialAction":[{"@type":"ReadAction","target":["https:\/\/qtmm.org\/qt\/ukraina-yuqari-surasi-milliy-mensupligi-boyunca-surgun-etilgen-sahislarnin-aqlarini-gayridan-tiklev-aqqinda-qanun-leyhasinin-muzakeresini-kene-artqa-tasladi\/"]}]},{"@type":"BreadcrumbList","@id":"https:\/\/qtmm.org\/qt\/ukraina-yuqari-surasi-milliy-mensupligi-boyunca-surgun-etilgen-sahislarnin-aqlarini-gayridan-tiklev-aqqinda-qanun-leyhasinin-muzakeresini-kene-artqa-tasladi\/#breadcrumb","itemListElement":[{"@type":"ListItem","position":1,"name":"\u0413\u043e\u043b\u043e\u0432\u043d\u0430","item":"https:\/\/qtmm.org\/qt\/"},{"@type":"ListItem","position":2,"name":"Ukraina Yuqar\u0131 \u015euras\u0131 \u00abMilliy mens\u00fcpligi boyunca s\u00fcrg\u00fcn etilgen \u015fah\u0131slarn\u0131\u00f1 aqlar\u0131n\u0131 \u011fayr\u0131dan tiklev aqq\u0131nda\u00bb qanun leyhas\u0131n\u0131\u00f1 muzakeresini kene artqa ta\u015flad\u0131"}]},{"@type":"WebSite","@id":"https:\/\/qtmm.org\/qt\/#website","url":"https:\/\/qtmm.org\/qt\/","name":"\u041c\u0435\u0434\u0436\u043b\u0456\u0441","description":"","publisher":{"@id":"https:\/\/qtmm.org\/qt\/#organization"},"potentialAction":[{"@type":"SearchAction","target":{"@type":"EntryPoint","urlTemplate":"https:\/\/qtmm.org\/qt\/?s={search_term_string}"},"query-input":{"@type":"PropertyValueSpecification","valueRequired":true,"valueName":"search_term_string"}}],"inLanguage":"qt"},{"@type":"Organization","@id":"https:\/\/qtmm.org\/qt\/#organization","name":"\u041c\u0435\u0434\u0436\u043b\u0456\u0441","url":"https:\/\/qtmm.org\/qt\/","logo":{"@type":"ImageObject","inLanguage":"qt","@id":"https:\/\/qtmm.org\/qt\/#\/schema\/logo\/image\/","url":"https:\/\/qtmm.org\/wp-content\/uploads\/2024\/12\/ua-mejlis-logo-rgb.svg","contentUrl":"https:\/\/qtmm.org\/wp-content\/uploads\/2024\/12\/ua-mejlis-logo-rgb.svg","caption":"\u041c\u0435\u0434\u0436\u043b\u0456\u0441"},"image":{"@id":"https:\/\/qtmm.org\/qt\/#\/schema\/logo\/image\/"},"sameAs":["https:\/\/www.facebook.com\/qtmm.info\/"]},{"@type":"Person","@id":"https:\/\/qtmm.org\/qt\/#\/schema\/person\/de562469f971dec226ac06e60bbf74a7","name":"Developer","image":{"@type":"ImageObject","inLanguage":"qt","@id":"https:\/\/secure.gravatar.com\/avatar\/392b4cc8fbfeb00b39dfeeab4ee6edded39ffd48e25858637e4765810300227e?s=96&d=mm&r=g","url":"https:\/\/secure.gravatar.com\/avatar\/392b4cc8fbfeb00b39dfeeab4ee6edded39ffd48e25858637e4765810300227e?s=96&d=mm&r=g","contentUrl":"https:\/\/secure.gravatar.com\/avatar\/392b4cc8fbfeb00b39dfeeab4ee6edded39ffd48e25858637e4765810300227e?s=96&d=mm&r=g","caption":"Developer"},"url":"https:\/\/qtmm.org\/qt\/author\/Developer\/"}]}},"_links":{"self":[{"href":"https:\/\/qtmm.org\/qt\/wp-json\/wp\/v2\/posts\/30992","targetHints":{"allow":["GET"]}}],"collection":[{"href":"https:\/\/qtmm.org\/qt\/wp-json\/wp\/v2\/posts"}],"about":[{"href":"https:\/\/qtmm.org\/qt\/wp-json\/wp\/v2\/types\/post"}],"author":[{"embeddable":true,"href":"https:\/\/qtmm.org\/qt\/wp-json\/wp\/v2\/users\/1"}],"replies":[{"embeddable":true,"href":"https:\/\/qtmm.org\/qt\/wp-json\/wp\/v2\/comments?post=30992"}],"version-history":[{"count":1,"href":"https:\/\/qtmm.org\/qt\/wp-json\/wp\/v2\/posts\/30992\/revisions"}],"predecessor-version":[{"id":30993,"href":"https:\/\/qtmm.org\/qt\/wp-json\/wp\/v2\/posts\/30992\/revisions\/30993"}],"wp:attachment":[{"href":"https:\/\/qtmm.org\/qt\/wp-json\/wp\/v2\/media?parent=30992"}],"wp:term":[{"taxonomy":"category","embeddable":true,"href":"https:\/\/qtmm.org\/qt\/wp-json\/wp\/v2\/categories?post=30992"},{"taxonomy":"post_tag","embeddable":true,"href":"https:\/\/qtmm.org\/qt\/wp-json\/wp\/v2\/tags?post=30992"}],"curies":[{"name":"wp","href":"https:\/\/api.w.org\/{rel}","templated":true}]}}