




{"id":30990,"date":"2012-05-16T19:47:00","date_gmt":"2012-05-16T16:47:00","guid":{"rendered":"http:\/\/qtmm.org\/?p=30990"},"modified":"2022-01-21T19:48:11","modified_gmt":"2022-01-21T16:48:11","slug":"belli-ukrain-dissidenti-leonid-plusc-sovet-uquqqoruyicilarinin-halqara-konferentsiyasina-qoltuta","status":"publish","type":"post","link":"https:\/\/qtmm.org\/qt\/belli-ukrain-dissidenti-leonid-plusc-sovet-uquqqoruyicilarinin-halqara-konferentsiyasina-qoltuta\/","title":{"rendered":"Belli ukrain dissidenti Leonid Pl\u00fc\u015f\u00e7 Sovet uquqqoruy\u0131c\u0131lar\u0131n\u0131\u00f1 halqara konferentsiyas\u0131na qoltuta"},"content":{"rendered":"\n<p>Mustafa Cemilevni\u00f1 te\u015febb\u00fcsine qoltutqan, l\u00e2kin kendilerine ba\u011fl\u0131 olma\u011fan sebeplerden \u00f6tr\u00fc kelip olama\u011fan belli ukrain dissidenti Leonid Pl\u00fc\u015f\u00e7 Frenkistandan Q\u0131r\u0131mdaki tedbirleri i\u015ftirak\u00e7ilerini\u00f1 ad\u0131na mekt\u00fcp yolla\u011fan.&nbsp;<\/p>\n\n\n\n<p><em>A\u015fa\u011f\u0131da Leonid Pl\u00fc\u015f\u00e7n\u0131\u00f1 mekt\u00fcbini avale etemiz :<\/em><br><br><br>&nbsp;<\/p>\n\n\n\n<p class=\"has-text-align-center\"><strong><em>2012 senesi may\u0131s 17-18 k\u00fcnleri Q\u0131r\u0131mda matem mitingini\u00f1 i\u015ftirak\u00e7ilerine<\/em><\/strong><\/p>\n\n\n\n<p class=\"has-text-align-center\"><br><strong><em>Q\u0131ymetli dostlar!<\/em><\/strong><\/p>\n\n\n\n<p><br>Meni q\u0131r\u0131mtatar halq\u0131 soyq\u0131r\u0131m\u0131 qurbanlar\u0131n\u0131\u00f1 hat\u0131ras\u0131na ba\u011f\u0131\u015flan\u0131p may\u0131s 17-18 k\u00fcnleri ke\u00e7irilecek matem tedbirlerinde i\u015ftirak etmek i\u00e7\u00fcn davet etken Meclis ve on\u0131\u00f1 reisi Mustafa Cemilevge te\u015fekk\u00fcr bildirmek isteyim.<\/p>\n\n\n\n<p>Halqlarn\u0131 s\u00fcrg\u00fcn etken sovet kommunist rejimi fa\u015fist rejiminen bir. Em de b\u00fct\u00fcn bir halqn\u0131 fa\u015fistlerge h\u0131zmet etkeninde su\u00e7lan\u0131lmas\u0131 da tesaduf degil. Q\u0131r\u0131mtatarlar Stalin taraf\u0131ndan Stalinni\u00f1 esas cinayetlerinden biri ol\u011fan Gitler ile a\u00f1la\u015fmas\u0131 i\u00e7\u00fcn cezaland\u0131lar. Albu ki ayn\u0131 \u015fu a\u00f1la\u015fma 2-nci cian cenkini\u00f1 ba\u015flanmas\u0131na sebep\u00e7i old\u0131. Aq\u0131l\u011fa yatma\u011fan qabaatlanuv aqibetinde b\u00fct\u00fcn bir halq Vatan\u0131ndan mahrum etildi.<\/p>\n\n\n\n<p>.\u015eimdi, q\u0131r\u0131mtatarlarn\u0131\u00f1 bir q\u0131sm\u0131 endi Vatan\u011fa qayt\u0131p, resmen demokratik Ukraina \u00e7er\u00e7ivesinde \u00f6z muhtariyat\u0131n\u0131 tiklegen bir zamanda men sovet rejimini\u00f1 cenk ve s\u00fcrg\u00fcnliknen ba\u011fl\u0131 daa bir cinayetini hat\u0131rlatmaq isterdim. Bu, 1932-33 senelerdeki a\u00e7l\u0131q, millionlarnen qurbanlarn\u0131 al\u0131p ketken ukrain k\u00f6yl\u00fclerini\u00f1 soyq\u0131r\u0131m\u0131. Bu vah\u015fiylik Gitlerni\u00f1 \u00fck\u00fcmet ba\u015f\u0131na ke\u00e7mesini qolayla\u015ft\u0131rd\u0131, kommunistlerni\u00f1 cinayetlerine yol a\u00e7t\u0131. Halqlarn\u0131\u00f1 s\u00fcrg\u00fcnligi i\u015fte \u015fu A\u00e7l\u0131qn\u0131\u00f1 devam\u0131 old\u0131.<\/p>\n\n\n\n<p>Biz genotsidni\u00f1 er angi \u015fekilleri d\u00fcnya miqyas\u0131nda qaralanmas\u0131na iri\u015fmek kerekmiz ki, sessiz seyir et\u00fcvimiz ba\u015fqa cinayetlerni\u00f1 ba\u015flanmas\u0131na siltem ola bilir. \u015eun\u0131\u00f1 i\u00e7\u00fcn de 1968 senesi general Grigorenko Aleksey K\u00f6steringe ba\u011f\u0131\u015flan\u011fan aq\u015famda q\u0131r\u0131mtatarlar \u00f6g\u00fcnde genotsid aqq\u0131nda halqara qanunlar\u011fa esaslan\u011fanlar\u0131 alda, \u00f6z talaplar\u0131nen Halqara te\u015fkil\u00e2tlar\u011fa muracaat et\u00fcv tezisini orta\u011fa qoyd\u0131.<\/p>\n\n\n\n<p>Ta o zamanlarda bizim halqlar\u0131m\u0131z, olsun tek \u015fah\u0131slar aras\u0131nda, birlikte \u00e7al\u0131\u015f\u0131p ba\u015flad\u0131lar. \u015eun\u0131\u00f1 i\u00e7\u00fcn de Ay\u015fe Seytmuratova Ukraina Helsinki Gruppas\u0131n\u0131\u00f1 Halqara vek\u00e2letligine kirdi.<\/p>\n\n\n\n<p>Q\u0131r\u0131mtatar vekilleri, bilhassa Zampira Asanovan\u0131\u00f1, Kiyevge kelgenini minnetdarl\u0131q ile hat\u0131rlay\u0131m. O uzaq y\u0131llarda q\u0131r\u0131mtatar halq\u0131n\u0131\u00f1 milliy areketi bizler i\u00e7\u00fcn k\u00fctleviyligi, umumhalql\u0131\u011f\u0131, nizam-tertipligi, ikmeti, sab\u0131r ve ayn\u0131 zamanda ces\u00fcrliginen ibret old\u0131. Rus ve ukrain \u015fovinistlerni\u00f1, Tel\u00fckesizlik h\u0131zmeti casuslar\u0131, \u00e7etelli ekstremistlerni\u00f1 fesatlar\u0131na baqmadan q\u0131r\u0131mtatarlar bug\u00fcn de b\u00f6yle n\u00fcm\u00fcnedirler. Q\u0131r\u0131mtatarlarn\u0131 par\u00e7alamaq \u0131d\u0131r\u0131nuvlar\u0131 ne Brejnev, ne Gorba\u00e7\u00f6v devrinde, ne bug\u00fcn \u00e7ul tutmaqta.<\/p>\n\n\n\n<p>Bug\u00fcn kommunistlerni\u00f1 rus \u015fovinizmi ve &#8220;qazaq&#8221;lar\u011fa tatar ekstremizmine qar\u015f\u0131 k\u00fcre\u015f mana\u00e7\u0131\u011f\u0131nen ukrain fesat\u00e7\u0131lar\u0131 da qo\u015fulmaqta. Bular tatarlarn\u0131\u00f1 vah\u015fiyligi aqq\u0131nda sa\u00e7malavlarn\u0131 tarqat\u0131p, muhtariyatn\u0131 l\u00e2\u011fv ettirmekni teklif eteler. Amma paradoks \u015funda ki, bug\u00fcnki Q\u0131r\u0131m muhtariyat\u0131 ker\u00e7ekten de hasta. \u00d6z vaqt\u0131nda o \u00f6z devlet\u00e7iligi o\u011frunda k\u00fcre\u015f\u00fcvi sayesinde, tam\u0131r halqn\u0131\u00f1 milliy itiyaclar\u0131ndan kelip \u00e7\u0131qaraq qurul\u011fan edi. Teess\u00fcf ki, \u011fayr\u0131dan tiklengen muhtariyat Q\u0131r\u0131mdan s\u00fcrg\u00fcn etilgen as\u0131l halq ve diger milletlerni\u00f1 aqlar\u0131n\u0131 asl\u0131 da tan\u0131may. \u015eun\u0131\u00f1 i\u00e7\u00fcn de milliy-territorial devlet\u00e7ilikni talap et\u00fcv s\u00fcrg\u00fcnlikni soyq\u0131r\u0131m olaraq tan\u0131lmas\u0131 talab\u0131n\u0131\u00f1 mant\u0131q\u0131y devam\u0131d\u0131r.<\/p>\n\n\n\n<p>\u015eovinist Moskva te\u015fviqat\u0131 \u00c7e\u00e7enistannen qorquz\u011fan\u0131 kibi Q\u0131r\u0131mnen de qorquza. L\u00e2kin aqiqatta ise ille q\u0131r\u0131mtatarlar Q\u0131r\u0131mda bar\u0131\u015f\u0131ql\u0131qn\u0131\u00f1 kefaletidir. Grigorenkon\u0131\u00f1, \u011fayr\u0131dan quruv devri ba\u015f\u0131ndaki &#8220;Ruh&#8221;n\u0131\u00f1 ananeleri, ukrain ve q\u0131r\u0131mtatar dissident deputatlar\u0131n\u0131\u00f1 Yuqar\u0131 \u015eurada i\u015fbirligi de b\u00f6yle kefillikni bere. Q\u0131r\u0131mtatarlarn\u0131\u00f1 UPA otr\u00e2dlar\u0131nda i\u015ftiraki, bun\u0131\u00f1 kibi de 1943 senesi OUN-UPA taraf\u0131ndan eki totalitar rejimge qar\u015f\u0131 birle\u015fmek maqsad\u0131nen \u015earqiy Avropa ve Asiya eziyetlengen halqlar konferentsiyas\u0131nda delegatsiyas\u0131n\u0131 taqdim etkenlerini hat\u0131rlatmaq ister edim.<\/p>\n\n\n\n<p>\u015eun\u0131\u00f1 i\u00e7\u00fcn de epimizge Ukrainan\u0131 demokratla\u015ft\u0131ruv boyunca ameliy i\u015fbirlikni ba\u015flamaqn\u0131 tileyim.<\/p>\n\n\n\n<hr class=\"wp-block-separator\"\/>\n\n\n\n<p><strong><\/strong><strong>Leonid Pl\u00fc\u015f\u00e7,<\/strong><\/p>\n\n\n\n<p>sab\u0131q sovet siyasiy mahb\u00fcsi, SSSRde ignsan aqlar\u0131n\u0131 qoor\u00e7alav te\u015febbd\u00fcs\u00e7i gruppas\u0131 ve Ukraina Helsinki Gruppas\u0131 \u00c7eteldeki vek\u00e2letligini\u00f1 azas\u0131<\/p>\n\n\n\n<p>2012 senesi may\u0131s 15.<br><br>Frkenkistan<\/p>\n","protected":false},"excerpt":{"rendered":"<p>Mustafa Cemilevni\u00f1 te\u015febb\u00fcsine qoltutqan, l\u00e2kin kendilerine ba\u011fl\u0131 olma\u011fan sebeplerden \u00f6tr\u00fc kelip olama\u011fan belli ukrain dissidenti Leonid Pl\u00fc\u015f\u00e7 Frenkistandan Q\u0131r\u0131mdaki tedbirleri i\u015ftirak\u00e7ilerini\u00f1 ad\u0131na mekt\u00fcp yolla\u011fan.&nbsp; A\u015fa\u011f\u0131da Leonid Pl\u00fc\u015f\u00e7n\u0131\u00f1 mekt\u00fcbini avale etemiz : &nbsp; 2012 senesi may\u0131s 17-18 k\u00fcnleri Q\u0131r\u0131mda matem mitingini\u00f1 i\u015ftirak\u00e7ilerine Q\u0131ymetli dostlar! Meni q\u0131r\u0131mtatar halq\u0131 soyq\u0131r\u0131m\u0131 qurbanlar\u0131n\u0131\u00f1 hat\u0131ras\u0131na ba\u011f\u0131\u015flan\u0131p may\u0131s 17-18 k\u00fcnleri ke\u00e7irilecek matem [&hellip;]<\/p>\n","protected":false},"author":1,"featured_media":0,"comment_status":"open","ping_status":"open","sticky":false,"template":"","format":"standard","meta":{"inline_featured_image":false,"footnotes":""},"categories":[265],"tags":[],"class_list":["post-30990","post","type-post","status-publish","format-standard","hentry","category-haberler"],"acf":[],"yoast_head":"<!-- This site is optimized with the Yoast SEO plugin v27.4 - https:\/\/yoast.com\/product\/yoast-seo-wordpress\/ -->\n<title>Belli ukrain dissidenti Leonid Pl\u00fc\u015f\u00e7 Sovet uquqqoruy\u0131c\u0131lar\u0131n\u0131\u00f1 halqara konferentsiyas\u0131na qoltuta - \u041c\u0435\u0434\u0436\u043b\u0456\u0441<\/title>\n<meta name=\"robots\" content=\"index, follow, max-snippet:-1, max-image-preview:large, max-video-preview:-1\" \/>\n<link rel=\"canonical\" href=\"https:\/\/qtmm.org\/qt\/belli-ukrain-dissidenti-leonid-plusc-sovet-uquqqoruyicilarinin-halqara-konferentsiyasina-qoltuta\/\" \/>\n<meta property=\"og:locale\" content=\"en_US\" \/>\n<meta property=\"og:type\" content=\"article\" \/>\n<meta property=\"og:title\" content=\"Belli ukrain dissidenti Leonid Pl\u00fc\u015f\u00e7 Sovet uquqqoruy\u0131c\u0131lar\u0131n\u0131\u00f1 halqara konferentsiyas\u0131na qoltuta - \u041c\u0435\u0434\u0436\u043b\u0456\u0441\" \/>\n<meta property=\"og:description\" content=\"Mustafa Cemilevni\u00f1 te\u015febb\u00fcsine qoltutqan, l\u00e2kin kendilerine ba\u011fl\u0131 olma\u011fan sebeplerden \u00f6tr\u00fc kelip olama\u011fan belli ukrain dissidenti Leonid Pl\u00fc\u015f\u00e7 Frenkistandan Q\u0131r\u0131mdaki tedbirleri i\u015ftirak\u00e7ilerini\u00f1 ad\u0131na mekt\u00fcp yolla\u011fan.&nbsp; A\u015fa\u011f\u0131da Leonid Pl\u00fc\u015f\u00e7n\u0131\u00f1 mekt\u00fcbini avale etemiz : &nbsp; 2012 senesi may\u0131s 17-18 k\u00fcnleri Q\u0131r\u0131mda matem mitingini\u00f1 i\u015ftirak\u00e7ilerine Q\u0131ymetli dostlar! Meni q\u0131r\u0131mtatar halq\u0131 soyq\u0131r\u0131m\u0131 qurbanlar\u0131n\u0131\u00f1 hat\u0131ras\u0131na ba\u011f\u0131\u015flan\u0131p may\u0131s 17-18 k\u00fcnleri ke\u00e7irilecek matem [&hellip;]\" \/>\n<meta property=\"og:url\" content=\"https:\/\/qtmm.org\/qt\/belli-ukrain-dissidenti-leonid-plusc-sovet-uquqqoruyicilarinin-halqara-konferentsiyasina-qoltuta\/\" \/>\n<meta property=\"og:site_name\" content=\"\u041c\u0435\u0434\u0436\u043b\u0456\u0441\" \/>\n<meta property=\"article:publisher\" content=\"https:\/\/www.facebook.com\/qtmm.info\/\" \/>\n<meta property=\"article:published_time\" content=\"2012-05-16T16:47:00+00:00\" \/>\n<meta property=\"article:modified_time\" content=\"2022-01-21T16:48:11+00:00\" \/>\n<meta name=\"author\" content=\"Developer\" \/>\n<meta name=\"twitter:card\" content=\"summary_large_image\" \/>\n<meta name=\"twitter:label1\" content=\"Written by\" \/>\n\t<meta name=\"twitter:data1\" content=\"Developer\" \/>\n\t<meta name=\"twitter:label2\" content=\"Est. reading time\" \/>\n\t<meta name=\"twitter:data2\" content=\"4 minutes\" \/>\n<script type=\"application\/ld+json\" class=\"yoast-schema-graph\">{\"@context\":\"https:\\\/\\\/schema.org\",\"@graph\":[{\"@type\":\"Article\",\"@id\":\"https:\\\/\\\/qtmm.org\\\/qt\\\/belli-ukrain-dissidenti-leonid-plusc-sovet-uquqqoruyicilarinin-halqara-konferentsiyasina-qoltuta\\\/#article\",\"isPartOf\":{\"@id\":\"https:\\\/\\\/qtmm.org\\\/qt\\\/belli-ukrain-dissidenti-leonid-plusc-sovet-uquqqoruyicilarinin-halqara-konferentsiyasina-qoltuta\\\/\"},\"author\":{\"name\":\"Developer\",\"@id\":\"https:\\\/\\\/qtmm.org\\\/qt\\\/#\\\/schema\\\/person\\\/de562469f971dec226ac06e60bbf74a7\"},\"headline\":\"Belli ukrain dissidenti Leonid Pl\u00fc\u015f\u00e7 Sovet uquqqoruy\u0131c\u0131lar\u0131n\u0131\u00f1 halqara konferentsiyas\u0131na qoltuta\",\"datePublished\":\"2012-05-16T16:47:00+00:00\",\"dateModified\":\"2022-01-21T16:48:11+00:00\",\"mainEntityOfPage\":{\"@id\":\"https:\\\/\\\/qtmm.org\\\/qt\\\/belli-ukrain-dissidenti-leonid-plusc-sovet-uquqqoruyicilarinin-halqara-konferentsiyasina-qoltuta\\\/\"},\"wordCount\":758,\"commentCount\":0,\"publisher\":{\"@id\":\"https:\\\/\\\/qtmm.org\\\/qt\\\/#organization\"},\"articleSection\":[\"Haberler\"],\"inLanguage\":\"qt\",\"potentialAction\":[{\"@type\":\"CommentAction\",\"name\":\"Comment\",\"target\":[\"https:\\\/\\\/qtmm.org\\\/qt\\\/belli-ukrain-dissidenti-leonid-plusc-sovet-uquqqoruyicilarinin-halqara-konferentsiyasina-qoltuta\\\/#respond\"]}]},{\"@type\":\"WebPage\",\"@id\":\"https:\\\/\\\/qtmm.org\\\/qt\\\/belli-ukrain-dissidenti-leonid-plusc-sovet-uquqqoruyicilarinin-halqara-konferentsiyasina-qoltuta\\\/\",\"url\":\"https:\\\/\\\/qtmm.org\\\/qt\\\/belli-ukrain-dissidenti-leonid-plusc-sovet-uquqqoruyicilarinin-halqara-konferentsiyasina-qoltuta\\\/\",\"name\":\"Belli ukrain dissidenti Leonid Pl\u00fc\u015f\u00e7 Sovet uquqqoruy\u0131c\u0131lar\u0131n\u0131\u00f1 halqara konferentsiyas\u0131na qoltuta - \u041c\u0435\u0434\u0436\u043b\u0456\u0441\",\"isPartOf\":{\"@id\":\"https:\\\/\\\/qtmm.org\\\/qt\\\/#website\"},\"datePublished\":\"2012-05-16T16:47:00+00:00\",\"dateModified\":\"2022-01-21T16:48:11+00:00\",\"breadcrumb\":{\"@id\":\"https:\\\/\\\/qtmm.org\\\/qt\\\/belli-ukrain-dissidenti-leonid-plusc-sovet-uquqqoruyicilarinin-halqara-konferentsiyasina-qoltuta\\\/#breadcrumb\"},\"inLanguage\":\"qt\",\"potentialAction\":[{\"@type\":\"ReadAction\",\"target\":[\"https:\\\/\\\/qtmm.org\\\/qt\\\/belli-ukrain-dissidenti-leonid-plusc-sovet-uquqqoruyicilarinin-halqara-konferentsiyasina-qoltuta\\\/\"]}]},{\"@type\":\"BreadcrumbList\",\"@id\":\"https:\\\/\\\/qtmm.org\\\/qt\\\/belli-ukrain-dissidenti-leonid-plusc-sovet-uquqqoruyicilarinin-halqara-konferentsiyasina-qoltuta\\\/#breadcrumb\",\"itemListElement\":[{\"@type\":\"ListItem\",\"position\":1,\"name\":\"\u0413\u043e\u043b\u043e\u0432\u043d\u0430\",\"item\":\"https:\\\/\\\/qtmm.org\\\/qt\\\/\"},{\"@type\":\"ListItem\",\"position\":2,\"name\":\"Belli ukrain dissidenti Leonid Pl\u00fc\u015f\u00e7 Sovet uquqqoruy\u0131c\u0131lar\u0131n\u0131\u00f1 halqara konferentsiyas\u0131na qoltuta\"}]},{\"@type\":\"WebSite\",\"@id\":\"https:\\\/\\\/qtmm.org\\\/qt\\\/#website\",\"url\":\"https:\\\/\\\/qtmm.org\\\/qt\\\/\",\"name\":\"\u041c\u0435\u0434\u0436\u043b\u0456\u0441\",\"description\":\"\",\"publisher\":{\"@id\":\"https:\\\/\\\/qtmm.org\\\/qt\\\/#organization\"},\"potentialAction\":[{\"@type\":\"SearchAction\",\"target\":{\"@type\":\"EntryPoint\",\"urlTemplate\":\"https:\\\/\\\/qtmm.org\\\/qt\\\/?s={search_term_string}\"},\"query-input\":{\"@type\":\"PropertyValueSpecification\",\"valueRequired\":true,\"valueName\":\"search_term_string\"}}],\"inLanguage\":\"qt\"},{\"@type\":\"Organization\",\"@id\":\"https:\\\/\\\/qtmm.org\\\/qt\\\/#organization\",\"name\":\"\u041c\u0435\u0434\u0436\u043b\u0456\u0441\",\"url\":\"https:\\\/\\\/qtmm.org\\\/qt\\\/\",\"logo\":{\"@type\":\"ImageObject\",\"inLanguage\":\"qt\",\"@id\":\"https:\\\/\\\/qtmm.org\\\/qt\\\/#\\\/schema\\\/logo\\\/image\\\/\",\"url\":\"https:\\\/\\\/qtmm.org\\\/wp-content\\\/uploads\\\/2024\\\/12\\\/ua-mejlis-logo-rgb.svg\",\"contentUrl\":\"https:\\\/\\\/qtmm.org\\\/wp-content\\\/uploads\\\/2024\\\/12\\\/ua-mejlis-logo-rgb.svg\",\"caption\":\"\u041c\u0435\u0434\u0436\u043b\u0456\u0441\"},\"image\":{\"@id\":\"https:\\\/\\\/qtmm.org\\\/qt\\\/#\\\/schema\\\/logo\\\/image\\\/\"},\"sameAs\":[\"https:\\\/\\\/www.facebook.com\\\/qtmm.info\\\/\"]},{\"@type\":\"Person\",\"@id\":\"https:\\\/\\\/qtmm.org\\\/qt\\\/#\\\/schema\\\/person\\\/de562469f971dec226ac06e60bbf74a7\",\"name\":\"Developer\",\"image\":{\"@type\":\"ImageObject\",\"inLanguage\":\"qt\",\"@id\":\"https:\\\/\\\/secure.gravatar.com\\\/avatar\\\/392b4cc8fbfeb00b39dfeeab4ee6edded39ffd48e25858637e4765810300227e?s=96&d=mm&r=g\",\"url\":\"https:\\\/\\\/secure.gravatar.com\\\/avatar\\\/392b4cc8fbfeb00b39dfeeab4ee6edded39ffd48e25858637e4765810300227e?s=96&d=mm&r=g\",\"contentUrl\":\"https:\\\/\\\/secure.gravatar.com\\\/avatar\\\/392b4cc8fbfeb00b39dfeeab4ee6edded39ffd48e25858637e4765810300227e?s=96&d=mm&r=g\",\"caption\":\"Developer\"},\"url\":\"https:\\\/\\\/qtmm.org\\\/qt\\\/author\\\/Developer\\\/\"}]}<\/script>\n<!-- \/ Yoast SEO plugin. -->","yoast_head_json":{"title":"Belli ukrain dissidenti Leonid Pl\u00fc\u015f\u00e7 Sovet uquqqoruy\u0131c\u0131lar\u0131n\u0131\u00f1 halqara konferentsiyas\u0131na qoltuta - \u041c\u0435\u0434\u0436\u043b\u0456\u0441","robots":{"index":"index","follow":"follow","max-snippet":"max-snippet:-1","max-image-preview":"max-image-preview:large","max-video-preview":"max-video-preview:-1"},"canonical":"https:\/\/qtmm.org\/qt\/belli-ukrain-dissidenti-leonid-plusc-sovet-uquqqoruyicilarinin-halqara-konferentsiyasina-qoltuta\/","og_locale":"en_US","og_type":"article","og_title":"Belli ukrain dissidenti Leonid Pl\u00fc\u015f\u00e7 Sovet uquqqoruy\u0131c\u0131lar\u0131n\u0131\u00f1 halqara konferentsiyas\u0131na qoltuta - \u041c\u0435\u0434\u0436\u043b\u0456\u0441","og_description":"Mustafa Cemilevni\u00f1 te\u015febb\u00fcsine qoltutqan, l\u00e2kin kendilerine ba\u011fl\u0131 olma\u011fan sebeplerden \u00f6tr\u00fc kelip olama\u011fan belli ukrain dissidenti Leonid Pl\u00fc\u015f\u00e7 Frenkistandan Q\u0131r\u0131mdaki tedbirleri i\u015ftirak\u00e7ilerini\u00f1 ad\u0131na mekt\u00fcp yolla\u011fan.&nbsp; A\u015fa\u011f\u0131da Leonid Pl\u00fc\u015f\u00e7n\u0131\u00f1 mekt\u00fcbini avale etemiz : &nbsp; 2012 senesi may\u0131s 17-18 k\u00fcnleri Q\u0131r\u0131mda matem mitingini\u00f1 i\u015ftirak\u00e7ilerine Q\u0131ymetli dostlar! Meni q\u0131r\u0131mtatar halq\u0131 soyq\u0131r\u0131m\u0131 qurbanlar\u0131n\u0131\u00f1 hat\u0131ras\u0131na ba\u011f\u0131\u015flan\u0131p may\u0131s 17-18 k\u00fcnleri ke\u00e7irilecek matem [&hellip;]","og_url":"https:\/\/qtmm.org\/qt\/belli-ukrain-dissidenti-leonid-plusc-sovet-uquqqoruyicilarinin-halqara-konferentsiyasina-qoltuta\/","og_site_name":"\u041c\u0435\u0434\u0436\u043b\u0456\u0441","article_publisher":"https:\/\/www.facebook.com\/qtmm.info\/","article_published_time":"2012-05-16T16:47:00+00:00","article_modified_time":"2022-01-21T16:48:11+00:00","author":"Developer","twitter_card":"summary_large_image","twitter_misc":{"Written by":"Developer","Est. reading time":"4 minutes"},"schema":{"@context":"https:\/\/schema.org","@graph":[{"@type":"Article","@id":"https:\/\/qtmm.org\/qt\/belli-ukrain-dissidenti-leonid-plusc-sovet-uquqqoruyicilarinin-halqara-konferentsiyasina-qoltuta\/#article","isPartOf":{"@id":"https:\/\/qtmm.org\/qt\/belli-ukrain-dissidenti-leonid-plusc-sovet-uquqqoruyicilarinin-halqara-konferentsiyasina-qoltuta\/"},"author":{"name":"Developer","@id":"https:\/\/qtmm.org\/qt\/#\/schema\/person\/de562469f971dec226ac06e60bbf74a7"},"headline":"Belli ukrain dissidenti Leonid Pl\u00fc\u015f\u00e7 Sovet uquqqoruy\u0131c\u0131lar\u0131n\u0131\u00f1 halqara konferentsiyas\u0131na qoltuta","datePublished":"2012-05-16T16:47:00+00:00","dateModified":"2022-01-21T16:48:11+00:00","mainEntityOfPage":{"@id":"https:\/\/qtmm.org\/qt\/belli-ukrain-dissidenti-leonid-plusc-sovet-uquqqoruyicilarinin-halqara-konferentsiyasina-qoltuta\/"},"wordCount":758,"commentCount":0,"publisher":{"@id":"https:\/\/qtmm.org\/qt\/#organization"},"articleSection":["Haberler"],"inLanguage":"qt","potentialAction":[{"@type":"CommentAction","name":"Comment","target":["https:\/\/qtmm.org\/qt\/belli-ukrain-dissidenti-leonid-plusc-sovet-uquqqoruyicilarinin-halqara-konferentsiyasina-qoltuta\/#respond"]}]},{"@type":"WebPage","@id":"https:\/\/qtmm.org\/qt\/belli-ukrain-dissidenti-leonid-plusc-sovet-uquqqoruyicilarinin-halqara-konferentsiyasina-qoltuta\/","url":"https:\/\/qtmm.org\/qt\/belli-ukrain-dissidenti-leonid-plusc-sovet-uquqqoruyicilarinin-halqara-konferentsiyasina-qoltuta\/","name":"Belli ukrain dissidenti Leonid Pl\u00fc\u015f\u00e7 Sovet uquqqoruy\u0131c\u0131lar\u0131n\u0131\u00f1 halqara konferentsiyas\u0131na qoltuta - \u041c\u0435\u0434\u0436\u043b\u0456\u0441","isPartOf":{"@id":"https:\/\/qtmm.org\/qt\/#website"},"datePublished":"2012-05-16T16:47:00+00:00","dateModified":"2022-01-21T16:48:11+00:00","breadcrumb":{"@id":"https:\/\/qtmm.org\/qt\/belli-ukrain-dissidenti-leonid-plusc-sovet-uquqqoruyicilarinin-halqara-konferentsiyasina-qoltuta\/#breadcrumb"},"inLanguage":"qt","potentialAction":[{"@type":"ReadAction","target":["https:\/\/qtmm.org\/qt\/belli-ukrain-dissidenti-leonid-plusc-sovet-uquqqoruyicilarinin-halqara-konferentsiyasina-qoltuta\/"]}]},{"@type":"BreadcrumbList","@id":"https:\/\/qtmm.org\/qt\/belli-ukrain-dissidenti-leonid-plusc-sovet-uquqqoruyicilarinin-halqara-konferentsiyasina-qoltuta\/#breadcrumb","itemListElement":[{"@type":"ListItem","position":1,"name":"\u0413\u043e\u043b\u043e\u0432\u043d\u0430","item":"https:\/\/qtmm.org\/qt\/"},{"@type":"ListItem","position":2,"name":"Belli ukrain dissidenti Leonid Pl\u00fc\u015f\u00e7 Sovet uquqqoruy\u0131c\u0131lar\u0131n\u0131\u00f1 halqara konferentsiyas\u0131na qoltuta"}]},{"@type":"WebSite","@id":"https:\/\/qtmm.org\/qt\/#website","url":"https:\/\/qtmm.org\/qt\/","name":"\u041c\u0435\u0434\u0436\u043b\u0456\u0441","description":"","publisher":{"@id":"https:\/\/qtmm.org\/qt\/#organization"},"potentialAction":[{"@type":"SearchAction","target":{"@type":"EntryPoint","urlTemplate":"https:\/\/qtmm.org\/qt\/?s={search_term_string}"},"query-input":{"@type":"PropertyValueSpecification","valueRequired":true,"valueName":"search_term_string"}}],"inLanguage":"qt"},{"@type":"Organization","@id":"https:\/\/qtmm.org\/qt\/#organization","name":"\u041c\u0435\u0434\u0436\u043b\u0456\u0441","url":"https:\/\/qtmm.org\/qt\/","logo":{"@type":"ImageObject","inLanguage":"qt","@id":"https:\/\/qtmm.org\/qt\/#\/schema\/logo\/image\/","url":"https:\/\/qtmm.org\/wp-content\/uploads\/2024\/12\/ua-mejlis-logo-rgb.svg","contentUrl":"https:\/\/qtmm.org\/wp-content\/uploads\/2024\/12\/ua-mejlis-logo-rgb.svg","caption":"\u041c\u0435\u0434\u0436\u043b\u0456\u0441"},"image":{"@id":"https:\/\/qtmm.org\/qt\/#\/schema\/logo\/image\/"},"sameAs":["https:\/\/www.facebook.com\/qtmm.info\/"]},{"@type":"Person","@id":"https:\/\/qtmm.org\/qt\/#\/schema\/person\/de562469f971dec226ac06e60bbf74a7","name":"Developer","image":{"@type":"ImageObject","inLanguage":"qt","@id":"https:\/\/secure.gravatar.com\/avatar\/392b4cc8fbfeb00b39dfeeab4ee6edded39ffd48e25858637e4765810300227e?s=96&d=mm&r=g","url":"https:\/\/secure.gravatar.com\/avatar\/392b4cc8fbfeb00b39dfeeab4ee6edded39ffd48e25858637e4765810300227e?s=96&d=mm&r=g","contentUrl":"https:\/\/secure.gravatar.com\/avatar\/392b4cc8fbfeb00b39dfeeab4ee6edded39ffd48e25858637e4765810300227e?s=96&d=mm&r=g","caption":"Developer"},"url":"https:\/\/qtmm.org\/qt\/author\/Developer\/"}]}},"_links":{"self":[{"href":"https:\/\/qtmm.org\/qt\/wp-json\/wp\/v2\/posts\/30990","targetHints":{"allow":["GET"]}}],"collection":[{"href":"https:\/\/qtmm.org\/qt\/wp-json\/wp\/v2\/posts"}],"about":[{"href":"https:\/\/qtmm.org\/qt\/wp-json\/wp\/v2\/types\/post"}],"author":[{"embeddable":true,"href":"https:\/\/qtmm.org\/qt\/wp-json\/wp\/v2\/users\/1"}],"replies":[{"embeddable":true,"href":"https:\/\/qtmm.org\/qt\/wp-json\/wp\/v2\/comments?post=30990"}],"version-history":[{"count":1,"href":"https:\/\/qtmm.org\/qt\/wp-json\/wp\/v2\/posts\/30990\/revisions"}],"predecessor-version":[{"id":30991,"href":"https:\/\/qtmm.org\/qt\/wp-json\/wp\/v2\/posts\/30990\/revisions\/30991"}],"wp:attachment":[{"href":"https:\/\/qtmm.org\/qt\/wp-json\/wp\/v2\/media?parent=30990"}],"wp:term":[{"taxonomy":"category","embeddable":true,"href":"https:\/\/qtmm.org\/qt\/wp-json\/wp\/v2\/categories?post=30990"},{"taxonomy":"post_tag","embeddable":true,"href":"https:\/\/qtmm.org\/qt\/wp-json\/wp\/v2\/tags?post=30990"}],"curies":[{"name":"wp","href":"https:\/\/api.w.org\/{rel}","templated":true}]}}