




{"id":30988,"date":"2012-05-16T19:46:00","date_gmt":"2012-05-16T16:46:00","guid":{"rendered":"http:\/\/qtmm.org\/?p=30988"},"modified":"2022-01-21T19:47:16","modified_gmt":"2022-01-21T16:47:16","slug":"qirimda-sovet-uquqqoruyicilarinin-halqara-konferentsiyasi-kecirilecek","status":"publish","type":"post","link":"https:\/\/qtmm.org\/qt\/qirimda-sovet-uquqqoruyicilarinin-halqara-konferentsiyasi-kecirilecek\/","title":{"rendered":"Q\u0131r\u0131mda sovet uquqqoruy\u0131c\u0131lar\u0131n\u0131\u00f1 halqara konferentsiyas\u0131 ke\u00e7irilecek"},"content":{"rendered":"\n<p>Q\u0131r\u0131mtatar halq\u0131 s\u00fcrg\u00fcn etilgenini\u00f1 68 y\u0131ll\u0131\u011f\u0131 ve soyq\u0131r\u0131m qurbanlar\u0131n\u0131\u00f1 hat\u0131ras\u0131na ba\u011f\u0131\u015flan\u011fan tedbirler sab\u0131q sovetler hudud\u0131nda demokratiya inki\u015faf\u0131nda m\u00fcim ve adden t\u0131\u015f bir vaqianen belgilenecek. May\u0131s 19 k\u00fcn\u00fc Aqmescit \u015feerinde dissident ve sovet uquqqoruy\u0131c\u0131lar\u0131n\u0131\u00f1 k\u00f6r\u00fc\u015f\u00fcvi olacaq.<\/p>\n\n\n\n<p>Bu, insanl\u0131qn\u0131 yoq et\u00fcv saas\u0131nda \u015fu qadar vah\u015fiy ve misilsiz SSSR kommunist rejimine qar\u015f\u0131 k\u00fcre\u015fte so\u00f1suz me\u015faqatlarn\u0131 \u00e7ekken, zorluqs\u0131z areketleri sayesinde rejimni i\u00e7 bir qur\u015funs\u0131z darma-da\u011f\u0131n etken sovet siyasiy mahb\u00fcslerni\u00f1 k\u00f6r\u00fc\u015f\u00fcvidir.<\/p>\n\n\n\n<p><br>Halq\u0131m\u0131z i\u00e7\u00fcn e\u00f1 facial\u0131 s\u0131nav y\u0131llar\u0131 ol\u011fan 20-nci as\u0131rn\u0131\u00f1 60-70-nci senelerinde sovet imperiyas\u0131 q\u0131r\u0131mtatarlarn\u0131\u00f1 halq olaraq saqlap qal\u0131nmas\u0131 ve Vatan\u011fa qaytmaq istegi i\u00e7\u00fcn repressiyalar\u011fa o\u011fratqan vaq\u0131tta q\u0131r\u0131mtatarlar\u011fa \u015fu sistema\u011fa qar\u015f\u0131 k\u00fcre\u015fte dissidentler ve uquqqoruv areketi qoltutqan edi.<\/p>\n\n\n\n<p>Bug\u00fcnde-bug\u00fcn bizim minnetdar halq\u0131m\u0131z, on\u0131\u00f1 vek\u00e2letli organ\u0131 ol\u011fan Meclis, q\u0131r\u0131mtatar cemaat\u00e7\u0131l\u0131\u011f\u0131 ve milliy areket saflar\u0131na eminliknen qo\u015ful\u011fan ya\u015f nesilimiz Q\u0131r\u0131mda \u00f6z musafirleri \u2013 sovet uqukqoruy\u0131c\u0131lar\u0131 ve dissidentlerni b\u00fcy\u00fck say\u011f\u0131 ve itiram ile qar\u015f\u0131lamaqta.<\/p>\n\n\n\n<p>Olarn\u0131\u00f1 aras\u0131nda d\u00fcnyaca belli Vladimir BUKOVSK\u0130Y (\u0130ngiltere), L\u00fcdmila ALEKSEYEVA, Sergey KOVAL\u00d6V, Aleksandr LAVUT, Aleksandr PODRAB\u0130NEK, Aleksey SM\u0130RNOV (Rusiye), Tatyana YANKELEV\u0130\u00c7, Andrey GR\u0130GORENKO (AQ\u015e), Natalya GORBANEVSKAYA (Frenkistan), Yevgen SVERSTN\u00dcK, Miroslav MAR\u0130NOV\u0130\u00c7, Vasil \u00d6VS\u0130YENKO, \u00d6les \u015eEV\u00c7ENKO, \u0130osif Z\u0130SELS (Ukraina), Petr HLEBOV\u0130\u00c7 (Poloniya) ve digerleri.<\/p>\n\n\n\n<p>Milliy matem ve qay\u011f\u0131 k\u00fcn\u00fc Amerikadan Q\u0131r\u0131m\u011fa q\u0131r\u0131mtatarlarn\u0131\u00f1 daa bir qoruy\u0131c\u0131s\u0131 \u2013 Corc Va\u015fington universiteti siyaset\u015f\u0131nasl\u0131q professor\u0131 Piter REDDAVEY da kele. Belli ki, ayn\u0131 on\u0131\u00f1 \u011fayreti ile 1976 senesi Amsterdamda \u00e7\u0131qqan &#8220;Ta\u015fkent mahkemesi&#8221; kitab\u0131 sayesinde b\u00fct\u00fcn d\u00fcnya q\u0131r\u0131mtatar halq\u0131n\u0131\u00f1 facial\u0131 taqdiri, milliy areket i\u015ftirak\u00e7ilerine qar\u015f\u0131 taz\u0131y\u0131q aqq\u0131nda bildi. Poloniyadan \u00f6z aqlar\u0131 i\u00e7\u00fcn k\u00fcre\u015f al\u0131p bar\u011fan q\u0131r\u0131mtatar halq\u0131 milliy areketini tedqiq etken gen\u00e7 alimler ve uquqqoruy\u0131c\u0131lar keldiler.<\/p>\n\n\n\n<p>Nufuzl\u0131 musafirlerni\u00f1 ziyaret programmas\u0131 \u011fayet tolu. Bir qa\u00e7 k\u00f6r\u00fc\u015f\u00fcv ve subetlerden so\u00f1 olar may\u0131s 19 k\u00fcn\u00fc esas mesele \u2013 yani \u015fu seneni\u00f1 k\u00fczinde Q\u0131r\u0131mda sovet uquqqoruy\u0131c\u0131lar\u0131n\u0131\u00f1 halqara forum\u0131n\u0131, ya da daa bir tekliflerge k\u00f6re Uquqqoruy\u0131c\u0131lar\u0131n\u0131\u00f1 Q\u0131r\u0131m forum\u0131n\u0131 ke\u00e7irmek meselesini muzakere etecekler.<\/p>\n\n\n\n<p>Bug\u00fcnde-bug\u00fcn sab\u0131q sovetler hudud\u0131nda sovet imperiyas\u0131n\u0131 restavratsiya yapmaq areketlerine be\u00f1zegen vaqialar y\u00fcz bergende, Avropa demokratik degerlikler kene de sovet devrindekisi kibi yabanc\u0131, dep il\u00e2n etilgende, a\u00e7\u0131q ve adaletli saylavlar yerine sahte se\u00e7imler \u00f6tkerilgende zemaneviy demokratik ve uquqoruv k\u00fc\u00e7ler bu tel\u00fckege qar\u015f\u0131 Praga baarini\u00f1 &#8220;Sizi\u00f1 ve bizim serbestligimiz i\u00e7\u00fcn&#8221; \u015fiar\u0131 alt\u0131nda kene birle\u015fmeleri kerek.<br>Mustafa Cemilevni\u00f1 te\u015febb\u00fcsine qoltutqan, l\u00e2kin kendilerine ba\u011fl\u0131 olma\u011fan sebeplerden \u00f6tr\u00fc kelip olama\u011fan Leonid Pl\u00fc\u015f\u00e7 Frenkistandan ve diger dissidentler Q\u0131r\u0131mdaki tedbirleri i\u015ftirak\u00e7ilerini\u00f1 ad\u0131na mekt\u00fcp yolla\u011fan.<br>&nbsp;<\/p>\n\n\n\n<p><em>Q\u0131r\u0131mtatar halq\u0131 Meclisini\u00f1 T\u0131\u015fq\u0131 al\u00e2qalar b\u00f6l\u00fcgine<\/em><\/p>\n","protected":false},"excerpt":{"rendered":"<p>Q\u0131r\u0131mtatar halq\u0131 s\u00fcrg\u00fcn etilgenini\u00f1 68 y\u0131ll\u0131\u011f\u0131 ve soyq\u0131r\u0131m qurbanlar\u0131n\u0131\u00f1 hat\u0131ras\u0131na ba\u011f\u0131\u015flan\u011fan tedbirler sab\u0131q sovetler hudud\u0131nda demokratiya inki\u015faf\u0131nda m\u00fcim ve adden t\u0131\u015f bir vaqianen belgilenecek. May\u0131s 19 k\u00fcn\u00fc Aqmescit \u015feerinde dissident ve sovet uquqqoruy\u0131c\u0131lar\u0131n\u0131\u00f1 k\u00f6r\u00fc\u015f\u00fcvi olacaq. Bu, insanl\u0131qn\u0131 yoq et\u00fcv saas\u0131nda \u015fu qadar vah\u015fiy ve misilsiz SSSR kommunist rejimine qar\u015f\u0131 k\u00fcre\u015fte so\u00f1suz me\u015faqatlarn\u0131 \u00e7ekken, zorluqs\u0131z areketleri [&hellip;]<\/p>\n","protected":false},"author":1,"featured_media":0,"comment_status":"open","ping_status":"open","sticky":false,"template":"","format":"standard","meta":{"inline_featured_image":false,"footnotes":""},"categories":[265],"tags":[],"class_list":["post-30988","post","type-post","status-publish","format-standard","hentry","category-haberler"],"acf":[],"yoast_head":"<!-- This site is optimized with the Yoast SEO plugin v27.4 - https:\/\/yoast.com\/product\/yoast-seo-wordpress\/ -->\n<title>Q\u0131r\u0131mda sovet uquqqoruy\u0131c\u0131lar\u0131n\u0131\u00f1 halqara konferentsiyas\u0131 ke\u00e7irilecek - \u041c\u0435\u0434\u0436\u043b\u0456\u0441<\/title>\n<meta name=\"robots\" content=\"index, follow, max-snippet:-1, max-image-preview:large, max-video-preview:-1\" \/>\n<link rel=\"canonical\" href=\"https:\/\/qtmm.org\/qt\/qirimda-sovet-uquqqoruyicilarinin-halqara-konferentsiyasi-kecirilecek\/\" \/>\n<meta property=\"og:locale\" content=\"en_US\" \/>\n<meta property=\"og:type\" content=\"article\" \/>\n<meta property=\"og:title\" content=\"Q\u0131r\u0131mda sovet uquqqoruy\u0131c\u0131lar\u0131n\u0131\u00f1 halqara konferentsiyas\u0131 ke\u00e7irilecek - \u041c\u0435\u0434\u0436\u043b\u0456\u0441\" \/>\n<meta property=\"og:description\" content=\"Q\u0131r\u0131mtatar halq\u0131 s\u00fcrg\u00fcn etilgenini\u00f1 68 y\u0131ll\u0131\u011f\u0131 ve soyq\u0131r\u0131m qurbanlar\u0131n\u0131\u00f1 hat\u0131ras\u0131na ba\u011f\u0131\u015flan\u011fan tedbirler sab\u0131q sovetler hudud\u0131nda demokratiya inki\u015faf\u0131nda m\u00fcim ve adden t\u0131\u015f bir vaqianen belgilenecek. May\u0131s 19 k\u00fcn\u00fc Aqmescit \u015feerinde dissident ve sovet uquqqoruy\u0131c\u0131lar\u0131n\u0131\u00f1 k\u00f6r\u00fc\u015f\u00fcvi olacaq. Bu, insanl\u0131qn\u0131 yoq et\u00fcv saas\u0131nda \u015fu qadar vah\u015fiy ve misilsiz SSSR kommunist rejimine qar\u015f\u0131 k\u00fcre\u015fte so\u00f1suz me\u015faqatlarn\u0131 \u00e7ekken, zorluqs\u0131z areketleri [&hellip;]\" \/>\n<meta property=\"og:url\" content=\"https:\/\/qtmm.org\/qt\/qirimda-sovet-uquqqoruyicilarinin-halqara-konferentsiyasi-kecirilecek\/\" \/>\n<meta property=\"og:site_name\" content=\"\u041c\u0435\u0434\u0436\u043b\u0456\u0441\" \/>\n<meta property=\"article:publisher\" content=\"https:\/\/www.facebook.com\/qtmm.info\/\" \/>\n<meta property=\"article:published_time\" content=\"2012-05-16T16:46:00+00:00\" \/>\n<meta property=\"article:modified_time\" content=\"2022-01-21T16:47:16+00:00\" \/>\n<meta name=\"author\" content=\"Developer\" \/>\n<meta name=\"twitter:card\" content=\"summary_large_image\" \/>\n<meta name=\"twitter:label1\" content=\"Written by\" \/>\n\t<meta name=\"twitter:data1\" content=\"Developer\" \/>\n\t<meta name=\"twitter:label2\" content=\"Est. reading time\" \/>\n\t<meta name=\"twitter:data2\" content=\"3 minutes\" \/>\n<script type=\"application\/ld+json\" class=\"yoast-schema-graph\">{\"@context\":\"https:\\\/\\\/schema.org\",\"@graph\":[{\"@type\":\"Article\",\"@id\":\"https:\\\/\\\/qtmm.org\\\/qt\\\/qirimda-sovet-uquqqoruyicilarinin-halqara-konferentsiyasi-kecirilecek\\\/#article\",\"isPartOf\":{\"@id\":\"https:\\\/\\\/qtmm.org\\\/qt\\\/qirimda-sovet-uquqqoruyicilarinin-halqara-konferentsiyasi-kecirilecek\\\/\"},\"author\":{\"name\":\"Developer\",\"@id\":\"https:\\\/\\\/qtmm.org\\\/qt\\\/#\\\/schema\\\/person\\\/de562469f971dec226ac06e60bbf74a7\"},\"headline\":\"Q\u0131r\u0131mda sovet uquqqoruy\u0131c\u0131lar\u0131n\u0131\u00f1 halqara konferentsiyas\u0131 ke\u00e7irilecek\",\"datePublished\":\"2012-05-16T16:46:00+00:00\",\"dateModified\":\"2022-01-21T16:47:16+00:00\",\"mainEntityOfPage\":{\"@id\":\"https:\\\/\\\/qtmm.org\\\/qt\\\/qirimda-sovet-uquqqoruyicilarinin-halqara-konferentsiyasi-kecirilecek\\\/\"},\"wordCount\":551,\"commentCount\":0,\"publisher\":{\"@id\":\"https:\\\/\\\/qtmm.org\\\/qt\\\/#organization\"},\"articleSection\":[\"Haberler\"],\"inLanguage\":\"qt\",\"potentialAction\":[{\"@type\":\"CommentAction\",\"name\":\"Comment\",\"target\":[\"https:\\\/\\\/qtmm.org\\\/qt\\\/qirimda-sovet-uquqqoruyicilarinin-halqara-konferentsiyasi-kecirilecek\\\/#respond\"]}]},{\"@type\":\"WebPage\",\"@id\":\"https:\\\/\\\/qtmm.org\\\/qt\\\/qirimda-sovet-uquqqoruyicilarinin-halqara-konferentsiyasi-kecirilecek\\\/\",\"url\":\"https:\\\/\\\/qtmm.org\\\/qt\\\/qirimda-sovet-uquqqoruyicilarinin-halqara-konferentsiyasi-kecirilecek\\\/\",\"name\":\"Q\u0131r\u0131mda sovet uquqqoruy\u0131c\u0131lar\u0131n\u0131\u00f1 halqara konferentsiyas\u0131 ke\u00e7irilecek - \u041c\u0435\u0434\u0436\u043b\u0456\u0441\",\"isPartOf\":{\"@id\":\"https:\\\/\\\/qtmm.org\\\/qt\\\/#website\"},\"datePublished\":\"2012-05-16T16:46:00+00:00\",\"dateModified\":\"2022-01-21T16:47:16+00:00\",\"breadcrumb\":{\"@id\":\"https:\\\/\\\/qtmm.org\\\/qt\\\/qirimda-sovet-uquqqoruyicilarinin-halqara-konferentsiyasi-kecirilecek\\\/#breadcrumb\"},\"inLanguage\":\"qt\",\"potentialAction\":[{\"@type\":\"ReadAction\",\"target\":[\"https:\\\/\\\/qtmm.org\\\/qt\\\/qirimda-sovet-uquqqoruyicilarinin-halqara-konferentsiyasi-kecirilecek\\\/\"]}]},{\"@type\":\"BreadcrumbList\",\"@id\":\"https:\\\/\\\/qtmm.org\\\/qt\\\/qirimda-sovet-uquqqoruyicilarinin-halqara-konferentsiyasi-kecirilecek\\\/#breadcrumb\",\"itemListElement\":[{\"@type\":\"ListItem\",\"position\":1,\"name\":\"\u0413\u043e\u043b\u043e\u0432\u043d\u0430\",\"item\":\"https:\\\/\\\/qtmm.org\\\/qt\\\/\"},{\"@type\":\"ListItem\",\"position\":2,\"name\":\"Q\u0131r\u0131mda sovet uquqqoruy\u0131c\u0131lar\u0131n\u0131\u00f1 halqara konferentsiyas\u0131 ke\u00e7irilecek\"}]},{\"@type\":\"WebSite\",\"@id\":\"https:\\\/\\\/qtmm.org\\\/qt\\\/#website\",\"url\":\"https:\\\/\\\/qtmm.org\\\/qt\\\/\",\"name\":\"\u041c\u0435\u0434\u0436\u043b\u0456\u0441\",\"description\":\"\",\"publisher\":{\"@id\":\"https:\\\/\\\/qtmm.org\\\/qt\\\/#organization\"},\"potentialAction\":[{\"@type\":\"SearchAction\",\"target\":{\"@type\":\"EntryPoint\",\"urlTemplate\":\"https:\\\/\\\/qtmm.org\\\/qt\\\/?s={search_term_string}\"},\"query-input\":{\"@type\":\"PropertyValueSpecification\",\"valueRequired\":true,\"valueName\":\"search_term_string\"}}],\"inLanguage\":\"qt\"},{\"@type\":\"Organization\",\"@id\":\"https:\\\/\\\/qtmm.org\\\/qt\\\/#organization\",\"name\":\"\u041c\u0435\u0434\u0436\u043b\u0456\u0441\",\"url\":\"https:\\\/\\\/qtmm.org\\\/qt\\\/\",\"logo\":{\"@type\":\"ImageObject\",\"inLanguage\":\"qt\",\"@id\":\"https:\\\/\\\/qtmm.org\\\/qt\\\/#\\\/schema\\\/logo\\\/image\\\/\",\"url\":\"https:\\\/\\\/qtmm.org\\\/wp-content\\\/uploads\\\/2024\\\/12\\\/ua-mejlis-logo-rgb.svg\",\"contentUrl\":\"https:\\\/\\\/qtmm.org\\\/wp-content\\\/uploads\\\/2024\\\/12\\\/ua-mejlis-logo-rgb.svg\",\"caption\":\"\u041c\u0435\u0434\u0436\u043b\u0456\u0441\"},\"image\":{\"@id\":\"https:\\\/\\\/qtmm.org\\\/qt\\\/#\\\/schema\\\/logo\\\/image\\\/\"},\"sameAs\":[\"https:\\\/\\\/www.facebook.com\\\/qtmm.info\\\/\"]},{\"@type\":\"Person\",\"@id\":\"https:\\\/\\\/qtmm.org\\\/qt\\\/#\\\/schema\\\/person\\\/de562469f971dec226ac06e60bbf74a7\",\"name\":\"Developer\",\"image\":{\"@type\":\"ImageObject\",\"inLanguage\":\"qt\",\"@id\":\"https:\\\/\\\/secure.gravatar.com\\\/avatar\\\/392b4cc8fbfeb00b39dfeeab4ee6edded39ffd48e25858637e4765810300227e?s=96&d=mm&r=g\",\"url\":\"https:\\\/\\\/secure.gravatar.com\\\/avatar\\\/392b4cc8fbfeb00b39dfeeab4ee6edded39ffd48e25858637e4765810300227e?s=96&d=mm&r=g\",\"contentUrl\":\"https:\\\/\\\/secure.gravatar.com\\\/avatar\\\/392b4cc8fbfeb00b39dfeeab4ee6edded39ffd48e25858637e4765810300227e?s=96&d=mm&r=g\",\"caption\":\"Developer\"},\"url\":\"https:\\\/\\\/qtmm.org\\\/qt\\\/author\\\/Developer\\\/\"}]}<\/script>\n<!-- \/ Yoast SEO plugin. -->","yoast_head_json":{"title":"Q\u0131r\u0131mda sovet uquqqoruy\u0131c\u0131lar\u0131n\u0131\u00f1 halqara konferentsiyas\u0131 ke\u00e7irilecek - \u041c\u0435\u0434\u0436\u043b\u0456\u0441","robots":{"index":"index","follow":"follow","max-snippet":"max-snippet:-1","max-image-preview":"max-image-preview:large","max-video-preview":"max-video-preview:-1"},"canonical":"https:\/\/qtmm.org\/qt\/qirimda-sovet-uquqqoruyicilarinin-halqara-konferentsiyasi-kecirilecek\/","og_locale":"en_US","og_type":"article","og_title":"Q\u0131r\u0131mda sovet uquqqoruy\u0131c\u0131lar\u0131n\u0131\u00f1 halqara konferentsiyas\u0131 ke\u00e7irilecek - \u041c\u0435\u0434\u0436\u043b\u0456\u0441","og_description":"Q\u0131r\u0131mtatar halq\u0131 s\u00fcrg\u00fcn etilgenini\u00f1 68 y\u0131ll\u0131\u011f\u0131 ve soyq\u0131r\u0131m qurbanlar\u0131n\u0131\u00f1 hat\u0131ras\u0131na ba\u011f\u0131\u015flan\u011fan tedbirler sab\u0131q sovetler hudud\u0131nda demokratiya inki\u015faf\u0131nda m\u00fcim ve adden t\u0131\u015f bir vaqianen belgilenecek. May\u0131s 19 k\u00fcn\u00fc Aqmescit \u015feerinde dissident ve sovet uquqqoruy\u0131c\u0131lar\u0131n\u0131\u00f1 k\u00f6r\u00fc\u015f\u00fcvi olacaq. Bu, insanl\u0131qn\u0131 yoq et\u00fcv saas\u0131nda \u015fu qadar vah\u015fiy ve misilsiz SSSR kommunist rejimine qar\u015f\u0131 k\u00fcre\u015fte so\u00f1suz me\u015faqatlarn\u0131 \u00e7ekken, zorluqs\u0131z areketleri [&hellip;]","og_url":"https:\/\/qtmm.org\/qt\/qirimda-sovet-uquqqoruyicilarinin-halqara-konferentsiyasi-kecirilecek\/","og_site_name":"\u041c\u0435\u0434\u0436\u043b\u0456\u0441","article_publisher":"https:\/\/www.facebook.com\/qtmm.info\/","article_published_time":"2012-05-16T16:46:00+00:00","article_modified_time":"2022-01-21T16:47:16+00:00","author":"Developer","twitter_card":"summary_large_image","twitter_misc":{"Written by":"Developer","Est. reading time":"3 minutes"},"schema":{"@context":"https:\/\/schema.org","@graph":[{"@type":"Article","@id":"https:\/\/qtmm.org\/qt\/qirimda-sovet-uquqqoruyicilarinin-halqara-konferentsiyasi-kecirilecek\/#article","isPartOf":{"@id":"https:\/\/qtmm.org\/qt\/qirimda-sovet-uquqqoruyicilarinin-halqara-konferentsiyasi-kecirilecek\/"},"author":{"name":"Developer","@id":"https:\/\/qtmm.org\/qt\/#\/schema\/person\/de562469f971dec226ac06e60bbf74a7"},"headline":"Q\u0131r\u0131mda sovet uquqqoruy\u0131c\u0131lar\u0131n\u0131\u00f1 halqara konferentsiyas\u0131 ke\u00e7irilecek","datePublished":"2012-05-16T16:46:00+00:00","dateModified":"2022-01-21T16:47:16+00:00","mainEntityOfPage":{"@id":"https:\/\/qtmm.org\/qt\/qirimda-sovet-uquqqoruyicilarinin-halqara-konferentsiyasi-kecirilecek\/"},"wordCount":551,"commentCount":0,"publisher":{"@id":"https:\/\/qtmm.org\/qt\/#organization"},"articleSection":["Haberler"],"inLanguage":"qt","potentialAction":[{"@type":"CommentAction","name":"Comment","target":["https:\/\/qtmm.org\/qt\/qirimda-sovet-uquqqoruyicilarinin-halqara-konferentsiyasi-kecirilecek\/#respond"]}]},{"@type":"WebPage","@id":"https:\/\/qtmm.org\/qt\/qirimda-sovet-uquqqoruyicilarinin-halqara-konferentsiyasi-kecirilecek\/","url":"https:\/\/qtmm.org\/qt\/qirimda-sovet-uquqqoruyicilarinin-halqara-konferentsiyasi-kecirilecek\/","name":"Q\u0131r\u0131mda sovet uquqqoruy\u0131c\u0131lar\u0131n\u0131\u00f1 halqara konferentsiyas\u0131 ke\u00e7irilecek - \u041c\u0435\u0434\u0436\u043b\u0456\u0441","isPartOf":{"@id":"https:\/\/qtmm.org\/qt\/#website"},"datePublished":"2012-05-16T16:46:00+00:00","dateModified":"2022-01-21T16:47:16+00:00","breadcrumb":{"@id":"https:\/\/qtmm.org\/qt\/qirimda-sovet-uquqqoruyicilarinin-halqara-konferentsiyasi-kecirilecek\/#breadcrumb"},"inLanguage":"qt","potentialAction":[{"@type":"ReadAction","target":["https:\/\/qtmm.org\/qt\/qirimda-sovet-uquqqoruyicilarinin-halqara-konferentsiyasi-kecirilecek\/"]}]},{"@type":"BreadcrumbList","@id":"https:\/\/qtmm.org\/qt\/qirimda-sovet-uquqqoruyicilarinin-halqara-konferentsiyasi-kecirilecek\/#breadcrumb","itemListElement":[{"@type":"ListItem","position":1,"name":"\u0413\u043e\u043b\u043e\u0432\u043d\u0430","item":"https:\/\/qtmm.org\/qt\/"},{"@type":"ListItem","position":2,"name":"Q\u0131r\u0131mda sovet uquqqoruy\u0131c\u0131lar\u0131n\u0131\u00f1 halqara konferentsiyas\u0131 ke\u00e7irilecek"}]},{"@type":"WebSite","@id":"https:\/\/qtmm.org\/qt\/#website","url":"https:\/\/qtmm.org\/qt\/","name":"\u041c\u0435\u0434\u0436\u043b\u0456\u0441","description":"","publisher":{"@id":"https:\/\/qtmm.org\/qt\/#organization"},"potentialAction":[{"@type":"SearchAction","target":{"@type":"EntryPoint","urlTemplate":"https:\/\/qtmm.org\/qt\/?s={search_term_string}"},"query-input":{"@type":"PropertyValueSpecification","valueRequired":true,"valueName":"search_term_string"}}],"inLanguage":"qt"},{"@type":"Organization","@id":"https:\/\/qtmm.org\/qt\/#organization","name":"\u041c\u0435\u0434\u0436\u043b\u0456\u0441","url":"https:\/\/qtmm.org\/qt\/","logo":{"@type":"ImageObject","inLanguage":"qt","@id":"https:\/\/qtmm.org\/qt\/#\/schema\/logo\/image\/","url":"https:\/\/qtmm.org\/wp-content\/uploads\/2024\/12\/ua-mejlis-logo-rgb.svg","contentUrl":"https:\/\/qtmm.org\/wp-content\/uploads\/2024\/12\/ua-mejlis-logo-rgb.svg","caption":"\u041c\u0435\u0434\u0436\u043b\u0456\u0441"},"image":{"@id":"https:\/\/qtmm.org\/qt\/#\/schema\/logo\/image\/"},"sameAs":["https:\/\/www.facebook.com\/qtmm.info\/"]},{"@type":"Person","@id":"https:\/\/qtmm.org\/qt\/#\/schema\/person\/de562469f971dec226ac06e60bbf74a7","name":"Developer","image":{"@type":"ImageObject","inLanguage":"qt","@id":"https:\/\/secure.gravatar.com\/avatar\/392b4cc8fbfeb00b39dfeeab4ee6edded39ffd48e25858637e4765810300227e?s=96&d=mm&r=g","url":"https:\/\/secure.gravatar.com\/avatar\/392b4cc8fbfeb00b39dfeeab4ee6edded39ffd48e25858637e4765810300227e?s=96&d=mm&r=g","contentUrl":"https:\/\/secure.gravatar.com\/avatar\/392b4cc8fbfeb00b39dfeeab4ee6edded39ffd48e25858637e4765810300227e?s=96&d=mm&r=g","caption":"Developer"},"url":"https:\/\/qtmm.org\/qt\/author\/Developer\/"}]}},"_links":{"self":[{"href":"https:\/\/qtmm.org\/qt\/wp-json\/wp\/v2\/posts\/30988","targetHints":{"allow":["GET"]}}],"collection":[{"href":"https:\/\/qtmm.org\/qt\/wp-json\/wp\/v2\/posts"}],"about":[{"href":"https:\/\/qtmm.org\/qt\/wp-json\/wp\/v2\/types\/post"}],"author":[{"embeddable":true,"href":"https:\/\/qtmm.org\/qt\/wp-json\/wp\/v2\/users\/1"}],"replies":[{"embeddable":true,"href":"https:\/\/qtmm.org\/qt\/wp-json\/wp\/v2\/comments?post=30988"}],"version-history":[{"count":1,"href":"https:\/\/qtmm.org\/qt\/wp-json\/wp\/v2\/posts\/30988\/revisions"}],"predecessor-version":[{"id":30989,"href":"https:\/\/qtmm.org\/qt\/wp-json\/wp\/v2\/posts\/30988\/revisions\/30989"}],"wp:attachment":[{"href":"https:\/\/qtmm.org\/qt\/wp-json\/wp\/v2\/media?parent=30988"}],"wp:term":[{"taxonomy":"category","embeddable":true,"href":"https:\/\/qtmm.org\/qt\/wp-json\/wp\/v2\/categories?post=30988"},{"taxonomy":"post_tag","embeddable":true,"href":"https:\/\/qtmm.org\/qt\/wp-json\/wp\/v2\/tags?post=30988"}],"curies":[{"name":"wp","href":"https:\/\/api.w.org\/{rel}","templated":true}]}}