




{"id":30970,"date":"2012-05-14T19:45:00","date_gmt":"2012-05-14T16:45:00","guid":{"rendered":"http:\/\/qtmm.org\/?p=30970"},"modified":"2022-01-21T19:46:41","modified_gmt":"2022-01-21T16:46:41","slug":"mayis-17-18-kunleri-aqmescitnin-merkeziy-meydaninda-resmiy-matem-tedbirler-kecirilmesi-kelisildi","status":"publish","type":"post","link":"https:\/\/qtmm.org\/qt\/mayis-17-18-kunleri-aqmescitnin-merkeziy-meydaninda-resmiy-matem-tedbirler-kecirilmesi-kelisildi\/","title":{"rendered":"May\u0131s 17-18 k\u00fcnleri Aqmescitni\u00f1 merkeziy meydan\u0131nda resmiy matem tedbirler ke\u00e7irilmesi keli\u015fildi"},"content":{"rendered":"\n<p>May\u0131s 14 k\u00fcn\u00fc Q\u0131r\u0131m Nazirler \u015euras\u0131n\u0131\u00f1 meclisler zal\u0131nda Q\u0131r\u0131m Nazirler \u015euras\u0131 reisini\u00f1 muavini Aziz Abdullayev Q\u0131r\u0131mdan s\u00fcrg\u00fcn etil\u00fcv qurbanlar\u0131\u00f1 hat\u0131ras\u0131na ba\u011f\u0131\u015flan\u011fan matem tedbirlerini az\u0131rlav ve \u00f6tker\u00fcv boyunca komissiyan\u0131\u00f1 nevbetteki topla\u015fuv\u0131n\u0131 ke\u00e7irdi.<\/p>\n\n\n\n<p>Topla\u015fuvda Q\u0131r\u0131mtatar halq\u0131 Meclisini\u00f1 reisi, Ukraina halq deputat\u0131 Mustafa Cemilev i\u015ftirak etti.<\/p>\n\n\n\n<p>Topla\u015fuv i\u015ftirak\u00e7ileri Q\u0131r\u0131mtatar halq\u0131 s\u00fcrg\u00fcnligini\u00f1 qurbanlar\u0131na ba\u011f\u0131\u015flan\u011fan B\u00fct\u00fcnq\u0131r\u0131m matem mitingini ATR kanal\u0131nda canl\u0131 \u015fekilde k\u00f6stermek i\u00e7\u00fcn donatmalarn\u0131 az\u0131rlav aqq\u0131nda &#8220;Kr\u0131m&#8221; devlet teleradiokompaniyas\u0131 ve ATR q\u0131r\u0131mtatar kanal\u0131 vekillerini\u00f1 esabat\u0131 di\u00f1lenildi.<\/p>\n\n\n\n<p>&#8220;ATR&#8221; telekanal\u0131n\u0131\u00f1 direktor\u0131 Elzara \u0130sl\u00e2mova topla\u015fuv reisi A.Abdullayevge ait h\u0131zmetler matem mitingi ke\u00e7irilgen k\u00fcnlerde energetikanen teminlemelerini avale etmesini rica etti.<\/p>\n\n\n\n<figure class=\"wp-block-image size-full\"><img loading=\"lazy\" decoding=\"async\" width=\"650\" height=\"350\" src=\"http:\/\/qtmm.org\/wp-content\/uploads\/2022\/01\/p5140035.jpeg\" alt=\"\" class=\"wp-image-30975\" srcset=\"https:\/\/qtmm.org\/wp-content\/uploads\/2022\/01\/p5140035.jpeg 650w, https:\/\/qtmm.org\/wp-content\/uploads\/2022\/01\/p5140035-300x162.jpeg 300w\" sizes=\"auto, (max-width: 650px) 100vw, 650px\" \/><\/figure>\n\n\n\n<p>Topla\u015fuv devam\u0131nda Q\u0131r\u0131m Nazirler \u015euras\u0131 reisini\u00f1 muavini, Te\u015fkiliy komitet reisini\u00f1 muavini Aziz Abdullayev Q\u0131r\u0131m matbuat hadimlerine demir\u00f6l transport\u0131n\u0131\u00f1 Q\u0131r\u0131mn\u0131\u00f1 \u00e7e\u015fit yerlerinden Aqmescitke kelmek ve qaytmaq areketini\u00f1 may\u0131s 18 k\u00fcn\u00fc cedvelindeki de\u00f1i\u015fmeler aqq\u0131nda cemaat\u00e7\u0131l\u0131qqa bildirmek vazifesini berdi.<\/p>\n\n\n\n<p>Topla\u015fuvda \u00e7\u0131q\u0131\u015fta bulun\u011fan Meclis reisini\u00f1 birinci muavini, Q\u0131r\u0131m Yuqar\u0131 \u015euras\u0131n\u0131\u00f1 deputat\u0131 Refat \u00c7ubarov qayd etti ki, may\u0131s 18 k\u00fcn\u00fc kolonnalarn\u0131\u00f1 merkeziy meydan taba areketi ve vaqt\u0131 keli\u015fildi. Bun\u0131\u00f1 kibi de R. \u00c7ubarov Te\u015fkiliy komitetke Mecliste de matem mitingine az\u0131rl\u0131qn\u0131\u00f1 keti\u015fat\u0131 tafsil\u00e2tl\u0131 baq\u0131p \u00e7\u0131q\u0131l\u011fan\u0131 ve t\u00fczet\u00fcv ve a\u00f1la\u015fma talap etken meselelerni\u00f1 i\u015flenilgenini bildirdi.<\/p>\n\n\n\n<figure class=\"wp-block-image size-full\"><img loading=\"lazy\" decoding=\"async\" width=\"650\" height=\"350\" src=\"http:\/\/qtmm.org\/wp-content\/uploads\/2022\/01\/p5140040.jpeg\" alt=\"\" class=\"wp-image-30979\" srcset=\"https:\/\/qtmm.org\/wp-content\/uploads\/2022\/01\/p5140040.jpeg 650w, https:\/\/qtmm.org\/wp-content\/uploads\/2022\/01\/p5140040-300x162.jpeg 300w\" sizes=\"auto, (max-width: 650px) 100vw, 650px\" \/><\/figure>\n\n\n\n<p>Meclis reisini\u00f1 birinci muavini \u015fun\u0131 da bildirdi ki, Aqmescit \u015feer \u015furas\u0131na t\u00fc\u015fken mal\u00fcmatqa k\u00f6re Q\u0131r\u0131mn\u0131\u00f1 cemaat te\u015fkil\u00e2t\u0131lar\u0131ndan biri Aqmescit \u015feer \u015furas\u0131na may\u0131s 15 k\u00fcn\u00fc merkeziy meydanda a\u00e7l\u0131q tutuv aqq\u0131nda il\u00e2n etmek ve bun\u0131\u00f1 kibi de meydanda may\u0131s 18-de nas\u0131ld\u0131r topla\u015fuv ke\u00e7irmege musaade etmek ricas\u0131nda bulun\u011fanlar. .<\/p>\n\n\n\n<p>Q\u0131r\u0131m Nazirler \u015euras\u0131 reisini\u00f1 muavini, Te\u015fkiliy komitet reisini\u00f1 muavini Aziz Abdullayev ve Aqmescit \u015feer \u015furas\u0131n\u0131\u00f1 vekillerine h\u0131tap etken Refat \u00c7ubarov \u015fun\u0131 hat\u0131rlatt\u0131 ki, Q\u0131r\u0131mdan s\u00fcrg\u00fcn etil\u00fcv qurbanlar\u0131\u00f1 hat\u0131ras\u0131na ba\u011f\u0131\u015flan\u011fan matem tedbirlerini az\u0131rlav ve ke\u00e7ir\u00fcv boyunca te\u015fkiliy komitet taraf\u0131ndan evelden berilgen muracaatqa k\u00f6re may\u0131s 17-18 k\u00fcnleri Aqmescitni\u00f1 merkeziy meydan\u0131 resmiy matem tedbirleri ke\u00e7irilecek yer olaraq keli\u015fildi.<\/p>\n\n\n\n<figure class=\"wp-block-image size-full\"><img loading=\"lazy\" decoding=\"async\" width=\"650\" height=\"350\" src=\"http:\/\/qtmm.org\/wp-content\/uploads\/2022\/01\/p5140033.jpeg\" alt=\"\" class=\"wp-image-30983\" srcset=\"https:\/\/qtmm.org\/wp-content\/uploads\/2022\/01\/p5140033.jpeg 650w, https:\/\/qtmm.org\/wp-content\/uploads\/2022\/01\/p5140033-300x162.jpeg 300w\" sizes=\"auto, (max-width: 650px) 100vw, 650px\" \/><\/figure>\n\n\n\n<p>Te\u015fkiliy komitet azalar\u0131 qatiyen tasdiqlad\u0131lar ki, may\u0131s 17-18 k\u00fcnleri er angi ba\u015fqa tedbirler ba\u015fqa yerde, ba\u015fqa vaq\u0131tta olmas\u0131 kerek.<br>Meclis K\u00e2tibiyetini\u00f1 ba\u015f\u0131 Zair Smedl\u00e2yev ve Q\u0131r\u0131mn\u0131\u00f1 uquqqoruv organlar\u0131n\u0131\u00f1 vekilleri B\u00fct\u00fcnq\u0131r\u0131m matem mitingi ke\u00e7ilgen yerde insan ve naqliye areketini\u00f1 havfs\u0131zl\u0131\u011f\u0131n\u0131 teminlev keli\u015filgenini tasdiqlad\u0131lar.<\/p>\n\n\n\n<p>&#8220;ATR&#8221; telekanal\u0131n\u0131\u00f1 ba\u015f direktor\u0131 Elzara \u0130sl\u00e2mova \u015fun\u0131 da haber etti ki, tez arada ATRn\u0131\u00f1 resmiy saifesinde yaz\u0131l\u011fan &#8220;Ant etkenmen&#8221; milliy gimnni\u00f1 ya\u00f1\u0131 keyfiyetli variant\u0131n\u0131 k\u00f6\u00e7\u00fcrip almaq m\u00fcmk\u00fcn olacaq. Gimnni orkestrni\u00f1 zil tutuv\u0131nda professional y\u0131rc\u0131lar icra ettiler.<\/p>\n\n\n\n<p>Topla\u015fuvn\u0131\u00f1 so\u00f1unda diger meseleler de baq\u0131ld\u0131.<\/p>\n","protected":false},"excerpt":{"rendered":"<p>May\u0131s 14 k\u00fcn\u00fc Q\u0131r\u0131m Nazirler \u015euras\u0131n\u0131\u00f1 meclisler zal\u0131nda Q\u0131r\u0131m Nazirler \u015euras\u0131 reisini\u00f1 muavini Aziz Abdullayev Q\u0131r\u0131mdan s\u00fcrg\u00fcn etil\u00fcv qurbanlar\u0131\u00f1 hat\u0131ras\u0131na ba\u011f\u0131\u015flan\u011fan matem tedbirlerini az\u0131rlav ve \u00f6tker\u00fcv boyunca komissiyan\u0131\u00f1 nevbetteki topla\u015fuv\u0131n\u0131 ke\u00e7irdi. Topla\u015fuvda Q\u0131r\u0131mtatar halq\u0131 Meclisini\u00f1 reisi, Ukraina halq deputat\u0131 Mustafa Cemilev i\u015ftirak etti. Topla\u015fuv i\u015ftirak\u00e7ileri Q\u0131r\u0131mtatar halq\u0131 s\u00fcrg\u00fcnligini\u00f1 qurbanlar\u0131na ba\u011f\u0131\u015flan\u011fan B\u00fct\u00fcnq\u0131r\u0131m matem mitingini ATR kanal\u0131nda [&hellip;]<\/p>\n","protected":false},"author":1,"featured_media":30971,"comment_status":"open","ping_status":"open","sticky":false,"template":"","format":"standard","meta":{"inline_featured_image":false,"footnotes":""},"categories":[265],"tags":[],"class_list":["post-30970","post","type-post","status-publish","format-standard","has-post-thumbnail","hentry","category-haberler"],"acf":[],"yoast_head":"<!-- This site is optimized with the Yoast SEO plugin v27.4 - https:\/\/yoast.com\/product\/yoast-seo-wordpress\/ -->\n<title>May\u0131s 17-18 k\u00fcnleri Aqmescitni\u00f1 merkeziy meydan\u0131nda resmiy matem tedbirler ke\u00e7irilmesi keli\u015fildi - \u041c\u0435\u0434\u0436\u043b\u0456\u0441<\/title>\n<meta name=\"robots\" content=\"index, follow, max-snippet:-1, max-image-preview:large, max-video-preview:-1\" \/>\n<link rel=\"canonical\" href=\"https:\/\/qtmm.org\/qt\/mayis-17-18-kunleri-aqmescitnin-merkeziy-meydaninda-resmiy-matem-tedbirler-kecirilmesi-kelisildi\/\" \/>\n<meta property=\"og:locale\" content=\"en_US\" \/>\n<meta property=\"og:type\" content=\"article\" \/>\n<meta property=\"og:title\" content=\"May\u0131s 17-18 k\u00fcnleri Aqmescitni\u00f1 merkeziy meydan\u0131nda resmiy matem tedbirler ke\u00e7irilmesi keli\u015fildi - \u041c\u0435\u0434\u0436\u043b\u0456\u0441\" \/>\n<meta property=\"og:description\" content=\"May\u0131s 14 k\u00fcn\u00fc Q\u0131r\u0131m Nazirler \u015euras\u0131n\u0131\u00f1 meclisler zal\u0131nda Q\u0131r\u0131m Nazirler \u015euras\u0131 reisini\u00f1 muavini Aziz Abdullayev Q\u0131r\u0131mdan s\u00fcrg\u00fcn etil\u00fcv qurbanlar\u0131\u00f1 hat\u0131ras\u0131na ba\u011f\u0131\u015flan\u011fan matem tedbirlerini az\u0131rlav ve \u00f6tker\u00fcv boyunca komissiyan\u0131\u00f1 nevbetteki topla\u015fuv\u0131n\u0131 ke\u00e7irdi. Topla\u015fuvda Q\u0131r\u0131mtatar halq\u0131 Meclisini\u00f1 reisi, Ukraina halq deputat\u0131 Mustafa Cemilev i\u015ftirak etti. Topla\u015fuv i\u015ftirak\u00e7ileri Q\u0131r\u0131mtatar halq\u0131 s\u00fcrg\u00fcnligini\u00f1 qurbanlar\u0131na ba\u011f\u0131\u015flan\u011fan B\u00fct\u00fcnq\u0131r\u0131m matem mitingini ATR kanal\u0131nda [&hellip;]\" \/>\n<meta property=\"og:url\" content=\"https:\/\/qtmm.org\/qt\/mayis-17-18-kunleri-aqmescitnin-merkeziy-meydaninda-resmiy-matem-tedbirler-kecirilmesi-kelisildi\/\" \/>\n<meta property=\"og:site_name\" content=\"\u041c\u0435\u0434\u0436\u043b\u0456\u0441\" \/>\n<meta property=\"article:publisher\" content=\"https:\/\/www.facebook.com\/qtmm.info\/\" \/>\n<meta property=\"article:published_time\" content=\"2012-05-14T16:45:00+00:00\" \/>\n<meta property=\"article:modified_time\" content=\"2022-01-21T16:46:41+00:00\" \/>\n<meta property=\"og:image\" content=\"https:\/\/qtmm.org\/wp-content\/uploads\/2022\/01\/p5140036.jpeg\" \/>\n\t<meta property=\"og:image:width\" content=\"650\" \/>\n\t<meta property=\"og:image:height\" content=\"350\" \/>\n\t<meta property=\"og:image:type\" content=\"image\/jpeg\" \/>\n<meta name=\"author\" content=\"Developer\" \/>\n<meta name=\"twitter:card\" content=\"summary_large_image\" \/>\n<meta name=\"twitter:label1\" content=\"Written by\" \/>\n\t<meta name=\"twitter:data1\" content=\"Developer\" \/>\n\t<meta name=\"twitter:label2\" content=\"Est. reading time\" \/>\n\t<meta name=\"twitter:data2\" content=\"3 minutes\" \/>\n<script type=\"application\/ld+json\" class=\"yoast-schema-graph\">{\"@context\":\"https:\\\/\\\/schema.org\",\"@graph\":[{\"@type\":\"Article\",\"@id\":\"https:\\\/\\\/qtmm.org\\\/qt\\\/mayis-17-18-kunleri-aqmescitnin-merkeziy-meydaninda-resmiy-matem-tedbirler-kecirilmesi-kelisildi\\\/#article\",\"isPartOf\":{\"@id\":\"https:\\\/\\\/qtmm.org\\\/qt\\\/mayis-17-18-kunleri-aqmescitnin-merkeziy-meydaninda-resmiy-matem-tedbirler-kecirilmesi-kelisildi\\\/\"},\"author\":{\"name\":\"Developer\",\"@id\":\"https:\\\/\\\/qtmm.org\\\/qt\\\/#\\\/schema\\\/person\\\/de562469f971dec226ac06e60bbf74a7\"},\"headline\":\"May\u0131s 17-18 k\u00fcnleri Aqmescitni\u00f1 merkeziy meydan\u0131nda resmiy matem tedbirler ke\u00e7irilmesi keli\u015fildi\",\"datePublished\":\"2012-05-14T16:45:00+00:00\",\"dateModified\":\"2022-01-21T16:46:41+00:00\",\"mainEntityOfPage\":{\"@id\":\"https:\\\/\\\/qtmm.org\\\/qt\\\/mayis-17-18-kunleri-aqmescitnin-merkeziy-meydaninda-resmiy-matem-tedbirler-kecirilmesi-kelisildi\\\/\"},\"wordCount\":558,\"commentCount\":0,\"publisher\":{\"@id\":\"https:\\\/\\\/qtmm.org\\\/qt\\\/#organization\"},\"image\":{\"@id\":\"https:\\\/\\\/qtmm.org\\\/qt\\\/mayis-17-18-kunleri-aqmescitnin-merkeziy-meydaninda-resmiy-matem-tedbirler-kecirilmesi-kelisildi\\\/#primaryimage\"},\"thumbnailUrl\":\"https:\\\/\\\/qtmm.org\\\/wp-content\\\/uploads\\\/2022\\\/01\\\/p5140036.jpeg\",\"articleSection\":[\"Haberler\"],\"inLanguage\":\"qt\",\"potentialAction\":[{\"@type\":\"CommentAction\",\"name\":\"Comment\",\"target\":[\"https:\\\/\\\/qtmm.org\\\/qt\\\/mayis-17-18-kunleri-aqmescitnin-merkeziy-meydaninda-resmiy-matem-tedbirler-kecirilmesi-kelisildi\\\/#respond\"]}]},{\"@type\":\"WebPage\",\"@id\":\"https:\\\/\\\/qtmm.org\\\/qt\\\/mayis-17-18-kunleri-aqmescitnin-merkeziy-meydaninda-resmiy-matem-tedbirler-kecirilmesi-kelisildi\\\/\",\"url\":\"https:\\\/\\\/qtmm.org\\\/qt\\\/mayis-17-18-kunleri-aqmescitnin-merkeziy-meydaninda-resmiy-matem-tedbirler-kecirilmesi-kelisildi\\\/\",\"name\":\"May\u0131s 17-18 k\u00fcnleri Aqmescitni\u00f1 merkeziy meydan\u0131nda resmiy matem tedbirler ke\u00e7irilmesi keli\u015fildi - \u041c\u0435\u0434\u0436\u043b\u0456\u0441\",\"isPartOf\":{\"@id\":\"https:\\\/\\\/qtmm.org\\\/qt\\\/#website\"},\"primaryImageOfPage\":{\"@id\":\"https:\\\/\\\/qtmm.org\\\/qt\\\/mayis-17-18-kunleri-aqmescitnin-merkeziy-meydaninda-resmiy-matem-tedbirler-kecirilmesi-kelisildi\\\/#primaryimage\"},\"image\":{\"@id\":\"https:\\\/\\\/qtmm.org\\\/qt\\\/mayis-17-18-kunleri-aqmescitnin-merkeziy-meydaninda-resmiy-matem-tedbirler-kecirilmesi-kelisildi\\\/#primaryimage\"},\"thumbnailUrl\":\"https:\\\/\\\/qtmm.org\\\/wp-content\\\/uploads\\\/2022\\\/01\\\/p5140036.jpeg\",\"datePublished\":\"2012-05-14T16:45:00+00:00\",\"dateModified\":\"2022-01-21T16:46:41+00:00\",\"breadcrumb\":{\"@id\":\"https:\\\/\\\/qtmm.org\\\/qt\\\/mayis-17-18-kunleri-aqmescitnin-merkeziy-meydaninda-resmiy-matem-tedbirler-kecirilmesi-kelisildi\\\/#breadcrumb\"},\"inLanguage\":\"qt\",\"potentialAction\":[{\"@type\":\"ReadAction\",\"target\":[\"https:\\\/\\\/qtmm.org\\\/qt\\\/mayis-17-18-kunleri-aqmescitnin-merkeziy-meydaninda-resmiy-matem-tedbirler-kecirilmesi-kelisildi\\\/\"]}]},{\"@type\":\"ImageObject\",\"inLanguage\":\"qt\",\"@id\":\"https:\\\/\\\/qtmm.org\\\/qt\\\/mayis-17-18-kunleri-aqmescitnin-merkeziy-meydaninda-resmiy-matem-tedbirler-kecirilmesi-kelisildi\\\/#primaryimage\",\"url\":\"https:\\\/\\\/qtmm.org\\\/wp-content\\\/uploads\\\/2022\\\/01\\\/p5140036.jpeg\",\"contentUrl\":\"https:\\\/\\\/qtmm.org\\\/wp-content\\\/uploads\\\/2022\\\/01\\\/p5140036.jpeg\",\"width\":650,\"height\":350},{\"@type\":\"BreadcrumbList\",\"@id\":\"https:\\\/\\\/qtmm.org\\\/qt\\\/mayis-17-18-kunleri-aqmescitnin-merkeziy-meydaninda-resmiy-matem-tedbirler-kecirilmesi-kelisildi\\\/#breadcrumb\",\"itemListElement\":[{\"@type\":\"ListItem\",\"position\":1,\"name\":\"\u0413\u043e\u043b\u043e\u0432\u043d\u0430\",\"item\":\"https:\\\/\\\/qtmm.org\\\/qt\\\/\"},{\"@type\":\"ListItem\",\"position\":2,\"name\":\"May\u0131s 17-18 k\u00fcnleri Aqmescitni\u00f1 merkeziy meydan\u0131nda resmiy matem tedbirler ke\u00e7irilmesi keli\u015fildi\"}]},{\"@type\":\"WebSite\",\"@id\":\"https:\\\/\\\/qtmm.org\\\/qt\\\/#website\",\"url\":\"https:\\\/\\\/qtmm.org\\\/qt\\\/\",\"name\":\"\u041c\u0435\u0434\u0436\u043b\u0456\u0441\",\"description\":\"\",\"publisher\":{\"@id\":\"https:\\\/\\\/qtmm.org\\\/qt\\\/#organization\"},\"potentialAction\":[{\"@type\":\"SearchAction\",\"target\":{\"@type\":\"EntryPoint\",\"urlTemplate\":\"https:\\\/\\\/qtmm.org\\\/qt\\\/?s={search_term_string}\"},\"query-input\":{\"@type\":\"PropertyValueSpecification\",\"valueRequired\":true,\"valueName\":\"search_term_string\"}}],\"inLanguage\":\"qt\"},{\"@type\":\"Organization\",\"@id\":\"https:\\\/\\\/qtmm.org\\\/qt\\\/#organization\",\"name\":\"\u041c\u0435\u0434\u0436\u043b\u0456\u0441\",\"url\":\"https:\\\/\\\/qtmm.org\\\/qt\\\/\",\"logo\":{\"@type\":\"ImageObject\",\"inLanguage\":\"qt\",\"@id\":\"https:\\\/\\\/qtmm.org\\\/qt\\\/#\\\/schema\\\/logo\\\/image\\\/\",\"url\":\"https:\\\/\\\/qtmm.org\\\/wp-content\\\/uploads\\\/2024\\\/12\\\/ua-mejlis-logo-rgb.svg\",\"contentUrl\":\"https:\\\/\\\/qtmm.org\\\/wp-content\\\/uploads\\\/2024\\\/12\\\/ua-mejlis-logo-rgb.svg\",\"caption\":\"\u041c\u0435\u0434\u0436\u043b\u0456\u0441\"},\"image\":{\"@id\":\"https:\\\/\\\/qtmm.org\\\/qt\\\/#\\\/schema\\\/logo\\\/image\\\/\"},\"sameAs\":[\"https:\\\/\\\/www.facebook.com\\\/qtmm.info\\\/\"]},{\"@type\":\"Person\",\"@id\":\"https:\\\/\\\/qtmm.org\\\/qt\\\/#\\\/schema\\\/person\\\/de562469f971dec226ac06e60bbf74a7\",\"name\":\"Developer\",\"image\":{\"@type\":\"ImageObject\",\"inLanguage\":\"qt\",\"@id\":\"https:\\\/\\\/secure.gravatar.com\\\/avatar\\\/392b4cc8fbfeb00b39dfeeab4ee6edded39ffd48e25858637e4765810300227e?s=96&d=mm&r=g\",\"url\":\"https:\\\/\\\/secure.gravatar.com\\\/avatar\\\/392b4cc8fbfeb00b39dfeeab4ee6edded39ffd48e25858637e4765810300227e?s=96&d=mm&r=g\",\"contentUrl\":\"https:\\\/\\\/secure.gravatar.com\\\/avatar\\\/392b4cc8fbfeb00b39dfeeab4ee6edded39ffd48e25858637e4765810300227e?s=96&d=mm&r=g\",\"caption\":\"Developer\"},\"url\":\"https:\\\/\\\/qtmm.org\\\/qt\\\/author\\\/Developer\\\/\"}]}<\/script>\n<!-- \/ Yoast SEO plugin. -->","yoast_head_json":{"title":"May\u0131s 17-18 k\u00fcnleri Aqmescitni\u00f1 merkeziy meydan\u0131nda resmiy matem tedbirler ke\u00e7irilmesi keli\u015fildi - \u041c\u0435\u0434\u0436\u043b\u0456\u0441","robots":{"index":"index","follow":"follow","max-snippet":"max-snippet:-1","max-image-preview":"max-image-preview:large","max-video-preview":"max-video-preview:-1"},"canonical":"https:\/\/qtmm.org\/qt\/mayis-17-18-kunleri-aqmescitnin-merkeziy-meydaninda-resmiy-matem-tedbirler-kecirilmesi-kelisildi\/","og_locale":"en_US","og_type":"article","og_title":"May\u0131s 17-18 k\u00fcnleri Aqmescitni\u00f1 merkeziy meydan\u0131nda resmiy matem tedbirler ke\u00e7irilmesi keli\u015fildi - \u041c\u0435\u0434\u0436\u043b\u0456\u0441","og_description":"May\u0131s 14 k\u00fcn\u00fc Q\u0131r\u0131m Nazirler \u015euras\u0131n\u0131\u00f1 meclisler zal\u0131nda Q\u0131r\u0131m Nazirler \u015euras\u0131 reisini\u00f1 muavini Aziz Abdullayev Q\u0131r\u0131mdan s\u00fcrg\u00fcn etil\u00fcv qurbanlar\u0131\u00f1 hat\u0131ras\u0131na ba\u011f\u0131\u015flan\u011fan matem tedbirlerini az\u0131rlav ve \u00f6tker\u00fcv boyunca komissiyan\u0131\u00f1 nevbetteki topla\u015fuv\u0131n\u0131 ke\u00e7irdi. Topla\u015fuvda Q\u0131r\u0131mtatar halq\u0131 Meclisini\u00f1 reisi, Ukraina halq deputat\u0131 Mustafa Cemilev i\u015ftirak etti. Topla\u015fuv i\u015ftirak\u00e7ileri Q\u0131r\u0131mtatar halq\u0131 s\u00fcrg\u00fcnligini\u00f1 qurbanlar\u0131na ba\u011f\u0131\u015flan\u011fan B\u00fct\u00fcnq\u0131r\u0131m matem mitingini ATR kanal\u0131nda [&hellip;]","og_url":"https:\/\/qtmm.org\/qt\/mayis-17-18-kunleri-aqmescitnin-merkeziy-meydaninda-resmiy-matem-tedbirler-kecirilmesi-kelisildi\/","og_site_name":"\u041c\u0435\u0434\u0436\u043b\u0456\u0441","article_publisher":"https:\/\/www.facebook.com\/qtmm.info\/","article_published_time":"2012-05-14T16:45:00+00:00","article_modified_time":"2022-01-21T16:46:41+00:00","og_image":[{"width":650,"height":350,"url":"https:\/\/qtmm.org\/wp-content\/uploads\/2022\/01\/p5140036.jpeg","type":"image\/jpeg"}],"author":"Developer","twitter_card":"summary_large_image","twitter_misc":{"Written by":"Developer","Est. reading time":"3 minutes"},"schema":{"@context":"https:\/\/schema.org","@graph":[{"@type":"Article","@id":"https:\/\/qtmm.org\/qt\/mayis-17-18-kunleri-aqmescitnin-merkeziy-meydaninda-resmiy-matem-tedbirler-kecirilmesi-kelisildi\/#article","isPartOf":{"@id":"https:\/\/qtmm.org\/qt\/mayis-17-18-kunleri-aqmescitnin-merkeziy-meydaninda-resmiy-matem-tedbirler-kecirilmesi-kelisildi\/"},"author":{"name":"Developer","@id":"https:\/\/qtmm.org\/qt\/#\/schema\/person\/de562469f971dec226ac06e60bbf74a7"},"headline":"May\u0131s 17-18 k\u00fcnleri Aqmescitni\u00f1 merkeziy meydan\u0131nda resmiy matem tedbirler ke\u00e7irilmesi keli\u015fildi","datePublished":"2012-05-14T16:45:00+00:00","dateModified":"2022-01-21T16:46:41+00:00","mainEntityOfPage":{"@id":"https:\/\/qtmm.org\/qt\/mayis-17-18-kunleri-aqmescitnin-merkeziy-meydaninda-resmiy-matem-tedbirler-kecirilmesi-kelisildi\/"},"wordCount":558,"commentCount":0,"publisher":{"@id":"https:\/\/qtmm.org\/qt\/#organization"},"image":{"@id":"https:\/\/qtmm.org\/qt\/mayis-17-18-kunleri-aqmescitnin-merkeziy-meydaninda-resmiy-matem-tedbirler-kecirilmesi-kelisildi\/#primaryimage"},"thumbnailUrl":"https:\/\/qtmm.org\/wp-content\/uploads\/2022\/01\/p5140036.jpeg","articleSection":["Haberler"],"inLanguage":"qt","potentialAction":[{"@type":"CommentAction","name":"Comment","target":["https:\/\/qtmm.org\/qt\/mayis-17-18-kunleri-aqmescitnin-merkeziy-meydaninda-resmiy-matem-tedbirler-kecirilmesi-kelisildi\/#respond"]}]},{"@type":"WebPage","@id":"https:\/\/qtmm.org\/qt\/mayis-17-18-kunleri-aqmescitnin-merkeziy-meydaninda-resmiy-matem-tedbirler-kecirilmesi-kelisildi\/","url":"https:\/\/qtmm.org\/qt\/mayis-17-18-kunleri-aqmescitnin-merkeziy-meydaninda-resmiy-matem-tedbirler-kecirilmesi-kelisildi\/","name":"May\u0131s 17-18 k\u00fcnleri Aqmescitni\u00f1 merkeziy meydan\u0131nda resmiy matem tedbirler ke\u00e7irilmesi keli\u015fildi - \u041c\u0435\u0434\u0436\u043b\u0456\u0441","isPartOf":{"@id":"https:\/\/qtmm.org\/qt\/#website"},"primaryImageOfPage":{"@id":"https:\/\/qtmm.org\/qt\/mayis-17-18-kunleri-aqmescitnin-merkeziy-meydaninda-resmiy-matem-tedbirler-kecirilmesi-kelisildi\/#primaryimage"},"image":{"@id":"https:\/\/qtmm.org\/qt\/mayis-17-18-kunleri-aqmescitnin-merkeziy-meydaninda-resmiy-matem-tedbirler-kecirilmesi-kelisildi\/#primaryimage"},"thumbnailUrl":"https:\/\/qtmm.org\/wp-content\/uploads\/2022\/01\/p5140036.jpeg","datePublished":"2012-05-14T16:45:00+00:00","dateModified":"2022-01-21T16:46:41+00:00","breadcrumb":{"@id":"https:\/\/qtmm.org\/qt\/mayis-17-18-kunleri-aqmescitnin-merkeziy-meydaninda-resmiy-matem-tedbirler-kecirilmesi-kelisildi\/#breadcrumb"},"inLanguage":"qt","potentialAction":[{"@type":"ReadAction","target":["https:\/\/qtmm.org\/qt\/mayis-17-18-kunleri-aqmescitnin-merkeziy-meydaninda-resmiy-matem-tedbirler-kecirilmesi-kelisildi\/"]}]},{"@type":"ImageObject","inLanguage":"qt","@id":"https:\/\/qtmm.org\/qt\/mayis-17-18-kunleri-aqmescitnin-merkeziy-meydaninda-resmiy-matem-tedbirler-kecirilmesi-kelisildi\/#primaryimage","url":"https:\/\/qtmm.org\/wp-content\/uploads\/2022\/01\/p5140036.jpeg","contentUrl":"https:\/\/qtmm.org\/wp-content\/uploads\/2022\/01\/p5140036.jpeg","width":650,"height":350},{"@type":"BreadcrumbList","@id":"https:\/\/qtmm.org\/qt\/mayis-17-18-kunleri-aqmescitnin-merkeziy-meydaninda-resmiy-matem-tedbirler-kecirilmesi-kelisildi\/#breadcrumb","itemListElement":[{"@type":"ListItem","position":1,"name":"\u0413\u043e\u043b\u043e\u0432\u043d\u0430","item":"https:\/\/qtmm.org\/qt\/"},{"@type":"ListItem","position":2,"name":"May\u0131s 17-18 k\u00fcnleri Aqmescitni\u00f1 merkeziy meydan\u0131nda resmiy matem tedbirler ke\u00e7irilmesi keli\u015fildi"}]},{"@type":"WebSite","@id":"https:\/\/qtmm.org\/qt\/#website","url":"https:\/\/qtmm.org\/qt\/","name":"\u041c\u0435\u0434\u0436\u043b\u0456\u0441","description":"","publisher":{"@id":"https:\/\/qtmm.org\/qt\/#organization"},"potentialAction":[{"@type":"SearchAction","target":{"@type":"EntryPoint","urlTemplate":"https:\/\/qtmm.org\/qt\/?s={search_term_string}"},"query-input":{"@type":"PropertyValueSpecification","valueRequired":true,"valueName":"search_term_string"}}],"inLanguage":"qt"},{"@type":"Organization","@id":"https:\/\/qtmm.org\/qt\/#organization","name":"\u041c\u0435\u0434\u0436\u043b\u0456\u0441","url":"https:\/\/qtmm.org\/qt\/","logo":{"@type":"ImageObject","inLanguage":"qt","@id":"https:\/\/qtmm.org\/qt\/#\/schema\/logo\/image\/","url":"https:\/\/qtmm.org\/wp-content\/uploads\/2024\/12\/ua-mejlis-logo-rgb.svg","contentUrl":"https:\/\/qtmm.org\/wp-content\/uploads\/2024\/12\/ua-mejlis-logo-rgb.svg","caption":"\u041c\u0435\u0434\u0436\u043b\u0456\u0441"},"image":{"@id":"https:\/\/qtmm.org\/qt\/#\/schema\/logo\/image\/"},"sameAs":["https:\/\/www.facebook.com\/qtmm.info\/"]},{"@type":"Person","@id":"https:\/\/qtmm.org\/qt\/#\/schema\/person\/de562469f971dec226ac06e60bbf74a7","name":"Developer","image":{"@type":"ImageObject","inLanguage":"qt","@id":"https:\/\/secure.gravatar.com\/avatar\/392b4cc8fbfeb00b39dfeeab4ee6edded39ffd48e25858637e4765810300227e?s=96&d=mm&r=g","url":"https:\/\/secure.gravatar.com\/avatar\/392b4cc8fbfeb00b39dfeeab4ee6edded39ffd48e25858637e4765810300227e?s=96&d=mm&r=g","contentUrl":"https:\/\/secure.gravatar.com\/avatar\/392b4cc8fbfeb00b39dfeeab4ee6edded39ffd48e25858637e4765810300227e?s=96&d=mm&r=g","caption":"Developer"},"url":"https:\/\/qtmm.org\/qt\/author\/Developer\/"}]}},"_links":{"self":[{"href":"https:\/\/qtmm.org\/qt\/wp-json\/wp\/v2\/posts\/30970","targetHints":{"allow":["GET"]}}],"collection":[{"href":"https:\/\/qtmm.org\/qt\/wp-json\/wp\/v2\/posts"}],"about":[{"href":"https:\/\/qtmm.org\/qt\/wp-json\/wp\/v2\/types\/post"}],"author":[{"embeddable":true,"href":"https:\/\/qtmm.org\/qt\/wp-json\/wp\/v2\/users\/1"}],"replies":[{"embeddable":true,"href":"https:\/\/qtmm.org\/qt\/wp-json\/wp\/v2\/comments?post=30970"}],"version-history":[{"count":1,"href":"https:\/\/qtmm.org\/qt\/wp-json\/wp\/v2\/posts\/30970\/revisions"}],"predecessor-version":[{"id":30987,"href":"https:\/\/qtmm.org\/qt\/wp-json\/wp\/v2\/posts\/30970\/revisions\/30987"}],"wp:featuredmedia":[{"embeddable":true,"href":"https:\/\/qtmm.org\/qt\/wp-json\/wp\/v2\/media\/30971"}],"wp:attachment":[{"href":"https:\/\/qtmm.org\/qt\/wp-json\/wp\/v2\/media?parent=30970"}],"wp:term":[{"taxonomy":"category","embeddable":true,"href":"https:\/\/qtmm.org\/qt\/wp-json\/wp\/v2\/categories?post=30970"},{"taxonomy":"post_tag","embeddable":true,"href":"https:\/\/qtmm.org\/qt\/wp-json\/wp\/v2\/tags?post=30970"}],"curies":[{"name":"wp","href":"https:\/\/api.w.org\/{rel}","templated":true}]}}