




{"id":30956,"date":"2012-05-14T19:43:00","date_gmt":"2012-05-14T16:43:00","guid":{"rendered":"http:\/\/qtmm.org\/?p=30956"},"modified":"2022-01-21T19:44:46","modified_gmt":"2022-01-21T16:44:46","slug":"teskiliy-komitet-matem-tedbirlerine-azirlana","status":"publish","type":"post","link":"https:\/\/qtmm.org\/qt\/teskiliy-komitet-matem-tedbirlerine-azirlana\/","title":{"rendered":"Te\u015fkiliy komitet matem tedbirlerine az\u0131rlana"},"content":{"rendered":"\n<p>2012 senesi may\u0131s 14-te Meclisni\u00f1 Jidkova soqa\u011f\u0131ndaki 40\u2014nc\u0131 evde yerle\u015fken ofisinde Q\u0131r\u0131mtatar halq\u0131 genotsidi qurbanlar\u0131n\u0131\u00f1 hat\u0131ras\u0131na ba\u011f\u0131\u015flan\u011fan matem tedbirlerini az\u0131rlav ve ke\u00e7ir\u00fcv boyunca te\u015fkiliy komitetni\u00f1 topla\u015fuv\u0131 ol\u0131p ke\u00e7ti.<\/p>\n\n\n\n<figure class=\"wp-block-image size-full\"><img loading=\"lazy\" decoding=\"async\" width=\"800\" height=\"600\" src=\"http:\/\/qtmm.org\/wp-content\/uploads\/2022\/01\/2_39.jpeg\" alt=\"\" class=\"wp-image-30961\" srcset=\"https:\/\/qtmm.org\/wp-content\/uploads\/2022\/01\/2_39.jpeg 800w, https:\/\/qtmm.org\/wp-content\/uploads\/2022\/01\/2_39-300x225.jpeg 300w, https:\/\/qtmm.org\/wp-content\/uploads\/2022\/01\/2_39-768x576.jpeg 768w\" sizes=\"auto, (max-width: 800px) 100vw, 800px\" \/><\/figure>\n\n\n\n<p>Topla\u015fuv devam\u0131nda matem tedbirlerine az\u0131rl\u0131q seviyesi baq\u0131l\u0131p, t\u00fczet\u00fcv ve a\u00f1la\u015fmalarn\u0131 talap etken meseleler de i\u015flenildi.<\/p>\n\n\n\n<p>2012 senesi mart 4-te Q\u0131r\u0131mtatar halq\u0131 Meclisini\u00f1 qarar\u0131nen meydan\u011fa ketirilgen te\u015fkiliy komitetni\u00f1 topla\u015fuv\u0131 Meclis reisi Mustafa Cemilevni\u00f1 reberliginde ol\u0131p ke\u00e7ti.<\/p>\n\n\n\n<figure class=\"wp-block-image size-full\"><img loading=\"lazy\" decoding=\"async\" width=\"800\" height=\"600\" src=\"http:\/\/qtmm.org\/wp-content\/uploads\/2022\/01\/1_38.jpeg\" alt=\"\" class=\"wp-image-30965\" srcset=\"https:\/\/qtmm.org\/wp-content\/uploads\/2022\/01\/1_38.jpeg 800w, https:\/\/qtmm.org\/wp-content\/uploads\/2022\/01\/1_38-300x225.jpeg 300w, https:\/\/qtmm.org\/wp-content\/uploads\/2022\/01\/1_38-768x576.jpeg 768w\" sizes=\"auto, (max-width: 800px) 100vw, 800px\" \/><\/figure>\n\n\n\n<p>Ayn\u0131 \u015fu k\u00fcn\u00fc Aqmescit \u015feer \u015furas\u0131n\u0131\u00f1 meclisler zal\u0131nda Q\u0131r\u0131mdan s\u00fcrg\u00fcn etilgenlerni\u00f1 hat\u0131ras\u0131na ba\u011f\u0131\u015flan\u011fan tedbirlerni ke\u00e7ir\u00fcv boyunca te\u015fkiliy komitetni\u00f1 de topla\u015fuv\u0131 ke\u00e7irildi.<\/p>\n\n\n\n<p>\u015eeer golovas\u0131n\u0131\u00f1 icra organlar\u0131 faaliyeti meseleleri boyunca muavini \u0130gor Skutskiy al\u0131p bar\u011fan bu topla\u015fuvda Meclis Prezidium\u0131n\u0131\u00f1 azas\u0131 Zair Smedl\u00e2yev i\u015ftirak etti.<\/p>\n","protected":false},"excerpt":{"rendered":"<p>2012 senesi may\u0131s 14-te Meclisni\u00f1 Jidkova soqa\u011f\u0131ndaki 40\u2014nc\u0131 evde yerle\u015fken ofisinde Q\u0131r\u0131mtatar halq\u0131 genotsidi qurbanlar\u0131n\u0131\u00f1 hat\u0131ras\u0131na ba\u011f\u0131\u015flan\u011fan matem tedbirlerini az\u0131rlav ve ke\u00e7ir\u00fcv boyunca te\u015fkiliy komitetni\u00f1 topla\u015fuv\u0131 ol\u0131p ke\u00e7ti. Topla\u015fuv devam\u0131nda matem tedbirlerine az\u0131rl\u0131q seviyesi baq\u0131l\u0131p, t\u00fczet\u00fcv ve a\u00f1la\u015fmalarn\u0131 talap etken meseleler de i\u015flenildi. 2012 senesi mart 4-te Q\u0131r\u0131mtatar halq\u0131 Meclisini\u00f1 qarar\u0131nen meydan\u011fa ketirilgen te\u015fkiliy komitetni\u00f1 [&hellip;]<\/p>\n","protected":false},"author":1,"featured_media":30957,"comment_status":"open","ping_status":"open","sticky":false,"template":"","format":"standard","meta":{"inline_featured_image":false,"footnotes":""},"categories":[265],"tags":[],"class_list":["post-30956","post","type-post","status-publish","format-standard","has-post-thumbnail","hentry","category-haberler"],"acf":[],"yoast_head":"<!-- This site is optimized with the Yoast SEO plugin v27.4 - https:\/\/yoast.com\/product\/yoast-seo-wordpress\/ -->\n<title>Te\u015fkiliy komitet matem tedbirlerine az\u0131rlana - \u041c\u0435\u0434\u0436\u043b\u0456\u0441<\/title>\n<meta name=\"robots\" content=\"index, follow, max-snippet:-1, max-image-preview:large, max-video-preview:-1\" \/>\n<link rel=\"canonical\" href=\"https:\/\/qtmm.org\/qt\/teskiliy-komitet-matem-tedbirlerine-azirlana\/\" \/>\n<meta property=\"og:locale\" content=\"en_US\" \/>\n<meta property=\"og:type\" content=\"article\" \/>\n<meta property=\"og:title\" content=\"Te\u015fkiliy komitet matem tedbirlerine az\u0131rlana - \u041c\u0435\u0434\u0436\u043b\u0456\u0441\" \/>\n<meta property=\"og:description\" content=\"2012 senesi may\u0131s 14-te Meclisni\u00f1 Jidkova soqa\u011f\u0131ndaki 40\u2014nc\u0131 evde yerle\u015fken ofisinde Q\u0131r\u0131mtatar halq\u0131 genotsidi qurbanlar\u0131n\u0131\u00f1 hat\u0131ras\u0131na ba\u011f\u0131\u015flan\u011fan matem tedbirlerini az\u0131rlav ve ke\u00e7ir\u00fcv boyunca te\u015fkiliy komitetni\u00f1 topla\u015fuv\u0131 ol\u0131p ke\u00e7ti. Topla\u015fuv devam\u0131nda matem tedbirlerine az\u0131rl\u0131q seviyesi baq\u0131l\u0131p, t\u00fczet\u00fcv ve a\u00f1la\u015fmalarn\u0131 talap etken meseleler de i\u015flenildi. 2012 senesi mart 4-te Q\u0131r\u0131mtatar halq\u0131 Meclisini\u00f1 qarar\u0131nen meydan\u011fa ketirilgen te\u015fkiliy komitetni\u00f1 [&hellip;]\" \/>\n<meta property=\"og:url\" content=\"https:\/\/qtmm.org\/qt\/teskiliy-komitet-matem-tedbirlerine-azirlana\/\" \/>\n<meta property=\"og:site_name\" content=\"\u041c\u0435\u0434\u0436\u043b\u0456\u0441\" \/>\n<meta property=\"article:publisher\" content=\"https:\/\/www.facebook.com\/qtmm.info\/\" \/>\n<meta property=\"article:published_time\" content=\"2012-05-14T16:43:00+00:00\" \/>\n<meta property=\"article:modified_time\" content=\"2022-01-21T16:44:46+00:00\" \/>\n<meta property=\"og:image\" content=\"https:\/\/qtmm.org\/wp-content\/uploads\/2022\/01\/4_21.jpeg\" \/>\n\t<meta property=\"og:image:width\" content=\"800\" \/>\n\t<meta property=\"og:image:height\" content=\"600\" \/>\n\t<meta property=\"og:image:type\" content=\"image\/jpeg\" \/>\n<meta name=\"author\" content=\"Developer\" \/>\n<meta name=\"twitter:card\" content=\"summary_large_image\" \/>\n<meta name=\"twitter:label1\" content=\"Written by\" \/>\n\t<meta name=\"twitter:data1\" content=\"Developer\" \/>\n\t<meta name=\"twitter:label2\" content=\"Est. reading time\" \/>\n\t<meta name=\"twitter:data2\" content=\"1 minute\" \/>\n<script type=\"application\/ld+json\" class=\"yoast-schema-graph\">{\"@context\":\"https:\\\/\\\/schema.org\",\"@graph\":[{\"@type\":\"Article\",\"@id\":\"https:\\\/\\\/qtmm.org\\\/qt\\\/teskiliy-komitet-matem-tedbirlerine-azirlana\\\/#article\",\"isPartOf\":{\"@id\":\"https:\\\/\\\/qtmm.org\\\/qt\\\/teskiliy-komitet-matem-tedbirlerine-azirlana\\\/\"},\"author\":{\"name\":\"Developer\",\"@id\":\"https:\\\/\\\/qtmm.org\\\/qt\\\/#\\\/schema\\\/person\\\/de562469f971dec226ac06e60bbf74a7\"},\"headline\":\"Te\u015fkiliy komitet matem tedbirlerine az\u0131rlana\",\"datePublished\":\"2012-05-14T16:43:00+00:00\",\"dateModified\":\"2022-01-21T16:44:46+00:00\",\"mainEntityOfPage\":{\"@id\":\"https:\\\/\\\/qtmm.org\\\/qt\\\/teskiliy-komitet-matem-tedbirlerine-azirlana\\\/\"},\"wordCount\":169,\"commentCount\":0,\"publisher\":{\"@id\":\"https:\\\/\\\/qtmm.org\\\/qt\\\/#organization\"},\"image\":{\"@id\":\"https:\\\/\\\/qtmm.org\\\/qt\\\/teskiliy-komitet-matem-tedbirlerine-azirlana\\\/#primaryimage\"},\"thumbnailUrl\":\"https:\\\/\\\/qtmm.org\\\/wp-content\\\/uploads\\\/2022\\\/01\\\/4_21.jpeg\",\"articleSection\":[\"Haberler\"],\"inLanguage\":\"qt\",\"potentialAction\":[{\"@type\":\"CommentAction\",\"name\":\"Comment\",\"target\":[\"https:\\\/\\\/qtmm.org\\\/qt\\\/teskiliy-komitet-matem-tedbirlerine-azirlana\\\/#respond\"]}]},{\"@type\":\"WebPage\",\"@id\":\"https:\\\/\\\/qtmm.org\\\/qt\\\/teskiliy-komitet-matem-tedbirlerine-azirlana\\\/\",\"url\":\"https:\\\/\\\/qtmm.org\\\/qt\\\/teskiliy-komitet-matem-tedbirlerine-azirlana\\\/\",\"name\":\"Te\u015fkiliy komitet matem tedbirlerine az\u0131rlana - \u041c\u0435\u0434\u0436\u043b\u0456\u0441\",\"isPartOf\":{\"@id\":\"https:\\\/\\\/qtmm.org\\\/qt\\\/#website\"},\"primaryImageOfPage\":{\"@id\":\"https:\\\/\\\/qtmm.org\\\/qt\\\/teskiliy-komitet-matem-tedbirlerine-azirlana\\\/#primaryimage\"},\"image\":{\"@id\":\"https:\\\/\\\/qtmm.org\\\/qt\\\/teskiliy-komitet-matem-tedbirlerine-azirlana\\\/#primaryimage\"},\"thumbnailUrl\":\"https:\\\/\\\/qtmm.org\\\/wp-content\\\/uploads\\\/2022\\\/01\\\/4_21.jpeg\",\"datePublished\":\"2012-05-14T16:43:00+00:00\",\"dateModified\":\"2022-01-21T16:44:46+00:00\",\"breadcrumb\":{\"@id\":\"https:\\\/\\\/qtmm.org\\\/qt\\\/teskiliy-komitet-matem-tedbirlerine-azirlana\\\/#breadcrumb\"},\"inLanguage\":\"qt\",\"potentialAction\":[{\"@type\":\"ReadAction\",\"target\":[\"https:\\\/\\\/qtmm.org\\\/qt\\\/teskiliy-komitet-matem-tedbirlerine-azirlana\\\/\"]}]},{\"@type\":\"ImageObject\",\"inLanguage\":\"qt\",\"@id\":\"https:\\\/\\\/qtmm.org\\\/qt\\\/teskiliy-komitet-matem-tedbirlerine-azirlana\\\/#primaryimage\",\"url\":\"https:\\\/\\\/qtmm.org\\\/wp-content\\\/uploads\\\/2022\\\/01\\\/4_21.jpeg\",\"contentUrl\":\"https:\\\/\\\/qtmm.org\\\/wp-content\\\/uploads\\\/2022\\\/01\\\/4_21.jpeg\",\"width\":800,\"height\":600},{\"@type\":\"BreadcrumbList\",\"@id\":\"https:\\\/\\\/qtmm.org\\\/qt\\\/teskiliy-komitet-matem-tedbirlerine-azirlana\\\/#breadcrumb\",\"itemListElement\":[{\"@type\":\"ListItem\",\"position\":1,\"name\":\"\u0413\u043e\u043b\u043e\u0432\u043d\u0430\",\"item\":\"https:\\\/\\\/qtmm.org\\\/qt\\\/\"},{\"@type\":\"ListItem\",\"position\":2,\"name\":\"Te\u015fkiliy komitet matem tedbirlerine az\u0131rlana\"}]},{\"@type\":\"WebSite\",\"@id\":\"https:\\\/\\\/qtmm.org\\\/qt\\\/#website\",\"url\":\"https:\\\/\\\/qtmm.org\\\/qt\\\/\",\"name\":\"\u041c\u0435\u0434\u0436\u043b\u0456\u0441\",\"description\":\"\",\"publisher\":{\"@id\":\"https:\\\/\\\/qtmm.org\\\/qt\\\/#organization\"},\"potentialAction\":[{\"@type\":\"SearchAction\",\"target\":{\"@type\":\"EntryPoint\",\"urlTemplate\":\"https:\\\/\\\/qtmm.org\\\/qt\\\/?s={search_term_string}\"},\"query-input\":{\"@type\":\"PropertyValueSpecification\",\"valueRequired\":true,\"valueName\":\"search_term_string\"}}],\"inLanguage\":\"qt\"},{\"@type\":\"Organization\",\"@id\":\"https:\\\/\\\/qtmm.org\\\/qt\\\/#organization\",\"name\":\"\u041c\u0435\u0434\u0436\u043b\u0456\u0441\",\"url\":\"https:\\\/\\\/qtmm.org\\\/qt\\\/\",\"logo\":{\"@type\":\"ImageObject\",\"inLanguage\":\"qt\",\"@id\":\"https:\\\/\\\/qtmm.org\\\/qt\\\/#\\\/schema\\\/logo\\\/image\\\/\",\"url\":\"https:\\\/\\\/qtmm.org\\\/wp-content\\\/uploads\\\/2024\\\/12\\\/ua-mejlis-logo-rgb.svg\",\"contentUrl\":\"https:\\\/\\\/qtmm.org\\\/wp-content\\\/uploads\\\/2024\\\/12\\\/ua-mejlis-logo-rgb.svg\",\"caption\":\"\u041c\u0435\u0434\u0436\u043b\u0456\u0441\"},\"image\":{\"@id\":\"https:\\\/\\\/qtmm.org\\\/qt\\\/#\\\/schema\\\/logo\\\/image\\\/\"},\"sameAs\":[\"https:\\\/\\\/www.facebook.com\\\/qtmm.info\\\/\"]},{\"@type\":\"Person\",\"@id\":\"https:\\\/\\\/qtmm.org\\\/qt\\\/#\\\/schema\\\/person\\\/de562469f971dec226ac06e60bbf74a7\",\"name\":\"Developer\",\"image\":{\"@type\":\"ImageObject\",\"inLanguage\":\"qt\",\"@id\":\"https:\\\/\\\/secure.gravatar.com\\\/avatar\\\/392b4cc8fbfeb00b39dfeeab4ee6edded39ffd48e25858637e4765810300227e?s=96&d=mm&r=g\",\"url\":\"https:\\\/\\\/secure.gravatar.com\\\/avatar\\\/392b4cc8fbfeb00b39dfeeab4ee6edded39ffd48e25858637e4765810300227e?s=96&d=mm&r=g\",\"contentUrl\":\"https:\\\/\\\/secure.gravatar.com\\\/avatar\\\/392b4cc8fbfeb00b39dfeeab4ee6edded39ffd48e25858637e4765810300227e?s=96&d=mm&r=g\",\"caption\":\"Developer\"},\"url\":\"https:\\\/\\\/qtmm.org\\\/qt\\\/author\\\/Developer\\\/\"}]}<\/script>\n<!-- \/ Yoast SEO plugin. -->","yoast_head_json":{"title":"Te\u015fkiliy komitet matem tedbirlerine az\u0131rlana - \u041c\u0435\u0434\u0436\u043b\u0456\u0441","robots":{"index":"index","follow":"follow","max-snippet":"max-snippet:-1","max-image-preview":"max-image-preview:large","max-video-preview":"max-video-preview:-1"},"canonical":"https:\/\/qtmm.org\/qt\/teskiliy-komitet-matem-tedbirlerine-azirlana\/","og_locale":"en_US","og_type":"article","og_title":"Te\u015fkiliy komitet matem tedbirlerine az\u0131rlana - \u041c\u0435\u0434\u0436\u043b\u0456\u0441","og_description":"2012 senesi may\u0131s 14-te Meclisni\u00f1 Jidkova soqa\u011f\u0131ndaki 40\u2014nc\u0131 evde yerle\u015fken ofisinde Q\u0131r\u0131mtatar halq\u0131 genotsidi qurbanlar\u0131n\u0131\u00f1 hat\u0131ras\u0131na ba\u011f\u0131\u015flan\u011fan matem tedbirlerini az\u0131rlav ve ke\u00e7ir\u00fcv boyunca te\u015fkiliy komitetni\u00f1 topla\u015fuv\u0131 ol\u0131p ke\u00e7ti. Topla\u015fuv devam\u0131nda matem tedbirlerine az\u0131rl\u0131q seviyesi baq\u0131l\u0131p, t\u00fczet\u00fcv ve a\u00f1la\u015fmalarn\u0131 talap etken meseleler de i\u015flenildi. 2012 senesi mart 4-te Q\u0131r\u0131mtatar halq\u0131 Meclisini\u00f1 qarar\u0131nen meydan\u011fa ketirilgen te\u015fkiliy komitetni\u00f1 [&hellip;]","og_url":"https:\/\/qtmm.org\/qt\/teskiliy-komitet-matem-tedbirlerine-azirlana\/","og_site_name":"\u041c\u0435\u0434\u0436\u043b\u0456\u0441","article_publisher":"https:\/\/www.facebook.com\/qtmm.info\/","article_published_time":"2012-05-14T16:43:00+00:00","article_modified_time":"2022-01-21T16:44:46+00:00","og_image":[{"width":800,"height":600,"url":"https:\/\/qtmm.org\/wp-content\/uploads\/2022\/01\/4_21.jpeg","type":"image\/jpeg"}],"author":"Developer","twitter_card":"summary_large_image","twitter_misc":{"Written by":"Developer","Est. reading time":"1 minute"},"schema":{"@context":"https:\/\/schema.org","@graph":[{"@type":"Article","@id":"https:\/\/qtmm.org\/qt\/teskiliy-komitet-matem-tedbirlerine-azirlana\/#article","isPartOf":{"@id":"https:\/\/qtmm.org\/qt\/teskiliy-komitet-matem-tedbirlerine-azirlana\/"},"author":{"name":"Developer","@id":"https:\/\/qtmm.org\/qt\/#\/schema\/person\/de562469f971dec226ac06e60bbf74a7"},"headline":"Te\u015fkiliy komitet matem tedbirlerine az\u0131rlana","datePublished":"2012-05-14T16:43:00+00:00","dateModified":"2022-01-21T16:44:46+00:00","mainEntityOfPage":{"@id":"https:\/\/qtmm.org\/qt\/teskiliy-komitet-matem-tedbirlerine-azirlana\/"},"wordCount":169,"commentCount":0,"publisher":{"@id":"https:\/\/qtmm.org\/qt\/#organization"},"image":{"@id":"https:\/\/qtmm.org\/qt\/teskiliy-komitet-matem-tedbirlerine-azirlana\/#primaryimage"},"thumbnailUrl":"https:\/\/qtmm.org\/wp-content\/uploads\/2022\/01\/4_21.jpeg","articleSection":["Haberler"],"inLanguage":"qt","potentialAction":[{"@type":"CommentAction","name":"Comment","target":["https:\/\/qtmm.org\/qt\/teskiliy-komitet-matem-tedbirlerine-azirlana\/#respond"]}]},{"@type":"WebPage","@id":"https:\/\/qtmm.org\/qt\/teskiliy-komitet-matem-tedbirlerine-azirlana\/","url":"https:\/\/qtmm.org\/qt\/teskiliy-komitet-matem-tedbirlerine-azirlana\/","name":"Te\u015fkiliy komitet matem tedbirlerine az\u0131rlana - \u041c\u0435\u0434\u0436\u043b\u0456\u0441","isPartOf":{"@id":"https:\/\/qtmm.org\/qt\/#website"},"primaryImageOfPage":{"@id":"https:\/\/qtmm.org\/qt\/teskiliy-komitet-matem-tedbirlerine-azirlana\/#primaryimage"},"image":{"@id":"https:\/\/qtmm.org\/qt\/teskiliy-komitet-matem-tedbirlerine-azirlana\/#primaryimage"},"thumbnailUrl":"https:\/\/qtmm.org\/wp-content\/uploads\/2022\/01\/4_21.jpeg","datePublished":"2012-05-14T16:43:00+00:00","dateModified":"2022-01-21T16:44:46+00:00","breadcrumb":{"@id":"https:\/\/qtmm.org\/qt\/teskiliy-komitet-matem-tedbirlerine-azirlana\/#breadcrumb"},"inLanguage":"qt","potentialAction":[{"@type":"ReadAction","target":["https:\/\/qtmm.org\/qt\/teskiliy-komitet-matem-tedbirlerine-azirlana\/"]}]},{"@type":"ImageObject","inLanguage":"qt","@id":"https:\/\/qtmm.org\/qt\/teskiliy-komitet-matem-tedbirlerine-azirlana\/#primaryimage","url":"https:\/\/qtmm.org\/wp-content\/uploads\/2022\/01\/4_21.jpeg","contentUrl":"https:\/\/qtmm.org\/wp-content\/uploads\/2022\/01\/4_21.jpeg","width":800,"height":600},{"@type":"BreadcrumbList","@id":"https:\/\/qtmm.org\/qt\/teskiliy-komitet-matem-tedbirlerine-azirlana\/#breadcrumb","itemListElement":[{"@type":"ListItem","position":1,"name":"\u0413\u043e\u043b\u043e\u0432\u043d\u0430","item":"https:\/\/qtmm.org\/qt\/"},{"@type":"ListItem","position":2,"name":"Te\u015fkiliy komitet matem tedbirlerine az\u0131rlana"}]},{"@type":"WebSite","@id":"https:\/\/qtmm.org\/qt\/#website","url":"https:\/\/qtmm.org\/qt\/","name":"\u041c\u0435\u0434\u0436\u043b\u0456\u0441","description":"","publisher":{"@id":"https:\/\/qtmm.org\/qt\/#organization"},"potentialAction":[{"@type":"SearchAction","target":{"@type":"EntryPoint","urlTemplate":"https:\/\/qtmm.org\/qt\/?s={search_term_string}"},"query-input":{"@type":"PropertyValueSpecification","valueRequired":true,"valueName":"search_term_string"}}],"inLanguage":"qt"},{"@type":"Organization","@id":"https:\/\/qtmm.org\/qt\/#organization","name":"\u041c\u0435\u0434\u0436\u043b\u0456\u0441","url":"https:\/\/qtmm.org\/qt\/","logo":{"@type":"ImageObject","inLanguage":"qt","@id":"https:\/\/qtmm.org\/qt\/#\/schema\/logo\/image\/","url":"https:\/\/qtmm.org\/wp-content\/uploads\/2024\/12\/ua-mejlis-logo-rgb.svg","contentUrl":"https:\/\/qtmm.org\/wp-content\/uploads\/2024\/12\/ua-mejlis-logo-rgb.svg","caption":"\u041c\u0435\u0434\u0436\u043b\u0456\u0441"},"image":{"@id":"https:\/\/qtmm.org\/qt\/#\/schema\/logo\/image\/"},"sameAs":["https:\/\/www.facebook.com\/qtmm.info\/"]},{"@type":"Person","@id":"https:\/\/qtmm.org\/qt\/#\/schema\/person\/de562469f971dec226ac06e60bbf74a7","name":"Developer","image":{"@type":"ImageObject","inLanguage":"qt","@id":"https:\/\/secure.gravatar.com\/avatar\/392b4cc8fbfeb00b39dfeeab4ee6edded39ffd48e25858637e4765810300227e?s=96&d=mm&r=g","url":"https:\/\/secure.gravatar.com\/avatar\/392b4cc8fbfeb00b39dfeeab4ee6edded39ffd48e25858637e4765810300227e?s=96&d=mm&r=g","contentUrl":"https:\/\/secure.gravatar.com\/avatar\/392b4cc8fbfeb00b39dfeeab4ee6edded39ffd48e25858637e4765810300227e?s=96&d=mm&r=g","caption":"Developer"},"url":"https:\/\/qtmm.org\/qt\/author\/Developer\/"}]}},"_links":{"self":[{"href":"https:\/\/qtmm.org\/qt\/wp-json\/wp\/v2\/posts\/30956","targetHints":{"allow":["GET"]}}],"collection":[{"href":"https:\/\/qtmm.org\/qt\/wp-json\/wp\/v2\/posts"}],"about":[{"href":"https:\/\/qtmm.org\/qt\/wp-json\/wp\/v2\/types\/post"}],"author":[{"embeddable":true,"href":"https:\/\/qtmm.org\/qt\/wp-json\/wp\/v2\/users\/1"}],"replies":[{"embeddable":true,"href":"https:\/\/qtmm.org\/qt\/wp-json\/wp\/v2\/comments?post=30956"}],"version-history":[{"count":1,"href":"https:\/\/qtmm.org\/qt\/wp-json\/wp\/v2\/posts\/30956\/revisions"}],"predecessor-version":[{"id":30969,"href":"https:\/\/qtmm.org\/qt\/wp-json\/wp\/v2\/posts\/30956\/revisions\/30969"}],"wp:featuredmedia":[{"embeddable":true,"href":"https:\/\/qtmm.org\/qt\/wp-json\/wp\/v2\/media\/30957"}],"wp:attachment":[{"href":"https:\/\/qtmm.org\/qt\/wp-json\/wp\/v2\/media?parent=30956"}],"wp:term":[{"taxonomy":"category","embeddable":true,"href":"https:\/\/qtmm.org\/qt\/wp-json\/wp\/v2\/categories?post=30956"},{"taxonomy":"post_tag","embeddable":true,"href":"https:\/\/qtmm.org\/qt\/wp-json\/wp\/v2\/tags?post=30956"}],"curies":[{"name":"wp","href":"https:\/\/api.w.org\/{rel}","templated":true}]}}