




{"id":30850,"date":"2012-05-13T19:34:00","date_gmt":"2012-05-13T16:34:00","guid":{"rendered":"http:\/\/qtmm.org\/?p=30850"},"modified":"2022-01-21T19:35:23","modified_gmt":"2022-01-21T16:35:23","slug":"lemmar-yunusov-aqmescit-regional-meclisinin-reisi-oldi","status":"publish","type":"post","link":"https:\/\/qtmm.org\/qt\/lemmar-yunusov-aqmescit-regional-meclisinin-reisi-oldi\/","title":{"rendered":"Lemmar Yunusov Aqmescit regional meclisini\u00f1 reisi old\u0131"},"content":{"rendered":"\n<p>2012 senesi may\u0131s 12-de Aqmescit regional meclisni\u00f1 konferentsiyas\u0131 ol\u0131p ke\u00e7ti. &#8220;Q\u0131r\u0131mtatar halq\u0131 \u00f6z-\u00f6z\u00fcni idare et\u00fcv yerli milliy organlar\u0131 aqq\u0131nda Nizam&#8221;\u011fa k\u00f6re konferentsiyan\u0131\u00f1 i\u015fini Yerli meclislerge saylavlar\u011fa az\u0131rlanuv ve ke\u00e7ir\u00fcv boyunca komissiyan\u0131\u00f1 reisi, Meclis reisini\u00f1 birinci muavini Refat \u00c7ubarov ve komissiya k\u00e2tibi, Meclis k\u00e2tibiyetini\u00f1 ba\u015f\u0131 Zair Smedl\u00e2yev al\u0131p bard\u0131lar.<\/p>\n\n\n\n<p>Konferentsiyan\u0131\u00f1 i\u015finde 34 yerli meclisni temsil etken 277 delegat i\u015ftirak etti.<\/p>\n\n\n\n<p>Konferentsiyan\u0131\u00f1 k\u00fcn tertibine Aqmescit regional meclis reisi ve regional meclis erk\u00e2n\u0131n\u0131 \u015fekillendir\u00fcv meseleleri qoyuld\u0131.<\/p>\n\n\n\n<p>Konferentsiya delegatlar\u0131 regional meclis reisini saylav tertibini belgilediler.<\/p>\n\n\n\n<p>Reylerni\u00f1 \u00e7oqlu\u011f\u0131nen regional meclis reisini tek yerli meclis azalar\u0131 aras\u0131ndan saylamaq qarar\u0131 al\u0131n\u0131p, reislikke Ruslan Ennanov ve Lemmar Yunusovn\u0131\u00f1 namzetleri k\u00f6sterildi.<\/p>\n\n\n\n<p>Gizli rey ber\u00fcv neticeleri boyunca\u00a0Aqmescit regional meclisini\u00f1 reisi olaraq Lemmar Yunusov se\u00e7ildi.<\/p>\n\n\n\n<p>Lemmar Yunusovn\u0131\u00f1 teklifi boyunca Aqmescit regionla meclis erk\u00e2n\u0131na Aqmescit \u015feer \u015furas\u0131n\u0131\u00f1 deputat\u0131 Anafi Cemilev de kirsetildi.<\/p>\n\n\n\n<p>Konferentsiya i\u015fini\u00f1 so\u00f1unda ya\u00f1\u0131 saylan\u011fan reisni \u015fahsen Q\u0131r\u0131mtatar halq\u0131 Meclisini\u00f1 reisi Mustafa Cemilev hay\u0131rlap, q\u0131r\u0131mtatar halq\u0131 meselelerini \u00e7ez\u00fcv o\u011frundaki faaliyetinde muvafaqiyetler tiledi.<\/p>\n","protected":false},"excerpt":{"rendered":"<p>2012 senesi may\u0131s 12-de Aqmescit regional meclisni\u00f1 konferentsiyas\u0131 ol\u0131p ke\u00e7ti. &#8220;Q\u0131r\u0131mtatar halq\u0131 \u00f6z-\u00f6z\u00fcni idare et\u00fcv yerli milliy organlar\u0131 aqq\u0131nda Nizam&#8221;\u011fa k\u00f6re konferentsiyan\u0131\u00f1 i\u015fini Yerli meclislerge saylavlar\u011fa az\u0131rlanuv ve ke\u00e7ir\u00fcv boyunca komissiyan\u0131\u00f1 reisi, Meclis reisini\u00f1 birinci muavini Refat \u00c7ubarov ve komissiya k\u00e2tibi, Meclis k\u00e2tibiyetini\u00f1 ba\u015f\u0131 Zair Smedl\u00e2yev al\u0131p bard\u0131lar. Konferentsiyan\u0131\u00f1 i\u015finde 34 yerli meclisni temsil etken [&hellip;]<\/p>\n","protected":false},"author":1,"featured_media":0,"comment_status":"open","ping_status":"open","sticky":false,"template":"","format":"standard","meta":{"inline_featured_image":false,"footnotes":""},"categories":[265],"tags":[],"class_list":["post-30850","post","type-post","status-publish","format-standard","hentry","category-haberler"],"acf":[],"yoast_head":"<!-- This site is optimized with the Yoast SEO plugin v27.4 - https:\/\/yoast.com\/product\/yoast-seo-wordpress\/ -->\n<title>Lemmar Yunusov Aqmescit regional meclisini\u00f1 reisi old\u0131 - \u041c\u0435\u0434\u0436\u043b\u0456\u0441<\/title>\n<meta name=\"robots\" content=\"index, follow, max-snippet:-1, max-image-preview:large, max-video-preview:-1\" \/>\n<link rel=\"canonical\" href=\"https:\/\/qtmm.org\/qt\/lemmar-yunusov-aqmescit-regional-meclisinin-reisi-oldi\/\" \/>\n<meta property=\"og:locale\" content=\"en_US\" \/>\n<meta property=\"og:type\" content=\"article\" \/>\n<meta property=\"og:title\" content=\"Lemmar Yunusov Aqmescit regional meclisini\u00f1 reisi old\u0131 - \u041c\u0435\u0434\u0436\u043b\u0456\u0441\" \/>\n<meta property=\"og:description\" content=\"2012 senesi may\u0131s 12-de Aqmescit regional meclisni\u00f1 konferentsiyas\u0131 ol\u0131p ke\u00e7ti. &#8220;Q\u0131r\u0131mtatar halq\u0131 \u00f6z-\u00f6z\u00fcni idare et\u00fcv yerli milliy organlar\u0131 aqq\u0131nda Nizam&#8221;\u011fa k\u00f6re konferentsiyan\u0131\u00f1 i\u015fini Yerli meclislerge saylavlar\u011fa az\u0131rlanuv ve ke\u00e7ir\u00fcv boyunca komissiyan\u0131\u00f1 reisi, Meclis reisini\u00f1 birinci muavini Refat \u00c7ubarov ve komissiya k\u00e2tibi, Meclis k\u00e2tibiyetini\u00f1 ba\u015f\u0131 Zair Smedl\u00e2yev al\u0131p bard\u0131lar. Konferentsiyan\u0131\u00f1 i\u015finde 34 yerli meclisni temsil etken [&hellip;]\" \/>\n<meta property=\"og:url\" content=\"https:\/\/qtmm.org\/qt\/lemmar-yunusov-aqmescit-regional-meclisinin-reisi-oldi\/\" \/>\n<meta property=\"og:site_name\" content=\"\u041c\u0435\u0434\u0436\u043b\u0456\u0441\" \/>\n<meta property=\"article:publisher\" content=\"https:\/\/www.facebook.com\/qtmm.info\/\" \/>\n<meta property=\"article:published_time\" content=\"2012-05-13T16:34:00+00:00\" \/>\n<meta property=\"article:modified_time\" content=\"2022-01-21T16:35:23+00:00\" \/>\n<meta name=\"author\" content=\"Developer\" \/>\n<meta name=\"twitter:card\" content=\"summary_large_image\" \/>\n<meta name=\"twitter:label1\" content=\"Written by\" \/>\n\t<meta name=\"twitter:data1\" content=\"Developer\" \/>\n\t<meta name=\"twitter:label2\" content=\"Est. reading time\" \/>\n\t<meta name=\"twitter:data2\" content=\"1 minute\" \/>\n<script type=\"application\/ld+json\" class=\"yoast-schema-graph\">{\"@context\":\"https:\\\/\\\/schema.org\",\"@graph\":[{\"@type\":\"Article\",\"@id\":\"https:\\\/\\\/qtmm.org\\\/qt\\\/lemmar-yunusov-aqmescit-regional-meclisinin-reisi-oldi\\\/#article\",\"isPartOf\":{\"@id\":\"https:\\\/\\\/qtmm.org\\\/qt\\\/lemmar-yunusov-aqmescit-regional-meclisinin-reisi-oldi\\\/\"},\"author\":{\"name\":\"Developer\",\"@id\":\"https:\\\/\\\/qtmm.org\\\/qt\\\/#\\\/schema\\\/person\\\/de562469f971dec226ac06e60bbf74a7\"},\"headline\":\"Lemmar Yunusov Aqmescit regional meclisini\u00f1 reisi old\u0131\",\"datePublished\":\"2012-05-13T16:34:00+00:00\",\"dateModified\":\"2022-01-21T16:35:23+00:00\",\"mainEntityOfPage\":{\"@id\":\"https:\\\/\\\/qtmm.org\\\/qt\\\/lemmar-yunusov-aqmescit-regional-meclisinin-reisi-oldi\\\/\"},\"wordCount\":204,\"commentCount\":0,\"publisher\":{\"@id\":\"https:\\\/\\\/qtmm.org\\\/qt\\\/#organization\"},\"articleSection\":[\"Haberler\"],\"inLanguage\":\"qt\",\"potentialAction\":[{\"@type\":\"CommentAction\",\"name\":\"Comment\",\"target\":[\"https:\\\/\\\/qtmm.org\\\/qt\\\/lemmar-yunusov-aqmescit-regional-meclisinin-reisi-oldi\\\/#respond\"]}]},{\"@type\":\"WebPage\",\"@id\":\"https:\\\/\\\/qtmm.org\\\/qt\\\/lemmar-yunusov-aqmescit-regional-meclisinin-reisi-oldi\\\/\",\"url\":\"https:\\\/\\\/qtmm.org\\\/qt\\\/lemmar-yunusov-aqmescit-regional-meclisinin-reisi-oldi\\\/\",\"name\":\"Lemmar Yunusov Aqmescit regional meclisini\u00f1 reisi old\u0131 - \u041c\u0435\u0434\u0436\u043b\u0456\u0441\",\"isPartOf\":{\"@id\":\"https:\\\/\\\/qtmm.org\\\/qt\\\/#website\"},\"datePublished\":\"2012-05-13T16:34:00+00:00\",\"dateModified\":\"2022-01-21T16:35:23+00:00\",\"breadcrumb\":{\"@id\":\"https:\\\/\\\/qtmm.org\\\/qt\\\/lemmar-yunusov-aqmescit-regional-meclisinin-reisi-oldi\\\/#breadcrumb\"},\"inLanguage\":\"qt\",\"potentialAction\":[{\"@type\":\"ReadAction\",\"target\":[\"https:\\\/\\\/qtmm.org\\\/qt\\\/lemmar-yunusov-aqmescit-regional-meclisinin-reisi-oldi\\\/\"]}]},{\"@type\":\"BreadcrumbList\",\"@id\":\"https:\\\/\\\/qtmm.org\\\/qt\\\/lemmar-yunusov-aqmescit-regional-meclisinin-reisi-oldi\\\/#breadcrumb\",\"itemListElement\":[{\"@type\":\"ListItem\",\"position\":1,\"name\":\"\u0413\u043e\u043b\u043e\u0432\u043d\u0430\",\"item\":\"https:\\\/\\\/qtmm.org\\\/qt\\\/\"},{\"@type\":\"ListItem\",\"position\":2,\"name\":\"Lemmar Yunusov Aqmescit regional meclisini\u00f1 reisi old\u0131\"}]},{\"@type\":\"WebSite\",\"@id\":\"https:\\\/\\\/qtmm.org\\\/qt\\\/#website\",\"url\":\"https:\\\/\\\/qtmm.org\\\/qt\\\/\",\"name\":\"\u041c\u0435\u0434\u0436\u043b\u0456\u0441\",\"description\":\"\",\"publisher\":{\"@id\":\"https:\\\/\\\/qtmm.org\\\/qt\\\/#organization\"},\"potentialAction\":[{\"@type\":\"SearchAction\",\"target\":{\"@type\":\"EntryPoint\",\"urlTemplate\":\"https:\\\/\\\/qtmm.org\\\/qt\\\/?s={search_term_string}\"},\"query-input\":{\"@type\":\"PropertyValueSpecification\",\"valueRequired\":true,\"valueName\":\"search_term_string\"}}],\"inLanguage\":\"qt\"},{\"@type\":\"Organization\",\"@id\":\"https:\\\/\\\/qtmm.org\\\/qt\\\/#organization\",\"name\":\"\u041c\u0435\u0434\u0436\u043b\u0456\u0441\",\"url\":\"https:\\\/\\\/qtmm.org\\\/qt\\\/\",\"logo\":{\"@type\":\"ImageObject\",\"inLanguage\":\"qt\",\"@id\":\"https:\\\/\\\/qtmm.org\\\/qt\\\/#\\\/schema\\\/logo\\\/image\\\/\",\"url\":\"https:\\\/\\\/qtmm.org\\\/wp-content\\\/uploads\\\/2024\\\/12\\\/ua-mejlis-logo-rgb.svg\",\"contentUrl\":\"https:\\\/\\\/qtmm.org\\\/wp-content\\\/uploads\\\/2024\\\/12\\\/ua-mejlis-logo-rgb.svg\",\"caption\":\"\u041c\u0435\u0434\u0436\u043b\u0456\u0441\"},\"image\":{\"@id\":\"https:\\\/\\\/qtmm.org\\\/qt\\\/#\\\/schema\\\/logo\\\/image\\\/\"},\"sameAs\":[\"https:\\\/\\\/www.facebook.com\\\/qtmm.info\\\/\"]},{\"@type\":\"Person\",\"@id\":\"https:\\\/\\\/qtmm.org\\\/qt\\\/#\\\/schema\\\/person\\\/de562469f971dec226ac06e60bbf74a7\",\"name\":\"Developer\",\"image\":{\"@type\":\"ImageObject\",\"inLanguage\":\"qt\",\"@id\":\"https:\\\/\\\/secure.gravatar.com\\\/avatar\\\/392b4cc8fbfeb00b39dfeeab4ee6edded39ffd48e25858637e4765810300227e?s=96&d=mm&r=g\",\"url\":\"https:\\\/\\\/secure.gravatar.com\\\/avatar\\\/392b4cc8fbfeb00b39dfeeab4ee6edded39ffd48e25858637e4765810300227e?s=96&d=mm&r=g\",\"contentUrl\":\"https:\\\/\\\/secure.gravatar.com\\\/avatar\\\/392b4cc8fbfeb00b39dfeeab4ee6edded39ffd48e25858637e4765810300227e?s=96&d=mm&r=g\",\"caption\":\"Developer\"},\"url\":\"https:\\\/\\\/qtmm.org\\\/qt\\\/author\\\/Developer\\\/\"}]}<\/script>\n<!-- \/ Yoast SEO plugin. -->","yoast_head_json":{"title":"Lemmar Yunusov Aqmescit regional meclisini\u00f1 reisi old\u0131 - \u041c\u0435\u0434\u0436\u043b\u0456\u0441","robots":{"index":"index","follow":"follow","max-snippet":"max-snippet:-1","max-image-preview":"max-image-preview:large","max-video-preview":"max-video-preview:-1"},"canonical":"https:\/\/qtmm.org\/qt\/lemmar-yunusov-aqmescit-regional-meclisinin-reisi-oldi\/","og_locale":"en_US","og_type":"article","og_title":"Lemmar Yunusov Aqmescit regional meclisini\u00f1 reisi old\u0131 - \u041c\u0435\u0434\u0436\u043b\u0456\u0441","og_description":"2012 senesi may\u0131s 12-de Aqmescit regional meclisni\u00f1 konferentsiyas\u0131 ol\u0131p ke\u00e7ti. &#8220;Q\u0131r\u0131mtatar halq\u0131 \u00f6z-\u00f6z\u00fcni idare et\u00fcv yerli milliy organlar\u0131 aqq\u0131nda Nizam&#8221;\u011fa k\u00f6re konferentsiyan\u0131\u00f1 i\u015fini Yerli meclislerge saylavlar\u011fa az\u0131rlanuv ve ke\u00e7ir\u00fcv boyunca komissiyan\u0131\u00f1 reisi, Meclis reisini\u00f1 birinci muavini Refat \u00c7ubarov ve komissiya k\u00e2tibi, Meclis k\u00e2tibiyetini\u00f1 ba\u015f\u0131 Zair Smedl\u00e2yev al\u0131p bard\u0131lar. Konferentsiyan\u0131\u00f1 i\u015finde 34 yerli meclisni temsil etken [&hellip;]","og_url":"https:\/\/qtmm.org\/qt\/lemmar-yunusov-aqmescit-regional-meclisinin-reisi-oldi\/","og_site_name":"\u041c\u0435\u0434\u0436\u043b\u0456\u0441","article_publisher":"https:\/\/www.facebook.com\/qtmm.info\/","article_published_time":"2012-05-13T16:34:00+00:00","article_modified_time":"2022-01-21T16:35:23+00:00","author":"Developer","twitter_card":"summary_large_image","twitter_misc":{"Written by":"Developer","Est. reading time":"1 minute"},"schema":{"@context":"https:\/\/schema.org","@graph":[{"@type":"Article","@id":"https:\/\/qtmm.org\/qt\/lemmar-yunusov-aqmescit-regional-meclisinin-reisi-oldi\/#article","isPartOf":{"@id":"https:\/\/qtmm.org\/qt\/lemmar-yunusov-aqmescit-regional-meclisinin-reisi-oldi\/"},"author":{"name":"Developer","@id":"https:\/\/qtmm.org\/qt\/#\/schema\/person\/de562469f971dec226ac06e60bbf74a7"},"headline":"Lemmar Yunusov Aqmescit regional meclisini\u00f1 reisi old\u0131","datePublished":"2012-05-13T16:34:00+00:00","dateModified":"2022-01-21T16:35:23+00:00","mainEntityOfPage":{"@id":"https:\/\/qtmm.org\/qt\/lemmar-yunusov-aqmescit-regional-meclisinin-reisi-oldi\/"},"wordCount":204,"commentCount":0,"publisher":{"@id":"https:\/\/qtmm.org\/qt\/#organization"},"articleSection":["Haberler"],"inLanguage":"qt","potentialAction":[{"@type":"CommentAction","name":"Comment","target":["https:\/\/qtmm.org\/qt\/lemmar-yunusov-aqmescit-regional-meclisinin-reisi-oldi\/#respond"]}]},{"@type":"WebPage","@id":"https:\/\/qtmm.org\/qt\/lemmar-yunusov-aqmescit-regional-meclisinin-reisi-oldi\/","url":"https:\/\/qtmm.org\/qt\/lemmar-yunusov-aqmescit-regional-meclisinin-reisi-oldi\/","name":"Lemmar Yunusov Aqmescit regional meclisini\u00f1 reisi old\u0131 - \u041c\u0435\u0434\u0436\u043b\u0456\u0441","isPartOf":{"@id":"https:\/\/qtmm.org\/qt\/#website"},"datePublished":"2012-05-13T16:34:00+00:00","dateModified":"2022-01-21T16:35:23+00:00","breadcrumb":{"@id":"https:\/\/qtmm.org\/qt\/lemmar-yunusov-aqmescit-regional-meclisinin-reisi-oldi\/#breadcrumb"},"inLanguage":"qt","potentialAction":[{"@type":"ReadAction","target":["https:\/\/qtmm.org\/qt\/lemmar-yunusov-aqmescit-regional-meclisinin-reisi-oldi\/"]}]},{"@type":"BreadcrumbList","@id":"https:\/\/qtmm.org\/qt\/lemmar-yunusov-aqmescit-regional-meclisinin-reisi-oldi\/#breadcrumb","itemListElement":[{"@type":"ListItem","position":1,"name":"\u0413\u043e\u043b\u043e\u0432\u043d\u0430","item":"https:\/\/qtmm.org\/qt\/"},{"@type":"ListItem","position":2,"name":"Lemmar Yunusov Aqmescit regional meclisini\u00f1 reisi old\u0131"}]},{"@type":"WebSite","@id":"https:\/\/qtmm.org\/qt\/#website","url":"https:\/\/qtmm.org\/qt\/","name":"\u041c\u0435\u0434\u0436\u043b\u0456\u0441","description":"","publisher":{"@id":"https:\/\/qtmm.org\/qt\/#organization"},"potentialAction":[{"@type":"SearchAction","target":{"@type":"EntryPoint","urlTemplate":"https:\/\/qtmm.org\/qt\/?s={search_term_string}"},"query-input":{"@type":"PropertyValueSpecification","valueRequired":true,"valueName":"search_term_string"}}],"inLanguage":"qt"},{"@type":"Organization","@id":"https:\/\/qtmm.org\/qt\/#organization","name":"\u041c\u0435\u0434\u0436\u043b\u0456\u0441","url":"https:\/\/qtmm.org\/qt\/","logo":{"@type":"ImageObject","inLanguage":"qt","@id":"https:\/\/qtmm.org\/qt\/#\/schema\/logo\/image\/","url":"https:\/\/qtmm.org\/wp-content\/uploads\/2024\/12\/ua-mejlis-logo-rgb.svg","contentUrl":"https:\/\/qtmm.org\/wp-content\/uploads\/2024\/12\/ua-mejlis-logo-rgb.svg","caption":"\u041c\u0435\u0434\u0436\u043b\u0456\u0441"},"image":{"@id":"https:\/\/qtmm.org\/qt\/#\/schema\/logo\/image\/"},"sameAs":["https:\/\/www.facebook.com\/qtmm.info\/"]},{"@type":"Person","@id":"https:\/\/qtmm.org\/qt\/#\/schema\/person\/de562469f971dec226ac06e60bbf74a7","name":"Developer","image":{"@type":"ImageObject","inLanguage":"qt","@id":"https:\/\/secure.gravatar.com\/avatar\/392b4cc8fbfeb00b39dfeeab4ee6edded39ffd48e25858637e4765810300227e?s=96&d=mm&r=g","url":"https:\/\/secure.gravatar.com\/avatar\/392b4cc8fbfeb00b39dfeeab4ee6edded39ffd48e25858637e4765810300227e?s=96&d=mm&r=g","contentUrl":"https:\/\/secure.gravatar.com\/avatar\/392b4cc8fbfeb00b39dfeeab4ee6edded39ffd48e25858637e4765810300227e?s=96&d=mm&r=g","caption":"Developer"},"url":"https:\/\/qtmm.org\/qt\/author\/Developer\/"}]}},"_links":{"self":[{"href":"https:\/\/qtmm.org\/qt\/wp-json\/wp\/v2\/posts\/30850","targetHints":{"allow":["GET"]}}],"collection":[{"href":"https:\/\/qtmm.org\/qt\/wp-json\/wp\/v2\/posts"}],"about":[{"href":"https:\/\/qtmm.org\/qt\/wp-json\/wp\/v2\/types\/post"}],"author":[{"embeddable":true,"href":"https:\/\/qtmm.org\/qt\/wp-json\/wp\/v2\/users\/1"}],"replies":[{"embeddable":true,"href":"https:\/\/qtmm.org\/qt\/wp-json\/wp\/v2\/comments?post=30850"}],"version-history":[{"count":1,"href":"https:\/\/qtmm.org\/qt\/wp-json\/wp\/v2\/posts\/30850\/revisions"}],"predecessor-version":[{"id":30851,"href":"https:\/\/qtmm.org\/qt\/wp-json\/wp\/v2\/posts\/30850\/revisions\/30851"}],"wp:attachment":[{"href":"https:\/\/qtmm.org\/qt\/wp-json\/wp\/v2\/media?parent=30850"}],"wp:term":[{"taxonomy":"category","embeddable":true,"href":"https:\/\/qtmm.org\/qt\/wp-json\/wp\/v2\/categories?post=30850"},{"taxonomy":"post_tag","embeddable":true,"href":"https:\/\/qtmm.org\/qt\/wp-json\/wp\/v2\/tags?post=30850"}],"curies":[{"name":"wp","href":"https:\/\/api.w.org\/{rel}","templated":true}]}}