




{"id":30691,"date":"2012-05-10T19:25:00","date_gmt":"2012-05-10T16:25:00","guid":{"rendered":"http:\/\/qtmm.org\/?p=30691"},"modified":"2022-01-21T19:29:40","modified_gmt":"2022-01-21T16:29:40","slug":"kezlevde-birinci-kere-qirimtatar-toy-dugun-calgicilarinin-kezlev-dolusi-festivali-otkerildi","status":"publish","type":"post","link":"https:\/\/qtmm.org\/qt\/kezlevde-birinci-kere-qirimtatar-toy-dugun-calgicilarinin-kezlev-dolusi-festivali-otkerildi\/","title":{"rendered":"Kezlevde birinci kere q\u0131r\u0131mtatar toy-d\u00fcg\u00fcn \u00e7al\u011f\u0131c\u0131lar\u0131n\u0131\u00f1 \u00abKezlev dolus\u0131\u00bb festivali \u00f6tkerildi"},"content":{"rendered":"\n<p>2012 senesi may\u0131s 10-da \u00a0Kezlevde \u00a0q\u0131r\u0131mtatar toy-d\u00fcg\u00fcn \u00e7al\u011f\u0131c\u0131lar\u0131n\u0131\u00f1 &#8220;Kezlev dolus\u0131&#8221;. Festivali ke\u00e7irildi. \u00a0Q\u0131r\u0131mn\u0131\u00f1 9 taq\u0131m\u0131n\u0131 toplap,\u00a0&#8220;Ceval&#8221; milliy restoran\u0131nda\u00a0\u00f6tkerilgen festivalni \u00a0 k\u00f6ntsern RDR \u00a0ve\u00a0&#8220;Odun bazar qapus\u0131&#8221;\u00a0\u00a0medeniy-etnografik merkez \u00a0te\u015fkil ettiler. \u00a0ATR \u00a0kanal\u0131\u00a0ve \u00a0\u00a0&#8220;Meydan&#8221;.radios\u0131\u00a0\u00a0festivalni\u00f1 media ortaqlar\u0131 old\u0131lar.\u00a0<\/p>\n\n\n\n<p>\u00c7al\u011f\u0131c\u0131larn\u0131\u00f1 mearetine milliy muz\u0131ka saas\u0131nda tan\u0131l\u011fan ustalar \u00a0&#8211; Cemil Karikov, Rustem Memetov, Raif Aliyev, \u0130braim \u0130pek\u00e7iyev \u00a0ve Re\u015fat Ahtemov q\u0131ymet kestiler.<\/p>\n\n\n\n<p>Yar\u0131\u015f eki &nbsp;basq\u0131\u00e7ta ke\u00e7irilip, er bir ansambl bayram\u011fa &nbsp;ayr\u0131ca bir milliy t\u00fcs berip, seyircilerni\u00f1 g\u00fcrdeli el\u00e7\u0131rpmar\u0131n\u0131 qazand\u0131. &nbsp;J\u00fcri azalar\u0131 ise \u00f6z nevbetinde &nbsp;\u00e7al\u011f\u0131c\u0131larn\u0131\u00f1 y\u00fcksek seviyesini qayd eterek, festivalge az\u0131rl\u0131qlar\u0131 ve milliy muz\u0131ka ve halq ananelerine b\u00f6yle say\u011f\u0131 k\u00f6stergenlerini &nbsp;taqdirlediler. &nbsp;Festival te\u015fkil\u00e2t\u00e7\u0131lar\u0131n\u0131\u00f1 aytqan\u0131na k\u00f6re, mezk\u00fcr tedbir q\u0131r\u0131mtatar toy-d\u00fcg\u00fcn ananelerini saqlap qalmaq, &nbsp;forlklor muz\u0131kpas\u0131n\u0131 te\u015fviq etmek maqsad\u0131nda ke\u00e7irile. &#8220;Festivalni\u00f1 ba\u015f vazifesi ananeviy q\u0131r\u0131mtatar d\u00fcg\u00fcn adetlerini saqlap qalmaq ve zemaneviy &nbsp;gen\u00e7lerde halq avalar\u0131na sevgi a\u015flamaqt\u0131r&#8221;, &#8211; dep qayd ettiler te\u015fkil\u00e2t\u00e7\u0131lar.&nbsp;<\/p>\n\n\n\n<p>Festival musafirleri aras\u0131nda Q\u0131r\u0131mtatar halq\u0131 \u00a0Meclisini\u00f1 reisi Mustafa Cemilev, Ba\u011f\u00e7asaray rayon devlet memuriyetini\u00f1 ba\u015f\u0131 \u0130lmi \u00dcmerov, Q\u0131r\u0131m Nazirler \u015euras\u0131 reisini\u00f1 muavini \u00a0Aziz Abdullayev, T\u00fcrkiye Cumhuriyetini\u00f1 Aqmescitteki fahriy konsul\u0131 Seyran Osmanov, Meclis prezidium\u0131n\u0131\u00f1 azas\u0131 Ahtem \u00c7iygoz, \u00a0&#8220;Turkish Airlines&#8221; \u00a0aviakompaniyas\u0131n\u0131\u00f1 \u00a0Q\u0131r\u0131mda temsilcisi \u00a0Serhat Fil, virtuoz gitarac\u0131 \u00a0Enver \u0130zmaylov, \u00a0\u00e7\u00f6lmek\u00e7i usta \u00a0Rustem Skibin de bulud\u0131lar.<\/p>\n\n\n\n<figure class=\"wp-block-image size-full is-resized\"><img loading=\"lazy\" decoding=\"async\" src=\"http:\/\/qtmm.org\/wp-content\/uploads\/2022\/01\/3_22.jpeg\" alt=\"\" class=\"wp-image-30696\" width=\"800\" height=\"600\" srcset=\"https:\/\/qtmm.org\/wp-content\/uploads\/2022\/01\/3_22.jpeg 800w, https:\/\/qtmm.org\/wp-content\/uploads\/2022\/01\/3_22-300x225.jpeg 300w, https:\/\/qtmm.org\/wp-content\/uploads\/2022\/01\/3_22-768x576.jpeg 768w\" sizes=\"auto, (max-width: 800px) 100vw, 800px\" \/><\/figure>\n\n\n\n<figure class=\"wp-block-image size-full is-resized\"><img loading=\"lazy\" decoding=\"async\" src=\"http:\/\/qtmm.org\/wp-content\/uploads\/2022\/01\/2_37.jpeg\" alt=\"\" class=\"wp-image-30700\" width=\"800\" height=\"600\" srcset=\"https:\/\/qtmm.org\/wp-content\/uploads\/2022\/01\/2_37.jpeg 800w, https:\/\/qtmm.org\/wp-content\/uploads\/2022\/01\/2_37-300x225.jpeg 300w, https:\/\/qtmm.org\/wp-content\/uploads\/2022\/01\/2_37-768x576.jpeg 768w\" sizes=\"auto, (max-width: 800px) 100vw, 800px\" \/><\/figure>\n\n\n\n<figure class=\"wp-block-image size-full\"><img loading=\"lazy\" decoding=\"async\" width=\"800\" height=\"600\" src=\"http:\/\/qtmm.org\/wp-content\/uploads\/2022\/01\/8_4.jpeg\" alt=\"\" class=\"wp-image-30704\" srcset=\"https:\/\/qtmm.org\/wp-content\/uploads\/2022\/01\/8_4.jpeg 800w, https:\/\/qtmm.org\/wp-content\/uploads\/2022\/01\/8_4-300x225.jpeg 300w, https:\/\/qtmm.org\/wp-content\/uploads\/2022\/01\/8_4-768x576.jpeg 768w\" sizes=\"auto, (max-width: 800px) 100vw, 800px\" \/><\/figure>\n\n\n\n<figure class=\"wp-block-image size-full\"><img loading=\"lazy\" decoding=\"async\" width=\"800\" height=\"600\" src=\"http:\/\/qtmm.org\/wp-content\/uploads\/2022\/01\/4_20.jpeg\" alt=\"\" class=\"wp-image-30708\" srcset=\"https:\/\/qtmm.org\/wp-content\/uploads\/2022\/01\/4_20.jpeg 800w, https:\/\/qtmm.org\/wp-content\/uploads\/2022\/01\/4_20-300x225.jpeg 300w, https:\/\/qtmm.org\/wp-content\/uploads\/2022\/01\/4_20-768x576.jpeg 768w\" sizes=\"auto, (max-width: 800px) 100vw, 800px\" \/><\/figure>\n\n\n\n<p>Festival i\u015ftirak\u00e7ilerini\u00f1 \u00e7\u0131q\u0131\u015f\u0131na j\u00fcri azalar\u0131n\u0131\u00f1 reyting rey ber\u00fcvi yolunen \u00a0 q\u0131ymet kesilip, on\u0131\u00f1 neticeleri boyunca &#8220;Qarasu&#8221; ansambli \u011falebe qazand\u0131 ve festival laureat\u0131 unvan\u0131na nail old\u0131. \u00a0Festivalni\u00f1 epsi i\u015ftirak\u00e7ileri q\u0131ymetli bah\u015f\u0131\u015flarnen muk\u00e2fatland\u0131lar.\u00a0<\/p>\n\n\n\n<figure class=\"wp-block-image size-full\"><img loading=\"lazy\" decoding=\"async\" width=\"800\" height=\"600\" src=\"http:\/\/qtmm.org\/wp-content\/uploads\/2022\/01\/7_3.jpeg\" alt=\"\" class=\"wp-image-30712\" srcset=\"https:\/\/qtmm.org\/wp-content\/uploads\/2022\/01\/7_3.jpeg 800w, https:\/\/qtmm.org\/wp-content\/uploads\/2022\/01\/7_3-300x225.jpeg 300w, https:\/\/qtmm.org\/wp-content\/uploads\/2022\/01\/7_3-768x576.jpeg 768w\" sizes=\"auto, (max-width: 800px) 100vw, 800px\" \/><\/figure>\n\n\n\n<p>Meclis reisi \u00a0Mustafa Cemilev, festival j\u00fcri reisi \u0130braim \u00a0\u0130pek\u00e7iyev ve \u00a0RDR k\u00f6ntsernini\u00f1 ba\u015f\u0131 \u00a0 Zeynur Yaqubov \u00a0\u011falip \u00e7\u0131qqan &#8220;Qarasu&#8221; ansambline \u00a0ya\u00f1\u0131 disk yazmaq i\u00e7\u00fcn para muk\u00e2fat\u0131 ve Rustem Skibinni\u00f1 taba\u011f\u0131n\u0131 berdiler.<\/p>\n\n\n\n<figure class=\"wp-block-image size-full\"><img loading=\"lazy\" decoding=\"async\" width=\"800\" height=\"600\" src=\"http:\/\/qtmm.org\/wp-content\/uploads\/2022\/01\/9_1.jpeg\" alt=\"\" class=\"wp-image-30716\" srcset=\"https:\/\/qtmm.org\/wp-content\/uploads\/2022\/01\/9_1.jpeg 800w, https:\/\/qtmm.org\/wp-content\/uploads\/2022\/01\/9_1-300x225.jpeg 300w, https:\/\/qtmm.org\/wp-content\/uploads\/2022\/01\/9_1-768x576.jpeg 768w\" sizes=\"auto, (max-width: 800px) 100vw, 800px\" \/><\/figure>\n\n\n\n<p>&#8220;Kezlev dolus\u0131&#8221; festivalini\u00f1 te\u015fkil\u00e2t\u00e7\u0131lar\u0131 ve i\u015ftirak\u00e7ilerini i\u015flerini\u00f1 birinci neticelerinen hay\u0131rla\u011fan Meclis reisi Mustafa &nbsp;Cemilev \u015fun\u0131 da qayd etti ki, b\u00f6yle tedbirler zengin q\u0131r\u0131mtatar medeniyetini qor\u00e7alav ve inki\u015faf ettir\u00fcvde m\u00fcim rol oynay. &nbsp;&#8220;Q\u0131r\u0131mtatar toy-d\u00fcg\u00fcnleri sayesinde &nbsp;bizler s\u00fcrg\u00fcnlik yerlerinde qatt\u0131 rejim alt\u0131nda ol\u011fan\u0131m\u0131zda bile \u00f6z asabal\u0131\u011f\u0131m\u0131zn\u0131 \u011fay\u0131p etmedik, saqlap qald\u0131q&#8221; &#8211; dedi Mustafa Cemilev. &nbsp;<\/p>\n\n\n\n<p>Festivalni devam ettirmek planla\u015ft\u0131r\u0131la ki, \u00a0onda yaz mevsiminde Q\u0131r\u0131m\u011fa kelgen musafirler de i\u015ftirak ete bilsinler. \u00a0<\/p>\n\n\n\n<figure class=\"wp-block-image size-full\"><img loading=\"lazy\" decoding=\"async\" width=\"800\" height=\"600\" src=\"http:\/\/qtmm.org\/wp-content\/uploads\/2022\/01\/10_1.jpeg\" alt=\"\" class=\"wp-image-30720\" srcset=\"https:\/\/qtmm.org\/wp-content\/uploads\/2022\/01\/10_1.jpeg 800w, https:\/\/qtmm.org\/wp-content\/uploads\/2022\/01\/10_1-300x225.jpeg 300w, https:\/\/qtmm.org\/wp-content\/uploads\/2022\/01\/10_1-768x576.jpeg 768w\" sizes=\"auto, (max-width: 800px) 100vw, 800px\" \/><\/figure>\n\n\n\n<figure class=\"wp-block-image size-full\"><img loading=\"lazy\" decoding=\"async\" width=\"800\" height=\"533\" src=\"http:\/\/qtmm.org\/wp-content\/uploads\/2022\/01\/1_37.jpeg\" alt=\"\" class=\"wp-image-30724\" srcset=\"https:\/\/qtmm.org\/wp-content\/uploads\/2022\/01\/1_37.jpeg 800w, https:\/\/qtmm.org\/wp-content\/uploads\/2022\/01\/1_37-300x200.jpeg 300w, https:\/\/qtmm.org\/wp-content\/uploads\/2022\/01\/1_37-768x512.jpeg 768w\" sizes=\"auto, (max-width: 800px) 100vw, 800px\" \/><\/figure>\n","protected":false},"excerpt":{"rendered":"<p>2012 senesi may\u0131s 10-da \u00a0Kezlevde \u00a0q\u0131r\u0131mtatar toy-d\u00fcg\u00fcn \u00e7al\u011f\u0131c\u0131lar\u0131n\u0131\u00f1 &#8220;Kezlev dolus\u0131&#8221;. Festivali ke\u00e7irildi. \u00a0Q\u0131r\u0131mn\u0131\u00f1 9 taq\u0131m\u0131n\u0131 toplap,\u00a0&#8220;Ceval&#8221; milliy restoran\u0131nda\u00a0\u00f6tkerilgen festivalni \u00a0 k\u00f6ntsern RDR \u00a0ve\u00a0&#8220;Odun bazar qapus\u0131&#8221;\u00a0\u00a0medeniy-etnografik merkez \u00a0te\u015fkil ettiler. \u00a0ATR \u00a0kanal\u0131\u00a0ve \u00a0\u00a0&#8220;Meydan&#8221;.radios\u0131\u00a0\u00a0festivalni\u00f1 media ortaqlar\u0131 old\u0131lar.\u00a0 \u00c7al\u011f\u0131c\u0131larn\u0131\u00f1 mearetine milliy muz\u0131ka saas\u0131nda tan\u0131l\u011fan ustalar \u00a0&#8211; Cemil Karikov, Rustem Memetov, Raif Aliyev, \u0130braim \u0130pek\u00e7iyev \u00a0ve Re\u015fat Ahtemov q\u0131ymet kestiler. [&hellip;]<\/p>\n","protected":false},"author":1,"featured_media":30692,"comment_status":"open","ping_status":"open","sticky":false,"template":"","format":"standard","meta":{"inline_featured_image":false,"footnotes":""},"categories":[265],"tags":[],"class_list":["post-30691","post","type-post","status-publish","format-standard","has-post-thumbnail","hentry","category-haberler"],"acf":[],"yoast_head":"<!-- This site is optimized with the Yoast SEO plugin v27.4 - https:\/\/yoast.com\/product\/yoast-seo-wordpress\/ -->\n<title>Kezlevde birinci kere q\u0131r\u0131mtatar toy-d\u00fcg\u00fcn \u00e7al\u011f\u0131c\u0131lar\u0131n\u0131\u00f1 \u00abKezlev dolus\u0131\u00bb festivali \u00f6tkerildi - \u041c\u0435\u0434\u0436\u043b\u0456\u0441<\/title>\n<meta name=\"robots\" content=\"index, follow, max-snippet:-1, max-image-preview:large, max-video-preview:-1\" \/>\n<link rel=\"canonical\" href=\"https:\/\/qtmm.org\/qt\/kezlevde-birinci-kere-qirimtatar-toy-dugun-calgicilarinin-kezlev-dolusi-festivali-otkerildi\/\" \/>\n<meta property=\"og:locale\" content=\"en_US\" \/>\n<meta property=\"og:type\" content=\"article\" \/>\n<meta property=\"og:title\" content=\"Kezlevde birinci kere q\u0131r\u0131mtatar toy-d\u00fcg\u00fcn \u00e7al\u011f\u0131c\u0131lar\u0131n\u0131\u00f1 \u00abKezlev dolus\u0131\u00bb festivali \u00f6tkerildi - \u041c\u0435\u0434\u0436\u043b\u0456\u0441\" \/>\n<meta property=\"og:description\" content=\"2012 senesi may\u0131s 10-da \u00a0Kezlevde \u00a0q\u0131r\u0131mtatar toy-d\u00fcg\u00fcn \u00e7al\u011f\u0131c\u0131lar\u0131n\u0131\u00f1 &#8220;Kezlev dolus\u0131&#8221;. Festivali ke\u00e7irildi. \u00a0Q\u0131r\u0131mn\u0131\u00f1 9 taq\u0131m\u0131n\u0131 toplap,\u00a0&#8220;Ceval&#8221; milliy restoran\u0131nda\u00a0\u00f6tkerilgen festivalni \u00a0 k\u00f6ntsern RDR \u00a0ve\u00a0&#8220;Odun bazar qapus\u0131&#8221;\u00a0\u00a0medeniy-etnografik merkez \u00a0te\u015fkil ettiler. \u00a0ATR \u00a0kanal\u0131\u00a0ve \u00a0\u00a0&#8220;Meydan&#8221;.radios\u0131\u00a0\u00a0festivalni\u00f1 media ortaqlar\u0131 old\u0131lar.\u00a0 \u00c7al\u011f\u0131c\u0131larn\u0131\u00f1 mearetine milliy muz\u0131ka saas\u0131nda tan\u0131l\u011fan ustalar \u00a0&#8211; Cemil Karikov, Rustem Memetov, Raif Aliyev, \u0130braim \u0130pek\u00e7iyev \u00a0ve Re\u015fat Ahtemov q\u0131ymet kestiler. [&hellip;]\" \/>\n<meta property=\"og:url\" content=\"https:\/\/qtmm.org\/qt\/kezlevde-birinci-kere-qirimtatar-toy-dugun-calgicilarinin-kezlev-dolusi-festivali-otkerildi\/\" \/>\n<meta property=\"og:site_name\" content=\"\u041c\u0435\u0434\u0436\u043b\u0456\u0441\" \/>\n<meta property=\"article:publisher\" content=\"https:\/\/www.facebook.com\/qtmm.info\/\" \/>\n<meta property=\"article:published_time\" content=\"2012-05-10T16:25:00+00:00\" \/>\n<meta property=\"article:modified_time\" content=\"2022-01-21T16:29:40+00:00\" \/>\n<meta property=\"og:image\" content=\"https:\/\/qtmm.org\/wp-content\/uploads\/2022\/01\/6_6.jpeg\" \/>\n\t<meta property=\"og:image:width\" content=\"800\" \/>\n\t<meta property=\"og:image:height\" content=\"600\" \/>\n\t<meta property=\"og:image:type\" content=\"image\/jpeg\" \/>\n<meta name=\"author\" content=\"Developer\" \/>\n<meta name=\"twitter:card\" content=\"summary_large_image\" \/>\n<meta name=\"twitter:label1\" content=\"Written by\" \/>\n\t<meta name=\"twitter:data1\" content=\"Developer\" \/>\n\t<meta name=\"twitter:label2\" content=\"Est. reading time\" \/>\n\t<meta name=\"twitter:data2\" content=\"2 minutes\" \/>\n<script type=\"application\/ld+json\" class=\"yoast-schema-graph\">{\"@context\":\"https:\\\/\\\/schema.org\",\"@graph\":[{\"@type\":\"Article\",\"@id\":\"https:\\\/\\\/qtmm.org\\\/qt\\\/kezlevde-birinci-kere-qirimtatar-toy-dugun-calgicilarinin-kezlev-dolusi-festivali-otkerildi\\\/#article\",\"isPartOf\":{\"@id\":\"https:\\\/\\\/qtmm.org\\\/qt\\\/kezlevde-birinci-kere-qirimtatar-toy-dugun-calgicilarinin-kezlev-dolusi-festivali-otkerildi\\\/\"},\"author\":{\"name\":\"Developer\",\"@id\":\"https:\\\/\\\/qtmm.org\\\/qt\\\/#\\\/schema\\\/person\\\/de562469f971dec226ac06e60bbf74a7\"},\"headline\":\"Kezlevde birinci kere q\u0131r\u0131mtatar toy-d\u00fcg\u00fcn \u00e7al\u011f\u0131c\u0131lar\u0131n\u0131\u00f1 \u00abKezlev dolus\u0131\u00bb festivali \u00f6tkerildi\",\"datePublished\":\"2012-05-10T16:25:00+00:00\",\"dateModified\":\"2022-01-21T16:29:40+00:00\",\"mainEntityOfPage\":{\"@id\":\"https:\\\/\\\/qtmm.org\\\/qt\\\/kezlevde-birinci-kere-qirimtatar-toy-dugun-calgicilarinin-kezlev-dolusi-festivali-otkerildi\\\/\"},\"wordCount\":484,\"commentCount\":0,\"publisher\":{\"@id\":\"https:\\\/\\\/qtmm.org\\\/qt\\\/#organization\"},\"image\":{\"@id\":\"https:\\\/\\\/qtmm.org\\\/qt\\\/kezlevde-birinci-kere-qirimtatar-toy-dugun-calgicilarinin-kezlev-dolusi-festivali-otkerildi\\\/#primaryimage\"},\"thumbnailUrl\":\"https:\\\/\\\/qtmm.org\\\/wp-content\\\/uploads\\\/2022\\\/01\\\/6_6.jpeg\",\"articleSection\":[\"Haberler\"],\"inLanguage\":\"qt\",\"potentialAction\":[{\"@type\":\"CommentAction\",\"name\":\"Comment\",\"target\":[\"https:\\\/\\\/qtmm.org\\\/qt\\\/kezlevde-birinci-kere-qirimtatar-toy-dugun-calgicilarinin-kezlev-dolusi-festivali-otkerildi\\\/#respond\"]}]},{\"@type\":\"WebPage\",\"@id\":\"https:\\\/\\\/qtmm.org\\\/qt\\\/kezlevde-birinci-kere-qirimtatar-toy-dugun-calgicilarinin-kezlev-dolusi-festivali-otkerildi\\\/\",\"url\":\"https:\\\/\\\/qtmm.org\\\/qt\\\/kezlevde-birinci-kere-qirimtatar-toy-dugun-calgicilarinin-kezlev-dolusi-festivali-otkerildi\\\/\",\"name\":\"Kezlevde birinci kere q\u0131r\u0131mtatar toy-d\u00fcg\u00fcn \u00e7al\u011f\u0131c\u0131lar\u0131n\u0131\u00f1 \u00abKezlev dolus\u0131\u00bb festivali \u00f6tkerildi - \u041c\u0435\u0434\u0436\u043b\u0456\u0441\",\"isPartOf\":{\"@id\":\"https:\\\/\\\/qtmm.org\\\/qt\\\/#website\"},\"primaryImageOfPage\":{\"@id\":\"https:\\\/\\\/qtmm.org\\\/qt\\\/kezlevde-birinci-kere-qirimtatar-toy-dugun-calgicilarinin-kezlev-dolusi-festivali-otkerildi\\\/#primaryimage\"},\"image\":{\"@id\":\"https:\\\/\\\/qtmm.org\\\/qt\\\/kezlevde-birinci-kere-qirimtatar-toy-dugun-calgicilarinin-kezlev-dolusi-festivali-otkerildi\\\/#primaryimage\"},\"thumbnailUrl\":\"https:\\\/\\\/qtmm.org\\\/wp-content\\\/uploads\\\/2022\\\/01\\\/6_6.jpeg\",\"datePublished\":\"2012-05-10T16:25:00+00:00\",\"dateModified\":\"2022-01-21T16:29:40+00:00\",\"breadcrumb\":{\"@id\":\"https:\\\/\\\/qtmm.org\\\/qt\\\/kezlevde-birinci-kere-qirimtatar-toy-dugun-calgicilarinin-kezlev-dolusi-festivali-otkerildi\\\/#breadcrumb\"},\"inLanguage\":\"qt\",\"potentialAction\":[{\"@type\":\"ReadAction\",\"target\":[\"https:\\\/\\\/qtmm.org\\\/qt\\\/kezlevde-birinci-kere-qirimtatar-toy-dugun-calgicilarinin-kezlev-dolusi-festivali-otkerildi\\\/\"]}]},{\"@type\":\"ImageObject\",\"inLanguage\":\"qt\",\"@id\":\"https:\\\/\\\/qtmm.org\\\/qt\\\/kezlevde-birinci-kere-qirimtatar-toy-dugun-calgicilarinin-kezlev-dolusi-festivali-otkerildi\\\/#primaryimage\",\"url\":\"https:\\\/\\\/qtmm.org\\\/wp-content\\\/uploads\\\/2022\\\/01\\\/6_6.jpeg\",\"contentUrl\":\"https:\\\/\\\/qtmm.org\\\/wp-content\\\/uploads\\\/2022\\\/01\\\/6_6.jpeg\",\"width\":800,\"height\":600},{\"@type\":\"BreadcrumbList\",\"@id\":\"https:\\\/\\\/qtmm.org\\\/qt\\\/kezlevde-birinci-kere-qirimtatar-toy-dugun-calgicilarinin-kezlev-dolusi-festivali-otkerildi\\\/#breadcrumb\",\"itemListElement\":[{\"@type\":\"ListItem\",\"position\":1,\"name\":\"\u0413\u043e\u043b\u043e\u0432\u043d\u0430\",\"item\":\"https:\\\/\\\/qtmm.org\\\/qt\\\/\"},{\"@type\":\"ListItem\",\"position\":2,\"name\":\"Kezlevde birinci kere q\u0131r\u0131mtatar toy-d\u00fcg\u00fcn \u00e7al\u011f\u0131c\u0131lar\u0131n\u0131\u00f1 \u00abKezlev dolus\u0131\u00bb festivali \u00f6tkerildi\"}]},{\"@type\":\"WebSite\",\"@id\":\"https:\\\/\\\/qtmm.org\\\/qt\\\/#website\",\"url\":\"https:\\\/\\\/qtmm.org\\\/qt\\\/\",\"name\":\"\u041c\u0435\u0434\u0436\u043b\u0456\u0441\",\"description\":\"\",\"publisher\":{\"@id\":\"https:\\\/\\\/qtmm.org\\\/qt\\\/#organization\"},\"potentialAction\":[{\"@type\":\"SearchAction\",\"target\":{\"@type\":\"EntryPoint\",\"urlTemplate\":\"https:\\\/\\\/qtmm.org\\\/qt\\\/?s={search_term_string}\"},\"query-input\":{\"@type\":\"PropertyValueSpecification\",\"valueRequired\":true,\"valueName\":\"search_term_string\"}}],\"inLanguage\":\"qt\"},{\"@type\":\"Organization\",\"@id\":\"https:\\\/\\\/qtmm.org\\\/qt\\\/#organization\",\"name\":\"\u041c\u0435\u0434\u0436\u043b\u0456\u0441\",\"url\":\"https:\\\/\\\/qtmm.org\\\/qt\\\/\",\"logo\":{\"@type\":\"ImageObject\",\"inLanguage\":\"qt\",\"@id\":\"https:\\\/\\\/qtmm.org\\\/qt\\\/#\\\/schema\\\/logo\\\/image\\\/\",\"url\":\"https:\\\/\\\/qtmm.org\\\/wp-content\\\/uploads\\\/2024\\\/12\\\/ua-mejlis-logo-rgb.svg\",\"contentUrl\":\"https:\\\/\\\/qtmm.org\\\/wp-content\\\/uploads\\\/2024\\\/12\\\/ua-mejlis-logo-rgb.svg\",\"caption\":\"\u041c\u0435\u0434\u0436\u043b\u0456\u0441\"},\"image\":{\"@id\":\"https:\\\/\\\/qtmm.org\\\/qt\\\/#\\\/schema\\\/logo\\\/image\\\/\"},\"sameAs\":[\"https:\\\/\\\/www.facebook.com\\\/qtmm.info\\\/\"]},{\"@type\":\"Person\",\"@id\":\"https:\\\/\\\/qtmm.org\\\/qt\\\/#\\\/schema\\\/person\\\/de562469f971dec226ac06e60bbf74a7\",\"name\":\"Developer\",\"image\":{\"@type\":\"ImageObject\",\"inLanguage\":\"qt\",\"@id\":\"https:\\\/\\\/secure.gravatar.com\\\/avatar\\\/392b4cc8fbfeb00b39dfeeab4ee6edded39ffd48e25858637e4765810300227e?s=96&d=mm&r=g\",\"url\":\"https:\\\/\\\/secure.gravatar.com\\\/avatar\\\/392b4cc8fbfeb00b39dfeeab4ee6edded39ffd48e25858637e4765810300227e?s=96&d=mm&r=g\",\"contentUrl\":\"https:\\\/\\\/secure.gravatar.com\\\/avatar\\\/392b4cc8fbfeb00b39dfeeab4ee6edded39ffd48e25858637e4765810300227e?s=96&d=mm&r=g\",\"caption\":\"Developer\"},\"url\":\"https:\\\/\\\/qtmm.org\\\/qt\\\/author\\\/Developer\\\/\"}]}<\/script>\n<!-- \/ Yoast SEO plugin. -->","yoast_head_json":{"title":"Kezlevde birinci kere q\u0131r\u0131mtatar toy-d\u00fcg\u00fcn \u00e7al\u011f\u0131c\u0131lar\u0131n\u0131\u00f1 \u00abKezlev dolus\u0131\u00bb festivali \u00f6tkerildi - \u041c\u0435\u0434\u0436\u043b\u0456\u0441","robots":{"index":"index","follow":"follow","max-snippet":"max-snippet:-1","max-image-preview":"max-image-preview:large","max-video-preview":"max-video-preview:-1"},"canonical":"https:\/\/qtmm.org\/qt\/kezlevde-birinci-kere-qirimtatar-toy-dugun-calgicilarinin-kezlev-dolusi-festivali-otkerildi\/","og_locale":"en_US","og_type":"article","og_title":"Kezlevde birinci kere q\u0131r\u0131mtatar toy-d\u00fcg\u00fcn \u00e7al\u011f\u0131c\u0131lar\u0131n\u0131\u00f1 \u00abKezlev dolus\u0131\u00bb festivali \u00f6tkerildi - \u041c\u0435\u0434\u0436\u043b\u0456\u0441","og_description":"2012 senesi may\u0131s 10-da \u00a0Kezlevde \u00a0q\u0131r\u0131mtatar toy-d\u00fcg\u00fcn \u00e7al\u011f\u0131c\u0131lar\u0131n\u0131\u00f1 &#8220;Kezlev dolus\u0131&#8221;. Festivali ke\u00e7irildi. \u00a0Q\u0131r\u0131mn\u0131\u00f1 9 taq\u0131m\u0131n\u0131 toplap,\u00a0&#8220;Ceval&#8221; milliy restoran\u0131nda\u00a0\u00f6tkerilgen festivalni \u00a0 k\u00f6ntsern RDR \u00a0ve\u00a0&#8220;Odun bazar qapus\u0131&#8221;\u00a0\u00a0medeniy-etnografik merkez \u00a0te\u015fkil ettiler. \u00a0ATR \u00a0kanal\u0131\u00a0ve \u00a0\u00a0&#8220;Meydan&#8221;.radios\u0131\u00a0\u00a0festivalni\u00f1 media ortaqlar\u0131 old\u0131lar.\u00a0 \u00c7al\u011f\u0131c\u0131larn\u0131\u00f1 mearetine milliy muz\u0131ka saas\u0131nda tan\u0131l\u011fan ustalar \u00a0&#8211; Cemil Karikov, Rustem Memetov, Raif Aliyev, \u0130braim \u0130pek\u00e7iyev \u00a0ve Re\u015fat Ahtemov q\u0131ymet kestiler. [&hellip;]","og_url":"https:\/\/qtmm.org\/qt\/kezlevde-birinci-kere-qirimtatar-toy-dugun-calgicilarinin-kezlev-dolusi-festivali-otkerildi\/","og_site_name":"\u041c\u0435\u0434\u0436\u043b\u0456\u0441","article_publisher":"https:\/\/www.facebook.com\/qtmm.info\/","article_published_time":"2012-05-10T16:25:00+00:00","article_modified_time":"2022-01-21T16:29:40+00:00","og_image":[{"width":800,"height":600,"url":"https:\/\/qtmm.org\/wp-content\/uploads\/2022\/01\/6_6.jpeg","type":"image\/jpeg"}],"author":"Developer","twitter_card":"summary_large_image","twitter_misc":{"Written by":"Developer","Est. reading time":"2 minutes"},"schema":{"@context":"https:\/\/schema.org","@graph":[{"@type":"Article","@id":"https:\/\/qtmm.org\/qt\/kezlevde-birinci-kere-qirimtatar-toy-dugun-calgicilarinin-kezlev-dolusi-festivali-otkerildi\/#article","isPartOf":{"@id":"https:\/\/qtmm.org\/qt\/kezlevde-birinci-kere-qirimtatar-toy-dugun-calgicilarinin-kezlev-dolusi-festivali-otkerildi\/"},"author":{"name":"Developer","@id":"https:\/\/qtmm.org\/qt\/#\/schema\/person\/de562469f971dec226ac06e60bbf74a7"},"headline":"Kezlevde birinci kere q\u0131r\u0131mtatar toy-d\u00fcg\u00fcn \u00e7al\u011f\u0131c\u0131lar\u0131n\u0131\u00f1 \u00abKezlev dolus\u0131\u00bb festivali \u00f6tkerildi","datePublished":"2012-05-10T16:25:00+00:00","dateModified":"2022-01-21T16:29:40+00:00","mainEntityOfPage":{"@id":"https:\/\/qtmm.org\/qt\/kezlevde-birinci-kere-qirimtatar-toy-dugun-calgicilarinin-kezlev-dolusi-festivali-otkerildi\/"},"wordCount":484,"commentCount":0,"publisher":{"@id":"https:\/\/qtmm.org\/qt\/#organization"},"image":{"@id":"https:\/\/qtmm.org\/qt\/kezlevde-birinci-kere-qirimtatar-toy-dugun-calgicilarinin-kezlev-dolusi-festivali-otkerildi\/#primaryimage"},"thumbnailUrl":"https:\/\/qtmm.org\/wp-content\/uploads\/2022\/01\/6_6.jpeg","articleSection":["Haberler"],"inLanguage":"qt","potentialAction":[{"@type":"CommentAction","name":"Comment","target":["https:\/\/qtmm.org\/qt\/kezlevde-birinci-kere-qirimtatar-toy-dugun-calgicilarinin-kezlev-dolusi-festivali-otkerildi\/#respond"]}]},{"@type":"WebPage","@id":"https:\/\/qtmm.org\/qt\/kezlevde-birinci-kere-qirimtatar-toy-dugun-calgicilarinin-kezlev-dolusi-festivali-otkerildi\/","url":"https:\/\/qtmm.org\/qt\/kezlevde-birinci-kere-qirimtatar-toy-dugun-calgicilarinin-kezlev-dolusi-festivali-otkerildi\/","name":"Kezlevde birinci kere q\u0131r\u0131mtatar toy-d\u00fcg\u00fcn \u00e7al\u011f\u0131c\u0131lar\u0131n\u0131\u00f1 \u00abKezlev dolus\u0131\u00bb festivali \u00f6tkerildi - \u041c\u0435\u0434\u0436\u043b\u0456\u0441","isPartOf":{"@id":"https:\/\/qtmm.org\/qt\/#website"},"primaryImageOfPage":{"@id":"https:\/\/qtmm.org\/qt\/kezlevde-birinci-kere-qirimtatar-toy-dugun-calgicilarinin-kezlev-dolusi-festivali-otkerildi\/#primaryimage"},"image":{"@id":"https:\/\/qtmm.org\/qt\/kezlevde-birinci-kere-qirimtatar-toy-dugun-calgicilarinin-kezlev-dolusi-festivali-otkerildi\/#primaryimage"},"thumbnailUrl":"https:\/\/qtmm.org\/wp-content\/uploads\/2022\/01\/6_6.jpeg","datePublished":"2012-05-10T16:25:00+00:00","dateModified":"2022-01-21T16:29:40+00:00","breadcrumb":{"@id":"https:\/\/qtmm.org\/qt\/kezlevde-birinci-kere-qirimtatar-toy-dugun-calgicilarinin-kezlev-dolusi-festivali-otkerildi\/#breadcrumb"},"inLanguage":"qt","potentialAction":[{"@type":"ReadAction","target":["https:\/\/qtmm.org\/qt\/kezlevde-birinci-kere-qirimtatar-toy-dugun-calgicilarinin-kezlev-dolusi-festivali-otkerildi\/"]}]},{"@type":"ImageObject","inLanguage":"qt","@id":"https:\/\/qtmm.org\/qt\/kezlevde-birinci-kere-qirimtatar-toy-dugun-calgicilarinin-kezlev-dolusi-festivali-otkerildi\/#primaryimage","url":"https:\/\/qtmm.org\/wp-content\/uploads\/2022\/01\/6_6.jpeg","contentUrl":"https:\/\/qtmm.org\/wp-content\/uploads\/2022\/01\/6_6.jpeg","width":800,"height":600},{"@type":"BreadcrumbList","@id":"https:\/\/qtmm.org\/qt\/kezlevde-birinci-kere-qirimtatar-toy-dugun-calgicilarinin-kezlev-dolusi-festivali-otkerildi\/#breadcrumb","itemListElement":[{"@type":"ListItem","position":1,"name":"\u0413\u043e\u043b\u043e\u0432\u043d\u0430","item":"https:\/\/qtmm.org\/qt\/"},{"@type":"ListItem","position":2,"name":"Kezlevde birinci kere q\u0131r\u0131mtatar toy-d\u00fcg\u00fcn \u00e7al\u011f\u0131c\u0131lar\u0131n\u0131\u00f1 \u00abKezlev dolus\u0131\u00bb festivali \u00f6tkerildi"}]},{"@type":"WebSite","@id":"https:\/\/qtmm.org\/qt\/#website","url":"https:\/\/qtmm.org\/qt\/","name":"\u041c\u0435\u0434\u0436\u043b\u0456\u0441","description":"","publisher":{"@id":"https:\/\/qtmm.org\/qt\/#organization"},"potentialAction":[{"@type":"SearchAction","target":{"@type":"EntryPoint","urlTemplate":"https:\/\/qtmm.org\/qt\/?s={search_term_string}"},"query-input":{"@type":"PropertyValueSpecification","valueRequired":true,"valueName":"search_term_string"}}],"inLanguage":"qt"},{"@type":"Organization","@id":"https:\/\/qtmm.org\/qt\/#organization","name":"\u041c\u0435\u0434\u0436\u043b\u0456\u0441","url":"https:\/\/qtmm.org\/qt\/","logo":{"@type":"ImageObject","inLanguage":"qt","@id":"https:\/\/qtmm.org\/qt\/#\/schema\/logo\/image\/","url":"https:\/\/qtmm.org\/wp-content\/uploads\/2024\/12\/ua-mejlis-logo-rgb.svg","contentUrl":"https:\/\/qtmm.org\/wp-content\/uploads\/2024\/12\/ua-mejlis-logo-rgb.svg","caption":"\u041c\u0435\u0434\u0436\u043b\u0456\u0441"},"image":{"@id":"https:\/\/qtmm.org\/qt\/#\/schema\/logo\/image\/"},"sameAs":["https:\/\/www.facebook.com\/qtmm.info\/"]},{"@type":"Person","@id":"https:\/\/qtmm.org\/qt\/#\/schema\/person\/de562469f971dec226ac06e60bbf74a7","name":"Developer","image":{"@type":"ImageObject","inLanguage":"qt","@id":"https:\/\/secure.gravatar.com\/avatar\/392b4cc8fbfeb00b39dfeeab4ee6edded39ffd48e25858637e4765810300227e?s=96&d=mm&r=g","url":"https:\/\/secure.gravatar.com\/avatar\/392b4cc8fbfeb00b39dfeeab4ee6edded39ffd48e25858637e4765810300227e?s=96&d=mm&r=g","contentUrl":"https:\/\/secure.gravatar.com\/avatar\/392b4cc8fbfeb00b39dfeeab4ee6edded39ffd48e25858637e4765810300227e?s=96&d=mm&r=g","caption":"Developer"},"url":"https:\/\/qtmm.org\/qt\/author\/Developer\/"}]}},"_links":{"self":[{"href":"https:\/\/qtmm.org\/qt\/wp-json\/wp\/v2\/posts\/30691","targetHints":{"allow":["GET"]}}],"collection":[{"href":"https:\/\/qtmm.org\/qt\/wp-json\/wp\/v2\/posts"}],"about":[{"href":"https:\/\/qtmm.org\/qt\/wp-json\/wp\/v2\/types\/post"}],"author":[{"embeddable":true,"href":"https:\/\/qtmm.org\/qt\/wp-json\/wp\/v2\/users\/1"}],"replies":[{"embeddable":true,"href":"https:\/\/qtmm.org\/qt\/wp-json\/wp\/v2\/comments?post=30691"}],"version-history":[{"count":1,"href":"https:\/\/qtmm.org\/qt\/wp-json\/wp\/v2\/posts\/30691\/revisions"}],"predecessor-version":[{"id":30728,"href":"https:\/\/qtmm.org\/qt\/wp-json\/wp\/v2\/posts\/30691\/revisions\/30728"}],"wp:featuredmedia":[{"embeddable":true,"href":"https:\/\/qtmm.org\/qt\/wp-json\/wp\/v2\/media\/30692"}],"wp:attachment":[{"href":"https:\/\/qtmm.org\/qt\/wp-json\/wp\/v2\/media?parent=30691"}],"wp:term":[{"taxonomy":"category","embeddable":true,"href":"https:\/\/qtmm.org\/qt\/wp-json\/wp\/v2\/categories?post=30691"},{"taxonomy":"post_tag","embeddable":true,"href":"https:\/\/qtmm.org\/qt\/wp-json\/wp\/v2\/tags?post=30691"}],"curies":[{"name":"wp","href":"https:\/\/api.w.org\/{rel}","templated":true}]}}