




{"id":30685,"date":"2012-05-10T19:25:00","date_gmt":"2012-05-10T16:25:00","guid":{"rendered":"http:\/\/qtmm.org\/?p=30685"},"modified":"2022-01-21T19:25:44","modified_gmt":"2022-01-21T16:25:44","slug":"mustafa-cemilev-atr-kanali-miz-mizlar-programmasinda-canli-yayinda","status":"publish","type":"post","link":"https:\/\/qtmm.org\/qt\/mustafa-cemilev-atr-kanali-miz-mizlar-programmasinda-canli-yayinda\/","title":{"rendered":"Mustafa Cemilev ATR kanal\u0131 M\u0131z-m\u0131zlar programmas\u0131nda canl\u0131 yay\u0131nda"},"content":{"rendered":"\n<p>Q\u0131r\u0131mtatar halq\u0131 Meclisini\u00f1 reisi, Ukraina halq deputat\u0131 Mustafa Cemilev\u00a0<strong>ATR kanal\u0131 &#8220;M\u0131z-m\u0131zlar&#8221;<\/strong>\u00a0\u00a0programmas\u0131nda canl\u0131 yay\u0131nda \u00a0 Ukrainada siyasiy vaziyet, Qurultayn\u0131\u00f1 nevbetteki sessiyas\u0131 aqq\u0131nda ik\u00e2ye etti ve al\u0131p bar\u0131c\u0131larn\u0131nh bir \u00e7oq suallerine cevap berdi \u00a0Mustafa Cemilev Ukraina parlamentinlde temsil etilgen \u00e7e\u015fit siyasiy k\u00fc\u00e7lerni\u00f1 kendisi taraf\u0131ndan muzakerege avale ettigi Ukraina &#8220;Milliy men\u00fcspligi boyunca s\u00fcrg\u00fcn etilgen \u015fah\u0131slarn\u0131\u00f1 uquqlar\u0131n\u0131 \u011fayr\u0131dan tiklev aqq\u0131nda&#8221; qanun\u0131 leyhas\u0131na aqiqiy munasebetlerini a\u00e7\u0131p k\u00f6sterdi.: &#8220;Men bir qa\u00e7 kere leyhan\u0131 k\u00fcn tertibinden alma\u011fa mecbur old\u0131m, \u00e7\u00fcnki koalitsiya o\u00f1a qoltutma\u011fa az\u0131r degil edi.\u00a0\u00a0Qanun leyhas\u0131 aprelni\u00f1 so\u00f1unda baq\u0131lmas\u0131 kerek edi, l\u00e2kin Yuliya Timo\u015fenko blok\u0131 minberni i\u015f\u011fal etkenleri sebebinden leyha muzakeresini may\u0131s \u00a015, 16, 17, 18 k\u00fcnlerine qald\u0131r\u0131ld\u0131&#8221;.\u00a0\u00a0Osman Pa\u015fayevni\u00f1 &#8220;Sizi\u00f1 muhalifetke munasebeti\u00f1iz nas\u0131l:&#8221; sualine \u00a0Mustafa Cemilev: &#8220;Muhalifet daima kerek, \u00e7\u00fcnki bu \u2013 sa\u011flam tenqid, \u00a0ve teklifler Meclisni\u00f1 i\u015fini bir tertip-nizam\u011fa qoya. Amma bun\u0131\u00f1 i\u00e7\u00fcn muhalifet de yap\u0131c\u0131 olmas\u0131 zarur&#8221;\u00a0<\/p>\n","protected":false},"excerpt":{"rendered":"<p>Q\u0131r\u0131mtatar halq\u0131 Meclisini\u00f1 reisi, Ukraina halq deputat\u0131 Mustafa Cemilev\u00a0ATR kanal\u0131 &#8220;M\u0131z-m\u0131zlar&#8221;\u00a0\u00a0programmas\u0131nda canl\u0131 yay\u0131nda \u00a0 Ukrainada siyasiy vaziyet, Qurultayn\u0131\u00f1 nevbetteki sessiyas\u0131 aqq\u0131nda ik\u00e2ye etti ve al\u0131p bar\u0131c\u0131larn\u0131nh bir \u00e7oq suallerine cevap berdi \u00a0Mustafa Cemilev Ukraina parlamentinlde temsil etilgen \u00e7e\u015fit siyasiy k\u00fc\u00e7lerni\u00f1 kendisi taraf\u0131ndan muzakerege avale ettigi Ukraina &#8220;Milliy men\u00fcspligi boyunca s\u00fcrg\u00fcn etilgen \u015fah\u0131slarn\u0131\u00f1 uquqlar\u0131n\u0131 \u011fayr\u0131dan tiklev [&hellip;]<\/p>\n","protected":false},"author":1,"featured_media":30686,"comment_status":"open","ping_status":"open","sticky":false,"template":"","format":"standard","meta":{"inline_featured_image":false,"footnotes":""},"categories":[265],"tags":[],"class_list":["post-30685","post","type-post","status-publish","format-standard","has-post-thumbnail","hentry","category-haberler"],"acf":[],"yoast_head":"<!-- This site is optimized with the Yoast SEO plugin v27.4 - https:\/\/yoast.com\/product\/yoast-seo-wordpress\/ -->\n<title>Mustafa Cemilev ATR kanal\u0131 M\u0131z-m\u0131zlar programmas\u0131nda canl\u0131 yay\u0131nda - \u041c\u0435\u0434\u0436\u043b\u0456\u0441<\/title>\n<meta name=\"robots\" content=\"index, follow, max-snippet:-1, max-image-preview:large, max-video-preview:-1\" \/>\n<link rel=\"canonical\" href=\"https:\/\/qtmm.org\/qt\/mustafa-cemilev-atr-kanali-miz-mizlar-programmasinda-canli-yayinda\/\" \/>\n<meta property=\"og:locale\" content=\"en_US\" \/>\n<meta property=\"og:type\" content=\"article\" \/>\n<meta property=\"og:title\" content=\"Mustafa Cemilev ATR kanal\u0131 M\u0131z-m\u0131zlar programmas\u0131nda canl\u0131 yay\u0131nda - \u041c\u0435\u0434\u0436\u043b\u0456\u0441\" \/>\n<meta property=\"og:description\" content=\"Q\u0131r\u0131mtatar halq\u0131 Meclisini\u00f1 reisi, Ukraina halq deputat\u0131 Mustafa Cemilev\u00a0ATR kanal\u0131 &#8220;M\u0131z-m\u0131zlar&#8221;\u00a0\u00a0programmas\u0131nda canl\u0131 yay\u0131nda \u00a0 Ukrainada siyasiy vaziyet, Qurultayn\u0131\u00f1 nevbetteki sessiyas\u0131 aqq\u0131nda ik\u00e2ye etti ve al\u0131p bar\u0131c\u0131larn\u0131nh bir \u00e7oq suallerine cevap berdi \u00a0Mustafa Cemilev Ukraina parlamentinlde temsil etilgen \u00e7e\u015fit siyasiy k\u00fc\u00e7lerni\u00f1 kendisi taraf\u0131ndan muzakerege avale ettigi Ukraina &#8220;Milliy men\u00fcspligi boyunca s\u00fcrg\u00fcn etilgen \u015fah\u0131slarn\u0131\u00f1 uquqlar\u0131n\u0131 \u011fayr\u0131dan tiklev [&hellip;]\" \/>\n<meta property=\"og:url\" content=\"https:\/\/qtmm.org\/qt\/mustafa-cemilev-atr-kanali-miz-mizlar-programmasinda-canli-yayinda\/\" \/>\n<meta property=\"og:site_name\" content=\"\u041c\u0435\u0434\u0436\u043b\u0456\u0441\" \/>\n<meta property=\"article:publisher\" content=\"https:\/\/www.facebook.com\/qtmm.info\/\" \/>\n<meta property=\"article:published_time\" content=\"2012-05-10T16:25:00+00:00\" \/>\n<meta property=\"article:modified_time\" content=\"2022-01-21T16:25:44+00:00\" \/>\n<meta property=\"og:image\" content=\"https:\/\/qtmm.org\/wp-content\/uploads\/2022\/01\/2_kopiya.jpeg\" \/>\n\t<meta property=\"og:image:width\" content=\"650\" \/>\n\t<meta property=\"og:image:height\" content=\"400\" \/>\n\t<meta property=\"og:image:type\" content=\"image\/jpeg\" \/>\n<meta name=\"author\" content=\"Developer\" \/>\n<meta name=\"twitter:card\" content=\"summary_large_image\" \/>\n<meta name=\"twitter:label1\" content=\"Written by\" \/>\n\t<meta name=\"twitter:data1\" content=\"Developer\" \/>\n\t<meta name=\"twitter:label2\" content=\"Est. reading time\" \/>\n\t<meta name=\"twitter:data2\" content=\"1 minute\" \/>\n<script type=\"application\/ld+json\" class=\"yoast-schema-graph\">{\"@context\":\"https:\\\/\\\/schema.org\",\"@graph\":[{\"@type\":\"Article\",\"@id\":\"https:\\\/\\\/qtmm.org\\\/qt\\\/mustafa-cemilev-atr-kanali-miz-mizlar-programmasinda-canli-yayinda\\\/#article\",\"isPartOf\":{\"@id\":\"https:\\\/\\\/qtmm.org\\\/qt\\\/mustafa-cemilev-atr-kanali-miz-mizlar-programmasinda-canli-yayinda\\\/\"},\"author\":{\"name\":\"Developer\",\"@id\":\"https:\\\/\\\/qtmm.org\\\/qt\\\/#\\\/schema\\\/person\\\/de562469f971dec226ac06e60bbf74a7\"},\"headline\":\"Mustafa Cemilev ATR kanal\u0131 M\u0131z-m\u0131zlar programmas\u0131nda canl\u0131 yay\u0131nda\",\"datePublished\":\"2012-05-10T16:25:00+00:00\",\"dateModified\":\"2022-01-21T16:25:44+00:00\",\"mainEntityOfPage\":{\"@id\":\"https:\\\/\\\/qtmm.org\\\/qt\\\/mustafa-cemilev-atr-kanali-miz-mizlar-programmasinda-canli-yayinda\\\/\"},\"wordCount\":191,\"commentCount\":0,\"publisher\":{\"@id\":\"https:\\\/\\\/qtmm.org\\\/qt\\\/#organization\"},\"image\":{\"@id\":\"https:\\\/\\\/qtmm.org\\\/qt\\\/mustafa-cemilev-atr-kanali-miz-mizlar-programmasinda-canli-yayinda\\\/#primaryimage\"},\"thumbnailUrl\":\"https:\\\/\\\/qtmm.org\\\/wp-content\\\/uploads\\\/2022\\\/01\\\/2_kopiya.jpeg\",\"articleSection\":[\"Haberler\"],\"inLanguage\":\"qt\",\"potentialAction\":[{\"@type\":\"CommentAction\",\"name\":\"Comment\",\"target\":[\"https:\\\/\\\/qtmm.org\\\/qt\\\/mustafa-cemilev-atr-kanali-miz-mizlar-programmasinda-canli-yayinda\\\/#respond\"]}]},{\"@type\":\"WebPage\",\"@id\":\"https:\\\/\\\/qtmm.org\\\/qt\\\/mustafa-cemilev-atr-kanali-miz-mizlar-programmasinda-canli-yayinda\\\/\",\"url\":\"https:\\\/\\\/qtmm.org\\\/qt\\\/mustafa-cemilev-atr-kanali-miz-mizlar-programmasinda-canli-yayinda\\\/\",\"name\":\"Mustafa Cemilev ATR kanal\u0131 M\u0131z-m\u0131zlar programmas\u0131nda canl\u0131 yay\u0131nda - \u041c\u0435\u0434\u0436\u043b\u0456\u0441\",\"isPartOf\":{\"@id\":\"https:\\\/\\\/qtmm.org\\\/qt\\\/#website\"},\"primaryImageOfPage\":{\"@id\":\"https:\\\/\\\/qtmm.org\\\/qt\\\/mustafa-cemilev-atr-kanali-miz-mizlar-programmasinda-canli-yayinda\\\/#primaryimage\"},\"image\":{\"@id\":\"https:\\\/\\\/qtmm.org\\\/qt\\\/mustafa-cemilev-atr-kanali-miz-mizlar-programmasinda-canli-yayinda\\\/#primaryimage\"},\"thumbnailUrl\":\"https:\\\/\\\/qtmm.org\\\/wp-content\\\/uploads\\\/2022\\\/01\\\/2_kopiya.jpeg\",\"datePublished\":\"2012-05-10T16:25:00+00:00\",\"dateModified\":\"2022-01-21T16:25:44+00:00\",\"breadcrumb\":{\"@id\":\"https:\\\/\\\/qtmm.org\\\/qt\\\/mustafa-cemilev-atr-kanali-miz-mizlar-programmasinda-canli-yayinda\\\/#breadcrumb\"},\"inLanguage\":\"qt\",\"potentialAction\":[{\"@type\":\"ReadAction\",\"target\":[\"https:\\\/\\\/qtmm.org\\\/qt\\\/mustafa-cemilev-atr-kanali-miz-mizlar-programmasinda-canli-yayinda\\\/\"]}]},{\"@type\":\"ImageObject\",\"inLanguage\":\"qt\",\"@id\":\"https:\\\/\\\/qtmm.org\\\/qt\\\/mustafa-cemilev-atr-kanali-miz-mizlar-programmasinda-canli-yayinda\\\/#primaryimage\",\"url\":\"https:\\\/\\\/qtmm.org\\\/wp-content\\\/uploads\\\/2022\\\/01\\\/2_kopiya.jpeg\",\"contentUrl\":\"https:\\\/\\\/qtmm.org\\\/wp-content\\\/uploads\\\/2022\\\/01\\\/2_kopiya.jpeg\",\"width\":650,\"height\":400},{\"@type\":\"BreadcrumbList\",\"@id\":\"https:\\\/\\\/qtmm.org\\\/qt\\\/mustafa-cemilev-atr-kanali-miz-mizlar-programmasinda-canli-yayinda\\\/#breadcrumb\",\"itemListElement\":[{\"@type\":\"ListItem\",\"position\":1,\"name\":\"\u0413\u043e\u043b\u043e\u0432\u043d\u0430\",\"item\":\"https:\\\/\\\/qtmm.org\\\/qt\\\/\"},{\"@type\":\"ListItem\",\"position\":2,\"name\":\"Mustafa Cemilev ATR kanal\u0131 M\u0131z-m\u0131zlar programmas\u0131nda canl\u0131 yay\u0131nda\"}]},{\"@type\":\"WebSite\",\"@id\":\"https:\\\/\\\/qtmm.org\\\/qt\\\/#website\",\"url\":\"https:\\\/\\\/qtmm.org\\\/qt\\\/\",\"name\":\"\u041c\u0435\u0434\u0436\u043b\u0456\u0441\",\"description\":\"\",\"publisher\":{\"@id\":\"https:\\\/\\\/qtmm.org\\\/qt\\\/#organization\"},\"potentialAction\":[{\"@type\":\"SearchAction\",\"target\":{\"@type\":\"EntryPoint\",\"urlTemplate\":\"https:\\\/\\\/qtmm.org\\\/qt\\\/?s={search_term_string}\"},\"query-input\":{\"@type\":\"PropertyValueSpecification\",\"valueRequired\":true,\"valueName\":\"search_term_string\"}}],\"inLanguage\":\"qt\"},{\"@type\":\"Organization\",\"@id\":\"https:\\\/\\\/qtmm.org\\\/qt\\\/#organization\",\"name\":\"\u041c\u0435\u0434\u0436\u043b\u0456\u0441\",\"url\":\"https:\\\/\\\/qtmm.org\\\/qt\\\/\",\"logo\":{\"@type\":\"ImageObject\",\"inLanguage\":\"qt\",\"@id\":\"https:\\\/\\\/qtmm.org\\\/qt\\\/#\\\/schema\\\/logo\\\/image\\\/\",\"url\":\"https:\\\/\\\/qtmm.org\\\/wp-content\\\/uploads\\\/2024\\\/12\\\/ua-mejlis-logo-rgb.svg\",\"contentUrl\":\"https:\\\/\\\/qtmm.org\\\/wp-content\\\/uploads\\\/2024\\\/12\\\/ua-mejlis-logo-rgb.svg\",\"caption\":\"\u041c\u0435\u0434\u0436\u043b\u0456\u0441\"},\"image\":{\"@id\":\"https:\\\/\\\/qtmm.org\\\/qt\\\/#\\\/schema\\\/logo\\\/image\\\/\"},\"sameAs\":[\"https:\\\/\\\/www.facebook.com\\\/qtmm.info\\\/\"]},{\"@type\":\"Person\",\"@id\":\"https:\\\/\\\/qtmm.org\\\/qt\\\/#\\\/schema\\\/person\\\/de562469f971dec226ac06e60bbf74a7\",\"name\":\"Developer\",\"image\":{\"@type\":\"ImageObject\",\"inLanguage\":\"qt\",\"@id\":\"https:\\\/\\\/secure.gravatar.com\\\/avatar\\\/392b4cc8fbfeb00b39dfeeab4ee6edded39ffd48e25858637e4765810300227e?s=96&d=mm&r=g\",\"url\":\"https:\\\/\\\/secure.gravatar.com\\\/avatar\\\/392b4cc8fbfeb00b39dfeeab4ee6edded39ffd48e25858637e4765810300227e?s=96&d=mm&r=g\",\"contentUrl\":\"https:\\\/\\\/secure.gravatar.com\\\/avatar\\\/392b4cc8fbfeb00b39dfeeab4ee6edded39ffd48e25858637e4765810300227e?s=96&d=mm&r=g\",\"caption\":\"Developer\"},\"url\":\"https:\\\/\\\/qtmm.org\\\/qt\\\/author\\\/Developer\\\/\"}]}<\/script>\n<!-- \/ Yoast SEO plugin. -->","yoast_head_json":{"title":"Mustafa Cemilev ATR kanal\u0131 M\u0131z-m\u0131zlar programmas\u0131nda canl\u0131 yay\u0131nda - \u041c\u0435\u0434\u0436\u043b\u0456\u0441","robots":{"index":"index","follow":"follow","max-snippet":"max-snippet:-1","max-image-preview":"max-image-preview:large","max-video-preview":"max-video-preview:-1"},"canonical":"https:\/\/qtmm.org\/qt\/mustafa-cemilev-atr-kanali-miz-mizlar-programmasinda-canli-yayinda\/","og_locale":"en_US","og_type":"article","og_title":"Mustafa Cemilev ATR kanal\u0131 M\u0131z-m\u0131zlar programmas\u0131nda canl\u0131 yay\u0131nda - \u041c\u0435\u0434\u0436\u043b\u0456\u0441","og_description":"Q\u0131r\u0131mtatar halq\u0131 Meclisini\u00f1 reisi, Ukraina halq deputat\u0131 Mustafa Cemilev\u00a0ATR kanal\u0131 &#8220;M\u0131z-m\u0131zlar&#8221;\u00a0\u00a0programmas\u0131nda canl\u0131 yay\u0131nda \u00a0 Ukrainada siyasiy vaziyet, Qurultayn\u0131\u00f1 nevbetteki sessiyas\u0131 aqq\u0131nda ik\u00e2ye etti ve al\u0131p bar\u0131c\u0131larn\u0131nh bir \u00e7oq suallerine cevap berdi \u00a0Mustafa Cemilev Ukraina parlamentinlde temsil etilgen \u00e7e\u015fit siyasiy k\u00fc\u00e7lerni\u00f1 kendisi taraf\u0131ndan muzakerege avale ettigi Ukraina &#8220;Milliy men\u00fcspligi boyunca s\u00fcrg\u00fcn etilgen \u015fah\u0131slarn\u0131\u00f1 uquqlar\u0131n\u0131 \u011fayr\u0131dan tiklev [&hellip;]","og_url":"https:\/\/qtmm.org\/qt\/mustafa-cemilev-atr-kanali-miz-mizlar-programmasinda-canli-yayinda\/","og_site_name":"\u041c\u0435\u0434\u0436\u043b\u0456\u0441","article_publisher":"https:\/\/www.facebook.com\/qtmm.info\/","article_published_time":"2012-05-10T16:25:00+00:00","article_modified_time":"2022-01-21T16:25:44+00:00","og_image":[{"width":650,"height":400,"url":"https:\/\/qtmm.org\/wp-content\/uploads\/2022\/01\/2_kopiya.jpeg","type":"image\/jpeg"}],"author":"Developer","twitter_card":"summary_large_image","twitter_misc":{"Written by":"Developer","Est. reading time":"1 minute"},"schema":{"@context":"https:\/\/schema.org","@graph":[{"@type":"Article","@id":"https:\/\/qtmm.org\/qt\/mustafa-cemilev-atr-kanali-miz-mizlar-programmasinda-canli-yayinda\/#article","isPartOf":{"@id":"https:\/\/qtmm.org\/qt\/mustafa-cemilev-atr-kanali-miz-mizlar-programmasinda-canli-yayinda\/"},"author":{"name":"Developer","@id":"https:\/\/qtmm.org\/qt\/#\/schema\/person\/de562469f971dec226ac06e60bbf74a7"},"headline":"Mustafa Cemilev ATR kanal\u0131 M\u0131z-m\u0131zlar programmas\u0131nda canl\u0131 yay\u0131nda","datePublished":"2012-05-10T16:25:00+00:00","dateModified":"2022-01-21T16:25:44+00:00","mainEntityOfPage":{"@id":"https:\/\/qtmm.org\/qt\/mustafa-cemilev-atr-kanali-miz-mizlar-programmasinda-canli-yayinda\/"},"wordCount":191,"commentCount":0,"publisher":{"@id":"https:\/\/qtmm.org\/qt\/#organization"},"image":{"@id":"https:\/\/qtmm.org\/qt\/mustafa-cemilev-atr-kanali-miz-mizlar-programmasinda-canli-yayinda\/#primaryimage"},"thumbnailUrl":"https:\/\/qtmm.org\/wp-content\/uploads\/2022\/01\/2_kopiya.jpeg","articleSection":["Haberler"],"inLanguage":"qt","potentialAction":[{"@type":"CommentAction","name":"Comment","target":["https:\/\/qtmm.org\/qt\/mustafa-cemilev-atr-kanali-miz-mizlar-programmasinda-canli-yayinda\/#respond"]}]},{"@type":"WebPage","@id":"https:\/\/qtmm.org\/qt\/mustafa-cemilev-atr-kanali-miz-mizlar-programmasinda-canli-yayinda\/","url":"https:\/\/qtmm.org\/qt\/mustafa-cemilev-atr-kanali-miz-mizlar-programmasinda-canli-yayinda\/","name":"Mustafa Cemilev ATR kanal\u0131 M\u0131z-m\u0131zlar programmas\u0131nda canl\u0131 yay\u0131nda - \u041c\u0435\u0434\u0436\u043b\u0456\u0441","isPartOf":{"@id":"https:\/\/qtmm.org\/qt\/#website"},"primaryImageOfPage":{"@id":"https:\/\/qtmm.org\/qt\/mustafa-cemilev-atr-kanali-miz-mizlar-programmasinda-canli-yayinda\/#primaryimage"},"image":{"@id":"https:\/\/qtmm.org\/qt\/mustafa-cemilev-atr-kanali-miz-mizlar-programmasinda-canli-yayinda\/#primaryimage"},"thumbnailUrl":"https:\/\/qtmm.org\/wp-content\/uploads\/2022\/01\/2_kopiya.jpeg","datePublished":"2012-05-10T16:25:00+00:00","dateModified":"2022-01-21T16:25:44+00:00","breadcrumb":{"@id":"https:\/\/qtmm.org\/qt\/mustafa-cemilev-atr-kanali-miz-mizlar-programmasinda-canli-yayinda\/#breadcrumb"},"inLanguage":"qt","potentialAction":[{"@type":"ReadAction","target":["https:\/\/qtmm.org\/qt\/mustafa-cemilev-atr-kanali-miz-mizlar-programmasinda-canli-yayinda\/"]}]},{"@type":"ImageObject","inLanguage":"qt","@id":"https:\/\/qtmm.org\/qt\/mustafa-cemilev-atr-kanali-miz-mizlar-programmasinda-canli-yayinda\/#primaryimage","url":"https:\/\/qtmm.org\/wp-content\/uploads\/2022\/01\/2_kopiya.jpeg","contentUrl":"https:\/\/qtmm.org\/wp-content\/uploads\/2022\/01\/2_kopiya.jpeg","width":650,"height":400},{"@type":"BreadcrumbList","@id":"https:\/\/qtmm.org\/qt\/mustafa-cemilev-atr-kanali-miz-mizlar-programmasinda-canli-yayinda\/#breadcrumb","itemListElement":[{"@type":"ListItem","position":1,"name":"\u0413\u043e\u043b\u043e\u0432\u043d\u0430","item":"https:\/\/qtmm.org\/qt\/"},{"@type":"ListItem","position":2,"name":"Mustafa Cemilev ATR kanal\u0131 M\u0131z-m\u0131zlar programmas\u0131nda canl\u0131 yay\u0131nda"}]},{"@type":"WebSite","@id":"https:\/\/qtmm.org\/qt\/#website","url":"https:\/\/qtmm.org\/qt\/","name":"\u041c\u0435\u0434\u0436\u043b\u0456\u0441","description":"","publisher":{"@id":"https:\/\/qtmm.org\/qt\/#organization"},"potentialAction":[{"@type":"SearchAction","target":{"@type":"EntryPoint","urlTemplate":"https:\/\/qtmm.org\/qt\/?s={search_term_string}"},"query-input":{"@type":"PropertyValueSpecification","valueRequired":true,"valueName":"search_term_string"}}],"inLanguage":"qt"},{"@type":"Organization","@id":"https:\/\/qtmm.org\/qt\/#organization","name":"\u041c\u0435\u0434\u0436\u043b\u0456\u0441","url":"https:\/\/qtmm.org\/qt\/","logo":{"@type":"ImageObject","inLanguage":"qt","@id":"https:\/\/qtmm.org\/qt\/#\/schema\/logo\/image\/","url":"https:\/\/qtmm.org\/wp-content\/uploads\/2024\/12\/ua-mejlis-logo-rgb.svg","contentUrl":"https:\/\/qtmm.org\/wp-content\/uploads\/2024\/12\/ua-mejlis-logo-rgb.svg","caption":"\u041c\u0435\u0434\u0436\u043b\u0456\u0441"},"image":{"@id":"https:\/\/qtmm.org\/qt\/#\/schema\/logo\/image\/"},"sameAs":["https:\/\/www.facebook.com\/qtmm.info\/"]},{"@type":"Person","@id":"https:\/\/qtmm.org\/qt\/#\/schema\/person\/de562469f971dec226ac06e60bbf74a7","name":"Developer","image":{"@type":"ImageObject","inLanguage":"qt","@id":"https:\/\/secure.gravatar.com\/avatar\/392b4cc8fbfeb00b39dfeeab4ee6edded39ffd48e25858637e4765810300227e?s=96&d=mm&r=g","url":"https:\/\/secure.gravatar.com\/avatar\/392b4cc8fbfeb00b39dfeeab4ee6edded39ffd48e25858637e4765810300227e?s=96&d=mm&r=g","contentUrl":"https:\/\/secure.gravatar.com\/avatar\/392b4cc8fbfeb00b39dfeeab4ee6edded39ffd48e25858637e4765810300227e?s=96&d=mm&r=g","caption":"Developer"},"url":"https:\/\/qtmm.org\/qt\/author\/Developer\/"}]}},"_links":{"self":[{"href":"https:\/\/qtmm.org\/qt\/wp-json\/wp\/v2\/posts\/30685","targetHints":{"allow":["GET"]}}],"collection":[{"href":"https:\/\/qtmm.org\/qt\/wp-json\/wp\/v2\/posts"}],"about":[{"href":"https:\/\/qtmm.org\/qt\/wp-json\/wp\/v2\/types\/post"}],"author":[{"embeddable":true,"href":"https:\/\/qtmm.org\/qt\/wp-json\/wp\/v2\/users\/1"}],"replies":[{"embeddable":true,"href":"https:\/\/qtmm.org\/qt\/wp-json\/wp\/v2\/comments?post=30685"}],"version-history":[{"count":1,"href":"https:\/\/qtmm.org\/qt\/wp-json\/wp\/v2\/posts\/30685\/revisions"}],"predecessor-version":[{"id":30690,"href":"https:\/\/qtmm.org\/qt\/wp-json\/wp\/v2\/posts\/30685\/revisions\/30690"}],"wp:featuredmedia":[{"embeddable":true,"href":"https:\/\/qtmm.org\/qt\/wp-json\/wp\/v2\/media\/30686"}],"wp:attachment":[{"href":"https:\/\/qtmm.org\/qt\/wp-json\/wp\/v2\/media?parent=30685"}],"wp:term":[{"taxonomy":"category","embeddable":true,"href":"https:\/\/qtmm.org\/qt\/wp-json\/wp\/v2\/categories?post=30685"},{"taxonomy":"post_tag","embeddable":true,"href":"https:\/\/qtmm.org\/qt\/wp-json\/wp\/v2\/tags?post=30685"}],"curies":[{"name":"wp","href":"https:\/\/api.w.org\/{rel}","templated":true}]}}