




{"id":30659,"date":"2012-05-08T19:22:00","date_gmt":"2012-05-08T16:22:00","guid":{"rendered":"http:\/\/qtmm.org\/?p=30659"},"modified":"2022-01-21T19:24:47","modified_gmt":"2022-01-21T16:24:47","slug":"aqmescitte-pavlo-robert-magociynin-kitabi-taqdim-etildi","status":"publish","type":"post","link":"https:\/\/qtmm.org\/qt\/aqmescitte-pavlo-robert-magociynin-kitabi-taqdim-etildi\/","title":{"rendered":"Aqmescitte Pavlo-Robert Mago\u00e7iyni\u00f1 kitab\u0131 taqdim etildi"},"content":{"rendered":"\n<p>2012 senesi may\u0131s 8 k\u00fcn\u00fc \u0130. Gasprinskiy ad\u0131na q\u0131r\u0131mtatar k\u00fct\u00fcphanesinde Toronto universiteti tarih ve siyaset\u015f\u0131nasl\u0131q fakultetini\u00f1 professor\u0131 Pavlo-Mago\u00e7iyni\u00f1 &#8220;Ukraina: topraqlar\u0131 ve halqlar\u0131n\u0131\u00f1 tarih\u0131&#8221; kitab\u0131n\u0131\u00f1 taqdimnamesi ol\u0131p ke\u00e7ti. Tedbirni al\u0131p bar\u011fan kitapn\u0131\u00f1 na\u015firi Valeriy Pad\u00e2kn\u0131\u00f1 bildirgenine k\u00f6re bu kitap ingliz tilinde bas\u0131l\u011fan &#8220;Ahistory of Ukraine: The Land and Its Peoples&#8221; kitapn\u0131\u00f1 Ukraina halqlar\u0131 i\u00e7\u00fcn mahsus tercime etilgen ukrain variant\u0131d\u0131r.<\/p>\n\n\n\n<p>Bun\u0131\u00f1 kibi de o \u015fun\u0131 qayd etti ki, \u015fimdi kitap b\u00fct\u00fcn Ukraina boylap tan\u0131t\u0131lmaqta. Kitapn\u0131\u00f1 m\u00fcellifleri, tercimanlar\u0131 ve na\u015firleri Aqmescitten \u011fayr\u0131 Herson, Nikolayev, Odessa, Lvov, Kiyev ve diger \u015feerlerni kezip, e\u00f1 so\u00f1, kitap d\u00fcnya y\u00fcz\u00fcni k\u00f6rgen Ujgorod \u015feerinde bulunacaqlar.<\/p>\n\n\n\n<p>&#8220;Kitapta tedqiq etilgenlerni, bahusus Ukraina\u011fa do\u011fru q\u0131ymet kesmek kerek, &#8211; dep ba\u015flad\u0131 \u00f6z \u00e7\u0131q\u0131\u015f\u0131n\u0131 Meclis reisini\u00f1 birinci muavini Refat \u00c7ubarov. \u2013 Teess\u00fcf ki, men kitapn\u0131 oqup yeti\u015ftirmedim, tek saifeledim. Amma kitap qoyul\u011fan maqsad\u011fa yetkenini a\u00f1lamaq i\u00e7\u00fcn bun\u0131\u00f1 \u00f6z\u00fc bile yeterli old\u0131. Yap\u0131l\u011fan b\u00fcy\u00fck ve m\u00fcim i\u015f i\u00e7\u00fcn m\u00fcellifke minnetdarl\u0131q bildirmek isteyim, tedqiqatlar ke\u00e7irmek i\u00e7\u00fcn kitapn\u0131\u00f1 emiyeti \u011fayet b\u00fcy\u00fcktir&#8221; Refat \u00c7ubarov b\u00f6yle kitapn\u0131\u00f1 \u00e7\u0131qmas\u0131 \u015fahsen kendisi i\u00e7\u00fcn seneni\u00f1 m\u00fcim vaqialar\u0131ndan biri ol\u011fan\u0131 ve kitapta q\u0131r\u0131mtatarlarn\u0131\u00f1 tarih\u0131nda da toqtal\u011fan\u0131 sevindirici bir \u015fey ol\u011fan\u0131n\u0131 qayd etti.<\/p>\n\n\n\n<figure class=\"wp-block-image size-full\"><img loading=\"lazy\" decoding=\"async\" width=\"650\" height=\"450\" src=\"http:\/\/qtmm.org\/wp-content\/uploads\/2022\/01\/img_0867.jpeg\" alt=\"\" class=\"wp-image-30664\" srcset=\"https:\/\/qtmm.org\/wp-content\/uploads\/2022\/01\/img_0867.jpeg 650w, https:\/\/qtmm.org\/wp-content\/uploads\/2022\/01\/img_0867-300x208.jpeg 300w\" sizes=\"auto, (max-width: 650px) 100vw, 650px\" \/><\/figure>\n\n\n\n<p>&#8220;Ba\u015f\u0131nda bu kitap faqat ingliz tilinde qonu\u015fqan insanlar i\u00e7\u00fcn yaz\u0131l\u0131p,bir zamanda ukrain tiline tercime etilecegini asl\u0131 da t\u00fc\u015f\u00fcnmegen edim, &#8211; dedi kitapn\u0131\u00f1 m\u00fcellifi Pavlo-Rober Mago\u00e7iya. \u2013 Esas maqsad amerikal\u0131, kanadal\u0131larn\u0131 Ukrainada ya\u015fa\u011fan halq ve milletlerni\u00f1 tarih\u0131, medeniyeti ve urf-adetlerinen tan\u0131\u015f etmek edi. Kitapta evel gizli, belli olma\u011fan mal\u00fcmat pek \u00e7oq. Bu, kitapn\u0131\u00f1 q\u0131ymetini daa ziyade artt\u0131ra&#8221;. K\u00f6r\u00fc\u015f\u00fcvni\u00f1 so\u00f1unda er bir insan m\u00fcellifke istegen sualini berip, tolu cevap ala bildi.<\/p>\n\n\n\n<figure class=\"wp-block-image size-full\"><img loading=\"lazy\" decoding=\"async\" width=\"650\" height=\"450\" src=\"http:\/\/qtmm.org\/wp-content\/uploads\/2022\/01\/img_0861.jpeg\" alt=\"\" class=\"wp-image-30668\" srcset=\"https:\/\/qtmm.org\/wp-content\/uploads\/2022\/01\/img_0861.jpeg 650w, https:\/\/qtmm.org\/wp-content\/uploads\/2022\/01\/img_0861-300x208.jpeg 300w\" sizes=\"auto, (max-width: 650px) 100vw, 650px\" \/><\/figure>\n\n\n\n<p>Taqdimnameden so\u00f1 m\u00fcellif kitaplar\u0131n\u0131 imzalad\u0131, bir q\u0131sm\u0131n\u0131 Q\u0131r\u0131m k\u00fct\u00fcphanelerine, \u015fu c\u00fcmleden \u0130. Gasprinskiy ad\u0131na, \u0130. Franko ad\u0131na k\u00fct\u00fcphanelerge ve birer nusha Q\u0131r\u0131m Medeniyet nazirligine &#8220;Maarif\u00e7i&#8221; q\u0131r\u0131mtatar tasil hadimlerini\u00f1 birligine berdi.<\/p>\n\n\n\n<hr class=\"wp-block-separator\"\/>\n\n\n\n<p>Ayn\u0131 \u015fu k\u00fcn\u00fc Q\u0131r\u0131mtatar halq\u0131 Meclisini\u00f1 reisi Mustafa Cemilev Meclis ofisinde Toronto universiteti tarih ve siyaset\u015f\u0131nasl\u0131q fakultetini\u00f1 professor\u0131 Pavlo-Robert Mago\u00e7iyni qabul etti.<\/p>\n\n\n\n<p>K\u00f6r\u00fc\u015f\u00fcvde Meclis t\u0131\u015fq\u0131 al\u00e2qalar b\u00f6l\u00fcgini\u00f1 ba\u015f\u0131 Ali Hamzin ve na\u015fir Valeriy Pad\u00e2k i\u015ftirak ettiler.<\/p>\n\n\n\n<figure class=\"wp-block-image size-full\"><img loading=\"lazy\" decoding=\"async\" width=\"800\" height=\"600\" src=\"http:\/\/qtmm.org\/wp-content\/uploads\/2022\/01\/3_21.jpeg\" alt=\"\" class=\"wp-image-30672\" srcset=\"https:\/\/qtmm.org\/wp-content\/uploads\/2022\/01\/3_21.jpeg 800w, https:\/\/qtmm.org\/wp-content\/uploads\/2022\/01\/3_21-300x225.jpeg 300w, https:\/\/qtmm.org\/wp-content\/uploads\/2022\/01\/3_21-768x576.jpeg 768w\" sizes=\"auto, (max-width: 800px) 100vw, 800px\" \/><\/figure>\n\n\n\n<p>Cenap Mago\u00e7iy Meclis reisine \u00f6z\u00fcni\u00f1 &#8220;Ukraina: topraqlar\u0131n\u0131\u00f1 ve halqlar\u0131n\u0131\u00f1 tarih\u0131&#8221; kitab\u0131n\u0131 berdi ve q\u0131r\u0131mtatar k\u00fct\u00fcphanesine ol\u0131p ke\u00e7ken taqdimname aqq\u0131nda ik\u00e2ye etti.<\/p>\n\n\n\n<figure class=\"wp-block-image size-full\"><img loading=\"lazy\" decoding=\"async\" width=\"800\" height=\"600\" src=\"http:\/\/qtmm.org\/wp-content\/uploads\/2022\/01\/2_36.jpeg\" alt=\"\" class=\"wp-image-30676\" srcset=\"https:\/\/qtmm.org\/wp-content\/uploads\/2022\/01\/2_36.jpeg 800w, https:\/\/qtmm.org\/wp-content\/uploads\/2022\/01\/2_36-300x225.jpeg 300w, https:\/\/qtmm.org\/wp-content\/uploads\/2022\/01\/2_36-768x576.jpeg 768w\" sizes=\"auto, (max-width: 800px) 100vw, 800px\" \/><\/figure>\n\n\n\n<p>Professor Mago\u00e7iy bun\u0131\u00f1 kibi de Q\u0131r\u0131m ve q\u0131r\u0131mtatar halq\u0131na ba\u011f\u0131\u015flan\u011fan kitap endi bitirilmekte ol\u011fan\u0131n\u0131 haber etti. Kitapn\u0131\u00f1 i\u015f serlevas\u0131 &#8220;Muqaddes topraq&#8221; (&#8220;PleasantLand&#8221;) olacaq, &#8211; devam etti Mago\u00e7iy. Biz mezk\u00fcr kitapn\u0131 ukrain, ingliz ve t\u00fcrk tilinde ne\u015fir etmekni t\u00fc\u015f\u00fcnemiz&#8221;. Bundan da \u011fayr\u0131, professorn\u0131\u00f1 aytqan\u0131na k\u00f6re 2013 senesi sent\u00e2br ay\u0131nda Aqmescit, Ba\u011f\u00e7asaray ve Kezlev \u015feerlerinde kitapn\u0131\u00f1 resmiy taqdimi ke\u00e7irilecek.<\/p>\n\n\n\n<figure class=\"wp-block-image size-full\"><img loading=\"lazy\" decoding=\"async\" width=\"800\" height=\"600\" src=\"http:\/\/qtmm.org\/wp-content\/uploads\/2022\/01\/4_19.jpeg\" alt=\"\" class=\"wp-image-30680\" srcset=\"https:\/\/qtmm.org\/wp-content\/uploads\/2022\/01\/4_19.jpeg 800w, https:\/\/qtmm.org\/wp-content\/uploads\/2022\/01\/4_19-300x225.jpeg 300w, https:\/\/qtmm.org\/wp-content\/uploads\/2022\/01\/4_19-768x576.jpeg 768w\" sizes=\"auto, (max-width: 800px) 100vw, 800px\" \/><\/figure>\n\n\n\n<p>Robert Mago\u00e7iy bu kitap em ingliz tili, em t\u00fcrk tili ve \u015f\u00fcbesiz Ukrainada b\u00fcy\u00fck meraq do\u011furaca\u011f\u0131na \u00fcm\u00fct bildirdi.<\/p>\n\n\n\n<p>Meclis reisi Mustafa Cemilev Toronto universiteti tarih ve siyaset\u015f\u0131nasl\u0131q fakultetini\u00f1 professor\u0131 Pavlo-Robert Mago\u00e7iyge q\u0131r\u0131mtatar halq\u0131n\u0131\u00f1 tarih\u0131na, taqdiri ve bug\u00fcnki vaziyetine diqqat ay\u0131r\u011fan\u0131 i\u00e7\u00fcn te\u015fekk\u00fcr bildirdi.<\/p>\n","protected":false},"excerpt":{"rendered":"<p>2012 senesi may\u0131s 8 k\u00fcn\u00fc \u0130. Gasprinskiy ad\u0131na q\u0131r\u0131mtatar k\u00fct\u00fcphanesinde Toronto universiteti tarih ve siyaset\u015f\u0131nasl\u0131q fakultetini\u00f1 professor\u0131 Pavlo-Mago\u00e7iyni\u00f1 &#8220;Ukraina: topraqlar\u0131 ve halqlar\u0131n\u0131\u00f1 tarih\u0131&#8221; kitab\u0131n\u0131\u00f1 taqdimnamesi ol\u0131p ke\u00e7ti. Tedbirni al\u0131p bar\u011fan kitapn\u0131\u00f1 na\u015firi Valeriy Pad\u00e2kn\u0131\u00f1 bildirgenine k\u00f6re bu kitap ingliz tilinde bas\u0131l\u011fan &#8220;Ahistory of Ukraine: The Land and Its Peoples&#8221; kitapn\u0131\u00f1 Ukraina halqlar\u0131 i\u00e7\u00fcn mahsus tercime [&hellip;]<\/p>\n","protected":false},"author":1,"featured_media":30660,"comment_status":"open","ping_status":"open","sticky":false,"template":"","format":"standard","meta":{"inline_featured_image":false,"footnotes":""},"categories":[265],"tags":[],"class_list":["post-30659","post","type-post","status-publish","format-standard","has-post-thumbnail","hentry","category-haberler"],"acf":[],"yoast_head":"<!-- This site is optimized with the Yoast SEO plugin v27.4 - https:\/\/yoast.com\/product\/yoast-seo-wordpress\/ -->\n<title>Aqmescitte Pavlo-Robert Mago\u00e7iyni\u00f1 kitab\u0131 taqdim etildi - \u041c\u0435\u0434\u0436\u043b\u0456\u0441<\/title>\n<meta name=\"robots\" content=\"index, follow, max-snippet:-1, max-image-preview:large, max-video-preview:-1\" \/>\n<link rel=\"canonical\" href=\"https:\/\/qtmm.org\/qt\/aqmescitte-pavlo-robert-magociynin-kitabi-taqdim-etildi\/\" \/>\n<meta property=\"og:locale\" content=\"en_US\" \/>\n<meta property=\"og:type\" content=\"article\" \/>\n<meta property=\"og:title\" content=\"Aqmescitte Pavlo-Robert Mago\u00e7iyni\u00f1 kitab\u0131 taqdim etildi - \u041c\u0435\u0434\u0436\u043b\u0456\u0441\" \/>\n<meta property=\"og:description\" content=\"2012 senesi may\u0131s 8 k\u00fcn\u00fc \u0130. Gasprinskiy ad\u0131na q\u0131r\u0131mtatar k\u00fct\u00fcphanesinde Toronto universiteti tarih ve siyaset\u015f\u0131nasl\u0131q fakultetini\u00f1 professor\u0131 Pavlo-Mago\u00e7iyni\u00f1 &#8220;Ukraina: topraqlar\u0131 ve halqlar\u0131n\u0131\u00f1 tarih\u0131&#8221; kitab\u0131n\u0131\u00f1 taqdimnamesi ol\u0131p ke\u00e7ti. Tedbirni al\u0131p bar\u011fan kitapn\u0131\u00f1 na\u015firi Valeriy Pad\u00e2kn\u0131\u00f1 bildirgenine k\u00f6re bu kitap ingliz tilinde bas\u0131l\u011fan &#8220;Ahistory of Ukraine: The Land and Its Peoples&#8221; kitapn\u0131\u00f1 Ukraina halqlar\u0131 i\u00e7\u00fcn mahsus tercime [&hellip;]\" \/>\n<meta property=\"og:url\" content=\"https:\/\/qtmm.org\/qt\/aqmescitte-pavlo-robert-magociynin-kitabi-taqdim-etildi\/\" \/>\n<meta property=\"og:site_name\" content=\"\u041c\u0435\u0434\u0436\u043b\u0456\u0441\" \/>\n<meta property=\"article:publisher\" content=\"https:\/\/www.facebook.com\/qtmm.info\/\" \/>\n<meta property=\"article:published_time\" content=\"2012-05-08T16:22:00+00:00\" \/>\n<meta property=\"article:modified_time\" content=\"2022-01-21T16:24:47+00:00\" \/>\n<meta property=\"og:image\" content=\"https:\/\/qtmm.org\/wp-content\/uploads\/2022\/01\/img_0846_1.jpeg\" \/>\n\t<meta property=\"og:image:width\" content=\"650\" \/>\n\t<meta property=\"og:image:height\" content=\"450\" \/>\n\t<meta property=\"og:image:type\" content=\"image\/jpeg\" \/>\n<meta name=\"author\" content=\"Developer\" \/>\n<meta name=\"twitter:card\" content=\"summary_large_image\" \/>\n<meta name=\"twitter:label1\" content=\"Written by\" \/>\n\t<meta name=\"twitter:data1\" content=\"Developer\" \/>\n\t<meta name=\"twitter:label2\" content=\"Est. reading time\" \/>\n\t<meta name=\"twitter:data2\" content=\"3 minutes\" \/>\n<script type=\"application\/ld+json\" class=\"yoast-schema-graph\">{\"@context\":\"https:\\\/\\\/schema.org\",\"@graph\":[{\"@type\":\"Article\",\"@id\":\"https:\\\/\\\/qtmm.org\\\/qt\\\/aqmescitte-pavlo-robert-magociynin-kitabi-taqdim-etildi\\\/#article\",\"isPartOf\":{\"@id\":\"https:\\\/\\\/qtmm.org\\\/qt\\\/aqmescitte-pavlo-robert-magociynin-kitabi-taqdim-etildi\\\/\"},\"author\":{\"name\":\"Developer\",\"@id\":\"https:\\\/\\\/qtmm.org\\\/qt\\\/#\\\/schema\\\/person\\\/de562469f971dec226ac06e60bbf74a7\"},\"headline\":\"Aqmescitte Pavlo-Robert Mago\u00e7iyni\u00f1 kitab\u0131 taqdim etildi\",\"datePublished\":\"2012-05-08T16:22:00+00:00\",\"dateModified\":\"2022-01-21T16:24:47+00:00\",\"mainEntityOfPage\":{\"@id\":\"https:\\\/\\\/qtmm.org\\\/qt\\\/aqmescitte-pavlo-robert-magociynin-kitabi-taqdim-etildi\\\/\"},\"wordCount\":610,\"commentCount\":0,\"publisher\":{\"@id\":\"https:\\\/\\\/qtmm.org\\\/qt\\\/#organization\"},\"image\":{\"@id\":\"https:\\\/\\\/qtmm.org\\\/qt\\\/aqmescitte-pavlo-robert-magociynin-kitabi-taqdim-etildi\\\/#primaryimage\"},\"thumbnailUrl\":\"https:\\\/\\\/qtmm.org\\\/wp-content\\\/uploads\\\/2022\\\/01\\\/img_0846_1.jpeg\",\"articleSection\":[\"Haberler\"],\"inLanguage\":\"qt\",\"potentialAction\":[{\"@type\":\"CommentAction\",\"name\":\"Comment\",\"target\":[\"https:\\\/\\\/qtmm.org\\\/qt\\\/aqmescitte-pavlo-robert-magociynin-kitabi-taqdim-etildi\\\/#respond\"]}]},{\"@type\":\"WebPage\",\"@id\":\"https:\\\/\\\/qtmm.org\\\/qt\\\/aqmescitte-pavlo-robert-magociynin-kitabi-taqdim-etildi\\\/\",\"url\":\"https:\\\/\\\/qtmm.org\\\/qt\\\/aqmescitte-pavlo-robert-magociynin-kitabi-taqdim-etildi\\\/\",\"name\":\"Aqmescitte Pavlo-Robert Mago\u00e7iyni\u00f1 kitab\u0131 taqdim etildi - \u041c\u0435\u0434\u0436\u043b\u0456\u0441\",\"isPartOf\":{\"@id\":\"https:\\\/\\\/qtmm.org\\\/qt\\\/#website\"},\"primaryImageOfPage\":{\"@id\":\"https:\\\/\\\/qtmm.org\\\/qt\\\/aqmescitte-pavlo-robert-magociynin-kitabi-taqdim-etildi\\\/#primaryimage\"},\"image\":{\"@id\":\"https:\\\/\\\/qtmm.org\\\/qt\\\/aqmescitte-pavlo-robert-magociynin-kitabi-taqdim-etildi\\\/#primaryimage\"},\"thumbnailUrl\":\"https:\\\/\\\/qtmm.org\\\/wp-content\\\/uploads\\\/2022\\\/01\\\/img_0846_1.jpeg\",\"datePublished\":\"2012-05-08T16:22:00+00:00\",\"dateModified\":\"2022-01-21T16:24:47+00:00\",\"breadcrumb\":{\"@id\":\"https:\\\/\\\/qtmm.org\\\/qt\\\/aqmescitte-pavlo-robert-magociynin-kitabi-taqdim-etildi\\\/#breadcrumb\"},\"inLanguage\":\"qt\",\"potentialAction\":[{\"@type\":\"ReadAction\",\"target\":[\"https:\\\/\\\/qtmm.org\\\/qt\\\/aqmescitte-pavlo-robert-magociynin-kitabi-taqdim-etildi\\\/\"]}]},{\"@type\":\"ImageObject\",\"inLanguage\":\"qt\",\"@id\":\"https:\\\/\\\/qtmm.org\\\/qt\\\/aqmescitte-pavlo-robert-magociynin-kitabi-taqdim-etildi\\\/#primaryimage\",\"url\":\"https:\\\/\\\/qtmm.org\\\/wp-content\\\/uploads\\\/2022\\\/01\\\/img_0846_1.jpeg\",\"contentUrl\":\"https:\\\/\\\/qtmm.org\\\/wp-content\\\/uploads\\\/2022\\\/01\\\/img_0846_1.jpeg\",\"width\":650,\"height\":450},{\"@type\":\"BreadcrumbList\",\"@id\":\"https:\\\/\\\/qtmm.org\\\/qt\\\/aqmescitte-pavlo-robert-magociynin-kitabi-taqdim-etildi\\\/#breadcrumb\",\"itemListElement\":[{\"@type\":\"ListItem\",\"position\":1,\"name\":\"\u0413\u043e\u043b\u043e\u0432\u043d\u0430\",\"item\":\"https:\\\/\\\/qtmm.org\\\/qt\\\/\"},{\"@type\":\"ListItem\",\"position\":2,\"name\":\"Aqmescitte Pavlo-Robert Mago\u00e7iyni\u00f1 kitab\u0131 taqdim etildi\"}]},{\"@type\":\"WebSite\",\"@id\":\"https:\\\/\\\/qtmm.org\\\/qt\\\/#website\",\"url\":\"https:\\\/\\\/qtmm.org\\\/qt\\\/\",\"name\":\"\u041c\u0435\u0434\u0436\u043b\u0456\u0441\",\"description\":\"\",\"publisher\":{\"@id\":\"https:\\\/\\\/qtmm.org\\\/qt\\\/#organization\"},\"potentialAction\":[{\"@type\":\"SearchAction\",\"target\":{\"@type\":\"EntryPoint\",\"urlTemplate\":\"https:\\\/\\\/qtmm.org\\\/qt\\\/?s={search_term_string}\"},\"query-input\":{\"@type\":\"PropertyValueSpecification\",\"valueRequired\":true,\"valueName\":\"search_term_string\"}}],\"inLanguage\":\"qt\"},{\"@type\":\"Organization\",\"@id\":\"https:\\\/\\\/qtmm.org\\\/qt\\\/#organization\",\"name\":\"\u041c\u0435\u0434\u0436\u043b\u0456\u0441\",\"url\":\"https:\\\/\\\/qtmm.org\\\/qt\\\/\",\"logo\":{\"@type\":\"ImageObject\",\"inLanguage\":\"qt\",\"@id\":\"https:\\\/\\\/qtmm.org\\\/qt\\\/#\\\/schema\\\/logo\\\/image\\\/\",\"url\":\"https:\\\/\\\/qtmm.org\\\/wp-content\\\/uploads\\\/2024\\\/12\\\/ua-mejlis-logo-rgb.svg\",\"contentUrl\":\"https:\\\/\\\/qtmm.org\\\/wp-content\\\/uploads\\\/2024\\\/12\\\/ua-mejlis-logo-rgb.svg\",\"caption\":\"\u041c\u0435\u0434\u0436\u043b\u0456\u0441\"},\"image\":{\"@id\":\"https:\\\/\\\/qtmm.org\\\/qt\\\/#\\\/schema\\\/logo\\\/image\\\/\"},\"sameAs\":[\"https:\\\/\\\/www.facebook.com\\\/qtmm.info\\\/\"]},{\"@type\":\"Person\",\"@id\":\"https:\\\/\\\/qtmm.org\\\/qt\\\/#\\\/schema\\\/person\\\/de562469f971dec226ac06e60bbf74a7\",\"name\":\"Developer\",\"image\":{\"@type\":\"ImageObject\",\"inLanguage\":\"qt\",\"@id\":\"https:\\\/\\\/secure.gravatar.com\\\/avatar\\\/392b4cc8fbfeb00b39dfeeab4ee6edded39ffd48e25858637e4765810300227e?s=96&d=mm&r=g\",\"url\":\"https:\\\/\\\/secure.gravatar.com\\\/avatar\\\/392b4cc8fbfeb00b39dfeeab4ee6edded39ffd48e25858637e4765810300227e?s=96&d=mm&r=g\",\"contentUrl\":\"https:\\\/\\\/secure.gravatar.com\\\/avatar\\\/392b4cc8fbfeb00b39dfeeab4ee6edded39ffd48e25858637e4765810300227e?s=96&d=mm&r=g\",\"caption\":\"Developer\"},\"url\":\"https:\\\/\\\/qtmm.org\\\/qt\\\/author\\\/Developer\\\/\"}]}<\/script>\n<!-- \/ Yoast SEO plugin. -->","yoast_head_json":{"title":"Aqmescitte Pavlo-Robert Mago\u00e7iyni\u00f1 kitab\u0131 taqdim etildi - \u041c\u0435\u0434\u0436\u043b\u0456\u0441","robots":{"index":"index","follow":"follow","max-snippet":"max-snippet:-1","max-image-preview":"max-image-preview:large","max-video-preview":"max-video-preview:-1"},"canonical":"https:\/\/qtmm.org\/qt\/aqmescitte-pavlo-robert-magociynin-kitabi-taqdim-etildi\/","og_locale":"en_US","og_type":"article","og_title":"Aqmescitte Pavlo-Robert Mago\u00e7iyni\u00f1 kitab\u0131 taqdim etildi - \u041c\u0435\u0434\u0436\u043b\u0456\u0441","og_description":"2012 senesi may\u0131s 8 k\u00fcn\u00fc \u0130. Gasprinskiy ad\u0131na q\u0131r\u0131mtatar k\u00fct\u00fcphanesinde Toronto universiteti tarih ve siyaset\u015f\u0131nasl\u0131q fakultetini\u00f1 professor\u0131 Pavlo-Mago\u00e7iyni\u00f1 &#8220;Ukraina: topraqlar\u0131 ve halqlar\u0131n\u0131\u00f1 tarih\u0131&#8221; kitab\u0131n\u0131\u00f1 taqdimnamesi ol\u0131p ke\u00e7ti. Tedbirni al\u0131p bar\u011fan kitapn\u0131\u00f1 na\u015firi Valeriy Pad\u00e2kn\u0131\u00f1 bildirgenine k\u00f6re bu kitap ingliz tilinde bas\u0131l\u011fan &#8220;Ahistory of Ukraine: The Land and Its Peoples&#8221; kitapn\u0131\u00f1 Ukraina halqlar\u0131 i\u00e7\u00fcn mahsus tercime [&hellip;]","og_url":"https:\/\/qtmm.org\/qt\/aqmescitte-pavlo-robert-magociynin-kitabi-taqdim-etildi\/","og_site_name":"\u041c\u0435\u0434\u0436\u043b\u0456\u0441","article_publisher":"https:\/\/www.facebook.com\/qtmm.info\/","article_published_time":"2012-05-08T16:22:00+00:00","article_modified_time":"2022-01-21T16:24:47+00:00","og_image":[{"width":650,"height":450,"url":"https:\/\/qtmm.org\/wp-content\/uploads\/2022\/01\/img_0846_1.jpeg","type":"image\/jpeg"}],"author":"Developer","twitter_card":"summary_large_image","twitter_misc":{"Written by":"Developer","Est. reading time":"3 minutes"},"schema":{"@context":"https:\/\/schema.org","@graph":[{"@type":"Article","@id":"https:\/\/qtmm.org\/qt\/aqmescitte-pavlo-robert-magociynin-kitabi-taqdim-etildi\/#article","isPartOf":{"@id":"https:\/\/qtmm.org\/qt\/aqmescitte-pavlo-robert-magociynin-kitabi-taqdim-etildi\/"},"author":{"name":"Developer","@id":"https:\/\/qtmm.org\/qt\/#\/schema\/person\/de562469f971dec226ac06e60bbf74a7"},"headline":"Aqmescitte Pavlo-Robert Mago\u00e7iyni\u00f1 kitab\u0131 taqdim etildi","datePublished":"2012-05-08T16:22:00+00:00","dateModified":"2022-01-21T16:24:47+00:00","mainEntityOfPage":{"@id":"https:\/\/qtmm.org\/qt\/aqmescitte-pavlo-robert-magociynin-kitabi-taqdim-etildi\/"},"wordCount":610,"commentCount":0,"publisher":{"@id":"https:\/\/qtmm.org\/qt\/#organization"},"image":{"@id":"https:\/\/qtmm.org\/qt\/aqmescitte-pavlo-robert-magociynin-kitabi-taqdim-etildi\/#primaryimage"},"thumbnailUrl":"https:\/\/qtmm.org\/wp-content\/uploads\/2022\/01\/img_0846_1.jpeg","articleSection":["Haberler"],"inLanguage":"qt","potentialAction":[{"@type":"CommentAction","name":"Comment","target":["https:\/\/qtmm.org\/qt\/aqmescitte-pavlo-robert-magociynin-kitabi-taqdim-etildi\/#respond"]}]},{"@type":"WebPage","@id":"https:\/\/qtmm.org\/qt\/aqmescitte-pavlo-robert-magociynin-kitabi-taqdim-etildi\/","url":"https:\/\/qtmm.org\/qt\/aqmescitte-pavlo-robert-magociynin-kitabi-taqdim-etildi\/","name":"Aqmescitte Pavlo-Robert Mago\u00e7iyni\u00f1 kitab\u0131 taqdim etildi - \u041c\u0435\u0434\u0436\u043b\u0456\u0441","isPartOf":{"@id":"https:\/\/qtmm.org\/qt\/#website"},"primaryImageOfPage":{"@id":"https:\/\/qtmm.org\/qt\/aqmescitte-pavlo-robert-magociynin-kitabi-taqdim-etildi\/#primaryimage"},"image":{"@id":"https:\/\/qtmm.org\/qt\/aqmescitte-pavlo-robert-magociynin-kitabi-taqdim-etildi\/#primaryimage"},"thumbnailUrl":"https:\/\/qtmm.org\/wp-content\/uploads\/2022\/01\/img_0846_1.jpeg","datePublished":"2012-05-08T16:22:00+00:00","dateModified":"2022-01-21T16:24:47+00:00","breadcrumb":{"@id":"https:\/\/qtmm.org\/qt\/aqmescitte-pavlo-robert-magociynin-kitabi-taqdim-etildi\/#breadcrumb"},"inLanguage":"qt","potentialAction":[{"@type":"ReadAction","target":["https:\/\/qtmm.org\/qt\/aqmescitte-pavlo-robert-magociynin-kitabi-taqdim-etildi\/"]}]},{"@type":"ImageObject","inLanguage":"qt","@id":"https:\/\/qtmm.org\/qt\/aqmescitte-pavlo-robert-magociynin-kitabi-taqdim-etildi\/#primaryimage","url":"https:\/\/qtmm.org\/wp-content\/uploads\/2022\/01\/img_0846_1.jpeg","contentUrl":"https:\/\/qtmm.org\/wp-content\/uploads\/2022\/01\/img_0846_1.jpeg","width":650,"height":450},{"@type":"BreadcrumbList","@id":"https:\/\/qtmm.org\/qt\/aqmescitte-pavlo-robert-magociynin-kitabi-taqdim-etildi\/#breadcrumb","itemListElement":[{"@type":"ListItem","position":1,"name":"\u0413\u043e\u043b\u043e\u0432\u043d\u0430","item":"https:\/\/qtmm.org\/qt\/"},{"@type":"ListItem","position":2,"name":"Aqmescitte Pavlo-Robert Mago\u00e7iyni\u00f1 kitab\u0131 taqdim etildi"}]},{"@type":"WebSite","@id":"https:\/\/qtmm.org\/qt\/#website","url":"https:\/\/qtmm.org\/qt\/","name":"\u041c\u0435\u0434\u0436\u043b\u0456\u0441","description":"","publisher":{"@id":"https:\/\/qtmm.org\/qt\/#organization"},"potentialAction":[{"@type":"SearchAction","target":{"@type":"EntryPoint","urlTemplate":"https:\/\/qtmm.org\/qt\/?s={search_term_string}"},"query-input":{"@type":"PropertyValueSpecification","valueRequired":true,"valueName":"search_term_string"}}],"inLanguage":"qt"},{"@type":"Organization","@id":"https:\/\/qtmm.org\/qt\/#organization","name":"\u041c\u0435\u0434\u0436\u043b\u0456\u0441","url":"https:\/\/qtmm.org\/qt\/","logo":{"@type":"ImageObject","inLanguage":"qt","@id":"https:\/\/qtmm.org\/qt\/#\/schema\/logo\/image\/","url":"https:\/\/qtmm.org\/wp-content\/uploads\/2024\/12\/ua-mejlis-logo-rgb.svg","contentUrl":"https:\/\/qtmm.org\/wp-content\/uploads\/2024\/12\/ua-mejlis-logo-rgb.svg","caption":"\u041c\u0435\u0434\u0436\u043b\u0456\u0441"},"image":{"@id":"https:\/\/qtmm.org\/qt\/#\/schema\/logo\/image\/"},"sameAs":["https:\/\/www.facebook.com\/qtmm.info\/"]},{"@type":"Person","@id":"https:\/\/qtmm.org\/qt\/#\/schema\/person\/de562469f971dec226ac06e60bbf74a7","name":"Developer","image":{"@type":"ImageObject","inLanguage":"qt","@id":"https:\/\/secure.gravatar.com\/avatar\/392b4cc8fbfeb00b39dfeeab4ee6edded39ffd48e25858637e4765810300227e?s=96&d=mm&r=g","url":"https:\/\/secure.gravatar.com\/avatar\/392b4cc8fbfeb00b39dfeeab4ee6edded39ffd48e25858637e4765810300227e?s=96&d=mm&r=g","contentUrl":"https:\/\/secure.gravatar.com\/avatar\/392b4cc8fbfeb00b39dfeeab4ee6edded39ffd48e25858637e4765810300227e?s=96&d=mm&r=g","caption":"Developer"},"url":"https:\/\/qtmm.org\/qt\/author\/Developer\/"}]}},"_links":{"self":[{"href":"https:\/\/qtmm.org\/qt\/wp-json\/wp\/v2\/posts\/30659","targetHints":{"allow":["GET"]}}],"collection":[{"href":"https:\/\/qtmm.org\/qt\/wp-json\/wp\/v2\/posts"}],"about":[{"href":"https:\/\/qtmm.org\/qt\/wp-json\/wp\/v2\/types\/post"}],"author":[{"embeddable":true,"href":"https:\/\/qtmm.org\/qt\/wp-json\/wp\/v2\/users\/1"}],"replies":[{"embeddable":true,"href":"https:\/\/qtmm.org\/qt\/wp-json\/wp\/v2\/comments?post=30659"}],"version-history":[{"count":1,"href":"https:\/\/qtmm.org\/qt\/wp-json\/wp\/v2\/posts\/30659\/revisions"}],"predecessor-version":[{"id":30684,"href":"https:\/\/qtmm.org\/qt\/wp-json\/wp\/v2\/posts\/30659\/revisions\/30684"}],"wp:featuredmedia":[{"embeddable":true,"href":"https:\/\/qtmm.org\/qt\/wp-json\/wp\/v2\/media\/30660"}],"wp:attachment":[{"href":"https:\/\/qtmm.org\/qt\/wp-json\/wp\/v2\/media?parent=30659"}],"wp:term":[{"taxonomy":"category","embeddable":true,"href":"https:\/\/qtmm.org\/qt\/wp-json\/wp\/v2\/categories?post=30659"},{"taxonomy":"post_tag","embeddable":true,"href":"https:\/\/qtmm.org\/qt\/wp-json\/wp\/v2\/tags?post=30659"}],"curies":[{"name":"wp","href":"https:\/\/api.w.org\/{rel}","templated":true}]}}