




{"id":30605,"date":"2012-05-07T19:18:00","date_gmt":"2012-05-07T16:18:00","guid":{"rendered":"http:\/\/qtmm.org\/?p=30605"},"modified":"2022-01-21T19:22:14","modified_gmt":"2022-01-21T16:22:14","slug":"aqmescit-rayoni-mamut-sultan-vadiysinde-qirimtatarlarnin-hidirlez-bayrami-qayd-etildi","status":"publish","type":"post","link":"https:\/\/qtmm.org\/qt\/aqmescit-rayoni-mamut-sultan-vadiysinde-qirimtatarlarnin-hidirlez-bayrami-qayd-etildi\/","title":{"rendered":"Aqmescit rayon\u0131 Mamut Sultan vadiysinde q\u0131r\u0131mtatarlarn\u0131\u00f1 H\u0131d\u0131rlez bayram\u0131 qayd etildi"},"content":{"rendered":"\n<p>2012 senesi may\u0131s 6 k\u00fcn\u00fc Mamut-Sultan k\u00f6y \u015furas\u0131na baqqan Mamut Sultan (Dobroye), Tahta-cami (Andrusovo), Eski-saray (Pionerskoye), \u015eumhay (Zare\u00e7noye), Angara (Perevalnoye), Tavel (Krasnolesye) k\u00f6yleri birle\u015fip H\u0131d\u0131rlez bayram\u0131n\u0131 qayd ettiler.<\/p>\n\n\n\n<p>Bayram stadionda ke\u00e7irilip, sabadan qurul\u011fan sanada bediiy avesk\u00e2rl\u0131q kollektivleri, milliy mektep talebeleri ve balalar ba\u011f\u00e7as\u0131nda terbiyelengen o\u011flan-q\u0131z\u00e7\u0131qlar \u00f6z \u00e7\u0131q\u0131\u015flar\u0131nen adamlarn\u0131 \u011fayet ho\u015fnut ettiler. Cemaat i\u00e7\u00fcn \u015fu yaq\u0131nlarda pil\u00e2v ve \u00e7iberekler az\u0131rlan\u0131p, er kesni qoqul\u0131 qave ve tatl\u0131larnen s\u0131ylad\u0131lar. Yigitler milliy k\u00fcre\u015f yar\u0131\u015flar\u0131nda \u00f6z k\u00fc\u00e7\u00fcni s\u0131nad\u0131lar. Oyun meydanlar\u0131nda balalar eglendiler. Ya\u015f ana-babalar oyuncaq ayvanlar yan\u0131nda resim \u00e7ektiler. Ayn\u0131 vaq\u0131tta ameliy sanat ve esnaf\u00e7\u0131 ustalar\u0131 i\u015fleme, savut-saba, milliy qoqlalar ve ilvanlarn\u0131 teklif ettiler.<\/p>\n\n\n\n<figure class=\"wp-block-image size-full\"><img loading=\"lazy\" decoding=\"async\" width=\"800\" height=\"600\" src=\"http:\/\/qtmm.org\/wp-content\/uploads\/2022\/01\/img_0730.jpeg\" alt=\"\" class=\"wp-image-30610\" srcset=\"https:\/\/qtmm.org\/wp-content\/uploads\/2022\/01\/img_0730.jpeg 800w, https:\/\/qtmm.org\/wp-content\/uploads\/2022\/01\/img_0730-300x225.jpeg 300w, https:\/\/qtmm.org\/wp-content\/uploads\/2022\/01\/img_0730-768x576.jpeg 768w\" sizes=\"auto, (max-width: 800px) 100vw, 800px\" \/><\/figure>\n\n\n\n<p>Vadiyni\u00f1 qartlar\u0131 bayramn\u0131 adetlerimizge k\u00f6re duanen a\u00e7t\u0131lar. \u00c7oqbalal\u0131 ana, on d\u00f6rt torun bitas\u0131 Fatma Yaz\u0131ciyeva bay\u0131rdan QALAQAY t\u0131\u011f\u0131rtuv \u015ferefine nail old\u0131. Qalaqay ters taraf\u0131nen t\u00fc\u015fkenine baqmadan, adamlar el\u00e7\u0131rpmalarnen ya\u011fmurl\u0131 yazdan so\u00f1 bereketli k\u00fcz kelecegini yorumlad\u0131lar.<\/p>\n\n\n\n<figure class=\"wp-block-image size-full\"><img loading=\"lazy\" decoding=\"async\" width=\"800\" height=\"600\" src=\"http:\/\/qtmm.org\/wp-content\/uploads\/2022\/01\/img_0760_1.jpeg\" alt=\"\" class=\"wp-image-30614\" srcset=\"https:\/\/qtmm.org\/wp-content\/uploads\/2022\/01\/img_0760_1.jpeg 800w, https:\/\/qtmm.org\/wp-content\/uploads\/2022\/01\/img_0760_1-300x225.jpeg 300w, https:\/\/qtmm.org\/wp-content\/uploads\/2022\/01\/img_0760_1-768x576.jpeg 768w\" sizes=\"auto, (max-width: 800px) 100vw, 800px\" \/><\/figure>\n\n\n\n<figure class=\"wp-block-image size-full\"><img loading=\"lazy\" decoding=\"async\" width=\"800\" height=\"600\" src=\"http:\/\/qtmm.org\/wp-content\/uploads\/2022\/01\/img_0732.jpeg\" alt=\"\" class=\"wp-image-30618\" srcset=\"https:\/\/qtmm.org\/wp-content\/uploads\/2022\/01\/img_0732.jpeg 800w, https:\/\/qtmm.org\/wp-content\/uploads\/2022\/01\/img_0732-300x225.jpeg 300w, https:\/\/qtmm.org\/wp-content\/uploads\/2022\/01\/img_0732-768x576.jpeg 768w\" sizes=\"auto, (max-width: 800px) 100vw, 800px\" \/><\/figure>\n\n\n\n<figure class=\"wp-block-image size-full\"><img loading=\"lazy\" decoding=\"async\" width=\"800\" height=\"600\" src=\"http:\/\/qtmm.org\/wp-content\/uploads\/2022\/01\/img_0761.jpeg\" alt=\"\" class=\"wp-image-30622\" srcset=\"https:\/\/qtmm.org\/wp-content\/uploads\/2022\/01\/img_0761.jpeg 800w, https:\/\/qtmm.org\/wp-content\/uploads\/2022\/01\/img_0761-300x225.jpeg 300w, https:\/\/qtmm.org\/wp-content\/uploads\/2022\/01\/img_0761-768x576.jpeg 768w\" sizes=\"auto, (max-width: 800px) 100vw, 800px\" \/><\/figure>\n\n\n\n<figure class=\"wp-block-image size-full\"><img loading=\"lazy\" decoding=\"async\" width=\"800\" height=\"600\" src=\"http:\/\/qtmm.org\/wp-content\/uploads\/2022\/01\/img_0748.jpeg\" alt=\"\" class=\"wp-image-30626\" srcset=\"https:\/\/qtmm.org\/wp-content\/uploads\/2022\/01\/img_0748.jpeg 800w, https:\/\/qtmm.org\/wp-content\/uploads\/2022\/01\/img_0748-300x225.jpeg 300w, https:\/\/qtmm.org\/wp-content\/uploads\/2022\/01\/img_0748-768x576.jpeg 768w\" sizes=\"auto, (max-width: 800px) 100vw, 800px\" \/><\/figure>\n\n\n\n<figure class=\"wp-block-image size-full\"><img loading=\"lazy\" decoding=\"async\" width=\"800\" height=\"600\" src=\"http:\/\/qtmm.org\/wp-content\/uploads\/2022\/01\/img_0771.jpeg\" alt=\"\" class=\"wp-image-30630\" srcset=\"https:\/\/qtmm.org\/wp-content\/uploads\/2022\/01\/img_0771.jpeg 800w, https:\/\/qtmm.org\/wp-content\/uploads\/2022\/01\/img_0771-300x225.jpeg 300w, https:\/\/qtmm.org\/wp-content\/uploads\/2022\/01\/img_0771-768x576.jpeg 768w\" sizes=\"auto, (max-width: 800px) 100vw, 800px\" \/><\/figure>\n\n\n\n<p>Mamut Sultan ealisini bayram ile hay\u0131rlamaq i\u00e7\u00fcn Q\u0131r\u0131mtatar halq\u0131 Meclisini\u00f1 reisi Mustafa Cemilev, B\u00fct\u00fcnd\u00fcnya q\u0131r\u0131mtatarlar kongressini\u00f1 prezidenti Refat \u00c7ubarov, Mamut-Sultan qasaba ba\u015f\u0131 \u0130gor Budanov, Meclis maarif ve medeniyet idaresini\u00f1 ba\u015f\u0131, Q\u0131r\u0131m Yuqar\u0131 \u015euras\u0131n\u0131\u00f1 deputat\u0131 Safure Kacametova, Meclis Prezidium\u0131n\u0131\u00f1 azas\u0131 Zevcet Qurt\u00fcmerov, Meclis azas\u0131 Fevzi Qubedinov, &#8220;FOND &#8220;KRIM&#8221; hayriye te\u015fkil\u00e2t\u0131n\u0131\u00f1 reisi Riza \u015eevqiyev, q\u0131r\u0131mtatar cemaat te\u015fkil\u00e2tlar\u0131n\u0131\u00f1 azalar\u0131, Q\u0131r\u0131mda h\u0131zmet k\u00f6stergen artist Zarema han\u0131m ve on\u0131\u00f1 q\u0131z\u0131, &#8220;Golos Kra\u0457ni&#8221; ukrain \u015fous\u0131n\u0131\u00f1 i\u015ftirak\u00e7isi Sevil Memetova ve digerleri keldiler.<\/p>\n\n\n\n<figure class=\"wp-block-image size-full\"><img loading=\"lazy\" decoding=\"async\" width=\"800\" height=\"600\" src=\"http:\/\/qtmm.org\/wp-content\/uploads\/2022\/01\/img_0746.jpeg\" alt=\"\" class=\"wp-image-30634\" srcset=\"https:\/\/qtmm.org\/wp-content\/uploads\/2022\/01\/img_0746.jpeg 800w, https:\/\/qtmm.org\/wp-content\/uploads\/2022\/01\/img_0746-300x225.jpeg 300w, https:\/\/qtmm.org\/wp-content\/uploads\/2022\/01\/img_0746-768x576.jpeg 768w\" sizes=\"auto, (max-width: 800px) 100vw, 800px\" \/><\/figure>\n\n\n\n<figure class=\"wp-block-image size-full\"><img loading=\"lazy\" decoding=\"async\" width=\"800\" height=\"600\" src=\"http:\/\/qtmm.org\/wp-content\/uploads\/2022\/01\/img_0750.jpeg\" alt=\"\" class=\"wp-image-30638\" srcset=\"https:\/\/qtmm.org\/wp-content\/uploads\/2022\/01\/img_0750.jpeg 800w, https:\/\/qtmm.org\/wp-content\/uploads\/2022\/01\/img_0750-300x225.jpeg 300w, https:\/\/qtmm.org\/wp-content\/uploads\/2022\/01\/img_0750-768x576.jpeg 768w\" sizes=\"auto, (max-width: 800px) 100vw, 800px\" \/><\/figure>\n\n\n\n<figure class=\"wp-block-image size-full\"><img loading=\"lazy\" decoding=\"async\" width=\"800\" height=\"600\" src=\"http:\/\/qtmm.org\/wp-content\/uploads\/2022\/01\/img_0751.jpeg\" alt=\"\" class=\"wp-image-30642\" srcset=\"https:\/\/qtmm.org\/wp-content\/uploads\/2022\/01\/img_0751.jpeg 800w, https:\/\/qtmm.org\/wp-content\/uploads\/2022\/01\/img_0751-300x225.jpeg 300w, https:\/\/qtmm.org\/wp-content\/uploads\/2022\/01\/img_0751-768x576.jpeg 768w\" sizes=\"auto, (max-width: 800px) 100vw, 800px\" \/><\/figure>\n\n\n\n<p>\u0130sl\u00e2m dinini k\u00fctken q\u0131r\u0131mtatar halq\u0131 i\u00e7\u00fcn HIDIRLEZ bayram\u0131, \u00e7e\u015fit fikirlerge baqmadan z\u0131t bir \u015fey degil, aksine halqn\u0131\u00f1 qadimiy adetleri ve zengin medeniyetini numay\u0131\u015f ete, &#8211; dedi \u00f6z \u00e7\u0131q\u0131\u015f\u0131nda Meclis reisi Mustafa Cemilev. \u2013 \u00d6z tarihiy Vatan\u0131m\u0131z\u011fa kelip, biz \u00e7oq\u00e7er\u00e7iveli medeniyetimizni direm-direm \u011fayr\u0131dan tiklemektemiz. Biz \u00f6z adetlerimiznen \u011fururlan\u0131p, olarn\u0131 nesilden nesilge ke\u00e7irmek kerekmiz. Bu i\u015f variyetimizni saqlamaq ve zenginle\u015ftirmek imk\u00e2n\u0131n\u0131 berir&#8221;.<\/p>\n\n\n\n<figure class=\"wp-block-image size-full\"><img loading=\"lazy\" decoding=\"async\" width=\"800\" height=\"600\" src=\"http:\/\/qtmm.org\/wp-content\/uploads\/2022\/01\/img_0734.jpeg\" alt=\"\" class=\"wp-image-30646\" srcset=\"https:\/\/qtmm.org\/wp-content\/uploads\/2022\/01\/img_0734.jpeg 800w, https:\/\/qtmm.org\/wp-content\/uploads\/2022\/01\/img_0734-300x225.jpeg 300w, https:\/\/qtmm.org\/wp-content\/uploads\/2022\/01\/img_0734-768x576.jpeg 768w\" sizes=\"auto, (max-width: 800px) 100vw, 800px\" \/><\/figure>\n\n\n\n<p>Meclis reisi eki aftadan so\u00f1ra Aqmescitte B\u00fct\u00fcnq\u0131r\u0131m matem mitingi ke\u00e7irilecegini de hat\u0131rlat\u0131p, semetde\u015flerimizni olduq\u00e7a birlikli ve faal olma\u011fa, 1944 senesi s\u00fcrg\u00fcnlikte qurban ol\u011fanlarn\u0131\u00f1 hat\u0131ras\u0131n\u0131 a\u00f1ma\u011fa \u00e7a\u011f\u0131rd\u0131.<\/p>\n\n\n\n<figure class=\"wp-block-image size-full\"><img loading=\"lazy\" decoding=\"async\" width=\"800\" height=\"600\" src=\"http:\/\/qtmm.org\/wp-content\/uploads\/2022\/01\/img_0737.jpeg\" alt=\"\" class=\"wp-image-30650\" srcset=\"https:\/\/qtmm.org\/wp-content\/uploads\/2022\/01\/img_0737.jpeg 800w, https:\/\/qtmm.org\/wp-content\/uploads\/2022\/01\/img_0737-300x225.jpeg 300w, https:\/\/qtmm.org\/wp-content\/uploads\/2022\/01\/img_0737-768x576.jpeg 768w\" sizes=\"auto, (max-width: 800px) 100vw, 800px\" \/><\/figure>\n\n\n\n<p>Mamut-Sultan vadiysi cemaat\u0131n\u0131 bun\u0131\u00f1 kibi de \u0130gor Budanov, Refat \u00c7ubarov, Safure Kacametova, ve Zevcet Qurt\u00fcmerov hay\u0131rlad\u0131lar ve Q\u0131r\u0131mn\u0131\u00f1 b\u00fct\u00fcn sakinlerine bereket ve biri-birine say\u011f\u0131-\u00fcrmetnen yana\u015fmalar\u0131n\u0131 tilediler. Bayramn\u0131\u00f1 kontsert ve sport programalar\u0131n\u0131\u00f1 i\u015ftirak\u00e7ileri hat\u0131ra bah\u015f\u0131\u015flar\u0131nen taqdirlendiler.<\/p>\n\n\n\n<figure class=\"wp-block-image size-full\"><img loading=\"lazy\" decoding=\"async\" width=\"800\" height=\"600\" src=\"http:\/\/qtmm.org\/wp-content\/uploads\/2022\/01\/img_0781.jpeg\" alt=\"\" class=\"wp-image-30654\" srcset=\"https:\/\/qtmm.org\/wp-content\/uploads\/2022\/01\/img_0781.jpeg 800w, https:\/\/qtmm.org\/wp-content\/uploads\/2022\/01\/img_0781-300x225.jpeg 300w, https:\/\/qtmm.org\/wp-content\/uploads\/2022\/01\/img_0781-768x576.jpeg 768w\" sizes=\"auto, (max-width: 800px) 100vw, 800px\" \/><\/figure>\n\n\n\n<p><em>Mal\u00fcmat i\u00e7\u00fcn<\/em>: Mamut-Sultan vadiysinde HIDIRLEZ bayram\u0131 Mamut-Sultan k\u00f6y \u015furas\u0131n\u0131\u00f1 yerli i\u015f adamlar\u0131nen birlikte sotsial-iqtisadiy inki\u015faf\u0131 programmas\u0131 \u00e7er\u00e7ivesinde te\u015fkil etildi.<\/p>\n","protected":false},"excerpt":{"rendered":"<p>2012 senesi may\u0131s 6 k\u00fcn\u00fc Mamut-Sultan k\u00f6y \u015furas\u0131na baqqan Mamut Sultan (Dobroye), Tahta-cami (Andrusovo), Eski-saray (Pionerskoye), \u015eumhay (Zare\u00e7noye), Angara (Perevalnoye), Tavel (Krasnolesye) k\u00f6yleri birle\u015fip H\u0131d\u0131rlez bayram\u0131n\u0131 qayd ettiler. Bayram stadionda ke\u00e7irilip, sabadan qurul\u011fan sanada bediiy avesk\u00e2rl\u0131q kollektivleri, milliy mektep talebeleri ve balalar ba\u011f\u00e7as\u0131nda terbiyelengen o\u011flan-q\u0131z\u00e7\u0131qlar \u00f6z \u00e7\u0131q\u0131\u015flar\u0131nen adamlarn\u0131 \u011fayet ho\u015fnut ettiler. Cemaat i\u00e7\u00fcn \u015fu yaq\u0131nlarda [&hellip;]<\/p>\n","protected":false},"author":1,"featured_media":30606,"comment_status":"open","ping_status":"open","sticky":false,"template":"","format":"standard","meta":{"inline_featured_image":false,"footnotes":""},"categories":[265],"tags":[],"class_list":["post-30605","post","type-post","status-publish","format-standard","has-post-thumbnail","hentry","category-haberler"],"acf":[],"yoast_head":"<!-- This site is optimized with the Yoast SEO plugin v27.4 - https:\/\/yoast.com\/product\/yoast-seo-wordpress\/ -->\n<title>Aqmescit rayon\u0131 Mamut Sultan vadiysinde q\u0131r\u0131mtatarlarn\u0131\u00f1 H\u0131d\u0131rlez bayram\u0131 qayd etildi - \u041c\u0435\u0434\u0436\u043b\u0456\u0441<\/title>\n<meta name=\"robots\" content=\"index, follow, max-snippet:-1, max-image-preview:large, max-video-preview:-1\" \/>\n<link rel=\"canonical\" href=\"https:\/\/qtmm.org\/qt\/aqmescit-rayoni-mamut-sultan-vadiysinde-qirimtatarlarnin-hidirlez-bayrami-qayd-etildi\/\" \/>\n<meta property=\"og:locale\" content=\"en_US\" \/>\n<meta property=\"og:type\" content=\"article\" \/>\n<meta property=\"og:title\" content=\"Aqmescit rayon\u0131 Mamut Sultan vadiysinde q\u0131r\u0131mtatarlarn\u0131\u00f1 H\u0131d\u0131rlez bayram\u0131 qayd etildi - \u041c\u0435\u0434\u0436\u043b\u0456\u0441\" \/>\n<meta property=\"og:description\" content=\"2012 senesi may\u0131s 6 k\u00fcn\u00fc Mamut-Sultan k\u00f6y \u015furas\u0131na baqqan Mamut Sultan (Dobroye), Tahta-cami (Andrusovo), Eski-saray (Pionerskoye), \u015eumhay (Zare\u00e7noye), Angara (Perevalnoye), Tavel (Krasnolesye) k\u00f6yleri birle\u015fip H\u0131d\u0131rlez bayram\u0131n\u0131 qayd ettiler. Bayram stadionda ke\u00e7irilip, sabadan qurul\u011fan sanada bediiy avesk\u00e2rl\u0131q kollektivleri, milliy mektep talebeleri ve balalar ba\u011f\u00e7as\u0131nda terbiyelengen o\u011flan-q\u0131z\u00e7\u0131qlar \u00f6z \u00e7\u0131q\u0131\u015flar\u0131nen adamlarn\u0131 \u011fayet ho\u015fnut ettiler. Cemaat i\u00e7\u00fcn \u015fu yaq\u0131nlarda [&hellip;]\" \/>\n<meta property=\"og:url\" content=\"https:\/\/qtmm.org\/qt\/aqmescit-rayoni-mamut-sultan-vadiysinde-qirimtatarlarnin-hidirlez-bayrami-qayd-etildi\/\" \/>\n<meta property=\"og:site_name\" content=\"\u041c\u0435\u0434\u0436\u043b\u0456\u0441\" \/>\n<meta property=\"article:publisher\" content=\"https:\/\/www.facebook.com\/qtmm.info\/\" \/>\n<meta property=\"article:published_time\" content=\"2012-05-07T16:18:00+00:00\" \/>\n<meta property=\"article:modified_time\" content=\"2022-01-21T16:22:14+00:00\" \/>\n<meta property=\"og:image\" content=\"https:\/\/qtmm.org\/wp-content\/uploads\/2022\/01\/img_0729.jpeg\" \/>\n\t<meta property=\"og:image:width\" content=\"800\" \/>\n\t<meta property=\"og:image:height\" content=\"600\" \/>\n\t<meta property=\"og:image:type\" content=\"image\/jpeg\" \/>\n<meta name=\"author\" content=\"Developer\" \/>\n<meta name=\"twitter:card\" content=\"summary_large_image\" \/>\n<meta name=\"twitter:label1\" content=\"Written by\" \/>\n\t<meta name=\"twitter:data1\" content=\"Developer\" \/>\n\t<meta name=\"twitter:label2\" content=\"Est. reading time\" \/>\n\t<meta name=\"twitter:data2\" content=\"2 minutes\" \/>\n<script type=\"application\/ld+json\" class=\"yoast-schema-graph\">{\"@context\":\"https:\\\/\\\/schema.org\",\"@graph\":[{\"@type\":\"Article\",\"@id\":\"https:\\\/\\\/qtmm.org\\\/qt\\\/aqmescit-rayoni-mamut-sultan-vadiysinde-qirimtatarlarnin-hidirlez-bayrami-qayd-etildi\\\/#article\",\"isPartOf\":{\"@id\":\"https:\\\/\\\/qtmm.org\\\/qt\\\/aqmescit-rayoni-mamut-sultan-vadiysinde-qirimtatarlarnin-hidirlez-bayrami-qayd-etildi\\\/\"},\"author\":{\"name\":\"Developer\",\"@id\":\"https:\\\/\\\/qtmm.org\\\/qt\\\/#\\\/schema\\\/person\\\/de562469f971dec226ac06e60bbf74a7\"},\"headline\":\"Aqmescit rayon\u0131 Mamut Sultan vadiysinde q\u0131r\u0131mtatarlarn\u0131\u00f1 H\u0131d\u0131rlez bayram\u0131 qayd etildi\",\"datePublished\":\"2012-05-07T16:18:00+00:00\",\"dateModified\":\"2022-01-21T16:22:14+00:00\",\"mainEntityOfPage\":{\"@id\":\"https:\\\/\\\/qtmm.org\\\/qt\\\/aqmescit-rayoni-mamut-sultan-vadiysinde-qirimtatarlarnin-hidirlez-bayrami-qayd-etildi\\\/\"},\"wordCount\":508,\"commentCount\":0,\"publisher\":{\"@id\":\"https:\\\/\\\/qtmm.org\\\/qt\\\/#organization\"},\"image\":{\"@id\":\"https:\\\/\\\/qtmm.org\\\/qt\\\/aqmescit-rayoni-mamut-sultan-vadiysinde-qirimtatarlarnin-hidirlez-bayrami-qayd-etildi\\\/#primaryimage\"},\"thumbnailUrl\":\"https:\\\/\\\/qtmm.org\\\/wp-content\\\/uploads\\\/2022\\\/01\\\/img_0729.jpeg\",\"articleSection\":[\"Haberler\"],\"inLanguage\":\"qt\",\"potentialAction\":[{\"@type\":\"CommentAction\",\"name\":\"Comment\",\"target\":[\"https:\\\/\\\/qtmm.org\\\/qt\\\/aqmescit-rayoni-mamut-sultan-vadiysinde-qirimtatarlarnin-hidirlez-bayrami-qayd-etildi\\\/#respond\"]}]},{\"@type\":\"WebPage\",\"@id\":\"https:\\\/\\\/qtmm.org\\\/qt\\\/aqmescit-rayoni-mamut-sultan-vadiysinde-qirimtatarlarnin-hidirlez-bayrami-qayd-etildi\\\/\",\"url\":\"https:\\\/\\\/qtmm.org\\\/qt\\\/aqmescit-rayoni-mamut-sultan-vadiysinde-qirimtatarlarnin-hidirlez-bayrami-qayd-etildi\\\/\",\"name\":\"Aqmescit rayon\u0131 Mamut Sultan vadiysinde q\u0131r\u0131mtatarlarn\u0131\u00f1 H\u0131d\u0131rlez bayram\u0131 qayd etildi - \u041c\u0435\u0434\u0436\u043b\u0456\u0441\",\"isPartOf\":{\"@id\":\"https:\\\/\\\/qtmm.org\\\/qt\\\/#website\"},\"primaryImageOfPage\":{\"@id\":\"https:\\\/\\\/qtmm.org\\\/qt\\\/aqmescit-rayoni-mamut-sultan-vadiysinde-qirimtatarlarnin-hidirlez-bayrami-qayd-etildi\\\/#primaryimage\"},\"image\":{\"@id\":\"https:\\\/\\\/qtmm.org\\\/qt\\\/aqmescit-rayoni-mamut-sultan-vadiysinde-qirimtatarlarnin-hidirlez-bayrami-qayd-etildi\\\/#primaryimage\"},\"thumbnailUrl\":\"https:\\\/\\\/qtmm.org\\\/wp-content\\\/uploads\\\/2022\\\/01\\\/img_0729.jpeg\",\"datePublished\":\"2012-05-07T16:18:00+00:00\",\"dateModified\":\"2022-01-21T16:22:14+00:00\",\"breadcrumb\":{\"@id\":\"https:\\\/\\\/qtmm.org\\\/qt\\\/aqmescit-rayoni-mamut-sultan-vadiysinde-qirimtatarlarnin-hidirlez-bayrami-qayd-etildi\\\/#breadcrumb\"},\"inLanguage\":\"qt\",\"potentialAction\":[{\"@type\":\"ReadAction\",\"target\":[\"https:\\\/\\\/qtmm.org\\\/qt\\\/aqmescit-rayoni-mamut-sultan-vadiysinde-qirimtatarlarnin-hidirlez-bayrami-qayd-etildi\\\/\"]}]},{\"@type\":\"ImageObject\",\"inLanguage\":\"qt\",\"@id\":\"https:\\\/\\\/qtmm.org\\\/qt\\\/aqmescit-rayoni-mamut-sultan-vadiysinde-qirimtatarlarnin-hidirlez-bayrami-qayd-etildi\\\/#primaryimage\",\"url\":\"https:\\\/\\\/qtmm.org\\\/wp-content\\\/uploads\\\/2022\\\/01\\\/img_0729.jpeg\",\"contentUrl\":\"https:\\\/\\\/qtmm.org\\\/wp-content\\\/uploads\\\/2022\\\/01\\\/img_0729.jpeg\",\"width\":800,\"height\":600},{\"@type\":\"BreadcrumbList\",\"@id\":\"https:\\\/\\\/qtmm.org\\\/qt\\\/aqmescit-rayoni-mamut-sultan-vadiysinde-qirimtatarlarnin-hidirlez-bayrami-qayd-etildi\\\/#breadcrumb\",\"itemListElement\":[{\"@type\":\"ListItem\",\"position\":1,\"name\":\"\u0413\u043e\u043b\u043e\u0432\u043d\u0430\",\"item\":\"https:\\\/\\\/qtmm.org\\\/qt\\\/\"},{\"@type\":\"ListItem\",\"position\":2,\"name\":\"Aqmescit rayon\u0131 Mamut Sultan vadiysinde q\u0131r\u0131mtatarlarn\u0131\u00f1 H\u0131d\u0131rlez bayram\u0131 qayd etildi\"}]},{\"@type\":\"WebSite\",\"@id\":\"https:\\\/\\\/qtmm.org\\\/qt\\\/#website\",\"url\":\"https:\\\/\\\/qtmm.org\\\/qt\\\/\",\"name\":\"\u041c\u0435\u0434\u0436\u043b\u0456\u0441\",\"description\":\"\",\"publisher\":{\"@id\":\"https:\\\/\\\/qtmm.org\\\/qt\\\/#organization\"},\"potentialAction\":[{\"@type\":\"SearchAction\",\"target\":{\"@type\":\"EntryPoint\",\"urlTemplate\":\"https:\\\/\\\/qtmm.org\\\/qt\\\/?s={search_term_string}\"},\"query-input\":{\"@type\":\"PropertyValueSpecification\",\"valueRequired\":true,\"valueName\":\"search_term_string\"}}],\"inLanguage\":\"qt\"},{\"@type\":\"Organization\",\"@id\":\"https:\\\/\\\/qtmm.org\\\/qt\\\/#organization\",\"name\":\"\u041c\u0435\u0434\u0436\u043b\u0456\u0441\",\"url\":\"https:\\\/\\\/qtmm.org\\\/qt\\\/\",\"logo\":{\"@type\":\"ImageObject\",\"inLanguage\":\"qt\",\"@id\":\"https:\\\/\\\/qtmm.org\\\/qt\\\/#\\\/schema\\\/logo\\\/image\\\/\",\"url\":\"https:\\\/\\\/qtmm.org\\\/wp-content\\\/uploads\\\/2024\\\/12\\\/ua-mejlis-logo-rgb.svg\",\"contentUrl\":\"https:\\\/\\\/qtmm.org\\\/wp-content\\\/uploads\\\/2024\\\/12\\\/ua-mejlis-logo-rgb.svg\",\"caption\":\"\u041c\u0435\u0434\u0436\u043b\u0456\u0441\"},\"image\":{\"@id\":\"https:\\\/\\\/qtmm.org\\\/qt\\\/#\\\/schema\\\/logo\\\/image\\\/\"},\"sameAs\":[\"https:\\\/\\\/www.facebook.com\\\/qtmm.info\\\/\"]},{\"@type\":\"Person\",\"@id\":\"https:\\\/\\\/qtmm.org\\\/qt\\\/#\\\/schema\\\/person\\\/de562469f971dec226ac06e60bbf74a7\",\"name\":\"Developer\",\"image\":{\"@type\":\"ImageObject\",\"inLanguage\":\"qt\",\"@id\":\"https:\\\/\\\/secure.gravatar.com\\\/avatar\\\/392b4cc8fbfeb00b39dfeeab4ee6edded39ffd48e25858637e4765810300227e?s=96&d=mm&r=g\",\"url\":\"https:\\\/\\\/secure.gravatar.com\\\/avatar\\\/392b4cc8fbfeb00b39dfeeab4ee6edded39ffd48e25858637e4765810300227e?s=96&d=mm&r=g\",\"contentUrl\":\"https:\\\/\\\/secure.gravatar.com\\\/avatar\\\/392b4cc8fbfeb00b39dfeeab4ee6edded39ffd48e25858637e4765810300227e?s=96&d=mm&r=g\",\"caption\":\"Developer\"},\"url\":\"https:\\\/\\\/qtmm.org\\\/qt\\\/author\\\/Developer\\\/\"}]}<\/script>\n<!-- \/ Yoast SEO plugin. -->","yoast_head_json":{"title":"Aqmescit rayon\u0131 Mamut Sultan vadiysinde q\u0131r\u0131mtatarlarn\u0131\u00f1 H\u0131d\u0131rlez bayram\u0131 qayd etildi - \u041c\u0435\u0434\u0436\u043b\u0456\u0441","robots":{"index":"index","follow":"follow","max-snippet":"max-snippet:-1","max-image-preview":"max-image-preview:large","max-video-preview":"max-video-preview:-1"},"canonical":"https:\/\/qtmm.org\/qt\/aqmescit-rayoni-mamut-sultan-vadiysinde-qirimtatarlarnin-hidirlez-bayrami-qayd-etildi\/","og_locale":"en_US","og_type":"article","og_title":"Aqmescit rayon\u0131 Mamut Sultan vadiysinde q\u0131r\u0131mtatarlarn\u0131\u00f1 H\u0131d\u0131rlez bayram\u0131 qayd etildi - \u041c\u0435\u0434\u0436\u043b\u0456\u0441","og_description":"2012 senesi may\u0131s 6 k\u00fcn\u00fc Mamut-Sultan k\u00f6y \u015furas\u0131na baqqan Mamut Sultan (Dobroye), Tahta-cami (Andrusovo), Eski-saray (Pionerskoye), \u015eumhay (Zare\u00e7noye), Angara (Perevalnoye), Tavel (Krasnolesye) k\u00f6yleri birle\u015fip H\u0131d\u0131rlez bayram\u0131n\u0131 qayd ettiler. Bayram stadionda ke\u00e7irilip, sabadan qurul\u011fan sanada bediiy avesk\u00e2rl\u0131q kollektivleri, milliy mektep talebeleri ve balalar ba\u011f\u00e7as\u0131nda terbiyelengen o\u011flan-q\u0131z\u00e7\u0131qlar \u00f6z \u00e7\u0131q\u0131\u015flar\u0131nen adamlarn\u0131 \u011fayet ho\u015fnut ettiler. Cemaat i\u00e7\u00fcn \u015fu yaq\u0131nlarda [&hellip;]","og_url":"https:\/\/qtmm.org\/qt\/aqmescit-rayoni-mamut-sultan-vadiysinde-qirimtatarlarnin-hidirlez-bayrami-qayd-etildi\/","og_site_name":"\u041c\u0435\u0434\u0436\u043b\u0456\u0441","article_publisher":"https:\/\/www.facebook.com\/qtmm.info\/","article_published_time":"2012-05-07T16:18:00+00:00","article_modified_time":"2022-01-21T16:22:14+00:00","og_image":[{"width":800,"height":600,"url":"https:\/\/qtmm.org\/wp-content\/uploads\/2022\/01\/img_0729.jpeg","type":"image\/jpeg"}],"author":"Developer","twitter_card":"summary_large_image","twitter_misc":{"Written by":"Developer","Est. reading time":"2 minutes"},"schema":{"@context":"https:\/\/schema.org","@graph":[{"@type":"Article","@id":"https:\/\/qtmm.org\/qt\/aqmescit-rayoni-mamut-sultan-vadiysinde-qirimtatarlarnin-hidirlez-bayrami-qayd-etildi\/#article","isPartOf":{"@id":"https:\/\/qtmm.org\/qt\/aqmescit-rayoni-mamut-sultan-vadiysinde-qirimtatarlarnin-hidirlez-bayrami-qayd-etildi\/"},"author":{"name":"Developer","@id":"https:\/\/qtmm.org\/qt\/#\/schema\/person\/de562469f971dec226ac06e60bbf74a7"},"headline":"Aqmescit rayon\u0131 Mamut Sultan vadiysinde q\u0131r\u0131mtatarlarn\u0131\u00f1 H\u0131d\u0131rlez bayram\u0131 qayd etildi","datePublished":"2012-05-07T16:18:00+00:00","dateModified":"2022-01-21T16:22:14+00:00","mainEntityOfPage":{"@id":"https:\/\/qtmm.org\/qt\/aqmescit-rayoni-mamut-sultan-vadiysinde-qirimtatarlarnin-hidirlez-bayrami-qayd-etildi\/"},"wordCount":508,"commentCount":0,"publisher":{"@id":"https:\/\/qtmm.org\/qt\/#organization"},"image":{"@id":"https:\/\/qtmm.org\/qt\/aqmescit-rayoni-mamut-sultan-vadiysinde-qirimtatarlarnin-hidirlez-bayrami-qayd-etildi\/#primaryimage"},"thumbnailUrl":"https:\/\/qtmm.org\/wp-content\/uploads\/2022\/01\/img_0729.jpeg","articleSection":["Haberler"],"inLanguage":"qt","potentialAction":[{"@type":"CommentAction","name":"Comment","target":["https:\/\/qtmm.org\/qt\/aqmescit-rayoni-mamut-sultan-vadiysinde-qirimtatarlarnin-hidirlez-bayrami-qayd-etildi\/#respond"]}]},{"@type":"WebPage","@id":"https:\/\/qtmm.org\/qt\/aqmescit-rayoni-mamut-sultan-vadiysinde-qirimtatarlarnin-hidirlez-bayrami-qayd-etildi\/","url":"https:\/\/qtmm.org\/qt\/aqmescit-rayoni-mamut-sultan-vadiysinde-qirimtatarlarnin-hidirlez-bayrami-qayd-etildi\/","name":"Aqmescit rayon\u0131 Mamut Sultan vadiysinde q\u0131r\u0131mtatarlarn\u0131\u00f1 H\u0131d\u0131rlez bayram\u0131 qayd etildi - \u041c\u0435\u0434\u0436\u043b\u0456\u0441","isPartOf":{"@id":"https:\/\/qtmm.org\/qt\/#website"},"primaryImageOfPage":{"@id":"https:\/\/qtmm.org\/qt\/aqmescit-rayoni-mamut-sultan-vadiysinde-qirimtatarlarnin-hidirlez-bayrami-qayd-etildi\/#primaryimage"},"image":{"@id":"https:\/\/qtmm.org\/qt\/aqmescit-rayoni-mamut-sultan-vadiysinde-qirimtatarlarnin-hidirlez-bayrami-qayd-etildi\/#primaryimage"},"thumbnailUrl":"https:\/\/qtmm.org\/wp-content\/uploads\/2022\/01\/img_0729.jpeg","datePublished":"2012-05-07T16:18:00+00:00","dateModified":"2022-01-21T16:22:14+00:00","breadcrumb":{"@id":"https:\/\/qtmm.org\/qt\/aqmescit-rayoni-mamut-sultan-vadiysinde-qirimtatarlarnin-hidirlez-bayrami-qayd-etildi\/#breadcrumb"},"inLanguage":"qt","potentialAction":[{"@type":"ReadAction","target":["https:\/\/qtmm.org\/qt\/aqmescit-rayoni-mamut-sultan-vadiysinde-qirimtatarlarnin-hidirlez-bayrami-qayd-etildi\/"]}]},{"@type":"ImageObject","inLanguage":"qt","@id":"https:\/\/qtmm.org\/qt\/aqmescit-rayoni-mamut-sultan-vadiysinde-qirimtatarlarnin-hidirlez-bayrami-qayd-etildi\/#primaryimage","url":"https:\/\/qtmm.org\/wp-content\/uploads\/2022\/01\/img_0729.jpeg","contentUrl":"https:\/\/qtmm.org\/wp-content\/uploads\/2022\/01\/img_0729.jpeg","width":800,"height":600},{"@type":"BreadcrumbList","@id":"https:\/\/qtmm.org\/qt\/aqmescit-rayoni-mamut-sultan-vadiysinde-qirimtatarlarnin-hidirlez-bayrami-qayd-etildi\/#breadcrumb","itemListElement":[{"@type":"ListItem","position":1,"name":"\u0413\u043e\u043b\u043e\u0432\u043d\u0430","item":"https:\/\/qtmm.org\/qt\/"},{"@type":"ListItem","position":2,"name":"Aqmescit rayon\u0131 Mamut Sultan vadiysinde q\u0131r\u0131mtatarlarn\u0131\u00f1 H\u0131d\u0131rlez bayram\u0131 qayd etildi"}]},{"@type":"WebSite","@id":"https:\/\/qtmm.org\/qt\/#website","url":"https:\/\/qtmm.org\/qt\/","name":"\u041c\u0435\u0434\u0436\u043b\u0456\u0441","description":"","publisher":{"@id":"https:\/\/qtmm.org\/qt\/#organization"},"potentialAction":[{"@type":"SearchAction","target":{"@type":"EntryPoint","urlTemplate":"https:\/\/qtmm.org\/qt\/?s={search_term_string}"},"query-input":{"@type":"PropertyValueSpecification","valueRequired":true,"valueName":"search_term_string"}}],"inLanguage":"qt"},{"@type":"Organization","@id":"https:\/\/qtmm.org\/qt\/#organization","name":"\u041c\u0435\u0434\u0436\u043b\u0456\u0441","url":"https:\/\/qtmm.org\/qt\/","logo":{"@type":"ImageObject","inLanguage":"qt","@id":"https:\/\/qtmm.org\/qt\/#\/schema\/logo\/image\/","url":"https:\/\/qtmm.org\/wp-content\/uploads\/2024\/12\/ua-mejlis-logo-rgb.svg","contentUrl":"https:\/\/qtmm.org\/wp-content\/uploads\/2024\/12\/ua-mejlis-logo-rgb.svg","caption":"\u041c\u0435\u0434\u0436\u043b\u0456\u0441"},"image":{"@id":"https:\/\/qtmm.org\/qt\/#\/schema\/logo\/image\/"},"sameAs":["https:\/\/www.facebook.com\/qtmm.info\/"]},{"@type":"Person","@id":"https:\/\/qtmm.org\/qt\/#\/schema\/person\/de562469f971dec226ac06e60bbf74a7","name":"Developer","image":{"@type":"ImageObject","inLanguage":"qt","@id":"https:\/\/secure.gravatar.com\/avatar\/392b4cc8fbfeb00b39dfeeab4ee6edded39ffd48e25858637e4765810300227e?s=96&d=mm&r=g","url":"https:\/\/secure.gravatar.com\/avatar\/392b4cc8fbfeb00b39dfeeab4ee6edded39ffd48e25858637e4765810300227e?s=96&d=mm&r=g","contentUrl":"https:\/\/secure.gravatar.com\/avatar\/392b4cc8fbfeb00b39dfeeab4ee6edded39ffd48e25858637e4765810300227e?s=96&d=mm&r=g","caption":"Developer"},"url":"https:\/\/qtmm.org\/qt\/author\/Developer\/"}]}},"_links":{"self":[{"href":"https:\/\/qtmm.org\/qt\/wp-json\/wp\/v2\/posts\/30605","targetHints":{"allow":["GET"]}}],"collection":[{"href":"https:\/\/qtmm.org\/qt\/wp-json\/wp\/v2\/posts"}],"about":[{"href":"https:\/\/qtmm.org\/qt\/wp-json\/wp\/v2\/types\/post"}],"author":[{"embeddable":true,"href":"https:\/\/qtmm.org\/qt\/wp-json\/wp\/v2\/users\/1"}],"replies":[{"embeddable":true,"href":"https:\/\/qtmm.org\/qt\/wp-json\/wp\/v2\/comments?post=30605"}],"version-history":[{"count":1,"href":"https:\/\/qtmm.org\/qt\/wp-json\/wp\/v2\/posts\/30605\/revisions"}],"predecessor-version":[{"id":30658,"href":"https:\/\/qtmm.org\/qt\/wp-json\/wp\/v2\/posts\/30605\/revisions\/30658"}],"wp:featuredmedia":[{"embeddable":true,"href":"https:\/\/qtmm.org\/qt\/wp-json\/wp\/v2\/media\/30606"}],"wp:attachment":[{"href":"https:\/\/qtmm.org\/qt\/wp-json\/wp\/v2\/media?parent=30605"}],"wp:term":[{"taxonomy":"category","embeddable":true,"href":"https:\/\/qtmm.org\/qt\/wp-json\/wp\/v2\/categories?post=30605"},{"taxonomy":"post_tag","embeddable":true,"href":"https:\/\/qtmm.org\/qt\/wp-json\/wp\/v2\/tags?post=30605"}],"curies":[{"name":"wp","href":"https:\/\/api.w.org\/{rel}","templated":true}]}}