




{"id":30591,"date":"2012-05-07T19:14:00","date_gmt":"2012-05-07T16:14:00","guid":{"rendered":"http:\/\/qtmm.org\/?p=30591"},"modified":"2022-01-21T19:16:04","modified_gmt":"2022-01-21T16:16:04","slug":"turkiyede-turk-dunyasi-maarifcilerinin-halqara-konferentsiyasi-kecti","status":"publish","type":"post","link":"https:\/\/qtmm.org\/qt\/turkiyede-turk-dunyasi-maarifcilerinin-halqara-konferentsiyasi-kecti\/","title":{"rendered":"T\u00fcrkiyede t\u00fcrk d\u00fcnyas\u0131 maarif\u00e7ilerini\u00f1 halqara konferentsiyas\u0131 ke\u00e7ti"},"content":{"rendered":"\n<p>Aprel 23-26 k\u00fcnleri \u00a0T\u00fcrkiyeni\u00f1 d\u00fclber turizm k\u00f6\u015felerinden biri, \u00a0\u00e7am \u00a0tavlar\u0131nda yerle\u015fken \u00a0 yer t\u00fcbinden \u00a0p\u0131\u015fq\u0131r\u0131p \u00e7\u0131qqan s\u0131caq termal \u00e7oqraqlar\u0131nen me\u015fur \u00a0Q\u0131z\u0131lc\u0131hamam \u00a0\u015feerinde \u00a0 Halqara \u00a0tasil hadimleri &#8220;Avraziya&#8221; federatsiyas\u0131n\u0131\u00f1 nevbetdegi konferentsiyas\u0131 ol\u0131p ke\u00e7ti.\u00a0<\/p>\n\n\n\n<p>Konferentsiyan\u0131\u00f1 i\u015finda \u00a0T\u00fcrkiye, Azerbaycan, Bul\u011faristan, Kosovo, \u00a0\u015eimaliy Q\u0131br\u0131z, Qazahistan, Q\u0131r\u0131m, \u00a0Romaniya, \u0130raq ve Makedoniya \u00fclkelerinde \u00a0faaliyet k\u00f6stergen \u00a0maarif hadimleri te\u015fkil\u00e2tlar\u0131n\u0131\u00f1 vekilleri i\u015ftirak ettiler.\u00a0Q\u0131r\u0131mn\u0131 Milliy Meclis medeniyet ve tasil idaresini\u00f1 reberi, &#8220;Maarif\u00e7i&#8221; birle\u015fmesini\u00f1 reisi Safure Kacametova \u00a0ve \u00a0&#8220;Maarif\u00e7i&#8221; birle\u015fmesini\u00f1 idare azas\u0131 Zure Pinka temsil ettiler.<\/p>\n\n\n\n<figure class=\"wp-block-image size-full\"><img loading=\"lazy\" decoding=\"async\" width=\"800\" height=\"600\" src=\"http:\/\/qtmm.org\/wp-content\/uploads\/2022\/01\/p4240010_1.jpeg\" alt=\"\" class=\"wp-image-30596\" srcset=\"https:\/\/qtmm.org\/wp-content\/uploads\/2022\/01\/p4240010_1.jpeg 800w, https:\/\/qtmm.org\/wp-content\/uploads\/2022\/01\/p4240010_1-300x225.jpeg 300w, https:\/\/qtmm.org\/wp-content\/uploads\/2022\/01\/p4240010_1-768x576.jpeg 768w\" sizes=\"auto, (max-width: 800px) 100vw, 800px\" \/><\/figure>\n\n\n\n<p>Konferentsiyada t\u00fcrk d\u00fcnyas\u0131n\u0131\u00f1 maarif birle\u015fmeleri temsilcileri a\u015f\u011f\u0131daki meseleler boyunca muzakere ettiler:\u00a0&#8211; \u00f6z ara al\u00e2qalarn\u0131\u00f1 \u015fekillenmesi yolunda konkret \u00e7al\u0131\u015fmalar;- t\u00fcrk d\u00fcnyas\u0131nda marif meselelerindeki integratsiyan\u0131\u00a0 pekitilmesi ve ortaq maqsadlar\u011fa iri\u015filmesi;- bu emekda\u015fl\u0131q \u00e7er\u00e7ivesinde maarifte milliy usullarn\u0131 belgiyev ve tecribe\u00a0 payla\u015fuv \u00a0ve il.\u00a0Konferentsiyada \u00a0 Halqara \u00a0tasil hadimleri \u00a0&#8220;Avraziya&#8221; federatsiyas\u0131n\u0131\u00f1 \u00a0reisi \u015euaip \u00d6zcan ve federatsiyan\u0131\u00f1 \u00a0tefti\u015f komissiyas\u0131 \u00a0reisi Ya\u015far Yan\u0131\u00e7aro\u011flun\u0131\u00f1 esabat maruzalar\u0131 di\u00f1lenildi.\u00a0A\u00e7\u0131q rey ber\u00fcv neticesinde bu eki \u00e7oq i\u015fkir insan \u00a0federatsiyan\u0131\u00f1 ve tefti\u015f komissiyas\u0131 \u00a0ba\u015fl\u0131qlar\u0131 olaraq \u00e7al\u0131\u015fma\u011fa vek\u00e2leti 2012-2016 y\u0131llar\u0131na \u00a0tasdiqland\u0131 ve bu m\u00fcddetke \u00a0 Halqara tasil hadimleri \u00a0&#8220;Avraziya&#8221; \u00a0federatsiyas\u0131n\u0131\u00f1 \u00a0azalar\u0131 \u00a0taraf\u0131ndan Deklaratsiya imzaland\u0131.<\/p>\n\n\n\n<figure class=\"wp-block-image size-full\"><img loading=\"lazy\" decoding=\"async\" width=\"800\" height=\"600\" src=\"http:\/\/qtmm.org\/wp-content\/uploads\/2022\/01\/p4240011_1.jpeg\" alt=\"\" class=\"wp-image-30600\" srcset=\"https:\/\/qtmm.org\/wp-content\/uploads\/2022\/01\/p4240011_1.jpeg 800w, https:\/\/qtmm.org\/wp-content\/uploads\/2022\/01\/p4240011_1-300x225.jpeg 300w, https:\/\/qtmm.org\/wp-content\/uploads\/2022\/01\/p4240011_1-768x576.jpeg 768w\" sizes=\"auto, (max-width: 800px) 100vw, 800px\" \/><\/figure>\n\n\n\n<p>Spravka: &#8220;Avraziya&#8221; tasil hadimlerini\u00f1 federatsiyas\u0131 2001 senesi iy\u00fcn 22-de &nbsp;T\u00fcrkiye, Azerbaycan, Q\u0131r\u0131m, Qazahistan, Q\u0131r\u011f\u0131z\u0131stan maarif birle\u015fmeleri taraf\u0131ndan te\u015fil\u00e2tland\u0131r\u0131l\u011fan edi &nbsp;ve &nbsp;i\u015f bu \u00fclkelerni\u00f1 maarif\u00e7ileri halqara birle\u015fmeni\u00f1 tesis\u00e7ileri olaraq ilk a\u00f1la\u015fman\u0131 imzala\u011fan ediler.&nbsp;&nbsp;2005 senesi &#8220;Avraziya&#8221; birle\u015fmesi resmiy Halqara Assotsiyatsiya olaraq tan\u0131ld\u0131, 2008 senesi ise Halqara federatsiya olaraq status ald\u0131.&nbsp;<\/p>\n","protected":false},"excerpt":{"rendered":"<p>Aprel 23-26 k\u00fcnleri \u00a0T\u00fcrkiyeni\u00f1 d\u00fclber turizm k\u00f6\u015felerinden biri, \u00a0\u00e7am \u00a0tavlar\u0131nda yerle\u015fken \u00a0 yer t\u00fcbinden \u00a0p\u0131\u015fq\u0131r\u0131p \u00e7\u0131qqan s\u0131caq termal \u00e7oqraqlar\u0131nen me\u015fur \u00a0Q\u0131z\u0131lc\u0131hamam \u00a0\u015feerinde \u00a0 Halqara \u00a0tasil hadimleri &#8220;Avraziya&#8221; federatsiyas\u0131n\u0131\u00f1 nevbetdegi konferentsiyas\u0131 ol\u0131p ke\u00e7ti.\u00a0 Konferentsiyan\u0131\u00f1 i\u015finda \u00a0T\u00fcrkiye, Azerbaycan, Bul\u011faristan, Kosovo, \u00a0\u015eimaliy Q\u0131br\u0131z, Qazahistan, Q\u0131r\u0131m, \u00a0Romaniya, \u0130raq ve Makedoniya \u00fclkelerinde \u00a0faaliyet k\u00f6stergen \u00a0maarif hadimleri te\u015fkil\u00e2tlar\u0131n\u0131\u00f1 vekilleri i\u015ftirak ettiler.\u00a0Q\u0131r\u0131mn\u0131 [&hellip;]<\/p>\n","protected":false},"author":1,"featured_media":30592,"comment_status":"open","ping_status":"open","sticky":false,"template":"","format":"standard","meta":{"inline_featured_image":false,"footnotes":""},"categories":[265],"tags":[],"class_list":["post-30591","post","type-post","status-publish","format-standard","has-post-thumbnail","hentry","category-haberler"],"acf":[],"yoast_head":"<!-- This site is optimized with the Yoast SEO plugin v27.4 - https:\/\/yoast.com\/product\/yoast-seo-wordpress\/ -->\n<title>T\u00fcrkiyede t\u00fcrk d\u00fcnyas\u0131 maarif\u00e7ilerini\u00f1 halqara konferentsiyas\u0131 ke\u00e7ti - \u041c\u0435\u0434\u0436\u043b\u0456\u0441<\/title>\n<meta name=\"robots\" content=\"index, follow, max-snippet:-1, max-image-preview:large, max-video-preview:-1\" \/>\n<link rel=\"canonical\" href=\"https:\/\/qtmm.org\/qt\/turkiyede-turk-dunyasi-maarifcilerinin-halqara-konferentsiyasi-kecti\/\" \/>\n<meta property=\"og:locale\" content=\"en_US\" \/>\n<meta property=\"og:type\" content=\"article\" \/>\n<meta property=\"og:title\" content=\"T\u00fcrkiyede t\u00fcrk d\u00fcnyas\u0131 maarif\u00e7ilerini\u00f1 halqara konferentsiyas\u0131 ke\u00e7ti - \u041c\u0435\u0434\u0436\u043b\u0456\u0441\" \/>\n<meta property=\"og:description\" content=\"Aprel 23-26 k\u00fcnleri \u00a0T\u00fcrkiyeni\u00f1 d\u00fclber turizm k\u00f6\u015felerinden biri, \u00a0\u00e7am \u00a0tavlar\u0131nda yerle\u015fken \u00a0 yer t\u00fcbinden \u00a0p\u0131\u015fq\u0131r\u0131p \u00e7\u0131qqan s\u0131caq termal \u00e7oqraqlar\u0131nen me\u015fur \u00a0Q\u0131z\u0131lc\u0131hamam \u00a0\u015feerinde \u00a0 Halqara \u00a0tasil hadimleri &#8220;Avraziya&#8221; federatsiyas\u0131n\u0131\u00f1 nevbetdegi konferentsiyas\u0131 ol\u0131p ke\u00e7ti.\u00a0 Konferentsiyan\u0131\u00f1 i\u015finda \u00a0T\u00fcrkiye, Azerbaycan, Bul\u011faristan, Kosovo, \u00a0\u015eimaliy Q\u0131br\u0131z, Qazahistan, Q\u0131r\u0131m, \u00a0Romaniya, \u0130raq ve Makedoniya \u00fclkelerinde \u00a0faaliyet k\u00f6stergen \u00a0maarif hadimleri te\u015fkil\u00e2tlar\u0131n\u0131\u00f1 vekilleri i\u015ftirak ettiler.\u00a0Q\u0131r\u0131mn\u0131 [&hellip;]\" \/>\n<meta property=\"og:url\" content=\"https:\/\/qtmm.org\/qt\/turkiyede-turk-dunyasi-maarifcilerinin-halqara-konferentsiyasi-kecti\/\" \/>\n<meta property=\"og:site_name\" content=\"\u041c\u0435\u0434\u0436\u043b\u0456\u0441\" \/>\n<meta property=\"article:publisher\" content=\"https:\/\/www.facebook.com\/qtmm.info\/\" \/>\n<meta property=\"article:published_time\" content=\"2012-05-07T16:14:00+00:00\" \/>\n<meta property=\"article:modified_time\" content=\"2022-01-21T16:16:04+00:00\" \/>\n<meta property=\"og:image\" content=\"https:\/\/qtmm.org\/wp-content\/uploads\/2022\/01\/p4240008_1.jpeg\" \/>\n\t<meta property=\"og:image:width\" content=\"800\" \/>\n\t<meta property=\"og:image:height\" content=\"600\" \/>\n\t<meta property=\"og:image:type\" content=\"image\/jpeg\" \/>\n<meta name=\"author\" content=\"Developer\" \/>\n<meta name=\"twitter:card\" content=\"summary_large_image\" \/>\n<meta name=\"twitter:label1\" content=\"Written by\" \/>\n\t<meta name=\"twitter:data1\" content=\"Developer\" \/>\n\t<meta name=\"twitter:label2\" content=\"Est. reading time\" \/>\n\t<meta name=\"twitter:data2\" content=\"2 minutes\" \/>\n<script type=\"application\/ld+json\" class=\"yoast-schema-graph\">{\"@context\":\"https:\\\/\\\/schema.org\",\"@graph\":[{\"@type\":\"Article\",\"@id\":\"https:\\\/\\\/qtmm.org\\\/qt\\\/turkiyede-turk-dunyasi-maarifcilerinin-halqara-konferentsiyasi-kecti\\\/#article\",\"isPartOf\":{\"@id\":\"https:\\\/\\\/qtmm.org\\\/qt\\\/turkiyede-turk-dunyasi-maarifcilerinin-halqara-konferentsiyasi-kecti\\\/\"},\"author\":{\"name\":\"Developer\",\"@id\":\"https:\\\/\\\/qtmm.org\\\/qt\\\/#\\\/schema\\\/person\\\/de562469f971dec226ac06e60bbf74a7\"},\"headline\":\"T\u00fcrkiyede t\u00fcrk d\u00fcnyas\u0131 maarif\u00e7ilerini\u00f1 halqara konferentsiyas\u0131 ke\u00e7ti\",\"datePublished\":\"2012-05-07T16:14:00+00:00\",\"dateModified\":\"2022-01-21T16:16:04+00:00\",\"mainEntityOfPage\":{\"@id\":\"https:\\\/\\\/qtmm.org\\\/qt\\\/turkiyede-turk-dunyasi-maarifcilerinin-halqara-konferentsiyasi-kecti\\\/\"},\"wordCount\":326,\"commentCount\":0,\"publisher\":{\"@id\":\"https:\\\/\\\/qtmm.org\\\/qt\\\/#organization\"},\"image\":{\"@id\":\"https:\\\/\\\/qtmm.org\\\/qt\\\/turkiyede-turk-dunyasi-maarifcilerinin-halqara-konferentsiyasi-kecti\\\/#primaryimage\"},\"thumbnailUrl\":\"https:\\\/\\\/qtmm.org\\\/wp-content\\\/uploads\\\/2022\\\/01\\\/p4240008_1.jpeg\",\"articleSection\":[\"Haberler\"],\"inLanguage\":\"qt\",\"potentialAction\":[{\"@type\":\"CommentAction\",\"name\":\"Comment\",\"target\":[\"https:\\\/\\\/qtmm.org\\\/qt\\\/turkiyede-turk-dunyasi-maarifcilerinin-halqara-konferentsiyasi-kecti\\\/#respond\"]}]},{\"@type\":\"WebPage\",\"@id\":\"https:\\\/\\\/qtmm.org\\\/qt\\\/turkiyede-turk-dunyasi-maarifcilerinin-halqara-konferentsiyasi-kecti\\\/\",\"url\":\"https:\\\/\\\/qtmm.org\\\/qt\\\/turkiyede-turk-dunyasi-maarifcilerinin-halqara-konferentsiyasi-kecti\\\/\",\"name\":\"T\u00fcrkiyede t\u00fcrk d\u00fcnyas\u0131 maarif\u00e7ilerini\u00f1 halqara konferentsiyas\u0131 ke\u00e7ti - \u041c\u0435\u0434\u0436\u043b\u0456\u0441\",\"isPartOf\":{\"@id\":\"https:\\\/\\\/qtmm.org\\\/qt\\\/#website\"},\"primaryImageOfPage\":{\"@id\":\"https:\\\/\\\/qtmm.org\\\/qt\\\/turkiyede-turk-dunyasi-maarifcilerinin-halqara-konferentsiyasi-kecti\\\/#primaryimage\"},\"image\":{\"@id\":\"https:\\\/\\\/qtmm.org\\\/qt\\\/turkiyede-turk-dunyasi-maarifcilerinin-halqara-konferentsiyasi-kecti\\\/#primaryimage\"},\"thumbnailUrl\":\"https:\\\/\\\/qtmm.org\\\/wp-content\\\/uploads\\\/2022\\\/01\\\/p4240008_1.jpeg\",\"datePublished\":\"2012-05-07T16:14:00+00:00\",\"dateModified\":\"2022-01-21T16:16:04+00:00\",\"breadcrumb\":{\"@id\":\"https:\\\/\\\/qtmm.org\\\/qt\\\/turkiyede-turk-dunyasi-maarifcilerinin-halqara-konferentsiyasi-kecti\\\/#breadcrumb\"},\"inLanguage\":\"qt\",\"potentialAction\":[{\"@type\":\"ReadAction\",\"target\":[\"https:\\\/\\\/qtmm.org\\\/qt\\\/turkiyede-turk-dunyasi-maarifcilerinin-halqara-konferentsiyasi-kecti\\\/\"]}]},{\"@type\":\"ImageObject\",\"inLanguage\":\"qt\",\"@id\":\"https:\\\/\\\/qtmm.org\\\/qt\\\/turkiyede-turk-dunyasi-maarifcilerinin-halqara-konferentsiyasi-kecti\\\/#primaryimage\",\"url\":\"https:\\\/\\\/qtmm.org\\\/wp-content\\\/uploads\\\/2022\\\/01\\\/p4240008_1.jpeg\",\"contentUrl\":\"https:\\\/\\\/qtmm.org\\\/wp-content\\\/uploads\\\/2022\\\/01\\\/p4240008_1.jpeg\",\"width\":800,\"height\":600},{\"@type\":\"BreadcrumbList\",\"@id\":\"https:\\\/\\\/qtmm.org\\\/qt\\\/turkiyede-turk-dunyasi-maarifcilerinin-halqara-konferentsiyasi-kecti\\\/#breadcrumb\",\"itemListElement\":[{\"@type\":\"ListItem\",\"position\":1,\"name\":\"\u0413\u043e\u043b\u043e\u0432\u043d\u0430\",\"item\":\"https:\\\/\\\/qtmm.org\\\/qt\\\/\"},{\"@type\":\"ListItem\",\"position\":2,\"name\":\"T\u00fcrkiyede t\u00fcrk d\u00fcnyas\u0131 maarif\u00e7ilerini\u00f1 halqara konferentsiyas\u0131 ke\u00e7ti\"}]},{\"@type\":\"WebSite\",\"@id\":\"https:\\\/\\\/qtmm.org\\\/qt\\\/#website\",\"url\":\"https:\\\/\\\/qtmm.org\\\/qt\\\/\",\"name\":\"\u041c\u0435\u0434\u0436\u043b\u0456\u0441\",\"description\":\"\",\"publisher\":{\"@id\":\"https:\\\/\\\/qtmm.org\\\/qt\\\/#organization\"},\"potentialAction\":[{\"@type\":\"SearchAction\",\"target\":{\"@type\":\"EntryPoint\",\"urlTemplate\":\"https:\\\/\\\/qtmm.org\\\/qt\\\/?s={search_term_string}\"},\"query-input\":{\"@type\":\"PropertyValueSpecification\",\"valueRequired\":true,\"valueName\":\"search_term_string\"}}],\"inLanguage\":\"qt\"},{\"@type\":\"Organization\",\"@id\":\"https:\\\/\\\/qtmm.org\\\/qt\\\/#organization\",\"name\":\"\u041c\u0435\u0434\u0436\u043b\u0456\u0441\",\"url\":\"https:\\\/\\\/qtmm.org\\\/qt\\\/\",\"logo\":{\"@type\":\"ImageObject\",\"inLanguage\":\"qt\",\"@id\":\"https:\\\/\\\/qtmm.org\\\/qt\\\/#\\\/schema\\\/logo\\\/image\\\/\",\"url\":\"https:\\\/\\\/qtmm.org\\\/wp-content\\\/uploads\\\/2024\\\/12\\\/ua-mejlis-logo-rgb.svg\",\"contentUrl\":\"https:\\\/\\\/qtmm.org\\\/wp-content\\\/uploads\\\/2024\\\/12\\\/ua-mejlis-logo-rgb.svg\",\"caption\":\"\u041c\u0435\u0434\u0436\u043b\u0456\u0441\"},\"image\":{\"@id\":\"https:\\\/\\\/qtmm.org\\\/qt\\\/#\\\/schema\\\/logo\\\/image\\\/\"},\"sameAs\":[\"https:\\\/\\\/www.facebook.com\\\/qtmm.info\\\/\"]},{\"@type\":\"Person\",\"@id\":\"https:\\\/\\\/qtmm.org\\\/qt\\\/#\\\/schema\\\/person\\\/de562469f971dec226ac06e60bbf74a7\",\"name\":\"Developer\",\"image\":{\"@type\":\"ImageObject\",\"inLanguage\":\"qt\",\"@id\":\"https:\\\/\\\/secure.gravatar.com\\\/avatar\\\/392b4cc8fbfeb00b39dfeeab4ee6edded39ffd48e25858637e4765810300227e?s=96&d=mm&r=g\",\"url\":\"https:\\\/\\\/secure.gravatar.com\\\/avatar\\\/392b4cc8fbfeb00b39dfeeab4ee6edded39ffd48e25858637e4765810300227e?s=96&d=mm&r=g\",\"contentUrl\":\"https:\\\/\\\/secure.gravatar.com\\\/avatar\\\/392b4cc8fbfeb00b39dfeeab4ee6edded39ffd48e25858637e4765810300227e?s=96&d=mm&r=g\",\"caption\":\"Developer\"},\"url\":\"https:\\\/\\\/qtmm.org\\\/qt\\\/author\\\/Developer\\\/\"}]}<\/script>\n<!-- \/ Yoast SEO plugin. -->","yoast_head_json":{"title":"T\u00fcrkiyede t\u00fcrk d\u00fcnyas\u0131 maarif\u00e7ilerini\u00f1 halqara konferentsiyas\u0131 ke\u00e7ti - \u041c\u0435\u0434\u0436\u043b\u0456\u0441","robots":{"index":"index","follow":"follow","max-snippet":"max-snippet:-1","max-image-preview":"max-image-preview:large","max-video-preview":"max-video-preview:-1"},"canonical":"https:\/\/qtmm.org\/qt\/turkiyede-turk-dunyasi-maarifcilerinin-halqara-konferentsiyasi-kecti\/","og_locale":"en_US","og_type":"article","og_title":"T\u00fcrkiyede t\u00fcrk d\u00fcnyas\u0131 maarif\u00e7ilerini\u00f1 halqara konferentsiyas\u0131 ke\u00e7ti - \u041c\u0435\u0434\u0436\u043b\u0456\u0441","og_description":"Aprel 23-26 k\u00fcnleri \u00a0T\u00fcrkiyeni\u00f1 d\u00fclber turizm k\u00f6\u015felerinden biri, \u00a0\u00e7am \u00a0tavlar\u0131nda yerle\u015fken \u00a0 yer t\u00fcbinden \u00a0p\u0131\u015fq\u0131r\u0131p \u00e7\u0131qqan s\u0131caq termal \u00e7oqraqlar\u0131nen me\u015fur \u00a0Q\u0131z\u0131lc\u0131hamam \u00a0\u015feerinde \u00a0 Halqara \u00a0tasil hadimleri &#8220;Avraziya&#8221; federatsiyas\u0131n\u0131\u00f1 nevbetdegi konferentsiyas\u0131 ol\u0131p ke\u00e7ti.\u00a0 Konferentsiyan\u0131\u00f1 i\u015finda \u00a0T\u00fcrkiye, Azerbaycan, Bul\u011faristan, Kosovo, \u00a0\u015eimaliy Q\u0131br\u0131z, Qazahistan, Q\u0131r\u0131m, \u00a0Romaniya, \u0130raq ve Makedoniya \u00fclkelerinde \u00a0faaliyet k\u00f6stergen \u00a0maarif hadimleri te\u015fkil\u00e2tlar\u0131n\u0131\u00f1 vekilleri i\u015ftirak ettiler.\u00a0Q\u0131r\u0131mn\u0131 [&hellip;]","og_url":"https:\/\/qtmm.org\/qt\/turkiyede-turk-dunyasi-maarifcilerinin-halqara-konferentsiyasi-kecti\/","og_site_name":"\u041c\u0435\u0434\u0436\u043b\u0456\u0441","article_publisher":"https:\/\/www.facebook.com\/qtmm.info\/","article_published_time":"2012-05-07T16:14:00+00:00","article_modified_time":"2022-01-21T16:16:04+00:00","og_image":[{"width":800,"height":600,"url":"https:\/\/qtmm.org\/wp-content\/uploads\/2022\/01\/p4240008_1.jpeg","type":"image\/jpeg"}],"author":"Developer","twitter_card":"summary_large_image","twitter_misc":{"Written by":"Developer","Est. reading time":"2 minutes"},"schema":{"@context":"https:\/\/schema.org","@graph":[{"@type":"Article","@id":"https:\/\/qtmm.org\/qt\/turkiyede-turk-dunyasi-maarifcilerinin-halqara-konferentsiyasi-kecti\/#article","isPartOf":{"@id":"https:\/\/qtmm.org\/qt\/turkiyede-turk-dunyasi-maarifcilerinin-halqara-konferentsiyasi-kecti\/"},"author":{"name":"Developer","@id":"https:\/\/qtmm.org\/qt\/#\/schema\/person\/de562469f971dec226ac06e60bbf74a7"},"headline":"T\u00fcrkiyede t\u00fcrk d\u00fcnyas\u0131 maarif\u00e7ilerini\u00f1 halqara konferentsiyas\u0131 ke\u00e7ti","datePublished":"2012-05-07T16:14:00+00:00","dateModified":"2022-01-21T16:16:04+00:00","mainEntityOfPage":{"@id":"https:\/\/qtmm.org\/qt\/turkiyede-turk-dunyasi-maarifcilerinin-halqara-konferentsiyasi-kecti\/"},"wordCount":326,"commentCount":0,"publisher":{"@id":"https:\/\/qtmm.org\/qt\/#organization"},"image":{"@id":"https:\/\/qtmm.org\/qt\/turkiyede-turk-dunyasi-maarifcilerinin-halqara-konferentsiyasi-kecti\/#primaryimage"},"thumbnailUrl":"https:\/\/qtmm.org\/wp-content\/uploads\/2022\/01\/p4240008_1.jpeg","articleSection":["Haberler"],"inLanguage":"qt","potentialAction":[{"@type":"CommentAction","name":"Comment","target":["https:\/\/qtmm.org\/qt\/turkiyede-turk-dunyasi-maarifcilerinin-halqara-konferentsiyasi-kecti\/#respond"]}]},{"@type":"WebPage","@id":"https:\/\/qtmm.org\/qt\/turkiyede-turk-dunyasi-maarifcilerinin-halqara-konferentsiyasi-kecti\/","url":"https:\/\/qtmm.org\/qt\/turkiyede-turk-dunyasi-maarifcilerinin-halqara-konferentsiyasi-kecti\/","name":"T\u00fcrkiyede t\u00fcrk d\u00fcnyas\u0131 maarif\u00e7ilerini\u00f1 halqara konferentsiyas\u0131 ke\u00e7ti - \u041c\u0435\u0434\u0436\u043b\u0456\u0441","isPartOf":{"@id":"https:\/\/qtmm.org\/qt\/#website"},"primaryImageOfPage":{"@id":"https:\/\/qtmm.org\/qt\/turkiyede-turk-dunyasi-maarifcilerinin-halqara-konferentsiyasi-kecti\/#primaryimage"},"image":{"@id":"https:\/\/qtmm.org\/qt\/turkiyede-turk-dunyasi-maarifcilerinin-halqara-konferentsiyasi-kecti\/#primaryimage"},"thumbnailUrl":"https:\/\/qtmm.org\/wp-content\/uploads\/2022\/01\/p4240008_1.jpeg","datePublished":"2012-05-07T16:14:00+00:00","dateModified":"2022-01-21T16:16:04+00:00","breadcrumb":{"@id":"https:\/\/qtmm.org\/qt\/turkiyede-turk-dunyasi-maarifcilerinin-halqara-konferentsiyasi-kecti\/#breadcrumb"},"inLanguage":"qt","potentialAction":[{"@type":"ReadAction","target":["https:\/\/qtmm.org\/qt\/turkiyede-turk-dunyasi-maarifcilerinin-halqara-konferentsiyasi-kecti\/"]}]},{"@type":"ImageObject","inLanguage":"qt","@id":"https:\/\/qtmm.org\/qt\/turkiyede-turk-dunyasi-maarifcilerinin-halqara-konferentsiyasi-kecti\/#primaryimage","url":"https:\/\/qtmm.org\/wp-content\/uploads\/2022\/01\/p4240008_1.jpeg","contentUrl":"https:\/\/qtmm.org\/wp-content\/uploads\/2022\/01\/p4240008_1.jpeg","width":800,"height":600},{"@type":"BreadcrumbList","@id":"https:\/\/qtmm.org\/qt\/turkiyede-turk-dunyasi-maarifcilerinin-halqara-konferentsiyasi-kecti\/#breadcrumb","itemListElement":[{"@type":"ListItem","position":1,"name":"\u0413\u043e\u043b\u043e\u0432\u043d\u0430","item":"https:\/\/qtmm.org\/qt\/"},{"@type":"ListItem","position":2,"name":"T\u00fcrkiyede t\u00fcrk d\u00fcnyas\u0131 maarif\u00e7ilerini\u00f1 halqara konferentsiyas\u0131 ke\u00e7ti"}]},{"@type":"WebSite","@id":"https:\/\/qtmm.org\/qt\/#website","url":"https:\/\/qtmm.org\/qt\/","name":"\u041c\u0435\u0434\u0436\u043b\u0456\u0441","description":"","publisher":{"@id":"https:\/\/qtmm.org\/qt\/#organization"},"potentialAction":[{"@type":"SearchAction","target":{"@type":"EntryPoint","urlTemplate":"https:\/\/qtmm.org\/qt\/?s={search_term_string}"},"query-input":{"@type":"PropertyValueSpecification","valueRequired":true,"valueName":"search_term_string"}}],"inLanguage":"qt"},{"@type":"Organization","@id":"https:\/\/qtmm.org\/qt\/#organization","name":"\u041c\u0435\u0434\u0436\u043b\u0456\u0441","url":"https:\/\/qtmm.org\/qt\/","logo":{"@type":"ImageObject","inLanguage":"qt","@id":"https:\/\/qtmm.org\/qt\/#\/schema\/logo\/image\/","url":"https:\/\/qtmm.org\/wp-content\/uploads\/2024\/12\/ua-mejlis-logo-rgb.svg","contentUrl":"https:\/\/qtmm.org\/wp-content\/uploads\/2024\/12\/ua-mejlis-logo-rgb.svg","caption":"\u041c\u0435\u0434\u0436\u043b\u0456\u0441"},"image":{"@id":"https:\/\/qtmm.org\/qt\/#\/schema\/logo\/image\/"},"sameAs":["https:\/\/www.facebook.com\/qtmm.info\/"]},{"@type":"Person","@id":"https:\/\/qtmm.org\/qt\/#\/schema\/person\/de562469f971dec226ac06e60bbf74a7","name":"Developer","image":{"@type":"ImageObject","inLanguage":"qt","@id":"https:\/\/secure.gravatar.com\/avatar\/392b4cc8fbfeb00b39dfeeab4ee6edded39ffd48e25858637e4765810300227e?s=96&d=mm&r=g","url":"https:\/\/secure.gravatar.com\/avatar\/392b4cc8fbfeb00b39dfeeab4ee6edded39ffd48e25858637e4765810300227e?s=96&d=mm&r=g","contentUrl":"https:\/\/secure.gravatar.com\/avatar\/392b4cc8fbfeb00b39dfeeab4ee6edded39ffd48e25858637e4765810300227e?s=96&d=mm&r=g","caption":"Developer"},"url":"https:\/\/qtmm.org\/qt\/author\/Developer\/"}]}},"_links":{"self":[{"href":"https:\/\/qtmm.org\/qt\/wp-json\/wp\/v2\/posts\/30591","targetHints":{"allow":["GET"]}}],"collection":[{"href":"https:\/\/qtmm.org\/qt\/wp-json\/wp\/v2\/posts"}],"about":[{"href":"https:\/\/qtmm.org\/qt\/wp-json\/wp\/v2\/types\/post"}],"author":[{"embeddable":true,"href":"https:\/\/qtmm.org\/qt\/wp-json\/wp\/v2\/users\/1"}],"replies":[{"embeddable":true,"href":"https:\/\/qtmm.org\/qt\/wp-json\/wp\/v2\/comments?post=30591"}],"version-history":[{"count":1,"href":"https:\/\/qtmm.org\/qt\/wp-json\/wp\/v2\/posts\/30591\/revisions"}],"predecessor-version":[{"id":30604,"href":"https:\/\/qtmm.org\/qt\/wp-json\/wp\/v2\/posts\/30591\/revisions\/30604"}],"wp:featuredmedia":[{"embeddable":true,"href":"https:\/\/qtmm.org\/qt\/wp-json\/wp\/v2\/media\/30592"}],"wp:attachment":[{"href":"https:\/\/qtmm.org\/qt\/wp-json\/wp\/v2\/media?parent=30591"}],"wp:term":[{"taxonomy":"category","embeddable":true,"href":"https:\/\/qtmm.org\/qt\/wp-json\/wp\/v2\/categories?post=30591"},{"taxonomy":"post_tag","embeddable":true,"href":"https:\/\/qtmm.org\/qt\/wp-json\/wp\/v2\/tags?post=30591"}],"curies":[{"name":"wp","href":"https:\/\/api.w.org\/{rel}","templated":true}]}}