




{"id":30450,"date":"2012-05-04T19:04:00","date_gmt":"2012-05-04T16:04:00","guid":{"rendered":"http:\/\/qtmm.org\/?p=30450"},"modified":"2022-01-21T19:04:51","modified_gmt":"2022-01-21T16:04:51","slug":"yalta-ve-alusta-regionlarinda-yerli-meclisler-saylandi","status":"publish","type":"post","link":"https:\/\/qtmm.org\/qt\/yalta-ve-alusta-regionlarinda-yerli-meclisler-saylandi\/","title":{"rendered":"Yalta ve Alu\u015fta regionlar\u0131nda yerli meclisler sayland\u0131"},"content":{"rendered":"\n<p>Alu\u015fta region\u0131nda aprel 28 k\u00fcn\u00fc Alu\u015fta, B\u00fcy\u00fck-Lambat, K\u00f6rbekkul ve K\u00fc\u00e7\u00fck-\u00dczen yerli meclislerini\u00f1 azalar\u0131 sayland\u0131. Belli ki, mezk\u00fcr yerli meclisler vek\u00e2letligini\u00f1 m\u00fcddetinden evel bitkeni sebebinden Q\u0131r\u0131mtatar halq\u0131 Meclisini\u00f1 evel al\u011fan qarar\u0131 boyunca bu memuriy-territorial qurumlarda nevbetten t\u0131\u015f saylavlar te\u015fkil\u00e2tland\u0131r\u0131ld\u0131.<\/p>\n\n\n\n<p>Gizli rey ber\u00fcv neticelerine k\u00f6re d\u00f6rt saylav okrug\u0131nda te\u015fkil etilgen yedi saylav u\u00e7astkalar\u0131nda yerli meclislerge 45 namzetten 32 aza se\u00e7ildi. Alu\u015fta region\u0131 boyunca saylavc\u0131larn\u0131\u00f1 faalligi 45 fay\u0131zn\u0131 te\u015fkil etip, e\u00f1 y\u00fcksek aktivlik Quru-\u00dczende (80%), e\u00f1 a\u015fa\u011f\u0131 ise \u015euma (29%) k\u00f6y\u00fcnde k\u00f6zetildi.<\/p>\n\n\n\n<p>Yalta region\u0131 yerli meclislerine saylavlar ise aprel 29 k\u00fcn\u00fc ol\u0131p ke\u00e7ti. \u015eun\u0131 qayd etmeli ki, Yalta region\u0131nda yerli meclis azalar\u0131n\u0131\u00f1 saylavlar\u0131 umumiy musaviy ve do\u011frudan-do\u011fru se\u00e7\u00fcv esas\u0131nda gizli rey ber\u00fcv yolunen ke\u00e7irildi.<\/p>\n\n\n\n<p>Alta region\u0131ndaki sekiz yerli mecliske azalarn\u0131 saylamaq i\u00e7\u00fcn 8 okrug ve 11 saylav u\u00e7astkalar\u0131 te\u015fkil etilip, 53 namzet cedvelge al\u0131nd\u0131. Rey ber\u00fcv neticelerine k\u00f6re yerli meclislerge 33 adam sayland\u0131. \u015eun\u0131 aytmaq kerek ki, yerli mecli\u00e7slerge aza olaraq saylanmaq i\u00e7\u00fcn \u00f6zlerini milliy idare organlar\u0131na muhalif, dep tan\u0131\u011fan, c\u00fcmleden &#8220;Milliy Firqa&#8221; te\u015fkil\u00e2t\u0131n\u0131\u00f1 vekilleri de \u00f6z namzetlerini k\u00f6sterdiler. Amma saylav neticeleri boyunca olarn\u0131\u00f1 i\u00e7 birisi ke\u00e7ip olamad\u0131. Umumen, Yalta region\u0131 saylavc\u0131lar\u0131n\u0131\u00f1 faalligi 52%, te\u015fkil etip, e\u00f1 y\u00fcksek faallik Livadiya (89%) qasabas\u0131nda, e\u00f1 a\u015fa\u011f\u0131 ise Yalta (39%) \u015feerinde k\u00f6zetildi.<\/p>\n","protected":false},"excerpt":{"rendered":"<p>Alu\u015fta region\u0131nda aprel 28 k\u00fcn\u00fc Alu\u015fta, B\u00fcy\u00fck-Lambat, K\u00f6rbekkul ve K\u00fc\u00e7\u00fck-\u00dczen yerli meclislerini\u00f1 azalar\u0131 sayland\u0131. Belli ki, mezk\u00fcr yerli meclisler vek\u00e2letligini\u00f1 m\u00fcddetinden evel bitkeni sebebinden Q\u0131r\u0131mtatar halq\u0131 Meclisini\u00f1 evel al\u011fan qarar\u0131 boyunca bu memuriy-territorial qurumlarda nevbetten t\u0131\u015f saylavlar te\u015fkil\u00e2tland\u0131r\u0131ld\u0131. Gizli rey ber\u00fcv neticelerine k\u00f6re d\u00f6rt saylav okrug\u0131nda te\u015fkil etilgen yedi saylav u\u00e7astkalar\u0131nda yerli meclislerge 45 namzetten [&hellip;]<\/p>\n","protected":false},"author":1,"featured_media":0,"comment_status":"open","ping_status":"open","sticky":false,"template":"","format":"standard","meta":{"inline_featured_image":false,"footnotes":""},"categories":[265],"tags":[],"class_list":["post-30450","post","type-post","status-publish","format-standard","hentry","category-haberler"],"acf":[],"yoast_head":"<!-- This site is optimized with the Yoast SEO plugin v27.4 - https:\/\/yoast.com\/product\/yoast-seo-wordpress\/ -->\n<title>Yalta ve Alu\u015fta regionlar\u0131nda yerli meclisler sayland\u0131 - \u041c\u0435\u0434\u0436\u043b\u0456\u0441<\/title>\n<meta name=\"robots\" content=\"index, follow, max-snippet:-1, max-image-preview:large, max-video-preview:-1\" \/>\n<link rel=\"canonical\" href=\"https:\/\/qtmm.org\/qt\/yalta-ve-alusta-regionlarinda-yerli-meclisler-saylandi\/\" \/>\n<meta property=\"og:locale\" content=\"en_US\" \/>\n<meta property=\"og:type\" content=\"article\" \/>\n<meta property=\"og:title\" content=\"Yalta ve Alu\u015fta regionlar\u0131nda yerli meclisler sayland\u0131 - \u041c\u0435\u0434\u0436\u043b\u0456\u0441\" \/>\n<meta property=\"og:description\" content=\"Alu\u015fta region\u0131nda aprel 28 k\u00fcn\u00fc Alu\u015fta, B\u00fcy\u00fck-Lambat, K\u00f6rbekkul ve K\u00fc\u00e7\u00fck-\u00dczen yerli meclislerini\u00f1 azalar\u0131 sayland\u0131. Belli ki, mezk\u00fcr yerli meclisler vek\u00e2letligini\u00f1 m\u00fcddetinden evel bitkeni sebebinden Q\u0131r\u0131mtatar halq\u0131 Meclisini\u00f1 evel al\u011fan qarar\u0131 boyunca bu memuriy-territorial qurumlarda nevbetten t\u0131\u015f saylavlar te\u015fkil\u00e2tland\u0131r\u0131ld\u0131. Gizli rey ber\u00fcv neticelerine k\u00f6re d\u00f6rt saylav okrug\u0131nda te\u015fkil etilgen yedi saylav u\u00e7astkalar\u0131nda yerli meclislerge 45 namzetten [&hellip;]\" \/>\n<meta property=\"og:url\" content=\"https:\/\/qtmm.org\/qt\/yalta-ve-alusta-regionlarinda-yerli-meclisler-saylandi\/\" \/>\n<meta property=\"og:site_name\" content=\"\u041c\u0435\u0434\u0436\u043b\u0456\u0441\" \/>\n<meta property=\"article:publisher\" content=\"https:\/\/www.facebook.com\/qtmm.info\/\" \/>\n<meta property=\"article:published_time\" content=\"2012-05-04T16:04:00+00:00\" \/>\n<meta property=\"article:modified_time\" content=\"2022-01-21T16:04:51+00:00\" \/>\n<meta name=\"author\" content=\"Developer\" \/>\n<meta name=\"twitter:card\" content=\"summary_large_image\" \/>\n<meta name=\"twitter:label1\" content=\"Written by\" \/>\n\t<meta name=\"twitter:data1\" content=\"Developer\" \/>\n\t<meta name=\"twitter:label2\" content=\"Est. reading time\" \/>\n\t<meta name=\"twitter:data2\" content=\"1 minute\" \/>\n<script type=\"application\/ld+json\" class=\"yoast-schema-graph\">{\"@context\":\"https:\\\/\\\/schema.org\",\"@graph\":[{\"@type\":\"Article\",\"@id\":\"https:\\\/\\\/qtmm.org\\\/qt\\\/yalta-ve-alusta-regionlarinda-yerli-meclisler-saylandi\\\/#article\",\"isPartOf\":{\"@id\":\"https:\\\/\\\/qtmm.org\\\/qt\\\/yalta-ve-alusta-regionlarinda-yerli-meclisler-saylandi\\\/\"},\"author\":{\"name\":\"Developer\",\"@id\":\"https:\\\/\\\/qtmm.org\\\/qt\\\/#\\\/schema\\\/person\\\/de562469f971dec226ac06e60bbf74a7\"},\"headline\":\"Yalta ve Alu\u015fta regionlar\u0131nda yerli meclisler sayland\u0131\",\"datePublished\":\"2012-05-04T16:04:00+00:00\",\"dateModified\":\"2022-01-21T16:04:51+00:00\",\"mainEntityOfPage\":{\"@id\":\"https:\\\/\\\/qtmm.org\\\/qt\\\/yalta-ve-alusta-regionlarinda-yerli-meclisler-saylandi\\\/\"},\"wordCount\":263,\"commentCount\":0,\"publisher\":{\"@id\":\"https:\\\/\\\/qtmm.org\\\/qt\\\/#organization\"},\"articleSection\":[\"Haberler\"],\"inLanguage\":\"qt\",\"potentialAction\":[{\"@type\":\"CommentAction\",\"name\":\"Comment\",\"target\":[\"https:\\\/\\\/qtmm.org\\\/qt\\\/yalta-ve-alusta-regionlarinda-yerli-meclisler-saylandi\\\/#respond\"]}]},{\"@type\":\"WebPage\",\"@id\":\"https:\\\/\\\/qtmm.org\\\/qt\\\/yalta-ve-alusta-regionlarinda-yerli-meclisler-saylandi\\\/\",\"url\":\"https:\\\/\\\/qtmm.org\\\/qt\\\/yalta-ve-alusta-regionlarinda-yerli-meclisler-saylandi\\\/\",\"name\":\"Yalta ve Alu\u015fta regionlar\u0131nda yerli meclisler sayland\u0131 - \u041c\u0435\u0434\u0436\u043b\u0456\u0441\",\"isPartOf\":{\"@id\":\"https:\\\/\\\/qtmm.org\\\/qt\\\/#website\"},\"datePublished\":\"2012-05-04T16:04:00+00:00\",\"dateModified\":\"2022-01-21T16:04:51+00:00\",\"breadcrumb\":{\"@id\":\"https:\\\/\\\/qtmm.org\\\/qt\\\/yalta-ve-alusta-regionlarinda-yerli-meclisler-saylandi\\\/#breadcrumb\"},\"inLanguage\":\"qt\",\"potentialAction\":[{\"@type\":\"ReadAction\",\"target\":[\"https:\\\/\\\/qtmm.org\\\/qt\\\/yalta-ve-alusta-regionlarinda-yerli-meclisler-saylandi\\\/\"]}]},{\"@type\":\"BreadcrumbList\",\"@id\":\"https:\\\/\\\/qtmm.org\\\/qt\\\/yalta-ve-alusta-regionlarinda-yerli-meclisler-saylandi\\\/#breadcrumb\",\"itemListElement\":[{\"@type\":\"ListItem\",\"position\":1,\"name\":\"\u0413\u043e\u043b\u043e\u0432\u043d\u0430\",\"item\":\"https:\\\/\\\/qtmm.org\\\/qt\\\/\"},{\"@type\":\"ListItem\",\"position\":2,\"name\":\"Yalta ve Alu\u015fta regionlar\u0131nda yerli meclisler sayland\u0131\"}]},{\"@type\":\"WebSite\",\"@id\":\"https:\\\/\\\/qtmm.org\\\/qt\\\/#website\",\"url\":\"https:\\\/\\\/qtmm.org\\\/qt\\\/\",\"name\":\"\u041c\u0435\u0434\u0436\u043b\u0456\u0441\",\"description\":\"\",\"publisher\":{\"@id\":\"https:\\\/\\\/qtmm.org\\\/qt\\\/#organization\"},\"potentialAction\":[{\"@type\":\"SearchAction\",\"target\":{\"@type\":\"EntryPoint\",\"urlTemplate\":\"https:\\\/\\\/qtmm.org\\\/qt\\\/?s={search_term_string}\"},\"query-input\":{\"@type\":\"PropertyValueSpecification\",\"valueRequired\":true,\"valueName\":\"search_term_string\"}}],\"inLanguage\":\"qt\"},{\"@type\":\"Organization\",\"@id\":\"https:\\\/\\\/qtmm.org\\\/qt\\\/#organization\",\"name\":\"\u041c\u0435\u0434\u0436\u043b\u0456\u0441\",\"url\":\"https:\\\/\\\/qtmm.org\\\/qt\\\/\",\"logo\":{\"@type\":\"ImageObject\",\"inLanguage\":\"qt\",\"@id\":\"https:\\\/\\\/qtmm.org\\\/qt\\\/#\\\/schema\\\/logo\\\/image\\\/\",\"url\":\"https:\\\/\\\/qtmm.org\\\/wp-content\\\/uploads\\\/2024\\\/12\\\/ua-mejlis-logo-rgb.svg\",\"contentUrl\":\"https:\\\/\\\/qtmm.org\\\/wp-content\\\/uploads\\\/2024\\\/12\\\/ua-mejlis-logo-rgb.svg\",\"caption\":\"\u041c\u0435\u0434\u0436\u043b\u0456\u0441\"},\"image\":{\"@id\":\"https:\\\/\\\/qtmm.org\\\/qt\\\/#\\\/schema\\\/logo\\\/image\\\/\"},\"sameAs\":[\"https:\\\/\\\/www.facebook.com\\\/qtmm.info\\\/\"]},{\"@type\":\"Person\",\"@id\":\"https:\\\/\\\/qtmm.org\\\/qt\\\/#\\\/schema\\\/person\\\/de562469f971dec226ac06e60bbf74a7\",\"name\":\"Developer\",\"image\":{\"@type\":\"ImageObject\",\"inLanguage\":\"qt\",\"@id\":\"https:\\\/\\\/secure.gravatar.com\\\/avatar\\\/392b4cc8fbfeb00b39dfeeab4ee6edded39ffd48e25858637e4765810300227e?s=96&d=mm&r=g\",\"url\":\"https:\\\/\\\/secure.gravatar.com\\\/avatar\\\/392b4cc8fbfeb00b39dfeeab4ee6edded39ffd48e25858637e4765810300227e?s=96&d=mm&r=g\",\"contentUrl\":\"https:\\\/\\\/secure.gravatar.com\\\/avatar\\\/392b4cc8fbfeb00b39dfeeab4ee6edded39ffd48e25858637e4765810300227e?s=96&d=mm&r=g\",\"caption\":\"Developer\"},\"url\":\"https:\\\/\\\/qtmm.org\\\/qt\\\/author\\\/Developer\\\/\"}]}<\/script>\n<!-- \/ Yoast SEO plugin. -->","yoast_head_json":{"title":"Yalta ve Alu\u015fta regionlar\u0131nda yerli meclisler sayland\u0131 - \u041c\u0435\u0434\u0436\u043b\u0456\u0441","robots":{"index":"index","follow":"follow","max-snippet":"max-snippet:-1","max-image-preview":"max-image-preview:large","max-video-preview":"max-video-preview:-1"},"canonical":"https:\/\/qtmm.org\/qt\/yalta-ve-alusta-regionlarinda-yerli-meclisler-saylandi\/","og_locale":"en_US","og_type":"article","og_title":"Yalta ve Alu\u015fta regionlar\u0131nda yerli meclisler sayland\u0131 - \u041c\u0435\u0434\u0436\u043b\u0456\u0441","og_description":"Alu\u015fta region\u0131nda aprel 28 k\u00fcn\u00fc Alu\u015fta, B\u00fcy\u00fck-Lambat, K\u00f6rbekkul ve K\u00fc\u00e7\u00fck-\u00dczen yerli meclislerini\u00f1 azalar\u0131 sayland\u0131. Belli ki, mezk\u00fcr yerli meclisler vek\u00e2letligini\u00f1 m\u00fcddetinden evel bitkeni sebebinden Q\u0131r\u0131mtatar halq\u0131 Meclisini\u00f1 evel al\u011fan qarar\u0131 boyunca bu memuriy-territorial qurumlarda nevbetten t\u0131\u015f saylavlar te\u015fkil\u00e2tland\u0131r\u0131ld\u0131. Gizli rey ber\u00fcv neticelerine k\u00f6re d\u00f6rt saylav okrug\u0131nda te\u015fkil etilgen yedi saylav u\u00e7astkalar\u0131nda yerli meclislerge 45 namzetten [&hellip;]","og_url":"https:\/\/qtmm.org\/qt\/yalta-ve-alusta-regionlarinda-yerli-meclisler-saylandi\/","og_site_name":"\u041c\u0435\u0434\u0436\u043b\u0456\u0441","article_publisher":"https:\/\/www.facebook.com\/qtmm.info\/","article_published_time":"2012-05-04T16:04:00+00:00","article_modified_time":"2022-01-21T16:04:51+00:00","author":"Developer","twitter_card":"summary_large_image","twitter_misc":{"Written by":"Developer","Est. reading time":"1 minute"},"schema":{"@context":"https:\/\/schema.org","@graph":[{"@type":"Article","@id":"https:\/\/qtmm.org\/qt\/yalta-ve-alusta-regionlarinda-yerli-meclisler-saylandi\/#article","isPartOf":{"@id":"https:\/\/qtmm.org\/qt\/yalta-ve-alusta-regionlarinda-yerli-meclisler-saylandi\/"},"author":{"name":"Developer","@id":"https:\/\/qtmm.org\/qt\/#\/schema\/person\/de562469f971dec226ac06e60bbf74a7"},"headline":"Yalta ve Alu\u015fta regionlar\u0131nda yerli meclisler sayland\u0131","datePublished":"2012-05-04T16:04:00+00:00","dateModified":"2022-01-21T16:04:51+00:00","mainEntityOfPage":{"@id":"https:\/\/qtmm.org\/qt\/yalta-ve-alusta-regionlarinda-yerli-meclisler-saylandi\/"},"wordCount":263,"commentCount":0,"publisher":{"@id":"https:\/\/qtmm.org\/qt\/#organization"},"articleSection":["Haberler"],"inLanguage":"qt","potentialAction":[{"@type":"CommentAction","name":"Comment","target":["https:\/\/qtmm.org\/qt\/yalta-ve-alusta-regionlarinda-yerli-meclisler-saylandi\/#respond"]}]},{"@type":"WebPage","@id":"https:\/\/qtmm.org\/qt\/yalta-ve-alusta-regionlarinda-yerli-meclisler-saylandi\/","url":"https:\/\/qtmm.org\/qt\/yalta-ve-alusta-regionlarinda-yerli-meclisler-saylandi\/","name":"Yalta ve Alu\u015fta regionlar\u0131nda yerli meclisler sayland\u0131 - \u041c\u0435\u0434\u0436\u043b\u0456\u0441","isPartOf":{"@id":"https:\/\/qtmm.org\/qt\/#website"},"datePublished":"2012-05-04T16:04:00+00:00","dateModified":"2022-01-21T16:04:51+00:00","breadcrumb":{"@id":"https:\/\/qtmm.org\/qt\/yalta-ve-alusta-regionlarinda-yerli-meclisler-saylandi\/#breadcrumb"},"inLanguage":"qt","potentialAction":[{"@type":"ReadAction","target":["https:\/\/qtmm.org\/qt\/yalta-ve-alusta-regionlarinda-yerli-meclisler-saylandi\/"]}]},{"@type":"BreadcrumbList","@id":"https:\/\/qtmm.org\/qt\/yalta-ve-alusta-regionlarinda-yerli-meclisler-saylandi\/#breadcrumb","itemListElement":[{"@type":"ListItem","position":1,"name":"\u0413\u043e\u043b\u043e\u0432\u043d\u0430","item":"https:\/\/qtmm.org\/qt\/"},{"@type":"ListItem","position":2,"name":"Yalta ve Alu\u015fta regionlar\u0131nda yerli meclisler sayland\u0131"}]},{"@type":"WebSite","@id":"https:\/\/qtmm.org\/qt\/#website","url":"https:\/\/qtmm.org\/qt\/","name":"\u041c\u0435\u0434\u0436\u043b\u0456\u0441","description":"","publisher":{"@id":"https:\/\/qtmm.org\/qt\/#organization"},"potentialAction":[{"@type":"SearchAction","target":{"@type":"EntryPoint","urlTemplate":"https:\/\/qtmm.org\/qt\/?s={search_term_string}"},"query-input":{"@type":"PropertyValueSpecification","valueRequired":true,"valueName":"search_term_string"}}],"inLanguage":"qt"},{"@type":"Organization","@id":"https:\/\/qtmm.org\/qt\/#organization","name":"\u041c\u0435\u0434\u0436\u043b\u0456\u0441","url":"https:\/\/qtmm.org\/qt\/","logo":{"@type":"ImageObject","inLanguage":"qt","@id":"https:\/\/qtmm.org\/qt\/#\/schema\/logo\/image\/","url":"https:\/\/qtmm.org\/wp-content\/uploads\/2024\/12\/ua-mejlis-logo-rgb.svg","contentUrl":"https:\/\/qtmm.org\/wp-content\/uploads\/2024\/12\/ua-mejlis-logo-rgb.svg","caption":"\u041c\u0435\u0434\u0436\u043b\u0456\u0441"},"image":{"@id":"https:\/\/qtmm.org\/qt\/#\/schema\/logo\/image\/"},"sameAs":["https:\/\/www.facebook.com\/qtmm.info\/"]},{"@type":"Person","@id":"https:\/\/qtmm.org\/qt\/#\/schema\/person\/de562469f971dec226ac06e60bbf74a7","name":"Developer","image":{"@type":"ImageObject","inLanguage":"qt","@id":"https:\/\/secure.gravatar.com\/avatar\/392b4cc8fbfeb00b39dfeeab4ee6edded39ffd48e25858637e4765810300227e?s=96&d=mm&r=g","url":"https:\/\/secure.gravatar.com\/avatar\/392b4cc8fbfeb00b39dfeeab4ee6edded39ffd48e25858637e4765810300227e?s=96&d=mm&r=g","contentUrl":"https:\/\/secure.gravatar.com\/avatar\/392b4cc8fbfeb00b39dfeeab4ee6edded39ffd48e25858637e4765810300227e?s=96&d=mm&r=g","caption":"Developer"},"url":"https:\/\/qtmm.org\/qt\/author\/Developer\/"}]}},"_links":{"self":[{"href":"https:\/\/qtmm.org\/qt\/wp-json\/wp\/v2\/posts\/30450","targetHints":{"allow":["GET"]}}],"collection":[{"href":"https:\/\/qtmm.org\/qt\/wp-json\/wp\/v2\/posts"}],"about":[{"href":"https:\/\/qtmm.org\/qt\/wp-json\/wp\/v2\/types\/post"}],"author":[{"embeddable":true,"href":"https:\/\/qtmm.org\/qt\/wp-json\/wp\/v2\/users\/1"}],"replies":[{"embeddable":true,"href":"https:\/\/qtmm.org\/qt\/wp-json\/wp\/v2\/comments?post=30450"}],"version-history":[{"count":1,"href":"https:\/\/qtmm.org\/qt\/wp-json\/wp\/v2\/posts\/30450\/revisions"}],"predecessor-version":[{"id":30451,"href":"https:\/\/qtmm.org\/qt\/wp-json\/wp\/v2\/posts\/30450\/revisions\/30451"}],"wp:attachment":[{"href":"https:\/\/qtmm.org\/qt\/wp-json\/wp\/v2\/media?parent=30450"}],"wp:term":[{"taxonomy":"category","embeddable":true,"href":"https:\/\/qtmm.org\/qt\/wp-json\/wp\/v2\/categories?post=30450"},{"taxonomy":"post_tag","embeddable":true,"href":"https:\/\/qtmm.org\/qt\/wp-json\/wp\/v2\/tags?post=30450"}],"curies":[{"name":"wp","href":"https:\/\/api.w.org\/{rel}","templated":true}]}}