




{"id":30428,"date":"2012-05-04T18:40:00","date_gmt":"2012-05-04T15:40:00","guid":{"rendered":"http:\/\/qtmm.org\/?p=30428"},"modified":"2022-01-21T19:04:13","modified_gmt":"2022-01-21T16:04:13","slug":"aqmecit-rayoninda-regional-meclisnin-yani-erkani-sekillenip-reisi-saylandi","status":"publish","type":"post","link":"https:\/\/qtmm.org\/qt\/aqmecit-rayoninda-regional-meclisnin-yani-erkani-sekillenip-reisi-saylandi\/","title":{"rendered":"Aqme\u00e7it rayon\u0131nda regional meclisni\u00f1 ya\u00f1\u0131 erk\u00e2n\u0131 \u015fekillenip, reisi sayland\u0131"},"content":{"rendered":"\n<p>Belli ki, Aqme\u00e7it rayon\u0131 regional mecliske saylavlar 2012 senesi aprel 7-de ke\u00e7irilip, doquz yerli mecliske 53 aza se\u00e7ildi. B\u00f6yleliknen, mezk\u00fcr rayonn\u0131\u00f1 b\u00fct\u00fcn memuriy-territorial qurumlar\u0131nda (Novoselskiy k\u00f6y \u015furas\u0131ndan \u011fayr\u0131) . yerli meclisler saylan\u0131p, olar Regional konferentsiya\u011fa qadar \u00f6zlerini\u00f1 birinci topla\u015fuvlar\u0131n\u0131 \u00f6tkerdiler ve reis em de k\u00e2tiplerni se\u00e7tiler.<\/p>\n\n\n\n<p>2012 senesi aprel 29 k\u00fcn\u00fc ol\u0131p ke\u00e7ken Aqme\u00e7it rayon\u0131 q\u0131r\u0131mtatarlar\u0131n\u0131\u00f1 konferentsiyas\u0131nda yerli meclislerni\u00f1 ya\u00f1\u0131 saylan\u011fan azalar\u0131 delegat olaraq i\u015ftirak ettiler. &#8220;Q\u0131r\u0131mtatar halq\u0131 \u00f6z-\u00f6z\u00fcni idare et\u00fcv yerli milliy organlar aqq\u0131nda nizamname&#8221; boyunca Aqme\u00e7it rayon\u0131 regional konferentsiyas\u0131n\u0131 Yerli meclislerge saylavlarn\u0131 az\u0131rlav ve ke\u00e7ir\u00fcv boyunca komissiya k\u00e2tibi Zair Smedl\u00e2yev ve Saylav icra komitetini\u00f1 azas\u0131 Zevcet Qurt\u00fcmerov al\u0131p bard\u0131lar.<\/p>\n\n\n\n<figure class=\"wp-block-image size-full\"><img loading=\"lazy\" decoding=\"async\" width=\"800\" height=\"533\" src=\"http:\/\/qtmm.org\/wp-content\/uploads\/2022\/01\/img_4824.jpeg\" alt=\"\" class=\"wp-image-30433\" srcset=\"https:\/\/qtmm.org\/wp-content\/uploads\/2022\/01\/img_4824.jpeg 800w, https:\/\/qtmm.org\/wp-content\/uploads\/2022\/01\/img_4824-300x200.jpeg 300w, https:\/\/qtmm.org\/wp-content\/uploads\/2022\/01\/img_4824-768x512.jpeg 768w\" sizes=\"auto, (max-width: 800px) 100vw, 800px\" \/><\/figure>\n\n\n\n<p>Regional konferentsiyan\u0131 al\u0131p baruvnen ba\u011fl\u0131 te\u015fkiliy meselelerden so\u00f1 on\u0131\u00f1 delegatlar\u0131 Aqme\u00e7it regional meclis reisini saylav\u011fa ke\u00e7tiler.<\/p>\n\n\n\n<p>\u015eus\u0131 quvan\u00e7l\u0131 ki, Aqme\u00e7it regional meclis reisi alternativ \u015fekilde sayland\u0131. Gizli rey ber\u00fcv neticelerine yek\u00fcn \u00e7ekilgen so\u00f1 b\u00fclletenlerge \u2013 haci Server Bavbekov, \u0130smet Sel\u00e2metov ve \u015eevket Smailovn\u0131\u00f1 namzetleri yaz\u0131l\u0131p, e\u00f1 \u00e7oq rey qazan\u011fan \u015eevket Smailov reis olaraq il\u00e2n etildi.<\/p>\n\n\n\n<figure class=\"wp-block-image size-full\"><img loading=\"lazy\" decoding=\"async\" width=\"800\" height=\"534\" src=\"http:\/\/qtmm.org\/wp-content\/uploads\/2022\/01\/img_4846_kopiya_2.jpeg\" alt=\"\" class=\"wp-image-30437\" srcset=\"https:\/\/qtmm.org\/wp-content\/uploads\/2022\/01\/img_4846_kopiya_2.jpeg 800w, https:\/\/qtmm.org\/wp-content\/uploads\/2022\/01\/img_4846_kopiya_2-300x200.jpeg 300w, https:\/\/qtmm.org\/wp-content\/uploads\/2022\/01\/img_4846_kopiya_2-768x513.jpeg 768w\" sizes=\"auto, (max-width: 800px) 100vw, 800px\" \/><\/figure>\n\n\n\n<p>So\u00f1ra delegatlar regional meclisni\u00f1 ya\u00f1\u0131 erk\u00e2n\u0131n\u0131 \u015fekillendirmek qarar\u0131n\u0131 al\u0131p, o\u00f1a ya\u00f1\u0131 saylan\u011fan 9 nefer yerli meclis reisi ve bun\u0131\u00f1 kibi regional meclis reisini\u00f1 teklifine k\u00f6re Arsen C\u00fcnevitov, Veli \u0130bragimov ve Said Qurtaciyev kirsetildi.<\/p>\n\n\n\n<figure class=\"wp-block-image size-full\"><img loading=\"lazy\" decoding=\"async\" width=\"800\" height=\"534\" src=\"http:\/\/qtmm.org\/wp-content\/uploads\/2022\/01\/img_4853_kopiya.jpeg\" alt=\"\" class=\"wp-image-30441\" srcset=\"https:\/\/qtmm.org\/wp-content\/uploads\/2022\/01\/img_4853_kopiya.jpeg 800w, https:\/\/qtmm.org\/wp-content\/uploads\/2022\/01\/img_4853_kopiya-300x200.jpeg 300w, https:\/\/qtmm.org\/wp-content\/uploads\/2022\/01\/img_4853_kopiya-768x513.jpeg 768w\" sizes=\"auto, (max-width: 800px) 100vw, 800px\" \/><\/figure>\n\n\n\n<p>Konferentsiyan\u0131\u00f1 so\u00f1unda delegatlar q\u0131r\u0131mtatar halq\u0131 genotsidini\u00f1 qurbanlar\u0131n\u0131 a\u00f1ma merasimlerini ke\u00e7ir\u00fcvnen ba\u011fl\u0131 meselelerni muzakere etip, ait qararlar ald\u0131lar.<\/p>\n\n\n\n<figure class=\"wp-block-image size-full\"><img loading=\"lazy\" decoding=\"async\" width=\"800\" height=\"534\" src=\"http:\/\/qtmm.org\/wp-content\/uploads\/2022\/01\/img_4858_kopiya.jpeg\" alt=\"\" class=\"wp-image-30445\" srcset=\"https:\/\/qtmm.org\/wp-content\/uploads\/2022\/01\/img_4858_kopiya.jpeg 800w, https:\/\/qtmm.org\/wp-content\/uploads\/2022\/01\/img_4858_kopiya-300x200.jpeg 300w, https:\/\/qtmm.org\/wp-content\/uploads\/2022\/01\/img_4858_kopiya-768x513.jpeg 768w\" sizes=\"auto, (max-width: 800px) 100vw, 800px\" \/><\/figure>\n","protected":false},"excerpt":{"rendered":"<p>Belli ki, Aqme\u00e7it rayon\u0131 regional mecliske saylavlar 2012 senesi aprel 7-de ke\u00e7irilip, doquz yerli mecliske 53 aza se\u00e7ildi. B\u00f6yleliknen, mezk\u00fcr rayonn\u0131\u00f1 b\u00fct\u00fcn memuriy-territorial qurumlar\u0131nda (Novoselskiy k\u00f6y \u015furas\u0131ndan \u011fayr\u0131) . yerli meclisler saylan\u0131p, olar Regional konferentsiya\u011fa qadar \u00f6zlerini\u00f1 birinci topla\u015fuvlar\u0131n\u0131 \u00f6tkerdiler ve reis em de k\u00e2tiplerni se\u00e7tiler. 2012 senesi aprel 29 k\u00fcn\u00fc ol\u0131p ke\u00e7ken Aqme\u00e7it rayon\u0131 [&hellip;]<\/p>\n","protected":false},"author":1,"featured_media":30429,"comment_status":"open","ping_status":"open","sticky":false,"template":"","format":"standard","meta":{"inline_featured_image":false,"footnotes":""},"categories":[265],"tags":[],"class_list":["post-30428","post","type-post","status-publish","format-standard","has-post-thumbnail","hentry","category-haberler"],"acf":[],"yoast_head":"<!-- This site is optimized with the Yoast SEO plugin v27.4 - https:\/\/yoast.com\/product\/yoast-seo-wordpress\/ -->\n<title>Aqme\u00e7it rayon\u0131nda regional meclisni\u00f1 ya\u00f1\u0131 erk\u00e2n\u0131 \u015fekillenip, reisi sayland\u0131 - \u041c\u0435\u0434\u0436\u043b\u0456\u0441<\/title>\n<meta name=\"robots\" content=\"index, follow, max-snippet:-1, max-image-preview:large, max-video-preview:-1\" \/>\n<link rel=\"canonical\" href=\"https:\/\/qtmm.org\/qt\/aqmecit-rayoninda-regional-meclisnin-yani-erkani-sekillenip-reisi-saylandi\/\" \/>\n<meta property=\"og:locale\" content=\"en_US\" \/>\n<meta property=\"og:type\" content=\"article\" \/>\n<meta property=\"og:title\" content=\"Aqme\u00e7it rayon\u0131nda regional meclisni\u00f1 ya\u00f1\u0131 erk\u00e2n\u0131 \u015fekillenip, reisi sayland\u0131 - \u041c\u0435\u0434\u0436\u043b\u0456\u0441\" \/>\n<meta property=\"og:description\" content=\"Belli ki, Aqme\u00e7it rayon\u0131 regional mecliske saylavlar 2012 senesi aprel 7-de ke\u00e7irilip, doquz yerli mecliske 53 aza se\u00e7ildi. B\u00f6yleliknen, mezk\u00fcr rayonn\u0131\u00f1 b\u00fct\u00fcn memuriy-territorial qurumlar\u0131nda (Novoselskiy k\u00f6y \u015furas\u0131ndan \u011fayr\u0131) . yerli meclisler saylan\u0131p, olar Regional konferentsiya\u011fa qadar \u00f6zlerini\u00f1 birinci topla\u015fuvlar\u0131n\u0131 \u00f6tkerdiler ve reis em de k\u00e2tiplerni se\u00e7tiler. 2012 senesi aprel 29 k\u00fcn\u00fc ol\u0131p ke\u00e7ken Aqme\u00e7it rayon\u0131 [&hellip;]\" \/>\n<meta property=\"og:url\" content=\"https:\/\/qtmm.org\/qt\/aqmecit-rayoninda-regional-meclisnin-yani-erkani-sekillenip-reisi-saylandi\/\" \/>\n<meta property=\"og:site_name\" content=\"\u041c\u0435\u0434\u0436\u043b\u0456\u0441\" \/>\n<meta property=\"article:publisher\" content=\"https:\/\/www.facebook.com\/qtmm.info\/\" \/>\n<meta property=\"article:published_time\" content=\"2012-05-04T15:40:00+00:00\" \/>\n<meta property=\"article:modified_time\" content=\"2022-01-21T16:04:13+00:00\" \/>\n<meta property=\"og:image\" content=\"https:\/\/qtmm.org\/wp-content\/uploads\/2022\/01\/img_4825_kopiya.jpeg\" \/>\n\t<meta property=\"og:image:width\" content=\"800\" \/>\n\t<meta property=\"og:image:height\" content=\"534\" \/>\n\t<meta property=\"og:image:type\" content=\"image\/jpeg\" \/>\n<meta name=\"author\" content=\"Developer\" \/>\n<meta name=\"twitter:card\" content=\"summary_large_image\" \/>\n<meta name=\"twitter:label1\" content=\"Written by\" \/>\n\t<meta name=\"twitter:data1\" content=\"Developer\" \/>\n\t<meta name=\"twitter:label2\" content=\"Est. reading time\" \/>\n\t<meta name=\"twitter:data2\" content=\"1 minute\" \/>\n<script type=\"application\/ld+json\" class=\"yoast-schema-graph\">{\"@context\":\"https:\\\/\\\/schema.org\",\"@graph\":[{\"@type\":\"Article\",\"@id\":\"https:\\\/\\\/qtmm.org\\\/qt\\\/aqmecit-rayoninda-regional-meclisnin-yani-erkani-sekillenip-reisi-saylandi\\\/#article\",\"isPartOf\":{\"@id\":\"https:\\\/\\\/qtmm.org\\\/qt\\\/aqmecit-rayoninda-regional-meclisnin-yani-erkani-sekillenip-reisi-saylandi\\\/\"},\"author\":{\"name\":\"Developer\",\"@id\":\"https:\\\/\\\/qtmm.org\\\/qt\\\/#\\\/schema\\\/person\\\/de562469f971dec226ac06e60bbf74a7\"},\"headline\":\"Aqme\u00e7it rayon\u0131nda regional meclisni\u00f1 ya\u00f1\u0131 erk\u00e2n\u0131 \u015fekillenip, reisi sayland\u0131\",\"datePublished\":\"2012-05-04T15:40:00+00:00\",\"dateModified\":\"2022-01-21T16:04:13+00:00\",\"mainEntityOfPage\":{\"@id\":\"https:\\\/\\\/qtmm.org\\\/qt\\\/aqmecit-rayoninda-regional-meclisnin-yani-erkani-sekillenip-reisi-saylandi\\\/\"},\"wordCount\":287,\"commentCount\":0,\"publisher\":{\"@id\":\"https:\\\/\\\/qtmm.org\\\/qt\\\/#organization\"},\"image\":{\"@id\":\"https:\\\/\\\/qtmm.org\\\/qt\\\/aqmecit-rayoninda-regional-meclisnin-yani-erkani-sekillenip-reisi-saylandi\\\/#primaryimage\"},\"thumbnailUrl\":\"https:\\\/\\\/qtmm.org\\\/wp-content\\\/uploads\\\/2022\\\/01\\\/img_4825_kopiya.jpeg\",\"articleSection\":[\"Haberler\"],\"inLanguage\":\"qt\",\"potentialAction\":[{\"@type\":\"CommentAction\",\"name\":\"Comment\",\"target\":[\"https:\\\/\\\/qtmm.org\\\/qt\\\/aqmecit-rayoninda-regional-meclisnin-yani-erkani-sekillenip-reisi-saylandi\\\/#respond\"]}]},{\"@type\":\"WebPage\",\"@id\":\"https:\\\/\\\/qtmm.org\\\/qt\\\/aqmecit-rayoninda-regional-meclisnin-yani-erkani-sekillenip-reisi-saylandi\\\/\",\"url\":\"https:\\\/\\\/qtmm.org\\\/qt\\\/aqmecit-rayoninda-regional-meclisnin-yani-erkani-sekillenip-reisi-saylandi\\\/\",\"name\":\"Aqme\u00e7it rayon\u0131nda regional meclisni\u00f1 ya\u00f1\u0131 erk\u00e2n\u0131 \u015fekillenip, reisi sayland\u0131 - \u041c\u0435\u0434\u0436\u043b\u0456\u0441\",\"isPartOf\":{\"@id\":\"https:\\\/\\\/qtmm.org\\\/qt\\\/#website\"},\"primaryImageOfPage\":{\"@id\":\"https:\\\/\\\/qtmm.org\\\/qt\\\/aqmecit-rayoninda-regional-meclisnin-yani-erkani-sekillenip-reisi-saylandi\\\/#primaryimage\"},\"image\":{\"@id\":\"https:\\\/\\\/qtmm.org\\\/qt\\\/aqmecit-rayoninda-regional-meclisnin-yani-erkani-sekillenip-reisi-saylandi\\\/#primaryimage\"},\"thumbnailUrl\":\"https:\\\/\\\/qtmm.org\\\/wp-content\\\/uploads\\\/2022\\\/01\\\/img_4825_kopiya.jpeg\",\"datePublished\":\"2012-05-04T15:40:00+00:00\",\"dateModified\":\"2022-01-21T16:04:13+00:00\",\"breadcrumb\":{\"@id\":\"https:\\\/\\\/qtmm.org\\\/qt\\\/aqmecit-rayoninda-regional-meclisnin-yani-erkani-sekillenip-reisi-saylandi\\\/#breadcrumb\"},\"inLanguage\":\"qt\",\"potentialAction\":[{\"@type\":\"ReadAction\",\"target\":[\"https:\\\/\\\/qtmm.org\\\/qt\\\/aqmecit-rayoninda-regional-meclisnin-yani-erkani-sekillenip-reisi-saylandi\\\/\"]}]},{\"@type\":\"ImageObject\",\"inLanguage\":\"qt\",\"@id\":\"https:\\\/\\\/qtmm.org\\\/qt\\\/aqmecit-rayoninda-regional-meclisnin-yani-erkani-sekillenip-reisi-saylandi\\\/#primaryimage\",\"url\":\"https:\\\/\\\/qtmm.org\\\/wp-content\\\/uploads\\\/2022\\\/01\\\/img_4825_kopiya.jpeg\",\"contentUrl\":\"https:\\\/\\\/qtmm.org\\\/wp-content\\\/uploads\\\/2022\\\/01\\\/img_4825_kopiya.jpeg\",\"width\":800,\"height\":534},{\"@type\":\"BreadcrumbList\",\"@id\":\"https:\\\/\\\/qtmm.org\\\/qt\\\/aqmecit-rayoninda-regional-meclisnin-yani-erkani-sekillenip-reisi-saylandi\\\/#breadcrumb\",\"itemListElement\":[{\"@type\":\"ListItem\",\"position\":1,\"name\":\"\u0413\u043e\u043b\u043e\u0432\u043d\u0430\",\"item\":\"https:\\\/\\\/qtmm.org\\\/qt\\\/\"},{\"@type\":\"ListItem\",\"position\":2,\"name\":\"Aqme\u00e7it rayon\u0131nda regional meclisni\u00f1 ya\u00f1\u0131 erk\u00e2n\u0131 \u015fekillenip, reisi sayland\u0131\"}]},{\"@type\":\"WebSite\",\"@id\":\"https:\\\/\\\/qtmm.org\\\/qt\\\/#website\",\"url\":\"https:\\\/\\\/qtmm.org\\\/qt\\\/\",\"name\":\"\u041c\u0435\u0434\u0436\u043b\u0456\u0441\",\"description\":\"\",\"publisher\":{\"@id\":\"https:\\\/\\\/qtmm.org\\\/qt\\\/#organization\"},\"potentialAction\":[{\"@type\":\"SearchAction\",\"target\":{\"@type\":\"EntryPoint\",\"urlTemplate\":\"https:\\\/\\\/qtmm.org\\\/qt\\\/?s={search_term_string}\"},\"query-input\":{\"@type\":\"PropertyValueSpecification\",\"valueRequired\":true,\"valueName\":\"search_term_string\"}}],\"inLanguage\":\"qt\"},{\"@type\":\"Organization\",\"@id\":\"https:\\\/\\\/qtmm.org\\\/qt\\\/#organization\",\"name\":\"\u041c\u0435\u0434\u0436\u043b\u0456\u0441\",\"url\":\"https:\\\/\\\/qtmm.org\\\/qt\\\/\",\"logo\":{\"@type\":\"ImageObject\",\"inLanguage\":\"qt\",\"@id\":\"https:\\\/\\\/qtmm.org\\\/qt\\\/#\\\/schema\\\/logo\\\/image\\\/\",\"url\":\"https:\\\/\\\/qtmm.org\\\/wp-content\\\/uploads\\\/2024\\\/12\\\/ua-mejlis-logo-rgb.svg\",\"contentUrl\":\"https:\\\/\\\/qtmm.org\\\/wp-content\\\/uploads\\\/2024\\\/12\\\/ua-mejlis-logo-rgb.svg\",\"caption\":\"\u041c\u0435\u0434\u0436\u043b\u0456\u0441\"},\"image\":{\"@id\":\"https:\\\/\\\/qtmm.org\\\/qt\\\/#\\\/schema\\\/logo\\\/image\\\/\"},\"sameAs\":[\"https:\\\/\\\/www.facebook.com\\\/qtmm.info\\\/\"]},{\"@type\":\"Person\",\"@id\":\"https:\\\/\\\/qtmm.org\\\/qt\\\/#\\\/schema\\\/person\\\/de562469f971dec226ac06e60bbf74a7\",\"name\":\"Developer\",\"image\":{\"@type\":\"ImageObject\",\"inLanguage\":\"qt\",\"@id\":\"https:\\\/\\\/secure.gravatar.com\\\/avatar\\\/392b4cc8fbfeb00b39dfeeab4ee6edded39ffd48e25858637e4765810300227e?s=96&d=mm&r=g\",\"url\":\"https:\\\/\\\/secure.gravatar.com\\\/avatar\\\/392b4cc8fbfeb00b39dfeeab4ee6edded39ffd48e25858637e4765810300227e?s=96&d=mm&r=g\",\"contentUrl\":\"https:\\\/\\\/secure.gravatar.com\\\/avatar\\\/392b4cc8fbfeb00b39dfeeab4ee6edded39ffd48e25858637e4765810300227e?s=96&d=mm&r=g\",\"caption\":\"Developer\"},\"url\":\"https:\\\/\\\/qtmm.org\\\/qt\\\/author\\\/Developer\\\/\"}]}<\/script>\n<!-- \/ Yoast SEO plugin. -->","yoast_head_json":{"title":"Aqme\u00e7it rayon\u0131nda regional meclisni\u00f1 ya\u00f1\u0131 erk\u00e2n\u0131 \u015fekillenip, reisi sayland\u0131 - \u041c\u0435\u0434\u0436\u043b\u0456\u0441","robots":{"index":"index","follow":"follow","max-snippet":"max-snippet:-1","max-image-preview":"max-image-preview:large","max-video-preview":"max-video-preview:-1"},"canonical":"https:\/\/qtmm.org\/qt\/aqmecit-rayoninda-regional-meclisnin-yani-erkani-sekillenip-reisi-saylandi\/","og_locale":"en_US","og_type":"article","og_title":"Aqme\u00e7it rayon\u0131nda regional meclisni\u00f1 ya\u00f1\u0131 erk\u00e2n\u0131 \u015fekillenip, reisi sayland\u0131 - \u041c\u0435\u0434\u0436\u043b\u0456\u0441","og_description":"Belli ki, Aqme\u00e7it rayon\u0131 regional mecliske saylavlar 2012 senesi aprel 7-de ke\u00e7irilip, doquz yerli mecliske 53 aza se\u00e7ildi. B\u00f6yleliknen, mezk\u00fcr rayonn\u0131\u00f1 b\u00fct\u00fcn memuriy-territorial qurumlar\u0131nda (Novoselskiy k\u00f6y \u015furas\u0131ndan \u011fayr\u0131) . yerli meclisler saylan\u0131p, olar Regional konferentsiya\u011fa qadar \u00f6zlerini\u00f1 birinci topla\u015fuvlar\u0131n\u0131 \u00f6tkerdiler ve reis em de k\u00e2tiplerni se\u00e7tiler. 2012 senesi aprel 29 k\u00fcn\u00fc ol\u0131p ke\u00e7ken Aqme\u00e7it rayon\u0131 [&hellip;]","og_url":"https:\/\/qtmm.org\/qt\/aqmecit-rayoninda-regional-meclisnin-yani-erkani-sekillenip-reisi-saylandi\/","og_site_name":"\u041c\u0435\u0434\u0436\u043b\u0456\u0441","article_publisher":"https:\/\/www.facebook.com\/qtmm.info\/","article_published_time":"2012-05-04T15:40:00+00:00","article_modified_time":"2022-01-21T16:04:13+00:00","og_image":[{"width":800,"height":534,"url":"https:\/\/qtmm.org\/wp-content\/uploads\/2022\/01\/img_4825_kopiya.jpeg","type":"image\/jpeg"}],"author":"Developer","twitter_card":"summary_large_image","twitter_misc":{"Written by":"Developer","Est. reading time":"1 minute"},"schema":{"@context":"https:\/\/schema.org","@graph":[{"@type":"Article","@id":"https:\/\/qtmm.org\/qt\/aqmecit-rayoninda-regional-meclisnin-yani-erkani-sekillenip-reisi-saylandi\/#article","isPartOf":{"@id":"https:\/\/qtmm.org\/qt\/aqmecit-rayoninda-regional-meclisnin-yani-erkani-sekillenip-reisi-saylandi\/"},"author":{"name":"Developer","@id":"https:\/\/qtmm.org\/qt\/#\/schema\/person\/de562469f971dec226ac06e60bbf74a7"},"headline":"Aqme\u00e7it rayon\u0131nda regional meclisni\u00f1 ya\u00f1\u0131 erk\u00e2n\u0131 \u015fekillenip, reisi sayland\u0131","datePublished":"2012-05-04T15:40:00+00:00","dateModified":"2022-01-21T16:04:13+00:00","mainEntityOfPage":{"@id":"https:\/\/qtmm.org\/qt\/aqmecit-rayoninda-regional-meclisnin-yani-erkani-sekillenip-reisi-saylandi\/"},"wordCount":287,"commentCount":0,"publisher":{"@id":"https:\/\/qtmm.org\/qt\/#organization"},"image":{"@id":"https:\/\/qtmm.org\/qt\/aqmecit-rayoninda-regional-meclisnin-yani-erkani-sekillenip-reisi-saylandi\/#primaryimage"},"thumbnailUrl":"https:\/\/qtmm.org\/wp-content\/uploads\/2022\/01\/img_4825_kopiya.jpeg","articleSection":["Haberler"],"inLanguage":"qt","potentialAction":[{"@type":"CommentAction","name":"Comment","target":["https:\/\/qtmm.org\/qt\/aqmecit-rayoninda-regional-meclisnin-yani-erkani-sekillenip-reisi-saylandi\/#respond"]}]},{"@type":"WebPage","@id":"https:\/\/qtmm.org\/qt\/aqmecit-rayoninda-regional-meclisnin-yani-erkani-sekillenip-reisi-saylandi\/","url":"https:\/\/qtmm.org\/qt\/aqmecit-rayoninda-regional-meclisnin-yani-erkani-sekillenip-reisi-saylandi\/","name":"Aqme\u00e7it rayon\u0131nda regional meclisni\u00f1 ya\u00f1\u0131 erk\u00e2n\u0131 \u015fekillenip, reisi sayland\u0131 - \u041c\u0435\u0434\u0436\u043b\u0456\u0441","isPartOf":{"@id":"https:\/\/qtmm.org\/qt\/#website"},"primaryImageOfPage":{"@id":"https:\/\/qtmm.org\/qt\/aqmecit-rayoninda-regional-meclisnin-yani-erkani-sekillenip-reisi-saylandi\/#primaryimage"},"image":{"@id":"https:\/\/qtmm.org\/qt\/aqmecit-rayoninda-regional-meclisnin-yani-erkani-sekillenip-reisi-saylandi\/#primaryimage"},"thumbnailUrl":"https:\/\/qtmm.org\/wp-content\/uploads\/2022\/01\/img_4825_kopiya.jpeg","datePublished":"2012-05-04T15:40:00+00:00","dateModified":"2022-01-21T16:04:13+00:00","breadcrumb":{"@id":"https:\/\/qtmm.org\/qt\/aqmecit-rayoninda-regional-meclisnin-yani-erkani-sekillenip-reisi-saylandi\/#breadcrumb"},"inLanguage":"qt","potentialAction":[{"@type":"ReadAction","target":["https:\/\/qtmm.org\/qt\/aqmecit-rayoninda-regional-meclisnin-yani-erkani-sekillenip-reisi-saylandi\/"]}]},{"@type":"ImageObject","inLanguage":"qt","@id":"https:\/\/qtmm.org\/qt\/aqmecit-rayoninda-regional-meclisnin-yani-erkani-sekillenip-reisi-saylandi\/#primaryimage","url":"https:\/\/qtmm.org\/wp-content\/uploads\/2022\/01\/img_4825_kopiya.jpeg","contentUrl":"https:\/\/qtmm.org\/wp-content\/uploads\/2022\/01\/img_4825_kopiya.jpeg","width":800,"height":534},{"@type":"BreadcrumbList","@id":"https:\/\/qtmm.org\/qt\/aqmecit-rayoninda-regional-meclisnin-yani-erkani-sekillenip-reisi-saylandi\/#breadcrumb","itemListElement":[{"@type":"ListItem","position":1,"name":"\u0413\u043e\u043b\u043e\u0432\u043d\u0430","item":"https:\/\/qtmm.org\/qt\/"},{"@type":"ListItem","position":2,"name":"Aqme\u00e7it rayon\u0131nda regional meclisni\u00f1 ya\u00f1\u0131 erk\u00e2n\u0131 \u015fekillenip, reisi sayland\u0131"}]},{"@type":"WebSite","@id":"https:\/\/qtmm.org\/qt\/#website","url":"https:\/\/qtmm.org\/qt\/","name":"\u041c\u0435\u0434\u0436\u043b\u0456\u0441","description":"","publisher":{"@id":"https:\/\/qtmm.org\/qt\/#organization"},"potentialAction":[{"@type":"SearchAction","target":{"@type":"EntryPoint","urlTemplate":"https:\/\/qtmm.org\/qt\/?s={search_term_string}"},"query-input":{"@type":"PropertyValueSpecification","valueRequired":true,"valueName":"search_term_string"}}],"inLanguage":"qt"},{"@type":"Organization","@id":"https:\/\/qtmm.org\/qt\/#organization","name":"\u041c\u0435\u0434\u0436\u043b\u0456\u0441","url":"https:\/\/qtmm.org\/qt\/","logo":{"@type":"ImageObject","inLanguage":"qt","@id":"https:\/\/qtmm.org\/qt\/#\/schema\/logo\/image\/","url":"https:\/\/qtmm.org\/wp-content\/uploads\/2024\/12\/ua-mejlis-logo-rgb.svg","contentUrl":"https:\/\/qtmm.org\/wp-content\/uploads\/2024\/12\/ua-mejlis-logo-rgb.svg","caption":"\u041c\u0435\u0434\u0436\u043b\u0456\u0441"},"image":{"@id":"https:\/\/qtmm.org\/qt\/#\/schema\/logo\/image\/"},"sameAs":["https:\/\/www.facebook.com\/qtmm.info\/"]},{"@type":"Person","@id":"https:\/\/qtmm.org\/qt\/#\/schema\/person\/de562469f971dec226ac06e60bbf74a7","name":"Developer","image":{"@type":"ImageObject","inLanguage":"qt","@id":"https:\/\/secure.gravatar.com\/avatar\/392b4cc8fbfeb00b39dfeeab4ee6edded39ffd48e25858637e4765810300227e?s=96&d=mm&r=g","url":"https:\/\/secure.gravatar.com\/avatar\/392b4cc8fbfeb00b39dfeeab4ee6edded39ffd48e25858637e4765810300227e?s=96&d=mm&r=g","contentUrl":"https:\/\/secure.gravatar.com\/avatar\/392b4cc8fbfeb00b39dfeeab4ee6edded39ffd48e25858637e4765810300227e?s=96&d=mm&r=g","caption":"Developer"},"url":"https:\/\/qtmm.org\/qt\/author\/Developer\/"}]}},"_links":{"self":[{"href":"https:\/\/qtmm.org\/qt\/wp-json\/wp\/v2\/posts\/30428","targetHints":{"allow":["GET"]}}],"collection":[{"href":"https:\/\/qtmm.org\/qt\/wp-json\/wp\/v2\/posts"}],"about":[{"href":"https:\/\/qtmm.org\/qt\/wp-json\/wp\/v2\/types\/post"}],"author":[{"embeddable":true,"href":"https:\/\/qtmm.org\/qt\/wp-json\/wp\/v2\/users\/1"}],"replies":[{"embeddable":true,"href":"https:\/\/qtmm.org\/qt\/wp-json\/wp\/v2\/comments?post=30428"}],"version-history":[{"count":1,"href":"https:\/\/qtmm.org\/qt\/wp-json\/wp\/v2\/posts\/30428\/revisions"}],"predecessor-version":[{"id":30449,"href":"https:\/\/qtmm.org\/qt\/wp-json\/wp\/v2\/posts\/30428\/revisions\/30449"}],"wp:featuredmedia":[{"embeddable":true,"href":"https:\/\/qtmm.org\/qt\/wp-json\/wp\/v2\/media\/30429"}],"wp:attachment":[{"href":"https:\/\/qtmm.org\/qt\/wp-json\/wp\/v2\/media?parent=30428"}],"wp:term":[{"taxonomy":"category","embeddable":true,"href":"https:\/\/qtmm.org\/qt\/wp-json\/wp\/v2\/categories?post=30428"},{"taxonomy":"post_tag","embeddable":true,"href":"https:\/\/qtmm.org\/qt\/wp-json\/wp\/v2\/tags?post=30428"}],"curies":[{"name":"wp","href":"https:\/\/api.w.org\/{rel}","templated":true}]}}