




{"id":30426,"date":"2012-05-04T18:38:00","date_gmt":"2012-05-04T15:38:00","guid":{"rendered":"http:\/\/qtmm.org\/?p=30426"},"modified":"2022-01-21T18:39:32","modified_gmt":"2022-01-21T15:39:32","slug":"qirimtatar-halqi-meclisinin-prezidiumi-yuliya-timosenkoga-acliq-tutuvni-toqtatmaq-ricasinen-muracaat-ete","status":"publish","type":"post","link":"https:\/\/qtmm.org\/qt\/qirimtatar-halqi-meclisinin-prezidiumi-yuliya-timosenkoga-acliq-tutuvni-toqtatmaq-ricasinen-muracaat-ete\/","title":{"rendered":"Q\u0131r\u0131mtatar halq\u0131 Meclisini\u00f1 Prezidium\u0131 Yuliya Timo\u015fenko\u011fa a\u00e7l\u0131q tutuvn\u0131 toqtatmaq ricas\u0131nen muracaat ete"},"content":{"rendered":"\n<p>\u00dcrmetli Yuliya Vladimirovna!<\/p>\n\n\n\n<p><br>\u00dck\u00fcmetni\u00f1 basq\u0131s\u0131na naraz\u0131l\u0131q bildirerek a\u00e7l\u0131q tutuv\u0131\u00f1\u0131z neticesinde sa\u011fl\u0131\u011f\u0131\u00f1\u0131z keskin fenala\u015fqan\u0131 ve bu sizi\u00f1 ayat\u0131\u00f1\u0131zn\u0131 tel\u00fcke alt\u0131na qoy\u011fan\u0131nen Q\u0131r\u0131mtatar halq\u0131 Meclisini\u00f1 azalar\u0131 \u011fayet kederlenmekteler. Sizi\u00f1 taraf\u0131\u00f1\u0131zdan bu, adaletsizlik ve aqaretlerge qar\u015f\u0131 k\u00fcre\u015fni\u00f1 e\u00f1 so\u00f1ki \u015fekili ol\u011fan\u0131n\u0131 biz yah\u015f\u0131 a\u00f1laym\u0131z. Bug\u00fcn b\u00fct\u00fcn demokratik d\u00fcnya Sizge qoltuta ve Ukrainada muhalifetke qar\u015f\u0131 k\u00f6sterilgen qanuns\u0131zl\u0131qn\u0131 toqtatmaqn\u0131 talap ete.<br>Ukraina ve ukrain halq\u0131nen umumiy ke\u00e7mi\u015fnen ve Ukraina\u011fa Avropa halqlar\u0131 aras\u0131nda munasip yerni temin etecek demokratiya pekinmesine \u00fcm\u00fctnen ba\u011fl\u0131 ol\u011fan q\u0131r\u0131mtatar halq\u0131n\u0131\u00f1 kelecegi i\u00e7\u00fcn Sizi\u00f1 ayat\u0131\u00f1\u0131z ve bu ceryanda \u015fahsen Sizi\u00f1 i\u015ftiraki\u00f1iz ziyade m\u00fcimdir.<br><br>\u015eun\u0131 da qo\u015fmaq isteymiz ki, q\u0131r\u0131mtatar halq\u0131 SSSR kommunist rejimine qar\u015f\u0131 k\u00fcre\u015fken a\u011f\u0131r y\u0131llarda q\u0131r\u0131mtatar halq\u0131 milliy areketini\u00f1 faalleri de apshanelerde aqs\u0131zl\u0131q ve repressiya\u011fa naraz\u0131l\u0131\u011f\u0131n\u0131 a\u00e7l\u0131q tutuvnen numay\u0131\u015f etken ediler. Amma a\u00e7l\u0131q tutqanlar endi \u00f6lmek tel\u00fckesinde ol\u011fanda apshane bek\u00e7ileri olarn\u0131\u00f1 vucud\u0131n\u0131 zorbal\u0131qnen mahsus \u015fingenliklernen \u011f\u0131daland\u0131rd\u0131lar.<br>Say\u011f\u0131l\u0131 Yuliya Vladimirovna, Sizi\u00f1 a\u011fr\u0131\u00f1\u0131zn\u0131 sezerek ve Ukraina i\u00e7\u00fcn fedayiligi\u00f1izni de a\u00f1layaraq \u015fun\u0131 qayd etemiz ki, ukrain cemiyeti Sizi\u00f1 sa\u011f-sel\u00e2met olma\u00f1\u0131z\u011fa muhtacd\u0131r.<br>&nbsp;Sizge yalvaram\u0131z, rica etemiz \u2013 a\u00e7l\u0131q tutmaqn\u0131 toqtat\u0131\u00f1\u0131z.<br>\u011ealebege do\u011fru beraber keteyik!<br><br>Ukraina\u011fa \u015fan-\u015ferefler!<br>Ya\u015fas\u0131n q\u0131r\u0131mtatar halq\u0131!<br><br>Q\u0131r\u0131mtatar halq\u0131 Meclisini\u00f1 reisi, Ukraina halq deputat\u0131<br>Mustafa Cemilev<\/p>\n","protected":false},"excerpt":{"rendered":"<p>\u00dcrmetli Yuliya Vladimirovna! \u00dck\u00fcmetni\u00f1 basq\u0131s\u0131na naraz\u0131l\u0131q bildirerek a\u00e7l\u0131q tutuv\u0131\u00f1\u0131z neticesinde sa\u011fl\u0131\u011f\u0131\u00f1\u0131z keskin fenala\u015fqan\u0131 ve bu sizi\u00f1 ayat\u0131\u00f1\u0131zn\u0131 tel\u00fcke alt\u0131na qoy\u011fan\u0131nen Q\u0131r\u0131mtatar halq\u0131 Meclisini\u00f1 azalar\u0131 \u011fayet kederlenmekteler. Sizi\u00f1 taraf\u0131\u00f1\u0131zdan bu, adaletsizlik ve aqaretlerge qar\u015f\u0131 k\u00fcre\u015fni\u00f1 e\u00f1 so\u00f1ki \u015fekili ol\u011fan\u0131n\u0131 biz yah\u015f\u0131 a\u00f1laym\u0131z. Bug\u00fcn b\u00fct\u00fcn demokratik d\u00fcnya Sizge qoltuta ve Ukrainada muhalifetke qar\u015f\u0131 k\u00f6sterilgen qanuns\u0131zl\u0131qn\u0131 toqtatmaqn\u0131 talap [&hellip;]<\/p>\n","protected":false},"author":1,"featured_media":0,"comment_status":"open","ping_status":"open","sticky":false,"template":"","format":"standard","meta":{"inline_featured_image":false,"footnotes":""},"categories":[265],"tags":[],"class_list":["post-30426","post","type-post","status-publish","format-standard","hentry","category-haberler"],"acf":[],"yoast_head":"<!-- This site is optimized with the Yoast SEO plugin v27.4 - https:\/\/yoast.com\/product\/yoast-seo-wordpress\/ -->\n<title>Q\u0131r\u0131mtatar halq\u0131 Meclisini\u00f1 Prezidium\u0131 Yuliya Timo\u015fenko\u011fa a\u00e7l\u0131q tutuvn\u0131 toqtatmaq ricas\u0131nen muracaat ete - \u041c\u0435\u0434\u0436\u043b\u0456\u0441<\/title>\n<meta name=\"robots\" content=\"index, follow, max-snippet:-1, max-image-preview:large, max-video-preview:-1\" \/>\n<link rel=\"canonical\" href=\"https:\/\/qtmm.org\/qt\/qirimtatar-halqi-meclisinin-prezidiumi-yuliya-timosenkoga-acliq-tutuvni-toqtatmaq-ricasinen-muracaat-ete\/\" \/>\n<meta property=\"og:locale\" content=\"en_US\" \/>\n<meta property=\"og:type\" content=\"article\" \/>\n<meta property=\"og:title\" content=\"Q\u0131r\u0131mtatar halq\u0131 Meclisini\u00f1 Prezidium\u0131 Yuliya Timo\u015fenko\u011fa a\u00e7l\u0131q tutuvn\u0131 toqtatmaq ricas\u0131nen muracaat ete - \u041c\u0435\u0434\u0436\u043b\u0456\u0441\" \/>\n<meta property=\"og:description\" content=\"\u00dcrmetli Yuliya Vladimirovna! \u00dck\u00fcmetni\u00f1 basq\u0131s\u0131na naraz\u0131l\u0131q bildirerek a\u00e7l\u0131q tutuv\u0131\u00f1\u0131z neticesinde sa\u011fl\u0131\u011f\u0131\u00f1\u0131z keskin fenala\u015fqan\u0131 ve bu sizi\u00f1 ayat\u0131\u00f1\u0131zn\u0131 tel\u00fcke alt\u0131na qoy\u011fan\u0131nen Q\u0131r\u0131mtatar halq\u0131 Meclisini\u00f1 azalar\u0131 \u011fayet kederlenmekteler. Sizi\u00f1 taraf\u0131\u00f1\u0131zdan bu, adaletsizlik ve aqaretlerge qar\u015f\u0131 k\u00fcre\u015fni\u00f1 e\u00f1 so\u00f1ki \u015fekili ol\u011fan\u0131n\u0131 biz yah\u015f\u0131 a\u00f1laym\u0131z. Bug\u00fcn b\u00fct\u00fcn demokratik d\u00fcnya Sizge qoltuta ve Ukrainada muhalifetke qar\u015f\u0131 k\u00f6sterilgen qanuns\u0131zl\u0131qn\u0131 toqtatmaqn\u0131 talap [&hellip;]\" \/>\n<meta property=\"og:url\" content=\"https:\/\/qtmm.org\/qt\/qirimtatar-halqi-meclisinin-prezidiumi-yuliya-timosenkoga-acliq-tutuvni-toqtatmaq-ricasinen-muracaat-ete\/\" \/>\n<meta property=\"og:site_name\" content=\"\u041c\u0435\u0434\u0436\u043b\u0456\u0441\" \/>\n<meta property=\"article:publisher\" content=\"https:\/\/www.facebook.com\/qtmm.info\/\" \/>\n<meta property=\"article:published_time\" content=\"2012-05-04T15:38:00+00:00\" \/>\n<meta property=\"article:modified_time\" content=\"2022-01-21T15:39:32+00:00\" \/>\n<meta name=\"author\" content=\"Developer\" \/>\n<meta name=\"twitter:card\" content=\"summary_large_image\" \/>\n<meta name=\"twitter:label1\" content=\"Written by\" \/>\n\t<meta name=\"twitter:data1\" content=\"Developer\" \/>\n\t<meta name=\"twitter:label2\" content=\"Est. reading time\" \/>\n\t<meta name=\"twitter:data2\" content=\"1 minute\" \/>\n<script type=\"application\/ld+json\" class=\"yoast-schema-graph\">{\"@context\":\"https:\\\/\\\/schema.org\",\"@graph\":[{\"@type\":\"Article\",\"@id\":\"https:\\\/\\\/qtmm.org\\\/qt\\\/qirimtatar-halqi-meclisinin-prezidiumi-yuliya-timosenkoga-acliq-tutuvni-toqtatmaq-ricasinen-muracaat-ete\\\/#article\",\"isPartOf\":{\"@id\":\"https:\\\/\\\/qtmm.org\\\/qt\\\/qirimtatar-halqi-meclisinin-prezidiumi-yuliya-timosenkoga-acliq-tutuvni-toqtatmaq-ricasinen-muracaat-ete\\\/\"},\"author\":{\"name\":\"Developer\",\"@id\":\"https:\\\/\\\/qtmm.org\\\/qt\\\/#\\\/schema\\\/person\\\/de562469f971dec226ac06e60bbf74a7\"},\"headline\":\"Q\u0131r\u0131mtatar halq\u0131 Meclisini\u00f1 Prezidium\u0131 Yuliya Timo\u015fenko\u011fa a\u00e7l\u0131q tutuvn\u0131 toqtatmaq ricas\u0131nen muracaat ete\",\"datePublished\":\"2012-05-04T15:38:00+00:00\",\"dateModified\":\"2022-01-21T15:39:32+00:00\",\"mainEntityOfPage\":{\"@id\":\"https:\\\/\\\/qtmm.org\\\/qt\\\/qirimtatar-halqi-meclisinin-prezidiumi-yuliya-timosenkoga-acliq-tutuvni-toqtatmaq-ricasinen-muracaat-ete\\\/\"},\"wordCount\":300,\"commentCount\":0,\"publisher\":{\"@id\":\"https:\\\/\\\/qtmm.org\\\/qt\\\/#organization\"},\"articleSection\":[\"Haberler\"],\"inLanguage\":\"qt\",\"potentialAction\":[{\"@type\":\"CommentAction\",\"name\":\"Comment\",\"target\":[\"https:\\\/\\\/qtmm.org\\\/qt\\\/qirimtatar-halqi-meclisinin-prezidiumi-yuliya-timosenkoga-acliq-tutuvni-toqtatmaq-ricasinen-muracaat-ete\\\/#respond\"]}]},{\"@type\":\"WebPage\",\"@id\":\"https:\\\/\\\/qtmm.org\\\/qt\\\/qirimtatar-halqi-meclisinin-prezidiumi-yuliya-timosenkoga-acliq-tutuvni-toqtatmaq-ricasinen-muracaat-ete\\\/\",\"url\":\"https:\\\/\\\/qtmm.org\\\/qt\\\/qirimtatar-halqi-meclisinin-prezidiumi-yuliya-timosenkoga-acliq-tutuvni-toqtatmaq-ricasinen-muracaat-ete\\\/\",\"name\":\"Q\u0131r\u0131mtatar halq\u0131 Meclisini\u00f1 Prezidium\u0131 Yuliya Timo\u015fenko\u011fa a\u00e7l\u0131q tutuvn\u0131 toqtatmaq ricas\u0131nen muracaat ete - \u041c\u0435\u0434\u0436\u043b\u0456\u0441\",\"isPartOf\":{\"@id\":\"https:\\\/\\\/qtmm.org\\\/qt\\\/#website\"},\"datePublished\":\"2012-05-04T15:38:00+00:00\",\"dateModified\":\"2022-01-21T15:39:32+00:00\",\"breadcrumb\":{\"@id\":\"https:\\\/\\\/qtmm.org\\\/qt\\\/qirimtatar-halqi-meclisinin-prezidiumi-yuliya-timosenkoga-acliq-tutuvni-toqtatmaq-ricasinen-muracaat-ete\\\/#breadcrumb\"},\"inLanguage\":\"qt\",\"potentialAction\":[{\"@type\":\"ReadAction\",\"target\":[\"https:\\\/\\\/qtmm.org\\\/qt\\\/qirimtatar-halqi-meclisinin-prezidiumi-yuliya-timosenkoga-acliq-tutuvni-toqtatmaq-ricasinen-muracaat-ete\\\/\"]}]},{\"@type\":\"BreadcrumbList\",\"@id\":\"https:\\\/\\\/qtmm.org\\\/qt\\\/qirimtatar-halqi-meclisinin-prezidiumi-yuliya-timosenkoga-acliq-tutuvni-toqtatmaq-ricasinen-muracaat-ete\\\/#breadcrumb\",\"itemListElement\":[{\"@type\":\"ListItem\",\"position\":1,\"name\":\"\u0413\u043e\u043b\u043e\u0432\u043d\u0430\",\"item\":\"https:\\\/\\\/qtmm.org\\\/qt\\\/\"},{\"@type\":\"ListItem\",\"position\":2,\"name\":\"Q\u0131r\u0131mtatar halq\u0131 Meclisini\u00f1 Prezidium\u0131 Yuliya Timo\u015fenko\u011fa a\u00e7l\u0131q tutuvn\u0131 toqtatmaq ricas\u0131nen muracaat ete\"}]},{\"@type\":\"WebSite\",\"@id\":\"https:\\\/\\\/qtmm.org\\\/qt\\\/#website\",\"url\":\"https:\\\/\\\/qtmm.org\\\/qt\\\/\",\"name\":\"\u041c\u0435\u0434\u0436\u043b\u0456\u0441\",\"description\":\"\",\"publisher\":{\"@id\":\"https:\\\/\\\/qtmm.org\\\/qt\\\/#organization\"},\"potentialAction\":[{\"@type\":\"SearchAction\",\"target\":{\"@type\":\"EntryPoint\",\"urlTemplate\":\"https:\\\/\\\/qtmm.org\\\/qt\\\/?s={search_term_string}\"},\"query-input\":{\"@type\":\"PropertyValueSpecification\",\"valueRequired\":true,\"valueName\":\"search_term_string\"}}],\"inLanguage\":\"qt\"},{\"@type\":\"Organization\",\"@id\":\"https:\\\/\\\/qtmm.org\\\/qt\\\/#organization\",\"name\":\"\u041c\u0435\u0434\u0436\u043b\u0456\u0441\",\"url\":\"https:\\\/\\\/qtmm.org\\\/qt\\\/\",\"logo\":{\"@type\":\"ImageObject\",\"inLanguage\":\"qt\",\"@id\":\"https:\\\/\\\/qtmm.org\\\/qt\\\/#\\\/schema\\\/logo\\\/image\\\/\",\"url\":\"https:\\\/\\\/qtmm.org\\\/wp-content\\\/uploads\\\/2024\\\/12\\\/ua-mejlis-logo-rgb.svg\",\"contentUrl\":\"https:\\\/\\\/qtmm.org\\\/wp-content\\\/uploads\\\/2024\\\/12\\\/ua-mejlis-logo-rgb.svg\",\"caption\":\"\u041c\u0435\u0434\u0436\u043b\u0456\u0441\"},\"image\":{\"@id\":\"https:\\\/\\\/qtmm.org\\\/qt\\\/#\\\/schema\\\/logo\\\/image\\\/\"},\"sameAs\":[\"https:\\\/\\\/www.facebook.com\\\/qtmm.info\\\/\"]},{\"@type\":\"Person\",\"@id\":\"https:\\\/\\\/qtmm.org\\\/qt\\\/#\\\/schema\\\/person\\\/de562469f971dec226ac06e60bbf74a7\",\"name\":\"Developer\",\"image\":{\"@type\":\"ImageObject\",\"inLanguage\":\"qt\",\"@id\":\"https:\\\/\\\/secure.gravatar.com\\\/avatar\\\/392b4cc8fbfeb00b39dfeeab4ee6edded39ffd48e25858637e4765810300227e?s=96&d=mm&r=g\",\"url\":\"https:\\\/\\\/secure.gravatar.com\\\/avatar\\\/392b4cc8fbfeb00b39dfeeab4ee6edded39ffd48e25858637e4765810300227e?s=96&d=mm&r=g\",\"contentUrl\":\"https:\\\/\\\/secure.gravatar.com\\\/avatar\\\/392b4cc8fbfeb00b39dfeeab4ee6edded39ffd48e25858637e4765810300227e?s=96&d=mm&r=g\",\"caption\":\"Developer\"},\"url\":\"https:\\\/\\\/qtmm.org\\\/qt\\\/author\\\/Developer\\\/\"}]}<\/script>\n<!-- \/ Yoast SEO plugin. -->","yoast_head_json":{"title":"Q\u0131r\u0131mtatar halq\u0131 Meclisini\u00f1 Prezidium\u0131 Yuliya Timo\u015fenko\u011fa a\u00e7l\u0131q tutuvn\u0131 toqtatmaq ricas\u0131nen muracaat ete - \u041c\u0435\u0434\u0436\u043b\u0456\u0441","robots":{"index":"index","follow":"follow","max-snippet":"max-snippet:-1","max-image-preview":"max-image-preview:large","max-video-preview":"max-video-preview:-1"},"canonical":"https:\/\/qtmm.org\/qt\/qirimtatar-halqi-meclisinin-prezidiumi-yuliya-timosenkoga-acliq-tutuvni-toqtatmaq-ricasinen-muracaat-ete\/","og_locale":"en_US","og_type":"article","og_title":"Q\u0131r\u0131mtatar halq\u0131 Meclisini\u00f1 Prezidium\u0131 Yuliya Timo\u015fenko\u011fa a\u00e7l\u0131q tutuvn\u0131 toqtatmaq ricas\u0131nen muracaat ete - \u041c\u0435\u0434\u0436\u043b\u0456\u0441","og_description":"\u00dcrmetli Yuliya Vladimirovna! \u00dck\u00fcmetni\u00f1 basq\u0131s\u0131na naraz\u0131l\u0131q bildirerek a\u00e7l\u0131q tutuv\u0131\u00f1\u0131z neticesinde sa\u011fl\u0131\u011f\u0131\u00f1\u0131z keskin fenala\u015fqan\u0131 ve bu sizi\u00f1 ayat\u0131\u00f1\u0131zn\u0131 tel\u00fcke alt\u0131na qoy\u011fan\u0131nen Q\u0131r\u0131mtatar halq\u0131 Meclisini\u00f1 azalar\u0131 \u011fayet kederlenmekteler. Sizi\u00f1 taraf\u0131\u00f1\u0131zdan bu, adaletsizlik ve aqaretlerge qar\u015f\u0131 k\u00fcre\u015fni\u00f1 e\u00f1 so\u00f1ki \u015fekili ol\u011fan\u0131n\u0131 biz yah\u015f\u0131 a\u00f1laym\u0131z. Bug\u00fcn b\u00fct\u00fcn demokratik d\u00fcnya Sizge qoltuta ve Ukrainada muhalifetke qar\u015f\u0131 k\u00f6sterilgen qanuns\u0131zl\u0131qn\u0131 toqtatmaqn\u0131 talap [&hellip;]","og_url":"https:\/\/qtmm.org\/qt\/qirimtatar-halqi-meclisinin-prezidiumi-yuliya-timosenkoga-acliq-tutuvni-toqtatmaq-ricasinen-muracaat-ete\/","og_site_name":"\u041c\u0435\u0434\u0436\u043b\u0456\u0441","article_publisher":"https:\/\/www.facebook.com\/qtmm.info\/","article_published_time":"2012-05-04T15:38:00+00:00","article_modified_time":"2022-01-21T15:39:32+00:00","author":"Developer","twitter_card":"summary_large_image","twitter_misc":{"Written by":"Developer","Est. reading time":"1 minute"},"schema":{"@context":"https:\/\/schema.org","@graph":[{"@type":"Article","@id":"https:\/\/qtmm.org\/qt\/qirimtatar-halqi-meclisinin-prezidiumi-yuliya-timosenkoga-acliq-tutuvni-toqtatmaq-ricasinen-muracaat-ete\/#article","isPartOf":{"@id":"https:\/\/qtmm.org\/qt\/qirimtatar-halqi-meclisinin-prezidiumi-yuliya-timosenkoga-acliq-tutuvni-toqtatmaq-ricasinen-muracaat-ete\/"},"author":{"name":"Developer","@id":"https:\/\/qtmm.org\/qt\/#\/schema\/person\/de562469f971dec226ac06e60bbf74a7"},"headline":"Q\u0131r\u0131mtatar halq\u0131 Meclisini\u00f1 Prezidium\u0131 Yuliya Timo\u015fenko\u011fa a\u00e7l\u0131q tutuvn\u0131 toqtatmaq ricas\u0131nen muracaat ete","datePublished":"2012-05-04T15:38:00+00:00","dateModified":"2022-01-21T15:39:32+00:00","mainEntityOfPage":{"@id":"https:\/\/qtmm.org\/qt\/qirimtatar-halqi-meclisinin-prezidiumi-yuliya-timosenkoga-acliq-tutuvni-toqtatmaq-ricasinen-muracaat-ete\/"},"wordCount":300,"commentCount":0,"publisher":{"@id":"https:\/\/qtmm.org\/qt\/#organization"},"articleSection":["Haberler"],"inLanguage":"qt","potentialAction":[{"@type":"CommentAction","name":"Comment","target":["https:\/\/qtmm.org\/qt\/qirimtatar-halqi-meclisinin-prezidiumi-yuliya-timosenkoga-acliq-tutuvni-toqtatmaq-ricasinen-muracaat-ete\/#respond"]}]},{"@type":"WebPage","@id":"https:\/\/qtmm.org\/qt\/qirimtatar-halqi-meclisinin-prezidiumi-yuliya-timosenkoga-acliq-tutuvni-toqtatmaq-ricasinen-muracaat-ete\/","url":"https:\/\/qtmm.org\/qt\/qirimtatar-halqi-meclisinin-prezidiumi-yuliya-timosenkoga-acliq-tutuvni-toqtatmaq-ricasinen-muracaat-ete\/","name":"Q\u0131r\u0131mtatar halq\u0131 Meclisini\u00f1 Prezidium\u0131 Yuliya Timo\u015fenko\u011fa a\u00e7l\u0131q tutuvn\u0131 toqtatmaq ricas\u0131nen muracaat ete - \u041c\u0435\u0434\u0436\u043b\u0456\u0441","isPartOf":{"@id":"https:\/\/qtmm.org\/qt\/#website"},"datePublished":"2012-05-04T15:38:00+00:00","dateModified":"2022-01-21T15:39:32+00:00","breadcrumb":{"@id":"https:\/\/qtmm.org\/qt\/qirimtatar-halqi-meclisinin-prezidiumi-yuliya-timosenkoga-acliq-tutuvni-toqtatmaq-ricasinen-muracaat-ete\/#breadcrumb"},"inLanguage":"qt","potentialAction":[{"@type":"ReadAction","target":["https:\/\/qtmm.org\/qt\/qirimtatar-halqi-meclisinin-prezidiumi-yuliya-timosenkoga-acliq-tutuvni-toqtatmaq-ricasinen-muracaat-ete\/"]}]},{"@type":"BreadcrumbList","@id":"https:\/\/qtmm.org\/qt\/qirimtatar-halqi-meclisinin-prezidiumi-yuliya-timosenkoga-acliq-tutuvni-toqtatmaq-ricasinen-muracaat-ete\/#breadcrumb","itemListElement":[{"@type":"ListItem","position":1,"name":"\u0413\u043e\u043b\u043e\u0432\u043d\u0430","item":"https:\/\/qtmm.org\/qt\/"},{"@type":"ListItem","position":2,"name":"Q\u0131r\u0131mtatar halq\u0131 Meclisini\u00f1 Prezidium\u0131 Yuliya Timo\u015fenko\u011fa a\u00e7l\u0131q tutuvn\u0131 toqtatmaq ricas\u0131nen muracaat ete"}]},{"@type":"WebSite","@id":"https:\/\/qtmm.org\/qt\/#website","url":"https:\/\/qtmm.org\/qt\/","name":"\u041c\u0435\u0434\u0436\u043b\u0456\u0441","description":"","publisher":{"@id":"https:\/\/qtmm.org\/qt\/#organization"},"potentialAction":[{"@type":"SearchAction","target":{"@type":"EntryPoint","urlTemplate":"https:\/\/qtmm.org\/qt\/?s={search_term_string}"},"query-input":{"@type":"PropertyValueSpecification","valueRequired":true,"valueName":"search_term_string"}}],"inLanguage":"qt"},{"@type":"Organization","@id":"https:\/\/qtmm.org\/qt\/#organization","name":"\u041c\u0435\u0434\u0436\u043b\u0456\u0441","url":"https:\/\/qtmm.org\/qt\/","logo":{"@type":"ImageObject","inLanguage":"qt","@id":"https:\/\/qtmm.org\/qt\/#\/schema\/logo\/image\/","url":"https:\/\/qtmm.org\/wp-content\/uploads\/2024\/12\/ua-mejlis-logo-rgb.svg","contentUrl":"https:\/\/qtmm.org\/wp-content\/uploads\/2024\/12\/ua-mejlis-logo-rgb.svg","caption":"\u041c\u0435\u0434\u0436\u043b\u0456\u0441"},"image":{"@id":"https:\/\/qtmm.org\/qt\/#\/schema\/logo\/image\/"},"sameAs":["https:\/\/www.facebook.com\/qtmm.info\/"]},{"@type":"Person","@id":"https:\/\/qtmm.org\/qt\/#\/schema\/person\/de562469f971dec226ac06e60bbf74a7","name":"Developer","image":{"@type":"ImageObject","inLanguage":"qt","@id":"https:\/\/secure.gravatar.com\/avatar\/392b4cc8fbfeb00b39dfeeab4ee6edded39ffd48e25858637e4765810300227e?s=96&d=mm&r=g","url":"https:\/\/secure.gravatar.com\/avatar\/392b4cc8fbfeb00b39dfeeab4ee6edded39ffd48e25858637e4765810300227e?s=96&d=mm&r=g","contentUrl":"https:\/\/secure.gravatar.com\/avatar\/392b4cc8fbfeb00b39dfeeab4ee6edded39ffd48e25858637e4765810300227e?s=96&d=mm&r=g","caption":"Developer"},"url":"https:\/\/qtmm.org\/qt\/author\/Developer\/"}]}},"_links":{"self":[{"href":"https:\/\/qtmm.org\/qt\/wp-json\/wp\/v2\/posts\/30426","targetHints":{"allow":["GET"]}}],"collection":[{"href":"https:\/\/qtmm.org\/qt\/wp-json\/wp\/v2\/posts"}],"about":[{"href":"https:\/\/qtmm.org\/qt\/wp-json\/wp\/v2\/types\/post"}],"author":[{"embeddable":true,"href":"https:\/\/qtmm.org\/qt\/wp-json\/wp\/v2\/users\/1"}],"replies":[{"embeddable":true,"href":"https:\/\/qtmm.org\/qt\/wp-json\/wp\/v2\/comments?post=30426"}],"version-history":[{"count":1,"href":"https:\/\/qtmm.org\/qt\/wp-json\/wp\/v2\/posts\/30426\/revisions"}],"predecessor-version":[{"id":30427,"href":"https:\/\/qtmm.org\/qt\/wp-json\/wp\/v2\/posts\/30426\/revisions\/30427"}],"wp:attachment":[{"href":"https:\/\/qtmm.org\/qt\/wp-json\/wp\/v2\/media?parent=30426"}],"wp:term":[{"taxonomy":"category","embeddable":true,"href":"https:\/\/qtmm.org\/qt\/wp-json\/wp\/v2\/categories?post=30426"},{"taxonomy":"post_tag","embeddable":true,"href":"https:\/\/qtmm.org\/qt\/wp-json\/wp\/v2\/tags?post=30426"}],"curies":[{"name":"wp","href":"https:\/\/api.w.org\/{rel}","templated":true}]}}