




{"id":30424,"date":"2012-05-03T18:38:00","date_gmt":"2012-05-03T15:38:00","guid":{"rendered":"http:\/\/qtmm.org\/?p=30424"},"modified":"2022-01-21T18:40:08","modified_gmt":"2022-01-21T15:40:08","slug":"kericte-hidirlez-bayrami","status":"publish","type":"post","link":"https:\/\/qtmm.org\/qt\/kericte-hidirlez-bayrami\/","title":{"rendered":"Keri\u00e7te H\u0131d\u0131rlez bayram\u0131"},"content":{"rendered":"\n<p>May\u0131s 2 k\u00fcn\u00fc Keri\u00e7ni\u00f1 de\u00f1iz yal\u0131s\u0131nda yerle\u015fken istraat ba\u011f\u00e7as\u0131nda H\u0131d\u0131rlez bayram\u0131 qayd etildi. Bayram aqq\u0131nda aqq\u0131nda tafsil\u00e2tl\u0131 mal\u00fcmatnen Q\u0131r\u0131mtatar halq\u0131 Meclisi reisini\u00f1 birinci muavini Refat \u00c7ubarov&nbsp;<a href=\"https:\/\/facebook.com\/\">Facebook<\/a>&nbsp;sotsial a\u011flar\u0131nda \u00f6z saifesinde payla\u015fa.<\/p>\n\n\n\n<p>\u015eun\u0131 qayd etmek kerek ki, dep yaza Refat \u00c7ubarov, Keri\u00e7te H\u0131d\u0131rlez bayram\u0131n\u0131 tantanal\u0131 ke\u00e7irmek endi umum\u015feer miqyas\u0131nda ananege \u00e7evirildi. H\u0131d\u0131rlezge \u015feerni\u00f1 ba\u015f\u0131 \u00d6leg Osad\u00e7iy, M\u00fcfret Veliyev reisligindeki Keri\u00e7 regional meclisi ve b\u00fct\u00fcn sakinleri k\u00fcn evelden az\u0131rlanalar.<\/p>\n\n\n\n<p>H\u0131d\u0131rlez bayram\u0131nda i\u015ftirak etmek i\u00e7\u00fcn Keri\u00e7 civar\u0131ndaki k\u00f6y ve qasabalardan keldiler. Bayram tedbirlerine er kesten ziyade balalar quvana , \u00e7\u00fcnki olar i\u00e7\u00fcn bu, \u00fcykenler \u00f6g\u00fcnde oynamaq ve y\u0131rlamaq ustal\u0131qlar\u0131n\u0131 numay\u0131\u015f etmek i\u00e7\u00fcn daa bir fursatt\u0131r.<\/p>\n\n\n\n<p>Refat \u00c7ubarovn\u0131\u00f1 bildirgenine k\u00f6re, bayramn\u0131\u00f1 resmiy a\u00e7\u0131l\u0131\u015f\u0131nda Keri\u00e7 \u015feer golovas\u0131 \u00d6leg Osad\u00e7iy, B\u00fct\u00fcnd\u00fcnya q\u0131r\u0131mtatarlar kongressini\u00f1 prezidenti Refat \u00c7ubarov ve Keri\u00e7 regional meclisini\u00f1 reisi M\u00fcfret Veliyev i\u015ftirak ettiler.<\/p>\n\n\n\n<p>H\u0131d\u0131rlez bayram\u0131 \u00e7er\u00e7ivesinde Keri\u00e7 \u015feer bayra\u011f\u0131 ve q\u0131r\u0131mtatar milliy bayraqlar\u0131nen yara\u015ft\u0131r\u0131l\u011fan yengil arabalarn\u0131\u00f1 y\u00fcr\u00fc\u015fi old\u0131.<br><br>&nbsp;Amma bayramn\u0131 e\u00f1 ziyade yara\u015ft\u0131r\u011fan ve ayr\u0131ca bir keyf ba\u011f\u0131\u015fla\u011fan \u015fey \u2013 bu q\u0131r\u0131mtatar milliy k\u00fcre\u015f boyunca yar\u0131\u015f old\u0131. \u011ealip ise \u015feer golovas\u0131ndan bir qoyun qazand\u0131.<\/p>\n\n\n\n<p>Cumhuriyet seviyesinde H\u0131d\u0131rlez bayram\u0131 may\u0131s 5 k\u00fcn\u00fc Ba\u011f\u00e7asaray rayon\u0131nda &#8220;\u015eaherezada&#8221; eglence merkezinde \u00f6tkerilecek.<br>Bayram\u011fa er kes davet etile. Bayram te\u015fkil\u00e2t\u00e7\u0131lar\u0131n\u0131\u00f1 vade etkenine k\u00f6re, tedbir pek meraql\u0131 ve \u015fe\u00f1 olacaq.<\/p>\n","protected":false},"excerpt":{"rendered":"<p>May\u0131s 2 k\u00fcn\u00fc Keri\u00e7ni\u00f1 de\u00f1iz yal\u0131s\u0131nda yerle\u015fken istraat ba\u011f\u00e7as\u0131nda H\u0131d\u0131rlez bayram\u0131 qayd etildi. Bayram aqq\u0131nda aqq\u0131nda tafsil\u00e2tl\u0131 mal\u00fcmatnen Q\u0131r\u0131mtatar halq\u0131 Meclisi reisini\u00f1 birinci muavini Refat \u00c7ubarov&nbsp;Facebook&nbsp;sotsial a\u011flar\u0131nda \u00f6z saifesinde payla\u015fa. \u015eun\u0131 qayd etmek kerek ki, dep yaza Refat \u00c7ubarov, Keri\u00e7te H\u0131d\u0131rlez bayram\u0131n\u0131 tantanal\u0131 ke\u00e7irmek endi umum\u015feer miqyas\u0131nda ananege \u00e7evirildi. H\u0131d\u0131rlezge \u015feerni\u00f1 ba\u015f\u0131 \u00d6leg Osad\u00e7iy, M\u00fcfret [&hellip;]<\/p>\n","protected":false},"author":1,"featured_media":0,"comment_status":"open","ping_status":"open","sticky":false,"template":"","format":"standard","meta":{"inline_featured_image":false,"footnotes":""},"categories":[265],"tags":[],"class_list":["post-30424","post","type-post","status-publish","format-standard","hentry","category-haberler"],"acf":[],"yoast_head":"<!-- This site is optimized with the Yoast SEO plugin v27.4 - https:\/\/yoast.com\/product\/yoast-seo-wordpress\/ -->\n<title>Keri\u00e7te H\u0131d\u0131rlez bayram\u0131 - \u041c\u0435\u0434\u0436\u043b\u0456\u0441<\/title>\n<meta name=\"robots\" content=\"index, follow, max-snippet:-1, max-image-preview:large, max-video-preview:-1\" \/>\n<link rel=\"canonical\" href=\"https:\/\/qtmm.org\/qt\/kericte-hidirlez-bayrami\/\" \/>\n<meta property=\"og:locale\" content=\"en_US\" \/>\n<meta property=\"og:type\" content=\"article\" \/>\n<meta property=\"og:title\" content=\"Keri\u00e7te H\u0131d\u0131rlez bayram\u0131 - \u041c\u0435\u0434\u0436\u043b\u0456\u0441\" \/>\n<meta property=\"og:description\" content=\"May\u0131s 2 k\u00fcn\u00fc Keri\u00e7ni\u00f1 de\u00f1iz yal\u0131s\u0131nda yerle\u015fken istraat ba\u011f\u00e7as\u0131nda H\u0131d\u0131rlez bayram\u0131 qayd etildi. Bayram aqq\u0131nda aqq\u0131nda tafsil\u00e2tl\u0131 mal\u00fcmatnen Q\u0131r\u0131mtatar halq\u0131 Meclisi reisini\u00f1 birinci muavini Refat \u00c7ubarov&nbsp;Facebook&nbsp;sotsial a\u011flar\u0131nda \u00f6z saifesinde payla\u015fa. \u015eun\u0131 qayd etmek kerek ki, dep yaza Refat \u00c7ubarov, Keri\u00e7te H\u0131d\u0131rlez bayram\u0131n\u0131 tantanal\u0131 ke\u00e7irmek endi umum\u015feer miqyas\u0131nda ananege \u00e7evirildi. H\u0131d\u0131rlezge \u015feerni\u00f1 ba\u015f\u0131 \u00d6leg Osad\u00e7iy, M\u00fcfret [&hellip;]\" \/>\n<meta property=\"og:url\" content=\"https:\/\/qtmm.org\/qt\/kericte-hidirlez-bayrami\/\" \/>\n<meta property=\"og:site_name\" content=\"\u041c\u0435\u0434\u0436\u043b\u0456\u0441\" \/>\n<meta property=\"article:publisher\" content=\"https:\/\/www.facebook.com\/qtmm.info\/\" \/>\n<meta property=\"article:published_time\" content=\"2012-05-03T15:38:00+00:00\" \/>\n<meta property=\"article:modified_time\" content=\"2022-01-21T15:40:08+00:00\" \/>\n<meta name=\"author\" content=\"Developer\" \/>\n<meta name=\"twitter:card\" content=\"summary_large_image\" \/>\n<meta name=\"twitter:label1\" content=\"Written by\" \/>\n\t<meta name=\"twitter:data1\" content=\"Developer\" \/>\n\t<meta name=\"twitter:label2\" content=\"Est. reading time\" \/>\n\t<meta name=\"twitter:data2\" content=\"1 minute\" \/>\n<script type=\"application\/ld+json\" class=\"yoast-schema-graph\">{\"@context\":\"https:\\\/\\\/schema.org\",\"@graph\":[{\"@type\":\"Article\",\"@id\":\"https:\\\/\\\/qtmm.org\\\/qt\\\/kericte-hidirlez-bayrami\\\/#article\",\"isPartOf\":{\"@id\":\"https:\\\/\\\/qtmm.org\\\/qt\\\/kericte-hidirlez-bayrami\\\/\"},\"author\":{\"name\":\"Developer\",\"@id\":\"https:\\\/\\\/qtmm.org\\\/qt\\\/#\\\/schema\\\/person\\\/de562469f971dec226ac06e60bbf74a7\"},\"headline\":\"Keri\u00e7te H\u0131d\u0131rlez bayram\u0131\",\"datePublished\":\"2012-05-03T15:38:00+00:00\",\"dateModified\":\"2022-01-21T15:40:08+00:00\",\"mainEntityOfPage\":{\"@id\":\"https:\\\/\\\/qtmm.org\\\/qt\\\/kericte-hidirlez-bayrami\\\/\"},\"wordCount\":299,\"commentCount\":0,\"publisher\":{\"@id\":\"https:\\\/\\\/qtmm.org\\\/qt\\\/#organization\"},\"articleSection\":[\"Haberler\"],\"inLanguage\":\"qt\",\"potentialAction\":[{\"@type\":\"CommentAction\",\"name\":\"Comment\",\"target\":[\"https:\\\/\\\/qtmm.org\\\/qt\\\/kericte-hidirlez-bayrami\\\/#respond\"]}]},{\"@type\":\"WebPage\",\"@id\":\"https:\\\/\\\/qtmm.org\\\/qt\\\/kericte-hidirlez-bayrami\\\/\",\"url\":\"https:\\\/\\\/qtmm.org\\\/qt\\\/kericte-hidirlez-bayrami\\\/\",\"name\":\"Keri\u00e7te H\u0131d\u0131rlez bayram\u0131 - \u041c\u0435\u0434\u0436\u043b\u0456\u0441\",\"isPartOf\":{\"@id\":\"https:\\\/\\\/qtmm.org\\\/qt\\\/#website\"},\"datePublished\":\"2012-05-03T15:38:00+00:00\",\"dateModified\":\"2022-01-21T15:40:08+00:00\",\"breadcrumb\":{\"@id\":\"https:\\\/\\\/qtmm.org\\\/qt\\\/kericte-hidirlez-bayrami\\\/#breadcrumb\"},\"inLanguage\":\"qt\",\"potentialAction\":[{\"@type\":\"ReadAction\",\"target\":[\"https:\\\/\\\/qtmm.org\\\/qt\\\/kericte-hidirlez-bayrami\\\/\"]}]},{\"@type\":\"BreadcrumbList\",\"@id\":\"https:\\\/\\\/qtmm.org\\\/qt\\\/kericte-hidirlez-bayrami\\\/#breadcrumb\",\"itemListElement\":[{\"@type\":\"ListItem\",\"position\":1,\"name\":\"\u0413\u043e\u043b\u043e\u0432\u043d\u0430\",\"item\":\"https:\\\/\\\/qtmm.org\\\/qt\\\/\"},{\"@type\":\"ListItem\",\"position\":2,\"name\":\"Keri\u00e7te H\u0131d\u0131rlez bayram\u0131\"}]},{\"@type\":\"WebSite\",\"@id\":\"https:\\\/\\\/qtmm.org\\\/qt\\\/#website\",\"url\":\"https:\\\/\\\/qtmm.org\\\/qt\\\/\",\"name\":\"\u041c\u0435\u0434\u0436\u043b\u0456\u0441\",\"description\":\"\",\"publisher\":{\"@id\":\"https:\\\/\\\/qtmm.org\\\/qt\\\/#organization\"},\"potentialAction\":[{\"@type\":\"SearchAction\",\"target\":{\"@type\":\"EntryPoint\",\"urlTemplate\":\"https:\\\/\\\/qtmm.org\\\/qt\\\/?s={search_term_string}\"},\"query-input\":{\"@type\":\"PropertyValueSpecification\",\"valueRequired\":true,\"valueName\":\"search_term_string\"}}],\"inLanguage\":\"qt\"},{\"@type\":\"Organization\",\"@id\":\"https:\\\/\\\/qtmm.org\\\/qt\\\/#organization\",\"name\":\"\u041c\u0435\u0434\u0436\u043b\u0456\u0441\",\"url\":\"https:\\\/\\\/qtmm.org\\\/qt\\\/\",\"logo\":{\"@type\":\"ImageObject\",\"inLanguage\":\"qt\",\"@id\":\"https:\\\/\\\/qtmm.org\\\/qt\\\/#\\\/schema\\\/logo\\\/image\\\/\",\"url\":\"https:\\\/\\\/qtmm.org\\\/wp-content\\\/uploads\\\/2024\\\/12\\\/ua-mejlis-logo-rgb.svg\",\"contentUrl\":\"https:\\\/\\\/qtmm.org\\\/wp-content\\\/uploads\\\/2024\\\/12\\\/ua-mejlis-logo-rgb.svg\",\"caption\":\"\u041c\u0435\u0434\u0436\u043b\u0456\u0441\"},\"image\":{\"@id\":\"https:\\\/\\\/qtmm.org\\\/qt\\\/#\\\/schema\\\/logo\\\/image\\\/\"},\"sameAs\":[\"https:\\\/\\\/www.facebook.com\\\/qtmm.info\\\/\"]},{\"@type\":\"Person\",\"@id\":\"https:\\\/\\\/qtmm.org\\\/qt\\\/#\\\/schema\\\/person\\\/de562469f971dec226ac06e60bbf74a7\",\"name\":\"Developer\",\"image\":{\"@type\":\"ImageObject\",\"inLanguage\":\"qt\",\"@id\":\"https:\\\/\\\/secure.gravatar.com\\\/avatar\\\/392b4cc8fbfeb00b39dfeeab4ee6edded39ffd48e25858637e4765810300227e?s=96&d=mm&r=g\",\"url\":\"https:\\\/\\\/secure.gravatar.com\\\/avatar\\\/392b4cc8fbfeb00b39dfeeab4ee6edded39ffd48e25858637e4765810300227e?s=96&d=mm&r=g\",\"contentUrl\":\"https:\\\/\\\/secure.gravatar.com\\\/avatar\\\/392b4cc8fbfeb00b39dfeeab4ee6edded39ffd48e25858637e4765810300227e?s=96&d=mm&r=g\",\"caption\":\"Developer\"},\"url\":\"https:\\\/\\\/qtmm.org\\\/qt\\\/author\\\/Developer\\\/\"}]}<\/script>\n<!-- \/ Yoast SEO plugin. -->","yoast_head_json":{"title":"Keri\u00e7te H\u0131d\u0131rlez bayram\u0131 - \u041c\u0435\u0434\u0436\u043b\u0456\u0441","robots":{"index":"index","follow":"follow","max-snippet":"max-snippet:-1","max-image-preview":"max-image-preview:large","max-video-preview":"max-video-preview:-1"},"canonical":"https:\/\/qtmm.org\/qt\/kericte-hidirlez-bayrami\/","og_locale":"en_US","og_type":"article","og_title":"Keri\u00e7te H\u0131d\u0131rlez bayram\u0131 - \u041c\u0435\u0434\u0436\u043b\u0456\u0441","og_description":"May\u0131s 2 k\u00fcn\u00fc Keri\u00e7ni\u00f1 de\u00f1iz yal\u0131s\u0131nda yerle\u015fken istraat ba\u011f\u00e7as\u0131nda H\u0131d\u0131rlez bayram\u0131 qayd etildi. Bayram aqq\u0131nda aqq\u0131nda tafsil\u00e2tl\u0131 mal\u00fcmatnen Q\u0131r\u0131mtatar halq\u0131 Meclisi reisini\u00f1 birinci muavini Refat \u00c7ubarov&nbsp;Facebook&nbsp;sotsial a\u011flar\u0131nda \u00f6z saifesinde payla\u015fa. \u015eun\u0131 qayd etmek kerek ki, dep yaza Refat \u00c7ubarov, Keri\u00e7te H\u0131d\u0131rlez bayram\u0131n\u0131 tantanal\u0131 ke\u00e7irmek endi umum\u015feer miqyas\u0131nda ananege \u00e7evirildi. H\u0131d\u0131rlezge \u015feerni\u00f1 ba\u015f\u0131 \u00d6leg Osad\u00e7iy, M\u00fcfret [&hellip;]","og_url":"https:\/\/qtmm.org\/qt\/kericte-hidirlez-bayrami\/","og_site_name":"\u041c\u0435\u0434\u0436\u043b\u0456\u0441","article_publisher":"https:\/\/www.facebook.com\/qtmm.info\/","article_published_time":"2012-05-03T15:38:00+00:00","article_modified_time":"2022-01-21T15:40:08+00:00","author":"Developer","twitter_card":"summary_large_image","twitter_misc":{"Written by":"Developer","Est. reading time":"1 minute"},"schema":{"@context":"https:\/\/schema.org","@graph":[{"@type":"Article","@id":"https:\/\/qtmm.org\/qt\/kericte-hidirlez-bayrami\/#article","isPartOf":{"@id":"https:\/\/qtmm.org\/qt\/kericte-hidirlez-bayrami\/"},"author":{"name":"Developer","@id":"https:\/\/qtmm.org\/qt\/#\/schema\/person\/de562469f971dec226ac06e60bbf74a7"},"headline":"Keri\u00e7te H\u0131d\u0131rlez bayram\u0131","datePublished":"2012-05-03T15:38:00+00:00","dateModified":"2022-01-21T15:40:08+00:00","mainEntityOfPage":{"@id":"https:\/\/qtmm.org\/qt\/kericte-hidirlez-bayrami\/"},"wordCount":299,"commentCount":0,"publisher":{"@id":"https:\/\/qtmm.org\/qt\/#organization"},"articleSection":["Haberler"],"inLanguage":"qt","potentialAction":[{"@type":"CommentAction","name":"Comment","target":["https:\/\/qtmm.org\/qt\/kericte-hidirlez-bayrami\/#respond"]}]},{"@type":"WebPage","@id":"https:\/\/qtmm.org\/qt\/kericte-hidirlez-bayrami\/","url":"https:\/\/qtmm.org\/qt\/kericte-hidirlez-bayrami\/","name":"Keri\u00e7te H\u0131d\u0131rlez bayram\u0131 - \u041c\u0435\u0434\u0436\u043b\u0456\u0441","isPartOf":{"@id":"https:\/\/qtmm.org\/qt\/#website"},"datePublished":"2012-05-03T15:38:00+00:00","dateModified":"2022-01-21T15:40:08+00:00","breadcrumb":{"@id":"https:\/\/qtmm.org\/qt\/kericte-hidirlez-bayrami\/#breadcrumb"},"inLanguage":"qt","potentialAction":[{"@type":"ReadAction","target":["https:\/\/qtmm.org\/qt\/kericte-hidirlez-bayrami\/"]}]},{"@type":"BreadcrumbList","@id":"https:\/\/qtmm.org\/qt\/kericte-hidirlez-bayrami\/#breadcrumb","itemListElement":[{"@type":"ListItem","position":1,"name":"\u0413\u043e\u043b\u043e\u0432\u043d\u0430","item":"https:\/\/qtmm.org\/qt\/"},{"@type":"ListItem","position":2,"name":"Keri\u00e7te H\u0131d\u0131rlez bayram\u0131"}]},{"@type":"WebSite","@id":"https:\/\/qtmm.org\/qt\/#website","url":"https:\/\/qtmm.org\/qt\/","name":"\u041c\u0435\u0434\u0436\u043b\u0456\u0441","description":"","publisher":{"@id":"https:\/\/qtmm.org\/qt\/#organization"},"potentialAction":[{"@type":"SearchAction","target":{"@type":"EntryPoint","urlTemplate":"https:\/\/qtmm.org\/qt\/?s={search_term_string}"},"query-input":{"@type":"PropertyValueSpecification","valueRequired":true,"valueName":"search_term_string"}}],"inLanguage":"qt"},{"@type":"Organization","@id":"https:\/\/qtmm.org\/qt\/#organization","name":"\u041c\u0435\u0434\u0436\u043b\u0456\u0441","url":"https:\/\/qtmm.org\/qt\/","logo":{"@type":"ImageObject","inLanguage":"qt","@id":"https:\/\/qtmm.org\/qt\/#\/schema\/logo\/image\/","url":"https:\/\/qtmm.org\/wp-content\/uploads\/2024\/12\/ua-mejlis-logo-rgb.svg","contentUrl":"https:\/\/qtmm.org\/wp-content\/uploads\/2024\/12\/ua-mejlis-logo-rgb.svg","caption":"\u041c\u0435\u0434\u0436\u043b\u0456\u0441"},"image":{"@id":"https:\/\/qtmm.org\/qt\/#\/schema\/logo\/image\/"},"sameAs":["https:\/\/www.facebook.com\/qtmm.info\/"]},{"@type":"Person","@id":"https:\/\/qtmm.org\/qt\/#\/schema\/person\/de562469f971dec226ac06e60bbf74a7","name":"Developer","image":{"@type":"ImageObject","inLanguage":"qt","@id":"https:\/\/secure.gravatar.com\/avatar\/392b4cc8fbfeb00b39dfeeab4ee6edded39ffd48e25858637e4765810300227e?s=96&d=mm&r=g","url":"https:\/\/secure.gravatar.com\/avatar\/392b4cc8fbfeb00b39dfeeab4ee6edded39ffd48e25858637e4765810300227e?s=96&d=mm&r=g","contentUrl":"https:\/\/secure.gravatar.com\/avatar\/392b4cc8fbfeb00b39dfeeab4ee6edded39ffd48e25858637e4765810300227e?s=96&d=mm&r=g","caption":"Developer"},"url":"https:\/\/qtmm.org\/qt\/author\/Developer\/"}]}},"_links":{"self":[{"href":"https:\/\/qtmm.org\/qt\/wp-json\/wp\/v2\/posts\/30424","targetHints":{"allow":["GET"]}}],"collection":[{"href":"https:\/\/qtmm.org\/qt\/wp-json\/wp\/v2\/posts"}],"about":[{"href":"https:\/\/qtmm.org\/qt\/wp-json\/wp\/v2\/types\/post"}],"author":[{"embeddable":true,"href":"https:\/\/qtmm.org\/qt\/wp-json\/wp\/v2\/users\/1"}],"replies":[{"embeddable":true,"href":"https:\/\/qtmm.org\/qt\/wp-json\/wp\/v2\/comments?post=30424"}],"version-history":[{"count":1,"href":"https:\/\/qtmm.org\/qt\/wp-json\/wp\/v2\/posts\/30424\/revisions"}],"predecessor-version":[{"id":30425,"href":"https:\/\/qtmm.org\/qt\/wp-json\/wp\/v2\/posts\/30424\/revisions\/30425"}],"wp:attachment":[{"href":"https:\/\/qtmm.org\/qt\/wp-json\/wp\/v2\/media?parent=30424"}],"wp:term":[{"taxonomy":"category","embeddable":true,"href":"https:\/\/qtmm.org\/qt\/wp-json\/wp\/v2\/categories?post=30424"},{"taxonomy":"post_tag","embeddable":true,"href":"https:\/\/qtmm.org\/qt\/wp-json\/wp\/v2\/tags?post=30424"}],"curies":[{"name":"wp","href":"https:\/\/api.w.org\/{rel}","templated":true}]}}