




{"id":30406,"date":"2012-04-26T18:28:00","date_gmt":"2012-04-26T15:28:00","guid":{"rendered":"http:\/\/qtmm.org\/?p=30406"},"modified":"2022-01-21T18:30:31","modified_gmt":"2022-01-21T15:30:31","slug":"mustafa-cemilev-alusta-regioni-sakinlerinen-korusti","status":"publish","type":"post","link":"https:\/\/qtmm.org\/qt\/mustafa-cemilev-alusta-regioni-sakinlerinen-korusti\/","title":{"rendered":"Mustafa Cemilev Alu\u015fta region\u0131 sakinlerinen k\u00f6r\u00fc\u015fti"},"content":{"rendered":"\n<p>Belli ki, 2012 senesi aprel 28-de Alu\u015fta region\u0131ndaki Alu\u015fta \u015feer meclisi, B\u00fcy\u00fck Lambat, K\u00fc\u00e7\u00fck \u00dczen ve K\u00f6rbek\u00fcl yerli meclislerine azalar saylanacaq.<\/p>\n\n\n\n<p>Saylavlar arfesinde Q\u0131r\u0131mtatar halq\u0131 Meclisini\u00f1 reisi, Ukraina halq deputat\u0131 Mustafa Cemilev Alu\u015fta region\u0131 sakinlerinen bir \u00e7oq k\u00f6r\u00fc\u015f\u00fcvler ke\u00e7irdi.<\/p>\n\n\n\n<p>Meclis reisini\u00f1 muavini, yerli meclislerge saylavlarn\u0131 az\u0131rlav ve te\u015fkil\u00e2tland\u0131ruv boyunca komissiya reisi Ahtem \u00c7iygoz, \u015fu komissiya azas\u0131 Ali \u00d6zenba\u015f, Meclis t\u0131\u015fq\u0131 al\u00e2qalar b\u00f6l\u00fcgi ba\u015f\u0131n\u0131\u00f1 yard\u0131mc\u0131s\u0131 Abduraman Egiz ve Alu\u015fta &#8220;\u00c7at\u0131r-Da\u011f&#8221; q\u0131r\u0131mtatar milliy-medeniy cemiyetni\u00f1 ba\u015f\u0131 Seit-Ya\u011fya Kazakov da i\u015ftirak etken bu topla\u015fuvlarda Meclis yolb\u015fa\u00e7\u0131lar\u0131 ve yerli sakinler Alu\u015fta region\u0131nda ve umumen q\u0131r\u0131mtatar halq\u0131n\u0131\u00f1 vaziyeti muzakere etildi.<\/p>\n\n\n\n<figure class=\"wp-block-image size-full\"><img loading=\"lazy\" decoding=\"async\" width=\"800\" height=\"600\" src=\"http:\/\/qtmm.org\/wp-content\/uploads\/2022\/01\/4_16.jpeg\" alt=\"\" class=\"wp-image-30411\" srcset=\"https:\/\/qtmm.org\/wp-content\/uploads\/2022\/01\/4_16.jpeg 800w, https:\/\/qtmm.org\/wp-content\/uploads\/2022\/01\/4_16-300x225.jpeg 300w, https:\/\/qtmm.org\/wp-content\/uploads\/2022\/01\/4_16-768x576.jpeg 768w\" sizes=\"auto, (max-width: 800px) 100vw, 800px\" \/><\/figure>\n\n\n\n<p>Q\u0131r\u0131mtatarlarn\u0131\u00f1 ayat\u0131nda \u00f6z-\u00f6z\u00fcni idare et\u00fcv milliy organlar\u0131na olacaq saylavlar kibi mes\u00fclietli ad\u0131m\u011fa az\u0131rl\u0131q Alu\u015fta, B\u00fcy\u00fck Lambat, K\u00f6rbek, K\u00fc\u00e7\u00fck \u00dczen ve \u015euma k\u00f6ylerinda aprel 21 k\u00fcn\u00fc ol\u0131p ke\u00e7ken k\u00f6r\u00fc\u015f\u00fcvlerni\u00f1 ba\u015f mevzus\u0131 old\u0131. \u00c7\u00fcnki saylavlarda Alu\u015fta region\u0131 sakinlerini\u00f1 milliy menfaatlar\u0131n\u0131 temsil etecek vekiller se\u00e7ilecek.<\/p>\n\n\n\n<figure class=\"wp-block-image size-full\"><img loading=\"lazy\" decoding=\"async\" width=\"800\" height=\"600\" src=\"http:\/\/qtmm.org\/wp-content\/uploads\/2022\/01\/5_5.jpeg\" alt=\"\" class=\"wp-image-30415\" srcset=\"https:\/\/qtmm.org\/wp-content\/uploads\/2022\/01\/5_5.jpeg 800w, https:\/\/qtmm.org\/wp-content\/uploads\/2022\/01\/5_5-300x225.jpeg 300w, https:\/\/qtmm.org\/wp-content\/uploads\/2022\/01\/5_5-768x576.jpeg 768w\" sizes=\"auto, (max-width: 800px) 100vw, 800px\" \/><\/figure>\n\n\n\n<p>Adamlar \u00f6z-\u00f6z\u00fcni idare et\u00fcv milliy organlar\u0131nda yerli meclislerni\u00f1 vatanperver, faal ve ikmetli vekillerini k\u00f6rmek isteyler.<\/p>\n\n\n\n<p>Bundan da \u011fayr\u0131, Meclis vekilleri Alu\u015fta region\u0131 sakinlerini q\u0131r\u0131mtatar halq\u0131n\u0131\u00f1 H\u0131d\u0131rlez ve genotsid qurbanlar\u0131n\u0131\u00f1 hat\u0131ras\u0131na matem merasimleri kibi B\u00fct\u00fcn Q\u0131r\u0131m seviyesinde \u00f6ltkerilgen k\u00fctleviy tedbirlerde i\u015ftirak etmege \u00e7a\u011f\u0131rd\u0131lar.<\/p>\n\n\n\n<figure class=\"wp-block-image size-full\"><img loading=\"lazy\" decoding=\"async\" width=\"800\" height=\"600\" src=\"http:\/\/qtmm.org\/wp-content\/uploads\/2022\/01\/3_18.jpeg\" alt=\"\" class=\"wp-image-30419\" srcset=\"https:\/\/qtmm.org\/wp-content\/uploads\/2022\/01\/3_18.jpeg 800w, https:\/\/qtmm.org\/wp-content\/uploads\/2022\/01\/3_18-300x225.jpeg 300w, https:\/\/qtmm.org\/wp-content\/uploads\/2022\/01\/3_18-768x576.jpeg 768w\" sizes=\"auto, (max-width: 800px) 100vw, 800px\" \/><\/figure>\n","protected":false},"excerpt":{"rendered":"<p>Belli ki, 2012 senesi aprel 28-de Alu\u015fta region\u0131ndaki Alu\u015fta \u015feer meclisi, B\u00fcy\u00fck Lambat, K\u00fc\u00e7\u00fck \u00dczen ve K\u00f6rbek\u00fcl yerli meclislerine azalar saylanacaq. Saylavlar arfesinde Q\u0131r\u0131mtatar halq\u0131 Meclisini\u00f1 reisi, Ukraina halq deputat\u0131 Mustafa Cemilev Alu\u015fta region\u0131 sakinlerinen bir \u00e7oq k\u00f6r\u00fc\u015f\u00fcvler ke\u00e7irdi. Meclis reisini\u00f1 muavini, yerli meclislerge saylavlarn\u0131 az\u0131rlav ve te\u015fkil\u00e2tland\u0131ruv boyunca komissiya reisi Ahtem \u00c7iygoz, \u015fu komissiya [&hellip;]<\/p>\n","protected":false},"author":1,"featured_media":30407,"comment_status":"open","ping_status":"open","sticky":false,"template":"","format":"standard","meta":{"inline_featured_image":false,"footnotes":""},"categories":[265],"tags":[],"class_list":["post-30406","post","type-post","status-publish","format-standard","has-post-thumbnail","hentry","category-haberler"],"acf":[],"yoast_head":"<!-- This site is optimized with the Yoast SEO plugin v27.4 - https:\/\/yoast.com\/product\/yoast-seo-wordpress\/ -->\n<title>Mustafa Cemilev Alu\u015fta region\u0131 sakinlerinen k\u00f6r\u00fc\u015fti - \u041c\u0435\u0434\u0436\u043b\u0456\u0441<\/title>\n<meta name=\"robots\" content=\"index, follow, max-snippet:-1, max-image-preview:large, max-video-preview:-1\" \/>\n<link rel=\"canonical\" href=\"https:\/\/qtmm.org\/qt\/mustafa-cemilev-alusta-regioni-sakinlerinen-korusti\/\" \/>\n<meta property=\"og:locale\" content=\"en_US\" \/>\n<meta property=\"og:type\" content=\"article\" \/>\n<meta property=\"og:title\" content=\"Mustafa Cemilev Alu\u015fta region\u0131 sakinlerinen k\u00f6r\u00fc\u015fti - \u041c\u0435\u0434\u0436\u043b\u0456\u0441\" \/>\n<meta property=\"og:description\" content=\"Belli ki, 2012 senesi aprel 28-de Alu\u015fta region\u0131ndaki Alu\u015fta \u015feer meclisi, B\u00fcy\u00fck Lambat, K\u00fc\u00e7\u00fck \u00dczen ve K\u00f6rbek\u00fcl yerli meclislerine azalar saylanacaq. Saylavlar arfesinde Q\u0131r\u0131mtatar halq\u0131 Meclisini\u00f1 reisi, Ukraina halq deputat\u0131 Mustafa Cemilev Alu\u015fta region\u0131 sakinlerinen bir \u00e7oq k\u00f6r\u00fc\u015f\u00fcvler ke\u00e7irdi. Meclis reisini\u00f1 muavini, yerli meclislerge saylavlarn\u0131 az\u0131rlav ve te\u015fkil\u00e2tland\u0131ruv boyunca komissiya reisi Ahtem \u00c7iygoz, \u015fu komissiya [&hellip;]\" \/>\n<meta property=\"og:url\" content=\"https:\/\/qtmm.org\/qt\/mustafa-cemilev-alusta-regioni-sakinlerinen-korusti\/\" \/>\n<meta property=\"og:site_name\" content=\"\u041c\u0435\u0434\u0436\u043b\u0456\u0441\" \/>\n<meta property=\"article:publisher\" content=\"https:\/\/www.facebook.com\/qtmm.info\/\" \/>\n<meta property=\"article:published_time\" content=\"2012-04-26T15:28:00+00:00\" \/>\n<meta property=\"article:modified_time\" content=\"2022-01-21T15:30:31+00:00\" \/>\n<meta property=\"og:image\" content=\"https:\/\/qtmm.org\/wp-content\/uploads\/2022\/01\/2_33.jpeg\" \/>\n\t<meta property=\"og:image:width\" content=\"800\" \/>\n\t<meta property=\"og:image:height\" content=\"600\" \/>\n\t<meta property=\"og:image:type\" content=\"image\/jpeg\" \/>\n<meta name=\"author\" content=\"Developer\" \/>\n<meta name=\"twitter:card\" content=\"summary_large_image\" \/>\n<meta name=\"twitter:label1\" content=\"Written by\" \/>\n\t<meta name=\"twitter:data1\" content=\"Developer\" \/>\n\t<meta name=\"twitter:label2\" content=\"Est. reading time\" \/>\n\t<meta name=\"twitter:data2\" content=\"1 minute\" \/>\n<script type=\"application\/ld+json\" class=\"yoast-schema-graph\">{\"@context\":\"https:\\\/\\\/schema.org\",\"@graph\":[{\"@type\":\"Article\",\"@id\":\"https:\\\/\\\/qtmm.org\\\/qt\\\/mustafa-cemilev-alusta-regioni-sakinlerinen-korusti\\\/#article\",\"isPartOf\":{\"@id\":\"https:\\\/\\\/qtmm.org\\\/qt\\\/mustafa-cemilev-alusta-regioni-sakinlerinen-korusti\\\/\"},\"author\":{\"name\":\"Developer\",\"@id\":\"https:\\\/\\\/qtmm.org\\\/qt\\\/#\\\/schema\\\/person\\\/de562469f971dec226ac06e60bbf74a7\"},\"headline\":\"Mustafa Cemilev Alu\u015fta region\u0131 sakinlerinen k\u00f6r\u00fc\u015fti\",\"datePublished\":\"2012-04-26T15:28:00+00:00\",\"dateModified\":\"2022-01-21T15:30:31+00:00\",\"mainEntityOfPage\":{\"@id\":\"https:\\\/\\\/qtmm.org\\\/qt\\\/mustafa-cemilev-alusta-regioni-sakinlerinen-korusti\\\/\"},\"wordCount\":272,\"commentCount\":0,\"publisher\":{\"@id\":\"https:\\\/\\\/qtmm.org\\\/qt\\\/#organization\"},\"image\":{\"@id\":\"https:\\\/\\\/qtmm.org\\\/qt\\\/mustafa-cemilev-alusta-regioni-sakinlerinen-korusti\\\/#primaryimage\"},\"thumbnailUrl\":\"https:\\\/\\\/qtmm.org\\\/wp-content\\\/uploads\\\/2022\\\/01\\\/2_33.jpeg\",\"articleSection\":[\"Haberler\"],\"inLanguage\":\"qt\",\"potentialAction\":[{\"@type\":\"CommentAction\",\"name\":\"Comment\",\"target\":[\"https:\\\/\\\/qtmm.org\\\/qt\\\/mustafa-cemilev-alusta-regioni-sakinlerinen-korusti\\\/#respond\"]}]},{\"@type\":\"WebPage\",\"@id\":\"https:\\\/\\\/qtmm.org\\\/qt\\\/mustafa-cemilev-alusta-regioni-sakinlerinen-korusti\\\/\",\"url\":\"https:\\\/\\\/qtmm.org\\\/qt\\\/mustafa-cemilev-alusta-regioni-sakinlerinen-korusti\\\/\",\"name\":\"Mustafa Cemilev Alu\u015fta region\u0131 sakinlerinen k\u00f6r\u00fc\u015fti - \u041c\u0435\u0434\u0436\u043b\u0456\u0441\",\"isPartOf\":{\"@id\":\"https:\\\/\\\/qtmm.org\\\/qt\\\/#website\"},\"primaryImageOfPage\":{\"@id\":\"https:\\\/\\\/qtmm.org\\\/qt\\\/mustafa-cemilev-alusta-regioni-sakinlerinen-korusti\\\/#primaryimage\"},\"image\":{\"@id\":\"https:\\\/\\\/qtmm.org\\\/qt\\\/mustafa-cemilev-alusta-regioni-sakinlerinen-korusti\\\/#primaryimage\"},\"thumbnailUrl\":\"https:\\\/\\\/qtmm.org\\\/wp-content\\\/uploads\\\/2022\\\/01\\\/2_33.jpeg\",\"datePublished\":\"2012-04-26T15:28:00+00:00\",\"dateModified\":\"2022-01-21T15:30:31+00:00\",\"breadcrumb\":{\"@id\":\"https:\\\/\\\/qtmm.org\\\/qt\\\/mustafa-cemilev-alusta-regioni-sakinlerinen-korusti\\\/#breadcrumb\"},\"inLanguage\":\"qt\",\"potentialAction\":[{\"@type\":\"ReadAction\",\"target\":[\"https:\\\/\\\/qtmm.org\\\/qt\\\/mustafa-cemilev-alusta-regioni-sakinlerinen-korusti\\\/\"]}]},{\"@type\":\"ImageObject\",\"inLanguage\":\"qt\",\"@id\":\"https:\\\/\\\/qtmm.org\\\/qt\\\/mustafa-cemilev-alusta-regioni-sakinlerinen-korusti\\\/#primaryimage\",\"url\":\"https:\\\/\\\/qtmm.org\\\/wp-content\\\/uploads\\\/2022\\\/01\\\/2_33.jpeg\",\"contentUrl\":\"https:\\\/\\\/qtmm.org\\\/wp-content\\\/uploads\\\/2022\\\/01\\\/2_33.jpeg\",\"width\":800,\"height\":600},{\"@type\":\"BreadcrumbList\",\"@id\":\"https:\\\/\\\/qtmm.org\\\/qt\\\/mustafa-cemilev-alusta-regioni-sakinlerinen-korusti\\\/#breadcrumb\",\"itemListElement\":[{\"@type\":\"ListItem\",\"position\":1,\"name\":\"\u0413\u043e\u043b\u043e\u0432\u043d\u0430\",\"item\":\"https:\\\/\\\/qtmm.org\\\/qt\\\/\"},{\"@type\":\"ListItem\",\"position\":2,\"name\":\"Mustafa Cemilev Alu\u015fta region\u0131 sakinlerinen k\u00f6r\u00fc\u015fti\"}]},{\"@type\":\"WebSite\",\"@id\":\"https:\\\/\\\/qtmm.org\\\/qt\\\/#website\",\"url\":\"https:\\\/\\\/qtmm.org\\\/qt\\\/\",\"name\":\"\u041c\u0435\u0434\u0436\u043b\u0456\u0441\",\"description\":\"\",\"publisher\":{\"@id\":\"https:\\\/\\\/qtmm.org\\\/qt\\\/#organization\"},\"potentialAction\":[{\"@type\":\"SearchAction\",\"target\":{\"@type\":\"EntryPoint\",\"urlTemplate\":\"https:\\\/\\\/qtmm.org\\\/qt\\\/?s={search_term_string}\"},\"query-input\":{\"@type\":\"PropertyValueSpecification\",\"valueRequired\":true,\"valueName\":\"search_term_string\"}}],\"inLanguage\":\"qt\"},{\"@type\":\"Organization\",\"@id\":\"https:\\\/\\\/qtmm.org\\\/qt\\\/#organization\",\"name\":\"\u041c\u0435\u0434\u0436\u043b\u0456\u0441\",\"url\":\"https:\\\/\\\/qtmm.org\\\/qt\\\/\",\"logo\":{\"@type\":\"ImageObject\",\"inLanguage\":\"qt\",\"@id\":\"https:\\\/\\\/qtmm.org\\\/qt\\\/#\\\/schema\\\/logo\\\/image\\\/\",\"url\":\"https:\\\/\\\/qtmm.org\\\/wp-content\\\/uploads\\\/2024\\\/12\\\/ua-mejlis-logo-rgb.svg\",\"contentUrl\":\"https:\\\/\\\/qtmm.org\\\/wp-content\\\/uploads\\\/2024\\\/12\\\/ua-mejlis-logo-rgb.svg\",\"caption\":\"\u041c\u0435\u0434\u0436\u043b\u0456\u0441\"},\"image\":{\"@id\":\"https:\\\/\\\/qtmm.org\\\/qt\\\/#\\\/schema\\\/logo\\\/image\\\/\"},\"sameAs\":[\"https:\\\/\\\/www.facebook.com\\\/qtmm.info\\\/\"]},{\"@type\":\"Person\",\"@id\":\"https:\\\/\\\/qtmm.org\\\/qt\\\/#\\\/schema\\\/person\\\/de562469f971dec226ac06e60bbf74a7\",\"name\":\"Developer\",\"image\":{\"@type\":\"ImageObject\",\"inLanguage\":\"qt\",\"@id\":\"https:\\\/\\\/secure.gravatar.com\\\/avatar\\\/392b4cc8fbfeb00b39dfeeab4ee6edded39ffd48e25858637e4765810300227e?s=96&d=mm&r=g\",\"url\":\"https:\\\/\\\/secure.gravatar.com\\\/avatar\\\/392b4cc8fbfeb00b39dfeeab4ee6edded39ffd48e25858637e4765810300227e?s=96&d=mm&r=g\",\"contentUrl\":\"https:\\\/\\\/secure.gravatar.com\\\/avatar\\\/392b4cc8fbfeb00b39dfeeab4ee6edded39ffd48e25858637e4765810300227e?s=96&d=mm&r=g\",\"caption\":\"Developer\"},\"url\":\"https:\\\/\\\/qtmm.org\\\/qt\\\/author\\\/Developer\\\/\"}]}<\/script>\n<!-- \/ Yoast SEO plugin. -->","yoast_head_json":{"title":"Mustafa Cemilev Alu\u015fta region\u0131 sakinlerinen k\u00f6r\u00fc\u015fti - \u041c\u0435\u0434\u0436\u043b\u0456\u0441","robots":{"index":"index","follow":"follow","max-snippet":"max-snippet:-1","max-image-preview":"max-image-preview:large","max-video-preview":"max-video-preview:-1"},"canonical":"https:\/\/qtmm.org\/qt\/mustafa-cemilev-alusta-regioni-sakinlerinen-korusti\/","og_locale":"en_US","og_type":"article","og_title":"Mustafa Cemilev Alu\u015fta region\u0131 sakinlerinen k\u00f6r\u00fc\u015fti - \u041c\u0435\u0434\u0436\u043b\u0456\u0441","og_description":"Belli ki, 2012 senesi aprel 28-de Alu\u015fta region\u0131ndaki Alu\u015fta \u015feer meclisi, B\u00fcy\u00fck Lambat, K\u00fc\u00e7\u00fck \u00dczen ve K\u00f6rbek\u00fcl yerli meclislerine azalar saylanacaq. Saylavlar arfesinde Q\u0131r\u0131mtatar halq\u0131 Meclisini\u00f1 reisi, Ukraina halq deputat\u0131 Mustafa Cemilev Alu\u015fta region\u0131 sakinlerinen bir \u00e7oq k\u00f6r\u00fc\u015f\u00fcvler ke\u00e7irdi. Meclis reisini\u00f1 muavini, yerli meclislerge saylavlarn\u0131 az\u0131rlav ve te\u015fkil\u00e2tland\u0131ruv boyunca komissiya reisi Ahtem \u00c7iygoz, \u015fu komissiya [&hellip;]","og_url":"https:\/\/qtmm.org\/qt\/mustafa-cemilev-alusta-regioni-sakinlerinen-korusti\/","og_site_name":"\u041c\u0435\u0434\u0436\u043b\u0456\u0441","article_publisher":"https:\/\/www.facebook.com\/qtmm.info\/","article_published_time":"2012-04-26T15:28:00+00:00","article_modified_time":"2022-01-21T15:30:31+00:00","og_image":[{"width":800,"height":600,"url":"https:\/\/qtmm.org\/wp-content\/uploads\/2022\/01\/2_33.jpeg","type":"image\/jpeg"}],"author":"Developer","twitter_card":"summary_large_image","twitter_misc":{"Written by":"Developer","Est. reading time":"1 minute"},"schema":{"@context":"https:\/\/schema.org","@graph":[{"@type":"Article","@id":"https:\/\/qtmm.org\/qt\/mustafa-cemilev-alusta-regioni-sakinlerinen-korusti\/#article","isPartOf":{"@id":"https:\/\/qtmm.org\/qt\/mustafa-cemilev-alusta-regioni-sakinlerinen-korusti\/"},"author":{"name":"Developer","@id":"https:\/\/qtmm.org\/qt\/#\/schema\/person\/de562469f971dec226ac06e60bbf74a7"},"headline":"Mustafa Cemilev Alu\u015fta region\u0131 sakinlerinen k\u00f6r\u00fc\u015fti","datePublished":"2012-04-26T15:28:00+00:00","dateModified":"2022-01-21T15:30:31+00:00","mainEntityOfPage":{"@id":"https:\/\/qtmm.org\/qt\/mustafa-cemilev-alusta-regioni-sakinlerinen-korusti\/"},"wordCount":272,"commentCount":0,"publisher":{"@id":"https:\/\/qtmm.org\/qt\/#organization"},"image":{"@id":"https:\/\/qtmm.org\/qt\/mustafa-cemilev-alusta-regioni-sakinlerinen-korusti\/#primaryimage"},"thumbnailUrl":"https:\/\/qtmm.org\/wp-content\/uploads\/2022\/01\/2_33.jpeg","articleSection":["Haberler"],"inLanguage":"qt","potentialAction":[{"@type":"CommentAction","name":"Comment","target":["https:\/\/qtmm.org\/qt\/mustafa-cemilev-alusta-regioni-sakinlerinen-korusti\/#respond"]}]},{"@type":"WebPage","@id":"https:\/\/qtmm.org\/qt\/mustafa-cemilev-alusta-regioni-sakinlerinen-korusti\/","url":"https:\/\/qtmm.org\/qt\/mustafa-cemilev-alusta-regioni-sakinlerinen-korusti\/","name":"Mustafa Cemilev Alu\u015fta region\u0131 sakinlerinen k\u00f6r\u00fc\u015fti - \u041c\u0435\u0434\u0436\u043b\u0456\u0441","isPartOf":{"@id":"https:\/\/qtmm.org\/qt\/#website"},"primaryImageOfPage":{"@id":"https:\/\/qtmm.org\/qt\/mustafa-cemilev-alusta-regioni-sakinlerinen-korusti\/#primaryimage"},"image":{"@id":"https:\/\/qtmm.org\/qt\/mustafa-cemilev-alusta-regioni-sakinlerinen-korusti\/#primaryimage"},"thumbnailUrl":"https:\/\/qtmm.org\/wp-content\/uploads\/2022\/01\/2_33.jpeg","datePublished":"2012-04-26T15:28:00+00:00","dateModified":"2022-01-21T15:30:31+00:00","breadcrumb":{"@id":"https:\/\/qtmm.org\/qt\/mustafa-cemilev-alusta-regioni-sakinlerinen-korusti\/#breadcrumb"},"inLanguage":"qt","potentialAction":[{"@type":"ReadAction","target":["https:\/\/qtmm.org\/qt\/mustafa-cemilev-alusta-regioni-sakinlerinen-korusti\/"]}]},{"@type":"ImageObject","inLanguage":"qt","@id":"https:\/\/qtmm.org\/qt\/mustafa-cemilev-alusta-regioni-sakinlerinen-korusti\/#primaryimage","url":"https:\/\/qtmm.org\/wp-content\/uploads\/2022\/01\/2_33.jpeg","contentUrl":"https:\/\/qtmm.org\/wp-content\/uploads\/2022\/01\/2_33.jpeg","width":800,"height":600},{"@type":"BreadcrumbList","@id":"https:\/\/qtmm.org\/qt\/mustafa-cemilev-alusta-regioni-sakinlerinen-korusti\/#breadcrumb","itemListElement":[{"@type":"ListItem","position":1,"name":"\u0413\u043e\u043b\u043e\u0432\u043d\u0430","item":"https:\/\/qtmm.org\/qt\/"},{"@type":"ListItem","position":2,"name":"Mustafa Cemilev Alu\u015fta region\u0131 sakinlerinen k\u00f6r\u00fc\u015fti"}]},{"@type":"WebSite","@id":"https:\/\/qtmm.org\/qt\/#website","url":"https:\/\/qtmm.org\/qt\/","name":"\u041c\u0435\u0434\u0436\u043b\u0456\u0441","description":"","publisher":{"@id":"https:\/\/qtmm.org\/qt\/#organization"},"potentialAction":[{"@type":"SearchAction","target":{"@type":"EntryPoint","urlTemplate":"https:\/\/qtmm.org\/qt\/?s={search_term_string}"},"query-input":{"@type":"PropertyValueSpecification","valueRequired":true,"valueName":"search_term_string"}}],"inLanguage":"qt"},{"@type":"Organization","@id":"https:\/\/qtmm.org\/qt\/#organization","name":"\u041c\u0435\u0434\u0436\u043b\u0456\u0441","url":"https:\/\/qtmm.org\/qt\/","logo":{"@type":"ImageObject","inLanguage":"qt","@id":"https:\/\/qtmm.org\/qt\/#\/schema\/logo\/image\/","url":"https:\/\/qtmm.org\/wp-content\/uploads\/2024\/12\/ua-mejlis-logo-rgb.svg","contentUrl":"https:\/\/qtmm.org\/wp-content\/uploads\/2024\/12\/ua-mejlis-logo-rgb.svg","caption":"\u041c\u0435\u0434\u0436\u043b\u0456\u0441"},"image":{"@id":"https:\/\/qtmm.org\/qt\/#\/schema\/logo\/image\/"},"sameAs":["https:\/\/www.facebook.com\/qtmm.info\/"]},{"@type":"Person","@id":"https:\/\/qtmm.org\/qt\/#\/schema\/person\/de562469f971dec226ac06e60bbf74a7","name":"Developer","image":{"@type":"ImageObject","inLanguage":"qt","@id":"https:\/\/secure.gravatar.com\/avatar\/392b4cc8fbfeb00b39dfeeab4ee6edded39ffd48e25858637e4765810300227e?s=96&d=mm&r=g","url":"https:\/\/secure.gravatar.com\/avatar\/392b4cc8fbfeb00b39dfeeab4ee6edded39ffd48e25858637e4765810300227e?s=96&d=mm&r=g","contentUrl":"https:\/\/secure.gravatar.com\/avatar\/392b4cc8fbfeb00b39dfeeab4ee6edded39ffd48e25858637e4765810300227e?s=96&d=mm&r=g","caption":"Developer"},"url":"https:\/\/qtmm.org\/qt\/author\/Developer\/"}]}},"_links":{"self":[{"href":"https:\/\/qtmm.org\/qt\/wp-json\/wp\/v2\/posts\/30406","targetHints":{"allow":["GET"]}}],"collection":[{"href":"https:\/\/qtmm.org\/qt\/wp-json\/wp\/v2\/posts"}],"about":[{"href":"https:\/\/qtmm.org\/qt\/wp-json\/wp\/v2\/types\/post"}],"author":[{"embeddable":true,"href":"https:\/\/qtmm.org\/qt\/wp-json\/wp\/v2\/users\/1"}],"replies":[{"embeddable":true,"href":"https:\/\/qtmm.org\/qt\/wp-json\/wp\/v2\/comments?post=30406"}],"version-history":[{"count":1,"href":"https:\/\/qtmm.org\/qt\/wp-json\/wp\/v2\/posts\/30406\/revisions"}],"predecessor-version":[{"id":30423,"href":"https:\/\/qtmm.org\/qt\/wp-json\/wp\/v2\/posts\/30406\/revisions\/30423"}],"wp:featuredmedia":[{"embeddable":true,"href":"https:\/\/qtmm.org\/qt\/wp-json\/wp\/v2\/media\/30407"}],"wp:attachment":[{"href":"https:\/\/qtmm.org\/qt\/wp-json\/wp\/v2\/media?parent=30406"}],"wp:term":[{"taxonomy":"category","embeddable":true,"href":"https:\/\/qtmm.org\/qt\/wp-json\/wp\/v2\/categories?post=30406"},{"taxonomy":"post_tag","embeddable":true,"href":"https:\/\/qtmm.org\/qt\/wp-json\/wp\/v2\/tags?post=30406"}],"curies":[{"name":"wp","href":"https:\/\/api.w.org\/{rel}","templated":true}]}}