




{"id":30400,"date":"2012-04-25T18:27:00","date_gmt":"2012-04-25T15:27:00","guid":{"rendered":"http:\/\/qtmm.org\/?p=30400"},"modified":"2022-01-21T18:28:27","modified_gmt":"2022-01-21T15:28:27","slug":"meclis-reisi-mustafa-cemilev-turkiye-parlament-delegatsiyasinen-korusti","status":"publish","type":"post","link":"https:\/\/qtmm.org\/qt\/meclis-reisi-mustafa-cemilev-turkiye-parlament-delegatsiyasinen-korusti\/","title":{"rendered":"Meclis reisi Mustafa Cemilev T\u00fcrkiye parlament delegatsiyas\u0131nen k\u00f6r\u00fc\u015fti"},"content":{"rendered":"\n<p>2012 senesi aprel 24 k\u00fcn\u00fc Kiyevde T\u00fcrkiyeni\u00f1 Ukrainadaki el\u00e7ihanesinde Q\u0131r\u0131mtatar halq\u0131 Meclisini\u00f1 reisi, Ukraina halq deputat\u0131 Mustafa Cemilev T\u00fcrkiye B\u00fcy\u00fck Milliy Meclis t\u0131\u015fq\u0131 i\u015fler komissiyas\u0131n\u0131\u00f1 reisi Volkan Bozk\u0131r yolba\u015f\u00e7\u0131l\u0131\u011f\u0131nda T\u00fcrkiye parlament delegatsiyas\u0131 azalar\u0131nen k\u00f6r\u00fc\u015fti.&nbsp;<\/p>\n\n\n\n<p>T\u00fcrkiye parlament vekilleri Ukraina\u011fa Yuqar\u0131 \u015eura reisi Vladimir Litvinni\u00f1 resmiy daveti boyunca Ukraina ve T\u00fcrkiye aras\u0131ndaki parlament al\u00e2qalar\u0131n\u0131 pekitmek maqsad\u0131nen keldiler. K\u00f6r\u00fc\u015f\u00fcvde T\u00fcrkiyeni\u00f1 Ukrainada Vefqulade ve Tolu vek\u00e2letli el\u00e7isi Mehmet Samsar da i\u015ftirak etti.\u00a0<br><br>Volkan Bozk\u0131r Meclis reisine Ukraina parlamentini\u00f1 reisi Vladimir Litvin, Yuqar\u0131 T\u0131\u015fq\u0131 i\u015fler boyunca komitet reisi \u00d6leg Belorus ve on\u0131\u00f1 muavini Leonid Kojara ile k\u00f6r\u00fc\u015f\u00fcvlerni\u00f1 neticeleri aqq\u0131nda ayt\u0131p, k\u00f6r\u00fc\u015f\u00fcvler devam\u0131nda q\u0131r\u0131mtatarlarn\u0131\u00f1 Ukrainada aq-uquqlar\u0131n\u0131 \u011fayr\u0131dan tiklevnen ba\u011fl\u0131 meseleler, bun\u0131\u00f1 kibi de Ukrainan\u0131\u00f1 &#8220;Milliy mens\u00fcpligine k\u00f6re s\u00fcrg\u00fcn etilgen \u015fah\u0131slarn\u0131\u00f1 aqlar\u0131n\u0131 \u011fayr\u0131dan tiklev aqq\u0131nda&#8221;ki Qanun leyhas\u0131n\u0131 qabul etil\u00fcvi istiqballeri muzakere etilgenini qayd etti.\u00a0<\/p>\n\n\n\n<p>K\u00f6r\u00fc\u015f\u00fcv devam\u0131nda taraflar T\u00fcrkiye ba\u015fbaqan muavini Bekir Bozda\u011f yolba\u015f\u00e7\u0131l\u0131\u011f\u0131nda T\u00fcrkiye i\u015f daireleri delegatsiyas\u0131n\u0131\u00f1 Ukraina ve Q\u0131r\u0131m\u011fa ziyareti programmas\u0131n\u0131 tafsil\u00e2tl\u0131 muzakere ettiler.&nbsp;<\/p>\n\n\n\n<p>\u015eun\u0131 da hat\u0131rlatmal\u0131 ki, Q\u0131r\u0131m delegatsiyas\u0131n\u0131\u00f1 T\u00fcrkiyege 2012 senesi aprel 17 ziyareti neticeleri boyunca 2012 senesi may\u0131s 5-te Kiyevde T\u00fcrkiye ve Ukraina i\u015f daireleri vekillerini\u00f1 k\u00f6r\u00fc\u015f\u00fcvini ke\u00e7irmek keli\u015filgen edi. Ziyaret \u00e7er\u00e7ivesinde Q\u0131r\u0131m\u011fa ziyaret de planla\u015ft\u0131r\u0131ld\u0131.<\/p>\n","protected":false},"excerpt":{"rendered":"<p>2012 senesi aprel 24 k\u00fcn\u00fc Kiyevde T\u00fcrkiyeni\u00f1 Ukrainadaki el\u00e7ihanesinde Q\u0131r\u0131mtatar halq\u0131 Meclisini\u00f1 reisi, Ukraina halq deputat\u0131 Mustafa Cemilev T\u00fcrkiye B\u00fcy\u00fck Milliy Meclis t\u0131\u015fq\u0131 i\u015fler komissiyas\u0131n\u0131\u00f1 reisi Volkan Bozk\u0131r yolba\u015f\u00e7\u0131l\u0131\u011f\u0131nda T\u00fcrkiye parlament delegatsiyas\u0131 azalar\u0131nen k\u00f6r\u00fc\u015fti.&nbsp; T\u00fcrkiye parlament vekilleri Ukraina\u011fa Yuqar\u0131 \u015eura reisi Vladimir Litvinni\u00f1 resmiy daveti boyunca Ukraina ve T\u00fcrkiye aras\u0131ndaki parlament al\u00e2qalar\u0131n\u0131 pekitmek maqsad\u0131nen keldiler. [&hellip;]<\/p>\n","protected":false},"author":1,"featured_media":30401,"comment_status":"open","ping_status":"open","sticky":false,"template":"","format":"standard","meta":{"inline_featured_image":false,"footnotes":""},"categories":[265],"tags":[],"class_list":["post-30400","post","type-post","status-publish","format-standard","has-post-thumbnail","hentry","category-haberler"],"acf":[],"yoast_head":"<!-- This site is optimized with the Yoast SEO plugin v27.4 - https:\/\/yoast.com\/product\/yoast-seo-wordpress\/ -->\n<title>Meclis reisi Mustafa Cemilev T\u00fcrkiye parlament delegatsiyas\u0131nen k\u00f6r\u00fc\u015fti - \u041c\u0435\u0434\u0436\u043b\u0456\u0441<\/title>\n<meta name=\"robots\" content=\"index, follow, max-snippet:-1, max-image-preview:large, max-video-preview:-1\" \/>\n<link rel=\"canonical\" href=\"https:\/\/qtmm.org\/qt\/meclis-reisi-mustafa-cemilev-turkiye-parlament-delegatsiyasinen-korusti\/\" \/>\n<meta property=\"og:locale\" content=\"en_US\" \/>\n<meta property=\"og:type\" content=\"article\" \/>\n<meta property=\"og:title\" content=\"Meclis reisi Mustafa Cemilev T\u00fcrkiye parlament delegatsiyas\u0131nen k\u00f6r\u00fc\u015fti - \u041c\u0435\u0434\u0436\u043b\u0456\u0441\" \/>\n<meta property=\"og:description\" content=\"2012 senesi aprel 24 k\u00fcn\u00fc Kiyevde T\u00fcrkiyeni\u00f1 Ukrainadaki el\u00e7ihanesinde Q\u0131r\u0131mtatar halq\u0131 Meclisini\u00f1 reisi, Ukraina halq deputat\u0131 Mustafa Cemilev T\u00fcrkiye B\u00fcy\u00fck Milliy Meclis t\u0131\u015fq\u0131 i\u015fler komissiyas\u0131n\u0131\u00f1 reisi Volkan Bozk\u0131r yolba\u015f\u00e7\u0131l\u0131\u011f\u0131nda T\u00fcrkiye parlament delegatsiyas\u0131 azalar\u0131nen k\u00f6r\u00fc\u015fti.&nbsp; T\u00fcrkiye parlament vekilleri Ukraina\u011fa Yuqar\u0131 \u015eura reisi Vladimir Litvinni\u00f1 resmiy daveti boyunca Ukraina ve T\u00fcrkiye aras\u0131ndaki parlament al\u00e2qalar\u0131n\u0131 pekitmek maqsad\u0131nen keldiler. [&hellip;]\" \/>\n<meta property=\"og:url\" content=\"https:\/\/qtmm.org\/qt\/meclis-reisi-mustafa-cemilev-turkiye-parlament-delegatsiyasinen-korusti\/\" \/>\n<meta property=\"og:site_name\" content=\"\u041c\u0435\u0434\u0436\u043b\u0456\u0441\" \/>\n<meta property=\"article:publisher\" content=\"https:\/\/www.facebook.com\/qtmm.info\/\" \/>\n<meta property=\"article:published_time\" content=\"2012-04-25T15:27:00+00:00\" \/>\n<meta property=\"article:modified_time\" content=\"2022-01-21T15:28:27+00:00\" \/>\n<meta property=\"og:image\" content=\"https:\/\/qtmm.org\/wp-content\/uploads\/2022\/01\/24_1.04.12.-vstrecha-s-volkanom-bozkyrom-2.jpg\" \/>\n\t<meta property=\"og:image:width\" content=\"800\" \/>\n\t<meta property=\"og:image:height\" content=\"600\" \/>\n\t<meta property=\"og:image:type\" content=\"image\/jpeg\" \/>\n<meta name=\"author\" content=\"Developer\" \/>\n<meta name=\"twitter:card\" content=\"summary_large_image\" \/>\n<meta name=\"twitter:label1\" content=\"Written by\" \/>\n\t<meta name=\"twitter:data1\" content=\"Developer\" \/>\n\t<meta name=\"twitter:label2\" content=\"Est. reading time\" \/>\n\t<meta name=\"twitter:data2\" content=\"1 minute\" \/>\n<script type=\"application\/ld+json\" class=\"yoast-schema-graph\">{\"@context\":\"https:\\\/\\\/schema.org\",\"@graph\":[{\"@type\":\"Article\",\"@id\":\"https:\\\/\\\/qtmm.org\\\/qt\\\/meclis-reisi-mustafa-cemilev-turkiye-parlament-delegatsiyasinen-korusti\\\/#article\",\"isPartOf\":{\"@id\":\"https:\\\/\\\/qtmm.org\\\/qt\\\/meclis-reisi-mustafa-cemilev-turkiye-parlament-delegatsiyasinen-korusti\\\/\"},\"author\":{\"name\":\"Developer\",\"@id\":\"https:\\\/\\\/qtmm.org\\\/qt\\\/#\\\/schema\\\/person\\\/de562469f971dec226ac06e60bbf74a7\"},\"headline\":\"Meclis reisi Mustafa Cemilev T\u00fcrkiye parlament delegatsiyas\u0131nen k\u00f6r\u00fc\u015fti\",\"datePublished\":\"2012-04-25T15:27:00+00:00\",\"dateModified\":\"2022-01-21T15:28:27+00:00\",\"mainEntityOfPage\":{\"@id\":\"https:\\\/\\\/qtmm.org\\\/qt\\\/meclis-reisi-mustafa-cemilev-turkiye-parlament-delegatsiyasinen-korusti\\\/\"},\"wordCount\":281,\"commentCount\":0,\"publisher\":{\"@id\":\"https:\\\/\\\/qtmm.org\\\/qt\\\/#organization\"},\"image\":{\"@id\":\"https:\\\/\\\/qtmm.org\\\/qt\\\/meclis-reisi-mustafa-cemilev-turkiye-parlament-delegatsiyasinen-korusti\\\/#primaryimage\"},\"thumbnailUrl\":\"https:\\\/\\\/qtmm.org\\\/wp-content\\\/uploads\\\/2022\\\/01\\\/24_1.04.12.-vstrecha-s-volkanom-bozkyrom-2.jpg\",\"articleSection\":[\"Haberler\"],\"inLanguage\":\"qt\",\"potentialAction\":[{\"@type\":\"CommentAction\",\"name\":\"Comment\",\"target\":[\"https:\\\/\\\/qtmm.org\\\/qt\\\/meclis-reisi-mustafa-cemilev-turkiye-parlament-delegatsiyasinen-korusti\\\/#respond\"]}]},{\"@type\":\"WebPage\",\"@id\":\"https:\\\/\\\/qtmm.org\\\/qt\\\/meclis-reisi-mustafa-cemilev-turkiye-parlament-delegatsiyasinen-korusti\\\/\",\"url\":\"https:\\\/\\\/qtmm.org\\\/qt\\\/meclis-reisi-mustafa-cemilev-turkiye-parlament-delegatsiyasinen-korusti\\\/\",\"name\":\"Meclis reisi Mustafa Cemilev T\u00fcrkiye parlament delegatsiyas\u0131nen k\u00f6r\u00fc\u015fti - \u041c\u0435\u0434\u0436\u043b\u0456\u0441\",\"isPartOf\":{\"@id\":\"https:\\\/\\\/qtmm.org\\\/qt\\\/#website\"},\"primaryImageOfPage\":{\"@id\":\"https:\\\/\\\/qtmm.org\\\/qt\\\/meclis-reisi-mustafa-cemilev-turkiye-parlament-delegatsiyasinen-korusti\\\/#primaryimage\"},\"image\":{\"@id\":\"https:\\\/\\\/qtmm.org\\\/qt\\\/meclis-reisi-mustafa-cemilev-turkiye-parlament-delegatsiyasinen-korusti\\\/#primaryimage\"},\"thumbnailUrl\":\"https:\\\/\\\/qtmm.org\\\/wp-content\\\/uploads\\\/2022\\\/01\\\/24_1.04.12.-vstrecha-s-volkanom-bozkyrom-2.jpg\",\"datePublished\":\"2012-04-25T15:27:00+00:00\",\"dateModified\":\"2022-01-21T15:28:27+00:00\",\"breadcrumb\":{\"@id\":\"https:\\\/\\\/qtmm.org\\\/qt\\\/meclis-reisi-mustafa-cemilev-turkiye-parlament-delegatsiyasinen-korusti\\\/#breadcrumb\"},\"inLanguage\":\"qt\",\"potentialAction\":[{\"@type\":\"ReadAction\",\"target\":[\"https:\\\/\\\/qtmm.org\\\/qt\\\/meclis-reisi-mustafa-cemilev-turkiye-parlament-delegatsiyasinen-korusti\\\/\"]}]},{\"@type\":\"ImageObject\",\"inLanguage\":\"qt\",\"@id\":\"https:\\\/\\\/qtmm.org\\\/qt\\\/meclis-reisi-mustafa-cemilev-turkiye-parlament-delegatsiyasinen-korusti\\\/#primaryimage\",\"url\":\"https:\\\/\\\/qtmm.org\\\/wp-content\\\/uploads\\\/2022\\\/01\\\/24_1.04.12.-vstrecha-s-volkanom-bozkyrom-2.jpg\",\"contentUrl\":\"https:\\\/\\\/qtmm.org\\\/wp-content\\\/uploads\\\/2022\\\/01\\\/24_1.04.12.-vstrecha-s-volkanom-bozkyrom-2.jpg\",\"width\":800,\"height\":600},{\"@type\":\"BreadcrumbList\",\"@id\":\"https:\\\/\\\/qtmm.org\\\/qt\\\/meclis-reisi-mustafa-cemilev-turkiye-parlament-delegatsiyasinen-korusti\\\/#breadcrumb\",\"itemListElement\":[{\"@type\":\"ListItem\",\"position\":1,\"name\":\"\u0413\u043e\u043b\u043e\u0432\u043d\u0430\",\"item\":\"https:\\\/\\\/qtmm.org\\\/qt\\\/\"},{\"@type\":\"ListItem\",\"position\":2,\"name\":\"Meclis reisi Mustafa Cemilev T\u00fcrkiye parlament delegatsiyas\u0131nen k\u00f6r\u00fc\u015fti\"}]},{\"@type\":\"WebSite\",\"@id\":\"https:\\\/\\\/qtmm.org\\\/qt\\\/#website\",\"url\":\"https:\\\/\\\/qtmm.org\\\/qt\\\/\",\"name\":\"\u041c\u0435\u0434\u0436\u043b\u0456\u0441\",\"description\":\"\",\"publisher\":{\"@id\":\"https:\\\/\\\/qtmm.org\\\/qt\\\/#organization\"},\"potentialAction\":[{\"@type\":\"SearchAction\",\"target\":{\"@type\":\"EntryPoint\",\"urlTemplate\":\"https:\\\/\\\/qtmm.org\\\/qt\\\/?s={search_term_string}\"},\"query-input\":{\"@type\":\"PropertyValueSpecification\",\"valueRequired\":true,\"valueName\":\"search_term_string\"}}],\"inLanguage\":\"qt\"},{\"@type\":\"Organization\",\"@id\":\"https:\\\/\\\/qtmm.org\\\/qt\\\/#organization\",\"name\":\"\u041c\u0435\u0434\u0436\u043b\u0456\u0441\",\"url\":\"https:\\\/\\\/qtmm.org\\\/qt\\\/\",\"logo\":{\"@type\":\"ImageObject\",\"inLanguage\":\"qt\",\"@id\":\"https:\\\/\\\/qtmm.org\\\/qt\\\/#\\\/schema\\\/logo\\\/image\\\/\",\"url\":\"https:\\\/\\\/qtmm.org\\\/wp-content\\\/uploads\\\/2024\\\/12\\\/ua-mejlis-logo-rgb.svg\",\"contentUrl\":\"https:\\\/\\\/qtmm.org\\\/wp-content\\\/uploads\\\/2024\\\/12\\\/ua-mejlis-logo-rgb.svg\",\"caption\":\"\u041c\u0435\u0434\u0436\u043b\u0456\u0441\"},\"image\":{\"@id\":\"https:\\\/\\\/qtmm.org\\\/qt\\\/#\\\/schema\\\/logo\\\/image\\\/\"},\"sameAs\":[\"https:\\\/\\\/www.facebook.com\\\/qtmm.info\\\/\"]},{\"@type\":\"Person\",\"@id\":\"https:\\\/\\\/qtmm.org\\\/qt\\\/#\\\/schema\\\/person\\\/de562469f971dec226ac06e60bbf74a7\",\"name\":\"Developer\",\"image\":{\"@type\":\"ImageObject\",\"inLanguage\":\"qt\",\"@id\":\"https:\\\/\\\/secure.gravatar.com\\\/avatar\\\/392b4cc8fbfeb00b39dfeeab4ee6edded39ffd48e25858637e4765810300227e?s=96&d=mm&r=g\",\"url\":\"https:\\\/\\\/secure.gravatar.com\\\/avatar\\\/392b4cc8fbfeb00b39dfeeab4ee6edded39ffd48e25858637e4765810300227e?s=96&d=mm&r=g\",\"contentUrl\":\"https:\\\/\\\/secure.gravatar.com\\\/avatar\\\/392b4cc8fbfeb00b39dfeeab4ee6edded39ffd48e25858637e4765810300227e?s=96&d=mm&r=g\",\"caption\":\"Developer\"},\"url\":\"https:\\\/\\\/qtmm.org\\\/qt\\\/author\\\/Developer\\\/\"}]}<\/script>\n<!-- \/ Yoast SEO plugin. -->","yoast_head_json":{"title":"Meclis reisi Mustafa Cemilev T\u00fcrkiye parlament delegatsiyas\u0131nen k\u00f6r\u00fc\u015fti - \u041c\u0435\u0434\u0436\u043b\u0456\u0441","robots":{"index":"index","follow":"follow","max-snippet":"max-snippet:-1","max-image-preview":"max-image-preview:large","max-video-preview":"max-video-preview:-1"},"canonical":"https:\/\/qtmm.org\/qt\/meclis-reisi-mustafa-cemilev-turkiye-parlament-delegatsiyasinen-korusti\/","og_locale":"en_US","og_type":"article","og_title":"Meclis reisi Mustafa Cemilev T\u00fcrkiye parlament delegatsiyas\u0131nen k\u00f6r\u00fc\u015fti - \u041c\u0435\u0434\u0436\u043b\u0456\u0441","og_description":"2012 senesi aprel 24 k\u00fcn\u00fc Kiyevde T\u00fcrkiyeni\u00f1 Ukrainadaki el\u00e7ihanesinde Q\u0131r\u0131mtatar halq\u0131 Meclisini\u00f1 reisi, Ukraina halq deputat\u0131 Mustafa Cemilev T\u00fcrkiye B\u00fcy\u00fck Milliy Meclis t\u0131\u015fq\u0131 i\u015fler komissiyas\u0131n\u0131\u00f1 reisi Volkan Bozk\u0131r yolba\u015f\u00e7\u0131l\u0131\u011f\u0131nda T\u00fcrkiye parlament delegatsiyas\u0131 azalar\u0131nen k\u00f6r\u00fc\u015fti.&nbsp; T\u00fcrkiye parlament vekilleri Ukraina\u011fa Yuqar\u0131 \u015eura reisi Vladimir Litvinni\u00f1 resmiy daveti boyunca Ukraina ve T\u00fcrkiye aras\u0131ndaki parlament al\u00e2qalar\u0131n\u0131 pekitmek maqsad\u0131nen keldiler. [&hellip;]","og_url":"https:\/\/qtmm.org\/qt\/meclis-reisi-mustafa-cemilev-turkiye-parlament-delegatsiyasinen-korusti\/","og_site_name":"\u041c\u0435\u0434\u0436\u043b\u0456\u0441","article_publisher":"https:\/\/www.facebook.com\/qtmm.info\/","article_published_time":"2012-04-25T15:27:00+00:00","article_modified_time":"2022-01-21T15:28:27+00:00","og_image":[{"width":800,"height":600,"url":"https:\/\/qtmm.org\/wp-content\/uploads\/2022\/01\/24_1.04.12.-vstrecha-s-volkanom-bozkyrom-2.jpg","type":"image\/jpeg"}],"author":"Developer","twitter_card":"summary_large_image","twitter_misc":{"Written by":"Developer","Est. reading time":"1 minute"},"schema":{"@context":"https:\/\/schema.org","@graph":[{"@type":"Article","@id":"https:\/\/qtmm.org\/qt\/meclis-reisi-mustafa-cemilev-turkiye-parlament-delegatsiyasinen-korusti\/#article","isPartOf":{"@id":"https:\/\/qtmm.org\/qt\/meclis-reisi-mustafa-cemilev-turkiye-parlament-delegatsiyasinen-korusti\/"},"author":{"name":"Developer","@id":"https:\/\/qtmm.org\/qt\/#\/schema\/person\/de562469f971dec226ac06e60bbf74a7"},"headline":"Meclis reisi Mustafa Cemilev T\u00fcrkiye parlament delegatsiyas\u0131nen k\u00f6r\u00fc\u015fti","datePublished":"2012-04-25T15:27:00+00:00","dateModified":"2022-01-21T15:28:27+00:00","mainEntityOfPage":{"@id":"https:\/\/qtmm.org\/qt\/meclis-reisi-mustafa-cemilev-turkiye-parlament-delegatsiyasinen-korusti\/"},"wordCount":281,"commentCount":0,"publisher":{"@id":"https:\/\/qtmm.org\/qt\/#organization"},"image":{"@id":"https:\/\/qtmm.org\/qt\/meclis-reisi-mustafa-cemilev-turkiye-parlament-delegatsiyasinen-korusti\/#primaryimage"},"thumbnailUrl":"https:\/\/qtmm.org\/wp-content\/uploads\/2022\/01\/24_1.04.12.-vstrecha-s-volkanom-bozkyrom-2.jpg","articleSection":["Haberler"],"inLanguage":"qt","potentialAction":[{"@type":"CommentAction","name":"Comment","target":["https:\/\/qtmm.org\/qt\/meclis-reisi-mustafa-cemilev-turkiye-parlament-delegatsiyasinen-korusti\/#respond"]}]},{"@type":"WebPage","@id":"https:\/\/qtmm.org\/qt\/meclis-reisi-mustafa-cemilev-turkiye-parlament-delegatsiyasinen-korusti\/","url":"https:\/\/qtmm.org\/qt\/meclis-reisi-mustafa-cemilev-turkiye-parlament-delegatsiyasinen-korusti\/","name":"Meclis reisi Mustafa Cemilev T\u00fcrkiye parlament delegatsiyas\u0131nen k\u00f6r\u00fc\u015fti - \u041c\u0435\u0434\u0436\u043b\u0456\u0441","isPartOf":{"@id":"https:\/\/qtmm.org\/qt\/#website"},"primaryImageOfPage":{"@id":"https:\/\/qtmm.org\/qt\/meclis-reisi-mustafa-cemilev-turkiye-parlament-delegatsiyasinen-korusti\/#primaryimage"},"image":{"@id":"https:\/\/qtmm.org\/qt\/meclis-reisi-mustafa-cemilev-turkiye-parlament-delegatsiyasinen-korusti\/#primaryimage"},"thumbnailUrl":"https:\/\/qtmm.org\/wp-content\/uploads\/2022\/01\/24_1.04.12.-vstrecha-s-volkanom-bozkyrom-2.jpg","datePublished":"2012-04-25T15:27:00+00:00","dateModified":"2022-01-21T15:28:27+00:00","breadcrumb":{"@id":"https:\/\/qtmm.org\/qt\/meclis-reisi-mustafa-cemilev-turkiye-parlament-delegatsiyasinen-korusti\/#breadcrumb"},"inLanguage":"qt","potentialAction":[{"@type":"ReadAction","target":["https:\/\/qtmm.org\/qt\/meclis-reisi-mustafa-cemilev-turkiye-parlament-delegatsiyasinen-korusti\/"]}]},{"@type":"ImageObject","inLanguage":"qt","@id":"https:\/\/qtmm.org\/qt\/meclis-reisi-mustafa-cemilev-turkiye-parlament-delegatsiyasinen-korusti\/#primaryimage","url":"https:\/\/qtmm.org\/wp-content\/uploads\/2022\/01\/24_1.04.12.-vstrecha-s-volkanom-bozkyrom-2.jpg","contentUrl":"https:\/\/qtmm.org\/wp-content\/uploads\/2022\/01\/24_1.04.12.-vstrecha-s-volkanom-bozkyrom-2.jpg","width":800,"height":600},{"@type":"BreadcrumbList","@id":"https:\/\/qtmm.org\/qt\/meclis-reisi-mustafa-cemilev-turkiye-parlament-delegatsiyasinen-korusti\/#breadcrumb","itemListElement":[{"@type":"ListItem","position":1,"name":"\u0413\u043e\u043b\u043e\u0432\u043d\u0430","item":"https:\/\/qtmm.org\/qt\/"},{"@type":"ListItem","position":2,"name":"Meclis reisi Mustafa Cemilev T\u00fcrkiye parlament delegatsiyas\u0131nen k\u00f6r\u00fc\u015fti"}]},{"@type":"WebSite","@id":"https:\/\/qtmm.org\/qt\/#website","url":"https:\/\/qtmm.org\/qt\/","name":"\u041c\u0435\u0434\u0436\u043b\u0456\u0441","description":"","publisher":{"@id":"https:\/\/qtmm.org\/qt\/#organization"},"potentialAction":[{"@type":"SearchAction","target":{"@type":"EntryPoint","urlTemplate":"https:\/\/qtmm.org\/qt\/?s={search_term_string}"},"query-input":{"@type":"PropertyValueSpecification","valueRequired":true,"valueName":"search_term_string"}}],"inLanguage":"qt"},{"@type":"Organization","@id":"https:\/\/qtmm.org\/qt\/#organization","name":"\u041c\u0435\u0434\u0436\u043b\u0456\u0441","url":"https:\/\/qtmm.org\/qt\/","logo":{"@type":"ImageObject","inLanguage":"qt","@id":"https:\/\/qtmm.org\/qt\/#\/schema\/logo\/image\/","url":"https:\/\/qtmm.org\/wp-content\/uploads\/2024\/12\/ua-mejlis-logo-rgb.svg","contentUrl":"https:\/\/qtmm.org\/wp-content\/uploads\/2024\/12\/ua-mejlis-logo-rgb.svg","caption":"\u041c\u0435\u0434\u0436\u043b\u0456\u0441"},"image":{"@id":"https:\/\/qtmm.org\/qt\/#\/schema\/logo\/image\/"},"sameAs":["https:\/\/www.facebook.com\/qtmm.info\/"]},{"@type":"Person","@id":"https:\/\/qtmm.org\/qt\/#\/schema\/person\/de562469f971dec226ac06e60bbf74a7","name":"Developer","image":{"@type":"ImageObject","inLanguage":"qt","@id":"https:\/\/secure.gravatar.com\/avatar\/392b4cc8fbfeb00b39dfeeab4ee6edded39ffd48e25858637e4765810300227e?s=96&d=mm&r=g","url":"https:\/\/secure.gravatar.com\/avatar\/392b4cc8fbfeb00b39dfeeab4ee6edded39ffd48e25858637e4765810300227e?s=96&d=mm&r=g","contentUrl":"https:\/\/secure.gravatar.com\/avatar\/392b4cc8fbfeb00b39dfeeab4ee6edded39ffd48e25858637e4765810300227e?s=96&d=mm&r=g","caption":"Developer"},"url":"https:\/\/qtmm.org\/qt\/author\/Developer\/"}]}},"_links":{"self":[{"href":"https:\/\/qtmm.org\/qt\/wp-json\/wp\/v2\/posts\/30400","targetHints":{"allow":["GET"]}}],"collection":[{"href":"https:\/\/qtmm.org\/qt\/wp-json\/wp\/v2\/posts"}],"about":[{"href":"https:\/\/qtmm.org\/qt\/wp-json\/wp\/v2\/types\/post"}],"author":[{"embeddable":true,"href":"https:\/\/qtmm.org\/qt\/wp-json\/wp\/v2\/users\/1"}],"replies":[{"embeddable":true,"href":"https:\/\/qtmm.org\/qt\/wp-json\/wp\/v2\/comments?post=30400"}],"version-history":[{"count":1,"href":"https:\/\/qtmm.org\/qt\/wp-json\/wp\/v2\/posts\/30400\/revisions"}],"predecessor-version":[{"id":30405,"href":"https:\/\/qtmm.org\/qt\/wp-json\/wp\/v2\/posts\/30400\/revisions\/30405"}],"wp:featuredmedia":[{"embeddable":true,"href":"https:\/\/qtmm.org\/qt\/wp-json\/wp\/v2\/media\/30401"}],"wp:attachment":[{"href":"https:\/\/qtmm.org\/qt\/wp-json\/wp\/v2\/media?parent=30400"}],"wp:term":[{"taxonomy":"category","embeddable":true,"href":"https:\/\/qtmm.org\/qt\/wp-json\/wp\/v2\/categories?post=30400"},{"taxonomy":"post_tag","embeddable":true,"href":"https:\/\/qtmm.org\/qt\/wp-json\/wp\/v2\/tags?post=30400"}],"curies":[{"name":"wp","href":"https:\/\/api.w.org\/{rel}","templated":true}]}}