




{"id":30358,"date":"2012-04-24T18:25:00","date_gmt":"2012-04-24T15:25:00","guid":{"rendered":"http:\/\/qtmm.org\/?p=30358"},"modified":"2022-01-21T18:27:25","modified_gmt":"2022-01-21T15:27:25","slug":"refat-cubarov-bizim-kucumiz-birlikte","status":"publish","type":"post","link":"https:\/\/qtmm.org\/qt\/refat-cubarov-bizim-kucumiz-birlikte\/","title":{"rendered":"Refat \u00c7ubarov: \u00abBizim k\u00fc\u00e7\u00fcmiz \u2013 birlikte\u00bb"},"content":{"rendered":"\n<p>2012 senesi aprel 23 k\u00fcn\u00fc Aqmescit \u015feerini\u00f1 Kiyev rayon mahkemesinde R. Balbekni\u00f1 Q\u0131r\u0131mtatar halq\u0131 Meclisini\u00f1 reisi, Ukraina halq deputat\u0131 Mustafa Cemilev, &#8220;Den&#8221; ukrain ve &#8220;Avdet&#8221; q\u0131r\u0131mtatar gazetalar\u0131na nisbeten &#8220;Namus, \u015feref ve i\u015f nam\u0131n\u0131 qor\u00e7alav ve aqiqatqa uyma\u011fan mal\u00fcmatlar reddiyesi aqq\u0131nda&#8221; davas\u0131n\u0131\u00f1 muzakeresi ba\u015fland\u0131.<\/p>\n\n\n\n<p>Birinci sefer ol\u011fan\u0131 kibi bu keresinde de Aqmescit \u015feeri Kiyev rayon mahkemesini\u00f1 akemi A.D. Didenko reisligindeki a\u00e7\u0131q mahkemege Ruslan Balbek kelmeyip, on\u0131\u00f1 menfaatlar\u0131n\u0131 advokat Aleksandr Zadkov temsil etti.<\/p>\n\n\n\n<p>Ol\u0131p ke\u00e7ken mahkemelerden bu birincisi edi ki, angisinde eki tarafn\u0131\u00f1 da temsilcileri arizalar\u0131n\u0131 taqdim ettiler ve nevbetteki di\u00f1levlerge \u015faatlar belgilendi.<\/p>\n\n\n\n<p>Mustafa Cemilevni\u00f1 advokat\u0131 Hatice Mamutova \u015faat olaraq Q\u0131r\u0131mtatar halq\u0131 Meclisi reisini\u00f1 birinci muavini Refat \u00c7ubarov davet etilmesi boyunca ariza berdi. Balbekni\u00f1 vekili Aleksandr Zadkov ise mahkemege \u015faat olaraq Enver Ametov, Kamil Ametov, Murat Voyenn\u0131y, Timur Da\u011fc\u0131 ve Rustem Suleymanovn\u0131 davet etip, davac\u0131 nas\u0131l maneviy eziyet \u00e7ekkeni ve bun\u0131\u00f1 aqibetleri aqq\u0131nda aytacaqlar\u0131n\u0131, Meclis reisi Mustafa Cemilevge nas\u0131l q\u0131ymet keseceklerini di\u00f1lemekni teklif etti. Mahkeme binas\u0131 \u00f6g\u00fcnde t\u0131\u015fta ise mahkeme keti\u015fat\u0131nen meraqlan\u011fan y\u00fczlernen q\u0131r\u0131mtatarlar topland\u0131lar.<\/p>\n\n\n\n<p>Di\u00f1levden so\u00f1 Meclis K\u00e2tibiyetini\u00f1 yolba\u015f\u00e7\u0131s\u0131 Zair Smedl\u00e2yev toplan\u011fanlar\u011fa mahkeme keti\u015fat\u0131 aqq\u0131nda ve kelecek di\u00f1levler may\u0131s 23 k\u00fcn\u00fc saat 9.30-da olaca\u011f\u0131n\u0131 haber etti.<\/p>\n\n\n\n<p>So\u00f1ra toplan\u011fanlar\u011fa Meclis reisini\u00f1 muavini Ahtem \u00c7iygoz h\u0131tap etip, \u00f6zlerini q\u0131r\u0131mtatar degen insanlarn\u0131\u00f1 areketleri halqn\u0131 b\u00f6lmekke do\u011frult\u0131l\u011fand\u0131r, dedi. &#8220;Eger olar may\u0131s 23 k\u00fcn\u00fc bug\u00fcnkisinden azca adam toplan\u0131r, dep belleseler, ya\u00f1\u0131lalar. Aceba, ne sebepten mahkeme ep sozula. Bu fesat ep surat almaqta&#8221;, &#8211; dedi A. \u00c7iygoz.<\/p>\n\n\n\n<p>Meclis reisini\u00f1 birinci muavini Refat \u00c7ubarov bu i\u015f boyunca nevbetteki muzakereni\u00f1 m\u00fcddeti nafile o k\u00fcnge belgilenmegeni, er \u015fey may\u0131s 18 tedbirleri ne derecede te\u015fkil\u00e2tl\u0131 ve birlikli ke\u00e7ecegine ba\u011fl\u0131 ol\u011fan\u0131n\u0131 a\u00f1latt\u0131. &#8220;Olarn\u0131\u00f1 taraf\u0131ndan halq\u0131m\u0131zn\u0131 b\u00f6lmek areketleri bo\u015fqa \u00e7\u0131qar. Biz birligimizni daa da pekitmelimiz, bizim k\u00fc\u00e7\u00fcmiz tek birlikte&#8221;, &#8211; dedi Refat \u00c7ubarov.<\/p>\n\n\n\n<p>Toplan\u011fanlarn\u0131\u00f1 episi kelecek mahkemede de ve matem tedbirlerinde de m\u0131tlaqa i\u015ftirak eteceklerini bildirdiler.<\/p>\n\n\n\n<figure class=\"wp-block-gallery columns-3 is-cropped wp-block-gallery-1 is-layout-flex wp-block-gallery-is-layout-flex\"><ul class=\"blocks-gallery-grid\"><li class=\"blocks-gallery-item\"><figure><a href=\"http:\/\/qtmm.org\/wp-content\/uploads\/2022\/01\/4f9a226a4e752.jpeg\"><img loading=\"lazy\" decoding=\"async\" width=\"640\" height=\"480\" src=\"http:\/\/qtmm.org\/wp-content\/uploads\/2022\/01\/4f9a226a4e752.jpeg\" alt=\"\" data-id=\"30359\" data-full-url=\"http:\/\/qtmm.org\/wp-content\/uploads\/2022\/01\/4f9a226a4e752.jpeg\" data-link=\"http:\/\/qtmm.org\/qt\/?attachment_id=30359\" class=\"wp-image-30359\" srcset=\"https:\/\/qtmm.org\/wp-content\/uploads\/2022\/01\/4f9a226a4e752.jpeg 640w, https:\/\/qtmm.org\/wp-content\/uploads\/2022\/01\/4f9a226a4e752-300x225.jpeg 300w\" sizes=\"auto, (max-width: 640px) 100vw, 640px\" \/><\/a><\/figure><\/li><li class=\"blocks-gallery-item\"><figure><a href=\"http:\/\/qtmm.org\/wp-content\/uploads\/2022\/01\/4f9a226a8894b.jpeg\"><img loading=\"lazy\" decoding=\"async\" width=\"640\" height=\"480\" src=\"http:\/\/qtmm.org\/wp-content\/uploads\/2022\/01\/4f9a226a8894b.jpeg\" alt=\"\" data-id=\"30363\" data-full-url=\"http:\/\/qtmm.org\/wp-content\/uploads\/2022\/01\/4f9a226a8894b.jpeg\" data-link=\"http:\/\/qtmm.org\/qt\/?attachment_id=30363\" class=\"wp-image-30363\" srcset=\"https:\/\/qtmm.org\/wp-content\/uploads\/2022\/01\/4f9a226a8894b.jpeg 640w, https:\/\/qtmm.org\/wp-content\/uploads\/2022\/01\/4f9a226a8894b-300x225.jpeg 300w\" sizes=\"auto, (max-width: 640px) 100vw, 640px\" \/><\/a><\/figure><\/li><li class=\"blocks-gallery-item\"><figure><a href=\"http:\/\/qtmm.org\/wp-content\/uploads\/2022\/01\/4f9a226ab5bb3.jpeg\"><img loading=\"lazy\" decoding=\"async\" width=\"640\" height=\"480\" src=\"http:\/\/qtmm.org\/wp-content\/uploads\/2022\/01\/4f9a226ab5bb3.jpeg\" alt=\"\" data-id=\"30367\" data-full-url=\"http:\/\/qtmm.org\/wp-content\/uploads\/2022\/01\/4f9a226ab5bb3.jpeg\" data-link=\"http:\/\/qtmm.org\/qt\/?attachment_id=30367\" class=\"wp-image-30367\" srcset=\"https:\/\/qtmm.org\/wp-content\/uploads\/2022\/01\/4f9a226ab5bb3.jpeg 640w, https:\/\/qtmm.org\/wp-content\/uploads\/2022\/01\/4f9a226ab5bb3-300x225.jpeg 300w\" sizes=\"auto, (max-width: 640px) 100vw, 640px\" \/><\/a><\/figure><\/li><li class=\"blocks-gallery-item\"><figure><a href=\"http:\/\/qtmm.org\/wp-content\/uploads\/2022\/01\/4f9a226adb171.jpeg\"><img loading=\"lazy\" decoding=\"async\" width=\"640\" height=\"480\" src=\"http:\/\/qtmm.org\/wp-content\/uploads\/2022\/01\/4f9a226adb171.jpeg\" alt=\"\" data-id=\"30371\" data-full-url=\"http:\/\/qtmm.org\/wp-content\/uploads\/2022\/01\/4f9a226adb171.jpeg\" data-link=\"http:\/\/qtmm.org\/qt\/?attachment_id=30371\" class=\"wp-image-30371\" srcset=\"https:\/\/qtmm.org\/wp-content\/uploads\/2022\/01\/4f9a226adb171.jpeg 640w, https:\/\/qtmm.org\/wp-content\/uploads\/2022\/01\/4f9a226adb171-300x225.jpeg 300w\" sizes=\"auto, (max-width: 640px) 100vw, 640px\" \/><\/a><\/figure><\/li><li class=\"blocks-gallery-item\"><figure><a href=\"http:\/\/qtmm.org\/wp-content\/uploads\/2022\/01\/4f9a226b7b259.jpeg\"><img loading=\"lazy\" decoding=\"async\" width=\"640\" height=\"480\" src=\"http:\/\/qtmm.org\/wp-content\/uploads\/2022\/01\/4f9a226b7b259.jpeg\" alt=\"\" data-id=\"30375\" data-full-url=\"http:\/\/qtmm.org\/wp-content\/uploads\/2022\/01\/4f9a226b7b259.jpeg\" data-link=\"http:\/\/qtmm.org\/qt\/?attachment_id=30375\" class=\"wp-image-30375\" srcset=\"https:\/\/qtmm.org\/wp-content\/uploads\/2022\/01\/4f9a226b7b259.jpeg 640w, https:\/\/qtmm.org\/wp-content\/uploads\/2022\/01\/4f9a226b7b259-300x225.jpeg 300w\" sizes=\"auto, (max-width: 640px) 100vw, 640px\" \/><\/a><\/figure><\/li><li class=\"blocks-gallery-item\"><figure><a href=\"http:\/\/qtmm.org\/wp-content\/uploads\/2022\/01\/4f9a226b9d92a.jpeg\"><img loading=\"lazy\" decoding=\"async\" width=\"640\" height=\"480\" src=\"http:\/\/qtmm.org\/wp-content\/uploads\/2022\/01\/4f9a226b9d92a.jpeg\" alt=\"\" data-id=\"30379\" data-full-url=\"http:\/\/qtmm.org\/wp-content\/uploads\/2022\/01\/4f9a226b9d92a.jpeg\" data-link=\"http:\/\/qtmm.org\/qt\/?attachment_id=30379\" class=\"wp-image-30379\" srcset=\"https:\/\/qtmm.org\/wp-content\/uploads\/2022\/01\/4f9a226b9d92a.jpeg 640w, https:\/\/qtmm.org\/wp-content\/uploads\/2022\/01\/4f9a226b9d92a-300x225.jpeg 300w\" sizes=\"auto, (max-width: 640px) 100vw, 640px\" \/><\/a><\/figure><\/li><li class=\"blocks-gallery-item\"><figure><a href=\"http:\/\/qtmm.org\/wp-content\/uploads\/2022\/01\/4f9a226b51a43.jpeg\"><img loading=\"lazy\" decoding=\"async\" width=\"640\" height=\"480\" src=\"http:\/\/qtmm.org\/wp-content\/uploads\/2022\/01\/4f9a226b51a43.jpeg\" alt=\"\" data-id=\"30383\" data-full-url=\"http:\/\/qtmm.org\/wp-content\/uploads\/2022\/01\/4f9a226b51a43.jpeg\" data-link=\"http:\/\/qtmm.org\/qt\/?attachment_id=30383\" class=\"wp-image-30383\" srcset=\"https:\/\/qtmm.org\/wp-content\/uploads\/2022\/01\/4f9a226b51a43.jpeg 640w, https:\/\/qtmm.org\/wp-content\/uploads\/2022\/01\/4f9a226b51a43-300x225.jpeg 300w\" sizes=\"auto, (max-width: 640px) 100vw, 640px\" \/><\/a><\/figure><\/li><li class=\"blocks-gallery-item\"><figure><a href=\"http:\/\/qtmm.org\/wp-content\/uploads\/2022\/01\/4f9a226b266d0.jpeg\"><img loading=\"lazy\" decoding=\"async\" width=\"640\" height=\"480\" src=\"http:\/\/qtmm.org\/wp-content\/uploads\/2022\/01\/4f9a226b266d0.jpeg\" alt=\"\" data-id=\"30387\" data-full-url=\"http:\/\/qtmm.org\/wp-content\/uploads\/2022\/01\/4f9a226b266d0.jpeg\" data-link=\"http:\/\/qtmm.org\/qt\/?attachment_id=30387\" class=\"wp-image-30387\" srcset=\"https:\/\/qtmm.org\/wp-content\/uploads\/2022\/01\/4f9a226b266d0.jpeg 640w, https:\/\/qtmm.org\/wp-content\/uploads\/2022\/01\/4f9a226b266d0-300x225.jpeg 300w\" sizes=\"auto, (max-width: 640px) 100vw, 640px\" \/><\/a><\/figure><\/li><li class=\"blocks-gallery-item\"><figure><a href=\"http:\/\/qtmm.org\/wp-content\/uploads\/2022\/01\/4f9a226b0576f.jpeg\"><img loading=\"lazy\" decoding=\"async\" width=\"640\" height=\"480\" src=\"http:\/\/qtmm.org\/wp-content\/uploads\/2022\/01\/4f9a226b0576f.jpeg\" alt=\"\" data-id=\"30391\" data-full-url=\"http:\/\/qtmm.org\/wp-content\/uploads\/2022\/01\/4f9a226b0576f.jpeg\" data-link=\"http:\/\/qtmm.org\/qt\/?attachment_id=30391\" class=\"wp-image-30391\" srcset=\"https:\/\/qtmm.org\/wp-content\/uploads\/2022\/01\/4f9a226b0576f.jpeg 640w, https:\/\/qtmm.org\/wp-content\/uploads\/2022\/01\/4f9a226b0576f-300x225.jpeg 300w\" sizes=\"auto, (max-width: 640px) 100vw, 640px\" \/><\/a><\/figure><\/li><li class=\"blocks-gallery-item\"><figure><a href=\"http:\/\/qtmm.org\/wp-content\/uploads\/2022\/01\/4f9a226bc1365.jpeg\"><img loading=\"lazy\" decoding=\"async\" width=\"640\" height=\"480\" src=\"http:\/\/qtmm.org\/wp-content\/uploads\/2022\/01\/4f9a226bc1365.jpeg\" alt=\"\" data-id=\"30395\" data-full-url=\"http:\/\/qtmm.org\/wp-content\/uploads\/2022\/01\/4f9a226bc1365.jpeg\" data-link=\"http:\/\/qtmm.org\/qt\/?attachment_id=30395\" class=\"wp-image-30395\" srcset=\"https:\/\/qtmm.org\/wp-content\/uploads\/2022\/01\/4f9a226bc1365.jpeg 640w, https:\/\/qtmm.org\/wp-content\/uploads\/2022\/01\/4f9a226bc1365-300x225.jpeg 300w\" sizes=\"auto, (max-width: 640px) 100vw, 640px\" \/><\/a><\/figure><\/li><\/ul><\/figure>\n","protected":false},"excerpt":{"rendered":"<p>2012 senesi aprel 23 k\u00fcn\u00fc Aqmescit \u015feerini\u00f1 Kiyev rayon mahkemesinde R. Balbekni\u00f1 Q\u0131r\u0131mtatar halq\u0131 Meclisini\u00f1 reisi, Ukraina halq deputat\u0131 Mustafa Cemilev, &#8220;Den&#8221; ukrain ve &#8220;Avdet&#8221; q\u0131r\u0131mtatar gazetalar\u0131na nisbeten &#8220;Namus, \u015feref ve i\u015f nam\u0131n\u0131 qor\u00e7alav ve aqiqatqa uyma\u011fan mal\u00fcmatlar reddiyesi aqq\u0131nda&#8221; davas\u0131n\u0131\u00f1 muzakeresi ba\u015fland\u0131. Birinci sefer ol\u011fan\u0131 kibi bu keresinde de Aqmescit \u015feeri Kiyev rayon mahkemesini\u00f1 [&hellip;]<\/p>\n","protected":false},"author":1,"featured_media":30363,"comment_status":"open","ping_status":"open","sticky":false,"template":"","format":"standard","meta":{"inline_featured_image":false,"footnotes":""},"categories":[265],"tags":[],"class_list":["post-30358","post","type-post","status-publish","format-standard","has-post-thumbnail","hentry","category-haberler"],"acf":[],"yoast_head":"<!-- This site is optimized with the Yoast SEO plugin v27.4 - https:\/\/yoast.com\/product\/yoast-seo-wordpress\/ -->\n<title>Refat \u00c7ubarov: \u00abBizim k\u00fc\u00e7\u00fcmiz \u2013 birlikte\u00bb - \u041c\u0435\u0434\u0436\u043b\u0456\u0441<\/title>\n<meta name=\"robots\" content=\"index, follow, max-snippet:-1, max-image-preview:large, max-video-preview:-1\" \/>\n<link rel=\"canonical\" href=\"https:\/\/qtmm.org\/qt\/refat-cubarov-bizim-kucumiz-birlikte\/\" \/>\n<meta property=\"og:locale\" content=\"en_US\" \/>\n<meta property=\"og:type\" content=\"article\" \/>\n<meta property=\"og:title\" content=\"Refat \u00c7ubarov: \u00abBizim k\u00fc\u00e7\u00fcmiz \u2013 birlikte\u00bb - \u041c\u0435\u0434\u0436\u043b\u0456\u0441\" \/>\n<meta property=\"og:description\" content=\"2012 senesi aprel 23 k\u00fcn\u00fc Aqmescit \u015feerini\u00f1 Kiyev rayon mahkemesinde R. Balbekni\u00f1 Q\u0131r\u0131mtatar halq\u0131 Meclisini\u00f1 reisi, Ukraina halq deputat\u0131 Mustafa Cemilev, &#8220;Den&#8221; ukrain ve &#8220;Avdet&#8221; q\u0131r\u0131mtatar gazetalar\u0131na nisbeten &#8220;Namus, \u015feref ve i\u015f nam\u0131n\u0131 qor\u00e7alav ve aqiqatqa uyma\u011fan mal\u00fcmatlar reddiyesi aqq\u0131nda&#8221; davas\u0131n\u0131\u00f1 muzakeresi ba\u015fland\u0131. Birinci sefer ol\u011fan\u0131 kibi bu keresinde de Aqmescit \u015feeri Kiyev rayon mahkemesini\u00f1 [&hellip;]\" \/>\n<meta property=\"og:url\" content=\"https:\/\/qtmm.org\/qt\/refat-cubarov-bizim-kucumiz-birlikte\/\" \/>\n<meta property=\"og:site_name\" content=\"\u041c\u0435\u0434\u0436\u043b\u0456\u0441\" \/>\n<meta property=\"article:publisher\" content=\"https:\/\/www.facebook.com\/qtmm.info\/\" \/>\n<meta property=\"article:published_time\" content=\"2012-04-24T15:25:00+00:00\" \/>\n<meta property=\"article:modified_time\" content=\"2022-01-21T15:27:25+00:00\" \/>\n<meta property=\"og:image\" content=\"https:\/\/qtmm.org\/wp-content\/uploads\/2022\/01\/4f9a226a8894b.jpeg\" \/>\n\t<meta property=\"og:image:width\" content=\"640\" \/>\n\t<meta property=\"og:image:height\" content=\"480\" \/>\n\t<meta property=\"og:image:type\" content=\"image\/jpeg\" \/>\n<meta name=\"author\" content=\"Developer\" \/>\n<meta name=\"twitter:card\" content=\"summary_large_image\" \/>\n<meta name=\"twitter:label1\" content=\"Written by\" \/>\n\t<meta name=\"twitter:data1\" content=\"Developer\" \/>\n\t<meta name=\"twitter:label2\" content=\"Est. reading time\" \/>\n\t<meta name=\"twitter:data2\" content=\"2 minutes\" \/>\n<script type=\"application\/ld+json\" class=\"yoast-schema-graph\">{\"@context\":\"https:\\\/\\\/schema.org\",\"@graph\":[{\"@type\":\"Article\",\"@id\":\"https:\\\/\\\/qtmm.org\\\/qt\\\/refat-cubarov-bizim-kucumiz-birlikte\\\/#article\",\"isPartOf\":{\"@id\":\"https:\\\/\\\/qtmm.org\\\/qt\\\/refat-cubarov-bizim-kucumiz-birlikte\\\/\"},\"author\":{\"name\":\"Developer\",\"@id\":\"https:\\\/\\\/qtmm.org\\\/qt\\\/#\\\/schema\\\/person\\\/de562469f971dec226ac06e60bbf74a7\"},\"headline\":\"Refat \u00c7ubarov: \u00abBizim k\u00fc\u00e7\u00fcmiz \u2013 birlikte\u00bb\",\"datePublished\":\"2012-04-24T15:25:00+00:00\",\"dateModified\":\"2022-01-21T15:27:25+00:00\",\"mainEntityOfPage\":{\"@id\":\"https:\\\/\\\/qtmm.org\\\/qt\\\/refat-cubarov-bizim-kucumiz-birlikte\\\/\"},\"wordCount\":381,\"commentCount\":0,\"publisher\":{\"@id\":\"https:\\\/\\\/qtmm.org\\\/qt\\\/#organization\"},\"image\":{\"@id\":\"https:\\\/\\\/qtmm.org\\\/qt\\\/refat-cubarov-bizim-kucumiz-birlikte\\\/#primaryimage\"},\"thumbnailUrl\":\"https:\\\/\\\/qtmm.org\\\/wp-content\\\/uploads\\\/2022\\\/01\\\/4f9a226a8894b.jpeg\",\"articleSection\":[\"Haberler\"],\"inLanguage\":\"qt\",\"potentialAction\":[{\"@type\":\"CommentAction\",\"name\":\"Comment\",\"target\":[\"https:\\\/\\\/qtmm.org\\\/qt\\\/refat-cubarov-bizim-kucumiz-birlikte\\\/#respond\"]}]},{\"@type\":\"WebPage\",\"@id\":\"https:\\\/\\\/qtmm.org\\\/qt\\\/refat-cubarov-bizim-kucumiz-birlikte\\\/\",\"url\":\"https:\\\/\\\/qtmm.org\\\/qt\\\/refat-cubarov-bizim-kucumiz-birlikte\\\/\",\"name\":\"Refat \u00c7ubarov: \u00abBizim k\u00fc\u00e7\u00fcmiz \u2013 birlikte\u00bb - \u041c\u0435\u0434\u0436\u043b\u0456\u0441\",\"isPartOf\":{\"@id\":\"https:\\\/\\\/qtmm.org\\\/qt\\\/#website\"},\"primaryImageOfPage\":{\"@id\":\"https:\\\/\\\/qtmm.org\\\/qt\\\/refat-cubarov-bizim-kucumiz-birlikte\\\/#primaryimage\"},\"image\":{\"@id\":\"https:\\\/\\\/qtmm.org\\\/qt\\\/refat-cubarov-bizim-kucumiz-birlikte\\\/#primaryimage\"},\"thumbnailUrl\":\"https:\\\/\\\/qtmm.org\\\/wp-content\\\/uploads\\\/2022\\\/01\\\/4f9a226a8894b.jpeg\",\"datePublished\":\"2012-04-24T15:25:00+00:00\",\"dateModified\":\"2022-01-21T15:27:25+00:00\",\"breadcrumb\":{\"@id\":\"https:\\\/\\\/qtmm.org\\\/qt\\\/refat-cubarov-bizim-kucumiz-birlikte\\\/#breadcrumb\"},\"inLanguage\":\"qt\",\"potentialAction\":[{\"@type\":\"ReadAction\",\"target\":[\"https:\\\/\\\/qtmm.org\\\/qt\\\/refat-cubarov-bizim-kucumiz-birlikte\\\/\"]}]},{\"@type\":\"ImageObject\",\"inLanguage\":\"qt\",\"@id\":\"https:\\\/\\\/qtmm.org\\\/qt\\\/refat-cubarov-bizim-kucumiz-birlikte\\\/#primaryimage\",\"url\":\"https:\\\/\\\/qtmm.org\\\/wp-content\\\/uploads\\\/2022\\\/01\\\/4f9a226a8894b.jpeg\",\"contentUrl\":\"https:\\\/\\\/qtmm.org\\\/wp-content\\\/uploads\\\/2022\\\/01\\\/4f9a226a8894b.jpeg\",\"width\":640,\"height\":480},{\"@type\":\"BreadcrumbList\",\"@id\":\"https:\\\/\\\/qtmm.org\\\/qt\\\/refat-cubarov-bizim-kucumiz-birlikte\\\/#breadcrumb\",\"itemListElement\":[{\"@type\":\"ListItem\",\"position\":1,\"name\":\"\u0413\u043e\u043b\u043e\u0432\u043d\u0430\",\"item\":\"https:\\\/\\\/qtmm.org\\\/qt\\\/\"},{\"@type\":\"ListItem\",\"position\":2,\"name\":\"Refat \u00c7ubarov: \u00abBizim k\u00fc\u00e7\u00fcmiz \u2013 birlikte\u00bb\"}]},{\"@type\":\"WebSite\",\"@id\":\"https:\\\/\\\/qtmm.org\\\/qt\\\/#website\",\"url\":\"https:\\\/\\\/qtmm.org\\\/qt\\\/\",\"name\":\"\u041c\u0435\u0434\u0436\u043b\u0456\u0441\",\"description\":\"\",\"publisher\":{\"@id\":\"https:\\\/\\\/qtmm.org\\\/qt\\\/#organization\"},\"potentialAction\":[{\"@type\":\"SearchAction\",\"target\":{\"@type\":\"EntryPoint\",\"urlTemplate\":\"https:\\\/\\\/qtmm.org\\\/qt\\\/?s={search_term_string}\"},\"query-input\":{\"@type\":\"PropertyValueSpecification\",\"valueRequired\":true,\"valueName\":\"search_term_string\"}}],\"inLanguage\":\"qt\"},{\"@type\":\"Organization\",\"@id\":\"https:\\\/\\\/qtmm.org\\\/qt\\\/#organization\",\"name\":\"\u041c\u0435\u0434\u0436\u043b\u0456\u0441\",\"url\":\"https:\\\/\\\/qtmm.org\\\/qt\\\/\",\"logo\":{\"@type\":\"ImageObject\",\"inLanguage\":\"qt\",\"@id\":\"https:\\\/\\\/qtmm.org\\\/qt\\\/#\\\/schema\\\/logo\\\/image\\\/\",\"url\":\"https:\\\/\\\/qtmm.org\\\/wp-content\\\/uploads\\\/2024\\\/12\\\/ua-mejlis-logo-rgb.svg\",\"contentUrl\":\"https:\\\/\\\/qtmm.org\\\/wp-content\\\/uploads\\\/2024\\\/12\\\/ua-mejlis-logo-rgb.svg\",\"caption\":\"\u041c\u0435\u0434\u0436\u043b\u0456\u0441\"},\"image\":{\"@id\":\"https:\\\/\\\/qtmm.org\\\/qt\\\/#\\\/schema\\\/logo\\\/image\\\/\"},\"sameAs\":[\"https:\\\/\\\/www.facebook.com\\\/qtmm.info\\\/\"]},{\"@type\":\"Person\",\"@id\":\"https:\\\/\\\/qtmm.org\\\/qt\\\/#\\\/schema\\\/person\\\/de562469f971dec226ac06e60bbf74a7\",\"name\":\"Developer\",\"image\":{\"@type\":\"ImageObject\",\"inLanguage\":\"qt\",\"@id\":\"https:\\\/\\\/secure.gravatar.com\\\/avatar\\\/392b4cc8fbfeb00b39dfeeab4ee6edded39ffd48e25858637e4765810300227e?s=96&d=mm&r=g\",\"url\":\"https:\\\/\\\/secure.gravatar.com\\\/avatar\\\/392b4cc8fbfeb00b39dfeeab4ee6edded39ffd48e25858637e4765810300227e?s=96&d=mm&r=g\",\"contentUrl\":\"https:\\\/\\\/secure.gravatar.com\\\/avatar\\\/392b4cc8fbfeb00b39dfeeab4ee6edded39ffd48e25858637e4765810300227e?s=96&d=mm&r=g\",\"caption\":\"Developer\"},\"url\":\"https:\\\/\\\/qtmm.org\\\/qt\\\/author\\\/Developer\\\/\"}]}<\/script>\n<!-- \/ Yoast SEO plugin. -->","yoast_head_json":{"title":"Refat \u00c7ubarov: \u00abBizim k\u00fc\u00e7\u00fcmiz \u2013 birlikte\u00bb - \u041c\u0435\u0434\u0436\u043b\u0456\u0441","robots":{"index":"index","follow":"follow","max-snippet":"max-snippet:-1","max-image-preview":"max-image-preview:large","max-video-preview":"max-video-preview:-1"},"canonical":"https:\/\/qtmm.org\/qt\/refat-cubarov-bizim-kucumiz-birlikte\/","og_locale":"en_US","og_type":"article","og_title":"Refat \u00c7ubarov: \u00abBizim k\u00fc\u00e7\u00fcmiz \u2013 birlikte\u00bb - \u041c\u0435\u0434\u0436\u043b\u0456\u0441","og_description":"2012 senesi aprel 23 k\u00fcn\u00fc Aqmescit \u015feerini\u00f1 Kiyev rayon mahkemesinde R. Balbekni\u00f1 Q\u0131r\u0131mtatar halq\u0131 Meclisini\u00f1 reisi, Ukraina halq deputat\u0131 Mustafa Cemilev, &#8220;Den&#8221; ukrain ve &#8220;Avdet&#8221; q\u0131r\u0131mtatar gazetalar\u0131na nisbeten &#8220;Namus, \u015feref ve i\u015f nam\u0131n\u0131 qor\u00e7alav ve aqiqatqa uyma\u011fan mal\u00fcmatlar reddiyesi aqq\u0131nda&#8221; davas\u0131n\u0131\u00f1 muzakeresi ba\u015fland\u0131. Birinci sefer ol\u011fan\u0131 kibi bu keresinde de Aqmescit \u015feeri Kiyev rayon mahkemesini\u00f1 [&hellip;]","og_url":"https:\/\/qtmm.org\/qt\/refat-cubarov-bizim-kucumiz-birlikte\/","og_site_name":"\u041c\u0435\u0434\u0436\u043b\u0456\u0441","article_publisher":"https:\/\/www.facebook.com\/qtmm.info\/","article_published_time":"2012-04-24T15:25:00+00:00","article_modified_time":"2022-01-21T15:27:25+00:00","og_image":[{"width":640,"height":480,"url":"https:\/\/qtmm.org\/wp-content\/uploads\/2022\/01\/4f9a226a8894b.jpeg","type":"image\/jpeg"}],"author":"Developer","twitter_card":"summary_large_image","twitter_misc":{"Written by":"Developer","Est. reading time":"2 minutes"},"schema":{"@context":"https:\/\/schema.org","@graph":[{"@type":"Article","@id":"https:\/\/qtmm.org\/qt\/refat-cubarov-bizim-kucumiz-birlikte\/#article","isPartOf":{"@id":"https:\/\/qtmm.org\/qt\/refat-cubarov-bizim-kucumiz-birlikte\/"},"author":{"name":"Developer","@id":"https:\/\/qtmm.org\/qt\/#\/schema\/person\/de562469f971dec226ac06e60bbf74a7"},"headline":"Refat \u00c7ubarov: \u00abBizim k\u00fc\u00e7\u00fcmiz \u2013 birlikte\u00bb","datePublished":"2012-04-24T15:25:00+00:00","dateModified":"2022-01-21T15:27:25+00:00","mainEntityOfPage":{"@id":"https:\/\/qtmm.org\/qt\/refat-cubarov-bizim-kucumiz-birlikte\/"},"wordCount":381,"commentCount":0,"publisher":{"@id":"https:\/\/qtmm.org\/qt\/#organization"},"image":{"@id":"https:\/\/qtmm.org\/qt\/refat-cubarov-bizim-kucumiz-birlikte\/#primaryimage"},"thumbnailUrl":"https:\/\/qtmm.org\/wp-content\/uploads\/2022\/01\/4f9a226a8894b.jpeg","articleSection":["Haberler"],"inLanguage":"qt","potentialAction":[{"@type":"CommentAction","name":"Comment","target":["https:\/\/qtmm.org\/qt\/refat-cubarov-bizim-kucumiz-birlikte\/#respond"]}]},{"@type":"WebPage","@id":"https:\/\/qtmm.org\/qt\/refat-cubarov-bizim-kucumiz-birlikte\/","url":"https:\/\/qtmm.org\/qt\/refat-cubarov-bizim-kucumiz-birlikte\/","name":"Refat \u00c7ubarov: \u00abBizim k\u00fc\u00e7\u00fcmiz \u2013 birlikte\u00bb - \u041c\u0435\u0434\u0436\u043b\u0456\u0441","isPartOf":{"@id":"https:\/\/qtmm.org\/qt\/#website"},"primaryImageOfPage":{"@id":"https:\/\/qtmm.org\/qt\/refat-cubarov-bizim-kucumiz-birlikte\/#primaryimage"},"image":{"@id":"https:\/\/qtmm.org\/qt\/refat-cubarov-bizim-kucumiz-birlikte\/#primaryimage"},"thumbnailUrl":"https:\/\/qtmm.org\/wp-content\/uploads\/2022\/01\/4f9a226a8894b.jpeg","datePublished":"2012-04-24T15:25:00+00:00","dateModified":"2022-01-21T15:27:25+00:00","breadcrumb":{"@id":"https:\/\/qtmm.org\/qt\/refat-cubarov-bizim-kucumiz-birlikte\/#breadcrumb"},"inLanguage":"qt","potentialAction":[{"@type":"ReadAction","target":["https:\/\/qtmm.org\/qt\/refat-cubarov-bizim-kucumiz-birlikte\/"]}]},{"@type":"ImageObject","inLanguage":"qt","@id":"https:\/\/qtmm.org\/qt\/refat-cubarov-bizim-kucumiz-birlikte\/#primaryimage","url":"https:\/\/qtmm.org\/wp-content\/uploads\/2022\/01\/4f9a226a8894b.jpeg","contentUrl":"https:\/\/qtmm.org\/wp-content\/uploads\/2022\/01\/4f9a226a8894b.jpeg","width":640,"height":480},{"@type":"BreadcrumbList","@id":"https:\/\/qtmm.org\/qt\/refat-cubarov-bizim-kucumiz-birlikte\/#breadcrumb","itemListElement":[{"@type":"ListItem","position":1,"name":"\u0413\u043e\u043b\u043e\u0432\u043d\u0430","item":"https:\/\/qtmm.org\/qt\/"},{"@type":"ListItem","position":2,"name":"Refat \u00c7ubarov: \u00abBizim k\u00fc\u00e7\u00fcmiz \u2013 birlikte\u00bb"}]},{"@type":"WebSite","@id":"https:\/\/qtmm.org\/qt\/#website","url":"https:\/\/qtmm.org\/qt\/","name":"\u041c\u0435\u0434\u0436\u043b\u0456\u0441","description":"","publisher":{"@id":"https:\/\/qtmm.org\/qt\/#organization"},"potentialAction":[{"@type":"SearchAction","target":{"@type":"EntryPoint","urlTemplate":"https:\/\/qtmm.org\/qt\/?s={search_term_string}"},"query-input":{"@type":"PropertyValueSpecification","valueRequired":true,"valueName":"search_term_string"}}],"inLanguage":"qt"},{"@type":"Organization","@id":"https:\/\/qtmm.org\/qt\/#organization","name":"\u041c\u0435\u0434\u0436\u043b\u0456\u0441","url":"https:\/\/qtmm.org\/qt\/","logo":{"@type":"ImageObject","inLanguage":"qt","@id":"https:\/\/qtmm.org\/qt\/#\/schema\/logo\/image\/","url":"https:\/\/qtmm.org\/wp-content\/uploads\/2024\/12\/ua-mejlis-logo-rgb.svg","contentUrl":"https:\/\/qtmm.org\/wp-content\/uploads\/2024\/12\/ua-mejlis-logo-rgb.svg","caption":"\u041c\u0435\u0434\u0436\u043b\u0456\u0441"},"image":{"@id":"https:\/\/qtmm.org\/qt\/#\/schema\/logo\/image\/"},"sameAs":["https:\/\/www.facebook.com\/qtmm.info\/"]},{"@type":"Person","@id":"https:\/\/qtmm.org\/qt\/#\/schema\/person\/de562469f971dec226ac06e60bbf74a7","name":"Developer","image":{"@type":"ImageObject","inLanguage":"qt","@id":"https:\/\/secure.gravatar.com\/avatar\/392b4cc8fbfeb00b39dfeeab4ee6edded39ffd48e25858637e4765810300227e?s=96&d=mm&r=g","url":"https:\/\/secure.gravatar.com\/avatar\/392b4cc8fbfeb00b39dfeeab4ee6edded39ffd48e25858637e4765810300227e?s=96&d=mm&r=g","contentUrl":"https:\/\/secure.gravatar.com\/avatar\/392b4cc8fbfeb00b39dfeeab4ee6edded39ffd48e25858637e4765810300227e?s=96&d=mm&r=g","caption":"Developer"},"url":"https:\/\/qtmm.org\/qt\/author\/Developer\/"}]}},"_links":{"self":[{"href":"https:\/\/qtmm.org\/qt\/wp-json\/wp\/v2\/posts\/30358","targetHints":{"allow":["GET"]}}],"collection":[{"href":"https:\/\/qtmm.org\/qt\/wp-json\/wp\/v2\/posts"}],"about":[{"href":"https:\/\/qtmm.org\/qt\/wp-json\/wp\/v2\/types\/post"}],"author":[{"embeddable":true,"href":"https:\/\/qtmm.org\/qt\/wp-json\/wp\/v2\/users\/1"}],"replies":[{"embeddable":true,"href":"https:\/\/qtmm.org\/qt\/wp-json\/wp\/v2\/comments?post=30358"}],"version-history":[{"count":1,"href":"https:\/\/qtmm.org\/qt\/wp-json\/wp\/v2\/posts\/30358\/revisions"}],"predecessor-version":[{"id":30399,"href":"https:\/\/qtmm.org\/qt\/wp-json\/wp\/v2\/posts\/30358\/revisions\/30399"}],"wp:featuredmedia":[{"embeddable":true,"href":"https:\/\/qtmm.org\/qt\/wp-json\/wp\/v2\/media\/30363"}],"wp:attachment":[{"href":"https:\/\/qtmm.org\/qt\/wp-json\/wp\/v2\/media?parent=30358"}],"wp:term":[{"taxonomy":"category","embeddable":true,"href":"https:\/\/qtmm.org\/qt\/wp-json\/wp\/v2\/categories?post=30358"},{"taxonomy":"post_tag","embeddable":true,"href":"https:\/\/qtmm.org\/qt\/wp-json\/wp\/v2\/tags?post=30358"}],"curies":[{"name":"wp","href":"https:\/\/api.w.org\/{rel}","templated":true}]}}