




{"id":30324,"date":"2012-04-23T18:22:00","date_gmt":"2012-04-23T15:22:00","guid":{"rendered":"http:\/\/qtmm.org\/?p=30324"},"modified":"2022-01-21T18:25:37","modified_gmt":"2022-01-21T15:25:37","slug":"akcura-cemiyeti-15-yasinda","status":"publish","type":"post","link":"https:\/\/qtmm.org\/qt\/akcura-cemiyeti-15-yasinda\/","title":{"rendered":"\u00abAK\u00c7URA\u00bb cemiyeti 15 ya\u015f\u0131nda!"},"content":{"rendered":"\n<p>2012 senesi aprel 22 k\u00fcn\u00fc B\u00fct\u00fcnd\u00fcnya q\u0131r\u0131mtatarlar kongressini\u00f1 prezidenti Refat \u00c7ubarov ve Q\u0131r\u0131mtatar halq\u0131 Meclisini\u00f1 azalar\u0131 Ali Hamzin ve Zaur Smirnov Volgaboyu, Ural ve Sibir tatarlar\u0131n\u0131\u00f1 &#8220;AK\u00c7URA&#8221; cemiyeti faaliyetini\u00f1 15 y\u0131ll\u0131\u011f\u0131na ba\u011f\u0131\u015flan\u011fan yubiley tedbirinde i\u015ftirak ettiler. Cemiyetke Volgaboyu tatarlar diasporas\u0131n\u0131\u00f1 faali Raisa M\u00fcnirovna Alekseyeva yetek\u00e7ilik yapa.<\/p>\n\n\n\n<p>Bu m\u00fcim vaqian\u0131 qayd etmek i\u00e7\u00fcn Qazandan B\u00fct\u00fcnd\u00fcnya tatarlar kongressi \u0130cra komitetini\u00f1 \u00e7eteldeki te\u015fkil\u00e2tlarnen \u00e7al\u0131\u015fuv b\u00f6l\u00fcgini\u00f1 ba\u015f\u0131<br>Lenara K\u00fcteyeva, &#8220;Tatar ailesi&#8221; B\u00fct\u00fcnrusiye Cemaat fond\u0131 idaresini\u00f1 reisi Mil\u00e2u\u015fa Gayfullina, &#8220;Tatarstan- Ya\u00f1\u0131 As\u0131r&#8221; (TNV) telekanal\u0131nda &#8220;Tatarlar&#8221; yay\u0131n\u0131n\u0131\u00f1 m\u00fcellifi ve al\u0131p bar\u0131c\u0131s\u0131 Fl\u00fcra Abdullina, Q\u0131r\u0131mda Volgaboyu tatarlar\u0131n\u0131\u00f1 &#8220;\u0130del&#8221; cumhuriyet te\u015fkil\u00e2t\u0131n\u0131\u00f1 reisi \u0130lmir Temirgaliyev ve digerleri keldiler.<\/p>\n\n\n\n<p>&#8220;AK\u00c7URA&#8221; cemiyeti yar\u0131madada milletlerara bar\u0131\u015f\u0131ql\u0131qn\u0131\u00f1 pekinmesine b\u00fcy\u00fck isse qo\u015fa ve bu saada faal areketlerde buluna. Volgaboyu, Ural ve Sibir tatarlar\u0131n\u0131\u00f1 Yaltadaki &#8220;AK\u00c7URA&#8221; cemiyeti Q\u0131r\u0131mda Tatarstan k\u00fcnlerini ke\u00e7irip, bu bayramda q\u0131r\u0131mtatar icadiy birle\u015fmelerni\u00f1 vekilleri de aktiv i\u015ftirak eteler.<\/p>\n\n\n\n<p>Tatarstan devlet bayra\u011f\u0131 ve q\u0131r\u0131mtatar milliy bayra\u011f\u0131nen yara\u015ft\u0131r\u0131l\u011fan sanada yubiley merasimi i\u015ftirak\u00e7ilerini\u00f1 \u00f6g\u00fcnde &#8220;AK\u00c7ORA&#8221; taq\u0131m\u0131 kontsert numay\u0131\u015f etti. Em b\u00fcy\u00fck ya\u015fta adamlarn\u0131 , em gen\u00e7lerni birle\u015ftirgen bu taq\u0131m tedbirge kelgenlerge bayram keyfini ba\u011f\u0131\u015flad\u0131. Bilhassa Abdulla Tuqayn\u0131\u00f1 &#8220;Ey tugan tel, ey matur tel&#8221; \u015fiiri e\u00f1 \u00e7oq el\u00e7\u0131rpmalarn\u0131 qazand\u0131. .<\/p>\n\n\n\n<p>Yubiley tedbiri i\u015ftirak\u00e7ileri \u00f6g\u00fcnde \u00e7\u0131q\u0131\u015fta Refat \u00c7ubarov Volgaboyu tatarlar cemiyetini\u00f1 aktiv faaliyeti, hususan milliy \u00f6zg\u00fcnlikni, tuv\u011fan til ve medeniyetni qor\u00e7alavdaki areketlerini ayr\u0131ca qayd etti. &#8220;Q\u0131r\u0131mtatar halq\u0131n\u0131\u00f1 Meclisi q\u0131r\u0131mtatarlar Vatan\u011fa qaytqanlar\u0131nen ilk-evel\u00e2 s\u00fcrg\u00fcnlik devrinde Qazan ve Q\u0131r\u0131m aras\u0131nda \u00fcz\u00fclgen ba\u011fn\u0131 \u011fayr\u0131dan tiklemege kiri\u015fti. \u00c7\u00fcnki biri-birilerine bu qadar yaq\u0131n halqlar biri-birilerinden uzaq olamazlar&#8221;, &#8211; dedi Refat \u00c7ubarov.<\/p>\n\n\n\n<p>Tedbir devam\u0131nda Refat \u00c7ubarov, \u0130lmir Temirgaliyev, Ali Hamzin ve Zaur Smirnov B\u00fct\u00fcnd\u00fcnya tatarlar kongressi \u0130cra komitetini\u00f1 \u00e7eteldeki te\u015fkil\u00e2tlarnen \u00e7al\u0131\u015fuv b\u00f6l\u00fcgini\u00f1 ba\u015f\u0131 Lenara K\u00fcteyeva ile subetle\u015fip, kelecekte i\u015fbirlik qurmaq husus\u0131nda fikir payla\u015ft\u0131lar.<\/p>\n\n\n\n<figure class=\"wp-block-gallery columns-3 is-cropped wp-block-gallery-1 is-layout-flex wp-block-gallery-is-layout-flex\"><ul class=\"blocks-gallery-grid\"><li class=\"blocks-gallery-item\"><figure><a href=\"http:\/\/qtmm.org\/wp-content\/uploads\/2022\/01\/4f96832becc41.jpeg\"><img loading=\"lazy\" decoding=\"async\" width=\"640\" height=\"480\" src=\"http:\/\/qtmm.org\/wp-content\/uploads\/2022\/01\/4f96832becc41.jpeg\" alt=\"\" data-id=\"30325\" data-full-url=\"http:\/\/qtmm.org\/wp-content\/uploads\/2022\/01\/4f96832becc41.jpeg\" data-link=\"http:\/\/qtmm.org\/qt\/?attachment_id=30325\" class=\"wp-image-30325\" srcset=\"https:\/\/qtmm.org\/wp-content\/uploads\/2022\/01\/4f96832becc41.jpeg 640w, https:\/\/qtmm.org\/wp-content\/uploads\/2022\/01\/4f96832becc41-300x225.jpeg 300w\" sizes=\"auto, (max-width: 640px) 100vw, 640px\" \/><\/a><\/figure><\/li><li class=\"blocks-gallery-item\"><figure><a href=\"http:\/\/qtmm.org\/wp-content\/uploads\/2022\/01\/4f96832c9b385.jpeg\"><img loading=\"lazy\" decoding=\"async\" width=\"640\" height=\"480\" src=\"http:\/\/qtmm.org\/wp-content\/uploads\/2022\/01\/4f96832c9b385.jpeg\" alt=\"\" data-id=\"30329\" data-full-url=\"http:\/\/qtmm.org\/wp-content\/uploads\/2022\/01\/4f96832c9b385.jpeg\" data-link=\"http:\/\/qtmm.org\/qt\/?attachment_id=30329\" class=\"wp-image-30329\" srcset=\"https:\/\/qtmm.org\/wp-content\/uploads\/2022\/01\/4f96832c9b385.jpeg 640w, https:\/\/qtmm.org\/wp-content\/uploads\/2022\/01\/4f96832c9b385-300x225.jpeg 300w\" sizes=\"auto, (max-width: 640px) 100vw, 640px\" \/><\/a><\/figure><\/li><li class=\"blocks-gallery-item\"><figure><a href=\"http:\/\/qtmm.org\/wp-content\/uploads\/2022\/01\/4f96832c21e5f.jpeg\"><img loading=\"lazy\" decoding=\"async\" width=\"640\" height=\"480\" src=\"http:\/\/qtmm.org\/wp-content\/uploads\/2022\/01\/4f96832c21e5f.jpeg\" alt=\"\" data-id=\"30333\" data-full-url=\"http:\/\/qtmm.org\/wp-content\/uploads\/2022\/01\/4f96832c21e5f.jpeg\" data-link=\"http:\/\/qtmm.org\/qt\/?attachment_id=30333\" class=\"wp-image-30333\" srcset=\"https:\/\/qtmm.org\/wp-content\/uploads\/2022\/01\/4f96832c21e5f.jpeg 640w, https:\/\/qtmm.org\/wp-content\/uploads\/2022\/01\/4f96832c21e5f-300x225.jpeg 300w\" sizes=\"auto, (max-width: 640px) 100vw, 640px\" \/><\/a><\/figure><\/li><li class=\"blocks-gallery-item\"><figure><a href=\"http:\/\/qtmm.org\/wp-content\/uploads\/2022\/01\/4f96832c611c3.jpeg\"><img loading=\"lazy\" decoding=\"async\" width=\"640\" height=\"480\" src=\"http:\/\/qtmm.org\/wp-content\/uploads\/2022\/01\/4f96832c611c3.jpeg\" alt=\"\" data-id=\"30337\" data-full-url=\"http:\/\/qtmm.org\/wp-content\/uploads\/2022\/01\/4f96832c611c3.jpeg\" data-link=\"http:\/\/qtmm.org\/qt\/?attachment_id=30337\" class=\"wp-image-30337\" srcset=\"https:\/\/qtmm.org\/wp-content\/uploads\/2022\/01\/4f96832c611c3.jpeg 640w, https:\/\/qtmm.org\/wp-content\/uploads\/2022\/01\/4f96832c611c3-300x225.jpeg 300w\" sizes=\"auto, (max-width: 640px) 100vw, 640px\" \/><\/a><\/figure><\/li><li class=\"blocks-gallery-item\"><figure><a href=\"http:\/\/qtmm.org\/wp-content\/uploads\/2022\/01\/4f96832cd41b3.jpeg\"><img loading=\"lazy\" decoding=\"async\" width=\"640\" height=\"480\" src=\"http:\/\/qtmm.org\/wp-content\/uploads\/2022\/01\/4f96832cd41b3.jpeg\" alt=\"\" data-id=\"30341\" data-full-url=\"http:\/\/qtmm.org\/wp-content\/uploads\/2022\/01\/4f96832cd41b3.jpeg\" data-link=\"http:\/\/qtmm.org\/qt\/?attachment_id=30341\" class=\"wp-image-30341\" srcset=\"https:\/\/qtmm.org\/wp-content\/uploads\/2022\/01\/4f96832cd41b3.jpeg 640w, https:\/\/qtmm.org\/wp-content\/uploads\/2022\/01\/4f96832cd41b3-300x225.jpeg 300w\" sizes=\"auto, (max-width: 640px) 100vw, 640px\" \/><\/a><\/figure><\/li><li class=\"blocks-gallery-item\"><figure><a href=\"http:\/\/qtmm.org\/wp-content\/uploads\/2022\/01\/4f96832d181f9.jpeg\"><img loading=\"lazy\" decoding=\"async\" width=\"640\" height=\"480\" src=\"http:\/\/qtmm.org\/wp-content\/uploads\/2022\/01\/4f96832d181f9.jpeg\" alt=\"\" data-id=\"30345\" data-full-url=\"http:\/\/qtmm.org\/wp-content\/uploads\/2022\/01\/4f96832d181f9.jpeg\" data-link=\"http:\/\/qtmm.org\/qt\/?attachment_id=30345\" class=\"wp-image-30345\" srcset=\"https:\/\/qtmm.org\/wp-content\/uploads\/2022\/01\/4f96832d181f9.jpeg 640w, https:\/\/qtmm.org\/wp-content\/uploads\/2022\/01\/4f96832d181f9-300x225.jpeg 300w\" sizes=\"auto, (max-width: 640px) 100vw, 640px\" \/><\/a><\/figure><\/li><li class=\"blocks-gallery-item\"><figure><a href=\"http:\/\/qtmm.org\/wp-content\/uploads\/2022\/01\/4f96832d58579.jpeg\"><img loading=\"lazy\" decoding=\"async\" width=\"640\" height=\"480\" src=\"http:\/\/qtmm.org\/wp-content\/uploads\/2022\/01\/4f96832d58579.jpeg\" alt=\"\" data-id=\"30349\" data-full-url=\"http:\/\/qtmm.org\/wp-content\/uploads\/2022\/01\/4f96832d58579.jpeg\" data-link=\"http:\/\/qtmm.org\/qt\/?attachment_id=30349\" class=\"wp-image-30349\" srcset=\"https:\/\/qtmm.org\/wp-content\/uploads\/2022\/01\/4f96832d58579.jpeg 640w, https:\/\/qtmm.org\/wp-content\/uploads\/2022\/01\/4f96832d58579-300x225.jpeg 300w\" sizes=\"auto, (max-width: 640px) 100vw, 640px\" \/><\/a><\/figure><\/li><li class=\"blocks-gallery-item\"><figure><a href=\"http:\/\/qtmm.org\/wp-content\/uploads\/2022\/01\/4f96832d90005.jpeg\"><img loading=\"lazy\" decoding=\"async\" width=\"640\" height=\"480\" src=\"http:\/\/qtmm.org\/wp-content\/uploads\/2022\/01\/4f96832d90005.jpeg\" alt=\"\" data-id=\"30353\" data-full-url=\"http:\/\/qtmm.org\/wp-content\/uploads\/2022\/01\/4f96832d90005.jpeg\" data-link=\"http:\/\/qtmm.org\/qt\/?attachment_id=30353\" class=\"wp-image-30353\" srcset=\"https:\/\/qtmm.org\/wp-content\/uploads\/2022\/01\/4f96832d90005.jpeg 640w, https:\/\/qtmm.org\/wp-content\/uploads\/2022\/01\/4f96832d90005-300x225.jpeg 300w\" sizes=\"auto, (max-width: 640px) 100vw, 640px\" \/><\/a><\/figure><\/li><\/ul><\/figure>\n","protected":false},"excerpt":{"rendered":"<p>2012 senesi aprel 22 k\u00fcn\u00fc B\u00fct\u00fcnd\u00fcnya q\u0131r\u0131mtatarlar kongressini\u00f1 prezidenti Refat \u00c7ubarov ve Q\u0131r\u0131mtatar halq\u0131 Meclisini\u00f1 azalar\u0131 Ali Hamzin ve Zaur Smirnov Volgaboyu, Ural ve Sibir tatarlar\u0131n\u0131\u00f1 &#8220;AK\u00c7URA&#8221; cemiyeti faaliyetini\u00f1 15 y\u0131ll\u0131\u011f\u0131na ba\u011f\u0131\u015flan\u011fan yubiley tedbirinde i\u015ftirak ettiler. Cemiyetke Volgaboyu tatarlar diasporas\u0131n\u0131\u00f1 faali Raisa M\u00fcnirovna Alekseyeva yetek\u00e7ilik yapa. Bu m\u00fcim vaqian\u0131 qayd etmek i\u00e7\u00fcn Qazandan B\u00fct\u00fcnd\u00fcnya tatarlar [&hellip;]<\/p>\n","protected":false},"author":1,"featured_media":30349,"comment_status":"open","ping_status":"open","sticky":false,"template":"","format":"standard","meta":{"inline_featured_image":false,"footnotes":""},"categories":[265],"tags":[],"class_list":["post-30324","post","type-post","status-publish","format-standard","has-post-thumbnail","hentry","category-haberler"],"acf":[],"yoast_head":"<!-- This site is optimized with the Yoast SEO plugin v27.4 - https:\/\/yoast.com\/product\/yoast-seo-wordpress\/ -->\n<title>\u00abAK\u00c7URA\u00bb cemiyeti 15 ya\u015f\u0131nda! - \u041c\u0435\u0434\u0436\u043b\u0456\u0441<\/title>\n<meta name=\"robots\" content=\"index, follow, max-snippet:-1, max-image-preview:large, max-video-preview:-1\" \/>\n<link rel=\"canonical\" href=\"https:\/\/qtmm.org\/qt\/akcura-cemiyeti-15-yasinda\/\" \/>\n<meta property=\"og:locale\" content=\"en_US\" \/>\n<meta property=\"og:type\" content=\"article\" \/>\n<meta property=\"og:title\" content=\"\u00abAK\u00c7URA\u00bb cemiyeti 15 ya\u015f\u0131nda! - \u041c\u0435\u0434\u0436\u043b\u0456\u0441\" \/>\n<meta property=\"og:description\" content=\"2012 senesi aprel 22 k\u00fcn\u00fc B\u00fct\u00fcnd\u00fcnya q\u0131r\u0131mtatarlar kongressini\u00f1 prezidenti Refat \u00c7ubarov ve Q\u0131r\u0131mtatar halq\u0131 Meclisini\u00f1 azalar\u0131 Ali Hamzin ve Zaur Smirnov Volgaboyu, Ural ve Sibir tatarlar\u0131n\u0131\u00f1 &#8220;AK\u00c7URA&#8221; cemiyeti faaliyetini\u00f1 15 y\u0131ll\u0131\u011f\u0131na ba\u011f\u0131\u015flan\u011fan yubiley tedbirinde i\u015ftirak ettiler. Cemiyetke Volgaboyu tatarlar diasporas\u0131n\u0131\u00f1 faali Raisa M\u00fcnirovna Alekseyeva yetek\u00e7ilik yapa. Bu m\u00fcim vaqian\u0131 qayd etmek i\u00e7\u00fcn Qazandan B\u00fct\u00fcnd\u00fcnya tatarlar [&hellip;]\" \/>\n<meta property=\"og:url\" content=\"https:\/\/qtmm.org\/qt\/akcura-cemiyeti-15-yasinda\/\" \/>\n<meta property=\"og:site_name\" content=\"\u041c\u0435\u0434\u0436\u043b\u0456\u0441\" \/>\n<meta property=\"article:publisher\" content=\"https:\/\/www.facebook.com\/qtmm.info\/\" \/>\n<meta property=\"article:published_time\" content=\"2012-04-23T15:22:00+00:00\" \/>\n<meta property=\"article:modified_time\" content=\"2022-01-21T15:25:37+00:00\" \/>\n<meta property=\"og:image\" content=\"https:\/\/qtmm.org\/wp-content\/uploads\/2022\/01\/4f96832d58579.jpeg\" \/>\n\t<meta property=\"og:image:width\" content=\"640\" \/>\n\t<meta property=\"og:image:height\" content=\"480\" \/>\n\t<meta property=\"og:image:type\" content=\"image\/jpeg\" \/>\n<meta name=\"author\" content=\"Developer\" \/>\n<meta name=\"twitter:card\" content=\"summary_large_image\" \/>\n<meta name=\"twitter:label1\" content=\"Written by\" \/>\n\t<meta name=\"twitter:data1\" content=\"Developer\" \/>\n\t<meta name=\"twitter:label2\" content=\"Est. reading time\" \/>\n\t<meta name=\"twitter:data2\" content=\"2 minutes\" \/>\n<script type=\"application\/ld+json\" class=\"yoast-schema-graph\">{\"@context\":\"https:\\\/\\\/schema.org\",\"@graph\":[{\"@type\":\"Article\",\"@id\":\"https:\\\/\\\/qtmm.org\\\/qt\\\/akcura-cemiyeti-15-yasinda\\\/#article\",\"isPartOf\":{\"@id\":\"https:\\\/\\\/qtmm.org\\\/qt\\\/akcura-cemiyeti-15-yasinda\\\/\"},\"author\":{\"name\":\"Developer\",\"@id\":\"https:\\\/\\\/qtmm.org\\\/qt\\\/#\\\/schema\\\/person\\\/de562469f971dec226ac06e60bbf74a7\"},\"headline\":\"\u00abAK\u00c7URA\u00bb cemiyeti 15 ya\u015f\u0131nda!\",\"datePublished\":\"2012-04-23T15:22:00+00:00\",\"dateModified\":\"2022-01-21T15:25:37+00:00\",\"mainEntityOfPage\":{\"@id\":\"https:\\\/\\\/qtmm.org\\\/qt\\\/akcura-cemiyeti-15-yasinda\\\/\"},\"wordCount\":395,\"commentCount\":0,\"publisher\":{\"@id\":\"https:\\\/\\\/qtmm.org\\\/qt\\\/#organization\"},\"image\":{\"@id\":\"https:\\\/\\\/qtmm.org\\\/qt\\\/akcura-cemiyeti-15-yasinda\\\/#primaryimage\"},\"thumbnailUrl\":\"https:\\\/\\\/qtmm.org\\\/wp-content\\\/uploads\\\/2022\\\/01\\\/4f96832d58579.jpeg\",\"articleSection\":[\"Haberler\"],\"inLanguage\":\"qt\",\"potentialAction\":[{\"@type\":\"CommentAction\",\"name\":\"Comment\",\"target\":[\"https:\\\/\\\/qtmm.org\\\/qt\\\/akcura-cemiyeti-15-yasinda\\\/#respond\"]}]},{\"@type\":\"WebPage\",\"@id\":\"https:\\\/\\\/qtmm.org\\\/qt\\\/akcura-cemiyeti-15-yasinda\\\/\",\"url\":\"https:\\\/\\\/qtmm.org\\\/qt\\\/akcura-cemiyeti-15-yasinda\\\/\",\"name\":\"\u00abAK\u00c7URA\u00bb cemiyeti 15 ya\u015f\u0131nda! - \u041c\u0435\u0434\u0436\u043b\u0456\u0441\",\"isPartOf\":{\"@id\":\"https:\\\/\\\/qtmm.org\\\/qt\\\/#website\"},\"primaryImageOfPage\":{\"@id\":\"https:\\\/\\\/qtmm.org\\\/qt\\\/akcura-cemiyeti-15-yasinda\\\/#primaryimage\"},\"image\":{\"@id\":\"https:\\\/\\\/qtmm.org\\\/qt\\\/akcura-cemiyeti-15-yasinda\\\/#primaryimage\"},\"thumbnailUrl\":\"https:\\\/\\\/qtmm.org\\\/wp-content\\\/uploads\\\/2022\\\/01\\\/4f96832d58579.jpeg\",\"datePublished\":\"2012-04-23T15:22:00+00:00\",\"dateModified\":\"2022-01-21T15:25:37+00:00\",\"breadcrumb\":{\"@id\":\"https:\\\/\\\/qtmm.org\\\/qt\\\/akcura-cemiyeti-15-yasinda\\\/#breadcrumb\"},\"inLanguage\":\"qt\",\"potentialAction\":[{\"@type\":\"ReadAction\",\"target\":[\"https:\\\/\\\/qtmm.org\\\/qt\\\/akcura-cemiyeti-15-yasinda\\\/\"]}]},{\"@type\":\"ImageObject\",\"inLanguage\":\"qt\",\"@id\":\"https:\\\/\\\/qtmm.org\\\/qt\\\/akcura-cemiyeti-15-yasinda\\\/#primaryimage\",\"url\":\"https:\\\/\\\/qtmm.org\\\/wp-content\\\/uploads\\\/2022\\\/01\\\/4f96832d58579.jpeg\",\"contentUrl\":\"https:\\\/\\\/qtmm.org\\\/wp-content\\\/uploads\\\/2022\\\/01\\\/4f96832d58579.jpeg\",\"width\":640,\"height\":480},{\"@type\":\"BreadcrumbList\",\"@id\":\"https:\\\/\\\/qtmm.org\\\/qt\\\/akcura-cemiyeti-15-yasinda\\\/#breadcrumb\",\"itemListElement\":[{\"@type\":\"ListItem\",\"position\":1,\"name\":\"\u0413\u043e\u043b\u043e\u0432\u043d\u0430\",\"item\":\"https:\\\/\\\/qtmm.org\\\/qt\\\/\"},{\"@type\":\"ListItem\",\"position\":2,\"name\":\"\u00abAK\u00c7URA\u00bb cemiyeti 15 ya\u015f\u0131nda!\"}]},{\"@type\":\"WebSite\",\"@id\":\"https:\\\/\\\/qtmm.org\\\/qt\\\/#website\",\"url\":\"https:\\\/\\\/qtmm.org\\\/qt\\\/\",\"name\":\"\u041c\u0435\u0434\u0436\u043b\u0456\u0441\",\"description\":\"\",\"publisher\":{\"@id\":\"https:\\\/\\\/qtmm.org\\\/qt\\\/#organization\"},\"potentialAction\":[{\"@type\":\"SearchAction\",\"target\":{\"@type\":\"EntryPoint\",\"urlTemplate\":\"https:\\\/\\\/qtmm.org\\\/qt\\\/?s={search_term_string}\"},\"query-input\":{\"@type\":\"PropertyValueSpecification\",\"valueRequired\":true,\"valueName\":\"search_term_string\"}}],\"inLanguage\":\"qt\"},{\"@type\":\"Organization\",\"@id\":\"https:\\\/\\\/qtmm.org\\\/qt\\\/#organization\",\"name\":\"\u041c\u0435\u0434\u0436\u043b\u0456\u0441\",\"url\":\"https:\\\/\\\/qtmm.org\\\/qt\\\/\",\"logo\":{\"@type\":\"ImageObject\",\"inLanguage\":\"qt\",\"@id\":\"https:\\\/\\\/qtmm.org\\\/qt\\\/#\\\/schema\\\/logo\\\/image\\\/\",\"url\":\"https:\\\/\\\/qtmm.org\\\/wp-content\\\/uploads\\\/2024\\\/12\\\/ua-mejlis-logo-rgb.svg\",\"contentUrl\":\"https:\\\/\\\/qtmm.org\\\/wp-content\\\/uploads\\\/2024\\\/12\\\/ua-mejlis-logo-rgb.svg\",\"caption\":\"\u041c\u0435\u0434\u0436\u043b\u0456\u0441\"},\"image\":{\"@id\":\"https:\\\/\\\/qtmm.org\\\/qt\\\/#\\\/schema\\\/logo\\\/image\\\/\"},\"sameAs\":[\"https:\\\/\\\/www.facebook.com\\\/qtmm.info\\\/\"]},{\"@type\":\"Person\",\"@id\":\"https:\\\/\\\/qtmm.org\\\/qt\\\/#\\\/schema\\\/person\\\/de562469f971dec226ac06e60bbf74a7\",\"name\":\"Developer\",\"image\":{\"@type\":\"ImageObject\",\"inLanguage\":\"qt\",\"@id\":\"https:\\\/\\\/secure.gravatar.com\\\/avatar\\\/392b4cc8fbfeb00b39dfeeab4ee6edded39ffd48e25858637e4765810300227e?s=96&d=mm&r=g\",\"url\":\"https:\\\/\\\/secure.gravatar.com\\\/avatar\\\/392b4cc8fbfeb00b39dfeeab4ee6edded39ffd48e25858637e4765810300227e?s=96&d=mm&r=g\",\"contentUrl\":\"https:\\\/\\\/secure.gravatar.com\\\/avatar\\\/392b4cc8fbfeb00b39dfeeab4ee6edded39ffd48e25858637e4765810300227e?s=96&d=mm&r=g\",\"caption\":\"Developer\"},\"url\":\"https:\\\/\\\/qtmm.org\\\/qt\\\/author\\\/Developer\\\/\"}]}<\/script>\n<!-- \/ Yoast SEO plugin. -->","yoast_head_json":{"title":"\u00abAK\u00c7URA\u00bb cemiyeti 15 ya\u015f\u0131nda! - \u041c\u0435\u0434\u0436\u043b\u0456\u0441","robots":{"index":"index","follow":"follow","max-snippet":"max-snippet:-1","max-image-preview":"max-image-preview:large","max-video-preview":"max-video-preview:-1"},"canonical":"https:\/\/qtmm.org\/qt\/akcura-cemiyeti-15-yasinda\/","og_locale":"en_US","og_type":"article","og_title":"\u00abAK\u00c7URA\u00bb cemiyeti 15 ya\u015f\u0131nda! - \u041c\u0435\u0434\u0436\u043b\u0456\u0441","og_description":"2012 senesi aprel 22 k\u00fcn\u00fc B\u00fct\u00fcnd\u00fcnya q\u0131r\u0131mtatarlar kongressini\u00f1 prezidenti Refat \u00c7ubarov ve Q\u0131r\u0131mtatar halq\u0131 Meclisini\u00f1 azalar\u0131 Ali Hamzin ve Zaur Smirnov Volgaboyu, Ural ve Sibir tatarlar\u0131n\u0131\u00f1 &#8220;AK\u00c7URA&#8221; cemiyeti faaliyetini\u00f1 15 y\u0131ll\u0131\u011f\u0131na ba\u011f\u0131\u015flan\u011fan yubiley tedbirinde i\u015ftirak ettiler. Cemiyetke Volgaboyu tatarlar diasporas\u0131n\u0131\u00f1 faali Raisa M\u00fcnirovna Alekseyeva yetek\u00e7ilik yapa. Bu m\u00fcim vaqian\u0131 qayd etmek i\u00e7\u00fcn Qazandan B\u00fct\u00fcnd\u00fcnya tatarlar [&hellip;]","og_url":"https:\/\/qtmm.org\/qt\/akcura-cemiyeti-15-yasinda\/","og_site_name":"\u041c\u0435\u0434\u0436\u043b\u0456\u0441","article_publisher":"https:\/\/www.facebook.com\/qtmm.info\/","article_published_time":"2012-04-23T15:22:00+00:00","article_modified_time":"2022-01-21T15:25:37+00:00","og_image":[{"width":640,"height":480,"url":"https:\/\/qtmm.org\/wp-content\/uploads\/2022\/01\/4f96832d58579.jpeg","type":"image\/jpeg"}],"author":"Developer","twitter_card":"summary_large_image","twitter_misc":{"Written by":"Developer","Est. reading time":"2 minutes"},"schema":{"@context":"https:\/\/schema.org","@graph":[{"@type":"Article","@id":"https:\/\/qtmm.org\/qt\/akcura-cemiyeti-15-yasinda\/#article","isPartOf":{"@id":"https:\/\/qtmm.org\/qt\/akcura-cemiyeti-15-yasinda\/"},"author":{"name":"Developer","@id":"https:\/\/qtmm.org\/qt\/#\/schema\/person\/de562469f971dec226ac06e60bbf74a7"},"headline":"\u00abAK\u00c7URA\u00bb cemiyeti 15 ya\u015f\u0131nda!","datePublished":"2012-04-23T15:22:00+00:00","dateModified":"2022-01-21T15:25:37+00:00","mainEntityOfPage":{"@id":"https:\/\/qtmm.org\/qt\/akcura-cemiyeti-15-yasinda\/"},"wordCount":395,"commentCount":0,"publisher":{"@id":"https:\/\/qtmm.org\/qt\/#organization"},"image":{"@id":"https:\/\/qtmm.org\/qt\/akcura-cemiyeti-15-yasinda\/#primaryimage"},"thumbnailUrl":"https:\/\/qtmm.org\/wp-content\/uploads\/2022\/01\/4f96832d58579.jpeg","articleSection":["Haberler"],"inLanguage":"qt","potentialAction":[{"@type":"CommentAction","name":"Comment","target":["https:\/\/qtmm.org\/qt\/akcura-cemiyeti-15-yasinda\/#respond"]}]},{"@type":"WebPage","@id":"https:\/\/qtmm.org\/qt\/akcura-cemiyeti-15-yasinda\/","url":"https:\/\/qtmm.org\/qt\/akcura-cemiyeti-15-yasinda\/","name":"\u00abAK\u00c7URA\u00bb cemiyeti 15 ya\u015f\u0131nda! - \u041c\u0435\u0434\u0436\u043b\u0456\u0441","isPartOf":{"@id":"https:\/\/qtmm.org\/qt\/#website"},"primaryImageOfPage":{"@id":"https:\/\/qtmm.org\/qt\/akcura-cemiyeti-15-yasinda\/#primaryimage"},"image":{"@id":"https:\/\/qtmm.org\/qt\/akcura-cemiyeti-15-yasinda\/#primaryimage"},"thumbnailUrl":"https:\/\/qtmm.org\/wp-content\/uploads\/2022\/01\/4f96832d58579.jpeg","datePublished":"2012-04-23T15:22:00+00:00","dateModified":"2022-01-21T15:25:37+00:00","breadcrumb":{"@id":"https:\/\/qtmm.org\/qt\/akcura-cemiyeti-15-yasinda\/#breadcrumb"},"inLanguage":"qt","potentialAction":[{"@type":"ReadAction","target":["https:\/\/qtmm.org\/qt\/akcura-cemiyeti-15-yasinda\/"]}]},{"@type":"ImageObject","inLanguage":"qt","@id":"https:\/\/qtmm.org\/qt\/akcura-cemiyeti-15-yasinda\/#primaryimage","url":"https:\/\/qtmm.org\/wp-content\/uploads\/2022\/01\/4f96832d58579.jpeg","contentUrl":"https:\/\/qtmm.org\/wp-content\/uploads\/2022\/01\/4f96832d58579.jpeg","width":640,"height":480},{"@type":"BreadcrumbList","@id":"https:\/\/qtmm.org\/qt\/akcura-cemiyeti-15-yasinda\/#breadcrumb","itemListElement":[{"@type":"ListItem","position":1,"name":"\u0413\u043e\u043b\u043e\u0432\u043d\u0430","item":"https:\/\/qtmm.org\/qt\/"},{"@type":"ListItem","position":2,"name":"\u00abAK\u00c7URA\u00bb cemiyeti 15 ya\u015f\u0131nda!"}]},{"@type":"WebSite","@id":"https:\/\/qtmm.org\/qt\/#website","url":"https:\/\/qtmm.org\/qt\/","name":"\u041c\u0435\u0434\u0436\u043b\u0456\u0441","description":"","publisher":{"@id":"https:\/\/qtmm.org\/qt\/#organization"},"potentialAction":[{"@type":"SearchAction","target":{"@type":"EntryPoint","urlTemplate":"https:\/\/qtmm.org\/qt\/?s={search_term_string}"},"query-input":{"@type":"PropertyValueSpecification","valueRequired":true,"valueName":"search_term_string"}}],"inLanguage":"qt"},{"@type":"Organization","@id":"https:\/\/qtmm.org\/qt\/#organization","name":"\u041c\u0435\u0434\u0436\u043b\u0456\u0441","url":"https:\/\/qtmm.org\/qt\/","logo":{"@type":"ImageObject","inLanguage":"qt","@id":"https:\/\/qtmm.org\/qt\/#\/schema\/logo\/image\/","url":"https:\/\/qtmm.org\/wp-content\/uploads\/2024\/12\/ua-mejlis-logo-rgb.svg","contentUrl":"https:\/\/qtmm.org\/wp-content\/uploads\/2024\/12\/ua-mejlis-logo-rgb.svg","caption":"\u041c\u0435\u0434\u0436\u043b\u0456\u0441"},"image":{"@id":"https:\/\/qtmm.org\/qt\/#\/schema\/logo\/image\/"},"sameAs":["https:\/\/www.facebook.com\/qtmm.info\/"]},{"@type":"Person","@id":"https:\/\/qtmm.org\/qt\/#\/schema\/person\/de562469f971dec226ac06e60bbf74a7","name":"Developer","image":{"@type":"ImageObject","inLanguage":"qt","@id":"https:\/\/secure.gravatar.com\/avatar\/392b4cc8fbfeb00b39dfeeab4ee6edded39ffd48e25858637e4765810300227e?s=96&d=mm&r=g","url":"https:\/\/secure.gravatar.com\/avatar\/392b4cc8fbfeb00b39dfeeab4ee6edded39ffd48e25858637e4765810300227e?s=96&d=mm&r=g","contentUrl":"https:\/\/secure.gravatar.com\/avatar\/392b4cc8fbfeb00b39dfeeab4ee6edded39ffd48e25858637e4765810300227e?s=96&d=mm&r=g","caption":"Developer"},"url":"https:\/\/qtmm.org\/qt\/author\/Developer\/"}]}},"_links":{"self":[{"href":"https:\/\/qtmm.org\/qt\/wp-json\/wp\/v2\/posts\/30324","targetHints":{"allow":["GET"]}}],"collection":[{"href":"https:\/\/qtmm.org\/qt\/wp-json\/wp\/v2\/posts"}],"about":[{"href":"https:\/\/qtmm.org\/qt\/wp-json\/wp\/v2\/types\/post"}],"author":[{"embeddable":true,"href":"https:\/\/qtmm.org\/qt\/wp-json\/wp\/v2\/users\/1"}],"replies":[{"embeddable":true,"href":"https:\/\/qtmm.org\/qt\/wp-json\/wp\/v2\/comments?post=30324"}],"version-history":[{"count":1,"href":"https:\/\/qtmm.org\/qt\/wp-json\/wp\/v2\/posts\/30324\/revisions"}],"predecessor-version":[{"id":30357,"href":"https:\/\/qtmm.org\/qt\/wp-json\/wp\/v2\/posts\/30324\/revisions\/30357"}],"wp:featuredmedia":[{"embeddable":true,"href":"https:\/\/qtmm.org\/qt\/wp-json\/wp\/v2\/media\/30349"}],"wp:attachment":[{"href":"https:\/\/qtmm.org\/qt\/wp-json\/wp\/v2\/media?parent=30324"}],"wp:term":[{"taxonomy":"category","embeddable":true,"href":"https:\/\/qtmm.org\/qt\/wp-json\/wp\/v2\/categories?post=30324"},{"taxonomy":"post_tag","embeddable":true,"href":"https:\/\/qtmm.org\/qt\/wp-json\/wp\/v2\/tags?post=30324"}],"curies":[{"name":"wp","href":"https:\/\/api.w.org\/{rel}","templated":true}]}}