




{"id":30302,"date":"2012-04-20T18:17:00","date_gmt":"2012-04-20T15:17:00","guid":{"rendered":"http:\/\/qtmm.org\/?p=30302"},"modified":"2022-01-21T18:20:33","modified_gmt":"2022-01-21T15:20:33","slug":"qirimtatar-ziyalilari-mustafa-cemilevni-mukafatinen-hayirladilar","status":"publish","type":"post","link":"https:\/\/qtmm.org\/qt\/qirimtatar-ziyalilari-mustafa-cemilevni-mukafatinen-hayirladilar\/","title":{"rendered":"Q\u0131r\u0131mtatar ziyal\u0131lar\u0131 Mustafa Cemilevni muk\u00e2fat\u0131nen hay\u0131rlad\u0131lar"},"content":{"rendered":"\n<p>2012 senesi aprel 19 k\u00fcn\u00fc Meclis ofisinde Q\u0131r\u0131mtatar halq\u0131 Meclisini\u00f1 reisi Mustafa Cemilev on\u0131 muk\u00e2fat ile hay\u0131rlama\u011fa kelgen q\u0131r\u0131mtatar ziyal\u0131lar\u0131nen k\u00f6r\u00fc\u015fti.<\/p>\n\n\n\n<p>K\u00f6r\u00fc\u015f\u00fcvni Meclisni\u00f1 Medeniyet ve tasil idaresini\u00f1 ba\u015f\u0131 Safure Kacametova te\u015fkil\u00e2tland\u0131rd\u0131.<\/p>\n\n\n\n<figure class=\"wp-block-image size-full\"><img loading=\"lazy\" decoding=\"async\" width=\"800\" height=\"600\" src=\"http:\/\/qtmm.org\/wp-content\/uploads\/2022\/01\/img_0400.jpeg\" alt=\"\" class=\"wp-image-30307\" srcset=\"https:\/\/qtmm.org\/wp-content\/uploads\/2022\/01\/img_0400.jpeg 800w, https:\/\/qtmm.org\/wp-content\/uploads\/2022\/01\/img_0400-300x225.jpeg 300w, https:\/\/qtmm.org\/wp-content\/uploads\/2022\/01\/img_0400-768x576.jpeg 768w\" sizes=\"auto, (max-width: 800px) 100vw, 800px\" \/><\/figure>\n\n\n\n<p>Mustafa Cemilevni hay\u0131rlamaq i\u00e7\u00fcn \u0130. Gasprinskiy ad\u0131na q\u0131r\u0131mtatar k\u00fct\u00fcphanesini\u00f1 m\u00fcdiri G\u00fclnara Ya\u011fyayeva ve on\u0131\u00f1 muavini Leyl\u00e2 Qad\u0131rova, Q\u0131r\u0131mtatar sanat m\u00fczeyini\u00f1 direktor\u0131 Safiye Eminova ve on\u0131\u00f1 muavini Nuriye Gemici, &#8220;Q\u0131r\u0131m&#8221; ve &#8220;Ya\u00f1\u0131 d\u00fcnya&#8221; gazetalar\u0131n\u0131\u00f1 ba\u015f muarrirleri Bekir Mamutov ve Enver \u0130braimov, Q\u0131r\u0131mda h\u0131zmet k\u00f6stergen artist Rustem Memetov, &#8220;Kr\u0131m&#8221; DTRK q\u0131r\u0131mtatar tilinde programmalar birle\u015fmesini\u00f1 direktor\u0131 Seyitisl\u00e2m Ki\u015fveyev, Q\u0131r\u0131m Tail ve ilim, sport ve gen\u00e7lik nazirligi q\u0131r\u0131mtatarlar tilinde tasil sektor\u0131n\u0131\u00f1 m\u00fcdiri Zarema Suleymanova ve TMU q\u0131r\u0131mtatar edebiyat\u0131 kafedras\u0131n\u0131\u00f1 m\u00fcdiri, dotsent \u015eevket Yunusov keldiler.<\/p>\n\n\n\n<figure class=\"wp-block-image size-full\"><img loading=\"lazy\" decoding=\"async\" width=\"800\" height=\"600\" src=\"http:\/\/qtmm.org\/wp-content\/uploads\/2022\/01\/img_0398.jpeg\" alt=\"\" class=\"wp-image-30311\" srcset=\"https:\/\/qtmm.org\/wp-content\/uploads\/2022\/01\/img_0398.jpeg 800w, https:\/\/qtmm.org\/wp-content\/uploads\/2022\/01\/img_0398-300x225.jpeg 300w, https:\/\/qtmm.org\/wp-content\/uploads\/2022\/01\/img_0398-768x576.jpeg 768w\" sizes=\"auto, (max-width: 800px) 100vw, 800px\" \/><\/figure>\n\n\n\n<figure class=\"wp-block-image size-full\"><img loading=\"lazy\" decoding=\"async\" width=\"800\" height=\"600\" src=\"http:\/\/qtmm.org\/wp-content\/uploads\/2022\/01\/img_0399.jpeg\" alt=\"\" class=\"wp-image-30315\" srcset=\"https:\/\/qtmm.org\/wp-content\/uploads\/2022\/01\/img_0399.jpeg 800w, https:\/\/qtmm.org\/wp-content\/uploads\/2022\/01\/img_0399-300x225.jpeg 300w, https:\/\/qtmm.org\/wp-content\/uploads\/2022\/01\/img_0399-768x576.jpeg 768w\" sizes=\"auto, (max-width: 800px) 100vw, 800px\" \/><\/figure>\n\n\n\n<p>&#8220;Bundan 100 y\u0131l evelsi t\u00fcrk d\u00fcnyas\u0131n\u0131\u00f1 ulu m\u00fctefekkiri, milletimizni\u00f1 atas\u0131 \u0130smail Gasprinskiy taraf\u0131ndan tesis etilgen bu &#8220;T\u00fcrk Ocaklar\u0131&#8221; muk\u00e2fat\u0131na ayn\u0131 siz, halq\u0131m\u0131zn\u0131\u00f1 yetek\u00e7isi, nail ol\u011fan\u0131\u00f1\u0131z b\u00fcy\u00fck emiyetke maliktir.<\/p>\n\n\n\n<p>Biz sizni siyasiy meydanda daa \u00e7oq y\u0131llar k\u00f6rmekni isteymiz ve daa \u00e7oqtan-\u00e7oq halqara muk\u00e2fatlarn\u0131 qazanma\u00f1\u0131zn\u0131 tileymiz&#8221;, &#8211; dedi \u00f6z \u00e7\u0131q\u0131\u015f\u0131nda Safure Kacametova. K\u00f6r\u00fc\u015f\u00fcvde Q\u0131r\u0131mtatar halq\u0131 Meclisi reisini\u00f1 muavini Refat \u00c7ubarov, Qurultay Tefti\u015f komissiyas\u0131 reisini\u00f1 vazifesini eda etici Qurtseit Abdullayev, &#8220;FOND &#8220;KRIM&#8221; hayriye te\u015fkil\u00e2t\u0131n\u0131\u00f1 ba\u015f\u0131 Riza \u015eevqiyev i\u015ftirak ettiler.<\/p>\n\n\n\n<figure class=\"wp-block-image size-full\"><img loading=\"lazy\" decoding=\"async\" width=\"800\" height=\"600\" src=\"http:\/\/qtmm.org\/wp-content\/uploads\/2022\/01\/img_0404.jpeg\" alt=\"\" class=\"wp-image-30319\" srcset=\"https:\/\/qtmm.org\/wp-content\/uploads\/2022\/01\/img_0404.jpeg 800w, https:\/\/qtmm.org\/wp-content\/uploads\/2022\/01\/img_0404-300x225.jpeg 300w, https:\/\/qtmm.org\/wp-content\/uploads\/2022\/01\/img_0404-768x576.jpeg 768w\" sizes=\"auto, (max-width: 800px) 100vw, 800px\" \/><\/figure>\n\n\n\n<p><strong><em>Mal\u00fcmat i\u00e7\u00fcn:<\/em><\/strong><\/p>\n\n\n\n<p>2012 senesi aprel 18 k\u00fcn\u00fc Q\u0131r\u0131m t\u00fcrkleri medeniyet ve yard\u0131mla\u015fuv dernegini\u00f1 Anqaradaki umumiy merkezi reisini\u00f1 muavini Murtaza Essenkal Meclis reisi Mustafa Cemilevge \u011ealip Erden ad\u0131na &#8220;T\u00fcrk Ocaklar\u0131&#8221; muk\u00e2fat\u0131n\u0131 taqdim etti.<\/p>\n\n\n\n<p>Belli ki, Mustafa Cemilev ve t\u00fcrk\u015f\u0131nas professor Cevat Heyyetni (\u0130ran) mezk\u00fcr muk\u00e2fatnen taqdirlev aqq\u0131nda qarar &#8220;T\u00fcrk ocaqlar\u0131&#8221;n\u0131\u00f1 bu sene aprel 14-te Anqarada Medeniyet ve turizm nazirligini\u00f1 saray\u0131nda ol\u0131p ke\u00e7ken 42-nci qurultay\u0131nda il\u00e2n etilgen<\/p>\n","protected":false},"excerpt":{"rendered":"<p>2012 senesi aprel 19 k\u00fcn\u00fc Meclis ofisinde Q\u0131r\u0131mtatar halq\u0131 Meclisini\u00f1 reisi Mustafa Cemilev on\u0131 muk\u00e2fat ile hay\u0131rlama\u011fa kelgen q\u0131r\u0131mtatar ziyal\u0131lar\u0131nen k\u00f6r\u00fc\u015fti. K\u00f6r\u00fc\u015f\u00fcvni Meclisni\u00f1 Medeniyet ve tasil idaresini\u00f1 ba\u015f\u0131 Safure Kacametova te\u015fkil\u00e2tland\u0131rd\u0131. Mustafa Cemilevni hay\u0131rlamaq i\u00e7\u00fcn \u0130. Gasprinskiy ad\u0131na q\u0131r\u0131mtatar k\u00fct\u00fcphanesini\u00f1 m\u00fcdiri G\u00fclnara Ya\u011fyayeva ve on\u0131\u00f1 muavini Leyl\u00e2 Qad\u0131rova, Q\u0131r\u0131mtatar sanat m\u00fczeyini\u00f1 direktor\u0131 Safiye Eminova ve [&hellip;]<\/p>\n","protected":false},"author":1,"featured_media":30303,"comment_status":"open","ping_status":"open","sticky":false,"template":"","format":"standard","meta":{"inline_featured_image":false,"footnotes":""},"categories":[265],"tags":[],"class_list":["post-30302","post","type-post","status-publish","format-standard","has-post-thumbnail","hentry","category-haberler"],"acf":[],"yoast_head":"<!-- This site is optimized with the Yoast SEO plugin v27.4 - https:\/\/yoast.com\/product\/yoast-seo-wordpress\/ -->\n<title>Q\u0131r\u0131mtatar ziyal\u0131lar\u0131 Mustafa Cemilevni muk\u00e2fat\u0131nen hay\u0131rlad\u0131lar - \u041c\u0435\u0434\u0436\u043b\u0456\u0441<\/title>\n<meta name=\"robots\" content=\"index, follow, max-snippet:-1, max-image-preview:large, max-video-preview:-1\" \/>\n<link rel=\"canonical\" href=\"https:\/\/qtmm.org\/qt\/qirimtatar-ziyalilari-mustafa-cemilevni-mukafatinen-hayirladilar\/\" \/>\n<meta property=\"og:locale\" content=\"en_US\" \/>\n<meta property=\"og:type\" content=\"article\" \/>\n<meta property=\"og:title\" content=\"Q\u0131r\u0131mtatar ziyal\u0131lar\u0131 Mustafa Cemilevni muk\u00e2fat\u0131nen hay\u0131rlad\u0131lar - \u041c\u0435\u0434\u0436\u043b\u0456\u0441\" \/>\n<meta property=\"og:description\" content=\"2012 senesi aprel 19 k\u00fcn\u00fc Meclis ofisinde Q\u0131r\u0131mtatar halq\u0131 Meclisini\u00f1 reisi Mustafa Cemilev on\u0131 muk\u00e2fat ile hay\u0131rlama\u011fa kelgen q\u0131r\u0131mtatar ziyal\u0131lar\u0131nen k\u00f6r\u00fc\u015fti. K\u00f6r\u00fc\u015f\u00fcvni Meclisni\u00f1 Medeniyet ve tasil idaresini\u00f1 ba\u015f\u0131 Safure Kacametova te\u015fkil\u00e2tland\u0131rd\u0131. Mustafa Cemilevni hay\u0131rlamaq i\u00e7\u00fcn \u0130. Gasprinskiy ad\u0131na q\u0131r\u0131mtatar k\u00fct\u00fcphanesini\u00f1 m\u00fcdiri G\u00fclnara Ya\u011fyayeva ve on\u0131\u00f1 muavini Leyl\u00e2 Qad\u0131rova, Q\u0131r\u0131mtatar sanat m\u00fczeyini\u00f1 direktor\u0131 Safiye Eminova ve [&hellip;]\" \/>\n<meta property=\"og:url\" content=\"https:\/\/qtmm.org\/qt\/qirimtatar-ziyalilari-mustafa-cemilevni-mukafatinen-hayirladilar\/\" \/>\n<meta property=\"og:site_name\" content=\"\u041c\u0435\u0434\u0436\u043b\u0456\u0441\" \/>\n<meta property=\"article:publisher\" content=\"https:\/\/www.facebook.com\/qtmm.info\/\" \/>\n<meta property=\"article:published_time\" content=\"2012-04-20T15:17:00+00:00\" \/>\n<meta property=\"article:modified_time\" content=\"2022-01-21T15:20:33+00:00\" \/>\n<meta property=\"og:image\" content=\"https:\/\/qtmm.org\/wp-content\/uploads\/2022\/01\/img_0388.jpeg\" \/>\n\t<meta property=\"og:image:width\" content=\"800\" \/>\n\t<meta property=\"og:image:height\" content=\"600\" \/>\n\t<meta property=\"og:image:type\" content=\"image\/jpeg\" \/>\n<meta name=\"author\" content=\"Developer\" \/>\n<meta name=\"twitter:card\" content=\"summary_large_image\" \/>\n<meta name=\"twitter:label1\" content=\"Written by\" \/>\n\t<meta name=\"twitter:data1\" content=\"Developer\" \/>\n\t<meta name=\"twitter:label2\" content=\"Est. reading time\" \/>\n\t<meta name=\"twitter:data2\" content=\"2 minutes\" \/>\n<script type=\"application\/ld+json\" class=\"yoast-schema-graph\">{\"@context\":\"https:\\\/\\\/schema.org\",\"@graph\":[{\"@type\":\"Article\",\"@id\":\"https:\\\/\\\/qtmm.org\\\/qt\\\/qirimtatar-ziyalilari-mustafa-cemilevni-mukafatinen-hayirladilar\\\/#article\",\"isPartOf\":{\"@id\":\"https:\\\/\\\/qtmm.org\\\/qt\\\/qirimtatar-ziyalilari-mustafa-cemilevni-mukafatinen-hayirladilar\\\/\"},\"author\":{\"name\":\"Developer\",\"@id\":\"https:\\\/\\\/qtmm.org\\\/qt\\\/#\\\/schema\\\/person\\\/de562469f971dec226ac06e60bbf74a7\"},\"headline\":\"Q\u0131r\u0131mtatar ziyal\u0131lar\u0131 Mustafa Cemilevni muk\u00e2fat\u0131nen hay\u0131rlad\u0131lar\",\"datePublished\":\"2012-04-20T15:17:00+00:00\",\"dateModified\":\"2022-01-21T15:20:33+00:00\",\"mainEntityOfPage\":{\"@id\":\"https:\\\/\\\/qtmm.org\\\/qt\\\/qirimtatar-ziyalilari-mustafa-cemilevni-mukafatinen-hayirladilar\\\/\"},\"wordCount\":369,\"commentCount\":0,\"publisher\":{\"@id\":\"https:\\\/\\\/qtmm.org\\\/qt\\\/#organization\"},\"image\":{\"@id\":\"https:\\\/\\\/qtmm.org\\\/qt\\\/qirimtatar-ziyalilari-mustafa-cemilevni-mukafatinen-hayirladilar\\\/#primaryimage\"},\"thumbnailUrl\":\"https:\\\/\\\/qtmm.org\\\/wp-content\\\/uploads\\\/2022\\\/01\\\/img_0388.jpeg\",\"articleSection\":[\"Haberler\"],\"inLanguage\":\"qt\",\"potentialAction\":[{\"@type\":\"CommentAction\",\"name\":\"Comment\",\"target\":[\"https:\\\/\\\/qtmm.org\\\/qt\\\/qirimtatar-ziyalilari-mustafa-cemilevni-mukafatinen-hayirladilar\\\/#respond\"]}]},{\"@type\":\"WebPage\",\"@id\":\"https:\\\/\\\/qtmm.org\\\/qt\\\/qirimtatar-ziyalilari-mustafa-cemilevni-mukafatinen-hayirladilar\\\/\",\"url\":\"https:\\\/\\\/qtmm.org\\\/qt\\\/qirimtatar-ziyalilari-mustafa-cemilevni-mukafatinen-hayirladilar\\\/\",\"name\":\"Q\u0131r\u0131mtatar ziyal\u0131lar\u0131 Mustafa Cemilevni muk\u00e2fat\u0131nen hay\u0131rlad\u0131lar - \u041c\u0435\u0434\u0436\u043b\u0456\u0441\",\"isPartOf\":{\"@id\":\"https:\\\/\\\/qtmm.org\\\/qt\\\/#website\"},\"primaryImageOfPage\":{\"@id\":\"https:\\\/\\\/qtmm.org\\\/qt\\\/qirimtatar-ziyalilari-mustafa-cemilevni-mukafatinen-hayirladilar\\\/#primaryimage\"},\"image\":{\"@id\":\"https:\\\/\\\/qtmm.org\\\/qt\\\/qirimtatar-ziyalilari-mustafa-cemilevni-mukafatinen-hayirladilar\\\/#primaryimage\"},\"thumbnailUrl\":\"https:\\\/\\\/qtmm.org\\\/wp-content\\\/uploads\\\/2022\\\/01\\\/img_0388.jpeg\",\"datePublished\":\"2012-04-20T15:17:00+00:00\",\"dateModified\":\"2022-01-21T15:20:33+00:00\",\"breadcrumb\":{\"@id\":\"https:\\\/\\\/qtmm.org\\\/qt\\\/qirimtatar-ziyalilari-mustafa-cemilevni-mukafatinen-hayirladilar\\\/#breadcrumb\"},\"inLanguage\":\"qt\",\"potentialAction\":[{\"@type\":\"ReadAction\",\"target\":[\"https:\\\/\\\/qtmm.org\\\/qt\\\/qirimtatar-ziyalilari-mustafa-cemilevni-mukafatinen-hayirladilar\\\/\"]}]},{\"@type\":\"ImageObject\",\"inLanguage\":\"qt\",\"@id\":\"https:\\\/\\\/qtmm.org\\\/qt\\\/qirimtatar-ziyalilari-mustafa-cemilevni-mukafatinen-hayirladilar\\\/#primaryimage\",\"url\":\"https:\\\/\\\/qtmm.org\\\/wp-content\\\/uploads\\\/2022\\\/01\\\/img_0388.jpeg\",\"contentUrl\":\"https:\\\/\\\/qtmm.org\\\/wp-content\\\/uploads\\\/2022\\\/01\\\/img_0388.jpeg\",\"width\":800,\"height\":600},{\"@type\":\"BreadcrumbList\",\"@id\":\"https:\\\/\\\/qtmm.org\\\/qt\\\/qirimtatar-ziyalilari-mustafa-cemilevni-mukafatinen-hayirladilar\\\/#breadcrumb\",\"itemListElement\":[{\"@type\":\"ListItem\",\"position\":1,\"name\":\"\u0413\u043e\u043b\u043e\u0432\u043d\u0430\",\"item\":\"https:\\\/\\\/qtmm.org\\\/qt\\\/\"},{\"@type\":\"ListItem\",\"position\":2,\"name\":\"Q\u0131r\u0131mtatar ziyal\u0131lar\u0131 Mustafa Cemilevni muk\u00e2fat\u0131nen hay\u0131rlad\u0131lar\"}]},{\"@type\":\"WebSite\",\"@id\":\"https:\\\/\\\/qtmm.org\\\/qt\\\/#website\",\"url\":\"https:\\\/\\\/qtmm.org\\\/qt\\\/\",\"name\":\"\u041c\u0435\u0434\u0436\u043b\u0456\u0441\",\"description\":\"\",\"publisher\":{\"@id\":\"https:\\\/\\\/qtmm.org\\\/qt\\\/#organization\"},\"potentialAction\":[{\"@type\":\"SearchAction\",\"target\":{\"@type\":\"EntryPoint\",\"urlTemplate\":\"https:\\\/\\\/qtmm.org\\\/qt\\\/?s={search_term_string}\"},\"query-input\":{\"@type\":\"PropertyValueSpecification\",\"valueRequired\":true,\"valueName\":\"search_term_string\"}}],\"inLanguage\":\"qt\"},{\"@type\":\"Organization\",\"@id\":\"https:\\\/\\\/qtmm.org\\\/qt\\\/#organization\",\"name\":\"\u041c\u0435\u0434\u0436\u043b\u0456\u0441\",\"url\":\"https:\\\/\\\/qtmm.org\\\/qt\\\/\",\"logo\":{\"@type\":\"ImageObject\",\"inLanguage\":\"qt\",\"@id\":\"https:\\\/\\\/qtmm.org\\\/qt\\\/#\\\/schema\\\/logo\\\/image\\\/\",\"url\":\"https:\\\/\\\/qtmm.org\\\/wp-content\\\/uploads\\\/2024\\\/12\\\/ua-mejlis-logo-rgb.svg\",\"contentUrl\":\"https:\\\/\\\/qtmm.org\\\/wp-content\\\/uploads\\\/2024\\\/12\\\/ua-mejlis-logo-rgb.svg\",\"caption\":\"\u041c\u0435\u0434\u0436\u043b\u0456\u0441\"},\"image\":{\"@id\":\"https:\\\/\\\/qtmm.org\\\/qt\\\/#\\\/schema\\\/logo\\\/image\\\/\"},\"sameAs\":[\"https:\\\/\\\/www.facebook.com\\\/qtmm.info\\\/\"]},{\"@type\":\"Person\",\"@id\":\"https:\\\/\\\/qtmm.org\\\/qt\\\/#\\\/schema\\\/person\\\/de562469f971dec226ac06e60bbf74a7\",\"name\":\"Developer\",\"image\":{\"@type\":\"ImageObject\",\"inLanguage\":\"qt\",\"@id\":\"https:\\\/\\\/secure.gravatar.com\\\/avatar\\\/392b4cc8fbfeb00b39dfeeab4ee6edded39ffd48e25858637e4765810300227e?s=96&d=mm&r=g\",\"url\":\"https:\\\/\\\/secure.gravatar.com\\\/avatar\\\/392b4cc8fbfeb00b39dfeeab4ee6edded39ffd48e25858637e4765810300227e?s=96&d=mm&r=g\",\"contentUrl\":\"https:\\\/\\\/secure.gravatar.com\\\/avatar\\\/392b4cc8fbfeb00b39dfeeab4ee6edded39ffd48e25858637e4765810300227e?s=96&d=mm&r=g\",\"caption\":\"Developer\"},\"url\":\"https:\\\/\\\/qtmm.org\\\/qt\\\/author\\\/Developer\\\/\"}]}<\/script>\n<!-- \/ Yoast SEO plugin. -->","yoast_head_json":{"title":"Q\u0131r\u0131mtatar ziyal\u0131lar\u0131 Mustafa Cemilevni muk\u00e2fat\u0131nen hay\u0131rlad\u0131lar - \u041c\u0435\u0434\u0436\u043b\u0456\u0441","robots":{"index":"index","follow":"follow","max-snippet":"max-snippet:-1","max-image-preview":"max-image-preview:large","max-video-preview":"max-video-preview:-1"},"canonical":"https:\/\/qtmm.org\/qt\/qirimtatar-ziyalilari-mustafa-cemilevni-mukafatinen-hayirladilar\/","og_locale":"en_US","og_type":"article","og_title":"Q\u0131r\u0131mtatar ziyal\u0131lar\u0131 Mustafa Cemilevni muk\u00e2fat\u0131nen hay\u0131rlad\u0131lar - \u041c\u0435\u0434\u0436\u043b\u0456\u0441","og_description":"2012 senesi aprel 19 k\u00fcn\u00fc Meclis ofisinde Q\u0131r\u0131mtatar halq\u0131 Meclisini\u00f1 reisi Mustafa Cemilev on\u0131 muk\u00e2fat ile hay\u0131rlama\u011fa kelgen q\u0131r\u0131mtatar ziyal\u0131lar\u0131nen k\u00f6r\u00fc\u015fti. K\u00f6r\u00fc\u015f\u00fcvni Meclisni\u00f1 Medeniyet ve tasil idaresini\u00f1 ba\u015f\u0131 Safure Kacametova te\u015fkil\u00e2tland\u0131rd\u0131. Mustafa Cemilevni hay\u0131rlamaq i\u00e7\u00fcn \u0130. Gasprinskiy ad\u0131na q\u0131r\u0131mtatar k\u00fct\u00fcphanesini\u00f1 m\u00fcdiri G\u00fclnara Ya\u011fyayeva ve on\u0131\u00f1 muavini Leyl\u00e2 Qad\u0131rova, Q\u0131r\u0131mtatar sanat m\u00fczeyini\u00f1 direktor\u0131 Safiye Eminova ve [&hellip;]","og_url":"https:\/\/qtmm.org\/qt\/qirimtatar-ziyalilari-mustafa-cemilevni-mukafatinen-hayirladilar\/","og_site_name":"\u041c\u0435\u0434\u0436\u043b\u0456\u0441","article_publisher":"https:\/\/www.facebook.com\/qtmm.info\/","article_published_time":"2012-04-20T15:17:00+00:00","article_modified_time":"2022-01-21T15:20:33+00:00","og_image":[{"width":800,"height":600,"url":"https:\/\/qtmm.org\/wp-content\/uploads\/2022\/01\/img_0388.jpeg","type":"image\/jpeg"}],"author":"Developer","twitter_card":"summary_large_image","twitter_misc":{"Written by":"Developer","Est. reading time":"2 minutes"},"schema":{"@context":"https:\/\/schema.org","@graph":[{"@type":"Article","@id":"https:\/\/qtmm.org\/qt\/qirimtatar-ziyalilari-mustafa-cemilevni-mukafatinen-hayirladilar\/#article","isPartOf":{"@id":"https:\/\/qtmm.org\/qt\/qirimtatar-ziyalilari-mustafa-cemilevni-mukafatinen-hayirladilar\/"},"author":{"name":"Developer","@id":"https:\/\/qtmm.org\/qt\/#\/schema\/person\/de562469f971dec226ac06e60bbf74a7"},"headline":"Q\u0131r\u0131mtatar ziyal\u0131lar\u0131 Mustafa Cemilevni muk\u00e2fat\u0131nen hay\u0131rlad\u0131lar","datePublished":"2012-04-20T15:17:00+00:00","dateModified":"2022-01-21T15:20:33+00:00","mainEntityOfPage":{"@id":"https:\/\/qtmm.org\/qt\/qirimtatar-ziyalilari-mustafa-cemilevni-mukafatinen-hayirladilar\/"},"wordCount":369,"commentCount":0,"publisher":{"@id":"https:\/\/qtmm.org\/qt\/#organization"},"image":{"@id":"https:\/\/qtmm.org\/qt\/qirimtatar-ziyalilari-mustafa-cemilevni-mukafatinen-hayirladilar\/#primaryimage"},"thumbnailUrl":"https:\/\/qtmm.org\/wp-content\/uploads\/2022\/01\/img_0388.jpeg","articleSection":["Haberler"],"inLanguage":"qt","potentialAction":[{"@type":"CommentAction","name":"Comment","target":["https:\/\/qtmm.org\/qt\/qirimtatar-ziyalilari-mustafa-cemilevni-mukafatinen-hayirladilar\/#respond"]}]},{"@type":"WebPage","@id":"https:\/\/qtmm.org\/qt\/qirimtatar-ziyalilari-mustafa-cemilevni-mukafatinen-hayirladilar\/","url":"https:\/\/qtmm.org\/qt\/qirimtatar-ziyalilari-mustafa-cemilevni-mukafatinen-hayirladilar\/","name":"Q\u0131r\u0131mtatar ziyal\u0131lar\u0131 Mustafa Cemilevni muk\u00e2fat\u0131nen hay\u0131rlad\u0131lar - \u041c\u0435\u0434\u0436\u043b\u0456\u0441","isPartOf":{"@id":"https:\/\/qtmm.org\/qt\/#website"},"primaryImageOfPage":{"@id":"https:\/\/qtmm.org\/qt\/qirimtatar-ziyalilari-mustafa-cemilevni-mukafatinen-hayirladilar\/#primaryimage"},"image":{"@id":"https:\/\/qtmm.org\/qt\/qirimtatar-ziyalilari-mustafa-cemilevni-mukafatinen-hayirladilar\/#primaryimage"},"thumbnailUrl":"https:\/\/qtmm.org\/wp-content\/uploads\/2022\/01\/img_0388.jpeg","datePublished":"2012-04-20T15:17:00+00:00","dateModified":"2022-01-21T15:20:33+00:00","breadcrumb":{"@id":"https:\/\/qtmm.org\/qt\/qirimtatar-ziyalilari-mustafa-cemilevni-mukafatinen-hayirladilar\/#breadcrumb"},"inLanguage":"qt","potentialAction":[{"@type":"ReadAction","target":["https:\/\/qtmm.org\/qt\/qirimtatar-ziyalilari-mustafa-cemilevni-mukafatinen-hayirladilar\/"]}]},{"@type":"ImageObject","inLanguage":"qt","@id":"https:\/\/qtmm.org\/qt\/qirimtatar-ziyalilari-mustafa-cemilevni-mukafatinen-hayirladilar\/#primaryimage","url":"https:\/\/qtmm.org\/wp-content\/uploads\/2022\/01\/img_0388.jpeg","contentUrl":"https:\/\/qtmm.org\/wp-content\/uploads\/2022\/01\/img_0388.jpeg","width":800,"height":600},{"@type":"BreadcrumbList","@id":"https:\/\/qtmm.org\/qt\/qirimtatar-ziyalilari-mustafa-cemilevni-mukafatinen-hayirladilar\/#breadcrumb","itemListElement":[{"@type":"ListItem","position":1,"name":"\u0413\u043e\u043b\u043e\u0432\u043d\u0430","item":"https:\/\/qtmm.org\/qt\/"},{"@type":"ListItem","position":2,"name":"Q\u0131r\u0131mtatar ziyal\u0131lar\u0131 Mustafa Cemilevni muk\u00e2fat\u0131nen hay\u0131rlad\u0131lar"}]},{"@type":"WebSite","@id":"https:\/\/qtmm.org\/qt\/#website","url":"https:\/\/qtmm.org\/qt\/","name":"\u041c\u0435\u0434\u0436\u043b\u0456\u0441","description":"","publisher":{"@id":"https:\/\/qtmm.org\/qt\/#organization"},"potentialAction":[{"@type":"SearchAction","target":{"@type":"EntryPoint","urlTemplate":"https:\/\/qtmm.org\/qt\/?s={search_term_string}"},"query-input":{"@type":"PropertyValueSpecification","valueRequired":true,"valueName":"search_term_string"}}],"inLanguage":"qt"},{"@type":"Organization","@id":"https:\/\/qtmm.org\/qt\/#organization","name":"\u041c\u0435\u0434\u0436\u043b\u0456\u0441","url":"https:\/\/qtmm.org\/qt\/","logo":{"@type":"ImageObject","inLanguage":"qt","@id":"https:\/\/qtmm.org\/qt\/#\/schema\/logo\/image\/","url":"https:\/\/qtmm.org\/wp-content\/uploads\/2024\/12\/ua-mejlis-logo-rgb.svg","contentUrl":"https:\/\/qtmm.org\/wp-content\/uploads\/2024\/12\/ua-mejlis-logo-rgb.svg","caption":"\u041c\u0435\u0434\u0436\u043b\u0456\u0441"},"image":{"@id":"https:\/\/qtmm.org\/qt\/#\/schema\/logo\/image\/"},"sameAs":["https:\/\/www.facebook.com\/qtmm.info\/"]},{"@type":"Person","@id":"https:\/\/qtmm.org\/qt\/#\/schema\/person\/de562469f971dec226ac06e60bbf74a7","name":"Developer","image":{"@type":"ImageObject","inLanguage":"qt","@id":"https:\/\/secure.gravatar.com\/avatar\/392b4cc8fbfeb00b39dfeeab4ee6edded39ffd48e25858637e4765810300227e?s=96&d=mm&r=g","url":"https:\/\/secure.gravatar.com\/avatar\/392b4cc8fbfeb00b39dfeeab4ee6edded39ffd48e25858637e4765810300227e?s=96&d=mm&r=g","contentUrl":"https:\/\/secure.gravatar.com\/avatar\/392b4cc8fbfeb00b39dfeeab4ee6edded39ffd48e25858637e4765810300227e?s=96&d=mm&r=g","caption":"Developer"},"url":"https:\/\/qtmm.org\/qt\/author\/Developer\/"}]}},"_links":{"self":[{"href":"https:\/\/qtmm.org\/qt\/wp-json\/wp\/v2\/posts\/30302","targetHints":{"allow":["GET"]}}],"collection":[{"href":"https:\/\/qtmm.org\/qt\/wp-json\/wp\/v2\/posts"}],"about":[{"href":"https:\/\/qtmm.org\/qt\/wp-json\/wp\/v2\/types\/post"}],"author":[{"embeddable":true,"href":"https:\/\/qtmm.org\/qt\/wp-json\/wp\/v2\/users\/1"}],"replies":[{"embeddable":true,"href":"https:\/\/qtmm.org\/qt\/wp-json\/wp\/v2\/comments?post=30302"}],"version-history":[{"count":1,"href":"https:\/\/qtmm.org\/qt\/wp-json\/wp\/v2\/posts\/30302\/revisions"}],"predecessor-version":[{"id":30323,"href":"https:\/\/qtmm.org\/qt\/wp-json\/wp\/v2\/posts\/30302\/revisions\/30323"}],"wp:featuredmedia":[{"embeddable":true,"href":"https:\/\/qtmm.org\/qt\/wp-json\/wp\/v2\/media\/30303"}],"wp:attachment":[{"href":"https:\/\/qtmm.org\/qt\/wp-json\/wp\/v2\/media?parent=30302"}],"wp:term":[{"taxonomy":"category","embeddable":true,"href":"https:\/\/qtmm.org\/qt\/wp-json\/wp\/v2\/categories?post=30302"},{"taxonomy":"post_tag","embeddable":true,"href":"https:\/\/qtmm.org\/qt\/wp-json\/wp\/v2\/tags?post=30302"}],"curies":[{"name":"wp","href":"https:\/\/api.w.org\/{rel}","templated":true}]}}