




{"id":30236,"date":"2012-04-18T18:15:00","date_gmt":"2012-04-18T15:15:00","guid":{"rendered":"http:\/\/qtmm.org\/?p=30236"},"modified":"2022-01-21T18:17:21","modified_gmt":"2022-01-21T15:17:21","slug":"mustafa-cemilev-qirim-eyyetinin-turkiyege-ziyaretinin-neticeleri-tez-arada-amelge-kececegine-eminim","status":"publish","type":"post","link":"https:\/\/qtmm.org\/qt\/mustafa-cemilev-qirim-eyyetinin-turkiyege-ziyaretinin-neticeleri-tez-arada-amelge-kececegine-eminim\/","title":{"rendered":"Mustafa Cemilev: \u00abQ\u0131r\u0131m eyyetini\u00f1 T\u00fcrkiyege ziyaretini\u00f1 neticeleri tez arada amelge ke\u00e7ecegine eminim\u00bb"},"content":{"rendered":"\n<p>2012 senesi aprel 17-de Q\u0131r\u0131m Nazirler \u015furas\u0131n\u0131\u00f1 reisi Anatoliy Mogil\u00f6v reberligindeki Q\u0131r\u0131m eyyeti bir k\u00fcnl\u00fck resmiy ziyaretnen T\u00fcrkiye Cumhuriyetinde bulund\u0131.<\/p>\n\n\n\n<p>Eyyet erk\u00e2n\u0131na Q\u0131r\u0131mtatar halq\u0131 Meclisini\u00f1 reisi, Ukraina halq deputat\u0131 Mustafa Cemilev, Ukraina halq deputat\u0131 B\u00f6ris Dey\u00e7, Q\u0131r\u0131m iqtisadiyat\u0131 ve ticareti naziri Svetlana Verba, Ukraini i\u00e7ki i\u015fler nazirligi \u00fc\u00e7\u00fcnci departamenti direktor\u0131n\u0131\u00f1 muavini \u00d6lga \u00c7ubrikova ve Q\u0131r\u0131m ba\u015f nazirini\u00f1 mesleat\u00e7\u0131s\u0131 Refat Kenjaliyev kirdiler.<\/p>\n\n\n\n<p>Resmiy ziyaret T\u00fcrkiye Cumhuriyeti esas\u00e7\u0131s\u0131n\u0131\u00f1 qabirine \u00e7e\u00e7ekler qoyuv ve Mustafa Kemal Atat\u00fcrk d\u00fcrbesi nufuzl\u0131 musafirlerini\u00f1 hat\u0131ra yaz\u0131lar kitab\u0131nda qaydlar qald\u0131ruv ananeviy merasiminden ba\u015fland\u0131. So\u00f1ra T\u00fcrkiye devlet akimiyeti ve idaresi vekillerinen bir s\u0131ra resmiy k\u00f6r\u00fc\u015f\u00fcvler ba\u015fland\u0131.&nbsp;<\/p>\n\n\n\n<p>C\u00fcmleden, Q\u0131r\u0131m eyyeti T\u00fcrkiye Cumhuriyetini\u00f1 T\u0131\u015fq\u0131 i\u015fler naziri Ahmet Davuto\u011flu, T\u00fcrkiye B\u00fcy\u00fck Millet Meclisini\u00f1 ba\u015fqan\u0131 Cemil \u00c7i\u00e7ek ile k\u00f6r\u00fc\u015fip, taraflar T\u00fcrkiye ve Q\u0131r\u0131m Cumhuriyetlerini\u00f1 \u00f6zara munasebetleri, bun\u0131\u00f1 kibi de kelecekte i\u00e7timaiy-iqtisadiy ve medeniy emekda\u015fl\u0131q istiqballerini muzakere ettiler.&nbsp;<\/p>\n\n\n\n<p>\u015eun\u0131 da qayd etmeli ki, T\u00fcrkiye B\u00fcy\u00fck Millet Meclisini\u00f1 ba\u015fqan\u0131 Cemil \u00c7i\u00e7ek Q\u0131r\u0131m eyyetinen s\u00f6yle\u015f\u00fcvler devam\u0131nda Ukraina ve Q\u0131r\u0131m akimlerini\u00f1 q\u0131r\u0131mtatar halq\u0131n\u0131\u00f1 \u00f6z Vatan\u0131na qaytuv\u0131 ve yerle\u015fmesinen ba\u011fl\u0131 meselelerge terence yana\u015fmaq kerekligi huhus\u0131nda fikir bildirip, bun\u0131\u00f1 T\u00fcrkiye ve Ukraina aras\u0131ndaki emekda\u015fl\u0131qn\u0131\u00f1 daa da semereli olmas\u0131na m\u00fcsbet tesir etecegini de qo\u015ft\u0131.&nbsp;<\/p>\n\n\n\n<p>Q\u0131r\u0131m eyyetini\u00f1 s\u00f6yle\u015f\u00fcvleri T\u00fcrkiye borsalar birligi reberleri, T\u00fcrkiye \u0130lim, sanay\u0131 ve tehnologiyalar naziri Nihat Erg\u00fcn, bun\u0131\u00f1 kibi de T\u00fcrkiye Naqliye ve al\u00e2qa naziri Binali Y\u0131ld\u0131r\u0131m ile k\u00f6r\u00fc\u015f\u00fcvlerde devam etti.&nbsp;<\/p>\n\n\n\n<p>Q\u0131r\u0131m ba\u015f naziri Anatoliy Mogil\u00f6v Q\u0131r\u0131m i\u00e7\u00fcn T\u00fcrkiyeni\u00f1 tehnoparklarn\u0131 meydan\u011fa ketir\u00fcv tecribesi \u011fayet meraql\u0131 ol\u011fan\u0131n\u0131 bildirip, b\u00f6yle parklarn\u0131\u00f1 Q\u0131r\u0131mn\u0131\u00f1 \u00fc\u00e7 region\u0131nda a\u00e7\u0131lmas\u0131 k\u00f6zde tutul\u011fan\u0131n\u0131 bildirdi. \u015eu m\u00fcnesebetnen Anatoliy Mogil\u00f6v T\u00fcrkiye eyyetini Q\u0131r\u0131m\u011fa yaq\u0131ndan tan\u0131\u015fmaq i\u00e7\u00fcn davet etip, Q\u0131r\u0131m vekillerini ise T\u00fcrkiyege tecribe alma\u015fmaq i\u00e7\u00fcn yollamaq kerekligini aytt\u0131.&nbsp;<\/p>\n\n\n\n<p>T\u00fcrkiye taraf\u0131n\u0131\u00f1 vekilleri b\u00f6yle yat\u0131r\u0131m leyhalar\u0131nda i\u015ftirak etmege az\u0131rl\u0131qlar\u0131n\u0131 bildirip: &#8220;Biz bu leyhalarn\u0131\u00f1 ker\u00e7ekle\u015fmesinde i\u015ftirak etmege az\u0131rm\u0131z. Biz tehnoparklar a\u00e7maqn\u0131 bilemiz ve bu bilgilerimiznen payla\u015fma\u011fa da az\u0131rm\u0131z&#8221;, dedi Nihat Erg\u00fcn.<\/p>\n\n\n\n<p>T\u00fcrkiye Sanay\u0131 palatalar ve birjalar birle\u015fmesini\u00f1 azalar\u0131nen k\u00f6r\u00fc\u015f\u00fcvde bulun\u011fan tam\u0131rlar\u0131 Q\u0131r\u0131mdan ol\u011fan belli i\u015f adam\u0131, Qocaeli q\u0131r\u0131mtatar dernegini\u00f1 reisi \u0130braim Araci qayd etti ki, t\u00fcrkiyeli i\u015f adamlar\u0131 Ukraina ve Q\u0131r\u0131m iqtisadiyat\u0131na yat\u0131r\u0131mlar yapma\u011fa az\u0131rlar, amma olarn\u0131 ukrain qanunlar\u0131n\u0131\u00f1 tutars\u0131zl\u0131\u011f\u0131 ve iqtisadiy ve siyasiy stabillikni\u00f1 kefilligi olma\u011fan\u0131 \u015f\u00fcbelendire.&nbsp;<\/p>\n\n\n\n<p>T\u00fcrkiye Sanay\u0131 palatalar ve birjalar birle\u015fmesini\u00f1 yolba\u015f\u00e7\u0131lar\u0131 Q\u0131r\u0131mnen i\u015fbirlikni devam ettirmek istegini bildirdiler. &#8220;Q\u0131r\u0131m bizim m\u00fcim i\u015f orta\u011f\u0131m\u0131zd\u0131r. 2011 senesi Q\u0131r\u0131mnen al\u0131\u015f-veri\u015f k\u00f6lemi 90 million dollarn\u0131 te\u015fkil etti. Bu pek yah\u015f\u0131 netice ve biz daa da y\u00fcksek neticelerni elde etmek niyetindemiz&#8221;, -dep qayd etti Birle\u015fme azas\u0131, Eski\u015feer ticaret palatas\u0131n\u0131\u00f1 ba\u015f\u0131 Harun Qaracan. On\u0131\u00f1 fikrince Q\u0131r\u0131m ve T\u00fcrkiye eki taraflama ticaret k\u00f6lemini 200 million dollar\u011fa yetkizmek kerekler.&nbsp;<br>&nbsp;<\/p>\n\n\n\n<p>T\u00fcrkiye Sanay\u0131 palatalar ve birjalar birle\u015fmesini\u00f1 ba\u015f\u0131 \u015fu seneni\u00f1 aprel ay\u0131nda birle\u015fme azalar\u0131 yar\u0131madan\u0131\u00f1 al\u0131\u015f-veri\u015f ve yat\u0131r\u0131m imk\u00e2nlar\u0131nen yaq\u0131ndan tan\u0131\u015f olmaq i\u00e7\u00fcn Q\u0131r\u0131mn\u0131 ziyaret etecekler, dedi.&nbsp;<br>&nbsp;<\/p>\n\n\n\n<p>Q\u0131r\u0131m eyyetini\u00f1 T\u0130KA reisi Serdar Cam ile k\u00f6r\u00fc\u015f\u00fcvi neticesinde 2012 senesi may\u0131s 5-te Kiyevde T\u00fcrkiye ve Q\u0131r\u0131m i\u015f daireleri vekillerini\u00f1 k\u00f6r\u00fc\u015f\u00fcvini ke\u00e7irmek qarar\u0131 al\u0131nd\u0131. Serdar Camn\u0131\u00f1 aytqan\u0131na k\u00f6re T\u0130KA vekilleri Q\u0131r\u0131m\u011fa da kelip, yerlerde q\u0131r\u0131ml\u0131 i\u015f ortaqlar\u0131nen ameliy ad\u0131mlarn\u0131 t\u00fc\u015f\u00fcnecekler.&nbsp;<br>&nbsp;<\/p>\n\n\n\n<p>T\u0130KA ofisinde k\u00f6r\u00fc\u015f\u00fcvde evelden Q\u0131r\u0131mtatar halq\u0131 Meclisini\u00f1 reisi Mustafa Cemilev ve T\u00fcrkiye ba\u015f naziri Recep Tayip Erdo\u011fan aras\u0131ndaki a\u00f1la\u015fman\u0131 amelge ke\u00e7irmek imk\u00e2nlar\u0131, \u015fu c\u00fcmleden Aqmescitte Cuma cami, Aqmescit, Ba\u011f\u00e7asaray ve \u0130\u00e7ki qasabas\u0131nda q\u0131r\u0131mtatar tilinde oqut\u0131l\u011fan mektep, q\u0131r\u0131mtatar medeniy merkezini\u00f1 ve meskenge muhtac q\u0131r\u0131mtatarlar i\u00e7\u00fcn eV quruc\u0131l\u0131\u011f\u0131 meseleleri muzakere etildi.&nbsp;<\/p>\n\n\n\n<p>Meclis reisini\u00f1 fikrince Q\u0131r\u0131m eyyetini\u00f1 T\u00fcrkiye Cumhuriyetine bir k\u00fcnl\u00fck i\u015f ziyareti \u011fayet mahsuldar old\u0131. Mustafa Cemilev b\u00f6yle y\u00fcksek seviyede k\u00f6r\u00fc\u015f\u00fcvni\u00f1 neticeleri e\u00f1 yaq\u0131n vaq\u0131tta \u00f6m\u00fcrge ke\u00e7irilecegine emin ol\u011fan\u0131n\u0131 bildirdi.&nbsp;<\/p>\n\n\n\n<p>Q\u0131r\u0131mtatar halq\u0131 Meclisini\u00f1 reisi Mustafa Cemilev bun\u0131\u00f1 kibi de qayd etti ki, 2012 senesi aprel 17-de Anqarada ol\u011fan b\u00fct\u00fcn resmiy k\u00f6r\u00fc\u015f\u00fcvlerde T\u00fcrkiye taraf\u0131 \u015fu\u00f1a ayr\u0131ca diqqatn\u0131 celp etti ki, \u00e7oqmilletli Q\u0131r\u0131mda ya\u015fa\u011fan Ukraina vatanda\u015flar\u0131 ol\u011fan q\u0131r\u0131mtatarlarn\u0131 diger t\u00fcrkiy halqlarnen bir tarihiy, diniy, medeniy ve til ba\u011folar\u0131 birle\u015ftirip, T\u00fcrkiye ve Ukraina kibi qom\u015fularn\u0131\u00f1 \u00f6zara munasebetlerinde ba\u011flay\u0131c\u0131 alqad\u0131r. &#8220;Ukraina ile dialog al\u0131p bar\u0131rkenmiz, biz q\u0131r\u0131mtatarlarn\u0131\u00f1 eyiall\u0131l\u0131\u011f\u0131n\u0131 da t\u00fc\u015f\u00fcnemiz. Ukraina q\u0131r\u0131mtatar halq\u0131n\u0131\u00f1 aqlar\u0131n\u0131 ne derecede qor\u00e7alasa, T\u00fcrkiyeni\u00f1 Ukraina ve Q\u0131r\u0131mnen munasebetleri \u015fun\u0131\u00f1 qadar aktiv ve istiqballi olur&#8221;, dediler T\u00fcrkiye Cumhuriyetini\u00f1 resmiy \u015fah\u0131slar\u0131 Q\u0131r\u0131m eyyeti ile k\u00f6r\u00fc\u015f\u00fcvler vaqt\u0131nda.&nbsp;<\/p>\n\n\n\n<p class=\"has-text-align-right\"><em>Meclis matbuat h\u0131zmeti ve Arvidas \u015eemetasn\u0131\u00f1 resimleri<\/em><\/p>\n\n\n\n<figure class=\"wp-block-gallery columns-3 is-cropped wp-block-gallery-1 is-layout-flex wp-block-gallery-is-layout-flex\"><ul class=\"blocks-gallery-grid\"><li class=\"blocks-gallery-item\"><figure><a href=\"http:\/\/qtmm.org\/wp-content\/uploads\/2022\/01\/4f9138dc42d7a.jpeg\"><img loading=\"lazy\" decoding=\"async\" width=\"640\" height=\"480\" src=\"http:\/\/qtmm.org\/wp-content\/uploads\/2022\/01\/4f9138dc42d7a.jpeg\" alt=\"\" data-id=\"30237\" data-full-url=\"http:\/\/qtmm.org\/wp-content\/uploads\/2022\/01\/4f9138dc42d7a.jpeg\" data-link=\"http:\/\/qtmm.org\/qt\/?attachment_id=30237\" class=\"wp-image-30237\" srcset=\"https:\/\/qtmm.org\/wp-content\/uploads\/2022\/01\/4f9138dc42d7a.jpeg 640w, https:\/\/qtmm.org\/wp-content\/uploads\/2022\/01\/4f9138dc42d7a-300x225.jpeg 300w\" sizes=\"auto, (max-width: 640px) 100vw, 640px\" \/><\/a><\/figure><\/li><li class=\"blocks-gallery-item\"><figure><a href=\"http:\/\/qtmm.org\/wp-content\/uploads\/2022\/01\/4f9138ddd74a5.jpeg\"><img loading=\"lazy\" decoding=\"async\" width=\"640\" height=\"480\" src=\"http:\/\/qtmm.org\/wp-content\/uploads\/2022\/01\/4f9138ddd74a5.jpeg\" alt=\"\" data-id=\"30241\" data-full-url=\"http:\/\/qtmm.org\/wp-content\/uploads\/2022\/01\/4f9138ddd74a5.jpeg\" data-link=\"http:\/\/qtmm.org\/qt\/?attachment_id=30241\" class=\"wp-image-30241\" srcset=\"https:\/\/qtmm.org\/wp-content\/uploads\/2022\/01\/4f9138ddd74a5.jpeg 640w, https:\/\/qtmm.org\/wp-content\/uploads\/2022\/01\/4f9138ddd74a5-300x225.jpeg 300w\" sizes=\"auto, (max-width: 640px) 100vw, 640px\" \/><\/a><\/figure><\/li><li class=\"blocks-gallery-item\"><figure><a href=\"http:\/\/qtmm.org\/wp-content\/uploads\/2022\/01\/4f9138dfc34fa.jpeg\"><img loading=\"lazy\" decoding=\"async\" width=\"640\" height=\"480\" src=\"http:\/\/qtmm.org\/wp-content\/uploads\/2022\/01\/4f9138dfc34fa.jpeg\" alt=\"\" data-id=\"30245\" data-full-url=\"http:\/\/qtmm.org\/wp-content\/uploads\/2022\/01\/4f9138dfc34fa.jpeg\" data-link=\"http:\/\/qtmm.org\/qt\/?attachment_id=30245\" class=\"wp-image-30245\" srcset=\"https:\/\/qtmm.org\/wp-content\/uploads\/2022\/01\/4f9138dfc34fa.jpeg 640w, https:\/\/qtmm.org\/wp-content\/uploads\/2022\/01\/4f9138dfc34fa-300x225.jpeg 300w\" sizes=\"auto, (max-width: 640px) 100vw, 640px\" \/><\/a><\/figure><\/li><li class=\"blocks-gallery-item\"><figure><a href=\"http:\/\/qtmm.org\/wp-content\/uploads\/2022\/01\/4f9138e1e2d45.jpeg\"><img loading=\"lazy\" decoding=\"async\" width=\"640\" height=\"480\" src=\"http:\/\/qtmm.org\/wp-content\/uploads\/2022\/01\/4f9138e1e2d45.jpeg\" alt=\"\" data-id=\"30249\" data-full-url=\"http:\/\/qtmm.org\/wp-content\/uploads\/2022\/01\/4f9138e1e2d45.jpeg\" data-link=\"http:\/\/qtmm.org\/qt\/?attachment_id=30249\" class=\"wp-image-30249\" srcset=\"https:\/\/qtmm.org\/wp-content\/uploads\/2022\/01\/4f9138e1e2d45.jpeg 640w, https:\/\/qtmm.org\/wp-content\/uploads\/2022\/01\/4f9138e1e2d45-300x225.jpeg 300w\" sizes=\"auto, (max-width: 640px) 100vw, 640px\" \/><\/a><\/figure><\/li><li class=\"blocks-gallery-item\"><figure><a href=\"http:\/\/qtmm.org\/wp-content\/uploads\/2022\/01\/4f91350bcff9a.jpeg\"><img loading=\"lazy\" decoding=\"async\" width=\"640\" height=\"480\" src=\"http:\/\/qtmm.org\/wp-content\/uploads\/2022\/01\/4f91350bcff9a.jpeg\" alt=\"\" data-id=\"30253\" data-full-url=\"http:\/\/qtmm.org\/wp-content\/uploads\/2022\/01\/4f91350bcff9a.jpeg\" data-link=\"http:\/\/qtmm.org\/qt\/?attachment_id=30253\" class=\"wp-image-30253\" srcset=\"https:\/\/qtmm.org\/wp-content\/uploads\/2022\/01\/4f91350bcff9a.jpeg 640w, https:\/\/qtmm.org\/wp-content\/uploads\/2022\/01\/4f91350bcff9a-300x225.jpeg 300w\" sizes=\"auto, (max-width: 640px) 100vw, 640px\" \/><\/a><\/figure><\/li><li class=\"blocks-gallery-item\"><figure><a href=\"http:\/\/qtmm.org\/wp-content\/uploads\/2022\/01\/4f91350d21ab4.jpeg\"><img loading=\"lazy\" decoding=\"async\" width=\"640\" height=\"480\" src=\"http:\/\/qtmm.org\/wp-content\/uploads\/2022\/01\/4f91350d21ab4.jpeg\" alt=\"\" data-id=\"30257\" data-full-url=\"http:\/\/qtmm.org\/wp-content\/uploads\/2022\/01\/4f91350d21ab4.jpeg\" data-link=\"http:\/\/qtmm.org\/qt\/?attachment_id=30257\" class=\"wp-image-30257\" srcset=\"https:\/\/qtmm.org\/wp-content\/uploads\/2022\/01\/4f91350d21ab4.jpeg 640w, https:\/\/qtmm.org\/wp-content\/uploads\/2022\/01\/4f91350d21ab4-300x225.jpeg 300w\" sizes=\"auto, (max-width: 640px) 100vw, 640px\" \/><\/a><\/figure><\/li><li class=\"blocks-gallery-item\"><figure><a href=\"http:\/\/qtmm.org\/wp-content\/uploads\/2022\/01\/4f91350eab640.jpeg\"><img loading=\"lazy\" decoding=\"async\" width=\"640\" height=\"480\" src=\"http:\/\/qtmm.org\/wp-content\/uploads\/2022\/01\/4f91350eab640.jpeg\" alt=\"\" data-id=\"30261\" data-full-url=\"http:\/\/qtmm.org\/wp-content\/uploads\/2022\/01\/4f91350eab640.jpeg\" data-link=\"http:\/\/qtmm.org\/qt\/?attachment_id=30261\" class=\"wp-image-30261\" srcset=\"https:\/\/qtmm.org\/wp-content\/uploads\/2022\/01\/4f91350eab640.jpeg 640w, https:\/\/qtmm.org\/wp-content\/uploads\/2022\/01\/4f91350eab640-300x225.jpeg 300w\" sizes=\"auto, (max-width: 640px) 100vw, 640px\" \/><\/a><\/figure><\/li><li class=\"blocks-gallery-item\"><figure><a href=\"http:\/\/qtmm.org\/wp-content\/uploads\/2022\/01\/4f91350ff138c.jpeg\"><img loading=\"lazy\" decoding=\"async\" width=\"640\" height=\"480\" src=\"http:\/\/qtmm.org\/wp-content\/uploads\/2022\/01\/4f91350ff138c.jpeg\" alt=\"\" data-id=\"30265\" data-full-url=\"http:\/\/qtmm.org\/wp-content\/uploads\/2022\/01\/4f91350ff138c.jpeg\" data-link=\"http:\/\/qtmm.org\/qt\/?attachment_id=30265\" class=\"wp-image-30265\" srcset=\"https:\/\/qtmm.org\/wp-content\/uploads\/2022\/01\/4f91350ff138c.jpeg 640w, https:\/\/qtmm.org\/wp-content\/uploads\/2022\/01\/4f91350ff138c-300x225.jpeg 300w\" sizes=\"auto, (max-width: 640px) 100vw, 640px\" \/><\/a><\/figure><\/li><li class=\"blocks-gallery-item\"><figure><a href=\"http:\/\/qtmm.org\/wp-content\/uploads\/2022\/01\/4f913511c3da1.jpeg\"><img loading=\"lazy\" decoding=\"async\" width=\"640\" height=\"480\" src=\"http:\/\/qtmm.org\/wp-content\/uploads\/2022\/01\/4f913511c3da1.jpeg\" alt=\"\" data-id=\"30269\" data-full-url=\"http:\/\/qtmm.org\/wp-content\/uploads\/2022\/01\/4f913511c3da1.jpeg\" data-link=\"http:\/\/qtmm.org\/qt\/?attachment_id=30269\" class=\"wp-image-30269\" srcset=\"https:\/\/qtmm.org\/wp-content\/uploads\/2022\/01\/4f913511c3da1.jpeg 640w, https:\/\/qtmm.org\/wp-content\/uploads\/2022\/01\/4f913511c3da1-300x225.jpeg 300w\" sizes=\"auto, (max-width: 640px) 100vw, 640px\" \/><\/a><\/figure><\/li><li class=\"blocks-gallery-item\"><figure><a href=\"http:\/\/qtmm.org\/wp-content\/uploads\/2022\/01\/4f913802a7694.jpeg\"><img loading=\"lazy\" decoding=\"async\" width=\"640\" height=\"480\" src=\"http:\/\/qtmm.org\/wp-content\/uploads\/2022\/01\/4f913802a7694.jpeg\" alt=\"\" data-id=\"30273\" data-full-url=\"http:\/\/qtmm.org\/wp-content\/uploads\/2022\/01\/4f913802a7694.jpeg\" data-link=\"http:\/\/qtmm.org\/qt\/?attachment_id=30273\" class=\"wp-image-30273\" srcset=\"https:\/\/qtmm.org\/wp-content\/uploads\/2022\/01\/4f913802a7694.jpeg 640w, https:\/\/qtmm.org\/wp-content\/uploads\/2022\/01\/4f913802a7694-300x225.jpeg 300w\" sizes=\"auto, (max-width: 640px) 100vw, 640px\" \/><\/a><\/figure><\/li><li class=\"blocks-gallery-item\"><figure><a href=\"http:\/\/qtmm.org\/wp-content\/uploads\/2022\/01\/4f913804ac8bd.jpeg\"><img loading=\"lazy\" decoding=\"async\" width=\"640\" height=\"480\" src=\"http:\/\/qtmm.org\/wp-content\/uploads\/2022\/01\/4f913804ac8bd.jpeg\" alt=\"\" data-id=\"30277\" data-full-url=\"http:\/\/qtmm.org\/wp-content\/uploads\/2022\/01\/4f913804ac8bd.jpeg\" data-link=\"http:\/\/qtmm.org\/qt\/?attachment_id=30277\" class=\"wp-image-30277\" srcset=\"https:\/\/qtmm.org\/wp-content\/uploads\/2022\/01\/4f913804ac8bd.jpeg 640w, https:\/\/qtmm.org\/wp-content\/uploads\/2022\/01\/4f913804ac8bd-300x225.jpeg 300w\" sizes=\"auto, (max-width: 640px) 100vw, 640px\" \/><\/a><\/figure><\/li><li class=\"blocks-gallery-item\"><figure><a href=\"http:\/\/qtmm.org\/wp-content\/uploads\/2022\/01\/4f9135104a078.jpeg\"><img loading=\"lazy\" decoding=\"async\" width=\"640\" height=\"480\" src=\"http:\/\/qtmm.org\/wp-content\/uploads\/2022\/01\/4f9135104a078.jpeg\" alt=\"\" data-id=\"30281\" data-full-url=\"http:\/\/qtmm.org\/wp-content\/uploads\/2022\/01\/4f9135104a078.jpeg\" data-link=\"http:\/\/qtmm.org\/qt\/?attachment_id=30281\" class=\"wp-image-30281\" srcset=\"https:\/\/qtmm.org\/wp-content\/uploads\/2022\/01\/4f9135104a078.jpeg 640w, https:\/\/qtmm.org\/wp-content\/uploads\/2022\/01\/4f9135104a078-300x225.jpeg 300w\" sizes=\"auto, (max-width: 640px) 100vw, 640px\" \/><\/a><\/figure><\/li><li class=\"blocks-gallery-item\"><figure><a href=\"http:\/\/qtmm.org\/wp-content\/uploads\/2022\/01\/4f9138003e221.jpeg\"><img loading=\"lazy\" decoding=\"async\" width=\"640\" height=\"480\" src=\"http:\/\/qtmm.org\/wp-content\/uploads\/2022\/01\/4f9138003e221.jpeg\" alt=\"\" data-id=\"30285\" data-full-url=\"http:\/\/qtmm.org\/wp-content\/uploads\/2022\/01\/4f9138003e221.jpeg\" data-link=\"http:\/\/qtmm.org\/qt\/?attachment_id=30285\" class=\"wp-image-30285\" srcset=\"https:\/\/qtmm.org\/wp-content\/uploads\/2022\/01\/4f9138003e221.jpeg 640w, https:\/\/qtmm.org\/wp-content\/uploads\/2022\/01\/4f9138003e221-300x225.jpeg 300w\" sizes=\"auto, (max-width: 640px) 100vw, 640px\" \/><\/a><\/figure><\/li><li class=\"blocks-gallery-item\"><figure><a href=\"http:\/\/qtmm.org\/wp-content\/uploads\/2022\/01\/4f913510251f2.jpeg\"><img loading=\"lazy\" decoding=\"async\" width=\"640\" height=\"480\" src=\"http:\/\/qtmm.org\/wp-content\/uploads\/2022\/01\/4f913510251f2.jpeg\" alt=\"\" data-id=\"30289\" data-full-url=\"http:\/\/qtmm.org\/wp-content\/uploads\/2022\/01\/4f913510251f2.jpeg\" data-link=\"http:\/\/qtmm.org\/qt\/?attachment_id=30289\" class=\"wp-image-30289\" srcset=\"https:\/\/qtmm.org\/wp-content\/uploads\/2022\/01\/4f913510251f2.jpeg 640w, https:\/\/qtmm.org\/wp-content\/uploads\/2022\/01\/4f913510251f2-300x225.jpeg 300w\" sizes=\"auto, (max-width: 640px) 100vw, 640px\" \/><\/a><\/figure><\/li><li class=\"blocks-gallery-item\"><figure><a href=\"http:\/\/qtmm.org\/wp-content\/uploads\/2022\/01\/4f913807798f2.jpeg\"><img loading=\"lazy\" decoding=\"async\" width=\"640\" height=\"480\" src=\"http:\/\/qtmm.org\/wp-content\/uploads\/2022\/01\/4f913807798f2.jpeg\" alt=\"\" data-id=\"30293\" data-full-url=\"http:\/\/qtmm.org\/wp-content\/uploads\/2022\/01\/4f913807798f2.jpeg\" data-link=\"http:\/\/qtmm.org\/qt\/?attachment_id=30293\" class=\"wp-image-30293\" srcset=\"https:\/\/qtmm.org\/wp-content\/uploads\/2022\/01\/4f913807798f2.jpeg 640w, https:\/\/qtmm.org\/wp-content\/uploads\/2022\/01\/4f913807798f2-300x225.jpeg 300w\" sizes=\"auto, (max-width: 640px) 100vw, 640px\" \/><\/a><\/figure><\/li><li class=\"blocks-gallery-item\"><figure><a href=\"http:\/\/qtmm.org\/wp-content\/uploads\/2022\/01\/4f9138061306c.jpeg\"><img loading=\"lazy\" decoding=\"async\" width=\"640\" height=\"480\" src=\"http:\/\/qtmm.org\/wp-content\/uploads\/2022\/01\/4f9138061306c.jpeg\" alt=\"\" data-id=\"30297\" data-full-url=\"http:\/\/qtmm.org\/wp-content\/uploads\/2022\/01\/4f9138061306c.jpeg\" data-link=\"http:\/\/qtmm.org\/qt\/?attachment_id=30297\" class=\"wp-image-30297\" srcset=\"https:\/\/qtmm.org\/wp-content\/uploads\/2022\/01\/4f9138061306c.jpeg 640w, https:\/\/qtmm.org\/wp-content\/uploads\/2022\/01\/4f9138061306c-300x225.jpeg 300w\" sizes=\"auto, (max-width: 640px) 100vw, 640px\" \/><\/a><\/figure><\/li><\/ul><\/figure>\n","protected":false},"excerpt":{"rendered":"<p>2012 senesi aprel 17-de Q\u0131r\u0131m Nazirler \u015furas\u0131n\u0131\u00f1 reisi Anatoliy Mogil\u00f6v reberligindeki Q\u0131r\u0131m eyyeti bir k\u00fcnl\u00fck resmiy ziyaretnen T\u00fcrkiye Cumhuriyetinde bulund\u0131. Eyyet erk\u00e2n\u0131na Q\u0131r\u0131mtatar halq\u0131 Meclisini\u00f1 reisi, Ukraina halq deputat\u0131 Mustafa Cemilev, Ukraina halq deputat\u0131 B\u00f6ris Dey\u00e7, Q\u0131r\u0131m iqtisadiyat\u0131 ve ticareti naziri Svetlana Verba, Ukraini i\u00e7ki i\u015fler nazirligi \u00fc\u00e7\u00fcnci departamenti direktor\u0131n\u0131\u00f1 muavini \u00d6lga \u00c7ubrikova ve Q\u0131r\u0131m [&hellip;]<\/p>\n","protected":false},"author":1,"featured_media":30245,"comment_status":"open","ping_status":"open","sticky":false,"template":"","format":"standard","meta":{"inline_featured_image":false,"footnotes":""},"categories":[265],"tags":[],"class_list":["post-30236","post","type-post","status-publish","format-standard","has-post-thumbnail","hentry","category-haberler"],"acf":[],"yoast_head":"<!-- This site is optimized with the Yoast SEO plugin v27.4 - https:\/\/yoast.com\/product\/yoast-seo-wordpress\/ -->\n<title>Mustafa Cemilev: \u00abQ\u0131r\u0131m eyyetini\u00f1 T\u00fcrkiyege ziyaretini\u00f1 neticeleri tez arada amelge ke\u00e7ecegine eminim\u00bb - \u041c\u0435\u0434\u0436\u043b\u0456\u0441<\/title>\n<meta name=\"robots\" content=\"index, follow, max-snippet:-1, max-image-preview:large, max-video-preview:-1\" \/>\n<link rel=\"canonical\" href=\"https:\/\/qtmm.org\/qt\/mustafa-cemilev-qirim-eyyetinin-turkiyege-ziyaretinin-neticeleri-tez-arada-amelge-kececegine-eminim\/\" \/>\n<meta property=\"og:locale\" content=\"en_US\" \/>\n<meta property=\"og:type\" content=\"article\" \/>\n<meta property=\"og:title\" content=\"Mustafa Cemilev: \u00abQ\u0131r\u0131m eyyetini\u00f1 T\u00fcrkiyege ziyaretini\u00f1 neticeleri tez arada amelge ke\u00e7ecegine eminim\u00bb - \u041c\u0435\u0434\u0436\u043b\u0456\u0441\" \/>\n<meta property=\"og:description\" content=\"2012 senesi aprel 17-de Q\u0131r\u0131m Nazirler \u015furas\u0131n\u0131\u00f1 reisi Anatoliy Mogil\u00f6v reberligindeki Q\u0131r\u0131m eyyeti bir k\u00fcnl\u00fck resmiy ziyaretnen T\u00fcrkiye Cumhuriyetinde bulund\u0131. Eyyet erk\u00e2n\u0131na Q\u0131r\u0131mtatar halq\u0131 Meclisini\u00f1 reisi, Ukraina halq deputat\u0131 Mustafa Cemilev, Ukraina halq deputat\u0131 B\u00f6ris Dey\u00e7, Q\u0131r\u0131m iqtisadiyat\u0131 ve ticareti naziri Svetlana Verba, Ukraini i\u00e7ki i\u015fler nazirligi \u00fc\u00e7\u00fcnci departamenti direktor\u0131n\u0131\u00f1 muavini \u00d6lga \u00c7ubrikova ve Q\u0131r\u0131m [&hellip;]\" \/>\n<meta property=\"og:url\" content=\"https:\/\/qtmm.org\/qt\/mustafa-cemilev-qirim-eyyetinin-turkiyege-ziyaretinin-neticeleri-tez-arada-amelge-kececegine-eminim\/\" \/>\n<meta property=\"og:site_name\" content=\"\u041c\u0435\u0434\u0436\u043b\u0456\u0441\" \/>\n<meta property=\"article:publisher\" content=\"https:\/\/www.facebook.com\/qtmm.info\/\" \/>\n<meta property=\"article:published_time\" content=\"2012-04-18T15:15:00+00:00\" \/>\n<meta property=\"article:modified_time\" content=\"2022-01-21T15:17:21+00:00\" \/>\n<meta property=\"og:image\" content=\"https:\/\/qtmm.org\/wp-content\/uploads\/2022\/01\/4f9138dfc34fa.jpeg\" \/>\n\t<meta property=\"og:image:width\" content=\"640\" \/>\n\t<meta property=\"og:image:height\" content=\"480\" \/>\n\t<meta property=\"og:image:type\" content=\"image\/jpeg\" \/>\n<meta name=\"author\" content=\"Developer\" \/>\n<meta name=\"twitter:card\" content=\"summary_large_image\" \/>\n<meta name=\"twitter:label1\" content=\"Written by\" \/>\n\t<meta name=\"twitter:data1\" content=\"Developer\" \/>\n\t<meta name=\"twitter:label2\" content=\"Est. reading time\" \/>\n\t<meta name=\"twitter:data2\" content=\"5 minutes\" \/>\n<script type=\"application\/ld+json\" class=\"yoast-schema-graph\">{\"@context\":\"https:\\\/\\\/schema.org\",\"@graph\":[{\"@type\":\"Article\",\"@id\":\"https:\\\/\\\/qtmm.org\\\/qt\\\/mustafa-cemilev-qirim-eyyetinin-turkiyege-ziyaretinin-neticeleri-tez-arada-amelge-kececegine-eminim\\\/#article\",\"isPartOf\":{\"@id\":\"https:\\\/\\\/qtmm.org\\\/qt\\\/mustafa-cemilev-qirim-eyyetinin-turkiyege-ziyaretinin-neticeleri-tez-arada-amelge-kececegine-eminim\\\/\"},\"author\":{\"name\":\"Developer\",\"@id\":\"https:\\\/\\\/qtmm.org\\\/qt\\\/#\\\/schema\\\/person\\\/de562469f971dec226ac06e60bbf74a7\"},\"headline\":\"Mustafa Cemilev: \u00abQ\u0131r\u0131m eyyetini\u00f1 T\u00fcrkiyege ziyaretini\u00f1 neticeleri tez arada amelge ke\u00e7ecegine eminim\u00bb\",\"datePublished\":\"2012-04-18T15:15:00+00:00\",\"dateModified\":\"2022-01-21T15:17:21+00:00\",\"mainEntityOfPage\":{\"@id\":\"https:\\\/\\\/qtmm.org\\\/qt\\\/mustafa-cemilev-qirim-eyyetinin-turkiyege-ziyaretinin-neticeleri-tez-arada-amelge-kececegine-eminim\\\/\"},\"wordCount\":1001,\"commentCount\":0,\"publisher\":{\"@id\":\"https:\\\/\\\/qtmm.org\\\/qt\\\/#organization\"},\"image\":{\"@id\":\"https:\\\/\\\/qtmm.org\\\/qt\\\/mustafa-cemilev-qirim-eyyetinin-turkiyege-ziyaretinin-neticeleri-tez-arada-amelge-kececegine-eminim\\\/#primaryimage\"},\"thumbnailUrl\":\"https:\\\/\\\/qtmm.org\\\/wp-content\\\/uploads\\\/2022\\\/01\\\/4f9138dfc34fa.jpeg\",\"articleSection\":[\"Haberler\"],\"inLanguage\":\"qt\",\"potentialAction\":[{\"@type\":\"CommentAction\",\"name\":\"Comment\",\"target\":[\"https:\\\/\\\/qtmm.org\\\/qt\\\/mustafa-cemilev-qirim-eyyetinin-turkiyege-ziyaretinin-neticeleri-tez-arada-amelge-kececegine-eminim\\\/#respond\"]}]},{\"@type\":\"WebPage\",\"@id\":\"https:\\\/\\\/qtmm.org\\\/qt\\\/mustafa-cemilev-qirim-eyyetinin-turkiyege-ziyaretinin-neticeleri-tez-arada-amelge-kececegine-eminim\\\/\",\"url\":\"https:\\\/\\\/qtmm.org\\\/qt\\\/mustafa-cemilev-qirim-eyyetinin-turkiyege-ziyaretinin-neticeleri-tez-arada-amelge-kececegine-eminim\\\/\",\"name\":\"Mustafa Cemilev: \u00abQ\u0131r\u0131m eyyetini\u00f1 T\u00fcrkiyege ziyaretini\u00f1 neticeleri tez arada amelge ke\u00e7ecegine eminim\u00bb - \u041c\u0435\u0434\u0436\u043b\u0456\u0441\",\"isPartOf\":{\"@id\":\"https:\\\/\\\/qtmm.org\\\/qt\\\/#website\"},\"primaryImageOfPage\":{\"@id\":\"https:\\\/\\\/qtmm.org\\\/qt\\\/mustafa-cemilev-qirim-eyyetinin-turkiyege-ziyaretinin-neticeleri-tez-arada-amelge-kececegine-eminim\\\/#primaryimage\"},\"image\":{\"@id\":\"https:\\\/\\\/qtmm.org\\\/qt\\\/mustafa-cemilev-qirim-eyyetinin-turkiyege-ziyaretinin-neticeleri-tez-arada-amelge-kececegine-eminim\\\/#primaryimage\"},\"thumbnailUrl\":\"https:\\\/\\\/qtmm.org\\\/wp-content\\\/uploads\\\/2022\\\/01\\\/4f9138dfc34fa.jpeg\",\"datePublished\":\"2012-04-18T15:15:00+00:00\",\"dateModified\":\"2022-01-21T15:17:21+00:00\",\"breadcrumb\":{\"@id\":\"https:\\\/\\\/qtmm.org\\\/qt\\\/mustafa-cemilev-qirim-eyyetinin-turkiyege-ziyaretinin-neticeleri-tez-arada-amelge-kececegine-eminim\\\/#breadcrumb\"},\"inLanguage\":\"qt\",\"potentialAction\":[{\"@type\":\"ReadAction\",\"target\":[\"https:\\\/\\\/qtmm.org\\\/qt\\\/mustafa-cemilev-qirim-eyyetinin-turkiyege-ziyaretinin-neticeleri-tez-arada-amelge-kececegine-eminim\\\/\"]}]},{\"@type\":\"ImageObject\",\"inLanguage\":\"qt\",\"@id\":\"https:\\\/\\\/qtmm.org\\\/qt\\\/mustafa-cemilev-qirim-eyyetinin-turkiyege-ziyaretinin-neticeleri-tez-arada-amelge-kececegine-eminim\\\/#primaryimage\",\"url\":\"https:\\\/\\\/qtmm.org\\\/wp-content\\\/uploads\\\/2022\\\/01\\\/4f9138dfc34fa.jpeg\",\"contentUrl\":\"https:\\\/\\\/qtmm.org\\\/wp-content\\\/uploads\\\/2022\\\/01\\\/4f9138dfc34fa.jpeg\",\"width\":640,\"height\":480},{\"@type\":\"BreadcrumbList\",\"@id\":\"https:\\\/\\\/qtmm.org\\\/qt\\\/mustafa-cemilev-qirim-eyyetinin-turkiyege-ziyaretinin-neticeleri-tez-arada-amelge-kececegine-eminim\\\/#breadcrumb\",\"itemListElement\":[{\"@type\":\"ListItem\",\"position\":1,\"name\":\"\u0413\u043e\u043b\u043e\u0432\u043d\u0430\",\"item\":\"https:\\\/\\\/qtmm.org\\\/qt\\\/\"},{\"@type\":\"ListItem\",\"position\":2,\"name\":\"Mustafa Cemilev: \u00abQ\u0131r\u0131m eyyetini\u00f1 T\u00fcrkiyege ziyaretini\u00f1 neticeleri tez arada amelge ke\u00e7ecegine eminim\u00bb\"}]},{\"@type\":\"WebSite\",\"@id\":\"https:\\\/\\\/qtmm.org\\\/qt\\\/#website\",\"url\":\"https:\\\/\\\/qtmm.org\\\/qt\\\/\",\"name\":\"\u041c\u0435\u0434\u0436\u043b\u0456\u0441\",\"description\":\"\",\"publisher\":{\"@id\":\"https:\\\/\\\/qtmm.org\\\/qt\\\/#organization\"},\"potentialAction\":[{\"@type\":\"SearchAction\",\"target\":{\"@type\":\"EntryPoint\",\"urlTemplate\":\"https:\\\/\\\/qtmm.org\\\/qt\\\/?s={search_term_string}\"},\"query-input\":{\"@type\":\"PropertyValueSpecification\",\"valueRequired\":true,\"valueName\":\"search_term_string\"}}],\"inLanguage\":\"qt\"},{\"@type\":\"Organization\",\"@id\":\"https:\\\/\\\/qtmm.org\\\/qt\\\/#organization\",\"name\":\"\u041c\u0435\u0434\u0436\u043b\u0456\u0441\",\"url\":\"https:\\\/\\\/qtmm.org\\\/qt\\\/\",\"logo\":{\"@type\":\"ImageObject\",\"inLanguage\":\"qt\",\"@id\":\"https:\\\/\\\/qtmm.org\\\/qt\\\/#\\\/schema\\\/logo\\\/image\\\/\",\"url\":\"https:\\\/\\\/qtmm.org\\\/wp-content\\\/uploads\\\/2024\\\/12\\\/ua-mejlis-logo-rgb.svg\",\"contentUrl\":\"https:\\\/\\\/qtmm.org\\\/wp-content\\\/uploads\\\/2024\\\/12\\\/ua-mejlis-logo-rgb.svg\",\"caption\":\"\u041c\u0435\u0434\u0436\u043b\u0456\u0441\"},\"image\":{\"@id\":\"https:\\\/\\\/qtmm.org\\\/qt\\\/#\\\/schema\\\/logo\\\/image\\\/\"},\"sameAs\":[\"https:\\\/\\\/www.facebook.com\\\/qtmm.info\\\/\"]},{\"@type\":\"Person\",\"@id\":\"https:\\\/\\\/qtmm.org\\\/qt\\\/#\\\/schema\\\/person\\\/de562469f971dec226ac06e60bbf74a7\",\"name\":\"Developer\",\"image\":{\"@type\":\"ImageObject\",\"inLanguage\":\"qt\",\"@id\":\"https:\\\/\\\/secure.gravatar.com\\\/avatar\\\/392b4cc8fbfeb00b39dfeeab4ee6edded39ffd48e25858637e4765810300227e?s=96&d=mm&r=g\",\"url\":\"https:\\\/\\\/secure.gravatar.com\\\/avatar\\\/392b4cc8fbfeb00b39dfeeab4ee6edded39ffd48e25858637e4765810300227e?s=96&d=mm&r=g\",\"contentUrl\":\"https:\\\/\\\/secure.gravatar.com\\\/avatar\\\/392b4cc8fbfeb00b39dfeeab4ee6edded39ffd48e25858637e4765810300227e?s=96&d=mm&r=g\",\"caption\":\"Developer\"},\"url\":\"https:\\\/\\\/qtmm.org\\\/qt\\\/author\\\/Developer\\\/\"}]}<\/script>\n<!-- \/ Yoast SEO plugin. -->","yoast_head_json":{"title":"Mustafa Cemilev: \u00abQ\u0131r\u0131m eyyetini\u00f1 T\u00fcrkiyege ziyaretini\u00f1 neticeleri tez arada amelge ke\u00e7ecegine eminim\u00bb - \u041c\u0435\u0434\u0436\u043b\u0456\u0441","robots":{"index":"index","follow":"follow","max-snippet":"max-snippet:-1","max-image-preview":"max-image-preview:large","max-video-preview":"max-video-preview:-1"},"canonical":"https:\/\/qtmm.org\/qt\/mustafa-cemilev-qirim-eyyetinin-turkiyege-ziyaretinin-neticeleri-tez-arada-amelge-kececegine-eminim\/","og_locale":"en_US","og_type":"article","og_title":"Mustafa Cemilev: \u00abQ\u0131r\u0131m eyyetini\u00f1 T\u00fcrkiyege ziyaretini\u00f1 neticeleri tez arada amelge ke\u00e7ecegine eminim\u00bb - \u041c\u0435\u0434\u0436\u043b\u0456\u0441","og_description":"2012 senesi aprel 17-de Q\u0131r\u0131m Nazirler \u015furas\u0131n\u0131\u00f1 reisi Anatoliy Mogil\u00f6v reberligindeki Q\u0131r\u0131m eyyeti bir k\u00fcnl\u00fck resmiy ziyaretnen T\u00fcrkiye Cumhuriyetinde bulund\u0131. Eyyet erk\u00e2n\u0131na Q\u0131r\u0131mtatar halq\u0131 Meclisini\u00f1 reisi, Ukraina halq deputat\u0131 Mustafa Cemilev, Ukraina halq deputat\u0131 B\u00f6ris Dey\u00e7, Q\u0131r\u0131m iqtisadiyat\u0131 ve ticareti naziri Svetlana Verba, Ukraini i\u00e7ki i\u015fler nazirligi \u00fc\u00e7\u00fcnci departamenti direktor\u0131n\u0131\u00f1 muavini \u00d6lga \u00c7ubrikova ve Q\u0131r\u0131m [&hellip;]","og_url":"https:\/\/qtmm.org\/qt\/mustafa-cemilev-qirim-eyyetinin-turkiyege-ziyaretinin-neticeleri-tez-arada-amelge-kececegine-eminim\/","og_site_name":"\u041c\u0435\u0434\u0436\u043b\u0456\u0441","article_publisher":"https:\/\/www.facebook.com\/qtmm.info\/","article_published_time":"2012-04-18T15:15:00+00:00","article_modified_time":"2022-01-21T15:17:21+00:00","og_image":[{"width":640,"height":480,"url":"https:\/\/qtmm.org\/wp-content\/uploads\/2022\/01\/4f9138dfc34fa.jpeg","type":"image\/jpeg"}],"author":"Developer","twitter_card":"summary_large_image","twitter_misc":{"Written by":"Developer","Est. reading time":"5 minutes"},"schema":{"@context":"https:\/\/schema.org","@graph":[{"@type":"Article","@id":"https:\/\/qtmm.org\/qt\/mustafa-cemilev-qirim-eyyetinin-turkiyege-ziyaretinin-neticeleri-tez-arada-amelge-kececegine-eminim\/#article","isPartOf":{"@id":"https:\/\/qtmm.org\/qt\/mustafa-cemilev-qirim-eyyetinin-turkiyege-ziyaretinin-neticeleri-tez-arada-amelge-kececegine-eminim\/"},"author":{"name":"Developer","@id":"https:\/\/qtmm.org\/qt\/#\/schema\/person\/de562469f971dec226ac06e60bbf74a7"},"headline":"Mustafa Cemilev: \u00abQ\u0131r\u0131m eyyetini\u00f1 T\u00fcrkiyege ziyaretini\u00f1 neticeleri tez arada amelge ke\u00e7ecegine eminim\u00bb","datePublished":"2012-04-18T15:15:00+00:00","dateModified":"2022-01-21T15:17:21+00:00","mainEntityOfPage":{"@id":"https:\/\/qtmm.org\/qt\/mustafa-cemilev-qirim-eyyetinin-turkiyege-ziyaretinin-neticeleri-tez-arada-amelge-kececegine-eminim\/"},"wordCount":1001,"commentCount":0,"publisher":{"@id":"https:\/\/qtmm.org\/qt\/#organization"},"image":{"@id":"https:\/\/qtmm.org\/qt\/mustafa-cemilev-qirim-eyyetinin-turkiyege-ziyaretinin-neticeleri-tez-arada-amelge-kececegine-eminim\/#primaryimage"},"thumbnailUrl":"https:\/\/qtmm.org\/wp-content\/uploads\/2022\/01\/4f9138dfc34fa.jpeg","articleSection":["Haberler"],"inLanguage":"qt","potentialAction":[{"@type":"CommentAction","name":"Comment","target":["https:\/\/qtmm.org\/qt\/mustafa-cemilev-qirim-eyyetinin-turkiyege-ziyaretinin-neticeleri-tez-arada-amelge-kececegine-eminim\/#respond"]}]},{"@type":"WebPage","@id":"https:\/\/qtmm.org\/qt\/mustafa-cemilev-qirim-eyyetinin-turkiyege-ziyaretinin-neticeleri-tez-arada-amelge-kececegine-eminim\/","url":"https:\/\/qtmm.org\/qt\/mustafa-cemilev-qirim-eyyetinin-turkiyege-ziyaretinin-neticeleri-tez-arada-amelge-kececegine-eminim\/","name":"Mustafa Cemilev: \u00abQ\u0131r\u0131m eyyetini\u00f1 T\u00fcrkiyege ziyaretini\u00f1 neticeleri tez arada amelge ke\u00e7ecegine eminim\u00bb - \u041c\u0435\u0434\u0436\u043b\u0456\u0441","isPartOf":{"@id":"https:\/\/qtmm.org\/qt\/#website"},"primaryImageOfPage":{"@id":"https:\/\/qtmm.org\/qt\/mustafa-cemilev-qirim-eyyetinin-turkiyege-ziyaretinin-neticeleri-tez-arada-amelge-kececegine-eminim\/#primaryimage"},"image":{"@id":"https:\/\/qtmm.org\/qt\/mustafa-cemilev-qirim-eyyetinin-turkiyege-ziyaretinin-neticeleri-tez-arada-amelge-kececegine-eminim\/#primaryimage"},"thumbnailUrl":"https:\/\/qtmm.org\/wp-content\/uploads\/2022\/01\/4f9138dfc34fa.jpeg","datePublished":"2012-04-18T15:15:00+00:00","dateModified":"2022-01-21T15:17:21+00:00","breadcrumb":{"@id":"https:\/\/qtmm.org\/qt\/mustafa-cemilev-qirim-eyyetinin-turkiyege-ziyaretinin-neticeleri-tez-arada-amelge-kececegine-eminim\/#breadcrumb"},"inLanguage":"qt","potentialAction":[{"@type":"ReadAction","target":["https:\/\/qtmm.org\/qt\/mustafa-cemilev-qirim-eyyetinin-turkiyege-ziyaretinin-neticeleri-tez-arada-amelge-kececegine-eminim\/"]}]},{"@type":"ImageObject","inLanguage":"qt","@id":"https:\/\/qtmm.org\/qt\/mustafa-cemilev-qirim-eyyetinin-turkiyege-ziyaretinin-neticeleri-tez-arada-amelge-kececegine-eminim\/#primaryimage","url":"https:\/\/qtmm.org\/wp-content\/uploads\/2022\/01\/4f9138dfc34fa.jpeg","contentUrl":"https:\/\/qtmm.org\/wp-content\/uploads\/2022\/01\/4f9138dfc34fa.jpeg","width":640,"height":480},{"@type":"BreadcrumbList","@id":"https:\/\/qtmm.org\/qt\/mustafa-cemilev-qirim-eyyetinin-turkiyege-ziyaretinin-neticeleri-tez-arada-amelge-kececegine-eminim\/#breadcrumb","itemListElement":[{"@type":"ListItem","position":1,"name":"\u0413\u043e\u043b\u043e\u0432\u043d\u0430","item":"https:\/\/qtmm.org\/qt\/"},{"@type":"ListItem","position":2,"name":"Mustafa Cemilev: \u00abQ\u0131r\u0131m eyyetini\u00f1 T\u00fcrkiyege ziyaretini\u00f1 neticeleri tez arada amelge ke\u00e7ecegine eminim\u00bb"}]},{"@type":"WebSite","@id":"https:\/\/qtmm.org\/qt\/#website","url":"https:\/\/qtmm.org\/qt\/","name":"\u041c\u0435\u0434\u0436\u043b\u0456\u0441","description":"","publisher":{"@id":"https:\/\/qtmm.org\/qt\/#organization"},"potentialAction":[{"@type":"SearchAction","target":{"@type":"EntryPoint","urlTemplate":"https:\/\/qtmm.org\/qt\/?s={search_term_string}"},"query-input":{"@type":"PropertyValueSpecification","valueRequired":true,"valueName":"search_term_string"}}],"inLanguage":"qt"},{"@type":"Organization","@id":"https:\/\/qtmm.org\/qt\/#organization","name":"\u041c\u0435\u0434\u0436\u043b\u0456\u0441","url":"https:\/\/qtmm.org\/qt\/","logo":{"@type":"ImageObject","inLanguage":"qt","@id":"https:\/\/qtmm.org\/qt\/#\/schema\/logo\/image\/","url":"https:\/\/qtmm.org\/wp-content\/uploads\/2024\/12\/ua-mejlis-logo-rgb.svg","contentUrl":"https:\/\/qtmm.org\/wp-content\/uploads\/2024\/12\/ua-mejlis-logo-rgb.svg","caption":"\u041c\u0435\u0434\u0436\u043b\u0456\u0441"},"image":{"@id":"https:\/\/qtmm.org\/qt\/#\/schema\/logo\/image\/"},"sameAs":["https:\/\/www.facebook.com\/qtmm.info\/"]},{"@type":"Person","@id":"https:\/\/qtmm.org\/qt\/#\/schema\/person\/de562469f971dec226ac06e60bbf74a7","name":"Developer","image":{"@type":"ImageObject","inLanguage":"qt","@id":"https:\/\/secure.gravatar.com\/avatar\/392b4cc8fbfeb00b39dfeeab4ee6edded39ffd48e25858637e4765810300227e?s=96&d=mm&r=g","url":"https:\/\/secure.gravatar.com\/avatar\/392b4cc8fbfeb00b39dfeeab4ee6edded39ffd48e25858637e4765810300227e?s=96&d=mm&r=g","contentUrl":"https:\/\/secure.gravatar.com\/avatar\/392b4cc8fbfeb00b39dfeeab4ee6edded39ffd48e25858637e4765810300227e?s=96&d=mm&r=g","caption":"Developer"},"url":"https:\/\/qtmm.org\/qt\/author\/Developer\/"}]}},"_links":{"self":[{"href":"https:\/\/qtmm.org\/qt\/wp-json\/wp\/v2\/posts\/30236","targetHints":{"allow":["GET"]}}],"collection":[{"href":"https:\/\/qtmm.org\/qt\/wp-json\/wp\/v2\/posts"}],"about":[{"href":"https:\/\/qtmm.org\/qt\/wp-json\/wp\/v2\/types\/post"}],"author":[{"embeddable":true,"href":"https:\/\/qtmm.org\/qt\/wp-json\/wp\/v2\/users\/1"}],"replies":[{"embeddable":true,"href":"https:\/\/qtmm.org\/qt\/wp-json\/wp\/v2\/comments?post=30236"}],"version-history":[{"count":1,"href":"https:\/\/qtmm.org\/qt\/wp-json\/wp\/v2\/posts\/30236\/revisions"}],"predecessor-version":[{"id":30301,"href":"https:\/\/qtmm.org\/qt\/wp-json\/wp\/v2\/posts\/30236\/revisions\/30301"}],"wp:featuredmedia":[{"embeddable":true,"href":"https:\/\/qtmm.org\/qt\/wp-json\/wp\/v2\/media\/30245"}],"wp:attachment":[{"href":"https:\/\/qtmm.org\/qt\/wp-json\/wp\/v2\/media?parent=30236"}],"wp:term":[{"taxonomy":"category","embeddable":true,"href":"https:\/\/qtmm.org\/qt\/wp-json\/wp\/v2\/categories?post=30236"},{"taxonomy":"post_tag","embeddable":true,"href":"https:\/\/qtmm.org\/qt\/wp-json\/wp\/v2\/tags?post=30236"}],"curies":[{"name":"wp","href":"https:\/\/api.w.org\/{rel}","templated":true}]}}