




{"id":30234,"date":"2012-04-18T18:14:00","date_gmt":"2012-04-18T15:14:00","guid":{"rendered":"http:\/\/qtmm.org\/?p=30234"},"modified":"2022-01-21T18:15:08","modified_gmt":"2022-01-21T15:15:08","slug":"meclis-reisi-mustafa-cemilevge-turk-ocaqlari-mukafati-berildi","status":"publish","type":"post","link":"https:\/\/qtmm.org\/qt\/meclis-reisi-mustafa-cemilevge-turk-ocaqlari-mukafati-berildi\/","title":{"rendered":"Meclis reisi Mustafa Cemilevge \u00abT\u00fcrk ocaqlar\u0131\u00bb muk\u00e2fat\u0131 berildi"},"content":{"rendered":"\n<p>2012 senesi aprel 18 k\u00fcn\u00fc Q\u0131r\u0131m Nazirler \u015furas\u0131n\u0131\u00f1 reisi Anatoliy Mogil\u00f6v reberliginde Q\u0131r\u0131m eyyetini\u00f1 T\u00fcrkiye Cumhuriyeti T\u0131\u015fq\u0131 i\u015fler naziri Ahmet Davuto\u011flunen resmiy k\u00f6r\u00fc\u015f\u00fcvi yek\u00fcnlengen so\u00f1 s\u00f6yle\u015f\u00fcvlerde i\u015ftirak etken Q\u0131r\u0131m t\u00fcrkleri medeniyet ve yard\u0131mla\u015fuv dernegini\u00f1 Anqaradaki umumiy merkezi idaresini\u00f1 azas\u0131 Murtaza Essenkal Meclis reisi Mustafa Cemilevge \u011ealip Erden ad\u0131na &#8220;T\u00fcrk Ocaklar\u0131&#8221; muk\u00e2fat\u0131n\u0131 taqdim etti.<\/p>\n\n\n\n<p>Belli kit, Mustafa Cemilev ve t\u00fcrk\u015f\u0131nas professor Cevat Heyyetni (\u0130ran) mezk\u00fcr muk\u00e2fatnen taqdirlev aqq\u0131nda qarar &#8220;T\u00fcrk ocaqlar\u0131&#8221;n\u0131\u00f1 bu sene aprel 14-te Anqarada Medeniyet ve turizm nazirligini\u00f1 saray\u0131nda ol\u0131p ke\u00e7ken 42-nci qurultay\u0131nda il\u00e2n etilgen edi.<\/p>\n","protected":false},"excerpt":{"rendered":"<p>2012 senesi aprel 18 k\u00fcn\u00fc Q\u0131r\u0131m Nazirler \u015furas\u0131n\u0131\u00f1 reisi Anatoliy Mogil\u00f6v reberliginde Q\u0131r\u0131m eyyetini\u00f1 T\u00fcrkiye Cumhuriyeti T\u0131\u015fq\u0131 i\u015fler naziri Ahmet Davuto\u011flunen resmiy k\u00f6r\u00fc\u015f\u00fcvi yek\u00fcnlengen so\u00f1 s\u00f6yle\u015f\u00fcvlerde i\u015ftirak etken Q\u0131r\u0131m t\u00fcrkleri medeniyet ve yard\u0131mla\u015fuv dernegini\u00f1 Anqaradaki umumiy merkezi idaresini\u00f1 azas\u0131 Murtaza Essenkal Meclis reisi Mustafa Cemilevge \u011ealip Erden ad\u0131na &#8220;T\u00fcrk Ocaklar\u0131&#8221; muk\u00e2fat\u0131n\u0131 taqdim etti. Belli kit, [&hellip;]<\/p>\n","protected":false},"author":1,"featured_media":0,"comment_status":"open","ping_status":"open","sticky":false,"template":"","format":"standard","meta":{"inline_featured_image":false,"footnotes":""},"categories":[265],"tags":[],"class_list":["post-30234","post","type-post","status-publish","format-standard","hentry","category-haberler"],"acf":[],"yoast_head":"<!-- This site is optimized with the Yoast SEO plugin v27.4 - https:\/\/yoast.com\/product\/yoast-seo-wordpress\/ -->\n<title>Meclis reisi Mustafa Cemilevge \u00abT\u00fcrk ocaqlar\u0131\u00bb muk\u00e2fat\u0131 berildi - \u041c\u0435\u0434\u0436\u043b\u0456\u0441<\/title>\n<meta name=\"robots\" content=\"index, follow, max-snippet:-1, max-image-preview:large, max-video-preview:-1\" \/>\n<link rel=\"canonical\" href=\"https:\/\/qtmm.org\/qt\/meclis-reisi-mustafa-cemilevge-turk-ocaqlari-mukafati-berildi\/\" \/>\n<meta property=\"og:locale\" content=\"en_US\" \/>\n<meta property=\"og:type\" content=\"article\" \/>\n<meta property=\"og:title\" content=\"Meclis reisi Mustafa Cemilevge \u00abT\u00fcrk ocaqlar\u0131\u00bb muk\u00e2fat\u0131 berildi - \u041c\u0435\u0434\u0436\u043b\u0456\u0441\" \/>\n<meta property=\"og:description\" content=\"2012 senesi aprel 18 k\u00fcn\u00fc Q\u0131r\u0131m Nazirler \u015furas\u0131n\u0131\u00f1 reisi Anatoliy Mogil\u00f6v reberliginde Q\u0131r\u0131m eyyetini\u00f1 T\u00fcrkiye Cumhuriyeti T\u0131\u015fq\u0131 i\u015fler naziri Ahmet Davuto\u011flunen resmiy k\u00f6r\u00fc\u015f\u00fcvi yek\u00fcnlengen so\u00f1 s\u00f6yle\u015f\u00fcvlerde i\u015ftirak etken Q\u0131r\u0131m t\u00fcrkleri medeniyet ve yard\u0131mla\u015fuv dernegini\u00f1 Anqaradaki umumiy merkezi idaresini\u00f1 azas\u0131 Murtaza Essenkal Meclis reisi Mustafa Cemilevge \u011ealip Erden ad\u0131na &#8220;T\u00fcrk Ocaklar\u0131&#8221; muk\u00e2fat\u0131n\u0131 taqdim etti. Belli kit, [&hellip;]\" \/>\n<meta property=\"og:url\" content=\"https:\/\/qtmm.org\/qt\/meclis-reisi-mustafa-cemilevge-turk-ocaqlari-mukafati-berildi\/\" \/>\n<meta property=\"og:site_name\" content=\"\u041c\u0435\u0434\u0436\u043b\u0456\u0441\" \/>\n<meta property=\"article:publisher\" content=\"https:\/\/www.facebook.com\/qtmm.info\/\" \/>\n<meta property=\"article:published_time\" content=\"2012-04-18T15:14:00+00:00\" \/>\n<meta property=\"article:modified_time\" content=\"2022-01-21T15:15:08+00:00\" \/>\n<meta name=\"author\" content=\"Developer\" \/>\n<meta name=\"twitter:card\" content=\"summary_large_image\" \/>\n<meta name=\"twitter:label1\" content=\"Written by\" \/>\n\t<meta name=\"twitter:data1\" content=\"Developer\" \/>\n\t<meta name=\"twitter:label2\" content=\"Est. reading time\" \/>\n\t<meta name=\"twitter:data2\" content=\"1 minute\" \/>\n<script type=\"application\/ld+json\" class=\"yoast-schema-graph\">{\"@context\":\"https:\\\/\\\/schema.org\",\"@graph\":[{\"@type\":\"Article\",\"@id\":\"https:\\\/\\\/qtmm.org\\\/qt\\\/meclis-reisi-mustafa-cemilevge-turk-ocaqlari-mukafati-berildi\\\/#article\",\"isPartOf\":{\"@id\":\"https:\\\/\\\/qtmm.org\\\/qt\\\/meclis-reisi-mustafa-cemilevge-turk-ocaqlari-mukafati-berildi\\\/\"},\"author\":{\"name\":\"Developer\",\"@id\":\"https:\\\/\\\/qtmm.org\\\/qt\\\/#\\\/schema\\\/person\\\/de562469f971dec226ac06e60bbf74a7\"},\"headline\":\"Meclis reisi Mustafa Cemilevge \u00abT\u00fcrk ocaqlar\u0131\u00bb muk\u00e2fat\u0131 berildi\",\"datePublished\":\"2012-04-18T15:14:00+00:00\",\"dateModified\":\"2022-01-21T15:15:08+00:00\",\"mainEntityOfPage\":{\"@id\":\"https:\\\/\\\/qtmm.org\\\/qt\\\/meclis-reisi-mustafa-cemilevge-turk-ocaqlari-mukafati-berildi\\\/\"},\"wordCount\":133,\"commentCount\":0,\"publisher\":{\"@id\":\"https:\\\/\\\/qtmm.org\\\/qt\\\/#organization\"},\"articleSection\":[\"Haberler\"],\"inLanguage\":\"qt\",\"potentialAction\":[{\"@type\":\"CommentAction\",\"name\":\"Comment\",\"target\":[\"https:\\\/\\\/qtmm.org\\\/qt\\\/meclis-reisi-mustafa-cemilevge-turk-ocaqlari-mukafati-berildi\\\/#respond\"]}]},{\"@type\":\"WebPage\",\"@id\":\"https:\\\/\\\/qtmm.org\\\/qt\\\/meclis-reisi-mustafa-cemilevge-turk-ocaqlari-mukafati-berildi\\\/\",\"url\":\"https:\\\/\\\/qtmm.org\\\/qt\\\/meclis-reisi-mustafa-cemilevge-turk-ocaqlari-mukafati-berildi\\\/\",\"name\":\"Meclis reisi Mustafa Cemilevge \u00abT\u00fcrk ocaqlar\u0131\u00bb muk\u00e2fat\u0131 berildi - \u041c\u0435\u0434\u0436\u043b\u0456\u0441\",\"isPartOf\":{\"@id\":\"https:\\\/\\\/qtmm.org\\\/qt\\\/#website\"},\"datePublished\":\"2012-04-18T15:14:00+00:00\",\"dateModified\":\"2022-01-21T15:15:08+00:00\",\"breadcrumb\":{\"@id\":\"https:\\\/\\\/qtmm.org\\\/qt\\\/meclis-reisi-mustafa-cemilevge-turk-ocaqlari-mukafati-berildi\\\/#breadcrumb\"},\"inLanguage\":\"qt\",\"potentialAction\":[{\"@type\":\"ReadAction\",\"target\":[\"https:\\\/\\\/qtmm.org\\\/qt\\\/meclis-reisi-mustafa-cemilevge-turk-ocaqlari-mukafati-berildi\\\/\"]}]},{\"@type\":\"BreadcrumbList\",\"@id\":\"https:\\\/\\\/qtmm.org\\\/qt\\\/meclis-reisi-mustafa-cemilevge-turk-ocaqlari-mukafati-berildi\\\/#breadcrumb\",\"itemListElement\":[{\"@type\":\"ListItem\",\"position\":1,\"name\":\"\u0413\u043e\u043b\u043e\u0432\u043d\u0430\",\"item\":\"https:\\\/\\\/qtmm.org\\\/qt\\\/\"},{\"@type\":\"ListItem\",\"position\":2,\"name\":\"Meclis reisi Mustafa Cemilevge \u00abT\u00fcrk ocaqlar\u0131\u00bb muk\u00e2fat\u0131 berildi\"}]},{\"@type\":\"WebSite\",\"@id\":\"https:\\\/\\\/qtmm.org\\\/qt\\\/#website\",\"url\":\"https:\\\/\\\/qtmm.org\\\/qt\\\/\",\"name\":\"\u041c\u0435\u0434\u0436\u043b\u0456\u0441\",\"description\":\"\",\"publisher\":{\"@id\":\"https:\\\/\\\/qtmm.org\\\/qt\\\/#organization\"},\"potentialAction\":[{\"@type\":\"SearchAction\",\"target\":{\"@type\":\"EntryPoint\",\"urlTemplate\":\"https:\\\/\\\/qtmm.org\\\/qt\\\/?s={search_term_string}\"},\"query-input\":{\"@type\":\"PropertyValueSpecification\",\"valueRequired\":true,\"valueName\":\"search_term_string\"}}],\"inLanguage\":\"qt\"},{\"@type\":\"Organization\",\"@id\":\"https:\\\/\\\/qtmm.org\\\/qt\\\/#organization\",\"name\":\"\u041c\u0435\u0434\u0436\u043b\u0456\u0441\",\"url\":\"https:\\\/\\\/qtmm.org\\\/qt\\\/\",\"logo\":{\"@type\":\"ImageObject\",\"inLanguage\":\"qt\",\"@id\":\"https:\\\/\\\/qtmm.org\\\/qt\\\/#\\\/schema\\\/logo\\\/image\\\/\",\"url\":\"https:\\\/\\\/qtmm.org\\\/wp-content\\\/uploads\\\/2024\\\/12\\\/ua-mejlis-logo-rgb.svg\",\"contentUrl\":\"https:\\\/\\\/qtmm.org\\\/wp-content\\\/uploads\\\/2024\\\/12\\\/ua-mejlis-logo-rgb.svg\",\"caption\":\"\u041c\u0435\u0434\u0436\u043b\u0456\u0441\"},\"image\":{\"@id\":\"https:\\\/\\\/qtmm.org\\\/qt\\\/#\\\/schema\\\/logo\\\/image\\\/\"},\"sameAs\":[\"https:\\\/\\\/www.facebook.com\\\/qtmm.info\\\/\"]},{\"@type\":\"Person\",\"@id\":\"https:\\\/\\\/qtmm.org\\\/qt\\\/#\\\/schema\\\/person\\\/de562469f971dec226ac06e60bbf74a7\",\"name\":\"Developer\",\"image\":{\"@type\":\"ImageObject\",\"inLanguage\":\"qt\",\"@id\":\"https:\\\/\\\/secure.gravatar.com\\\/avatar\\\/392b4cc8fbfeb00b39dfeeab4ee6edded39ffd48e25858637e4765810300227e?s=96&d=mm&r=g\",\"url\":\"https:\\\/\\\/secure.gravatar.com\\\/avatar\\\/392b4cc8fbfeb00b39dfeeab4ee6edded39ffd48e25858637e4765810300227e?s=96&d=mm&r=g\",\"contentUrl\":\"https:\\\/\\\/secure.gravatar.com\\\/avatar\\\/392b4cc8fbfeb00b39dfeeab4ee6edded39ffd48e25858637e4765810300227e?s=96&d=mm&r=g\",\"caption\":\"Developer\"},\"url\":\"https:\\\/\\\/qtmm.org\\\/qt\\\/author\\\/Developer\\\/\"}]}<\/script>\n<!-- \/ Yoast SEO plugin. -->","yoast_head_json":{"title":"Meclis reisi Mustafa Cemilevge \u00abT\u00fcrk ocaqlar\u0131\u00bb muk\u00e2fat\u0131 berildi - \u041c\u0435\u0434\u0436\u043b\u0456\u0441","robots":{"index":"index","follow":"follow","max-snippet":"max-snippet:-1","max-image-preview":"max-image-preview:large","max-video-preview":"max-video-preview:-1"},"canonical":"https:\/\/qtmm.org\/qt\/meclis-reisi-mustafa-cemilevge-turk-ocaqlari-mukafati-berildi\/","og_locale":"en_US","og_type":"article","og_title":"Meclis reisi Mustafa Cemilevge \u00abT\u00fcrk ocaqlar\u0131\u00bb muk\u00e2fat\u0131 berildi - \u041c\u0435\u0434\u0436\u043b\u0456\u0441","og_description":"2012 senesi aprel 18 k\u00fcn\u00fc Q\u0131r\u0131m Nazirler \u015furas\u0131n\u0131\u00f1 reisi Anatoliy Mogil\u00f6v reberliginde Q\u0131r\u0131m eyyetini\u00f1 T\u00fcrkiye Cumhuriyeti T\u0131\u015fq\u0131 i\u015fler naziri Ahmet Davuto\u011flunen resmiy k\u00f6r\u00fc\u015f\u00fcvi yek\u00fcnlengen so\u00f1 s\u00f6yle\u015f\u00fcvlerde i\u015ftirak etken Q\u0131r\u0131m t\u00fcrkleri medeniyet ve yard\u0131mla\u015fuv dernegini\u00f1 Anqaradaki umumiy merkezi idaresini\u00f1 azas\u0131 Murtaza Essenkal Meclis reisi Mustafa Cemilevge \u011ealip Erden ad\u0131na &#8220;T\u00fcrk Ocaklar\u0131&#8221; muk\u00e2fat\u0131n\u0131 taqdim etti. Belli kit, [&hellip;]","og_url":"https:\/\/qtmm.org\/qt\/meclis-reisi-mustafa-cemilevge-turk-ocaqlari-mukafati-berildi\/","og_site_name":"\u041c\u0435\u0434\u0436\u043b\u0456\u0441","article_publisher":"https:\/\/www.facebook.com\/qtmm.info\/","article_published_time":"2012-04-18T15:14:00+00:00","article_modified_time":"2022-01-21T15:15:08+00:00","author":"Developer","twitter_card":"summary_large_image","twitter_misc":{"Written by":"Developer","Est. reading time":"1 minute"},"schema":{"@context":"https:\/\/schema.org","@graph":[{"@type":"Article","@id":"https:\/\/qtmm.org\/qt\/meclis-reisi-mustafa-cemilevge-turk-ocaqlari-mukafati-berildi\/#article","isPartOf":{"@id":"https:\/\/qtmm.org\/qt\/meclis-reisi-mustafa-cemilevge-turk-ocaqlari-mukafati-berildi\/"},"author":{"name":"Developer","@id":"https:\/\/qtmm.org\/qt\/#\/schema\/person\/de562469f971dec226ac06e60bbf74a7"},"headline":"Meclis reisi Mustafa Cemilevge \u00abT\u00fcrk ocaqlar\u0131\u00bb muk\u00e2fat\u0131 berildi","datePublished":"2012-04-18T15:14:00+00:00","dateModified":"2022-01-21T15:15:08+00:00","mainEntityOfPage":{"@id":"https:\/\/qtmm.org\/qt\/meclis-reisi-mustafa-cemilevge-turk-ocaqlari-mukafati-berildi\/"},"wordCount":133,"commentCount":0,"publisher":{"@id":"https:\/\/qtmm.org\/qt\/#organization"},"articleSection":["Haberler"],"inLanguage":"qt","potentialAction":[{"@type":"CommentAction","name":"Comment","target":["https:\/\/qtmm.org\/qt\/meclis-reisi-mustafa-cemilevge-turk-ocaqlari-mukafati-berildi\/#respond"]}]},{"@type":"WebPage","@id":"https:\/\/qtmm.org\/qt\/meclis-reisi-mustafa-cemilevge-turk-ocaqlari-mukafati-berildi\/","url":"https:\/\/qtmm.org\/qt\/meclis-reisi-mustafa-cemilevge-turk-ocaqlari-mukafati-berildi\/","name":"Meclis reisi Mustafa Cemilevge \u00abT\u00fcrk ocaqlar\u0131\u00bb muk\u00e2fat\u0131 berildi - \u041c\u0435\u0434\u0436\u043b\u0456\u0441","isPartOf":{"@id":"https:\/\/qtmm.org\/qt\/#website"},"datePublished":"2012-04-18T15:14:00+00:00","dateModified":"2022-01-21T15:15:08+00:00","breadcrumb":{"@id":"https:\/\/qtmm.org\/qt\/meclis-reisi-mustafa-cemilevge-turk-ocaqlari-mukafati-berildi\/#breadcrumb"},"inLanguage":"qt","potentialAction":[{"@type":"ReadAction","target":["https:\/\/qtmm.org\/qt\/meclis-reisi-mustafa-cemilevge-turk-ocaqlari-mukafati-berildi\/"]}]},{"@type":"BreadcrumbList","@id":"https:\/\/qtmm.org\/qt\/meclis-reisi-mustafa-cemilevge-turk-ocaqlari-mukafati-berildi\/#breadcrumb","itemListElement":[{"@type":"ListItem","position":1,"name":"\u0413\u043e\u043b\u043e\u0432\u043d\u0430","item":"https:\/\/qtmm.org\/qt\/"},{"@type":"ListItem","position":2,"name":"Meclis reisi Mustafa Cemilevge \u00abT\u00fcrk ocaqlar\u0131\u00bb muk\u00e2fat\u0131 berildi"}]},{"@type":"WebSite","@id":"https:\/\/qtmm.org\/qt\/#website","url":"https:\/\/qtmm.org\/qt\/","name":"\u041c\u0435\u0434\u0436\u043b\u0456\u0441","description":"","publisher":{"@id":"https:\/\/qtmm.org\/qt\/#organization"},"potentialAction":[{"@type":"SearchAction","target":{"@type":"EntryPoint","urlTemplate":"https:\/\/qtmm.org\/qt\/?s={search_term_string}"},"query-input":{"@type":"PropertyValueSpecification","valueRequired":true,"valueName":"search_term_string"}}],"inLanguage":"qt"},{"@type":"Organization","@id":"https:\/\/qtmm.org\/qt\/#organization","name":"\u041c\u0435\u0434\u0436\u043b\u0456\u0441","url":"https:\/\/qtmm.org\/qt\/","logo":{"@type":"ImageObject","inLanguage":"qt","@id":"https:\/\/qtmm.org\/qt\/#\/schema\/logo\/image\/","url":"https:\/\/qtmm.org\/wp-content\/uploads\/2024\/12\/ua-mejlis-logo-rgb.svg","contentUrl":"https:\/\/qtmm.org\/wp-content\/uploads\/2024\/12\/ua-mejlis-logo-rgb.svg","caption":"\u041c\u0435\u0434\u0436\u043b\u0456\u0441"},"image":{"@id":"https:\/\/qtmm.org\/qt\/#\/schema\/logo\/image\/"},"sameAs":["https:\/\/www.facebook.com\/qtmm.info\/"]},{"@type":"Person","@id":"https:\/\/qtmm.org\/qt\/#\/schema\/person\/de562469f971dec226ac06e60bbf74a7","name":"Developer","image":{"@type":"ImageObject","inLanguage":"qt","@id":"https:\/\/secure.gravatar.com\/avatar\/392b4cc8fbfeb00b39dfeeab4ee6edded39ffd48e25858637e4765810300227e?s=96&d=mm&r=g","url":"https:\/\/secure.gravatar.com\/avatar\/392b4cc8fbfeb00b39dfeeab4ee6edded39ffd48e25858637e4765810300227e?s=96&d=mm&r=g","contentUrl":"https:\/\/secure.gravatar.com\/avatar\/392b4cc8fbfeb00b39dfeeab4ee6edded39ffd48e25858637e4765810300227e?s=96&d=mm&r=g","caption":"Developer"},"url":"https:\/\/qtmm.org\/qt\/author\/Developer\/"}]}},"_links":{"self":[{"href":"https:\/\/qtmm.org\/qt\/wp-json\/wp\/v2\/posts\/30234","targetHints":{"allow":["GET"]}}],"collection":[{"href":"https:\/\/qtmm.org\/qt\/wp-json\/wp\/v2\/posts"}],"about":[{"href":"https:\/\/qtmm.org\/qt\/wp-json\/wp\/v2\/types\/post"}],"author":[{"embeddable":true,"href":"https:\/\/qtmm.org\/qt\/wp-json\/wp\/v2\/users\/1"}],"replies":[{"embeddable":true,"href":"https:\/\/qtmm.org\/qt\/wp-json\/wp\/v2\/comments?post=30234"}],"version-history":[{"count":1,"href":"https:\/\/qtmm.org\/qt\/wp-json\/wp\/v2\/posts\/30234\/revisions"}],"predecessor-version":[{"id":30235,"href":"https:\/\/qtmm.org\/qt\/wp-json\/wp\/v2\/posts\/30234\/revisions\/30235"}],"wp:attachment":[{"href":"https:\/\/qtmm.org\/qt\/wp-json\/wp\/v2\/media?parent=30234"}],"wp:term":[{"taxonomy":"category","embeddable":true,"href":"https:\/\/qtmm.org\/qt\/wp-json\/wp\/v2\/categories?post=30234"},{"taxonomy":"post_tag","embeddable":true,"href":"https:\/\/qtmm.org\/qt\/wp-json\/wp\/v2\/tags?post=30234"}],"curies":[{"name":"wp","href":"https:\/\/api.w.org\/{rel}","templated":true}]}}