




{"id":30224,"date":"2012-04-18T18:12:00","date_gmt":"2012-04-18T15:12:00","guid":{"rendered":"http:\/\/qtmm.org\/?p=30224"},"modified":"2022-01-21T18:13:58","modified_gmt":"2022-01-21T15:13:58","slug":"meclis-reisi-mustafa-cemilev-frenkistannin-ukrainada-vefqulade-elcisi-alen-remi-ile-korusti","status":"publish","type":"post","link":"https:\/\/qtmm.org\/qt\/meclis-reisi-mustafa-cemilev-frenkistannin-ukrainada-vefqulade-elcisi-alen-remi-ile-korusti\/","title":{"rendered":"Meclis reisi Mustafa Cemilev Frenkistann\u0131\u00f1 Ukrainada Vefqulade el\u00e7isi Alen Remi ile k\u00f6r\u00fc\u015fti"},"content":{"rendered":"\n<p>Ke\u00e7ken aftan\u0131\u00f1 so\u00f1unda Kiyevde Q\u0131r\u0131mtatar halq\u0131 Meclisini\u00f1 reisi, Ukraina halq deputat\u0131 Mustafa Cemilevni\u00f1 Frenkistann\u0131\u00f1 Ukraianada Vefqulade el\u00e7isi Alen Remi ile resmiy k\u00f6r\u00fc\u015f\u00fcvi ol\u0131p ke\u00e7ti.<\/p>\n\n\n\n<p>Frenkistann\u0131\u00f1 Ukrainada El\u00e7ihanesini\u00f1 birinci k\u00e2tibi Eman\u00fcyel Berar ve Meclis reisini\u00f1 Frenkistanda temsilcisi G\u00fcliver Altinni\u00f1 i\u015ftirakinde Frenkistan el\u00e7isini\u00f1 ofisinde ke\u00e7ken bu k\u00f6r\u00fc\u015f\u00fcvde Ukrainadaki siyasiy- i\u00e7timaiy vaziyet, Ukraina ve Q\u0131r\u0131m muhtar Cumhuriyeti akimlerini\u00f1 q\u0131r\u0131mtatar halq\u0131n\u0131\u00f1 meselelerine munasebeti muzakere etildi.<\/p>\n\n\n\n<p>Frenkistan el\u00e7isi Alen Remi q\u0131r\u0131mtatar halq\u0131 meselesini\u00f1 \u00e7ezimine Ukraina \u00fck\u00fcmetini\u00f1 qoltutuv\u0131, Q\u0131r\u0131mtatar halq\u0131n\u0131\u00f1 Meclisi ve Ukraina Prezidenti aras\u0131nda dialog seviyesi, ve bun\u0131\u00f1 kibi de Q\u0131r\u0131m Nazirler \u015euras\u0131 reisinen munasebetlernen meraqland\u0131.<\/p>\n\n\n\n<p>\u00d6z nevbetinde Meclis reisi Ukraina ve q\u0131r\u0131mtatarlar\u0131n\u0131\u00f1 \u00f6zbara munasebetleri, topraq, milliy tasil, medeniyet saas\u0131nda \u00e7ezilmegen bir s\u0131ra problemler aqq\u0131nda ik\u00e2ye etti.&nbsp;<br>K\u00f6r\u00fc\u015f\u00fcv i\u015ftirak\u00e7ileri Q\u0131r\u0131mtatar halq\u0131n\u0131\u00f1 \u00f6z Vatanda aq-uquqlar\u0131n\u0131 \u011fayr\u0131dan tiklev, on\u0131\u00f1 Ukrainada tel\u00fckesizligi ve inki\u015faf\u0131 meseleleri boyunca halqara forumn\u0131\u00f1 ke\u00e7irilmesine az\u0131rl\u0131q boyunca fikir payla\u015ft\u0131lar.&nbsp;<\/p>\n\n\n\n<p>Frenkistan el\u00e7isi bun\u0131\u00f1 kibi de q\u0131r\u0131mtatar halq\u0131n\u0131\u00f1 siyasiy sistemi, organlar\u0131n\u0131\u00f1 da qurum\u0131, Qurultay\u011fa saylav tertibi ve olacaq saylavlar meraqland\u0131rd\u0131.&nbsp;<\/p>\n\n\n\n<p>Taraflar medeniyet saas\u0131nda emekda\u015fl\u0131q husus\u0131nda a\u00f1la\u015ft\u0131lar. Q\u0131r\u0131m ve frenkistanl\u0131larn\u0131\u00f1 \u00e7oqas\u0131rl\u0131q al\u00e2qalar\u0131n\u0131 qayd etken Mustafa Cemilev Ba\u011f\u00e7asarayda &#8220;Q\u0131r\u0131mda Frenkistan konsul\u0131n\u0131\u00f1 evi&#8221; degen m\u00fczey ve medeniy merkez a\u00e7maqn\u0131 teklif etti.&nbsp;<\/p>\n\n\n\n<p>Meclis reisini\u00f1 Frenkistandaki temsilcisi G\u00fclliver Altin teklif olun\u011fan leyhan\u0131 tafsil\u00e2tl\u0131ca taqdim etti. &#8220;Q\u0131r\u0131mda Frenkistan konsul\u0131n\u0131\u00f1 evi&#8221; q\u0131r\u0131mtatarlar ve frenkistanl\u0131larn\u0131\u00f1 \u00e7oqas\u0131rl\u0131q medeniy al\u00e2qalar\u0131n\u0131 m\u00fczey ve arhiv vesiqalar\u0131 esas\u0131nda k\u00f6sterecek m\u00fczey ve medeniy merkez olur.&nbsp;<\/p>\n\n\n\n<p>M\u00fczeyni\u00f1 ekspozitsiyas\u0131 Frenkistan ve Q\u0131r\u0131m aras\u0131nda diplomatik munasebetlerni, bun\u0131\u00f1 kibi de Frenkistan ve q\u0131r\u0131mtatarlarn\u0131\u00f1 bug\u00fcnki ba\u011flar\u0131n\u0131 aks ettire. Ekspozitsiyan\u0131\u00f1 esas mevzular\u0131: frenkistanl\u0131 seyahat\u00e7\u0131lar Q\u0131r\u0131mda (XIII-XVIIIas\u0131rlar), Frenkistan q\u0131rall\u0131\u011f\u0131 ve Q\u0131r\u0131m hanl\u0131\u011f\u0131n\u0131\u00f1 diplomatik al\u00e2qalar\u0131, Q\u0131r\u0131m i\u015f\u011falinden so\u00f1ra frenkistanl\u0131 el\u00e7ilerni\u00f1 Q\u0131r\u0131m\u011fa ziyaretleri, frenkistan diplomatiyas\u0131 ve ticareti i\u00e7\u00fcn q\u0131r\u0131mtatar tilini\u00f1 m\u00fcimligi (1795 senesi mart 30-da qabul etilgen parlament qanun\u0131) Frenkistan ve Q\u0131r\u0131m XIX-nc\u0131 as\u0131rda (Napoleonn\u0131\u00f1 1812 senesi q\u0131r\u0131mtatarlar ve ukrain kazaklarn\u0131n\u0131\u00f1 devletini qurmaq boyunca plan\u0131), 1812 senesi Frenkistan ve Rusiye cenkinde q\u0131r\u0131mtatarlarn\u0131\u00f1 i\u015ftiraki Q\u0131r\u0131m cenkinde (1853-1856 ss) Frenkistan ve q\u0131r\u0131mtatarlarn\u0131\u00f1 rol\u00fc, XVIII as\u0131rlarn\u0131\u00f1 ba\u015f\u0131 ve XX as\u0131rda frenkistanl\u0131larn\u0131\u00f1 Q\u0131r\u0131m\u011fa k\u00f6\u00e7\u00fcvi, q\u0131r\u0131mtatarlar Frenkistanda (\u0130smail Gasprinskiy, Cafer Seydamet ve digerleri.), q\u0131r\u0131mtatar ressam\u0131 \u011eaz\u0131 Le Tatarn\u0131\u00f1 Frenkistan tasviriy sanat\u0131n\u0131\u00f1 tarih\u0131nda yeri, q\u0131r\u0131mtatarlarn\u0131\u00f1 1925 senesi Parij sergisinde i\u015ftiraki, Frenkistandaki q\u0131r\u0131mtatarlarn\u0131\u00f1 tarih\u0131n\u0131 ilmiy ceetten \u00f6gren\u00fcv, Frenkistandaki m\u00fczey fondlar\u0131nda q\u0131r\u0131mtatarlarn\u0131\u00f1 tarih\u0131 ve medeniyetine dair \u015feyleri, Q\u0131r\u0131mtatar m\u00fczeyinde frenkistanl\u0131lar tarih\u0131 ve medeniyetine ait nesneler., q\u0131r\u0131mtatar halq\u0131 milliy areketi aqq\u0131nda Frenkistan matbuat\u0131nda bas\u0131l\u011fan maqaleler.&nbsp;<\/p>\n\n\n\n<p>&#8220;Lari\u015fes&#8221; Q\u0131r\u0131m tarihiy m\u00fczeyinde meydan\u011fa ketirilecek M\u00fczeyni\u00f1 te\u015fkil\u00e2t\u00e7\u0131lar\u0131 &#8220;Frenkistan-Q\u0131r\u0131m&#8221; birle\u015fmesi (Lion \u015f, Frenkistan) ve Frenkistanl\u0131lar Q\u0131r\u0131m cemiyeti (Aqmescit \u015f, Ukraina).&nbsp;<\/p>\n\n\n\n<p>Bun\u0131\u00f1 kibi de G\u00fcliver Altin &#8220;Lari\u015fes&#8221; Q\u0131r\u0131m tarihiy m\u00fczeyini\u00f1 faaliyeti aqq\u0131nda ik\u00e2ye etti. Mustafa Cemilev ise Meclis mezk\u00fcr m\u00fczeyni\u00f1 i\u015fine qoltutqan\u0131, kollektsiyan\u0131 g\u00fcmr\u00fckten ke\u00e7ir\u00fcvde yard\u0131mc\u0131 ol\u011fan\u0131n\u0131 aytt\u0131. Frenkistan el\u00e7isi bu meselelerni al etmege olar da yard\u0131m etecegini i\u015fand\u0131rd\u0131.&nbsp;<\/p>\n\n\n\n<p>K\u00f6r\u00fc\u015f\u00fcvni\u00f1 so\u00f1unda Mustafa Cemilev tarih\u00e7\u0131 ve \u015fair Halim Gerayn\u0131\u00f1 Q\u0131r\u0131m hanl\u0131\u011f\u0131n\u0131\u00f1 tarih\u0131 aqq\u0131nda frenk tiline tercime etilgen &#8220;G\u00fclbuni hanan&#8221; adl\u0131 kitab\u0131n\u0131 ediye etti.\u00a0<\/p>\n\n\n\n<figure class=\"wp-block-image size-full\"><img loading=\"lazy\" decoding=\"async\" width=\"650\" height=\"450\" src=\"http:\/\/qtmm.org\/wp-content\/uploads\/2022\/01\/2_32-1.jpeg\" alt=\"\" class=\"wp-image-30229\" srcset=\"https:\/\/qtmm.org\/wp-content\/uploads\/2022\/01\/2_32-1.jpeg 650w, https:\/\/qtmm.org\/wp-content\/uploads\/2022\/01\/2_32-1-300x208.jpeg 300w\" sizes=\"auto, (max-width: 650px) 100vw, 650px\" \/><\/figure>\n","protected":false},"excerpt":{"rendered":"<p>Ke\u00e7ken aftan\u0131\u00f1 so\u00f1unda Kiyevde Q\u0131r\u0131mtatar halq\u0131 Meclisini\u00f1 reisi, Ukraina halq deputat\u0131 Mustafa Cemilevni\u00f1 Frenkistann\u0131\u00f1 Ukraianada Vefqulade el\u00e7isi Alen Remi ile resmiy k\u00f6r\u00fc\u015f\u00fcvi ol\u0131p ke\u00e7ti. Frenkistann\u0131\u00f1 Ukrainada El\u00e7ihanesini\u00f1 birinci k\u00e2tibi Eman\u00fcyel Berar ve Meclis reisini\u00f1 Frenkistanda temsilcisi G\u00fcliver Altinni\u00f1 i\u015ftirakinde Frenkistan el\u00e7isini\u00f1 ofisinde ke\u00e7ken bu k\u00f6r\u00fc\u015f\u00fcvde Ukrainadaki siyasiy- i\u00e7timaiy vaziyet, Ukraina ve Q\u0131r\u0131m muhtar Cumhuriyeti akimlerini\u00f1 [&hellip;]<\/p>\n","protected":false},"author":1,"featured_media":30225,"comment_status":"open","ping_status":"open","sticky":false,"template":"","format":"standard","meta":{"inline_featured_image":false,"footnotes":""},"categories":[265],"tags":[],"class_list":["post-30224","post","type-post","status-publish","format-standard","has-post-thumbnail","hentry","category-haberler"],"acf":[],"yoast_head":"<!-- This site is optimized with the Yoast SEO plugin v27.4 - https:\/\/yoast.com\/product\/yoast-seo-wordpress\/ -->\n<title>Meclis reisi Mustafa Cemilev Frenkistann\u0131\u00f1 Ukrainada Vefqulade el\u00e7isi Alen Remi ile k\u00f6r\u00fc\u015fti - \u041c\u0435\u0434\u0436\u043b\u0456\u0441<\/title>\n<meta name=\"robots\" content=\"index, follow, max-snippet:-1, max-image-preview:large, max-video-preview:-1\" \/>\n<link rel=\"canonical\" href=\"https:\/\/qtmm.org\/qt\/meclis-reisi-mustafa-cemilev-frenkistannin-ukrainada-vefqulade-elcisi-alen-remi-ile-korusti\/\" \/>\n<meta property=\"og:locale\" content=\"en_US\" \/>\n<meta property=\"og:type\" content=\"article\" \/>\n<meta property=\"og:title\" content=\"Meclis reisi Mustafa Cemilev Frenkistann\u0131\u00f1 Ukrainada Vefqulade el\u00e7isi Alen Remi ile k\u00f6r\u00fc\u015fti - \u041c\u0435\u0434\u0436\u043b\u0456\u0441\" \/>\n<meta property=\"og:description\" content=\"Ke\u00e7ken aftan\u0131\u00f1 so\u00f1unda Kiyevde Q\u0131r\u0131mtatar halq\u0131 Meclisini\u00f1 reisi, Ukraina halq deputat\u0131 Mustafa Cemilevni\u00f1 Frenkistann\u0131\u00f1 Ukraianada Vefqulade el\u00e7isi Alen Remi ile resmiy k\u00f6r\u00fc\u015f\u00fcvi ol\u0131p ke\u00e7ti. Frenkistann\u0131\u00f1 Ukrainada El\u00e7ihanesini\u00f1 birinci k\u00e2tibi Eman\u00fcyel Berar ve Meclis reisini\u00f1 Frenkistanda temsilcisi G\u00fcliver Altinni\u00f1 i\u015ftirakinde Frenkistan el\u00e7isini\u00f1 ofisinde ke\u00e7ken bu k\u00f6r\u00fc\u015f\u00fcvde Ukrainadaki siyasiy- i\u00e7timaiy vaziyet, Ukraina ve Q\u0131r\u0131m muhtar Cumhuriyeti akimlerini\u00f1 [&hellip;]\" \/>\n<meta property=\"og:url\" content=\"https:\/\/qtmm.org\/qt\/meclis-reisi-mustafa-cemilev-frenkistannin-ukrainada-vefqulade-elcisi-alen-remi-ile-korusti\/\" \/>\n<meta property=\"og:site_name\" content=\"\u041c\u0435\u0434\u0436\u043b\u0456\u0441\" \/>\n<meta property=\"article:publisher\" content=\"https:\/\/www.facebook.com\/qtmm.info\/\" \/>\n<meta property=\"article:published_time\" content=\"2012-04-18T15:12:00+00:00\" \/>\n<meta property=\"article:modified_time\" content=\"2022-01-21T15:13:58+00:00\" \/>\n<meta property=\"og:image\" content=\"https:\/\/qtmm.org\/wp-content\/uploads\/2022\/01\/1_34-1.jpeg\" \/>\n\t<meta property=\"og:image:width\" content=\"650\" \/>\n\t<meta property=\"og:image:height\" content=\"450\" \/>\n\t<meta property=\"og:image:type\" content=\"image\/jpeg\" \/>\n<meta name=\"author\" content=\"Developer\" \/>\n<meta name=\"twitter:card\" content=\"summary_large_image\" \/>\n<meta name=\"twitter:label1\" content=\"Written by\" \/>\n\t<meta name=\"twitter:data1\" content=\"Developer\" \/>\n\t<meta name=\"twitter:label2\" content=\"Est. reading time\" \/>\n\t<meta name=\"twitter:data2\" content=\"3 minutes\" \/>\n<script type=\"application\/ld+json\" class=\"yoast-schema-graph\">{\"@context\":\"https:\\\/\\\/schema.org\",\"@graph\":[{\"@type\":\"Article\",\"@id\":\"https:\\\/\\\/qtmm.org\\\/qt\\\/meclis-reisi-mustafa-cemilev-frenkistannin-ukrainada-vefqulade-elcisi-alen-remi-ile-korusti\\\/#article\",\"isPartOf\":{\"@id\":\"https:\\\/\\\/qtmm.org\\\/qt\\\/meclis-reisi-mustafa-cemilev-frenkistannin-ukrainada-vefqulade-elcisi-alen-remi-ile-korusti\\\/\"},\"author\":{\"name\":\"Developer\",\"@id\":\"https:\\\/\\\/qtmm.org\\\/qt\\\/#\\\/schema\\\/person\\\/de562469f971dec226ac06e60bbf74a7\"},\"headline\":\"Meclis reisi Mustafa Cemilev Frenkistann\u0131\u00f1 Ukrainada Vefqulade el\u00e7isi Alen Remi ile k\u00f6r\u00fc\u015fti\",\"datePublished\":\"2012-04-18T15:12:00+00:00\",\"dateModified\":\"2022-01-21T15:13:58+00:00\",\"mainEntityOfPage\":{\"@id\":\"https:\\\/\\\/qtmm.org\\\/qt\\\/meclis-reisi-mustafa-cemilev-frenkistannin-ukrainada-vefqulade-elcisi-alen-remi-ile-korusti\\\/\"},\"wordCount\":689,\"commentCount\":0,\"publisher\":{\"@id\":\"https:\\\/\\\/qtmm.org\\\/qt\\\/#organization\"},\"image\":{\"@id\":\"https:\\\/\\\/qtmm.org\\\/qt\\\/meclis-reisi-mustafa-cemilev-frenkistannin-ukrainada-vefqulade-elcisi-alen-remi-ile-korusti\\\/#primaryimage\"},\"thumbnailUrl\":\"https:\\\/\\\/qtmm.org\\\/wp-content\\\/uploads\\\/2022\\\/01\\\/1_34-1.jpeg\",\"articleSection\":[\"Haberler\"],\"inLanguage\":\"qt\",\"potentialAction\":[{\"@type\":\"CommentAction\",\"name\":\"Comment\",\"target\":[\"https:\\\/\\\/qtmm.org\\\/qt\\\/meclis-reisi-mustafa-cemilev-frenkistannin-ukrainada-vefqulade-elcisi-alen-remi-ile-korusti\\\/#respond\"]}]},{\"@type\":\"WebPage\",\"@id\":\"https:\\\/\\\/qtmm.org\\\/qt\\\/meclis-reisi-mustafa-cemilev-frenkistannin-ukrainada-vefqulade-elcisi-alen-remi-ile-korusti\\\/\",\"url\":\"https:\\\/\\\/qtmm.org\\\/qt\\\/meclis-reisi-mustafa-cemilev-frenkistannin-ukrainada-vefqulade-elcisi-alen-remi-ile-korusti\\\/\",\"name\":\"Meclis reisi Mustafa Cemilev Frenkistann\u0131\u00f1 Ukrainada Vefqulade el\u00e7isi Alen Remi ile k\u00f6r\u00fc\u015fti - \u041c\u0435\u0434\u0436\u043b\u0456\u0441\",\"isPartOf\":{\"@id\":\"https:\\\/\\\/qtmm.org\\\/qt\\\/#website\"},\"primaryImageOfPage\":{\"@id\":\"https:\\\/\\\/qtmm.org\\\/qt\\\/meclis-reisi-mustafa-cemilev-frenkistannin-ukrainada-vefqulade-elcisi-alen-remi-ile-korusti\\\/#primaryimage\"},\"image\":{\"@id\":\"https:\\\/\\\/qtmm.org\\\/qt\\\/meclis-reisi-mustafa-cemilev-frenkistannin-ukrainada-vefqulade-elcisi-alen-remi-ile-korusti\\\/#primaryimage\"},\"thumbnailUrl\":\"https:\\\/\\\/qtmm.org\\\/wp-content\\\/uploads\\\/2022\\\/01\\\/1_34-1.jpeg\",\"datePublished\":\"2012-04-18T15:12:00+00:00\",\"dateModified\":\"2022-01-21T15:13:58+00:00\",\"breadcrumb\":{\"@id\":\"https:\\\/\\\/qtmm.org\\\/qt\\\/meclis-reisi-mustafa-cemilev-frenkistannin-ukrainada-vefqulade-elcisi-alen-remi-ile-korusti\\\/#breadcrumb\"},\"inLanguage\":\"qt\",\"potentialAction\":[{\"@type\":\"ReadAction\",\"target\":[\"https:\\\/\\\/qtmm.org\\\/qt\\\/meclis-reisi-mustafa-cemilev-frenkistannin-ukrainada-vefqulade-elcisi-alen-remi-ile-korusti\\\/\"]}]},{\"@type\":\"ImageObject\",\"inLanguage\":\"qt\",\"@id\":\"https:\\\/\\\/qtmm.org\\\/qt\\\/meclis-reisi-mustafa-cemilev-frenkistannin-ukrainada-vefqulade-elcisi-alen-remi-ile-korusti\\\/#primaryimage\",\"url\":\"https:\\\/\\\/qtmm.org\\\/wp-content\\\/uploads\\\/2022\\\/01\\\/1_34-1.jpeg\",\"contentUrl\":\"https:\\\/\\\/qtmm.org\\\/wp-content\\\/uploads\\\/2022\\\/01\\\/1_34-1.jpeg\",\"width\":650,\"height\":450},{\"@type\":\"BreadcrumbList\",\"@id\":\"https:\\\/\\\/qtmm.org\\\/qt\\\/meclis-reisi-mustafa-cemilev-frenkistannin-ukrainada-vefqulade-elcisi-alen-remi-ile-korusti\\\/#breadcrumb\",\"itemListElement\":[{\"@type\":\"ListItem\",\"position\":1,\"name\":\"\u0413\u043e\u043b\u043e\u0432\u043d\u0430\",\"item\":\"https:\\\/\\\/qtmm.org\\\/qt\\\/\"},{\"@type\":\"ListItem\",\"position\":2,\"name\":\"Meclis reisi Mustafa Cemilev Frenkistann\u0131\u00f1 Ukrainada Vefqulade el\u00e7isi Alen Remi ile k\u00f6r\u00fc\u015fti\"}]},{\"@type\":\"WebSite\",\"@id\":\"https:\\\/\\\/qtmm.org\\\/qt\\\/#website\",\"url\":\"https:\\\/\\\/qtmm.org\\\/qt\\\/\",\"name\":\"\u041c\u0435\u0434\u0436\u043b\u0456\u0441\",\"description\":\"\",\"publisher\":{\"@id\":\"https:\\\/\\\/qtmm.org\\\/qt\\\/#organization\"},\"potentialAction\":[{\"@type\":\"SearchAction\",\"target\":{\"@type\":\"EntryPoint\",\"urlTemplate\":\"https:\\\/\\\/qtmm.org\\\/qt\\\/?s={search_term_string}\"},\"query-input\":{\"@type\":\"PropertyValueSpecification\",\"valueRequired\":true,\"valueName\":\"search_term_string\"}}],\"inLanguage\":\"qt\"},{\"@type\":\"Organization\",\"@id\":\"https:\\\/\\\/qtmm.org\\\/qt\\\/#organization\",\"name\":\"\u041c\u0435\u0434\u0436\u043b\u0456\u0441\",\"url\":\"https:\\\/\\\/qtmm.org\\\/qt\\\/\",\"logo\":{\"@type\":\"ImageObject\",\"inLanguage\":\"qt\",\"@id\":\"https:\\\/\\\/qtmm.org\\\/qt\\\/#\\\/schema\\\/logo\\\/image\\\/\",\"url\":\"https:\\\/\\\/qtmm.org\\\/wp-content\\\/uploads\\\/2024\\\/12\\\/ua-mejlis-logo-rgb.svg\",\"contentUrl\":\"https:\\\/\\\/qtmm.org\\\/wp-content\\\/uploads\\\/2024\\\/12\\\/ua-mejlis-logo-rgb.svg\",\"caption\":\"\u041c\u0435\u0434\u0436\u043b\u0456\u0441\"},\"image\":{\"@id\":\"https:\\\/\\\/qtmm.org\\\/qt\\\/#\\\/schema\\\/logo\\\/image\\\/\"},\"sameAs\":[\"https:\\\/\\\/www.facebook.com\\\/qtmm.info\\\/\"]},{\"@type\":\"Person\",\"@id\":\"https:\\\/\\\/qtmm.org\\\/qt\\\/#\\\/schema\\\/person\\\/de562469f971dec226ac06e60bbf74a7\",\"name\":\"Developer\",\"image\":{\"@type\":\"ImageObject\",\"inLanguage\":\"qt\",\"@id\":\"https:\\\/\\\/secure.gravatar.com\\\/avatar\\\/392b4cc8fbfeb00b39dfeeab4ee6edded39ffd48e25858637e4765810300227e?s=96&d=mm&r=g\",\"url\":\"https:\\\/\\\/secure.gravatar.com\\\/avatar\\\/392b4cc8fbfeb00b39dfeeab4ee6edded39ffd48e25858637e4765810300227e?s=96&d=mm&r=g\",\"contentUrl\":\"https:\\\/\\\/secure.gravatar.com\\\/avatar\\\/392b4cc8fbfeb00b39dfeeab4ee6edded39ffd48e25858637e4765810300227e?s=96&d=mm&r=g\",\"caption\":\"Developer\"},\"url\":\"https:\\\/\\\/qtmm.org\\\/qt\\\/author\\\/Developer\\\/\"}]}<\/script>\n<!-- \/ Yoast SEO plugin. -->","yoast_head_json":{"title":"Meclis reisi Mustafa Cemilev Frenkistann\u0131\u00f1 Ukrainada Vefqulade el\u00e7isi Alen Remi ile k\u00f6r\u00fc\u015fti - \u041c\u0435\u0434\u0436\u043b\u0456\u0441","robots":{"index":"index","follow":"follow","max-snippet":"max-snippet:-1","max-image-preview":"max-image-preview:large","max-video-preview":"max-video-preview:-1"},"canonical":"https:\/\/qtmm.org\/qt\/meclis-reisi-mustafa-cemilev-frenkistannin-ukrainada-vefqulade-elcisi-alen-remi-ile-korusti\/","og_locale":"en_US","og_type":"article","og_title":"Meclis reisi Mustafa Cemilev Frenkistann\u0131\u00f1 Ukrainada Vefqulade el\u00e7isi Alen Remi ile k\u00f6r\u00fc\u015fti - \u041c\u0435\u0434\u0436\u043b\u0456\u0441","og_description":"Ke\u00e7ken aftan\u0131\u00f1 so\u00f1unda Kiyevde Q\u0131r\u0131mtatar halq\u0131 Meclisini\u00f1 reisi, Ukraina halq deputat\u0131 Mustafa Cemilevni\u00f1 Frenkistann\u0131\u00f1 Ukraianada Vefqulade el\u00e7isi Alen Remi ile resmiy k\u00f6r\u00fc\u015f\u00fcvi ol\u0131p ke\u00e7ti. Frenkistann\u0131\u00f1 Ukrainada El\u00e7ihanesini\u00f1 birinci k\u00e2tibi Eman\u00fcyel Berar ve Meclis reisini\u00f1 Frenkistanda temsilcisi G\u00fcliver Altinni\u00f1 i\u015ftirakinde Frenkistan el\u00e7isini\u00f1 ofisinde ke\u00e7ken bu k\u00f6r\u00fc\u015f\u00fcvde Ukrainadaki siyasiy- i\u00e7timaiy vaziyet, Ukraina ve Q\u0131r\u0131m muhtar Cumhuriyeti akimlerini\u00f1 [&hellip;]","og_url":"https:\/\/qtmm.org\/qt\/meclis-reisi-mustafa-cemilev-frenkistannin-ukrainada-vefqulade-elcisi-alen-remi-ile-korusti\/","og_site_name":"\u041c\u0435\u0434\u0436\u043b\u0456\u0441","article_publisher":"https:\/\/www.facebook.com\/qtmm.info\/","article_published_time":"2012-04-18T15:12:00+00:00","article_modified_time":"2022-01-21T15:13:58+00:00","og_image":[{"width":650,"height":450,"url":"https:\/\/qtmm.org\/wp-content\/uploads\/2022\/01\/1_34-1.jpeg","type":"image\/jpeg"}],"author":"Developer","twitter_card":"summary_large_image","twitter_misc":{"Written by":"Developer","Est. reading time":"3 minutes"},"schema":{"@context":"https:\/\/schema.org","@graph":[{"@type":"Article","@id":"https:\/\/qtmm.org\/qt\/meclis-reisi-mustafa-cemilev-frenkistannin-ukrainada-vefqulade-elcisi-alen-remi-ile-korusti\/#article","isPartOf":{"@id":"https:\/\/qtmm.org\/qt\/meclis-reisi-mustafa-cemilev-frenkistannin-ukrainada-vefqulade-elcisi-alen-remi-ile-korusti\/"},"author":{"name":"Developer","@id":"https:\/\/qtmm.org\/qt\/#\/schema\/person\/de562469f971dec226ac06e60bbf74a7"},"headline":"Meclis reisi Mustafa Cemilev Frenkistann\u0131\u00f1 Ukrainada Vefqulade el\u00e7isi Alen Remi ile k\u00f6r\u00fc\u015fti","datePublished":"2012-04-18T15:12:00+00:00","dateModified":"2022-01-21T15:13:58+00:00","mainEntityOfPage":{"@id":"https:\/\/qtmm.org\/qt\/meclis-reisi-mustafa-cemilev-frenkistannin-ukrainada-vefqulade-elcisi-alen-remi-ile-korusti\/"},"wordCount":689,"commentCount":0,"publisher":{"@id":"https:\/\/qtmm.org\/qt\/#organization"},"image":{"@id":"https:\/\/qtmm.org\/qt\/meclis-reisi-mustafa-cemilev-frenkistannin-ukrainada-vefqulade-elcisi-alen-remi-ile-korusti\/#primaryimage"},"thumbnailUrl":"https:\/\/qtmm.org\/wp-content\/uploads\/2022\/01\/1_34-1.jpeg","articleSection":["Haberler"],"inLanguage":"qt","potentialAction":[{"@type":"CommentAction","name":"Comment","target":["https:\/\/qtmm.org\/qt\/meclis-reisi-mustafa-cemilev-frenkistannin-ukrainada-vefqulade-elcisi-alen-remi-ile-korusti\/#respond"]}]},{"@type":"WebPage","@id":"https:\/\/qtmm.org\/qt\/meclis-reisi-mustafa-cemilev-frenkistannin-ukrainada-vefqulade-elcisi-alen-remi-ile-korusti\/","url":"https:\/\/qtmm.org\/qt\/meclis-reisi-mustafa-cemilev-frenkistannin-ukrainada-vefqulade-elcisi-alen-remi-ile-korusti\/","name":"Meclis reisi Mustafa Cemilev Frenkistann\u0131\u00f1 Ukrainada Vefqulade el\u00e7isi Alen Remi ile k\u00f6r\u00fc\u015fti - \u041c\u0435\u0434\u0436\u043b\u0456\u0441","isPartOf":{"@id":"https:\/\/qtmm.org\/qt\/#website"},"primaryImageOfPage":{"@id":"https:\/\/qtmm.org\/qt\/meclis-reisi-mustafa-cemilev-frenkistannin-ukrainada-vefqulade-elcisi-alen-remi-ile-korusti\/#primaryimage"},"image":{"@id":"https:\/\/qtmm.org\/qt\/meclis-reisi-mustafa-cemilev-frenkistannin-ukrainada-vefqulade-elcisi-alen-remi-ile-korusti\/#primaryimage"},"thumbnailUrl":"https:\/\/qtmm.org\/wp-content\/uploads\/2022\/01\/1_34-1.jpeg","datePublished":"2012-04-18T15:12:00+00:00","dateModified":"2022-01-21T15:13:58+00:00","breadcrumb":{"@id":"https:\/\/qtmm.org\/qt\/meclis-reisi-mustafa-cemilev-frenkistannin-ukrainada-vefqulade-elcisi-alen-remi-ile-korusti\/#breadcrumb"},"inLanguage":"qt","potentialAction":[{"@type":"ReadAction","target":["https:\/\/qtmm.org\/qt\/meclis-reisi-mustafa-cemilev-frenkistannin-ukrainada-vefqulade-elcisi-alen-remi-ile-korusti\/"]}]},{"@type":"ImageObject","inLanguage":"qt","@id":"https:\/\/qtmm.org\/qt\/meclis-reisi-mustafa-cemilev-frenkistannin-ukrainada-vefqulade-elcisi-alen-remi-ile-korusti\/#primaryimage","url":"https:\/\/qtmm.org\/wp-content\/uploads\/2022\/01\/1_34-1.jpeg","contentUrl":"https:\/\/qtmm.org\/wp-content\/uploads\/2022\/01\/1_34-1.jpeg","width":650,"height":450},{"@type":"BreadcrumbList","@id":"https:\/\/qtmm.org\/qt\/meclis-reisi-mustafa-cemilev-frenkistannin-ukrainada-vefqulade-elcisi-alen-remi-ile-korusti\/#breadcrumb","itemListElement":[{"@type":"ListItem","position":1,"name":"\u0413\u043e\u043b\u043e\u0432\u043d\u0430","item":"https:\/\/qtmm.org\/qt\/"},{"@type":"ListItem","position":2,"name":"Meclis reisi Mustafa Cemilev Frenkistann\u0131\u00f1 Ukrainada Vefqulade el\u00e7isi Alen Remi ile k\u00f6r\u00fc\u015fti"}]},{"@type":"WebSite","@id":"https:\/\/qtmm.org\/qt\/#website","url":"https:\/\/qtmm.org\/qt\/","name":"\u041c\u0435\u0434\u0436\u043b\u0456\u0441","description":"","publisher":{"@id":"https:\/\/qtmm.org\/qt\/#organization"},"potentialAction":[{"@type":"SearchAction","target":{"@type":"EntryPoint","urlTemplate":"https:\/\/qtmm.org\/qt\/?s={search_term_string}"},"query-input":{"@type":"PropertyValueSpecification","valueRequired":true,"valueName":"search_term_string"}}],"inLanguage":"qt"},{"@type":"Organization","@id":"https:\/\/qtmm.org\/qt\/#organization","name":"\u041c\u0435\u0434\u0436\u043b\u0456\u0441","url":"https:\/\/qtmm.org\/qt\/","logo":{"@type":"ImageObject","inLanguage":"qt","@id":"https:\/\/qtmm.org\/qt\/#\/schema\/logo\/image\/","url":"https:\/\/qtmm.org\/wp-content\/uploads\/2024\/12\/ua-mejlis-logo-rgb.svg","contentUrl":"https:\/\/qtmm.org\/wp-content\/uploads\/2024\/12\/ua-mejlis-logo-rgb.svg","caption":"\u041c\u0435\u0434\u0436\u043b\u0456\u0441"},"image":{"@id":"https:\/\/qtmm.org\/qt\/#\/schema\/logo\/image\/"},"sameAs":["https:\/\/www.facebook.com\/qtmm.info\/"]},{"@type":"Person","@id":"https:\/\/qtmm.org\/qt\/#\/schema\/person\/de562469f971dec226ac06e60bbf74a7","name":"Developer","image":{"@type":"ImageObject","inLanguage":"qt","@id":"https:\/\/secure.gravatar.com\/avatar\/392b4cc8fbfeb00b39dfeeab4ee6edded39ffd48e25858637e4765810300227e?s=96&d=mm&r=g","url":"https:\/\/secure.gravatar.com\/avatar\/392b4cc8fbfeb00b39dfeeab4ee6edded39ffd48e25858637e4765810300227e?s=96&d=mm&r=g","contentUrl":"https:\/\/secure.gravatar.com\/avatar\/392b4cc8fbfeb00b39dfeeab4ee6edded39ffd48e25858637e4765810300227e?s=96&d=mm&r=g","caption":"Developer"},"url":"https:\/\/qtmm.org\/qt\/author\/Developer\/"}]}},"_links":{"self":[{"href":"https:\/\/qtmm.org\/qt\/wp-json\/wp\/v2\/posts\/30224","targetHints":{"allow":["GET"]}}],"collection":[{"href":"https:\/\/qtmm.org\/qt\/wp-json\/wp\/v2\/posts"}],"about":[{"href":"https:\/\/qtmm.org\/qt\/wp-json\/wp\/v2\/types\/post"}],"author":[{"embeddable":true,"href":"https:\/\/qtmm.org\/qt\/wp-json\/wp\/v2\/users\/1"}],"replies":[{"embeddable":true,"href":"https:\/\/qtmm.org\/qt\/wp-json\/wp\/v2\/comments?post=30224"}],"version-history":[{"count":1,"href":"https:\/\/qtmm.org\/qt\/wp-json\/wp\/v2\/posts\/30224\/revisions"}],"predecessor-version":[{"id":30233,"href":"https:\/\/qtmm.org\/qt\/wp-json\/wp\/v2\/posts\/30224\/revisions\/30233"}],"wp:featuredmedia":[{"embeddable":true,"href":"https:\/\/qtmm.org\/qt\/wp-json\/wp\/v2\/media\/30225"}],"wp:attachment":[{"href":"https:\/\/qtmm.org\/qt\/wp-json\/wp\/v2\/media?parent=30224"}],"wp:term":[{"taxonomy":"category","embeddable":true,"href":"https:\/\/qtmm.org\/qt\/wp-json\/wp\/v2\/categories?post=30224"},{"taxonomy":"post_tag","embeddable":true,"href":"https:\/\/qtmm.org\/qt\/wp-json\/wp\/v2\/tags?post=30224"}],"curies":[{"name":"wp","href":"https:\/\/api.w.org\/{rel}","templated":true}]}}