




{"id":30206,"date":"2012-04-17T18:10:00","date_gmt":"2012-04-17T15:10:00","guid":{"rendered":"http:\/\/qtmm.org\/?p=30206"},"modified":"2022-01-21T18:12:20","modified_gmt":"2022-01-21T15:12:20","slug":"teselli-turkiyege-yol-aldi","status":"publish","type":"post","link":"https:\/\/qtmm.org\/qt\/teselli-turkiyege-yol-aldi\/","title":{"rendered":"\u00abTeselli\u00bb T\u00fcrkiyege yol ald\u0131"},"content":{"rendered":"\n<p>Er sene aprel 23 k\u00fcn\u00fc T\u00fcrkiye &#8220;\u00c7ocuq bayram\u0131&#8221;n\u0131 qayd ete. T\u00fcrkiyeni\u00f1 b\u00fcy\u00fck \u015feerlerinde i\u015fbu bayram\u011fa ba\u011f\u0131\u015flan\u0131p t\u00fcrl\u00fc medeniy tedbirler ke\u00e7irile.<\/p>\n\n\n\n<p>Ke\u00e7ken sene bu bayramn\u0131\u00f1 \u00e7er\u00e7ivesinde Qocaeli \u015feerinde halqara bala festivali te\u015fkil etilgen edi.<\/p>\n\n\n\n<p>Milliy Meclisni\u00f1 medeniyet ve tasil idaresi ve ATR telekompaniyas\u0131 taraf\u0131ndan &#8220;Tatl\u0131 ses&#8221; yar\u0131\u015f\u0131n\u0131\u00f1 \u011falipleri festivalge bar\u011fan ediler.<\/p>\n\n\n\n<p>Bu sene ise&#8221;Teselli&#8221; halq balalar ve \u00f6sm\u00fcrler ansambli 20 y\u0131ll\u0131q yubileyini qayd etkeni munasebeti ile, Milliy Meclisni\u00f1 medeniyet ve tasil idaresi olarn\u0131 ra\u011fbetlendirmek maqsad\u0131nen, festivalge yollama\u011fa qarar al\u0131p, eki ay devam\u0131nda balalarn\u0131 festivalge az\u0131rlad\u0131lar. Festival aprel 17-24 k\u00fcnleri \u00f6tkerilecek.<\/p>\n\n\n\n<p>Bayramda &#8220;Teselli&#8221; ansamblini\u00f1 orta gruppas\u0131 q\u0131r\u0131mtatar halq\u0131n\u0131\u00f1 d\u00fclber oyun programmas\u0131nen er kesni ho\u015fnut etip, al\u011f\u0131\u015flar qazan\u0131r, degen \u00fcm\u00fcttemiz.<\/p>\n\n\n\n<p>Q\u0131r\u0131m vekilleri \u00f6z icad\u0131n\u0131 &#8220;Ye\u015fil ada \u2013 Q\u0131r\u0131m&#8221; \u015fiar\u0131 alt\u0131n\u0131nda numay\u0131\u015f etecekler.<\/p>\n\n\n\n<p>Ansamblni\u00f1 reberleri: Ukrainada ve Tatarstanda nam qazan\u011fan sanaat erbab\u0131 Server Kakura, Ukrainada nam qazan\u011fan artist M\u00fcnir Ablayev ve horeograf G\u00fclnara Egizova.<\/p>\n\n\n\n<p class=\"has-text-align-center\"><strong>O\u011furl\u0131 yollar, &#8220;Teselli&#8221;!<\/strong><\/p>\n\n\n\n<figure class=\"wp-block-gallery columns-3 is-cropped wp-block-gallery-1 is-layout-flex wp-block-gallery-is-layout-flex\"><ul class=\"blocks-gallery-grid\"><li class=\"blocks-gallery-item\"><figure><img loading=\"lazy\" decoding=\"async\" width=\"650\" height=\"350\" src=\"http:\/\/qtmm.org\/wp-content\/uploads\/2022\/01\/2_29-1.jpeg\" alt=\"\" data-id=\"30211\" data-full-url=\"http:\/\/qtmm.org\/wp-content\/uploads\/2022\/01\/2_29-1.jpeg\" data-link=\"http:\/\/qtmm.org\/?attachment_id=30211\" class=\"wp-image-30211\" srcset=\"https:\/\/qtmm.org\/wp-content\/uploads\/2022\/01\/2_29-1.jpeg 650w, https:\/\/qtmm.org\/wp-content\/uploads\/2022\/01\/2_29-1-300x162.jpeg 300w\" sizes=\"auto, (max-width: 650px) 100vw, 650px\" \/><\/figure><\/li><li class=\"blocks-gallery-item\"><figure><img loading=\"lazy\" decoding=\"async\" width=\"650\" height=\"350\" src=\"http:\/\/qtmm.org\/wp-content\/uploads\/2022\/01\/3_16-1.jpeg\" alt=\"\" data-id=\"30215\" data-full-url=\"http:\/\/qtmm.org\/wp-content\/uploads\/2022\/01\/3_16-1.jpeg\" data-link=\"http:\/\/qtmm.org\/qt\/?attachment_id=30215\" class=\"wp-image-30215\" srcset=\"https:\/\/qtmm.org\/wp-content\/uploads\/2022\/01\/3_16-1.jpeg 650w, https:\/\/qtmm.org\/wp-content\/uploads\/2022\/01\/3_16-1-300x162.jpeg 300w\" sizes=\"auto, (max-width: 650px) 100vw, 650px\" \/><\/figure><\/li><li class=\"blocks-gallery-item\"><figure><img loading=\"lazy\" decoding=\"async\" width=\"650\" height=\"350\" src=\"http:\/\/qtmm.org\/wp-content\/uploads\/2022\/01\/4_14-1.jpeg\" alt=\"\" data-id=\"30219\" data-full-url=\"http:\/\/qtmm.org\/wp-content\/uploads\/2022\/01\/4_14-1.jpeg\" data-link=\"http:\/\/qtmm.org\/qt\/?attachment_id=30219\" class=\"wp-image-30219\" srcset=\"https:\/\/qtmm.org\/wp-content\/uploads\/2022\/01\/4_14-1.jpeg 650w, https:\/\/qtmm.org\/wp-content\/uploads\/2022\/01\/4_14-1-300x162.jpeg 300w\" sizes=\"auto, (max-width: 650px) 100vw, 650px\" \/><\/figure><\/li><\/ul><\/figure>\n","protected":false},"excerpt":{"rendered":"<p>Er sene aprel 23 k\u00fcn\u00fc T\u00fcrkiye &#8220;\u00c7ocuq bayram\u0131&#8221;n\u0131 qayd ete. T\u00fcrkiyeni\u00f1 b\u00fcy\u00fck \u015feerlerinde i\u015fbu bayram\u011fa ba\u011f\u0131\u015flan\u0131p t\u00fcrl\u00fc medeniy tedbirler ke\u00e7irile. Ke\u00e7ken sene bu bayramn\u0131\u00f1 \u00e7er\u00e7ivesinde Qocaeli \u015feerinde halqara bala festivali te\u015fkil etilgen edi. Milliy Meclisni\u00f1 medeniyet ve tasil idaresi ve ATR telekompaniyas\u0131 taraf\u0131ndan &#8220;Tatl\u0131 ses&#8221; yar\u0131\u015f\u0131n\u0131\u00f1 \u011falipleri festivalge bar\u011fan ediler. Bu sene ise&#8221;Teselli&#8221; halq balalar [&hellip;]<\/p>\n","protected":false},"author":1,"featured_media":30207,"comment_status":"open","ping_status":"open","sticky":false,"template":"","format":"standard","meta":{"inline_featured_image":false,"footnotes":""},"categories":[265],"tags":[],"class_list":["post-30206","post","type-post","status-publish","format-standard","has-post-thumbnail","hentry","category-haberler"],"acf":[],"yoast_head":"<!-- This site is optimized with the Yoast SEO plugin v27.4 - https:\/\/yoast.com\/product\/yoast-seo-wordpress\/ -->\n<title>\u00abTeselli\u00bb T\u00fcrkiyege yol ald\u0131 - \u041c\u0435\u0434\u0436\u043b\u0456\u0441<\/title>\n<meta name=\"robots\" content=\"index, follow, max-snippet:-1, max-image-preview:large, max-video-preview:-1\" \/>\n<link rel=\"canonical\" href=\"https:\/\/qtmm.org\/qt\/teselli-turkiyege-yol-aldi\/\" \/>\n<meta property=\"og:locale\" content=\"en_US\" \/>\n<meta property=\"og:type\" content=\"article\" \/>\n<meta property=\"og:title\" content=\"\u00abTeselli\u00bb T\u00fcrkiyege yol ald\u0131 - \u041c\u0435\u0434\u0436\u043b\u0456\u0441\" \/>\n<meta property=\"og:description\" content=\"Er sene aprel 23 k\u00fcn\u00fc T\u00fcrkiye &#8220;\u00c7ocuq bayram\u0131&#8221;n\u0131 qayd ete. T\u00fcrkiyeni\u00f1 b\u00fcy\u00fck \u015feerlerinde i\u015fbu bayram\u011fa ba\u011f\u0131\u015flan\u0131p t\u00fcrl\u00fc medeniy tedbirler ke\u00e7irile. Ke\u00e7ken sene bu bayramn\u0131\u00f1 \u00e7er\u00e7ivesinde Qocaeli \u015feerinde halqara bala festivali te\u015fkil etilgen edi. Milliy Meclisni\u00f1 medeniyet ve tasil idaresi ve ATR telekompaniyas\u0131 taraf\u0131ndan &#8220;Tatl\u0131 ses&#8221; yar\u0131\u015f\u0131n\u0131\u00f1 \u011falipleri festivalge bar\u011fan ediler. Bu sene ise&#8221;Teselli&#8221; halq balalar [&hellip;]\" \/>\n<meta property=\"og:url\" content=\"https:\/\/qtmm.org\/qt\/teselli-turkiyege-yol-aldi\/\" \/>\n<meta property=\"og:site_name\" content=\"\u041c\u0435\u0434\u0436\u043b\u0456\u0441\" \/>\n<meta property=\"article:publisher\" content=\"https:\/\/www.facebook.com\/qtmm.info\/\" \/>\n<meta property=\"article:published_time\" content=\"2012-04-17T15:10:00+00:00\" \/>\n<meta property=\"article:modified_time\" content=\"2022-01-21T15:12:20+00:00\" \/>\n<meta property=\"og:image\" content=\"https:\/\/qtmm.org\/wp-content\/uploads\/2022\/01\/1_31-1.jpeg\" \/>\n\t<meta property=\"og:image:width\" content=\"650\" \/>\n\t<meta property=\"og:image:height\" content=\"350\" \/>\n\t<meta property=\"og:image:type\" content=\"image\/jpeg\" \/>\n<meta name=\"author\" content=\"Developer\" \/>\n<meta name=\"twitter:card\" content=\"summary_large_image\" \/>\n<meta name=\"twitter:label1\" content=\"Written by\" \/>\n\t<meta name=\"twitter:data1\" content=\"Developer\" \/>\n\t<meta name=\"twitter:label2\" content=\"Est. reading time\" \/>\n\t<meta name=\"twitter:data2\" content=\"1 minute\" \/>\n<script type=\"application\/ld+json\" class=\"yoast-schema-graph\">{\"@context\":\"https:\\\/\\\/schema.org\",\"@graph\":[{\"@type\":\"Article\",\"@id\":\"https:\\\/\\\/qtmm.org\\\/qt\\\/teselli-turkiyege-yol-aldi\\\/#article\",\"isPartOf\":{\"@id\":\"https:\\\/\\\/qtmm.org\\\/qt\\\/teselli-turkiyege-yol-aldi\\\/\"},\"author\":{\"name\":\"Developer\",\"@id\":\"https:\\\/\\\/qtmm.org\\\/qt\\\/#\\\/schema\\\/person\\\/de562469f971dec226ac06e60bbf74a7\"},\"headline\":\"\u00abTeselli\u00bb T\u00fcrkiyege yol ald\u0131\",\"datePublished\":\"2012-04-17T15:10:00+00:00\",\"dateModified\":\"2022-01-21T15:12:20+00:00\",\"mainEntityOfPage\":{\"@id\":\"https:\\\/\\\/qtmm.org\\\/qt\\\/teselli-turkiyege-yol-aldi\\\/\"},\"wordCount\":197,\"commentCount\":0,\"publisher\":{\"@id\":\"https:\\\/\\\/qtmm.org\\\/qt\\\/#organization\"},\"image\":{\"@id\":\"https:\\\/\\\/qtmm.org\\\/qt\\\/teselli-turkiyege-yol-aldi\\\/#primaryimage\"},\"thumbnailUrl\":\"https:\\\/\\\/qtmm.org\\\/wp-content\\\/uploads\\\/2022\\\/01\\\/1_31-1.jpeg\",\"articleSection\":[\"Haberler\"],\"inLanguage\":\"qt\",\"potentialAction\":[{\"@type\":\"CommentAction\",\"name\":\"Comment\",\"target\":[\"https:\\\/\\\/qtmm.org\\\/qt\\\/teselli-turkiyege-yol-aldi\\\/#respond\"]}]},{\"@type\":\"WebPage\",\"@id\":\"https:\\\/\\\/qtmm.org\\\/qt\\\/teselli-turkiyege-yol-aldi\\\/\",\"url\":\"https:\\\/\\\/qtmm.org\\\/qt\\\/teselli-turkiyege-yol-aldi\\\/\",\"name\":\"\u00abTeselli\u00bb T\u00fcrkiyege yol ald\u0131 - \u041c\u0435\u0434\u0436\u043b\u0456\u0441\",\"isPartOf\":{\"@id\":\"https:\\\/\\\/qtmm.org\\\/qt\\\/#website\"},\"primaryImageOfPage\":{\"@id\":\"https:\\\/\\\/qtmm.org\\\/qt\\\/teselli-turkiyege-yol-aldi\\\/#primaryimage\"},\"image\":{\"@id\":\"https:\\\/\\\/qtmm.org\\\/qt\\\/teselli-turkiyege-yol-aldi\\\/#primaryimage\"},\"thumbnailUrl\":\"https:\\\/\\\/qtmm.org\\\/wp-content\\\/uploads\\\/2022\\\/01\\\/1_31-1.jpeg\",\"datePublished\":\"2012-04-17T15:10:00+00:00\",\"dateModified\":\"2022-01-21T15:12:20+00:00\",\"breadcrumb\":{\"@id\":\"https:\\\/\\\/qtmm.org\\\/qt\\\/teselli-turkiyege-yol-aldi\\\/#breadcrumb\"},\"inLanguage\":\"qt\",\"potentialAction\":[{\"@type\":\"ReadAction\",\"target\":[\"https:\\\/\\\/qtmm.org\\\/qt\\\/teselli-turkiyege-yol-aldi\\\/\"]}]},{\"@type\":\"ImageObject\",\"inLanguage\":\"qt\",\"@id\":\"https:\\\/\\\/qtmm.org\\\/qt\\\/teselli-turkiyege-yol-aldi\\\/#primaryimage\",\"url\":\"https:\\\/\\\/qtmm.org\\\/wp-content\\\/uploads\\\/2022\\\/01\\\/1_31-1.jpeg\",\"contentUrl\":\"https:\\\/\\\/qtmm.org\\\/wp-content\\\/uploads\\\/2022\\\/01\\\/1_31-1.jpeg\",\"width\":650,\"height\":350},{\"@type\":\"BreadcrumbList\",\"@id\":\"https:\\\/\\\/qtmm.org\\\/qt\\\/teselli-turkiyege-yol-aldi\\\/#breadcrumb\",\"itemListElement\":[{\"@type\":\"ListItem\",\"position\":1,\"name\":\"\u0413\u043e\u043b\u043e\u0432\u043d\u0430\",\"item\":\"https:\\\/\\\/qtmm.org\\\/qt\\\/\"},{\"@type\":\"ListItem\",\"position\":2,\"name\":\"\u00abTeselli\u00bb T\u00fcrkiyege yol ald\u0131\"}]},{\"@type\":\"WebSite\",\"@id\":\"https:\\\/\\\/qtmm.org\\\/qt\\\/#website\",\"url\":\"https:\\\/\\\/qtmm.org\\\/qt\\\/\",\"name\":\"\u041c\u0435\u0434\u0436\u043b\u0456\u0441\",\"description\":\"\",\"publisher\":{\"@id\":\"https:\\\/\\\/qtmm.org\\\/qt\\\/#organization\"},\"potentialAction\":[{\"@type\":\"SearchAction\",\"target\":{\"@type\":\"EntryPoint\",\"urlTemplate\":\"https:\\\/\\\/qtmm.org\\\/qt\\\/?s={search_term_string}\"},\"query-input\":{\"@type\":\"PropertyValueSpecification\",\"valueRequired\":true,\"valueName\":\"search_term_string\"}}],\"inLanguage\":\"qt\"},{\"@type\":\"Organization\",\"@id\":\"https:\\\/\\\/qtmm.org\\\/qt\\\/#organization\",\"name\":\"\u041c\u0435\u0434\u0436\u043b\u0456\u0441\",\"url\":\"https:\\\/\\\/qtmm.org\\\/qt\\\/\",\"logo\":{\"@type\":\"ImageObject\",\"inLanguage\":\"qt\",\"@id\":\"https:\\\/\\\/qtmm.org\\\/qt\\\/#\\\/schema\\\/logo\\\/image\\\/\",\"url\":\"https:\\\/\\\/qtmm.org\\\/wp-content\\\/uploads\\\/2024\\\/12\\\/ua-mejlis-logo-rgb.svg\",\"contentUrl\":\"https:\\\/\\\/qtmm.org\\\/wp-content\\\/uploads\\\/2024\\\/12\\\/ua-mejlis-logo-rgb.svg\",\"caption\":\"\u041c\u0435\u0434\u0436\u043b\u0456\u0441\"},\"image\":{\"@id\":\"https:\\\/\\\/qtmm.org\\\/qt\\\/#\\\/schema\\\/logo\\\/image\\\/\"},\"sameAs\":[\"https:\\\/\\\/www.facebook.com\\\/qtmm.info\\\/\"]},{\"@type\":\"Person\",\"@id\":\"https:\\\/\\\/qtmm.org\\\/qt\\\/#\\\/schema\\\/person\\\/de562469f971dec226ac06e60bbf74a7\",\"name\":\"Developer\",\"image\":{\"@type\":\"ImageObject\",\"inLanguage\":\"qt\",\"@id\":\"https:\\\/\\\/secure.gravatar.com\\\/avatar\\\/392b4cc8fbfeb00b39dfeeab4ee6edded39ffd48e25858637e4765810300227e?s=96&d=mm&r=g\",\"url\":\"https:\\\/\\\/secure.gravatar.com\\\/avatar\\\/392b4cc8fbfeb00b39dfeeab4ee6edded39ffd48e25858637e4765810300227e?s=96&d=mm&r=g\",\"contentUrl\":\"https:\\\/\\\/secure.gravatar.com\\\/avatar\\\/392b4cc8fbfeb00b39dfeeab4ee6edded39ffd48e25858637e4765810300227e?s=96&d=mm&r=g\",\"caption\":\"Developer\"},\"url\":\"https:\\\/\\\/qtmm.org\\\/qt\\\/author\\\/Developer\\\/\"}]}<\/script>\n<!-- \/ Yoast SEO plugin. -->","yoast_head_json":{"title":"\u00abTeselli\u00bb T\u00fcrkiyege yol ald\u0131 - \u041c\u0435\u0434\u0436\u043b\u0456\u0441","robots":{"index":"index","follow":"follow","max-snippet":"max-snippet:-1","max-image-preview":"max-image-preview:large","max-video-preview":"max-video-preview:-1"},"canonical":"https:\/\/qtmm.org\/qt\/teselli-turkiyege-yol-aldi\/","og_locale":"en_US","og_type":"article","og_title":"\u00abTeselli\u00bb T\u00fcrkiyege yol ald\u0131 - \u041c\u0435\u0434\u0436\u043b\u0456\u0441","og_description":"Er sene aprel 23 k\u00fcn\u00fc T\u00fcrkiye &#8220;\u00c7ocuq bayram\u0131&#8221;n\u0131 qayd ete. T\u00fcrkiyeni\u00f1 b\u00fcy\u00fck \u015feerlerinde i\u015fbu bayram\u011fa ba\u011f\u0131\u015flan\u0131p t\u00fcrl\u00fc medeniy tedbirler ke\u00e7irile. Ke\u00e7ken sene bu bayramn\u0131\u00f1 \u00e7er\u00e7ivesinde Qocaeli \u015feerinde halqara bala festivali te\u015fkil etilgen edi. Milliy Meclisni\u00f1 medeniyet ve tasil idaresi ve ATR telekompaniyas\u0131 taraf\u0131ndan &#8220;Tatl\u0131 ses&#8221; yar\u0131\u015f\u0131n\u0131\u00f1 \u011falipleri festivalge bar\u011fan ediler. Bu sene ise&#8221;Teselli&#8221; halq balalar [&hellip;]","og_url":"https:\/\/qtmm.org\/qt\/teselli-turkiyege-yol-aldi\/","og_site_name":"\u041c\u0435\u0434\u0436\u043b\u0456\u0441","article_publisher":"https:\/\/www.facebook.com\/qtmm.info\/","article_published_time":"2012-04-17T15:10:00+00:00","article_modified_time":"2022-01-21T15:12:20+00:00","og_image":[{"width":650,"height":350,"url":"https:\/\/qtmm.org\/wp-content\/uploads\/2022\/01\/1_31-1.jpeg","type":"image\/jpeg"}],"author":"Developer","twitter_card":"summary_large_image","twitter_misc":{"Written by":"Developer","Est. reading time":"1 minute"},"schema":{"@context":"https:\/\/schema.org","@graph":[{"@type":"Article","@id":"https:\/\/qtmm.org\/qt\/teselli-turkiyege-yol-aldi\/#article","isPartOf":{"@id":"https:\/\/qtmm.org\/qt\/teselli-turkiyege-yol-aldi\/"},"author":{"name":"Developer","@id":"https:\/\/qtmm.org\/qt\/#\/schema\/person\/de562469f971dec226ac06e60bbf74a7"},"headline":"\u00abTeselli\u00bb T\u00fcrkiyege yol ald\u0131","datePublished":"2012-04-17T15:10:00+00:00","dateModified":"2022-01-21T15:12:20+00:00","mainEntityOfPage":{"@id":"https:\/\/qtmm.org\/qt\/teselli-turkiyege-yol-aldi\/"},"wordCount":197,"commentCount":0,"publisher":{"@id":"https:\/\/qtmm.org\/qt\/#organization"},"image":{"@id":"https:\/\/qtmm.org\/qt\/teselli-turkiyege-yol-aldi\/#primaryimage"},"thumbnailUrl":"https:\/\/qtmm.org\/wp-content\/uploads\/2022\/01\/1_31-1.jpeg","articleSection":["Haberler"],"inLanguage":"qt","potentialAction":[{"@type":"CommentAction","name":"Comment","target":["https:\/\/qtmm.org\/qt\/teselli-turkiyege-yol-aldi\/#respond"]}]},{"@type":"WebPage","@id":"https:\/\/qtmm.org\/qt\/teselli-turkiyege-yol-aldi\/","url":"https:\/\/qtmm.org\/qt\/teselli-turkiyege-yol-aldi\/","name":"\u00abTeselli\u00bb T\u00fcrkiyege yol ald\u0131 - \u041c\u0435\u0434\u0436\u043b\u0456\u0441","isPartOf":{"@id":"https:\/\/qtmm.org\/qt\/#website"},"primaryImageOfPage":{"@id":"https:\/\/qtmm.org\/qt\/teselli-turkiyege-yol-aldi\/#primaryimage"},"image":{"@id":"https:\/\/qtmm.org\/qt\/teselli-turkiyege-yol-aldi\/#primaryimage"},"thumbnailUrl":"https:\/\/qtmm.org\/wp-content\/uploads\/2022\/01\/1_31-1.jpeg","datePublished":"2012-04-17T15:10:00+00:00","dateModified":"2022-01-21T15:12:20+00:00","breadcrumb":{"@id":"https:\/\/qtmm.org\/qt\/teselli-turkiyege-yol-aldi\/#breadcrumb"},"inLanguage":"qt","potentialAction":[{"@type":"ReadAction","target":["https:\/\/qtmm.org\/qt\/teselli-turkiyege-yol-aldi\/"]}]},{"@type":"ImageObject","inLanguage":"qt","@id":"https:\/\/qtmm.org\/qt\/teselli-turkiyege-yol-aldi\/#primaryimage","url":"https:\/\/qtmm.org\/wp-content\/uploads\/2022\/01\/1_31-1.jpeg","contentUrl":"https:\/\/qtmm.org\/wp-content\/uploads\/2022\/01\/1_31-1.jpeg","width":650,"height":350},{"@type":"BreadcrumbList","@id":"https:\/\/qtmm.org\/qt\/teselli-turkiyege-yol-aldi\/#breadcrumb","itemListElement":[{"@type":"ListItem","position":1,"name":"\u0413\u043e\u043b\u043e\u0432\u043d\u0430","item":"https:\/\/qtmm.org\/qt\/"},{"@type":"ListItem","position":2,"name":"\u00abTeselli\u00bb T\u00fcrkiyege yol ald\u0131"}]},{"@type":"WebSite","@id":"https:\/\/qtmm.org\/qt\/#website","url":"https:\/\/qtmm.org\/qt\/","name":"\u041c\u0435\u0434\u0436\u043b\u0456\u0441","description":"","publisher":{"@id":"https:\/\/qtmm.org\/qt\/#organization"},"potentialAction":[{"@type":"SearchAction","target":{"@type":"EntryPoint","urlTemplate":"https:\/\/qtmm.org\/qt\/?s={search_term_string}"},"query-input":{"@type":"PropertyValueSpecification","valueRequired":true,"valueName":"search_term_string"}}],"inLanguage":"qt"},{"@type":"Organization","@id":"https:\/\/qtmm.org\/qt\/#organization","name":"\u041c\u0435\u0434\u0436\u043b\u0456\u0441","url":"https:\/\/qtmm.org\/qt\/","logo":{"@type":"ImageObject","inLanguage":"qt","@id":"https:\/\/qtmm.org\/qt\/#\/schema\/logo\/image\/","url":"https:\/\/qtmm.org\/wp-content\/uploads\/2024\/12\/ua-mejlis-logo-rgb.svg","contentUrl":"https:\/\/qtmm.org\/wp-content\/uploads\/2024\/12\/ua-mejlis-logo-rgb.svg","caption":"\u041c\u0435\u0434\u0436\u043b\u0456\u0441"},"image":{"@id":"https:\/\/qtmm.org\/qt\/#\/schema\/logo\/image\/"},"sameAs":["https:\/\/www.facebook.com\/qtmm.info\/"]},{"@type":"Person","@id":"https:\/\/qtmm.org\/qt\/#\/schema\/person\/de562469f971dec226ac06e60bbf74a7","name":"Developer","image":{"@type":"ImageObject","inLanguage":"qt","@id":"https:\/\/secure.gravatar.com\/avatar\/392b4cc8fbfeb00b39dfeeab4ee6edded39ffd48e25858637e4765810300227e?s=96&d=mm&r=g","url":"https:\/\/secure.gravatar.com\/avatar\/392b4cc8fbfeb00b39dfeeab4ee6edded39ffd48e25858637e4765810300227e?s=96&d=mm&r=g","contentUrl":"https:\/\/secure.gravatar.com\/avatar\/392b4cc8fbfeb00b39dfeeab4ee6edded39ffd48e25858637e4765810300227e?s=96&d=mm&r=g","caption":"Developer"},"url":"https:\/\/qtmm.org\/qt\/author\/Developer\/"}]}},"_links":{"self":[{"href":"https:\/\/qtmm.org\/qt\/wp-json\/wp\/v2\/posts\/30206","targetHints":{"allow":["GET"]}}],"collection":[{"href":"https:\/\/qtmm.org\/qt\/wp-json\/wp\/v2\/posts"}],"about":[{"href":"https:\/\/qtmm.org\/qt\/wp-json\/wp\/v2\/types\/post"}],"author":[{"embeddable":true,"href":"https:\/\/qtmm.org\/qt\/wp-json\/wp\/v2\/users\/1"}],"replies":[{"embeddable":true,"href":"https:\/\/qtmm.org\/qt\/wp-json\/wp\/v2\/comments?post=30206"}],"version-history":[{"count":1,"href":"https:\/\/qtmm.org\/qt\/wp-json\/wp\/v2\/posts\/30206\/revisions"}],"predecessor-version":[{"id":30223,"href":"https:\/\/qtmm.org\/qt\/wp-json\/wp\/v2\/posts\/30206\/revisions\/30223"}],"wp:featuredmedia":[{"embeddable":true,"href":"https:\/\/qtmm.org\/qt\/wp-json\/wp\/v2\/media\/30207"}],"wp:attachment":[{"href":"https:\/\/qtmm.org\/qt\/wp-json\/wp\/v2\/media?parent=30206"}],"wp:term":[{"taxonomy":"category","embeddable":true,"href":"https:\/\/qtmm.org\/qt\/wp-json\/wp\/v2\/categories?post=30206"},{"taxonomy":"post_tag","embeddable":true,"href":"https:\/\/qtmm.org\/qt\/wp-json\/wp\/v2\/tags?post=30206"}],"curies":[{"name":"wp","href":"https:\/\/api.w.org\/{rel}","templated":true}]}}