




{"id":30204,"date":"2012-04-17T18:10:00","date_gmt":"2012-04-17T15:10:00","guid":{"rendered":"http:\/\/qtmm.org\/?p=30204"},"modified":"2022-01-21T18:10:46","modified_gmt":"2022-01-21T15:10:46","slug":"meclis-reisi-mustafa-cemilev-is-ziyaretinen-turkiyege-ketti","status":"publish","type":"post","link":"https:\/\/qtmm.org\/qt\/meclis-reisi-mustafa-cemilev-is-ziyaretinen-turkiyege-ketti\/","title":{"rendered":"Meclis reisi Mustafa Cemilev i\u015f ziyaretinen T\u00fcrkiyege ketti"},"content":{"rendered":"\n<p>Q\u0131r\u0131m Nazirler \u015furas\u0131n\u0131\u00f1 reisi Anatoliy Mogil\u00f6v reberliginde Q\u0131r\u0131m delegatsiyas\u0131 resmiy ziyaretnen T\u00fcrkiye cumhuriyetine yol ald\u0131.<\/p>\n\n\n\n<p>Delegatsiya erk\u00e2n\u0131na Q\u0131r\u0131m Nazirler \u015furas\u0131n\u0131\u00f1 reisi Anatoliy Mogil\u00f6v, Q\u0131r\u0131m iqtisadiy inki\u015faf\u0131 ve ticaret naziri Svetlana Verba, Q\u0131r\u0131mtatar halq\u0131 Meclisini\u00f1 reisi, Ukraina halq deputat\u0131 Mustafa Cemilev, Ukraina halq deputat\u0131 B\u00f6ris Dey\u00e7, Q\u0131r\u0131m Nazirler \u015furas\u0131 reisini\u00f1 mesleat\u00e7\u0131s\u0131 Refat Kenjaliyev, Ukraina T\u0131\u015fq\u0131 i\u015fler nazirligi \u00fc\u00e7\u00fcnci departamenti direktor\u0131n\u0131\u00f1 muavini \u00d6lga \u00c7ubrikova kirdi.<\/p>\n\n\n\n<p>Ziyaret \u00e7er\u00e7ivesinde Q\u0131r\u0131m delegatsiyas\u0131 T\u00fcrkiye Cumhuriyeti T\u0131\u015fq\u0131 i\u015fler naziri Ahmet Davuto\u011flu, T\u00fcrkiye B\u00fcy\u00fck Millet Meclisini\u00f1 ba\u015f\u0131 Cemil \u00c7i\u00e7ek ile k\u00f6r\u00fc\u015fip, Mustafa Kemal Atat\u00fcrk anit qabiri ziyaret etilecek..<\/p>\n\n\n\n<p>Bundan da \u011fayr\u0131 cumhuriyetni\u00f1 yetek\u00e7i nazirleri ve idare yolba\u015f\u00e7\u0131lar\u0131, T\u00fcrkiyeni\u00f1 i\u015f adamlar\u0131 ve T\u0130KA reberlerinen k\u00f6r\u00fc\u015f\u00fcvler de k\u00f6zde tutula.<\/p>\n","protected":false},"excerpt":{"rendered":"<p>Q\u0131r\u0131m Nazirler \u015furas\u0131n\u0131\u00f1 reisi Anatoliy Mogil\u00f6v reberliginde Q\u0131r\u0131m delegatsiyas\u0131 resmiy ziyaretnen T\u00fcrkiye cumhuriyetine yol ald\u0131. Delegatsiya erk\u00e2n\u0131na Q\u0131r\u0131m Nazirler \u015furas\u0131n\u0131\u00f1 reisi Anatoliy Mogil\u00f6v, Q\u0131r\u0131m iqtisadiy inki\u015faf\u0131 ve ticaret naziri Svetlana Verba, Q\u0131r\u0131mtatar halq\u0131 Meclisini\u00f1 reisi, Ukraina halq deputat\u0131 Mustafa Cemilev, Ukraina halq deputat\u0131 B\u00f6ris Dey\u00e7, Q\u0131r\u0131m Nazirler \u015furas\u0131 reisini\u00f1 mesleat\u00e7\u0131s\u0131 Refat Kenjaliyev, Ukraina T\u0131\u015fq\u0131 i\u015fler [&hellip;]<\/p>\n","protected":false},"author":1,"featured_media":0,"comment_status":"open","ping_status":"open","sticky":false,"template":"","format":"standard","meta":{"inline_featured_image":false,"footnotes":""},"categories":[265],"tags":[],"class_list":["post-30204","post","type-post","status-publish","format-standard","hentry","category-haberler"],"acf":[],"yoast_head":"<!-- This site is optimized with the Yoast SEO plugin v27.4 - https:\/\/yoast.com\/product\/yoast-seo-wordpress\/ -->\n<title>Meclis reisi Mustafa Cemilev i\u015f ziyaretinen T\u00fcrkiyege ketti - \u041c\u0435\u0434\u0436\u043b\u0456\u0441<\/title>\n<meta name=\"robots\" content=\"index, follow, max-snippet:-1, max-image-preview:large, max-video-preview:-1\" \/>\n<link rel=\"canonical\" href=\"https:\/\/qtmm.org\/qt\/meclis-reisi-mustafa-cemilev-is-ziyaretinen-turkiyege-ketti\/\" \/>\n<meta property=\"og:locale\" content=\"en_US\" \/>\n<meta property=\"og:type\" content=\"article\" \/>\n<meta property=\"og:title\" content=\"Meclis reisi Mustafa Cemilev i\u015f ziyaretinen T\u00fcrkiyege ketti - \u041c\u0435\u0434\u0436\u043b\u0456\u0441\" \/>\n<meta property=\"og:description\" content=\"Q\u0131r\u0131m Nazirler \u015furas\u0131n\u0131\u00f1 reisi Anatoliy Mogil\u00f6v reberliginde Q\u0131r\u0131m delegatsiyas\u0131 resmiy ziyaretnen T\u00fcrkiye cumhuriyetine yol ald\u0131. Delegatsiya erk\u00e2n\u0131na Q\u0131r\u0131m Nazirler \u015furas\u0131n\u0131\u00f1 reisi Anatoliy Mogil\u00f6v, Q\u0131r\u0131m iqtisadiy inki\u015faf\u0131 ve ticaret naziri Svetlana Verba, Q\u0131r\u0131mtatar halq\u0131 Meclisini\u00f1 reisi, Ukraina halq deputat\u0131 Mustafa Cemilev, Ukraina halq deputat\u0131 B\u00f6ris Dey\u00e7, Q\u0131r\u0131m Nazirler \u015furas\u0131 reisini\u00f1 mesleat\u00e7\u0131s\u0131 Refat Kenjaliyev, Ukraina T\u0131\u015fq\u0131 i\u015fler [&hellip;]\" \/>\n<meta property=\"og:url\" content=\"https:\/\/qtmm.org\/qt\/meclis-reisi-mustafa-cemilev-is-ziyaretinen-turkiyege-ketti\/\" \/>\n<meta property=\"og:site_name\" content=\"\u041c\u0435\u0434\u0436\u043b\u0456\u0441\" \/>\n<meta property=\"article:publisher\" content=\"https:\/\/www.facebook.com\/qtmm.info\/\" \/>\n<meta property=\"article:published_time\" content=\"2012-04-17T15:10:00+00:00\" \/>\n<meta property=\"article:modified_time\" content=\"2022-01-21T15:10:46+00:00\" \/>\n<meta name=\"author\" content=\"Developer\" \/>\n<meta name=\"twitter:card\" content=\"summary_large_image\" \/>\n<meta name=\"twitter:label1\" content=\"Written by\" \/>\n\t<meta name=\"twitter:data1\" content=\"Developer\" \/>\n\t<meta name=\"twitter:label2\" content=\"Est. reading time\" \/>\n\t<meta name=\"twitter:data2\" content=\"1 minute\" \/>\n<script type=\"application\/ld+json\" class=\"yoast-schema-graph\">{\"@context\":\"https:\\\/\\\/schema.org\",\"@graph\":[{\"@type\":\"Article\",\"@id\":\"https:\\\/\\\/qtmm.org\\\/qt\\\/meclis-reisi-mustafa-cemilev-is-ziyaretinen-turkiyege-ketti\\\/#article\",\"isPartOf\":{\"@id\":\"https:\\\/\\\/qtmm.org\\\/qt\\\/meclis-reisi-mustafa-cemilev-is-ziyaretinen-turkiyege-ketti\\\/\"},\"author\":{\"name\":\"Developer\",\"@id\":\"https:\\\/\\\/qtmm.org\\\/qt\\\/#\\\/schema\\\/person\\\/de562469f971dec226ac06e60bbf74a7\"},\"headline\":\"Meclis reisi Mustafa Cemilev i\u015f ziyaretinen T\u00fcrkiyege ketti\",\"datePublished\":\"2012-04-17T15:10:00+00:00\",\"dateModified\":\"2022-01-21T15:10:46+00:00\",\"mainEntityOfPage\":{\"@id\":\"https:\\\/\\\/qtmm.org\\\/qt\\\/meclis-reisi-mustafa-cemilev-is-ziyaretinen-turkiyege-ketti\\\/\"},\"wordCount\":164,\"commentCount\":0,\"publisher\":{\"@id\":\"https:\\\/\\\/qtmm.org\\\/qt\\\/#organization\"},\"articleSection\":[\"Haberler\"],\"inLanguage\":\"qt\",\"potentialAction\":[{\"@type\":\"CommentAction\",\"name\":\"Comment\",\"target\":[\"https:\\\/\\\/qtmm.org\\\/qt\\\/meclis-reisi-mustafa-cemilev-is-ziyaretinen-turkiyege-ketti\\\/#respond\"]}]},{\"@type\":\"WebPage\",\"@id\":\"https:\\\/\\\/qtmm.org\\\/qt\\\/meclis-reisi-mustafa-cemilev-is-ziyaretinen-turkiyege-ketti\\\/\",\"url\":\"https:\\\/\\\/qtmm.org\\\/qt\\\/meclis-reisi-mustafa-cemilev-is-ziyaretinen-turkiyege-ketti\\\/\",\"name\":\"Meclis reisi Mustafa Cemilev i\u015f ziyaretinen T\u00fcrkiyege ketti - \u041c\u0435\u0434\u0436\u043b\u0456\u0441\",\"isPartOf\":{\"@id\":\"https:\\\/\\\/qtmm.org\\\/qt\\\/#website\"},\"datePublished\":\"2012-04-17T15:10:00+00:00\",\"dateModified\":\"2022-01-21T15:10:46+00:00\",\"breadcrumb\":{\"@id\":\"https:\\\/\\\/qtmm.org\\\/qt\\\/meclis-reisi-mustafa-cemilev-is-ziyaretinen-turkiyege-ketti\\\/#breadcrumb\"},\"inLanguage\":\"qt\",\"potentialAction\":[{\"@type\":\"ReadAction\",\"target\":[\"https:\\\/\\\/qtmm.org\\\/qt\\\/meclis-reisi-mustafa-cemilev-is-ziyaretinen-turkiyege-ketti\\\/\"]}]},{\"@type\":\"BreadcrumbList\",\"@id\":\"https:\\\/\\\/qtmm.org\\\/qt\\\/meclis-reisi-mustafa-cemilev-is-ziyaretinen-turkiyege-ketti\\\/#breadcrumb\",\"itemListElement\":[{\"@type\":\"ListItem\",\"position\":1,\"name\":\"\u0413\u043e\u043b\u043e\u0432\u043d\u0430\",\"item\":\"https:\\\/\\\/qtmm.org\\\/qt\\\/\"},{\"@type\":\"ListItem\",\"position\":2,\"name\":\"Meclis reisi Mustafa Cemilev i\u015f ziyaretinen T\u00fcrkiyege ketti\"}]},{\"@type\":\"WebSite\",\"@id\":\"https:\\\/\\\/qtmm.org\\\/qt\\\/#website\",\"url\":\"https:\\\/\\\/qtmm.org\\\/qt\\\/\",\"name\":\"\u041c\u0435\u0434\u0436\u043b\u0456\u0441\",\"description\":\"\",\"publisher\":{\"@id\":\"https:\\\/\\\/qtmm.org\\\/qt\\\/#organization\"},\"potentialAction\":[{\"@type\":\"SearchAction\",\"target\":{\"@type\":\"EntryPoint\",\"urlTemplate\":\"https:\\\/\\\/qtmm.org\\\/qt\\\/?s={search_term_string}\"},\"query-input\":{\"@type\":\"PropertyValueSpecification\",\"valueRequired\":true,\"valueName\":\"search_term_string\"}}],\"inLanguage\":\"qt\"},{\"@type\":\"Organization\",\"@id\":\"https:\\\/\\\/qtmm.org\\\/qt\\\/#organization\",\"name\":\"\u041c\u0435\u0434\u0436\u043b\u0456\u0441\",\"url\":\"https:\\\/\\\/qtmm.org\\\/qt\\\/\",\"logo\":{\"@type\":\"ImageObject\",\"inLanguage\":\"qt\",\"@id\":\"https:\\\/\\\/qtmm.org\\\/qt\\\/#\\\/schema\\\/logo\\\/image\\\/\",\"url\":\"https:\\\/\\\/qtmm.org\\\/wp-content\\\/uploads\\\/2024\\\/12\\\/ua-mejlis-logo-rgb.svg\",\"contentUrl\":\"https:\\\/\\\/qtmm.org\\\/wp-content\\\/uploads\\\/2024\\\/12\\\/ua-mejlis-logo-rgb.svg\",\"caption\":\"\u041c\u0435\u0434\u0436\u043b\u0456\u0441\"},\"image\":{\"@id\":\"https:\\\/\\\/qtmm.org\\\/qt\\\/#\\\/schema\\\/logo\\\/image\\\/\"},\"sameAs\":[\"https:\\\/\\\/www.facebook.com\\\/qtmm.info\\\/\"]},{\"@type\":\"Person\",\"@id\":\"https:\\\/\\\/qtmm.org\\\/qt\\\/#\\\/schema\\\/person\\\/de562469f971dec226ac06e60bbf74a7\",\"name\":\"Developer\",\"image\":{\"@type\":\"ImageObject\",\"inLanguage\":\"qt\",\"@id\":\"https:\\\/\\\/secure.gravatar.com\\\/avatar\\\/392b4cc8fbfeb00b39dfeeab4ee6edded39ffd48e25858637e4765810300227e?s=96&d=mm&r=g\",\"url\":\"https:\\\/\\\/secure.gravatar.com\\\/avatar\\\/392b4cc8fbfeb00b39dfeeab4ee6edded39ffd48e25858637e4765810300227e?s=96&d=mm&r=g\",\"contentUrl\":\"https:\\\/\\\/secure.gravatar.com\\\/avatar\\\/392b4cc8fbfeb00b39dfeeab4ee6edded39ffd48e25858637e4765810300227e?s=96&d=mm&r=g\",\"caption\":\"Developer\"},\"url\":\"https:\\\/\\\/qtmm.org\\\/qt\\\/author\\\/Developer\\\/\"}]}<\/script>\n<!-- \/ Yoast SEO plugin. -->","yoast_head_json":{"title":"Meclis reisi Mustafa Cemilev i\u015f ziyaretinen T\u00fcrkiyege ketti - \u041c\u0435\u0434\u0436\u043b\u0456\u0441","robots":{"index":"index","follow":"follow","max-snippet":"max-snippet:-1","max-image-preview":"max-image-preview:large","max-video-preview":"max-video-preview:-1"},"canonical":"https:\/\/qtmm.org\/qt\/meclis-reisi-mustafa-cemilev-is-ziyaretinen-turkiyege-ketti\/","og_locale":"en_US","og_type":"article","og_title":"Meclis reisi Mustafa Cemilev i\u015f ziyaretinen T\u00fcrkiyege ketti - \u041c\u0435\u0434\u0436\u043b\u0456\u0441","og_description":"Q\u0131r\u0131m Nazirler \u015furas\u0131n\u0131\u00f1 reisi Anatoliy Mogil\u00f6v reberliginde Q\u0131r\u0131m delegatsiyas\u0131 resmiy ziyaretnen T\u00fcrkiye cumhuriyetine yol ald\u0131. Delegatsiya erk\u00e2n\u0131na Q\u0131r\u0131m Nazirler \u015furas\u0131n\u0131\u00f1 reisi Anatoliy Mogil\u00f6v, Q\u0131r\u0131m iqtisadiy inki\u015faf\u0131 ve ticaret naziri Svetlana Verba, Q\u0131r\u0131mtatar halq\u0131 Meclisini\u00f1 reisi, Ukraina halq deputat\u0131 Mustafa Cemilev, Ukraina halq deputat\u0131 B\u00f6ris Dey\u00e7, Q\u0131r\u0131m Nazirler \u015furas\u0131 reisini\u00f1 mesleat\u00e7\u0131s\u0131 Refat Kenjaliyev, Ukraina T\u0131\u015fq\u0131 i\u015fler [&hellip;]","og_url":"https:\/\/qtmm.org\/qt\/meclis-reisi-mustafa-cemilev-is-ziyaretinen-turkiyege-ketti\/","og_site_name":"\u041c\u0435\u0434\u0436\u043b\u0456\u0441","article_publisher":"https:\/\/www.facebook.com\/qtmm.info\/","article_published_time":"2012-04-17T15:10:00+00:00","article_modified_time":"2022-01-21T15:10:46+00:00","author":"Developer","twitter_card":"summary_large_image","twitter_misc":{"Written by":"Developer","Est. reading time":"1 minute"},"schema":{"@context":"https:\/\/schema.org","@graph":[{"@type":"Article","@id":"https:\/\/qtmm.org\/qt\/meclis-reisi-mustafa-cemilev-is-ziyaretinen-turkiyege-ketti\/#article","isPartOf":{"@id":"https:\/\/qtmm.org\/qt\/meclis-reisi-mustafa-cemilev-is-ziyaretinen-turkiyege-ketti\/"},"author":{"name":"Developer","@id":"https:\/\/qtmm.org\/qt\/#\/schema\/person\/de562469f971dec226ac06e60bbf74a7"},"headline":"Meclis reisi Mustafa Cemilev i\u015f ziyaretinen T\u00fcrkiyege ketti","datePublished":"2012-04-17T15:10:00+00:00","dateModified":"2022-01-21T15:10:46+00:00","mainEntityOfPage":{"@id":"https:\/\/qtmm.org\/qt\/meclis-reisi-mustafa-cemilev-is-ziyaretinen-turkiyege-ketti\/"},"wordCount":164,"commentCount":0,"publisher":{"@id":"https:\/\/qtmm.org\/qt\/#organization"},"articleSection":["Haberler"],"inLanguage":"qt","potentialAction":[{"@type":"CommentAction","name":"Comment","target":["https:\/\/qtmm.org\/qt\/meclis-reisi-mustafa-cemilev-is-ziyaretinen-turkiyege-ketti\/#respond"]}]},{"@type":"WebPage","@id":"https:\/\/qtmm.org\/qt\/meclis-reisi-mustafa-cemilev-is-ziyaretinen-turkiyege-ketti\/","url":"https:\/\/qtmm.org\/qt\/meclis-reisi-mustafa-cemilev-is-ziyaretinen-turkiyege-ketti\/","name":"Meclis reisi Mustafa Cemilev i\u015f ziyaretinen T\u00fcrkiyege ketti - \u041c\u0435\u0434\u0436\u043b\u0456\u0441","isPartOf":{"@id":"https:\/\/qtmm.org\/qt\/#website"},"datePublished":"2012-04-17T15:10:00+00:00","dateModified":"2022-01-21T15:10:46+00:00","breadcrumb":{"@id":"https:\/\/qtmm.org\/qt\/meclis-reisi-mustafa-cemilev-is-ziyaretinen-turkiyege-ketti\/#breadcrumb"},"inLanguage":"qt","potentialAction":[{"@type":"ReadAction","target":["https:\/\/qtmm.org\/qt\/meclis-reisi-mustafa-cemilev-is-ziyaretinen-turkiyege-ketti\/"]}]},{"@type":"BreadcrumbList","@id":"https:\/\/qtmm.org\/qt\/meclis-reisi-mustafa-cemilev-is-ziyaretinen-turkiyege-ketti\/#breadcrumb","itemListElement":[{"@type":"ListItem","position":1,"name":"\u0413\u043e\u043b\u043e\u0432\u043d\u0430","item":"https:\/\/qtmm.org\/qt\/"},{"@type":"ListItem","position":2,"name":"Meclis reisi Mustafa Cemilev i\u015f ziyaretinen T\u00fcrkiyege ketti"}]},{"@type":"WebSite","@id":"https:\/\/qtmm.org\/qt\/#website","url":"https:\/\/qtmm.org\/qt\/","name":"\u041c\u0435\u0434\u0436\u043b\u0456\u0441","description":"","publisher":{"@id":"https:\/\/qtmm.org\/qt\/#organization"},"potentialAction":[{"@type":"SearchAction","target":{"@type":"EntryPoint","urlTemplate":"https:\/\/qtmm.org\/qt\/?s={search_term_string}"},"query-input":{"@type":"PropertyValueSpecification","valueRequired":true,"valueName":"search_term_string"}}],"inLanguage":"qt"},{"@type":"Organization","@id":"https:\/\/qtmm.org\/qt\/#organization","name":"\u041c\u0435\u0434\u0436\u043b\u0456\u0441","url":"https:\/\/qtmm.org\/qt\/","logo":{"@type":"ImageObject","inLanguage":"qt","@id":"https:\/\/qtmm.org\/qt\/#\/schema\/logo\/image\/","url":"https:\/\/qtmm.org\/wp-content\/uploads\/2024\/12\/ua-mejlis-logo-rgb.svg","contentUrl":"https:\/\/qtmm.org\/wp-content\/uploads\/2024\/12\/ua-mejlis-logo-rgb.svg","caption":"\u041c\u0435\u0434\u0436\u043b\u0456\u0441"},"image":{"@id":"https:\/\/qtmm.org\/qt\/#\/schema\/logo\/image\/"},"sameAs":["https:\/\/www.facebook.com\/qtmm.info\/"]},{"@type":"Person","@id":"https:\/\/qtmm.org\/qt\/#\/schema\/person\/de562469f971dec226ac06e60bbf74a7","name":"Developer","image":{"@type":"ImageObject","inLanguage":"qt","@id":"https:\/\/secure.gravatar.com\/avatar\/392b4cc8fbfeb00b39dfeeab4ee6edded39ffd48e25858637e4765810300227e?s=96&d=mm&r=g","url":"https:\/\/secure.gravatar.com\/avatar\/392b4cc8fbfeb00b39dfeeab4ee6edded39ffd48e25858637e4765810300227e?s=96&d=mm&r=g","contentUrl":"https:\/\/secure.gravatar.com\/avatar\/392b4cc8fbfeb00b39dfeeab4ee6edded39ffd48e25858637e4765810300227e?s=96&d=mm&r=g","caption":"Developer"},"url":"https:\/\/qtmm.org\/qt\/author\/Developer\/"}]}},"_links":{"self":[{"href":"https:\/\/qtmm.org\/qt\/wp-json\/wp\/v2\/posts\/30204","targetHints":{"allow":["GET"]}}],"collection":[{"href":"https:\/\/qtmm.org\/qt\/wp-json\/wp\/v2\/posts"}],"about":[{"href":"https:\/\/qtmm.org\/qt\/wp-json\/wp\/v2\/types\/post"}],"author":[{"embeddable":true,"href":"https:\/\/qtmm.org\/qt\/wp-json\/wp\/v2\/users\/1"}],"replies":[{"embeddable":true,"href":"https:\/\/qtmm.org\/qt\/wp-json\/wp\/v2\/comments?post=30204"}],"version-history":[{"count":1,"href":"https:\/\/qtmm.org\/qt\/wp-json\/wp\/v2\/posts\/30204\/revisions"}],"predecessor-version":[{"id":30205,"href":"https:\/\/qtmm.org\/qt\/wp-json\/wp\/v2\/posts\/30204\/revisions\/30205"}],"wp:attachment":[{"href":"https:\/\/qtmm.org\/qt\/wp-json\/wp\/v2\/media?parent=30204"}],"wp:term":[{"taxonomy":"category","embeddable":true,"href":"https:\/\/qtmm.org\/qt\/wp-json\/wp\/v2\/categories?post=30204"},{"taxonomy":"post_tag","embeddable":true,"href":"https:\/\/qtmm.org\/qt\/wp-json\/wp\/v2\/tags?post=30204"}],"curies":[{"name":"wp","href":"https:\/\/api.w.org\/{rel}","templated":true}]}}