




{"id":30134,"date":"2012-04-17T18:08:00","date_gmt":"2012-04-17T15:08:00","guid":{"rendered":"http:\/\/qtmm.org\/?p=30134"},"modified":"2022-01-21T18:10:12","modified_gmt":"2022-01-21T15:10:12","slug":"kecmisni-unutmayiq-kelecekni-tusuneyik-deyler-qirimtatar-milliy-areket-veteranlari","status":"publish","type":"post","link":"https:\/\/qtmm.org\/qt\/kecmisni-unutmayiq-kelecekni-tusuneyik-deyler-qirimtatar-milliy-areket-veteranlari\/","title":{"rendered":"\u00abKe\u00e7mi\u015fni unutmay\u0131q, kelecekni t\u00fc\u015f\u00fcneyik\u00bb, &#8211; deyler Q\u0131r\u0131mtatar milliy areket veteranlar\u0131"},"content":{"rendered":"\n<p>2012 senesi aprel 16 k\u00fcn\u00fc Q\u0131r\u0131mtatar halq\u0131 milliy areketini\u00f1 veteranlar\u0131, Mustafa Cemilevni\u00f1 soy-aqrabalar\u0131 ve meslekde\u015fleri, q\u0131r\u0131mtatar cemaat te\u015fkil\u00e2tlar\u0131n\u0131\u00f1 vekilleri Meclis ofisinde toplan\u0131p, 36 senesi evel ol\u011fan Omsk mahkemesini hat\u0131rlad\u0131lar. K\u00f6r\u00fc\u015f\u00fcv s\u0131caq ve samimiy m\u00fcitte ke\u00e7ti.<\/p>\n\n\n\n<p>Mustafa Cemilevni\u00f1 musafirleri aras\u0131nda o k\u00fcn\u00fc on\u0131\u00f1 a\u011fas\u0131 Asan Cemilev, ablalar\u0131 Vasfiye Hairova ve G\u00fclizar Abdullayeva bar ediler. Meclis reisini yoqlap on\u0131\u00f1 milliy areket boyunca safda\u015flar\u0131 Zampira Asanova, Veciye Ka\u015fka, Ayder Zeytullayev, Remzi Ablayev, Ediye Cemileva, Arsen Al\u00e7ikov, Rolan \u0130sl\u00e2mov, Mambet \u00dcseinov, Saliha Seydametova, Velor Saranayev, Zodiye Saliyeva, Sinaver Qad\u0131rov, Zevcet Qurt\u00fcmerov, Ali Hamzin, 5-nci \u00e7a\u011f\u0131r\u0131l\u0131\u015f Qurultay tefti\u015f komissiyas\u0131 reisini\u00f1 vazifesini eda etken Qurtseit Abdullayev, Fadime-\u015eerfe Mambetova, Ferasultan Murados\u0131lova, Q\u0131r\u0131mtatar qad\u0131nlar birligi idaresini\u00f1 azas\u0131 Zarema Haliqova, &#8220;FOND &#8220;KRIM&#8221; Hayriye te\u015fkil\u00e2t\u0131n\u0131\u00f1 reisi Riza \u015eevqiyev, yaz\u0131c\u0131 \u00dcriye Edemova ve digerleri keldiler.<\/p>\n\n\n\n<p>K\u00f6r\u00fc\u015f\u00fcv i\u015ftirak\u00e7ileri er sene toplan\u0131p, \u00f6z halq\u0131n\u0131\u00f1 aq-uquqlar\u0131 i\u00e7\u00fcn ate\u015fin k\u00fcre\u015f\u00e7i, belli uquqqoruy\u0131c\u0131, Q\u0131r\u0131mtatar halq\u0131 Meclisini\u00f1 reisi, Ukraina halq deputat\u0131 Mustafa Cemilevni\u00f1 i\u015fi boyunca \u00f6tkerilgen e\u00f1 daval\u0131 mahkeme aqq\u0131nda hat\u0131rlavlar\u0131nen payla\u015falar.<\/p>\n\n\n\n<p>Belli ki, 1976 senesi sovet rejimi taraf\u0131ndan Mustafa Cemilev \u00fczerinden yap\u0131l\u011fan mahkeme uzaq, \u00e7oqluq bilmegen Omsk \u015feerini zulum ve adaletni\u00f1 qapa-qar\u015f\u0131l\u0131\u011f\u0131 meydan\u0131na \u00e7evirip, b\u00fct\u00fcn d\u00fcnyan\u0131\u00f1 diqqat\u0131n\u0131 celp etti. Mahkemede bir yanda sovet devletinde demokratik k\u00fc\u00e7lerni temsil etken Mustafa Cemilev ve o\u00f1a qoltutqan cian cemaat\u00e7\u0131l\u0131\u011f\u0131, diger tarafta ise sovetler imperiyas\u0131 kommunistler partiyas\u0131n\u0131\u00f1 insanl\u0131qqa qar\u015f\u0131 k\u00fc\u00e7leri turd\u0131lar.<\/p>\n\n\n\n<p>Toplan\u011fanlar 1976 senesini\u00f1 aprelini ve a\u00e7l\u0131q il\u00e2n etip, 303 k\u00fcn a\u00e7l\u0131q tutqan Mustafa Cemilevni\u00f1 al\u0131n\u0131 k\u00f6zya\u015flar\u0131 ile hat\u0131rlad\u0131lar. &#8220;Q\u0131r\u0131mtatar halq\u0131 \u00f6z lideri, on\u0131\u00f1 ces\u00fcrligi ve \u00f6z milletini\u00f1 aqlar\u0131 o\u011frundaki k\u00fcre\u015fte qatt\u0131 printsiplerinen \u011fururlana&#8221;, &#8211; dediler q\u0131r\u0131mtatar halq\u0131 milliy areketini\u00f1 i\u015ftirak\u00e7ileri.<br>Vasfiye Hairova, Veciye Ka\u015fka, Remzi Ablayev Mustafa Cemilev mahkemesinen ba\u011fl\u0131 meraql\u0131 adiselerni tarif ettiler, Asan Cemilev ise Omsk mahkemesine akademik A. Saharov refiqas\u0131 Yelena B\u00f6nner ile kelgenini hat\u0131rlad\u0131.<\/p>\n\n\n\n<p>Q\u0131r\u0131mtatar halq\u0131 Meclisini\u00f1 reisi Mustafa Cemilev, on\u0131\u00f1 \u00f6m\u00fcrindeki mahkemeler birisini\u00f1 36 y\u0131ll\u0131\u011f\u0131 munasebetinen toplan\u011fan arqada\u015flar\u0131na minnetdarl\u0131q bildirip, apste bulun\u011fan uzun y\u0131llar devam\u0131nda o\u00f1a halqn\u0131\u00f1, q\u0131r\u0131mtatar milliy areketi i\u015ftirak\u00e7ilerini\u00f1 aktivligi, halqara cemaat\u00e7\u0131l\u0131qn\u0131\u00f1, dissident areketi vekillerini\u00f1 qoltutuv\u0131 k\u00fc\u00e7 taqat bergeni, ya\u015fama\u011fa, k\u00fcre\u015fni devam etmege siltem bergenini aytt\u0131.<\/p>\n\n\n\n<p><em><strong>Mal\u00fcmat i\u00e7\u00fcn:&nbsp;<\/strong><\/em>&nbsp;&nbsp;<em>1976 senesi Omsk mahkemesi sovetler devletinde uquqqoruv areketi i\u015ftirak\u00e7isi \u00fczerinden yap\u0131l\u011fan, totalitar rejimni\u00f1 e\u00f1 \u015f\u00e7iddetli taraflar\u0131n\u0131 numay\u0131\u015f etken e\u00f1 daval\u0131 mahkemelerden biri edi. Bug\u00fcn \u015fun\u0131 eminliknen aytmaq m\u00fcmk\u00fcn ki, mahkemege qadar devam etken misilsiz a\u00e7l\u0131q 33 ya\u015fl\u0131 Mustafa Cemilevni\u00f1 iradesigni b\u00fckip olamad\u0131. O zaman q\u0131r\u0131mtatar halq\u0131 aqlar\u0131 i\u00e7\u00fcn k\u00fcre\u015f\u00e7ini\u00f1 azat etilmesini belli uquqqoruy\u0131c\u0131lar Petr Grigorenko, Andrey Saharov, rusiyeli yaz\u0131c\u0131lar Lev K\u00f6pelev, Lidiya \u00c7ukovskaya, Aleksandr Gali\u00e7,belli alman yaz\u0131c\u0131lar\u0131 Genrih B\u00f6ll ve Karl Ameri talap ettiler. \u00c7etelde on\u0131\u00f1 ayat\u0131n\u0131 saqlap qaluv boyunca keni\u015f kampaniya te\u015fkil etilip, o ve q\u0131r\u0131mtatar halq\u0131 aqq\u0131nda gazeta maqaleleri ve radio, televideniye yay\u0131nlar\u0131nda ik\u00e2ye ettiler.<\/em><\/p>\n\n\n\n<p><em>Omsk mahkemesi ve tutul\u011fan a\u00e7l\u0131q ile ba\u011fl\u0131 vaqialar b\u00f6yle halqara t\u00fcs alaca\u011f\u0131n\u0131 beklemegen akimler atta biraz \u015fa\u015fmala\u011fan kibi de old\u0131lar. Bir \u00e7oq \u00e7etel radiolar\u0131 Mustafa Cemilev tutqan a\u00e7l\u0131q keti\u015fat\u0131nen tan\u0131\u015f etip, bu aktsiyan\u0131\u00f1 sebebi ve q\u0131r\u0131mtatar halq\u0131 meselesini\u00f1 \u00e7ezimi, k\u00fcre\u015flerini\u00f1 maqsad\u0131 aqq\u0131nda turmadan aytt\u0131lar.<\/em><\/p>\n\n\n\n<p><em>Omsk mahkemesi m\u00fcim emiyetke malik adise olaraq, y\u00fcksek irade, \u00f6z \u011faye ve areketleri\u00f1gni\u00f1 aql\u0131\u011f\u0131na eminlik temsili old\u0131. Bu mahkeme ayr\u0131 bir adam ces\u00fcrane qar\u015f\u0131l\u0131q k\u00f6stere bilmesi, sa\u011fl\u0131\u011f\u0131 ve atta ayat\u0131n\u0131 orta\u011fa qoy\u0131p, \u00e7arp\u0131\u015fma\u011fa at\u0131lmas\u0131\u0131n\u0131\u00f1 numay\u0131\u015f\u0131 old\u0131.<\/em><\/p>\n\n\n\n<p><\/p>\n\n\n\n<figure class=\"wp-block-gallery columns-3 is-cropped wp-block-gallery-1 is-layout-flex wp-block-gallery-is-layout-flex\"><ul class=\"blocks-gallery-grid\"><li class=\"blocks-gallery-item\"><figure><a href=\"http:\/\/qtmm.org\/wp-content\/uploads\/2022\/01\/4f902f5e2c0b4.jpeg\"><img loading=\"lazy\" decoding=\"async\" width=\"640\" height=\"480\" src=\"http:\/\/qtmm.org\/wp-content\/uploads\/2022\/01\/4f902f5e2c0b4.jpeg\" alt=\"\" data-id=\"30135\" data-full-url=\"http:\/\/qtmm.org\/wp-content\/uploads\/2022\/01\/4f902f5e2c0b4.jpeg\" data-link=\"http:\/\/qtmm.org\/qt\/?attachment_id=30135\" class=\"wp-image-30135\" srcset=\"https:\/\/qtmm.org\/wp-content\/uploads\/2022\/01\/4f902f5e2c0b4.jpeg 640w, https:\/\/qtmm.org\/wp-content\/uploads\/2022\/01\/4f902f5e2c0b4-300x225.jpeg 300w\" sizes=\"auto, (max-width: 640px) 100vw, 640px\" \/><\/a><\/figure><\/li><li class=\"blocks-gallery-item\"><figure><a href=\"http:\/\/qtmm.org\/wp-content\/uploads\/2022\/01\/4f902f5e4efaa.jpeg\"><img loading=\"lazy\" decoding=\"async\" width=\"640\" height=\"480\" src=\"http:\/\/qtmm.org\/wp-content\/uploads\/2022\/01\/4f902f5e4efaa.jpeg\" alt=\"\" data-id=\"30139\" data-full-url=\"http:\/\/qtmm.org\/wp-content\/uploads\/2022\/01\/4f902f5e4efaa.jpeg\" data-link=\"http:\/\/qtmm.org\/qt\/?attachment_id=30139\" class=\"wp-image-30139\" srcset=\"https:\/\/qtmm.org\/wp-content\/uploads\/2022\/01\/4f902f5e4efaa.jpeg 640w, https:\/\/qtmm.org\/wp-content\/uploads\/2022\/01\/4f902f5e4efaa-300x225.jpeg 300w\" sizes=\"auto, (max-width: 640px) 100vw, 640px\" \/><\/a><\/figure><\/li><li class=\"blocks-gallery-item\"><figure><a href=\"http:\/\/qtmm.org\/wp-content\/uploads\/2022\/01\/4f902f5e6dfc8.jpeg\"><img loading=\"lazy\" decoding=\"async\" width=\"640\" height=\"480\" src=\"http:\/\/qtmm.org\/wp-content\/uploads\/2022\/01\/4f902f5e6dfc8.jpeg\" alt=\"\" data-id=\"30143\" data-full-url=\"http:\/\/qtmm.org\/wp-content\/uploads\/2022\/01\/4f902f5e6dfc8.jpeg\" data-link=\"http:\/\/qtmm.org\/qt\/?attachment_id=30143\" class=\"wp-image-30143\" srcset=\"https:\/\/qtmm.org\/wp-content\/uploads\/2022\/01\/4f902f5e6dfc8.jpeg 640w, https:\/\/qtmm.org\/wp-content\/uploads\/2022\/01\/4f902f5e6dfc8-300x225.jpeg 300w\" sizes=\"auto, (max-width: 640px) 100vw, 640px\" \/><\/a><\/figure><\/li><li class=\"blocks-gallery-item\"><figure><a href=\"http:\/\/qtmm.org\/wp-content\/uploads\/2022\/01\/4f902f5e90e17.jpeg\"><img loading=\"lazy\" decoding=\"async\" width=\"640\" height=\"480\" src=\"http:\/\/qtmm.org\/wp-content\/uploads\/2022\/01\/4f902f5e90e17.jpeg\" alt=\"\" data-id=\"30147\" data-full-url=\"http:\/\/qtmm.org\/wp-content\/uploads\/2022\/01\/4f902f5e90e17.jpeg\" data-link=\"http:\/\/qtmm.org\/qt\/?attachment_id=30147\" class=\"wp-image-30147\" srcset=\"https:\/\/qtmm.org\/wp-content\/uploads\/2022\/01\/4f902f5e90e17.jpeg 640w, https:\/\/qtmm.org\/wp-content\/uploads\/2022\/01\/4f902f5e90e17-300x225.jpeg 300w\" sizes=\"auto, (max-width: 640px) 100vw, 640px\" \/><\/a><\/figure><\/li><li class=\"blocks-gallery-item\"><figure><a href=\"http:\/\/qtmm.org\/wp-content\/uploads\/2022\/01\/4f902f5eb027e.jpeg\"><img loading=\"lazy\" decoding=\"async\" width=\"640\" height=\"480\" src=\"http:\/\/qtmm.org\/wp-content\/uploads\/2022\/01\/4f902f5eb027e.jpeg\" alt=\"\" data-id=\"30151\" data-full-url=\"http:\/\/qtmm.org\/wp-content\/uploads\/2022\/01\/4f902f5eb027e.jpeg\" data-link=\"http:\/\/qtmm.org\/qt\/?attachment_id=30151\" class=\"wp-image-30151\" srcset=\"https:\/\/qtmm.org\/wp-content\/uploads\/2022\/01\/4f902f5eb027e.jpeg 640w, https:\/\/qtmm.org\/wp-content\/uploads\/2022\/01\/4f902f5eb027e-300x225.jpeg 300w\" sizes=\"auto, (max-width: 640px) 100vw, 640px\" \/><\/a><\/figure><\/li><li class=\"blocks-gallery-item\"><figure><a href=\"http:\/\/qtmm.org\/wp-content\/uploads\/2022\/01\/4f902f5ed449a.jpeg\"><img loading=\"lazy\" decoding=\"async\" width=\"640\" height=\"480\" src=\"http:\/\/qtmm.org\/wp-content\/uploads\/2022\/01\/4f902f5ed449a.jpeg\" alt=\"\" data-id=\"30155\" data-full-url=\"http:\/\/qtmm.org\/wp-content\/uploads\/2022\/01\/4f902f5ed449a.jpeg\" data-link=\"http:\/\/qtmm.org\/qt\/?attachment_id=30155\" class=\"wp-image-30155\" srcset=\"https:\/\/qtmm.org\/wp-content\/uploads\/2022\/01\/4f902f5ed449a.jpeg 640w, https:\/\/qtmm.org\/wp-content\/uploads\/2022\/01\/4f902f5ed449a-300x225.jpeg 300w\" sizes=\"auto, (max-width: 640px) 100vw, 640px\" \/><\/a><\/figure><\/li><li class=\"blocks-gallery-item\"><figure><a href=\"http:\/\/qtmm.org\/wp-content\/uploads\/2022\/01\/4f902f5f03872.jpeg\"><img loading=\"lazy\" decoding=\"async\" width=\"640\" height=\"480\" src=\"http:\/\/qtmm.org\/wp-content\/uploads\/2022\/01\/4f902f5f03872.jpeg\" alt=\"\" data-id=\"30159\" data-full-url=\"http:\/\/qtmm.org\/wp-content\/uploads\/2022\/01\/4f902f5f03872.jpeg\" data-link=\"http:\/\/qtmm.org\/qt\/?attachment_id=30159\" class=\"wp-image-30159\" srcset=\"https:\/\/qtmm.org\/wp-content\/uploads\/2022\/01\/4f902f5f03872.jpeg 640w, https:\/\/qtmm.org\/wp-content\/uploads\/2022\/01\/4f902f5f03872-300x225.jpeg 300w\" sizes=\"auto, (max-width: 640px) 100vw, 640px\" \/><\/a><\/figure><\/li><li class=\"blocks-gallery-item\"><figure><a href=\"http:\/\/qtmm.org\/wp-content\/uploads\/2022\/01\/4f902f5f30399.jpeg\"><img loading=\"lazy\" decoding=\"async\" width=\"640\" height=\"480\" src=\"http:\/\/qtmm.org\/wp-content\/uploads\/2022\/01\/4f902f5f30399.jpeg\" alt=\"\" data-id=\"30163\" data-full-url=\"http:\/\/qtmm.org\/wp-content\/uploads\/2022\/01\/4f902f5f30399.jpeg\" data-link=\"http:\/\/qtmm.org\/qt\/?attachment_id=30163\" class=\"wp-image-30163\" srcset=\"https:\/\/qtmm.org\/wp-content\/uploads\/2022\/01\/4f902f5f30399.jpeg 640w, https:\/\/qtmm.org\/wp-content\/uploads\/2022\/01\/4f902f5f30399-300x225.jpeg 300w\" sizes=\"auto, (max-width: 640px) 100vw, 640px\" \/><\/a><\/figure><\/li><li class=\"blocks-gallery-item\"><figure><a href=\"http:\/\/qtmm.org\/wp-content\/uploads\/2022\/01\/4f902f60bd184.jpeg\"><img loading=\"lazy\" decoding=\"async\" width=\"640\" height=\"480\" src=\"http:\/\/qtmm.org\/wp-content\/uploads\/2022\/01\/4f902f60bd184.jpeg\" alt=\"\" data-id=\"30167\" data-full-url=\"http:\/\/qtmm.org\/wp-content\/uploads\/2022\/01\/4f902f60bd184.jpeg\" data-link=\"http:\/\/qtmm.org\/qt\/?attachment_id=30167\" class=\"wp-image-30167\" srcset=\"https:\/\/qtmm.org\/wp-content\/uploads\/2022\/01\/4f902f60bd184.jpeg 640w, https:\/\/qtmm.org\/wp-content\/uploads\/2022\/01\/4f902f60bd184-300x225.jpeg 300w\" sizes=\"auto, (max-width: 640px) 100vw, 640px\" \/><\/a><\/figure><\/li><li class=\"blocks-gallery-item\"><figure><a href=\"http:\/\/qtmm.org\/wp-content\/uploads\/2022\/01\/4f902f60ef2bd.jpeg\"><img loading=\"lazy\" decoding=\"async\" width=\"640\" height=\"480\" src=\"http:\/\/qtmm.org\/wp-content\/uploads\/2022\/01\/4f902f60ef2bd.jpeg\" alt=\"\" data-id=\"30171\" data-full-url=\"http:\/\/qtmm.org\/wp-content\/uploads\/2022\/01\/4f902f60ef2bd.jpeg\" data-link=\"http:\/\/qtmm.org\/qt\/?attachment_id=30171\" class=\"wp-image-30171\" srcset=\"https:\/\/qtmm.org\/wp-content\/uploads\/2022\/01\/4f902f60ef2bd.jpeg 640w, https:\/\/qtmm.org\/wp-content\/uploads\/2022\/01\/4f902f60ef2bd-300x225.jpeg 300w\" sizes=\"auto, (max-width: 640px) 100vw, 640px\" \/><\/a><\/figure><\/li><li class=\"blocks-gallery-item\"><figure><a href=\"http:\/\/qtmm.org\/wp-content\/uploads\/2022\/01\/4f902f61b7fc5.jpeg\"><img loading=\"lazy\" decoding=\"async\" width=\"640\" height=\"480\" src=\"http:\/\/qtmm.org\/wp-content\/uploads\/2022\/01\/4f902f61b7fc5.jpeg\" alt=\"\" data-id=\"30175\" data-full-url=\"http:\/\/qtmm.org\/wp-content\/uploads\/2022\/01\/4f902f61b7fc5.jpeg\" data-link=\"http:\/\/qtmm.org\/qt\/?attachment_id=30175\" class=\"wp-image-30175\" srcset=\"https:\/\/qtmm.org\/wp-content\/uploads\/2022\/01\/4f902f61b7fc5.jpeg 640w, https:\/\/qtmm.org\/wp-content\/uploads\/2022\/01\/4f902f61b7fc5-300x225.jpeg 300w\" sizes=\"auto, (max-width: 640px) 100vw, 640px\" \/><\/a><\/figure><\/li><li class=\"blocks-gallery-item\"><figure><a href=\"http:\/\/qtmm.org\/wp-content\/uploads\/2022\/01\/4f902f61ddd3f.jpeg\"><img loading=\"lazy\" decoding=\"async\" width=\"640\" height=\"480\" src=\"http:\/\/qtmm.org\/wp-content\/uploads\/2022\/01\/4f902f61ddd3f.jpeg\" alt=\"\" data-id=\"30179\" data-full-url=\"http:\/\/qtmm.org\/wp-content\/uploads\/2022\/01\/4f902f61ddd3f.jpeg\" data-link=\"http:\/\/qtmm.org\/qt\/?attachment_id=30179\" class=\"wp-image-30179\" srcset=\"https:\/\/qtmm.org\/wp-content\/uploads\/2022\/01\/4f902f61ddd3f.jpeg 640w, https:\/\/qtmm.org\/wp-content\/uploads\/2022\/01\/4f902f61ddd3f-300x225.jpeg 300w\" sizes=\"auto, (max-width: 640px) 100vw, 640px\" \/><\/a><\/figure><\/li><li class=\"blocks-gallery-item\"><figure><a href=\"http:\/\/qtmm.org\/wp-content\/uploads\/2022\/01\/4f902f620aa5e.jpeg\"><img loading=\"lazy\" decoding=\"async\" width=\"640\" height=\"480\" src=\"http:\/\/qtmm.org\/wp-content\/uploads\/2022\/01\/4f902f620aa5e.jpeg\" alt=\"\" data-id=\"30183\" data-full-url=\"http:\/\/qtmm.org\/wp-content\/uploads\/2022\/01\/4f902f620aa5e.jpeg\" data-link=\"http:\/\/qtmm.org\/qt\/?attachment_id=30183\" class=\"wp-image-30183\" srcset=\"https:\/\/qtmm.org\/wp-content\/uploads\/2022\/01\/4f902f620aa5e.jpeg 640w, https:\/\/qtmm.org\/wp-content\/uploads\/2022\/01\/4f902f620aa5e-300x225.jpeg 300w\" sizes=\"auto, (max-width: 640px) 100vw, 640px\" \/><\/a><\/figure><\/li><li class=\"blocks-gallery-item\"><figure><a href=\"http:\/\/qtmm.org\/wp-content\/uploads\/2022\/01\/4f902f622bda4.jpeg\"><img loading=\"lazy\" decoding=\"async\" width=\"640\" height=\"480\" src=\"http:\/\/qtmm.org\/wp-content\/uploads\/2022\/01\/4f902f622bda4.jpeg\" alt=\"\" data-id=\"30187\" data-full-url=\"http:\/\/qtmm.org\/wp-content\/uploads\/2022\/01\/4f902f622bda4.jpeg\" data-link=\"http:\/\/qtmm.org\/qt\/?attachment_id=30187\" class=\"wp-image-30187\" srcset=\"https:\/\/qtmm.org\/wp-content\/uploads\/2022\/01\/4f902f622bda4.jpeg 640w, https:\/\/qtmm.org\/wp-content\/uploads\/2022\/01\/4f902f622bda4-300x225.jpeg 300w\" sizes=\"auto, (max-width: 640px) 100vw, 640px\" \/><\/a><\/figure><\/li><li class=\"blocks-gallery-item\"><figure><a href=\"http:\/\/qtmm.org\/wp-content\/uploads\/2022\/01\/4f902f6062c3f.jpeg\"><img loading=\"lazy\" decoding=\"async\" width=\"640\" height=\"480\" src=\"http:\/\/qtmm.org\/wp-content\/uploads\/2022\/01\/4f902f6062c3f.jpeg\" alt=\"\" data-id=\"30191\" data-full-url=\"http:\/\/qtmm.org\/wp-content\/uploads\/2022\/01\/4f902f6062c3f.jpeg\" data-link=\"http:\/\/qtmm.org\/qt\/?attachment_id=30191\" class=\"wp-image-30191\" srcset=\"https:\/\/qtmm.org\/wp-content\/uploads\/2022\/01\/4f902f6062c3f.jpeg 640w, https:\/\/qtmm.org\/wp-content\/uploads\/2022\/01\/4f902f6062c3f-300x225.jpeg 300w\" sizes=\"auto, (max-width: 640px) 100vw, 640px\" \/><\/a><\/figure><\/li><li class=\"blocks-gallery-item\"><figure><a href=\"http:\/\/qtmm.org\/wp-content\/uploads\/2022\/01\/4f902f6196c78.jpeg\"><img loading=\"lazy\" decoding=\"async\" width=\"640\" height=\"480\" src=\"http:\/\/qtmm.org\/wp-content\/uploads\/2022\/01\/4f902f6196c78.jpeg\" alt=\"\" data-id=\"30195\" data-full-url=\"http:\/\/qtmm.org\/wp-content\/uploads\/2022\/01\/4f902f6196c78.jpeg\" data-link=\"http:\/\/qtmm.org\/qt\/?attachment_id=30195\" class=\"wp-image-30195\" srcset=\"https:\/\/qtmm.org\/wp-content\/uploads\/2022\/01\/4f902f6196c78.jpeg 640w, https:\/\/qtmm.org\/wp-content\/uploads\/2022\/01\/4f902f6196c78-300x225.jpeg 300w\" sizes=\"auto, (max-width: 640px) 100vw, 640px\" \/><\/a><\/figure><\/li><li class=\"blocks-gallery-item\"><figure><a href=\"http:\/\/qtmm.org\/wp-content\/uploads\/2022\/01\/4f902f62503b2.jpeg\"><img loading=\"lazy\" decoding=\"async\" width=\"640\" height=\"480\" src=\"http:\/\/qtmm.org\/wp-content\/uploads\/2022\/01\/4f902f62503b2.jpeg\" alt=\"\" data-id=\"30199\" data-full-url=\"http:\/\/qtmm.org\/wp-content\/uploads\/2022\/01\/4f902f62503b2.jpeg\" data-link=\"http:\/\/qtmm.org\/qt\/?attachment_id=30199\" class=\"wp-image-30199\" srcset=\"https:\/\/qtmm.org\/wp-content\/uploads\/2022\/01\/4f902f62503b2.jpeg 640w, https:\/\/qtmm.org\/wp-content\/uploads\/2022\/01\/4f902f62503b2-300x225.jpeg 300w\" sizes=\"auto, (max-width: 640px) 100vw, 640px\" \/><\/a><\/figure><\/li><\/ul><\/figure>\n","protected":false},"excerpt":{"rendered":"<p>2012 senesi aprel 16 k\u00fcn\u00fc Q\u0131r\u0131mtatar halq\u0131 milliy areketini\u00f1 veteranlar\u0131, Mustafa Cemilevni\u00f1 soy-aqrabalar\u0131 ve meslekde\u015fleri, q\u0131r\u0131mtatar cemaat te\u015fkil\u00e2tlar\u0131n\u0131\u00f1 vekilleri Meclis ofisinde toplan\u0131p, 36 senesi evel ol\u011fan Omsk mahkemesini hat\u0131rlad\u0131lar. K\u00f6r\u00fc\u015f\u00fcv s\u0131caq ve samimiy m\u00fcitte ke\u00e7ti. Mustafa Cemilevni\u00f1 musafirleri aras\u0131nda o k\u00fcn\u00fc on\u0131\u00f1 a\u011fas\u0131 Asan Cemilev, ablalar\u0131 Vasfiye Hairova ve G\u00fclizar Abdullayeva bar ediler. Meclis reisini [&hellip;]<\/p>\n","protected":false},"author":1,"featured_media":30187,"comment_status":"open","ping_status":"open","sticky":false,"template":"","format":"standard","meta":{"inline_featured_image":false,"footnotes":""},"categories":[265],"tags":[],"class_list":["post-30134","post","type-post","status-publish","format-standard","has-post-thumbnail","hentry","category-haberler"],"acf":[],"yoast_head":"<!-- This site is optimized with the Yoast SEO plugin v27.4 - https:\/\/yoast.com\/product\/yoast-seo-wordpress\/ -->\n<title>\u00abKe\u00e7mi\u015fni unutmay\u0131q, kelecekni t\u00fc\u015f\u00fcneyik\u00bb, - deyler Q\u0131r\u0131mtatar milliy areket veteranlar\u0131 - \u041c\u0435\u0434\u0436\u043b\u0456\u0441<\/title>\n<meta name=\"robots\" content=\"index, follow, max-snippet:-1, max-image-preview:large, max-video-preview:-1\" \/>\n<link rel=\"canonical\" href=\"https:\/\/qtmm.org\/qt\/kecmisni-unutmayiq-kelecekni-tusuneyik-deyler-qirimtatar-milliy-areket-veteranlari\/\" \/>\n<meta property=\"og:locale\" content=\"en_US\" \/>\n<meta property=\"og:type\" content=\"article\" \/>\n<meta property=\"og:title\" content=\"\u00abKe\u00e7mi\u015fni unutmay\u0131q, kelecekni t\u00fc\u015f\u00fcneyik\u00bb, - deyler Q\u0131r\u0131mtatar milliy areket veteranlar\u0131 - \u041c\u0435\u0434\u0436\u043b\u0456\u0441\" \/>\n<meta property=\"og:description\" content=\"2012 senesi aprel 16 k\u00fcn\u00fc Q\u0131r\u0131mtatar halq\u0131 milliy areketini\u00f1 veteranlar\u0131, Mustafa Cemilevni\u00f1 soy-aqrabalar\u0131 ve meslekde\u015fleri, q\u0131r\u0131mtatar cemaat te\u015fkil\u00e2tlar\u0131n\u0131\u00f1 vekilleri Meclis ofisinde toplan\u0131p, 36 senesi evel ol\u011fan Omsk mahkemesini hat\u0131rlad\u0131lar. K\u00f6r\u00fc\u015f\u00fcv s\u0131caq ve samimiy m\u00fcitte ke\u00e7ti. Mustafa Cemilevni\u00f1 musafirleri aras\u0131nda o k\u00fcn\u00fc on\u0131\u00f1 a\u011fas\u0131 Asan Cemilev, ablalar\u0131 Vasfiye Hairova ve G\u00fclizar Abdullayeva bar ediler. Meclis reisini [&hellip;]\" \/>\n<meta property=\"og:url\" content=\"https:\/\/qtmm.org\/qt\/kecmisni-unutmayiq-kelecekni-tusuneyik-deyler-qirimtatar-milliy-areket-veteranlari\/\" \/>\n<meta property=\"og:site_name\" content=\"\u041c\u0435\u0434\u0436\u043b\u0456\u0441\" \/>\n<meta property=\"article:publisher\" content=\"https:\/\/www.facebook.com\/qtmm.info\/\" \/>\n<meta property=\"article:published_time\" content=\"2012-04-17T15:08:00+00:00\" \/>\n<meta property=\"article:modified_time\" content=\"2022-01-21T15:10:12+00:00\" \/>\n<meta property=\"og:image\" content=\"https:\/\/qtmm.org\/wp-content\/uploads\/2022\/01\/4f902f622bda4.jpeg\" \/>\n\t<meta property=\"og:image:width\" content=\"640\" \/>\n\t<meta property=\"og:image:height\" content=\"480\" \/>\n\t<meta property=\"og:image:type\" content=\"image\/jpeg\" \/>\n<meta name=\"author\" content=\"Developer\" \/>\n<meta name=\"twitter:card\" content=\"summary_large_image\" \/>\n<meta name=\"twitter:label1\" content=\"Written by\" \/>\n\t<meta name=\"twitter:data1\" content=\"Developer\" \/>\n\t<meta name=\"twitter:label2\" content=\"Est. reading time\" \/>\n\t<meta name=\"twitter:data2\" content=\"3 minutes\" \/>\n<script type=\"application\/ld+json\" class=\"yoast-schema-graph\">{\"@context\":\"https:\\\/\\\/schema.org\",\"@graph\":[{\"@type\":\"Article\",\"@id\":\"https:\\\/\\\/qtmm.org\\\/qt\\\/kecmisni-unutmayiq-kelecekni-tusuneyik-deyler-qirimtatar-milliy-areket-veteranlari\\\/#article\",\"isPartOf\":{\"@id\":\"https:\\\/\\\/qtmm.org\\\/qt\\\/kecmisni-unutmayiq-kelecekni-tusuneyik-deyler-qirimtatar-milliy-areket-veteranlari\\\/\"},\"author\":{\"name\":\"Developer\",\"@id\":\"https:\\\/\\\/qtmm.org\\\/qt\\\/#\\\/schema\\\/person\\\/de562469f971dec226ac06e60bbf74a7\"},\"headline\":\"\u00abKe\u00e7mi\u015fni unutmay\u0131q, kelecekni t\u00fc\u015f\u00fcneyik\u00bb, &#8211; deyler Q\u0131r\u0131mtatar milliy areket veteranlar\u0131\",\"datePublished\":\"2012-04-17T15:08:00+00:00\",\"dateModified\":\"2022-01-21T15:10:12+00:00\",\"mainEntityOfPage\":{\"@id\":\"https:\\\/\\\/qtmm.org\\\/qt\\\/kecmisni-unutmayiq-kelecekni-tusuneyik-deyler-qirimtatar-milliy-areket-veteranlari\\\/\"},\"wordCount\":705,\"commentCount\":0,\"publisher\":{\"@id\":\"https:\\\/\\\/qtmm.org\\\/qt\\\/#organization\"},\"image\":{\"@id\":\"https:\\\/\\\/qtmm.org\\\/qt\\\/kecmisni-unutmayiq-kelecekni-tusuneyik-deyler-qirimtatar-milliy-areket-veteranlari\\\/#primaryimage\"},\"thumbnailUrl\":\"https:\\\/\\\/qtmm.org\\\/wp-content\\\/uploads\\\/2022\\\/01\\\/4f902f622bda4.jpeg\",\"articleSection\":[\"Haberler\"],\"inLanguage\":\"qt\",\"potentialAction\":[{\"@type\":\"CommentAction\",\"name\":\"Comment\",\"target\":[\"https:\\\/\\\/qtmm.org\\\/qt\\\/kecmisni-unutmayiq-kelecekni-tusuneyik-deyler-qirimtatar-milliy-areket-veteranlari\\\/#respond\"]}]},{\"@type\":\"WebPage\",\"@id\":\"https:\\\/\\\/qtmm.org\\\/qt\\\/kecmisni-unutmayiq-kelecekni-tusuneyik-deyler-qirimtatar-milliy-areket-veteranlari\\\/\",\"url\":\"https:\\\/\\\/qtmm.org\\\/qt\\\/kecmisni-unutmayiq-kelecekni-tusuneyik-deyler-qirimtatar-milliy-areket-veteranlari\\\/\",\"name\":\"\u00abKe\u00e7mi\u015fni unutmay\u0131q, kelecekni t\u00fc\u015f\u00fcneyik\u00bb, - deyler Q\u0131r\u0131mtatar milliy areket veteranlar\u0131 - \u041c\u0435\u0434\u0436\u043b\u0456\u0441\",\"isPartOf\":{\"@id\":\"https:\\\/\\\/qtmm.org\\\/qt\\\/#website\"},\"primaryImageOfPage\":{\"@id\":\"https:\\\/\\\/qtmm.org\\\/qt\\\/kecmisni-unutmayiq-kelecekni-tusuneyik-deyler-qirimtatar-milliy-areket-veteranlari\\\/#primaryimage\"},\"image\":{\"@id\":\"https:\\\/\\\/qtmm.org\\\/qt\\\/kecmisni-unutmayiq-kelecekni-tusuneyik-deyler-qirimtatar-milliy-areket-veteranlari\\\/#primaryimage\"},\"thumbnailUrl\":\"https:\\\/\\\/qtmm.org\\\/wp-content\\\/uploads\\\/2022\\\/01\\\/4f902f622bda4.jpeg\",\"datePublished\":\"2012-04-17T15:08:00+00:00\",\"dateModified\":\"2022-01-21T15:10:12+00:00\",\"breadcrumb\":{\"@id\":\"https:\\\/\\\/qtmm.org\\\/qt\\\/kecmisni-unutmayiq-kelecekni-tusuneyik-deyler-qirimtatar-milliy-areket-veteranlari\\\/#breadcrumb\"},\"inLanguage\":\"qt\",\"potentialAction\":[{\"@type\":\"ReadAction\",\"target\":[\"https:\\\/\\\/qtmm.org\\\/qt\\\/kecmisni-unutmayiq-kelecekni-tusuneyik-deyler-qirimtatar-milliy-areket-veteranlari\\\/\"]}]},{\"@type\":\"ImageObject\",\"inLanguage\":\"qt\",\"@id\":\"https:\\\/\\\/qtmm.org\\\/qt\\\/kecmisni-unutmayiq-kelecekni-tusuneyik-deyler-qirimtatar-milliy-areket-veteranlari\\\/#primaryimage\",\"url\":\"https:\\\/\\\/qtmm.org\\\/wp-content\\\/uploads\\\/2022\\\/01\\\/4f902f622bda4.jpeg\",\"contentUrl\":\"https:\\\/\\\/qtmm.org\\\/wp-content\\\/uploads\\\/2022\\\/01\\\/4f902f622bda4.jpeg\",\"width\":640,\"height\":480},{\"@type\":\"BreadcrumbList\",\"@id\":\"https:\\\/\\\/qtmm.org\\\/qt\\\/kecmisni-unutmayiq-kelecekni-tusuneyik-deyler-qirimtatar-milliy-areket-veteranlari\\\/#breadcrumb\",\"itemListElement\":[{\"@type\":\"ListItem\",\"position\":1,\"name\":\"\u0413\u043e\u043b\u043e\u0432\u043d\u0430\",\"item\":\"https:\\\/\\\/qtmm.org\\\/qt\\\/\"},{\"@type\":\"ListItem\",\"position\":2,\"name\":\"\u00abKe\u00e7mi\u015fni unutmay\u0131q, kelecekni t\u00fc\u015f\u00fcneyik\u00bb, &#8211; deyler Q\u0131r\u0131mtatar milliy areket veteranlar\u0131\"}]},{\"@type\":\"WebSite\",\"@id\":\"https:\\\/\\\/qtmm.org\\\/qt\\\/#website\",\"url\":\"https:\\\/\\\/qtmm.org\\\/qt\\\/\",\"name\":\"\u041c\u0435\u0434\u0436\u043b\u0456\u0441\",\"description\":\"\",\"publisher\":{\"@id\":\"https:\\\/\\\/qtmm.org\\\/qt\\\/#organization\"},\"potentialAction\":[{\"@type\":\"SearchAction\",\"target\":{\"@type\":\"EntryPoint\",\"urlTemplate\":\"https:\\\/\\\/qtmm.org\\\/qt\\\/?s={search_term_string}\"},\"query-input\":{\"@type\":\"PropertyValueSpecification\",\"valueRequired\":true,\"valueName\":\"search_term_string\"}}],\"inLanguage\":\"qt\"},{\"@type\":\"Organization\",\"@id\":\"https:\\\/\\\/qtmm.org\\\/qt\\\/#organization\",\"name\":\"\u041c\u0435\u0434\u0436\u043b\u0456\u0441\",\"url\":\"https:\\\/\\\/qtmm.org\\\/qt\\\/\",\"logo\":{\"@type\":\"ImageObject\",\"inLanguage\":\"qt\",\"@id\":\"https:\\\/\\\/qtmm.org\\\/qt\\\/#\\\/schema\\\/logo\\\/image\\\/\",\"url\":\"https:\\\/\\\/qtmm.org\\\/wp-content\\\/uploads\\\/2024\\\/12\\\/ua-mejlis-logo-rgb.svg\",\"contentUrl\":\"https:\\\/\\\/qtmm.org\\\/wp-content\\\/uploads\\\/2024\\\/12\\\/ua-mejlis-logo-rgb.svg\",\"caption\":\"\u041c\u0435\u0434\u0436\u043b\u0456\u0441\"},\"image\":{\"@id\":\"https:\\\/\\\/qtmm.org\\\/qt\\\/#\\\/schema\\\/logo\\\/image\\\/\"},\"sameAs\":[\"https:\\\/\\\/www.facebook.com\\\/qtmm.info\\\/\"]},{\"@type\":\"Person\",\"@id\":\"https:\\\/\\\/qtmm.org\\\/qt\\\/#\\\/schema\\\/person\\\/de562469f971dec226ac06e60bbf74a7\",\"name\":\"Developer\",\"image\":{\"@type\":\"ImageObject\",\"inLanguage\":\"qt\",\"@id\":\"https:\\\/\\\/secure.gravatar.com\\\/avatar\\\/392b4cc8fbfeb00b39dfeeab4ee6edded39ffd48e25858637e4765810300227e?s=96&d=mm&r=g\",\"url\":\"https:\\\/\\\/secure.gravatar.com\\\/avatar\\\/392b4cc8fbfeb00b39dfeeab4ee6edded39ffd48e25858637e4765810300227e?s=96&d=mm&r=g\",\"contentUrl\":\"https:\\\/\\\/secure.gravatar.com\\\/avatar\\\/392b4cc8fbfeb00b39dfeeab4ee6edded39ffd48e25858637e4765810300227e?s=96&d=mm&r=g\",\"caption\":\"Developer\"},\"url\":\"https:\\\/\\\/qtmm.org\\\/qt\\\/author\\\/Developer\\\/\"}]}<\/script>\n<!-- \/ Yoast SEO plugin. -->","yoast_head_json":{"title":"\u00abKe\u00e7mi\u015fni unutmay\u0131q, kelecekni t\u00fc\u015f\u00fcneyik\u00bb, - deyler Q\u0131r\u0131mtatar milliy areket veteranlar\u0131 - \u041c\u0435\u0434\u0436\u043b\u0456\u0441","robots":{"index":"index","follow":"follow","max-snippet":"max-snippet:-1","max-image-preview":"max-image-preview:large","max-video-preview":"max-video-preview:-1"},"canonical":"https:\/\/qtmm.org\/qt\/kecmisni-unutmayiq-kelecekni-tusuneyik-deyler-qirimtatar-milliy-areket-veteranlari\/","og_locale":"en_US","og_type":"article","og_title":"\u00abKe\u00e7mi\u015fni unutmay\u0131q, kelecekni t\u00fc\u015f\u00fcneyik\u00bb, - deyler Q\u0131r\u0131mtatar milliy areket veteranlar\u0131 - \u041c\u0435\u0434\u0436\u043b\u0456\u0441","og_description":"2012 senesi aprel 16 k\u00fcn\u00fc Q\u0131r\u0131mtatar halq\u0131 milliy areketini\u00f1 veteranlar\u0131, Mustafa Cemilevni\u00f1 soy-aqrabalar\u0131 ve meslekde\u015fleri, q\u0131r\u0131mtatar cemaat te\u015fkil\u00e2tlar\u0131n\u0131\u00f1 vekilleri Meclis ofisinde toplan\u0131p, 36 senesi evel ol\u011fan Omsk mahkemesini hat\u0131rlad\u0131lar. K\u00f6r\u00fc\u015f\u00fcv s\u0131caq ve samimiy m\u00fcitte ke\u00e7ti. Mustafa Cemilevni\u00f1 musafirleri aras\u0131nda o k\u00fcn\u00fc on\u0131\u00f1 a\u011fas\u0131 Asan Cemilev, ablalar\u0131 Vasfiye Hairova ve G\u00fclizar Abdullayeva bar ediler. Meclis reisini [&hellip;]","og_url":"https:\/\/qtmm.org\/qt\/kecmisni-unutmayiq-kelecekni-tusuneyik-deyler-qirimtatar-milliy-areket-veteranlari\/","og_site_name":"\u041c\u0435\u0434\u0436\u043b\u0456\u0441","article_publisher":"https:\/\/www.facebook.com\/qtmm.info\/","article_published_time":"2012-04-17T15:08:00+00:00","article_modified_time":"2022-01-21T15:10:12+00:00","og_image":[{"width":640,"height":480,"url":"https:\/\/qtmm.org\/wp-content\/uploads\/2022\/01\/4f902f622bda4.jpeg","type":"image\/jpeg"}],"author":"Developer","twitter_card":"summary_large_image","twitter_misc":{"Written by":"Developer","Est. reading time":"3 minutes"},"schema":{"@context":"https:\/\/schema.org","@graph":[{"@type":"Article","@id":"https:\/\/qtmm.org\/qt\/kecmisni-unutmayiq-kelecekni-tusuneyik-deyler-qirimtatar-milliy-areket-veteranlari\/#article","isPartOf":{"@id":"https:\/\/qtmm.org\/qt\/kecmisni-unutmayiq-kelecekni-tusuneyik-deyler-qirimtatar-milliy-areket-veteranlari\/"},"author":{"name":"Developer","@id":"https:\/\/qtmm.org\/qt\/#\/schema\/person\/de562469f971dec226ac06e60bbf74a7"},"headline":"\u00abKe\u00e7mi\u015fni unutmay\u0131q, kelecekni t\u00fc\u015f\u00fcneyik\u00bb, &#8211; deyler Q\u0131r\u0131mtatar milliy areket veteranlar\u0131","datePublished":"2012-04-17T15:08:00+00:00","dateModified":"2022-01-21T15:10:12+00:00","mainEntityOfPage":{"@id":"https:\/\/qtmm.org\/qt\/kecmisni-unutmayiq-kelecekni-tusuneyik-deyler-qirimtatar-milliy-areket-veteranlari\/"},"wordCount":705,"commentCount":0,"publisher":{"@id":"https:\/\/qtmm.org\/qt\/#organization"},"image":{"@id":"https:\/\/qtmm.org\/qt\/kecmisni-unutmayiq-kelecekni-tusuneyik-deyler-qirimtatar-milliy-areket-veteranlari\/#primaryimage"},"thumbnailUrl":"https:\/\/qtmm.org\/wp-content\/uploads\/2022\/01\/4f902f622bda4.jpeg","articleSection":["Haberler"],"inLanguage":"qt","potentialAction":[{"@type":"CommentAction","name":"Comment","target":["https:\/\/qtmm.org\/qt\/kecmisni-unutmayiq-kelecekni-tusuneyik-deyler-qirimtatar-milliy-areket-veteranlari\/#respond"]}]},{"@type":"WebPage","@id":"https:\/\/qtmm.org\/qt\/kecmisni-unutmayiq-kelecekni-tusuneyik-deyler-qirimtatar-milliy-areket-veteranlari\/","url":"https:\/\/qtmm.org\/qt\/kecmisni-unutmayiq-kelecekni-tusuneyik-deyler-qirimtatar-milliy-areket-veteranlari\/","name":"\u00abKe\u00e7mi\u015fni unutmay\u0131q, kelecekni t\u00fc\u015f\u00fcneyik\u00bb, - deyler Q\u0131r\u0131mtatar milliy areket veteranlar\u0131 - \u041c\u0435\u0434\u0436\u043b\u0456\u0441","isPartOf":{"@id":"https:\/\/qtmm.org\/qt\/#website"},"primaryImageOfPage":{"@id":"https:\/\/qtmm.org\/qt\/kecmisni-unutmayiq-kelecekni-tusuneyik-deyler-qirimtatar-milliy-areket-veteranlari\/#primaryimage"},"image":{"@id":"https:\/\/qtmm.org\/qt\/kecmisni-unutmayiq-kelecekni-tusuneyik-deyler-qirimtatar-milliy-areket-veteranlari\/#primaryimage"},"thumbnailUrl":"https:\/\/qtmm.org\/wp-content\/uploads\/2022\/01\/4f902f622bda4.jpeg","datePublished":"2012-04-17T15:08:00+00:00","dateModified":"2022-01-21T15:10:12+00:00","breadcrumb":{"@id":"https:\/\/qtmm.org\/qt\/kecmisni-unutmayiq-kelecekni-tusuneyik-deyler-qirimtatar-milliy-areket-veteranlari\/#breadcrumb"},"inLanguage":"qt","potentialAction":[{"@type":"ReadAction","target":["https:\/\/qtmm.org\/qt\/kecmisni-unutmayiq-kelecekni-tusuneyik-deyler-qirimtatar-milliy-areket-veteranlari\/"]}]},{"@type":"ImageObject","inLanguage":"qt","@id":"https:\/\/qtmm.org\/qt\/kecmisni-unutmayiq-kelecekni-tusuneyik-deyler-qirimtatar-milliy-areket-veteranlari\/#primaryimage","url":"https:\/\/qtmm.org\/wp-content\/uploads\/2022\/01\/4f902f622bda4.jpeg","contentUrl":"https:\/\/qtmm.org\/wp-content\/uploads\/2022\/01\/4f902f622bda4.jpeg","width":640,"height":480},{"@type":"BreadcrumbList","@id":"https:\/\/qtmm.org\/qt\/kecmisni-unutmayiq-kelecekni-tusuneyik-deyler-qirimtatar-milliy-areket-veteranlari\/#breadcrumb","itemListElement":[{"@type":"ListItem","position":1,"name":"\u0413\u043e\u043b\u043e\u0432\u043d\u0430","item":"https:\/\/qtmm.org\/qt\/"},{"@type":"ListItem","position":2,"name":"\u00abKe\u00e7mi\u015fni unutmay\u0131q, kelecekni t\u00fc\u015f\u00fcneyik\u00bb, &#8211; deyler Q\u0131r\u0131mtatar milliy areket veteranlar\u0131"}]},{"@type":"WebSite","@id":"https:\/\/qtmm.org\/qt\/#website","url":"https:\/\/qtmm.org\/qt\/","name":"\u041c\u0435\u0434\u0436\u043b\u0456\u0441","description":"","publisher":{"@id":"https:\/\/qtmm.org\/qt\/#organization"},"potentialAction":[{"@type":"SearchAction","target":{"@type":"EntryPoint","urlTemplate":"https:\/\/qtmm.org\/qt\/?s={search_term_string}"},"query-input":{"@type":"PropertyValueSpecification","valueRequired":true,"valueName":"search_term_string"}}],"inLanguage":"qt"},{"@type":"Organization","@id":"https:\/\/qtmm.org\/qt\/#organization","name":"\u041c\u0435\u0434\u0436\u043b\u0456\u0441","url":"https:\/\/qtmm.org\/qt\/","logo":{"@type":"ImageObject","inLanguage":"qt","@id":"https:\/\/qtmm.org\/qt\/#\/schema\/logo\/image\/","url":"https:\/\/qtmm.org\/wp-content\/uploads\/2024\/12\/ua-mejlis-logo-rgb.svg","contentUrl":"https:\/\/qtmm.org\/wp-content\/uploads\/2024\/12\/ua-mejlis-logo-rgb.svg","caption":"\u041c\u0435\u0434\u0436\u043b\u0456\u0441"},"image":{"@id":"https:\/\/qtmm.org\/qt\/#\/schema\/logo\/image\/"},"sameAs":["https:\/\/www.facebook.com\/qtmm.info\/"]},{"@type":"Person","@id":"https:\/\/qtmm.org\/qt\/#\/schema\/person\/de562469f971dec226ac06e60bbf74a7","name":"Developer","image":{"@type":"ImageObject","inLanguage":"qt","@id":"https:\/\/secure.gravatar.com\/avatar\/392b4cc8fbfeb00b39dfeeab4ee6edded39ffd48e25858637e4765810300227e?s=96&d=mm&r=g","url":"https:\/\/secure.gravatar.com\/avatar\/392b4cc8fbfeb00b39dfeeab4ee6edded39ffd48e25858637e4765810300227e?s=96&d=mm&r=g","contentUrl":"https:\/\/secure.gravatar.com\/avatar\/392b4cc8fbfeb00b39dfeeab4ee6edded39ffd48e25858637e4765810300227e?s=96&d=mm&r=g","caption":"Developer"},"url":"https:\/\/qtmm.org\/qt\/author\/Developer\/"}]}},"_links":{"self":[{"href":"https:\/\/qtmm.org\/qt\/wp-json\/wp\/v2\/posts\/30134","targetHints":{"allow":["GET"]}}],"collection":[{"href":"https:\/\/qtmm.org\/qt\/wp-json\/wp\/v2\/posts"}],"about":[{"href":"https:\/\/qtmm.org\/qt\/wp-json\/wp\/v2\/types\/post"}],"author":[{"embeddable":true,"href":"https:\/\/qtmm.org\/qt\/wp-json\/wp\/v2\/users\/1"}],"replies":[{"embeddable":true,"href":"https:\/\/qtmm.org\/qt\/wp-json\/wp\/v2\/comments?post=30134"}],"version-history":[{"count":1,"href":"https:\/\/qtmm.org\/qt\/wp-json\/wp\/v2\/posts\/30134\/revisions"}],"predecessor-version":[{"id":30203,"href":"https:\/\/qtmm.org\/qt\/wp-json\/wp\/v2\/posts\/30134\/revisions\/30203"}],"wp:featuredmedia":[{"embeddable":true,"href":"https:\/\/qtmm.org\/qt\/wp-json\/wp\/v2\/media\/30187"}],"wp:attachment":[{"href":"https:\/\/qtmm.org\/qt\/wp-json\/wp\/v2\/media?parent=30134"}],"wp:term":[{"taxonomy":"category","embeddable":true,"href":"https:\/\/qtmm.org\/qt\/wp-json\/wp\/v2\/categories?post=30134"},{"taxonomy":"post_tag","embeddable":true,"href":"https:\/\/qtmm.org\/qt\/wp-json\/wp\/v2\/tags?post=30134"}],"curies":[{"name":"wp","href":"https:\/\/api.w.org\/{rel}","templated":true}]}}