




{"id":30116,"date":"2012-04-16T18:06:00","date_gmt":"2012-04-16T15:06:00","guid":{"rendered":"http:\/\/qtmm.org\/?p=30116"},"modified":"2022-01-21T18:07:54","modified_gmt":"2022-01-21T15:07:54","slug":"aqmescit-regioni-yerli-meclisleri-reislerinin-toplasuvi","status":"publish","type":"post","link":"https:\/\/qtmm.org\/qt\/aqmescit-regioni-yerli-meclisleri-reislerinin-toplasuvi\/","title":{"rendered":"Aqmescit region\u0131 yerli meclisleri reislerini\u00f1 topla\u015fuv\u0131"},"content":{"rendered":"\n<p>2012 senesi aprel 16 Aqmescit region\u0131 yerli meclislerini\u00f1 ya\u00f1\u0131 saylan\u011fan reislerini\u00f1 topla\u015fuv\u0131 ol\u0131p ke\u00e7ti.<\/p>\n\n\n\n<p>Q\u0131r\u0131mtatar halq\u0131 meclisi reisini\u00f1 muavini, Meclisni\u00f1 Regional ve yerli meclisler faaliyetini y\u00f6net\u00fcv idaresini\u00f1 ba\u015f\u0131 Ahtem \u00c7iygoz al\u0131p bar\u011fan bu topla\u015fuvda bun\u0131\u00f1 kibi de Meclis azalar\u0131 Fevzi Qubedinov, \u0130sl\u00e2m Halilov, Ruslan Ennanov ve Lemmar Yunusov i\u015ftirak ettiler.<\/p>\n\n\n\n<p>Topla\u015fuv k\u00fcn tertibine B\u00fct\u00fcnq\u0131r\u0131m H\u0131d\u0131rlez bayram\u0131na ve 1944 senesi may\u0131s 18 s\u00fcrg\u00fcnligi ve \u011furbette zorluq ile ya\u015fav qurbanlar\u0131n\u0131\u00f1 hat\u0131ras\u0131na ba\u011f\u0131\u015flan\u011fan matem merasimlerine az\u0131rl\u0131qnen ba\u011fl\u0131 meseleler kirsetildi.<\/p>\n\n\n\n<p>Aqmescit region\u0131 yerli meclislerini\u00f1 ya\u00f1\u0131 saylan\u011fan reislerini\u00f1 topla\u015fuv\u0131n\u0131 a\u00e7araq Q\u0131r\u0131mtatar halq\u0131 meclisi reisini\u00f1 muavini, Meclisni\u00f1 Regional ve yerli meclisler faaliyetini y\u00f6net\u00fcv idaresini\u00f1 ba\u015f\u0131 Ahtem \u00c7iygoz reislerni saylan\u011fanlar\u0131nen hay\u0131rlad\u0131 ve &#8220;yerli meclislerni\u00f1 erk\u00e2n\u0131na do\u011frudan-do\u011fru ve gizli rey ber\u00fcv yolunen saylan\u011fan ya\u00f1\u0131 adamlarn\u0131\u00f1 kelmesinen epimiz i\u00e7\u00fcn b\u00fcy\u00fck ve m\u00fcim ol\u011fan bu regionda q\u0131r\u0131mtatarlarn\u0131\u00f1 siyasiy-i\u00e7timaiy faalligini daa da artqan\u0131n\u0131\u00f1 \u015faatlar\u0131 olurm\u0131z&#8221;, dep \u00fcm\u00fct bildirdi.<\/p>\n\n\n\n<figure class=\"wp-block-image size-full\"><img loading=\"lazy\" decoding=\"async\" width=\"650\" height=\"350\" src=\"http:\/\/qtmm.org\/wp-content\/uploads\/2022\/01\/2_31.jpeg\" alt=\"\" class=\"wp-image-30121\" srcset=\"https:\/\/qtmm.org\/wp-content\/uploads\/2022\/01\/2_31.jpeg 650w, https:\/\/qtmm.org\/wp-content\/uploads\/2022\/01\/2_31-300x162.jpeg 300w\" sizes=\"auto, (max-width: 650px) 100vw, 650px\" \/><\/figure>\n\n\n\n<p>Topla\u015fuvda \u00e7\u0131q\u0131\u015fta bulun\u011fanlar bir qa\u00e7 aftadan B\u00fct\u00fcnq\u0131r\u0131m H\u0131d\u0131rlez bayram\u0131na ve 1944 senesi may\u0131s 18 s\u00fcrg\u00fcnligi ve \u011furbette zorluq ile ya\u015fav qurbanlar\u0131n\u0131\u00f1 hat\u0131ras\u0131na ba\u011f\u0131\u015flan\u011fan matem merasimlerini ke\u00e7ir\u00fcv Aqmescit region\u0131 yerli meclislerini\u00f1 ya\u00f1\u0131 saylan\u011fan reisleri i\u00e7\u00fcn \u00f6z\u00fcne has bir &#8220;s\u0131nav&#8221; olaca\u011f\u0131n\u0131 qayd ettiler.<\/p>\n\n\n\n<figure class=\"wp-block-image size-full\"><img loading=\"lazy\" decoding=\"async\" width=\"650\" height=\"350\" src=\"http:\/\/qtmm.org\/wp-content\/uploads\/2022\/01\/3_15-1.jpeg\" alt=\"\" class=\"wp-image-30125\" srcset=\"https:\/\/qtmm.org\/wp-content\/uploads\/2022\/01\/3_15-1.jpeg 650w, https:\/\/qtmm.org\/wp-content\/uploads\/2022\/01\/3_15-1-300x162.jpeg 300w\" sizes=\"auto, (max-width: 650px) 100vw, 650px\" \/><\/figure>\n\n\n\n<p>Topla\u015fuv i\u015ftirak\u00e7ileri bu tedbirlerni\u00f1 emiyetini ayr\u0131ca qayd etip, q\u0131r\u0131mtatar halq\u0131n\u0131\u00f1 tarih\u0131 em facial\u0131, em \u015fanl\u0131 ve quvan\u00e7l\u0131 vaqialardan toqul\u011fan\u0131n\u0131 aytt\u0131lar. Ya\u015f nesilni\u00f1 vazifesi Q\u0131r\u0131mn\u0131\u00f1 tam\u0131r halq\u0131n\u0131\u00f1 \u00f6zg\u00fcnligini qor\u00e7alamaq, ke\u00e7mi\u015fni unutmamaqt\u0131r. &#8220;H\u0131d\u0131rlez bayram\u0131n\u0131\u00f1 ke\u00e7irilmesi halq\u0131m\u0131zn\u0131\u00f1 maneviy ve medeniy \u011fayr\u0131dan tiklenmesine h\u0131zmet etecegi \u015f\u00fcbesiz. May\u0131s 18-de matem tedbirlerni q\u0131r\u0131mtatar halq\u0131 genotsidi qurbanlar\u0131n\u0131\u00f1 hat\u0131ras\u0131n\u0131 a\u00f1maq ise yal\u0131\u00f1\u0131z faciam\u0131z aqq\u0131nda aytmaqnen s\u0131\u00f1\u0131rlanmadan, halq\u0131m\u0131z aq-uquqlar\u0131n\u0131\u00f1 \u011fayr\u0131dan tiklenmesini talap etmek i\u00e7\u00fcn de zarurd\u0131r&#8221;, &#8211; degen fikirni bildirdi topla\u015fuv i\u015ftirak\u00e7ileri.<\/p>\n\n\n\n<figure class=\"wp-block-image size-full\"><img loading=\"lazy\" decoding=\"async\" width=\"650\" height=\"350\" src=\"http:\/\/qtmm.org\/wp-content\/uploads\/2022\/01\/4_13-1.jpeg\" alt=\"\" class=\"wp-image-30129\" srcset=\"https:\/\/qtmm.org\/wp-content\/uploads\/2022\/01\/4_13-1.jpeg 650w, https:\/\/qtmm.org\/wp-content\/uploads\/2022\/01\/4_13-1-300x162.jpeg 300w\" sizes=\"auto, (max-width: 650px) 100vw, 650px\" \/><\/figure>\n\n\n\n<p>Bundan da \u011fayr\u0131, topla\u015fuvda may\u0131s 18 k\u00fcn\u00fc B\u00fct\u00fcnq\u0131r\u0131m matem mitingi i\u015ftirak\u00e7ilerini\u00f1 y\u00fcr\u00fc\u015f mar\u015frutlar\u0131, mitingde bi\u00f1lernen semetde\u015flerimizni\u00f1 i\u015ftirakini teminleycek bir s\u0131ra te\u015fkiliy tedbirler de muzakere etildi. Topla\u015fuv so\u00f1unda Aqmescit region\u0131 yerli meclislerini\u00f1 ya\u00f1\u0131 saylan\u011fan reisleri may\u0131s 12-de \u00f6tkerilecek Aqmescit regional konferentsiya\u011fa qadar yerli meclislerni\u00f1 i\u015f tertibini de a\u00f1la\u015ft\u0131lar.<\/p>\n\n\n\n<p><em><strong>Mal\u00fcmat i\u00e7\u00fcn:<\/strong><\/em><\/p>\n\n\n\n<p>Belli ki, Aqmescit \u015f. ve Aqmescit rayon\u0131 yerli meclislerine azalarn\u0131 saylavlar 2012 senesi mart 31-de ol\u0131p ke\u00e7ti. Saylavlardan so\u00f1 be\u015f k\u00fcn devam\u0131nda ya\u00f1\u0131 saylan\u011fan meclisler \u00f6z erk\u00e2nlar\u0131ndan reis, reis muavini ve k\u00e2tiplerni saylad\u0131lar. &#8220;Q\u0131r\u0131mtatar halq\u0131 \u00f6z-\u00f6z\u00fcni idare et\u00fcv milliy organlar\u0131 aqq\u0131nda nizamname&#8221;ge muvaf\u0131q yerli meclislerni\u00f1 reisleri ayn\u0131 zamanda regional meclis azalar\u0131 da olaraq say\u0131lalar. Regional meclis erk\u00e2n\u0131 ve reis regional konferentsiyalarda yerli meclislerini\u00f1 cemi azalar\u0131 i\u015ftirakinde tekmillene ve saylana.<\/p>\n\n\n\n<p>Q\u0131r\u0131mtatar halq\u0131 Meclisini\u00f1 2012 senesi aprel 15 qarar\u0131na binaen 2012 senesi may\u0131s 12-de olacaq Aqmescit regional konferentsiyada Aqmescit region\u0131 meclisini\u00f1 erk\u00e2n\u0131n\u0131 tasdiqlan\u0131p, on\u0131\u00f1 reisi saylanacaq.<\/p>\n","protected":false},"excerpt":{"rendered":"<p>2012 senesi aprel 16 Aqmescit region\u0131 yerli meclislerini\u00f1 ya\u00f1\u0131 saylan\u011fan reislerini\u00f1 topla\u015fuv\u0131 ol\u0131p ke\u00e7ti. Q\u0131r\u0131mtatar halq\u0131 meclisi reisini\u00f1 muavini, Meclisni\u00f1 Regional ve yerli meclisler faaliyetini y\u00f6net\u00fcv idaresini\u00f1 ba\u015f\u0131 Ahtem \u00c7iygoz al\u0131p bar\u011fan bu topla\u015fuvda bun\u0131\u00f1 kibi de Meclis azalar\u0131 Fevzi Qubedinov, \u0130sl\u00e2m Halilov, Ruslan Ennanov ve Lemmar Yunusov i\u015ftirak ettiler. Topla\u015fuv k\u00fcn tertibine B\u00fct\u00fcnq\u0131r\u0131m H\u0131d\u0131rlez [&hellip;]<\/p>\n","protected":false},"author":1,"featured_media":30117,"comment_status":"open","ping_status":"open","sticky":false,"template":"","format":"standard","meta":{"inline_featured_image":false,"footnotes":""},"categories":[265],"tags":[],"class_list":["post-30116","post","type-post","status-publish","format-standard","has-post-thumbnail","hentry","category-haberler"],"acf":[],"yoast_head":"<!-- This site is optimized with the Yoast SEO plugin v27.4 - https:\/\/yoast.com\/product\/yoast-seo-wordpress\/ -->\n<title>Aqmescit region\u0131 yerli meclisleri reislerini\u00f1 topla\u015fuv\u0131 - \u041c\u0435\u0434\u0436\u043b\u0456\u0441<\/title>\n<meta name=\"robots\" content=\"index, follow, max-snippet:-1, max-image-preview:large, max-video-preview:-1\" \/>\n<link rel=\"canonical\" href=\"https:\/\/qtmm.org\/qt\/aqmescit-regioni-yerli-meclisleri-reislerinin-toplasuvi\/\" \/>\n<meta property=\"og:locale\" content=\"en_US\" \/>\n<meta property=\"og:type\" content=\"article\" \/>\n<meta property=\"og:title\" content=\"Aqmescit region\u0131 yerli meclisleri reislerini\u00f1 topla\u015fuv\u0131 - \u041c\u0435\u0434\u0436\u043b\u0456\u0441\" \/>\n<meta property=\"og:description\" content=\"2012 senesi aprel 16 Aqmescit region\u0131 yerli meclislerini\u00f1 ya\u00f1\u0131 saylan\u011fan reislerini\u00f1 topla\u015fuv\u0131 ol\u0131p ke\u00e7ti. Q\u0131r\u0131mtatar halq\u0131 meclisi reisini\u00f1 muavini, Meclisni\u00f1 Regional ve yerli meclisler faaliyetini y\u00f6net\u00fcv idaresini\u00f1 ba\u015f\u0131 Ahtem \u00c7iygoz al\u0131p bar\u011fan bu topla\u015fuvda bun\u0131\u00f1 kibi de Meclis azalar\u0131 Fevzi Qubedinov, \u0130sl\u00e2m Halilov, Ruslan Ennanov ve Lemmar Yunusov i\u015ftirak ettiler. Topla\u015fuv k\u00fcn tertibine B\u00fct\u00fcnq\u0131r\u0131m H\u0131d\u0131rlez [&hellip;]\" \/>\n<meta property=\"og:url\" content=\"https:\/\/qtmm.org\/qt\/aqmescit-regioni-yerli-meclisleri-reislerinin-toplasuvi\/\" \/>\n<meta property=\"og:site_name\" content=\"\u041c\u0435\u0434\u0436\u043b\u0456\u0441\" \/>\n<meta property=\"article:publisher\" content=\"https:\/\/www.facebook.com\/qtmm.info\/\" \/>\n<meta property=\"article:published_time\" content=\"2012-04-16T15:06:00+00:00\" \/>\n<meta property=\"article:modified_time\" content=\"2022-01-21T15:07:54+00:00\" \/>\n<meta property=\"og:image\" content=\"https:\/\/qtmm.org\/wp-content\/uploads\/2022\/01\/1_33.jpeg\" \/>\n\t<meta property=\"og:image:width\" content=\"650\" \/>\n\t<meta property=\"og:image:height\" content=\"350\" \/>\n\t<meta property=\"og:image:type\" content=\"image\/jpeg\" \/>\n<meta name=\"author\" content=\"Developer\" \/>\n<meta name=\"twitter:card\" content=\"summary_large_image\" \/>\n<meta name=\"twitter:label1\" content=\"Written by\" \/>\n\t<meta name=\"twitter:data1\" content=\"Developer\" \/>\n\t<meta name=\"twitter:label2\" content=\"Est. reading time\" \/>\n\t<meta name=\"twitter:data2\" content=\"3 minutes\" \/>\n<script type=\"application\/ld+json\" class=\"yoast-schema-graph\">{\"@context\":\"https:\\\/\\\/schema.org\",\"@graph\":[{\"@type\":\"Article\",\"@id\":\"https:\\\/\\\/qtmm.org\\\/qt\\\/aqmescit-regioni-yerli-meclisleri-reislerinin-toplasuvi\\\/#article\",\"isPartOf\":{\"@id\":\"https:\\\/\\\/qtmm.org\\\/qt\\\/aqmescit-regioni-yerli-meclisleri-reislerinin-toplasuvi\\\/\"},\"author\":{\"name\":\"Developer\",\"@id\":\"https:\\\/\\\/qtmm.org\\\/qt\\\/#\\\/schema\\\/person\\\/de562469f971dec226ac06e60bbf74a7\"},\"headline\":\"Aqmescit region\u0131 yerli meclisleri reislerini\u00f1 topla\u015fuv\u0131\",\"datePublished\":\"2012-04-16T15:06:00+00:00\",\"dateModified\":\"2022-01-21T15:07:54+00:00\",\"mainEntityOfPage\":{\"@id\":\"https:\\\/\\\/qtmm.org\\\/qt\\\/aqmescit-regioni-yerli-meclisleri-reislerinin-toplasuvi\\\/\"},\"wordCount\":578,\"commentCount\":0,\"publisher\":{\"@id\":\"https:\\\/\\\/qtmm.org\\\/qt\\\/#organization\"},\"image\":{\"@id\":\"https:\\\/\\\/qtmm.org\\\/qt\\\/aqmescit-regioni-yerli-meclisleri-reislerinin-toplasuvi\\\/#primaryimage\"},\"thumbnailUrl\":\"https:\\\/\\\/qtmm.org\\\/wp-content\\\/uploads\\\/2022\\\/01\\\/1_33.jpeg\",\"articleSection\":[\"Haberler\"],\"inLanguage\":\"qt\",\"potentialAction\":[{\"@type\":\"CommentAction\",\"name\":\"Comment\",\"target\":[\"https:\\\/\\\/qtmm.org\\\/qt\\\/aqmescit-regioni-yerli-meclisleri-reislerinin-toplasuvi\\\/#respond\"]}]},{\"@type\":\"WebPage\",\"@id\":\"https:\\\/\\\/qtmm.org\\\/qt\\\/aqmescit-regioni-yerli-meclisleri-reislerinin-toplasuvi\\\/\",\"url\":\"https:\\\/\\\/qtmm.org\\\/qt\\\/aqmescit-regioni-yerli-meclisleri-reislerinin-toplasuvi\\\/\",\"name\":\"Aqmescit region\u0131 yerli meclisleri reislerini\u00f1 topla\u015fuv\u0131 - \u041c\u0435\u0434\u0436\u043b\u0456\u0441\",\"isPartOf\":{\"@id\":\"https:\\\/\\\/qtmm.org\\\/qt\\\/#website\"},\"primaryImageOfPage\":{\"@id\":\"https:\\\/\\\/qtmm.org\\\/qt\\\/aqmescit-regioni-yerli-meclisleri-reislerinin-toplasuvi\\\/#primaryimage\"},\"image\":{\"@id\":\"https:\\\/\\\/qtmm.org\\\/qt\\\/aqmescit-regioni-yerli-meclisleri-reislerinin-toplasuvi\\\/#primaryimage\"},\"thumbnailUrl\":\"https:\\\/\\\/qtmm.org\\\/wp-content\\\/uploads\\\/2022\\\/01\\\/1_33.jpeg\",\"datePublished\":\"2012-04-16T15:06:00+00:00\",\"dateModified\":\"2022-01-21T15:07:54+00:00\",\"breadcrumb\":{\"@id\":\"https:\\\/\\\/qtmm.org\\\/qt\\\/aqmescit-regioni-yerli-meclisleri-reislerinin-toplasuvi\\\/#breadcrumb\"},\"inLanguage\":\"qt\",\"potentialAction\":[{\"@type\":\"ReadAction\",\"target\":[\"https:\\\/\\\/qtmm.org\\\/qt\\\/aqmescit-regioni-yerli-meclisleri-reislerinin-toplasuvi\\\/\"]}]},{\"@type\":\"ImageObject\",\"inLanguage\":\"qt\",\"@id\":\"https:\\\/\\\/qtmm.org\\\/qt\\\/aqmescit-regioni-yerli-meclisleri-reislerinin-toplasuvi\\\/#primaryimage\",\"url\":\"https:\\\/\\\/qtmm.org\\\/wp-content\\\/uploads\\\/2022\\\/01\\\/1_33.jpeg\",\"contentUrl\":\"https:\\\/\\\/qtmm.org\\\/wp-content\\\/uploads\\\/2022\\\/01\\\/1_33.jpeg\",\"width\":650,\"height\":350},{\"@type\":\"BreadcrumbList\",\"@id\":\"https:\\\/\\\/qtmm.org\\\/qt\\\/aqmescit-regioni-yerli-meclisleri-reislerinin-toplasuvi\\\/#breadcrumb\",\"itemListElement\":[{\"@type\":\"ListItem\",\"position\":1,\"name\":\"\u0413\u043e\u043b\u043e\u0432\u043d\u0430\",\"item\":\"https:\\\/\\\/qtmm.org\\\/qt\\\/\"},{\"@type\":\"ListItem\",\"position\":2,\"name\":\"Aqmescit region\u0131 yerli meclisleri reislerini\u00f1 topla\u015fuv\u0131\"}]},{\"@type\":\"WebSite\",\"@id\":\"https:\\\/\\\/qtmm.org\\\/qt\\\/#website\",\"url\":\"https:\\\/\\\/qtmm.org\\\/qt\\\/\",\"name\":\"\u041c\u0435\u0434\u0436\u043b\u0456\u0441\",\"description\":\"\",\"publisher\":{\"@id\":\"https:\\\/\\\/qtmm.org\\\/qt\\\/#organization\"},\"potentialAction\":[{\"@type\":\"SearchAction\",\"target\":{\"@type\":\"EntryPoint\",\"urlTemplate\":\"https:\\\/\\\/qtmm.org\\\/qt\\\/?s={search_term_string}\"},\"query-input\":{\"@type\":\"PropertyValueSpecification\",\"valueRequired\":true,\"valueName\":\"search_term_string\"}}],\"inLanguage\":\"qt\"},{\"@type\":\"Organization\",\"@id\":\"https:\\\/\\\/qtmm.org\\\/qt\\\/#organization\",\"name\":\"\u041c\u0435\u0434\u0436\u043b\u0456\u0441\",\"url\":\"https:\\\/\\\/qtmm.org\\\/qt\\\/\",\"logo\":{\"@type\":\"ImageObject\",\"inLanguage\":\"qt\",\"@id\":\"https:\\\/\\\/qtmm.org\\\/qt\\\/#\\\/schema\\\/logo\\\/image\\\/\",\"url\":\"https:\\\/\\\/qtmm.org\\\/wp-content\\\/uploads\\\/2024\\\/12\\\/ua-mejlis-logo-rgb.svg\",\"contentUrl\":\"https:\\\/\\\/qtmm.org\\\/wp-content\\\/uploads\\\/2024\\\/12\\\/ua-mejlis-logo-rgb.svg\",\"caption\":\"\u041c\u0435\u0434\u0436\u043b\u0456\u0441\"},\"image\":{\"@id\":\"https:\\\/\\\/qtmm.org\\\/qt\\\/#\\\/schema\\\/logo\\\/image\\\/\"},\"sameAs\":[\"https:\\\/\\\/www.facebook.com\\\/qtmm.info\\\/\"]},{\"@type\":\"Person\",\"@id\":\"https:\\\/\\\/qtmm.org\\\/qt\\\/#\\\/schema\\\/person\\\/de562469f971dec226ac06e60bbf74a7\",\"name\":\"Developer\",\"image\":{\"@type\":\"ImageObject\",\"inLanguage\":\"qt\",\"@id\":\"https:\\\/\\\/secure.gravatar.com\\\/avatar\\\/392b4cc8fbfeb00b39dfeeab4ee6edded39ffd48e25858637e4765810300227e?s=96&d=mm&r=g\",\"url\":\"https:\\\/\\\/secure.gravatar.com\\\/avatar\\\/392b4cc8fbfeb00b39dfeeab4ee6edded39ffd48e25858637e4765810300227e?s=96&d=mm&r=g\",\"contentUrl\":\"https:\\\/\\\/secure.gravatar.com\\\/avatar\\\/392b4cc8fbfeb00b39dfeeab4ee6edded39ffd48e25858637e4765810300227e?s=96&d=mm&r=g\",\"caption\":\"Developer\"},\"url\":\"https:\\\/\\\/qtmm.org\\\/qt\\\/author\\\/Developer\\\/\"}]}<\/script>\n<!-- \/ Yoast SEO plugin. -->","yoast_head_json":{"title":"Aqmescit region\u0131 yerli meclisleri reislerini\u00f1 topla\u015fuv\u0131 - \u041c\u0435\u0434\u0436\u043b\u0456\u0441","robots":{"index":"index","follow":"follow","max-snippet":"max-snippet:-1","max-image-preview":"max-image-preview:large","max-video-preview":"max-video-preview:-1"},"canonical":"https:\/\/qtmm.org\/qt\/aqmescit-regioni-yerli-meclisleri-reislerinin-toplasuvi\/","og_locale":"en_US","og_type":"article","og_title":"Aqmescit region\u0131 yerli meclisleri reislerini\u00f1 topla\u015fuv\u0131 - \u041c\u0435\u0434\u0436\u043b\u0456\u0441","og_description":"2012 senesi aprel 16 Aqmescit region\u0131 yerli meclislerini\u00f1 ya\u00f1\u0131 saylan\u011fan reislerini\u00f1 topla\u015fuv\u0131 ol\u0131p ke\u00e7ti. Q\u0131r\u0131mtatar halq\u0131 meclisi reisini\u00f1 muavini, Meclisni\u00f1 Regional ve yerli meclisler faaliyetini y\u00f6net\u00fcv idaresini\u00f1 ba\u015f\u0131 Ahtem \u00c7iygoz al\u0131p bar\u011fan bu topla\u015fuvda bun\u0131\u00f1 kibi de Meclis azalar\u0131 Fevzi Qubedinov, \u0130sl\u00e2m Halilov, Ruslan Ennanov ve Lemmar Yunusov i\u015ftirak ettiler. Topla\u015fuv k\u00fcn tertibine B\u00fct\u00fcnq\u0131r\u0131m H\u0131d\u0131rlez [&hellip;]","og_url":"https:\/\/qtmm.org\/qt\/aqmescit-regioni-yerli-meclisleri-reislerinin-toplasuvi\/","og_site_name":"\u041c\u0435\u0434\u0436\u043b\u0456\u0441","article_publisher":"https:\/\/www.facebook.com\/qtmm.info\/","article_published_time":"2012-04-16T15:06:00+00:00","article_modified_time":"2022-01-21T15:07:54+00:00","og_image":[{"width":650,"height":350,"url":"https:\/\/qtmm.org\/wp-content\/uploads\/2022\/01\/1_33.jpeg","type":"image\/jpeg"}],"author":"Developer","twitter_card":"summary_large_image","twitter_misc":{"Written by":"Developer","Est. reading time":"3 minutes"},"schema":{"@context":"https:\/\/schema.org","@graph":[{"@type":"Article","@id":"https:\/\/qtmm.org\/qt\/aqmescit-regioni-yerli-meclisleri-reislerinin-toplasuvi\/#article","isPartOf":{"@id":"https:\/\/qtmm.org\/qt\/aqmescit-regioni-yerli-meclisleri-reislerinin-toplasuvi\/"},"author":{"name":"Developer","@id":"https:\/\/qtmm.org\/qt\/#\/schema\/person\/de562469f971dec226ac06e60bbf74a7"},"headline":"Aqmescit region\u0131 yerli meclisleri reislerini\u00f1 topla\u015fuv\u0131","datePublished":"2012-04-16T15:06:00+00:00","dateModified":"2022-01-21T15:07:54+00:00","mainEntityOfPage":{"@id":"https:\/\/qtmm.org\/qt\/aqmescit-regioni-yerli-meclisleri-reislerinin-toplasuvi\/"},"wordCount":578,"commentCount":0,"publisher":{"@id":"https:\/\/qtmm.org\/qt\/#organization"},"image":{"@id":"https:\/\/qtmm.org\/qt\/aqmescit-regioni-yerli-meclisleri-reislerinin-toplasuvi\/#primaryimage"},"thumbnailUrl":"https:\/\/qtmm.org\/wp-content\/uploads\/2022\/01\/1_33.jpeg","articleSection":["Haberler"],"inLanguage":"qt","potentialAction":[{"@type":"CommentAction","name":"Comment","target":["https:\/\/qtmm.org\/qt\/aqmescit-regioni-yerli-meclisleri-reislerinin-toplasuvi\/#respond"]}]},{"@type":"WebPage","@id":"https:\/\/qtmm.org\/qt\/aqmescit-regioni-yerli-meclisleri-reislerinin-toplasuvi\/","url":"https:\/\/qtmm.org\/qt\/aqmescit-regioni-yerli-meclisleri-reislerinin-toplasuvi\/","name":"Aqmescit region\u0131 yerli meclisleri reislerini\u00f1 topla\u015fuv\u0131 - \u041c\u0435\u0434\u0436\u043b\u0456\u0441","isPartOf":{"@id":"https:\/\/qtmm.org\/qt\/#website"},"primaryImageOfPage":{"@id":"https:\/\/qtmm.org\/qt\/aqmescit-regioni-yerli-meclisleri-reislerinin-toplasuvi\/#primaryimage"},"image":{"@id":"https:\/\/qtmm.org\/qt\/aqmescit-regioni-yerli-meclisleri-reislerinin-toplasuvi\/#primaryimage"},"thumbnailUrl":"https:\/\/qtmm.org\/wp-content\/uploads\/2022\/01\/1_33.jpeg","datePublished":"2012-04-16T15:06:00+00:00","dateModified":"2022-01-21T15:07:54+00:00","breadcrumb":{"@id":"https:\/\/qtmm.org\/qt\/aqmescit-regioni-yerli-meclisleri-reislerinin-toplasuvi\/#breadcrumb"},"inLanguage":"qt","potentialAction":[{"@type":"ReadAction","target":["https:\/\/qtmm.org\/qt\/aqmescit-regioni-yerli-meclisleri-reislerinin-toplasuvi\/"]}]},{"@type":"ImageObject","inLanguage":"qt","@id":"https:\/\/qtmm.org\/qt\/aqmescit-regioni-yerli-meclisleri-reislerinin-toplasuvi\/#primaryimage","url":"https:\/\/qtmm.org\/wp-content\/uploads\/2022\/01\/1_33.jpeg","contentUrl":"https:\/\/qtmm.org\/wp-content\/uploads\/2022\/01\/1_33.jpeg","width":650,"height":350},{"@type":"BreadcrumbList","@id":"https:\/\/qtmm.org\/qt\/aqmescit-regioni-yerli-meclisleri-reislerinin-toplasuvi\/#breadcrumb","itemListElement":[{"@type":"ListItem","position":1,"name":"\u0413\u043e\u043b\u043e\u0432\u043d\u0430","item":"https:\/\/qtmm.org\/qt\/"},{"@type":"ListItem","position":2,"name":"Aqmescit region\u0131 yerli meclisleri reislerini\u00f1 topla\u015fuv\u0131"}]},{"@type":"WebSite","@id":"https:\/\/qtmm.org\/qt\/#website","url":"https:\/\/qtmm.org\/qt\/","name":"\u041c\u0435\u0434\u0436\u043b\u0456\u0441","description":"","publisher":{"@id":"https:\/\/qtmm.org\/qt\/#organization"},"potentialAction":[{"@type":"SearchAction","target":{"@type":"EntryPoint","urlTemplate":"https:\/\/qtmm.org\/qt\/?s={search_term_string}"},"query-input":{"@type":"PropertyValueSpecification","valueRequired":true,"valueName":"search_term_string"}}],"inLanguage":"qt"},{"@type":"Organization","@id":"https:\/\/qtmm.org\/qt\/#organization","name":"\u041c\u0435\u0434\u0436\u043b\u0456\u0441","url":"https:\/\/qtmm.org\/qt\/","logo":{"@type":"ImageObject","inLanguage":"qt","@id":"https:\/\/qtmm.org\/qt\/#\/schema\/logo\/image\/","url":"https:\/\/qtmm.org\/wp-content\/uploads\/2024\/12\/ua-mejlis-logo-rgb.svg","contentUrl":"https:\/\/qtmm.org\/wp-content\/uploads\/2024\/12\/ua-mejlis-logo-rgb.svg","caption":"\u041c\u0435\u0434\u0436\u043b\u0456\u0441"},"image":{"@id":"https:\/\/qtmm.org\/qt\/#\/schema\/logo\/image\/"},"sameAs":["https:\/\/www.facebook.com\/qtmm.info\/"]},{"@type":"Person","@id":"https:\/\/qtmm.org\/qt\/#\/schema\/person\/de562469f971dec226ac06e60bbf74a7","name":"Developer","image":{"@type":"ImageObject","inLanguage":"qt","@id":"https:\/\/secure.gravatar.com\/avatar\/392b4cc8fbfeb00b39dfeeab4ee6edded39ffd48e25858637e4765810300227e?s=96&d=mm&r=g","url":"https:\/\/secure.gravatar.com\/avatar\/392b4cc8fbfeb00b39dfeeab4ee6edded39ffd48e25858637e4765810300227e?s=96&d=mm&r=g","contentUrl":"https:\/\/secure.gravatar.com\/avatar\/392b4cc8fbfeb00b39dfeeab4ee6edded39ffd48e25858637e4765810300227e?s=96&d=mm&r=g","caption":"Developer"},"url":"https:\/\/qtmm.org\/qt\/author\/Developer\/"}]}},"_links":{"self":[{"href":"https:\/\/qtmm.org\/qt\/wp-json\/wp\/v2\/posts\/30116","targetHints":{"allow":["GET"]}}],"collection":[{"href":"https:\/\/qtmm.org\/qt\/wp-json\/wp\/v2\/posts"}],"about":[{"href":"https:\/\/qtmm.org\/qt\/wp-json\/wp\/v2\/types\/post"}],"author":[{"embeddable":true,"href":"https:\/\/qtmm.org\/qt\/wp-json\/wp\/v2\/users\/1"}],"replies":[{"embeddable":true,"href":"https:\/\/qtmm.org\/qt\/wp-json\/wp\/v2\/comments?post=30116"}],"version-history":[{"count":1,"href":"https:\/\/qtmm.org\/qt\/wp-json\/wp\/v2\/posts\/30116\/revisions"}],"predecessor-version":[{"id":30133,"href":"https:\/\/qtmm.org\/qt\/wp-json\/wp\/v2\/posts\/30116\/revisions\/30133"}],"wp:featuredmedia":[{"embeddable":true,"href":"https:\/\/qtmm.org\/qt\/wp-json\/wp\/v2\/media\/30117"}],"wp:attachment":[{"href":"https:\/\/qtmm.org\/qt\/wp-json\/wp\/v2\/media?parent=30116"}],"wp:term":[{"taxonomy":"category","embeddable":true,"href":"https:\/\/qtmm.org\/qt\/wp-json\/wp\/v2\/categories?post=30116"},{"taxonomy":"post_tag","embeddable":true,"href":"https:\/\/qtmm.org\/qt\/wp-json\/wp\/v2\/tags?post=30116"}],"curies":[{"name":"wp","href":"https:\/\/api.w.org\/{rel}","templated":true}]}}