




{"id":30074,"date":"2012-04-16T18:04:00","date_gmt":"2012-04-16T15:04:00","guid":{"rendered":"http:\/\/qtmm.org\/?p=30074"},"modified":"2022-01-21T18:05:52","modified_gmt":"2022-01-21T15:05:52","slug":"qirimtatar-halqi-genotsidi-qurbanlarinin-hatirasina-bagislangan-umumhalq-matem-tedbirlerinin-tafsilatli-plani-tasdiqlandi","status":"publish","type":"post","link":"https:\/\/qtmm.org\/qt\/qirimtatar-halqi-genotsidi-qurbanlarinin-hatirasina-bagislangan-umumhalq-matem-tedbirlerinin-tafsilatli-plani-tasdiqlandi\/","title":{"rendered":"Q\u0131r\u0131mtatar halq\u0131 genotsidi qurbanlar\u0131n\u0131\u00f1 hat\u0131ras\u0131na ba\u011f\u0131\u015flan\u011fan umumhalq matem tedbirlerini\u00f1 tafsil\u00e2tl\u0131 plan\u0131 tasdiqland\u0131"},"content":{"rendered":"\n<p>2012 senesi aprel 16-da regional meclislerni\u00f1 reisleri ve q\u0131r\u0131mtatar cemaat te\u015fkil\u00e2tlar\u0131n\u0131\u00f1 i\u015ftirakinde ol\u0131p ke\u00e7ken Q\u0131r\u0131mtatar halq\u0131 Meclisini\u00f1 keni\u015fletilgen topla\u015fuv\u0131nda Meclis muzakeresine qoyul\u011fan esas meselelerden biri 1944 senesi may\u0131s 18-de s\u00fcrg\u00fcn etilgen ve onlarnen y\u0131llar \u011furbet illerde zorluqnen tutul\u011fan Q\u0131r\u0131mtatar halq\u0131 genotsidi qurbanlar\u0131n\u0131\u00f1 hat\u0131ras\u0131na ba\u011f\u0131\u015flan\u011fan umumhalq matem tedbirlerini\u00f1 ke\u00e7irilmesi edi.<\/p>\n\n\n\n<p>Mezk\u00fcr meseleni\u00f1 muzakeresinde Q\u0131r\u0131mtatar halq\u0131 Meclisini\u00f1 2012 senesi mart 4-te tizilgen Te\u015fkiliy komitet azalar\u0131 da i\u015ftirak ettiler.<br>Te\u015fkiliy komitet ad\u0131na t\u00fc\u015fken \u00e7oqtan-\u00e7oq teklifler baq\u0131p \u00e7\u0131q\u0131l\u011fan so\u00f1 Meclis azalar\u0131 tedbirler plan\u0131n\u0131 tasdiqlap, ke\u00e7irilecek er bir tedbir i\u00e7\u00fcn mes\u00fclietli \u015fah\u0131slarn\u0131 pekittiler. Bun\u0131\u00f1 kibi de may\u0131s 18 k\u00fcn\u00fc Aqmescitni\u00f1 merkeziy meydan\u0131nda B\u00fct\u00fcnq\u0131r\u0131m matem mitingi i\u015ftirak\u00e7ilerini\u00f1 kolonnalar\u0131n\u0131 tiz\u00fcv tertibi ve areketlerini\u00f1 yollar\u0131 da tasdiqland\u0131.<\/p>\n\n\n\n<p>Aqme\u00e7it ve Aqmescit regionlar\u0131nda yerli meclis azalar\u0131n\u0131 saylavlarn\u0131\u00f1 neticeleri baq\u0131p \u00e7\u0131q\u0131l\u011fan so\u00f1 Meclis qarar\u0131 boyunca regional konferentsiyalarn\u0131 ke\u00e7ir\u00fcv m\u00fcddeti belgilendi. Mezk\u00fcr qarar\u011fa binaen aprel 28-de Aqme\u00e7it regional meclisini\u00f1 erk\u00e2n\u0131 tasdiqlanacaq ve reisi saylanacaq. Aqmescit regional meclisini\u00f1 bu meseleler boyunca konferentsiyas\u0131 may\u0131s 12-de olacaq.<\/p>\n\n\n\n<p>Meclis topla\u015fuv\u0131nda q\u0131r\u0131mtatarlarn\u0131\u00f1 qurul\u011fan mesken evlerini qullanuv\u011fa teslim et\u00fcv, bun\u0131\u00f1 kibi de daa qurul\u0131p bitirilmegen evlerni qanunla\u015ft\u0131ruvnen ba\u011fl\u0131 vesiqalarn\u0131 az\u0131rlav husus\u0131nda yaz\u011fan pek \u00e7oq muracaatlar\u0131 da baq\u0131ld\u0131.<\/p>\n\n\n\n<p>Topla\u015fuv\u011fa davet etilgen Q\u0131r\u0131m Nazirler \u015furas\u0131 reisini\u00f1 muavini Aziz Abdullayev ve Cumhuriyet milletler komitetini\u00f1 reisi Edem Dudakov k\u00f6terilgen meselelerni\u00f1 \u00e7ezimi i\u00e7\u00fcn zarur vesiqalarn\u0131 az\u0131rlav\u011fa talaplar aqq\u0131nda mal\u00fcmat berip, topla\u015fuv i\u015ftirak\u00e7ilerini\u00f1 suallerine cevapland\u0131lar.<br>\u00c7\u0131q\u0131\u015fta bulun\u011fan Meclis azalar\u0131 ve cemaat te\u015fkil\u00e2tlar\u0131n\u0131\u00f1 vekilleri qurul\u0131p bitmegen bi\u00f1lernen evlerde ya\u015fa\u011fan q\u0131r\u0131mtatarlarn\u0131\u00f1 leyhalarn\u0131 az\u0131rlav ve diger, pek \u00e7oq masraflar talap etken, vesiqalarn\u0131 az\u0131rlamalar\u0131 imk\u00e2ns\u0131z ol\u011fan\u0131n\u0131 qayd ettiler.<\/p>\n\n\n\n<p>Mezk\u00fcr mesele muzakeresini\u00f1 neticeleri boyunca bir afta i\u00e7inde Ukraina Nazirler \u015furas\u0131na Ukraina \u00fck\u00fcmeti qabul etken normativ vesiqalar\u011fa acele s\u00fcrette kirsetilmesi zarur ol\u011fan konkret teklifler beyan etilgeni alda muracaat az\u0131rlamaq qarar\u0131 al\u0131nd\u0131.<\/p>\n\n\n\n<p>Meclis tolpla\u015fuv\u0131nda &#8220;naraz\u0131l\u0131q tarlalar\u0131&#8221; vekillerini\u00f1 aprel 18-de k\u00fctleviy miting ve piketler ke\u00e7ir\u00fcv ricas\u0131 beyan etilgen muracaatlar\u0131 baq\u0131ld\u0131. Akimiyet organlar\u0131 \u015fu tarlalarda tur\u011fan insanlar\u011fa topraq ay\u0131ruv meselesini ep kerige \u00e7ekkenleri sebebinden bu insanlarn\u0131\u00f1 sab\u0131r-taqat\u0131 t\u00fckene bilir, dediler Meclis topla\u015fuv\u0131nda bulun\u011fan &#8220;naraz\u0131l\u0131q tarlalar\u0131&#8221;n\u0131\u00f1 temsilcileri. &#8220;Daa bir y\u0131l ke\u00e7mekte, bizim ailelerimiz i\u00e7\u00fcn quruc\u0131l\u0131qn\u0131 ba\u015flap olamaylar. Quruc\u0131l\u0131q malzemeleri ep paal\u0131la\u015fa, biz ise temel qoy\u0131p ba\u015flamaq degil, yer bile alamad\u0131q&#8221;, &#8211; denile muracaatta.<\/p>\n\n\n\n<p>Bu mesele q\u0131z\u011f\u0131n bir \u015fekilde muzakere etilgen so\u00f1 &#8220;naraz\u0131l\u0131q tarlalar&#8221; vekilleri Meclis azalar\u0131n\u0131\u00f1 k\u00fctleviy aktsiyalarn\u0131 Q\u0131r\u0131m Nazirler \u015furas\u0131 Topraq komissiyas\u0131n\u0131\u00f1 topla\u015fuv\u0131 ve komissiya reisinen k\u00f6r\u00fc\u015f\u00fcvge qadar k\u00fctleviy aktsiyalarn\u0131 ke\u00e7irmemek teklifine raz\u0131 old\u0131lar. Belki bu k\u00f6r\u00fc\u015f\u00fcvlerde meydan\u011fa kelgen vaziyet boyunca er tarafn\u0131 qanaatlendirgen bir qarar al\u0131nabilir.<\/p>\n\n\n\n<p>Topraq komissiyas\u0131n\u0131\u00f1 azalar\u0131 Refat \u00c7ubarov ve Zevcet Qurt\u00fcmerov\u011fa yaq\u0131n k\u00fcnlerde bu k\u00f6r\u00fc\u015f\u00fcvni ke\u00e7ir\u00fcv k\u00fcn\u00fc, yeri ve tertibi aqq\u0131nda Q\u0131r\u0131m nazirler \u015furas\u0131 reisini\u00f1 muavini Georgiy Psar\u00f6v ile a\u00f1la\u015fmaq avale etildi. Topla\u015fuv devam\u0131nda Q\u0131r\u0131mtatar halq\u0131 Meclisi ve q\u0131r\u0131mtatarlarn\u0131\u00f1 \u00f6z-\u00f6z\u00fcni idare et\u00fcv milliy organlar\u0131n\u0131\u00f1 a\u011f\u0131mdaki faaliyetine dair bir s\u0131ra diger meseleler de baq\u0131ld\u0131.<\/p>\n\n\n\n<figure class=\"wp-block-gallery columns-3 is-cropped wp-block-gallery-1 is-layout-flex wp-block-gallery-is-layout-flex\"><ul class=\"blocks-gallery-grid\"><li class=\"blocks-gallery-item\"><figure><a href=\"http:\/\/qtmm.org\/wp-content\/uploads\/2022\/01\/4f8e871c9ea0f.jpeg\"><img loading=\"lazy\" decoding=\"async\" width=\"640\" height=\"480\" src=\"http:\/\/qtmm.org\/wp-content\/uploads\/2022\/01\/4f8e871c9ea0f.jpeg\" alt=\"\" data-id=\"30075\" data-full-url=\"http:\/\/qtmm.org\/wp-content\/uploads\/2022\/01\/4f8e871c9ea0f.jpeg\" data-link=\"http:\/\/qtmm.org\/qt\/?attachment_id=30075\" class=\"wp-image-30075\" srcset=\"https:\/\/qtmm.org\/wp-content\/uploads\/2022\/01\/4f8e871c9ea0f.jpeg 640w, https:\/\/qtmm.org\/wp-content\/uploads\/2022\/01\/4f8e871c9ea0f-300x225.jpeg 300w\" sizes=\"auto, (max-width: 640px) 100vw, 640px\" \/><\/a><\/figure><\/li><li class=\"blocks-gallery-item\"><figure><a href=\"http:\/\/qtmm.org\/wp-content\/uploads\/2022\/01\/4f8e871cc0909.jpeg\"><img loading=\"lazy\" decoding=\"async\" width=\"640\" height=\"480\" src=\"http:\/\/qtmm.org\/wp-content\/uploads\/2022\/01\/4f8e871cc0909.jpeg\" alt=\"\" data-id=\"30079\" data-full-url=\"http:\/\/qtmm.org\/wp-content\/uploads\/2022\/01\/4f8e871cc0909.jpeg\" data-link=\"http:\/\/qtmm.org\/qt\/?attachment_id=30079\" class=\"wp-image-30079\" srcset=\"https:\/\/qtmm.org\/wp-content\/uploads\/2022\/01\/4f8e871cc0909.jpeg 640w, https:\/\/qtmm.org\/wp-content\/uploads\/2022\/01\/4f8e871cc0909-300x225.jpeg 300w\" sizes=\"auto, (max-width: 640px) 100vw, 640px\" \/><\/a><\/figure><\/li><li class=\"blocks-gallery-item\"><figure><a href=\"http:\/\/qtmm.org\/wp-content\/uploads\/2022\/01\/4f8e871ce89aa.jpeg\"><img loading=\"lazy\" decoding=\"async\" width=\"640\" height=\"480\" src=\"http:\/\/qtmm.org\/wp-content\/uploads\/2022\/01\/4f8e871ce89aa.jpeg\" alt=\"\" data-id=\"30083\" data-full-url=\"http:\/\/qtmm.org\/wp-content\/uploads\/2022\/01\/4f8e871ce89aa.jpeg\" data-link=\"http:\/\/qtmm.org\/qt\/?attachment_id=30083\" class=\"wp-image-30083\" srcset=\"https:\/\/qtmm.org\/wp-content\/uploads\/2022\/01\/4f8e871ce89aa.jpeg 640w, https:\/\/qtmm.org\/wp-content\/uploads\/2022\/01\/4f8e871ce89aa-300x225.jpeg 300w\" sizes=\"auto, (max-width: 640px) 100vw, 640px\" \/><\/a><\/figure><\/li><li class=\"blocks-gallery-item\"><figure><a href=\"http:\/\/qtmm.org\/wp-content\/uploads\/2022\/01\/4f8e871d3ac79.jpeg\"><img loading=\"lazy\" decoding=\"async\" width=\"640\" height=\"480\" src=\"http:\/\/qtmm.org\/wp-content\/uploads\/2022\/01\/4f8e871d3ac79.jpeg\" alt=\"\" data-id=\"30087\" data-full-url=\"http:\/\/qtmm.org\/wp-content\/uploads\/2022\/01\/4f8e871d3ac79.jpeg\" data-link=\"http:\/\/qtmm.org\/qt\/?attachment_id=30087\" class=\"wp-image-30087\" srcset=\"https:\/\/qtmm.org\/wp-content\/uploads\/2022\/01\/4f8e871d3ac79.jpeg 640w, https:\/\/qtmm.org\/wp-content\/uploads\/2022\/01\/4f8e871d3ac79-300x225.jpeg 300w\" sizes=\"auto, (max-width: 640px) 100vw, 640px\" \/><\/a><\/figure><\/li><li class=\"blocks-gallery-item\"><figure><a href=\"http:\/\/qtmm.org\/wp-content\/uploads\/2022\/01\/4f8e871d5f28b.jpeg\"><img loading=\"lazy\" decoding=\"async\" width=\"640\" height=\"480\" src=\"http:\/\/qtmm.org\/wp-content\/uploads\/2022\/01\/4f8e871d5f28b.jpeg\" alt=\"\" data-id=\"30091\" data-full-url=\"http:\/\/qtmm.org\/wp-content\/uploads\/2022\/01\/4f8e871d5f28b.jpeg\" data-link=\"http:\/\/qtmm.org\/qt\/?attachment_id=30091\" class=\"wp-image-30091\" srcset=\"https:\/\/qtmm.org\/wp-content\/uploads\/2022\/01\/4f8e871d5f28b.jpeg 640w, https:\/\/qtmm.org\/wp-content\/uploads\/2022\/01\/4f8e871d5f28b-300x225.jpeg 300w\" sizes=\"auto, (max-width: 640px) 100vw, 640px\" \/><\/a><\/figure><\/li><li class=\"blocks-gallery-item\"><figure><a href=\"http:\/\/qtmm.org\/wp-content\/uploads\/2022\/01\/4f8e871d7ee5e.jpeg\"><img loading=\"lazy\" decoding=\"async\" width=\"640\" height=\"480\" src=\"http:\/\/qtmm.org\/wp-content\/uploads\/2022\/01\/4f8e871d7ee5e.jpeg\" alt=\"\" data-id=\"30095\" data-full-url=\"http:\/\/qtmm.org\/wp-content\/uploads\/2022\/01\/4f8e871d7ee5e.jpeg\" data-link=\"http:\/\/qtmm.org\/qt\/?attachment_id=30095\" class=\"wp-image-30095\" srcset=\"https:\/\/qtmm.org\/wp-content\/uploads\/2022\/01\/4f8e871d7ee5e.jpeg 640w, https:\/\/qtmm.org\/wp-content\/uploads\/2022\/01\/4f8e871d7ee5e-300x225.jpeg 300w\" sizes=\"auto, (max-width: 640px) 100vw, 640px\" \/><\/a><\/figure><\/li><li class=\"blocks-gallery-item\"><figure><a href=\"http:\/\/qtmm.org\/wp-content\/uploads\/2022\/01\/4f8e871d9f5f1.jpeg\"><img loading=\"lazy\" decoding=\"async\" width=\"640\" height=\"480\" src=\"http:\/\/qtmm.org\/wp-content\/uploads\/2022\/01\/4f8e871d9f5f1.jpeg\" alt=\"\" data-id=\"30099\" data-full-url=\"http:\/\/qtmm.org\/wp-content\/uploads\/2022\/01\/4f8e871d9f5f1.jpeg\" data-link=\"http:\/\/qtmm.org\/qt\/?attachment_id=30099\" class=\"wp-image-30099\" srcset=\"https:\/\/qtmm.org\/wp-content\/uploads\/2022\/01\/4f8e871d9f5f1.jpeg 640w, https:\/\/qtmm.org\/wp-content\/uploads\/2022\/01\/4f8e871d9f5f1-300x225.jpeg 300w\" sizes=\"auto, (max-width: 640px) 100vw, 640px\" \/><\/a><\/figure><\/li><li class=\"blocks-gallery-item\"><figure><a href=\"http:\/\/qtmm.org\/wp-content\/uploads\/2022\/01\/4f8e871d18d7d.jpeg\"><img loading=\"lazy\" decoding=\"async\" width=\"640\" height=\"480\" src=\"http:\/\/qtmm.org\/wp-content\/uploads\/2022\/01\/4f8e871d18d7d.jpeg\" alt=\"\" data-id=\"30103\" data-full-url=\"http:\/\/qtmm.org\/wp-content\/uploads\/2022\/01\/4f8e871d18d7d.jpeg\" data-link=\"http:\/\/qtmm.org\/qt\/?attachment_id=30103\" class=\"wp-image-30103\" srcset=\"https:\/\/qtmm.org\/wp-content\/uploads\/2022\/01\/4f8e871d18d7d.jpeg 640w, https:\/\/qtmm.org\/wp-content\/uploads\/2022\/01\/4f8e871d18d7d-300x225.jpeg 300w\" sizes=\"auto, (max-width: 640px) 100vw, 640px\" \/><\/a><\/figure><\/li><li class=\"blocks-gallery-item\"><figure><a href=\"http:\/\/qtmm.org\/wp-content\/uploads\/2022\/01\/4f8e871dbee48.jpeg\"><img loading=\"lazy\" decoding=\"async\" width=\"640\" height=\"480\" src=\"http:\/\/qtmm.org\/wp-content\/uploads\/2022\/01\/4f8e871dbee48.jpeg\" alt=\"\" data-id=\"30107\" data-full-url=\"http:\/\/qtmm.org\/wp-content\/uploads\/2022\/01\/4f8e871dbee48.jpeg\" data-link=\"http:\/\/qtmm.org\/qt\/?attachment_id=30107\" class=\"wp-image-30107\" srcset=\"https:\/\/qtmm.org\/wp-content\/uploads\/2022\/01\/4f8e871dbee48.jpeg 640w, https:\/\/qtmm.org\/wp-content\/uploads\/2022\/01\/4f8e871dbee48-300x225.jpeg 300w\" sizes=\"auto, (max-width: 640px) 100vw, 640px\" \/><\/a><\/figure><\/li><li class=\"blocks-gallery-item\"><figure><a href=\"http:\/\/qtmm.org\/wp-content\/uploads\/2022\/01\/4f8e871de207d.jpeg\"><img loading=\"lazy\" decoding=\"async\" width=\"640\" height=\"480\" src=\"http:\/\/qtmm.org\/wp-content\/uploads\/2022\/01\/4f8e871de207d.jpeg\" alt=\"\" data-id=\"30111\" data-full-url=\"http:\/\/qtmm.org\/wp-content\/uploads\/2022\/01\/4f8e871de207d.jpeg\" data-link=\"http:\/\/qtmm.org\/qt\/?attachment_id=30111\" class=\"wp-image-30111\" srcset=\"https:\/\/qtmm.org\/wp-content\/uploads\/2022\/01\/4f8e871de207d.jpeg 640w, https:\/\/qtmm.org\/wp-content\/uploads\/2022\/01\/4f8e871de207d-300x225.jpeg 300w\" sizes=\"auto, (max-width: 640px) 100vw, 640px\" \/><\/a><\/figure><\/li><\/ul><\/figure>\n","protected":false},"excerpt":{"rendered":"<p>2012 senesi aprel 16-da regional meclislerni\u00f1 reisleri ve q\u0131r\u0131mtatar cemaat te\u015fkil\u00e2tlar\u0131n\u0131\u00f1 i\u015ftirakinde ol\u0131p ke\u00e7ken Q\u0131r\u0131mtatar halq\u0131 Meclisini\u00f1 keni\u015fletilgen topla\u015fuv\u0131nda Meclis muzakeresine qoyul\u011fan esas meselelerden biri 1944 senesi may\u0131s 18-de s\u00fcrg\u00fcn etilgen ve onlarnen y\u0131llar \u011furbet illerde zorluqnen tutul\u011fan Q\u0131r\u0131mtatar halq\u0131 genotsidi qurbanlar\u0131n\u0131\u00f1 hat\u0131ras\u0131na ba\u011f\u0131\u015flan\u011fan umumhalq matem tedbirlerini\u00f1 ke\u00e7irilmesi edi. Mezk\u00fcr meseleni\u00f1 muzakeresinde Q\u0131r\u0131mtatar halq\u0131 Meclisini\u00f1 [&hellip;]<\/p>\n","protected":false},"author":1,"featured_media":30079,"comment_status":"open","ping_status":"open","sticky":false,"template":"","format":"standard","meta":{"inline_featured_image":false,"footnotes":""},"categories":[265],"tags":[],"class_list":["post-30074","post","type-post","status-publish","format-standard","has-post-thumbnail","hentry","category-haberler"],"acf":[],"yoast_head":"<!-- This site is optimized with the Yoast SEO plugin v27.4 - https:\/\/yoast.com\/product\/yoast-seo-wordpress\/ -->\n<title>Q\u0131r\u0131mtatar halq\u0131 genotsidi qurbanlar\u0131n\u0131\u00f1 hat\u0131ras\u0131na ba\u011f\u0131\u015flan\u011fan umumhalq matem tedbirlerini\u00f1 tafsil\u00e2tl\u0131 plan\u0131 tasdiqland\u0131 - \u041c\u0435\u0434\u0436\u043b\u0456\u0441<\/title>\n<meta name=\"robots\" content=\"index, follow, max-snippet:-1, max-image-preview:large, max-video-preview:-1\" \/>\n<link rel=\"canonical\" href=\"https:\/\/qtmm.org\/qt\/qirimtatar-halqi-genotsidi-qurbanlarinin-hatirasina-bagislangan-umumhalq-matem-tedbirlerinin-tafsilatli-plani-tasdiqlandi\/\" \/>\n<meta property=\"og:locale\" content=\"en_US\" \/>\n<meta property=\"og:type\" content=\"article\" \/>\n<meta property=\"og:title\" content=\"Q\u0131r\u0131mtatar halq\u0131 genotsidi qurbanlar\u0131n\u0131\u00f1 hat\u0131ras\u0131na ba\u011f\u0131\u015flan\u011fan umumhalq matem tedbirlerini\u00f1 tafsil\u00e2tl\u0131 plan\u0131 tasdiqland\u0131 - \u041c\u0435\u0434\u0436\u043b\u0456\u0441\" \/>\n<meta property=\"og:description\" content=\"2012 senesi aprel 16-da regional meclislerni\u00f1 reisleri ve q\u0131r\u0131mtatar cemaat te\u015fkil\u00e2tlar\u0131n\u0131\u00f1 i\u015ftirakinde ol\u0131p ke\u00e7ken Q\u0131r\u0131mtatar halq\u0131 Meclisini\u00f1 keni\u015fletilgen topla\u015fuv\u0131nda Meclis muzakeresine qoyul\u011fan esas meselelerden biri 1944 senesi may\u0131s 18-de s\u00fcrg\u00fcn etilgen ve onlarnen y\u0131llar \u011furbet illerde zorluqnen tutul\u011fan Q\u0131r\u0131mtatar halq\u0131 genotsidi qurbanlar\u0131n\u0131\u00f1 hat\u0131ras\u0131na ba\u011f\u0131\u015flan\u011fan umumhalq matem tedbirlerini\u00f1 ke\u00e7irilmesi edi. Mezk\u00fcr meseleni\u00f1 muzakeresinde Q\u0131r\u0131mtatar halq\u0131 Meclisini\u00f1 [&hellip;]\" \/>\n<meta property=\"og:url\" content=\"https:\/\/qtmm.org\/qt\/qirimtatar-halqi-genotsidi-qurbanlarinin-hatirasina-bagislangan-umumhalq-matem-tedbirlerinin-tafsilatli-plani-tasdiqlandi\/\" \/>\n<meta property=\"og:site_name\" content=\"\u041c\u0435\u0434\u0436\u043b\u0456\u0441\" \/>\n<meta property=\"article:publisher\" content=\"https:\/\/www.facebook.com\/qtmm.info\/\" \/>\n<meta property=\"article:published_time\" content=\"2012-04-16T15:04:00+00:00\" \/>\n<meta property=\"article:modified_time\" content=\"2022-01-21T15:05:52+00:00\" \/>\n<meta property=\"og:image\" content=\"https:\/\/qtmm.org\/wp-content\/uploads\/2022\/01\/4f8e871cc0909.jpeg\" \/>\n\t<meta property=\"og:image:width\" content=\"640\" \/>\n\t<meta property=\"og:image:height\" content=\"480\" \/>\n\t<meta property=\"og:image:type\" content=\"image\/jpeg\" \/>\n<meta name=\"author\" content=\"Developer\" \/>\n<meta name=\"twitter:card\" content=\"summary_large_image\" \/>\n<meta name=\"twitter:label1\" content=\"Written by\" \/>\n\t<meta name=\"twitter:data1\" content=\"Developer\" \/>\n\t<meta name=\"twitter:label2\" content=\"Est. reading time\" \/>\n\t<meta name=\"twitter:data2\" content=\"3 minutes\" \/>\n<script type=\"application\/ld+json\" class=\"yoast-schema-graph\">{\"@context\":\"https:\\\/\\\/schema.org\",\"@graph\":[{\"@type\":\"Article\",\"@id\":\"https:\\\/\\\/qtmm.org\\\/qt\\\/qirimtatar-halqi-genotsidi-qurbanlarinin-hatirasina-bagislangan-umumhalq-matem-tedbirlerinin-tafsilatli-plani-tasdiqlandi\\\/#article\",\"isPartOf\":{\"@id\":\"https:\\\/\\\/qtmm.org\\\/qt\\\/qirimtatar-halqi-genotsidi-qurbanlarinin-hatirasina-bagislangan-umumhalq-matem-tedbirlerinin-tafsilatli-plani-tasdiqlandi\\\/\"},\"author\":{\"name\":\"Developer\",\"@id\":\"https:\\\/\\\/qtmm.org\\\/qt\\\/#\\\/schema\\\/person\\\/de562469f971dec226ac06e60bbf74a7\"},\"headline\":\"Q\u0131r\u0131mtatar halq\u0131 genotsidi qurbanlar\u0131n\u0131\u00f1 hat\u0131ras\u0131na ba\u011f\u0131\u015flan\u011fan umumhalq matem tedbirlerini\u00f1 tafsil\u00e2tl\u0131 plan\u0131 tasdiqland\u0131\",\"datePublished\":\"2012-04-16T15:04:00+00:00\",\"dateModified\":\"2022-01-21T15:05:52+00:00\",\"mainEntityOfPage\":{\"@id\":\"https:\\\/\\\/qtmm.org\\\/qt\\\/qirimtatar-halqi-genotsidi-qurbanlarinin-hatirasina-bagislangan-umumhalq-matem-tedbirlerinin-tafsilatli-plani-tasdiqlandi\\\/\"},\"wordCount\":654,\"commentCount\":0,\"publisher\":{\"@id\":\"https:\\\/\\\/qtmm.org\\\/qt\\\/#organization\"},\"image\":{\"@id\":\"https:\\\/\\\/qtmm.org\\\/qt\\\/qirimtatar-halqi-genotsidi-qurbanlarinin-hatirasina-bagislangan-umumhalq-matem-tedbirlerinin-tafsilatli-plani-tasdiqlandi\\\/#primaryimage\"},\"thumbnailUrl\":\"https:\\\/\\\/qtmm.org\\\/wp-content\\\/uploads\\\/2022\\\/01\\\/4f8e871cc0909.jpeg\",\"articleSection\":[\"Haberler\"],\"inLanguage\":\"qt\",\"potentialAction\":[{\"@type\":\"CommentAction\",\"name\":\"Comment\",\"target\":[\"https:\\\/\\\/qtmm.org\\\/qt\\\/qirimtatar-halqi-genotsidi-qurbanlarinin-hatirasina-bagislangan-umumhalq-matem-tedbirlerinin-tafsilatli-plani-tasdiqlandi\\\/#respond\"]}]},{\"@type\":\"WebPage\",\"@id\":\"https:\\\/\\\/qtmm.org\\\/qt\\\/qirimtatar-halqi-genotsidi-qurbanlarinin-hatirasina-bagislangan-umumhalq-matem-tedbirlerinin-tafsilatli-plani-tasdiqlandi\\\/\",\"url\":\"https:\\\/\\\/qtmm.org\\\/qt\\\/qirimtatar-halqi-genotsidi-qurbanlarinin-hatirasina-bagislangan-umumhalq-matem-tedbirlerinin-tafsilatli-plani-tasdiqlandi\\\/\",\"name\":\"Q\u0131r\u0131mtatar halq\u0131 genotsidi qurbanlar\u0131n\u0131\u00f1 hat\u0131ras\u0131na ba\u011f\u0131\u015flan\u011fan umumhalq matem tedbirlerini\u00f1 tafsil\u00e2tl\u0131 plan\u0131 tasdiqland\u0131 - \u041c\u0435\u0434\u0436\u043b\u0456\u0441\",\"isPartOf\":{\"@id\":\"https:\\\/\\\/qtmm.org\\\/qt\\\/#website\"},\"primaryImageOfPage\":{\"@id\":\"https:\\\/\\\/qtmm.org\\\/qt\\\/qirimtatar-halqi-genotsidi-qurbanlarinin-hatirasina-bagislangan-umumhalq-matem-tedbirlerinin-tafsilatli-plani-tasdiqlandi\\\/#primaryimage\"},\"image\":{\"@id\":\"https:\\\/\\\/qtmm.org\\\/qt\\\/qirimtatar-halqi-genotsidi-qurbanlarinin-hatirasina-bagislangan-umumhalq-matem-tedbirlerinin-tafsilatli-plani-tasdiqlandi\\\/#primaryimage\"},\"thumbnailUrl\":\"https:\\\/\\\/qtmm.org\\\/wp-content\\\/uploads\\\/2022\\\/01\\\/4f8e871cc0909.jpeg\",\"datePublished\":\"2012-04-16T15:04:00+00:00\",\"dateModified\":\"2022-01-21T15:05:52+00:00\",\"breadcrumb\":{\"@id\":\"https:\\\/\\\/qtmm.org\\\/qt\\\/qirimtatar-halqi-genotsidi-qurbanlarinin-hatirasina-bagislangan-umumhalq-matem-tedbirlerinin-tafsilatli-plani-tasdiqlandi\\\/#breadcrumb\"},\"inLanguage\":\"qt\",\"potentialAction\":[{\"@type\":\"ReadAction\",\"target\":[\"https:\\\/\\\/qtmm.org\\\/qt\\\/qirimtatar-halqi-genotsidi-qurbanlarinin-hatirasina-bagislangan-umumhalq-matem-tedbirlerinin-tafsilatli-plani-tasdiqlandi\\\/\"]}]},{\"@type\":\"ImageObject\",\"inLanguage\":\"qt\",\"@id\":\"https:\\\/\\\/qtmm.org\\\/qt\\\/qirimtatar-halqi-genotsidi-qurbanlarinin-hatirasina-bagislangan-umumhalq-matem-tedbirlerinin-tafsilatli-plani-tasdiqlandi\\\/#primaryimage\",\"url\":\"https:\\\/\\\/qtmm.org\\\/wp-content\\\/uploads\\\/2022\\\/01\\\/4f8e871cc0909.jpeg\",\"contentUrl\":\"https:\\\/\\\/qtmm.org\\\/wp-content\\\/uploads\\\/2022\\\/01\\\/4f8e871cc0909.jpeg\",\"width\":640,\"height\":480},{\"@type\":\"BreadcrumbList\",\"@id\":\"https:\\\/\\\/qtmm.org\\\/qt\\\/qirimtatar-halqi-genotsidi-qurbanlarinin-hatirasina-bagislangan-umumhalq-matem-tedbirlerinin-tafsilatli-plani-tasdiqlandi\\\/#breadcrumb\",\"itemListElement\":[{\"@type\":\"ListItem\",\"position\":1,\"name\":\"\u0413\u043e\u043b\u043e\u0432\u043d\u0430\",\"item\":\"https:\\\/\\\/qtmm.org\\\/qt\\\/\"},{\"@type\":\"ListItem\",\"position\":2,\"name\":\"Q\u0131r\u0131mtatar halq\u0131 genotsidi qurbanlar\u0131n\u0131\u00f1 hat\u0131ras\u0131na ba\u011f\u0131\u015flan\u011fan umumhalq matem tedbirlerini\u00f1 tafsil\u00e2tl\u0131 plan\u0131 tasdiqland\u0131\"}]},{\"@type\":\"WebSite\",\"@id\":\"https:\\\/\\\/qtmm.org\\\/qt\\\/#website\",\"url\":\"https:\\\/\\\/qtmm.org\\\/qt\\\/\",\"name\":\"\u041c\u0435\u0434\u0436\u043b\u0456\u0441\",\"description\":\"\",\"publisher\":{\"@id\":\"https:\\\/\\\/qtmm.org\\\/qt\\\/#organization\"},\"potentialAction\":[{\"@type\":\"SearchAction\",\"target\":{\"@type\":\"EntryPoint\",\"urlTemplate\":\"https:\\\/\\\/qtmm.org\\\/qt\\\/?s={search_term_string}\"},\"query-input\":{\"@type\":\"PropertyValueSpecification\",\"valueRequired\":true,\"valueName\":\"search_term_string\"}}],\"inLanguage\":\"qt\"},{\"@type\":\"Organization\",\"@id\":\"https:\\\/\\\/qtmm.org\\\/qt\\\/#organization\",\"name\":\"\u041c\u0435\u0434\u0436\u043b\u0456\u0441\",\"url\":\"https:\\\/\\\/qtmm.org\\\/qt\\\/\",\"logo\":{\"@type\":\"ImageObject\",\"inLanguage\":\"qt\",\"@id\":\"https:\\\/\\\/qtmm.org\\\/qt\\\/#\\\/schema\\\/logo\\\/image\\\/\",\"url\":\"https:\\\/\\\/qtmm.org\\\/wp-content\\\/uploads\\\/2024\\\/12\\\/ua-mejlis-logo-rgb.svg\",\"contentUrl\":\"https:\\\/\\\/qtmm.org\\\/wp-content\\\/uploads\\\/2024\\\/12\\\/ua-mejlis-logo-rgb.svg\",\"caption\":\"\u041c\u0435\u0434\u0436\u043b\u0456\u0441\"},\"image\":{\"@id\":\"https:\\\/\\\/qtmm.org\\\/qt\\\/#\\\/schema\\\/logo\\\/image\\\/\"},\"sameAs\":[\"https:\\\/\\\/www.facebook.com\\\/qtmm.info\\\/\"]},{\"@type\":\"Person\",\"@id\":\"https:\\\/\\\/qtmm.org\\\/qt\\\/#\\\/schema\\\/person\\\/de562469f971dec226ac06e60bbf74a7\",\"name\":\"Developer\",\"image\":{\"@type\":\"ImageObject\",\"inLanguage\":\"qt\",\"@id\":\"https:\\\/\\\/secure.gravatar.com\\\/avatar\\\/392b4cc8fbfeb00b39dfeeab4ee6edded39ffd48e25858637e4765810300227e?s=96&d=mm&r=g\",\"url\":\"https:\\\/\\\/secure.gravatar.com\\\/avatar\\\/392b4cc8fbfeb00b39dfeeab4ee6edded39ffd48e25858637e4765810300227e?s=96&d=mm&r=g\",\"contentUrl\":\"https:\\\/\\\/secure.gravatar.com\\\/avatar\\\/392b4cc8fbfeb00b39dfeeab4ee6edded39ffd48e25858637e4765810300227e?s=96&d=mm&r=g\",\"caption\":\"Developer\"},\"url\":\"https:\\\/\\\/qtmm.org\\\/qt\\\/author\\\/Developer\\\/\"}]}<\/script>\n<!-- \/ Yoast SEO plugin. -->","yoast_head_json":{"title":"Q\u0131r\u0131mtatar halq\u0131 genotsidi qurbanlar\u0131n\u0131\u00f1 hat\u0131ras\u0131na ba\u011f\u0131\u015flan\u011fan umumhalq matem tedbirlerini\u00f1 tafsil\u00e2tl\u0131 plan\u0131 tasdiqland\u0131 - \u041c\u0435\u0434\u0436\u043b\u0456\u0441","robots":{"index":"index","follow":"follow","max-snippet":"max-snippet:-1","max-image-preview":"max-image-preview:large","max-video-preview":"max-video-preview:-1"},"canonical":"https:\/\/qtmm.org\/qt\/qirimtatar-halqi-genotsidi-qurbanlarinin-hatirasina-bagislangan-umumhalq-matem-tedbirlerinin-tafsilatli-plani-tasdiqlandi\/","og_locale":"en_US","og_type":"article","og_title":"Q\u0131r\u0131mtatar halq\u0131 genotsidi qurbanlar\u0131n\u0131\u00f1 hat\u0131ras\u0131na ba\u011f\u0131\u015flan\u011fan umumhalq matem tedbirlerini\u00f1 tafsil\u00e2tl\u0131 plan\u0131 tasdiqland\u0131 - \u041c\u0435\u0434\u0436\u043b\u0456\u0441","og_description":"2012 senesi aprel 16-da regional meclislerni\u00f1 reisleri ve q\u0131r\u0131mtatar cemaat te\u015fkil\u00e2tlar\u0131n\u0131\u00f1 i\u015ftirakinde ol\u0131p ke\u00e7ken Q\u0131r\u0131mtatar halq\u0131 Meclisini\u00f1 keni\u015fletilgen topla\u015fuv\u0131nda Meclis muzakeresine qoyul\u011fan esas meselelerden biri 1944 senesi may\u0131s 18-de s\u00fcrg\u00fcn etilgen ve onlarnen y\u0131llar \u011furbet illerde zorluqnen tutul\u011fan Q\u0131r\u0131mtatar halq\u0131 genotsidi qurbanlar\u0131n\u0131\u00f1 hat\u0131ras\u0131na ba\u011f\u0131\u015flan\u011fan umumhalq matem tedbirlerini\u00f1 ke\u00e7irilmesi edi. Mezk\u00fcr meseleni\u00f1 muzakeresinde Q\u0131r\u0131mtatar halq\u0131 Meclisini\u00f1 [&hellip;]","og_url":"https:\/\/qtmm.org\/qt\/qirimtatar-halqi-genotsidi-qurbanlarinin-hatirasina-bagislangan-umumhalq-matem-tedbirlerinin-tafsilatli-plani-tasdiqlandi\/","og_site_name":"\u041c\u0435\u0434\u0436\u043b\u0456\u0441","article_publisher":"https:\/\/www.facebook.com\/qtmm.info\/","article_published_time":"2012-04-16T15:04:00+00:00","article_modified_time":"2022-01-21T15:05:52+00:00","og_image":[{"width":640,"height":480,"url":"https:\/\/qtmm.org\/wp-content\/uploads\/2022\/01\/4f8e871cc0909.jpeg","type":"image\/jpeg"}],"author":"Developer","twitter_card":"summary_large_image","twitter_misc":{"Written by":"Developer","Est. reading time":"3 minutes"},"schema":{"@context":"https:\/\/schema.org","@graph":[{"@type":"Article","@id":"https:\/\/qtmm.org\/qt\/qirimtatar-halqi-genotsidi-qurbanlarinin-hatirasina-bagislangan-umumhalq-matem-tedbirlerinin-tafsilatli-plani-tasdiqlandi\/#article","isPartOf":{"@id":"https:\/\/qtmm.org\/qt\/qirimtatar-halqi-genotsidi-qurbanlarinin-hatirasina-bagislangan-umumhalq-matem-tedbirlerinin-tafsilatli-plani-tasdiqlandi\/"},"author":{"name":"Developer","@id":"https:\/\/qtmm.org\/qt\/#\/schema\/person\/de562469f971dec226ac06e60bbf74a7"},"headline":"Q\u0131r\u0131mtatar halq\u0131 genotsidi qurbanlar\u0131n\u0131\u00f1 hat\u0131ras\u0131na ba\u011f\u0131\u015flan\u011fan umumhalq matem tedbirlerini\u00f1 tafsil\u00e2tl\u0131 plan\u0131 tasdiqland\u0131","datePublished":"2012-04-16T15:04:00+00:00","dateModified":"2022-01-21T15:05:52+00:00","mainEntityOfPage":{"@id":"https:\/\/qtmm.org\/qt\/qirimtatar-halqi-genotsidi-qurbanlarinin-hatirasina-bagislangan-umumhalq-matem-tedbirlerinin-tafsilatli-plani-tasdiqlandi\/"},"wordCount":654,"commentCount":0,"publisher":{"@id":"https:\/\/qtmm.org\/qt\/#organization"},"image":{"@id":"https:\/\/qtmm.org\/qt\/qirimtatar-halqi-genotsidi-qurbanlarinin-hatirasina-bagislangan-umumhalq-matem-tedbirlerinin-tafsilatli-plani-tasdiqlandi\/#primaryimage"},"thumbnailUrl":"https:\/\/qtmm.org\/wp-content\/uploads\/2022\/01\/4f8e871cc0909.jpeg","articleSection":["Haberler"],"inLanguage":"qt","potentialAction":[{"@type":"CommentAction","name":"Comment","target":["https:\/\/qtmm.org\/qt\/qirimtatar-halqi-genotsidi-qurbanlarinin-hatirasina-bagislangan-umumhalq-matem-tedbirlerinin-tafsilatli-plani-tasdiqlandi\/#respond"]}]},{"@type":"WebPage","@id":"https:\/\/qtmm.org\/qt\/qirimtatar-halqi-genotsidi-qurbanlarinin-hatirasina-bagislangan-umumhalq-matem-tedbirlerinin-tafsilatli-plani-tasdiqlandi\/","url":"https:\/\/qtmm.org\/qt\/qirimtatar-halqi-genotsidi-qurbanlarinin-hatirasina-bagislangan-umumhalq-matem-tedbirlerinin-tafsilatli-plani-tasdiqlandi\/","name":"Q\u0131r\u0131mtatar halq\u0131 genotsidi qurbanlar\u0131n\u0131\u00f1 hat\u0131ras\u0131na ba\u011f\u0131\u015flan\u011fan umumhalq matem tedbirlerini\u00f1 tafsil\u00e2tl\u0131 plan\u0131 tasdiqland\u0131 - \u041c\u0435\u0434\u0436\u043b\u0456\u0441","isPartOf":{"@id":"https:\/\/qtmm.org\/qt\/#website"},"primaryImageOfPage":{"@id":"https:\/\/qtmm.org\/qt\/qirimtatar-halqi-genotsidi-qurbanlarinin-hatirasina-bagislangan-umumhalq-matem-tedbirlerinin-tafsilatli-plani-tasdiqlandi\/#primaryimage"},"image":{"@id":"https:\/\/qtmm.org\/qt\/qirimtatar-halqi-genotsidi-qurbanlarinin-hatirasina-bagislangan-umumhalq-matem-tedbirlerinin-tafsilatli-plani-tasdiqlandi\/#primaryimage"},"thumbnailUrl":"https:\/\/qtmm.org\/wp-content\/uploads\/2022\/01\/4f8e871cc0909.jpeg","datePublished":"2012-04-16T15:04:00+00:00","dateModified":"2022-01-21T15:05:52+00:00","breadcrumb":{"@id":"https:\/\/qtmm.org\/qt\/qirimtatar-halqi-genotsidi-qurbanlarinin-hatirasina-bagislangan-umumhalq-matem-tedbirlerinin-tafsilatli-plani-tasdiqlandi\/#breadcrumb"},"inLanguage":"qt","potentialAction":[{"@type":"ReadAction","target":["https:\/\/qtmm.org\/qt\/qirimtatar-halqi-genotsidi-qurbanlarinin-hatirasina-bagislangan-umumhalq-matem-tedbirlerinin-tafsilatli-plani-tasdiqlandi\/"]}]},{"@type":"ImageObject","inLanguage":"qt","@id":"https:\/\/qtmm.org\/qt\/qirimtatar-halqi-genotsidi-qurbanlarinin-hatirasina-bagislangan-umumhalq-matem-tedbirlerinin-tafsilatli-plani-tasdiqlandi\/#primaryimage","url":"https:\/\/qtmm.org\/wp-content\/uploads\/2022\/01\/4f8e871cc0909.jpeg","contentUrl":"https:\/\/qtmm.org\/wp-content\/uploads\/2022\/01\/4f8e871cc0909.jpeg","width":640,"height":480},{"@type":"BreadcrumbList","@id":"https:\/\/qtmm.org\/qt\/qirimtatar-halqi-genotsidi-qurbanlarinin-hatirasina-bagislangan-umumhalq-matem-tedbirlerinin-tafsilatli-plani-tasdiqlandi\/#breadcrumb","itemListElement":[{"@type":"ListItem","position":1,"name":"\u0413\u043e\u043b\u043e\u0432\u043d\u0430","item":"https:\/\/qtmm.org\/qt\/"},{"@type":"ListItem","position":2,"name":"Q\u0131r\u0131mtatar halq\u0131 genotsidi qurbanlar\u0131n\u0131\u00f1 hat\u0131ras\u0131na ba\u011f\u0131\u015flan\u011fan umumhalq matem tedbirlerini\u00f1 tafsil\u00e2tl\u0131 plan\u0131 tasdiqland\u0131"}]},{"@type":"WebSite","@id":"https:\/\/qtmm.org\/qt\/#website","url":"https:\/\/qtmm.org\/qt\/","name":"\u041c\u0435\u0434\u0436\u043b\u0456\u0441","description":"","publisher":{"@id":"https:\/\/qtmm.org\/qt\/#organization"},"potentialAction":[{"@type":"SearchAction","target":{"@type":"EntryPoint","urlTemplate":"https:\/\/qtmm.org\/qt\/?s={search_term_string}"},"query-input":{"@type":"PropertyValueSpecification","valueRequired":true,"valueName":"search_term_string"}}],"inLanguage":"qt"},{"@type":"Organization","@id":"https:\/\/qtmm.org\/qt\/#organization","name":"\u041c\u0435\u0434\u0436\u043b\u0456\u0441","url":"https:\/\/qtmm.org\/qt\/","logo":{"@type":"ImageObject","inLanguage":"qt","@id":"https:\/\/qtmm.org\/qt\/#\/schema\/logo\/image\/","url":"https:\/\/qtmm.org\/wp-content\/uploads\/2024\/12\/ua-mejlis-logo-rgb.svg","contentUrl":"https:\/\/qtmm.org\/wp-content\/uploads\/2024\/12\/ua-mejlis-logo-rgb.svg","caption":"\u041c\u0435\u0434\u0436\u043b\u0456\u0441"},"image":{"@id":"https:\/\/qtmm.org\/qt\/#\/schema\/logo\/image\/"},"sameAs":["https:\/\/www.facebook.com\/qtmm.info\/"]},{"@type":"Person","@id":"https:\/\/qtmm.org\/qt\/#\/schema\/person\/de562469f971dec226ac06e60bbf74a7","name":"Developer","image":{"@type":"ImageObject","inLanguage":"qt","@id":"https:\/\/secure.gravatar.com\/avatar\/392b4cc8fbfeb00b39dfeeab4ee6edded39ffd48e25858637e4765810300227e?s=96&d=mm&r=g","url":"https:\/\/secure.gravatar.com\/avatar\/392b4cc8fbfeb00b39dfeeab4ee6edded39ffd48e25858637e4765810300227e?s=96&d=mm&r=g","contentUrl":"https:\/\/secure.gravatar.com\/avatar\/392b4cc8fbfeb00b39dfeeab4ee6edded39ffd48e25858637e4765810300227e?s=96&d=mm&r=g","caption":"Developer"},"url":"https:\/\/qtmm.org\/qt\/author\/Developer\/"}]}},"_links":{"self":[{"href":"https:\/\/qtmm.org\/qt\/wp-json\/wp\/v2\/posts\/30074","targetHints":{"allow":["GET"]}}],"collection":[{"href":"https:\/\/qtmm.org\/qt\/wp-json\/wp\/v2\/posts"}],"about":[{"href":"https:\/\/qtmm.org\/qt\/wp-json\/wp\/v2\/types\/post"}],"author":[{"embeddable":true,"href":"https:\/\/qtmm.org\/qt\/wp-json\/wp\/v2\/users\/1"}],"replies":[{"embeddable":true,"href":"https:\/\/qtmm.org\/qt\/wp-json\/wp\/v2\/comments?post=30074"}],"version-history":[{"count":1,"href":"https:\/\/qtmm.org\/qt\/wp-json\/wp\/v2\/posts\/30074\/revisions"}],"predecessor-version":[{"id":30115,"href":"https:\/\/qtmm.org\/qt\/wp-json\/wp\/v2\/posts\/30074\/revisions\/30115"}],"wp:featuredmedia":[{"embeddable":true,"href":"https:\/\/qtmm.org\/qt\/wp-json\/wp\/v2\/media\/30079"}],"wp:attachment":[{"href":"https:\/\/qtmm.org\/qt\/wp-json\/wp\/v2\/media?parent=30074"}],"wp:term":[{"taxonomy":"category","embeddable":true,"href":"https:\/\/qtmm.org\/qt\/wp-json\/wp\/v2\/categories?post=30074"},{"taxonomy":"post_tag","embeddable":true,"href":"https:\/\/qtmm.org\/qt\/wp-json\/wp\/v2\/tags?post=30074"}],"curies":[{"name":"wp","href":"https:\/\/api.w.org\/{rel}","templated":true}]}}