




{"id":30032,"date":"2012-04-15T18:01:00","date_gmt":"2012-04-15T15:01:00","guid":{"rendered":"http:\/\/qtmm.org\/?p=30032"},"modified":"2022-01-21T18:03:54","modified_gmt":"2022-01-21T15:03:54","slug":"kirimtatar-jurnalistleri-zenaat-bayramlarini-qayd-ettiler","status":"publish","type":"post","link":"https:\/\/qtmm.org\/qt\/kirimtatar-jurnalistleri-zenaat-bayramlarini-qayd-ettiler\/","title":{"rendered":"K\u0131r\u0131mtatar jurnalistleri zenaat bayramlar\u0131n\u0131 qayd ettiler"},"content":{"rendered":"\n<p>2012 senesi aprel 14 k\u00fcn\u00fc Ba\u011f\u00e7asarayda \u0130. Gasprinskiyni\u00f1 m\u00fczeyinde toplan\u011fan q\u0131r\u0131mtatar jurnalistleri d\u00f6rt\u00fcnci kere \u00f6z zenaat bayramlar\u0131n\u0131 qayd ettiler.<\/p>\n\n\n\n<p>&#8220;Endi ananege \u00e7evirilgen bu k\u00f6r\u00fc\u015f\u00fcvlerde biz problemlerimizni muzakere etemiz, meslekde\u015fler olarn\u0131 \u00e7ez\u00fcv yollar\u0131n\u0131 ve milliy ne\u015firlerimizni daa da meraql\u0131 yapmaq i\u00e7\u00fcn ya\u00f1\u0131 \u011fayeler teklif eteler, &#8211; dep, qayd etti &#8220;Q\u0131r\u0131m&#8221; gazetas\u0131n\u0131\u00f1 ba\u015f muarriri Bekir Mamutov. \u2013 \u00dcm\u00fct etem ki, mezk\u00fcr k\u00f6r\u00fc\u015f\u00fcvler daa da faydal\u0131, milliy jurnalistikam\u0131z k\u00fcn\u00fc ise umumt\u00fcrkiy bayram olur&#8221;.<\/p>\n\n\n\n<p>K\u00f6r\u00fc\u015f\u00fcv i\u015ftirak\u00e7ileri jurnalistler te\u015fkil\u00e2t\u0131 ve \u0130nternette saife a\u00e7maqn\u0131 da teklif ettiler. Kelecek sene &#8220;Terciman&#8221; gazetas\u0131 \u00e7\u0131qqan\u0131na 130 y\u0131l tolaca\u011f\u0131 munasebetinen bu vaqia\u011fa ba\u011f\u0131\u015flan\u011fan tedbir ke\u00e7irmek fikiri de bildirildi.<\/p>\n\n\n\n<p>Aprel 10 (ya\u00f1\u0131 taqvim boyunca aprel 22) Q\u0131r\u0131mtatar milliy matbuat k\u00fcn\u00fc olaraq il\u00e2n etilgeni munasebetinen bu hususta qarar leyhas\u0131 resmiy s\u00fcrette tesis etilmesi i\u00e7\u00fcn Q\u0131r\u0131mtatar halq\u0131 qurultay\u0131n\u0131\u00f1 nevbetteki sessiyas\u0131na taqdim etilecek. Bun\u0131\u00f1 kibi de k\u00f6r\u00fc\u015f\u00fcv i\u015ftirak\u00e7ileri milliy matbuat haimlerini birle\u015ftirmek ve gen\u00e7lerni celp etmek, icadiy problemlerni muzakere etmek, tarih, til ve ananelerni \u00f6gren\u00fcv boyunca seminarlar ke\u00e7ir\u00fcv maqsad\u0131nda munaqa\u015fa klub\u0131 a\u00e7\u0131lmas\u0131n\u0131\u00f1 zarurl\u0131\u011f\u0131n\u0131 da qayd ettiler.<\/p>\n\n\n\n<p>K\u00f6r\u00fc\u015f\u00fcvde milliy ne\u015firlerde halq\u0131m\u0131z \u00f6m\u00fcrini\u00f1 \u00e7e\u015fit saalar\u0131n\u0131 qavrap al\u011fan teren ve obyektiv tenqidiy maqalelerni\u00f1 yeterli olma\u011fan\u0131 da ayt\u0131ld\u0131.<br>&#8220;M\u0131nda seslendirilgen tekliflerge qoltutam, &#8211; dedi Q\u0131r\u0131mtatar halq\u0131 Meclisi reisini\u00f1 birinci muavini Refat \u00c7ubarov. \u2013 Gazetalar\u0131m\u0131zn\u0131\u00f1 keyfiyetini y\u00fckseltmeli. Ebet, m\u00fcsbet de\u00f1i\u015fmeler bar, l\u00e2kin yeterli degil. Bug\u00fcnde-bug\u00fcn ATR televizion kanal\u0131n\u0131\u00f1 i\u015fi bu esnada ibret ola bilir. Tarih boyunca yay\u0131nlar, balalar i\u00e7\u00fcn eglenceli &#8220;Bal\u00e7oqraq&#8221; programmas\u0131 ve &#8220;Tatl\u0131 ses&#8221;&#8221; leyhas\u0131 seyircilerni\u00f1 itibar\u0131 ve sevgisini qazand\u0131. Refat \u00c7ubarov sayt a\u00e7maq \u011fayesine qoltut\u0131p, on\u0131 meraql\u0131 mal\u00fcmatlar\u0131 ol\u011fan internet-gazeta \u015fekilinde yapmaq kerek, dedi.<\/p>\n\n\n\n<p>&#8220;Ebet, er bir ne\u015firni\u00f1 inki\u015faf\u0131 maliyeviy qoltutuv\u011fa ba\u011fl\u0131 ol\u011fan\u0131n\u0131 a\u00f1laym\u0131z, &#8211; dedi Refat \u00c7ubarov. \u2013L\u00e2kin, ne zaman devlet yard\u0131m eter, dep beklep, \u00f6z\u00fcmiz ise bu vaq\u0131tta eskicesine \u00e7al\u0131\u015facaq olsaq, meraql\u0131 ve oqunaql\u0131 gazeta \u00e7\u0131qar\u0131p olamam\u0131z&#8221;. R. \u00c7ubarov kelecek k\u00f6r\u00fc\u015f\u00fcvlerge az\u0131rlan\u011fanda, konkret meselelerden ibaret k\u00fcn tertibini tizmek ve muzakerege yaz\u0131c\u0131 ve na\u015firlerni de davet etmekni de teklif etti .<\/p>\n\n\n\n<p>Jurnalistler k\u00f6r\u00fc\u015f\u00fcvinde Ba\u011f\u00e7asaray rayon devlet memuriyetini\u00f1 ba\u015f\u0131 \u0130lmi \u00dcmerov, Cumhuriyet milletler komitetini\u00f1 reisi Edem Dudakov, &#8220;Maarif\u00e7i&#8221; birle\u015fmesini\u00f1 reisi Safure Kacametova, &#8220;Kr\u0131m&#8221; DTRK q\u0131r\u0131mtatar muarririyetini\u00f1 reberi Seitisl\u00e2m Ki\u015fveyev, gazetalar, televideniye ve informatsion agentliklerni\u00f1 hadimleri de i\u015ftirak ettiler.<\/p>\n\n\n\n<figure class=\"wp-block-gallery columns-3 is-cropped wp-block-gallery-1 is-layout-flex wp-block-gallery-is-layout-flex\"><ul class=\"blocks-gallery-grid\"><li class=\"blocks-gallery-item\"><figure><a href=\"http:\/\/qtmm.org\/wp-content\/uploads\/2022\/01\/4f8b1a8c94938.jpeg\"><img loading=\"lazy\" decoding=\"async\" width=\"640\" height=\"480\" src=\"http:\/\/qtmm.org\/wp-content\/uploads\/2022\/01\/4f8b1a8c94938.jpeg\" alt=\"\" data-id=\"30033\" data-full-url=\"http:\/\/qtmm.org\/wp-content\/uploads\/2022\/01\/4f8b1a8c94938.jpeg\" data-link=\"http:\/\/qtmm.org\/qt\/?attachment_id=30033\" class=\"wp-image-30033\" srcset=\"https:\/\/qtmm.org\/wp-content\/uploads\/2022\/01\/4f8b1a8c94938.jpeg 640w, https:\/\/qtmm.org\/wp-content\/uploads\/2022\/01\/4f8b1a8c94938-300x225.jpeg 300w\" sizes=\"auto, (max-width: 640px) 100vw, 640px\" \/><\/a><\/figure><\/li><li class=\"blocks-gallery-item\"><figure><a href=\"http:\/\/qtmm.org\/wp-content\/uploads\/2022\/01\/4f8b1a8cba2d1.jpeg\"><img loading=\"lazy\" decoding=\"async\" width=\"640\" height=\"480\" src=\"http:\/\/qtmm.org\/wp-content\/uploads\/2022\/01\/4f8b1a8cba2d1.jpeg\" alt=\"\" data-id=\"30037\" data-full-url=\"http:\/\/qtmm.org\/wp-content\/uploads\/2022\/01\/4f8b1a8cba2d1.jpeg\" data-link=\"http:\/\/qtmm.org\/qt\/?attachment_id=30037\" class=\"wp-image-30037\" srcset=\"https:\/\/qtmm.org\/wp-content\/uploads\/2022\/01\/4f8b1a8cba2d1.jpeg 640w, https:\/\/qtmm.org\/wp-content\/uploads\/2022\/01\/4f8b1a8cba2d1-300x225.jpeg 300w\" sizes=\"auto, (max-width: 640px) 100vw, 640px\" \/><\/a><\/figure><\/li><li class=\"blocks-gallery-item\"><figure><a href=\"http:\/\/qtmm.org\/wp-content\/uploads\/2022\/01\/4f8b1a8cdb616.jpeg\"><img loading=\"lazy\" decoding=\"async\" width=\"640\" height=\"480\" src=\"http:\/\/qtmm.org\/wp-content\/uploads\/2022\/01\/4f8b1a8cdb616.jpeg\" alt=\"\" data-id=\"30041\" data-full-url=\"http:\/\/qtmm.org\/wp-content\/uploads\/2022\/01\/4f8b1a8cdb616.jpeg\" data-link=\"http:\/\/qtmm.org\/qt\/?attachment_id=30041\" class=\"wp-image-30041\" srcset=\"https:\/\/qtmm.org\/wp-content\/uploads\/2022\/01\/4f8b1a8cdb616.jpeg 640w, https:\/\/qtmm.org\/wp-content\/uploads\/2022\/01\/4f8b1a8cdb616-300x225.jpeg 300w\" sizes=\"auto, (max-width: 640px) 100vw, 640px\" \/><\/a><\/figure><\/li><li class=\"blocks-gallery-item\"><figure><a href=\"http:\/\/qtmm.org\/wp-content\/uploads\/2022\/01\/4f8b1a8d0a276.jpeg\"><img loading=\"lazy\" decoding=\"async\" width=\"640\" height=\"480\" src=\"http:\/\/qtmm.org\/wp-content\/uploads\/2022\/01\/4f8b1a8d0a276.jpeg\" alt=\"\" data-id=\"30045\" data-full-url=\"http:\/\/qtmm.org\/wp-content\/uploads\/2022\/01\/4f8b1a8d0a276.jpeg\" data-link=\"http:\/\/qtmm.org\/qt\/?attachment_id=30045\" class=\"wp-image-30045\" srcset=\"https:\/\/qtmm.org\/wp-content\/uploads\/2022\/01\/4f8b1a8d0a276.jpeg 640w, https:\/\/qtmm.org\/wp-content\/uploads\/2022\/01\/4f8b1a8d0a276-300x225.jpeg 300w\" sizes=\"auto, (max-width: 640px) 100vw, 640px\" \/><\/a><\/figure><\/li><li class=\"blocks-gallery-item\"><figure><a href=\"http:\/\/qtmm.org\/wp-content\/uploads\/2022\/01\/4f8b1a8d2bd8d.jpeg\"><img loading=\"lazy\" decoding=\"async\" width=\"640\" height=\"480\" src=\"http:\/\/qtmm.org\/wp-content\/uploads\/2022\/01\/4f8b1a8d2bd8d.jpeg\" alt=\"\" data-id=\"30049\" data-full-url=\"http:\/\/qtmm.org\/wp-content\/uploads\/2022\/01\/4f8b1a8d2bd8d.jpeg\" data-link=\"http:\/\/qtmm.org\/qt\/?attachment_id=30049\" class=\"wp-image-30049\" srcset=\"https:\/\/qtmm.org\/wp-content\/uploads\/2022\/01\/4f8b1a8d2bd8d.jpeg 640w, https:\/\/qtmm.org\/wp-content\/uploads\/2022\/01\/4f8b1a8d2bd8d-300x225.jpeg 300w\" sizes=\"auto, (max-width: 640px) 100vw, 640px\" \/><\/a><\/figure><\/li><li class=\"blocks-gallery-item\"><figure><a href=\"http:\/\/qtmm.org\/wp-content\/uploads\/2022\/01\/4f8b1a8d7650f.jpeg\"><img loading=\"lazy\" decoding=\"async\" width=\"640\" height=\"480\" src=\"http:\/\/qtmm.org\/wp-content\/uploads\/2022\/01\/4f8b1a8d7650f.jpeg\" alt=\"\" data-id=\"30053\" data-full-url=\"http:\/\/qtmm.org\/wp-content\/uploads\/2022\/01\/4f8b1a8d7650f.jpeg\" data-link=\"http:\/\/qtmm.org\/qt\/?attachment_id=30053\" class=\"wp-image-30053\" srcset=\"https:\/\/qtmm.org\/wp-content\/uploads\/2022\/01\/4f8b1a8d7650f.jpeg 640w, https:\/\/qtmm.org\/wp-content\/uploads\/2022\/01\/4f8b1a8d7650f-300x225.jpeg 300w\" sizes=\"auto, (max-width: 640px) 100vw, 640px\" \/><\/a><\/figure><\/li><li class=\"blocks-gallery-item\"><figure><a href=\"http:\/\/qtmm.org\/wp-content\/uploads\/2022\/01\/4f8b1a8d53689.jpeg\"><img loading=\"lazy\" decoding=\"async\" width=\"640\" height=\"480\" src=\"http:\/\/qtmm.org\/wp-content\/uploads\/2022\/01\/4f8b1a8d53689.jpeg\" alt=\"\" data-id=\"30057\" data-full-url=\"http:\/\/qtmm.org\/wp-content\/uploads\/2022\/01\/4f8b1a8d53689.jpeg\" data-link=\"http:\/\/qtmm.org\/qt\/?attachment_id=30057\" class=\"wp-image-30057\" srcset=\"https:\/\/qtmm.org\/wp-content\/uploads\/2022\/01\/4f8b1a8d53689.jpeg 640w, https:\/\/qtmm.org\/wp-content\/uploads\/2022\/01\/4f8b1a8d53689-300x225.jpeg 300w\" sizes=\"auto, (max-width: 640px) 100vw, 640px\" \/><\/a><\/figure><\/li><li class=\"blocks-gallery-item\"><figure><a href=\"http:\/\/qtmm.org\/wp-content\/uploads\/2022\/01\/4f8b1a8daacf6.jpeg\"><img loading=\"lazy\" decoding=\"async\" width=\"640\" height=\"480\" src=\"http:\/\/qtmm.org\/wp-content\/uploads\/2022\/01\/4f8b1a8daacf6.jpeg\" alt=\"\" data-id=\"30061\" data-full-url=\"http:\/\/qtmm.org\/wp-content\/uploads\/2022\/01\/4f8b1a8daacf6.jpeg\" data-link=\"http:\/\/qtmm.org\/qt\/?attachment_id=30061\" class=\"wp-image-30061\" srcset=\"https:\/\/qtmm.org\/wp-content\/uploads\/2022\/01\/4f8b1a8daacf6.jpeg 640w, https:\/\/qtmm.org\/wp-content\/uploads\/2022\/01\/4f8b1a8daacf6-300x225.jpeg 300w\" sizes=\"auto, (max-width: 640px) 100vw, 640px\" \/><\/a><\/figure><\/li><li class=\"blocks-gallery-item\"><figure><a href=\"http:\/\/qtmm.org\/wp-content\/uploads\/2022\/01\/4f8b1a8dde14f.jpeg\"><img loading=\"lazy\" decoding=\"async\" width=\"640\" height=\"480\" src=\"http:\/\/qtmm.org\/wp-content\/uploads\/2022\/01\/4f8b1a8dde14f.jpeg\" alt=\"\" data-id=\"30065\" data-full-url=\"http:\/\/qtmm.org\/wp-content\/uploads\/2022\/01\/4f8b1a8dde14f.jpeg\" data-link=\"http:\/\/qtmm.org\/qt\/?attachment_id=30065\" class=\"wp-image-30065\" srcset=\"https:\/\/qtmm.org\/wp-content\/uploads\/2022\/01\/4f8b1a8dde14f.jpeg 640w, https:\/\/qtmm.org\/wp-content\/uploads\/2022\/01\/4f8b1a8dde14f-300x225.jpeg 300w\" sizes=\"auto, (max-width: 640px) 100vw, 640px\" \/><\/a><\/figure><\/li><li class=\"blocks-gallery-item\"><figure><a href=\"http:\/\/qtmm.org\/wp-content\/uploads\/2022\/01\/4f8b1a8e1db38.jpeg\"><img loading=\"lazy\" decoding=\"async\" width=\"640\" height=\"480\" src=\"http:\/\/qtmm.org\/wp-content\/uploads\/2022\/01\/4f8b1a8e1db38.jpeg\" alt=\"\" data-id=\"30069\" data-full-url=\"http:\/\/qtmm.org\/wp-content\/uploads\/2022\/01\/4f8b1a8e1db38.jpeg\" data-link=\"http:\/\/qtmm.org\/qt\/?attachment_id=30069\" class=\"wp-image-30069\" srcset=\"https:\/\/qtmm.org\/wp-content\/uploads\/2022\/01\/4f8b1a8e1db38.jpeg 640w, https:\/\/qtmm.org\/wp-content\/uploads\/2022\/01\/4f8b1a8e1db38-300x225.jpeg 300w\" sizes=\"auto, (max-width: 640px) 100vw, 640px\" \/><\/a><\/figure><\/li><\/ul><\/figure>\n","protected":false},"excerpt":{"rendered":"<p>2012 senesi aprel 14 k\u00fcn\u00fc Ba\u011f\u00e7asarayda \u0130. Gasprinskiyni\u00f1 m\u00fczeyinde toplan\u011fan q\u0131r\u0131mtatar jurnalistleri d\u00f6rt\u00fcnci kere \u00f6z zenaat bayramlar\u0131n\u0131 qayd ettiler. &#8220;Endi ananege \u00e7evirilgen bu k\u00f6r\u00fc\u015f\u00fcvlerde biz problemlerimizni muzakere etemiz, meslekde\u015fler olarn\u0131 \u00e7ez\u00fcv yollar\u0131n\u0131 ve milliy ne\u015firlerimizni daa da meraql\u0131 yapmaq i\u00e7\u00fcn ya\u00f1\u0131 \u011fayeler teklif eteler, &#8211; dep, qayd etti &#8220;Q\u0131r\u0131m&#8221; gazetas\u0131n\u0131\u00f1 ba\u015f muarriri Bekir Mamutov. \u2013 [&hellip;]<\/p>\n","protected":false},"author":1,"featured_media":30041,"comment_status":"open","ping_status":"open","sticky":false,"template":"","format":"standard","meta":{"inline_featured_image":false,"footnotes":""},"categories":[265],"tags":[],"class_list":["post-30032","post","type-post","status-publish","format-standard","has-post-thumbnail","hentry","category-haberler"],"acf":[],"yoast_head":"<!-- This site is optimized with the Yoast SEO plugin v27.4 - https:\/\/yoast.com\/product\/yoast-seo-wordpress\/ -->\n<title>K\u0131r\u0131mtatar jurnalistleri zenaat bayramlar\u0131n\u0131 qayd ettiler - \u041c\u0435\u0434\u0436\u043b\u0456\u0441<\/title>\n<meta name=\"robots\" content=\"index, follow, max-snippet:-1, max-image-preview:large, max-video-preview:-1\" \/>\n<link rel=\"canonical\" href=\"https:\/\/qtmm.org\/qt\/kirimtatar-jurnalistleri-zenaat-bayramlarini-qayd-ettiler\/\" \/>\n<meta property=\"og:locale\" content=\"en_US\" \/>\n<meta property=\"og:type\" content=\"article\" \/>\n<meta property=\"og:title\" content=\"K\u0131r\u0131mtatar jurnalistleri zenaat bayramlar\u0131n\u0131 qayd ettiler - \u041c\u0435\u0434\u0436\u043b\u0456\u0441\" \/>\n<meta property=\"og:description\" content=\"2012 senesi aprel 14 k\u00fcn\u00fc Ba\u011f\u00e7asarayda \u0130. Gasprinskiyni\u00f1 m\u00fczeyinde toplan\u011fan q\u0131r\u0131mtatar jurnalistleri d\u00f6rt\u00fcnci kere \u00f6z zenaat bayramlar\u0131n\u0131 qayd ettiler. &#8220;Endi ananege \u00e7evirilgen bu k\u00f6r\u00fc\u015f\u00fcvlerde biz problemlerimizni muzakere etemiz, meslekde\u015fler olarn\u0131 \u00e7ez\u00fcv yollar\u0131n\u0131 ve milliy ne\u015firlerimizni daa da meraql\u0131 yapmaq i\u00e7\u00fcn ya\u00f1\u0131 \u011fayeler teklif eteler, &#8211; dep, qayd etti &#8220;Q\u0131r\u0131m&#8221; gazetas\u0131n\u0131\u00f1 ba\u015f muarriri Bekir Mamutov. \u2013 [&hellip;]\" \/>\n<meta property=\"og:url\" content=\"https:\/\/qtmm.org\/qt\/kirimtatar-jurnalistleri-zenaat-bayramlarini-qayd-ettiler\/\" \/>\n<meta property=\"og:site_name\" content=\"\u041c\u0435\u0434\u0436\u043b\u0456\u0441\" \/>\n<meta property=\"article:publisher\" content=\"https:\/\/www.facebook.com\/qtmm.info\/\" \/>\n<meta property=\"article:published_time\" content=\"2012-04-15T15:01:00+00:00\" \/>\n<meta property=\"article:modified_time\" content=\"2022-01-21T15:03:54+00:00\" \/>\n<meta property=\"og:image\" content=\"https:\/\/qtmm.org\/wp-content\/uploads\/2022\/01\/4f8b1a8cdb616.jpeg\" \/>\n\t<meta property=\"og:image:width\" content=\"640\" \/>\n\t<meta property=\"og:image:height\" content=\"480\" \/>\n\t<meta property=\"og:image:type\" content=\"image\/jpeg\" \/>\n<meta name=\"author\" content=\"Developer\" \/>\n<meta name=\"twitter:card\" content=\"summary_large_image\" \/>\n<meta name=\"twitter:label1\" content=\"Written by\" \/>\n\t<meta name=\"twitter:data1\" content=\"Developer\" \/>\n\t<meta name=\"twitter:label2\" content=\"Est. reading time\" \/>\n\t<meta name=\"twitter:data2\" content=\"2 minutes\" \/>\n<script type=\"application\/ld+json\" class=\"yoast-schema-graph\">{\"@context\":\"https:\\\/\\\/schema.org\",\"@graph\":[{\"@type\":\"Article\",\"@id\":\"https:\\\/\\\/qtmm.org\\\/qt\\\/kirimtatar-jurnalistleri-zenaat-bayramlarini-qayd-ettiler\\\/#article\",\"isPartOf\":{\"@id\":\"https:\\\/\\\/qtmm.org\\\/qt\\\/kirimtatar-jurnalistleri-zenaat-bayramlarini-qayd-ettiler\\\/\"},\"author\":{\"name\":\"Developer\",\"@id\":\"https:\\\/\\\/qtmm.org\\\/qt\\\/#\\\/schema\\\/person\\\/de562469f971dec226ac06e60bbf74a7\"},\"headline\":\"K\u0131r\u0131mtatar jurnalistleri zenaat bayramlar\u0131n\u0131 qayd ettiler\",\"datePublished\":\"2012-04-15T15:01:00+00:00\",\"dateModified\":\"2022-01-21T15:03:54+00:00\",\"mainEntityOfPage\":{\"@id\":\"https:\\\/\\\/qtmm.org\\\/qt\\\/kirimtatar-jurnalistleri-zenaat-bayramlarini-qayd-ettiler\\\/\"},\"wordCount\":469,\"commentCount\":0,\"publisher\":{\"@id\":\"https:\\\/\\\/qtmm.org\\\/qt\\\/#organization\"},\"image\":{\"@id\":\"https:\\\/\\\/qtmm.org\\\/qt\\\/kirimtatar-jurnalistleri-zenaat-bayramlarini-qayd-ettiler\\\/#primaryimage\"},\"thumbnailUrl\":\"https:\\\/\\\/qtmm.org\\\/wp-content\\\/uploads\\\/2022\\\/01\\\/4f8b1a8cdb616.jpeg\",\"articleSection\":[\"Haberler\"],\"inLanguage\":\"qt\",\"potentialAction\":[{\"@type\":\"CommentAction\",\"name\":\"Comment\",\"target\":[\"https:\\\/\\\/qtmm.org\\\/qt\\\/kirimtatar-jurnalistleri-zenaat-bayramlarini-qayd-ettiler\\\/#respond\"]}]},{\"@type\":\"WebPage\",\"@id\":\"https:\\\/\\\/qtmm.org\\\/qt\\\/kirimtatar-jurnalistleri-zenaat-bayramlarini-qayd-ettiler\\\/\",\"url\":\"https:\\\/\\\/qtmm.org\\\/qt\\\/kirimtatar-jurnalistleri-zenaat-bayramlarini-qayd-ettiler\\\/\",\"name\":\"K\u0131r\u0131mtatar jurnalistleri zenaat bayramlar\u0131n\u0131 qayd ettiler - \u041c\u0435\u0434\u0436\u043b\u0456\u0441\",\"isPartOf\":{\"@id\":\"https:\\\/\\\/qtmm.org\\\/qt\\\/#website\"},\"primaryImageOfPage\":{\"@id\":\"https:\\\/\\\/qtmm.org\\\/qt\\\/kirimtatar-jurnalistleri-zenaat-bayramlarini-qayd-ettiler\\\/#primaryimage\"},\"image\":{\"@id\":\"https:\\\/\\\/qtmm.org\\\/qt\\\/kirimtatar-jurnalistleri-zenaat-bayramlarini-qayd-ettiler\\\/#primaryimage\"},\"thumbnailUrl\":\"https:\\\/\\\/qtmm.org\\\/wp-content\\\/uploads\\\/2022\\\/01\\\/4f8b1a8cdb616.jpeg\",\"datePublished\":\"2012-04-15T15:01:00+00:00\",\"dateModified\":\"2022-01-21T15:03:54+00:00\",\"breadcrumb\":{\"@id\":\"https:\\\/\\\/qtmm.org\\\/qt\\\/kirimtatar-jurnalistleri-zenaat-bayramlarini-qayd-ettiler\\\/#breadcrumb\"},\"inLanguage\":\"qt\",\"potentialAction\":[{\"@type\":\"ReadAction\",\"target\":[\"https:\\\/\\\/qtmm.org\\\/qt\\\/kirimtatar-jurnalistleri-zenaat-bayramlarini-qayd-ettiler\\\/\"]}]},{\"@type\":\"ImageObject\",\"inLanguage\":\"qt\",\"@id\":\"https:\\\/\\\/qtmm.org\\\/qt\\\/kirimtatar-jurnalistleri-zenaat-bayramlarini-qayd-ettiler\\\/#primaryimage\",\"url\":\"https:\\\/\\\/qtmm.org\\\/wp-content\\\/uploads\\\/2022\\\/01\\\/4f8b1a8cdb616.jpeg\",\"contentUrl\":\"https:\\\/\\\/qtmm.org\\\/wp-content\\\/uploads\\\/2022\\\/01\\\/4f8b1a8cdb616.jpeg\",\"width\":640,\"height\":480},{\"@type\":\"BreadcrumbList\",\"@id\":\"https:\\\/\\\/qtmm.org\\\/qt\\\/kirimtatar-jurnalistleri-zenaat-bayramlarini-qayd-ettiler\\\/#breadcrumb\",\"itemListElement\":[{\"@type\":\"ListItem\",\"position\":1,\"name\":\"\u0413\u043e\u043b\u043e\u0432\u043d\u0430\",\"item\":\"https:\\\/\\\/qtmm.org\\\/qt\\\/\"},{\"@type\":\"ListItem\",\"position\":2,\"name\":\"K\u0131r\u0131mtatar jurnalistleri zenaat bayramlar\u0131n\u0131 qayd ettiler\"}]},{\"@type\":\"WebSite\",\"@id\":\"https:\\\/\\\/qtmm.org\\\/qt\\\/#website\",\"url\":\"https:\\\/\\\/qtmm.org\\\/qt\\\/\",\"name\":\"\u041c\u0435\u0434\u0436\u043b\u0456\u0441\",\"description\":\"\",\"publisher\":{\"@id\":\"https:\\\/\\\/qtmm.org\\\/qt\\\/#organization\"},\"potentialAction\":[{\"@type\":\"SearchAction\",\"target\":{\"@type\":\"EntryPoint\",\"urlTemplate\":\"https:\\\/\\\/qtmm.org\\\/qt\\\/?s={search_term_string}\"},\"query-input\":{\"@type\":\"PropertyValueSpecification\",\"valueRequired\":true,\"valueName\":\"search_term_string\"}}],\"inLanguage\":\"qt\"},{\"@type\":\"Organization\",\"@id\":\"https:\\\/\\\/qtmm.org\\\/qt\\\/#organization\",\"name\":\"\u041c\u0435\u0434\u0436\u043b\u0456\u0441\",\"url\":\"https:\\\/\\\/qtmm.org\\\/qt\\\/\",\"logo\":{\"@type\":\"ImageObject\",\"inLanguage\":\"qt\",\"@id\":\"https:\\\/\\\/qtmm.org\\\/qt\\\/#\\\/schema\\\/logo\\\/image\\\/\",\"url\":\"https:\\\/\\\/qtmm.org\\\/wp-content\\\/uploads\\\/2024\\\/12\\\/ua-mejlis-logo-rgb.svg\",\"contentUrl\":\"https:\\\/\\\/qtmm.org\\\/wp-content\\\/uploads\\\/2024\\\/12\\\/ua-mejlis-logo-rgb.svg\",\"caption\":\"\u041c\u0435\u0434\u0436\u043b\u0456\u0441\"},\"image\":{\"@id\":\"https:\\\/\\\/qtmm.org\\\/qt\\\/#\\\/schema\\\/logo\\\/image\\\/\"},\"sameAs\":[\"https:\\\/\\\/www.facebook.com\\\/qtmm.info\\\/\"]},{\"@type\":\"Person\",\"@id\":\"https:\\\/\\\/qtmm.org\\\/qt\\\/#\\\/schema\\\/person\\\/de562469f971dec226ac06e60bbf74a7\",\"name\":\"Developer\",\"image\":{\"@type\":\"ImageObject\",\"inLanguage\":\"qt\",\"@id\":\"https:\\\/\\\/secure.gravatar.com\\\/avatar\\\/392b4cc8fbfeb00b39dfeeab4ee6edded39ffd48e25858637e4765810300227e?s=96&d=mm&r=g\",\"url\":\"https:\\\/\\\/secure.gravatar.com\\\/avatar\\\/392b4cc8fbfeb00b39dfeeab4ee6edded39ffd48e25858637e4765810300227e?s=96&d=mm&r=g\",\"contentUrl\":\"https:\\\/\\\/secure.gravatar.com\\\/avatar\\\/392b4cc8fbfeb00b39dfeeab4ee6edded39ffd48e25858637e4765810300227e?s=96&d=mm&r=g\",\"caption\":\"Developer\"},\"url\":\"https:\\\/\\\/qtmm.org\\\/qt\\\/author\\\/Developer\\\/\"}]}<\/script>\n<!-- \/ Yoast SEO plugin. -->","yoast_head_json":{"title":"K\u0131r\u0131mtatar jurnalistleri zenaat bayramlar\u0131n\u0131 qayd ettiler - \u041c\u0435\u0434\u0436\u043b\u0456\u0441","robots":{"index":"index","follow":"follow","max-snippet":"max-snippet:-1","max-image-preview":"max-image-preview:large","max-video-preview":"max-video-preview:-1"},"canonical":"https:\/\/qtmm.org\/qt\/kirimtatar-jurnalistleri-zenaat-bayramlarini-qayd-ettiler\/","og_locale":"en_US","og_type":"article","og_title":"K\u0131r\u0131mtatar jurnalistleri zenaat bayramlar\u0131n\u0131 qayd ettiler - \u041c\u0435\u0434\u0436\u043b\u0456\u0441","og_description":"2012 senesi aprel 14 k\u00fcn\u00fc Ba\u011f\u00e7asarayda \u0130. Gasprinskiyni\u00f1 m\u00fczeyinde toplan\u011fan q\u0131r\u0131mtatar jurnalistleri d\u00f6rt\u00fcnci kere \u00f6z zenaat bayramlar\u0131n\u0131 qayd ettiler. &#8220;Endi ananege \u00e7evirilgen bu k\u00f6r\u00fc\u015f\u00fcvlerde biz problemlerimizni muzakere etemiz, meslekde\u015fler olarn\u0131 \u00e7ez\u00fcv yollar\u0131n\u0131 ve milliy ne\u015firlerimizni daa da meraql\u0131 yapmaq i\u00e7\u00fcn ya\u00f1\u0131 \u011fayeler teklif eteler, &#8211; dep, qayd etti &#8220;Q\u0131r\u0131m&#8221; gazetas\u0131n\u0131\u00f1 ba\u015f muarriri Bekir Mamutov. \u2013 [&hellip;]","og_url":"https:\/\/qtmm.org\/qt\/kirimtatar-jurnalistleri-zenaat-bayramlarini-qayd-ettiler\/","og_site_name":"\u041c\u0435\u0434\u0436\u043b\u0456\u0441","article_publisher":"https:\/\/www.facebook.com\/qtmm.info\/","article_published_time":"2012-04-15T15:01:00+00:00","article_modified_time":"2022-01-21T15:03:54+00:00","og_image":[{"width":640,"height":480,"url":"https:\/\/qtmm.org\/wp-content\/uploads\/2022\/01\/4f8b1a8cdb616.jpeg","type":"image\/jpeg"}],"author":"Developer","twitter_card":"summary_large_image","twitter_misc":{"Written by":"Developer","Est. reading time":"2 minutes"},"schema":{"@context":"https:\/\/schema.org","@graph":[{"@type":"Article","@id":"https:\/\/qtmm.org\/qt\/kirimtatar-jurnalistleri-zenaat-bayramlarini-qayd-ettiler\/#article","isPartOf":{"@id":"https:\/\/qtmm.org\/qt\/kirimtatar-jurnalistleri-zenaat-bayramlarini-qayd-ettiler\/"},"author":{"name":"Developer","@id":"https:\/\/qtmm.org\/qt\/#\/schema\/person\/de562469f971dec226ac06e60bbf74a7"},"headline":"K\u0131r\u0131mtatar jurnalistleri zenaat bayramlar\u0131n\u0131 qayd ettiler","datePublished":"2012-04-15T15:01:00+00:00","dateModified":"2022-01-21T15:03:54+00:00","mainEntityOfPage":{"@id":"https:\/\/qtmm.org\/qt\/kirimtatar-jurnalistleri-zenaat-bayramlarini-qayd-ettiler\/"},"wordCount":469,"commentCount":0,"publisher":{"@id":"https:\/\/qtmm.org\/qt\/#organization"},"image":{"@id":"https:\/\/qtmm.org\/qt\/kirimtatar-jurnalistleri-zenaat-bayramlarini-qayd-ettiler\/#primaryimage"},"thumbnailUrl":"https:\/\/qtmm.org\/wp-content\/uploads\/2022\/01\/4f8b1a8cdb616.jpeg","articleSection":["Haberler"],"inLanguage":"qt","potentialAction":[{"@type":"CommentAction","name":"Comment","target":["https:\/\/qtmm.org\/qt\/kirimtatar-jurnalistleri-zenaat-bayramlarini-qayd-ettiler\/#respond"]}]},{"@type":"WebPage","@id":"https:\/\/qtmm.org\/qt\/kirimtatar-jurnalistleri-zenaat-bayramlarini-qayd-ettiler\/","url":"https:\/\/qtmm.org\/qt\/kirimtatar-jurnalistleri-zenaat-bayramlarini-qayd-ettiler\/","name":"K\u0131r\u0131mtatar jurnalistleri zenaat bayramlar\u0131n\u0131 qayd ettiler - \u041c\u0435\u0434\u0436\u043b\u0456\u0441","isPartOf":{"@id":"https:\/\/qtmm.org\/qt\/#website"},"primaryImageOfPage":{"@id":"https:\/\/qtmm.org\/qt\/kirimtatar-jurnalistleri-zenaat-bayramlarini-qayd-ettiler\/#primaryimage"},"image":{"@id":"https:\/\/qtmm.org\/qt\/kirimtatar-jurnalistleri-zenaat-bayramlarini-qayd-ettiler\/#primaryimage"},"thumbnailUrl":"https:\/\/qtmm.org\/wp-content\/uploads\/2022\/01\/4f8b1a8cdb616.jpeg","datePublished":"2012-04-15T15:01:00+00:00","dateModified":"2022-01-21T15:03:54+00:00","breadcrumb":{"@id":"https:\/\/qtmm.org\/qt\/kirimtatar-jurnalistleri-zenaat-bayramlarini-qayd-ettiler\/#breadcrumb"},"inLanguage":"qt","potentialAction":[{"@type":"ReadAction","target":["https:\/\/qtmm.org\/qt\/kirimtatar-jurnalistleri-zenaat-bayramlarini-qayd-ettiler\/"]}]},{"@type":"ImageObject","inLanguage":"qt","@id":"https:\/\/qtmm.org\/qt\/kirimtatar-jurnalistleri-zenaat-bayramlarini-qayd-ettiler\/#primaryimage","url":"https:\/\/qtmm.org\/wp-content\/uploads\/2022\/01\/4f8b1a8cdb616.jpeg","contentUrl":"https:\/\/qtmm.org\/wp-content\/uploads\/2022\/01\/4f8b1a8cdb616.jpeg","width":640,"height":480},{"@type":"BreadcrumbList","@id":"https:\/\/qtmm.org\/qt\/kirimtatar-jurnalistleri-zenaat-bayramlarini-qayd-ettiler\/#breadcrumb","itemListElement":[{"@type":"ListItem","position":1,"name":"\u0413\u043e\u043b\u043e\u0432\u043d\u0430","item":"https:\/\/qtmm.org\/qt\/"},{"@type":"ListItem","position":2,"name":"K\u0131r\u0131mtatar jurnalistleri zenaat bayramlar\u0131n\u0131 qayd ettiler"}]},{"@type":"WebSite","@id":"https:\/\/qtmm.org\/qt\/#website","url":"https:\/\/qtmm.org\/qt\/","name":"\u041c\u0435\u0434\u0436\u043b\u0456\u0441","description":"","publisher":{"@id":"https:\/\/qtmm.org\/qt\/#organization"},"potentialAction":[{"@type":"SearchAction","target":{"@type":"EntryPoint","urlTemplate":"https:\/\/qtmm.org\/qt\/?s={search_term_string}"},"query-input":{"@type":"PropertyValueSpecification","valueRequired":true,"valueName":"search_term_string"}}],"inLanguage":"qt"},{"@type":"Organization","@id":"https:\/\/qtmm.org\/qt\/#organization","name":"\u041c\u0435\u0434\u0436\u043b\u0456\u0441","url":"https:\/\/qtmm.org\/qt\/","logo":{"@type":"ImageObject","inLanguage":"qt","@id":"https:\/\/qtmm.org\/qt\/#\/schema\/logo\/image\/","url":"https:\/\/qtmm.org\/wp-content\/uploads\/2024\/12\/ua-mejlis-logo-rgb.svg","contentUrl":"https:\/\/qtmm.org\/wp-content\/uploads\/2024\/12\/ua-mejlis-logo-rgb.svg","caption":"\u041c\u0435\u0434\u0436\u043b\u0456\u0441"},"image":{"@id":"https:\/\/qtmm.org\/qt\/#\/schema\/logo\/image\/"},"sameAs":["https:\/\/www.facebook.com\/qtmm.info\/"]},{"@type":"Person","@id":"https:\/\/qtmm.org\/qt\/#\/schema\/person\/de562469f971dec226ac06e60bbf74a7","name":"Developer","image":{"@type":"ImageObject","inLanguage":"qt","@id":"https:\/\/secure.gravatar.com\/avatar\/392b4cc8fbfeb00b39dfeeab4ee6edded39ffd48e25858637e4765810300227e?s=96&d=mm&r=g","url":"https:\/\/secure.gravatar.com\/avatar\/392b4cc8fbfeb00b39dfeeab4ee6edded39ffd48e25858637e4765810300227e?s=96&d=mm&r=g","contentUrl":"https:\/\/secure.gravatar.com\/avatar\/392b4cc8fbfeb00b39dfeeab4ee6edded39ffd48e25858637e4765810300227e?s=96&d=mm&r=g","caption":"Developer"},"url":"https:\/\/qtmm.org\/qt\/author\/Developer\/"}]}},"_links":{"self":[{"href":"https:\/\/qtmm.org\/qt\/wp-json\/wp\/v2\/posts\/30032","targetHints":{"allow":["GET"]}}],"collection":[{"href":"https:\/\/qtmm.org\/qt\/wp-json\/wp\/v2\/posts"}],"about":[{"href":"https:\/\/qtmm.org\/qt\/wp-json\/wp\/v2\/types\/post"}],"author":[{"embeddable":true,"href":"https:\/\/qtmm.org\/qt\/wp-json\/wp\/v2\/users\/1"}],"replies":[{"embeddable":true,"href":"https:\/\/qtmm.org\/qt\/wp-json\/wp\/v2\/comments?post=30032"}],"version-history":[{"count":1,"href":"https:\/\/qtmm.org\/qt\/wp-json\/wp\/v2\/posts\/30032\/revisions"}],"predecessor-version":[{"id":30073,"href":"https:\/\/qtmm.org\/qt\/wp-json\/wp\/v2\/posts\/30032\/revisions\/30073"}],"wp:featuredmedia":[{"embeddable":true,"href":"https:\/\/qtmm.org\/qt\/wp-json\/wp\/v2\/media\/30041"}],"wp:attachment":[{"href":"https:\/\/qtmm.org\/qt\/wp-json\/wp\/v2\/media?parent=30032"}],"wp:term":[{"taxonomy":"category","embeddable":true,"href":"https:\/\/qtmm.org\/qt\/wp-json\/wp\/v2\/categories?post=30032"},{"taxonomy":"post_tag","embeddable":true,"href":"https:\/\/qtmm.org\/qt\/wp-json\/wp\/v2\/tags?post=30032"}],"curies":[{"name":"wp","href":"https:\/\/api.w.org\/{rel}","templated":true}]}}