




{"id":30000,"date":"2012-04-12T17:59:00","date_gmt":"2012-04-12T14:59:00","guid":{"rendered":"http:\/\/qtmm.org\/?p=30000"},"modified":"2022-01-21T17:59:40","modified_gmt":"2022-01-21T14:59:40","slug":"fikret-halil-hatiramizda-temeli-qaviy-iradeli-adaletperver-insan-olip-qalacaq","status":"publish","type":"post","link":"https:\/\/qtmm.org\/qt\/fikret-halil-hatiramizda-temeli-qaviy-iradeli-adaletperver-insan-olip-qalacaq\/","title":{"rendered":"Fikret Halil hat\u0131ram\u0131zda temeli qaviy, iradeli, adaletperver insan ol\u0131p qalacaq"},"content":{"rendered":"\n<p>Q\u0131r\u0131mda aman-aman 45 y\u0131l ya\u015fa\u011fan, bu devirni\u00f1 ekseriy vaqt\u0131n\u0131 \u0130\u00e7ki rayon\u0131 Razdolnoye qasabas\u0131nda qorantas\u0131nen \u00e7oq adaletsizliklerge rastkelgen m\u00fcrekkep, amma \u011fayet n\u00fcm\u00fcneli \u00f6m\u00fcr ke\u00e7irgen milliy areketimizni\u00f1 erbab\u0131, ate\u015fin vatanperver, acay\u0131p insan Fikret Seydamet o\u011flu Halil 72 ya\u015fqa biraz yetmey, bu d\u00fcnyan\u0131 terk etti.<\/p>\n\n\n\n<p>O, 1967 senesi 5-sent\u00e2brdeki sahte ve a\u015falay\u0131c\u0131 sovet ferman\u0131 \u00e7\u0131qqan\u0131ndan bir afta so\u00f1, birinciler s\u0131ras\u0131nda Q\u0131r\u0131m\u011fa kelip \u00e7\u0131qqan edi ve, so\u00f1u olma\u011fan taqiplerge baqmadan, Vatandan keri qaytmad\u0131, onda ebediy qald\u0131.<\/p>\n\n\n\n<p>Bundan bir qa\u00e7 y\u0131l evel Ta\u015fkent vil\u00e2yeti Toy-Tepe qasabas\u0131nda, istisalda \u00e7al\u0131\u015fqan Fikret Halil te\u015febb\u00fcs\u00e7ilerge qo\u015fula. Bekabad, Yangi-Y\u00fcl, Angren, \u00c7\u0131r\u00e7\u0131qtaki safda\u015flar\u0131nen ba\u011f tuta, andaki yetek\u00e7ilerni\u00f1 vazifelerini becere.<\/p>\n\n\n\n<p>1965-67 seneleri halq vekilleri s\u0131ras\u0131nda defalarca Moskva\u011fa bara. Akimiyet vekillerinen bir s\u0131rada o zamann\u0131\u00f1 itibarl\u0131 ziyal\u0131lar\u0131nen k\u00f6r\u00fc\u015fe, olar\u011fa halq\u0131m\u0131zn\u0131\u00f1 vaziyetini a\u00f1lata. \u00d6yle subetde\u015flerinden biri &#8220;\u00f6ttepel&#8221; bayra\u011f\u0131 &#8211; &#8220;Nov\u0131y mir&#8221; mecmuan\u0131\u00f1 ba\u015f muarriri, me\u015fur &#8220;Po pravu pam\u00e2ti&#8221; destan\u0131n\u0131\u00f1 m\u00fcellifi A. Tvardovskiy de ola.<\/p>\n\n\n\n<p>Fikret Seydamet o\u011flu 1940 senesi 4-may\u0131sta Q\u0131r\u0131mn\u0131\u00f1 e\u00f1 b\u00fcy\u00fck k\u00f6ylerinden biri, Uskutte (Alu\u015fta rayon\u0131) d\u00fcnya\u011fa kele. S\u00fcrg\u00fcnlikte qorantas\u0131 Samarqand vil\u00e2yeti Bulun\u011fur rayon\u0131na t\u00fc\u015fe. Birazdan ana-babas\u0131 \u00f6m\u00fcr tarz\u0131 fenala\u015fqan\u0131 sebebinden ve bir \u00e7oq k\u00f6yde\u015flerinen birle\u015fmek niyetinen Ta\u015fkent vil\u00e2yetine k\u00f6\u00e7mek qarar\u0131na keleler.<\/p>\n\n\n\n<p>Fikret anda b\u00fcy\u00fckle\u015fe, mektep bitire, \u00e7al\u0131\u015fma\u011fa ve milliy arekette i\u015ftirak etmege ba\u015flay. O zaman \u00e7e\u015fit regionlarda ya\u015fa\u011fan k\u00f6r\u00fcmli cemaat erbaplar\u0131m\u0131znen k\u00f6r\u00fc\u015fe, qonu\u015fa, milliy davanen ba\u011fl\u0131 \u00e7oq \u015feyge olardan \u00f6grene, avalelerini yerine ketire.<\/p>\n\n\n\n<p>Taqiplerge o\u011framaqn\u0131\u00f1 neticelerini\u00f1 birinde o\u00f1a qar\u015f\u0131 &#8220;cinaiy i\u015f&#8221; a\u00e7\u0131la ve Ahangaran \u015feer mahkemesi \u00fc\u00e7 y\u0131l m\u00fcddet \u015fartl\u0131 s\u00fcrette ceza bere. Pe\u015fine \u00e7oqtan t\u00fc\u015fken KGB on\u0131 &#8220;terbiyelemege&#8221; t\u0131r\u0131\u015fa.<\/p>\n\n\n\n<p>1967 senesi 12-sent\u00e2brde Q\u0131r\u0131m\u011fa kelip, vatanda\u015flar\u0131n\u0131 qar\u015f\u0131lap al\u011fan ve olar\u011fa ilk yard\u0131m k\u00f6stermek boyunca i\u015f\u00e7i gruppan\u0131\u00f1 azas\u0131 ola. O gruppa demir\u00f6l vokzal\u0131nda, ava liman\u0131nda nevbet\u00e7ilerni tayinlemek, mal\u00fcmat toplamaq, cedvelge aluv (propiska) meselesini \u00e7ezmek, cenkten evel Q\u0131r\u0131mda ya\u015fa\u011fan diger millet vekillerinen ba\u011f tutmaq kibi i\u015flerni becere edi.<\/p>\n\n\n\n<p>Bir \u00e7are etip, Q\u0131r\u0131mda qalma\u011fa nail ol\u011fan Fikret Halil \u015fu devirden ba\u015flap, Q\u0131r\u0131m\u011fa vaziyetni \u00f6grenmek ve ba\u015fqa maqsatlarnen kelgen milliy erbaplar\u0131m\u0131zn\u0131 qar\u015f\u0131lay, yerle\u015ftire, olar\u011fa mal\u00fcmat-esabat bere, olarnen mesleatla\u015fa, i\u015flerni belgiley. \u00d6z\u00fc de \u00d6zbekistan\u011fa defalarca bar\u0131p, milliy yetek\u00e7ilerge, cemaat\u0131m\u0131z\u011fa q\u0131ymetli mal\u00fcmat yetkize.<\/p>\n\n\n\n<p>B\u00f6yle faalikni begenmegen organlar on\u0131 qorquzacaq, Q\u0131r\u0131mn\u0131 terk ettirecek olalar, amma neticege iri\u015fmeyler.<\/p>\n\n\n\n<p>Fikret Halil 1991 senesi Ekinci Milliy Qurultay \u00f6tkerilmesine on\u0131\u00f1 Te\u015fkiliy komitetini\u00f1 azas\u0131 olaraq \u00f6z salmaql\u0131 issesini qo\u015ft\u0131, onda saylan\u011fan ilk Milliy Meclisni\u00f1 terkibine kirdi. So\u00f1ra \u00dc\u00e7\u00fcnci Milliy Qurultayn\u0131\u00f1 delegat\u0131, Q\u0131r\u0131m musulman Qurultay\u0131 Tefti\u015f komissiyas\u0131n\u0131\u00f1 azas\u0131 saylan\u0131ld\u0131, diger cemaat i\u015flerinde faal i\u015ftirak etti.<\/p>\n\n\n\n<p>O, milliy arekette daima birlik-beraberlik \u00fck\u00fcm s\u00fcrmesi, i\u00e7ki dava-a\u00f1la\u015fmas\u0131zl\u0131qn\u0131 yoq etmekni\u00f1 itiqatl\u0131 tarafdar\u0131 edi.<\/p>\n\n\n\n<p>Fikret Halil merametli, y\u0131m\u015faq g\u00f6\u00f1\u00fclli, mul\u00e2yim, bun\u0131\u00f1nen beraber temeli qaviy, iradeli, adaletperver insan edi ve \u00f6yle de bizim hat\u0131ram\u0131zda qalacaq.<br>Safda\u015f\u0131m\u0131z vefat etkeni munasebetinen on\u0131\u00f1 qorantas\u0131na teren taziyemizni bildiremiz ve ba\u015f sa\u011fl\u0131\u011f\u0131 tileymiz.<\/p>\n\n\n\n<p class=\"has-text-align-center\"><strong>Elvida, q\u0131ymetli dostum\u0131z!<br>Allah rahmet eylesin.<\/strong><\/p>\n\n\n\n<p class=\"has-text-align-right\"><br><em><strong>Milliy Meclis azalar\u0131.<\/strong><\/em><\/p>\n","protected":false},"excerpt":{"rendered":"<p>Q\u0131r\u0131mda aman-aman 45 y\u0131l ya\u015fa\u011fan, bu devirni\u00f1 ekseriy vaqt\u0131n\u0131 \u0130\u00e7ki rayon\u0131 Razdolnoye qasabas\u0131nda qorantas\u0131nen \u00e7oq adaletsizliklerge rastkelgen m\u00fcrekkep, amma \u011fayet n\u00fcm\u00fcneli \u00f6m\u00fcr ke\u00e7irgen milliy areketimizni\u00f1 erbab\u0131, ate\u015fin vatanperver, acay\u0131p insan Fikret Seydamet o\u011flu Halil 72 ya\u015fqa biraz yetmey, bu d\u00fcnyan\u0131 terk etti. O, 1967 senesi 5-sent\u00e2brdeki sahte ve a\u015falay\u0131c\u0131 sovet ferman\u0131 \u00e7\u0131qqan\u0131ndan bir afta so\u00f1, [&hellip;]<\/p>\n","protected":false},"author":1,"featured_media":0,"comment_status":"open","ping_status":"open","sticky":false,"template":"","format":"standard","meta":{"inline_featured_image":false,"footnotes":""},"categories":[265],"tags":[],"class_list":["post-30000","post","type-post","status-publish","format-standard","hentry","category-haberler"],"acf":[],"yoast_head":"<!-- This site is optimized with the Yoast SEO plugin v27.4 - https:\/\/yoast.com\/product\/yoast-seo-wordpress\/ -->\n<title>Fikret Halil hat\u0131ram\u0131zda temeli qaviy, iradeli, adaletperver insan ol\u0131p qalacaq - \u041c\u0435\u0434\u0436\u043b\u0456\u0441<\/title>\n<meta name=\"robots\" content=\"index, follow, max-snippet:-1, max-image-preview:large, max-video-preview:-1\" \/>\n<link rel=\"canonical\" href=\"https:\/\/qtmm.org\/qt\/fikret-halil-hatiramizda-temeli-qaviy-iradeli-adaletperver-insan-olip-qalacaq\/\" \/>\n<meta property=\"og:locale\" content=\"en_US\" \/>\n<meta property=\"og:type\" content=\"article\" \/>\n<meta property=\"og:title\" content=\"Fikret Halil hat\u0131ram\u0131zda temeli qaviy, iradeli, adaletperver insan ol\u0131p qalacaq - \u041c\u0435\u0434\u0436\u043b\u0456\u0441\" \/>\n<meta property=\"og:description\" content=\"Q\u0131r\u0131mda aman-aman 45 y\u0131l ya\u015fa\u011fan, bu devirni\u00f1 ekseriy vaqt\u0131n\u0131 \u0130\u00e7ki rayon\u0131 Razdolnoye qasabas\u0131nda qorantas\u0131nen \u00e7oq adaletsizliklerge rastkelgen m\u00fcrekkep, amma \u011fayet n\u00fcm\u00fcneli \u00f6m\u00fcr ke\u00e7irgen milliy areketimizni\u00f1 erbab\u0131, ate\u015fin vatanperver, acay\u0131p insan Fikret Seydamet o\u011flu Halil 72 ya\u015fqa biraz yetmey, bu d\u00fcnyan\u0131 terk etti. O, 1967 senesi 5-sent\u00e2brdeki sahte ve a\u015falay\u0131c\u0131 sovet ferman\u0131 \u00e7\u0131qqan\u0131ndan bir afta so\u00f1, [&hellip;]\" \/>\n<meta property=\"og:url\" content=\"https:\/\/qtmm.org\/qt\/fikret-halil-hatiramizda-temeli-qaviy-iradeli-adaletperver-insan-olip-qalacaq\/\" \/>\n<meta property=\"og:site_name\" content=\"\u041c\u0435\u0434\u0436\u043b\u0456\u0441\" \/>\n<meta property=\"article:publisher\" content=\"https:\/\/www.facebook.com\/qtmm.info\/\" \/>\n<meta property=\"article:published_time\" content=\"2012-04-12T14:59:00+00:00\" \/>\n<meta property=\"article:modified_time\" content=\"2022-01-21T14:59:40+00:00\" \/>\n<meta name=\"author\" content=\"Developer\" \/>\n<meta name=\"twitter:card\" content=\"summary_large_image\" \/>\n<meta name=\"twitter:label1\" content=\"Written by\" \/>\n\t<meta name=\"twitter:data1\" content=\"Developer\" \/>\n\t<meta name=\"twitter:label2\" content=\"Est. reading time\" \/>\n\t<meta name=\"twitter:data2\" content=\"3 minutes\" \/>\n<script type=\"application\/ld+json\" class=\"yoast-schema-graph\">{\"@context\":\"https:\\\/\\\/schema.org\",\"@graph\":[{\"@type\":\"Article\",\"@id\":\"https:\\\/\\\/qtmm.org\\\/qt\\\/fikret-halil-hatiramizda-temeli-qaviy-iradeli-adaletperver-insan-olip-qalacaq\\\/#article\",\"isPartOf\":{\"@id\":\"https:\\\/\\\/qtmm.org\\\/qt\\\/fikret-halil-hatiramizda-temeli-qaviy-iradeli-adaletperver-insan-olip-qalacaq\\\/\"},\"author\":{\"name\":\"Developer\",\"@id\":\"https:\\\/\\\/qtmm.org\\\/qt\\\/#\\\/schema\\\/person\\\/de562469f971dec226ac06e60bbf74a7\"},\"headline\":\"Fikret Halil hat\u0131ram\u0131zda temeli qaviy, iradeli, adaletperver insan ol\u0131p qalacaq\",\"datePublished\":\"2012-04-12T14:59:00+00:00\",\"dateModified\":\"2022-01-21T14:59:40+00:00\",\"mainEntityOfPage\":{\"@id\":\"https:\\\/\\\/qtmm.org\\\/qt\\\/fikret-halil-hatiramizda-temeli-qaviy-iradeli-adaletperver-insan-olip-qalacaq\\\/\"},\"wordCount\":638,\"commentCount\":0,\"publisher\":{\"@id\":\"https:\\\/\\\/qtmm.org\\\/qt\\\/#organization\"},\"articleSection\":[\"Haberler\"],\"inLanguage\":\"qt\",\"potentialAction\":[{\"@type\":\"CommentAction\",\"name\":\"Comment\",\"target\":[\"https:\\\/\\\/qtmm.org\\\/qt\\\/fikret-halil-hatiramizda-temeli-qaviy-iradeli-adaletperver-insan-olip-qalacaq\\\/#respond\"]}]},{\"@type\":\"WebPage\",\"@id\":\"https:\\\/\\\/qtmm.org\\\/qt\\\/fikret-halil-hatiramizda-temeli-qaviy-iradeli-adaletperver-insan-olip-qalacaq\\\/\",\"url\":\"https:\\\/\\\/qtmm.org\\\/qt\\\/fikret-halil-hatiramizda-temeli-qaviy-iradeli-adaletperver-insan-olip-qalacaq\\\/\",\"name\":\"Fikret Halil hat\u0131ram\u0131zda temeli qaviy, iradeli, adaletperver insan ol\u0131p qalacaq - \u041c\u0435\u0434\u0436\u043b\u0456\u0441\",\"isPartOf\":{\"@id\":\"https:\\\/\\\/qtmm.org\\\/qt\\\/#website\"},\"datePublished\":\"2012-04-12T14:59:00+00:00\",\"dateModified\":\"2022-01-21T14:59:40+00:00\",\"breadcrumb\":{\"@id\":\"https:\\\/\\\/qtmm.org\\\/qt\\\/fikret-halil-hatiramizda-temeli-qaviy-iradeli-adaletperver-insan-olip-qalacaq\\\/#breadcrumb\"},\"inLanguage\":\"qt\",\"potentialAction\":[{\"@type\":\"ReadAction\",\"target\":[\"https:\\\/\\\/qtmm.org\\\/qt\\\/fikret-halil-hatiramizda-temeli-qaviy-iradeli-adaletperver-insan-olip-qalacaq\\\/\"]}]},{\"@type\":\"BreadcrumbList\",\"@id\":\"https:\\\/\\\/qtmm.org\\\/qt\\\/fikret-halil-hatiramizda-temeli-qaviy-iradeli-adaletperver-insan-olip-qalacaq\\\/#breadcrumb\",\"itemListElement\":[{\"@type\":\"ListItem\",\"position\":1,\"name\":\"\u0413\u043e\u043b\u043e\u0432\u043d\u0430\",\"item\":\"https:\\\/\\\/qtmm.org\\\/qt\\\/\"},{\"@type\":\"ListItem\",\"position\":2,\"name\":\"Fikret Halil hat\u0131ram\u0131zda temeli qaviy, iradeli, adaletperver insan ol\u0131p qalacaq\"}]},{\"@type\":\"WebSite\",\"@id\":\"https:\\\/\\\/qtmm.org\\\/qt\\\/#website\",\"url\":\"https:\\\/\\\/qtmm.org\\\/qt\\\/\",\"name\":\"\u041c\u0435\u0434\u0436\u043b\u0456\u0441\",\"description\":\"\",\"publisher\":{\"@id\":\"https:\\\/\\\/qtmm.org\\\/qt\\\/#organization\"},\"potentialAction\":[{\"@type\":\"SearchAction\",\"target\":{\"@type\":\"EntryPoint\",\"urlTemplate\":\"https:\\\/\\\/qtmm.org\\\/qt\\\/?s={search_term_string}\"},\"query-input\":{\"@type\":\"PropertyValueSpecification\",\"valueRequired\":true,\"valueName\":\"search_term_string\"}}],\"inLanguage\":\"qt\"},{\"@type\":\"Organization\",\"@id\":\"https:\\\/\\\/qtmm.org\\\/qt\\\/#organization\",\"name\":\"\u041c\u0435\u0434\u0436\u043b\u0456\u0441\",\"url\":\"https:\\\/\\\/qtmm.org\\\/qt\\\/\",\"logo\":{\"@type\":\"ImageObject\",\"inLanguage\":\"qt\",\"@id\":\"https:\\\/\\\/qtmm.org\\\/qt\\\/#\\\/schema\\\/logo\\\/image\\\/\",\"url\":\"https:\\\/\\\/qtmm.org\\\/wp-content\\\/uploads\\\/2024\\\/12\\\/ua-mejlis-logo-rgb.svg\",\"contentUrl\":\"https:\\\/\\\/qtmm.org\\\/wp-content\\\/uploads\\\/2024\\\/12\\\/ua-mejlis-logo-rgb.svg\",\"caption\":\"\u041c\u0435\u0434\u0436\u043b\u0456\u0441\"},\"image\":{\"@id\":\"https:\\\/\\\/qtmm.org\\\/qt\\\/#\\\/schema\\\/logo\\\/image\\\/\"},\"sameAs\":[\"https:\\\/\\\/www.facebook.com\\\/qtmm.info\\\/\"]},{\"@type\":\"Person\",\"@id\":\"https:\\\/\\\/qtmm.org\\\/qt\\\/#\\\/schema\\\/person\\\/de562469f971dec226ac06e60bbf74a7\",\"name\":\"Developer\",\"image\":{\"@type\":\"ImageObject\",\"inLanguage\":\"qt\",\"@id\":\"https:\\\/\\\/secure.gravatar.com\\\/avatar\\\/392b4cc8fbfeb00b39dfeeab4ee6edded39ffd48e25858637e4765810300227e?s=96&d=mm&r=g\",\"url\":\"https:\\\/\\\/secure.gravatar.com\\\/avatar\\\/392b4cc8fbfeb00b39dfeeab4ee6edded39ffd48e25858637e4765810300227e?s=96&d=mm&r=g\",\"contentUrl\":\"https:\\\/\\\/secure.gravatar.com\\\/avatar\\\/392b4cc8fbfeb00b39dfeeab4ee6edded39ffd48e25858637e4765810300227e?s=96&d=mm&r=g\",\"caption\":\"Developer\"},\"url\":\"https:\\\/\\\/qtmm.org\\\/qt\\\/author\\\/Developer\\\/\"}]}<\/script>\n<!-- \/ Yoast SEO plugin. -->","yoast_head_json":{"title":"Fikret Halil hat\u0131ram\u0131zda temeli qaviy, iradeli, adaletperver insan ol\u0131p qalacaq - \u041c\u0435\u0434\u0436\u043b\u0456\u0441","robots":{"index":"index","follow":"follow","max-snippet":"max-snippet:-1","max-image-preview":"max-image-preview:large","max-video-preview":"max-video-preview:-1"},"canonical":"https:\/\/qtmm.org\/qt\/fikret-halil-hatiramizda-temeli-qaviy-iradeli-adaletperver-insan-olip-qalacaq\/","og_locale":"en_US","og_type":"article","og_title":"Fikret Halil hat\u0131ram\u0131zda temeli qaviy, iradeli, adaletperver insan ol\u0131p qalacaq - \u041c\u0435\u0434\u0436\u043b\u0456\u0441","og_description":"Q\u0131r\u0131mda aman-aman 45 y\u0131l ya\u015fa\u011fan, bu devirni\u00f1 ekseriy vaqt\u0131n\u0131 \u0130\u00e7ki rayon\u0131 Razdolnoye qasabas\u0131nda qorantas\u0131nen \u00e7oq adaletsizliklerge rastkelgen m\u00fcrekkep, amma \u011fayet n\u00fcm\u00fcneli \u00f6m\u00fcr ke\u00e7irgen milliy areketimizni\u00f1 erbab\u0131, ate\u015fin vatanperver, acay\u0131p insan Fikret Seydamet o\u011flu Halil 72 ya\u015fqa biraz yetmey, bu d\u00fcnyan\u0131 terk etti. O, 1967 senesi 5-sent\u00e2brdeki sahte ve a\u015falay\u0131c\u0131 sovet ferman\u0131 \u00e7\u0131qqan\u0131ndan bir afta so\u00f1, [&hellip;]","og_url":"https:\/\/qtmm.org\/qt\/fikret-halil-hatiramizda-temeli-qaviy-iradeli-adaletperver-insan-olip-qalacaq\/","og_site_name":"\u041c\u0435\u0434\u0436\u043b\u0456\u0441","article_publisher":"https:\/\/www.facebook.com\/qtmm.info\/","article_published_time":"2012-04-12T14:59:00+00:00","article_modified_time":"2022-01-21T14:59:40+00:00","author":"Developer","twitter_card":"summary_large_image","twitter_misc":{"Written by":"Developer","Est. reading time":"3 minutes"},"schema":{"@context":"https:\/\/schema.org","@graph":[{"@type":"Article","@id":"https:\/\/qtmm.org\/qt\/fikret-halil-hatiramizda-temeli-qaviy-iradeli-adaletperver-insan-olip-qalacaq\/#article","isPartOf":{"@id":"https:\/\/qtmm.org\/qt\/fikret-halil-hatiramizda-temeli-qaviy-iradeli-adaletperver-insan-olip-qalacaq\/"},"author":{"name":"Developer","@id":"https:\/\/qtmm.org\/qt\/#\/schema\/person\/de562469f971dec226ac06e60bbf74a7"},"headline":"Fikret Halil hat\u0131ram\u0131zda temeli qaviy, iradeli, adaletperver insan ol\u0131p qalacaq","datePublished":"2012-04-12T14:59:00+00:00","dateModified":"2022-01-21T14:59:40+00:00","mainEntityOfPage":{"@id":"https:\/\/qtmm.org\/qt\/fikret-halil-hatiramizda-temeli-qaviy-iradeli-adaletperver-insan-olip-qalacaq\/"},"wordCount":638,"commentCount":0,"publisher":{"@id":"https:\/\/qtmm.org\/qt\/#organization"},"articleSection":["Haberler"],"inLanguage":"qt","potentialAction":[{"@type":"CommentAction","name":"Comment","target":["https:\/\/qtmm.org\/qt\/fikret-halil-hatiramizda-temeli-qaviy-iradeli-adaletperver-insan-olip-qalacaq\/#respond"]}]},{"@type":"WebPage","@id":"https:\/\/qtmm.org\/qt\/fikret-halil-hatiramizda-temeli-qaviy-iradeli-adaletperver-insan-olip-qalacaq\/","url":"https:\/\/qtmm.org\/qt\/fikret-halil-hatiramizda-temeli-qaviy-iradeli-adaletperver-insan-olip-qalacaq\/","name":"Fikret Halil hat\u0131ram\u0131zda temeli qaviy, iradeli, adaletperver insan ol\u0131p qalacaq - \u041c\u0435\u0434\u0436\u043b\u0456\u0441","isPartOf":{"@id":"https:\/\/qtmm.org\/qt\/#website"},"datePublished":"2012-04-12T14:59:00+00:00","dateModified":"2022-01-21T14:59:40+00:00","breadcrumb":{"@id":"https:\/\/qtmm.org\/qt\/fikret-halil-hatiramizda-temeli-qaviy-iradeli-adaletperver-insan-olip-qalacaq\/#breadcrumb"},"inLanguage":"qt","potentialAction":[{"@type":"ReadAction","target":["https:\/\/qtmm.org\/qt\/fikret-halil-hatiramizda-temeli-qaviy-iradeli-adaletperver-insan-olip-qalacaq\/"]}]},{"@type":"BreadcrumbList","@id":"https:\/\/qtmm.org\/qt\/fikret-halil-hatiramizda-temeli-qaviy-iradeli-adaletperver-insan-olip-qalacaq\/#breadcrumb","itemListElement":[{"@type":"ListItem","position":1,"name":"\u0413\u043e\u043b\u043e\u0432\u043d\u0430","item":"https:\/\/qtmm.org\/qt\/"},{"@type":"ListItem","position":2,"name":"Fikret Halil hat\u0131ram\u0131zda temeli qaviy, iradeli, adaletperver insan ol\u0131p qalacaq"}]},{"@type":"WebSite","@id":"https:\/\/qtmm.org\/qt\/#website","url":"https:\/\/qtmm.org\/qt\/","name":"\u041c\u0435\u0434\u0436\u043b\u0456\u0441","description":"","publisher":{"@id":"https:\/\/qtmm.org\/qt\/#organization"},"potentialAction":[{"@type":"SearchAction","target":{"@type":"EntryPoint","urlTemplate":"https:\/\/qtmm.org\/qt\/?s={search_term_string}"},"query-input":{"@type":"PropertyValueSpecification","valueRequired":true,"valueName":"search_term_string"}}],"inLanguage":"qt"},{"@type":"Organization","@id":"https:\/\/qtmm.org\/qt\/#organization","name":"\u041c\u0435\u0434\u0436\u043b\u0456\u0441","url":"https:\/\/qtmm.org\/qt\/","logo":{"@type":"ImageObject","inLanguage":"qt","@id":"https:\/\/qtmm.org\/qt\/#\/schema\/logo\/image\/","url":"https:\/\/qtmm.org\/wp-content\/uploads\/2024\/12\/ua-mejlis-logo-rgb.svg","contentUrl":"https:\/\/qtmm.org\/wp-content\/uploads\/2024\/12\/ua-mejlis-logo-rgb.svg","caption":"\u041c\u0435\u0434\u0436\u043b\u0456\u0441"},"image":{"@id":"https:\/\/qtmm.org\/qt\/#\/schema\/logo\/image\/"},"sameAs":["https:\/\/www.facebook.com\/qtmm.info\/"]},{"@type":"Person","@id":"https:\/\/qtmm.org\/qt\/#\/schema\/person\/de562469f971dec226ac06e60bbf74a7","name":"Developer","image":{"@type":"ImageObject","inLanguage":"qt","@id":"https:\/\/secure.gravatar.com\/avatar\/392b4cc8fbfeb00b39dfeeab4ee6edded39ffd48e25858637e4765810300227e?s=96&d=mm&r=g","url":"https:\/\/secure.gravatar.com\/avatar\/392b4cc8fbfeb00b39dfeeab4ee6edded39ffd48e25858637e4765810300227e?s=96&d=mm&r=g","contentUrl":"https:\/\/secure.gravatar.com\/avatar\/392b4cc8fbfeb00b39dfeeab4ee6edded39ffd48e25858637e4765810300227e?s=96&d=mm&r=g","caption":"Developer"},"url":"https:\/\/qtmm.org\/qt\/author\/Developer\/"}]}},"_links":{"self":[{"href":"https:\/\/qtmm.org\/qt\/wp-json\/wp\/v2\/posts\/30000","targetHints":{"allow":["GET"]}}],"collection":[{"href":"https:\/\/qtmm.org\/qt\/wp-json\/wp\/v2\/posts"}],"about":[{"href":"https:\/\/qtmm.org\/qt\/wp-json\/wp\/v2\/types\/post"}],"author":[{"embeddable":true,"href":"https:\/\/qtmm.org\/qt\/wp-json\/wp\/v2\/users\/1"}],"replies":[{"embeddable":true,"href":"https:\/\/qtmm.org\/qt\/wp-json\/wp\/v2\/comments?post=30000"}],"version-history":[{"count":1,"href":"https:\/\/qtmm.org\/qt\/wp-json\/wp\/v2\/posts\/30000\/revisions"}],"predecessor-version":[{"id":30001,"href":"https:\/\/qtmm.org\/qt\/wp-json\/wp\/v2\/posts\/30000\/revisions\/30001"}],"wp:attachment":[{"href":"https:\/\/qtmm.org\/qt\/wp-json\/wp\/v2\/media?parent=30000"}],"wp:term":[{"taxonomy":"category","embeddable":true,"href":"https:\/\/qtmm.org\/qt\/wp-json\/wp\/v2\/categories?post=30000"},{"taxonomy":"post_tag","embeddable":true,"href":"https:\/\/qtmm.org\/qt\/wp-json\/wp\/v2\/tags?post=30000"}],"curies":[{"name":"wp","href":"https:\/\/api.w.org\/{rel}","templated":true}]}}