




{"id":29986,"date":"2012-04-12T17:57:00","date_gmt":"2012-04-12T14:57:00","guid":{"rendered":"http:\/\/qtmm.org\/?p=29986"},"modified":"2022-01-21T17:58:53","modified_gmt":"2022-01-21T14:58:53","slug":"parlament-ukraina-yuqari-surasinin-insan-aqlari-boyunca-yani-vekilini-saylay","status":"publish","type":"post","link":"https:\/\/qtmm.org\/qt\/parlament-ukraina-yuqari-surasinin-insan-aqlari-boyunca-yani-vekilini-saylay\/","title":{"rendered":"Parlament Ukraina Yuqar\u0131 \u015euras\u0131n\u0131\u00f1 \u0130nsan aqlar\u0131 boyunca ya\u00f1\u0131 vekilini saylay"},"content":{"rendered":"\n<p>Mal\u00fcm ol\u011fan\u0131na k\u00f6re, Ukraina Yuqar\u0131 \u015euras\u0131n\u0131\u00f1 \u0130nsan aqlar\u0131 boyunca \u015fimdiki vekili Nina Karpa\u00e7\u00f6va vek\u00e2letligini\u00f1 m\u00fcddeti bitkeni sebebinden devletni\u00f1 yuqar\u0131 qanun\u00e2rat\u0131c\u0131 organ\u0131nda \u0130nsan aqlar\u0131 boyunca ya\u00f1\u0131 vekilini saylav meselesi muzakere etile.<\/p>\n\n\n\n<p>Bu vazifege namzetlerini k\u00f6stergen insanlar boyunca fikirlerni \u015fekillendirmek, bun\u0131\u00f1 kibi de s\u00fcrg\u00fcnlikte qayt\u0131p keleyatqan q\u0131r\u0131mtatar halq\u0131n\u0131\u00f1 avdeti ve yerle\u015f\u00fcvinen ba\u011fl\u0131 meseleler \u00e7ezimini\u00f1 keti\u015fat\u0131 aqq\u0131nda mal\u00fcmat bermek i\u00e7\u00fcn Ukraina halq deputat\u0131, Q\u0131r\u0131mtatar halq\u0131 Meclisini\u00f1 reisi Mustafa Cemilev bir s\u0131ra k\u00f6r\u00fc\u015f\u00fcvlerni ke\u00e7irdi. \u0130\u015fte, o, bu vazifege namzetini k\u00f6stergen Yevgeniy Zaharov ve Valeriya Lutkovskayanen, Ukraina Yuqar\u0131 \u015euras\u0131n\u0131\u00f1 \u0130nsan aqlar\u0131 boyunca \u015fimdiki vekili Nina Karpa\u00e7\u00f6vanen de k\u00f6r\u00fc\u015fti.<\/p>\n\n\n\n<figure class=\"wp-block-image size-full\"><img loading=\"lazy\" decoding=\"async\" width=\"800\" height=\"600\" src=\"http:\/\/qtmm.org\/wp-content\/uploads\/2022\/01\/cimg0736-1.jpeg\" alt=\"\" class=\"wp-image-29991\" srcset=\"https:\/\/qtmm.org\/wp-content\/uploads\/2022\/01\/cimg0736-1.jpeg 800w, https:\/\/qtmm.org\/wp-content\/uploads\/2022\/01\/cimg0736-1-300x225.jpeg 300w, https:\/\/qtmm.org\/wp-content\/uploads\/2022\/01\/cimg0736-1-768x576.jpeg 768w\" sizes=\"auto, (max-width: 800px) 100vw, 800px\" \/><figcaption><em><strong>Resimde<\/strong>: Meclis reisi Mustafa Cemilev Valeriya Lutkovskayanen.<\/em><br><\/figcaption><\/figure>\n\n\n\n<figure class=\"wp-block-image size-full\"><img loading=\"lazy\" decoding=\"async\" width=\"800\" height=\"531\" src=\"http:\/\/qtmm.org\/wp-content\/uploads\/2022\/01\/dsc_0015_novyy_razmer-1.jpeg\" alt=\"\" class=\"wp-image-29995\" srcset=\"https:\/\/qtmm.org\/wp-content\/uploads\/2022\/01\/dsc_0015_novyy_razmer-1.jpeg 800w, https:\/\/qtmm.org\/wp-content\/uploads\/2022\/01\/dsc_0015_novyy_razmer-1-300x199.jpeg 300w, https:\/\/qtmm.org\/wp-content\/uploads\/2022\/01\/dsc_0015_novyy_razmer-1-768x510.jpeg 768w\" sizes=\"auto, (max-width: 800px) 100vw, 800px\" \/><figcaption><em><strong>Resimde<\/strong>: Meclis reisi Mustafa Cemilev Ukraina Yuqar\u0131 \u015euras\u0131n\u0131\u00f1 \u0130nsan aqlar\u0131 boyunca \u015fimdiki vekili Nina Karpa\u00e7\u00f6vanen beraber.<\/em><br><\/figcaption><\/figure>\n\n\n\n<p>K\u00f6r\u00fc\u015f\u00fcvler devam\u0131nda Mustafa Cemilev namzetlerni\u00f1 Ukrainada insan aq-uquqlar\u0131n\u0131 qor\u00e7alav ve s\u00fcrg\u00fcn etilgenlerni\u00f1 aqlar\u0131n\u0131 imaye et\u00fcv i\u015flerinde Vekilni\u00f1 rol\u00fcni y\u00fckselt\u00fcvge munasebetlerinen meraqland\u0131. Meclis reisi \u015fun\u0131 da ayr\u0131ca qayd etti ki, \u015fahsen kendisi Vekillikke o ya da bu namzetke on\u0131\u00f1 s\u00fcrg\u00fcnlikten qaytqan q\u0131r\u0131mtatar halq\u0131 ve diger millet vekillerini\u00f1 meselelerini \u00e7ez\u00fcv maqsad\u0131nen olacaq Halqara Forum\u011fa munasebetine k\u00f6re qoltutacaq.<\/p>\n\n\n\n<p>Kesen-kes qararn\u0131 devlet parlamenti kelecek afta qabul etecek. \u015eun\u0131 qayd etmeli ki, 2012 senesi aprel 11-de Ukraina Yuqar\u0131 \u015euras\u0131 \u0130nsan uquqlar\u0131 ve milliy azl\u0131qlar em de milletlerara munasebetler boyunca komitet \u00f6z topla\u015fuv\u0131nda Vekilni saylav meselesini baq\u0131p, bu vazifege alternativas\u0131z k\u00f6sterilgen Valeriya Lutkovskayan\u0131\u00f1 namzetine qoltutmamaq qarar\u0131na keldi.<\/p>\n","protected":false},"excerpt":{"rendered":"<p>Mal\u00fcm ol\u011fan\u0131na k\u00f6re, Ukraina Yuqar\u0131 \u015euras\u0131n\u0131\u00f1 \u0130nsan aqlar\u0131 boyunca \u015fimdiki vekili Nina Karpa\u00e7\u00f6va vek\u00e2letligini\u00f1 m\u00fcddeti bitkeni sebebinden devletni\u00f1 yuqar\u0131 qanun\u00e2rat\u0131c\u0131 organ\u0131nda \u0130nsan aqlar\u0131 boyunca ya\u00f1\u0131 vekilini saylav meselesi muzakere etile. Bu vazifege namzetlerini k\u00f6stergen insanlar boyunca fikirlerni \u015fekillendirmek, bun\u0131\u00f1 kibi de s\u00fcrg\u00fcnlikte qayt\u0131p keleyatqan q\u0131r\u0131mtatar halq\u0131n\u0131\u00f1 avdeti ve yerle\u015f\u00fcvinen ba\u011fl\u0131 meseleler \u00e7ezimini\u00f1 keti\u015fat\u0131 aqq\u0131nda mal\u00fcmat [&hellip;]<\/p>\n","protected":false},"author":1,"featured_media":29987,"comment_status":"open","ping_status":"open","sticky":false,"template":"","format":"standard","meta":{"inline_featured_image":false,"footnotes":""},"categories":[265],"tags":[],"class_list":["post-29986","post","type-post","status-publish","format-standard","has-post-thumbnail","hentry","category-haberler"],"acf":[],"yoast_head":"<!-- This site is optimized with the Yoast SEO plugin v27.4 - https:\/\/yoast.com\/product\/yoast-seo-wordpress\/ -->\n<title>Parlament Ukraina Yuqar\u0131 \u015euras\u0131n\u0131\u00f1 \u0130nsan aqlar\u0131 boyunca ya\u00f1\u0131 vekilini saylay - \u041c\u0435\u0434\u0436\u043b\u0456\u0441<\/title>\n<meta name=\"robots\" content=\"index, follow, max-snippet:-1, max-image-preview:large, max-video-preview:-1\" \/>\n<link rel=\"canonical\" href=\"https:\/\/qtmm.org\/qt\/parlament-ukraina-yuqari-surasinin-insan-aqlari-boyunca-yani-vekilini-saylay\/\" \/>\n<meta property=\"og:locale\" content=\"en_US\" \/>\n<meta property=\"og:type\" content=\"article\" \/>\n<meta property=\"og:title\" content=\"Parlament Ukraina Yuqar\u0131 \u015euras\u0131n\u0131\u00f1 \u0130nsan aqlar\u0131 boyunca ya\u00f1\u0131 vekilini saylay - \u041c\u0435\u0434\u0436\u043b\u0456\u0441\" \/>\n<meta property=\"og:description\" content=\"Mal\u00fcm ol\u011fan\u0131na k\u00f6re, Ukraina Yuqar\u0131 \u015euras\u0131n\u0131\u00f1 \u0130nsan aqlar\u0131 boyunca \u015fimdiki vekili Nina Karpa\u00e7\u00f6va vek\u00e2letligini\u00f1 m\u00fcddeti bitkeni sebebinden devletni\u00f1 yuqar\u0131 qanun\u00e2rat\u0131c\u0131 organ\u0131nda \u0130nsan aqlar\u0131 boyunca ya\u00f1\u0131 vekilini saylav meselesi muzakere etile. Bu vazifege namzetlerini k\u00f6stergen insanlar boyunca fikirlerni \u015fekillendirmek, bun\u0131\u00f1 kibi de s\u00fcrg\u00fcnlikte qayt\u0131p keleyatqan q\u0131r\u0131mtatar halq\u0131n\u0131\u00f1 avdeti ve yerle\u015f\u00fcvinen ba\u011fl\u0131 meseleler \u00e7ezimini\u00f1 keti\u015fat\u0131 aqq\u0131nda mal\u00fcmat [&hellip;]\" \/>\n<meta property=\"og:url\" content=\"https:\/\/qtmm.org\/qt\/parlament-ukraina-yuqari-surasinin-insan-aqlari-boyunca-yani-vekilini-saylay\/\" \/>\n<meta property=\"og:site_name\" content=\"\u041c\u0435\u0434\u0436\u043b\u0456\u0441\" \/>\n<meta property=\"article:publisher\" content=\"https:\/\/www.facebook.com\/qtmm.info\/\" \/>\n<meta property=\"article:published_time\" content=\"2012-04-12T14:57:00+00:00\" \/>\n<meta property=\"article:modified_time\" content=\"2022-01-21T14:58:53+00:00\" \/>\n<meta property=\"og:image\" content=\"https:\/\/qtmm.org\/wp-content\/uploads\/2022\/01\/8_1_1-1.jpeg\" \/>\n\t<meta property=\"og:image:width\" content=\"800\" \/>\n\t<meta property=\"og:image:height\" content=\"533\" \/>\n\t<meta property=\"og:image:type\" content=\"image\/jpeg\" \/>\n<meta name=\"author\" content=\"Developer\" \/>\n<meta name=\"twitter:card\" content=\"summary_large_image\" \/>\n<meta name=\"twitter:label1\" content=\"Written by\" \/>\n\t<meta name=\"twitter:data1\" content=\"Developer\" \/>\n\t<meta name=\"twitter:label2\" content=\"Est. reading time\" \/>\n\t<meta name=\"twitter:data2\" content=\"1 minute\" \/>\n<script type=\"application\/ld+json\" class=\"yoast-schema-graph\">{\"@context\":\"https:\\\/\\\/schema.org\",\"@graph\":[{\"@type\":\"Article\",\"@id\":\"https:\\\/\\\/qtmm.org\\\/qt\\\/parlament-ukraina-yuqari-surasinin-insan-aqlari-boyunca-yani-vekilini-saylay\\\/#article\",\"isPartOf\":{\"@id\":\"https:\\\/\\\/qtmm.org\\\/qt\\\/parlament-ukraina-yuqari-surasinin-insan-aqlari-boyunca-yani-vekilini-saylay\\\/\"},\"author\":{\"name\":\"Developer\",\"@id\":\"https:\\\/\\\/qtmm.org\\\/qt\\\/#\\\/schema\\\/person\\\/de562469f971dec226ac06e60bbf74a7\"},\"headline\":\"Parlament Ukraina Yuqar\u0131 \u015euras\u0131n\u0131\u00f1 \u0130nsan aqlar\u0131 boyunca ya\u00f1\u0131 vekilini saylay\",\"datePublished\":\"2012-04-12T14:57:00+00:00\",\"dateModified\":\"2022-01-21T14:58:53+00:00\",\"mainEntityOfPage\":{\"@id\":\"https:\\\/\\\/qtmm.org\\\/qt\\\/parlament-ukraina-yuqari-surasinin-insan-aqlari-boyunca-yani-vekilini-saylay\\\/\"},\"wordCount\":293,\"commentCount\":0,\"publisher\":{\"@id\":\"https:\\\/\\\/qtmm.org\\\/qt\\\/#organization\"},\"image\":{\"@id\":\"https:\\\/\\\/qtmm.org\\\/qt\\\/parlament-ukraina-yuqari-surasinin-insan-aqlari-boyunca-yani-vekilini-saylay\\\/#primaryimage\"},\"thumbnailUrl\":\"https:\\\/\\\/qtmm.org\\\/wp-content\\\/uploads\\\/2022\\\/01\\\/8_1_1-1.jpeg\",\"articleSection\":[\"Haberler\"],\"inLanguage\":\"qt\",\"potentialAction\":[{\"@type\":\"CommentAction\",\"name\":\"Comment\",\"target\":[\"https:\\\/\\\/qtmm.org\\\/qt\\\/parlament-ukraina-yuqari-surasinin-insan-aqlari-boyunca-yani-vekilini-saylay\\\/#respond\"]}]},{\"@type\":\"WebPage\",\"@id\":\"https:\\\/\\\/qtmm.org\\\/qt\\\/parlament-ukraina-yuqari-surasinin-insan-aqlari-boyunca-yani-vekilini-saylay\\\/\",\"url\":\"https:\\\/\\\/qtmm.org\\\/qt\\\/parlament-ukraina-yuqari-surasinin-insan-aqlari-boyunca-yani-vekilini-saylay\\\/\",\"name\":\"Parlament Ukraina Yuqar\u0131 \u015euras\u0131n\u0131\u00f1 \u0130nsan aqlar\u0131 boyunca ya\u00f1\u0131 vekilini saylay - \u041c\u0435\u0434\u0436\u043b\u0456\u0441\",\"isPartOf\":{\"@id\":\"https:\\\/\\\/qtmm.org\\\/qt\\\/#website\"},\"primaryImageOfPage\":{\"@id\":\"https:\\\/\\\/qtmm.org\\\/qt\\\/parlament-ukraina-yuqari-surasinin-insan-aqlari-boyunca-yani-vekilini-saylay\\\/#primaryimage\"},\"image\":{\"@id\":\"https:\\\/\\\/qtmm.org\\\/qt\\\/parlament-ukraina-yuqari-surasinin-insan-aqlari-boyunca-yani-vekilini-saylay\\\/#primaryimage\"},\"thumbnailUrl\":\"https:\\\/\\\/qtmm.org\\\/wp-content\\\/uploads\\\/2022\\\/01\\\/8_1_1-1.jpeg\",\"datePublished\":\"2012-04-12T14:57:00+00:00\",\"dateModified\":\"2022-01-21T14:58:53+00:00\",\"breadcrumb\":{\"@id\":\"https:\\\/\\\/qtmm.org\\\/qt\\\/parlament-ukraina-yuqari-surasinin-insan-aqlari-boyunca-yani-vekilini-saylay\\\/#breadcrumb\"},\"inLanguage\":\"qt\",\"potentialAction\":[{\"@type\":\"ReadAction\",\"target\":[\"https:\\\/\\\/qtmm.org\\\/qt\\\/parlament-ukraina-yuqari-surasinin-insan-aqlari-boyunca-yani-vekilini-saylay\\\/\"]}]},{\"@type\":\"ImageObject\",\"inLanguage\":\"qt\",\"@id\":\"https:\\\/\\\/qtmm.org\\\/qt\\\/parlament-ukraina-yuqari-surasinin-insan-aqlari-boyunca-yani-vekilini-saylay\\\/#primaryimage\",\"url\":\"https:\\\/\\\/qtmm.org\\\/wp-content\\\/uploads\\\/2022\\\/01\\\/8_1_1-1.jpeg\",\"contentUrl\":\"https:\\\/\\\/qtmm.org\\\/wp-content\\\/uploads\\\/2022\\\/01\\\/8_1_1-1.jpeg\",\"width\":800,\"height\":533,\"caption\":\"Resimde: Meclis reisi Mustafa Cemilev Yevgeniy Zaharov ile beraber.\"},{\"@type\":\"BreadcrumbList\",\"@id\":\"https:\\\/\\\/qtmm.org\\\/qt\\\/parlament-ukraina-yuqari-surasinin-insan-aqlari-boyunca-yani-vekilini-saylay\\\/#breadcrumb\",\"itemListElement\":[{\"@type\":\"ListItem\",\"position\":1,\"name\":\"\u0413\u043e\u043b\u043e\u0432\u043d\u0430\",\"item\":\"https:\\\/\\\/qtmm.org\\\/qt\\\/\"},{\"@type\":\"ListItem\",\"position\":2,\"name\":\"Parlament Ukraina Yuqar\u0131 \u015euras\u0131n\u0131\u00f1 \u0130nsan aqlar\u0131 boyunca ya\u00f1\u0131 vekilini saylay\"}]},{\"@type\":\"WebSite\",\"@id\":\"https:\\\/\\\/qtmm.org\\\/qt\\\/#website\",\"url\":\"https:\\\/\\\/qtmm.org\\\/qt\\\/\",\"name\":\"\u041c\u0435\u0434\u0436\u043b\u0456\u0441\",\"description\":\"\",\"publisher\":{\"@id\":\"https:\\\/\\\/qtmm.org\\\/qt\\\/#organization\"},\"potentialAction\":[{\"@type\":\"SearchAction\",\"target\":{\"@type\":\"EntryPoint\",\"urlTemplate\":\"https:\\\/\\\/qtmm.org\\\/qt\\\/?s={search_term_string}\"},\"query-input\":{\"@type\":\"PropertyValueSpecification\",\"valueRequired\":true,\"valueName\":\"search_term_string\"}}],\"inLanguage\":\"qt\"},{\"@type\":\"Organization\",\"@id\":\"https:\\\/\\\/qtmm.org\\\/qt\\\/#organization\",\"name\":\"\u041c\u0435\u0434\u0436\u043b\u0456\u0441\",\"url\":\"https:\\\/\\\/qtmm.org\\\/qt\\\/\",\"logo\":{\"@type\":\"ImageObject\",\"inLanguage\":\"qt\",\"@id\":\"https:\\\/\\\/qtmm.org\\\/qt\\\/#\\\/schema\\\/logo\\\/image\\\/\",\"url\":\"https:\\\/\\\/qtmm.org\\\/wp-content\\\/uploads\\\/2024\\\/12\\\/ua-mejlis-logo-rgb.svg\",\"contentUrl\":\"https:\\\/\\\/qtmm.org\\\/wp-content\\\/uploads\\\/2024\\\/12\\\/ua-mejlis-logo-rgb.svg\",\"caption\":\"\u041c\u0435\u0434\u0436\u043b\u0456\u0441\"},\"image\":{\"@id\":\"https:\\\/\\\/qtmm.org\\\/qt\\\/#\\\/schema\\\/logo\\\/image\\\/\"},\"sameAs\":[\"https:\\\/\\\/www.facebook.com\\\/qtmm.info\\\/\"]},{\"@type\":\"Person\",\"@id\":\"https:\\\/\\\/qtmm.org\\\/qt\\\/#\\\/schema\\\/person\\\/de562469f971dec226ac06e60bbf74a7\",\"name\":\"Developer\",\"image\":{\"@type\":\"ImageObject\",\"inLanguage\":\"qt\",\"@id\":\"https:\\\/\\\/secure.gravatar.com\\\/avatar\\\/392b4cc8fbfeb00b39dfeeab4ee6edded39ffd48e25858637e4765810300227e?s=96&d=mm&r=g\",\"url\":\"https:\\\/\\\/secure.gravatar.com\\\/avatar\\\/392b4cc8fbfeb00b39dfeeab4ee6edded39ffd48e25858637e4765810300227e?s=96&d=mm&r=g\",\"contentUrl\":\"https:\\\/\\\/secure.gravatar.com\\\/avatar\\\/392b4cc8fbfeb00b39dfeeab4ee6edded39ffd48e25858637e4765810300227e?s=96&d=mm&r=g\",\"caption\":\"Developer\"},\"url\":\"https:\\\/\\\/qtmm.org\\\/qt\\\/author\\\/Developer\\\/\"}]}<\/script>\n<!-- \/ Yoast SEO plugin. -->","yoast_head_json":{"title":"Parlament Ukraina Yuqar\u0131 \u015euras\u0131n\u0131\u00f1 \u0130nsan aqlar\u0131 boyunca ya\u00f1\u0131 vekilini saylay - \u041c\u0435\u0434\u0436\u043b\u0456\u0441","robots":{"index":"index","follow":"follow","max-snippet":"max-snippet:-1","max-image-preview":"max-image-preview:large","max-video-preview":"max-video-preview:-1"},"canonical":"https:\/\/qtmm.org\/qt\/parlament-ukraina-yuqari-surasinin-insan-aqlari-boyunca-yani-vekilini-saylay\/","og_locale":"en_US","og_type":"article","og_title":"Parlament Ukraina Yuqar\u0131 \u015euras\u0131n\u0131\u00f1 \u0130nsan aqlar\u0131 boyunca ya\u00f1\u0131 vekilini saylay - \u041c\u0435\u0434\u0436\u043b\u0456\u0441","og_description":"Mal\u00fcm ol\u011fan\u0131na k\u00f6re, Ukraina Yuqar\u0131 \u015euras\u0131n\u0131\u00f1 \u0130nsan aqlar\u0131 boyunca \u015fimdiki vekili Nina Karpa\u00e7\u00f6va vek\u00e2letligini\u00f1 m\u00fcddeti bitkeni sebebinden devletni\u00f1 yuqar\u0131 qanun\u00e2rat\u0131c\u0131 organ\u0131nda \u0130nsan aqlar\u0131 boyunca ya\u00f1\u0131 vekilini saylav meselesi muzakere etile. Bu vazifege namzetlerini k\u00f6stergen insanlar boyunca fikirlerni \u015fekillendirmek, bun\u0131\u00f1 kibi de s\u00fcrg\u00fcnlikte qayt\u0131p keleyatqan q\u0131r\u0131mtatar halq\u0131n\u0131\u00f1 avdeti ve yerle\u015f\u00fcvinen ba\u011fl\u0131 meseleler \u00e7ezimini\u00f1 keti\u015fat\u0131 aqq\u0131nda mal\u00fcmat [&hellip;]","og_url":"https:\/\/qtmm.org\/qt\/parlament-ukraina-yuqari-surasinin-insan-aqlari-boyunca-yani-vekilini-saylay\/","og_site_name":"\u041c\u0435\u0434\u0436\u043b\u0456\u0441","article_publisher":"https:\/\/www.facebook.com\/qtmm.info\/","article_published_time":"2012-04-12T14:57:00+00:00","article_modified_time":"2022-01-21T14:58:53+00:00","og_image":[{"width":800,"height":533,"url":"https:\/\/qtmm.org\/wp-content\/uploads\/2022\/01\/8_1_1-1.jpeg","type":"image\/jpeg"}],"author":"Developer","twitter_card":"summary_large_image","twitter_misc":{"Written by":"Developer","Est. reading time":"1 minute"},"schema":{"@context":"https:\/\/schema.org","@graph":[{"@type":"Article","@id":"https:\/\/qtmm.org\/qt\/parlament-ukraina-yuqari-surasinin-insan-aqlari-boyunca-yani-vekilini-saylay\/#article","isPartOf":{"@id":"https:\/\/qtmm.org\/qt\/parlament-ukraina-yuqari-surasinin-insan-aqlari-boyunca-yani-vekilini-saylay\/"},"author":{"name":"Developer","@id":"https:\/\/qtmm.org\/qt\/#\/schema\/person\/de562469f971dec226ac06e60bbf74a7"},"headline":"Parlament Ukraina Yuqar\u0131 \u015euras\u0131n\u0131\u00f1 \u0130nsan aqlar\u0131 boyunca ya\u00f1\u0131 vekilini saylay","datePublished":"2012-04-12T14:57:00+00:00","dateModified":"2022-01-21T14:58:53+00:00","mainEntityOfPage":{"@id":"https:\/\/qtmm.org\/qt\/parlament-ukraina-yuqari-surasinin-insan-aqlari-boyunca-yani-vekilini-saylay\/"},"wordCount":293,"commentCount":0,"publisher":{"@id":"https:\/\/qtmm.org\/qt\/#organization"},"image":{"@id":"https:\/\/qtmm.org\/qt\/parlament-ukraina-yuqari-surasinin-insan-aqlari-boyunca-yani-vekilini-saylay\/#primaryimage"},"thumbnailUrl":"https:\/\/qtmm.org\/wp-content\/uploads\/2022\/01\/8_1_1-1.jpeg","articleSection":["Haberler"],"inLanguage":"qt","potentialAction":[{"@type":"CommentAction","name":"Comment","target":["https:\/\/qtmm.org\/qt\/parlament-ukraina-yuqari-surasinin-insan-aqlari-boyunca-yani-vekilini-saylay\/#respond"]}]},{"@type":"WebPage","@id":"https:\/\/qtmm.org\/qt\/parlament-ukraina-yuqari-surasinin-insan-aqlari-boyunca-yani-vekilini-saylay\/","url":"https:\/\/qtmm.org\/qt\/parlament-ukraina-yuqari-surasinin-insan-aqlari-boyunca-yani-vekilini-saylay\/","name":"Parlament Ukraina Yuqar\u0131 \u015euras\u0131n\u0131\u00f1 \u0130nsan aqlar\u0131 boyunca ya\u00f1\u0131 vekilini saylay - \u041c\u0435\u0434\u0436\u043b\u0456\u0441","isPartOf":{"@id":"https:\/\/qtmm.org\/qt\/#website"},"primaryImageOfPage":{"@id":"https:\/\/qtmm.org\/qt\/parlament-ukraina-yuqari-surasinin-insan-aqlari-boyunca-yani-vekilini-saylay\/#primaryimage"},"image":{"@id":"https:\/\/qtmm.org\/qt\/parlament-ukraina-yuqari-surasinin-insan-aqlari-boyunca-yani-vekilini-saylay\/#primaryimage"},"thumbnailUrl":"https:\/\/qtmm.org\/wp-content\/uploads\/2022\/01\/8_1_1-1.jpeg","datePublished":"2012-04-12T14:57:00+00:00","dateModified":"2022-01-21T14:58:53+00:00","breadcrumb":{"@id":"https:\/\/qtmm.org\/qt\/parlament-ukraina-yuqari-surasinin-insan-aqlari-boyunca-yani-vekilini-saylay\/#breadcrumb"},"inLanguage":"qt","potentialAction":[{"@type":"ReadAction","target":["https:\/\/qtmm.org\/qt\/parlament-ukraina-yuqari-surasinin-insan-aqlari-boyunca-yani-vekilini-saylay\/"]}]},{"@type":"ImageObject","inLanguage":"qt","@id":"https:\/\/qtmm.org\/qt\/parlament-ukraina-yuqari-surasinin-insan-aqlari-boyunca-yani-vekilini-saylay\/#primaryimage","url":"https:\/\/qtmm.org\/wp-content\/uploads\/2022\/01\/8_1_1-1.jpeg","contentUrl":"https:\/\/qtmm.org\/wp-content\/uploads\/2022\/01\/8_1_1-1.jpeg","width":800,"height":533,"caption":"Resimde: Meclis reisi Mustafa Cemilev Yevgeniy Zaharov ile beraber."},{"@type":"BreadcrumbList","@id":"https:\/\/qtmm.org\/qt\/parlament-ukraina-yuqari-surasinin-insan-aqlari-boyunca-yani-vekilini-saylay\/#breadcrumb","itemListElement":[{"@type":"ListItem","position":1,"name":"\u0413\u043e\u043b\u043e\u0432\u043d\u0430","item":"https:\/\/qtmm.org\/qt\/"},{"@type":"ListItem","position":2,"name":"Parlament Ukraina Yuqar\u0131 \u015euras\u0131n\u0131\u00f1 \u0130nsan aqlar\u0131 boyunca ya\u00f1\u0131 vekilini saylay"}]},{"@type":"WebSite","@id":"https:\/\/qtmm.org\/qt\/#website","url":"https:\/\/qtmm.org\/qt\/","name":"\u041c\u0435\u0434\u0436\u043b\u0456\u0441","description":"","publisher":{"@id":"https:\/\/qtmm.org\/qt\/#organization"},"potentialAction":[{"@type":"SearchAction","target":{"@type":"EntryPoint","urlTemplate":"https:\/\/qtmm.org\/qt\/?s={search_term_string}"},"query-input":{"@type":"PropertyValueSpecification","valueRequired":true,"valueName":"search_term_string"}}],"inLanguage":"qt"},{"@type":"Organization","@id":"https:\/\/qtmm.org\/qt\/#organization","name":"\u041c\u0435\u0434\u0436\u043b\u0456\u0441","url":"https:\/\/qtmm.org\/qt\/","logo":{"@type":"ImageObject","inLanguage":"qt","@id":"https:\/\/qtmm.org\/qt\/#\/schema\/logo\/image\/","url":"https:\/\/qtmm.org\/wp-content\/uploads\/2024\/12\/ua-mejlis-logo-rgb.svg","contentUrl":"https:\/\/qtmm.org\/wp-content\/uploads\/2024\/12\/ua-mejlis-logo-rgb.svg","caption":"\u041c\u0435\u0434\u0436\u043b\u0456\u0441"},"image":{"@id":"https:\/\/qtmm.org\/qt\/#\/schema\/logo\/image\/"},"sameAs":["https:\/\/www.facebook.com\/qtmm.info\/"]},{"@type":"Person","@id":"https:\/\/qtmm.org\/qt\/#\/schema\/person\/de562469f971dec226ac06e60bbf74a7","name":"Developer","image":{"@type":"ImageObject","inLanguage":"qt","@id":"https:\/\/secure.gravatar.com\/avatar\/392b4cc8fbfeb00b39dfeeab4ee6edded39ffd48e25858637e4765810300227e?s=96&d=mm&r=g","url":"https:\/\/secure.gravatar.com\/avatar\/392b4cc8fbfeb00b39dfeeab4ee6edded39ffd48e25858637e4765810300227e?s=96&d=mm&r=g","contentUrl":"https:\/\/secure.gravatar.com\/avatar\/392b4cc8fbfeb00b39dfeeab4ee6edded39ffd48e25858637e4765810300227e?s=96&d=mm&r=g","caption":"Developer"},"url":"https:\/\/qtmm.org\/qt\/author\/Developer\/"}]}},"_links":{"self":[{"href":"https:\/\/qtmm.org\/qt\/wp-json\/wp\/v2\/posts\/29986","targetHints":{"allow":["GET"]}}],"collection":[{"href":"https:\/\/qtmm.org\/qt\/wp-json\/wp\/v2\/posts"}],"about":[{"href":"https:\/\/qtmm.org\/qt\/wp-json\/wp\/v2\/types\/post"}],"author":[{"embeddable":true,"href":"https:\/\/qtmm.org\/qt\/wp-json\/wp\/v2\/users\/1"}],"replies":[{"embeddable":true,"href":"https:\/\/qtmm.org\/qt\/wp-json\/wp\/v2\/comments?post=29986"}],"version-history":[{"count":1,"href":"https:\/\/qtmm.org\/qt\/wp-json\/wp\/v2\/posts\/29986\/revisions"}],"predecessor-version":[{"id":29999,"href":"https:\/\/qtmm.org\/qt\/wp-json\/wp\/v2\/posts\/29986\/revisions\/29999"}],"wp:featuredmedia":[{"embeddable":true,"href":"https:\/\/qtmm.org\/qt\/wp-json\/wp\/v2\/media\/29987"}],"wp:attachment":[{"href":"https:\/\/qtmm.org\/qt\/wp-json\/wp\/v2\/media?parent=29986"}],"wp:term":[{"taxonomy":"category","embeddable":true,"href":"https:\/\/qtmm.org\/qt\/wp-json\/wp\/v2\/categories?post=29986"},{"taxonomy":"post_tag","embeddable":true,"href":"https:\/\/qtmm.org\/qt\/wp-json\/wp\/v2\/tags?post=29986"}],"curies":[{"name":"wp","href":"https:\/\/api.w.org\/{rel}","templated":true}]}}