




{"id":29984,"date":"2012-04-12T17:56:00","date_gmt":"2012-04-12T14:56:00","guid":{"rendered":"http:\/\/qtmm.org\/?p=29984"},"modified":"2022-01-21T17:56:56","modified_gmt":"2022-01-21T14:56:56","slug":"ukraina-yuqari-surasi-%e2%84%96-5515-qanunni-qabul-etmege-azirlana","status":"publish","type":"post","link":"https:\/\/qtmm.org\/qt\/ukraina-yuqari-surasi-%e2%84%96-5515-qanunni-qabul-etmege-azirlana\/","title":{"rendered":"Ukraina Yuqar\u0131 \u015euras\u0131 \u2116 5515 Qanunn\u0131 qabul etmege az\u0131rlana"},"content":{"rendered":"\n<p>&#8220;Milliy mens\u00fcpligine k\u00f6re s\u00fcrg\u00fcn etilgen \u015fah\u0131slarn\u0131\u00f1 aqlar\u0131n\u0131 \u011fayr\u0131dan tiklev aqq\u0131nda&#8221; Ukraina Qanun\u0131n\u0131 qabul et\u00fcv\u00a0boyunca yap\u0131l\u011fan uzun m\u00fcddetli ve m\u00fcrekkep i\u015f Q\u0131r\u0131mtatar halq\u0131 Meclisini\u00f1 reisi, Ukraina halq deputat\u0131 Mustafa Cemilevni\u00f1 fikrince ya\u00f1\u0131 basq\u0131\u00e7qa kirdi.<\/p>\n\n\n\n<p>Ukraina Prezidenti memuriyeti ba\u015f\u0131n\u0131\u00f1 muavini Stanislav Skuba\u015fevskiy, Ukraina Prezidentini\u00f1 mesleat\u00e7\u0131s\u0131, i\u00e7timaiy-siyasiy ve sotsial meseleler boyunca ba\u015f idaresini\u00f1 reberi Anna German, bun\u0131\u00f1 kibi de Ukraina Prezidentini\u00f1 Ukraina Yuqar\u0131 \u015euras\u0131nda temsilcisi, halq deputat\u0131 Yuriy Miro\u015fni\u00e7enko ile ke\u00e7enlerde \u00f6tkerilgen k\u00f6r\u00fc\u015f\u00fcvlerde devlet yolba\u015f\u00e7\u0131s\u0131n\u0131\u00f1 mezk\u00fcr qanunn\u0131\u00f1 qabul etilmesine m\u00fcsbet baq\u0131\u015f\u0131 qayd olund\u0131. Qanunn\u0131 qabul et\u00fcv \u011fayesine Ukraina Yuqar\u0131 \u015euras\u0131n\u0131\u00f1 reisi Vladimir Litvin de qoltuta.<\/p>\n\n\n\n<p>\u2116 5515 Qanun leyhas\u0131n\u0131\u00f1 muzakeresi 2012 senesi aprel 24-27 k\u00fcnlerine tayinlendi. Leyha birinci oqul\u0131\u015fta qabul etile bilir. &#8220;On\u0131\u00f1 az\u0131rl\u0131q ve halqara ekspertler, \u015fu c\u00fcmleden OSCE ve Avropa \u015euras\u0131 taraf\u0131ndan qoltut\u0131l\u011fan\u0131n\u0131\u00f1 seviyesi Qanun leyhas\u0131n\u0131 umumen qabul etmege esas olur&#8221;, &#8211; dedi Ukraina halq deputat\u0131 Mustafa Cemilev.<\/p>\n\n\n\n<p>Bundan kelip \u00e7\u0131qaraq, Meclis reisi Ukraina halq deputatlar\u0131na Qanun leyhas\u0131na tolus\u0131nen qoltutmalar\u0131 ricas\u0131nen muracaatta bulunmaq maqsad\u0131nda ki, qanun tezce k\u00fc\u00e7ke kirsin. Qanun leyhas\u0131na 2004 senesi de \u00e7oqluq qoltutqan edi, l\u00e2kin Prezident veto aqq\u0131ndan qullan\u0131p, qabul etilmesini toqtatt\u0131.<\/p>\n","protected":false},"excerpt":{"rendered":"<p>&#8220;Milliy mens\u00fcpligine k\u00f6re s\u00fcrg\u00fcn etilgen \u015fah\u0131slarn\u0131\u00f1 aqlar\u0131n\u0131 \u011fayr\u0131dan tiklev aqq\u0131nda&#8221; Ukraina Qanun\u0131n\u0131 qabul et\u00fcv\u00a0boyunca yap\u0131l\u011fan uzun m\u00fcddetli ve m\u00fcrekkep i\u015f Q\u0131r\u0131mtatar halq\u0131 Meclisini\u00f1 reisi, Ukraina halq deputat\u0131 Mustafa Cemilevni\u00f1 fikrince ya\u00f1\u0131 basq\u0131\u00e7qa kirdi. Ukraina Prezidenti memuriyeti ba\u015f\u0131n\u0131\u00f1 muavini Stanislav Skuba\u015fevskiy, Ukraina Prezidentini\u00f1 mesleat\u00e7\u0131s\u0131, i\u00e7timaiy-siyasiy ve sotsial meseleler boyunca ba\u015f idaresini\u00f1 reberi Anna German, bun\u0131\u00f1 kibi [&hellip;]<\/p>\n","protected":false},"author":1,"featured_media":0,"comment_status":"open","ping_status":"open","sticky":false,"template":"","format":"standard","meta":{"inline_featured_image":false,"footnotes":""},"categories":[265],"tags":[],"class_list":["post-29984","post","type-post","status-publish","format-standard","hentry","category-haberler"],"acf":[],"yoast_head":"<!-- This site is optimized with the Yoast SEO plugin v27.4 - https:\/\/yoast.com\/product\/yoast-seo-wordpress\/ -->\n<title>Ukraina Yuqar\u0131 \u015euras\u0131 \u2116 5515 Qanunn\u0131 qabul etmege az\u0131rlana - \u041c\u0435\u0434\u0436\u043b\u0456\u0441<\/title>\n<meta name=\"robots\" content=\"index, follow, max-snippet:-1, max-image-preview:large, max-video-preview:-1\" \/>\n<link rel=\"canonical\" href=\"https:\/\/qtmm.org\/qt\/ukraina-yuqari-surasi-\u2116-5515-qanunni-qabul-etmege-azirlana\/\" \/>\n<meta property=\"og:locale\" content=\"en_US\" \/>\n<meta property=\"og:type\" content=\"article\" \/>\n<meta property=\"og:title\" content=\"Ukraina Yuqar\u0131 \u015euras\u0131 \u2116 5515 Qanunn\u0131 qabul etmege az\u0131rlana - \u041c\u0435\u0434\u0436\u043b\u0456\u0441\" \/>\n<meta property=\"og:description\" content=\"&#8220;Milliy mens\u00fcpligine k\u00f6re s\u00fcrg\u00fcn etilgen \u015fah\u0131slarn\u0131\u00f1 aqlar\u0131n\u0131 \u011fayr\u0131dan tiklev aqq\u0131nda&#8221; Ukraina Qanun\u0131n\u0131 qabul et\u00fcv\u00a0boyunca yap\u0131l\u011fan uzun m\u00fcddetli ve m\u00fcrekkep i\u015f Q\u0131r\u0131mtatar halq\u0131 Meclisini\u00f1 reisi, Ukraina halq deputat\u0131 Mustafa Cemilevni\u00f1 fikrince ya\u00f1\u0131 basq\u0131\u00e7qa kirdi. Ukraina Prezidenti memuriyeti ba\u015f\u0131n\u0131\u00f1 muavini Stanislav Skuba\u015fevskiy, Ukraina Prezidentini\u00f1 mesleat\u00e7\u0131s\u0131, i\u00e7timaiy-siyasiy ve sotsial meseleler boyunca ba\u015f idaresini\u00f1 reberi Anna German, bun\u0131\u00f1 kibi [&hellip;]\" \/>\n<meta property=\"og:url\" content=\"https:\/\/qtmm.org\/qt\/ukraina-yuqari-surasi-\u2116-5515-qanunni-qabul-etmege-azirlana\/\" \/>\n<meta property=\"og:site_name\" content=\"\u041c\u0435\u0434\u0436\u043b\u0456\u0441\" \/>\n<meta property=\"article:publisher\" content=\"https:\/\/www.facebook.com\/qtmm.info\/\" \/>\n<meta property=\"article:published_time\" content=\"2012-04-12T14:56:00+00:00\" \/>\n<meta property=\"article:modified_time\" content=\"2022-01-21T14:56:56+00:00\" \/>\n<meta name=\"author\" content=\"Developer\" \/>\n<meta name=\"twitter:card\" content=\"summary_large_image\" \/>\n<meta name=\"twitter:label1\" content=\"Written by\" \/>\n\t<meta name=\"twitter:data1\" content=\"Developer\" \/>\n\t<meta name=\"twitter:label2\" content=\"Est. reading time\" \/>\n\t<meta name=\"twitter:data2\" content=\"1 minute\" \/>\n<script type=\"application\/ld+json\" class=\"yoast-schema-graph\">{\"@context\":\"https:\\\/\\\/schema.org\",\"@graph\":[{\"@type\":\"Article\",\"@id\":\"https:\\\/\\\/qtmm.org\\\/qt\\\/ukraina-yuqari-surasi-%e2%84%96-5515-qanunni-qabul-etmege-azirlana\\\/#article\",\"isPartOf\":{\"@id\":\"https:\\\/\\\/qtmm.org\\\/qt\\\/ukraina-yuqari-surasi-%e2%84%96-5515-qanunni-qabul-etmege-azirlana\\\/\"},\"author\":{\"name\":\"Developer\",\"@id\":\"https:\\\/\\\/qtmm.org\\\/qt\\\/#\\\/schema\\\/person\\\/de562469f971dec226ac06e60bbf74a7\"},\"headline\":\"Ukraina Yuqar\u0131 \u015euras\u0131 \u2116 5515 Qanunn\u0131 qabul etmege az\u0131rlana\",\"datePublished\":\"2012-04-12T14:56:00+00:00\",\"dateModified\":\"2022-01-21T14:56:56+00:00\",\"mainEntityOfPage\":{\"@id\":\"https:\\\/\\\/qtmm.org\\\/qt\\\/ukraina-yuqari-surasi-%e2%84%96-5515-qanunni-qabul-etmege-azirlana\\\/\"},\"wordCount\":233,\"commentCount\":0,\"publisher\":{\"@id\":\"https:\\\/\\\/qtmm.org\\\/qt\\\/#organization\"},\"articleSection\":[\"Haberler\"],\"inLanguage\":\"qt\",\"potentialAction\":[{\"@type\":\"CommentAction\",\"name\":\"Comment\",\"target\":[\"https:\\\/\\\/qtmm.org\\\/qt\\\/ukraina-yuqari-surasi-%e2%84%96-5515-qanunni-qabul-etmege-azirlana\\\/#respond\"]}]},{\"@type\":\"WebPage\",\"@id\":\"https:\\\/\\\/qtmm.org\\\/qt\\\/ukraina-yuqari-surasi-%e2%84%96-5515-qanunni-qabul-etmege-azirlana\\\/\",\"url\":\"https:\\\/\\\/qtmm.org\\\/qt\\\/ukraina-yuqari-surasi-%e2%84%96-5515-qanunni-qabul-etmege-azirlana\\\/\",\"name\":\"Ukraina Yuqar\u0131 \u015euras\u0131 \u2116 5515 Qanunn\u0131 qabul etmege az\u0131rlana - \u041c\u0435\u0434\u0436\u043b\u0456\u0441\",\"isPartOf\":{\"@id\":\"https:\\\/\\\/qtmm.org\\\/qt\\\/#website\"},\"datePublished\":\"2012-04-12T14:56:00+00:00\",\"dateModified\":\"2022-01-21T14:56:56+00:00\",\"breadcrumb\":{\"@id\":\"https:\\\/\\\/qtmm.org\\\/qt\\\/ukraina-yuqari-surasi-%e2%84%96-5515-qanunni-qabul-etmege-azirlana\\\/#breadcrumb\"},\"inLanguage\":\"qt\",\"potentialAction\":[{\"@type\":\"ReadAction\",\"target\":[\"https:\\\/\\\/qtmm.org\\\/qt\\\/ukraina-yuqari-surasi-%e2%84%96-5515-qanunni-qabul-etmege-azirlana\\\/\"]}]},{\"@type\":\"BreadcrumbList\",\"@id\":\"https:\\\/\\\/qtmm.org\\\/qt\\\/ukraina-yuqari-surasi-%e2%84%96-5515-qanunni-qabul-etmege-azirlana\\\/#breadcrumb\",\"itemListElement\":[{\"@type\":\"ListItem\",\"position\":1,\"name\":\"\u0413\u043e\u043b\u043e\u0432\u043d\u0430\",\"item\":\"https:\\\/\\\/qtmm.org\\\/qt\\\/\"},{\"@type\":\"ListItem\",\"position\":2,\"name\":\"Ukraina Yuqar\u0131 \u015euras\u0131 \u2116 5515 Qanunn\u0131 qabul etmege az\u0131rlana\"}]},{\"@type\":\"WebSite\",\"@id\":\"https:\\\/\\\/qtmm.org\\\/qt\\\/#website\",\"url\":\"https:\\\/\\\/qtmm.org\\\/qt\\\/\",\"name\":\"\u041c\u0435\u0434\u0436\u043b\u0456\u0441\",\"description\":\"\",\"publisher\":{\"@id\":\"https:\\\/\\\/qtmm.org\\\/qt\\\/#organization\"},\"potentialAction\":[{\"@type\":\"SearchAction\",\"target\":{\"@type\":\"EntryPoint\",\"urlTemplate\":\"https:\\\/\\\/qtmm.org\\\/qt\\\/?s={search_term_string}\"},\"query-input\":{\"@type\":\"PropertyValueSpecification\",\"valueRequired\":true,\"valueName\":\"search_term_string\"}}],\"inLanguage\":\"qt\"},{\"@type\":\"Organization\",\"@id\":\"https:\\\/\\\/qtmm.org\\\/qt\\\/#organization\",\"name\":\"\u041c\u0435\u0434\u0436\u043b\u0456\u0441\",\"url\":\"https:\\\/\\\/qtmm.org\\\/qt\\\/\",\"logo\":{\"@type\":\"ImageObject\",\"inLanguage\":\"qt\",\"@id\":\"https:\\\/\\\/qtmm.org\\\/qt\\\/#\\\/schema\\\/logo\\\/image\\\/\",\"url\":\"https:\\\/\\\/qtmm.org\\\/wp-content\\\/uploads\\\/2024\\\/12\\\/ua-mejlis-logo-rgb.svg\",\"contentUrl\":\"https:\\\/\\\/qtmm.org\\\/wp-content\\\/uploads\\\/2024\\\/12\\\/ua-mejlis-logo-rgb.svg\",\"caption\":\"\u041c\u0435\u0434\u0436\u043b\u0456\u0441\"},\"image\":{\"@id\":\"https:\\\/\\\/qtmm.org\\\/qt\\\/#\\\/schema\\\/logo\\\/image\\\/\"},\"sameAs\":[\"https:\\\/\\\/www.facebook.com\\\/qtmm.info\\\/\"]},{\"@type\":\"Person\",\"@id\":\"https:\\\/\\\/qtmm.org\\\/qt\\\/#\\\/schema\\\/person\\\/de562469f971dec226ac06e60bbf74a7\",\"name\":\"Developer\",\"image\":{\"@type\":\"ImageObject\",\"inLanguage\":\"qt\",\"@id\":\"https:\\\/\\\/secure.gravatar.com\\\/avatar\\\/392b4cc8fbfeb00b39dfeeab4ee6edded39ffd48e25858637e4765810300227e?s=96&d=mm&r=g\",\"url\":\"https:\\\/\\\/secure.gravatar.com\\\/avatar\\\/392b4cc8fbfeb00b39dfeeab4ee6edded39ffd48e25858637e4765810300227e?s=96&d=mm&r=g\",\"contentUrl\":\"https:\\\/\\\/secure.gravatar.com\\\/avatar\\\/392b4cc8fbfeb00b39dfeeab4ee6edded39ffd48e25858637e4765810300227e?s=96&d=mm&r=g\",\"caption\":\"Developer\"},\"url\":\"https:\\\/\\\/qtmm.org\\\/qt\\\/author\\\/Developer\\\/\"}]}<\/script>\n<!-- \/ Yoast SEO plugin. -->","yoast_head_json":{"title":"Ukraina Yuqar\u0131 \u015euras\u0131 \u2116 5515 Qanunn\u0131 qabul etmege az\u0131rlana - \u041c\u0435\u0434\u0436\u043b\u0456\u0441","robots":{"index":"index","follow":"follow","max-snippet":"max-snippet:-1","max-image-preview":"max-image-preview:large","max-video-preview":"max-video-preview:-1"},"canonical":"https:\/\/qtmm.org\/qt\/ukraina-yuqari-surasi-\u2116-5515-qanunni-qabul-etmege-azirlana\/","og_locale":"en_US","og_type":"article","og_title":"Ukraina Yuqar\u0131 \u015euras\u0131 \u2116 5515 Qanunn\u0131 qabul etmege az\u0131rlana - \u041c\u0435\u0434\u0436\u043b\u0456\u0441","og_description":"&#8220;Milliy mens\u00fcpligine k\u00f6re s\u00fcrg\u00fcn etilgen \u015fah\u0131slarn\u0131\u00f1 aqlar\u0131n\u0131 \u011fayr\u0131dan tiklev aqq\u0131nda&#8221; Ukraina Qanun\u0131n\u0131 qabul et\u00fcv\u00a0boyunca yap\u0131l\u011fan uzun m\u00fcddetli ve m\u00fcrekkep i\u015f Q\u0131r\u0131mtatar halq\u0131 Meclisini\u00f1 reisi, Ukraina halq deputat\u0131 Mustafa Cemilevni\u00f1 fikrince ya\u00f1\u0131 basq\u0131\u00e7qa kirdi. Ukraina Prezidenti memuriyeti ba\u015f\u0131n\u0131\u00f1 muavini Stanislav Skuba\u015fevskiy, Ukraina Prezidentini\u00f1 mesleat\u00e7\u0131s\u0131, i\u00e7timaiy-siyasiy ve sotsial meseleler boyunca ba\u015f idaresini\u00f1 reberi Anna German, bun\u0131\u00f1 kibi [&hellip;]","og_url":"https:\/\/qtmm.org\/qt\/ukraina-yuqari-surasi-\u2116-5515-qanunni-qabul-etmege-azirlana\/","og_site_name":"\u041c\u0435\u0434\u0436\u043b\u0456\u0441","article_publisher":"https:\/\/www.facebook.com\/qtmm.info\/","article_published_time":"2012-04-12T14:56:00+00:00","article_modified_time":"2022-01-21T14:56:56+00:00","author":"Developer","twitter_card":"summary_large_image","twitter_misc":{"Written by":"Developer","Est. reading time":"1 minute"},"schema":{"@context":"https:\/\/schema.org","@graph":[{"@type":"Article","@id":"https:\/\/qtmm.org\/qt\/ukraina-yuqari-surasi-%e2%84%96-5515-qanunni-qabul-etmege-azirlana\/#article","isPartOf":{"@id":"https:\/\/qtmm.org\/qt\/ukraina-yuqari-surasi-%e2%84%96-5515-qanunni-qabul-etmege-azirlana\/"},"author":{"name":"Developer","@id":"https:\/\/qtmm.org\/qt\/#\/schema\/person\/de562469f971dec226ac06e60bbf74a7"},"headline":"Ukraina Yuqar\u0131 \u015euras\u0131 \u2116 5515 Qanunn\u0131 qabul etmege az\u0131rlana","datePublished":"2012-04-12T14:56:00+00:00","dateModified":"2022-01-21T14:56:56+00:00","mainEntityOfPage":{"@id":"https:\/\/qtmm.org\/qt\/ukraina-yuqari-surasi-%e2%84%96-5515-qanunni-qabul-etmege-azirlana\/"},"wordCount":233,"commentCount":0,"publisher":{"@id":"https:\/\/qtmm.org\/qt\/#organization"},"articleSection":["Haberler"],"inLanguage":"qt","potentialAction":[{"@type":"CommentAction","name":"Comment","target":["https:\/\/qtmm.org\/qt\/ukraina-yuqari-surasi-%e2%84%96-5515-qanunni-qabul-etmege-azirlana\/#respond"]}]},{"@type":"WebPage","@id":"https:\/\/qtmm.org\/qt\/ukraina-yuqari-surasi-%e2%84%96-5515-qanunni-qabul-etmege-azirlana\/","url":"https:\/\/qtmm.org\/qt\/ukraina-yuqari-surasi-%e2%84%96-5515-qanunni-qabul-etmege-azirlana\/","name":"Ukraina Yuqar\u0131 \u015euras\u0131 \u2116 5515 Qanunn\u0131 qabul etmege az\u0131rlana - \u041c\u0435\u0434\u0436\u043b\u0456\u0441","isPartOf":{"@id":"https:\/\/qtmm.org\/qt\/#website"},"datePublished":"2012-04-12T14:56:00+00:00","dateModified":"2022-01-21T14:56:56+00:00","breadcrumb":{"@id":"https:\/\/qtmm.org\/qt\/ukraina-yuqari-surasi-%e2%84%96-5515-qanunni-qabul-etmege-azirlana\/#breadcrumb"},"inLanguage":"qt","potentialAction":[{"@type":"ReadAction","target":["https:\/\/qtmm.org\/qt\/ukraina-yuqari-surasi-%e2%84%96-5515-qanunni-qabul-etmege-azirlana\/"]}]},{"@type":"BreadcrumbList","@id":"https:\/\/qtmm.org\/qt\/ukraina-yuqari-surasi-%e2%84%96-5515-qanunni-qabul-etmege-azirlana\/#breadcrumb","itemListElement":[{"@type":"ListItem","position":1,"name":"\u0413\u043e\u043b\u043e\u0432\u043d\u0430","item":"https:\/\/qtmm.org\/qt\/"},{"@type":"ListItem","position":2,"name":"Ukraina Yuqar\u0131 \u015euras\u0131 \u2116 5515 Qanunn\u0131 qabul etmege az\u0131rlana"}]},{"@type":"WebSite","@id":"https:\/\/qtmm.org\/qt\/#website","url":"https:\/\/qtmm.org\/qt\/","name":"\u041c\u0435\u0434\u0436\u043b\u0456\u0441","description":"","publisher":{"@id":"https:\/\/qtmm.org\/qt\/#organization"},"potentialAction":[{"@type":"SearchAction","target":{"@type":"EntryPoint","urlTemplate":"https:\/\/qtmm.org\/qt\/?s={search_term_string}"},"query-input":{"@type":"PropertyValueSpecification","valueRequired":true,"valueName":"search_term_string"}}],"inLanguage":"qt"},{"@type":"Organization","@id":"https:\/\/qtmm.org\/qt\/#organization","name":"\u041c\u0435\u0434\u0436\u043b\u0456\u0441","url":"https:\/\/qtmm.org\/qt\/","logo":{"@type":"ImageObject","inLanguage":"qt","@id":"https:\/\/qtmm.org\/qt\/#\/schema\/logo\/image\/","url":"https:\/\/qtmm.org\/wp-content\/uploads\/2024\/12\/ua-mejlis-logo-rgb.svg","contentUrl":"https:\/\/qtmm.org\/wp-content\/uploads\/2024\/12\/ua-mejlis-logo-rgb.svg","caption":"\u041c\u0435\u0434\u0436\u043b\u0456\u0441"},"image":{"@id":"https:\/\/qtmm.org\/qt\/#\/schema\/logo\/image\/"},"sameAs":["https:\/\/www.facebook.com\/qtmm.info\/"]},{"@type":"Person","@id":"https:\/\/qtmm.org\/qt\/#\/schema\/person\/de562469f971dec226ac06e60bbf74a7","name":"Developer","image":{"@type":"ImageObject","inLanguage":"qt","@id":"https:\/\/secure.gravatar.com\/avatar\/392b4cc8fbfeb00b39dfeeab4ee6edded39ffd48e25858637e4765810300227e?s=96&d=mm&r=g","url":"https:\/\/secure.gravatar.com\/avatar\/392b4cc8fbfeb00b39dfeeab4ee6edded39ffd48e25858637e4765810300227e?s=96&d=mm&r=g","contentUrl":"https:\/\/secure.gravatar.com\/avatar\/392b4cc8fbfeb00b39dfeeab4ee6edded39ffd48e25858637e4765810300227e?s=96&d=mm&r=g","caption":"Developer"},"url":"https:\/\/qtmm.org\/qt\/author\/Developer\/"}]}},"_links":{"self":[{"href":"https:\/\/qtmm.org\/qt\/wp-json\/wp\/v2\/posts\/29984","targetHints":{"allow":["GET"]}}],"collection":[{"href":"https:\/\/qtmm.org\/qt\/wp-json\/wp\/v2\/posts"}],"about":[{"href":"https:\/\/qtmm.org\/qt\/wp-json\/wp\/v2\/types\/post"}],"author":[{"embeddable":true,"href":"https:\/\/qtmm.org\/qt\/wp-json\/wp\/v2\/users\/1"}],"replies":[{"embeddable":true,"href":"https:\/\/qtmm.org\/qt\/wp-json\/wp\/v2\/comments?post=29984"}],"version-history":[{"count":1,"href":"https:\/\/qtmm.org\/qt\/wp-json\/wp\/v2\/posts\/29984\/revisions"}],"predecessor-version":[{"id":29985,"href":"https:\/\/qtmm.org\/qt\/wp-json\/wp\/v2\/posts\/29984\/revisions\/29985"}],"wp:attachment":[{"href":"https:\/\/qtmm.org\/qt\/wp-json\/wp\/v2\/media?parent=29984"}],"wp:term":[{"taxonomy":"category","embeddable":true,"href":"https:\/\/qtmm.org\/qt\/wp-json\/wp\/v2\/categories?post=29984"},{"taxonomy":"post_tag","embeddable":true,"href":"https:\/\/qtmm.org\/qt\/wp-json\/wp\/v2\/tags?post=29984"}],"curies":[{"name":"wp","href":"https:\/\/api.w.org\/{rel}","templated":true}]}}