




{"id":29896,"date":"2012-04-12T17:52:00","date_gmt":"2012-04-12T14:52:00","guid":{"rendered":"http:\/\/qtmm.org\/?p=29896"},"modified":"2022-01-21T17:54:05","modified_gmt":"2022-01-21T14:54:05","slug":"ukraina-ile-turkiye-arasinda-dostluq-kopuri-qurulgan","status":"publish","type":"post","link":"https:\/\/qtmm.org\/qt\/ukraina-ile-turkiye-arasinda-dostluq-kopuri-qurulgan\/","title":{"rendered":"Ukraina ile T\u00fcrkiye aras\u0131nda dostluq k\u00f6p\u00fcri qurul\u011fan"},"content":{"rendered":"\n<p>Konak Belediyesini\u00f1 qoltutuv\u0131nda \u0130zmir Q\u0131r\u0131m T\u00fcrkleri medeniyet ve yard\u0131mla\u015fma dernegi qurul\u011fan\u0131n\u0131n\u0131\u00f1 20 y\u0131ll\u0131\u011f\u0131na ba\u011f\u0131\u015flan\u0131p Swiss \u00d6telinde ke\u00e7irilgen tantanal\u0131 tedbir \u0130zmirde ya\u015fa\u011fan q\u0131r\u0131mtatarlarn\u0131 toplad\u0131.<\/p>\n\n\n\n<p>Tedbirni\u00f1 \u015ferefli musafirleri aras\u0131nda bulun\u011fan ve \u00e7e\u015fit \u00fclkelerde s\u00fcrg\u00fcnlikte ya\u015fa\u011fan q\u0131r\u0131mtatarlarn\u0131\u00f1 \u00f6z Vatan\u0131na qaytuv\u0131 o\u011frundaki areketleri i\u00e7\u00fcn 15 y\u0131l apste yatqan Q\u0131r\u0131mtatar halq\u0131 Meclisini\u00f1 reisi, Ukraina halq deputat\u0131 Mustafa Abdulcemil Q\u0131r\u0131mo\u011flu, &#8220;Ukraina ile T\u00fcrkiye aras\u0131nda qurul\u011fan dostluq k\u00f6p\u00fcri \u0130zmirde imzalad\u0131\u011f\u0131m\u0131z qarda\u015f \u015feer a\u00f1la\u015fmas\u0131 ile yara\u015ft\u0131r\u0131ld\u0131. Bu dostluq k\u00f6p\u00fcrini daa da pekitmek i\u00e7\u00fcn keldik. T\u00fcrkiye- Ukraina ve Q\u0131r\u0131m ba\u011flar\u0131n\u0131 quvetlendirmek o\u011frundaki \u00e7al\u0131\u015fmalarn\u0131\u00f1 devam\u0131 olacaq. \u0130\u00e7 bir zaman bu k\u00f6p\u00fcrler qopmaycaq, daa da sa\u011flamla\u015facakt\u0131r,&#8221; &#8211; dedi.<\/p>\n\n\n\n<p>Tantanal\u0131 gecede Ukraina Q\u0131r\u0131m Muhtar Cumhuriyeti Ba\u011f\u00e7asaray Valisi \u0130lmi \u00dcmer, \u0130zmir Vali Yard\u0131mc\u0131lar\u0131 Nevzat Erg\u00fcn, Haluk Tun\u00e7su ile Ba\u011f\u00e7asaray Meclis Ba\u015fqan\u0131 Ahtem \u00c7iygoz, Ukrayna Q\u0131r\u0131m Muhtar Cumhuriyeti Ba\u011f\u00e7asaray Belediye Ba\u015fqan\u0131 Valentyna Kraskina, &#8220;Q\u0131r\u0131m&#8221; ansamblini\u00f1 reberi Server Kakura, Eski\u015fehir Milletvekili Kaz\u0131m Kurt, Eski\u015fehirspor K\u00fcl\u00fcb\u00fc eski Ba\u015fkan\u0131 Ayd\u0131n Begiter, Bosna Hersek Fahriy Konsolosu Kemal Baysak, T\u00fcrkiyeni\u00f1 \u00e7e\u015fitli illerinde bulun\u011fan K\u0131r\u0131m T\u00fcrkleri Dernekleri, \u0130zmir Q\u0131r\u0131m T\u00fcrkleri medeniyet ve yard\u0131mla\u015fma Dernegini\u00f1 azalar\u0131 ile \u0130zmirde ya\u015fa\u011fan Q\u0131r\u0131m T\u00fcrkleri ve bir \u00e7oq davet etilgen insanlar i\u015ftirak ettiler.<\/p>\n\n\n\n<p>Konak Belediye Ba\u015fkan\u0131 Dr. Hakan Tartan, m\u00fcim ve m\u00fcndericeli bir gecede bir arada bulunmaqtan bahtl\u0131 ol\u011fan\u0131n\u0131 qayd eterek \u015fularn\u0131 s\u00f6yledi:&#8221;Milliy davam\u0131z i\u00e7\u00fcn \u00f6m\u00fcrini ayamadan ba\u011f\u0131\u015fla\u011fan Q\u0131r\u0131mtatar halq\u0131 Milliy Meclis Ba\u015fqan\u0131 ve Ukraina halq deputat\u0131 Mustafa Abdulcemil Q\u0131r\u0131mo\u011flun\u0131\u00f1 kimliginde Ukraina ve T\u00fcrkiyeni\u00f1 ker\u00e7ek a\u00f1lamda dostlu\u011f\u0131n\u0131 orta\u011fa qoymaq maqsad\u0131nen bir ara\u011fa keldik.<\/p>\n\n\n\n<p>Medeniyetlerimizni\u00f1 yans\u0131mas\u0131n\u0131 orta\u011fa qoyd\u0131q\u00e7a, biri-birimizni tan\u0131d\u0131q\u00e7a, g\u00fczellikler, dostluqlar ve payla\u015fuvlar b\u00fcy\u00fck a\u00f1lam qazana. Ba\u011f\u00e7asaray Belediyesi ile Qarda\u015f \u015eeer Protokolun\u0131 imzalad\u0131q. Ba\u011f\u00e7aaraydaki k\u00fct\u00fcphaneni\u00f1 bilgisayar ve diger alt\u00e2p\u0131 eksikliklerini t\u00fczetmek i\u00e7\u00fcn Konak Belediyesi olaraq elimizden kelgenini yaparm\u0131z. Biz ayr\u0131ca, Konak Belediyesi Medeniy Yay\u0131nlar\u0131ndan Milliy Tatar yemeklerini tarif etken kitapn\u0131 \u00e7\u0131qararaq, bu medeniyetni\u00f1 ya\u015famas\u0131 i\u00e7\u00fcn issemizni qo\u015ft\u0131q.&#8221;<\/p>\n\n\n\n<p>Gecede Q\u0131r\u0131m Dernegi Gen\u00e7ler Folklor gruppas\u0131, Medeniyet ve Turizm Nazirligi Devlet T\u00fcrk D\u00fcnyas\u0131 Oyun ve Muz\u0131ka Toplulu\u011fu Sanat\u00e7\u0131s\u0131 Ya\u015fam Balkoca T\u00fcrk D\u00fcnyas\u0131 oyunlar\u0131n\u0131 icra etti, &#8220;Q\u0131r\u0131m&#8221; ansamblini\u00f1 reberi Server Kakura yolba\u015f\u00e7\u0131l\u0131\u011f\u0131nda Q\u0131r\u0131mtatar avalar\u0131 ve oyundar\u0131 taqdim etildi, Medeniyet Nazirligi \u0130zmir Devlet Klassik T\u00fcrk Muz\u0131kas\u0131 Toplulu\u011fu Sanat\u00e7\u0131s\u0131 Asuman Ertekinni\u00f1 Q\u0131r\u0131m Y\u0131rlar\u0131 Resitali, y\u00f6resel oyunlar ve Orkestr Super Sound kontserti gecege ayr\u0131ca bir renk qo\u015ft\u0131. Q\u0131r\u0131mtatarlarn\u0131\u00f1 e\u00f1 sevgen milliy yemegi \u2013 \u00e7iberek ise b\u00fct\u00fcn musafirler i\u00e7\u00fcn bir s\u00fcrpriz old\u0131. \u00c7iberekler i\u00e7inden \u00e7\u0131qqan baqla daneleri ise davetlilerge alt\u0131n qazand\u0131rd\u0131.<\/p>\n\n\n\n<p>\u0130zmir Q\u0131r\u0131m T\u00fcrkleri Medeniyet ve Yard\u0131mla\u015fma Dernegi Ba\u015fqan\u0131 Erdim Boray \u00f6z \u00e7\u0131q\u0131\u015f\u0131nda b\u00f6yle tantanal\u0131 tedbirni te\u015fkil et\u00fcvde yard\u0131mc\u0131 ol\u011fan\u0131 i\u00e7\u00fcn Konak Belediye Ba\u015fkan\u0131 Dr. Hakan Tartan\u011fa te\u015fekk\u00fcr bildirdi.<\/p>\n\n\n\n<figure class=\"wp-block-gallery columns-3 is-cropped wp-block-gallery-1 is-layout-flex wp-block-gallery-is-layout-flex\"><ul class=\"blocks-gallery-grid\"><li class=\"blocks-gallery-item\"><figure><a href=\"http:\/\/qtmm.org\/wp-content\/uploads\/2022\/01\/4f86e069a31ca.jpeg\"><img loading=\"lazy\" decoding=\"async\" width=\"640\" height=\"480\" src=\"http:\/\/qtmm.org\/wp-content\/uploads\/2022\/01\/4f86e069a31ca.jpeg\" alt=\"\" data-id=\"29897\" data-full-url=\"http:\/\/qtmm.org\/wp-content\/uploads\/2022\/01\/4f86e069a31ca.jpeg\" data-link=\"http:\/\/qtmm.org\/?attachment_id=29897\" class=\"wp-image-29897\" srcset=\"https:\/\/qtmm.org\/wp-content\/uploads\/2022\/01\/4f86e069a31ca.jpeg 640w, https:\/\/qtmm.org\/wp-content\/uploads\/2022\/01\/4f86e069a31ca-300x225.jpeg 300w\" sizes=\"auto, (max-width: 640px) 100vw, 640px\" \/><\/a><\/figure><\/li><li class=\"blocks-gallery-item\"><figure><a href=\"http:\/\/qtmm.org\/wp-content\/uploads\/2022\/01\/4f86e069c40f0.jpeg\"><img loading=\"lazy\" decoding=\"async\" width=\"640\" height=\"480\" src=\"http:\/\/qtmm.org\/wp-content\/uploads\/2022\/01\/4f86e069c40f0.jpeg\" alt=\"\" data-id=\"29901\" data-full-url=\"http:\/\/qtmm.org\/wp-content\/uploads\/2022\/01\/4f86e069c40f0.jpeg\" data-link=\"http:\/\/qtmm.org\/?attachment_id=29901\" class=\"wp-image-29901\" srcset=\"https:\/\/qtmm.org\/wp-content\/uploads\/2022\/01\/4f86e069c40f0.jpeg 640w, https:\/\/qtmm.org\/wp-content\/uploads\/2022\/01\/4f86e069c40f0-300x225.jpeg 300w\" sizes=\"auto, (max-width: 640px) 100vw, 640px\" \/><\/a><\/figure><\/li><li class=\"blocks-gallery-item\"><figure><a href=\"http:\/\/qtmm.org\/wp-content\/uploads\/2022\/01\/4f86e06938e57.jpeg\"><img loading=\"lazy\" decoding=\"async\" width=\"640\" height=\"480\" src=\"http:\/\/qtmm.org\/wp-content\/uploads\/2022\/01\/4f86e06938e57.jpeg\" alt=\"\" data-id=\"29905\" data-full-url=\"http:\/\/qtmm.org\/wp-content\/uploads\/2022\/01\/4f86e06938e57.jpeg\" data-link=\"http:\/\/qtmm.org\/?attachment_id=29905\" class=\"wp-image-29905\" srcset=\"https:\/\/qtmm.org\/wp-content\/uploads\/2022\/01\/4f86e06938e57.jpeg 640w, https:\/\/qtmm.org\/wp-content\/uploads\/2022\/01\/4f86e06938e57-300x225.jpeg 300w\" sizes=\"auto, (max-width: 640px) 100vw, 640px\" \/><\/a><\/figure><\/li><li class=\"blocks-gallery-item\"><figure><a href=\"http:\/\/qtmm.org\/wp-content\/uploads\/2022\/01\/4f86e069599ac.jpeg\"><img loading=\"lazy\" decoding=\"async\" width=\"640\" height=\"480\" src=\"http:\/\/qtmm.org\/wp-content\/uploads\/2022\/01\/4f86e069599ac.jpeg\" alt=\"\" data-id=\"29909\" data-full-url=\"http:\/\/qtmm.org\/wp-content\/uploads\/2022\/01\/4f86e069599ac.jpeg\" data-link=\"http:\/\/qtmm.org\/?attachment_id=29909\" class=\"wp-image-29909\" srcset=\"https:\/\/qtmm.org\/wp-content\/uploads\/2022\/01\/4f86e069599ac.jpeg 640w, https:\/\/qtmm.org\/wp-content\/uploads\/2022\/01\/4f86e069599ac-300x225.jpeg 300w\" sizes=\"auto, (max-width: 640px) 100vw, 640px\" \/><\/a><\/figure><\/li><li class=\"blocks-gallery-item\"><figure><a href=\"http:\/\/qtmm.org\/wp-content\/uploads\/2022\/01\/4f86e069806d5.jpeg\"><img loading=\"lazy\" decoding=\"async\" width=\"640\" height=\"480\" src=\"http:\/\/qtmm.org\/wp-content\/uploads\/2022\/01\/4f86e069806d5.jpeg\" alt=\"\" data-id=\"29913\" data-full-url=\"http:\/\/qtmm.org\/wp-content\/uploads\/2022\/01\/4f86e069806d5.jpeg\" data-link=\"http:\/\/qtmm.org\/?attachment_id=29913\" class=\"wp-image-29913\" srcset=\"https:\/\/qtmm.org\/wp-content\/uploads\/2022\/01\/4f86e069806d5.jpeg 640w, https:\/\/qtmm.org\/wp-content\/uploads\/2022\/01\/4f86e069806d5-300x225.jpeg 300w\" sizes=\"auto, (max-width: 640px) 100vw, 640px\" \/><\/a><\/figure><\/li><\/ul><\/figure>\n","protected":false},"excerpt":{"rendered":"<p>Konak Belediyesini\u00f1 qoltutuv\u0131nda \u0130zmir Q\u0131r\u0131m T\u00fcrkleri medeniyet ve yard\u0131mla\u015fma dernegi qurul\u011fan\u0131n\u0131n\u0131\u00f1 20 y\u0131ll\u0131\u011f\u0131na ba\u011f\u0131\u015flan\u0131p Swiss \u00d6telinde ke\u00e7irilgen tantanal\u0131 tedbir \u0130zmirde ya\u015fa\u011fan q\u0131r\u0131mtatarlarn\u0131 toplad\u0131. Tedbirni\u00f1 \u015ferefli musafirleri aras\u0131nda bulun\u011fan ve \u00e7e\u015fit \u00fclkelerde s\u00fcrg\u00fcnlikte ya\u015fa\u011fan q\u0131r\u0131mtatarlarn\u0131\u00f1 \u00f6z Vatan\u0131na qaytuv\u0131 o\u011frundaki areketleri i\u00e7\u00fcn 15 y\u0131l apste yatqan Q\u0131r\u0131mtatar halq\u0131 Meclisini\u00f1 reisi, Ukraina halq deputat\u0131 Mustafa Abdulcemil Q\u0131r\u0131mo\u011flu, &#8220;Ukraina [&hellip;]<\/p>\n","protected":false},"author":1,"featured_media":29905,"comment_status":"open","ping_status":"open","sticky":false,"template":"","format":"standard","meta":{"inline_featured_image":false,"footnotes":""},"categories":[265],"tags":[],"class_list":["post-29896","post","type-post","status-publish","format-standard","has-post-thumbnail","hentry","category-haberler"],"acf":[],"yoast_head":"<!-- This site is optimized with the Yoast SEO plugin v27.4 - https:\/\/yoast.com\/product\/yoast-seo-wordpress\/ -->\n<title>Ukraina ile T\u00fcrkiye aras\u0131nda dostluq k\u00f6p\u00fcri qurul\u011fan - \u041c\u0435\u0434\u0436\u043b\u0456\u0441<\/title>\n<meta name=\"robots\" content=\"index, follow, max-snippet:-1, max-image-preview:large, max-video-preview:-1\" \/>\n<link rel=\"canonical\" href=\"https:\/\/qtmm.org\/qt\/ukraina-ile-turkiye-arasinda-dostluq-kopuri-qurulgan\/\" \/>\n<meta property=\"og:locale\" content=\"en_US\" \/>\n<meta property=\"og:type\" content=\"article\" \/>\n<meta property=\"og:title\" content=\"Ukraina ile T\u00fcrkiye aras\u0131nda dostluq k\u00f6p\u00fcri qurul\u011fan - \u041c\u0435\u0434\u0436\u043b\u0456\u0441\" \/>\n<meta property=\"og:description\" content=\"Konak Belediyesini\u00f1 qoltutuv\u0131nda \u0130zmir Q\u0131r\u0131m T\u00fcrkleri medeniyet ve yard\u0131mla\u015fma dernegi qurul\u011fan\u0131n\u0131n\u0131\u00f1 20 y\u0131ll\u0131\u011f\u0131na ba\u011f\u0131\u015flan\u0131p Swiss \u00d6telinde ke\u00e7irilgen tantanal\u0131 tedbir \u0130zmirde ya\u015fa\u011fan q\u0131r\u0131mtatarlarn\u0131 toplad\u0131. Tedbirni\u00f1 \u015ferefli musafirleri aras\u0131nda bulun\u011fan ve \u00e7e\u015fit \u00fclkelerde s\u00fcrg\u00fcnlikte ya\u015fa\u011fan q\u0131r\u0131mtatarlarn\u0131\u00f1 \u00f6z Vatan\u0131na qaytuv\u0131 o\u011frundaki areketleri i\u00e7\u00fcn 15 y\u0131l apste yatqan Q\u0131r\u0131mtatar halq\u0131 Meclisini\u00f1 reisi, Ukraina halq deputat\u0131 Mustafa Abdulcemil Q\u0131r\u0131mo\u011flu, &#8220;Ukraina [&hellip;]\" \/>\n<meta property=\"og:url\" content=\"https:\/\/qtmm.org\/qt\/ukraina-ile-turkiye-arasinda-dostluq-kopuri-qurulgan\/\" \/>\n<meta property=\"og:site_name\" content=\"\u041c\u0435\u0434\u0436\u043b\u0456\u0441\" \/>\n<meta property=\"article:publisher\" content=\"https:\/\/www.facebook.com\/qtmm.info\/\" \/>\n<meta property=\"article:published_time\" content=\"2012-04-12T14:52:00+00:00\" \/>\n<meta property=\"article:modified_time\" content=\"2022-01-21T14:54:05+00:00\" \/>\n<meta property=\"og:image\" content=\"https:\/\/qtmm.org\/wp-content\/uploads\/2022\/01\/4f86e06938e57.jpeg\" \/>\n\t<meta property=\"og:image:width\" content=\"640\" \/>\n\t<meta property=\"og:image:height\" content=\"480\" \/>\n\t<meta property=\"og:image:type\" content=\"image\/jpeg\" \/>\n<meta name=\"author\" content=\"Developer\" \/>\n<meta name=\"twitter:card\" content=\"summary_large_image\" \/>\n<meta name=\"twitter:label1\" content=\"Written by\" \/>\n\t<meta name=\"twitter:data1\" content=\"Developer\" \/>\n\t<meta name=\"twitter:label2\" content=\"Est. reading time\" \/>\n\t<meta name=\"twitter:data2\" content=\"3 minutes\" \/>\n<script type=\"application\/ld+json\" class=\"yoast-schema-graph\">{\"@context\":\"https:\\\/\\\/schema.org\",\"@graph\":[{\"@type\":\"Article\",\"@id\":\"https:\\\/\\\/qtmm.org\\\/qt\\\/ukraina-ile-turkiye-arasinda-dostluq-kopuri-qurulgan\\\/#article\",\"isPartOf\":{\"@id\":\"https:\\\/\\\/qtmm.org\\\/qt\\\/ukraina-ile-turkiye-arasinda-dostluq-kopuri-qurulgan\\\/\"},\"author\":{\"name\":\"Developer\",\"@id\":\"https:\\\/\\\/qtmm.org\\\/qt\\\/#\\\/schema\\\/person\\\/de562469f971dec226ac06e60bbf74a7\"},\"headline\":\"Ukraina ile T\u00fcrkiye aras\u0131nda dostluq k\u00f6p\u00fcri qurul\u011fan\",\"datePublished\":\"2012-04-12T14:52:00+00:00\",\"dateModified\":\"2022-01-21T14:54:05+00:00\",\"mainEntityOfPage\":{\"@id\":\"https:\\\/\\\/qtmm.org\\\/qt\\\/ukraina-ile-turkiye-arasinda-dostluq-kopuri-qurulgan\\\/\"},\"wordCount\":614,\"commentCount\":0,\"publisher\":{\"@id\":\"https:\\\/\\\/qtmm.org\\\/qt\\\/#organization\"},\"image\":{\"@id\":\"https:\\\/\\\/qtmm.org\\\/qt\\\/ukraina-ile-turkiye-arasinda-dostluq-kopuri-qurulgan\\\/#primaryimage\"},\"thumbnailUrl\":\"https:\\\/\\\/qtmm.org\\\/wp-content\\\/uploads\\\/2022\\\/01\\\/4f86e06938e57.jpeg\",\"articleSection\":[\"Haberler\"],\"inLanguage\":\"qt\",\"potentialAction\":[{\"@type\":\"CommentAction\",\"name\":\"Comment\",\"target\":[\"https:\\\/\\\/qtmm.org\\\/qt\\\/ukraina-ile-turkiye-arasinda-dostluq-kopuri-qurulgan\\\/#respond\"]}]},{\"@type\":\"WebPage\",\"@id\":\"https:\\\/\\\/qtmm.org\\\/qt\\\/ukraina-ile-turkiye-arasinda-dostluq-kopuri-qurulgan\\\/\",\"url\":\"https:\\\/\\\/qtmm.org\\\/qt\\\/ukraina-ile-turkiye-arasinda-dostluq-kopuri-qurulgan\\\/\",\"name\":\"Ukraina ile T\u00fcrkiye aras\u0131nda dostluq k\u00f6p\u00fcri qurul\u011fan - \u041c\u0435\u0434\u0436\u043b\u0456\u0441\",\"isPartOf\":{\"@id\":\"https:\\\/\\\/qtmm.org\\\/qt\\\/#website\"},\"primaryImageOfPage\":{\"@id\":\"https:\\\/\\\/qtmm.org\\\/qt\\\/ukraina-ile-turkiye-arasinda-dostluq-kopuri-qurulgan\\\/#primaryimage\"},\"image\":{\"@id\":\"https:\\\/\\\/qtmm.org\\\/qt\\\/ukraina-ile-turkiye-arasinda-dostluq-kopuri-qurulgan\\\/#primaryimage\"},\"thumbnailUrl\":\"https:\\\/\\\/qtmm.org\\\/wp-content\\\/uploads\\\/2022\\\/01\\\/4f86e06938e57.jpeg\",\"datePublished\":\"2012-04-12T14:52:00+00:00\",\"dateModified\":\"2022-01-21T14:54:05+00:00\",\"breadcrumb\":{\"@id\":\"https:\\\/\\\/qtmm.org\\\/qt\\\/ukraina-ile-turkiye-arasinda-dostluq-kopuri-qurulgan\\\/#breadcrumb\"},\"inLanguage\":\"qt\",\"potentialAction\":[{\"@type\":\"ReadAction\",\"target\":[\"https:\\\/\\\/qtmm.org\\\/qt\\\/ukraina-ile-turkiye-arasinda-dostluq-kopuri-qurulgan\\\/\"]}]},{\"@type\":\"ImageObject\",\"inLanguage\":\"qt\",\"@id\":\"https:\\\/\\\/qtmm.org\\\/qt\\\/ukraina-ile-turkiye-arasinda-dostluq-kopuri-qurulgan\\\/#primaryimage\",\"url\":\"https:\\\/\\\/qtmm.org\\\/wp-content\\\/uploads\\\/2022\\\/01\\\/4f86e06938e57.jpeg\",\"contentUrl\":\"https:\\\/\\\/qtmm.org\\\/wp-content\\\/uploads\\\/2022\\\/01\\\/4f86e06938e57.jpeg\",\"width\":640,\"height\":480},{\"@type\":\"BreadcrumbList\",\"@id\":\"https:\\\/\\\/qtmm.org\\\/qt\\\/ukraina-ile-turkiye-arasinda-dostluq-kopuri-qurulgan\\\/#breadcrumb\",\"itemListElement\":[{\"@type\":\"ListItem\",\"position\":1,\"name\":\"\u0413\u043e\u043b\u043e\u0432\u043d\u0430\",\"item\":\"https:\\\/\\\/qtmm.org\\\/qt\\\/\"},{\"@type\":\"ListItem\",\"position\":2,\"name\":\"Ukraina ile T\u00fcrkiye aras\u0131nda dostluq k\u00f6p\u00fcri qurul\u011fan\"}]},{\"@type\":\"WebSite\",\"@id\":\"https:\\\/\\\/qtmm.org\\\/qt\\\/#website\",\"url\":\"https:\\\/\\\/qtmm.org\\\/qt\\\/\",\"name\":\"\u041c\u0435\u0434\u0436\u043b\u0456\u0441\",\"description\":\"\",\"publisher\":{\"@id\":\"https:\\\/\\\/qtmm.org\\\/qt\\\/#organization\"},\"potentialAction\":[{\"@type\":\"SearchAction\",\"target\":{\"@type\":\"EntryPoint\",\"urlTemplate\":\"https:\\\/\\\/qtmm.org\\\/qt\\\/?s={search_term_string}\"},\"query-input\":{\"@type\":\"PropertyValueSpecification\",\"valueRequired\":true,\"valueName\":\"search_term_string\"}}],\"inLanguage\":\"qt\"},{\"@type\":\"Organization\",\"@id\":\"https:\\\/\\\/qtmm.org\\\/qt\\\/#organization\",\"name\":\"\u041c\u0435\u0434\u0436\u043b\u0456\u0441\",\"url\":\"https:\\\/\\\/qtmm.org\\\/qt\\\/\",\"logo\":{\"@type\":\"ImageObject\",\"inLanguage\":\"qt\",\"@id\":\"https:\\\/\\\/qtmm.org\\\/qt\\\/#\\\/schema\\\/logo\\\/image\\\/\",\"url\":\"https:\\\/\\\/qtmm.org\\\/wp-content\\\/uploads\\\/2024\\\/12\\\/ua-mejlis-logo-rgb.svg\",\"contentUrl\":\"https:\\\/\\\/qtmm.org\\\/wp-content\\\/uploads\\\/2024\\\/12\\\/ua-mejlis-logo-rgb.svg\",\"caption\":\"\u041c\u0435\u0434\u0436\u043b\u0456\u0441\"},\"image\":{\"@id\":\"https:\\\/\\\/qtmm.org\\\/qt\\\/#\\\/schema\\\/logo\\\/image\\\/\"},\"sameAs\":[\"https:\\\/\\\/www.facebook.com\\\/qtmm.info\\\/\"]},{\"@type\":\"Person\",\"@id\":\"https:\\\/\\\/qtmm.org\\\/qt\\\/#\\\/schema\\\/person\\\/de562469f971dec226ac06e60bbf74a7\",\"name\":\"Developer\",\"image\":{\"@type\":\"ImageObject\",\"inLanguage\":\"qt\",\"@id\":\"https:\\\/\\\/secure.gravatar.com\\\/avatar\\\/392b4cc8fbfeb00b39dfeeab4ee6edded39ffd48e25858637e4765810300227e?s=96&d=mm&r=g\",\"url\":\"https:\\\/\\\/secure.gravatar.com\\\/avatar\\\/392b4cc8fbfeb00b39dfeeab4ee6edded39ffd48e25858637e4765810300227e?s=96&d=mm&r=g\",\"contentUrl\":\"https:\\\/\\\/secure.gravatar.com\\\/avatar\\\/392b4cc8fbfeb00b39dfeeab4ee6edded39ffd48e25858637e4765810300227e?s=96&d=mm&r=g\",\"caption\":\"Developer\"},\"url\":\"https:\\\/\\\/qtmm.org\\\/qt\\\/author\\\/Developer\\\/\"}]}<\/script>\n<!-- \/ Yoast SEO plugin. -->","yoast_head_json":{"title":"Ukraina ile T\u00fcrkiye aras\u0131nda dostluq k\u00f6p\u00fcri qurul\u011fan - \u041c\u0435\u0434\u0436\u043b\u0456\u0441","robots":{"index":"index","follow":"follow","max-snippet":"max-snippet:-1","max-image-preview":"max-image-preview:large","max-video-preview":"max-video-preview:-1"},"canonical":"https:\/\/qtmm.org\/qt\/ukraina-ile-turkiye-arasinda-dostluq-kopuri-qurulgan\/","og_locale":"en_US","og_type":"article","og_title":"Ukraina ile T\u00fcrkiye aras\u0131nda dostluq k\u00f6p\u00fcri qurul\u011fan - \u041c\u0435\u0434\u0436\u043b\u0456\u0441","og_description":"Konak Belediyesini\u00f1 qoltutuv\u0131nda \u0130zmir Q\u0131r\u0131m T\u00fcrkleri medeniyet ve yard\u0131mla\u015fma dernegi qurul\u011fan\u0131n\u0131n\u0131\u00f1 20 y\u0131ll\u0131\u011f\u0131na ba\u011f\u0131\u015flan\u0131p Swiss \u00d6telinde ke\u00e7irilgen tantanal\u0131 tedbir \u0130zmirde ya\u015fa\u011fan q\u0131r\u0131mtatarlarn\u0131 toplad\u0131. Tedbirni\u00f1 \u015ferefli musafirleri aras\u0131nda bulun\u011fan ve \u00e7e\u015fit \u00fclkelerde s\u00fcrg\u00fcnlikte ya\u015fa\u011fan q\u0131r\u0131mtatarlarn\u0131\u00f1 \u00f6z Vatan\u0131na qaytuv\u0131 o\u011frundaki areketleri i\u00e7\u00fcn 15 y\u0131l apste yatqan Q\u0131r\u0131mtatar halq\u0131 Meclisini\u00f1 reisi, Ukraina halq deputat\u0131 Mustafa Abdulcemil Q\u0131r\u0131mo\u011flu, &#8220;Ukraina [&hellip;]","og_url":"https:\/\/qtmm.org\/qt\/ukraina-ile-turkiye-arasinda-dostluq-kopuri-qurulgan\/","og_site_name":"\u041c\u0435\u0434\u0436\u043b\u0456\u0441","article_publisher":"https:\/\/www.facebook.com\/qtmm.info\/","article_published_time":"2012-04-12T14:52:00+00:00","article_modified_time":"2022-01-21T14:54:05+00:00","og_image":[{"width":640,"height":480,"url":"https:\/\/qtmm.org\/wp-content\/uploads\/2022\/01\/4f86e06938e57.jpeg","type":"image\/jpeg"}],"author":"Developer","twitter_card":"summary_large_image","twitter_misc":{"Written by":"Developer","Est. reading time":"3 minutes"},"schema":{"@context":"https:\/\/schema.org","@graph":[{"@type":"Article","@id":"https:\/\/qtmm.org\/qt\/ukraina-ile-turkiye-arasinda-dostluq-kopuri-qurulgan\/#article","isPartOf":{"@id":"https:\/\/qtmm.org\/qt\/ukraina-ile-turkiye-arasinda-dostluq-kopuri-qurulgan\/"},"author":{"name":"Developer","@id":"https:\/\/qtmm.org\/qt\/#\/schema\/person\/de562469f971dec226ac06e60bbf74a7"},"headline":"Ukraina ile T\u00fcrkiye aras\u0131nda dostluq k\u00f6p\u00fcri qurul\u011fan","datePublished":"2012-04-12T14:52:00+00:00","dateModified":"2022-01-21T14:54:05+00:00","mainEntityOfPage":{"@id":"https:\/\/qtmm.org\/qt\/ukraina-ile-turkiye-arasinda-dostluq-kopuri-qurulgan\/"},"wordCount":614,"commentCount":0,"publisher":{"@id":"https:\/\/qtmm.org\/qt\/#organization"},"image":{"@id":"https:\/\/qtmm.org\/qt\/ukraina-ile-turkiye-arasinda-dostluq-kopuri-qurulgan\/#primaryimage"},"thumbnailUrl":"https:\/\/qtmm.org\/wp-content\/uploads\/2022\/01\/4f86e06938e57.jpeg","articleSection":["Haberler"],"inLanguage":"qt","potentialAction":[{"@type":"CommentAction","name":"Comment","target":["https:\/\/qtmm.org\/qt\/ukraina-ile-turkiye-arasinda-dostluq-kopuri-qurulgan\/#respond"]}]},{"@type":"WebPage","@id":"https:\/\/qtmm.org\/qt\/ukraina-ile-turkiye-arasinda-dostluq-kopuri-qurulgan\/","url":"https:\/\/qtmm.org\/qt\/ukraina-ile-turkiye-arasinda-dostluq-kopuri-qurulgan\/","name":"Ukraina ile T\u00fcrkiye aras\u0131nda dostluq k\u00f6p\u00fcri qurul\u011fan - \u041c\u0435\u0434\u0436\u043b\u0456\u0441","isPartOf":{"@id":"https:\/\/qtmm.org\/qt\/#website"},"primaryImageOfPage":{"@id":"https:\/\/qtmm.org\/qt\/ukraina-ile-turkiye-arasinda-dostluq-kopuri-qurulgan\/#primaryimage"},"image":{"@id":"https:\/\/qtmm.org\/qt\/ukraina-ile-turkiye-arasinda-dostluq-kopuri-qurulgan\/#primaryimage"},"thumbnailUrl":"https:\/\/qtmm.org\/wp-content\/uploads\/2022\/01\/4f86e06938e57.jpeg","datePublished":"2012-04-12T14:52:00+00:00","dateModified":"2022-01-21T14:54:05+00:00","breadcrumb":{"@id":"https:\/\/qtmm.org\/qt\/ukraina-ile-turkiye-arasinda-dostluq-kopuri-qurulgan\/#breadcrumb"},"inLanguage":"qt","potentialAction":[{"@type":"ReadAction","target":["https:\/\/qtmm.org\/qt\/ukraina-ile-turkiye-arasinda-dostluq-kopuri-qurulgan\/"]}]},{"@type":"ImageObject","inLanguage":"qt","@id":"https:\/\/qtmm.org\/qt\/ukraina-ile-turkiye-arasinda-dostluq-kopuri-qurulgan\/#primaryimage","url":"https:\/\/qtmm.org\/wp-content\/uploads\/2022\/01\/4f86e06938e57.jpeg","contentUrl":"https:\/\/qtmm.org\/wp-content\/uploads\/2022\/01\/4f86e06938e57.jpeg","width":640,"height":480},{"@type":"BreadcrumbList","@id":"https:\/\/qtmm.org\/qt\/ukraina-ile-turkiye-arasinda-dostluq-kopuri-qurulgan\/#breadcrumb","itemListElement":[{"@type":"ListItem","position":1,"name":"\u0413\u043e\u043b\u043e\u0432\u043d\u0430","item":"https:\/\/qtmm.org\/qt\/"},{"@type":"ListItem","position":2,"name":"Ukraina ile T\u00fcrkiye aras\u0131nda dostluq k\u00f6p\u00fcri qurul\u011fan"}]},{"@type":"WebSite","@id":"https:\/\/qtmm.org\/qt\/#website","url":"https:\/\/qtmm.org\/qt\/","name":"\u041c\u0435\u0434\u0436\u043b\u0456\u0441","description":"","publisher":{"@id":"https:\/\/qtmm.org\/qt\/#organization"},"potentialAction":[{"@type":"SearchAction","target":{"@type":"EntryPoint","urlTemplate":"https:\/\/qtmm.org\/qt\/?s={search_term_string}"},"query-input":{"@type":"PropertyValueSpecification","valueRequired":true,"valueName":"search_term_string"}}],"inLanguage":"qt"},{"@type":"Organization","@id":"https:\/\/qtmm.org\/qt\/#organization","name":"\u041c\u0435\u0434\u0436\u043b\u0456\u0441","url":"https:\/\/qtmm.org\/qt\/","logo":{"@type":"ImageObject","inLanguage":"qt","@id":"https:\/\/qtmm.org\/qt\/#\/schema\/logo\/image\/","url":"https:\/\/qtmm.org\/wp-content\/uploads\/2024\/12\/ua-mejlis-logo-rgb.svg","contentUrl":"https:\/\/qtmm.org\/wp-content\/uploads\/2024\/12\/ua-mejlis-logo-rgb.svg","caption":"\u041c\u0435\u0434\u0436\u043b\u0456\u0441"},"image":{"@id":"https:\/\/qtmm.org\/qt\/#\/schema\/logo\/image\/"},"sameAs":["https:\/\/www.facebook.com\/qtmm.info\/"]},{"@type":"Person","@id":"https:\/\/qtmm.org\/qt\/#\/schema\/person\/de562469f971dec226ac06e60bbf74a7","name":"Developer","image":{"@type":"ImageObject","inLanguage":"qt","@id":"https:\/\/secure.gravatar.com\/avatar\/392b4cc8fbfeb00b39dfeeab4ee6edded39ffd48e25858637e4765810300227e?s=96&d=mm&r=g","url":"https:\/\/secure.gravatar.com\/avatar\/392b4cc8fbfeb00b39dfeeab4ee6edded39ffd48e25858637e4765810300227e?s=96&d=mm&r=g","contentUrl":"https:\/\/secure.gravatar.com\/avatar\/392b4cc8fbfeb00b39dfeeab4ee6edded39ffd48e25858637e4765810300227e?s=96&d=mm&r=g","caption":"Developer"},"url":"https:\/\/qtmm.org\/qt\/author\/Developer\/"}]}},"_links":{"self":[{"href":"https:\/\/qtmm.org\/qt\/wp-json\/wp\/v2\/posts\/29896","targetHints":{"allow":["GET"]}}],"collection":[{"href":"https:\/\/qtmm.org\/qt\/wp-json\/wp\/v2\/posts"}],"about":[{"href":"https:\/\/qtmm.org\/qt\/wp-json\/wp\/v2\/types\/post"}],"author":[{"embeddable":true,"href":"https:\/\/qtmm.org\/qt\/wp-json\/wp\/v2\/users\/1"}],"replies":[{"embeddable":true,"href":"https:\/\/qtmm.org\/qt\/wp-json\/wp\/v2\/comments?post=29896"}],"version-history":[{"count":1,"href":"https:\/\/qtmm.org\/qt\/wp-json\/wp\/v2\/posts\/29896\/revisions"}],"predecessor-version":[{"id":29917,"href":"https:\/\/qtmm.org\/qt\/wp-json\/wp\/v2\/posts\/29896\/revisions\/29917"}],"wp:featuredmedia":[{"embeddable":true,"href":"https:\/\/qtmm.org\/qt\/wp-json\/wp\/v2\/media\/29905"}],"wp:attachment":[{"href":"https:\/\/qtmm.org\/qt\/wp-json\/wp\/v2\/media?parent=29896"}],"wp:term":[{"taxonomy":"category","embeddable":true,"href":"https:\/\/qtmm.org\/qt\/wp-json\/wp\/v2\/categories?post=29896"},{"taxonomy":"post_tag","embeddable":true,"href":"https:\/\/qtmm.org\/qt\/wp-json\/wp\/v2\/tags?post=29896"}],"curies":[{"name":"wp","href":"https:\/\/api.w.org\/{rel}","templated":true}]}}