




{"id":29882,"date":"2012-04-10T17:50:00","date_gmt":"2012-04-10T14:50:00","guid":{"rendered":"http:\/\/qtmm.org\/?p=29882"},"modified":"2022-01-21T17:52:15","modified_gmt":"2022-01-21T14:52:15","slug":"aqmescit-seer-surasi-surgunlik-qurbanlarinin-hatira-kunu-tedbirlerine-azirliqni-basladi","status":"publish","type":"post","link":"https:\/\/qtmm.org\/qt\/aqmescit-seer-surasi-surgunlik-qurbanlarinin-hatira-kunu-tedbirlerine-azirliqni-basladi\/","title":{"rendered":"Aqmescit \u015feer \u015furas\u0131 S\u00fcrg\u00fcnlik qurbanlar\u0131n\u0131\u00f1 hat\u0131ra k\u00fcn\u00fc tedbirlerine az\u0131rl\u0131qn\u0131 ba\u015flad\u0131"},"content":{"rendered":"\n<p>Aqmescit \u015feer \u015furas\u0131n\u0131\u00f1 meclisler salon\u0131nda Q\u0131r\u0131mdan s\u00fcrg\u00fcn etil\u00fcv qurbanlar\u0131n\u0131\u00f1 hat\u0131ra k\u00fcn\u00fc tedbirlerine az\u0131rlanuv ve ke\u00e7ir\u00fcv boyunca te\u015fkiliy komitetni\u00f1 topla\u015fuv\u0131 ol\u0131p ke\u00e7ti.<\/p>\n\n\n\n<p>Topla\u015fuvn\u0131 \u015feer yolba\u015f\u00e7\u0131s\u0131n\u0131\u00f1 icra organlar\u0131 faaliyetini\u00f1 meseleleri boyunca muavini \u0130gor Skutskiy al\u0131p bard\u0131.<\/p>\n\n\n\n<p>Te\u015fkiliy komitet i\u015finde Q\u0131r\u0131mtatar halq\u0131 Meclisini\u00f1 azalar\u0131 Zair Smedl\u00e2yev ve Zevcet Qurt\u00fcmerov i\u015ftirak ettiler.<\/p>\n\n\n\n<p>Topla\u015fuvda 2012 senesi may\u0131s 17-18 k\u00fcnleri matem tedbirlerini az\u0131rlav ve ke\u00e7ir\u00fcv boyunca meseleler baq\u0131ld\u0131.<\/p>\n\n\n\n<figure class=\"wp-block-image size-full\"><img loading=\"lazy\" decoding=\"async\" width=\"650\" height=\"400\" src=\"http:\/\/qtmm.org\/wp-content\/uploads\/2022\/01\/2_27-1.jpeg\" alt=\"\" class=\"wp-image-29887\" srcset=\"https:\/\/qtmm.org\/wp-content\/uploads\/2022\/01\/2_27-1.jpeg 650w, https:\/\/qtmm.org\/wp-content\/uploads\/2022\/01\/2_27-1-300x185.jpeg 300w\" sizes=\"auto, (max-width: 650px) 100vw, 650px\" \/><\/figure>\n\n\n\n<p>\u0130gor Skutskiy te\u015fkilyi komitet azalar\u0131ndan matem tedbirlerine az\u0131rl\u0131q i\u015flerini\u00f1 keti\u015fat\u0131 aqq\u0131nda tafsil\u00e2tl\u0131 esabat bermekni rica etti. Uquqqoruv organlar\u0131n\u0131\u00f1 vekillerine yollan\u0131l\u011fan m\u00fcim meselelerden biri matem mitingini ke\u00e7ir\u00fcv ve y\u00fcr\u00fc\u015f devam\u0131nda tertip-nizamn\u0131 teminlemektir. Devlet avtoinspektsiyas\u0131 hadimlerine ise tedbirler ke\u00e7irilgen vaqt\u0131nda i\u015ftirak\u00e7iler ve \u015feer sakinlerini\u00f1 tel\u00fckesiz areketini teminlemek avale olund\u0131.<\/p>\n\n\n\n<p>Nevbetteki topla\u015fuvda Q\u0131r\u0131mdan s\u00fcrg\u00fcnlik qurbanlar\u0131n\u0131\u00f1 Q\u0131r\u0131m nazirler \u015euras\u0131n\u0131\u00f1 qarar\u0131na binaen hat\u0131ra k\u00fcn\u00fc tedbirlerine az\u0131rl\u0131q meselesi daa bir kere baq\u0131lacaq.<\/p>\n\n\n\n<figure class=\"wp-block-image size-full\"><img loading=\"lazy\" decoding=\"async\" width=\"650\" height=\"400\" src=\"http:\/\/qtmm.org\/wp-content\/uploads\/2022\/01\/3_14-1.jpeg\" alt=\"\" class=\"wp-image-29891\" srcset=\"https:\/\/qtmm.org\/wp-content\/uploads\/2022\/01\/3_14-1.jpeg 650w, https:\/\/qtmm.org\/wp-content\/uploads\/2022\/01\/3_14-1-300x185.jpeg 300w\" sizes=\"auto, (max-width: 650px) 100vw, 650px\" \/><\/figure>\n","protected":false},"excerpt":{"rendered":"<p>Aqmescit \u015feer \u015furas\u0131n\u0131\u00f1 meclisler salon\u0131nda Q\u0131r\u0131mdan s\u00fcrg\u00fcn etil\u00fcv qurbanlar\u0131n\u0131\u00f1 hat\u0131ra k\u00fcn\u00fc tedbirlerine az\u0131rlanuv ve ke\u00e7ir\u00fcv boyunca te\u015fkiliy komitetni\u00f1 topla\u015fuv\u0131 ol\u0131p ke\u00e7ti. Topla\u015fuvn\u0131 \u015feer yolba\u015f\u00e7\u0131s\u0131n\u0131\u00f1 icra organlar\u0131 faaliyetini\u00f1 meseleleri boyunca muavini \u0130gor Skutskiy al\u0131p bard\u0131. Te\u015fkiliy komitet i\u015finde Q\u0131r\u0131mtatar halq\u0131 Meclisini\u00f1 azalar\u0131 Zair Smedl\u00e2yev ve Zevcet Qurt\u00fcmerov i\u015ftirak ettiler. Topla\u015fuvda 2012 senesi may\u0131s 17-18 k\u00fcnleri matem [&hellip;]<\/p>\n","protected":false},"author":1,"featured_media":29883,"comment_status":"open","ping_status":"open","sticky":false,"template":"","format":"standard","meta":{"inline_featured_image":false,"footnotes":""},"categories":[265],"tags":[],"class_list":["post-29882","post","type-post","status-publish","format-standard","has-post-thumbnail","hentry","category-haberler"],"acf":[],"yoast_head":"<!-- This site is optimized with the Yoast SEO plugin v27.4 - https:\/\/yoast.com\/product\/yoast-seo-wordpress\/ -->\n<title>Aqmescit \u015feer \u015furas\u0131 S\u00fcrg\u00fcnlik qurbanlar\u0131n\u0131\u00f1 hat\u0131ra k\u00fcn\u00fc tedbirlerine az\u0131rl\u0131qn\u0131 ba\u015flad\u0131 - \u041c\u0435\u0434\u0436\u043b\u0456\u0441<\/title>\n<meta name=\"robots\" content=\"index, follow, max-snippet:-1, max-image-preview:large, max-video-preview:-1\" \/>\n<link rel=\"canonical\" href=\"https:\/\/qtmm.org\/qt\/aqmescit-seer-surasi-surgunlik-qurbanlarinin-hatira-kunu-tedbirlerine-azirliqni-basladi\/\" \/>\n<meta property=\"og:locale\" content=\"en_US\" \/>\n<meta property=\"og:type\" content=\"article\" \/>\n<meta property=\"og:title\" content=\"Aqmescit \u015feer \u015furas\u0131 S\u00fcrg\u00fcnlik qurbanlar\u0131n\u0131\u00f1 hat\u0131ra k\u00fcn\u00fc tedbirlerine az\u0131rl\u0131qn\u0131 ba\u015flad\u0131 - \u041c\u0435\u0434\u0436\u043b\u0456\u0441\" \/>\n<meta property=\"og:description\" content=\"Aqmescit \u015feer \u015furas\u0131n\u0131\u00f1 meclisler salon\u0131nda Q\u0131r\u0131mdan s\u00fcrg\u00fcn etil\u00fcv qurbanlar\u0131n\u0131\u00f1 hat\u0131ra k\u00fcn\u00fc tedbirlerine az\u0131rlanuv ve ke\u00e7ir\u00fcv boyunca te\u015fkiliy komitetni\u00f1 topla\u015fuv\u0131 ol\u0131p ke\u00e7ti. Topla\u015fuvn\u0131 \u015feer yolba\u015f\u00e7\u0131s\u0131n\u0131\u00f1 icra organlar\u0131 faaliyetini\u00f1 meseleleri boyunca muavini \u0130gor Skutskiy al\u0131p bard\u0131. Te\u015fkiliy komitet i\u015finde Q\u0131r\u0131mtatar halq\u0131 Meclisini\u00f1 azalar\u0131 Zair Smedl\u00e2yev ve Zevcet Qurt\u00fcmerov i\u015ftirak ettiler. Topla\u015fuvda 2012 senesi may\u0131s 17-18 k\u00fcnleri matem [&hellip;]\" \/>\n<meta property=\"og:url\" content=\"https:\/\/qtmm.org\/qt\/aqmescit-seer-surasi-surgunlik-qurbanlarinin-hatira-kunu-tedbirlerine-azirliqni-basladi\/\" \/>\n<meta property=\"og:site_name\" content=\"\u041c\u0435\u0434\u0436\u043b\u0456\u0441\" \/>\n<meta property=\"article:publisher\" content=\"https:\/\/www.facebook.com\/qtmm.info\/\" \/>\n<meta property=\"article:published_time\" content=\"2012-04-10T14:50:00+00:00\" \/>\n<meta property=\"article:modified_time\" content=\"2022-01-21T14:52:15+00:00\" \/>\n<meta property=\"og:image\" content=\"https:\/\/qtmm.org\/wp-content\/uploads\/2022\/01\/1_27-1.jpeg\" \/>\n\t<meta property=\"og:image:width\" content=\"650\" \/>\n\t<meta property=\"og:image:height\" content=\"400\" \/>\n\t<meta property=\"og:image:type\" content=\"image\/jpeg\" \/>\n<meta name=\"author\" content=\"Developer\" \/>\n<meta name=\"twitter:card\" content=\"summary_large_image\" \/>\n<meta name=\"twitter:label1\" content=\"Written by\" \/>\n\t<meta name=\"twitter:data1\" content=\"Developer\" \/>\n\t<meta name=\"twitter:label2\" content=\"Est. reading time\" \/>\n\t<meta name=\"twitter:data2\" content=\"1 minute\" \/>\n<script type=\"application\/ld+json\" class=\"yoast-schema-graph\">{\"@context\":\"https:\\\/\\\/schema.org\",\"@graph\":[{\"@type\":\"Article\",\"@id\":\"https:\\\/\\\/qtmm.org\\\/qt\\\/aqmescit-seer-surasi-surgunlik-qurbanlarinin-hatira-kunu-tedbirlerine-azirliqni-basladi\\\/#article\",\"isPartOf\":{\"@id\":\"https:\\\/\\\/qtmm.org\\\/qt\\\/aqmescit-seer-surasi-surgunlik-qurbanlarinin-hatira-kunu-tedbirlerine-azirliqni-basladi\\\/\"},\"author\":{\"name\":\"Developer\",\"@id\":\"https:\\\/\\\/qtmm.org\\\/qt\\\/#\\\/schema\\\/person\\\/de562469f971dec226ac06e60bbf74a7\"},\"headline\":\"Aqmescit \u015feer \u015furas\u0131 S\u00fcrg\u00fcnlik qurbanlar\u0131n\u0131\u00f1 hat\u0131ra k\u00fcn\u00fc tedbirlerine az\u0131rl\u0131qn\u0131 ba\u015flad\u0131\",\"datePublished\":\"2012-04-10T14:50:00+00:00\",\"dateModified\":\"2022-01-21T14:52:15+00:00\",\"mainEntityOfPage\":{\"@id\":\"https:\\\/\\\/qtmm.org\\\/qt\\\/aqmescit-seer-surasi-surgunlik-qurbanlarinin-hatira-kunu-tedbirlerine-azirliqni-basladi\\\/\"},\"wordCount\":216,\"commentCount\":0,\"publisher\":{\"@id\":\"https:\\\/\\\/qtmm.org\\\/qt\\\/#organization\"},\"image\":{\"@id\":\"https:\\\/\\\/qtmm.org\\\/qt\\\/aqmescit-seer-surasi-surgunlik-qurbanlarinin-hatira-kunu-tedbirlerine-azirliqni-basladi\\\/#primaryimage\"},\"thumbnailUrl\":\"https:\\\/\\\/qtmm.org\\\/wp-content\\\/uploads\\\/2022\\\/01\\\/1_27-1.jpeg\",\"articleSection\":[\"Haberler\"],\"inLanguage\":\"qt\",\"potentialAction\":[{\"@type\":\"CommentAction\",\"name\":\"Comment\",\"target\":[\"https:\\\/\\\/qtmm.org\\\/qt\\\/aqmescit-seer-surasi-surgunlik-qurbanlarinin-hatira-kunu-tedbirlerine-azirliqni-basladi\\\/#respond\"]}]},{\"@type\":\"WebPage\",\"@id\":\"https:\\\/\\\/qtmm.org\\\/qt\\\/aqmescit-seer-surasi-surgunlik-qurbanlarinin-hatira-kunu-tedbirlerine-azirliqni-basladi\\\/\",\"url\":\"https:\\\/\\\/qtmm.org\\\/qt\\\/aqmescit-seer-surasi-surgunlik-qurbanlarinin-hatira-kunu-tedbirlerine-azirliqni-basladi\\\/\",\"name\":\"Aqmescit \u015feer \u015furas\u0131 S\u00fcrg\u00fcnlik qurbanlar\u0131n\u0131\u00f1 hat\u0131ra k\u00fcn\u00fc tedbirlerine az\u0131rl\u0131qn\u0131 ba\u015flad\u0131 - \u041c\u0435\u0434\u0436\u043b\u0456\u0441\",\"isPartOf\":{\"@id\":\"https:\\\/\\\/qtmm.org\\\/qt\\\/#website\"},\"primaryImageOfPage\":{\"@id\":\"https:\\\/\\\/qtmm.org\\\/qt\\\/aqmescit-seer-surasi-surgunlik-qurbanlarinin-hatira-kunu-tedbirlerine-azirliqni-basladi\\\/#primaryimage\"},\"image\":{\"@id\":\"https:\\\/\\\/qtmm.org\\\/qt\\\/aqmescit-seer-surasi-surgunlik-qurbanlarinin-hatira-kunu-tedbirlerine-azirliqni-basladi\\\/#primaryimage\"},\"thumbnailUrl\":\"https:\\\/\\\/qtmm.org\\\/wp-content\\\/uploads\\\/2022\\\/01\\\/1_27-1.jpeg\",\"datePublished\":\"2012-04-10T14:50:00+00:00\",\"dateModified\":\"2022-01-21T14:52:15+00:00\",\"breadcrumb\":{\"@id\":\"https:\\\/\\\/qtmm.org\\\/qt\\\/aqmescit-seer-surasi-surgunlik-qurbanlarinin-hatira-kunu-tedbirlerine-azirliqni-basladi\\\/#breadcrumb\"},\"inLanguage\":\"qt\",\"potentialAction\":[{\"@type\":\"ReadAction\",\"target\":[\"https:\\\/\\\/qtmm.org\\\/qt\\\/aqmescit-seer-surasi-surgunlik-qurbanlarinin-hatira-kunu-tedbirlerine-azirliqni-basladi\\\/\"]}]},{\"@type\":\"ImageObject\",\"inLanguage\":\"qt\",\"@id\":\"https:\\\/\\\/qtmm.org\\\/qt\\\/aqmescit-seer-surasi-surgunlik-qurbanlarinin-hatira-kunu-tedbirlerine-azirliqni-basladi\\\/#primaryimage\",\"url\":\"https:\\\/\\\/qtmm.org\\\/wp-content\\\/uploads\\\/2022\\\/01\\\/1_27-1.jpeg\",\"contentUrl\":\"https:\\\/\\\/qtmm.org\\\/wp-content\\\/uploads\\\/2022\\\/01\\\/1_27-1.jpeg\",\"width\":650,\"height\":400},{\"@type\":\"BreadcrumbList\",\"@id\":\"https:\\\/\\\/qtmm.org\\\/qt\\\/aqmescit-seer-surasi-surgunlik-qurbanlarinin-hatira-kunu-tedbirlerine-azirliqni-basladi\\\/#breadcrumb\",\"itemListElement\":[{\"@type\":\"ListItem\",\"position\":1,\"name\":\"\u0413\u043e\u043b\u043e\u0432\u043d\u0430\",\"item\":\"https:\\\/\\\/qtmm.org\\\/qt\\\/\"},{\"@type\":\"ListItem\",\"position\":2,\"name\":\"Aqmescit \u015feer \u015furas\u0131 S\u00fcrg\u00fcnlik qurbanlar\u0131n\u0131\u00f1 hat\u0131ra k\u00fcn\u00fc tedbirlerine az\u0131rl\u0131qn\u0131 ba\u015flad\u0131\"}]},{\"@type\":\"WebSite\",\"@id\":\"https:\\\/\\\/qtmm.org\\\/qt\\\/#website\",\"url\":\"https:\\\/\\\/qtmm.org\\\/qt\\\/\",\"name\":\"\u041c\u0435\u0434\u0436\u043b\u0456\u0441\",\"description\":\"\",\"publisher\":{\"@id\":\"https:\\\/\\\/qtmm.org\\\/qt\\\/#organization\"},\"potentialAction\":[{\"@type\":\"SearchAction\",\"target\":{\"@type\":\"EntryPoint\",\"urlTemplate\":\"https:\\\/\\\/qtmm.org\\\/qt\\\/?s={search_term_string}\"},\"query-input\":{\"@type\":\"PropertyValueSpecification\",\"valueRequired\":true,\"valueName\":\"search_term_string\"}}],\"inLanguage\":\"qt\"},{\"@type\":\"Organization\",\"@id\":\"https:\\\/\\\/qtmm.org\\\/qt\\\/#organization\",\"name\":\"\u041c\u0435\u0434\u0436\u043b\u0456\u0441\",\"url\":\"https:\\\/\\\/qtmm.org\\\/qt\\\/\",\"logo\":{\"@type\":\"ImageObject\",\"inLanguage\":\"qt\",\"@id\":\"https:\\\/\\\/qtmm.org\\\/qt\\\/#\\\/schema\\\/logo\\\/image\\\/\",\"url\":\"https:\\\/\\\/qtmm.org\\\/wp-content\\\/uploads\\\/2024\\\/12\\\/ua-mejlis-logo-rgb.svg\",\"contentUrl\":\"https:\\\/\\\/qtmm.org\\\/wp-content\\\/uploads\\\/2024\\\/12\\\/ua-mejlis-logo-rgb.svg\",\"caption\":\"\u041c\u0435\u0434\u0436\u043b\u0456\u0441\"},\"image\":{\"@id\":\"https:\\\/\\\/qtmm.org\\\/qt\\\/#\\\/schema\\\/logo\\\/image\\\/\"},\"sameAs\":[\"https:\\\/\\\/www.facebook.com\\\/qtmm.info\\\/\"]},{\"@type\":\"Person\",\"@id\":\"https:\\\/\\\/qtmm.org\\\/qt\\\/#\\\/schema\\\/person\\\/de562469f971dec226ac06e60bbf74a7\",\"name\":\"Developer\",\"image\":{\"@type\":\"ImageObject\",\"inLanguage\":\"qt\",\"@id\":\"https:\\\/\\\/secure.gravatar.com\\\/avatar\\\/392b4cc8fbfeb00b39dfeeab4ee6edded39ffd48e25858637e4765810300227e?s=96&d=mm&r=g\",\"url\":\"https:\\\/\\\/secure.gravatar.com\\\/avatar\\\/392b4cc8fbfeb00b39dfeeab4ee6edded39ffd48e25858637e4765810300227e?s=96&d=mm&r=g\",\"contentUrl\":\"https:\\\/\\\/secure.gravatar.com\\\/avatar\\\/392b4cc8fbfeb00b39dfeeab4ee6edded39ffd48e25858637e4765810300227e?s=96&d=mm&r=g\",\"caption\":\"Developer\"},\"url\":\"https:\\\/\\\/qtmm.org\\\/qt\\\/author\\\/Developer\\\/\"}]}<\/script>\n<!-- \/ Yoast SEO plugin. -->","yoast_head_json":{"title":"Aqmescit \u015feer \u015furas\u0131 S\u00fcrg\u00fcnlik qurbanlar\u0131n\u0131\u00f1 hat\u0131ra k\u00fcn\u00fc tedbirlerine az\u0131rl\u0131qn\u0131 ba\u015flad\u0131 - \u041c\u0435\u0434\u0436\u043b\u0456\u0441","robots":{"index":"index","follow":"follow","max-snippet":"max-snippet:-1","max-image-preview":"max-image-preview:large","max-video-preview":"max-video-preview:-1"},"canonical":"https:\/\/qtmm.org\/qt\/aqmescit-seer-surasi-surgunlik-qurbanlarinin-hatira-kunu-tedbirlerine-azirliqni-basladi\/","og_locale":"en_US","og_type":"article","og_title":"Aqmescit \u015feer \u015furas\u0131 S\u00fcrg\u00fcnlik qurbanlar\u0131n\u0131\u00f1 hat\u0131ra k\u00fcn\u00fc tedbirlerine az\u0131rl\u0131qn\u0131 ba\u015flad\u0131 - \u041c\u0435\u0434\u0436\u043b\u0456\u0441","og_description":"Aqmescit \u015feer \u015furas\u0131n\u0131\u00f1 meclisler salon\u0131nda Q\u0131r\u0131mdan s\u00fcrg\u00fcn etil\u00fcv qurbanlar\u0131n\u0131\u00f1 hat\u0131ra k\u00fcn\u00fc tedbirlerine az\u0131rlanuv ve ke\u00e7ir\u00fcv boyunca te\u015fkiliy komitetni\u00f1 topla\u015fuv\u0131 ol\u0131p ke\u00e7ti. Topla\u015fuvn\u0131 \u015feer yolba\u015f\u00e7\u0131s\u0131n\u0131\u00f1 icra organlar\u0131 faaliyetini\u00f1 meseleleri boyunca muavini \u0130gor Skutskiy al\u0131p bard\u0131. Te\u015fkiliy komitet i\u015finde Q\u0131r\u0131mtatar halq\u0131 Meclisini\u00f1 azalar\u0131 Zair Smedl\u00e2yev ve Zevcet Qurt\u00fcmerov i\u015ftirak ettiler. Topla\u015fuvda 2012 senesi may\u0131s 17-18 k\u00fcnleri matem [&hellip;]","og_url":"https:\/\/qtmm.org\/qt\/aqmescit-seer-surasi-surgunlik-qurbanlarinin-hatira-kunu-tedbirlerine-azirliqni-basladi\/","og_site_name":"\u041c\u0435\u0434\u0436\u043b\u0456\u0441","article_publisher":"https:\/\/www.facebook.com\/qtmm.info\/","article_published_time":"2012-04-10T14:50:00+00:00","article_modified_time":"2022-01-21T14:52:15+00:00","og_image":[{"width":650,"height":400,"url":"https:\/\/qtmm.org\/wp-content\/uploads\/2022\/01\/1_27-1.jpeg","type":"image\/jpeg"}],"author":"Developer","twitter_card":"summary_large_image","twitter_misc":{"Written by":"Developer","Est. reading time":"1 minute"},"schema":{"@context":"https:\/\/schema.org","@graph":[{"@type":"Article","@id":"https:\/\/qtmm.org\/qt\/aqmescit-seer-surasi-surgunlik-qurbanlarinin-hatira-kunu-tedbirlerine-azirliqni-basladi\/#article","isPartOf":{"@id":"https:\/\/qtmm.org\/qt\/aqmescit-seer-surasi-surgunlik-qurbanlarinin-hatira-kunu-tedbirlerine-azirliqni-basladi\/"},"author":{"name":"Developer","@id":"https:\/\/qtmm.org\/qt\/#\/schema\/person\/de562469f971dec226ac06e60bbf74a7"},"headline":"Aqmescit \u015feer \u015furas\u0131 S\u00fcrg\u00fcnlik qurbanlar\u0131n\u0131\u00f1 hat\u0131ra k\u00fcn\u00fc tedbirlerine az\u0131rl\u0131qn\u0131 ba\u015flad\u0131","datePublished":"2012-04-10T14:50:00+00:00","dateModified":"2022-01-21T14:52:15+00:00","mainEntityOfPage":{"@id":"https:\/\/qtmm.org\/qt\/aqmescit-seer-surasi-surgunlik-qurbanlarinin-hatira-kunu-tedbirlerine-azirliqni-basladi\/"},"wordCount":216,"commentCount":0,"publisher":{"@id":"https:\/\/qtmm.org\/qt\/#organization"},"image":{"@id":"https:\/\/qtmm.org\/qt\/aqmescit-seer-surasi-surgunlik-qurbanlarinin-hatira-kunu-tedbirlerine-azirliqni-basladi\/#primaryimage"},"thumbnailUrl":"https:\/\/qtmm.org\/wp-content\/uploads\/2022\/01\/1_27-1.jpeg","articleSection":["Haberler"],"inLanguage":"qt","potentialAction":[{"@type":"CommentAction","name":"Comment","target":["https:\/\/qtmm.org\/qt\/aqmescit-seer-surasi-surgunlik-qurbanlarinin-hatira-kunu-tedbirlerine-azirliqni-basladi\/#respond"]}]},{"@type":"WebPage","@id":"https:\/\/qtmm.org\/qt\/aqmescit-seer-surasi-surgunlik-qurbanlarinin-hatira-kunu-tedbirlerine-azirliqni-basladi\/","url":"https:\/\/qtmm.org\/qt\/aqmescit-seer-surasi-surgunlik-qurbanlarinin-hatira-kunu-tedbirlerine-azirliqni-basladi\/","name":"Aqmescit \u015feer \u015furas\u0131 S\u00fcrg\u00fcnlik qurbanlar\u0131n\u0131\u00f1 hat\u0131ra k\u00fcn\u00fc tedbirlerine az\u0131rl\u0131qn\u0131 ba\u015flad\u0131 - \u041c\u0435\u0434\u0436\u043b\u0456\u0441","isPartOf":{"@id":"https:\/\/qtmm.org\/qt\/#website"},"primaryImageOfPage":{"@id":"https:\/\/qtmm.org\/qt\/aqmescit-seer-surasi-surgunlik-qurbanlarinin-hatira-kunu-tedbirlerine-azirliqni-basladi\/#primaryimage"},"image":{"@id":"https:\/\/qtmm.org\/qt\/aqmescit-seer-surasi-surgunlik-qurbanlarinin-hatira-kunu-tedbirlerine-azirliqni-basladi\/#primaryimage"},"thumbnailUrl":"https:\/\/qtmm.org\/wp-content\/uploads\/2022\/01\/1_27-1.jpeg","datePublished":"2012-04-10T14:50:00+00:00","dateModified":"2022-01-21T14:52:15+00:00","breadcrumb":{"@id":"https:\/\/qtmm.org\/qt\/aqmescit-seer-surasi-surgunlik-qurbanlarinin-hatira-kunu-tedbirlerine-azirliqni-basladi\/#breadcrumb"},"inLanguage":"qt","potentialAction":[{"@type":"ReadAction","target":["https:\/\/qtmm.org\/qt\/aqmescit-seer-surasi-surgunlik-qurbanlarinin-hatira-kunu-tedbirlerine-azirliqni-basladi\/"]}]},{"@type":"ImageObject","inLanguage":"qt","@id":"https:\/\/qtmm.org\/qt\/aqmescit-seer-surasi-surgunlik-qurbanlarinin-hatira-kunu-tedbirlerine-azirliqni-basladi\/#primaryimage","url":"https:\/\/qtmm.org\/wp-content\/uploads\/2022\/01\/1_27-1.jpeg","contentUrl":"https:\/\/qtmm.org\/wp-content\/uploads\/2022\/01\/1_27-1.jpeg","width":650,"height":400},{"@type":"BreadcrumbList","@id":"https:\/\/qtmm.org\/qt\/aqmescit-seer-surasi-surgunlik-qurbanlarinin-hatira-kunu-tedbirlerine-azirliqni-basladi\/#breadcrumb","itemListElement":[{"@type":"ListItem","position":1,"name":"\u0413\u043e\u043b\u043e\u0432\u043d\u0430","item":"https:\/\/qtmm.org\/qt\/"},{"@type":"ListItem","position":2,"name":"Aqmescit \u015feer \u015furas\u0131 S\u00fcrg\u00fcnlik qurbanlar\u0131n\u0131\u00f1 hat\u0131ra k\u00fcn\u00fc tedbirlerine az\u0131rl\u0131qn\u0131 ba\u015flad\u0131"}]},{"@type":"WebSite","@id":"https:\/\/qtmm.org\/qt\/#website","url":"https:\/\/qtmm.org\/qt\/","name":"\u041c\u0435\u0434\u0436\u043b\u0456\u0441","description":"","publisher":{"@id":"https:\/\/qtmm.org\/qt\/#organization"},"potentialAction":[{"@type":"SearchAction","target":{"@type":"EntryPoint","urlTemplate":"https:\/\/qtmm.org\/qt\/?s={search_term_string}"},"query-input":{"@type":"PropertyValueSpecification","valueRequired":true,"valueName":"search_term_string"}}],"inLanguage":"qt"},{"@type":"Organization","@id":"https:\/\/qtmm.org\/qt\/#organization","name":"\u041c\u0435\u0434\u0436\u043b\u0456\u0441","url":"https:\/\/qtmm.org\/qt\/","logo":{"@type":"ImageObject","inLanguage":"qt","@id":"https:\/\/qtmm.org\/qt\/#\/schema\/logo\/image\/","url":"https:\/\/qtmm.org\/wp-content\/uploads\/2024\/12\/ua-mejlis-logo-rgb.svg","contentUrl":"https:\/\/qtmm.org\/wp-content\/uploads\/2024\/12\/ua-mejlis-logo-rgb.svg","caption":"\u041c\u0435\u0434\u0436\u043b\u0456\u0441"},"image":{"@id":"https:\/\/qtmm.org\/qt\/#\/schema\/logo\/image\/"},"sameAs":["https:\/\/www.facebook.com\/qtmm.info\/"]},{"@type":"Person","@id":"https:\/\/qtmm.org\/qt\/#\/schema\/person\/de562469f971dec226ac06e60bbf74a7","name":"Developer","image":{"@type":"ImageObject","inLanguage":"qt","@id":"https:\/\/secure.gravatar.com\/avatar\/392b4cc8fbfeb00b39dfeeab4ee6edded39ffd48e25858637e4765810300227e?s=96&d=mm&r=g","url":"https:\/\/secure.gravatar.com\/avatar\/392b4cc8fbfeb00b39dfeeab4ee6edded39ffd48e25858637e4765810300227e?s=96&d=mm&r=g","contentUrl":"https:\/\/secure.gravatar.com\/avatar\/392b4cc8fbfeb00b39dfeeab4ee6edded39ffd48e25858637e4765810300227e?s=96&d=mm&r=g","caption":"Developer"},"url":"https:\/\/qtmm.org\/qt\/author\/Developer\/"}]}},"_links":{"self":[{"href":"https:\/\/qtmm.org\/qt\/wp-json\/wp\/v2\/posts\/29882","targetHints":{"allow":["GET"]}}],"collection":[{"href":"https:\/\/qtmm.org\/qt\/wp-json\/wp\/v2\/posts"}],"about":[{"href":"https:\/\/qtmm.org\/qt\/wp-json\/wp\/v2\/types\/post"}],"author":[{"embeddable":true,"href":"https:\/\/qtmm.org\/qt\/wp-json\/wp\/v2\/users\/1"}],"replies":[{"embeddable":true,"href":"https:\/\/qtmm.org\/qt\/wp-json\/wp\/v2\/comments?post=29882"}],"version-history":[{"count":1,"href":"https:\/\/qtmm.org\/qt\/wp-json\/wp\/v2\/posts\/29882\/revisions"}],"predecessor-version":[{"id":29895,"href":"https:\/\/qtmm.org\/qt\/wp-json\/wp\/v2\/posts\/29882\/revisions\/29895"}],"wp:featuredmedia":[{"embeddable":true,"href":"https:\/\/qtmm.org\/qt\/wp-json\/wp\/v2\/media\/29883"}],"wp:attachment":[{"href":"https:\/\/qtmm.org\/qt\/wp-json\/wp\/v2\/media?parent=29882"}],"wp:term":[{"taxonomy":"category","embeddable":true,"href":"https:\/\/qtmm.org\/qt\/wp-json\/wp\/v2\/categories?post=29882"},{"taxonomy":"post_tag","embeddable":true,"href":"https:\/\/qtmm.org\/qt\/wp-json\/wp\/v2\/tags?post=29882"}],"curies":[{"name":"wp","href":"https:\/\/api.w.org\/{rel}","templated":true}]}}