




{"id":29868,"date":"2012-04-09T17:49:00","date_gmt":"2012-04-09T14:49:00","guid":{"rendered":"http:\/\/qtmm.org\/?p=29868"},"modified":"2022-01-21T17:50:35","modified_gmt":"2022-01-21T14:50:35","slug":"meclis-reisinin-birinci-muavini-refat-cubarov-esnafci-usta-rustem-maqsudovni-qizi-dogganinen-hayirladi","status":"publish","type":"post","link":"https:\/\/qtmm.org\/qt\/meclis-reisinin-birinci-muavini-refat-cubarov-esnafci-usta-rustem-maqsudovni-qizi-dogganinen-hayirladi\/","title":{"rendered":"Meclis reisini\u00f1 birinci muavini Refat \u00c7ubarov esnaf\u00e7\u0131 usta Rustem Maqsudovn\u0131 q\u0131z\u0131 do\u011f\u011fan\u0131nen hay\u0131rlad\u0131"},"content":{"rendered":"\n<p>&#8220;Q\u0131r\u0131mn\u0131\u00f1 Cank\u00f6y rayon\u0131nda Rustem ve Lil\u00e2 Maqsudovlarn\u0131\u00f1 ailesi ya\u015famaqta. \u0130stisalda qazalan\u011fan Rustem beyge y\u00fcrmek zor ol\u011fan\u0131na baqmadan, o, milliy esnaflarn\u0131 \u011fayr\u0131dan tiklev i\u015finde endi baya\u011f\u0131 h\u0131zmet k\u00f6sterdi. Bir \u00e7oq sergi ve \u00e7e\u015fit halqara yar\u0131\u015flarn\u0131\u00f1 i\u015ftirak\u00e7isi ol\u011fan R. Maqsudovn\u0131\u00f1 i\u015flerine kollektsionc\u0131lar ve m\u00fczey hadimleri pek y\u00fcksek q\u0131ymet keseler.<\/p>\n\n\n\n<p>On\u0131\u00f1 \u00f6m\u00fcr arqada\u015f\u0131 Lil\u00e2 han\u0131m eV oca\u011f\u0131n\u0131\u00f1 qoruy\u0131c\u0131s\u0131 ve merhametli anad\u0131r. Bu acayip ailede ke\u00e7enlerde daa bir q\u0131z d\u00fcnya\u011fa keldi. Q\u0131z\u00e7\u0131qqa siyrek rastkelgen eski q\u0131r\u0131mtatar Sabbe ad\u0131n\u0131 berdiler. \u00dcyken q\u0131zlar\u0131 &#8211; d\u00f6rt\u00fcnci s\u0131n\u0131fta oqu\u011fan Zeran\u0131\u00f1 sevimli q\u0131z qarda\u015f\u00e7\u0131\u011f\u0131 bar&#8221;, &#8211; dep yaza Refat \u00c7ubarov Facebook i\u00e7timaiy a\u011f\u0131nda \u00f6z\u00fcni\u00f1 \u015fahsiy saifesinde.<\/p>\n\n\n\n<p>Meclis reiisini\u00f1 birinci muavini, Q\u0131r\u0131m Yuqar\u0131 \u015euras\u0131n\u0131\u00f1 deputat\u0131 R. \u00c7ubarov Kezlevli i\u015f adamlar\u0131 Zeynur ve Dil\u00e2ra Yaqubovlar, Dil\u00e2ver Mambetov, Q\u0131r\u0131mtatar halq\u0131 Meclisi reisini\u00f1 mesleat\u00e7\u0131s\u0131 \u0130smet Y\u00fcksel, &#8220;Ya\u00f1\u0131 d\u00fcnya&#8221; gazetas\u0131n\u0131\u00f1 jurnalisti Zera Bekirova, Meclis azalar\u0131 Sad\u0131h Tabah, \u0130sl\u00e2m Halilov, Ruslan Qurtseitov, Cank\u00f6y regional meclis reisi Rustem Ennanov, regional meclis azas\u0131 Enver Qas\u0131movlar\u011fa Maqsudovlarn\u0131\u00f1 ailesine bala do\u011fuv\u0131 munasebetinen samimiy hay\u0131rlavlar\u0131 ve bah\u015f\u0131\u015flar\u0131 i\u00e7\u00fcn te\u015fekk\u00fcr bildirdi.<\/p>\n\n\n\n<figure class=\"wp-block-image size-full\"><img loading=\"lazy\" decoding=\"async\" width=\"800\" height=\"600\" src=\"http:\/\/qtmm.org\/wp-content\/uploads\/2022\/01\/4r-1.jpeg\" alt=\"\" class=\"wp-image-29873\" srcset=\"https:\/\/qtmm.org\/wp-content\/uploads\/2022\/01\/4r-1.jpeg 800w, https:\/\/qtmm.org\/wp-content\/uploads\/2022\/01\/4r-1-300x225.jpeg 300w, https:\/\/qtmm.org\/wp-content\/uploads\/2022\/01\/4r-1-768x576.jpeg 768w\" sizes=\"auto, (max-width: 800px) 100vw, 800px\" \/><\/figure>\n\n\n\n<p>&#8220;\u015eun\u0131 da bildirmek isteyim ki, bu k\u00fcnden itibaren Maqsudovlar ailesi ATR kanal\u0131n\u0131\u00f1 yay\u0131nlar\u0131n\u0131 seyir etmek imk\u00e2n\u0131na malik old\u0131lar, &#8211; dep haber ete Refat \u00c7ubarov. \u2013 Aile azalar\u0131n\u0131\u00f1 quvan\u00e7\u0131 s\u0131\u00f1\u0131rs\u0131z edi. Bundan so\u00f1 olar q\u0131r\u0131mtatar tilinde yay\u0131nlar, bilhassa balalar i\u00e7\u00fcn meraql\u0131 programmalarn\u0131 seyir ete bileler&#8221;.<\/p>\n\n\n\n<figure class=\"wp-block-image size-full\"><img loading=\"lazy\" decoding=\"async\" width=\"800\" height=\"600\" src=\"http:\/\/qtmm.org\/wp-content\/uploads\/2022\/01\/2r-1.jpeg\" alt=\"\" class=\"wp-image-29877\" srcset=\"https:\/\/qtmm.org\/wp-content\/uploads\/2022\/01\/2r-1.jpeg 800w, https:\/\/qtmm.org\/wp-content\/uploads\/2022\/01\/2r-1-300x225.jpeg 300w, https:\/\/qtmm.org\/wp-content\/uploads\/2022\/01\/2r-1-768x576.jpeg 768w\" sizes=\"auto, (max-width: 800px) 100vw, 800px\" \/><\/figure>\n","protected":false},"excerpt":{"rendered":"<p>&#8220;Q\u0131r\u0131mn\u0131\u00f1 Cank\u00f6y rayon\u0131nda Rustem ve Lil\u00e2 Maqsudovlarn\u0131\u00f1 ailesi ya\u015famaqta. \u0130stisalda qazalan\u011fan Rustem beyge y\u00fcrmek zor ol\u011fan\u0131na baqmadan, o, milliy esnaflarn\u0131 \u011fayr\u0131dan tiklev i\u015finde endi baya\u011f\u0131 h\u0131zmet k\u00f6sterdi. Bir \u00e7oq sergi ve \u00e7e\u015fit halqara yar\u0131\u015flarn\u0131\u00f1 i\u015ftirak\u00e7isi ol\u011fan R. Maqsudovn\u0131\u00f1 i\u015flerine kollektsionc\u0131lar ve m\u00fczey hadimleri pek y\u00fcksek q\u0131ymet keseler. On\u0131\u00f1 \u00f6m\u00fcr arqada\u015f\u0131 Lil\u00e2 han\u0131m eV oca\u011f\u0131n\u0131\u00f1 qoruy\u0131c\u0131s\u0131 [&hellip;]<\/p>\n","protected":false},"author":1,"featured_media":29869,"comment_status":"open","ping_status":"open","sticky":false,"template":"","format":"standard","meta":{"inline_featured_image":false,"footnotes":""},"categories":[265],"tags":[],"class_list":["post-29868","post","type-post","status-publish","format-standard","has-post-thumbnail","hentry","category-haberler"],"acf":[],"yoast_head":"<!-- This site is optimized with the Yoast SEO plugin v27.4 - https:\/\/yoast.com\/product\/yoast-seo-wordpress\/ -->\n<title>Meclis reisini\u00f1 birinci muavini Refat \u00c7ubarov esnaf\u00e7\u0131 usta Rustem Maqsudovn\u0131 q\u0131z\u0131 do\u011f\u011fan\u0131nen hay\u0131rlad\u0131 - \u041c\u0435\u0434\u0436\u043b\u0456\u0441<\/title>\n<meta name=\"robots\" content=\"index, follow, max-snippet:-1, max-image-preview:large, max-video-preview:-1\" \/>\n<link rel=\"canonical\" href=\"https:\/\/qtmm.org\/qt\/meclis-reisinin-birinci-muavini-refat-cubarov-esnafci-usta-rustem-maqsudovni-qizi-dogganinen-hayirladi\/\" \/>\n<meta property=\"og:locale\" content=\"en_US\" \/>\n<meta property=\"og:type\" content=\"article\" \/>\n<meta property=\"og:title\" content=\"Meclis reisini\u00f1 birinci muavini Refat \u00c7ubarov esnaf\u00e7\u0131 usta Rustem Maqsudovn\u0131 q\u0131z\u0131 do\u011f\u011fan\u0131nen hay\u0131rlad\u0131 - \u041c\u0435\u0434\u0436\u043b\u0456\u0441\" \/>\n<meta property=\"og:description\" content=\"&#8220;Q\u0131r\u0131mn\u0131\u00f1 Cank\u00f6y rayon\u0131nda Rustem ve Lil\u00e2 Maqsudovlarn\u0131\u00f1 ailesi ya\u015famaqta. \u0130stisalda qazalan\u011fan Rustem beyge y\u00fcrmek zor ol\u011fan\u0131na baqmadan, o, milliy esnaflarn\u0131 \u011fayr\u0131dan tiklev i\u015finde endi baya\u011f\u0131 h\u0131zmet k\u00f6sterdi. Bir \u00e7oq sergi ve \u00e7e\u015fit halqara yar\u0131\u015flarn\u0131\u00f1 i\u015ftirak\u00e7isi ol\u011fan R. Maqsudovn\u0131\u00f1 i\u015flerine kollektsionc\u0131lar ve m\u00fczey hadimleri pek y\u00fcksek q\u0131ymet keseler. On\u0131\u00f1 \u00f6m\u00fcr arqada\u015f\u0131 Lil\u00e2 han\u0131m eV oca\u011f\u0131n\u0131\u00f1 qoruy\u0131c\u0131s\u0131 [&hellip;]\" \/>\n<meta property=\"og:url\" content=\"https:\/\/qtmm.org\/qt\/meclis-reisinin-birinci-muavini-refat-cubarov-esnafci-usta-rustem-maqsudovni-qizi-dogganinen-hayirladi\/\" \/>\n<meta property=\"og:site_name\" content=\"\u041c\u0435\u0434\u0436\u043b\u0456\u0441\" \/>\n<meta property=\"article:publisher\" content=\"https:\/\/www.facebook.com\/qtmm.info\/\" \/>\n<meta property=\"article:published_time\" content=\"2012-04-09T14:49:00+00:00\" \/>\n<meta property=\"article:modified_time\" content=\"2022-01-21T14:50:35+00:00\" \/>\n<meta property=\"og:image\" content=\"https:\/\/qtmm.org\/wp-content\/uploads\/2022\/01\/5r-1.jpeg\" \/>\n\t<meta property=\"og:image:width\" content=\"800\" \/>\n\t<meta property=\"og:image:height\" content=\"600\" \/>\n\t<meta property=\"og:image:type\" content=\"image\/jpeg\" \/>\n<meta name=\"author\" content=\"Developer\" \/>\n<meta name=\"twitter:card\" content=\"summary_large_image\" \/>\n<meta name=\"twitter:label1\" content=\"Written by\" \/>\n\t<meta name=\"twitter:data1\" content=\"Developer\" \/>\n\t<meta name=\"twitter:label2\" content=\"Est. reading time\" \/>\n\t<meta name=\"twitter:data2\" content=\"1 minute\" \/>\n<script type=\"application\/ld+json\" class=\"yoast-schema-graph\">{\"@context\":\"https:\\\/\\\/schema.org\",\"@graph\":[{\"@type\":\"Article\",\"@id\":\"https:\\\/\\\/qtmm.org\\\/qt\\\/meclis-reisinin-birinci-muavini-refat-cubarov-esnafci-usta-rustem-maqsudovni-qizi-dogganinen-hayirladi\\\/#article\",\"isPartOf\":{\"@id\":\"https:\\\/\\\/qtmm.org\\\/qt\\\/meclis-reisinin-birinci-muavini-refat-cubarov-esnafci-usta-rustem-maqsudovni-qizi-dogganinen-hayirladi\\\/\"},\"author\":{\"name\":\"Developer\",\"@id\":\"https:\\\/\\\/qtmm.org\\\/qt\\\/#\\\/schema\\\/person\\\/de562469f971dec226ac06e60bbf74a7\"},\"headline\":\"Meclis reisini\u00f1 birinci muavini Refat \u00c7ubarov esnaf\u00e7\u0131 usta Rustem Maqsudovn\u0131 q\u0131z\u0131 do\u011f\u011fan\u0131nen hay\u0131rlad\u0131\",\"datePublished\":\"2012-04-09T14:49:00+00:00\",\"dateModified\":\"2022-01-21T14:50:35+00:00\",\"mainEntityOfPage\":{\"@id\":\"https:\\\/\\\/qtmm.org\\\/qt\\\/meclis-reisinin-birinci-muavini-refat-cubarov-esnafci-usta-rustem-maqsudovni-qizi-dogganinen-hayirladi\\\/\"},\"wordCount\":304,\"commentCount\":0,\"publisher\":{\"@id\":\"https:\\\/\\\/qtmm.org\\\/qt\\\/#organization\"},\"image\":{\"@id\":\"https:\\\/\\\/qtmm.org\\\/qt\\\/meclis-reisinin-birinci-muavini-refat-cubarov-esnafci-usta-rustem-maqsudovni-qizi-dogganinen-hayirladi\\\/#primaryimage\"},\"thumbnailUrl\":\"https:\\\/\\\/qtmm.org\\\/wp-content\\\/uploads\\\/2022\\\/01\\\/5r-1.jpeg\",\"articleSection\":[\"Haberler\"],\"inLanguage\":\"qt\",\"potentialAction\":[{\"@type\":\"CommentAction\",\"name\":\"Comment\",\"target\":[\"https:\\\/\\\/qtmm.org\\\/qt\\\/meclis-reisinin-birinci-muavini-refat-cubarov-esnafci-usta-rustem-maqsudovni-qizi-dogganinen-hayirladi\\\/#respond\"]}]},{\"@type\":\"WebPage\",\"@id\":\"https:\\\/\\\/qtmm.org\\\/qt\\\/meclis-reisinin-birinci-muavini-refat-cubarov-esnafci-usta-rustem-maqsudovni-qizi-dogganinen-hayirladi\\\/\",\"url\":\"https:\\\/\\\/qtmm.org\\\/qt\\\/meclis-reisinin-birinci-muavini-refat-cubarov-esnafci-usta-rustem-maqsudovni-qizi-dogganinen-hayirladi\\\/\",\"name\":\"Meclis reisini\u00f1 birinci muavini Refat \u00c7ubarov esnaf\u00e7\u0131 usta Rustem Maqsudovn\u0131 q\u0131z\u0131 do\u011f\u011fan\u0131nen hay\u0131rlad\u0131 - \u041c\u0435\u0434\u0436\u043b\u0456\u0441\",\"isPartOf\":{\"@id\":\"https:\\\/\\\/qtmm.org\\\/qt\\\/#website\"},\"primaryImageOfPage\":{\"@id\":\"https:\\\/\\\/qtmm.org\\\/qt\\\/meclis-reisinin-birinci-muavini-refat-cubarov-esnafci-usta-rustem-maqsudovni-qizi-dogganinen-hayirladi\\\/#primaryimage\"},\"image\":{\"@id\":\"https:\\\/\\\/qtmm.org\\\/qt\\\/meclis-reisinin-birinci-muavini-refat-cubarov-esnafci-usta-rustem-maqsudovni-qizi-dogganinen-hayirladi\\\/#primaryimage\"},\"thumbnailUrl\":\"https:\\\/\\\/qtmm.org\\\/wp-content\\\/uploads\\\/2022\\\/01\\\/5r-1.jpeg\",\"datePublished\":\"2012-04-09T14:49:00+00:00\",\"dateModified\":\"2022-01-21T14:50:35+00:00\",\"breadcrumb\":{\"@id\":\"https:\\\/\\\/qtmm.org\\\/qt\\\/meclis-reisinin-birinci-muavini-refat-cubarov-esnafci-usta-rustem-maqsudovni-qizi-dogganinen-hayirladi\\\/#breadcrumb\"},\"inLanguage\":\"qt\",\"potentialAction\":[{\"@type\":\"ReadAction\",\"target\":[\"https:\\\/\\\/qtmm.org\\\/qt\\\/meclis-reisinin-birinci-muavini-refat-cubarov-esnafci-usta-rustem-maqsudovni-qizi-dogganinen-hayirladi\\\/\"]}]},{\"@type\":\"ImageObject\",\"inLanguage\":\"qt\",\"@id\":\"https:\\\/\\\/qtmm.org\\\/qt\\\/meclis-reisinin-birinci-muavini-refat-cubarov-esnafci-usta-rustem-maqsudovni-qizi-dogganinen-hayirladi\\\/#primaryimage\",\"url\":\"https:\\\/\\\/qtmm.org\\\/wp-content\\\/uploads\\\/2022\\\/01\\\/5r-1.jpeg\",\"contentUrl\":\"https:\\\/\\\/qtmm.org\\\/wp-content\\\/uploads\\\/2022\\\/01\\\/5r-1.jpeg\",\"width\":800,\"height\":600},{\"@type\":\"BreadcrumbList\",\"@id\":\"https:\\\/\\\/qtmm.org\\\/qt\\\/meclis-reisinin-birinci-muavini-refat-cubarov-esnafci-usta-rustem-maqsudovni-qizi-dogganinen-hayirladi\\\/#breadcrumb\",\"itemListElement\":[{\"@type\":\"ListItem\",\"position\":1,\"name\":\"\u0413\u043e\u043b\u043e\u0432\u043d\u0430\",\"item\":\"https:\\\/\\\/qtmm.org\\\/qt\\\/\"},{\"@type\":\"ListItem\",\"position\":2,\"name\":\"Meclis reisini\u00f1 birinci muavini Refat \u00c7ubarov esnaf\u00e7\u0131 usta Rustem Maqsudovn\u0131 q\u0131z\u0131 do\u011f\u011fan\u0131nen hay\u0131rlad\u0131\"}]},{\"@type\":\"WebSite\",\"@id\":\"https:\\\/\\\/qtmm.org\\\/qt\\\/#website\",\"url\":\"https:\\\/\\\/qtmm.org\\\/qt\\\/\",\"name\":\"\u041c\u0435\u0434\u0436\u043b\u0456\u0441\",\"description\":\"\",\"publisher\":{\"@id\":\"https:\\\/\\\/qtmm.org\\\/qt\\\/#organization\"},\"potentialAction\":[{\"@type\":\"SearchAction\",\"target\":{\"@type\":\"EntryPoint\",\"urlTemplate\":\"https:\\\/\\\/qtmm.org\\\/qt\\\/?s={search_term_string}\"},\"query-input\":{\"@type\":\"PropertyValueSpecification\",\"valueRequired\":true,\"valueName\":\"search_term_string\"}}],\"inLanguage\":\"qt\"},{\"@type\":\"Organization\",\"@id\":\"https:\\\/\\\/qtmm.org\\\/qt\\\/#organization\",\"name\":\"\u041c\u0435\u0434\u0436\u043b\u0456\u0441\",\"url\":\"https:\\\/\\\/qtmm.org\\\/qt\\\/\",\"logo\":{\"@type\":\"ImageObject\",\"inLanguage\":\"qt\",\"@id\":\"https:\\\/\\\/qtmm.org\\\/qt\\\/#\\\/schema\\\/logo\\\/image\\\/\",\"url\":\"https:\\\/\\\/qtmm.org\\\/wp-content\\\/uploads\\\/2024\\\/12\\\/ua-mejlis-logo-rgb.svg\",\"contentUrl\":\"https:\\\/\\\/qtmm.org\\\/wp-content\\\/uploads\\\/2024\\\/12\\\/ua-mejlis-logo-rgb.svg\",\"caption\":\"\u041c\u0435\u0434\u0436\u043b\u0456\u0441\"},\"image\":{\"@id\":\"https:\\\/\\\/qtmm.org\\\/qt\\\/#\\\/schema\\\/logo\\\/image\\\/\"},\"sameAs\":[\"https:\\\/\\\/www.facebook.com\\\/qtmm.info\\\/\"]},{\"@type\":\"Person\",\"@id\":\"https:\\\/\\\/qtmm.org\\\/qt\\\/#\\\/schema\\\/person\\\/de562469f971dec226ac06e60bbf74a7\",\"name\":\"Developer\",\"image\":{\"@type\":\"ImageObject\",\"inLanguage\":\"qt\",\"@id\":\"https:\\\/\\\/secure.gravatar.com\\\/avatar\\\/392b4cc8fbfeb00b39dfeeab4ee6edded39ffd48e25858637e4765810300227e?s=96&d=mm&r=g\",\"url\":\"https:\\\/\\\/secure.gravatar.com\\\/avatar\\\/392b4cc8fbfeb00b39dfeeab4ee6edded39ffd48e25858637e4765810300227e?s=96&d=mm&r=g\",\"contentUrl\":\"https:\\\/\\\/secure.gravatar.com\\\/avatar\\\/392b4cc8fbfeb00b39dfeeab4ee6edded39ffd48e25858637e4765810300227e?s=96&d=mm&r=g\",\"caption\":\"Developer\"},\"url\":\"https:\\\/\\\/qtmm.org\\\/qt\\\/author\\\/Developer\\\/\"}]}<\/script>\n<!-- \/ Yoast SEO plugin. -->","yoast_head_json":{"title":"Meclis reisini\u00f1 birinci muavini Refat \u00c7ubarov esnaf\u00e7\u0131 usta Rustem Maqsudovn\u0131 q\u0131z\u0131 do\u011f\u011fan\u0131nen hay\u0131rlad\u0131 - \u041c\u0435\u0434\u0436\u043b\u0456\u0441","robots":{"index":"index","follow":"follow","max-snippet":"max-snippet:-1","max-image-preview":"max-image-preview:large","max-video-preview":"max-video-preview:-1"},"canonical":"https:\/\/qtmm.org\/qt\/meclis-reisinin-birinci-muavini-refat-cubarov-esnafci-usta-rustem-maqsudovni-qizi-dogganinen-hayirladi\/","og_locale":"en_US","og_type":"article","og_title":"Meclis reisini\u00f1 birinci muavini Refat \u00c7ubarov esnaf\u00e7\u0131 usta Rustem Maqsudovn\u0131 q\u0131z\u0131 do\u011f\u011fan\u0131nen hay\u0131rlad\u0131 - \u041c\u0435\u0434\u0436\u043b\u0456\u0441","og_description":"&#8220;Q\u0131r\u0131mn\u0131\u00f1 Cank\u00f6y rayon\u0131nda Rustem ve Lil\u00e2 Maqsudovlarn\u0131\u00f1 ailesi ya\u015famaqta. \u0130stisalda qazalan\u011fan Rustem beyge y\u00fcrmek zor ol\u011fan\u0131na baqmadan, o, milliy esnaflarn\u0131 \u011fayr\u0131dan tiklev i\u015finde endi baya\u011f\u0131 h\u0131zmet k\u00f6sterdi. Bir \u00e7oq sergi ve \u00e7e\u015fit halqara yar\u0131\u015flarn\u0131\u00f1 i\u015ftirak\u00e7isi ol\u011fan R. Maqsudovn\u0131\u00f1 i\u015flerine kollektsionc\u0131lar ve m\u00fczey hadimleri pek y\u00fcksek q\u0131ymet keseler. On\u0131\u00f1 \u00f6m\u00fcr arqada\u015f\u0131 Lil\u00e2 han\u0131m eV oca\u011f\u0131n\u0131\u00f1 qoruy\u0131c\u0131s\u0131 [&hellip;]","og_url":"https:\/\/qtmm.org\/qt\/meclis-reisinin-birinci-muavini-refat-cubarov-esnafci-usta-rustem-maqsudovni-qizi-dogganinen-hayirladi\/","og_site_name":"\u041c\u0435\u0434\u0436\u043b\u0456\u0441","article_publisher":"https:\/\/www.facebook.com\/qtmm.info\/","article_published_time":"2012-04-09T14:49:00+00:00","article_modified_time":"2022-01-21T14:50:35+00:00","og_image":[{"width":800,"height":600,"url":"https:\/\/qtmm.org\/wp-content\/uploads\/2022\/01\/5r-1.jpeg","type":"image\/jpeg"}],"author":"Developer","twitter_card":"summary_large_image","twitter_misc":{"Written by":"Developer","Est. reading time":"1 minute"},"schema":{"@context":"https:\/\/schema.org","@graph":[{"@type":"Article","@id":"https:\/\/qtmm.org\/qt\/meclis-reisinin-birinci-muavini-refat-cubarov-esnafci-usta-rustem-maqsudovni-qizi-dogganinen-hayirladi\/#article","isPartOf":{"@id":"https:\/\/qtmm.org\/qt\/meclis-reisinin-birinci-muavini-refat-cubarov-esnafci-usta-rustem-maqsudovni-qizi-dogganinen-hayirladi\/"},"author":{"name":"Developer","@id":"https:\/\/qtmm.org\/qt\/#\/schema\/person\/de562469f971dec226ac06e60bbf74a7"},"headline":"Meclis reisini\u00f1 birinci muavini Refat \u00c7ubarov esnaf\u00e7\u0131 usta Rustem Maqsudovn\u0131 q\u0131z\u0131 do\u011f\u011fan\u0131nen hay\u0131rlad\u0131","datePublished":"2012-04-09T14:49:00+00:00","dateModified":"2022-01-21T14:50:35+00:00","mainEntityOfPage":{"@id":"https:\/\/qtmm.org\/qt\/meclis-reisinin-birinci-muavini-refat-cubarov-esnafci-usta-rustem-maqsudovni-qizi-dogganinen-hayirladi\/"},"wordCount":304,"commentCount":0,"publisher":{"@id":"https:\/\/qtmm.org\/qt\/#organization"},"image":{"@id":"https:\/\/qtmm.org\/qt\/meclis-reisinin-birinci-muavini-refat-cubarov-esnafci-usta-rustem-maqsudovni-qizi-dogganinen-hayirladi\/#primaryimage"},"thumbnailUrl":"https:\/\/qtmm.org\/wp-content\/uploads\/2022\/01\/5r-1.jpeg","articleSection":["Haberler"],"inLanguage":"qt","potentialAction":[{"@type":"CommentAction","name":"Comment","target":["https:\/\/qtmm.org\/qt\/meclis-reisinin-birinci-muavini-refat-cubarov-esnafci-usta-rustem-maqsudovni-qizi-dogganinen-hayirladi\/#respond"]}]},{"@type":"WebPage","@id":"https:\/\/qtmm.org\/qt\/meclis-reisinin-birinci-muavini-refat-cubarov-esnafci-usta-rustem-maqsudovni-qizi-dogganinen-hayirladi\/","url":"https:\/\/qtmm.org\/qt\/meclis-reisinin-birinci-muavini-refat-cubarov-esnafci-usta-rustem-maqsudovni-qizi-dogganinen-hayirladi\/","name":"Meclis reisini\u00f1 birinci muavini Refat \u00c7ubarov esnaf\u00e7\u0131 usta Rustem Maqsudovn\u0131 q\u0131z\u0131 do\u011f\u011fan\u0131nen hay\u0131rlad\u0131 - \u041c\u0435\u0434\u0436\u043b\u0456\u0441","isPartOf":{"@id":"https:\/\/qtmm.org\/qt\/#website"},"primaryImageOfPage":{"@id":"https:\/\/qtmm.org\/qt\/meclis-reisinin-birinci-muavini-refat-cubarov-esnafci-usta-rustem-maqsudovni-qizi-dogganinen-hayirladi\/#primaryimage"},"image":{"@id":"https:\/\/qtmm.org\/qt\/meclis-reisinin-birinci-muavini-refat-cubarov-esnafci-usta-rustem-maqsudovni-qizi-dogganinen-hayirladi\/#primaryimage"},"thumbnailUrl":"https:\/\/qtmm.org\/wp-content\/uploads\/2022\/01\/5r-1.jpeg","datePublished":"2012-04-09T14:49:00+00:00","dateModified":"2022-01-21T14:50:35+00:00","breadcrumb":{"@id":"https:\/\/qtmm.org\/qt\/meclis-reisinin-birinci-muavini-refat-cubarov-esnafci-usta-rustem-maqsudovni-qizi-dogganinen-hayirladi\/#breadcrumb"},"inLanguage":"qt","potentialAction":[{"@type":"ReadAction","target":["https:\/\/qtmm.org\/qt\/meclis-reisinin-birinci-muavini-refat-cubarov-esnafci-usta-rustem-maqsudovni-qizi-dogganinen-hayirladi\/"]}]},{"@type":"ImageObject","inLanguage":"qt","@id":"https:\/\/qtmm.org\/qt\/meclis-reisinin-birinci-muavini-refat-cubarov-esnafci-usta-rustem-maqsudovni-qizi-dogganinen-hayirladi\/#primaryimage","url":"https:\/\/qtmm.org\/wp-content\/uploads\/2022\/01\/5r-1.jpeg","contentUrl":"https:\/\/qtmm.org\/wp-content\/uploads\/2022\/01\/5r-1.jpeg","width":800,"height":600},{"@type":"BreadcrumbList","@id":"https:\/\/qtmm.org\/qt\/meclis-reisinin-birinci-muavini-refat-cubarov-esnafci-usta-rustem-maqsudovni-qizi-dogganinen-hayirladi\/#breadcrumb","itemListElement":[{"@type":"ListItem","position":1,"name":"\u0413\u043e\u043b\u043e\u0432\u043d\u0430","item":"https:\/\/qtmm.org\/qt\/"},{"@type":"ListItem","position":2,"name":"Meclis reisini\u00f1 birinci muavini Refat \u00c7ubarov esnaf\u00e7\u0131 usta Rustem Maqsudovn\u0131 q\u0131z\u0131 do\u011f\u011fan\u0131nen hay\u0131rlad\u0131"}]},{"@type":"WebSite","@id":"https:\/\/qtmm.org\/qt\/#website","url":"https:\/\/qtmm.org\/qt\/","name":"\u041c\u0435\u0434\u0436\u043b\u0456\u0441","description":"","publisher":{"@id":"https:\/\/qtmm.org\/qt\/#organization"},"potentialAction":[{"@type":"SearchAction","target":{"@type":"EntryPoint","urlTemplate":"https:\/\/qtmm.org\/qt\/?s={search_term_string}"},"query-input":{"@type":"PropertyValueSpecification","valueRequired":true,"valueName":"search_term_string"}}],"inLanguage":"qt"},{"@type":"Organization","@id":"https:\/\/qtmm.org\/qt\/#organization","name":"\u041c\u0435\u0434\u0436\u043b\u0456\u0441","url":"https:\/\/qtmm.org\/qt\/","logo":{"@type":"ImageObject","inLanguage":"qt","@id":"https:\/\/qtmm.org\/qt\/#\/schema\/logo\/image\/","url":"https:\/\/qtmm.org\/wp-content\/uploads\/2024\/12\/ua-mejlis-logo-rgb.svg","contentUrl":"https:\/\/qtmm.org\/wp-content\/uploads\/2024\/12\/ua-mejlis-logo-rgb.svg","caption":"\u041c\u0435\u0434\u0436\u043b\u0456\u0441"},"image":{"@id":"https:\/\/qtmm.org\/qt\/#\/schema\/logo\/image\/"},"sameAs":["https:\/\/www.facebook.com\/qtmm.info\/"]},{"@type":"Person","@id":"https:\/\/qtmm.org\/qt\/#\/schema\/person\/de562469f971dec226ac06e60bbf74a7","name":"Developer","image":{"@type":"ImageObject","inLanguage":"qt","@id":"https:\/\/secure.gravatar.com\/avatar\/392b4cc8fbfeb00b39dfeeab4ee6edded39ffd48e25858637e4765810300227e?s=96&d=mm&r=g","url":"https:\/\/secure.gravatar.com\/avatar\/392b4cc8fbfeb00b39dfeeab4ee6edded39ffd48e25858637e4765810300227e?s=96&d=mm&r=g","contentUrl":"https:\/\/secure.gravatar.com\/avatar\/392b4cc8fbfeb00b39dfeeab4ee6edded39ffd48e25858637e4765810300227e?s=96&d=mm&r=g","caption":"Developer"},"url":"https:\/\/qtmm.org\/qt\/author\/Developer\/"}]}},"_links":{"self":[{"href":"https:\/\/qtmm.org\/qt\/wp-json\/wp\/v2\/posts\/29868","targetHints":{"allow":["GET"]}}],"collection":[{"href":"https:\/\/qtmm.org\/qt\/wp-json\/wp\/v2\/posts"}],"about":[{"href":"https:\/\/qtmm.org\/qt\/wp-json\/wp\/v2\/types\/post"}],"author":[{"embeddable":true,"href":"https:\/\/qtmm.org\/qt\/wp-json\/wp\/v2\/users\/1"}],"replies":[{"embeddable":true,"href":"https:\/\/qtmm.org\/qt\/wp-json\/wp\/v2\/comments?post=29868"}],"version-history":[{"count":1,"href":"https:\/\/qtmm.org\/qt\/wp-json\/wp\/v2\/posts\/29868\/revisions"}],"predecessor-version":[{"id":29881,"href":"https:\/\/qtmm.org\/qt\/wp-json\/wp\/v2\/posts\/29868\/revisions\/29881"}],"wp:featuredmedia":[{"embeddable":true,"href":"https:\/\/qtmm.org\/qt\/wp-json\/wp\/v2\/media\/29869"}],"wp:attachment":[{"href":"https:\/\/qtmm.org\/qt\/wp-json\/wp\/v2\/media?parent=29868"}],"wp:term":[{"taxonomy":"category","embeddable":true,"href":"https:\/\/qtmm.org\/qt\/wp-json\/wp\/v2\/categories?post=29868"},{"taxonomy":"post_tag","embeddable":true,"href":"https:\/\/qtmm.org\/qt\/wp-json\/wp\/v2\/tags?post=29868"}],"curies":[{"name":"wp","href":"https:\/\/api.w.org\/{rel}","templated":true}]}}