




{"id":29768,"date":"2012-04-08T17:45:00","date_gmt":"2012-04-08T14:45:00","guid":{"rendered":"http:\/\/qtmm.org\/?p=29768"},"modified":"2022-01-21T17:47:14","modified_gmt":"2022-01-21T14:47:14","slug":"melitopolde-1987-senesi-qirimtatarlarnin-moskva-vaqialarinin-25-yilligina-bagislangan-aktsiya-baslandi","status":"publish","type":"post","link":"https:\/\/qtmm.org\/qt\/melitopolde-1987-senesi-qirimtatarlarnin-moskva-vaqialarinin-25-yilligina-bagislangan-aktsiya-baslandi\/","title":{"rendered":"Melitopolde 1987 senesi q\u0131r\u0131mtatarlarn\u0131\u00f1 Moskva vaqialar\u0131n\u0131\u00f1 25 y\u0131ll\u0131\u011f\u0131na ba\u011f\u0131\u015flan\u011fan aktsiya ba\u015fland\u0131"},"content":{"rendered":"\n<p>Moskvada Q\u0131z\u0131l meydanda 1987 senesi ol\u0131p ke\u00e7ken q\u0131r\u0131mtatarlarn\u0131\u00f1 naraz\u0131l\u0131q numay\u0131\u015flar\u0131n\u0131\u00f1 25 y\u0131ll\u0131\u011f\u0131na ba\u011f\u0131\u015flan\u0131p 2012 senesi aprel 7-de Melitopol \u015feerinde &#8220;\u00d6z halq\u0131na sevgi ile&#8221; birinci aktsiyas\u0131 ba\u015fland\u0131. O uzaq y\u0131llarda bu numay\u0131\u015flarda Melitopolden 50-den ziyade semetde\u015fimiz i\u015ftirak etken edi. Tantanal\u0131 tedbir Melitopol \u015feerindeki \u015eev\u00e7enko ad\u0131na Medeniyet evinde \u00f6tkerildi.<\/p>\n\n\n\n<p>Kontsert programmas\u0131 Zarema Zaretdinova yolba\u015f\u00e7\u0131l\u0131\u011f\u0131ndaki &#8220;G\u00fczel Q\u0131r\u0131m&#8221; yerli ansamblni\u00f1 gen\u00e7 icrac\u0131lar\u0131 ve Aqmescitten kelgen &#8220;Zaman&#8221; ansambl taraf\u0131ndan az\u0131rland\u0131. Sanat\u00e7\u0131larn\u0131\u00f1 bir \u00e7oqun\u0131\u00f1 ana-babalar\u0131 1987 senesi vaqialarn\u0131\u00f1 i\u015ftirak\u00e7ileri ol\u011fanlar. Tedbirni Zaporojye regional meclisni\u00f1 reisi, Melitopol q\u0131r\u0131mtatar cemiyetini\u00f1 faali Leyla \u0130bragimova al\u0131p bard\u0131.<\/p>\n\n\n\n<p>Q\u0131r\u0131mdan tedbirge Q\u0131r\u0131mtatar halq\u0131 Meclisi t\u0131\u015fq\u0131 al\u00e2qalar b\u00f6l\u00fcgini\u00f1 ba\u015f\u0131 Ali Hamzin, milliy areket i\u015ftirak\u00e7isi, Moskva aktsiyas\u0131 yetek\u00e7ilerinden biri Bekir \u00dcmerov, bun\u0131\u00f1 kibi de Zaporojye regional meclisini\u00f1 reisi Ridvan \u0130braimov ve belli q\u0131r\u0131mtatar tarih\u00e7\u0131s\u0131 G\u00fclnara Bekirova keldiler. Aktsiyada \u015feer akimlerinden \u015feer golovas\u0131n\u0131\u00f1 muavini \u0130rina Donets, \u015feer medeniyet b\u00f6l\u00fcgini\u00f1 ba\u015f\u0131 Natalya \u0130vanova, \u015feer \u015furas\u0131n\u0131\u00f1 deputat\u0131 Valeriy L\u00e2bah, Ukrainada h\u0131zmet k\u00f6stergen medeniyet hadimi Yekaterina \u015ei\u015fmanova da i\u015ftirak ettiler. Musafirler aras\u0131nda &#8220;Alt\u0131nay&#8221; Zaporojye tatar medeniy merkezini\u00f1 reisi Rahima Ahmerova ve Melitopol \u015feerini\u00f1 diger medeniy merkezlerni\u00f1 vekilleri de bar edi.<\/p>\n\n\n\n<p>Tantanal\u0131 tedbirni a\u00e7qan \u0130rina Donets Melitopol \u015feerini\u00f1 \u00f6m\u00fcrinde q\u0131r\u0131mtatar cemiyetini\u00f1 b\u00fcy\u00fck rol\u00fcni, milletlerara ve dinlerara munasebetlerni pekit\u00fcvdeki h\u0131zmetlerini ayr\u0131ca qayd etti. 1987 senesi Moskva vaqialar\u0131n\u0131\u00f1 i\u015ftirak\u00e7ilerine muracaat eterek \u0130.Donets, o aktsiyan\u0131\u00f1 q\u0131r\u0131mtatar halq\u0131 i\u00e7\u00fcn m\u00fcim ol\u011fan\u0131n\u0131 qayd etti ve q\u0131r\u0131mtatarlarn\u0131\u00f1 diger milletlerge nisbeten say\u011f\u0131-\u00fcrmeti olarn\u0131\u00f1 Q\u0131r\u0131mda \u011fayr\u0131dan tiklenmesine kefil olur, dedi.<\/p>\n\n\n\n<p>So\u00f1 sana\u011fa k\u00f6terilgen Ali Hamzin ve Bekir \u00dcmerov Q\u0131r\u0131mtatar halq\u0131 Meclisi ad\u0131ndan yubiley tedbirni\u00f1 te\u015fkil\u00e2t\u00e7\u0131lar\u0131na te\u015fekk\u00fcr bildirip, q\u0131r\u0131mtatarlarn\u0131 \u00f6z \u00f6zg\u00fcnligini qor\u00e7alamaq i\u00e7\u00fcn birlikli ol\u0131p, menfiy davran\u0131\u015flar\u011fa qar\u015f\u0131 turma\u011fa \u00e7a\u011f\u0131rd\u0131lar. Tedbir i\u015ftirak\u00e7ilerini milliy areket veteran\u0131 Minever \u0130drisova ve &#8220;Alt\u0131nay&#8221; Zaporojye tatar medeniy merkezini\u00f1 reisi Rahima Ahmerova da sel\u00e2mlad\u0131lar.<\/p>\n\n\n\n<p>Tedbirni\u00f1 muz\u0131kal\u0131 programmas\u0131 \u00e7er\u00e7ivesinde q\u0131r\u0131mtatarlarn\u0131\u00f1 vatanperverlik y\u0131rlar\u0131 icra etildi. Halqn\u0131\u00f1 s\u00fcrg\u00fcnligi ve qaytuv\u0131n\u0131 k\u00f6stergen horeografik programma, bun\u0131\u00f1 kibi de \u0130smail \u0130bragimov arhivinden al\u0131n\u011fan fotoresimler numay\u0131\u015f\u0131 ise er kesni pek tesirlendirdi. Salon\u011fa kiri\u015fte &#8220;Vatan asretligi. Melitopol q\u0131r\u0131mtatarlar\u0131n\u0131\u00f1 taqdirleri&#8221; kitab\u0131n\u0131\u00f1 sergisi te\u015fkil etildi. Kitapn\u0131\u00f1 taqdimi 2011 senesi noyabr 22-de Aqmescitte q\u0131r\u0131mtatar teatrinde ve so\u00f1ra dekabr 5-te Melitopolde ke\u00e7irilgen edi.<\/p>\n\n\n\n<p>Mal\u00fcmat: Bug\u00fcn Melitopolde tahminen 4000 q\u0131r\u0131mtatar\u0131 ya\u015fay. Zaporojye regional meclisi areket ete, belli ki on\u0131\u00f1 azalar\u0131 Q\u0131r\u0131mtatarlarn\u0131\u00f1 qaytmas\u0131na yard\u0131m et\u00fcv boyunca &#8220;Azat&#8221; Melitopol regional komitet erk\u00e2n\u0131nda faaliyet k\u00f6stere ediler.<\/p>\n\n\n\n<figure class=\"wp-block-gallery columns-3 is-cropped wp-block-gallery-1 is-layout-flex wp-block-gallery-is-layout-flex\"><ul class=\"blocks-gallery-grid\"><li class=\"blocks-gallery-item\"><figure><a href=\"http:\/\/qtmm.org\/wp-content\/uploads\/2022\/01\/4f83440e86a2c.jpeg\"><img loading=\"lazy\" decoding=\"async\" width=\"640\" height=\"480\" src=\"http:\/\/qtmm.org\/wp-content\/uploads\/2022\/01\/4f83440e86a2c.jpeg\" alt=\"\" data-id=\"29769\" data-full-url=\"http:\/\/qtmm.org\/wp-content\/uploads\/2022\/01\/4f83440e86a2c.jpeg\" data-link=\"http:\/\/qtmm.org\/qt\/?attachment_id=29769\" class=\"wp-image-29769\" srcset=\"https:\/\/qtmm.org\/wp-content\/uploads\/2022\/01\/4f83440e86a2c.jpeg 640w, https:\/\/qtmm.org\/wp-content\/uploads\/2022\/01\/4f83440e86a2c-300x225.jpeg 300w\" sizes=\"auto, (max-width: 640px) 100vw, 640px\" \/><\/a><\/figure><\/li><li class=\"blocks-gallery-item\"><figure><a href=\"http:\/\/qtmm.org\/wp-content\/uploads\/2022\/01\/4f83440e6012d.jpeg\"><img loading=\"lazy\" decoding=\"async\" width=\"640\" height=\"480\" src=\"http:\/\/qtmm.org\/wp-content\/uploads\/2022\/01\/4f83440e6012d.jpeg\" alt=\"\" data-id=\"29773\" data-full-url=\"http:\/\/qtmm.org\/wp-content\/uploads\/2022\/01\/4f83440e6012d.jpeg\" data-link=\"http:\/\/qtmm.org\/qt\/?attachment_id=29773\" class=\"wp-image-29773\" srcset=\"https:\/\/qtmm.org\/wp-content\/uploads\/2022\/01\/4f83440e6012d.jpeg 640w, https:\/\/qtmm.org\/wp-content\/uploads\/2022\/01\/4f83440e6012d-300x225.jpeg 300w\" sizes=\"auto, (max-width: 640px) 100vw, 640px\" \/><\/a><\/figure><\/li><li class=\"blocks-gallery-item\"><figure><a href=\"http:\/\/qtmm.org\/wp-content\/uploads\/2022\/01\/4f83440ea71bd.jpeg\"><img loading=\"lazy\" decoding=\"async\" width=\"640\" height=\"480\" src=\"http:\/\/qtmm.org\/wp-content\/uploads\/2022\/01\/4f83440ea71bd.jpeg\" alt=\"\" data-id=\"29777\" data-full-url=\"http:\/\/qtmm.org\/wp-content\/uploads\/2022\/01\/4f83440ea71bd.jpeg\" data-link=\"http:\/\/qtmm.org\/qt\/?attachment_id=29777\" class=\"wp-image-29777\" srcset=\"https:\/\/qtmm.org\/wp-content\/uploads\/2022\/01\/4f83440ea71bd.jpeg 640w, https:\/\/qtmm.org\/wp-content\/uploads\/2022\/01\/4f83440ea71bd-300x225.jpeg 300w\" sizes=\"auto, (max-width: 640px) 100vw, 640px\" \/><\/a><\/figure><\/li><li class=\"blocks-gallery-item\"><figure><a href=\"http:\/\/qtmm.org\/wp-content\/uploads\/2022\/01\/4f834440b9914.jpeg\"><img loading=\"lazy\" decoding=\"async\" width=\"640\" height=\"480\" src=\"http:\/\/qtmm.org\/wp-content\/uploads\/2022\/01\/4f834440b9914.jpeg\" alt=\"\" data-id=\"29781\" data-full-url=\"http:\/\/qtmm.org\/wp-content\/uploads\/2022\/01\/4f834440b9914.jpeg\" data-link=\"http:\/\/qtmm.org\/qt\/?attachment_id=29781\" class=\"wp-image-29781\" srcset=\"https:\/\/qtmm.org\/wp-content\/uploads\/2022\/01\/4f834440b9914.jpeg 640w, https:\/\/qtmm.org\/wp-content\/uploads\/2022\/01\/4f834440b9914-300x225.jpeg 300w\" sizes=\"auto, (max-width: 640px) 100vw, 640px\" \/><\/a><\/figure><\/li><li class=\"blocks-gallery-item\"><figure><a href=\"http:\/\/qtmm.org\/wp-content\/uploads\/2022\/01\/4f834440e48b0.jpeg\"><img loading=\"lazy\" decoding=\"async\" width=\"640\" height=\"480\" src=\"http:\/\/qtmm.org\/wp-content\/uploads\/2022\/01\/4f834440e48b0.jpeg\" alt=\"\" data-id=\"29785\" data-full-url=\"http:\/\/qtmm.org\/wp-content\/uploads\/2022\/01\/4f834440e48b0.jpeg\" data-link=\"http:\/\/qtmm.org\/qt\/?attachment_id=29785\" class=\"wp-image-29785\" srcset=\"https:\/\/qtmm.org\/wp-content\/uploads\/2022\/01\/4f834440e48b0.jpeg 640w, https:\/\/qtmm.org\/wp-content\/uploads\/2022\/01\/4f834440e48b0-300x225.jpeg 300w\" sizes=\"auto, (max-width: 640px) 100vw, 640px\" \/><\/a><\/figure><\/li><li class=\"blocks-gallery-item\"><figure><a href=\"http:\/\/qtmm.org\/wp-content\/uploads\/2022\/01\/4f8344405b915.jpeg\"><img loading=\"lazy\" decoding=\"async\" width=\"640\" height=\"480\" src=\"http:\/\/qtmm.org\/wp-content\/uploads\/2022\/01\/4f8344405b915.jpeg\" alt=\"\" data-id=\"29789\" data-full-url=\"http:\/\/qtmm.org\/wp-content\/uploads\/2022\/01\/4f8344405b915.jpeg\" data-link=\"http:\/\/qtmm.org\/qt\/?attachment_id=29789\" class=\"wp-image-29789\" srcset=\"https:\/\/qtmm.org\/wp-content\/uploads\/2022\/01\/4f8344405b915.jpeg 640w, https:\/\/qtmm.org\/wp-content\/uploads\/2022\/01\/4f8344405b915-300x225.jpeg 300w\" sizes=\"auto, (max-width: 640px) 100vw, 640px\" \/><\/a><\/figure><\/li><li class=\"blocks-gallery-item\"><figure><a href=\"http:\/\/qtmm.org\/wp-content\/uploads\/2022\/01\/4f8344407b10f.jpeg\"><img loading=\"lazy\" decoding=\"async\" width=\"640\" height=\"480\" src=\"http:\/\/qtmm.org\/wp-content\/uploads\/2022\/01\/4f8344407b10f.jpeg\" alt=\"\" data-id=\"29793\" data-full-url=\"http:\/\/qtmm.org\/wp-content\/uploads\/2022\/01\/4f8344407b10f.jpeg\" data-link=\"http:\/\/qtmm.org\/qt\/?attachment_id=29793\" class=\"wp-image-29793\" srcset=\"https:\/\/qtmm.org\/wp-content\/uploads\/2022\/01\/4f8344407b10f.jpeg 640w, https:\/\/qtmm.org\/wp-content\/uploads\/2022\/01\/4f8344407b10f-300x225.jpeg 300w\" sizes=\"auto, (max-width: 640px) 100vw, 640px\" \/><\/a><\/figure><\/li><li class=\"blocks-gallery-item\"><figure><a href=\"http:\/\/qtmm.org\/wp-content\/uploads\/2022\/01\/4f8344409a127.jpeg\"><img loading=\"lazy\" decoding=\"async\" width=\"640\" height=\"480\" src=\"http:\/\/qtmm.org\/wp-content\/uploads\/2022\/01\/4f8344409a127.jpeg\" alt=\"\" data-id=\"29797\" data-full-url=\"http:\/\/qtmm.org\/wp-content\/uploads\/2022\/01\/4f8344409a127.jpeg\" data-link=\"http:\/\/qtmm.org\/qt\/?attachment_id=29797\" class=\"wp-image-29797\" srcset=\"https:\/\/qtmm.org\/wp-content\/uploads\/2022\/01\/4f8344409a127.jpeg 640w, https:\/\/qtmm.org\/wp-content\/uploads\/2022\/01\/4f8344409a127-300x225.jpeg 300w\" sizes=\"auto, (max-width: 640px) 100vw, 640px\" \/><\/a><\/figure><\/li><li class=\"blocks-gallery-item\"><figure><a href=\"http:\/\/qtmm.org\/wp-content\/uploads\/2022\/01\/4f8344434e6d2.jpeg\"><img loading=\"lazy\" decoding=\"async\" width=\"640\" height=\"480\" src=\"http:\/\/qtmm.org\/wp-content\/uploads\/2022\/01\/4f8344434e6d2.jpeg\" alt=\"\" data-id=\"29801\" data-full-url=\"http:\/\/qtmm.org\/wp-content\/uploads\/2022\/01\/4f8344434e6d2.jpeg\" data-link=\"http:\/\/qtmm.org\/qt\/?attachment_id=29801\" class=\"wp-image-29801\" srcset=\"https:\/\/qtmm.org\/wp-content\/uploads\/2022\/01\/4f8344434e6d2.jpeg 640w, https:\/\/qtmm.org\/wp-content\/uploads\/2022\/01\/4f8344434e6d2-300x225.jpeg 300w\" sizes=\"auto, (max-width: 640px) 100vw, 640px\" \/><\/a><\/figure><\/li><li class=\"blocks-gallery-item\"><figure><a href=\"http:\/\/qtmm.org\/wp-content\/uploads\/2022\/01\/4f834441115ce.jpeg\"><img loading=\"lazy\" decoding=\"async\" width=\"640\" height=\"480\" src=\"http:\/\/qtmm.org\/wp-content\/uploads\/2022\/01\/4f834441115ce.jpeg\" alt=\"\" data-id=\"29805\" data-full-url=\"http:\/\/qtmm.org\/wp-content\/uploads\/2022\/01\/4f834441115ce.jpeg\" data-link=\"http:\/\/qtmm.org\/qt\/?attachment_id=29805\" class=\"wp-image-29805\" srcset=\"https:\/\/qtmm.org\/wp-content\/uploads\/2022\/01\/4f834441115ce.jpeg 640w, https:\/\/qtmm.org\/wp-content\/uploads\/2022\/01\/4f834441115ce-300x225.jpeg 300w\" sizes=\"auto, (max-width: 640px) 100vw, 640px\" \/><\/a><\/figure><\/li><li class=\"blocks-gallery-item\"><figure><a href=\"http:\/\/qtmm.org\/wp-content\/uploads\/2022\/01\/4f834443705d0.jpeg\"><img loading=\"lazy\" decoding=\"async\" width=\"640\" height=\"480\" src=\"http:\/\/qtmm.org\/wp-content\/uploads\/2022\/01\/4f834443705d0.jpeg\" alt=\"\" data-id=\"29809\" data-full-url=\"http:\/\/qtmm.org\/wp-content\/uploads\/2022\/01\/4f834443705d0.jpeg\" data-link=\"http:\/\/qtmm.org\/qt\/?attachment_id=29809\" class=\"wp-image-29809\" srcset=\"https:\/\/qtmm.org\/wp-content\/uploads\/2022\/01\/4f834443705d0.jpeg 640w, https:\/\/qtmm.org\/wp-content\/uploads\/2022\/01\/4f834443705d0-300x225.jpeg 300w\" sizes=\"auto, (max-width: 640px) 100vw, 640px\" \/><\/a><\/figure><\/li><li class=\"blocks-gallery-item\"><figure><a href=\"http:\/\/qtmm.org\/wp-content\/uploads\/2022\/01\/4f834443928be.jpeg\"><img loading=\"lazy\" decoding=\"async\" width=\"640\" height=\"480\" src=\"http:\/\/qtmm.org\/wp-content\/uploads\/2022\/01\/4f834443928be.jpeg\" alt=\"\" data-id=\"29813\" data-full-url=\"http:\/\/qtmm.org\/wp-content\/uploads\/2022\/01\/4f834443928be.jpeg\" data-link=\"http:\/\/qtmm.org\/qt\/?attachment_id=29813\" class=\"wp-image-29813\" srcset=\"https:\/\/qtmm.org\/wp-content\/uploads\/2022\/01\/4f834443928be.jpeg 640w, https:\/\/qtmm.org\/wp-content\/uploads\/2022\/01\/4f834443928be-300x225.jpeg 300w\" sizes=\"auto, (max-width: 640px) 100vw, 640px\" \/><\/a><\/figure><\/li><li class=\"blocks-gallery-item\"><figure><a href=\"http:\/\/qtmm.org\/wp-content\/uploads\/2022\/01\/4f83444032518.jpeg\"><img loading=\"lazy\" decoding=\"async\" width=\"640\" height=\"480\" src=\"http:\/\/qtmm.org\/wp-content\/uploads\/2022\/01\/4f83444032518.jpeg\" alt=\"\" data-id=\"29817\" data-full-url=\"http:\/\/qtmm.org\/wp-content\/uploads\/2022\/01\/4f83444032518.jpeg\" data-link=\"http:\/\/qtmm.org\/qt\/?attachment_id=29817\" class=\"wp-image-29817\" srcset=\"https:\/\/qtmm.org\/wp-content\/uploads\/2022\/01\/4f83444032518.jpeg 640w, https:\/\/qtmm.org\/wp-content\/uploads\/2022\/01\/4f83444032518-300x225.jpeg 300w\" sizes=\"auto, (max-width: 640px) 100vw, 640px\" \/><\/a><\/figure><\/li><\/ul><\/figure>\n","protected":false},"excerpt":{"rendered":"<p>Moskvada Q\u0131z\u0131l meydanda 1987 senesi ol\u0131p ke\u00e7ken q\u0131r\u0131mtatarlarn\u0131\u00f1 naraz\u0131l\u0131q numay\u0131\u015flar\u0131n\u0131\u00f1 25 y\u0131ll\u0131\u011f\u0131na ba\u011f\u0131\u015flan\u0131p 2012 senesi aprel 7-de Melitopol \u015feerinde &#8220;\u00d6z halq\u0131na sevgi ile&#8221; birinci aktsiyas\u0131 ba\u015fland\u0131. O uzaq y\u0131llarda bu numay\u0131\u015flarda Melitopolden 50-den ziyade semetde\u015fimiz i\u015ftirak etken edi. Tantanal\u0131 tedbir Melitopol \u015feerindeki \u015eev\u00e7enko ad\u0131na Medeniyet evinde \u00f6tkerildi. Kontsert programmas\u0131 Zarema Zaretdinova yolba\u015f\u00e7\u0131l\u0131\u011f\u0131ndaki &#8220;G\u00fczel Q\u0131r\u0131m&#8221; yerli [&hellip;]<\/p>\n","protected":false},"author":1,"featured_media":29777,"comment_status":"open","ping_status":"open","sticky":false,"template":"","format":"standard","meta":{"inline_featured_image":false,"footnotes":""},"categories":[265],"tags":[],"class_list":["post-29768","post","type-post","status-publish","format-standard","has-post-thumbnail","hentry","category-haberler"],"acf":[],"yoast_head":"<!-- This site is optimized with the Yoast SEO plugin v27.4 - https:\/\/yoast.com\/product\/yoast-seo-wordpress\/ -->\n<title>Melitopolde 1987 senesi q\u0131r\u0131mtatarlarn\u0131\u00f1 Moskva vaqialar\u0131n\u0131\u00f1 25 y\u0131ll\u0131\u011f\u0131na ba\u011f\u0131\u015flan\u011fan aktsiya ba\u015fland\u0131 - \u041c\u0435\u0434\u0436\u043b\u0456\u0441<\/title>\n<meta name=\"robots\" content=\"index, follow, max-snippet:-1, max-image-preview:large, max-video-preview:-1\" \/>\n<link rel=\"canonical\" href=\"https:\/\/qtmm.org\/qt\/melitopolde-1987-senesi-qirimtatarlarnin-moskva-vaqialarinin-25-yilligina-bagislangan-aktsiya-baslandi\/\" \/>\n<meta property=\"og:locale\" content=\"en_US\" \/>\n<meta property=\"og:type\" content=\"article\" \/>\n<meta property=\"og:title\" content=\"Melitopolde 1987 senesi q\u0131r\u0131mtatarlarn\u0131\u00f1 Moskva vaqialar\u0131n\u0131\u00f1 25 y\u0131ll\u0131\u011f\u0131na ba\u011f\u0131\u015flan\u011fan aktsiya ba\u015fland\u0131 - \u041c\u0435\u0434\u0436\u043b\u0456\u0441\" \/>\n<meta property=\"og:description\" content=\"Moskvada Q\u0131z\u0131l meydanda 1987 senesi ol\u0131p ke\u00e7ken q\u0131r\u0131mtatarlarn\u0131\u00f1 naraz\u0131l\u0131q numay\u0131\u015flar\u0131n\u0131\u00f1 25 y\u0131ll\u0131\u011f\u0131na ba\u011f\u0131\u015flan\u0131p 2012 senesi aprel 7-de Melitopol \u015feerinde &#8220;\u00d6z halq\u0131na sevgi ile&#8221; birinci aktsiyas\u0131 ba\u015fland\u0131. O uzaq y\u0131llarda bu numay\u0131\u015flarda Melitopolden 50-den ziyade semetde\u015fimiz i\u015ftirak etken edi. Tantanal\u0131 tedbir Melitopol \u015feerindeki \u015eev\u00e7enko ad\u0131na Medeniyet evinde \u00f6tkerildi. Kontsert programmas\u0131 Zarema Zaretdinova yolba\u015f\u00e7\u0131l\u0131\u011f\u0131ndaki &#8220;G\u00fczel Q\u0131r\u0131m&#8221; yerli [&hellip;]\" \/>\n<meta property=\"og:url\" content=\"https:\/\/qtmm.org\/qt\/melitopolde-1987-senesi-qirimtatarlarnin-moskva-vaqialarinin-25-yilligina-bagislangan-aktsiya-baslandi\/\" \/>\n<meta property=\"og:site_name\" content=\"\u041c\u0435\u0434\u0436\u043b\u0456\u0441\" \/>\n<meta property=\"article:publisher\" content=\"https:\/\/www.facebook.com\/qtmm.info\/\" \/>\n<meta property=\"article:published_time\" content=\"2012-04-08T14:45:00+00:00\" \/>\n<meta property=\"article:modified_time\" content=\"2022-01-21T14:47:14+00:00\" \/>\n<meta property=\"og:image\" content=\"https:\/\/qtmm.org\/wp-content\/uploads\/2022\/01\/4f83440ea71bd.jpeg\" \/>\n\t<meta property=\"og:image:width\" content=\"640\" \/>\n\t<meta property=\"og:image:height\" content=\"480\" \/>\n\t<meta property=\"og:image:type\" content=\"image\/jpeg\" \/>\n<meta name=\"author\" content=\"Developer\" \/>\n<meta name=\"twitter:card\" content=\"summary_large_image\" \/>\n<meta name=\"twitter:label1\" content=\"Written by\" \/>\n\t<meta name=\"twitter:data1\" content=\"Developer\" \/>\n\t<meta name=\"twitter:label2\" content=\"Est. reading time\" \/>\n\t<meta name=\"twitter:data2\" content=\"3 minutes\" \/>\n<script type=\"application\/ld+json\" class=\"yoast-schema-graph\">{\"@context\":\"https:\\\/\\\/schema.org\",\"@graph\":[{\"@type\":\"Article\",\"@id\":\"https:\\\/\\\/qtmm.org\\\/qt\\\/melitopolde-1987-senesi-qirimtatarlarnin-moskva-vaqialarinin-25-yilligina-bagislangan-aktsiya-baslandi\\\/#article\",\"isPartOf\":{\"@id\":\"https:\\\/\\\/qtmm.org\\\/qt\\\/melitopolde-1987-senesi-qirimtatarlarnin-moskva-vaqialarinin-25-yilligina-bagislangan-aktsiya-baslandi\\\/\"},\"author\":{\"name\":\"Developer\",\"@id\":\"https:\\\/\\\/qtmm.org\\\/qt\\\/#\\\/schema\\\/person\\\/de562469f971dec226ac06e60bbf74a7\"},\"headline\":\"Melitopolde 1987 senesi q\u0131r\u0131mtatarlarn\u0131\u00f1 Moskva vaqialar\u0131n\u0131\u00f1 25 y\u0131ll\u0131\u011f\u0131na ba\u011f\u0131\u015flan\u011fan aktsiya ba\u015fland\u0131\",\"datePublished\":\"2012-04-08T14:45:00+00:00\",\"dateModified\":\"2022-01-21T14:47:14+00:00\",\"mainEntityOfPage\":{\"@id\":\"https:\\\/\\\/qtmm.org\\\/qt\\\/melitopolde-1987-senesi-qirimtatarlarnin-moskva-vaqialarinin-25-yilligina-bagislangan-aktsiya-baslandi\\\/\"},\"wordCount\":517,\"commentCount\":0,\"publisher\":{\"@id\":\"https:\\\/\\\/qtmm.org\\\/qt\\\/#organization\"},\"image\":{\"@id\":\"https:\\\/\\\/qtmm.org\\\/qt\\\/melitopolde-1987-senesi-qirimtatarlarnin-moskva-vaqialarinin-25-yilligina-bagislangan-aktsiya-baslandi\\\/#primaryimage\"},\"thumbnailUrl\":\"https:\\\/\\\/qtmm.org\\\/wp-content\\\/uploads\\\/2022\\\/01\\\/4f83440ea71bd.jpeg\",\"articleSection\":[\"Haberler\"],\"inLanguage\":\"qt\",\"potentialAction\":[{\"@type\":\"CommentAction\",\"name\":\"Comment\",\"target\":[\"https:\\\/\\\/qtmm.org\\\/qt\\\/melitopolde-1987-senesi-qirimtatarlarnin-moskva-vaqialarinin-25-yilligina-bagislangan-aktsiya-baslandi\\\/#respond\"]}]},{\"@type\":\"WebPage\",\"@id\":\"https:\\\/\\\/qtmm.org\\\/qt\\\/melitopolde-1987-senesi-qirimtatarlarnin-moskva-vaqialarinin-25-yilligina-bagislangan-aktsiya-baslandi\\\/\",\"url\":\"https:\\\/\\\/qtmm.org\\\/qt\\\/melitopolde-1987-senesi-qirimtatarlarnin-moskva-vaqialarinin-25-yilligina-bagislangan-aktsiya-baslandi\\\/\",\"name\":\"Melitopolde 1987 senesi q\u0131r\u0131mtatarlarn\u0131\u00f1 Moskva vaqialar\u0131n\u0131\u00f1 25 y\u0131ll\u0131\u011f\u0131na ba\u011f\u0131\u015flan\u011fan aktsiya ba\u015fland\u0131 - \u041c\u0435\u0434\u0436\u043b\u0456\u0441\",\"isPartOf\":{\"@id\":\"https:\\\/\\\/qtmm.org\\\/qt\\\/#website\"},\"primaryImageOfPage\":{\"@id\":\"https:\\\/\\\/qtmm.org\\\/qt\\\/melitopolde-1987-senesi-qirimtatarlarnin-moskva-vaqialarinin-25-yilligina-bagislangan-aktsiya-baslandi\\\/#primaryimage\"},\"image\":{\"@id\":\"https:\\\/\\\/qtmm.org\\\/qt\\\/melitopolde-1987-senesi-qirimtatarlarnin-moskva-vaqialarinin-25-yilligina-bagislangan-aktsiya-baslandi\\\/#primaryimage\"},\"thumbnailUrl\":\"https:\\\/\\\/qtmm.org\\\/wp-content\\\/uploads\\\/2022\\\/01\\\/4f83440ea71bd.jpeg\",\"datePublished\":\"2012-04-08T14:45:00+00:00\",\"dateModified\":\"2022-01-21T14:47:14+00:00\",\"breadcrumb\":{\"@id\":\"https:\\\/\\\/qtmm.org\\\/qt\\\/melitopolde-1987-senesi-qirimtatarlarnin-moskva-vaqialarinin-25-yilligina-bagislangan-aktsiya-baslandi\\\/#breadcrumb\"},\"inLanguage\":\"qt\",\"potentialAction\":[{\"@type\":\"ReadAction\",\"target\":[\"https:\\\/\\\/qtmm.org\\\/qt\\\/melitopolde-1987-senesi-qirimtatarlarnin-moskva-vaqialarinin-25-yilligina-bagislangan-aktsiya-baslandi\\\/\"]}]},{\"@type\":\"ImageObject\",\"inLanguage\":\"qt\",\"@id\":\"https:\\\/\\\/qtmm.org\\\/qt\\\/melitopolde-1987-senesi-qirimtatarlarnin-moskva-vaqialarinin-25-yilligina-bagislangan-aktsiya-baslandi\\\/#primaryimage\",\"url\":\"https:\\\/\\\/qtmm.org\\\/wp-content\\\/uploads\\\/2022\\\/01\\\/4f83440ea71bd.jpeg\",\"contentUrl\":\"https:\\\/\\\/qtmm.org\\\/wp-content\\\/uploads\\\/2022\\\/01\\\/4f83440ea71bd.jpeg\",\"width\":640,\"height\":480},{\"@type\":\"BreadcrumbList\",\"@id\":\"https:\\\/\\\/qtmm.org\\\/qt\\\/melitopolde-1987-senesi-qirimtatarlarnin-moskva-vaqialarinin-25-yilligina-bagislangan-aktsiya-baslandi\\\/#breadcrumb\",\"itemListElement\":[{\"@type\":\"ListItem\",\"position\":1,\"name\":\"\u0413\u043e\u043b\u043e\u0432\u043d\u0430\",\"item\":\"https:\\\/\\\/qtmm.org\\\/qt\\\/\"},{\"@type\":\"ListItem\",\"position\":2,\"name\":\"Melitopolde 1987 senesi q\u0131r\u0131mtatarlarn\u0131\u00f1 Moskva vaqialar\u0131n\u0131\u00f1 25 y\u0131ll\u0131\u011f\u0131na ba\u011f\u0131\u015flan\u011fan aktsiya ba\u015fland\u0131\"}]},{\"@type\":\"WebSite\",\"@id\":\"https:\\\/\\\/qtmm.org\\\/qt\\\/#website\",\"url\":\"https:\\\/\\\/qtmm.org\\\/qt\\\/\",\"name\":\"\u041c\u0435\u0434\u0436\u043b\u0456\u0441\",\"description\":\"\",\"publisher\":{\"@id\":\"https:\\\/\\\/qtmm.org\\\/qt\\\/#organization\"},\"potentialAction\":[{\"@type\":\"SearchAction\",\"target\":{\"@type\":\"EntryPoint\",\"urlTemplate\":\"https:\\\/\\\/qtmm.org\\\/qt\\\/?s={search_term_string}\"},\"query-input\":{\"@type\":\"PropertyValueSpecification\",\"valueRequired\":true,\"valueName\":\"search_term_string\"}}],\"inLanguage\":\"qt\"},{\"@type\":\"Organization\",\"@id\":\"https:\\\/\\\/qtmm.org\\\/qt\\\/#organization\",\"name\":\"\u041c\u0435\u0434\u0436\u043b\u0456\u0441\",\"url\":\"https:\\\/\\\/qtmm.org\\\/qt\\\/\",\"logo\":{\"@type\":\"ImageObject\",\"inLanguage\":\"qt\",\"@id\":\"https:\\\/\\\/qtmm.org\\\/qt\\\/#\\\/schema\\\/logo\\\/image\\\/\",\"url\":\"https:\\\/\\\/qtmm.org\\\/wp-content\\\/uploads\\\/2024\\\/12\\\/ua-mejlis-logo-rgb.svg\",\"contentUrl\":\"https:\\\/\\\/qtmm.org\\\/wp-content\\\/uploads\\\/2024\\\/12\\\/ua-mejlis-logo-rgb.svg\",\"caption\":\"\u041c\u0435\u0434\u0436\u043b\u0456\u0441\"},\"image\":{\"@id\":\"https:\\\/\\\/qtmm.org\\\/qt\\\/#\\\/schema\\\/logo\\\/image\\\/\"},\"sameAs\":[\"https:\\\/\\\/www.facebook.com\\\/qtmm.info\\\/\"]},{\"@type\":\"Person\",\"@id\":\"https:\\\/\\\/qtmm.org\\\/qt\\\/#\\\/schema\\\/person\\\/de562469f971dec226ac06e60bbf74a7\",\"name\":\"Developer\",\"image\":{\"@type\":\"ImageObject\",\"inLanguage\":\"qt\",\"@id\":\"https:\\\/\\\/secure.gravatar.com\\\/avatar\\\/392b4cc8fbfeb00b39dfeeab4ee6edded39ffd48e25858637e4765810300227e?s=96&d=mm&r=g\",\"url\":\"https:\\\/\\\/secure.gravatar.com\\\/avatar\\\/392b4cc8fbfeb00b39dfeeab4ee6edded39ffd48e25858637e4765810300227e?s=96&d=mm&r=g\",\"contentUrl\":\"https:\\\/\\\/secure.gravatar.com\\\/avatar\\\/392b4cc8fbfeb00b39dfeeab4ee6edded39ffd48e25858637e4765810300227e?s=96&d=mm&r=g\",\"caption\":\"Developer\"},\"url\":\"https:\\\/\\\/qtmm.org\\\/qt\\\/author\\\/Developer\\\/\"}]}<\/script>\n<!-- \/ Yoast SEO plugin. -->","yoast_head_json":{"title":"Melitopolde 1987 senesi q\u0131r\u0131mtatarlarn\u0131\u00f1 Moskva vaqialar\u0131n\u0131\u00f1 25 y\u0131ll\u0131\u011f\u0131na ba\u011f\u0131\u015flan\u011fan aktsiya ba\u015fland\u0131 - \u041c\u0435\u0434\u0436\u043b\u0456\u0441","robots":{"index":"index","follow":"follow","max-snippet":"max-snippet:-1","max-image-preview":"max-image-preview:large","max-video-preview":"max-video-preview:-1"},"canonical":"https:\/\/qtmm.org\/qt\/melitopolde-1987-senesi-qirimtatarlarnin-moskva-vaqialarinin-25-yilligina-bagislangan-aktsiya-baslandi\/","og_locale":"en_US","og_type":"article","og_title":"Melitopolde 1987 senesi q\u0131r\u0131mtatarlarn\u0131\u00f1 Moskva vaqialar\u0131n\u0131\u00f1 25 y\u0131ll\u0131\u011f\u0131na ba\u011f\u0131\u015flan\u011fan aktsiya ba\u015fland\u0131 - \u041c\u0435\u0434\u0436\u043b\u0456\u0441","og_description":"Moskvada Q\u0131z\u0131l meydanda 1987 senesi ol\u0131p ke\u00e7ken q\u0131r\u0131mtatarlarn\u0131\u00f1 naraz\u0131l\u0131q numay\u0131\u015flar\u0131n\u0131\u00f1 25 y\u0131ll\u0131\u011f\u0131na ba\u011f\u0131\u015flan\u0131p 2012 senesi aprel 7-de Melitopol \u015feerinde &#8220;\u00d6z halq\u0131na sevgi ile&#8221; birinci aktsiyas\u0131 ba\u015fland\u0131. O uzaq y\u0131llarda bu numay\u0131\u015flarda Melitopolden 50-den ziyade semetde\u015fimiz i\u015ftirak etken edi. Tantanal\u0131 tedbir Melitopol \u015feerindeki \u015eev\u00e7enko ad\u0131na Medeniyet evinde \u00f6tkerildi. Kontsert programmas\u0131 Zarema Zaretdinova yolba\u015f\u00e7\u0131l\u0131\u011f\u0131ndaki &#8220;G\u00fczel Q\u0131r\u0131m&#8221; yerli [&hellip;]","og_url":"https:\/\/qtmm.org\/qt\/melitopolde-1987-senesi-qirimtatarlarnin-moskva-vaqialarinin-25-yilligina-bagislangan-aktsiya-baslandi\/","og_site_name":"\u041c\u0435\u0434\u0436\u043b\u0456\u0441","article_publisher":"https:\/\/www.facebook.com\/qtmm.info\/","article_published_time":"2012-04-08T14:45:00+00:00","article_modified_time":"2022-01-21T14:47:14+00:00","og_image":[{"width":640,"height":480,"url":"https:\/\/qtmm.org\/wp-content\/uploads\/2022\/01\/4f83440ea71bd.jpeg","type":"image\/jpeg"}],"author":"Developer","twitter_card":"summary_large_image","twitter_misc":{"Written by":"Developer","Est. reading time":"3 minutes"},"schema":{"@context":"https:\/\/schema.org","@graph":[{"@type":"Article","@id":"https:\/\/qtmm.org\/qt\/melitopolde-1987-senesi-qirimtatarlarnin-moskva-vaqialarinin-25-yilligina-bagislangan-aktsiya-baslandi\/#article","isPartOf":{"@id":"https:\/\/qtmm.org\/qt\/melitopolde-1987-senesi-qirimtatarlarnin-moskva-vaqialarinin-25-yilligina-bagislangan-aktsiya-baslandi\/"},"author":{"name":"Developer","@id":"https:\/\/qtmm.org\/qt\/#\/schema\/person\/de562469f971dec226ac06e60bbf74a7"},"headline":"Melitopolde 1987 senesi q\u0131r\u0131mtatarlarn\u0131\u00f1 Moskva vaqialar\u0131n\u0131\u00f1 25 y\u0131ll\u0131\u011f\u0131na ba\u011f\u0131\u015flan\u011fan aktsiya ba\u015fland\u0131","datePublished":"2012-04-08T14:45:00+00:00","dateModified":"2022-01-21T14:47:14+00:00","mainEntityOfPage":{"@id":"https:\/\/qtmm.org\/qt\/melitopolde-1987-senesi-qirimtatarlarnin-moskva-vaqialarinin-25-yilligina-bagislangan-aktsiya-baslandi\/"},"wordCount":517,"commentCount":0,"publisher":{"@id":"https:\/\/qtmm.org\/qt\/#organization"},"image":{"@id":"https:\/\/qtmm.org\/qt\/melitopolde-1987-senesi-qirimtatarlarnin-moskva-vaqialarinin-25-yilligina-bagislangan-aktsiya-baslandi\/#primaryimage"},"thumbnailUrl":"https:\/\/qtmm.org\/wp-content\/uploads\/2022\/01\/4f83440ea71bd.jpeg","articleSection":["Haberler"],"inLanguage":"qt","potentialAction":[{"@type":"CommentAction","name":"Comment","target":["https:\/\/qtmm.org\/qt\/melitopolde-1987-senesi-qirimtatarlarnin-moskva-vaqialarinin-25-yilligina-bagislangan-aktsiya-baslandi\/#respond"]}]},{"@type":"WebPage","@id":"https:\/\/qtmm.org\/qt\/melitopolde-1987-senesi-qirimtatarlarnin-moskva-vaqialarinin-25-yilligina-bagislangan-aktsiya-baslandi\/","url":"https:\/\/qtmm.org\/qt\/melitopolde-1987-senesi-qirimtatarlarnin-moskva-vaqialarinin-25-yilligina-bagislangan-aktsiya-baslandi\/","name":"Melitopolde 1987 senesi q\u0131r\u0131mtatarlarn\u0131\u00f1 Moskva vaqialar\u0131n\u0131\u00f1 25 y\u0131ll\u0131\u011f\u0131na ba\u011f\u0131\u015flan\u011fan aktsiya ba\u015fland\u0131 - \u041c\u0435\u0434\u0436\u043b\u0456\u0441","isPartOf":{"@id":"https:\/\/qtmm.org\/qt\/#website"},"primaryImageOfPage":{"@id":"https:\/\/qtmm.org\/qt\/melitopolde-1987-senesi-qirimtatarlarnin-moskva-vaqialarinin-25-yilligina-bagislangan-aktsiya-baslandi\/#primaryimage"},"image":{"@id":"https:\/\/qtmm.org\/qt\/melitopolde-1987-senesi-qirimtatarlarnin-moskva-vaqialarinin-25-yilligina-bagislangan-aktsiya-baslandi\/#primaryimage"},"thumbnailUrl":"https:\/\/qtmm.org\/wp-content\/uploads\/2022\/01\/4f83440ea71bd.jpeg","datePublished":"2012-04-08T14:45:00+00:00","dateModified":"2022-01-21T14:47:14+00:00","breadcrumb":{"@id":"https:\/\/qtmm.org\/qt\/melitopolde-1987-senesi-qirimtatarlarnin-moskva-vaqialarinin-25-yilligina-bagislangan-aktsiya-baslandi\/#breadcrumb"},"inLanguage":"qt","potentialAction":[{"@type":"ReadAction","target":["https:\/\/qtmm.org\/qt\/melitopolde-1987-senesi-qirimtatarlarnin-moskva-vaqialarinin-25-yilligina-bagislangan-aktsiya-baslandi\/"]}]},{"@type":"ImageObject","inLanguage":"qt","@id":"https:\/\/qtmm.org\/qt\/melitopolde-1987-senesi-qirimtatarlarnin-moskva-vaqialarinin-25-yilligina-bagislangan-aktsiya-baslandi\/#primaryimage","url":"https:\/\/qtmm.org\/wp-content\/uploads\/2022\/01\/4f83440ea71bd.jpeg","contentUrl":"https:\/\/qtmm.org\/wp-content\/uploads\/2022\/01\/4f83440ea71bd.jpeg","width":640,"height":480},{"@type":"BreadcrumbList","@id":"https:\/\/qtmm.org\/qt\/melitopolde-1987-senesi-qirimtatarlarnin-moskva-vaqialarinin-25-yilligina-bagislangan-aktsiya-baslandi\/#breadcrumb","itemListElement":[{"@type":"ListItem","position":1,"name":"\u0413\u043e\u043b\u043e\u0432\u043d\u0430","item":"https:\/\/qtmm.org\/qt\/"},{"@type":"ListItem","position":2,"name":"Melitopolde 1987 senesi q\u0131r\u0131mtatarlarn\u0131\u00f1 Moskva vaqialar\u0131n\u0131\u00f1 25 y\u0131ll\u0131\u011f\u0131na ba\u011f\u0131\u015flan\u011fan aktsiya ba\u015fland\u0131"}]},{"@type":"WebSite","@id":"https:\/\/qtmm.org\/qt\/#website","url":"https:\/\/qtmm.org\/qt\/","name":"\u041c\u0435\u0434\u0436\u043b\u0456\u0441","description":"","publisher":{"@id":"https:\/\/qtmm.org\/qt\/#organization"},"potentialAction":[{"@type":"SearchAction","target":{"@type":"EntryPoint","urlTemplate":"https:\/\/qtmm.org\/qt\/?s={search_term_string}"},"query-input":{"@type":"PropertyValueSpecification","valueRequired":true,"valueName":"search_term_string"}}],"inLanguage":"qt"},{"@type":"Organization","@id":"https:\/\/qtmm.org\/qt\/#organization","name":"\u041c\u0435\u0434\u0436\u043b\u0456\u0441","url":"https:\/\/qtmm.org\/qt\/","logo":{"@type":"ImageObject","inLanguage":"qt","@id":"https:\/\/qtmm.org\/qt\/#\/schema\/logo\/image\/","url":"https:\/\/qtmm.org\/wp-content\/uploads\/2024\/12\/ua-mejlis-logo-rgb.svg","contentUrl":"https:\/\/qtmm.org\/wp-content\/uploads\/2024\/12\/ua-mejlis-logo-rgb.svg","caption":"\u041c\u0435\u0434\u0436\u043b\u0456\u0441"},"image":{"@id":"https:\/\/qtmm.org\/qt\/#\/schema\/logo\/image\/"},"sameAs":["https:\/\/www.facebook.com\/qtmm.info\/"]},{"@type":"Person","@id":"https:\/\/qtmm.org\/qt\/#\/schema\/person\/de562469f971dec226ac06e60bbf74a7","name":"Developer","image":{"@type":"ImageObject","inLanguage":"qt","@id":"https:\/\/secure.gravatar.com\/avatar\/392b4cc8fbfeb00b39dfeeab4ee6edded39ffd48e25858637e4765810300227e?s=96&d=mm&r=g","url":"https:\/\/secure.gravatar.com\/avatar\/392b4cc8fbfeb00b39dfeeab4ee6edded39ffd48e25858637e4765810300227e?s=96&d=mm&r=g","contentUrl":"https:\/\/secure.gravatar.com\/avatar\/392b4cc8fbfeb00b39dfeeab4ee6edded39ffd48e25858637e4765810300227e?s=96&d=mm&r=g","caption":"Developer"},"url":"https:\/\/qtmm.org\/qt\/author\/Developer\/"}]}},"_links":{"self":[{"href":"https:\/\/qtmm.org\/qt\/wp-json\/wp\/v2\/posts\/29768","targetHints":{"allow":["GET"]}}],"collection":[{"href":"https:\/\/qtmm.org\/qt\/wp-json\/wp\/v2\/posts"}],"about":[{"href":"https:\/\/qtmm.org\/qt\/wp-json\/wp\/v2\/types\/post"}],"author":[{"embeddable":true,"href":"https:\/\/qtmm.org\/qt\/wp-json\/wp\/v2\/users\/1"}],"replies":[{"embeddable":true,"href":"https:\/\/qtmm.org\/qt\/wp-json\/wp\/v2\/comments?post=29768"}],"version-history":[{"count":1,"href":"https:\/\/qtmm.org\/qt\/wp-json\/wp\/v2\/posts\/29768\/revisions"}],"predecessor-version":[{"id":29821,"href":"https:\/\/qtmm.org\/qt\/wp-json\/wp\/v2\/posts\/29768\/revisions\/29821"}],"wp:featuredmedia":[{"embeddable":true,"href":"https:\/\/qtmm.org\/qt\/wp-json\/wp\/v2\/media\/29777"}],"wp:attachment":[{"href":"https:\/\/qtmm.org\/qt\/wp-json\/wp\/v2\/media?parent=29768"}],"wp:term":[{"taxonomy":"category","embeddable":true,"href":"https:\/\/qtmm.org\/qt\/wp-json\/wp\/v2\/categories?post=29768"},{"taxonomy":"post_tag","embeddable":true,"href":"https:\/\/qtmm.org\/qt\/wp-json\/wp\/v2\/tags?post=29768"}],"curies":[{"name":"wp","href":"https:\/\/api.w.org\/{rel}","templated":true}]}}