




{"id":29766,"date":"2012-04-06T17:44:00","date_gmt":"2012-04-06T14:44:00","guid":{"rendered":"http:\/\/qtmm.org\/?p=29766"},"modified":"2022-01-21T17:45:20","modified_gmt":"2022-01-21T14:45:20","slug":"mustafa-cemilev-kiyev-patrikligi-ukrain-pravoslav-kilsesinin-qurulmasina-qoltuta","status":"publish","type":"post","link":"https:\/\/qtmm.org\/qt\/mustafa-cemilev-kiyev-patrikligi-ukrain-pravoslav-kilsesinin-qurulmasina-qoltuta\/","title":{"rendered":"Mustafa Cemilev Kiyev Patrikligi Ukrain Pravoslav Kilsesini\u00f1 qurulmas\u0131na qoltuta"},"content":{"rendered":"\n<p>Q\u0131r\u0131mtatar halq\u0131 Meclisini\u00f1 reisi, Ukraina halq deputat\u0131 Mustafa Cemilev Ukraina Yuqar\u0131 Radas\u0131 \u0130nsan aqlar\u0131, milliy azla\u0131qlar ve milletlerara munasebetlerni\u00f1 meseleleri boyunca komiteti Ukraina Prezidenti Viktor Yanukovi\u00e7ke Kiyev Patrikligi Ukrain Pravoslav Kilsesini\u00f1 quruluv\u0131 boyunca muracaat etmek te\u015febb\u00fcsinen \u00e7\u0131qt\u0131.<\/p>\n\n\n\n<p>Aqmescit \u015feerinde Kiyev Patrikligi Ukrain Pravoslav Kilsesini\u00f1 quruc\u0131l\u0131\u011f\u0131 i\u00e7\u00fcn yer ay\u0131r\u0131lmas\u0131nen ba\u011fl\u0131 problemler qayd etilgen Muracaatta denile ki, &#8220;Qurtar\u0131c\u0131 Hristos ibadethanesi&#8221; kilsesini Kiyevskaya soqa\u011f\u0131nda yani Ukrain gimnaziyas\u0131 yan\u0131ndaki yerde qurmaq qararla\u015ft\u0131r\u0131l\u011fan edi. Plan boyunca kilse Q\u0131r\u0131mda Ukrain cemaat\u00e7\u0131l\u0131\u011f\u0131n\u0131\u00f1 diniy merkezi olaca\u011f\u0131 k\u00f6zde tutula.<\/p>\n\n\n\n<p>&#8220;\u0130badethane leyhas\u0131, leyha-smeta vesiqalar\u0131n\u0131\u00f1 az\u0131rlan\u0131lmas\u0131na b\u00fct\u00fcn Ukraina sakinlerinden toplan\u011fan \u00e7oq para sarf etildi, &#8211; denile muracaatta. \u2013 Bu\u00f1a baqmadan 2012 senesi yanvar 16-da Aqmescit \u015feer \u015furas\u0131 topraq damart\u0131s\u0131n\u0131 ay\u0131rmamaq qarar\u0131n\u0131 tasdiqlad\u0131&#8221;.<\/p>\n\n\n\n<p>&#8220;Menfiy qarar, &#8211; devam ete muracaat m\u00fcellifi, komitet reisi, Ukraina halq deputat\u0131 \u00d6leg Zarubinskiy cemaatta q\u0131z\u011f\u0131nl\u0131qn\u0131\u00f1 qoz\u011falmas\u0131na sebep\u00e7i olaraq, Q\u0131r\u0131mda etnik-diniy vaziyetni\u00f1 kerginle\u015fmesine ketire bilir&#8221;.<\/p>\n\n\n\n<p>Ukraina Yuqar\u0131 Radas\u0131 \u0130nsan aqlar\u0131, milliy azl\u0131qlar ve milletlerara munasebetlerni\u00f1 meseleleri boyunca komitet Ukraina Prezidentine Q\u0131r\u0131mdaki Daimiy temsilcisine Kilseler ke\u00f1e\u015fini meydan\u011fa ketirmekni avale etmek ricas\u0131nen muracaatta bulund\u0131.<\/p>\n\n\n\n<p>Mezk\u00fcr ke\u00f1e\u015f konsultativ organ vazifesini eda eterek, milletlerara ve dinlerara davan\u0131\u00f1 \u00f6g\u00fcni almaq, regionda stabillikni saqlamaq o\u011frunda faaliyet k\u00f6sterir.<\/p>\n\n\n\n<p>Aqmescit ve Q\u0131r\u0131m Arhiyepiskop\u0131 Kliment de Aqmescit \u015feer \u015furas\u0131n\u0131\u00f1 kilse quruc\u0131l\u0131\u011f\u0131 i\u00e7\u00fcn yer ay\u0131rmamaq qarar\u0131n\u0131 b\u00f6yle izaatlad\u0131: &#8220;Men Aqmescitte Kiyev Patrikligi Ukrain Pravoslav Kilsesini\u00f1 quruluv\u0131 meselesinde bizge qoltutqan Q\u0131r\u0131mtatar halq\u0131 Meclisini\u00f1 reisi, Ukraina halq deputat\u0131 Mustafa Cemilevge \u011fayet minnetdar\u0131m, &#8211; dey Aqmescit ve Q\u0131r\u0131m Arhiyepiskop\u0131 Kliment. Bizim kilsemiz ve Q\u0131r\u0131m musulmanlar\u0131n\u0131\u00f1 m\u00fcftiligi \u00e7e\u015fit din vekillerini\u00f1 itiyac ve aqlar\u0131na muqaytl\u0131qnen yana\u015f\u0131p, k\u00fcndelik meselelerimizni \u00e7ez\u00fcvde biri-birimizge qoltutam\u0131z, aram\u0131zda eyi ve \u00f6zara i\u015fan\u00e7 munasebetler \u015fekillendi. Q\u0131r\u0131mda B\u00fcy\u00fck Cuma cami quruc\u0131l\u0131\u011f\u0131 i\u00e7\u00fcn yer ay\u0131ruv meselesinde zorluq \u00e7\u0131qqanda Kiyev patrikligi Ukrain pravoslav kilsesini\u00f1 Q\u0131r\u0131m b\u00f6l\u00fcgi q\u0131r\u0131mtatar halq\u0131, musulmanlarn\u0131\u00f1 areketlerine qoltutt\u0131. \u015eimdi ise biz yard\u0131m\u011fa muhtac ol\u011fan\u0131m\u0131zda, q\u0131r\u0131mtatarlar da bizge ellerini uzatt\u0131lar. Mustafa Cemilevni\u00f1 te\u015febb\u00fcsinen devlet yolba\u015f\u00e7\u0131s\u0131na b\u00f6yle kibi muracaatnen \u00e7\u0131q\u0131lmas\u0131 biz i\u00e7\u00fcn b\u00fcy\u00fck maneviy yard\u0131md\u0131r. Bizim kilsemiz de Viktor Yanukovi\u00e7ke muracaat etti. \u00dcm\u00fct etem ki, tez arada bu problem m\u00fcsbet \u00e7ezilir&#8221;.<\/p>\n","protected":false},"excerpt":{"rendered":"<p>Q\u0131r\u0131mtatar halq\u0131 Meclisini\u00f1 reisi, Ukraina halq deputat\u0131 Mustafa Cemilev Ukraina Yuqar\u0131 Radas\u0131 \u0130nsan aqlar\u0131, milliy azla\u0131qlar ve milletlerara munasebetlerni\u00f1 meseleleri boyunca komiteti Ukraina Prezidenti Viktor Yanukovi\u00e7ke Kiyev Patrikligi Ukrain Pravoslav Kilsesini\u00f1 quruluv\u0131 boyunca muracaat etmek te\u015febb\u00fcsinen \u00e7\u0131qt\u0131. Aqmescit \u015feerinde Kiyev Patrikligi Ukrain Pravoslav Kilsesini\u00f1 quruc\u0131l\u0131\u011f\u0131 i\u00e7\u00fcn yer ay\u0131r\u0131lmas\u0131nen ba\u011fl\u0131 problemler qayd etilgen Muracaatta denile ki, [&hellip;]<\/p>\n","protected":false},"author":1,"featured_media":0,"comment_status":"open","ping_status":"open","sticky":false,"template":"","format":"standard","meta":{"inline_featured_image":false,"footnotes":""},"categories":[265],"tags":[],"class_list":["post-29766","post","type-post","status-publish","format-standard","hentry","category-haberler"],"acf":[],"yoast_head":"<!-- This site is optimized with the Yoast SEO plugin v27.4 - https:\/\/yoast.com\/product\/yoast-seo-wordpress\/ -->\n<title>Mustafa Cemilev Kiyev Patrikligi Ukrain Pravoslav Kilsesini\u00f1 qurulmas\u0131na qoltuta - \u041c\u0435\u0434\u0436\u043b\u0456\u0441<\/title>\n<meta name=\"robots\" content=\"index, follow, max-snippet:-1, max-image-preview:large, max-video-preview:-1\" \/>\n<link rel=\"canonical\" href=\"https:\/\/qtmm.org\/qt\/mustafa-cemilev-kiyev-patrikligi-ukrain-pravoslav-kilsesinin-qurulmasina-qoltuta\/\" \/>\n<meta property=\"og:locale\" content=\"en_US\" \/>\n<meta property=\"og:type\" content=\"article\" \/>\n<meta property=\"og:title\" content=\"Mustafa Cemilev Kiyev Patrikligi Ukrain Pravoslav Kilsesini\u00f1 qurulmas\u0131na qoltuta - \u041c\u0435\u0434\u0436\u043b\u0456\u0441\" \/>\n<meta property=\"og:description\" content=\"Q\u0131r\u0131mtatar halq\u0131 Meclisini\u00f1 reisi, Ukraina halq deputat\u0131 Mustafa Cemilev Ukraina Yuqar\u0131 Radas\u0131 \u0130nsan aqlar\u0131, milliy azla\u0131qlar ve milletlerara munasebetlerni\u00f1 meseleleri boyunca komiteti Ukraina Prezidenti Viktor Yanukovi\u00e7ke Kiyev Patrikligi Ukrain Pravoslav Kilsesini\u00f1 quruluv\u0131 boyunca muracaat etmek te\u015febb\u00fcsinen \u00e7\u0131qt\u0131. Aqmescit \u015feerinde Kiyev Patrikligi Ukrain Pravoslav Kilsesini\u00f1 quruc\u0131l\u0131\u011f\u0131 i\u00e7\u00fcn yer ay\u0131r\u0131lmas\u0131nen ba\u011fl\u0131 problemler qayd etilgen Muracaatta denile ki, [&hellip;]\" \/>\n<meta property=\"og:url\" content=\"https:\/\/qtmm.org\/qt\/mustafa-cemilev-kiyev-patrikligi-ukrain-pravoslav-kilsesinin-qurulmasina-qoltuta\/\" \/>\n<meta property=\"og:site_name\" content=\"\u041c\u0435\u0434\u0436\u043b\u0456\u0441\" \/>\n<meta property=\"article:publisher\" content=\"https:\/\/www.facebook.com\/qtmm.info\/\" \/>\n<meta property=\"article:published_time\" content=\"2012-04-06T14:44:00+00:00\" \/>\n<meta property=\"article:modified_time\" content=\"2022-01-21T14:45:20+00:00\" \/>\n<meta name=\"author\" content=\"Developer\" \/>\n<meta name=\"twitter:card\" content=\"summary_large_image\" \/>\n<meta name=\"twitter:label1\" content=\"Written by\" \/>\n\t<meta name=\"twitter:data1\" content=\"Developer\" \/>\n\t<meta name=\"twitter:label2\" content=\"Est. reading time\" \/>\n\t<meta name=\"twitter:data2\" content=\"2 minutes\" \/>\n<script type=\"application\/ld+json\" class=\"yoast-schema-graph\">{\"@context\":\"https:\\\/\\\/schema.org\",\"@graph\":[{\"@type\":\"Article\",\"@id\":\"https:\\\/\\\/qtmm.org\\\/qt\\\/mustafa-cemilev-kiyev-patrikligi-ukrain-pravoslav-kilsesinin-qurulmasina-qoltuta\\\/#article\",\"isPartOf\":{\"@id\":\"https:\\\/\\\/qtmm.org\\\/qt\\\/mustafa-cemilev-kiyev-patrikligi-ukrain-pravoslav-kilsesinin-qurulmasina-qoltuta\\\/\"},\"author\":{\"name\":\"Developer\",\"@id\":\"https:\\\/\\\/qtmm.org\\\/qt\\\/#\\\/schema\\\/person\\\/de562469f971dec226ac06e60bbf74a7\"},\"headline\":\"Mustafa Cemilev Kiyev Patrikligi Ukrain Pravoslav Kilsesini\u00f1 qurulmas\u0131na qoltuta\",\"datePublished\":\"2012-04-06T14:44:00+00:00\",\"dateModified\":\"2022-01-21T14:45:20+00:00\",\"mainEntityOfPage\":{\"@id\":\"https:\\\/\\\/qtmm.org\\\/qt\\\/mustafa-cemilev-kiyev-patrikligi-ukrain-pravoslav-kilsesinin-qurulmasina-qoltuta\\\/\"},\"wordCount\":445,\"commentCount\":0,\"publisher\":{\"@id\":\"https:\\\/\\\/qtmm.org\\\/qt\\\/#organization\"},\"articleSection\":[\"Haberler\"],\"inLanguage\":\"qt\",\"potentialAction\":[{\"@type\":\"CommentAction\",\"name\":\"Comment\",\"target\":[\"https:\\\/\\\/qtmm.org\\\/qt\\\/mustafa-cemilev-kiyev-patrikligi-ukrain-pravoslav-kilsesinin-qurulmasina-qoltuta\\\/#respond\"]}]},{\"@type\":\"WebPage\",\"@id\":\"https:\\\/\\\/qtmm.org\\\/qt\\\/mustafa-cemilev-kiyev-patrikligi-ukrain-pravoslav-kilsesinin-qurulmasina-qoltuta\\\/\",\"url\":\"https:\\\/\\\/qtmm.org\\\/qt\\\/mustafa-cemilev-kiyev-patrikligi-ukrain-pravoslav-kilsesinin-qurulmasina-qoltuta\\\/\",\"name\":\"Mustafa Cemilev Kiyev Patrikligi Ukrain Pravoslav Kilsesini\u00f1 qurulmas\u0131na qoltuta - \u041c\u0435\u0434\u0436\u043b\u0456\u0441\",\"isPartOf\":{\"@id\":\"https:\\\/\\\/qtmm.org\\\/qt\\\/#website\"},\"datePublished\":\"2012-04-06T14:44:00+00:00\",\"dateModified\":\"2022-01-21T14:45:20+00:00\",\"breadcrumb\":{\"@id\":\"https:\\\/\\\/qtmm.org\\\/qt\\\/mustafa-cemilev-kiyev-patrikligi-ukrain-pravoslav-kilsesinin-qurulmasina-qoltuta\\\/#breadcrumb\"},\"inLanguage\":\"qt\",\"potentialAction\":[{\"@type\":\"ReadAction\",\"target\":[\"https:\\\/\\\/qtmm.org\\\/qt\\\/mustafa-cemilev-kiyev-patrikligi-ukrain-pravoslav-kilsesinin-qurulmasina-qoltuta\\\/\"]}]},{\"@type\":\"BreadcrumbList\",\"@id\":\"https:\\\/\\\/qtmm.org\\\/qt\\\/mustafa-cemilev-kiyev-patrikligi-ukrain-pravoslav-kilsesinin-qurulmasina-qoltuta\\\/#breadcrumb\",\"itemListElement\":[{\"@type\":\"ListItem\",\"position\":1,\"name\":\"\u0413\u043e\u043b\u043e\u0432\u043d\u0430\",\"item\":\"https:\\\/\\\/qtmm.org\\\/qt\\\/\"},{\"@type\":\"ListItem\",\"position\":2,\"name\":\"Mustafa Cemilev Kiyev Patrikligi Ukrain Pravoslav Kilsesini\u00f1 qurulmas\u0131na qoltuta\"}]},{\"@type\":\"WebSite\",\"@id\":\"https:\\\/\\\/qtmm.org\\\/qt\\\/#website\",\"url\":\"https:\\\/\\\/qtmm.org\\\/qt\\\/\",\"name\":\"\u041c\u0435\u0434\u0436\u043b\u0456\u0441\",\"description\":\"\",\"publisher\":{\"@id\":\"https:\\\/\\\/qtmm.org\\\/qt\\\/#organization\"},\"potentialAction\":[{\"@type\":\"SearchAction\",\"target\":{\"@type\":\"EntryPoint\",\"urlTemplate\":\"https:\\\/\\\/qtmm.org\\\/qt\\\/?s={search_term_string}\"},\"query-input\":{\"@type\":\"PropertyValueSpecification\",\"valueRequired\":true,\"valueName\":\"search_term_string\"}}],\"inLanguage\":\"qt\"},{\"@type\":\"Organization\",\"@id\":\"https:\\\/\\\/qtmm.org\\\/qt\\\/#organization\",\"name\":\"\u041c\u0435\u0434\u0436\u043b\u0456\u0441\",\"url\":\"https:\\\/\\\/qtmm.org\\\/qt\\\/\",\"logo\":{\"@type\":\"ImageObject\",\"inLanguage\":\"qt\",\"@id\":\"https:\\\/\\\/qtmm.org\\\/qt\\\/#\\\/schema\\\/logo\\\/image\\\/\",\"url\":\"https:\\\/\\\/qtmm.org\\\/wp-content\\\/uploads\\\/2024\\\/12\\\/ua-mejlis-logo-rgb.svg\",\"contentUrl\":\"https:\\\/\\\/qtmm.org\\\/wp-content\\\/uploads\\\/2024\\\/12\\\/ua-mejlis-logo-rgb.svg\",\"caption\":\"\u041c\u0435\u0434\u0436\u043b\u0456\u0441\"},\"image\":{\"@id\":\"https:\\\/\\\/qtmm.org\\\/qt\\\/#\\\/schema\\\/logo\\\/image\\\/\"},\"sameAs\":[\"https:\\\/\\\/www.facebook.com\\\/qtmm.info\\\/\"]},{\"@type\":\"Person\",\"@id\":\"https:\\\/\\\/qtmm.org\\\/qt\\\/#\\\/schema\\\/person\\\/de562469f971dec226ac06e60bbf74a7\",\"name\":\"Developer\",\"image\":{\"@type\":\"ImageObject\",\"inLanguage\":\"qt\",\"@id\":\"https:\\\/\\\/secure.gravatar.com\\\/avatar\\\/392b4cc8fbfeb00b39dfeeab4ee6edded39ffd48e25858637e4765810300227e?s=96&d=mm&r=g\",\"url\":\"https:\\\/\\\/secure.gravatar.com\\\/avatar\\\/392b4cc8fbfeb00b39dfeeab4ee6edded39ffd48e25858637e4765810300227e?s=96&d=mm&r=g\",\"contentUrl\":\"https:\\\/\\\/secure.gravatar.com\\\/avatar\\\/392b4cc8fbfeb00b39dfeeab4ee6edded39ffd48e25858637e4765810300227e?s=96&d=mm&r=g\",\"caption\":\"Developer\"},\"url\":\"https:\\\/\\\/qtmm.org\\\/qt\\\/author\\\/Developer\\\/\"}]}<\/script>\n<!-- \/ Yoast SEO plugin. -->","yoast_head_json":{"title":"Mustafa Cemilev Kiyev Patrikligi Ukrain Pravoslav Kilsesini\u00f1 qurulmas\u0131na qoltuta - \u041c\u0435\u0434\u0436\u043b\u0456\u0441","robots":{"index":"index","follow":"follow","max-snippet":"max-snippet:-1","max-image-preview":"max-image-preview:large","max-video-preview":"max-video-preview:-1"},"canonical":"https:\/\/qtmm.org\/qt\/mustafa-cemilev-kiyev-patrikligi-ukrain-pravoslav-kilsesinin-qurulmasina-qoltuta\/","og_locale":"en_US","og_type":"article","og_title":"Mustafa Cemilev Kiyev Patrikligi Ukrain Pravoslav Kilsesini\u00f1 qurulmas\u0131na qoltuta - \u041c\u0435\u0434\u0436\u043b\u0456\u0441","og_description":"Q\u0131r\u0131mtatar halq\u0131 Meclisini\u00f1 reisi, Ukraina halq deputat\u0131 Mustafa Cemilev Ukraina Yuqar\u0131 Radas\u0131 \u0130nsan aqlar\u0131, milliy azla\u0131qlar ve milletlerara munasebetlerni\u00f1 meseleleri boyunca komiteti Ukraina Prezidenti Viktor Yanukovi\u00e7ke Kiyev Patrikligi Ukrain Pravoslav Kilsesini\u00f1 quruluv\u0131 boyunca muracaat etmek te\u015febb\u00fcsinen \u00e7\u0131qt\u0131. Aqmescit \u015feerinde Kiyev Patrikligi Ukrain Pravoslav Kilsesini\u00f1 quruc\u0131l\u0131\u011f\u0131 i\u00e7\u00fcn yer ay\u0131r\u0131lmas\u0131nen ba\u011fl\u0131 problemler qayd etilgen Muracaatta denile ki, [&hellip;]","og_url":"https:\/\/qtmm.org\/qt\/mustafa-cemilev-kiyev-patrikligi-ukrain-pravoslav-kilsesinin-qurulmasina-qoltuta\/","og_site_name":"\u041c\u0435\u0434\u0436\u043b\u0456\u0441","article_publisher":"https:\/\/www.facebook.com\/qtmm.info\/","article_published_time":"2012-04-06T14:44:00+00:00","article_modified_time":"2022-01-21T14:45:20+00:00","author":"Developer","twitter_card":"summary_large_image","twitter_misc":{"Written by":"Developer","Est. reading time":"2 minutes"},"schema":{"@context":"https:\/\/schema.org","@graph":[{"@type":"Article","@id":"https:\/\/qtmm.org\/qt\/mustafa-cemilev-kiyev-patrikligi-ukrain-pravoslav-kilsesinin-qurulmasina-qoltuta\/#article","isPartOf":{"@id":"https:\/\/qtmm.org\/qt\/mustafa-cemilev-kiyev-patrikligi-ukrain-pravoslav-kilsesinin-qurulmasina-qoltuta\/"},"author":{"name":"Developer","@id":"https:\/\/qtmm.org\/qt\/#\/schema\/person\/de562469f971dec226ac06e60bbf74a7"},"headline":"Mustafa Cemilev Kiyev Patrikligi Ukrain Pravoslav Kilsesini\u00f1 qurulmas\u0131na qoltuta","datePublished":"2012-04-06T14:44:00+00:00","dateModified":"2022-01-21T14:45:20+00:00","mainEntityOfPage":{"@id":"https:\/\/qtmm.org\/qt\/mustafa-cemilev-kiyev-patrikligi-ukrain-pravoslav-kilsesinin-qurulmasina-qoltuta\/"},"wordCount":445,"commentCount":0,"publisher":{"@id":"https:\/\/qtmm.org\/qt\/#organization"},"articleSection":["Haberler"],"inLanguage":"qt","potentialAction":[{"@type":"CommentAction","name":"Comment","target":["https:\/\/qtmm.org\/qt\/mustafa-cemilev-kiyev-patrikligi-ukrain-pravoslav-kilsesinin-qurulmasina-qoltuta\/#respond"]}]},{"@type":"WebPage","@id":"https:\/\/qtmm.org\/qt\/mustafa-cemilev-kiyev-patrikligi-ukrain-pravoslav-kilsesinin-qurulmasina-qoltuta\/","url":"https:\/\/qtmm.org\/qt\/mustafa-cemilev-kiyev-patrikligi-ukrain-pravoslav-kilsesinin-qurulmasina-qoltuta\/","name":"Mustafa Cemilev Kiyev Patrikligi Ukrain Pravoslav Kilsesini\u00f1 qurulmas\u0131na qoltuta - \u041c\u0435\u0434\u0436\u043b\u0456\u0441","isPartOf":{"@id":"https:\/\/qtmm.org\/qt\/#website"},"datePublished":"2012-04-06T14:44:00+00:00","dateModified":"2022-01-21T14:45:20+00:00","breadcrumb":{"@id":"https:\/\/qtmm.org\/qt\/mustafa-cemilev-kiyev-patrikligi-ukrain-pravoslav-kilsesinin-qurulmasina-qoltuta\/#breadcrumb"},"inLanguage":"qt","potentialAction":[{"@type":"ReadAction","target":["https:\/\/qtmm.org\/qt\/mustafa-cemilev-kiyev-patrikligi-ukrain-pravoslav-kilsesinin-qurulmasina-qoltuta\/"]}]},{"@type":"BreadcrumbList","@id":"https:\/\/qtmm.org\/qt\/mustafa-cemilev-kiyev-patrikligi-ukrain-pravoslav-kilsesinin-qurulmasina-qoltuta\/#breadcrumb","itemListElement":[{"@type":"ListItem","position":1,"name":"\u0413\u043e\u043b\u043e\u0432\u043d\u0430","item":"https:\/\/qtmm.org\/qt\/"},{"@type":"ListItem","position":2,"name":"Mustafa Cemilev Kiyev Patrikligi Ukrain Pravoslav Kilsesini\u00f1 qurulmas\u0131na qoltuta"}]},{"@type":"WebSite","@id":"https:\/\/qtmm.org\/qt\/#website","url":"https:\/\/qtmm.org\/qt\/","name":"\u041c\u0435\u0434\u0436\u043b\u0456\u0441","description":"","publisher":{"@id":"https:\/\/qtmm.org\/qt\/#organization"},"potentialAction":[{"@type":"SearchAction","target":{"@type":"EntryPoint","urlTemplate":"https:\/\/qtmm.org\/qt\/?s={search_term_string}"},"query-input":{"@type":"PropertyValueSpecification","valueRequired":true,"valueName":"search_term_string"}}],"inLanguage":"qt"},{"@type":"Organization","@id":"https:\/\/qtmm.org\/qt\/#organization","name":"\u041c\u0435\u0434\u0436\u043b\u0456\u0441","url":"https:\/\/qtmm.org\/qt\/","logo":{"@type":"ImageObject","inLanguage":"qt","@id":"https:\/\/qtmm.org\/qt\/#\/schema\/logo\/image\/","url":"https:\/\/qtmm.org\/wp-content\/uploads\/2024\/12\/ua-mejlis-logo-rgb.svg","contentUrl":"https:\/\/qtmm.org\/wp-content\/uploads\/2024\/12\/ua-mejlis-logo-rgb.svg","caption":"\u041c\u0435\u0434\u0436\u043b\u0456\u0441"},"image":{"@id":"https:\/\/qtmm.org\/qt\/#\/schema\/logo\/image\/"},"sameAs":["https:\/\/www.facebook.com\/qtmm.info\/"]},{"@type":"Person","@id":"https:\/\/qtmm.org\/qt\/#\/schema\/person\/de562469f971dec226ac06e60bbf74a7","name":"Developer","image":{"@type":"ImageObject","inLanguage":"qt","@id":"https:\/\/secure.gravatar.com\/avatar\/392b4cc8fbfeb00b39dfeeab4ee6edded39ffd48e25858637e4765810300227e?s=96&d=mm&r=g","url":"https:\/\/secure.gravatar.com\/avatar\/392b4cc8fbfeb00b39dfeeab4ee6edded39ffd48e25858637e4765810300227e?s=96&d=mm&r=g","contentUrl":"https:\/\/secure.gravatar.com\/avatar\/392b4cc8fbfeb00b39dfeeab4ee6edded39ffd48e25858637e4765810300227e?s=96&d=mm&r=g","caption":"Developer"},"url":"https:\/\/qtmm.org\/qt\/author\/Developer\/"}]}},"_links":{"self":[{"href":"https:\/\/qtmm.org\/qt\/wp-json\/wp\/v2\/posts\/29766","targetHints":{"allow":["GET"]}}],"collection":[{"href":"https:\/\/qtmm.org\/qt\/wp-json\/wp\/v2\/posts"}],"about":[{"href":"https:\/\/qtmm.org\/qt\/wp-json\/wp\/v2\/types\/post"}],"author":[{"embeddable":true,"href":"https:\/\/qtmm.org\/qt\/wp-json\/wp\/v2\/users\/1"}],"replies":[{"embeddable":true,"href":"https:\/\/qtmm.org\/qt\/wp-json\/wp\/v2\/comments?post=29766"}],"version-history":[{"count":1,"href":"https:\/\/qtmm.org\/qt\/wp-json\/wp\/v2\/posts\/29766\/revisions"}],"predecessor-version":[{"id":29767,"href":"https:\/\/qtmm.org\/qt\/wp-json\/wp\/v2\/posts\/29766\/revisions\/29767"}],"wp:attachment":[{"href":"https:\/\/qtmm.org\/qt\/wp-json\/wp\/v2\/media?parent=29766"}],"wp:term":[{"taxonomy":"category","embeddable":true,"href":"https:\/\/qtmm.org\/qt\/wp-json\/wp\/v2\/categories?post=29766"},{"taxonomy":"post_tag","embeddable":true,"href":"https:\/\/qtmm.org\/qt\/wp-json\/wp\/v2\/tags?post=29766"}],"curies":[{"name":"wp","href":"https:\/\/api.w.org\/{rel}","templated":true}]}}