




{"id":29752,"date":"2012-04-05T17:43:00","date_gmt":"2012-04-05T14:43:00","guid":{"rendered":"http:\/\/qtmm.org\/?p=29752"},"modified":"2022-01-21T17:44:41","modified_gmt":"2022-01-21T14:44:41","slug":"surgunlik-qurbanlarinin-hatira-kunu-tedbirlerini-azirlav-ve-keciruv-boyunca-komitetnin-toplasuvi","status":"publish","type":"post","link":"https:\/\/qtmm.org\/qt\/surgunlik-qurbanlarinin-hatira-kunu-tedbirlerini-azirlav-ve-keciruv-boyunca-komitetnin-toplasuvi\/","title":{"rendered":"S\u00fcrg\u00fcnlik qurbanlar\u0131n\u0131\u00f1 hat\u0131ra k\u00fcn\u00fc tedbirlerini az\u0131rlav ve ke\u00e7ir\u00fcv boyunca komitetni\u00f1 topla\u015fuv\u0131"},"content":{"rendered":"\n<p>Q\u0131r\u0131m Muhtar Cumhuriyeti Nazirler \u015euras\u0131n\u0131\u00f1 2012 senesi fevral 28-de qabul etilgen &#8220;Q\u0131r\u0131mdan s\u00fcrg\u00fcn etil\u00fcv qurbanlar\u0131n\u0131\u00f1 hat\u0131ra k\u00fcn\u00fc tedbirleri aqq\u0131nda&#8221; \u2116 102-r qarar\u0131na muvaf\u0131q 2012 senesi aprel 4 k\u00fcn\u00fc Q\u0131r\u0131m Nazirler \u015euras\u0131nda Q\u0131r\u0131mdan s\u00fcrg\u00fcn etil\u00fcv qurbanlar\u0131n\u0131\u00f1 hat\u0131ra k\u00fcn\u00fcne tedbirlerni az\u0131rlav ve ke\u00e7ir\u00fcv boyunca te\u015fkiliy komitetni\u00f1 birinci topla\u015fuv\u0131 \u00f6tkerildi.<\/p>\n\n\n\n<p>Topla\u015fuvn\u0131 Q\u0131r\u0131m Muhtar Cumhuriyeti Nazirler \u015euras\u0131 reisini\u00f1 muavini, Te\u015fkiliy komitet reisini\u00f1 muavini Aziz Abdullayev al\u0131p bard\u0131.<\/p>\n\n\n\n<p>Q\u0131r\u0131mtatar halq\u0131 Meclisini\u00f1 reisi, Ukraina halq deputat\u0131 Mustafa Cemilev, on\u0131\u00f1 birinci muavini, Meclis K\u00e2tibiyetini\u00f1 ba\u015f\u0131 Zair Smedl\u00e2yev, QMPU rektor\u0131, professor Fevzi Yaqubov ve komitetni\u00f1 diger azalar\u0131 i\u015ftirakinde ke\u00e7ken topla\u015fuvda bir s\u0131ra cumhuriyet nazirlikleri ve idareler yolba\u015f\u00e7\u0131lar\u0131n\u0131\u00f1 S\u00fcrg\u00fcnlik qurbanlar\u0131n\u0131\u00f1 hat\u0131ra k\u00fcn\u00fc tedbirlerini az\u0131rlav ve ke\u00e7ir\u00fcv boyunca yapqan i\u015fleri aqq\u0131nda esabatlar\u0131 di\u00f1lenildi.<\/p>\n\n\n\n<p>C\u00fcmleden Cumhuriyet \u0130nformatsiya komiteti reisini\u00f1 birinci muavini \u015eevket Memetov ve Cumhuriyet Milletler komitetini\u00f1 reisi Edem Dudakov QMC icra organlar\u0131n\u0131\u00f1 bu saadaki faaliyetlerini teminlev ve matbuatta ayd\u0131nlatuv aqq\u0131nda bildirdiler. &#8220;S\u00fcrg\u00fcnlik qurbanlar\u0131n\u0131\u00f1 hat\u0131ra k\u00fcn\u00fcne bir s\u0131ra televizion yay\u0131nlar ve bun\u0131\u00f1 kibi de 2012 senesi may\u0131s 17-18 hat\u0131ra tedbirlerini canl\u0131 \u015fekilde ayd\u0131nlatmaq planla\u015ft\u0131r\u0131la&#8221;, &#8211; dedi \u015eevket Memetov.<\/p>\n\n\n\n<p>Edem Dudakovn\u0131\u00f1 bildirgenine k\u00f6re, tedbirler plan\u0131 \u00e7er\u00e7ivesinde q\u0131r\u0131mtatar halq\u0131 s\u00fcrg\u00fcnligini\u00f1 qurbanlar\u0131 hat\u0131ras\u0131na rekviyem aq\u015fam\u0131, &#8220;Qalbi\u00f1de ate\u015f yaq&#8221; gen\u00e7ler aktsiyas\u0131, Q\u0131r\u0131mtatar teatrinde edebiy-bediiy programma ke\u00e7irilecek.<\/p>\n\n\n\n<p>&#8220;1944 senesi may\u0131s 18 s\u00fcrg\u00fcnligi ve on y\u0131llar devam\u0131nda \u011furbet ilde ya\u015famaq zoruna qal\u011fan q\u0131r\u0131mtatar halq\u0131 qurbanlar\u0131n\u0131\u00f1 hat\u0131ras\u0131na Q\u0131r\u0131mtatar halq\u0131 Meclisi ile birlikte B\u00fct\u00fcnq\u0131r\u0131m matem mitingini ke\u00e7ir\u00fcvni\u00f1 tafsil\u00e2tl\u0131 plan\u0131 az\u0131rlanacaq&#8221;, &#8211; dedi Q\u0131r\u0131m Muhtar Cumhuriyeti Nazirler \u015euras\u0131 reisini\u00f1 muavini, Te\u015fkiliy komitet reisini\u00f1 muavini Aziz Abdullayev.<\/p>\n\n\n\n<p>Topla\u015fuvn\u0131\u00f1 i\u015ftirak\u00e7ileri bun\u0131\u00f1 kibi de k\u00fctleviy tedbirler ke\u00e7irilgen yerlerde tertip-nizam\u011fa riayet etilmesi ve B\u00fct\u00fcnq\u0131r\u0131m matem mitingi i\u015ftirak\u00e7ileri y\u00fcrgen yollarda havfs\u0131zl\u0131qn\u0131 teminlev zarurl\u0131\u011f\u0131n\u0131 qayd ettiler.<\/p>\n\n\n\n<figure class=\"wp-block-image size-full\"><img loading=\"lazy\" decoding=\"async\" width=\"800\" height=\"600\" src=\"http:\/\/qtmm.org\/wp-content\/uploads\/2022\/01\/img_0303-1.jpeg\" alt=\"\" class=\"wp-image-29757\" srcset=\"https:\/\/qtmm.org\/wp-content\/uploads\/2022\/01\/img_0303-1.jpeg 800w, https:\/\/qtmm.org\/wp-content\/uploads\/2022\/01\/img_0303-1-300x225.jpeg 300w, https:\/\/qtmm.org\/wp-content\/uploads\/2022\/01\/img_0303-1-768x576.jpeg 768w\" sizes=\"auto, (max-width: 800px) 100vw, 800px\" \/><\/figure>\n\n\n\n<p>Hat\u0131ra tedbirleri plan\u0131n\u0131 muzakere et\u00fcv devam\u0131nda Q\u0131r\u0131mtatar halq\u0131 Meclisini\u00f1 reisi, Ukraina halq deputat\u0131 Mustafa Cemilev Ukraina Prezidenti ve Ukraina Yuqar\u0131 \u015euras\u0131 ad\u0131na &#8220;S\u00fcrg\u00fcnlik qurbanlar\u0131n\u0131\u00f1 hat\u0131ra k\u00fcn\u00fc tedbirlerini az\u0131rlav ve ke\u00e7ir\u00fcv boyunca komitetni\u00f1 muracaat\u0131&#8221;n\u0131 az\u0131rlap, 2012 senesi may\u0131s 18-ge qadar &#8220;Milliy mens\u00fcpligi boyunca s\u00fcrg\u00fcn etilgen \u015fah\u0131slarn\u0131\u00f1 uquqlar\u0131n\u0131 \u011fayr\u0131dan tiklev aqq\u0131nda&#8221; Qanunn\u0131\u00f1 leyhas\u0131 baq\u0131lmas\u0131n\u0131 talap etmekni teklif etti.<\/p>\n\n\n\n<p>Te\u015fkiliy komitet azalar\u0131 Meclis reisini\u00f1 teklifine qoltut\u0131p, mezk\u00fcr Muracaat Q\u0131r\u0131mdan s\u00fcrg\u00fcn etil\u00fcv qurbanlar\u0131n\u0131\u00f1 hat\u0131ra k\u00fcn\u00fcne tedbirlerni az\u0131rlav ve ke\u00e7ir\u00fcv boyunca te\u015fkiliy komitetni\u00f1 reisi Q\u0131r\u0131m Nazirler \u015euras\u0131n\u0131\u00f1 reisi Anatoliy Mogil\u00f6v taraf\u0131ndan imzalanmaq kerekligini qayd ettiler.<\/p>\n\n\n\n<figure class=\"wp-block-image size-full\"><img loading=\"lazy\" decoding=\"async\" width=\"800\" height=\"600\" src=\"http:\/\/qtmm.org\/wp-content\/uploads\/2022\/01\/img_0305-1.jpeg\" alt=\"\" class=\"wp-image-29761\" srcset=\"https:\/\/qtmm.org\/wp-content\/uploads\/2022\/01\/img_0305-1.jpeg 800w, https:\/\/qtmm.org\/wp-content\/uploads\/2022\/01\/img_0305-1-300x225.jpeg 300w, https:\/\/qtmm.org\/wp-content\/uploads\/2022\/01\/img_0305-1-768x576.jpeg 768w\" sizes=\"auto, (max-width: 800px) 100vw, 800px\" \/><\/figure>\n","protected":false},"excerpt":{"rendered":"<p>Q\u0131r\u0131m Muhtar Cumhuriyeti Nazirler \u015euras\u0131n\u0131\u00f1 2012 senesi fevral 28-de qabul etilgen &#8220;Q\u0131r\u0131mdan s\u00fcrg\u00fcn etil\u00fcv qurbanlar\u0131n\u0131\u00f1 hat\u0131ra k\u00fcn\u00fc tedbirleri aqq\u0131nda&#8221; \u2116 102-r qarar\u0131na muvaf\u0131q 2012 senesi aprel 4 k\u00fcn\u00fc Q\u0131r\u0131m Nazirler \u015euras\u0131nda Q\u0131r\u0131mdan s\u00fcrg\u00fcn etil\u00fcv qurbanlar\u0131n\u0131\u00f1 hat\u0131ra k\u00fcn\u00fcne tedbirlerni az\u0131rlav ve ke\u00e7ir\u00fcv boyunca te\u015fkiliy komitetni\u00f1 birinci topla\u015fuv\u0131 \u00f6tkerildi. Topla\u015fuvn\u0131 Q\u0131r\u0131m Muhtar Cumhuriyeti Nazirler \u015euras\u0131 reisini\u00f1 muavini, [&hellip;]<\/p>\n","protected":false},"author":1,"featured_media":29753,"comment_status":"open","ping_status":"open","sticky":false,"template":"","format":"standard","meta":{"inline_featured_image":false,"footnotes":""},"categories":[265],"tags":[],"class_list":["post-29752","post","type-post","status-publish","format-standard","has-post-thumbnail","hentry","category-haberler"],"acf":[],"yoast_head":"<!-- This site is optimized with the Yoast SEO plugin v27.4 - https:\/\/yoast.com\/product\/yoast-seo-wordpress\/ -->\n<title>S\u00fcrg\u00fcnlik qurbanlar\u0131n\u0131\u00f1 hat\u0131ra k\u00fcn\u00fc tedbirlerini az\u0131rlav ve ke\u00e7ir\u00fcv boyunca komitetni\u00f1 topla\u015fuv\u0131 - \u041c\u0435\u0434\u0436\u043b\u0456\u0441<\/title>\n<meta name=\"robots\" content=\"index, follow, max-snippet:-1, max-image-preview:large, max-video-preview:-1\" \/>\n<link rel=\"canonical\" href=\"https:\/\/qtmm.org\/qt\/surgunlik-qurbanlarinin-hatira-kunu-tedbirlerini-azirlav-ve-keciruv-boyunca-komitetnin-toplasuvi\/\" \/>\n<meta property=\"og:locale\" content=\"en_US\" \/>\n<meta property=\"og:type\" content=\"article\" \/>\n<meta property=\"og:title\" content=\"S\u00fcrg\u00fcnlik qurbanlar\u0131n\u0131\u00f1 hat\u0131ra k\u00fcn\u00fc tedbirlerini az\u0131rlav ve ke\u00e7ir\u00fcv boyunca komitetni\u00f1 topla\u015fuv\u0131 - \u041c\u0435\u0434\u0436\u043b\u0456\u0441\" \/>\n<meta property=\"og:description\" content=\"Q\u0131r\u0131m Muhtar Cumhuriyeti Nazirler \u015euras\u0131n\u0131\u00f1 2012 senesi fevral 28-de qabul etilgen &#8220;Q\u0131r\u0131mdan s\u00fcrg\u00fcn etil\u00fcv qurbanlar\u0131n\u0131\u00f1 hat\u0131ra k\u00fcn\u00fc tedbirleri aqq\u0131nda&#8221; \u2116 102-r qarar\u0131na muvaf\u0131q 2012 senesi aprel 4 k\u00fcn\u00fc Q\u0131r\u0131m Nazirler \u015euras\u0131nda Q\u0131r\u0131mdan s\u00fcrg\u00fcn etil\u00fcv qurbanlar\u0131n\u0131\u00f1 hat\u0131ra k\u00fcn\u00fcne tedbirlerni az\u0131rlav ve ke\u00e7ir\u00fcv boyunca te\u015fkiliy komitetni\u00f1 birinci topla\u015fuv\u0131 \u00f6tkerildi. Topla\u015fuvn\u0131 Q\u0131r\u0131m Muhtar Cumhuriyeti Nazirler \u015euras\u0131 reisini\u00f1 muavini, [&hellip;]\" \/>\n<meta property=\"og:url\" content=\"https:\/\/qtmm.org\/qt\/surgunlik-qurbanlarinin-hatira-kunu-tedbirlerini-azirlav-ve-keciruv-boyunca-komitetnin-toplasuvi\/\" \/>\n<meta property=\"og:site_name\" content=\"\u041c\u0435\u0434\u0436\u043b\u0456\u0441\" \/>\n<meta property=\"article:publisher\" content=\"https:\/\/www.facebook.com\/qtmm.info\/\" \/>\n<meta property=\"article:published_time\" content=\"2012-04-05T14:43:00+00:00\" \/>\n<meta property=\"article:modified_time\" content=\"2022-01-21T14:44:41+00:00\" \/>\n<meta property=\"og:image\" content=\"https:\/\/qtmm.org\/wp-content\/uploads\/2022\/01\/img_0299-1.jpeg\" \/>\n\t<meta property=\"og:image:width\" content=\"800\" \/>\n\t<meta property=\"og:image:height\" content=\"600\" \/>\n\t<meta property=\"og:image:type\" content=\"image\/jpeg\" \/>\n<meta name=\"author\" content=\"Developer\" \/>\n<meta name=\"twitter:card\" content=\"summary_large_image\" \/>\n<meta name=\"twitter:label1\" content=\"Written by\" \/>\n\t<meta name=\"twitter:data1\" content=\"Developer\" \/>\n\t<meta name=\"twitter:label2\" content=\"Est. reading time\" \/>\n\t<meta name=\"twitter:data2\" content=\"3 minutes\" \/>\n<script type=\"application\/ld+json\" class=\"yoast-schema-graph\">{\"@context\":\"https:\\\/\\\/schema.org\",\"@graph\":[{\"@type\":\"Article\",\"@id\":\"https:\\\/\\\/qtmm.org\\\/qt\\\/surgunlik-qurbanlarinin-hatira-kunu-tedbirlerini-azirlav-ve-keciruv-boyunca-komitetnin-toplasuvi\\\/#article\",\"isPartOf\":{\"@id\":\"https:\\\/\\\/qtmm.org\\\/qt\\\/surgunlik-qurbanlarinin-hatira-kunu-tedbirlerini-azirlav-ve-keciruv-boyunca-komitetnin-toplasuvi\\\/\"},\"author\":{\"name\":\"Developer\",\"@id\":\"https:\\\/\\\/qtmm.org\\\/qt\\\/#\\\/schema\\\/person\\\/de562469f971dec226ac06e60bbf74a7\"},\"headline\":\"S\u00fcrg\u00fcnlik qurbanlar\u0131n\u0131\u00f1 hat\u0131ra k\u00fcn\u00fc tedbirlerini az\u0131rlav ve ke\u00e7ir\u00fcv boyunca komitetni\u00f1 topla\u015fuv\u0131\",\"datePublished\":\"2012-04-05T14:43:00+00:00\",\"dateModified\":\"2022-01-21T14:44:41+00:00\",\"mainEntityOfPage\":{\"@id\":\"https:\\\/\\\/qtmm.org\\\/qt\\\/surgunlik-qurbanlarinin-hatira-kunu-tedbirlerini-azirlav-ve-keciruv-boyunca-komitetnin-toplasuvi\\\/\"},\"wordCount\":541,\"commentCount\":0,\"publisher\":{\"@id\":\"https:\\\/\\\/qtmm.org\\\/qt\\\/#organization\"},\"image\":{\"@id\":\"https:\\\/\\\/qtmm.org\\\/qt\\\/surgunlik-qurbanlarinin-hatira-kunu-tedbirlerini-azirlav-ve-keciruv-boyunca-komitetnin-toplasuvi\\\/#primaryimage\"},\"thumbnailUrl\":\"https:\\\/\\\/qtmm.org\\\/wp-content\\\/uploads\\\/2022\\\/01\\\/img_0299-1.jpeg\",\"articleSection\":[\"Haberler\"],\"inLanguage\":\"qt\",\"potentialAction\":[{\"@type\":\"CommentAction\",\"name\":\"Comment\",\"target\":[\"https:\\\/\\\/qtmm.org\\\/qt\\\/surgunlik-qurbanlarinin-hatira-kunu-tedbirlerini-azirlav-ve-keciruv-boyunca-komitetnin-toplasuvi\\\/#respond\"]}]},{\"@type\":\"WebPage\",\"@id\":\"https:\\\/\\\/qtmm.org\\\/qt\\\/surgunlik-qurbanlarinin-hatira-kunu-tedbirlerini-azirlav-ve-keciruv-boyunca-komitetnin-toplasuvi\\\/\",\"url\":\"https:\\\/\\\/qtmm.org\\\/qt\\\/surgunlik-qurbanlarinin-hatira-kunu-tedbirlerini-azirlav-ve-keciruv-boyunca-komitetnin-toplasuvi\\\/\",\"name\":\"S\u00fcrg\u00fcnlik qurbanlar\u0131n\u0131\u00f1 hat\u0131ra k\u00fcn\u00fc tedbirlerini az\u0131rlav ve ke\u00e7ir\u00fcv boyunca komitetni\u00f1 topla\u015fuv\u0131 - \u041c\u0435\u0434\u0436\u043b\u0456\u0441\",\"isPartOf\":{\"@id\":\"https:\\\/\\\/qtmm.org\\\/qt\\\/#website\"},\"primaryImageOfPage\":{\"@id\":\"https:\\\/\\\/qtmm.org\\\/qt\\\/surgunlik-qurbanlarinin-hatira-kunu-tedbirlerini-azirlav-ve-keciruv-boyunca-komitetnin-toplasuvi\\\/#primaryimage\"},\"image\":{\"@id\":\"https:\\\/\\\/qtmm.org\\\/qt\\\/surgunlik-qurbanlarinin-hatira-kunu-tedbirlerini-azirlav-ve-keciruv-boyunca-komitetnin-toplasuvi\\\/#primaryimage\"},\"thumbnailUrl\":\"https:\\\/\\\/qtmm.org\\\/wp-content\\\/uploads\\\/2022\\\/01\\\/img_0299-1.jpeg\",\"datePublished\":\"2012-04-05T14:43:00+00:00\",\"dateModified\":\"2022-01-21T14:44:41+00:00\",\"breadcrumb\":{\"@id\":\"https:\\\/\\\/qtmm.org\\\/qt\\\/surgunlik-qurbanlarinin-hatira-kunu-tedbirlerini-azirlav-ve-keciruv-boyunca-komitetnin-toplasuvi\\\/#breadcrumb\"},\"inLanguage\":\"qt\",\"potentialAction\":[{\"@type\":\"ReadAction\",\"target\":[\"https:\\\/\\\/qtmm.org\\\/qt\\\/surgunlik-qurbanlarinin-hatira-kunu-tedbirlerini-azirlav-ve-keciruv-boyunca-komitetnin-toplasuvi\\\/\"]}]},{\"@type\":\"ImageObject\",\"inLanguage\":\"qt\",\"@id\":\"https:\\\/\\\/qtmm.org\\\/qt\\\/surgunlik-qurbanlarinin-hatira-kunu-tedbirlerini-azirlav-ve-keciruv-boyunca-komitetnin-toplasuvi\\\/#primaryimage\",\"url\":\"https:\\\/\\\/qtmm.org\\\/wp-content\\\/uploads\\\/2022\\\/01\\\/img_0299-1.jpeg\",\"contentUrl\":\"https:\\\/\\\/qtmm.org\\\/wp-content\\\/uploads\\\/2022\\\/01\\\/img_0299-1.jpeg\",\"width\":800,\"height\":600},{\"@type\":\"BreadcrumbList\",\"@id\":\"https:\\\/\\\/qtmm.org\\\/qt\\\/surgunlik-qurbanlarinin-hatira-kunu-tedbirlerini-azirlav-ve-keciruv-boyunca-komitetnin-toplasuvi\\\/#breadcrumb\",\"itemListElement\":[{\"@type\":\"ListItem\",\"position\":1,\"name\":\"\u0413\u043e\u043b\u043e\u0432\u043d\u0430\",\"item\":\"https:\\\/\\\/qtmm.org\\\/qt\\\/\"},{\"@type\":\"ListItem\",\"position\":2,\"name\":\"S\u00fcrg\u00fcnlik qurbanlar\u0131n\u0131\u00f1 hat\u0131ra k\u00fcn\u00fc tedbirlerini az\u0131rlav ve ke\u00e7ir\u00fcv boyunca komitetni\u00f1 topla\u015fuv\u0131\"}]},{\"@type\":\"WebSite\",\"@id\":\"https:\\\/\\\/qtmm.org\\\/qt\\\/#website\",\"url\":\"https:\\\/\\\/qtmm.org\\\/qt\\\/\",\"name\":\"\u041c\u0435\u0434\u0436\u043b\u0456\u0441\",\"description\":\"\",\"publisher\":{\"@id\":\"https:\\\/\\\/qtmm.org\\\/qt\\\/#organization\"},\"potentialAction\":[{\"@type\":\"SearchAction\",\"target\":{\"@type\":\"EntryPoint\",\"urlTemplate\":\"https:\\\/\\\/qtmm.org\\\/qt\\\/?s={search_term_string}\"},\"query-input\":{\"@type\":\"PropertyValueSpecification\",\"valueRequired\":true,\"valueName\":\"search_term_string\"}}],\"inLanguage\":\"qt\"},{\"@type\":\"Organization\",\"@id\":\"https:\\\/\\\/qtmm.org\\\/qt\\\/#organization\",\"name\":\"\u041c\u0435\u0434\u0436\u043b\u0456\u0441\",\"url\":\"https:\\\/\\\/qtmm.org\\\/qt\\\/\",\"logo\":{\"@type\":\"ImageObject\",\"inLanguage\":\"qt\",\"@id\":\"https:\\\/\\\/qtmm.org\\\/qt\\\/#\\\/schema\\\/logo\\\/image\\\/\",\"url\":\"https:\\\/\\\/qtmm.org\\\/wp-content\\\/uploads\\\/2024\\\/12\\\/ua-mejlis-logo-rgb.svg\",\"contentUrl\":\"https:\\\/\\\/qtmm.org\\\/wp-content\\\/uploads\\\/2024\\\/12\\\/ua-mejlis-logo-rgb.svg\",\"caption\":\"\u041c\u0435\u0434\u0436\u043b\u0456\u0441\"},\"image\":{\"@id\":\"https:\\\/\\\/qtmm.org\\\/qt\\\/#\\\/schema\\\/logo\\\/image\\\/\"},\"sameAs\":[\"https:\\\/\\\/www.facebook.com\\\/qtmm.info\\\/\"]},{\"@type\":\"Person\",\"@id\":\"https:\\\/\\\/qtmm.org\\\/qt\\\/#\\\/schema\\\/person\\\/de562469f971dec226ac06e60bbf74a7\",\"name\":\"Developer\",\"image\":{\"@type\":\"ImageObject\",\"inLanguage\":\"qt\",\"@id\":\"https:\\\/\\\/secure.gravatar.com\\\/avatar\\\/392b4cc8fbfeb00b39dfeeab4ee6edded39ffd48e25858637e4765810300227e?s=96&d=mm&r=g\",\"url\":\"https:\\\/\\\/secure.gravatar.com\\\/avatar\\\/392b4cc8fbfeb00b39dfeeab4ee6edded39ffd48e25858637e4765810300227e?s=96&d=mm&r=g\",\"contentUrl\":\"https:\\\/\\\/secure.gravatar.com\\\/avatar\\\/392b4cc8fbfeb00b39dfeeab4ee6edded39ffd48e25858637e4765810300227e?s=96&d=mm&r=g\",\"caption\":\"Developer\"},\"url\":\"https:\\\/\\\/qtmm.org\\\/qt\\\/author\\\/Developer\\\/\"}]}<\/script>\n<!-- \/ Yoast SEO plugin. -->","yoast_head_json":{"title":"S\u00fcrg\u00fcnlik qurbanlar\u0131n\u0131\u00f1 hat\u0131ra k\u00fcn\u00fc tedbirlerini az\u0131rlav ve ke\u00e7ir\u00fcv boyunca komitetni\u00f1 topla\u015fuv\u0131 - \u041c\u0435\u0434\u0436\u043b\u0456\u0441","robots":{"index":"index","follow":"follow","max-snippet":"max-snippet:-1","max-image-preview":"max-image-preview:large","max-video-preview":"max-video-preview:-1"},"canonical":"https:\/\/qtmm.org\/qt\/surgunlik-qurbanlarinin-hatira-kunu-tedbirlerini-azirlav-ve-keciruv-boyunca-komitetnin-toplasuvi\/","og_locale":"en_US","og_type":"article","og_title":"S\u00fcrg\u00fcnlik qurbanlar\u0131n\u0131\u00f1 hat\u0131ra k\u00fcn\u00fc tedbirlerini az\u0131rlav ve ke\u00e7ir\u00fcv boyunca komitetni\u00f1 topla\u015fuv\u0131 - \u041c\u0435\u0434\u0436\u043b\u0456\u0441","og_description":"Q\u0131r\u0131m Muhtar Cumhuriyeti Nazirler \u015euras\u0131n\u0131\u00f1 2012 senesi fevral 28-de qabul etilgen &#8220;Q\u0131r\u0131mdan s\u00fcrg\u00fcn etil\u00fcv qurbanlar\u0131n\u0131\u00f1 hat\u0131ra k\u00fcn\u00fc tedbirleri aqq\u0131nda&#8221; \u2116 102-r qarar\u0131na muvaf\u0131q 2012 senesi aprel 4 k\u00fcn\u00fc Q\u0131r\u0131m Nazirler \u015euras\u0131nda Q\u0131r\u0131mdan s\u00fcrg\u00fcn etil\u00fcv qurbanlar\u0131n\u0131\u00f1 hat\u0131ra k\u00fcn\u00fcne tedbirlerni az\u0131rlav ve ke\u00e7ir\u00fcv boyunca te\u015fkiliy komitetni\u00f1 birinci topla\u015fuv\u0131 \u00f6tkerildi. Topla\u015fuvn\u0131 Q\u0131r\u0131m Muhtar Cumhuriyeti Nazirler \u015euras\u0131 reisini\u00f1 muavini, [&hellip;]","og_url":"https:\/\/qtmm.org\/qt\/surgunlik-qurbanlarinin-hatira-kunu-tedbirlerini-azirlav-ve-keciruv-boyunca-komitetnin-toplasuvi\/","og_site_name":"\u041c\u0435\u0434\u0436\u043b\u0456\u0441","article_publisher":"https:\/\/www.facebook.com\/qtmm.info\/","article_published_time":"2012-04-05T14:43:00+00:00","article_modified_time":"2022-01-21T14:44:41+00:00","og_image":[{"width":800,"height":600,"url":"https:\/\/qtmm.org\/wp-content\/uploads\/2022\/01\/img_0299-1.jpeg","type":"image\/jpeg"}],"author":"Developer","twitter_card":"summary_large_image","twitter_misc":{"Written by":"Developer","Est. reading time":"3 minutes"},"schema":{"@context":"https:\/\/schema.org","@graph":[{"@type":"Article","@id":"https:\/\/qtmm.org\/qt\/surgunlik-qurbanlarinin-hatira-kunu-tedbirlerini-azirlav-ve-keciruv-boyunca-komitetnin-toplasuvi\/#article","isPartOf":{"@id":"https:\/\/qtmm.org\/qt\/surgunlik-qurbanlarinin-hatira-kunu-tedbirlerini-azirlav-ve-keciruv-boyunca-komitetnin-toplasuvi\/"},"author":{"name":"Developer","@id":"https:\/\/qtmm.org\/qt\/#\/schema\/person\/de562469f971dec226ac06e60bbf74a7"},"headline":"S\u00fcrg\u00fcnlik qurbanlar\u0131n\u0131\u00f1 hat\u0131ra k\u00fcn\u00fc tedbirlerini az\u0131rlav ve ke\u00e7ir\u00fcv boyunca komitetni\u00f1 topla\u015fuv\u0131","datePublished":"2012-04-05T14:43:00+00:00","dateModified":"2022-01-21T14:44:41+00:00","mainEntityOfPage":{"@id":"https:\/\/qtmm.org\/qt\/surgunlik-qurbanlarinin-hatira-kunu-tedbirlerini-azirlav-ve-keciruv-boyunca-komitetnin-toplasuvi\/"},"wordCount":541,"commentCount":0,"publisher":{"@id":"https:\/\/qtmm.org\/qt\/#organization"},"image":{"@id":"https:\/\/qtmm.org\/qt\/surgunlik-qurbanlarinin-hatira-kunu-tedbirlerini-azirlav-ve-keciruv-boyunca-komitetnin-toplasuvi\/#primaryimage"},"thumbnailUrl":"https:\/\/qtmm.org\/wp-content\/uploads\/2022\/01\/img_0299-1.jpeg","articleSection":["Haberler"],"inLanguage":"qt","potentialAction":[{"@type":"CommentAction","name":"Comment","target":["https:\/\/qtmm.org\/qt\/surgunlik-qurbanlarinin-hatira-kunu-tedbirlerini-azirlav-ve-keciruv-boyunca-komitetnin-toplasuvi\/#respond"]}]},{"@type":"WebPage","@id":"https:\/\/qtmm.org\/qt\/surgunlik-qurbanlarinin-hatira-kunu-tedbirlerini-azirlav-ve-keciruv-boyunca-komitetnin-toplasuvi\/","url":"https:\/\/qtmm.org\/qt\/surgunlik-qurbanlarinin-hatira-kunu-tedbirlerini-azirlav-ve-keciruv-boyunca-komitetnin-toplasuvi\/","name":"S\u00fcrg\u00fcnlik qurbanlar\u0131n\u0131\u00f1 hat\u0131ra k\u00fcn\u00fc tedbirlerini az\u0131rlav ve ke\u00e7ir\u00fcv boyunca komitetni\u00f1 topla\u015fuv\u0131 - \u041c\u0435\u0434\u0436\u043b\u0456\u0441","isPartOf":{"@id":"https:\/\/qtmm.org\/qt\/#website"},"primaryImageOfPage":{"@id":"https:\/\/qtmm.org\/qt\/surgunlik-qurbanlarinin-hatira-kunu-tedbirlerini-azirlav-ve-keciruv-boyunca-komitetnin-toplasuvi\/#primaryimage"},"image":{"@id":"https:\/\/qtmm.org\/qt\/surgunlik-qurbanlarinin-hatira-kunu-tedbirlerini-azirlav-ve-keciruv-boyunca-komitetnin-toplasuvi\/#primaryimage"},"thumbnailUrl":"https:\/\/qtmm.org\/wp-content\/uploads\/2022\/01\/img_0299-1.jpeg","datePublished":"2012-04-05T14:43:00+00:00","dateModified":"2022-01-21T14:44:41+00:00","breadcrumb":{"@id":"https:\/\/qtmm.org\/qt\/surgunlik-qurbanlarinin-hatira-kunu-tedbirlerini-azirlav-ve-keciruv-boyunca-komitetnin-toplasuvi\/#breadcrumb"},"inLanguage":"qt","potentialAction":[{"@type":"ReadAction","target":["https:\/\/qtmm.org\/qt\/surgunlik-qurbanlarinin-hatira-kunu-tedbirlerini-azirlav-ve-keciruv-boyunca-komitetnin-toplasuvi\/"]}]},{"@type":"ImageObject","inLanguage":"qt","@id":"https:\/\/qtmm.org\/qt\/surgunlik-qurbanlarinin-hatira-kunu-tedbirlerini-azirlav-ve-keciruv-boyunca-komitetnin-toplasuvi\/#primaryimage","url":"https:\/\/qtmm.org\/wp-content\/uploads\/2022\/01\/img_0299-1.jpeg","contentUrl":"https:\/\/qtmm.org\/wp-content\/uploads\/2022\/01\/img_0299-1.jpeg","width":800,"height":600},{"@type":"BreadcrumbList","@id":"https:\/\/qtmm.org\/qt\/surgunlik-qurbanlarinin-hatira-kunu-tedbirlerini-azirlav-ve-keciruv-boyunca-komitetnin-toplasuvi\/#breadcrumb","itemListElement":[{"@type":"ListItem","position":1,"name":"\u0413\u043e\u043b\u043e\u0432\u043d\u0430","item":"https:\/\/qtmm.org\/qt\/"},{"@type":"ListItem","position":2,"name":"S\u00fcrg\u00fcnlik qurbanlar\u0131n\u0131\u00f1 hat\u0131ra k\u00fcn\u00fc tedbirlerini az\u0131rlav ve ke\u00e7ir\u00fcv boyunca komitetni\u00f1 topla\u015fuv\u0131"}]},{"@type":"WebSite","@id":"https:\/\/qtmm.org\/qt\/#website","url":"https:\/\/qtmm.org\/qt\/","name":"\u041c\u0435\u0434\u0436\u043b\u0456\u0441","description":"","publisher":{"@id":"https:\/\/qtmm.org\/qt\/#organization"},"potentialAction":[{"@type":"SearchAction","target":{"@type":"EntryPoint","urlTemplate":"https:\/\/qtmm.org\/qt\/?s={search_term_string}"},"query-input":{"@type":"PropertyValueSpecification","valueRequired":true,"valueName":"search_term_string"}}],"inLanguage":"qt"},{"@type":"Organization","@id":"https:\/\/qtmm.org\/qt\/#organization","name":"\u041c\u0435\u0434\u0436\u043b\u0456\u0441","url":"https:\/\/qtmm.org\/qt\/","logo":{"@type":"ImageObject","inLanguage":"qt","@id":"https:\/\/qtmm.org\/qt\/#\/schema\/logo\/image\/","url":"https:\/\/qtmm.org\/wp-content\/uploads\/2024\/12\/ua-mejlis-logo-rgb.svg","contentUrl":"https:\/\/qtmm.org\/wp-content\/uploads\/2024\/12\/ua-mejlis-logo-rgb.svg","caption":"\u041c\u0435\u0434\u0436\u043b\u0456\u0441"},"image":{"@id":"https:\/\/qtmm.org\/qt\/#\/schema\/logo\/image\/"},"sameAs":["https:\/\/www.facebook.com\/qtmm.info\/"]},{"@type":"Person","@id":"https:\/\/qtmm.org\/qt\/#\/schema\/person\/de562469f971dec226ac06e60bbf74a7","name":"Developer","image":{"@type":"ImageObject","inLanguage":"qt","@id":"https:\/\/secure.gravatar.com\/avatar\/392b4cc8fbfeb00b39dfeeab4ee6edded39ffd48e25858637e4765810300227e?s=96&d=mm&r=g","url":"https:\/\/secure.gravatar.com\/avatar\/392b4cc8fbfeb00b39dfeeab4ee6edded39ffd48e25858637e4765810300227e?s=96&d=mm&r=g","contentUrl":"https:\/\/secure.gravatar.com\/avatar\/392b4cc8fbfeb00b39dfeeab4ee6edded39ffd48e25858637e4765810300227e?s=96&d=mm&r=g","caption":"Developer"},"url":"https:\/\/qtmm.org\/qt\/author\/Developer\/"}]}},"_links":{"self":[{"href":"https:\/\/qtmm.org\/qt\/wp-json\/wp\/v2\/posts\/29752","targetHints":{"allow":["GET"]}}],"collection":[{"href":"https:\/\/qtmm.org\/qt\/wp-json\/wp\/v2\/posts"}],"about":[{"href":"https:\/\/qtmm.org\/qt\/wp-json\/wp\/v2\/types\/post"}],"author":[{"embeddable":true,"href":"https:\/\/qtmm.org\/qt\/wp-json\/wp\/v2\/users\/1"}],"replies":[{"embeddable":true,"href":"https:\/\/qtmm.org\/qt\/wp-json\/wp\/v2\/comments?post=29752"}],"version-history":[{"count":1,"href":"https:\/\/qtmm.org\/qt\/wp-json\/wp\/v2\/posts\/29752\/revisions"}],"predecessor-version":[{"id":29765,"href":"https:\/\/qtmm.org\/qt\/wp-json\/wp\/v2\/posts\/29752\/revisions\/29765"}],"wp:featuredmedia":[{"embeddable":true,"href":"https:\/\/qtmm.org\/qt\/wp-json\/wp\/v2\/media\/29753"}],"wp:attachment":[{"href":"https:\/\/qtmm.org\/qt\/wp-json\/wp\/v2\/media?parent=29752"}],"wp:term":[{"taxonomy":"category","embeddable":true,"href":"https:\/\/qtmm.org\/qt\/wp-json\/wp\/v2\/categories?post=29752"},{"taxonomy":"post_tag","embeddable":true,"href":"https:\/\/qtmm.org\/qt\/wp-json\/wp\/v2\/tags?post=29752"}],"curies":[{"name":"wp","href":"https:\/\/api.w.org\/{rel}","templated":true}]}}