




{"id":29750,"date":"2012-04-05T17:42:00","date_gmt":"2012-04-05T14:42:00","guid":{"rendered":"http:\/\/qtmm.org\/?p=29750"},"modified":"2022-01-21T17:43:01","modified_gmt":"2022-01-21T14:43:01","slug":"bekir-mamutov-qirimtatar-milliy-matbuat-kunu-er-yerde-ve-resmiy-seviyede-qayd-etilmeli","status":"publish","type":"post","link":"https:\/\/qtmm.org\/qt\/bekir-mamutov-qirimtatar-milliy-matbuat-kunu-er-yerde-ve-resmiy-seviyede-qayd-etilmeli\/","title":{"rendered":"Bekir Mamutov: \u00abQ\u0131r\u0131mtatar milliy matbuat k\u00fcn\u00fc er yerde ve resmiy seviyede qayd etilmeli\u00bb"},"content":{"rendered":"\n<p>Aprel 10 k\u00fcn\u00fc tek q\u0131r\u0131mtatarlar i\u00e7\u00fcn degil de, belki de b\u00fct\u00fcn t\u00fcrk-musulman d\u00fcnyas\u0131 i\u00e7\u00fcn emiyetli bir k\u00fcndir, Ayn\u0131 \u015fu k\u00fcn\u00fc 1883 senesi &#8220;Terciman&#8221; gazetas\u0131n\u0131\u00f1 birinci san\u0131 \u00e7qt\u0131.<\/p>\n\n\n\n<p>So\u00f1ki bir qa\u00e7 y\u0131l devam\u0131nda Ba\u011f\u00e7asarayda \u0130smail Gasprinskiy m\u00fczeyinde q\u0131r\u0131mtatar jurnalistleri ve na\u015firlerini\u00f1 k\u00f6r\u00fc\u015f\u00fcvleri ke\u00e7irilip, \u015fularn\u0131\u00f1 birinde aprel 10 k\u00fcn\u00fcni q\u0131r\u0131mtatar milliy matbuat\u0131 k\u00fcn\u00fc, dep saymaq qarar\u0131 al\u0131nd\u0131. Nevbetteki k\u00f6r\u00fc\u015f\u00fcv arfesinde olacaq tedbirler ve aprel 10-n\u0131 Q\u0131r\u0131mtatar milliy matbuat k\u00fcn\u00fc olaraq belgilemek aqq\u0131nda Q\u0131r\u0131mtatar halq\u0131 Meclisi prezidium\u0131n\u0131\u00f1 azas\u0131, &#8220;Q\u0131r\u0131m&#8221; gazetas\u0131n\u0131\u00f1 ba\u015f muarriri Bekir Mamutov ik\u00e2ye ete.<\/p>\n\n\n\n<p>&#8220;\u0130smail Gasprinskiy tesis etken ve 30 y\u0131ldan ziyade muarrirligi alt\u0131nda \u00e7\u0131qqan Terciman&#8221; gazetas\u0131 birinci san\u0131 d\u00fcnya y\u00fcz\u00fcni k\u00f6rgen k\u00fcnde q\u0131r\u0131mtatar gazetac\u0131lar\u0131, na\u015firleri ve jurnalistleri ulu m\u00fctefekkirimiz \u00f6z gazetas\u0131n\u0131 ne\u015firge az\u0131rla\u011fan evde (bug\u00fcn bu m\u00fczey) toplanacaqlar, &#8211; dedi B. Mamutov.<\/p>\n\n\n\n<p>Belli ki, &#8220;Tercman&#8221; gazetas\u0131 Rusiye imperiyas\u0131n\u0131\u00f1 topraqlar\u0131nda ya\u015fa\u011fan t\u00fcrkiy halqlarn\u0131\u00f1 uyanmas\u0131nda b\u00fcy\u00fck h\u0131zmette bulund\u0131. L\u00e2kin gazeta imperiya s\u0131\u00f1\u0131rlar\u0131ndan da \u00e7\u0131q\u0131p, ta Britaniya\u011fa ait Kalkutta\u011fa qadar darqald\u0131. S\u00f6z s\u0131ras\u0131, Orta Asiyada \u00f6zbek tilinde gazeta 1883 senesinden \u00e7erik as\u0131r ke\u00e7ken so\u00f1 \u00e7\u0131q\u0131p ba\u015flad\u0131. &#8220;Eki y\u0131l evelsi b\u00f6yle k\u00f6r\u00fc\u015f\u00fcvlerni\u00f1 birindi aprel 10-n\u0131 q\u0131r\u0131mtatar milliy matbuat k\u00fcn\u00fc olaraq qayd etmek qararla\u015ft\u0131r\u0131ld\u0131. 2011 senesi bu teklif maqullendi. \u2013 devam ete Bekir Mamutov. \u2013 V Qurultayn\u0131\u00f1 nevbetteki sessiyas\u0131na qararn\u0131\u00f1 leyhas\u0131 az\u0131rlan\u0131p, q\u0131r\u0131mtatar halq\u0131n\u0131\u00f1 vek\u00e2letli organ\u0131 taraf\u0131ndan tasdiqlanacaq. Bu emiyetli vaqia er yerde ve resmiy seviyede qayd etilmesi zarur&#8221;<\/p>\n\n\n\n<p>Ba\u011f\u00e7asarayda q\u0131r\u0131mtatar jurnalistleri k\u00f6r\u00fc\u015f\u00fcvini\u00f1 te\u015febb\u00fcs\u00e7ilerinden biri \u015fun\u0131 da qayd etti ki, milliy matbuatn\u0131\u00f1 tecribeli hadimleri ya\u015f nesilni zaman\u011fa uymaq, milliy matbuatn\u0131\u00f1 e\u00f1 yah\u015f\u0131 ananelerini devam ettirmege celp etmeliler<\/p>\n\n\n\n<p>&#8220;\u0130. Gasprinskiy m\u00fczeyini\u00f1 m\u00fcdiri Yaqub Appazov\u011fa te\u015fekk\u00fcrlerimiz ayr\u0131ca, &#8211; dedi &#8220;Q\u0131r\u0131m&#8221; gazetas\u0131n\u0131\u00f1 ba\u015f muarriri, \u2013bu adam \u015fu tedbirge pek az\u0131rlana, mahsuldar \u00e7al\u0131\u015fmam\u0131z i\u00e7\u00fcn b\u00fct\u00fcn \u015faraitlerni teminley&#8221;.<br><br>Bekir Mamutovn\u0131\u00f1 bildirgenine k\u00f6re, aprel 10 gazetalar ne\u015firge az\u0131rlan\u011fan k\u00fcnge do\u011fru kelgeni sebebinden bu sene k\u00f6r\u00fc\u015f\u00fcv aprel 10-da degil de, 14-nde ke\u00e7ecek ki, k\u00f6r\u00fc\u015f\u00fcvde b\u00fct\u00fcn jurnalistler i\u015ftirak ete bilsin.<\/p>\n","protected":false},"excerpt":{"rendered":"<p>Aprel 10 k\u00fcn\u00fc tek q\u0131r\u0131mtatarlar i\u00e7\u00fcn degil de, belki de b\u00fct\u00fcn t\u00fcrk-musulman d\u00fcnyas\u0131 i\u00e7\u00fcn emiyetli bir k\u00fcndir, Ayn\u0131 \u015fu k\u00fcn\u00fc 1883 senesi &#8220;Terciman&#8221; gazetas\u0131n\u0131\u00f1 birinci san\u0131 \u00e7qt\u0131. So\u00f1ki bir qa\u00e7 y\u0131l devam\u0131nda Ba\u011f\u00e7asarayda \u0130smail Gasprinskiy m\u00fczeyinde q\u0131r\u0131mtatar jurnalistleri ve na\u015firlerini\u00f1 k\u00f6r\u00fc\u015f\u00fcvleri ke\u00e7irilip, \u015fularn\u0131\u00f1 birinde aprel 10 k\u00fcn\u00fcni q\u0131r\u0131mtatar milliy matbuat\u0131 k\u00fcn\u00fc, dep saymaq qarar\u0131 al\u0131nd\u0131. [&hellip;]<\/p>\n","protected":false},"author":1,"featured_media":0,"comment_status":"open","ping_status":"open","sticky":false,"template":"","format":"standard","meta":{"inline_featured_image":false,"footnotes":""},"categories":[265],"tags":[],"class_list":["post-29750","post","type-post","status-publish","format-standard","hentry","category-haberler"],"acf":[],"yoast_head":"<!-- This site is optimized with the Yoast SEO plugin v27.4 - https:\/\/yoast.com\/product\/yoast-seo-wordpress\/ -->\n<title>Bekir Mamutov: \u00abQ\u0131r\u0131mtatar milliy matbuat k\u00fcn\u00fc er yerde ve resmiy seviyede qayd etilmeli\u00bb - \u041c\u0435\u0434\u0436\u043b\u0456\u0441<\/title>\n<meta name=\"robots\" content=\"index, follow, max-snippet:-1, max-image-preview:large, max-video-preview:-1\" \/>\n<link rel=\"canonical\" href=\"https:\/\/qtmm.org\/qt\/bekir-mamutov-qirimtatar-milliy-matbuat-kunu-er-yerde-ve-resmiy-seviyede-qayd-etilmeli\/\" \/>\n<meta property=\"og:locale\" content=\"en_US\" \/>\n<meta property=\"og:type\" content=\"article\" \/>\n<meta property=\"og:title\" content=\"Bekir Mamutov: \u00abQ\u0131r\u0131mtatar milliy matbuat k\u00fcn\u00fc er yerde ve resmiy seviyede qayd etilmeli\u00bb - \u041c\u0435\u0434\u0436\u043b\u0456\u0441\" \/>\n<meta property=\"og:description\" content=\"Aprel 10 k\u00fcn\u00fc tek q\u0131r\u0131mtatarlar i\u00e7\u00fcn degil de, belki de b\u00fct\u00fcn t\u00fcrk-musulman d\u00fcnyas\u0131 i\u00e7\u00fcn emiyetli bir k\u00fcndir, Ayn\u0131 \u015fu k\u00fcn\u00fc 1883 senesi &#8220;Terciman&#8221; gazetas\u0131n\u0131\u00f1 birinci san\u0131 \u00e7qt\u0131. So\u00f1ki bir qa\u00e7 y\u0131l devam\u0131nda Ba\u011f\u00e7asarayda \u0130smail Gasprinskiy m\u00fczeyinde q\u0131r\u0131mtatar jurnalistleri ve na\u015firlerini\u00f1 k\u00f6r\u00fc\u015f\u00fcvleri ke\u00e7irilip, \u015fularn\u0131\u00f1 birinde aprel 10 k\u00fcn\u00fcni q\u0131r\u0131mtatar milliy matbuat\u0131 k\u00fcn\u00fc, dep saymaq qarar\u0131 al\u0131nd\u0131. [&hellip;]\" \/>\n<meta property=\"og:url\" content=\"https:\/\/qtmm.org\/qt\/bekir-mamutov-qirimtatar-milliy-matbuat-kunu-er-yerde-ve-resmiy-seviyede-qayd-etilmeli\/\" \/>\n<meta property=\"og:site_name\" content=\"\u041c\u0435\u0434\u0436\u043b\u0456\u0441\" \/>\n<meta property=\"article:publisher\" content=\"https:\/\/www.facebook.com\/qtmm.info\/\" \/>\n<meta property=\"article:published_time\" content=\"2012-04-05T14:42:00+00:00\" \/>\n<meta property=\"article:modified_time\" content=\"2022-01-21T14:43:01+00:00\" \/>\n<meta name=\"author\" content=\"Developer\" \/>\n<meta name=\"twitter:card\" content=\"summary_large_image\" \/>\n<meta name=\"twitter:label1\" content=\"Written by\" \/>\n\t<meta name=\"twitter:data1\" content=\"Developer\" \/>\n\t<meta name=\"twitter:label2\" content=\"Est. reading time\" \/>\n\t<meta name=\"twitter:data2\" content=\"2 minutes\" \/>\n<script type=\"application\/ld+json\" class=\"yoast-schema-graph\">{\"@context\":\"https:\\\/\\\/schema.org\",\"@graph\":[{\"@type\":\"Article\",\"@id\":\"https:\\\/\\\/qtmm.org\\\/qt\\\/bekir-mamutov-qirimtatar-milliy-matbuat-kunu-er-yerde-ve-resmiy-seviyede-qayd-etilmeli\\\/#article\",\"isPartOf\":{\"@id\":\"https:\\\/\\\/qtmm.org\\\/qt\\\/bekir-mamutov-qirimtatar-milliy-matbuat-kunu-er-yerde-ve-resmiy-seviyede-qayd-etilmeli\\\/\"},\"author\":{\"name\":\"Developer\",\"@id\":\"https:\\\/\\\/qtmm.org\\\/qt\\\/#\\\/schema\\\/person\\\/de562469f971dec226ac06e60bbf74a7\"},\"headline\":\"Bekir Mamutov: \u00abQ\u0131r\u0131mtatar milliy matbuat k\u00fcn\u00fc er yerde ve resmiy seviyede qayd etilmeli\u00bb\",\"datePublished\":\"2012-04-05T14:42:00+00:00\",\"dateModified\":\"2022-01-21T14:43:01+00:00\",\"mainEntityOfPage\":{\"@id\":\"https:\\\/\\\/qtmm.org\\\/qt\\\/bekir-mamutov-qirimtatar-milliy-matbuat-kunu-er-yerde-ve-resmiy-seviyede-qayd-etilmeli\\\/\"},\"wordCount\":440,\"commentCount\":0,\"publisher\":{\"@id\":\"https:\\\/\\\/qtmm.org\\\/qt\\\/#organization\"},\"articleSection\":[\"Haberler\"],\"inLanguage\":\"qt\",\"potentialAction\":[{\"@type\":\"CommentAction\",\"name\":\"Comment\",\"target\":[\"https:\\\/\\\/qtmm.org\\\/qt\\\/bekir-mamutov-qirimtatar-milliy-matbuat-kunu-er-yerde-ve-resmiy-seviyede-qayd-etilmeli\\\/#respond\"]}]},{\"@type\":\"WebPage\",\"@id\":\"https:\\\/\\\/qtmm.org\\\/qt\\\/bekir-mamutov-qirimtatar-milliy-matbuat-kunu-er-yerde-ve-resmiy-seviyede-qayd-etilmeli\\\/\",\"url\":\"https:\\\/\\\/qtmm.org\\\/qt\\\/bekir-mamutov-qirimtatar-milliy-matbuat-kunu-er-yerde-ve-resmiy-seviyede-qayd-etilmeli\\\/\",\"name\":\"Bekir Mamutov: \u00abQ\u0131r\u0131mtatar milliy matbuat k\u00fcn\u00fc er yerde ve resmiy seviyede qayd etilmeli\u00bb - \u041c\u0435\u0434\u0436\u043b\u0456\u0441\",\"isPartOf\":{\"@id\":\"https:\\\/\\\/qtmm.org\\\/qt\\\/#website\"},\"datePublished\":\"2012-04-05T14:42:00+00:00\",\"dateModified\":\"2022-01-21T14:43:01+00:00\",\"breadcrumb\":{\"@id\":\"https:\\\/\\\/qtmm.org\\\/qt\\\/bekir-mamutov-qirimtatar-milliy-matbuat-kunu-er-yerde-ve-resmiy-seviyede-qayd-etilmeli\\\/#breadcrumb\"},\"inLanguage\":\"qt\",\"potentialAction\":[{\"@type\":\"ReadAction\",\"target\":[\"https:\\\/\\\/qtmm.org\\\/qt\\\/bekir-mamutov-qirimtatar-milliy-matbuat-kunu-er-yerde-ve-resmiy-seviyede-qayd-etilmeli\\\/\"]}]},{\"@type\":\"BreadcrumbList\",\"@id\":\"https:\\\/\\\/qtmm.org\\\/qt\\\/bekir-mamutov-qirimtatar-milliy-matbuat-kunu-er-yerde-ve-resmiy-seviyede-qayd-etilmeli\\\/#breadcrumb\",\"itemListElement\":[{\"@type\":\"ListItem\",\"position\":1,\"name\":\"\u0413\u043e\u043b\u043e\u0432\u043d\u0430\",\"item\":\"https:\\\/\\\/qtmm.org\\\/qt\\\/\"},{\"@type\":\"ListItem\",\"position\":2,\"name\":\"Bekir Mamutov: \u00abQ\u0131r\u0131mtatar milliy matbuat k\u00fcn\u00fc er yerde ve resmiy seviyede qayd etilmeli\u00bb\"}]},{\"@type\":\"WebSite\",\"@id\":\"https:\\\/\\\/qtmm.org\\\/qt\\\/#website\",\"url\":\"https:\\\/\\\/qtmm.org\\\/qt\\\/\",\"name\":\"\u041c\u0435\u0434\u0436\u043b\u0456\u0441\",\"description\":\"\",\"publisher\":{\"@id\":\"https:\\\/\\\/qtmm.org\\\/qt\\\/#organization\"},\"potentialAction\":[{\"@type\":\"SearchAction\",\"target\":{\"@type\":\"EntryPoint\",\"urlTemplate\":\"https:\\\/\\\/qtmm.org\\\/qt\\\/?s={search_term_string}\"},\"query-input\":{\"@type\":\"PropertyValueSpecification\",\"valueRequired\":true,\"valueName\":\"search_term_string\"}}],\"inLanguage\":\"qt\"},{\"@type\":\"Organization\",\"@id\":\"https:\\\/\\\/qtmm.org\\\/qt\\\/#organization\",\"name\":\"\u041c\u0435\u0434\u0436\u043b\u0456\u0441\",\"url\":\"https:\\\/\\\/qtmm.org\\\/qt\\\/\",\"logo\":{\"@type\":\"ImageObject\",\"inLanguage\":\"qt\",\"@id\":\"https:\\\/\\\/qtmm.org\\\/qt\\\/#\\\/schema\\\/logo\\\/image\\\/\",\"url\":\"https:\\\/\\\/qtmm.org\\\/wp-content\\\/uploads\\\/2024\\\/12\\\/ua-mejlis-logo-rgb.svg\",\"contentUrl\":\"https:\\\/\\\/qtmm.org\\\/wp-content\\\/uploads\\\/2024\\\/12\\\/ua-mejlis-logo-rgb.svg\",\"caption\":\"\u041c\u0435\u0434\u0436\u043b\u0456\u0441\"},\"image\":{\"@id\":\"https:\\\/\\\/qtmm.org\\\/qt\\\/#\\\/schema\\\/logo\\\/image\\\/\"},\"sameAs\":[\"https:\\\/\\\/www.facebook.com\\\/qtmm.info\\\/\"]},{\"@type\":\"Person\",\"@id\":\"https:\\\/\\\/qtmm.org\\\/qt\\\/#\\\/schema\\\/person\\\/de562469f971dec226ac06e60bbf74a7\",\"name\":\"Developer\",\"image\":{\"@type\":\"ImageObject\",\"inLanguage\":\"qt\",\"@id\":\"https:\\\/\\\/secure.gravatar.com\\\/avatar\\\/392b4cc8fbfeb00b39dfeeab4ee6edded39ffd48e25858637e4765810300227e?s=96&d=mm&r=g\",\"url\":\"https:\\\/\\\/secure.gravatar.com\\\/avatar\\\/392b4cc8fbfeb00b39dfeeab4ee6edded39ffd48e25858637e4765810300227e?s=96&d=mm&r=g\",\"contentUrl\":\"https:\\\/\\\/secure.gravatar.com\\\/avatar\\\/392b4cc8fbfeb00b39dfeeab4ee6edded39ffd48e25858637e4765810300227e?s=96&d=mm&r=g\",\"caption\":\"Developer\"},\"url\":\"https:\\\/\\\/qtmm.org\\\/qt\\\/author\\\/Developer\\\/\"}]}<\/script>\n<!-- \/ Yoast SEO plugin. -->","yoast_head_json":{"title":"Bekir Mamutov: \u00abQ\u0131r\u0131mtatar milliy matbuat k\u00fcn\u00fc er yerde ve resmiy seviyede qayd etilmeli\u00bb - \u041c\u0435\u0434\u0436\u043b\u0456\u0441","robots":{"index":"index","follow":"follow","max-snippet":"max-snippet:-1","max-image-preview":"max-image-preview:large","max-video-preview":"max-video-preview:-1"},"canonical":"https:\/\/qtmm.org\/qt\/bekir-mamutov-qirimtatar-milliy-matbuat-kunu-er-yerde-ve-resmiy-seviyede-qayd-etilmeli\/","og_locale":"en_US","og_type":"article","og_title":"Bekir Mamutov: \u00abQ\u0131r\u0131mtatar milliy matbuat k\u00fcn\u00fc er yerde ve resmiy seviyede qayd etilmeli\u00bb - \u041c\u0435\u0434\u0436\u043b\u0456\u0441","og_description":"Aprel 10 k\u00fcn\u00fc tek q\u0131r\u0131mtatarlar i\u00e7\u00fcn degil de, belki de b\u00fct\u00fcn t\u00fcrk-musulman d\u00fcnyas\u0131 i\u00e7\u00fcn emiyetli bir k\u00fcndir, Ayn\u0131 \u015fu k\u00fcn\u00fc 1883 senesi &#8220;Terciman&#8221; gazetas\u0131n\u0131\u00f1 birinci san\u0131 \u00e7qt\u0131. So\u00f1ki bir qa\u00e7 y\u0131l devam\u0131nda Ba\u011f\u00e7asarayda \u0130smail Gasprinskiy m\u00fczeyinde q\u0131r\u0131mtatar jurnalistleri ve na\u015firlerini\u00f1 k\u00f6r\u00fc\u015f\u00fcvleri ke\u00e7irilip, \u015fularn\u0131\u00f1 birinde aprel 10 k\u00fcn\u00fcni q\u0131r\u0131mtatar milliy matbuat\u0131 k\u00fcn\u00fc, dep saymaq qarar\u0131 al\u0131nd\u0131. [&hellip;]","og_url":"https:\/\/qtmm.org\/qt\/bekir-mamutov-qirimtatar-milliy-matbuat-kunu-er-yerde-ve-resmiy-seviyede-qayd-etilmeli\/","og_site_name":"\u041c\u0435\u0434\u0436\u043b\u0456\u0441","article_publisher":"https:\/\/www.facebook.com\/qtmm.info\/","article_published_time":"2012-04-05T14:42:00+00:00","article_modified_time":"2022-01-21T14:43:01+00:00","author":"Developer","twitter_card":"summary_large_image","twitter_misc":{"Written by":"Developer","Est. reading time":"2 minutes"},"schema":{"@context":"https:\/\/schema.org","@graph":[{"@type":"Article","@id":"https:\/\/qtmm.org\/qt\/bekir-mamutov-qirimtatar-milliy-matbuat-kunu-er-yerde-ve-resmiy-seviyede-qayd-etilmeli\/#article","isPartOf":{"@id":"https:\/\/qtmm.org\/qt\/bekir-mamutov-qirimtatar-milliy-matbuat-kunu-er-yerde-ve-resmiy-seviyede-qayd-etilmeli\/"},"author":{"name":"Developer","@id":"https:\/\/qtmm.org\/qt\/#\/schema\/person\/de562469f971dec226ac06e60bbf74a7"},"headline":"Bekir Mamutov: \u00abQ\u0131r\u0131mtatar milliy matbuat k\u00fcn\u00fc er yerde ve resmiy seviyede qayd etilmeli\u00bb","datePublished":"2012-04-05T14:42:00+00:00","dateModified":"2022-01-21T14:43:01+00:00","mainEntityOfPage":{"@id":"https:\/\/qtmm.org\/qt\/bekir-mamutov-qirimtatar-milliy-matbuat-kunu-er-yerde-ve-resmiy-seviyede-qayd-etilmeli\/"},"wordCount":440,"commentCount":0,"publisher":{"@id":"https:\/\/qtmm.org\/qt\/#organization"},"articleSection":["Haberler"],"inLanguage":"qt","potentialAction":[{"@type":"CommentAction","name":"Comment","target":["https:\/\/qtmm.org\/qt\/bekir-mamutov-qirimtatar-milliy-matbuat-kunu-er-yerde-ve-resmiy-seviyede-qayd-etilmeli\/#respond"]}]},{"@type":"WebPage","@id":"https:\/\/qtmm.org\/qt\/bekir-mamutov-qirimtatar-milliy-matbuat-kunu-er-yerde-ve-resmiy-seviyede-qayd-etilmeli\/","url":"https:\/\/qtmm.org\/qt\/bekir-mamutov-qirimtatar-milliy-matbuat-kunu-er-yerde-ve-resmiy-seviyede-qayd-etilmeli\/","name":"Bekir Mamutov: \u00abQ\u0131r\u0131mtatar milliy matbuat k\u00fcn\u00fc er yerde ve resmiy seviyede qayd etilmeli\u00bb - \u041c\u0435\u0434\u0436\u043b\u0456\u0441","isPartOf":{"@id":"https:\/\/qtmm.org\/qt\/#website"},"datePublished":"2012-04-05T14:42:00+00:00","dateModified":"2022-01-21T14:43:01+00:00","breadcrumb":{"@id":"https:\/\/qtmm.org\/qt\/bekir-mamutov-qirimtatar-milliy-matbuat-kunu-er-yerde-ve-resmiy-seviyede-qayd-etilmeli\/#breadcrumb"},"inLanguage":"qt","potentialAction":[{"@type":"ReadAction","target":["https:\/\/qtmm.org\/qt\/bekir-mamutov-qirimtatar-milliy-matbuat-kunu-er-yerde-ve-resmiy-seviyede-qayd-etilmeli\/"]}]},{"@type":"BreadcrumbList","@id":"https:\/\/qtmm.org\/qt\/bekir-mamutov-qirimtatar-milliy-matbuat-kunu-er-yerde-ve-resmiy-seviyede-qayd-etilmeli\/#breadcrumb","itemListElement":[{"@type":"ListItem","position":1,"name":"\u0413\u043e\u043b\u043e\u0432\u043d\u0430","item":"https:\/\/qtmm.org\/qt\/"},{"@type":"ListItem","position":2,"name":"Bekir Mamutov: \u00abQ\u0131r\u0131mtatar milliy matbuat k\u00fcn\u00fc er yerde ve resmiy seviyede qayd etilmeli\u00bb"}]},{"@type":"WebSite","@id":"https:\/\/qtmm.org\/qt\/#website","url":"https:\/\/qtmm.org\/qt\/","name":"\u041c\u0435\u0434\u0436\u043b\u0456\u0441","description":"","publisher":{"@id":"https:\/\/qtmm.org\/qt\/#organization"},"potentialAction":[{"@type":"SearchAction","target":{"@type":"EntryPoint","urlTemplate":"https:\/\/qtmm.org\/qt\/?s={search_term_string}"},"query-input":{"@type":"PropertyValueSpecification","valueRequired":true,"valueName":"search_term_string"}}],"inLanguage":"qt"},{"@type":"Organization","@id":"https:\/\/qtmm.org\/qt\/#organization","name":"\u041c\u0435\u0434\u0436\u043b\u0456\u0441","url":"https:\/\/qtmm.org\/qt\/","logo":{"@type":"ImageObject","inLanguage":"qt","@id":"https:\/\/qtmm.org\/qt\/#\/schema\/logo\/image\/","url":"https:\/\/qtmm.org\/wp-content\/uploads\/2024\/12\/ua-mejlis-logo-rgb.svg","contentUrl":"https:\/\/qtmm.org\/wp-content\/uploads\/2024\/12\/ua-mejlis-logo-rgb.svg","caption":"\u041c\u0435\u0434\u0436\u043b\u0456\u0441"},"image":{"@id":"https:\/\/qtmm.org\/qt\/#\/schema\/logo\/image\/"},"sameAs":["https:\/\/www.facebook.com\/qtmm.info\/"]},{"@type":"Person","@id":"https:\/\/qtmm.org\/qt\/#\/schema\/person\/de562469f971dec226ac06e60bbf74a7","name":"Developer","image":{"@type":"ImageObject","inLanguage":"qt","@id":"https:\/\/secure.gravatar.com\/avatar\/392b4cc8fbfeb00b39dfeeab4ee6edded39ffd48e25858637e4765810300227e?s=96&d=mm&r=g","url":"https:\/\/secure.gravatar.com\/avatar\/392b4cc8fbfeb00b39dfeeab4ee6edded39ffd48e25858637e4765810300227e?s=96&d=mm&r=g","contentUrl":"https:\/\/secure.gravatar.com\/avatar\/392b4cc8fbfeb00b39dfeeab4ee6edded39ffd48e25858637e4765810300227e?s=96&d=mm&r=g","caption":"Developer"},"url":"https:\/\/qtmm.org\/qt\/author\/Developer\/"}]}},"_links":{"self":[{"href":"https:\/\/qtmm.org\/qt\/wp-json\/wp\/v2\/posts\/29750","targetHints":{"allow":["GET"]}}],"collection":[{"href":"https:\/\/qtmm.org\/qt\/wp-json\/wp\/v2\/posts"}],"about":[{"href":"https:\/\/qtmm.org\/qt\/wp-json\/wp\/v2\/types\/post"}],"author":[{"embeddable":true,"href":"https:\/\/qtmm.org\/qt\/wp-json\/wp\/v2\/users\/1"}],"replies":[{"embeddable":true,"href":"https:\/\/qtmm.org\/qt\/wp-json\/wp\/v2\/comments?post=29750"}],"version-history":[{"count":1,"href":"https:\/\/qtmm.org\/qt\/wp-json\/wp\/v2\/posts\/29750\/revisions"}],"predecessor-version":[{"id":29751,"href":"https:\/\/qtmm.org\/qt\/wp-json\/wp\/v2\/posts\/29750\/revisions\/29751"}],"wp:attachment":[{"href":"https:\/\/qtmm.org\/qt\/wp-json\/wp\/v2\/media?parent=29750"}],"wp:term":[{"taxonomy":"category","embeddable":true,"href":"https:\/\/qtmm.org\/qt\/wp-json\/wp\/v2\/categories?post=29750"},{"taxonomy":"post_tag","embeddable":true,"href":"https:\/\/qtmm.org\/qt\/wp-json\/wp\/v2\/tags?post=29750"}],"curies":[{"name":"wp","href":"https:\/\/api.w.org\/{rel}","templated":true}]}}