




{"id":29675,"date":"2012-04-02T17:39:00","date_gmt":"2012-04-02T14:39:00","guid":{"rendered":"http:\/\/qtmm.org\/?p=29675"},"modified":"2022-01-21T17:41:50","modified_gmt":"2022-01-21T14:41:50","slug":"aqmescit-regioninda-yerli-meclislernin-azalari-saylandi","status":"publish","type":"post","link":"https:\/\/qtmm.org\/qt\/aqmescit-regioninda-yerli-meclislernin-azalari-saylandi\/","title":{"rendered":"Aqmescit region\u0131nda yerli meclislerni\u00f1 azalar\u0131 sayland\u0131"},"content":{"rendered":"\n<p>Cumaertesi k\u00fcn\u00fc, 2012 senesi mart 31-de Aqmescit \u015feeri ve Aqmescit rayon\u0131 yerli meclislerini\u00f1 azalar\u0131 sayland\u0131.<\/p>\n\n\n\n<p>\u015eu k\u00fcn\u00fc Aqmescit region\u0131ndaki 34 yerli mecliske azalar saylanacaq 70 saylav u\u00e7astkalarn\u0131\u00f1 qap\u0131lar\u0131 saylavc\u0131lar i\u00e7\u00fcn saba saat 8-de a\u00e7\u0131ld\u0131. 12 yerli meclis Aqmescit \u015feeri ve 22-si Aqmescit rayon erk\u00e2n\u0131na kire.<\/p>\n\n\n\n<p>Belli ki, &#8220;Q\u0131r\u0131mtatar halq\u0131 \u00f6z-\u00f6z\u00fcni idare et\u00fcv milliy organlar boyunca nizamname&#8221;ge k\u00f6re yerli meclislerni\u00f1 azalar\u0131 umumiy, musaviy ve do\u011frudan-do\u011fru saylav uquq\u0131 esas\u0131nda gizli rey ber\u00fcv yolunen saylanalar. Aqmescit region\u0131 yerli meclislerine azalar saylavlarn\u0131\u00f1 ke\u00e7irilmesinden evel Yerli meclislerge saylavlarn\u0131 az\u0131rlav ve te\u015fkil\u00e2tland\u0131ruv boyunca komissiya taraf\u0131ndan er tarafl\u0131 i\u015f al\u0131p bar\u0131ld\u0131. Yerli territorial ve u\u00e7astka saylav komissiyalar\u0131nda g\u00f6\u00f1\u00fclli olaraq 500-den ziyade insan \u00e7al\u0131\u015ft\u0131.<\/p>\n\n\n\n<p>Saylavlarn\u0131 ke\u00e7ir\u00fcv, bun\u0131\u00f1 kibi de saylavlar\u011fa az\u0131rl\u0131qn\u0131\u00f1 er bir basq\u0131\u00e7\u0131n\u0131\u00f1 tertibi, \u015fu c\u00fcmleden namzetlerni k\u00f6ster\u00fcv ve cedvelge aluv aqq\u0131nda Aqmescit region\u0131n\u0131\u00f1 saylavc\u0131lar\u0131na K\u00fctleviy informatsiya vastalar\u0131 ve \u00f6z-\u00f6z\u00fcni idare et\u00fcv milliy organ\u0131n\u0131\u00f1 yerli te\u015fkil\u00e2tlar\u0131 rey berilmesinden 45 k\u00fcn evel haber etildi. Belgilengen m\u00fcddette yerli mecliske 322 azan\u0131\u00f1 saylan\u0131lmas\u0131 i\u00e7\u00fcn 491 namzet cedvelge al\u0131nd\u0131.<\/p>\n\n\n\n<p>Rey ber\u00fcvni\u00f1 2012 senesi aprel 2 saba yek\u00fcn \u00e7ekilgen neticelerine k\u00f6re saylav epsi yerlerde old\u0131. K\u00f6ylerdeki saylavc\u0131larn\u0131\u00f1 faalligi 42 fay\u0131z, baz\u0131 yerlede 74 fay\u0131z olsa, baz\u0131lar\u0131nda 27 fay\u0131zn\u0131 da te\u015fkil etken. \u015eeer saylavc\u0131lar\u0131n\u0131\u00f1 aktivligi 30 fay\u0131zn\u0131 te\u015fkil etip, m\u0131nda da 78 fay\u0131zdan ta 15 fay\u0131z\u011fa qadar aktivlik k\u00f6zetildi.<\/p>\n\n\n\n<p>Al-az\u0131rda Yerli meclislerge saylavlarn\u0131 az\u0131rlav ve te\u015fkil\u00e2tland\u0131ruv boyunca komissiya territorial ve saylav u\u00e7astkalarn\u0131\u00f1 protokollar\u0131n\u0131, bun\u0131\u00f1 kibi de b\u00fclletenlerni qabul ete. Yerli saylav komissiya azalar\u0131n\u0131\u00f1 y\u00fcksek professionalligi sayesinde saylavlar &#8220;Q\u0131r\u0131mtatar halq\u0131 \u00f6z-\u00f6z\u00fcni idare et\u00fcv milliy organlar boyunca nizamname&#8221;ge muvaf\u0131q ke\u00e7irildi. Saylavlarn\u0131 az\u0131rlav ve ke\u00e7ir\u00fcv boyunca komissiya\u011fa ancaq bir qa\u00e7 \u015fik\u00e2yet t\u00fc\u015fti.<\/p>\n\n\n\n<p>Ayn\u0131 zamanda Yerli meclislerge saylavlarn\u0131 az\u0131rlav ve te\u015fkil\u00e2tland\u0131ruv boyunca komissiyan\u0131\u00f1 azalar\u0131 Mazanka yerli meclisine azalarn\u0131 saylavda baz\u0131 hatalar\u011fa yol berilgenini qayd ettiler. Bu mesele komissiyan\u0131\u00f1 topla\u015fuv\u0131nda da baq\u0131lacaq.<\/p>\n\n\n\n<p>Aqmescit region\u0131nda yerli meclislerge azalarn\u0131 saylavlarn\u0131\u00f1 so\u00f1 neticelerine Yerli meclislerge saylavlarn\u0131 az\u0131rlav ve te\u015fkil\u00e2tland\u0131ruv komissiyas\u0131n\u0131\u00f1 e\u00f1 yaq\u0131n vaq\u0131tta olacaq topla\u015fuv\u0131nda yek\u00fcn \u00e7ekiledzjek.<\/p>\n\n\n\n<figure class=\"wp-block-gallery columns-3 is-cropped wp-block-gallery-1 is-layout-flex wp-block-gallery-is-layout-flex\"><ul class=\"blocks-gallery-grid\"><li class=\"blocks-gallery-item\"><figure><a href=\"http:\/\/qtmm.org\/wp-content\/uploads\/2022\/01\/4f7a09a1b3503.jpeg\"><img loading=\"lazy\" decoding=\"async\" width=\"640\" height=\"480\" src=\"http:\/\/qtmm.org\/wp-content\/uploads\/2022\/01\/4f7a09a1b3503.jpeg\" alt=\"\" data-id=\"29676\" data-full-url=\"http:\/\/qtmm.org\/wp-content\/uploads\/2022\/01\/4f7a09a1b3503.jpeg\" data-link=\"http:\/\/qtmm.org\/qt\/?attachment_id=29676\" class=\"wp-image-29676\" srcset=\"https:\/\/qtmm.org\/wp-content\/uploads\/2022\/01\/4f7a09a1b3503.jpeg 640w, https:\/\/qtmm.org\/wp-content\/uploads\/2022\/01\/4f7a09a1b3503-300x225.jpeg 300w\" sizes=\"auto, (max-width: 640px) 100vw, 640px\" \/><\/a><\/figure><\/li><li class=\"blocks-gallery-item\"><figure><a href=\"http:\/\/qtmm.org\/wp-content\/uploads\/2022\/01\/4f7a09a2a2f4a.jpeg\"><img loading=\"lazy\" decoding=\"async\" width=\"640\" height=\"480\" src=\"http:\/\/qtmm.org\/wp-content\/uploads\/2022\/01\/4f7a09a2a2f4a.jpeg\" alt=\"\" data-id=\"29680\" data-full-url=\"http:\/\/qtmm.org\/wp-content\/uploads\/2022\/01\/4f7a09a2a2f4a.jpeg\" data-link=\"http:\/\/qtmm.org\/qt\/?attachment_id=29680\" class=\"wp-image-29680\" srcset=\"https:\/\/qtmm.org\/wp-content\/uploads\/2022\/01\/4f7a09a2a2f4a.jpeg 640w, https:\/\/qtmm.org\/wp-content\/uploads\/2022\/01\/4f7a09a2a2f4a-300x225.jpeg 300w\" sizes=\"auto, (max-width: 640px) 100vw, 640px\" \/><\/a><\/figure><\/li><li class=\"blocks-gallery-item\"><figure><a href=\"http:\/\/qtmm.org\/wp-content\/uploads\/2022\/01\/4f7a09a2cc384.jpeg\"><img loading=\"lazy\" decoding=\"async\" width=\"640\" height=\"480\" src=\"http:\/\/qtmm.org\/wp-content\/uploads\/2022\/01\/4f7a09a2cc384.jpeg\" alt=\"\" data-id=\"29684\" data-full-url=\"http:\/\/qtmm.org\/wp-content\/uploads\/2022\/01\/4f7a09a2cc384.jpeg\" data-link=\"http:\/\/qtmm.org\/qt\/?attachment_id=29684\" class=\"wp-image-29684\" srcset=\"https:\/\/qtmm.org\/wp-content\/uploads\/2022\/01\/4f7a09a2cc384.jpeg 640w, https:\/\/qtmm.org\/wp-content\/uploads\/2022\/01\/4f7a09a2cc384-300x225.jpeg 300w\" sizes=\"auto, (max-width: 640px) 100vw, 640px\" \/><\/a><\/figure><\/li><li class=\"blocks-gallery-item\"><figure><a href=\"http:\/\/qtmm.org\/wp-content\/uploads\/2022\/01\/4f7a09a2f28d1.jpeg\"><img loading=\"lazy\" decoding=\"async\" width=\"640\" height=\"480\" src=\"http:\/\/qtmm.org\/wp-content\/uploads\/2022\/01\/4f7a09a2f28d1.jpeg\" alt=\"\" data-id=\"29688\" data-full-url=\"http:\/\/qtmm.org\/wp-content\/uploads\/2022\/01\/4f7a09a2f28d1.jpeg\" data-link=\"http:\/\/qtmm.org\/qt\/?attachment_id=29688\" class=\"wp-image-29688\" srcset=\"https:\/\/qtmm.org\/wp-content\/uploads\/2022\/01\/4f7a09a2f28d1.jpeg 640w, https:\/\/qtmm.org\/wp-content\/uploads\/2022\/01\/4f7a09a2f28d1-300x225.jpeg 300w\" sizes=\"auto, (max-width: 640px) 100vw, 640px\" \/><\/a><\/figure><\/li><li class=\"blocks-gallery-item\"><figure><a href=\"http:\/\/qtmm.org\/wp-content\/uploads\/2022\/01\/4f7a09a3b543b.jpeg\"><img loading=\"lazy\" decoding=\"async\" width=\"640\" height=\"480\" src=\"http:\/\/qtmm.org\/wp-content\/uploads\/2022\/01\/4f7a09a3b543b.jpeg\" alt=\"\" data-id=\"29692\" data-full-url=\"http:\/\/qtmm.org\/wp-content\/uploads\/2022\/01\/4f7a09a3b543b.jpeg\" data-link=\"http:\/\/qtmm.org\/qt\/?attachment_id=29692\" class=\"wp-image-29692\" srcset=\"https:\/\/qtmm.org\/wp-content\/uploads\/2022\/01\/4f7a09a3b543b.jpeg 640w, https:\/\/qtmm.org\/wp-content\/uploads\/2022\/01\/4f7a09a3b543b-300x225.jpeg 300w\" sizes=\"auto, (max-width: 640px) 100vw, 640px\" \/><\/a><\/figure><\/li><li class=\"blocks-gallery-item\"><figure><a href=\"http:\/\/qtmm.org\/wp-content\/uploads\/2022\/01\/4f7a09a3d8aad.jpeg\"><img loading=\"lazy\" decoding=\"async\" width=\"640\" height=\"480\" src=\"http:\/\/qtmm.org\/wp-content\/uploads\/2022\/01\/4f7a09a3d8aad.jpeg\" alt=\"\" data-id=\"29696\" data-full-url=\"http:\/\/qtmm.org\/wp-content\/uploads\/2022\/01\/4f7a09a3d8aad.jpeg\" data-link=\"http:\/\/qtmm.org\/qt\/?attachment_id=29696\" class=\"wp-image-29696\" srcset=\"https:\/\/qtmm.org\/wp-content\/uploads\/2022\/01\/4f7a09a3d8aad.jpeg 640w, https:\/\/qtmm.org\/wp-content\/uploads\/2022\/01\/4f7a09a3d8aad-300x225.jpeg 300w\" sizes=\"auto, (max-width: 640px) 100vw, 640px\" \/><\/a><\/figure><\/li><li class=\"blocks-gallery-item\"><figure><a href=\"http:\/\/qtmm.org\/wp-content\/uploads\/2022\/01\/4f7a09a4c0822.jpeg\"><img loading=\"lazy\" decoding=\"async\" width=\"640\" height=\"480\" src=\"http:\/\/qtmm.org\/wp-content\/uploads\/2022\/01\/4f7a09a4c0822.jpeg\" alt=\"\" data-id=\"29700\" data-full-url=\"http:\/\/qtmm.org\/wp-content\/uploads\/2022\/01\/4f7a09a4c0822.jpeg\" data-link=\"http:\/\/qtmm.org\/qt\/?attachment_id=29700\" class=\"wp-image-29700\" srcset=\"https:\/\/qtmm.org\/wp-content\/uploads\/2022\/01\/4f7a09a4c0822.jpeg 640w, https:\/\/qtmm.org\/wp-content\/uploads\/2022\/01\/4f7a09a4c0822-300x225.jpeg 300w\" sizes=\"auto, (max-width: 640px) 100vw, 640px\" \/><\/a><\/figure><\/li><li class=\"blocks-gallery-item\"><figure><a href=\"http:\/\/qtmm.org\/wp-content\/uploads\/2022\/01\/4f7a09a4e3aa6.jpeg\"><img loading=\"lazy\" decoding=\"async\" width=\"640\" height=\"480\" src=\"http:\/\/qtmm.org\/wp-content\/uploads\/2022\/01\/4f7a09a4e3aa6.jpeg\" alt=\"\" data-id=\"29704\" data-full-url=\"http:\/\/qtmm.org\/wp-content\/uploads\/2022\/01\/4f7a09a4e3aa6.jpeg\" data-link=\"http:\/\/qtmm.org\/qt\/?attachment_id=29704\" class=\"wp-image-29704\" srcset=\"https:\/\/qtmm.org\/wp-content\/uploads\/2022\/01\/4f7a09a4e3aa6.jpeg 640w, https:\/\/qtmm.org\/wp-content\/uploads\/2022\/01\/4f7a09a4e3aa6-300x225.jpeg 300w\" sizes=\"auto, (max-width: 640px) 100vw, 640px\" \/><\/a><\/figure><\/li><li class=\"blocks-gallery-item\"><figure><a href=\"http:\/\/qtmm.org\/wp-content\/uploads\/2022\/01\/4f7a09a27ba4d.jpeg\"><img loading=\"lazy\" decoding=\"async\" width=\"640\" height=\"480\" src=\"http:\/\/qtmm.org\/wp-content\/uploads\/2022\/01\/4f7a09a27ba4d.jpeg\" alt=\"\" data-id=\"29708\" data-full-url=\"http:\/\/qtmm.org\/wp-content\/uploads\/2022\/01\/4f7a09a27ba4d.jpeg\" data-link=\"http:\/\/qtmm.org\/qt\/?attachment_id=29708\" class=\"wp-image-29708\" srcset=\"https:\/\/qtmm.org\/wp-content\/uploads\/2022\/01\/4f7a09a27ba4d.jpeg 640w, https:\/\/qtmm.org\/wp-content\/uploads\/2022\/01\/4f7a09a27ba4d-300x225.jpeg 300w\" sizes=\"auto, (max-width: 640px) 100vw, 640px\" \/><\/a><\/figure><\/li><li class=\"blocks-gallery-item\"><figure><a href=\"http:\/\/qtmm.org\/wp-content\/uploads\/2022\/01\/4f7a09a32a209.jpeg\"><img loading=\"lazy\" decoding=\"async\" width=\"640\" height=\"480\" src=\"http:\/\/qtmm.org\/wp-content\/uploads\/2022\/01\/4f7a09a32a209.jpeg\" alt=\"\" data-id=\"29712\" data-full-url=\"http:\/\/qtmm.org\/wp-content\/uploads\/2022\/01\/4f7a09a32a209.jpeg\" data-link=\"http:\/\/qtmm.org\/qt\/?attachment_id=29712\" class=\"wp-image-29712\" srcset=\"https:\/\/qtmm.org\/wp-content\/uploads\/2022\/01\/4f7a09a32a209.jpeg 640w, https:\/\/qtmm.org\/wp-content\/uploads\/2022\/01\/4f7a09a32a209-300x225.jpeg 300w\" sizes=\"auto, (max-width: 640px) 100vw, 640px\" \/><\/a><\/figure><\/li><li class=\"blocks-gallery-item\"><figure><a href=\"http:\/\/qtmm.org\/wp-content\/uploads\/2022\/01\/4f7a09a49c224.jpeg\"><img loading=\"lazy\" decoding=\"async\" width=\"640\" height=\"480\" src=\"http:\/\/qtmm.org\/wp-content\/uploads\/2022\/01\/4f7a09a49c224.jpeg\" alt=\"\" data-id=\"29716\" data-full-url=\"http:\/\/qtmm.org\/wp-content\/uploads\/2022\/01\/4f7a09a49c224.jpeg\" data-link=\"http:\/\/qtmm.org\/qt\/?attachment_id=29716\" class=\"wp-image-29716\" srcset=\"https:\/\/qtmm.org\/wp-content\/uploads\/2022\/01\/4f7a09a49c224.jpeg 640w, https:\/\/qtmm.org\/wp-content\/uploads\/2022\/01\/4f7a09a49c224-300x225.jpeg 300w\" sizes=\"auto, (max-width: 640px) 100vw, 640px\" \/><\/a><\/figure><\/li><li class=\"blocks-gallery-item\"><figure><a href=\"http:\/\/qtmm.org\/wp-content\/uploads\/2022\/01\/4f7a09a383f6a.jpeg\"><img loading=\"lazy\" decoding=\"async\" width=\"640\" height=\"480\" src=\"http:\/\/qtmm.org\/wp-content\/uploads\/2022\/01\/4f7a09a383f6a.jpeg\" alt=\"\" data-id=\"29720\" data-full-url=\"http:\/\/qtmm.org\/wp-content\/uploads\/2022\/01\/4f7a09a383f6a.jpeg\" data-link=\"http:\/\/qtmm.org\/qt\/?attachment_id=29720\" class=\"wp-image-29720\" srcset=\"https:\/\/qtmm.org\/wp-content\/uploads\/2022\/01\/4f7a09a383f6a.jpeg 640w, https:\/\/qtmm.org\/wp-content\/uploads\/2022\/01\/4f7a09a383f6a-300x225.jpeg 300w\" sizes=\"auto, (max-width: 640px) 100vw, 640px\" \/><\/a><\/figure><\/li><li class=\"blocks-gallery-item\"><figure><a href=\"http:\/\/qtmm.org\/wp-content\/uploads\/2022\/01\/4f7a09a514af1.jpeg\"><img loading=\"lazy\" decoding=\"async\" width=\"640\" height=\"480\" src=\"http:\/\/qtmm.org\/wp-content\/uploads\/2022\/01\/4f7a09a514af1.jpeg\" alt=\"\" data-id=\"29724\" data-full-url=\"http:\/\/qtmm.org\/wp-content\/uploads\/2022\/01\/4f7a09a514af1.jpeg\" data-link=\"http:\/\/qtmm.org\/qt\/?attachment_id=29724\" class=\"wp-image-29724\" srcset=\"https:\/\/qtmm.org\/wp-content\/uploads\/2022\/01\/4f7a09a514af1.jpeg 640w, https:\/\/qtmm.org\/wp-content\/uploads\/2022\/01\/4f7a09a514af1-300x225.jpeg 300w\" sizes=\"auto, (max-width: 640px) 100vw, 640px\" \/><\/a><\/figure><\/li><li class=\"blocks-gallery-item\"><figure><a href=\"http:\/\/qtmm.org\/wp-content\/uploads\/2022\/01\/4f7a09a237457.jpeg\"><img loading=\"lazy\" decoding=\"async\" width=\"640\" height=\"480\" src=\"http:\/\/qtmm.org\/wp-content\/uploads\/2022\/01\/4f7a09a237457.jpeg\" alt=\"\" data-id=\"29728\" data-full-url=\"http:\/\/qtmm.org\/wp-content\/uploads\/2022\/01\/4f7a09a237457.jpeg\" data-link=\"http:\/\/qtmm.org\/qt\/?attachment_id=29728\" class=\"wp-image-29728\" srcset=\"https:\/\/qtmm.org\/wp-content\/uploads\/2022\/01\/4f7a09a237457.jpeg 640w, https:\/\/qtmm.org\/wp-content\/uploads\/2022\/01\/4f7a09a237457-300x225.jpeg 300w\" sizes=\"auto, (max-width: 640px) 100vw, 640px\" \/><\/a><\/figure><\/li><li class=\"blocks-gallery-item\"><figure><a href=\"http:\/\/qtmm.org\/wp-content\/uploads\/2022\/01\/4f7a09a259378.jpeg\"><img loading=\"lazy\" decoding=\"async\" width=\"640\" height=\"480\" src=\"http:\/\/qtmm.org\/wp-content\/uploads\/2022\/01\/4f7a09a259378.jpeg\" alt=\"\" data-id=\"29732\" data-full-url=\"http:\/\/qtmm.org\/wp-content\/uploads\/2022\/01\/4f7a09a259378.jpeg\" data-link=\"http:\/\/qtmm.org\/qt\/?attachment_id=29732\" class=\"wp-image-29732\" srcset=\"https:\/\/qtmm.org\/wp-content\/uploads\/2022\/01\/4f7a09a259378.jpeg 640w, https:\/\/qtmm.org\/wp-content\/uploads\/2022\/01\/4f7a09a259378-300x225.jpeg 300w\" sizes=\"auto, (max-width: 640px) 100vw, 640px\" \/><\/a><\/figure><\/li><li class=\"blocks-gallery-item\"><figure><a href=\"http:\/\/qtmm.org\/wp-content\/uploads\/2022\/01\/4f7a09a356695.jpeg\"><img loading=\"lazy\" decoding=\"async\" width=\"640\" height=\"480\" src=\"http:\/\/qtmm.org\/wp-content\/uploads\/2022\/01\/4f7a09a356695.jpeg\" alt=\"\" data-id=\"29736\" data-full-url=\"http:\/\/qtmm.org\/wp-content\/uploads\/2022\/01\/4f7a09a356695.jpeg\" data-link=\"http:\/\/qtmm.org\/qt\/?attachment_id=29736\" class=\"wp-image-29736\" srcset=\"https:\/\/qtmm.org\/wp-content\/uploads\/2022\/01\/4f7a09a356695.jpeg 640w, https:\/\/qtmm.org\/wp-content\/uploads\/2022\/01\/4f7a09a356695-300x225.jpeg 300w\" sizes=\"auto, (max-width: 640px) 100vw, 640px\" \/><\/a><\/figure><\/li><li class=\"blocks-gallery-item\"><figure><a href=\"http:\/\/qtmm.org\/wp-content\/uploads\/2022\/01\/4f7a09a406382.jpeg\"><img loading=\"lazy\" decoding=\"async\" width=\"640\" height=\"480\" src=\"http:\/\/qtmm.org\/wp-content\/uploads\/2022\/01\/4f7a09a406382.jpeg\" alt=\"\" data-id=\"29740\" data-full-url=\"http:\/\/qtmm.org\/wp-content\/uploads\/2022\/01\/4f7a09a406382.jpeg\" data-link=\"http:\/\/qtmm.org\/qt\/?attachment_id=29740\" class=\"wp-image-29740\" srcset=\"https:\/\/qtmm.org\/wp-content\/uploads\/2022\/01\/4f7a09a406382.jpeg 640w, https:\/\/qtmm.org\/wp-content\/uploads\/2022\/01\/4f7a09a406382-300x225.jpeg 300w\" sizes=\"auto, (max-width: 640px) 100vw, 640px\" \/><\/a><\/figure><\/li><li class=\"blocks-gallery-item\"><figure><a href=\"http:\/\/qtmm.org\/wp-content\/uploads\/2022\/01\/4f7a09a439036.jpeg\"><img loading=\"lazy\" decoding=\"async\" width=\"640\" height=\"480\" src=\"http:\/\/qtmm.org\/wp-content\/uploads\/2022\/01\/4f7a09a439036.jpeg\" alt=\"\" data-id=\"29744\" data-full-url=\"http:\/\/qtmm.org\/wp-content\/uploads\/2022\/01\/4f7a09a439036.jpeg\" data-link=\"http:\/\/qtmm.org\/qt\/?attachment_id=29744\" class=\"wp-image-29744\" srcset=\"https:\/\/qtmm.org\/wp-content\/uploads\/2022\/01\/4f7a09a439036.jpeg 640w, https:\/\/qtmm.org\/wp-content\/uploads\/2022\/01\/4f7a09a439036-300x225.jpeg 300w\" sizes=\"auto, (max-width: 640px) 100vw, 640px\" \/><\/a><\/figure><\/li><\/ul><\/figure>\n\n\n\n<h1 class=\"wp-block-heading\">Haberlerge video<\/h1>\n\n\n\n<figure class=\"wp-block-embed is-type-rich is-provider-embed-handler wp-block-embed-embed-handler wp-embed-aspect-4-3 wp-has-aspect-ratio\"><div class=\"wp-block-embed__wrapper\">\n<iframe loading=\"lazy\" title=\"Aqmescit region\u0131nda yerli meclislerni\u00f1 azalar\u0131 sayland\u0131\" width=\"640\" height=\"480\" src=\"https:\/\/www.youtube.com\/embed\/4hHr5S2r3L0?feature=oembed\" frameborder=\"0\" allow=\"accelerometer; autoplay; clipboard-write; encrypted-media; gyroscope; picture-in-picture; web-share\" referrerpolicy=\"strict-origin-when-cross-origin\" allowfullscreen><\/iframe>\n<\/div><\/figure>\n","protected":false},"excerpt":{"rendered":"<p>Cumaertesi k\u00fcn\u00fc, 2012 senesi mart 31-de Aqmescit \u015feeri ve Aqmescit rayon\u0131 yerli meclislerini\u00f1 azalar\u0131 sayland\u0131. \u015eu k\u00fcn\u00fc Aqmescit region\u0131ndaki 34 yerli mecliske azalar saylanacaq 70 saylav u\u00e7astkalarn\u0131\u00f1 qap\u0131lar\u0131 saylavc\u0131lar i\u00e7\u00fcn saba saat 8-de a\u00e7\u0131ld\u0131. 12 yerli meclis Aqmescit \u015feeri ve 22-si Aqmescit rayon erk\u00e2n\u0131na kire. Belli ki, &#8220;Q\u0131r\u0131mtatar halq\u0131 \u00f6z-\u00f6z\u00fcni idare et\u00fcv milliy organlar boyunca [&hellip;]<\/p>\n","protected":false},"author":1,"featured_media":29716,"comment_status":"open","ping_status":"open","sticky":false,"template":"","format":"standard","meta":{"inline_featured_image":false,"footnotes":""},"categories":[265],"tags":[],"class_list":["post-29675","post","type-post","status-publish","format-standard","has-post-thumbnail","hentry","category-haberler"],"acf":[],"yoast_head":"<!-- This site is optimized with the Yoast SEO plugin v27.4 - https:\/\/yoast.com\/product\/yoast-seo-wordpress\/ -->\n<title>Aqmescit region\u0131nda yerli meclislerni\u00f1 azalar\u0131 sayland\u0131 - \u041c\u0435\u0434\u0436\u043b\u0456\u0441<\/title>\n<meta name=\"robots\" content=\"index, follow, max-snippet:-1, max-image-preview:large, max-video-preview:-1\" \/>\n<link rel=\"canonical\" href=\"https:\/\/qtmm.org\/qt\/aqmescit-regioninda-yerli-meclislernin-azalari-saylandi\/\" \/>\n<meta property=\"og:locale\" content=\"en_US\" \/>\n<meta property=\"og:type\" content=\"article\" \/>\n<meta property=\"og:title\" content=\"Aqmescit region\u0131nda yerli meclislerni\u00f1 azalar\u0131 sayland\u0131 - \u041c\u0435\u0434\u0436\u043b\u0456\u0441\" \/>\n<meta property=\"og:description\" content=\"Cumaertesi k\u00fcn\u00fc, 2012 senesi mart 31-de Aqmescit \u015feeri ve Aqmescit rayon\u0131 yerli meclislerini\u00f1 azalar\u0131 sayland\u0131. \u015eu k\u00fcn\u00fc Aqmescit region\u0131ndaki 34 yerli mecliske azalar saylanacaq 70 saylav u\u00e7astkalarn\u0131\u00f1 qap\u0131lar\u0131 saylavc\u0131lar i\u00e7\u00fcn saba saat 8-de a\u00e7\u0131ld\u0131. 12 yerli meclis Aqmescit \u015feeri ve 22-si Aqmescit rayon erk\u00e2n\u0131na kire. Belli ki, &#8220;Q\u0131r\u0131mtatar halq\u0131 \u00f6z-\u00f6z\u00fcni idare et\u00fcv milliy organlar boyunca [&hellip;]\" \/>\n<meta property=\"og:url\" content=\"https:\/\/qtmm.org\/qt\/aqmescit-regioninda-yerli-meclislernin-azalari-saylandi\/\" \/>\n<meta property=\"og:site_name\" content=\"\u041c\u0435\u0434\u0436\u043b\u0456\u0441\" \/>\n<meta property=\"article:publisher\" content=\"https:\/\/www.facebook.com\/qtmm.info\/\" \/>\n<meta property=\"article:published_time\" content=\"2012-04-02T14:39:00+00:00\" \/>\n<meta property=\"article:modified_time\" content=\"2022-01-21T14:41:50+00:00\" \/>\n<meta property=\"og:image\" content=\"https:\/\/qtmm.org\/wp-content\/uploads\/2022\/01\/4f7a09a49c224.jpeg\" \/>\n\t<meta property=\"og:image:width\" content=\"640\" \/>\n\t<meta property=\"og:image:height\" content=\"480\" \/>\n\t<meta property=\"og:image:type\" content=\"image\/jpeg\" \/>\n<meta name=\"author\" content=\"Developer\" \/>\n<meta name=\"twitter:card\" content=\"summary_large_image\" \/>\n<meta name=\"twitter:label1\" content=\"Written by\" \/>\n\t<meta name=\"twitter:data1\" content=\"Developer\" \/>\n\t<meta name=\"twitter:label2\" content=\"Est. reading time\" \/>\n\t<meta name=\"twitter:data2\" content=\"2 minutes\" \/>\n<script type=\"application\/ld+json\" class=\"yoast-schema-graph\">{\"@context\":\"https:\\\/\\\/schema.org\",\"@graph\":[{\"@type\":\"Article\",\"@id\":\"https:\\\/\\\/qtmm.org\\\/qt\\\/aqmescit-regioninda-yerli-meclislernin-azalari-saylandi\\\/#article\",\"isPartOf\":{\"@id\":\"https:\\\/\\\/qtmm.org\\\/qt\\\/aqmescit-regioninda-yerli-meclislernin-azalari-saylandi\\\/\"},\"author\":{\"name\":\"Developer\",\"@id\":\"https:\\\/\\\/qtmm.org\\\/qt\\\/#\\\/schema\\\/person\\\/de562469f971dec226ac06e60bbf74a7\"},\"headline\":\"Aqmescit region\u0131nda yerli meclislerni\u00f1 azalar\u0131 sayland\u0131\",\"datePublished\":\"2012-04-02T14:39:00+00:00\",\"dateModified\":\"2022-01-21T14:41:50+00:00\",\"mainEntityOfPage\":{\"@id\":\"https:\\\/\\\/qtmm.org\\\/qt\\\/aqmescit-regioninda-yerli-meclislernin-azalari-saylandi\\\/\"},\"wordCount\":430,\"commentCount\":0,\"publisher\":{\"@id\":\"https:\\\/\\\/qtmm.org\\\/qt\\\/#organization\"},\"image\":{\"@id\":\"https:\\\/\\\/qtmm.org\\\/qt\\\/aqmescit-regioninda-yerli-meclislernin-azalari-saylandi\\\/#primaryimage\"},\"thumbnailUrl\":\"https:\\\/\\\/qtmm.org\\\/wp-content\\\/uploads\\\/2022\\\/01\\\/4f7a09a49c224.jpeg\",\"articleSection\":[\"Haberler\"],\"inLanguage\":\"qt\",\"potentialAction\":[{\"@type\":\"CommentAction\",\"name\":\"Comment\",\"target\":[\"https:\\\/\\\/qtmm.org\\\/qt\\\/aqmescit-regioninda-yerli-meclislernin-azalari-saylandi\\\/#respond\"]}]},{\"@type\":\"WebPage\",\"@id\":\"https:\\\/\\\/qtmm.org\\\/qt\\\/aqmescit-regioninda-yerli-meclislernin-azalari-saylandi\\\/\",\"url\":\"https:\\\/\\\/qtmm.org\\\/qt\\\/aqmescit-regioninda-yerli-meclislernin-azalari-saylandi\\\/\",\"name\":\"Aqmescit region\u0131nda yerli meclislerni\u00f1 azalar\u0131 sayland\u0131 - \u041c\u0435\u0434\u0436\u043b\u0456\u0441\",\"isPartOf\":{\"@id\":\"https:\\\/\\\/qtmm.org\\\/qt\\\/#website\"},\"primaryImageOfPage\":{\"@id\":\"https:\\\/\\\/qtmm.org\\\/qt\\\/aqmescit-regioninda-yerli-meclislernin-azalari-saylandi\\\/#primaryimage\"},\"image\":{\"@id\":\"https:\\\/\\\/qtmm.org\\\/qt\\\/aqmescit-regioninda-yerli-meclislernin-azalari-saylandi\\\/#primaryimage\"},\"thumbnailUrl\":\"https:\\\/\\\/qtmm.org\\\/wp-content\\\/uploads\\\/2022\\\/01\\\/4f7a09a49c224.jpeg\",\"datePublished\":\"2012-04-02T14:39:00+00:00\",\"dateModified\":\"2022-01-21T14:41:50+00:00\",\"breadcrumb\":{\"@id\":\"https:\\\/\\\/qtmm.org\\\/qt\\\/aqmescit-regioninda-yerli-meclislernin-azalari-saylandi\\\/#breadcrumb\"},\"inLanguage\":\"qt\",\"potentialAction\":[{\"@type\":\"ReadAction\",\"target\":[\"https:\\\/\\\/qtmm.org\\\/qt\\\/aqmescit-regioninda-yerli-meclislernin-azalari-saylandi\\\/\"]}]},{\"@type\":\"ImageObject\",\"inLanguage\":\"qt\",\"@id\":\"https:\\\/\\\/qtmm.org\\\/qt\\\/aqmescit-regioninda-yerli-meclislernin-azalari-saylandi\\\/#primaryimage\",\"url\":\"https:\\\/\\\/qtmm.org\\\/wp-content\\\/uploads\\\/2022\\\/01\\\/4f7a09a49c224.jpeg\",\"contentUrl\":\"https:\\\/\\\/qtmm.org\\\/wp-content\\\/uploads\\\/2022\\\/01\\\/4f7a09a49c224.jpeg\",\"width\":640,\"height\":480},{\"@type\":\"BreadcrumbList\",\"@id\":\"https:\\\/\\\/qtmm.org\\\/qt\\\/aqmescit-regioninda-yerli-meclislernin-azalari-saylandi\\\/#breadcrumb\",\"itemListElement\":[{\"@type\":\"ListItem\",\"position\":1,\"name\":\"\u0413\u043e\u043b\u043e\u0432\u043d\u0430\",\"item\":\"https:\\\/\\\/qtmm.org\\\/qt\\\/\"},{\"@type\":\"ListItem\",\"position\":2,\"name\":\"Aqmescit region\u0131nda yerli meclislerni\u00f1 azalar\u0131 sayland\u0131\"}]},{\"@type\":\"WebSite\",\"@id\":\"https:\\\/\\\/qtmm.org\\\/qt\\\/#website\",\"url\":\"https:\\\/\\\/qtmm.org\\\/qt\\\/\",\"name\":\"\u041c\u0435\u0434\u0436\u043b\u0456\u0441\",\"description\":\"\",\"publisher\":{\"@id\":\"https:\\\/\\\/qtmm.org\\\/qt\\\/#organization\"},\"potentialAction\":[{\"@type\":\"SearchAction\",\"target\":{\"@type\":\"EntryPoint\",\"urlTemplate\":\"https:\\\/\\\/qtmm.org\\\/qt\\\/?s={search_term_string}\"},\"query-input\":{\"@type\":\"PropertyValueSpecification\",\"valueRequired\":true,\"valueName\":\"search_term_string\"}}],\"inLanguage\":\"qt\"},{\"@type\":\"Organization\",\"@id\":\"https:\\\/\\\/qtmm.org\\\/qt\\\/#organization\",\"name\":\"\u041c\u0435\u0434\u0436\u043b\u0456\u0441\",\"url\":\"https:\\\/\\\/qtmm.org\\\/qt\\\/\",\"logo\":{\"@type\":\"ImageObject\",\"inLanguage\":\"qt\",\"@id\":\"https:\\\/\\\/qtmm.org\\\/qt\\\/#\\\/schema\\\/logo\\\/image\\\/\",\"url\":\"https:\\\/\\\/qtmm.org\\\/wp-content\\\/uploads\\\/2024\\\/12\\\/ua-mejlis-logo-rgb.svg\",\"contentUrl\":\"https:\\\/\\\/qtmm.org\\\/wp-content\\\/uploads\\\/2024\\\/12\\\/ua-mejlis-logo-rgb.svg\",\"caption\":\"\u041c\u0435\u0434\u0436\u043b\u0456\u0441\"},\"image\":{\"@id\":\"https:\\\/\\\/qtmm.org\\\/qt\\\/#\\\/schema\\\/logo\\\/image\\\/\"},\"sameAs\":[\"https:\\\/\\\/www.facebook.com\\\/qtmm.info\\\/\"]},{\"@type\":\"Person\",\"@id\":\"https:\\\/\\\/qtmm.org\\\/qt\\\/#\\\/schema\\\/person\\\/de562469f971dec226ac06e60bbf74a7\",\"name\":\"Developer\",\"image\":{\"@type\":\"ImageObject\",\"inLanguage\":\"qt\",\"@id\":\"https:\\\/\\\/secure.gravatar.com\\\/avatar\\\/392b4cc8fbfeb00b39dfeeab4ee6edded39ffd48e25858637e4765810300227e?s=96&d=mm&r=g\",\"url\":\"https:\\\/\\\/secure.gravatar.com\\\/avatar\\\/392b4cc8fbfeb00b39dfeeab4ee6edded39ffd48e25858637e4765810300227e?s=96&d=mm&r=g\",\"contentUrl\":\"https:\\\/\\\/secure.gravatar.com\\\/avatar\\\/392b4cc8fbfeb00b39dfeeab4ee6edded39ffd48e25858637e4765810300227e?s=96&d=mm&r=g\",\"caption\":\"Developer\"},\"url\":\"https:\\\/\\\/qtmm.org\\\/qt\\\/author\\\/Developer\\\/\"}]}<\/script>\n<!-- \/ Yoast SEO plugin. -->","yoast_head_json":{"title":"Aqmescit region\u0131nda yerli meclislerni\u00f1 azalar\u0131 sayland\u0131 - \u041c\u0435\u0434\u0436\u043b\u0456\u0441","robots":{"index":"index","follow":"follow","max-snippet":"max-snippet:-1","max-image-preview":"max-image-preview:large","max-video-preview":"max-video-preview:-1"},"canonical":"https:\/\/qtmm.org\/qt\/aqmescit-regioninda-yerli-meclislernin-azalari-saylandi\/","og_locale":"en_US","og_type":"article","og_title":"Aqmescit region\u0131nda yerli meclislerni\u00f1 azalar\u0131 sayland\u0131 - \u041c\u0435\u0434\u0436\u043b\u0456\u0441","og_description":"Cumaertesi k\u00fcn\u00fc, 2012 senesi mart 31-de Aqmescit \u015feeri ve Aqmescit rayon\u0131 yerli meclislerini\u00f1 azalar\u0131 sayland\u0131. \u015eu k\u00fcn\u00fc Aqmescit region\u0131ndaki 34 yerli mecliske azalar saylanacaq 70 saylav u\u00e7astkalarn\u0131\u00f1 qap\u0131lar\u0131 saylavc\u0131lar i\u00e7\u00fcn saba saat 8-de a\u00e7\u0131ld\u0131. 12 yerli meclis Aqmescit \u015feeri ve 22-si Aqmescit rayon erk\u00e2n\u0131na kire. Belli ki, &#8220;Q\u0131r\u0131mtatar halq\u0131 \u00f6z-\u00f6z\u00fcni idare et\u00fcv milliy organlar boyunca [&hellip;]","og_url":"https:\/\/qtmm.org\/qt\/aqmescit-regioninda-yerli-meclislernin-azalari-saylandi\/","og_site_name":"\u041c\u0435\u0434\u0436\u043b\u0456\u0441","article_publisher":"https:\/\/www.facebook.com\/qtmm.info\/","article_published_time":"2012-04-02T14:39:00+00:00","article_modified_time":"2022-01-21T14:41:50+00:00","og_image":[{"width":640,"height":480,"url":"https:\/\/qtmm.org\/wp-content\/uploads\/2022\/01\/4f7a09a49c224.jpeg","type":"image\/jpeg"}],"author":"Developer","twitter_card":"summary_large_image","twitter_misc":{"Written by":"Developer","Est. reading time":"2 minutes"},"schema":{"@context":"https:\/\/schema.org","@graph":[{"@type":"Article","@id":"https:\/\/qtmm.org\/qt\/aqmescit-regioninda-yerli-meclislernin-azalari-saylandi\/#article","isPartOf":{"@id":"https:\/\/qtmm.org\/qt\/aqmescit-regioninda-yerli-meclislernin-azalari-saylandi\/"},"author":{"name":"Developer","@id":"https:\/\/qtmm.org\/qt\/#\/schema\/person\/de562469f971dec226ac06e60bbf74a7"},"headline":"Aqmescit region\u0131nda yerli meclislerni\u00f1 azalar\u0131 sayland\u0131","datePublished":"2012-04-02T14:39:00+00:00","dateModified":"2022-01-21T14:41:50+00:00","mainEntityOfPage":{"@id":"https:\/\/qtmm.org\/qt\/aqmescit-regioninda-yerli-meclislernin-azalari-saylandi\/"},"wordCount":430,"commentCount":0,"publisher":{"@id":"https:\/\/qtmm.org\/qt\/#organization"},"image":{"@id":"https:\/\/qtmm.org\/qt\/aqmescit-regioninda-yerli-meclislernin-azalari-saylandi\/#primaryimage"},"thumbnailUrl":"https:\/\/qtmm.org\/wp-content\/uploads\/2022\/01\/4f7a09a49c224.jpeg","articleSection":["Haberler"],"inLanguage":"qt","potentialAction":[{"@type":"CommentAction","name":"Comment","target":["https:\/\/qtmm.org\/qt\/aqmescit-regioninda-yerli-meclislernin-azalari-saylandi\/#respond"]}]},{"@type":"WebPage","@id":"https:\/\/qtmm.org\/qt\/aqmescit-regioninda-yerli-meclislernin-azalari-saylandi\/","url":"https:\/\/qtmm.org\/qt\/aqmescit-regioninda-yerli-meclislernin-azalari-saylandi\/","name":"Aqmescit region\u0131nda yerli meclislerni\u00f1 azalar\u0131 sayland\u0131 - \u041c\u0435\u0434\u0436\u043b\u0456\u0441","isPartOf":{"@id":"https:\/\/qtmm.org\/qt\/#website"},"primaryImageOfPage":{"@id":"https:\/\/qtmm.org\/qt\/aqmescit-regioninda-yerli-meclislernin-azalari-saylandi\/#primaryimage"},"image":{"@id":"https:\/\/qtmm.org\/qt\/aqmescit-regioninda-yerli-meclislernin-azalari-saylandi\/#primaryimage"},"thumbnailUrl":"https:\/\/qtmm.org\/wp-content\/uploads\/2022\/01\/4f7a09a49c224.jpeg","datePublished":"2012-04-02T14:39:00+00:00","dateModified":"2022-01-21T14:41:50+00:00","breadcrumb":{"@id":"https:\/\/qtmm.org\/qt\/aqmescit-regioninda-yerli-meclislernin-azalari-saylandi\/#breadcrumb"},"inLanguage":"qt","potentialAction":[{"@type":"ReadAction","target":["https:\/\/qtmm.org\/qt\/aqmescit-regioninda-yerli-meclislernin-azalari-saylandi\/"]}]},{"@type":"ImageObject","inLanguage":"qt","@id":"https:\/\/qtmm.org\/qt\/aqmescit-regioninda-yerli-meclislernin-azalari-saylandi\/#primaryimage","url":"https:\/\/qtmm.org\/wp-content\/uploads\/2022\/01\/4f7a09a49c224.jpeg","contentUrl":"https:\/\/qtmm.org\/wp-content\/uploads\/2022\/01\/4f7a09a49c224.jpeg","width":640,"height":480},{"@type":"BreadcrumbList","@id":"https:\/\/qtmm.org\/qt\/aqmescit-regioninda-yerli-meclislernin-azalari-saylandi\/#breadcrumb","itemListElement":[{"@type":"ListItem","position":1,"name":"\u0413\u043e\u043b\u043e\u0432\u043d\u0430","item":"https:\/\/qtmm.org\/qt\/"},{"@type":"ListItem","position":2,"name":"Aqmescit region\u0131nda yerli meclislerni\u00f1 azalar\u0131 sayland\u0131"}]},{"@type":"WebSite","@id":"https:\/\/qtmm.org\/qt\/#website","url":"https:\/\/qtmm.org\/qt\/","name":"\u041c\u0435\u0434\u0436\u043b\u0456\u0441","description":"","publisher":{"@id":"https:\/\/qtmm.org\/qt\/#organization"},"potentialAction":[{"@type":"SearchAction","target":{"@type":"EntryPoint","urlTemplate":"https:\/\/qtmm.org\/qt\/?s={search_term_string}"},"query-input":{"@type":"PropertyValueSpecification","valueRequired":true,"valueName":"search_term_string"}}],"inLanguage":"qt"},{"@type":"Organization","@id":"https:\/\/qtmm.org\/qt\/#organization","name":"\u041c\u0435\u0434\u0436\u043b\u0456\u0441","url":"https:\/\/qtmm.org\/qt\/","logo":{"@type":"ImageObject","inLanguage":"qt","@id":"https:\/\/qtmm.org\/qt\/#\/schema\/logo\/image\/","url":"https:\/\/qtmm.org\/wp-content\/uploads\/2024\/12\/ua-mejlis-logo-rgb.svg","contentUrl":"https:\/\/qtmm.org\/wp-content\/uploads\/2024\/12\/ua-mejlis-logo-rgb.svg","caption":"\u041c\u0435\u0434\u0436\u043b\u0456\u0441"},"image":{"@id":"https:\/\/qtmm.org\/qt\/#\/schema\/logo\/image\/"},"sameAs":["https:\/\/www.facebook.com\/qtmm.info\/"]},{"@type":"Person","@id":"https:\/\/qtmm.org\/qt\/#\/schema\/person\/de562469f971dec226ac06e60bbf74a7","name":"Developer","image":{"@type":"ImageObject","inLanguage":"qt","@id":"https:\/\/secure.gravatar.com\/avatar\/392b4cc8fbfeb00b39dfeeab4ee6edded39ffd48e25858637e4765810300227e?s=96&d=mm&r=g","url":"https:\/\/secure.gravatar.com\/avatar\/392b4cc8fbfeb00b39dfeeab4ee6edded39ffd48e25858637e4765810300227e?s=96&d=mm&r=g","contentUrl":"https:\/\/secure.gravatar.com\/avatar\/392b4cc8fbfeb00b39dfeeab4ee6edded39ffd48e25858637e4765810300227e?s=96&d=mm&r=g","caption":"Developer"},"url":"https:\/\/qtmm.org\/qt\/author\/Developer\/"}]}},"_links":{"self":[{"href":"https:\/\/qtmm.org\/qt\/wp-json\/wp\/v2\/posts\/29675","targetHints":{"allow":["GET"]}}],"collection":[{"href":"https:\/\/qtmm.org\/qt\/wp-json\/wp\/v2\/posts"}],"about":[{"href":"https:\/\/qtmm.org\/qt\/wp-json\/wp\/v2\/types\/post"}],"author":[{"embeddable":true,"href":"https:\/\/qtmm.org\/qt\/wp-json\/wp\/v2\/users\/1"}],"replies":[{"embeddable":true,"href":"https:\/\/qtmm.org\/qt\/wp-json\/wp\/v2\/comments?post=29675"}],"version-history":[{"count":1,"href":"https:\/\/qtmm.org\/qt\/wp-json\/wp\/v2\/posts\/29675\/revisions"}],"predecessor-version":[{"id":29749,"href":"https:\/\/qtmm.org\/qt\/wp-json\/wp\/v2\/posts\/29675\/revisions\/29749"}],"wp:featuredmedia":[{"embeddable":true,"href":"https:\/\/qtmm.org\/qt\/wp-json\/wp\/v2\/media\/29716"}],"wp:attachment":[{"href":"https:\/\/qtmm.org\/qt\/wp-json\/wp\/v2\/media?parent=29675"}],"wp:term":[{"taxonomy":"category","embeddable":true,"href":"https:\/\/qtmm.org\/qt\/wp-json\/wp\/v2\/categories?post=29675"},{"taxonomy":"post_tag","embeddable":true,"href":"https:\/\/qtmm.org\/qt\/wp-json\/wp\/v2\/tags?post=29675"}],"curies":[{"name":"wp","href":"https:\/\/api.w.org\/{rel}","templated":true}]}}