




{"id":29665,"date":"2012-04-02T17:38:00","date_gmt":"2012-04-02T14:38:00","guid":{"rendered":"http:\/\/qtmm.org\/?p=29665"},"modified":"2022-01-21T17:39:09","modified_gmt":"2022-01-21T14:39:09","slug":"cingenelernin-aqlari-avropa-surasinda-muzakere-etildi","status":"publish","type":"post","link":"https:\/\/qtmm.org\/qt\/cingenelernin-aqlari-avropa-surasinda-muzakere-etildi\/","title":{"rendered":"\u00c7ingenelerni\u00f1 aqlar\u0131 Avropa \u015euras\u0131nda muzakere etildi"},"content":{"rendered":"\n<p>Avropa \u015euras\u0131 Parlament Assambleyas\u0131 Qa\u00e7aqlar, k\u00f6\u00e7\u00fcv ve ke\u00e7ici \u015fah\u0131slar boyunca komitetni\u00f1 2012 senesi mart 29-da Br\u00fcsselde ol\u0131p ke\u00e7ken topla\u015fuv\u0131n\u0131\u00f1 ba\u015f mevzular\u0131ndan biri Avropa memleketlerinde \u00e7ingenelerni\u00f1 aq-uquqlar\u0131 meselesi old\u0131. Topla\u015fuvn\u0131\u00f1 i\u015finde A\u015ePAn\u0131\u00f1 \u00e7e\u015fit devlet deputatlar\u0131ndan \u011fayr\u0131 Avropadaki \u00e7ingeneler birle\u015fmelerini\u00f1 davet etilgen liderleri de i\u015ftirak ettiler.<\/p>\n\n\n\n<p>Avropa \u015euras\u0131 Parlament Assambleyas\u0131nda(A\u015ePA) Ukrainan\u0131\u00f1 vekili olaraq \u00e7\u0131q\u0131\u015fta bulun\u011fan Mustafa Cemilev Q\u0131r\u0131m \u00e7ingenelerini\u00f1 facial\u0131 taqdiri aqq\u0131nda ik\u00e2ye etti. Cenk vaqt\u0131nda almanlarn\u0131\u00f1 ekinci c\u0131n\u0131sl\u0131 halqlar aqq\u0131ndaki \u0131rq\u00e7\u0131l\u0131q nazariyesine k\u00f6re Q\u0131r\u0131m \u00e7ingeneleri de yoq etilecek ediler. L\u00e2kin, olarn\u0131\u00f1 pek \u00e7oqun\u0131 q\u0131r\u0131mtatarlar qurtard\u0131lar. So\u00f1ra \u00e7ingeneler de 1944 senesi q\u0131r\u0131mtatar halq\u0131nen beraber s\u00fcrg\u00fcn etildiler.<\/p>\n\n\n\n<p>\u00d6z maruzas\u0131nda M. Cemilev q\u0131r\u0131mtatar cemiyetine tolus\u0131nen qar\u0131\u015fqan q\u0131r\u0131ml\u0131 \u00e7ingenelerni\u00f1, bun\u0131\u00f1 kibi de T\u00fcrkiyede b\u00fct\u00fcn eali kibi aq-uquqlar\u011fa malik, T\u00fcrkiyeni\u00f1 medeniy ve cemaat \u00f6m\u00fcrinde faal i\u015ftirak etken \u00e7ingenelerni\u00f1 misalinde baz\u0131 Avropa devletlerinde \u00e7ingeneler serseriylik, tilencilik kibi illetlerge meyil bereler, degen fikirge qatiyen qar\u015f\u0131 \u00e7\u0131qt\u0131.<\/p>\n\n\n\n<p><br>Munaqa\u015fa neticeleri boyunca Komitet Avropada \u00e7ingenelerni\u00f1 vaziyeti aqq\u0131nda Almaniya parlamentini\u00f1 deputat\u0131 Anetta Gross taraf\u0131ndan az\u0131rlan\u011fan memorandumn\u0131\u00f1 leyhas\u0131n\u0131 tasdiqlad\u0131. Memorandumda k\u00fctleviy informatsiya vastalar\u0131 \u00e7ingene halq\u0131 aqq\u0131nda tarqatqan menfiy mal\u00fcmat, \u00e7ingenelerni aqs\u0131mlav, bun\u0131\u00f1 kibi de so\u00f1ki vaq\u0131tta olarn\u0131 baz\u0131 Avropa devletlerinden (Frenkistan, Almaniya, \u0130taliya&#8221; s\u00fcrg\u00fcn et\u00fcv allar\u0131 keskin qaralanmaqta.<\/p>\n\n\n\n<p>Ayn\u0131 \u015fu k\u00fcn\u00fc Avropa \u015euras\u0131 \u0130nsan aqlar\u0131 boyunca komissar Tomas Hammerberg Bel\u00e7ikan\u0131\u00f1 &#8220;Avropa sedas\u0131&#8221; (\u201cEuropeanVoice\u201d) gazetas\u0131nda Avropa \u00e7ingenelerge nisbeten aqs\u0131z sert areketlerde bulun\u011fan\u0131n\u0131 tan\u0131maq ve kelecekte bu kibi areketlerge yol bermemek aqq\u0131nda beyanatnen \u00e7\u0131qt\u0131.<\/p>\n\n\n\n<figure class=\"wp-block-image size-full\"><img loading=\"lazy\" decoding=\"async\" width=\"800\" height=\"600\" src=\"http:\/\/qtmm.org\/wp-content\/uploads\/2022\/01\/1_26-1.jpeg\" alt=\"\" class=\"wp-image-29670\" srcset=\"https:\/\/qtmm.org\/wp-content\/uploads\/2022\/01\/1_26-1.jpeg 800w, https:\/\/qtmm.org\/wp-content\/uploads\/2022\/01\/1_26-1-300x225.jpeg 300w, https:\/\/qtmm.org\/wp-content\/uploads\/2022\/01\/1_26-1-768x576.jpeg 768w\" sizes=\"auto, (max-width: 800px) 100vw, 800px\" \/><\/figure>\n","protected":false},"excerpt":{"rendered":"<p>Avropa \u015euras\u0131 Parlament Assambleyas\u0131 Qa\u00e7aqlar, k\u00f6\u00e7\u00fcv ve ke\u00e7ici \u015fah\u0131slar boyunca komitetni\u00f1 2012 senesi mart 29-da Br\u00fcsselde ol\u0131p ke\u00e7ken topla\u015fuv\u0131n\u0131\u00f1 ba\u015f mevzular\u0131ndan biri Avropa memleketlerinde \u00e7ingenelerni\u00f1 aq-uquqlar\u0131 meselesi old\u0131. Topla\u015fuvn\u0131\u00f1 i\u015finde A\u015ePAn\u0131\u00f1 \u00e7e\u015fit devlet deputatlar\u0131ndan \u011fayr\u0131 Avropadaki \u00e7ingeneler birle\u015fmelerini\u00f1 davet etilgen liderleri de i\u015ftirak ettiler. Avropa \u015euras\u0131 Parlament Assambleyas\u0131nda(A\u015ePA) Ukrainan\u0131\u00f1 vekili olaraq \u00e7\u0131q\u0131\u015fta bulun\u011fan Mustafa Cemilev [&hellip;]<\/p>\n","protected":false},"author":1,"featured_media":29666,"comment_status":"open","ping_status":"open","sticky":false,"template":"","format":"standard","meta":{"inline_featured_image":false,"footnotes":""},"categories":[265],"tags":[],"class_list":["post-29665","post","type-post","status-publish","format-standard","has-post-thumbnail","hentry","category-haberler"],"acf":[],"yoast_head":"<!-- This site is optimized with the Yoast SEO plugin v27.4 - https:\/\/yoast.com\/product\/yoast-seo-wordpress\/ -->\n<title>\u00c7ingenelerni\u00f1 aqlar\u0131 Avropa \u015euras\u0131nda muzakere etildi - \u041c\u0435\u0434\u0436\u043b\u0456\u0441<\/title>\n<meta name=\"robots\" content=\"index, follow, max-snippet:-1, max-image-preview:large, max-video-preview:-1\" \/>\n<link rel=\"canonical\" href=\"https:\/\/qtmm.org\/qt\/cingenelernin-aqlari-avropa-surasinda-muzakere-etildi\/\" \/>\n<meta property=\"og:locale\" content=\"en_US\" \/>\n<meta property=\"og:type\" content=\"article\" \/>\n<meta property=\"og:title\" content=\"\u00c7ingenelerni\u00f1 aqlar\u0131 Avropa \u015euras\u0131nda muzakere etildi - \u041c\u0435\u0434\u0436\u043b\u0456\u0441\" \/>\n<meta property=\"og:description\" content=\"Avropa \u015euras\u0131 Parlament Assambleyas\u0131 Qa\u00e7aqlar, k\u00f6\u00e7\u00fcv ve ke\u00e7ici \u015fah\u0131slar boyunca komitetni\u00f1 2012 senesi mart 29-da Br\u00fcsselde ol\u0131p ke\u00e7ken topla\u015fuv\u0131n\u0131\u00f1 ba\u015f mevzular\u0131ndan biri Avropa memleketlerinde \u00e7ingenelerni\u00f1 aq-uquqlar\u0131 meselesi old\u0131. Topla\u015fuvn\u0131\u00f1 i\u015finde A\u015ePAn\u0131\u00f1 \u00e7e\u015fit devlet deputatlar\u0131ndan \u011fayr\u0131 Avropadaki \u00e7ingeneler birle\u015fmelerini\u00f1 davet etilgen liderleri de i\u015ftirak ettiler. Avropa \u015euras\u0131 Parlament Assambleyas\u0131nda(A\u015ePA) Ukrainan\u0131\u00f1 vekili olaraq \u00e7\u0131q\u0131\u015fta bulun\u011fan Mustafa Cemilev [&hellip;]\" \/>\n<meta property=\"og:url\" content=\"https:\/\/qtmm.org\/qt\/cingenelernin-aqlari-avropa-surasinda-muzakere-etildi\/\" \/>\n<meta property=\"og:site_name\" content=\"\u041c\u0435\u0434\u0436\u043b\u0456\u0441\" \/>\n<meta property=\"article:publisher\" content=\"https:\/\/www.facebook.com\/qtmm.info\/\" \/>\n<meta property=\"article:published_time\" content=\"2012-04-02T14:38:00+00:00\" \/>\n<meta property=\"article:modified_time\" content=\"2022-01-21T14:39:09+00:00\" \/>\n<meta property=\"og:image\" content=\"https:\/\/qtmm.org\/wp-content\/uploads\/2022\/01\/2_26-1.jpeg\" \/>\n\t<meta property=\"og:image:width\" content=\"800\" \/>\n\t<meta property=\"og:image:height\" content=\"600\" \/>\n\t<meta property=\"og:image:type\" content=\"image\/jpeg\" \/>\n<meta name=\"author\" content=\"Developer\" \/>\n<meta name=\"twitter:card\" content=\"summary_large_image\" \/>\n<meta name=\"twitter:label1\" content=\"Written by\" \/>\n\t<meta name=\"twitter:data1\" content=\"Developer\" \/>\n\t<meta name=\"twitter:label2\" content=\"Est. reading time\" \/>\n\t<meta name=\"twitter:data2\" content=\"1 minute\" \/>\n<script type=\"application\/ld+json\" class=\"yoast-schema-graph\">{\"@context\":\"https:\\\/\\\/schema.org\",\"@graph\":[{\"@type\":\"Article\",\"@id\":\"https:\\\/\\\/qtmm.org\\\/qt\\\/cingenelernin-aqlari-avropa-surasinda-muzakere-etildi\\\/#article\",\"isPartOf\":{\"@id\":\"https:\\\/\\\/qtmm.org\\\/qt\\\/cingenelernin-aqlari-avropa-surasinda-muzakere-etildi\\\/\"},\"author\":{\"name\":\"Developer\",\"@id\":\"https:\\\/\\\/qtmm.org\\\/qt\\\/#\\\/schema\\\/person\\\/de562469f971dec226ac06e60bbf74a7\"},\"headline\":\"\u00c7ingenelerni\u00f1 aqlar\u0131 Avropa \u015euras\u0131nda muzakere etildi\",\"datePublished\":\"2012-04-02T14:38:00+00:00\",\"dateModified\":\"2022-01-21T14:39:09+00:00\",\"mainEntityOfPage\":{\"@id\":\"https:\\\/\\\/qtmm.org\\\/qt\\\/cingenelernin-aqlari-avropa-surasinda-muzakere-etildi\\\/\"},\"wordCount\":306,\"commentCount\":0,\"publisher\":{\"@id\":\"https:\\\/\\\/qtmm.org\\\/qt\\\/#organization\"},\"image\":{\"@id\":\"https:\\\/\\\/qtmm.org\\\/qt\\\/cingenelernin-aqlari-avropa-surasinda-muzakere-etildi\\\/#primaryimage\"},\"thumbnailUrl\":\"https:\\\/\\\/qtmm.org\\\/wp-content\\\/uploads\\\/2022\\\/01\\\/2_26-1.jpeg\",\"articleSection\":[\"Haberler\"],\"inLanguage\":\"qt\",\"potentialAction\":[{\"@type\":\"CommentAction\",\"name\":\"Comment\",\"target\":[\"https:\\\/\\\/qtmm.org\\\/qt\\\/cingenelernin-aqlari-avropa-surasinda-muzakere-etildi\\\/#respond\"]}]},{\"@type\":\"WebPage\",\"@id\":\"https:\\\/\\\/qtmm.org\\\/qt\\\/cingenelernin-aqlari-avropa-surasinda-muzakere-etildi\\\/\",\"url\":\"https:\\\/\\\/qtmm.org\\\/qt\\\/cingenelernin-aqlari-avropa-surasinda-muzakere-etildi\\\/\",\"name\":\"\u00c7ingenelerni\u00f1 aqlar\u0131 Avropa \u015euras\u0131nda muzakere etildi - \u041c\u0435\u0434\u0436\u043b\u0456\u0441\",\"isPartOf\":{\"@id\":\"https:\\\/\\\/qtmm.org\\\/qt\\\/#website\"},\"primaryImageOfPage\":{\"@id\":\"https:\\\/\\\/qtmm.org\\\/qt\\\/cingenelernin-aqlari-avropa-surasinda-muzakere-etildi\\\/#primaryimage\"},\"image\":{\"@id\":\"https:\\\/\\\/qtmm.org\\\/qt\\\/cingenelernin-aqlari-avropa-surasinda-muzakere-etildi\\\/#primaryimage\"},\"thumbnailUrl\":\"https:\\\/\\\/qtmm.org\\\/wp-content\\\/uploads\\\/2022\\\/01\\\/2_26-1.jpeg\",\"datePublished\":\"2012-04-02T14:38:00+00:00\",\"dateModified\":\"2022-01-21T14:39:09+00:00\",\"breadcrumb\":{\"@id\":\"https:\\\/\\\/qtmm.org\\\/qt\\\/cingenelernin-aqlari-avropa-surasinda-muzakere-etildi\\\/#breadcrumb\"},\"inLanguage\":\"qt\",\"potentialAction\":[{\"@type\":\"ReadAction\",\"target\":[\"https:\\\/\\\/qtmm.org\\\/qt\\\/cingenelernin-aqlari-avropa-surasinda-muzakere-etildi\\\/\"]}]},{\"@type\":\"ImageObject\",\"inLanguage\":\"qt\",\"@id\":\"https:\\\/\\\/qtmm.org\\\/qt\\\/cingenelernin-aqlari-avropa-surasinda-muzakere-etildi\\\/#primaryimage\",\"url\":\"https:\\\/\\\/qtmm.org\\\/wp-content\\\/uploads\\\/2022\\\/01\\\/2_26-1.jpeg\",\"contentUrl\":\"https:\\\/\\\/qtmm.org\\\/wp-content\\\/uploads\\\/2022\\\/01\\\/2_26-1.jpeg\",\"width\":800,\"height\":600},{\"@type\":\"BreadcrumbList\",\"@id\":\"https:\\\/\\\/qtmm.org\\\/qt\\\/cingenelernin-aqlari-avropa-surasinda-muzakere-etildi\\\/#breadcrumb\",\"itemListElement\":[{\"@type\":\"ListItem\",\"position\":1,\"name\":\"\u0413\u043e\u043b\u043e\u0432\u043d\u0430\",\"item\":\"https:\\\/\\\/qtmm.org\\\/qt\\\/\"},{\"@type\":\"ListItem\",\"position\":2,\"name\":\"\u00c7ingenelerni\u00f1 aqlar\u0131 Avropa \u015euras\u0131nda muzakere etildi\"}]},{\"@type\":\"WebSite\",\"@id\":\"https:\\\/\\\/qtmm.org\\\/qt\\\/#website\",\"url\":\"https:\\\/\\\/qtmm.org\\\/qt\\\/\",\"name\":\"\u041c\u0435\u0434\u0436\u043b\u0456\u0441\",\"description\":\"\",\"publisher\":{\"@id\":\"https:\\\/\\\/qtmm.org\\\/qt\\\/#organization\"},\"potentialAction\":[{\"@type\":\"SearchAction\",\"target\":{\"@type\":\"EntryPoint\",\"urlTemplate\":\"https:\\\/\\\/qtmm.org\\\/qt\\\/?s={search_term_string}\"},\"query-input\":{\"@type\":\"PropertyValueSpecification\",\"valueRequired\":true,\"valueName\":\"search_term_string\"}}],\"inLanguage\":\"qt\"},{\"@type\":\"Organization\",\"@id\":\"https:\\\/\\\/qtmm.org\\\/qt\\\/#organization\",\"name\":\"\u041c\u0435\u0434\u0436\u043b\u0456\u0441\",\"url\":\"https:\\\/\\\/qtmm.org\\\/qt\\\/\",\"logo\":{\"@type\":\"ImageObject\",\"inLanguage\":\"qt\",\"@id\":\"https:\\\/\\\/qtmm.org\\\/qt\\\/#\\\/schema\\\/logo\\\/image\\\/\",\"url\":\"https:\\\/\\\/qtmm.org\\\/wp-content\\\/uploads\\\/2024\\\/12\\\/ua-mejlis-logo-rgb.svg\",\"contentUrl\":\"https:\\\/\\\/qtmm.org\\\/wp-content\\\/uploads\\\/2024\\\/12\\\/ua-mejlis-logo-rgb.svg\",\"caption\":\"\u041c\u0435\u0434\u0436\u043b\u0456\u0441\"},\"image\":{\"@id\":\"https:\\\/\\\/qtmm.org\\\/qt\\\/#\\\/schema\\\/logo\\\/image\\\/\"},\"sameAs\":[\"https:\\\/\\\/www.facebook.com\\\/qtmm.info\\\/\"]},{\"@type\":\"Person\",\"@id\":\"https:\\\/\\\/qtmm.org\\\/qt\\\/#\\\/schema\\\/person\\\/de562469f971dec226ac06e60bbf74a7\",\"name\":\"Developer\",\"image\":{\"@type\":\"ImageObject\",\"inLanguage\":\"qt\",\"@id\":\"https:\\\/\\\/secure.gravatar.com\\\/avatar\\\/392b4cc8fbfeb00b39dfeeab4ee6edded39ffd48e25858637e4765810300227e?s=96&d=mm&r=g\",\"url\":\"https:\\\/\\\/secure.gravatar.com\\\/avatar\\\/392b4cc8fbfeb00b39dfeeab4ee6edded39ffd48e25858637e4765810300227e?s=96&d=mm&r=g\",\"contentUrl\":\"https:\\\/\\\/secure.gravatar.com\\\/avatar\\\/392b4cc8fbfeb00b39dfeeab4ee6edded39ffd48e25858637e4765810300227e?s=96&d=mm&r=g\",\"caption\":\"Developer\"},\"url\":\"https:\\\/\\\/qtmm.org\\\/qt\\\/author\\\/Developer\\\/\"}]}<\/script>\n<!-- \/ Yoast SEO plugin. -->","yoast_head_json":{"title":"\u00c7ingenelerni\u00f1 aqlar\u0131 Avropa \u015euras\u0131nda muzakere etildi - \u041c\u0435\u0434\u0436\u043b\u0456\u0441","robots":{"index":"index","follow":"follow","max-snippet":"max-snippet:-1","max-image-preview":"max-image-preview:large","max-video-preview":"max-video-preview:-1"},"canonical":"https:\/\/qtmm.org\/qt\/cingenelernin-aqlari-avropa-surasinda-muzakere-etildi\/","og_locale":"en_US","og_type":"article","og_title":"\u00c7ingenelerni\u00f1 aqlar\u0131 Avropa \u015euras\u0131nda muzakere etildi - \u041c\u0435\u0434\u0436\u043b\u0456\u0441","og_description":"Avropa \u015euras\u0131 Parlament Assambleyas\u0131 Qa\u00e7aqlar, k\u00f6\u00e7\u00fcv ve ke\u00e7ici \u015fah\u0131slar boyunca komitetni\u00f1 2012 senesi mart 29-da Br\u00fcsselde ol\u0131p ke\u00e7ken topla\u015fuv\u0131n\u0131\u00f1 ba\u015f mevzular\u0131ndan biri Avropa memleketlerinde \u00e7ingenelerni\u00f1 aq-uquqlar\u0131 meselesi old\u0131. Topla\u015fuvn\u0131\u00f1 i\u015finde A\u015ePAn\u0131\u00f1 \u00e7e\u015fit devlet deputatlar\u0131ndan \u011fayr\u0131 Avropadaki \u00e7ingeneler birle\u015fmelerini\u00f1 davet etilgen liderleri de i\u015ftirak ettiler. Avropa \u015euras\u0131 Parlament Assambleyas\u0131nda(A\u015ePA) Ukrainan\u0131\u00f1 vekili olaraq \u00e7\u0131q\u0131\u015fta bulun\u011fan Mustafa Cemilev [&hellip;]","og_url":"https:\/\/qtmm.org\/qt\/cingenelernin-aqlari-avropa-surasinda-muzakere-etildi\/","og_site_name":"\u041c\u0435\u0434\u0436\u043b\u0456\u0441","article_publisher":"https:\/\/www.facebook.com\/qtmm.info\/","article_published_time":"2012-04-02T14:38:00+00:00","article_modified_time":"2022-01-21T14:39:09+00:00","og_image":[{"width":800,"height":600,"url":"https:\/\/qtmm.org\/wp-content\/uploads\/2022\/01\/2_26-1.jpeg","type":"image\/jpeg"}],"author":"Developer","twitter_card":"summary_large_image","twitter_misc":{"Written by":"Developer","Est. reading time":"1 minute"},"schema":{"@context":"https:\/\/schema.org","@graph":[{"@type":"Article","@id":"https:\/\/qtmm.org\/qt\/cingenelernin-aqlari-avropa-surasinda-muzakere-etildi\/#article","isPartOf":{"@id":"https:\/\/qtmm.org\/qt\/cingenelernin-aqlari-avropa-surasinda-muzakere-etildi\/"},"author":{"name":"Developer","@id":"https:\/\/qtmm.org\/qt\/#\/schema\/person\/de562469f971dec226ac06e60bbf74a7"},"headline":"\u00c7ingenelerni\u00f1 aqlar\u0131 Avropa \u015euras\u0131nda muzakere etildi","datePublished":"2012-04-02T14:38:00+00:00","dateModified":"2022-01-21T14:39:09+00:00","mainEntityOfPage":{"@id":"https:\/\/qtmm.org\/qt\/cingenelernin-aqlari-avropa-surasinda-muzakere-etildi\/"},"wordCount":306,"commentCount":0,"publisher":{"@id":"https:\/\/qtmm.org\/qt\/#organization"},"image":{"@id":"https:\/\/qtmm.org\/qt\/cingenelernin-aqlari-avropa-surasinda-muzakere-etildi\/#primaryimage"},"thumbnailUrl":"https:\/\/qtmm.org\/wp-content\/uploads\/2022\/01\/2_26-1.jpeg","articleSection":["Haberler"],"inLanguage":"qt","potentialAction":[{"@type":"CommentAction","name":"Comment","target":["https:\/\/qtmm.org\/qt\/cingenelernin-aqlari-avropa-surasinda-muzakere-etildi\/#respond"]}]},{"@type":"WebPage","@id":"https:\/\/qtmm.org\/qt\/cingenelernin-aqlari-avropa-surasinda-muzakere-etildi\/","url":"https:\/\/qtmm.org\/qt\/cingenelernin-aqlari-avropa-surasinda-muzakere-etildi\/","name":"\u00c7ingenelerni\u00f1 aqlar\u0131 Avropa \u015euras\u0131nda muzakere etildi - \u041c\u0435\u0434\u0436\u043b\u0456\u0441","isPartOf":{"@id":"https:\/\/qtmm.org\/qt\/#website"},"primaryImageOfPage":{"@id":"https:\/\/qtmm.org\/qt\/cingenelernin-aqlari-avropa-surasinda-muzakere-etildi\/#primaryimage"},"image":{"@id":"https:\/\/qtmm.org\/qt\/cingenelernin-aqlari-avropa-surasinda-muzakere-etildi\/#primaryimage"},"thumbnailUrl":"https:\/\/qtmm.org\/wp-content\/uploads\/2022\/01\/2_26-1.jpeg","datePublished":"2012-04-02T14:38:00+00:00","dateModified":"2022-01-21T14:39:09+00:00","breadcrumb":{"@id":"https:\/\/qtmm.org\/qt\/cingenelernin-aqlari-avropa-surasinda-muzakere-etildi\/#breadcrumb"},"inLanguage":"qt","potentialAction":[{"@type":"ReadAction","target":["https:\/\/qtmm.org\/qt\/cingenelernin-aqlari-avropa-surasinda-muzakere-etildi\/"]}]},{"@type":"ImageObject","inLanguage":"qt","@id":"https:\/\/qtmm.org\/qt\/cingenelernin-aqlari-avropa-surasinda-muzakere-etildi\/#primaryimage","url":"https:\/\/qtmm.org\/wp-content\/uploads\/2022\/01\/2_26-1.jpeg","contentUrl":"https:\/\/qtmm.org\/wp-content\/uploads\/2022\/01\/2_26-1.jpeg","width":800,"height":600},{"@type":"BreadcrumbList","@id":"https:\/\/qtmm.org\/qt\/cingenelernin-aqlari-avropa-surasinda-muzakere-etildi\/#breadcrumb","itemListElement":[{"@type":"ListItem","position":1,"name":"\u0413\u043e\u043b\u043e\u0432\u043d\u0430","item":"https:\/\/qtmm.org\/qt\/"},{"@type":"ListItem","position":2,"name":"\u00c7ingenelerni\u00f1 aqlar\u0131 Avropa \u015euras\u0131nda muzakere etildi"}]},{"@type":"WebSite","@id":"https:\/\/qtmm.org\/qt\/#website","url":"https:\/\/qtmm.org\/qt\/","name":"\u041c\u0435\u0434\u0436\u043b\u0456\u0441","description":"","publisher":{"@id":"https:\/\/qtmm.org\/qt\/#organization"},"potentialAction":[{"@type":"SearchAction","target":{"@type":"EntryPoint","urlTemplate":"https:\/\/qtmm.org\/qt\/?s={search_term_string}"},"query-input":{"@type":"PropertyValueSpecification","valueRequired":true,"valueName":"search_term_string"}}],"inLanguage":"qt"},{"@type":"Organization","@id":"https:\/\/qtmm.org\/qt\/#organization","name":"\u041c\u0435\u0434\u0436\u043b\u0456\u0441","url":"https:\/\/qtmm.org\/qt\/","logo":{"@type":"ImageObject","inLanguage":"qt","@id":"https:\/\/qtmm.org\/qt\/#\/schema\/logo\/image\/","url":"https:\/\/qtmm.org\/wp-content\/uploads\/2024\/12\/ua-mejlis-logo-rgb.svg","contentUrl":"https:\/\/qtmm.org\/wp-content\/uploads\/2024\/12\/ua-mejlis-logo-rgb.svg","caption":"\u041c\u0435\u0434\u0436\u043b\u0456\u0441"},"image":{"@id":"https:\/\/qtmm.org\/qt\/#\/schema\/logo\/image\/"},"sameAs":["https:\/\/www.facebook.com\/qtmm.info\/"]},{"@type":"Person","@id":"https:\/\/qtmm.org\/qt\/#\/schema\/person\/de562469f971dec226ac06e60bbf74a7","name":"Developer","image":{"@type":"ImageObject","inLanguage":"qt","@id":"https:\/\/secure.gravatar.com\/avatar\/392b4cc8fbfeb00b39dfeeab4ee6edded39ffd48e25858637e4765810300227e?s=96&d=mm&r=g","url":"https:\/\/secure.gravatar.com\/avatar\/392b4cc8fbfeb00b39dfeeab4ee6edded39ffd48e25858637e4765810300227e?s=96&d=mm&r=g","contentUrl":"https:\/\/secure.gravatar.com\/avatar\/392b4cc8fbfeb00b39dfeeab4ee6edded39ffd48e25858637e4765810300227e?s=96&d=mm&r=g","caption":"Developer"},"url":"https:\/\/qtmm.org\/qt\/author\/Developer\/"}]}},"_links":{"self":[{"href":"https:\/\/qtmm.org\/qt\/wp-json\/wp\/v2\/posts\/29665","targetHints":{"allow":["GET"]}}],"collection":[{"href":"https:\/\/qtmm.org\/qt\/wp-json\/wp\/v2\/posts"}],"about":[{"href":"https:\/\/qtmm.org\/qt\/wp-json\/wp\/v2\/types\/post"}],"author":[{"embeddable":true,"href":"https:\/\/qtmm.org\/qt\/wp-json\/wp\/v2\/users\/1"}],"replies":[{"embeddable":true,"href":"https:\/\/qtmm.org\/qt\/wp-json\/wp\/v2\/comments?post=29665"}],"version-history":[{"count":1,"href":"https:\/\/qtmm.org\/qt\/wp-json\/wp\/v2\/posts\/29665\/revisions"}],"predecessor-version":[{"id":29674,"href":"https:\/\/qtmm.org\/qt\/wp-json\/wp\/v2\/posts\/29665\/revisions\/29674"}],"wp:featuredmedia":[{"embeddable":true,"href":"https:\/\/qtmm.org\/qt\/wp-json\/wp\/v2\/media\/29666"}],"wp:attachment":[{"href":"https:\/\/qtmm.org\/qt\/wp-json\/wp\/v2\/media?parent=29665"}],"wp:term":[{"taxonomy":"category","embeddable":true,"href":"https:\/\/qtmm.org\/qt\/wp-json\/wp\/v2\/categories?post=29665"},{"taxonomy":"post_tag","embeddable":true,"href":"https:\/\/qtmm.org\/qt\/wp-json\/wp\/v2\/tags?post=29665"}],"curies":[{"name":"wp","href":"https:\/\/api.w.org\/{rel}","templated":true}]}}