




{"id":29663,"date":"2012-04-02T17:37:00","date_gmt":"2012-04-02T14:37:00","guid":{"rendered":"http:\/\/qtmm.org\/?p=29663"},"modified":"2022-01-21T17:37:59","modified_gmt":"2022-01-21T14:37:59","slug":"mustafa-cemilevnin-2011-senesinde-deputatliq-faaliyeti-aqqinda-malumat","status":"publish","type":"post","link":"https:\/\/qtmm.org\/qt\/mustafa-cemilevnin-2011-senesinde-deputatliq-faaliyeti-aqqinda-malumat\/","title":{"rendered":"Mustafa Cemilevni\u00f1 2011 senesinde deputatl\u0131q faaliyeti aqq\u0131nda mal\u00fcmat"},"content":{"rendered":"\n<p>Ukrainan\u0131\u00f1 &#8220;Ukraina halq deputat\u0131n\u0131\u00f1 status\u0131 aqq\u0131nda&#8221; Qanun\u0131na muvaf\u0131q Ukraina halq deputat\u0131, Q\u0131r\u0131mtatar halq\u0131 Meclisini\u00f1 reisi Mustafa Cemilev 2011 senesinde deputatl\u0131q faaliyeti aqq\u0131nda mal\u00fcmatn\u0131 az\u0131rlad\u0131.<\/p>\n\n\n\n<p>Bundan evel Mustafa Cemilev \u00f6z\u00fcni\u00f1 deputatl\u0131q esabat\u0131n\u0131 Q\u0131r\u0131mn\u0131\u00f1 bir s\u0131ra cemaat te\u015fkil\u00e2tlar\u0131na ve K\u00fctleviy informatsiya vastalar\u0131na yolla\u011fan edi.<\/p>\n\n\n\n<p>Ayn\u0131 zamanda, \u015fun\u0131 da qayd etmeli ki, bir esabat \u00e7er\u00e7ivesinde Ukraina halq deputat\u0131, Q\u0131r\u0131mtatar halq Meclisi reisini\u00f1 2011 senesindeki faaliyetini tolus\u0131nen k\u00f6stermek imk\u00e2n\u0131n\u0131 bermey.<\/p>\n\n\n\n<p>L\u00e2kin er bir istegen adam halq deputat\u0131 Mustafa Cemilevni\u00f1 faaliyetinen Ukraina ve \u00e7etel matbuat\u0131nda derc olun\u011fan \u00e7e\u015fit subet ve publikatsiyalar vastas\u0131nen, bun\u0131\u00f1 kibi de Q\u0131r\u0131mtatar halq\u0131 Mejelisini\u00f1 \u0130nternet saifesinde tafsil\u00e2tl\u0131ca tan\u0131\u015f ola bilir.<\/p>\n\n\n\n<p><strong>Esabatn\u0131\u00f1 tolu metini m\u0131nda.<\/strong><\/p>\n","protected":false},"excerpt":{"rendered":"<p>Ukrainan\u0131\u00f1 &#8220;Ukraina halq deputat\u0131n\u0131\u00f1 status\u0131 aqq\u0131nda&#8221; Qanun\u0131na muvaf\u0131q Ukraina halq deputat\u0131, Q\u0131r\u0131mtatar halq\u0131 Meclisini\u00f1 reisi Mustafa Cemilev 2011 senesinde deputatl\u0131q faaliyeti aqq\u0131nda mal\u00fcmatn\u0131 az\u0131rlad\u0131. Bundan evel Mustafa Cemilev \u00f6z\u00fcni\u00f1 deputatl\u0131q esabat\u0131n\u0131 Q\u0131r\u0131mn\u0131\u00f1 bir s\u0131ra cemaat te\u015fkil\u00e2tlar\u0131na ve K\u00fctleviy informatsiya vastalar\u0131na yolla\u011fan edi. Ayn\u0131 zamanda, \u015fun\u0131 da qayd etmeli ki, bir esabat \u00e7er\u00e7ivesinde Ukraina halq deputat\u0131, [&hellip;]<\/p>\n","protected":false},"author":1,"featured_media":0,"comment_status":"open","ping_status":"open","sticky":false,"template":"","format":"standard","meta":{"inline_featured_image":false,"footnotes":""},"categories":[265],"tags":[],"class_list":["post-29663","post","type-post","status-publish","format-standard","hentry","category-haberler"],"acf":[],"yoast_head":"<!-- This site is optimized with the Yoast SEO plugin v27.4 - https:\/\/yoast.com\/product\/yoast-seo-wordpress\/ -->\n<title>Mustafa Cemilevni\u00f1 2011 senesinde deputatl\u0131q faaliyeti aqq\u0131nda mal\u00fcmat - \u041c\u0435\u0434\u0436\u043b\u0456\u0441<\/title>\n<meta name=\"robots\" content=\"index, follow, max-snippet:-1, max-image-preview:large, max-video-preview:-1\" \/>\n<link rel=\"canonical\" href=\"https:\/\/qtmm.org\/qt\/mustafa-cemilevnin-2011-senesinde-deputatliq-faaliyeti-aqqinda-malumat\/\" \/>\n<meta property=\"og:locale\" content=\"en_US\" \/>\n<meta property=\"og:type\" content=\"article\" \/>\n<meta property=\"og:title\" content=\"Mustafa Cemilevni\u00f1 2011 senesinde deputatl\u0131q faaliyeti aqq\u0131nda mal\u00fcmat - \u041c\u0435\u0434\u0436\u043b\u0456\u0441\" \/>\n<meta property=\"og:description\" content=\"Ukrainan\u0131\u00f1 &#8220;Ukraina halq deputat\u0131n\u0131\u00f1 status\u0131 aqq\u0131nda&#8221; Qanun\u0131na muvaf\u0131q Ukraina halq deputat\u0131, Q\u0131r\u0131mtatar halq\u0131 Meclisini\u00f1 reisi Mustafa Cemilev 2011 senesinde deputatl\u0131q faaliyeti aqq\u0131nda mal\u00fcmatn\u0131 az\u0131rlad\u0131. Bundan evel Mustafa Cemilev \u00f6z\u00fcni\u00f1 deputatl\u0131q esabat\u0131n\u0131 Q\u0131r\u0131mn\u0131\u00f1 bir s\u0131ra cemaat te\u015fkil\u00e2tlar\u0131na ve K\u00fctleviy informatsiya vastalar\u0131na yolla\u011fan edi. Ayn\u0131 zamanda, \u015fun\u0131 da qayd etmeli ki, bir esabat \u00e7er\u00e7ivesinde Ukraina halq deputat\u0131, [&hellip;]\" \/>\n<meta property=\"og:url\" content=\"https:\/\/qtmm.org\/qt\/mustafa-cemilevnin-2011-senesinde-deputatliq-faaliyeti-aqqinda-malumat\/\" \/>\n<meta property=\"og:site_name\" content=\"\u041c\u0435\u0434\u0436\u043b\u0456\u0441\" \/>\n<meta property=\"article:publisher\" content=\"https:\/\/www.facebook.com\/qtmm.info\/\" \/>\n<meta property=\"article:published_time\" content=\"2012-04-02T14:37:00+00:00\" \/>\n<meta property=\"article:modified_time\" content=\"2022-01-21T14:37:59+00:00\" \/>\n<meta name=\"author\" content=\"Developer\" \/>\n<meta name=\"twitter:card\" content=\"summary_large_image\" \/>\n<meta name=\"twitter:label1\" content=\"Written by\" \/>\n\t<meta name=\"twitter:data1\" content=\"Developer\" \/>\n\t<meta name=\"twitter:label2\" content=\"Est. reading time\" \/>\n\t<meta name=\"twitter:data2\" content=\"1 minute\" \/>\n<script type=\"application\/ld+json\" class=\"yoast-schema-graph\">{\"@context\":\"https:\\\/\\\/schema.org\",\"@graph\":[{\"@type\":\"Article\",\"@id\":\"https:\\\/\\\/qtmm.org\\\/qt\\\/mustafa-cemilevnin-2011-senesinde-deputatliq-faaliyeti-aqqinda-malumat\\\/#article\",\"isPartOf\":{\"@id\":\"https:\\\/\\\/qtmm.org\\\/qt\\\/mustafa-cemilevnin-2011-senesinde-deputatliq-faaliyeti-aqqinda-malumat\\\/\"},\"author\":{\"name\":\"Developer\",\"@id\":\"https:\\\/\\\/qtmm.org\\\/qt\\\/#\\\/schema\\\/person\\\/de562469f971dec226ac06e60bbf74a7\"},\"headline\":\"Mustafa Cemilevni\u00f1 2011 senesinde deputatl\u0131q faaliyeti aqq\u0131nda mal\u00fcmat\",\"datePublished\":\"2012-04-02T14:37:00+00:00\",\"dateModified\":\"2022-01-21T14:37:59+00:00\",\"mainEntityOfPage\":{\"@id\":\"https:\\\/\\\/qtmm.org\\\/qt\\\/mustafa-cemilevnin-2011-senesinde-deputatliq-faaliyeti-aqqinda-malumat\\\/\"},\"wordCount\":150,\"commentCount\":0,\"publisher\":{\"@id\":\"https:\\\/\\\/qtmm.org\\\/qt\\\/#organization\"},\"articleSection\":[\"Haberler\"],\"inLanguage\":\"qt\",\"potentialAction\":[{\"@type\":\"CommentAction\",\"name\":\"Comment\",\"target\":[\"https:\\\/\\\/qtmm.org\\\/qt\\\/mustafa-cemilevnin-2011-senesinde-deputatliq-faaliyeti-aqqinda-malumat\\\/#respond\"]}]},{\"@type\":\"WebPage\",\"@id\":\"https:\\\/\\\/qtmm.org\\\/qt\\\/mustafa-cemilevnin-2011-senesinde-deputatliq-faaliyeti-aqqinda-malumat\\\/\",\"url\":\"https:\\\/\\\/qtmm.org\\\/qt\\\/mustafa-cemilevnin-2011-senesinde-deputatliq-faaliyeti-aqqinda-malumat\\\/\",\"name\":\"Mustafa Cemilevni\u00f1 2011 senesinde deputatl\u0131q faaliyeti aqq\u0131nda mal\u00fcmat - \u041c\u0435\u0434\u0436\u043b\u0456\u0441\",\"isPartOf\":{\"@id\":\"https:\\\/\\\/qtmm.org\\\/qt\\\/#website\"},\"datePublished\":\"2012-04-02T14:37:00+00:00\",\"dateModified\":\"2022-01-21T14:37:59+00:00\",\"breadcrumb\":{\"@id\":\"https:\\\/\\\/qtmm.org\\\/qt\\\/mustafa-cemilevnin-2011-senesinde-deputatliq-faaliyeti-aqqinda-malumat\\\/#breadcrumb\"},\"inLanguage\":\"qt\",\"potentialAction\":[{\"@type\":\"ReadAction\",\"target\":[\"https:\\\/\\\/qtmm.org\\\/qt\\\/mustafa-cemilevnin-2011-senesinde-deputatliq-faaliyeti-aqqinda-malumat\\\/\"]}]},{\"@type\":\"BreadcrumbList\",\"@id\":\"https:\\\/\\\/qtmm.org\\\/qt\\\/mustafa-cemilevnin-2011-senesinde-deputatliq-faaliyeti-aqqinda-malumat\\\/#breadcrumb\",\"itemListElement\":[{\"@type\":\"ListItem\",\"position\":1,\"name\":\"\u0413\u043e\u043b\u043e\u0432\u043d\u0430\",\"item\":\"https:\\\/\\\/qtmm.org\\\/qt\\\/\"},{\"@type\":\"ListItem\",\"position\":2,\"name\":\"Mustafa Cemilevni\u00f1 2011 senesinde deputatl\u0131q faaliyeti aqq\u0131nda mal\u00fcmat\"}]},{\"@type\":\"WebSite\",\"@id\":\"https:\\\/\\\/qtmm.org\\\/qt\\\/#website\",\"url\":\"https:\\\/\\\/qtmm.org\\\/qt\\\/\",\"name\":\"\u041c\u0435\u0434\u0436\u043b\u0456\u0441\",\"description\":\"\",\"publisher\":{\"@id\":\"https:\\\/\\\/qtmm.org\\\/qt\\\/#organization\"},\"potentialAction\":[{\"@type\":\"SearchAction\",\"target\":{\"@type\":\"EntryPoint\",\"urlTemplate\":\"https:\\\/\\\/qtmm.org\\\/qt\\\/?s={search_term_string}\"},\"query-input\":{\"@type\":\"PropertyValueSpecification\",\"valueRequired\":true,\"valueName\":\"search_term_string\"}}],\"inLanguage\":\"qt\"},{\"@type\":\"Organization\",\"@id\":\"https:\\\/\\\/qtmm.org\\\/qt\\\/#organization\",\"name\":\"\u041c\u0435\u0434\u0436\u043b\u0456\u0441\",\"url\":\"https:\\\/\\\/qtmm.org\\\/qt\\\/\",\"logo\":{\"@type\":\"ImageObject\",\"inLanguage\":\"qt\",\"@id\":\"https:\\\/\\\/qtmm.org\\\/qt\\\/#\\\/schema\\\/logo\\\/image\\\/\",\"url\":\"https:\\\/\\\/qtmm.org\\\/wp-content\\\/uploads\\\/2024\\\/12\\\/ua-mejlis-logo-rgb.svg\",\"contentUrl\":\"https:\\\/\\\/qtmm.org\\\/wp-content\\\/uploads\\\/2024\\\/12\\\/ua-mejlis-logo-rgb.svg\",\"caption\":\"\u041c\u0435\u0434\u0436\u043b\u0456\u0441\"},\"image\":{\"@id\":\"https:\\\/\\\/qtmm.org\\\/qt\\\/#\\\/schema\\\/logo\\\/image\\\/\"},\"sameAs\":[\"https:\\\/\\\/www.facebook.com\\\/qtmm.info\\\/\"]},{\"@type\":\"Person\",\"@id\":\"https:\\\/\\\/qtmm.org\\\/qt\\\/#\\\/schema\\\/person\\\/de562469f971dec226ac06e60bbf74a7\",\"name\":\"Developer\",\"image\":{\"@type\":\"ImageObject\",\"inLanguage\":\"qt\",\"@id\":\"https:\\\/\\\/secure.gravatar.com\\\/avatar\\\/392b4cc8fbfeb00b39dfeeab4ee6edded39ffd48e25858637e4765810300227e?s=96&d=mm&r=g\",\"url\":\"https:\\\/\\\/secure.gravatar.com\\\/avatar\\\/392b4cc8fbfeb00b39dfeeab4ee6edded39ffd48e25858637e4765810300227e?s=96&d=mm&r=g\",\"contentUrl\":\"https:\\\/\\\/secure.gravatar.com\\\/avatar\\\/392b4cc8fbfeb00b39dfeeab4ee6edded39ffd48e25858637e4765810300227e?s=96&d=mm&r=g\",\"caption\":\"Developer\"},\"url\":\"https:\\\/\\\/qtmm.org\\\/qt\\\/author\\\/Developer\\\/\"}]}<\/script>\n<!-- \/ Yoast SEO plugin. -->","yoast_head_json":{"title":"Mustafa Cemilevni\u00f1 2011 senesinde deputatl\u0131q faaliyeti aqq\u0131nda mal\u00fcmat - \u041c\u0435\u0434\u0436\u043b\u0456\u0441","robots":{"index":"index","follow":"follow","max-snippet":"max-snippet:-1","max-image-preview":"max-image-preview:large","max-video-preview":"max-video-preview:-1"},"canonical":"https:\/\/qtmm.org\/qt\/mustafa-cemilevnin-2011-senesinde-deputatliq-faaliyeti-aqqinda-malumat\/","og_locale":"en_US","og_type":"article","og_title":"Mustafa Cemilevni\u00f1 2011 senesinde deputatl\u0131q faaliyeti aqq\u0131nda mal\u00fcmat - \u041c\u0435\u0434\u0436\u043b\u0456\u0441","og_description":"Ukrainan\u0131\u00f1 &#8220;Ukraina halq deputat\u0131n\u0131\u00f1 status\u0131 aqq\u0131nda&#8221; Qanun\u0131na muvaf\u0131q Ukraina halq deputat\u0131, Q\u0131r\u0131mtatar halq\u0131 Meclisini\u00f1 reisi Mustafa Cemilev 2011 senesinde deputatl\u0131q faaliyeti aqq\u0131nda mal\u00fcmatn\u0131 az\u0131rlad\u0131. Bundan evel Mustafa Cemilev \u00f6z\u00fcni\u00f1 deputatl\u0131q esabat\u0131n\u0131 Q\u0131r\u0131mn\u0131\u00f1 bir s\u0131ra cemaat te\u015fkil\u00e2tlar\u0131na ve K\u00fctleviy informatsiya vastalar\u0131na yolla\u011fan edi. Ayn\u0131 zamanda, \u015fun\u0131 da qayd etmeli ki, bir esabat \u00e7er\u00e7ivesinde Ukraina halq deputat\u0131, [&hellip;]","og_url":"https:\/\/qtmm.org\/qt\/mustafa-cemilevnin-2011-senesinde-deputatliq-faaliyeti-aqqinda-malumat\/","og_site_name":"\u041c\u0435\u0434\u0436\u043b\u0456\u0441","article_publisher":"https:\/\/www.facebook.com\/qtmm.info\/","article_published_time":"2012-04-02T14:37:00+00:00","article_modified_time":"2022-01-21T14:37:59+00:00","author":"Developer","twitter_card":"summary_large_image","twitter_misc":{"Written by":"Developer","Est. reading time":"1 minute"},"schema":{"@context":"https:\/\/schema.org","@graph":[{"@type":"Article","@id":"https:\/\/qtmm.org\/qt\/mustafa-cemilevnin-2011-senesinde-deputatliq-faaliyeti-aqqinda-malumat\/#article","isPartOf":{"@id":"https:\/\/qtmm.org\/qt\/mustafa-cemilevnin-2011-senesinde-deputatliq-faaliyeti-aqqinda-malumat\/"},"author":{"name":"Developer","@id":"https:\/\/qtmm.org\/qt\/#\/schema\/person\/de562469f971dec226ac06e60bbf74a7"},"headline":"Mustafa Cemilevni\u00f1 2011 senesinde deputatl\u0131q faaliyeti aqq\u0131nda mal\u00fcmat","datePublished":"2012-04-02T14:37:00+00:00","dateModified":"2022-01-21T14:37:59+00:00","mainEntityOfPage":{"@id":"https:\/\/qtmm.org\/qt\/mustafa-cemilevnin-2011-senesinde-deputatliq-faaliyeti-aqqinda-malumat\/"},"wordCount":150,"commentCount":0,"publisher":{"@id":"https:\/\/qtmm.org\/qt\/#organization"},"articleSection":["Haberler"],"inLanguage":"qt","potentialAction":[{"@type":"CommentAction","name":"Comment","target":["https:\/\/qtmm.org\/qt\/mustafa-cemilevnin-2011-senesinde-deputatliq-faaliyeti-aqqinda-malumat\/#respond"]}]},{"@type":"WebPage","@id":"https:\/\/qtmm.org\/qt\/mustafa-cemilevnin-2011-senesinde-deputatliq-faaliyeti-aqqinda-malumat\/","url":"https:\/\/qtmm.org\/qt\/mustafa-cemilevnin-2011-senesinde-deputatliq-faaliyeti-aqqinda-malumat\/","name":"Mustafa Cemilevni\u00f1 2011 senesinde deputatl\u0131q faaliyeti aqq\u0131nda mal\u00fcmat - \u041c\u0435\u0434\u0436\u043b\u0456\u0441","isPartOf":{"@id":"https:\/\/qtmm.org\/qt\/#website"},"datePublished":"2012-04-02T14:37:00+00:00","dateModified":"2022-01-21T14:37:59+00:00","breadcrumb":{"@id":"https:\/\/qtmm.org\/qt\/mustafa-cemilevnin-2011-senesinde-deputatliq-faaliyeti-aqqinda-malumat\/#breadcrumb"},"inLanguage":"qt","potentialAction":[{"@type":"ReadAction","target":["https:\/\/qtmm.org\/qt\/mustafa-cemilevnin-2011-senesinde-deputatliq-faaliyeti-aqqinda-malumat\/"]}]},{"@type":"BreadcrumbList","@id":"https:\/\/qtmm.org\/qt\/mustafa-cemilevnin-2011-senesinde-deputatliq-faaliyeti-aqqinda-malumat\/#breadcrumb","itemListElement":[{"@type":"ListItem","position":1,"name":"\u0413\u043e\u043b\u043e\u0432\u043d\u0430","item":"https:\/\/qtmm.org\/qt\/"},{"@type":"ListItem","position":2,"name":"Mustafa Cemilevni\u00f1 2011 senesinde deputatl\u0131q faaliyeti aqq\u0131nda mal\u00fcmat"}]},{"@type":"WebSite","@id":"https:\/\/qtmm.org\/qt\/#website","url":"https:\/\/qtmm.org\/qt\/","name":"\u041c\u0435\u0434\u0436\u043b\u0456\u0441","description":"","publisher":{"@id":"https:\/\/qtmm.org\/qt\/#organization"},"potentialAction":[{"@type":"SearchAction","target":{"@type":"EntryPoint","urlTemplate":"https:\/\/qtmm.org\/qt\/?s={search_term_string}"},"query-input":{"@type":"PropertyValueSpecification","valueRequired":true,"valueName":"search_term_string"}}],"inLanguage":"qt"},{"@type":"Organization","@id":"https:\/\/qtmm.org\/qt\/#organization","name":"\u041c\u0435\u0434\u0436\u043b\u0456\u0441","url":"https:\/\/qtmm.org\/qt\/","logo":{"@type":"ImageObject","inLanguage":"qt","@id":"https:\/\/qtmm.org\/qt\/#\/schema\/logo\/image\/","url":"https:\/\/qtmm.org\/wp-content\/uploads\/2024\/12\/ua-mejlis-logo-rgb.svg","contentUrl":"https:\/\/qtmm.org\/wp-content\/uploads\/2024\/12\/ua-mejlis-logo-rgb.svg","caption":"\u041c\u0435\u0434\u0436\u043b\u0456\u0441"},"image":{"@id":"https:\/\/qtmm.org\/qt\/#\/schema\/logo\/image\/"},"sameAs":["https:\/\/www.facebook.com\/qtmm.info\/"]},{"@type":"Person","@id":"https:\/\/qtmm.org\/qt\/#\/schema\/person\/de562469f971dec226ac06e60bbf74a7","name":"Developer","image":{"@type":"ImageObject","inLanguage":"qt","@id":"https:\/\/secure.gravatar.com\/avatar\/392b4cc8fbfeb00b39dfeeab4ee6edded39ffd48e25858637e4765810300227e?s=96&d=mm&r=g","url":"https:\/\/secure.gravatar.com\/avatar\/392b4cc8fbfeb00b39dfeeab4ee6edded39ffd48e25858637e4765810300227e?s=96&d=mm&r=g","contentUrl":"https:\/\/secure.gravatar.com\/avatar\/392b4cc8fbfeb00b39dfeeab4ee6edded39ffd48e25858637e4765810300227e?s=96&d=mm&r=g","caption":"Developer"},"url":"https:\/\/qtmm.org\/qt\/author\/Developer\/"}]}},"_links":{"self":[{"href":"https:\/\/qtmm.org\/qt\/wp-json\/wp\/v2\/posts\/29663","targetHints":{"allow":["GET"]}}],"collection":[{"href":"https:\/\/qtmm.org\/qt\/wp-json\/wp\/v2\/posts"}],"about":[{"href":"https:\/\/qtmm.org\/qt\/wp-json\/wp\/v2\/types\/post"}],"author":[{"embeddable":true,"href":"https:\/\/qtmm.org\/qt\/wp-json\/wp\/v2\/users\/1"}],"replies":[{"embeddable":true,"href":"https:\/\/qtmm.org\/qt\/wp-json\/wp\/v2\/comments?post=29663"}],"version-history":[{"count":1,"href":"https:\/\/qtmm.org\/qt\/wp-json\/wp\/v2\/posts\/29663\/revisions"}],"predecessor-version":[{"id":29664,"href":"https:\/\/qtmm.org\/qt\/wp-json\/wp\/v2\/posts\/29663\/revisions\/29664"}],"wp:attachment":[{"href":"https:\/\/qtmm.org\/qt\/wp-json\/wp\/v2\/media?parent=29663"}],"wp:term":[{"taxonomy":"category","embeddable":true,"href":"https:\/\/qtmm.org\/qt\/wp-json\/wp\/v2\/categories?post=29663"},{"taxonomy":"post_tag","embeddable":true,"href":"https:\/\/qtmm.org\/qt\/wp-json\/wp\/v2\/tags?post=29663"}],"curies":[{"name":"wp","href":"https:\/\/api.w.org\/{rel}","templated":true}]}}