




{"id":29661,"date":"2012-03-29T17:36:00","date_gmt":"2012-03-29T14:36:00","guid":{"rendered":"http:\/\/qtmm.org\/?p=29661"},"modified":"2022-01-21T17:37:12","modified_gmt":"2022-01-21T14:37:12","slug":"ukraina-yuqari-surasi-ukrainanin-etnik-milliy-siyaseti-yenisler-ve-istiqabeller-mevzusinda-parlament-dinlevlerine-yekun-cekti","status":"publish","type":"post","link":"https:\/\/qtmm.org\/qt\/ukraina-yuqari-surasi-ukrainanin-etnik-milliy-siyaseti-yenisler-ve-istiqabeller-mevzusinda-parlament-dinlevlerine-yekun-cekti\/","title":{"rendered":"Ukraina Yuqar\u0131 \u015euras\u0131 \u00abUkrainan\u0131\u00f1 etnik milliy siyaseti: ye\u00f1i\u015fler ve istiqabeller\u00bb mevzus\u0131nda parlament di\u00f1levlerine yek\u00fcn \u00e7ekti"},"content":{"rendered":"\n<p>Ukraina Yuqar\u0131 \u015euras\u0131n\u0131\u00f1 \u0130nsan, milliy azl\u0131qlar ve milletlerara munasebetler boyunca komiteti 2012 senesi yanvar 11 k\u00fcn\u00fc Ukraina Yuqar\u0131 \u015euras\u0131nda &#8220;Ukrainan\u0131\u00f1 etnik milliy siyaseti: ye\u00f1i\u015fler ve istiqabeller&#8221; mevzus\u0131nda ol\u0131p ke\u00e7ken parlament di\u00f1levlerini\u00f1 neticeleri boyunca &#8220;&#8221;Ukrainan\u0131\u00f1 etnik milliy siyaseti: ye\u00f1i\u015fler ve istiqballer&#8221; mevzus\u0131ndaki parlament di\u00f1levlerini\u00f1 tevsiyeleri aqq\u0131nda&#8221; Ukraina Yuqar\u0131 \u015euras\u0131 qarar\u0131n\u0131\u00f1 leyhas\u0131n\u0131 maqullep, on\u0131 esas olaraq qabul etmekni tevsiye etti.<\/p>\n\n\n\n<p>Ukraina Yuqar\u0131 \u015euras\u0131n\u0131\u00f1 \u0130nsan, milliy azl\u0131qlar ve milletlerara munasebetler boyunca komitet azalar\u0131 parlament di\u00f1levlerini\u00f1 i\u015ftirak\u00e7ilerinden t\u00fc\u015fken b\u00fct\u00fcn tekliflerni talil eterek, &#8220;Tevsiyeler&#8221;ni\u00f1 so\u00f1ki variant\u0131 boyunca a\u00f1la\u015f\u0131p, on\u0131 endi Ukraina Yuqar\u0131 \u015euras\u0131na \u2013 Ukraina halq deputatlar\u0131 \u00d6leg Zarubinskiy, Viktor Taran, Mustafa Cemilev, \u0130van Popesku, Yuriy Gnatkevi\u00e7 ve i Yelene Bondarenko\u011fa baqmaqn\u0131 avale ettiler. .&#8221;Tevsiyeler&#8221;ni\u00f1 leyhas\u0131nda c\u00fcmleden qayd etile ki, bug\u00fcnde-bug\u00fcn Ukrainada 139 millet vekili ya\u015fap, olarn\u0131\u00f1 umumiy say\u0131s\u0131 10 million yani Ukraina ealisini\u00f1 22 fay\u0131z\u0131n\u0131 te\u015fkil ete. Ukraina<\/p>\n\n\n\n<p>Prezidenti, Ukraina Yuqar\u0131 Radas\u0131, Ukraina Nazirler Kabineti ve diger devlet organlar\u0131na tevsiler s\u0131ras\u0131nda c\u00fcmleden \u015fularn\u0131\u00f1 da zarurl\u0131\u011f\u0131 qayd olund\u0131:<\/p>\n\n\n\n<p>&#8211; devlet etnik milliy siyasetni \u015fekillendir\u00fcv ve amelge ke\u00e7ir\u00fcv boyunca merkeziy icra organ\u0131n\u0131 meydan\u011fa ketirmek;<\/p>\n\n\n\n<p>&#8211; devlet etnik milliya siyaset saas\u0131nda, hususan milletler, din ve \u0131rqlarara munasebetlerni\u00f1 bozulmas\u0131na al\u0131p kelgen areketler i\u00e7\u00fcn mes\u00fclietni artt\u0131rmaq;<\/p>\n\n\n\n<p>&#8211;\u00a0&#8220;Milliy mens\u00fcpligi boyunca s\u00fcrg\u00fcn etilgen \u015fah\u0131slarn\u0131\u00f1 aqlar\u0131n\u0131 \u011fayr\u0131dan tiklev aqq\u0131nda&#8221; (\u2116 5515)&#8221;\u00a0qanun leyhas\u0131n\u0131 acele baqmaq;<\/p>\n\n\n\n<p>&#8211; milliy mens\u00fcpligi boyunca s\u00fcrg\u00fcn etilgen ve endi Ukraina\u011fa qaytmaqta ol\u011fan q\u0131r\u0131mtatarlarn\u0131 ve diger \u015f\u00e7ah\u0131slarn\u0131 yerle\u015ftirmek, ukrain cemiyetine qat\u0131lmas\u0131na qoltutmaq.<\/p>\n\n\n\n<p>Bundan \u011fayr\u0131 Ukraina Sotsial siyaset nazirligi Ukraina t\u0131\u015fq\u0131 i\u015fler nazirligi ve diger devlet organlar\u0131nen beraber e\u00f1 yaq\u0131n vaq\u0131tta milliy mens\u00fcpligine k\u00f6re s\u00fcrg\u00fcn etilgen \u015fah\u0131slarn\u0131\u00f1 meseleleri boyunca halqara tedbir ke\u00e7irmek tevsiye etildi. Tedbir Ukraina Yuqar\u0131 \u015euras\u0131 taraf\u0131ndan bu saada qabul etken qanunlar\u0131 ve s\u00fcrg\u00fcnlikten Ukraina\u011fa qayt\u0131p kelgen ve ukrain cemiyetine qo\u015ful\u011fan q\u0131r\u0131mtatarlar ve diger millet vekillerini yerle\u015ftir\u00fcv programmas\u0131n\u0131\u00f1 i\u015flenil\u00fcv vaziyeti esapqa al\u0131n\u011fan\u0131 k\u00f6z \u00f6g\u00fcnde tutul\u0131p, ke\u00e7irilmesi planla\u015ft\u0131r\u0131la.<\/p>\n\n\n\n<p>&#8220;Tevsiyeler&#8221;ni\u00f1 tolu metininen\u00a0Ukraina Yuqar\u0131 \u015euras\u0131n\u0131\u00f1 \u0130nternet saifesinde\u00a0ya da\u00a0m\u0131nda tan\u0131\u015f olmaq m\u00fcmk\u00fcn.<br>\u00a0<\/p>\n","protected":false},"excerpt":{"rendered":"<p>Ukraina Yuqar\u0131 \u015euras\u0131n\u0131\u00f1 \u0130nsan, milliy azl\u0131qlar ve milletlerara munasebetler boyunca komiteti 2012 senesi yanvar 11 k\u00fcn\u00fc Ukraina Yuqar\u0131 \u015euras\u0131nda &#8220;Ukrainan\u0131\u00f1 etnik milliy siyaseti: ye\u00f1i\u015fler ve istiqabeller&#8221; mevzus\u0131nda ol\u0131p ke\u00e7ken parlament di\u00f1levlerini\u00f1 neticeleri boyunca &#8220;&#8221;Ukrainan\u0131\u00f1 etnik milliy siyaseti: ye\u00f1i\u015fler ve istiqballer&#8221; mevzus\u0131ndaki parlament di\u00f1levlerini\u00f1 tevsiyeleri aqq\u0131nda&#8221; Ukraina Yuqar\u0131 \u015euras\u0131 qarar\u0131n\u0131\u00f1 leyhas\u0131n\u0131 maqullep, on\u0131 esas olaraq qabul [&hellip;]<\/p>\n","protected":false},"author":1,"featured_media":0,"comment_status":"open","ping_status":"open","sticky":false,"template":"","format":"standard","meta":{"inline_featured_image":false,"footnotes":""},"categories":[265],"tags":[],"class_list":["post-29661","post","type-post","status-publish","format-standard","hentry","category-haberler"],"acf":[],"yoast_head":"<!-- This site is optimized with the Yoast SEO plugin v27.4 - https:\/\/yoast.com\/product\/yoast-seo-wordpress\/ -->\n<title>Ukraina Yuqar\u0131 \u015euras\u0131 \u00abUkrainan\u0131\u00f1 etnik milliy siyaseti: ye\u00f1i\u015fler ve istiqabeller\u00bb mevzus\u0131nda parlament di\u00f1levlerine yek\u00fcn \u00e7ekti - \u041c\u0435\u0434\u0436\u043b\u0456\u0441<\/title>\n<meta name=\"robots\" content=\"index, follow, max-snippet:-1, max-image-preview:large, max-video-preview:-1\" \/>\n<link rel=\"canonical\" href=\"https:\/\/qtmm.org\/qt\/ukraina-yuqari-surasi-ukrainanin-etnik-milliy-siyaseti-yenisler-ve-istiqabeller-mevzusinda-parlament-dinlevlerine-yekun-cekti\/\" \/>\n<meta property=\"og:locale\" content=\"en_US\" \/>\n<meta property=\"og:type\" content=\"article\" \/>\n<meta property=\"og:title\" content=\"Ukraina Yuqar\u0131 \u015euras\u0131 \u00abUkrainan\u0131\u00f1 etnik milliy siyaseti: ye\u00f1i\u015fler ve istiqabeller\u00bb mevzus\u0131nda parlament di\u00f1levlerine yek\u00fcn \u00e7ekti - \u041c\u0435\u0434\u0436\u043b\u0456\u0441\" \/>\n<meta property=\"og:description\" content=\"Ukraina Yuqar\u0131 \u015euras\u0131n\u0131\u00f1 \u0130nsan, milliy azl\u0131qlar ve milletlerara munasebetler boyunca komiteti 2012 senesi yanvar 11 k\u00fcn\u00fc Ukraina Yuqar\u0131 \u015euras\u0131nda &#8220;Ukrainan\u0131\u00f1 etnik milliy siyaseti: ye\u00f1i\u015fler ve istiqabeller&#8221; mevzus\u0131nda ol\u0131p ke\u00e7ken parlament di\u00f1levlerini\u00f1 neticeleri boyunca &#8220;&#8221;Ukrainan\u0131\u00f1 etnik milliy siyaseti: ye\u00f1i\u015fler ve istiqballer&#8221; mevzus\u0131ndaki parlament di\u00f1levlerini\u00f1 tevsiyeleri aqq\u0131nda&#8221; Ukraina Yuqar\u0131 \u015euras\u0131 qarar\u0131n\u0131\u00f1 leyhas\u0131n\u0131 maqullep, on\u0131 esas olaraq qabul [&hellip;]\" \/>\n<meta property=\"og:url\" content=\"https:\/\/qtmm.org\/qt\/ukraina-yuqari-surasi-ukrainanin-etnik-milliy-siyaseti-yenisler-ve-istiqabeller-mevzusinda-parlament-dinlevlerine-yekun-cekti\/\" \/>\n<meta property=\"og:site_name\" content=\"\u041c\u0435\u0434\u0436\u043b\u0456\u0441\" \/>\n<meta property=\"article:publisher\" content=\"https:\/\/www.facebook.com\/qtmm.info\/\" \/>\n<meta property=\"article:published_time\" content=\"2012-03-29T14:36:00+00:00\" \/>\n<meta property=\"article:modified_time\" content=\"2022-01-21T14:37:12+00:00\" \/>\n<meta name=\"author\" content=\"Developer\" \/>\n<meta name=\"twitter:card\" content=\"summary_large_image\" \/>\n<meta name=\"twitter:label1\" content=\"Written by\" \/>\n\t<meta name=\"twitter:data1\" content=\"Developer\" \/>\n\t<meta name=\"twitter:label2\" content=\"Est. reading time\" \/>\n\t<meta name=\"twitter:data2\" content=\"2 minutes\" \/>\n<script type=\"application\/ld+json\" class=\"yoast-schema-graph\">{\"@context\":\"https:\\\/\\\/schema.org\",\"@graph\":[{\"@type\":\"Article\",\"@id\":\"https:\\\/\\\/qtmm.org\\\/qt\\\/ukraina-yuqari-surasi-ukrainanin-etnik-milliy-siyaseti-yenisler-ve-istiqabeller-mevzusinda-parlament-dinlevlerine-yekun-cekti\\\/#article\",\"isPartOf\":{\"@id\":\"https:\\\/\\\/qtmm.org\\\/qt\\\/ukraina-yuqari-surasi-ukrainanin-etnik-milliy-siyaseti-yenisler-ve-istiqabeller-mevzusinda-parlament-dinlevlerine-yekun-cekti\\\/\"},\"author\":{\"name\":\"Developer\",\"@id\":\"https:\\\/\\\/qtmm.org\\\/qt\\\/#\\\/schema\\\/person\\\/de562469f971dec226ac06e60bbf74a7\"},\"headline\":\"Ukraina Yuqar\u0131 \u015euras\u0131 \u00abUkrainan\u0131\u00f1 etnik milliy siyaseti: ye\u00f1i\u015fler ve istiqabeller\u00bb mevzus\u0131nda parlament di\u00f1levlerine yek\u00fcn \u00e7ekti\",\"datePublished\":\"2012-03-29T14:36:00+00:00\",\"dateModified\":\"2022-01-21T14:37:12+00:00\",\"mainEntityOfPage\":{\"@id\":\"https:\\\/\\\/qtmm.org\\\/qt\\\/ukraina-yuqari-surasi-ukrainanin-etnik-milliy-siyaseti-yenisler-ve-istiqabeller-mevzusinda-parlament-dinlevlerine-yekun-cekti\\\/\"},\"wordCount\":430,\"commentCount\":0,\"publisher\":{\"@id\":\"https:\\\/\\\/qtmm.org\\\/qt\\\/#organization\"},\"articleSection\":[\"Haberler\"],\"inLanguage\":\"qt\",\"potentialAction\":[{\"@type\":\"CommentAction\",\"name\":\"Comment\",\"target\":[\"https:\\\/\\\/qtmm.org\\\/qt\\\/ukraina-yuqari-surasi-ukrainanin-etnik-milliy-siyaseti-yenisler-ve-istiqabeller-mevzusinda-parlament-dinlevlerine-yekun-cekti\\\/#respond\"]}]},{\"@type\":\"WebPage\",\"@id\":\"https:\\\/\\\/qtmm.org\\\/qt\\\/ukraina-yuqari-surasi-ukrainanin-etnik-milliy-siyaseti-yenisler-ve-istiqabeller-mevzusinda-parlament-dinlevlerine-yekun-cekti\\\/\",\"url\":\"https:\\\/\\\/qtmm.org\\\/qt\\\/ukraina-yuqari-surasi-ukrainanin-etnik-milliy-siyaseti-yenisler-ve-istiqabeller-mevzusinda-parlament-dinlevlerine-yekun-cekti\\\/\",\"name\":\"Ukraina Yuqar\u0131 \u015euras\u0131 \u00abUkrainan\u0131\u00f1 etnik milliy siyaseti: ye\u00f1i\u015fler ve istiqabeller\u00bb mevzus\u0131nda parlament di\u00f1levlerine yek\u00fcn \u00e7ekti - \u041c\u0435\u0434\u0436\u043b\u0456\u0441\",\"isPartOf\":{\"@id\":\"https:\\\/\\\/qtmm.org\\\/qt\\\/#website\"},\"datePublished\":\"2012-03-29T14:36:00+00:00\",\"dateModified\":\"2022-01-21T14:37:12+00:00\",\"breadcrumb\":{\"@id\":\"https:\\\/\\\/qtmm.org\\\/qt\\\/ukraina-yuqari-surasi-ukrainanin-etnik-milliy-siyaseti-yenisler-ve-istiqabeller-mevzusinda-parlament-dinlevlerine-yekun-cekti\\\/#breadcrumb\"},\"inLanguage\":\"qt\",\"potentialAction\":[{\"@type\":\"ReadAction\",\"target\":[\"https:\\\/\\\/qtmm.org\\\/qt\\\/ukraina-yuqari-surasi-ukrainanin-etnik-milliy-siyaseti-yenisler-ve-istiqabeller-mevzusinda-parlament-dinlevlerine-yekun-cekti\\\/\"]}]},{\"@type\":\"BreadcrumbList\",\"@id\":\"https:\\\/\\\/qtmm.org\\\/qt\\\/ukraina-yuqari-surasi-ukrainanin-etnik-milliy-siyaseti-yenisler-ve-istiqabeller-mevzusinda-parlament-dinlevlerine-yekun-cekti\\\/#breadcrumb\",\"itemListElement\":[{\"@type\":\"ListItem\",\"position\":1,\"name\":\"\u0413\u043e\u043b\u043e\u0432\u043d\u0430\",\"item\":\"https:\\\/\\\/qtmm.org\\\/qt\\\/\"},{\"@type\":\"ListItem\",\"position\":2,\"name\":\"Ukraina Yuqar\u0131 \u015euras\u0131 \u00abUkrainan\u0131\u00f1 etnik milliy siyaseti: ye\u00f1i\u015fler ve istiqabeller\u00bb mevzus\u0131nda parlament di\u00f1levlerine yek\u00fcn \u00e7ekti\"}]},{\"@type\":\"WebSite\",\"@id\":\"https:\\\/\\\/qtmm.org\\\/qt\\\/#website\",\"url\":\"https:\\\/\\\/qtmm.org\\\/qt\\\/\",\"name\":\"\u041c\u0435\u0434\u0436\u043b\u0456\u0441\",\"description\":\"\",\"publisher\":{\"@id\":\"https:\\\/\\\/qtmm.org\\\/qt\\\/#organization\"},\"potentialAction\":[{\"@type\":\"SearchAction\",\"target\":{\"@type\":\"EntryPoint\",\"urlTemplate\":\"https:\\\/\\\/qtmm.org\\\/qt\\\/?s={search_term_string}\"},\"query-input\":{\"@type\":\"PropertyValueSpecification\",\"valueRequired\":true,\"valueName\":\"search_term_string\"}}],\"inLanguage\":\"qt\"},{\"@type\":\"Organization\",\"@id\":\"https:\\\/\\\/qtmm.org\\\/qt\\\/#organization\",\"name\":\"\u041c\u0435\u0434\u0436\u043b\u0456\u0441\",\"url\":\"https:\\\/\\\/qtmm.org\\\/qt\\\/\",\"logo\":{\"@type\":\"ImageObject\",\"inLanguage\":\"qt\",\"@id\":\"https:\\\/\\\/qtmm.org\\\/qt\\\/#\\\/schema\\\/logo\\\/image\\\/\",\"url\":\"https:\\\/\\\/qtmm.org\\\/wp-content\\\/uploads\\\/2024\\\/12\\\/ua-mejlis-logo-rgb.svg\",\"contentUrl\":\"https:\\\/\\\/qtmm.org\\\/wp-content\\\/uploads\\\/2024\\\/12\\\/ua-mejlis-logo-rgb.svg\",\"caption\":\"\u041c\u0435\u0434\u0436\u043b\u0456\u0441\"},\"image\":{\"@id\":\"https:\\\/\\\/qtmm.org\\\/qt\\\/#\\\/schema\\\/logo\\\/image\\\/\"},\"sameAs\":[\"https:\\\/\\\/www.facebook.com\\\/qtmm.info\\\/\"]},{\"@type\":\"Person\",\"@id\":\"https:\\\/\\\/qtmm.org\\\/qt\\\/#\\\/schema\\\/person\\\/de562469f971dec226ac06e60bbf74a7\",\"name\":\"Developer\",\"image\":{\"@type\":\"ImageObject\",\"inLanguage\":\"qt\",\"@id\":\"https:\\\/\\\/secure.gravatar.com\\\/avatar\\\/392b4cc8fbfeb00b39dfeeab4ee6edded39ffd48e25858637e4765810300227e?s=96&d=mm&r=g\",\"url\":\"https:\\\/\\\/secure.gravatar.com\\\/avatar\\\/392b4cc8fbfeb00b39dfeeab4ee6edded39ffd48e25858637e4765810300227e?s=96&d=mm&r=g\",\"contentUrl\":\"https:\\\/\\\/secure.gravatar.com\\\/avatar\\\/392b4cc8fbfeb00b39dfeeab4ee6edded39ffd48e25858637e4765810300227e?s=96&d=mm&r=g\",\"caption\":\"Developer\"},\"url\":\"https:\\\/\\\/qtmm.org\\\/qt\\\/author\\\/Developer\\\/\"}]}<\/script>\n<!-- \/ Yoast SEO plugin. -->","yoast_head_json":{"title":"Ukraina Yuqar\u0131 \u015euras\u0131 \u00abUkrainan\u0131\u00f1 etnik milliy siyaseti: ye\u00f1i\u015fler ve istiqabeller\u00bb mevzus\u0131nda parlament di\u00f1levlerine yek\u00fcn \u00e7ekti - \u041c\u0435\u0434\u0436\u043b\u0456\u0441","robots":{"index":"index","follow":"follow","max-snippet":"max-snippet:-1","max-image-preview":"max-image-preview:large","max-video-preview":"max-video-preview:-1"},"canonical":"https:\/\/qtmm.org\/qt\/ukraina-yuqari-surasi-ukrainanin-etnik-milliy-siyaseti-yenisler-ve-istiqabeller-mevzusinda-parlament-dinlevlerine-yekun-cekti\/","og_locale":"en_US","og_type":"article","og_title":"Ukraina Yuqar\u0131 \u015euras\u0131 \u00abUkrainan\u0131\u00f1 etnik milliy siyaseti: ye\u00f1i\u015fler ve istiqabeller\u00bb mevzus\u0131nda parlament di\u00f1levlerine yek\u00fcn \u00e7ekti - \u041c\u0435\u0434\u0436\u043b\u0456\u0441","og_description":"Ukraina Yuqar\u0131 \u015euras\u0131n\u0131\u00f1 \u0130nsan, milliy azl\u0131qlar ve milletlerara munasebetler boyunca komiteti 2012 senesi yanvar 11 k\u00fcn\u00fc Ukraina Yuqar\u0131 \u015euras\u0131nda &#8220;Ukrainan\u0131\u00f1 etnik milliy siyaseti: ye\u00f1i\u015fler ve istiqabeller&#8221; mevzus\u0131nda ol\u0131p ke\u00e7ken parlament di\u00f1levlerini\u00f1 neticeleri boyunca &#8220;&#8221;Ukrainan\u0131\u00f1 etnik milliy siyaseti: ye\u00f1i\u015fler ve istiqballer&#8221; mevzus\u0131ndaki parlament di\u00f1levlerini\u00f1 tevsiyeleri aqq\u0131nda&#8221; Ukraina Yuqar\u0131 \u015euras\u0131 qarar\u0131n\u0131\u00f1 leyhas\u0131n\u0131 maqullep, on\u0131 esas olaraq qabul [&hellip;]","og_url":"https:\/\/qtmm.org\/qt\/ukraina-yuqari-surasi-ukrainanin-etnik-milliy-siyaseti-yenisler-ve-istiqabeller-mevzusinda-parlament-dinlevlerine-yekun-cekti\/","og_site_name":"\u041c\u0435\u0434\u0436\u043b\u0456\u0441","article_publisher":"https:\/\/www.facebook.com\/qtmm.info\/","article_published_time":"2012-03-29T14:36:00+00:00","article_modified_time":"2022-01-21T14:37:12+00:00","author":"Developer","twitter_card":"summary_large_image","twitter_misc":{"Written by":"Developer","Est. reading time":"2 minutes"},"schema":{"@context":"https:\/\/schema.org","@graph":[{"@type":"Article","@id":"https:\/\/qtmm.org\/qt\/ukraina-yuqari-surasi-ukrainanin-etnik-milliy-siyaseti-yenisler-ve-istiqabeller-mevzusinda-parlament-dinlevlerine-yekun-cekti\/#article","isPartOf":{"@id":"https:\/\/qtmm.org\/qt\/ukraina-yuqari-surasi-ukrainanin-etnik-milliy-siyaseti-yenisler-ve-istiqabeller-mevzusinda-parlament-dinlevlerine-yekun-cekti\/"},"author":{"name":"Developer","@id":"https:\/\/qtmm.org\/qt\/#\/schema\/person\/de562469f971dec226ac06e60bbf74a7"},"headline":"Ukraina Yuqar\u0131 \u015euras\u0131 \u00abUkrainan\u0131\u00f1 etnik milliy siyaseti: ye\u00f1i\u015fler ve istiqabeller\u00bb mevzus\u0131nda parlament di\u00f1levlerine yek\u00fcn \u00e7ekti","datePublished":"2012-03-29T14:36:00+00:00","dateModified":"2022-01-21T14:37:12+00:00","mainEntityOfPage":{"@id":"https:\/\/qtmm.org\/qt\/ukraina-yuqari-surasi-ukrainanin-etnik-milliy-siyaseti-yenisler-ve-istiqabeller-mevzusinda-parlament-dinlevlerine-yekun-cekti\/"},"wordCount":430,"commentCount":0,"publisher":{"@id":"https:\/\/qtmm.org\/qt\/#organization"},"articleSection":["Haberler"],"inLanguage":"qt","potentialAction":[{"@type":"CommentAction","name":"Comment","target":["https:\/\/qtmm.org\/qt\/ukraina-yuqari-surasi-ukrainanin-etnik-milliy-siyaseti-yenisler-ve-istiqabeller-mevzusinda-parlament-dinlevlerine-yekun-cekti\/#respond"]}]},{"@type":"WebPage","@id":"https:\/\/qtmm.org\/qt\/ukraina-yuqari-surasi-ukrainanin-etnik-milliy-siyaseti-yenisler-ve-istiqabeller-mevzusinda-parlament-dinlevlerine-yekun-cekti\/","url":"https:\/\/qtmm.org\/qt\/ukraina-yuqari-surasi-ukrainanin-etnik-milliy-siyaseti-yenisler-ve-istiqabeller-mevzusinda-parlament-dinlevlerine-yekun-cekti\/","name":"Ukraina Yuqar\u0131 \u015euras\u0131 \u00abUkrainan\u0131\u00f1 etnik milliy siyaseti: ye\u00f1i\u015fler ve istiqabeller\u00bb mevzus\u0131nda parlament di\u00f1levlerine yek\u00fcn \u00e7ekti - \u041c\u0435\u0434\u0436\u043b\u0456\u0441","isPartOf":{"@id":"https:\/\/qtmm.org\/qt\/#website"},"datePublished":"2012-03-29T14:36:00+00:00","dateModified":"2022-01-21T14:37:12+00:00","breadcrumb":{"@id":"https:\/\/qtmm.org\/qt\/ukraina-yuqari-surasi-ukrainanin-etnik-milliy-siyaseti-yenisler-ve-istiqabeller-mevzusinda-parlament-dinlevlerine-yekun-cekti\/#breadcrumb"},"inLanguage":"qt","potentialAction":[{"@type":"ReadAction","target":["https:\/\/qtmm.org\/qt\/ukraina-yuqari-surasi-ukrainanin-etnik-milliy-siyaseti-yenisler-ve-istiqabeller-mevzusinda-parlament-dinlevlerine-yekun-cekti\/"]}]},{"@type":"BreadcrumbList","@id":"https:\/\/qtmm.org\/qt\/ukraina-yuqari-surasi-ukrainanin-etnik-milliy-siyaseti-yenisler-ve-istiqabeller-mevzusinda-parlament-dinlevlerine-yekun-cekti\/#breadcrumb","itemListElement":[{"@type":"ListItem","position":1,"name":"\u0413\u043e\u043b\u043e\u0432\u043d\u0430","item":"https:\/\/qtmm.org\/qt\/"},{"@type":"ListItem","position":2,"name":"Ukraina Yuqar\u0131 \u015euras\u0131 \u00abUkrainan\u0131\u00f1 etnik milliy siyaseti: ye\u00f1i\u015fler ve istiqabeller\u00bb mevzus\u0131nda parlament di\u00f1levlerine yek\u00fcn \u00e7ekti"}]},{"@type":"WebSite","@id":"https:\/\/qtmm.org\/qt\/#website","url":"https:\/\/qtmm.org\/qt\/","name":"\u041c\u0435\u0434\u0436\u043b\u0456\u0441","description":"","publisher":{"@id":"https:\/\/qtmm.org\/qt\/#organization"},"potentialAction":[{"@type":"SearchAction","target":{"@type":"EntryPoint","urlTemplate":"https:\/\/qtmm.org\/qt\/?s={search_term_string}"},"query-input":{"@type":"PropertyValueSpecification","valueRequired":true,"valueName":"search_term_string"}}],"inLanguage":"qt"},{"@type":"Organization","@id":"https:\/\/qtmm.org\/qt\/#organization","name":"\u041c\u0435\u0434\u0436\u043b\u0456\u0441","url":"https:\/\/qtmm.org\/qt\/","logo":{"@type":"ImageObject","inLanguage":"qt","@id":"https:\/\/qtmm.org\/qt\/#\/schema\/logo\/image\/","url":"https:\/\/qtmm.org\/wp-content\/uploads\/2024\/12\/ua-mejlis-logo-rgb.svg","contentUrl":"https:\/\/qtmm.org\/wp-content\/uploads\/2024\/12\/ua-mejlis-logo-rgb.svg","caption":"\u041c\u0435\u0434\u0436\u043b\u0456\u0441"},"image":{"@id":"https:\/\/qtmm.org\/qt\/#\/schema\/logo\/image\/"},"sameAs":["https:\/\/www.facebook.com\/qtmm.info\/"]},{"@type":"Person","@id":"https:\/\/qtmm.org\/qt\/#\/schema\/person\/de562469f971dec226ac06e60bbf74a7","name":"Developer","image":{"@type":"ImageObject","inLanguage":"qt","@id":"https:\/\/secure.gravatar.com\/avatar\/392b4cc8fbfeb00b39dfeeab4ee6edded39ffd48e25858637e4765810300227e?s=96&d=mm&r=g","url":"https:\/\/secure.gravatar.com\/avatar\/392b4cc8fbfeb00b39dfeeab4ee6edded39ffd48e25858637e4765810300227e?s=96&d=mm&r=g","contentUrl":"https:\/\/secure.gravatar.com\/avatar\/392b4cc8fbfeb00b39dfeeab4ee6edded39ffd48e25858637e4765810300227e?s=96&d=mm&r=g","caption":"Developer"},"url":"https:\/\/qtmm.org\/qt\/author\/Developer\/"}]}},"_links":{"self":[{"href":"https:\/\/qtmm.org\/qt\/wp-json\/wp\/v2\/posts\/29661","targetHints":{"allow":["GET"]}}],"collection":[{"href":"https:\/\/qtmm.org\/qt\/wp-json\/wp\/v2\/posts"}],"about":[{"href":"https:\/\/qtmm.org\/qt\/wp-json\/wp\/v2\/types\/post"}],"author":[{"embeddable":true,"href":"https:\/\/qtmm.org\/qt\/wp-json\/wp\/v2\/users\/1"}],"replies":[{"embeddable":true,"href":"https:\/\/qtmm.org\/qt\/wp-json\/wp\/v2\/comments?post=29661"}],"version-history":[{"count":1,"href":"https:\/\/qtmm.org\/qt\/wp-json\/wp\/v2\/posts\/29661\/revisions"}],"predecessor-version":[{"id":29662,"href":"https:\/\/qtmm.org\/qt\/wp-json\/wp\/v2\/posts\/29661\/revisions\/29662"}],"wp:attachment":[{"href":"https:\/\/qtmm.org\/qt\/wp-json\/wp\/v2\/media?parent=29661"}],"wp:term":[{"taxonomy":"category","embeddable":true,"href":"https:\/\/qtmm.org\/qt\/wp-json\/wp\/v2\/categories?post=29661"},{"taxonomy":"post_tag","embeddable":true,"href":"https:\/\/qtmm.org\/qt\/wp-json\/wp\/v2\/tags?post=29661"}],"curies":[{"name":"wp","href":"https:\/\/api.w.org\/{rel}","templated":true}]}}