




{"id":29627,"date":"2012-03-27T17:34:00","date_gmt":"2012-03-27T14:34:00","guid":{"rendered":"http:\/\/qtmm.org\/?p=29627"},"modified":"2022-01-21T17:36:13","modified_gmt":"2022-01-21T14:36:13","slug":"mustafa-cemilev-alraid-birlesmesinin-yani-reisi-bassil-mareyei-ile-korusti","status":"publish","type":"post","link":"https:\/\/qtmm.org\/qt\/mustafa-cemilev-alraid-birlesmesinin-yani-reisi-bassil-mareyei-ile-korusti\/","title":{"rendered":"Mustafa Cemilev \u00abAlraid\u00bb birle\u015fmesini\u00f1 ya\u00f1\u0131 reisi Bassil Mareyei ile k\u00f6r\u00fc\u015fti"},"content":{"rendered":"\n<p>2012 senesi mart 27 k\u00fcn\u00fc Q\u0131r\u0131mtatar halq\u0131 Meclisini\u00f1 reisi Mustafa Cemilev &#8220;Alraid&#8221; B\u00fct\u00fcnukrain cemaat te\u015fkil\u00e2tlar\u0131 birle\u015fmesini\u00f1 reisi Bassil Mareyei ile k\u00f6r\u00fc\u015fti.<\/p>\n\n\n\n<p>Musafirni\u00f1 yan\u0131nda \u0130sl\u00e2m inki\u015faf bank\u0131n\u0131\u00f1(Islamic development bank) vekili doktor \u0130smail Qad\u0131 ve &#8220;Alraid&#8221; B\u00fct\u00fcnukrain cemaat te\u015fkil\u00e2tlar\u0131 birle\u015fmesi Q\u0131r\u0131m b\u00f6l\u00fcgini\u00f1 ba\u015f\u0131 doktor Mohamad Taha bulund\u0131lar. K\u00f6r\u00fc\u015f\u00fcvde bun\u0131\u00f1 kibi de Meclis reisini\u00f1 muavini Remzi \u0130lyasov, Meclis t\u0131\u015fq\u0131 al\u00e2qalar b\u00f6l\u00fcgini\u00f1 ba\u015f\u0131 Ali Hamzin ve Meclisni\u00f1 tasil ve medeniyet idaresini\u00f1 ba\u015f\u0131 Safure Kacametova i\u015ftirak ettiler.<\/p>\n\n\n\n<p>Q\u0131r\u0131mtatar halq\u0131 Meclisini\u00f1 reisi Mustafa Cemilevge h\u0131tap etken &#8220;Alraid&#8221; B\u00fct\u00fcnukrain cemaat te\u015fkil\u00e2tlar\u0131 birle\u015fmesini\u00f1 reisi Bassil Mareyei dedi ki: &#8220;&#8221;Alraid&#8221; birle\u015fmesi Q\u0131r\u0131mtatar halq\u0131 Meclisinen i\u015fbirlikke y\u00fcksek q\u0131ymet keserek, ileride de yar\u0131madada q\u0131r\u0131mtatarlarn\u0131\u00f1 tili, medeniyeti ve diniy \u00f6zg\u00fcnligini \u011fayr\u0131dan tiklev ve saqlap qaluv ve Q\u0131r\u0131m cemiyetinde bar\u0131\u015f\u0131ql\u0131q ve eyiqom\u015ful\u0131qn\u0131 pekit\u00fcv boyunca ya\u00f1\u0131 leyhalarn\u0131 amelge ke\u00e7irmege az\u0131r&#8221;.<\/p>\n\n\n\n<p>&#8220;Alraid&#8221; vekilleri \u015fun\u0131 da qayd ettiler ki, tasil, informatsion ve diger saalarda \u00e7e\u015fit leyhalarn\u0131 \u00f6m\u00fcrge ke\u00e7irgende ukrain cemiyeti \u00f6g\u00fcnde a\u00e7\u0131ql\u0131q, \u00e7e\u015fit dinler aras\u0131nda dialogn\u0131 keni\u015flet\u00fcv, \u00e7e\u015fit din vekilleri aras\u0131nda bar\u0131\u015f\u0131ql\u0131q ve \u00f6zara a\u00f1lav, Ukrainan\u0131\u00f1 \u0130sl\u00e2mn\u0131 k\u00fctken grajdanlar\u0131n\u0131\u00f1 diniy mens\u00fcpligini qor\u00e7alav printsiplerine tayan\u0131la&#8221;.<\/p>\n\n\n\n<p>Belli ki, &#8220;Alraid&#8221; birle\u015fmesi faaliyetini\u00f1 muvafaqiyeti olaraq 2011 senesi &#8220;Q\u0131r\u0131mtatar tilinde tasil berilgen mekteplerni\u00f1 maddiy-tehnikiy bazas\u0131n\u0131 pekit\u00fcv&#8221; leyhas\u0131n\u0131 aytmaq m\u00fcmk\u00fcn. Q\u0131r\u0131mtatar halq\u0131 Meclisini\u00f1 reberliginde ve \u0130sl\u00e2m inki\u015faf bank\u0131n\u0131\u00f1 maliyeviy qoltutuv\u0131nda ortaq birle\u015fmeler &#8220;Alraid&#8221; ve &#8220;Maarif\u00e7i&#8221; leyhan\u0131\u00f1 ekinci tran\u015f\u0131n\u0131 amelge ke\u00e7irgenleri sayesinde 16 q\u0131r\u0131mtatar mektebinde oquv qullanmalar\u0131 ve k\u00f6rgezmeli vastalarnen donat\u0131l\u011fan ya\u00f1\u0131 kabinet ve s\u0131n\u0131f odalar\u0131 peyda old\u0131, bir s\u0131ra mekteplerde tamir i\u015fleri yap\u0131ld\u0131.<\/p>\n\n\n\n<p>&#8220;Alraid&#8221; ve \u0130sl\u00e2m inki\u015faf\u0131 bank\u0131n\u0131\u00f1 vekilleri leyhan\u0131\u00f1 \u00fc\u00e7\u00fcnci, q\u0131r\u0131mtatar tilinde terbiye berilgen ve oqut\u0131l\u011fan gruppalar a\u00e7\u0131l\u011fan mektepkece tasil m\u00fcessiselerni\u00f1 ve eki tilli mekteplerni\u00f1 maddiy-tehnikiy bazas\u0131n\u0131 peit\u00fckge do\u011frult\u0131l\u011fan, tran\u015f\u0131n\u0131 amelge ke\u00e7irmege az\u0131r. Bundan da \u011fayr\u0131, Q\u0131r\u0131m sakinlerine q\u0131r\u0131mtatar halq\u0131n\u0131\u00f1 medeniy ve maneviy degerliklerini \u00f6grenmege imk\u00e2n bergen tasil ve informatsion leyhalar da devam ettirilecek.<\/p>\n\n\n\n<p>K\u00f6r\u00fc\u015f\u00fcv i\u015ftirak\u00e7ileri Ukraina ve Q\u0131r\u0131m yar\u0131madas\u0131ndaki cemaat ve diniy ayatn\u0131\u00f1 \u00e7e\u015fit meseleleri boyunca fikir payla\u015f\u0131p, musulman cemiyetlerini\u00f1 Ukraina devlet akimiyetinen munasebetlerini ayr\u0131ca qayd ettiler. Bu yerde &#8220;Alraid&#8221; birle\u015fmesini\u00f1 vekilleri Q\u0131r\u0131m musulmanlar\u0131 diniy idaresini\u00f1 ba\u015f\u0131 ac\u0131 Emirali Ablayevni\u00f1 Ukrainadaki b\u00fct\u00fcn musulmanlar aras\u0131nda a\u00f1lav ve bar\u0131\u015f\u0131ql\u0131qn\u0131 pekit\u00fcv o\u011frundaki areketlerine Ukrainadaki b\u00fct\u00fcn din cemiyetleri qoltutqan\u0131 ve taqdirlegenini ayr\u0131ca tilge ald\u0131lar.<\/p>\n\n\n\n<p>K\u00f6r\u00fc\u015f\u00fcv i\u015ftirak\u00e7ileri &#8220;\u0130sl\u00e2m d\u00fcnyas\u0131 ve \u0130sl\u00e2m degerlikleri aqq\u0131nda menfiy fikirlerni yoq et\u00fcv, ukrain cemiyetinde \u00f6zara i\u015fan\u00e7n\u0131 pekit\u00fcv yolundaki semereli ad\u0131mlardan biri Ukrainan\u0131\u00f1 \u0130sl\u00e2m Konferentsiyavs\u0131 Te\u015fkil\u00e2t\u0131na aza olmas\u0131d\u0131r&#8221;, dep sayalar.<\/p>\n\n\n\n<p>Q\u0131r\u0131mtatar halq\u0131 Meclisini\u00f1 reisi, Ukraina halq deputat\u0131 musafirlerge \u00f6z te\u015febb\u00fcsi \u2013 Ukraina T\u0131\u015fq\u0131 i\u015fler nazirliginde \u0130sl\u00e2m devletlerinen i\u015fbirlik boyunca b\u00f6l\u00fckni\u00f1 meydan\u011fa ketirilmesi zarurl\u0131\u011f\u0131 aqq\u0131nda aytt\u0131. &#8220;B\u00f6yle qurumn\u0131\u00f1 te\u015fkil etilmesi menim fikrimce \u0130sl\u00e2m d\u00fcnyas\u0131nda Ukrainan\u0131\u00f1 yerini pekitip, \u0130sl\u00e2m d\u00fcnyas\u0131 devletleri ve halqara te\u015fkil\u00e2tlar\u0131nen al\u00e2qalar\u0131n\u0131 keni\u015fletmege imk\u00e2n yarat\u0131r&#8221;, &#8211; dedi Mustafa Cemilev.<\/p>\n\n\n\n<p><br><em><u>Mal\u00fcmat i\u00e7\u00fcn:<\/u><\/em><\/p>\n\n\n\n<p><br>&#8220;Alraid&#8221; B\u00fct\u00fcnukrain cemaat te\u015fkil\u00e2tlar\u0131n\u0131\u00f1 birle\u015fmesi k\u00e2rs\u0131z te\u015fkil\u00e2t olaraq medeniy-yar\u0131qland\u0131ruv ve hayriye i\u015flerinen o\u011fra\u015f\u0131p, Ukraina sakinlerine olarn\u0131\u00f1 diniy ve milliy mens\u00fcpliklerinden qatiy nazar yard\u0131m bere.<\/p>\n\n\n\n<p>&#8220;Alraid&#8221; birle\u015fmesini\u00f1 maqsadlar\u0131:<\/p>\n\n\n\n<p>&#8211; umuminsaniy merhametlik ve hayriye, insanperverlik ve adalet, sa\u011flam \u00f6m\u00fcr tarz\u0131 ve bar\u0131\u015f\u0131ql\u0131q degerliklerini tarqatmaq,<\/p>\n\n\n\n<p>&#8211; hayriye aktsiyalar\u0131n\u0131 ke\u00e7irmek, muhtaclar\u011fa i\u00e7timaiy yard\u0131m k\u00f6stermek, tibbiyat saas\u0131na qoltutmaq,<\/p>\n\n\n\n<p>&#8211; gen\u00e7ler aras\u0131nda terbiyeviy tedbirlerni ke\u00e7irmek,<\/p>\n\n\n\n<p>&#8211; medeniy-yar\u0131qland\u0131ruv faaliyetidir.<\/p>\n\n\n\n<p>Yolba\u015f\u00e7\u0131 ve nezaret organlar\u0131n\u0131\u00f1 saylanuv printsipine esaslanaraq 2011 senesi dekabr 17-18 k\u00fcnleri &#8220;Alraid&#8221; birle\u015fmesi azalar\u0131n\u0131\u00f1 onunc\u0131 konferentsiyas\u0131nda delegatlarn\u0131\u00f1 a\u00e7\u0131qtan-a\u00e7\u0131q rey bergenleri neticesinde Birle\u015fmeni\u00f1 kelecek d\u00f6rt y\u0131l\u011fa ya\u00f1\u0131 reisi olaraq Bassil Mareyei ve Tefti\u015f komissiyas\u0131n\u0131\u00f1 ba\u015f\u0131 olaraq Seyran Arifov sayland\u0131lar.<br><\/p>\n\n\n\n<figure class=\"wp-block-gallery columns-3 is-cropped wp-block-gallery-1 is-layout-flex wp-block-gallery-is-layout-flex\"><ul class=\"blocks-gallery-grid\"><li class=\"blocks-gallery-item\"><figure><a href=\"http:\/\/qtmm.org\/wp-content\/uploads\/2022\/01\/4f770b54bc300.jpeg\"><img loading=\"lazy\" decoding=\"async\" width=\"640\" height=\"480\" src=\"http:\/\/qtmm.org\/wp-content\/uploads\/2022\/01\/4f770b54bc300.jpeg\" alt=\"\" data-id=\"29628\" data-full-url=\"http:\/\/qtmm.org\/wp-content\/uploads\/2022\/01\/4f770b54bc300.jpeg\" data-link=\"http:\/\/qtmm.org\/qt\/?attachment_id=29628\" class=\"wp-image-29628\" srcset=\"https:\/\/qtmm.org\/wp-content\/uploads\/2022\/01\/4f770b54bc300.jpeg 640w, https:\/\/qtmm.org\/wp-content\/uploads\/2022\/01\/4f770b54bc300-300x225.jpeg 300w\" sizes=\"auto, (max-width: 640px) 100vw, 640px\" \/><\/a><\/figure><\/li><li class=\"blocks-gallery-item\"><figure><a href=\"http:\/\/qtmm.org\/wp-content\/uploads\/2022\/01\/4f770b54e9999.jpeg\"><img loading=\"lazy\" decoding=\"async\" width=\"640\" height=\"480\" src=\"http:\/\/qtmm.org\/wp-content\/uploads\/2022\/01\/4f770b54e9999.jpeg\" alt=\"\" data-id=\"29632\" data-full-url=\"http:\/\/qtmm.org\/wp-content\/uploads\/2022\/01\/4f770b54e9999.jpeg\" data-link=\"http:\/\/qtmm.org\/qt\/?attachment_id=29632\" class=\"wp-image-29632\" srcset=\"https:\/\/qtmm.org\/wp-content\/uploads\/2022\/01\/4f770b54e9999.jpeg 640w, https:\/\/qtmm.org\/wp-content\/uploads\/2022\/01\/4f770b54e9999-300x225.jpeg 300w\" sizes=\"auto, (max-width: 640px) 100vw, 640px\" \/><\/a><\/figure><\/li><li class=\"blocks-gallery-item\"><figure><a href=\"http:\/\/qtmm.org\/wp-content\/uploads\/2022\/01\/4f770b5537a7d.jpeg\"><img loading=\"lazy\" decoding=\"async\" width=\"640\" height=\"480\" src=\"http:\/\/qtmm.org\/wp-content\/uploads\/2022\/01\/4f770b5537a7d.jpeg\" alt=\"\" data-id=\"29636\" data-full-url=\"http:\/\/qtmm.org\/wp-content\/uploads\/2022\/01\/4f770b5537a7d.jpeg\" data-link=\"http:\/\/qtmm.org\/qt\/?attachment_id=29636\" class=\"wp-image-29636\" srcset=\"https:\/\/qtmm.org\/wp-content\/uploads\/2022\/01\/4f770b5537a7d.jpeg 640w, https:\/\/qtmm.org\/wp-content\/uploads\/2022\/01\/4f770b5537a7d-300x225.jpeg 300w\" sizes=\"auto, (max-width: 640px) 100vw, 640px\" \/><\/a><\/figure><\/li><li class=\"blocks-gallery-item\"><figure><a href=\"http:\/\/qtmm.org\/wp-content\/uploads\/2022\/01\/4f770b5443593.jpeg\"><img loading=\"lazy\" decoding=\"async\" width=\"640\" height=\"480\" src=\"http:\/\/qtmm.org\/wp-content\/uploads\/2022\/01\/4f770b5443593.jpeg\" alt=\"\" data-id=\"29640\" data-full-url=\"http:\/\/qtmm.org\/wp-content\/uploads\/2022\/01\/4f770b5443593.jpeg\" data-link=\"http:\/\/qtmm.org\/qt\/?attachment_id=29640\" class=\"wp-image-29640\" srcset=\"https:\/\/qtmm.org\/wp-content\/uploads\/2022\/01\/4f770b5443593.jpeg 640w, https:\/\/qtmm.org\/wp-content\/uploads\/2022\/01\/4f770b5443593-300x225.jpeg 300w\" sizes=\"auto, (max-width: 640px) 100vw, 640px\" \/><\/a><\/figure><\/li><li class=\"blocks-gallery-item\"><figure><a href=\"http:\/\/qtmm.org\/wp-content\/uploads\/2022\/01\/4f770b5477177.jpeg\"><img loading=\"lazy\" decoding=\"async\" width=\"640\" height=\"480\" src=\"http:\/\/qtmm.org\/wp-content\/uploads\/2022\/01\/4f770b5477177.jpeg\" alt=\"\" data-id=\"29644\" data-full-url=\"http:\/\/qtmm.org\/wp-content\/uploads\/2022\/01\/4f770b5477177.jpeg\" data-link=\"http:\/\/qtmm.org\/qt\/?attachment_id=29644\" class=\"wp-image-29644\" srcset=\"https:\/\/qtmm.org\/wp-content\/uploads\/2022\/01\/4f770b5477177.jpeg 640w, https:\/\/qtmm.org\/wp-content\/uploads\/2022\/01\/4f770b5477177-300x225.jpeg 300w\" sizes=\"auto, (max-width: 640px) 100vw, 640px\" \/><\/a><\/figure><\/li><li class=\"blocks-gallery-item\"><figure><a href=\"http:\/\/qtmm.org\/wp-content\/uploads\/2022\/01\/4f770b5496968.jpeg\"><img loading=\"lazy\" decoding=\"async\" width=\"640\" height=\"480\" src=\"http:\/\/qtmm.org\/wp-content\/uploads\/2022\/01\/4f770b5496968.jpeg\" alt=\"\" data-id=\"29648\" data-full-url=\"http:\/\/qtmm.org\/wp-content\/uploads\/2022\/01\/4f770b5496968.jpeg\" data-link=\"http:\/\/qtmm.org\/qt\/?attachment_id=29648\" class=\"wp-image-29648\" srcset=\"https:\/\/qtmm.org\/wp-content\/uploads\/2022\/01\/4f770b5496968.jpeg 640w, https:\/\/qtmm.org\/wp-content\/uploads\/2022\/01\/4f770b5496968-300x225.jpeg 300w\" sizes=\"auto, (max-width: 640px) 100vw, 640px\" \/><\/a><\/figure><\/li><li class=\"blocks-gallery-item\"><figure><a href=\"http:\/\/qtmm.org\/wp-content\/uploads\/2022\/01\/4f770b5518210.jpeg\"><img loading=\"lazy\" decoding=\"async\" width=\"640\" height=\"480\" src=\"http:\/\/qtmm.org\/wp-content\/uploads\/2022\/01\/4f770b5518210.jpeg\" alt=\"\" data-id=\"29652\" data-full-url=\"http:\/\/qtmm.org\/wp-content\/uploads\/2022\/01\/4f770b5518210.jpeg\" data-link=\"http:\/\/qtmm.org\/qt\/?attachment_id=29652\" class=\"wp-image-29652\" srcset=\"https:\/\/qtmm.org\/wp-content\/uploads\/2022\/01\/4f770b5518210.jpeg 640w, https:\/\/qtmm.org\/wp-content\/uploads\/2022\/01\/4f770b5518210-300x225.jpeg 300w\" sizes=\"auto, (max-width: 640px) 100vw, 640px\" \/><\/a><\/figure><\/li><li class=\"blocks-gallery-item\"><figure><a href=\"http:\/\/qtmm.org\/wp-content\/uploads\/2022\/01\/4f770b5559518.jpeg\"><img loading=\"lazy\" decoding=\"async\" width=\"640\" height=\"480\" src=\"http:\/\/qtmm.org\/wp-content\/uploads\/2022\/01\/4f770b5559518.jpeg\" alt=\"\" data-id=\"29656\" data-full-url=\"http:\/\/qtmm.org\/wp-content\/uploads\/2022\/01\/4f770b5559518.jpeg\" data-link=\"http:\/\/qtmm.org\/qt\/?attachment_id=29656\" class=\"wp-image-29656\" srcset=\"https:\/\/qtmm.org\/wp-content\/uploads\/2022\/01\/4f770b5559518.jpeg 640w, https:\/\/qtmm.org\/wp-content\/uploads\/2022\/01\/4f770b5559518-300x225.jpeg 300w\" sizes=\"auto, (max-width: 640px) 100vw, 640px\" \/><\/a><\/figure><\/li><\/ul><\/figure>\n","protected":false},"excerpt":{"rendered":"<p>2012 senesi mart 27 k\u00fcn\u00fc Q\u0131r\u0131mtatar halq\u0131 Meclisini\u00f1 reisi Mustafa Cemilev &#8220;Alraid&#8221; B\u00fct\u00fcnukrain cemaat te\u015fkil\u00e2tlar\u0131 birle\u015fmesini\u00f1 reisi Bassil Mareyei ile k\u00f6r\u00fc\u015fti. Musafirni\u00f1 yan\u0131nda \u0130sl\u00e2m inki\u015faf bank\u0131n\u0131\u00f1(Islamic development bank) vekili doktor \u0130smail Qad\u0131 ve &#8220;Alraid&#8221; B\u00fct\u00fcnukrain cemaat te\u015fkil\u00e2tlar\u0131 birle\u015fmesi Q\u0131r\u0131m b\u00f6l\u00fcgini\u00f1 ba\u015f\u0131 doktor Mohamad Taha bulund\u0131lar. K\u00f6r\u00fc\u015f\u00fcvde bun\u0131\u00f1 kibi de Meclis reisini\u00f1 muavini Remzi \u0130lyasov, Meclis [&hellip;]<\/p>\n","protected":false},"author":1,"featured_media":29656,"comment_status":"open","ping_status":"open","sticky":false,"template":"","format":"standard","meta":{"inline_featured_image":false,"footnotes":""},"categories":[265],"tags":[],"class_list":["post-29627","post","type-post","status-publish","format-standard","has-post-thumbnail","hentry","category-haberler"],"acf":[],"yoast_head":"<!-- This site is optimized with the Yoast SEO plugin v27.4 - https:\/\/yoast.com\/product\/yoast-seo-wordpress\/ -->\n<title>Mustafa Cemilev \u00abAlraid\u00bb birle\u015fmesini\u00f1 ya\u00f1\u0131 reisi Bassil Mareyei ile k\u00f6r\u00fc\u015fti - \u041c\u0435\u0434\u0436\u043b\u0456\u0441<\/title>\n<meta name=\"robots\" content=\"index, follow, max-snippet:-1, max-image-preview:large, max-video-preview:-1\" \/>\n<link rel=\"canonical\" href=\"https:\/\/qtmm.org\/qt\/mustafa-cemilev-alraid-birlesmesinin-yani-reisi-bassil-mareyei-ile-korusti\/\" \/>\n<meta property=\"og:locale\" content=\"en_US\" \/>\n<meta property=\"og:type\" content=\"article\" \/>\n<meta property=\"og:title\" content=\"Mustafa Cemilev \u00abAlraid\u00bb birle\u015fmesini\u00f1 ya\u00f1\u0131 reisi Bassil Mareyei ile k\u00f6r\u00fc\u015fti - \u041c\u0435\u0434\u0436\u043b\u0456\u0441\" \/>\n<meta property=\"og:description\" content=\"2012 senesi mart 27 k\u00fcn\u00fc Q\u0131r\u0131mtatar halq\u0131 Meclisini\u00f1 reisi Mustafa Cemilev &#8220;Alraid&#8221; B\u00fct\u00fcnukrain cemaat te\u015fkil\u00e2tlar\u0131 birle\u015fmesini\u00f1 reisi Bassil Mareyei ile k\u00f6r\u00fc\u015fti. Musafirni\u00f1 yan\u0131nda \u0130sl\u00e2m inki\u015faf bank\u0131n\u0131\u00f1(Islamic development bank) vekili doktor \u0130smail Qad\u0131 ve &#8220;Alraid&#8221; B\u00fct\u00fcnukrain cemaat te\u015fkil\u00e2tlar\u0131 birle\u015fmesi Q\u0131r\u0131m b\u00f6l\u00fcgini\u00f1 ba\u015f\u0131 doktor Mohamad Taha bulund\u0131lar. K\u00f6r\u00fc\u015f\u00fcvde bun\u0131\u00f1 kibi de Meclis reisini\u00f1 muavini Remzi \u0130lyasov, Meclis [&hellip;]\" \/>\n<meta property=\"og:url\" content=\"https:\/\/qtmm.org\/qt\/mustafa-cemilev-alraid-birlesmesinin-yani-reisi-bassil-mareyei-ile-korusti\/\" \/>\n<meta property=\"og:site_name\" content=\"\u041c\u0435\u0434\u0436\u043b\u0456\u0441\" \/>\n<meta property=\"article:publisher\" content=\"https:\/\/www.facebook.com\/qtmm.info\/\" \/>\n<meta property=\"article:published_time\" content=\"2012-03-27T14:34:00+00:00\" \/>\n<meta property=\"article:modified_time\" content=\"2022-01-21T14:36:13+00:00\" \/>\n<meta property=\"og:image\" content=\"https:\/\/qtmm.org\/wp-content\/uploads\/2022\/01\/4f770b5559518.jpeg\" \/>\n\t<meta property=\"og:image:width\" content=\"640\" \/>\n\t<meta property=\"og:image:height\" content=\"480\" \/>\n\t<meta property=\"og:image:type\" content=\"image\/jpeg\" \/>\n<meta name=\"author\" content=\"Developer\" \/>\n<meta name=\"twitter:card\" content=\"summary_large_image\" \/>\n<meta name=\"twitter:label1\" content=\"Written by\" \/>\n\t<meta name=\"twitter:data1\" content=\"Developer\" \/>\n\t<meta name=\"twitter:label2\" content=\"Est. reading time\" \/>\n\t<meta name=\"twitter:data2\" content=\"4 minutes\" \/>\n<script type=\"application\/ld+json\" class=\"yoast-schema-graph\">{\"@context\":\"https:\\\/\\\/schema.org\",\"@graph\":[{\"@type\":\"Article\",\"@id\":\"https:\\\/\\\/qtmm.org\\\/qt\\\/mustafa-cemilev-alraid-birlesmesinin-yani-reisi-bassil-mareyei-ile-korusti\\\/#article\",\"isPartOf\":{\"@id\":\"https:\\\/\\\/qtmm.org\\\/qt\\\/mustafa-cemilev-alraid-birlesmesinin-yani-reisi-bassil-mareyei-ile-korusti\\\/\"},\"author\":{\"name\":\"Developer\",\"@id\":\"https:\\\/\\\/qtmm.org\\\/qt\\\/#\\\/schema\\\/person\\\/de562469f971dec226ac06e60bbf74a7\"},\"headline\":\"Mustafa Cemilev \u00abAlraid\u00bb birle\u015fmesini\u00f1 ya\u00f1\u0131 reisi Bassil Mareyei ile k\u00f6r\u00fc\u015fti\",\"datePublished\":\"2012-03-27T14:34:00+00:00\",\"dateModified\":\"2022-01-21T14:36:13+00:00\",\"mainEntityOfPage\":{\"@id\":\"https:\\\/\\\/qtmm.org\\\/qt\\\/mustafa-cemilev-alraid-birlesmesinin-yani-reisi-bassil-mareyei-ile-korusti\\\/\"},\"wordCount\":783,\"commentCount\":0,\"publisher\":{\"@id\":\"https:\\\/\\\/qtmm.org\\\/qt\\\/#organization\"},\"image\":{\"@id\":\"https:\\\/\\\/qtmm.org\\\/qt\\\/mustafa-cemilev-alraid-birlesmesinin-yani-reisi-bassil-mareyei-ile-korusti\\\/#primaryimage\"},\"thumbnailUrl\":\"https:\\\/\\\/qtmm.org\\\/wp-content\\\/uploads\\\/2022\\\/01\\\/4f770b5559518.jpeg\",\"articleSection\":[\"Haberler\"],\"inLanguage\":\"qt\",\"potentialAction\":[{\"@type\":\"CommentAction\",\"name\":\"Comment\",\"target\":[\"https:\\\/\\\/qtmm.org\\\/qt\\\/mustafa-cemilev-alraid-birlesmesinin-yani-reisi-bassil-mareyei-ile-korusti\\\/#respond\"]}]},{\"@type\":\"WebPage\",\"@id\":\"https:\\\/\\\/qtmm.org\\\/qt\\\/mustafa-cemilev-alraid-birlesmesinin-yani-reisi-bassil-mareyei-ile-korusti\\\/\",\"url\":\"https:\\\/\\\/qtmm.org\\\/qt\\\/mustafa-cemilev-alraid-birlesmesinin-yani-reisi-bassil-mareyei-ile-korusti\\\/\",\"name\":\"Mustafa Cemilev \u00abAlraid\u00bb birle\u015fmesini\u00f1 ya\u00f1\u0131 reisi Bassil Mareyei ile k\u00f6r\u00fc\u015fti - \u041c\u0435\u0434\u0436\u043b\u0456\u0441\",\"isPartOf\":{\"@id\":\"https:\\\/\\\/qtmm.org\\\/qt\\\/#website\"},\"primaryImageOfPage\":{\"@id\":\"https:\\\/\\\/qtmm.org\\\/qt\\\/mustafa-cemilev-alraid-birlesmesinin-yani-reisi-bassil-mareyei-ile-korusti\\\/#primaryimage\"},\"image\":{\"@id\":\"https:\\\/\\\/qtmm.org\\\/qt\\\/mustafa-cemilev-alraid-birlesmesinin-yani-reisi-bassil-mareyei-ile-korusti\\\/#primaryimage\"},\"thumbnailUrl\":\"https:\\\/\\\/qtmm.org\\\/wp-content\\\/uploads\\\/2022\\\/01\\\/4f770b5559518.jpeg\",\"datePublished\":\"2012-03-27T14:34:00+00:00\",\"dateModified\":\"2022-01-21T14:36:13+00:00\",\"breadcrumb\":{\"@id\":\"https:\\\/\\\/qtmm.org\\\/qt\\\/mustafa-cemilev-alraid-birlesmesinin-yani-reisi-bassil-mareyei-ile-korusti\\\/#breadcrumb\"},\"inLanguage\":\"qt\",\"potentialAction\":[{\"@type\":\"ReadAction\",\"target\":[\"https:\\\/\\\/qtmm.org\\\/qt\\\/mustafa-cemilev-alraid-birlesmesinin-yani-reisi-bassil-mareyei-ile-korusti\\\/\"]}]},{\"@type\":\"ImageObject\",\"inLanguage\":\"qt\",\"@id\":\"https:\\\/\\\/qtmm.org\\\/qt\\\/mustafa-cemilev-alraid-birlesmesinin-yani-reisi-bassil-mareyei-ile-korusti\\\/#primaryimage\",\"url\":\"https:\\\/\\\/qtmm.org\\\/wp-content\\\/uploads\\\/2022\\\/01\\\/4f770b5559518.jpeg\",\"contentUrl\":\"https:\\\/\\\/qtmm.org\\\/wp-content\\\/uploads\\\/2022\\\/01\\\/4f770b5559518.jpeg\",\"width\":640,\"height\":480},{\"@type\":\"BreadcrumbList\",\"@id\":\"https:\\\/\\\/qtmm.org\\\/qt\\\/mustafa-cemilev-alraid-birlesmesinin-yani-reisi-bassil-mareyei-ile-korusti\\\/#breadcrumb\",\"itemListElement\":[{\"@type\":\"ListItem\",\"position\":1,\"name\":\"\u0413\u043e\u043b\u043e\u0432\u043d\u0430\",\"item\":\"https:\\\/\\\/qtmm.org\\\/qt\\\/\"},{\"@type\":\"ListItem\",\"position\":2,\"name\":\"Mustafa Cemilev \u00abAlraid\u00bb birle\u015fmesini\u00f1 ya\u00f1\u0131 reisi Bassil Mareyei ile k\u00f6r\u00fc\u015fti\"}]},{\"@type\":\"WebSite\",\"@id\":\"https:\\\/\\\/qtmm.org\\\/qt\\\/#website\",\"url\":\"https:\\\/\\\/qtmm.org\\\/qt\\\/\",\"name\":\"\u041c\u0435\u0434\u0436\u043b\u0456\u0441\",\"description\":\"\",\"publisher\":{\"@id\":\"https:\\\/\\\/qtmm.org\\\/qt\\\/#organization\"},\"potentialAction\":[{\"@type\":\"SearchAction\",\"target\":{\"@type\":\"EntryPoint\",\"urlTemplate\":\"https:\\\/\\\/qtmm.org\\\/qt\\\/?s={search_term_string}\"},\"query-input\":{\"@type\":\"PropertyValueSpecification\",\"valueRequired\":true,\"valueName\":\"search_term_string\"}}],\"inLanguage\":\"qt\"},{\"@type\":\"Organization\",\"@id\":\"https:\\\/\\\/qtmm.org\\\/qt\\\/#organization\",\"name\":\"\u041c\u0435\u0434\u0436\u043b\u0456\u0441\",\"url\":\"https:\\\/\\\/qtmm.org\\\/qt\\\/\",\"logo\":{\"@type\":\"ImageObject\",\"inLanguage\":\"qt\",\"@id\":\"https:\\\/\\\/qtmm.org\\\/qt\\\/#\\\/schema\\\/logo\\\/image\\\/\",\"url\":\"https:\\\/\\\/qtmm.org\\\/wp-content\\\/uploads\\\/2024\\\/12\\\/ua-mejlis-logo-rgb.svg\",\"contentUrl\":\"https:\\\/\\\/qtmm.org\\\/wp-content\\\/uploads\\\/2024\\\/12\\\/ua-mejlis-logo-rgb.svg\",\"caption\":\"\u041c\u0435\u0434\u0436\u043b\u0456\u0441\"},\"image\":{\"@id\":\"https:\\\/\\\/qtmm.org\\\/qt\\\/#\\\/schema\\\/logo\\\/image\\\/\"},\"sameAs\":[\"https:\\\/\\\/www.facebook.com\\\/qtmm.info\\\/\"]},{\"@type\":\"Person\",\"@id\":\"https:\\\/\\\/qtmm.org\\\/qt\\\/#\\\/schema\\\/person\\\/de562469f971dec226ac06e60bbf74a7\",\"name\":\"Developer\",\"image\":{\"@type\":\"ImageObject\",\"inLanguage\":\"qt\",\"@id\":\"https:\\\/\\\/secure.gravatar.com\\\/avatar\\\/392b4cc8fbfeb00b39dfeeab4ee6edded39ffd48e25858637e4765810300227e?s=96&d=mm&r=g\",\"url\":\"https:\\\/\\\/secure.gravatar.com\\\/avatar\\\/392b4cc8fbfeb00b39dfeeab4ee6edded39ffd48e25858637e4765810300227e?s=96&d=mm&r=g\",\"contentUrl\":\"https:\\\/\\\/secure.gravatar.com\\\/avatar\\\/392b4cc8fbfeb00b39dfeeab4ee6edded39ffd48e25858637e4765810300227e?s=96&d=mm&r=g\",\"caption\":\"Developer\"},\"url\":\"https:\\\/\\\/qtmm.org\\\/qt\\\/author\\\/Developer\\\/\"}]}<\/script>\n<!-- \/ Yoast SEO plugin. -->","yoast_head_json":{"title":"Mustafa Cemilev \u00abAlraid\u00bb birle\u015fmesini\u00f1 ya\u00f1\u0131 reisi Bassil Mareyei ile k\u00f6r\u00fc\u015fti - \u041c\u0435\u0434\u0436\u043b\u0456\u0441","robots":{"index":"index","follow":"follow","max-snippet":"max-snippet:-1","max-image-preview":"max-image-preview:large","max-video-preview":"max-video-preview:-1"},"canonical":"https:\/\/qtmm.org\/qt\/mustafa-cemilev-alraid-birlesmesinin-yani-reisi-bassil-mareyei-ile-korusti\/","og_locale":"en_US","og_type":"article","og_title":"Mustafa Cemilev \u00abAlraid\u00bb birle\u015fmesini\u00f1 ya\u00f1\u0131 reisi Bassil Mareyei ile k\u00f6r\u00fc\u015fti - \u041c\u0435\u0434\u0436\u043b\u0456\u0441","og_description":"2012 senesi mart 27 k\u00fcn\u00fc Q\u0131r\u0131mtatar halq\u0131 Meclisini\u00f1 reisi Mustafa Cemilev &#8220;Alraid&#8221; B\u00fct\u00fcnukrain cemaat te\u015fkil\u00e2tlar\u0131 birle\u015fmesini\u00f1 reisi Bassil Mareyei ile k\u00f6r\u00fc\u015fti. Musafirni\u00f1 yan\u0131nda \u0130sl\u00e2m inki\u015faf bank\u0131n\u0131\u00f1(Islamic development bank) vekili doktor \u0130smail Qad\u0131 ve &#8220;Alraid&#8221; B\u00fct\u00fcnukrain cemaat te\u015fkil\u00e2tlar\u0131 birle\u015fmesi Q\u0131r\u0131m b\u00f6l\u00fcgini\u00f1 ba\u015f\u0131 doktor Mohamad Taha bulund\u0131lar. K\u00f6r\u00fc\u015f\u00fcvde bun\u0131\u00f1 kibi de Meclis reisini\u00f1 muavini Remzi \u0130lyasov, Meclis [&hellip;]","og_url":"https:\/\/qtmm.org\/qt\/mustafa-cemilev-alraid-birlesmesinin-yani-reisi-bassil-mareyei-ile-korusti\/","og_site_name":"\u041c\u0435\u0434\u0436\u043b\u0456\u0441","article_publisher":"https:\/\/www.facebook.com\/qtmm.info\/","article_published_time":"2012-03-27T14:34:00+00:00","article_modified_time":"2022-01-21T14:36:13+00:00","og_image":[{"width":640,"height":480,"url":"https:\/\/qtmm.org\/wp-content\/uploads\/2022\/01\/4f770b5559518.jpeg","type":"image\/jpeg"}],"author":"Developer","twitter_card":"summary_large_image","twitter_misc":{"Written by":"Developer","Est. reading time":"4 minutes"},"schema":{"@context":"https:\/\/schema.org","@graph":[{"@type":"Article","@id":"https:\/\/qtmm.org\/qt\/mustafa-cemilev-alraid-birlesmesinin-yani-reisi-bassil-mareyei-ile-korusti\/#article","isPartOf":{"@id":"https:\/\/qtmm.org\/qt\/mustafa-cemilev-alraid-birlesmesinin-yani-reisi-bassil-mareyei-ile-korusti\/"},"author":{"name":"Developer","@id":"https:\/\/qtmm.org\/qt\/#\/schema\/person\/de562469f971dec226ac06e60bbf74a7"},"headline":"Mustafa Cemilev \u00abAlraid\u00bb birle\u015fmesini\u00f1 ya\u00f1\u0131 reisi Bassil Mareyei ile k\u00f6r\u00fc\u015fti","datePublished":"2012-03-27T14:34:00+00:00","dateModified":"2022-01-21T14:36:13+00:00","mainEntityOfPage":{"@id":"https:\/\/qtmm.org\/qt\/mustafa-cemilev-alraid-birlesmesinin-yani-reisi-bassil-mareyei-ile-korusti\/"},"wordCount":783,"commentCount":0,"publisher":{"@id":"https:\/\/qtmm.org\/qt\/#organization"},"image":{"@id":"https:\/\/qtmm.org\/qt\/mustafa-cemilev-alraid-birlesmesinin-yani-reisi-bassil-mareyei-ile-korusti\/#primaryimage"},"thumbnailUrl":"https:\/\/qtmm.org\/wp-content\/uploads\/2022\/01\/4f770b5559518.jpeg","articleSection":["Haberler"],"inLanguage":"qt","potentialAction":[{"@type":"CommentAction","name":"Comment","target":["https:\/\/qtmm.org\/qt\/mustafa-cemilev-alraid-birlesmesinin-yani-reisi-bassil-mareyei-ile-korusti\/#respond"]}]},{"@type":"WebPage","@id":"https:\/\/qtmm.org\/qt\/mustafa-cemilev-alraid-birlesmesinin-yani-reisi-bassil-mareyei-ile-korusti\/","url":"https:\/\/qtmm.org\/qt\/mustafa-cemilev-alraid-birlesmesinin-yani-reisi-bassil-mareyei-ile-korusti\/","name":"Mustafa Cemilev \u00abAlraid\u00bb birle\u015fmesini\u00f1 ya\u00f1\u0131 reisi Bassil Mareyei ile k\u00f6r\u00fc\u015fti - \u041c\u0435\u0434\u0436\u043b\u0456\u0441","isPartOf":{"@id":"https:\/\/qtmm.org\/qt\/#website"},"primaryImageOfPage":{"@id":"https:\/\/qtmm.org\/qt\/mustafa-cemilev-alraid-birlesmesinin-yani-reisi-bassil-mareyei-ile-korusti\/#primaryimage"},"image":{"@id":"https:\/\/qtmm.org\/qt\/mustafa-cemilev-alraid-birlesmesinin-yani-reisi-bassil-mareyei-ile-korusti\/#primaryimage"},"thumbnailUrl":"https:\/\/qtmm.org\/wp-content\/uploads\/2022\/01\/4f770b5559518.jpeg","datePublished":"2012-03-27T14:34:00+00:00","dateModified":"2022-01-21T14:36:13+00:00","breadcrumb":{"@id":"https:\/\/qtmm.org\/qt\/mustafa-cemilev-alraid-birlesmesinin-yani-reisi-bassil-mareyei-ile-korusti\/#breadcrumb"},"inLanguage":"qt","potentialAction":[{"@type":"ReadAction","target":["https:\/\/qtmm.org\/qt\/mustafa-cemilev-alraid-birlesmesinin-yani-reisi-bassil-mareyei-ile-korusti\/"]}]},{"@type":"ImageObject","inLanguage":"qt","@id":"https:\/\/qtmm.org\/qt\/mustafa-cemilev-alraid-birlesmesinin-yani-reisi-bassil-mareyei-ile-korusti\/#primaryimage","url":"https:\/\/qtmm.org\/wp-content\/uploads\/2022\/01\/4f770b5559518.jpeg","contentUrl":"https:\/\/qtmm.org\/wp-content\/uploads\/2022\/01\/4f770b5559518.jpeg","width":640,"height":480},{"@type":"BreadcrumbList","@id":"https:\/\/qtmm.org\/qt\/mustafa-cemilev-alraid-birlesmesinin-yani-reisi-bassil-mareyei-ile-korusti\/#breadcrumb","itemListElement":[{"@type":"ListItem","position":1,"name":"\u0413\u043e\u043b\u043e\u0432\u043d\u0430","item":"https:\/\/qtmm.org\/qt\/"},{"@type":"ListItem","position":2,"name":"Mustafa Cemilev \u00abAlraid\u00bb birle\u015fmesini\u00f1 ya\u00f1\u0131 reisi Bassil Mareyei ile k\u00f6r\u00fc\u015fti"}]},{"@type":"WebSite","@id":"https:\/\/qtmm.org\/qt\/#website","url":"https:\/\/qtmm.org\/qt\/","name":"\u041c\u0435\u0434\u0436\u043b\u0456\u0441","description":"","publisher":{"@id":"https:\/\/qtmm.org\/qt\/#organization"},"potentialAction":[{"@type":"SearchAction","target":{"@type":"EntryPoint","urlTemplate":"https:\/\/qtmm.org\/qt\/?s={search_term_string}"},"query-input":{"@type":"PropertyValueSpecification","valueRequired":true,"valueName":"search_term_string"}}],"inLanguage":"qt"},{"@type":"Organization","@id":"https:\/\/qtmm.org\/qt\/#organization","name":"\u041c\u0435\u0434\u0436\u043b\u0456\u0441","url":"https:\/\/qtmm.org\/qt\/","logo":{"@type":"ImageObject","inLanguage":"qt","@id":"https:\/\/qtmm.org\/qt\/#\/schema\/logo\/image\/","url":"https:\/\/qtmm.org\/wp-content\/uploads\/2024\/12\/ua-mejlis-logo-rgb.svg","contentUrl":"https:\/\/qtmm.org\/wp-content\/uploads\/2024\/12\/ua-mejlis-logo-rgb.svg","caption":"\u041c\u0435\u0434\u0436\u043b\u0456\u0441"},"image":{"@id":"https:\/\/qtmm.org\/qt\/#\/schema\/logo\/image\/"},"sameAs":["https:\/\/www.facebook.com\/qtmm.info\/"]},{"@type":"Person","@id":"https:\/\/qtmm.org\/qt\/#\/schema\/person\/de562469f971dec226ac06e60bbf74a7","name":"Developer","image":{"@type":"ImageObject","inLanguage":"qt","@id":"https:\/\/secure.gravatar.com\/avatar\/392b4cc8fbfeb00b39dfeeab4ee6edded39ffd48e25858637e4765810300227e?s=96&d=mm&r=g","url":"https:\/\/secure.gravatar.com\/avatar\/392b4cc8fbfeb00b39dfeeab4ee6edded39ffd48e25858637e4765810300227e?s=96&d=mm&r=g","contentUrl":"https:\/\/secure.gravatar.com\/avatar\/392b4cc8fbfeb00b39dfeeab4ee6edded39ffd48e25858637e4765810300227e?s=96&d=mm&r=g","caption":"Developer"},"url":"https:\/\/qtmm.org\/qt\/author\/Developer\/"}]}},"_links":{"self":[{"href":"https:\/\/qtmm.org\/qt\/wp-json\/wp\/v2\/posts\/29627","targetHints":{"allow":["GET"]}}],"collection":[{"href":"https:\/\/qtmm.org\/qt\/wp-json\/wp\/v2\/posts"}],"about":[{"href":"https:\/\/qtmm.org\/qt\/wp-json\/wp\/v2\/types\/post"}],"author":[{"embeddable":true,"href":"https:\/\/qtmm.org\/qt\/wp-json\/wp\/v2\/users\/1"}],"replies":[{"embeddable":true,"href":"https:\/\/qtmm.org\/qt\/wp-json\/wp\/v2\/comments?post=29627"}],"version-history":[{"count":1,"href":"https:\/\/qtmm.org\/qt\/wp-json\/wp\/v2\/posts\/29627\/revisions"}],"predecessor-version":[{"id":29660,"href":"https:\/\/qtmm.org\/qt\/wp-json\/wp\/v2\/posts\/29627\/revisions\/29660"}],"wp:featuredmedia":[{"embeddable":true,"href":"https:\/\/qtmm.org\/qt\/wp-json\/wp\/v2\/media\/29656"}],"wp:attachment":[{"href":"https:\/\/qtmm.org\/qt\/wp-json\/wp\/v2\/media?parent=29627"}],"wp:term":[{"taxonomy":"category","embeddable":true,"href":"https:\/\/qtmm.org\/qt\/wp-json\/wp\/v2\/categories?post=29627"},{"taxonomy":"post_tag","embeddable":true,"href":"https:\/\/qtmm.org\/qt\/wp-json\/wp\/v2\/tags?post=29627"}],"curies":[{"name":"wp","href":"https:\/\/api.w.org\/{rel}","templated":true}]}}